{"id":9889,"date":"2018-01-25T20:18:16","date_gmt":"2018-01-25T20:18:16","guid":{"rendered":"http:\/\/blog.glutenmenteschef.hu\/?p=9889"},"modified":"2025-05-11T18:10:30","modified_gmt":"2025-05-11T18:10:30","slug":"kepviselofank-barna-rizsliszttel-gluten-tej-es-cukormentes-tesztaval","status":"publish","type":"post","link":"http:\/\/blog.glutenmenteschef.hu\/index.php\/2018\/01\/25\/kepviselofank-barna-rizsliszttel-gluten-tej-es-cukormentes-tesztaval\/","title":{"rendered":"K\u00c9PVISEL\u0150F\u00c1NK BARNA RIZSLISZTTEL, GLUT\u00c9N-, TEJ- \u00c9S CUKORMENTES T\u00c9SZT\u00c1VAL"},"content":{"rendered":"\n<h3 class=\"wp-block-heading has-text-align-center\">K\u00e9pvisel\u0151f\u00e1nk barna rizsliszttel, glut\u00e9n-, tej \u00e9s cukormentes t\u00e9szt\u00e1val<\/h3>\n\n\n\n<p class=\"has-text-align-center\">A recept feh\u00e9r -, barna -, \u00e9s teljes ki\u0151rl\u00e9s\u0171 barna rizsliszttel is m\u0171k\u00f6dik! <strong> <\/strong><br><br><\/p>\n\n\n\n<p class=\"has-text-align-center\"><strong>!! Ha t\u00f6bbet szeretn\u00e9nk k\u00e9sz\u00edteni, mint az itt megadott mennyis\u00e9g, akkor k\u00e9tszer egym\u00e1s ut\u00e1n k\u00e9sz\u00edts\u00fck el a t\u00e9szt\u00e1t \u00e9s \u00fagy s\u00fcss\u00fck meg !!<\/strong><br><br><br><\/p>\n\n\n<div class=\"wp-block-image is-resized\">\n<figure class=\"aligncenter size-full\"><img loading=\"lazy\" decoding=\"async\" width=\"1024\" height=\"768\" src=\"https:\/\/blog.glutenmenteschef.hu\/wp-content\/uploads\/2018\/01\/Kepviselofank-1.jpg\" alt=\"\" class=\"wp-image-29141\" style=\"width:550px\" srcset=\"http:\/\/blog.glutenmenteschef.hu\/wp-content\/uploads\/2018\/01\/Kepviselofank-1.jpg 1024w, http:\/\/blog.glutenmenteschef.hu\/wp-content\/uploads\/2018\/01\/Kepviselofank-1-300x225.jpg 300w, http:\/\/blog.glutenmenteschef.hu\/wp-content\/uploads\/2018\/01\/Kepviselofank-1-768x576.jpg 768w\" sizes=\"auto, (max-width: 1024px) 100vw, 1024px\" \/><figcaption class=\"wp-element-caption\"><br><br><br><\/figcaption><\/figure>\n<\/div>\n\n<div class=\"wp-block-image is-resized\">\n<figure class=\"aligncenter size-full\"><img loading=\"lazy\" decoding=\"async\" width=\"1024\" height=\"768\" src=\"https:\/\/blog.glutenmenteschef.hu\/wp-content\/uploads\/2022\/07\/Kepviselofank-12.jpg\" alt=\"\" class=\"wp-image-29952\" style=\"width:550px\" srcset=\"http:\/\/blog.glutenmenteschef.hu\/wp-content\/uploads\/2022\/07\/Kepviselofank-12.jpg 1024w, http:\/\/blog.glutenmenteschef.hu\/wp-content\/uploads\/2022\/07\/Kepviselofank-12-300x225.jpg 300w, http:\/\/blog.glutenmenteschef.hu\/wp-content\/uploads\/2022\/07\/Kepviselofank-12-768x576.jpg 768w\" sizes=\"auto, (max-width: 1024px) 100vw, 1024px\" \/><\/figure>\n<\/div>\n\n\n<h5 class=\"wp-block-heading has-text-align-center\"><br><br><br><strong>Hozz\u00e1val\u00f3k: <\/strong><\/h5>\n\n\n\n<p class=\"has-text-align-center\">250 g v\u00edz<br> 100 g zs\u00edr<br> 1 csipet s\u00f3<br>  <br>4 db L-es toj\u00e1s ( 60-65 g \/ db )<br> (ha kisebb toj\u00e1sokat haszn\u00e1lunk, tess\u00e9k megm\u00e9rni \u00e9s addig n\u00f6velni a sz\u00e1mukat, am\u00edg el\u00e9ri az \u00f6sszs\u00falyuk a 240-260 g-ot)<br><br>150 g ( teljes ki\u0151rl\u00e9s\u0171 ) barna rizsliszt<br>(  Ak\u00e1r barna, ak\u00e1r feh\u00e9r a rizsliszt, fontos, hogy egyenletesen finom szemcs\u00e9j\u0171 legyen. Ha a tapint\u00e1sa durva szem\u0171 homokra eml\u00e9keztet, akkor az a liszt nem alkalmas a f\u00e1nk t\u00e9szt\u00e1j\u00e1hoz )<br><br><\/p>\n\n\n\n<p><strong>Miel\u0151tt nekikezden\u00e9nk a t\u00e9szta elk\u00e9sz\u00edt\u00e9s\u00e9nek, \u00e9rdemes leg\u00f6rgetni a S\u00c9F TIPP ponthoz \u00e9s azt figyelmesen elolvasni, mert abban \u00f6sszegy\u0171jt\u00f6ttem a leggyakoribb hib\u00e1kat.<\/strong><br><\/p>\n\n\n\n<h5 class=\"wp-block-heading has-text-align-center\"><strong>A bejegyz\u00e9s alj\u00e1ra g\u00f6rgetve meg lehet n\u00e9zni egy r\u00f6vid vide\u00f3t a k\u00e9pvisel\u0151f\u00e1nk elk\u00e9sz\u00edt\u00e9s\u00e9r\u0151l!<\/strong><br><br><br><br><\/h5>\n\n\n\n<h5 class=\"wp-block-heading has-text-align-center\"><strong>K\u00e9sz\u00edts\u00fck el a t\u00e9szt\u00e1t:<\/strong><br><\/h5>\n\n\n\n<p class=\"has-text-align-center\"><br>A vizet \u00e9s a zs\u00edrt felforraltam takar\u00e9k l\u00e1ngon,<br><\/p>\n\n\n<div class=\"wp-block-image\">\n<figure class=\"aligncenter\"><img loading=\"lazy\" decoding=\"async\" width=\"300\" height=\"225\" src=\"http:\/\/blog.glutenmenteschef.hu\/wp-content\/uploads\/2018\/01\/kepviselofankbarnarl1-300x225.jpg\" alt=\"\" class=\"wp-image-9893\" srcset=\"http:\/\/blog.glutenmenteschef.hu\/wp-content\/uploads\/2018\/01\/kepviselofankbarnarl1-300x225.jpg 300w, http:\/\/blog.glutenmenteschef.hu\/wp-content\/uploads\/2018\/01\/kepviselofankbarnarl1-768x576.jpg 768w\" sizes=\"auto, (max-width: 300px) 100vw, 300px\" \/><\/figure>\n<\/div>\n\n\n<p class=\"has-text-align-center\"><br>majd bele\u00f6nt\u00f6ttem a lisztet \u00e9s addig kevergettem, am\u00edg a massza el nem v\u00e1lik a l\u00e1bas fal\u00e1t\u00f3l, kb. 30 m\u00e1sodperc.<br><\/p>\n\n\n<div class=\"wp-block-image\">\n<figure class=\"aligncenter\"><img loading=\"lazy\" decoding=\"async\" width=\"300\" height=\"225\" src=\"http:\/\/blog.glutenmenteschef.hu\/wp-content\/uploads\/2018\/01\/kepviselofankbarnarl3-300x225.jpg\" alt=\"\" class=\"wp-image-9894\" srcset=\"http:\/\/blog.glutenmenteschef.hu\/wp-content\/uploads\/2018\/01\/kepviselofankbarnarl3-300x225.jpg 300w, http:\/\/blog.glutenmenteschef.hu\/wp-content\/uploads\/2018\/01\/kepviselofankbarnarl3-768x576.jpg 768w\" sizes=\"auto, (max-width: 300px) 100vw, 300px\" \/><\/figure>\n<\/div>\n\n<div class=\"wp-block-image\">\n<figure class=\"aligncenter\"><img loading=\"lazy\" decoding=\"async\" width=\"300\" height=\"225\" src=\"http:\/\/blog.glutenmenteschef.hu\/wp-content\/uploads\/2018\/01\/kepviselofankbarnarl4-300x225.jpg\" alt=\"\" class=\"wp-image-9895\" srcset=\"http:\/\/blog.glutenmenteschef.hu\/wp-content\/uploads\/2018\/01\/kepviselofankbarnarl4-300x225.jpg 300w, http:\/\/blog.glutenmenteschef.hu\/wp-content\/uploads\/2018\/01\/kepviselofankbarnarl4-768x576.jpg 768w\" sizes=\"auto, (max-width: 300px) 100vw, 300px\" \/><\/figure>\n<\/div>\n\n\n<p class=\"has-text-align-center\"><br>A t\u0171zr\u0151l lev\u00e9ve 1 percig pihentetj\u00fck, majd egyes\u00e9vel bele\u00fctj\u00fck a <strong>h\u0171t\u0151b\u0151l kivett hideg toj\u00e1sokat.<\/strong>  Az \u00f6sszs\u00falyuk \u00e9rje el a 240-260 g-ot !<br><br><\/p>\n\n\n<div class=\"wp-block-image\">\n<figure class=\"aligncenter\"><img loading=\"lazy\" decoding=\"async\" width=\"225\" height=\"300\" src=\"http:\/\/blog.glutenmenteschef.hu\/wp-content\/uploads\/2018\/01\/kepviselofankbarnarl2-225x300.jpg\" alt=\"\" class=\"wp-image-9934\" srcset=\"http:\/\/blog.glutenmenteschef.hu\/wp-content\/uploads\/2018\/01\/kepviselofankbarnarl2-225x300.jpg 225w, http:\/\/blog.glutenmenteschef.hu\/wp-content\/uploads\/2018\/01\/kepviselofankbarnarl2-768x1024.jpg 768w\" sizes=\"auto, (max-width: 225px) 100vw, 225px\" \/><\/figure>\n<\/div>\n\n<div class=\"wp-block-image\">\n<figure class=\"aligncenter\"><img loading=\"lazy\" decoding=\"async\" width=\"300\" height=\"225\" src=\"http:\/\/blog.glutenmenteschef.hu\/wp-content\/uploads\/2018\/01\/kepviselofankbarnarl5-300x225.jpg\" alt=\"\" class=\"wp-image-9896\" srcset=\"http:\/\/blog.glutenmenteschef.hu\/wp-content\/uploads\/2018\/01\/kepviselofankbarnarl5-300x225.jpg 300w, http:\/\/blog.glutenmenteschef.hu\/wp-content\/uploads\/2018\/01\/kepviselofankbarnarl5-768x576.jpg 768w\" sizes=\"auto, (max-width: 300px) 100vw, 300px\" \/><\/figure>\n<\/div>\n\n\n<p class=\"has-text-align-center\"><br><br>Minden toj\u00e1ssal alaposan elkeverj\u00fck \u00e9s csak ut\u00e1na \u00fctj\u00fck bele a k\u00f6vetkez\u0151t.<br><br><\/p>\n\n\n<div class=\"wp-block-image\">\n<figure class=\"aligncenter\"><img loading=\"lazy\" decoding=\"async\" width=\"300\" height=\"225\" src=\"http:\/\/blog.glutenmenteschef.hu\/wp-content\/uploads\/2018\/01\/kepviselofankbarnarl6-300x225.jpg\" alt=\"\" class=\"wp-image-9897\" srcset=\"http:\/\/blog.glutenmenteschef.hu\/wp-content\/uploads\/2018\/01\/kepviselofankbarnarl6-300x225.jpg 300w, http:\/\/blog.glutenmenteschef.hu\/wp-content\/uploads\/2018\/01\/kepviselofankbarnarl6-768x576.jpg 768w\" sizes=\"auto, (max-width: 300px) 100vw, 300px\" \/><\/figure>\n<\/div>\n\n\n<p class=\"has-text-align-center\"><br><br>Habzs\u00e1kba t\u00f6ltj\u00fck \u00e9s s\u00fct\u0151pap\u00edrral b\u00e9lelt tepsire 30 g-os ( kb. ping-pong labda m\u00e9ret\u0171 ) halmokat vagy 8 cm hossz\u00fa cs\u00edkokat nyomunk, \u00fagy, hogy k\u00f6zt\u00fck el\u00e9g helyet hagyunk, mivel s\u00fct\u00e9s k\u00f6zben 2-3-szoros\u00e1ra is megn\u0151.<br><br><\/p>\n\n\n\n<figure class=\"wp-block-gallery has-nested-images columns-default is-cropped wp-block-gallery-1 is-layout-flex wp-block-gallery-is-layout-flex\">\n<figure class=\"wp-block-image size-large\"><img loading=\"lazy\" decoding=\"async\" width=\"300\" height=\"262\" data-id=\"9898\" src=\"http:\/\/blog.glutenmenteschef.hu\/wp-content\/uploads\/2018\/01\/kepviselofankbarnarl7-300x262.jpg\" alt=\"\" class=\"wp-image-9898\" srcset=\"http:\/\/blog.glutenmenteschef.hu\/wp-content\/uploads\/2018\/01\/kepviselofankbarnarl7-300x262.jpg 300w, http:\/\/blog.glutenmenteschef.hu\/wp-content\/uploads\/2018\/01\/kepviselofankbarnarl7-768x671.jpg 768w\" sizes=\"auto, (max-width: 300px) 100vw, 300px\" \/><\/figure>\n\n\n\n<figure class=\"wp-block-image size-large\"><img loading=\"lazy\" decoding=\"async\" width=\"1024\" height=\"768\" data-id=\"29953\" src=\"https:\/\/blog.glutenmenteschef.hu\/wp-content\/uploads\/2022\/07\/Kepviselofank-8.jpg\" alt=\"\" class=\"wp-image-29953\" srcset=\"http:\/\/blog.glutenmenteschef.hu\/wp-content\/uploads\/2022\/07\/Kepviselofank-8.jpg 1024w, http:\/\/blog.glutenmenteschef.hu\/wp-content\/uploads\/2022\/07\/Kepviselofank-8-300x225.jpg 300w, http:\/\/blog.glutenmenteschef.hu\/wp-content\/uploads\/2022\/07\/Kepviselofank-8-768x576.jpg 768w\" sizes=\"auto, (max-width: 1024px) 100vw, 1024px\" \/><\/figure>\n<\/figure>\n\n\n\n<p class=\"has-text-align-center\"><br><br>180 fokra el\u0151meleg\u00edtett s\u00fct\u0151ben als\u00f3-fels\u0151 s\u00fct\u00e9si fokozaton 40-50 percig s\u00fctj\u00fck. Ez mindig s\u00fct\u0151f\u00fcgg\u0151!<br><br><\/p>\n\n\n<div class=\"wp-block-image\">\n<figure class=\"aligncenter\"><img loading=\"lazy\" decoding=\"async\" width=\"300\" height=\"225\" src=\"http:\/\/blog.glutenmenteschef.hu\/wp-content\/uploads\/2018\/01\/kepviselofankbarnarl8-300x225.jpg\" alt=\"\" class=\"wp-image-9899\" srcset=\"http:\/\/blog.glutenmenteschef.hu\/wp-content\/uploads\/2018\/01\/kepviselofankbarnarl8-300x225.jpg 300w, http:\/\/blog.glutenmenteschef.hu\/wp-content\/uploads\/2018\/01\/kepviselofankbarnarl8-768x576.jpg 768w\" sizes=\"auto, (max-width: 300px) 100vw, 300px\" \/><\/figure>\n<\/div>\n\n\n<p class=\"has-text-align-center\"><br><br>S\u00fct\u00e9s k\u00f6zben a s\u00fct\u0151 ajtaj\u00e1t TILOS kinyitni, mivel ez a f\u00e1nkt\u00e9szta \u00f6sszees\u00e9s\u00e9t eredm\u00e9nyezi. A megs\u00fclt f\u00e1nkokat kivessz\u00fck a s\u00fct\u0151b\u0151l \u00e9s szoba h\u0151m\u00e9rs\u00e9klet\u0171re h\u0171tj\u00fck.<br><br><\/p>\n\n\n<div class=\"wp-block-image\">\n<figure class=\"aligncenter\"><img loading=\"lazy\" decoding=\"async\" width=\"300\" height=\"225\" src=\"http:\/\/blog.glutenmenteschef.hu\/wp-content\/uploads\/2018\/01\/kepviselofankbarnarl9-300x225.jpg\" alt=\"\" class=\"wp-image-9900\" srcset=\"http:\/\/blog.glutenmenteschef.hu\/wp-content\/uploads\/2018\/01\/kepviselofankbarnarl9-300x225.jpg 300w, http:\/\/blog.glutenmenteschef.hu\/wp-content\/uploads\/2018\/01\/kepviselofankbarnarl9-768x576.jpg 768w\" sizes=\"auto, (max-width: 300px) 100vw, 300px\" \/><\/figure>\n<\/div>\n\n\n<p class=\"has-text-align-center\"><br><br>Lev\u00e1gjuk a tetej\u00e9t \u00e9s ha j\u00f3l dolgoztunk a belsej\u00e9ben &#8222;hatalmas&#8221; lyuk t\u00e1tong.<br><br><\/p>\n\n\n<div class=\"wp-block-image\">\n<figure class=\"aligncenter size-medium\"><img loading=\"lazy\" decoding=\"async\" width=\"300\" height=\"225\" src=\"https:\/\/blog.glutenmenteschef.hu\/wp-content\/uploads\/2018\/01\/kepviselofankbarnarl11-300x225.jpg\" alt=\"\" class=\"wp-image-9902\" srcset=\"http:\/\/blog.glutenmenteschef.hu\/wp-content\/uploads\/2018\/01\/kepviselofankbarnarl11-300x225.jpg 300w, http:\/\/blog.glutenmenteschef.hu\/wp-content\/uploads\/2018\/01\/kepviselofankbarnarl11-768x576.jpg 768w\" sizes=\"auto, (max-width: 300px) 100vw, 300px\" \/><figcaption class=\"wp-element-caption\"><br><br><\/figcaption><\/figure>\n<\/div>\n\n<div class=\"wp-block-image\">\n<figure class=\"aligncenter size-medium\"><img loading=\"lazy\" decoding=\"async\" width=\"225\" height=\"300\" src=\"https:\/\/blog.glutenmenteschef.hu\/wp-content\/uploads\/2022\/07\/Kepviselofank-15-225x300.jpg\" alt=\"\" class=\"wp-image-29954\" srcset=\"http:\/\/blog.glutenmenteschef.hu\/wp-content\/uploads\/2022\/07\/Kepviselofank-15-225x300.jpg 225w, http:\/\/blog.glutenmenteschef.hu\/wp-content\/uploads\/2022\/07\/Kepviselofank-15-768x1024.jpg 768w, http:\/\/blog.glutenmenteschef.hu\/wp-content\/uploads\/2022\/07\/Kepviselofank-15.jpg 1024w\" sizes=\"auto, (max-width: 225px) 100vw, 225px\" \/><\/figure>\n<\/div>\n\n\n<p class=\"has-text-align-center\"><br><br>Ide t\u00f6ltj\u00fck bele a kr\u00e9met, majd Cocomas felverhet\u0151 k\u00f3kusztejsz\u00ednb\u0151l k\u00e9sz\u00edtett habbal felspriccelj\u00fck.<br><br><\/p>\n\n\n<div class=\"wp-block-image is-resized\">\n<figure class=\"aligncenter size-large\"><img loading=\"lazy\" decoding=\"async\" width=\"1024\" height=\"1366\" src=\"https:\/\/blog.glutenmenteschef.hu\/wp-content\/uploads\/2018\/01\/kepviselofankbarnarl16-e1516911383622.jpg\" alt=\"\" class=\"wp-image-9892\" style=\"width:550px\"\/><figcaption class=\"wp-element-caption\"><br><br><\/figcaption><\/figure>\n<\/div>\n\n<div class=\"wp-block-image is-resized\">\n<figure class=\"aligncenter size-full\"><img loading=\"lazy\" decoding=\"async\" width=\"1024\" height=\"1365\" src=\"https:\/\/blog.glutenmenteschef.hu\/wp-content\/uploads\/2022\/07\/Kepviselofank-10.jpg\" alt=\"\" class=\"wp-image-29955\" style=\"width:550px\" srcset=\"http:\/\/blog.glutenmenteschef.hu\/wp-content\/uploads\/2022\/07\/Kepviselofank-10.jpg 1024w, http:\/\/blog.glutenmenteschef.hu\/wp-content\/uploads\/2022\/07\/Kepviselofank-10-225x300.jpg 225w, http:\/\/blog.glutenmenteschef.hu\/wp-content\/uploads\/2022\/07\/Kepviselofank-10-768x1024.jpg 768w\" sizes=\"auto, (max-width: 1024px) 100vw, 1024px\" \/><figcaption class=\"wp-element-caption\"><br><br><br><\/figcaption><\/figure>\n<\/div>\n\n\n<p><strong>S\u00c9F TIPP:<br> <\/strong><span dir=\"ltr\"><span class=\"_3l3x _1n4g\">Ez az egyik legnehezebb-legtechnik\u00e1sabb t\u00e9sztaf\u00e9le, aminek a k\u00e9sz\u00edt\u00e9se folyam\u00e1n t\u00f6bb hibalehet\u0151s\u00e9g is van. Ha mindent pontosan kim\u00e9rt\u00fcnk, akkor a n\u00e9gy leggyakoribb:<br> 1. Nem f\u0151zt\u00fck meg a rizslisztet el\u00e9gg\u00e9. Elv\u00e1lt az ed\u00e9ny fal\u00e1t\u00f3l, mint ahogy a f\u00e1zis fot\u00f3n l\u00e1that\u00f3?!<br> 2. Val\u00f3ban csak 1 perc a pihentet\u00e9s \u00e9s nem t\u00f6bb!!!!, mert k\u00fcl\u00f6nben t\u00falh\u0171l a massza \u00e9s a toj\u00e1sok nem tudj\u00e1k &#8222;\u00f6sszefogni&#8221;.<br> 3. A toj\u00e1sokat egyes\u00e9vel adtuk hozz\u00e1 \u00e9s csak miut\u00e1n teljesen elkevert\u00fck \u00fct\u00f6tt\u00fck bele a k\u00f6vetkez\u0151t? Mindezt azonban viszonylag gyorsan kell csin\u00e1lni, mert a 4 toj\u00e1snak a m\u00e9g forr\u00f3 massz\u00e1ba kb. 2 percen bel\u00fcl benne kell lenni.<br> 4. Ha hideg s\u00fct\u0151be tessz\u00fck be a t\u00e9szt\u00e1t, teh\u00e1t nincs el\u0151meleg\u00edtve ( 170-180 fok ) akkor is elfolyhat, mert nem fog &#8222;h\u0151sokkot&#8221; kapni..<br> Ezek azok, amik esetleg a vide\u00f3n nem l\u00e1tszanak. A blogon szerepl\u0151 Churros vide\u00f3j\u00e1t aj\u00e1nlom mindenkinek megn\u00e9zni miel\u0151tt hozz\u00e1fog a k\u00e9pvisel\u0151f\u00e1nk t\u00e9szt\u00e1j\u00e1hoz, mert annak m\u00e1s ar\u00e1nyokkal k\u00e9sz\u00fcl a t\u00e9szt\u00e1ja, de a technika ugyan ez.<br> <\/span><\/span><\/p>\n\n\n\n<h3 class=\"wp-block-heading has-text-align-center\"><br><br>Tejmentes s\u00e1rga kr\u00e9m<br><br><br><\/h3>\n\n\n\n<h5 class=\"wp-block-heading has-text-align-center\"><strong>Hozz\u00e1val\u00f3k:<\/strong><\/h5>\n\n\n\n<p class=\"has-text-align-center\">500 ml Coconut k\u00f3kusztej<br>\n4 db L-es m\u00e9ret\u0171 toj\u00e1s<br>\n50 g rizsliszt<br>\n30 g kem\u00e9ny\u00edt\u0151<br>\n120 g krist\u00e1lycukor<br>\n10 g van\u00edli\u00e1s cukor<\/p>\n\n\n\n<h3 class=\"wp-block-heading has-text-align-center\"><br><br>Hab<\/h3>\n\n\n\n<p class=\"has-text-align-center\">200 ml Cocomas k\u00f3kusztejsz\u00edn<br><br><\/p>\n\n\n<div class=\"wp-block-image\">\n<figure class=\"aligncenter\"><img loading=\"lazy\" decoding=\"async\" width=\"300\" height=\"225\" src=\"http:\/\/blog.glutenmenteschef.hu\/wp-content\/uploads\/2018\/01\/kepviselofankbarnarl12-300x225.jpg\" alt=\"\" class=\"wp-image-9905\" srcset=\"http:\/\/blog.glutenmenteschef.hu\/wp-content\/uploads\/2018\/01\/kepviselofankbarnarl12-300x225.jpg 300w, http:\/\/blog.glutenmenteschef.hu\/wp-content\/uploads\/2018\/01\/kepviselofankbarnarl12-768x576.jpg 768w\" sizes=\"auto, (max-width: 300px) 100vw, 300px\" \/><\/figure>\n<\/div>\n\n\n<p><br><br>A toj\u00e1sokat kett\u00e9v\u00e1lasztjuk. A s\u00e1rg\u00e1j\u00e1t csom\u00f3mentesre keverj\u00fck a van\u00edli\u00e1s cukorral \u00e9s a kem\u00e9ny\u00edt\u0151vel. Folyamatos keverget\u00e9s mellett felv\u00e1ltva \u00f6ntj\u00fck hozz\u00e1 a k\u00f3kusztejet \u00e9s a rizslisztet. Alacsony l\u00e1ngon addig meleg\u00edtj\u00fck folyamatosan keverve, m\u00edg pudingoss\u00e1 s\u0171r\u0171s\u00f6dik. K\u00f6zben a toj\u00e1sfeh\u00e9rj\u00e9ket a cukorral v\u00edzg\u0151z felett 80 fokig meleg\u00edtj\u00fck, majd habver\u0151 seg\u00edts\u00e9g\u00e9vel k\u00f6zepesen kem\u00e9ny habb\u00e1 verj\u00fck \u00e9s beleforgatjuk a m\u00e9g meleg kr\u00e9mbe. Szoba h\u0151m\u00e9rs\u00e9klet\u0171re h\u0171tj\u00fck \u00e9s habzs\u00e1kb\u00f3l csillagcs\u0151 seg\u00edts\u00e9g\u00e9vel a f\u00e1nkokba t\u00f6ltj\u00fck.<\/p>\n\n\n\n<p>A Cocomas k\u00f3kusztejsz\u00ednt 20 g cukorral habb\u00e1 verj\u00fck vagy habszifonba t\u00e9ve 1 patronnal felf\u00fajjuk, majd a s\u00e1rga kr\u00e9mmel megt\u00f6lt\u00f6tt f\u00e1nk tetej\u00e9re halmozzuk \u00e9s a kis kalapot felhelyezz\u00fck r\u00e1.<br><br><br><\/p>\n\n\n\n<figure class=\"wp-block-embed is-type-video is-provider-youtube wp-block-embed-youtube wp-embed-aspect-16-9 wp-has-aspect-ratio\"><div class=\"wp-block-embed__wrapper\">\n<iframe loading=\"lazy\" title=\"K\u00e9pvisel\u0151f\u00e1nk glut\u00e9nmentesen rizslisztb\u0151l\" width=\"900\" height=\"506\" src=\"https:\/\/www.youtube.com\/embed\/kHJaYTM1r4A?feature=oembed\" frameborder=\"0\" allow=\"accelerometer; autoplay; clipboard-write; encrypted-media; gyroscope; picture-in-picture; web-share\" referrerpolicy=\"strict-origin-when-cross-origin\" allowfullscreen><\/iframe>\n<\/div><\/figure>\n","protected":false},"excerpt":{"rendered":"<p>K\u00e9pvisel\u0151f\u00e1nk barna rizsliszttel, glut\u00e9n-, tej \u00e9s cukormentes t\u00e9szt\u00e1val A recept feh\u00e9r -, barna -, \u00e9s teljes ki\u0151rl\u00e9s\u0171 barna rizsliszttel is m\u0171k\u00f6dik! !! Ha t\u00f6bbet szeretn\u00e9nk k\u00e9sz\u00edteni, mint az itt megadott mennyis\u00e9g, akkor k\u00e9tszer egym\u00e1s ut\u00e1n k\u00e9sz\u00edts\u00fck el a t\u00e9szt\u00e1t \u00e9s \u00fagy s\u00fcss\u00fck meg !! Hozz\u00e1val\u00f3k: 250 g v\u00edz 100 g zs\u00edr 1 csipet s\u00f3 4 <br \/><a class=\"more\" href=\"http:\/\/blog.glutenmenteschef.hu\/index.php\/2018\/01\/25\/kepviselofank-barna-rizsliszttel-gluten-tej-es-cukormentes-tesztaval\/\">Read more&#8230; <\/a><\/p>\n","protected":false},"author":1,"featured_media":29847,"comment_status":"open","ping_status":"open","sticky":false,"template":"","format":"standard","meta":{"footnotes":""},"categories":[27,317,335],"tags":[328,329,5,108,110,325,327,326],"class_list":["post-9889","post","type-post","status-publish","format-standard","has-post-thumbnail","hentry","category-desszert","category-fank","category-rizslisztbol-keszitettem","tag-cocomas","tag-cukormentes-teszta","tag-glutenmentes","tag-glutenmentes-kepviselofank","tag-kepviselofank","tag-kepviselofank-barna-rizsliszttel","tag-kokusztej","tag-tejmentes"],"yoast_head":"<!-- This site is optimized with the Yoast SEO plugin v26.5 - https:\/\/yoast.com\/wordpress\/plugins\/seo\/ -->\n<title>K\u00c9PVISEL\u0150F\u00c1NK BARNA RIZSLISZTTEL, GLUT\u00c9N-, TEJ- \u00c9S CUKORMENTES T\u00c9SZT\u00c1VAL &#8211; Glut\u00e9nmentes Chef blog - \u00c1tol Tibor<\/title>\n<meta name=\"robots\" content=\"index, follow, max-snippet:-1, max-image-preview:large, max-video-preview:-1\" \/>\n<link rel=\"canonical\" href=\"http:\/\/blog.glutenmenteschef.hu\/index.php\/2018\/01\/25\/kepviselofank-barna-rizsliszttel-gluten-tej-es-cukormentes-tesztaval\/\" \/>\n<meta property=\"og:locale\" content=\"hu_HU\" \/>\n<meta property=\"og:type\" content=\"article\" \/>\n<meta property=\"og:title\" content=\"K\u00c9PVISEL\u0150F\u00c1NK BARNA RIZSLISZTTEL, GLUT\u00c9N-, TEJ- \u00c9S CUKORMENTES T\u00c9SZT\u00c1VAL &#8211; Glut\u00e9nmentes Chef blog - \u00c1tol Tibor\" \/>\n<meta property=\"og:description\" content=\"K\u00e9pvisel\u0151f\u00e1nk barna rizsliszttel, glut\u00e9n-, tej \u00e9s cukormentes t\u00e9szt\u00e1val A recept feh\u00e9r -, barna -, \u00e9s teljes ki\u0151rl\u00e9s\u0171 barna rizsliszttel is m\u0171k\u00f6dik! !! Ha t\u00f6bbet szeretn\u00e9nk k\u00e9sz\u00edteni, mint az itt megadott mennyis\u00e9g, akkor k\u00e9tszer egym\u00e1s ut\u00e1n k\u00e9sz\u00edts\u00fck el a t\u00e9szt\u00e1t \u00e9s \u00fagy s\u00fcss\u00fck meg !! Hozz\u00e1val\u00f3k: 250 g v\u00edz 100 g zs\u00edr 1 csipet s\u00f3 4 Read more...\" \/>\n<meta property=\"og:url\" content=\"http:\/\/blog.glutenmenteschef.hu\/index.php\/2018\/01\/25\/kepviselofank-barna-rizsliszttel-gluten-tej-es-cukormentes-tesztaval\/\" \/>\n<meta property=\"og:site_name\" content=\"Glut\u00e9nmentes Chef blog - \u00c1tol Tibor\" \/>\n<meta property=\"article:publisher\" content=\"https:\/\/www.facebook.com\/aglutenmentessef\" \/>\n<meta property=\"article:author\" content=\"https:\/\/www.facebook.com\/aglutenmentessef\" \/>\n<meta property=\"article:published_time\" content=\"2018-01-25T20:18:16+00:00\" \/>\n<meta property=\"article:modified_time\" content=\"2025-05-11T18:10:30+00:00\" \/>\n<meta property=\"og:image\" content=\"http:\/\/blog.glutenmenteschef.hu\/wp-content\/uploads\/2018\/01\/Kepviselofank-3.jpg\" \/>\n\t<meta property=\"og:image:width\" content=\"1024\" \/>\n\t<meta property=\"og:image:height\" content=\"768\" \/>\n\t<meta property=\"og:image:type\" content=\"image\/jpeg\" \/>\n<meta name=\"author\" content=\"gmchef\" \/>\n<meta name=\"twitter:card\" content=\"summary_large_image\" \/>\n<meta name=\"twitter:label1\" content=\"Szerz\u0151:\" \/>\n\t<meta name=\"twitter:data1\" content=\"gmchef\" \/>\n\t<meta name=\"twitter:label2\" content=\"Becs\u00fclt olvas\u00e1si id\u0151\" \/>\n\t<meta name=\"twitter:data2\" content=\"7 perc\" \/>\n<script type=\"application\/ld+json\" class=\"yoast-schema-graph\">{\"@context\":\"https:\/\/schema.org\",\"@graph\":[{\"@type\":\"Article\",\"@id\":\"http:\/\/blog.glutenmenteschef.hu\/index.php\/2018\/01\/25\/kepviselofank-barna-rizsliszttel-gluten-tej-es-cukormentes-tesztaval\/#article\",\"isPartOf\":{\"@id\":\"http:\/\/blog.glutenmenteschef.hu\/index.php\/2018\/01\/25\/kepviselofank-barna-rizsliszttel-gluten-tej-es-cukormentes-tesztaval\/\"},\"author\":{\"name\":\"gmchef\",\"@id\":\"https:\/\/blog.glutenmenteschef.hu\/#\/schema\/person\/c07613f0b6c0f12f90b8cb23cf32754a\"},\"headline\":\"K\u00c9PVISEL\u0150F\u00c1NK BARNA RIZSLISZTTEL, GLUT\u00c9N-, TEJ- \u00c9S CUKORMENTES T\u00c9SZT\u00c1VAL\",\"datePublished\":\"2018-01-25T20:18:16+00:00\",\"dateModified\":\"2025-05-11T18:10:30+00:00\",\"mainEntityOfPage\":{\"@id\":\"http:\/\/blog.glutenmenteschef.hu\/index.php\/2018\/01\/25\/kepviselofank-barna-rizsliszttel-gluten-tej-es-cukormentes-tesztaval\/\"},\"wordCount\":903,\"commentCount\":0,\"publisher\":{\"@id\":\"https:\/\/blog.glutenmenteschef.hu\/#\/schema\/person\/c07613f0b6c0f12f90b8cb23cf32754a\"},\"image\":{\"@id\":\"http:\/\/blog.glutenmenteschef.hu\/index.php\/2018\/01\/25\/kepviselofank-barna-rizsliszttel-gluten-tej-es-cukormentes-tesztaval\/#primaryimage\"},\"thumbnailUrl\":\"http:\/\/blog.glutenmenteschef.hu\/wp-content\/uploads\/2018\/01\/Kepviselofank-3.jpg\",\"keywords\":[\"cocomas\",\"cukormentes t\u00e9szta\",\"glut\u00e9nmentes\",\"glut\u00e9nmentes k\u00e9pvisel\u0151f\u00e1nk\",\"k\u00e9pvisel\u0151f\u00e1nk\",\"k\u00e9pvisel\u0151f\u00e1nk barna rizsliszttel\",\"k\u00f3kusztej\",\"tejmentes\"],\"articleSection\":[\"Desszert-S\u00fctem\u00e9ny\",\"F\u00e1nk\",\"Rizslisztb\u0151l k\u00e9sz\u00edtettem\"],\"inLanguage\":\"hu\",\"potentialAction\":[{\"@type\":\"CommentAction\",\"name\":\"Comment\",\"target\":[\"http:\/\/blog.glutenmenteschef.hu\/index.php\/2018\/01\/25\/kepviselofank-barna-rizsliszttel-gluten-tej-es-cukormentes-tesztaval\/#respond\"]}]},{\"@type\":\"WebPage\",\"@id\":\"http:\/\/blog.glutenmenteschef.hu\/index.php\/2018\/01\/25\/kepviselofank-barna-rizsliszttel-gluten-tej-es-cukormentes-tesztaval\/\",\"url\":\"http:\/\/blog.glutenmenteschef.hu\/index.php\/2018\/01\/25\/kepviselofank-barna-rizsliszttel-gluten-tej-es-cukormentes-tesztaval\/\",\"name\":\"K\u00c9PVISEL\u0150F\u00c1NK BARNA RIZSLISZTTEL, GLUT\u00c9N-, TEJ- \u00c9S CUKORMENTES T\u00c9SZT\u00c1VAL &#8211; Glut\u00e9nmentes Chef blog - \u00c1tol Tibor\",\"isPartOf\":{\"@id\":\"https:\/\/blog.glutenmenteschef.hu\/#website\"},\"primaryImageOfPage\":{\"@id\":\"http:\/\/blog.glutenmenteschef.hu\/index.php\/2018\/01\/25\/kepviselofank-barna-rizsliszttel-gluten-tej-es-cukormentes-tesztaval\/#primaryimage\"},\"image\":{\"@id\":\"http:\/\/blog.glutenmenteschef.hu\/index.php\/2018\/01\/25\/kepviselofank-barna-rizsliszttel-gluten-tej-es-cukormentes-tesztaval\/#primaryimage\"},\"thumbnailUrl\":\"http:\/\/blog.glutenmenteschef.hu\/wp-content\/uploads\/2018\/01\/Kepviselofank-3.jpg\",\"datePublished\":\"2018-01-25T20:18:16+00:00\",\"dateModified\":\"2025-05-11T18:10:30+00:00\",\"breadcrumb\":{\"@id\":\"http:\/\/blog.glutenmenteschef.hu\/index.php\/2018\/01\/25\/kepviselofank-barna-rizsliszttel-gluten-tej-es-cukormentes-tesztaval\/#breadcrumb\"},\"inLanguage\":\"hu\",\"potentialAction\":[{\"@type\":\"ReadAction\",\"target\":[\"http:\/\/blog.glutenmenteschef.hu\/index.php\/2018\/01\/25\/kepviselofank-barna-rizsliszttel-gluten-tej-es-cukormentes-tesztaval\/\"]}]},{\"@type\":\"ImageObject\",\"inLanguage\":\"hu\",\"@id\":\"http:\/\/blog.glutenmenteschef.hu\/index.php\/2018\/01\/25\/kepviselofank-barna-rizsliszttel-gluten-tej-es-cukormentes-tesztaval\/#primaryimage\",\"url\":\"http:\/\/blog.glutenmenteschef.hu\/wp-content\/uploads\/2018\/01\/Kepviselofank-3.jpg\",\"contentUrl\":\"http:\/\/blog.glutenmenteschef.hu\/wp-content\/uploads\/2018\/01\/Kepviselofank-3.jpg\",\"width\":1024,\"height\":768},{\"@type\":\"BreadcrumbList\",\"@id\":\"http:\/\/blog.glutenmenteschef.hu\/index.php\/2018\/01\/25\/kepviselofank-barna-rizsliszttel-gluten-tej-es-cukormentes-tesztaval\/#breadcrumb\",\"itemListElement\":[{\"@type\":\"ListItem\",\"position\":1,\"name\":\"Home\",\"item\":\"https:\/\/blog.glutenmenteschef.hu\/\"},{\"@type\":\"ListItem\",\"position\":2,\"name\":\"K\u00c9PVISEL\u0150F\u00c1NK BARNA RIZSLISZTTEL, GLUT\u00c9N-, TEJ- \u00c9S CUKORMENTES T\u00c9SZT\u00c1VAL\"}]},{\"@type\":\"WebSite\",\"@id\":\"https:\/\/blog.glutenmenteschef.hu\/#website\",\"url\":\"https:\/\/blog.glutenmenteschef.hu\/\",\"name\":\"Glut\u00e9nmentes Chef blog - \u00c1tol Tibor\",\"description\":\"Glut\u00e9nmentes \u00e9telek, glut\u00e9nmentes receptek, glut\u00e9nmentes vide\u00f3k\",\"publisher\":{\"@id\":\"https:\/\/blog.glutenmenteschef.hu\/#\/schema\/person\/c07613f0b6c0f12f90b8cb23cf32754a\"},\"potentialAction\":[{\"@type\":\"SearchAction\",\"target\":{\"@type\":\"EntryPoint\",\"urlTemplate\":\"https:\/\/blog.glutenmenteschef.hu\/?s={search_term_string}\"},\"query-input\":{\"@type\":\"PropertyValueSpecification\",\"valueRequired\":true,\"valueName\":\"search_term_string\"}}],\"inLanguage\":\"hu\"},{\"@type\":[\"Person\",\"Organization\"],\"@id\":\"https:\/\/blog.glutenmenteschef.hu\/#\/schema\/person\/c07613f0b6c0f12f90b8cb23cf32754a\",\"name\":\"gmchef\",\"image\":{\"@type\":\"ImageObject\",\"inLanguage\":\"hu\",\"@id\":\"https:\/\/blog.glutenmenteschef.hu\/#\/schema\/person\/image\/\",\"url\":\"https:\/\/secure.gravatar.com\/avatar\/363a4977321cb6fa3321b7ac93139b68e56af77880ae9fd5a3b2e7a8279f6d74?s=96&d=mm&r=g\",\"contentUrl\":\"https:\/\/secure.gravatar.com\/avatar\/363a4977321cb6fa3321b7ac93139b68e56af77880ae9fd5a3b2e7a8279f6d74?s=96&d=mm&r=g\",\"caption\":\"gmchef\"},\"logo\":{\"@id\":\"https:\/\/blog.glutenmenteschef.hu\/#\/schema\/person\/image\/\"},\"sameAs\":[\"https:\/\/www.facebook.com\/aglutenmentessef\"]}]}<\/script>\n<!-- \/ Yoast SEO plugin. -->","yoast_head_json":{"title":"K\u00c9PVISEL\u0150F\u00c1NK BARNA RIZSLISZTTEL, GLUT\u00c9N-, TEJ- \u00c9S CUKORMENTES T\u00c9SZT\u00c1VAL &#8211; Glut\u00e9nmentes Chef blog - \u00c1tol Tibor","robots":{"index":"index","follow":"follow","max-snippet":"max-snippet:-1","max-image-preview":"max-image-preview:large","max-video-preview":"max-video-preview:-1"},"canonical":"http:\/\/blog.glutenmenteschef.hu\/index.php\/2018\/01\/25\/kepviselofank-barna-rizsliszttel-gluten-tej-es-cukormentes-tesztaval\/","og_locale":"hu_HU","og_type":"article","og_title":"K\u00c9PVISEL\u0150F\u00c1NK BARNA RIZSLISZTTEL, GLUT\u00c9N-, TEJ- \u00c9S CUKORMENTES T\u00c9SZT\u00c1VAL &#8211; Glut\u00e9nmentes Chef blog - \u00c1tol Tibor","og_description":"K\u00e9pvisel\u0151f\u00e1nk barna rizsliszttel, glut\u00e9n-, tej \u00e9s cukormentes t\u00e9szt\u00e1val A recept feh\u00e9r -, barna -, \u00e9s teljes ki\u0151rl\u00e9s\u0171 barna rizsliszttel is m\u0171k\u00f6dik! !! Ha t\u00f6bbet szeretn\u00e9nk k\u00e9sz\u00edteni, mint az itt megadott mennyis\u00e9g, akkor k\u00e9tszer egym\u00e1s ut\u00e1n k\u00e9sz\u00edts\u00fck el a t\u00e9szt\u00e1t \u00e9s \u00fagy s\u00fcss\u00fck meg !! Hozz\u00e1val\u00f3k: 250 g v\u00edz 100 g zs\u00edr 1 csipet s\u00f3 4 Read more...","og_url":"http:\/\/blog.glutenmenteschef.hu\/index.php\/2018\/01\/25\/kepviselofank-barna-rizsliszttel-gluten-tej-es-cukormentes-tesztaval\/","og_site_name":"Glut\u00e9nmentes Chef blog - \u00c1tol Tibor","article_publisher":"https:\/\/www.facebook.com\/aglutenmentessef","article_author":"https:\/\/www.facebook.com\/aglutenmentessef","article_published_time":"2018-01-25T20:18:16+00:00","article_modified_time":"2025-05-11T18:10:30+00:00","og_image":[{"width":1024,"height":768,"url":"http:\/\/blog.glutenmenteschef.hu\/wp-content\/uploads\/2018\/01\/Kepviselofank-3.jpg","type":"image\/jpeg"}],"author":"gmchef","twitter_card":"summary_large_image","twitter_misc":{"Szerz\u0151:":"gmchef","Becs\u00fclt olvas\u00e1si id\u0151":"7 perc"},"schema":{"@context":"https:\/\/schema.org","@graph":[{"@type":"Article","@id":"http:\/\/blog.glutenmenteschef.hu\/index.php\/2018\/01\/25\/kepviselofank-barna-rizsliszttel-gluten-tej-es-cukormentes-tesztaval\/#article","isPartOf":{"@id":"http:\/\/blog.glutenmenteschef.hu\/index.php\/2018\/01\/25\/kepviselofank-barna-rizsliszttel-gluten-tej-es-cukormentes-tesztaval\/"},"author":{"name":"gmchef","@id":"https:\/\/blog.glutenmenteschef.hu\/#\/schema\/person\/c07613f0b6c0f12f90b8cb23cf32754a"},"headline":"K\u00c9PVISEL\u0150F\u00c1NK BARNA RIZSLISZTTEL, GLUT\u00c9N-, TEJ- \u00c9S CUKORMENTES T\u00c9SZT\u00c1VAL","datePublished":"2018-01-25T20:18:16+00:00","dateModified":"2025-05-11T18:10:30+00:00","mainEntityOfPage":{"@id":"http:\/\/blog.glutenmenteschef.hu\/index.php\/2018\/01\/25\/kepviselofank-barna-rizsliszttel-gluten-tej-es-cukormentes-tesztaval\/"},"wordCount":903,"commentCount":0,"publisher":{"@id":"https:\/\/blog.glutenmenteschef.hu\/#\/schema\/person\/c07613f0b6c0f12f90b8cb23cf32754a"},"image":{"@id":"http:\/\/blog.glutenmenteschef.hu\/index.php\/2018\/01\/25\/kepviselofank-barna-rizsliszttel-gluten-tej-es-cukormentes-tesztaval\/#primaryimage"},"thumbnailUrl":"http:\/\/blog.glutenmenteschef.hu\/wp-content\/uploads\/2018\/01\/Kepviselofank-3.jpg","keywords":["cocomas","cukormentes t\u00e9szta","glut\u00e9nmentes","glut\u00e9nmentes k\u00e9pvisel\u0151f\u00e1nk","k\u00e9pvisel\u0151f\u00e1nk","k\u00e9pvisel\u0151f\u00e1nk barna rizsliszttel","k\u00f3kusztej","tejmentes"],"articleSection":["Desszert-S\u00fctem\u00e9ny","F\u00e1nk","Rizslisztb\u0151l k\u00e9sz\u00edtettem"],"inLanguage":"hu","potentialAction":[{"@type":"CommentAction","name":"Comment","target":["http:\/\/blog.glutenmenteschef.hu\/index.php\/2018\/01\/25\/kepviselofank-barna-rizsliszttel-gluten-tej-es-cukormentes-tesztaval\/#respond"]}]},{"@type":"WebPage","@id":"http:\/\/blog.glutenmenteschef.hu\/index.php\/2018\/01\/25\/kepviselofank-barna-rizsliszttel-gluten-tej-es-cukormentes-tesztaval\/","url":"http:\/\/blog.glutenmenteschef.hu\/index.php\/2018\/01\/25\/kepviselofank-barna-rizsliszttel-gluten-tej-es-cukormentes-tesztaval\/","name":"K\u00c9PVISEL\u0150F\u00c1NK BARNA RIZSLISZTTEL, GLUT\u00c9N-, TEJ- \u00c9S CUKORMENTES T\u00c9SZT\u00c1VAL &#8211; Glut\u00e9nmentes Chef blog - \u00c1tol Tibor","isPartOf":{"@id":"https:\/\/blog.glutenmenteschef.hu\/#website"},"primaryImageOfPage":{"@id":"http:\/\/blog.glutenmenteschef.hu\/index.php\/2018\/01\/25\/kepviselofank-barna-rizsliszttel-gluten-tej-es-cukormentes-tesztaval\/#primaryimage"},"image":{"@id":"http:\/\/blog.glutenmenteschef.hu\/index.php\/2018\/01\/25\/kepviselofank-barna-rizsliszttel-gluten-tej-es-cukormentes-tesztaval\/#primaryimage"},"thumbnailUrl":"http:\/\/blog.glutenmenteschef.hu\/wp-content\/uploads\/2018\/01\/Kepviselofank-3.jpg","datePublished":"2018-01-25T20:18:16+00:00","dateModified":"2025-05-11T18:10:30+00:00","breadcrumb":{"@id":"http:\/\/blog.glutenmenteschef.hu\/index.php\/2018\/01\/25\/kepviselofank-barna-rizsliszttel-gluten-tej-es-cukormentes-tesztaval\/#breadcrumb"},"inLanguage":"hu","potentialAction":[{"@type":"ReadAction","target":["http:\/\/blog.glutenmenteschef.hu\/index.php\/2018\/01\/25\/kepviselofank-barna-rizsliszttel-gluten-tej-es-cukormentes-tesztaval\/"]}]},{"@type":"ImageObject","inLanguage":"hu","@id":"http:\/\/blog.glutenmenteschef.hu\/index.php\/2018\/01\/25\/kepviselofank-barna-rizsliszttel-gluten-tej-es-cukormentes-tesztaval\/#primaryimage","url":"http:\/\/blog.glutenmenteschef.hu\/wp-content\/uploads\/2018\/01\/Kepviselofank-3.jpg","contentUrl":"http:\/\/blog.glutenmenteschef.hu\/wp-content\/uploads\/2018\/01\/Kepviselofank-3.jpg","width":1024,"height":768},{"@type":"BreadcrumbList","@id":"http:\/\/blog.glutenmenteschef.hu\/index.php\/2018\/01\/25\/kepviselofank-barna-rizsliszttel-gluten-tej-es-cukormentes-tesztaval\/#breadcrumb","itemListElement":[{"@type":"ListItem","position":1,"name":"Home","item":"https:\/\/blog.glutenmenteschef.hu\/"},{"@type":"ListItem","position":2,"name":"K\u00c9PVISEL\u0150F\u00c1NK BARNA RIZSLISZTTEL, GLUT\u00c9N-, TEJ- \u00c9S CUKORMENTES T\u00c9SZT\u00c1VAL"}]},{"@type":"WebSite","@id":"https:\/\/blog.glutenmenteschef.hu\/#website","url":"https:\/\/blog.glutenmenteschef.hu\/","name":"Glut\u00e9nmentes Chef blog - \u00c1tol Tibor","description":"Glut\u00e9nmentes \u00e9telek, glut\u00e9nmentes receptek, glut\u00e9nmentes vide\u00f3k","publisher":{"@id":"https:\/\/blog.glutenmenteschef.hu\/#\/schema\/person\/c07613f0b6c0f12f90b8cb23cf32754a"},"potentialAction":[{"@type":"SearchAction","target":{"@type":"EntryPoint","urlTemplate":"https:\/\/blog.glutenmenteschef.hu\/?s={search_term_string}"},"query-input":{"@type":"PropertyValueSpecification","valueRequired":true,"valueName":"search_term_string"}}],"inLanguage":"hu"},{"@type":["Person","Organization"],"@id":"https:\/\/blog.glutenmenteschef.hu\/#\/schema\/person\/c07613f0b6c0f12f90b8cb23cf32754a","name":"gmchef","image":{"@type":"ImageObject","inLanguage":"hu","@id":"https:\/\/blog.glutenmenteschef.hu\/#\/schema\/person\/image\/","url":"https:\/\/secure.gravatar.com\/avatar\/363a4977321cb6fa3321b7ac93139b68e56af77880ae9fd5a3b2e7a8279f6d74?s=96&d=mm&r=g","contentUrl":"https:\/\/secure.gravatar.com\/avatar\/363a4977321cb6fa3321b7ac93139b68e56af77880ae9fd5a3b2e7a8279f6d74?s=96&d=mm&r=g","caption":"gmchef"},"logo":{"@id":"https:\/\/blog.glutenmenteschef.hu\/#\/schema\/person\/image\/"},"sameAs":["https:\/\/www.facebook.com\/aglutenmentessef"]}]}},"_links":{"self":[{"href":"http:\/\/blog.glutenmenteschef.hu\/index.php\/wp-json\/wp\/v2\/posts\/9889","targetHints":{"allow":["GET"]}}],"collection":[{"href":"http:\/\/blog.glutenmenteschef.hu\/index.php\/wp-json\/wp\/v2\/posts"}],"about":[{"href":"http:\/\/blog.glutenmenteschef.hu\/index.php\/wp-json\/wp\/v2\/types\/post"}],"author":[{"embeddable":true,"href":"http:\/\/blog.glutenmenteschef.hu\/index.php\/wp-json\/wp\/v2\/users\/1"}],"replies":[{"embeddable":true,"href":"http:\/\/blog.glutenmenteschef.hu\/index.php\/wp-json\/wp\/v2\/comments?post=9889"}],"version-history":[{"count":2,"href":"http:\/\/blog.glutenmenteschef.hu\/index.php\/wp-json\/wp\/v2\/posts\/9889\/revisions"}],"predecessor-version":[{"id":31553,"href":"http:\/\/blog.glutenmenteschef.hu\/index.php\/wp-json\/wp\/v2\/posts\/9889\/revisions\/31553"}],"wp:featuredmedia":[{"embeddable":true,"href":"http:\/\/blog.glutenmenteschef.hu\/index.php\/wp-json\/wp\/v2\/media\/29847"}],"wp:attachment":[{"href":"http:\/\/blog.glutenmenteschef.hu\/index.php\/wp-json\/wp\/v2\/media?parent=9889"}],"wp:term":[{"taxonomy":"category","embeddable":true,"href":"http:\/\/blog.glutenmenteschef.hu\/index.php\/wp-json\/wp\/v2\/categories?post=9889"},{"taxonomy":"post_tag","embeddable":true,"href":"http:\/\/blog.glutenmenteschef.hu\/index.php\/wp-json\/wp\/v2\/tags?post=9889"}],"curies":[{"name":"wp","href":"https:\/\/api.w.org\/{rel}","templated":true}]}}