{"id":892,"date":"2017-10-18T19:40:45","date_gmt":"2017-10-18T19:40:45","guid":{"rendered":"http:\/\/blog.glutenmenteschef.hu\/?p=892"},"modified":"2020-08-26T08:19:18","modified_gmt":"2020-08-26T08:19:18","slug":"serteskaraj-ovari-modra","status":"publish","type":"post","link":"http:\/\/blog.glutenmenteschef.hu\/index.php\/2017\/10\/18\/serteskaraj-ovari-modra\/","title":{"rendered":"SERT\u00c9SKARAJ \u00d3V\u00c1RI M\u00d3DRA"},"content":{"rendered":"\n<h3 class=\"wp-block-heading\" style=\"text-align:center\"><strong>Sert\u00e9skaraj \u00d3v\u00e1ri m\u00f3dra<\/strong><\/h3>\n\n\n\n<p style=\"text-align:center\">5 adag<\/p>\n\n\n\n<div class=\"wp-block-image\"><figure class=\"aligncenter\"><img loading=\"lazy\" decoding=\"async\" width=\"300\" height=\"225\" src=\"http:\/\/blog.glutenmenteschef.hu\/wp-content\/uploads\/2017\/10\/ovari-13-300x225.jpg\" alt=\"\" class=\"wp-image-26738\" srcset=\"http:\/\/blog.glutenmenteschef.hu\/wp-content\/uploads\/2017\/10\/ovari-13-300x225.jpg 300w, http:\/\/blog.glutenmenteschef.hu\/wp-content\/uploads\/2017\/10\/ovari-13-768x576.jpg 768w\" sizes=\"auto, (max-width: 300px) 100vw, 300px\" \/><\/figure><\/div>\n\n\n\n<h5 class=\"wp-block-heading\" style=\"text-align:center\"><br><br><strong>Hozz\u00e1val\u00f3k:<\/strong><\/h5>\n\n\n\n<p style=\"text-align:center\">75 dkg sert\u00e9skaraj csont n\u00e9lk\u00fcl vagy 75 dkg csirkecomb fil\u00e9<br>25 dkg\u00a0 Champion gomba<br>10 dkg v\u00f6r\u00f6shagyma<br>0.5 dl \u00e9tolaj vagy kacsazs\u00edr vagy libazs\u00edr<br>10 g s\u00f3<br>1 g \u0151r\u00f6lt bors<br>10 dkg \u00d3v\u00e1ri sajt<br>( vagy b\u00e1rmilyen f\u00e9lkem\u00e9ny, zs\u00edros sajt Gouda, Trappista )<br>10 dkg rizsliszt<br>5 dkg sonka (szeletelve)<br><br><\/p>\n\n\n\n<div class=\"wp-block-image\"><figure class=\"aligncenter\"><img loading=\"lazy\" decoding=\"async\" width=\"277\" height=\"300\" src=\"http:\/\/blog.glutenmenteschef.hu\/wp-content\/uploads\/2017\/10\/ovari-19-a-277x300.jpg\" alt=\"\" class=\"wp-image-26737\" srcset=\"http:\/\/blog.glutenmenteschef.hu\/wp-content\/uploads\/2017\/10\/ovari-19-a-277x300.jpg 277w, http:\/\/blog.glutenmenteschef.hu\/wp-content\/uploads\/2017\/10\/ovari-19-a-768x831.jpg 768w\" sizes=\"auto, (max-width: 277px) 100vw, 277px\" \/><\/figure><\/div>\n\n\n\n<p><br><br>A h\u00fast megmossuk, lecsepegtetj\u00fck ( a karajt felszeletelj\u00fck ) \u00e9s kiklopfoljuk 0,5 cm vastagra.\u00a01 dkg s\u00f3val mindk\u00e9t oldal\u00e1t megsz\u00f3rjuk. Serpeny\u0151ben a zsirad\u00e9kot\u00a0 felmeleg\u00edtj\u00fck. A h\u00fast rizslisztben megforgatva k\u00f6zepes h\u0151m\u00e9rs\u00e9kleten kis\u00fctj\u00fck, kb.\u00a0 6-8 perc alatt a csirkecomb fil\u00e9t, a sert\u00e9skarajt 4-5 perc alatt.<\/p>\n\n\n\n<p>A v\u00f6r\u00f6shagym\u00e1t megtiszt\u00edtjuk, apr\u00f3ra v\u00e1gjuk \u00e9s a h\u00fas s\u00fct\u00e9s\u00e9b\u0151l visszamaradt zsirad\u00e9kban megfonnyasztjuk.<br>A  gomb\u00e1t foly\u00f3 v\u00edzzel alaposan lemossuk. V\u00e9kony szeletekre v\u00e1gjuk \u00e9s  hozz\u00e1adjuk a hagym\u00e1hoz 1 g \u0151r\u00f6lt borssal \u00e9s addig h\u0151kezelj\u00fck,\u00a0 m\u00edg a  leve elp\u00e1rolog.<\/p>\n\n\n\n<p>A megs\u00fclt h\u00fasokat tepsiben egym\u00e1s mell\u00e9 helyezz\u00fck \u00e9s egyenletesen elosztjuk rajtuk a gomb\u00e1t.  <\/p>\n\n\n\n<div class=\"wp-block-image\"><figure class=\"aligncenter\"><img loading=\"lazy\" decoding=\"async\" width=\"300\" height=\"225\" src=\"http:\/\/blog.glutenmenteschef.hu\/wp-content\/uploads\/2017\/10\/\u00f3v\u00e1ri-1-300x225.jpg\" alt=\"\" class=\"wp-image-894\" srcset=\"http:\/\/blog.glutenmenteschef.hu\/wp-content\/uploads\/2017\/10\/\u00f3v\u00e1ri-1-300x225.jpg 300w, http:\/\/blog.glutenmenteschef.hu\/wp-content\/uploads\/2017\/10\/\u00f3v\u00e1ri-1-768x576.jpg 768w, http:\/\/blog.glutenmenteschef.hu\/wp-content\/uploads\/2017\/10\/\u00f3v\u00e1ri-1.jpg 1920w\" sizes=\"auto, (max-width: 300px) 100vw, 300px\" \/><\/figure><\/div>\n\n\n\n<p style=\"text-align:center\">Letakarjuk sonk\u00e1val<\/p>\n\n\n\n<div class=\"wp-block-image\"><figure class=\"aligncenter\"><img loading=\"lazy\" decoding=\"async\" width=\"300\" height=\"225\" src=\"http:\/\/blog.glutenmenteschef.hu\/wp-content\/uploads\/2017\/10\/\u00f3v\u00e1ri-2-300x225.jpg\" alt=\"\" class=\"wp-image-895\" srcset=\"http:\/\/blog.glutenmenteschef.hu\/wp-content\/uploads\/2017\/10\/\u00f3v\u00e1ri-2-300x225.jpg 300w, http:\/\/blog.glutenmenteschef.hu\/wp-content\/uploads\/2017\/10\/\u00f3v\u00e1ri-2-768x576.jpg 768w, http:\/\/blog.glutenmenteschef.hu\/wp-content\/uploads\/2017\/10\/\u00f3v\u00e1ri-2.jpg 1920w\" sizes=\"auto, (max-width: 300px) 100vw, 300px\" \/><\/figure><\/div>\n\n\n\n<p style=\"text-align:center\">\u00e9s v\u00e9g\u00fcl reszelt \/ szeletelt sajttal.<\/p>\n\n\n\n<div class=\"wp-block-image\"><figure class=\"aligncenter\"><img loading=\"lazy\" decoding=\"async\" width=\"300\" height=\"225\" src=\"http:\/\/blog.glutenmenteschef.hu\/wp-content\/uploads\/2017\/10\/\u00f3v\u00e1ri-3-300x225.jpg\" alt=\"\" class=\"wp-image-896\" srcset=\"http:\/\/blog.glutenmenteschef.hu\/wp-content\/uploads\/2017\/10\/\u00f3v\u00e1ri-3-300x225.jpg 300w, http:\/\/blog.glutenmenteschef.hu\/wp-content\/uploads\/2017\/10\/\u00f3v\u00e1ri-3-768x576.jpg 768w, http:\/\/blog.glutenmenteschef.hu\/wp-content\/uploads\/2017\/10\/\u00f3v\u00e1ri-3.jpg 1920w\" sizes=\"auto, (max-width: 300px) 100vw, 300px\" \/><\/figure><\/div>\n\n\n\n<p style=\"text-align:center\">250&#8217;c-os s\u00fct\u0151ben max. 5 perc alatt r\u00e1olvasztjuk a sajtot.<\/p>\n\n\n\n<div class=\"wp-block-image\"><figure class=\"aligncenter\"><img loading=\"lazy\" decoding=\"async\" width=\"300\" height=\"225\" src=\"http:\/\/blog.glutenmenteschef.hu\/wp-content\/uploads\/2017\/10\/\u00f3v\u00e1ri-4-300x225.jpg\" alt=\"\" class=\"wp-image-897\" srcset=\"http:\/\/blog.glutenmenteschef.hu\/wp-content\/uploads\/2017\/10\/\u00f3v\u00e1ri-4-300x225.jpg 300w, http:\/\/blog.glutenmenteschef.hu\/wp-content\/uploads\/2017\/10\/\u00f3v\u00e1ri-4-768x576.jpg 768w, http:\/\/blog.glutenmenteschef.hu\/wp-content\/uploads\/2017\/10\/\u00f3v\u00e1ri-4.jpg 1920w\" sizes=\"auto, (max-width: 300px) 100vw, 300px\" \/><\/figure><\/div>\n\n\n\n<div class=\"wp-block-image\"><figure class=\"aligncenter\"><img loading=\"lazy\" decoding=\"async\" width=\"300\" height=\"225\" src=\"http:\/\/blog.glutenmenteschef.hu\/wp-content\/uploads\/2017\/10\/\u00f3v\u00e1ri-6-300x225.jpg\" alt=\"\" class=\"wp-image-898\" srcset=\"http:\/\/blog.glutenmenteschef.hu\/wp-content\/uploads\/2017\/10\/\u00f3v\u00e1ri-6-300x225.jpg 300w, http:\/\/blog.glutenmenteschef.hu\/wp-content\/uploads\/2017\/10\/\u00f3v\u00e1ri-6-768x576.jpg 768w, http:\/\/blog.glutenmenteschef.hu\/wp-content\/uploads\/2017\/10\/\u00f3v\u00e1ri-6.jpg 1920w\" sizes=\"auto, (max-width: 300px) 100vw, 300px\" \/><\/figure><\/div>\n\n\n\n<p><br><br>K\u00f6retnek rizst, s\u00fclt krumplit vagy kev\u00e9s zsirad\u00e9kon megp\u00e1rolt z\u00f6lds\u00e9get is k\u00e9sz\u00edthet\u00fcnk hozz\u00e1.<br><br><\/p>\n\n\n\n<div class=\"wp-block-image\"><figure class=\"aligncenter\"><img loading=\"lazy\" decoding=\"async\" width=\"300\" height=\"225\" src=\"http:\/\/blog.glutenmenteschef.hu\/wp-content\/uploads\/2017\/10\/\u00f3v\u00e1ri-7-300x225.jpg\" alt=\"\" class=\"wp-image-899\" srcset=\"http:\/\/blog.glutenmenteschef.hu\/wp-content\/uploads\/2017\/10\/\u00f3v\u00e1ri-7-300x225.jpg 300w, http:\/\/blog.glutenmenteschef.hu\/wp-content\/uploads\/2017\/10\/\u00f3v\u00e1ri-7-768x576.jpg 768w, http:\/\/blog.glutenmenteschef.hu\/wp-content\/uploads\/2017\/10\/\u00f3v\u00e1ri-7.jpg 1920w\" sizes=\"auto, (max-width: 300px) 100vw, 300px\" \/><\/figure><\/div>\n","protected":false},"excerpt":{"rendered":"<p>Sert\u00e9skaraj \u00d3v\u00e1ri m\u00f3dra 5 adag Hozz\u00e1val\u00f3k: 75 dkg sert\u00e9skaraj csont n\u00e9lk\u00fcl vagy 75 dkg csirkecomb fil\u00e925 dkg\u00a0 Champion gomba10 dkg v\u00f6r\u00f6shagyma0.5 dl \u00e9tolaj vagy kacsazs\u00edr vagy libazs\u00edr10 g s\u00f31 g \u0151r\u00f6lt bors10 dkg \u00d3v\u00e1ri sajt( vagy b\u00e1rmilyen f\u00e9lkem\u00e9ny, zs\u00edros sajt Gouda, Trappista )10 dkg rizsliszt5 dkg sonka (szeletelve) A h\u00fast megmossuk, lecsepegtetj\u00fck ( a karajt <br \/><a class=\"more\" href=\"http:\/\/blog.glutenmenteschef.hu\/index.php\/2017\/10\/18\/serteskaraj-ovari-modra\/\">Read more&#8230; <\/a><\/p>\n","protected":false},"author":1,"featured_media":26736,"comment_status":"open","ping_status":"open","sticky":false,"template":"","format":"standard","meta":{"footnotes":""},"categories":[7],"tags":[183,5,263,262,190,261],"class_list":["post-892","post","type-post","status-publish","format-standard","has-post-thumbnail","hentry","category-foetelek","tag-csirkecomb-file","tag-glutenmentes","tag-gomba","tag-ovari","tag-rizsliszt","tag-serteskaraj"],"yoast_head":"<!-- This site is optimized with the Yoast SEO plugin v26.5 - https:\/\/yoast.com\/wordpress\/plugins\/seo\/ -->\n<title>SERT\u00c9SKARAJ \u00d3V\u00c1RI M\u00d3DRA &#8211; Glut\u00e9nmentes Chef blog - \u00c1tol Tibor<\/title>\n<meta name=\"robots\" content=\"index, follow, max-snippet:-1, max-image-preview:large, max-video-preview:-1\" \/>\n<link rel=\"canonical\" href=\"http:\/\/blog.glutenmenteschef.hu\/index.php\/2017\/10\/18\/serteskaraj-ovari-modra\/\" \/>\n<meta property=\"og:locale\" content=\"hu_HU\" \/>\n<meta property=\"og:type\" content=\"article\" \/>\n<meta property=\"og:title\" content=\"SERT\u00c9SKARAJ \u00d3V\u00c1RI M\u00d3DRA &#8211; Glut\u00e9nmentes Chef blog - \u00c1tol Tibor\" \/>\n<meta property=\"og:description\" content=\"Sert\u00e9skaraj \u00d3v\u00e1ri m\u00f3dra 5 adag Hozz\u00e1val\u00f3k: 75 dkg sert\u00e9skaraj csont n\u00e9lk\u00fcl vagy 75 dkg csirkecomb fil\u00e925 dkg\u00a0 Champion gomba10 dkg v\u00f6r\u00f6shagyma0.5 dl \u00e9tolaj vagy kacsazs\u00edr vagy libazs\u00edr10 g s\u00f31 g \u0151r\u00f6lt bors10 dkg \u00d3v\u00e1ri sajt( vagy b\u00e1rmilyen f\u00e9lkem\u00e9ny, zs\u00edros sajt Gouda, Trappista )10 dkg rizsliszt5 dkg sonka (szeletelve) A h\u00fast megmossuk, lecsepegtetj\u00fck ( a karajt Read more...\" \/>\n<meta property=\"og:url\" content=\"http:\/\/blog.glutenmenteschef.hu\/index.php\/2017\/10\/18\/serteskaraj-ovari-modra\/\" \/>\n<meta property=\"og:site_name\" content=\"Glut\u00e9nmentes Chef blog - \u00c1tol Tibor\" \/>\n<meta property=\"article:publisher\" content=\"https:\/\/www.facebook.com\/aglutenmentessef\" \/>\n<meta property=\"article:author\" content=\"https:\/\/www.facebook.com\/aglutenmentessef\" \/>\n<meta property=\"article:published_time\" content=\"2017-10-18T19:40:45+00:00\" \/>\n<meta property=\"article:modified_time\" content=\"2020-08-26T08:19:18+00:00\" \/>\n<meta name=\"author\" content=\"gmchef\" \/>\n<meta name=\"twitter:card\" content=\"summary_large_image\" \/>\n<meta name=\"twitter:image\" content=\"http:\/\/blog.glutenmenteschef.hu\/wp-content\/uploads\/2017\/10\/ovari-11.jpg\" \/>\n<meta name=\"twitter:label1\" content=\"Szerz\u0151:\" \/>\n\t<meta name=\"twitter:data1\" content=\"gmchef\" \/>\n\t<meta name=\"twitter:label2\" content=\"Becs\u00fclt olvas\u00e1si id\u0151\" \/>\n\t<meta name=\"twitter:data2\" content=\"1 perc\" \/>\n<script type=\"application\/ld+json\" class=\"yoast-schema-graph\">{\"@context\":\"https:\/\/schema.org\",\"@graph\":[{\"@type\":\"Article\",\"@id\":\"http:\/\/blog.glutenmenteschef.hu\/index.php\/2017\/10\/18\/serteskaraj-ovari-modra\/#article\",\"isPartOf\":{\"@id\":\"http:\/\/blog.glutenmenteschef.hu\/index.php\/2017\/10\/18\/serteskaraj-ovari-modra\/\"},\"author\":{\"name\":\"gmchef\",\"@id\":\"https:\/\/blog.glutenmenteschef.hu\/#\/schema\/person\/c07613f0b6c0f12f90b8cb23cf32754a\"},\"headline\":\"SERT\u00c9SKARAJ \u00d3V\u00c1RI M\u00d3DRA\",\"datePublished\":\"2017-10-18T19:40:45+00:00\",\"dateModified\":\"2020-08-26T08:19:18+00:00\",\"mainEntityOfPage\":{\"@id\":\"http:\/\/blog.glutenmenteschef.hu\/index.php\/2017\/10\/18\/serteskaraj-ovari-modra\/\"},\"wordCount\":246,\"commentCount\":0,\"publisher\":{\"@id\":\"https:\/\/blog.glutenmenteschef.hu\/#\/schema\/person\/c07613f0b6c0f12f90b8cb23cf32754a\"},\"image\":{\"@id\":\"http:\/\/blog.glutenmenteschef.hu\/index.php\/2017\/10\/18\/serteskaraj-ovari-modra\/#primaryimage\"},\"thumbnailUrl\":\"http:\/\/blog.glutenmenteschef.hu\/wp-content\/uploads\/2017\/10\/ovari-11.jpg\",\"keywords\":[\"csirkecomb fil\u00e9\",\"glut\u00e9nmentes\",\"gomba\",\"\u00f3v\u00e1ri\",\"rizsliszt\",\"sert\u00e9skaraj\"],\"articleSection\":[\"F\u0151\u00e9telek\"],\"inLanguage\":\"hu\",\"potentialAction\":[{\"@type\":\"CommentAction\",\"name\":\"Comment\",\"target\":[\"http:\/\/blog.glutenmenteschef.hu\/index.php\/2017\/10\/18\/serteskaraj-ovari-modra\/#respond\"]}]},{\"@type\":\"WebPage\",\"@id\":\"http:\/\/blog.glutenmenteschef.hu\/index.php\/2017\/10\/18\/serteskaraj-ovari-modra\/\",\"url\":\"http:\/\/blog.glutenmenteschef.hu\/index.php\/2017\/10\/18\/serteskaraj-ovari-modra\/\",\"name\":\"SERT\u00c9SKARAJ \u00d3V\u00c1RI M\u00d3DRA &#8211; Glut\u00e9nmentes Chef blog - \u00c1tol Tibor\",\"isPartOf\":{\"@id\":\"https:\/\/blog.glutenmenteschef.hu\/#website\"},\"primaryImageOfPage\":{\"@id\":\"http:\/\/blog.glutenmenteschef.hu\/index.php\/2017\/10\/18\/serteskaraj-ovari-modra\/#primaryimage\"},\"image\":{\"@id\":\"http:\/\/blog.glutenmenteschef.hu\/index.php\/2017\/10\/18\/serteskaraj-ovari-modra\/#primaryimage\"},\"thumbnailUrl\":\"http:\/\/blog.glutenmenteschef.hu\/wp-content\/uploads\/2017\/10\/ovari-11.jpg\",\"datePublished\":\"2017-10-18T19:40:45+00:00\",\"dateModified\":\"2020-08-26T08:19:18+00:00\",\"breadcrumb\":{\"@id\":\"http:\/\/blog.glutenmenteschef.hu\/index.php\/2017\/10\/18\/serteskaraj-ovari-modra\/#breadcrumb\"},\"inLanguage\":\"hu\",\"potentialAction\":[{\"@type\":\"ReadAction\",\"target\":[\"http:\/\/blog.glutenmenteschef.hu\/index.php\/2017\/10\/18\/serteskaraj-ovari-modra\/\"]}]},{\"@type\":\"ImageObject\",\"inLanguage\":\"hu\",\"@id\":\"http:\/\/blog.glutenmenteschef.hu\/index.php\/2017\/10\/18\/serteskaraj-ovari-modra\/#primaryimage\",\"url\":\"http:\/\/blog.glutenmenteschef.hu\/wp-content\/uploads\/2017\/10\/ovari-11.jpg\",\"contentUrl\":\"http:\/\/blog.glutenmenteschef.hu\/wp-content\/uploads\/2017\/10\/ovari-11.jpg\",\"width\":3648,\"height\":2736},{\"@type\":\"BreadcrumbList\",\"@id\":\"http:\/\/blog.glutenmenteschef.hu\/index.php\/2017\/10\/18\/serteskaraj-ovari-modra\/#breadcrumb\",\"itemListElement\":[{\"@type\":\"ListItem\",\"position\":1,\"name\":\"Home\",\"item\":\"https:\/\/blog.glutenmenteschef.hu\/\"},{\"@type\":\"ListItem\",\"position\":2,\"name\":\"SERT\u00c9SKARAJ \u00d3V\u00c1RI M\u00d3DRA\"}]},{\"@type\":\"WebSite\",\"@id\":\"https:\/\/blog.glutenmenteschef.hu\/#website\",\"url\":\"https:\/\/blog.glutenmenteschef.hu\/\",\"name\":\"Glut\u00e9nmentes Chef blog - \u00c1tol Tibor\",\"description\":\"Glut\u00e9nmentes \u00e9telek, glut\u00e9nmentes receptek, glut\u00e9nmentes vide\u00f3k\",\"publisher\":{\"@id\":\"https:\/\/blog.glutenmenteschef.hu\/#\/schema\/person\/c07613f0b6c0f12f90b8cb23cf32754a\"},\"potentialAction\":[{\"@type\":\"SearchAction\",\"target\":{\"@type\":\"EntryPoint\",\"urlTemplate\":\"https:\/\/blog.glutenmenteschef.hu\/?s={search_term_string}\"},\"query-input\":{\"@type\":\"PropertyValueSpecification\",\"valueRequired\":true,\"valueName\":\"search_term_string\"}}],\"inLanguage\":\"hu\"},{\"@type\":[\"Person\",\"Organization\"],\"@id\":\"https:\/\/blog.glutenmenteschef.hu\/#\/schema\/person\/c07613f0b6c0f12f90b8cb23cf32754a\",\"name\":\"gmchef\",\"image\":{\"@type\":\"ImageObject\",\"inLanguage\":\"hu\",\"@id\":\"https:\/\/blog.glutenmenteschef.hu\/#\/schema\/person\/image\/\",\"url\":\"https:\/\/secure.gravatar.com\/avatar\/363a4977321cb6fa3321b7ac93139b68e56af77880ae9fd5a3b2e7a8279f6d74?s=96&d=mm&r=g\",\"contentUrl\":\"https:\/\/secure.gravatar.com\/avatar\/363a4977321cb6fa3321b7ac93139b68e56af77880ae9fd5a3b2e7a8279f6d74?s=96&d=mm&r=g\",\"caption\":\"gmchef\"},\"logo\":{\"@id\":\"https:\/\/blog.glutenmenteschef.hu\/#\/schema\/person\/image\/\"},\"sameAs\":[\"https:\/\/www.facebook.com\/aglutenmentessef\"]}]}<\/script>\n<!-- \/ Yoast SEO plugin. -->","yoast_head_json":{"title":"SERT\u00c9SKARAJ \u00d3V\u00c1RI M\u00d3DRA &#8211; Glut\u00e9nmentes Chef blog - \u00c1tol Tibor","robots":{"index":"index","follow":"follow","max-snippet":"max-snippet:-1","max-image-preview":"max-image-preview:large","max-video-preview":"max-video-preview:-1"},"canonical":"http:\/\/blog.glutenmenteschef.hu\/index.php\/2017\/10\/18\/serteskaraj-ovari-modra\/","og_locale":"hu_HU","og_type":"article","og_title":"SERT\u00c9SKARAJ \u00d3V\u00c1RI M\u00d3DRA &#8211; Glut\u00e9nmentes Chef blog - \u00c1tol Tibor","og_description":"Sert\u00e9skaraj \u00d3v\u00e1ri m\u00f3dra 5 adag Hozz\u00e1val\u00f3k: 75 dkg sert\u00e9skaraj csont n\u00e9lk\u00fcl vagy 75 dkg csirkecomb fil\u00e925 dkg\u00a0 Champion gomba10 dkg v\u00f6r\u00f6shagyma0.5 dl \u00e9tolaj vagy kacsazs\u00edr vagy libazs\u00edr10 g s\u00f31 g \u0151r\u00f6lt bors10 dkg \u00d3v\u00e1ri sajt( vagy b\u00e1rmilyen f\u00e9lkem\u00e9ny, zs\u00edros sajt Gouda, Trappista )10 dkg rizsliszt5 dkg sonka (szeletelve) A h\u00fast megmossuk, lecsepegtetj\u00fck ( a karajt Read more...","og_url":"http:\/\/blog.glutenmenteschef.hu\/index.php\/2017\/10\/18\/serteskaraj-ovari-modra\/","og_site_name":"Glut\u00e9nmentes Chef blog - \u00c1tol Tibor","article_publisher":"https:\/\/www.facebook.com\/aglutenmentessef","article_author":"https:\/\/www.facebook.com\/aglutenmentessef","article_published_time":"2017-10-18T19:40:45+00:00","article_modified_time":"2020-08-26T08:19:18+00:00","author":"gmchef","twitter_card":"summary_large_image","twitter_image":"http:\/\/blog.glutenmenteschef.hu\/wp-content\/uploads\/2017\/10\/ovari-11.jpg","twitter_misc":{"Szerz\u0151:":"gmchef","Becs\u00fclt olvas\u00e1si id\u0151":"1 perc"},"schema":{"@context":"https:\/\/schema.org","@graph":[{"@type":"Article","@id":"http:\/\/blog.glutenmenteschef.hu\/index.php\/2017\/10\/18\/serteskaraj-ovari-modra\/#article","isPartOf":{"@id":"http:\/\/blog.glutenmenteschef.hu\/index.php\/2017\/10\/18\/serteskaraj-ovari-modra\/"},"author":{"name":"gmchef","@id":"https:\/\/blog.glutenmenteschef.hu\/#\/schema\/person\/c07613f0b6c0f12f90b8cb23cf32754a"},"headline":"SERT\u00c9SKARAJ \u00d3V\u00c1RI M\u00d3DRA","datePublished":"2017-10-18T19:40:45+00:00","dateModified":"2020-08-26T08:19:18+00:00","mainEntityOfPage":{"@id":"http:\/\/blog.glutenmenteschef.hu\/index.php\/2017\/10\/18\/serteskaraj-ovari-modra\/"},"wordCount":246,"commentCount":0,"publisher":{"@id":"https:\/\/blog.glutenmenteschef.hu\/#\/schema\/person\/c07613f0b6c0f12f90b8cb23cf32754a"},"image":{"@id":"http:\/\/blog.glutenmenteschef.hu\/index.php\/2017\/10\/18\/serteskaraj-ovari-modra\/#primaryimage"},"thumbnailUrl":"http:\/\/blog.glutenmenteschef.hu\/wp-content\/uploads\/2017\/10\/ovari-11.jpg","keywords":["csirkecomb fil\u00e9","glut\u00e9nmentes","gomba","\u00f3v\u00e1ri","rizsliszt","sert\u00e9skaraj"],"articleSection":["F\u0151\u00e9telek"],"inLanguage":"hu","potentialAction":[{"@type":"CommentAction","name":"Comment","target":["http:\/\/blog.glutenmenteschef.hu\/index.php\/2017\/10\/18\/serteskaraj-ovari-modra\/#respond"]}]},{"@type":"WebPage","@id":"http:\/\/blog.glutenmenteschef.hu\/index.php\/2017\/10\/18\/serteskaraj-ovari-modra\/","url":"http:\/\/blog.glutenmenteschef.hu\/index.php\/2017\/10\/18\/serteskaraj-ovari-modra\/","name":"SERT\u00c9SKARAJ \u00d3V\u00c1RI M\u00d3DRA &#8211; Glut\u00e9nmentes Chef blog - \u00c1tol Tibor","isPartOf":{"@id":"https:\/\/blog.glutenmenteschef.hu\/#website"},"primaryImageOfPage":{"@id":"http:\/\/blog.glutenmenteschef.hu\/index.php\/2017\/10\/18\/serteskaraj-ovari-modra\/#primaryimage"},"image":{"@id":"http:\/\/blog.glutenmenteschef.hu\/index.php\/2017\/10\/18\/serteskaraj-ovari-modra\/#primaryimage"},"thumbnailUrl":"http:\/\/blog.glutenmenteschef.hu\/wp-content\/uploads\/2017\/10\/ovari-11.jpg","datePublished":"2017-10-18T19:40:45+00:00","dateModified":"2020-08-26T08:19:18+00:00","breadcrumb":{"@id":"http:\/\/blog.glutenmenteschef.hu\/index.php\/2017\/10\/18\/serteskaraj-ovari-modra\/#breadcrumb"},"inLanguage":"hu","potentialAction":[{"@type":"ReadAction","target":["http:\/\/blog.glutenmenteschef.hu\/index.php\/2017\/10\/18\/serteskaraj-ovari-modra\/"]}]},{"@type":"ImageObject","inLanguage":"hu","@id":"http:\/\/blog.glutenmenteschef.hu\/index.php\/2017\/10\/18\/serteskaraj-ovari-modra\/#primaryimage","url":"http:\/\/blog.glutenmenteschef.hu\/wp-content\/uploads\/2017\/10\/ovari-11.jpg","contentUrl":"http:\/\/blog.glutenmenteschef.hu\/wp-content\/uploads\/2017\/10\/ovari-11.jpg","width":3648,"height":2736},{"@type":"BreadcrumbList","@id":"http:\/\/blog.glutenmenteschef.hu\/index.php\/2017\/10\/18\/serteskaraj-ovari-modra\/#breadcrumb","itemListElement":[{"@type":"ListItem","position":1,"name":"Home","item":"https:\/\/blog.glutenmenteschef.hu\/"},{"@type":"ListItem","position":2,"name":"SERT\u00c9SKARAJ \u00d3V\u00c1RI M\u00d3DRA"}]},{"@type":"WebSite","@id":"https:\/\/blog.glutenmenteschef.hu\/#website","url":"https:\/\/blog.glutenmenteschef.hu\/","name":"Glut\u00e9nmentes Chef blog - \u00c1tol Tibor","description":"Glut\u00e9nmentes \u00e9telek, glut\u00e9nmentes receptek, glut\u00e9nmentes vide\u00f3k","publisher":{"@id":"https:\/\/blog.glutenmenteschef.hu\/#\/schema\/person\/c07613f0b6c0f12f90b8cb23cf32754a"},"potentialAction":[{"@type":"SearchAction","target":{"@type":"EntryPoint","urlTemplate":"https:\/\/blog.glutenmenteschef.hu\/?s={search_term_string}"},"query-input":{"@type":"PropertyValueSpecification","valueRequired":true,"valueName":"search_term_string"}}],"inLanguage":"hu"},{"@type":["Person","Organization"],"@id":"https:\/\/blog.glutenmenteschef.hu\/#\/schema\/person\/c07613f0b6c0f12f90b8cb23cf32754a","name":"gmchef","image":{"@type":"ImageObject","inLanguage":"hu","@id":"https:\/\/blog.glutenmenteschef.hu\/#\/schema\/person\/image\/","url":"https:\/\/secure.gravatar.com\/avatar\/363a4977321cb6fa3321b7ac93139b68e56af77880ae9fd5a3b2e7a8279f6d74?s=96&d=mm&r=g","contentUrl":"https:\/\/secure.gravatar.com\/avatar\/363a4977321cb6fa3321b7ac93139b68e56af77880ae9fd5a3b2e7a8279f6d74?s=96&d=mm&r=g","caption":"gmchef"},"logo":{"@id":"https:\/\/blog.glutenmenteschef.hu\/#\/schema\/person\/image\/"},"sameAs":["https:\/\/www.facebook.com\/aglutenmentessef"]}]}},"_links":{"self":[{"href":"http:\/\/blog.glutenmenteschef.hu\/index.php\/wp-json\/wp\/v2\/posts\/892","targetHints":{"allow":["GET"]}}],"collection":[{"href":"http:\/\/blog.glutenmenteschef.hu\/index.php\/wp-json\/wp\/v2\/posts"}],"about":[{"href":"http:\/\/blog.glutenmenteschef.hu\/index.php\/wp-json\/wp\/v2\/types\/post"}],"author":[{"embeddable":true,"href":"http:\/\/blog.glutenmenteschef.hu\/index.php\/wp-json\/wp\/v2\/users\/1"}],"replies":[{"embeddable":true,"href":"http:\/\/blog.glutenmenteschef.hu\/index.php\/wp-json\/wp\/v2\/comments?post=892"}],"version-history":[{"count":0,"href":"http:\/\/blog.glutenmenteschef.hu\/index.php\/wp-json\/wp\/v2\/posts\/892\/revisions"}],"wp:featuredmedia":[{"embeddable":true,"href":"http:\/\/blog.glutenmenteschef.hu\/index.php\/wp-json\/wp\/v2\/media\/26736"}],"wp:attachment":[{"href":"http:\/\/blog.glutenmenteschef.hu\/index.php\/wp-json\/wp\/v2\/media?parent=892"}],"wp:term":[{"taxonomy":"category","embeddable":true,"href":"http:\/\/blog.glutenmenteschef.hu\/index.php\/wp-json\/wp\/v2\/categories?post=892"},{"taxonomy":"post_tag","embeddable":true,"href":"http:\/\/blog.glutenmenteschef.hu\/index.php\/wp-json\/wp\/v2\/tags?post=892"}],"curies":[{"name":"wp","href":"https:\/\/api.w.org\/{rel}","templated":true}]}}