{"id":881,"date":"2017-10-15T16:15:08","date_gmt":"2017-10-15T16:15:08","guid":{"rendered":"http:\/\/blog.glutenmenteschef.hu\/?p=881"},"modified":"2025-07-14T17:28:11","modified_gmt":"2025-07-14T17:28:11","slug":"rigo-jancsi-glutenmentesen","status":"publish","type":"post","link":"http:\/\/blog.glutenmenteschef.hu\/index.php\/2017\/10\/15\/rigo-jancsi-glutenmentesen\/","title":{"rendered":"RIG\u00d3 JANCSI GLUT\u00c9NMENTESEN"},"content":{"rendered":"\n<h3 class=\"wp-block-heading has-text-align-center\"><strong>Rig\u00f3 Jancsi glut\u00e9nmentesen<\/strong><\/h3>\n\n\n\n<p class=\"has-text-align-center\">A kapcsos forma m\u00e9rete 24 x 24 cm<br><br><\/p>\n\n\n\n<p>Nagy kedvencem, Rig\u00f3 Jancsi, \u00edgy csak term\u00e9szetes, hogy glut\u00e9nmentes receptem is legyen hozz\u00e1. Ha k\u00e9sz\u00edtem, akkor csak is \u00fagy, ahogy a &#8222;nagy k\u00f6nyvben&#8221; meg van \u00edrva. Ez a glut\u00e9nmentesen verzi\u00f3 teljes m\u00e9rt\u00e9kben versenyk\u00e9pes az eredeti, b\u00fazalisztessel.<br>Mivel hungarikum, \u00edgy ( f\u00e9lig-meddig ) v\u00e9dett recept. A glut\u00e9nmentess\u00e9g miatt annyit v\u00e1ltoztattam rajta, hogy a pisk\u00f3ta rizsliszttel k\u00e9sz\u00fclt, minden m\u00e1s a cukr\u00e1szsz\u00f6vets\u00e9gi le\u00edr\u00e1s alapj\u00e1n van.<br><br><br><\/p>\n\n\n<div class=\"wp-block-image\">\n<figure class=\"aligncenter is-resized\"><img loading=\"lazy\" decoding=\"async\" width=\"300\" height=\"225\" src=\"http:\/\/blog.glutenmenteschef.hu\/wp-content\/uploads\/2017\/10\/Rigo-Jancsi-3-300x225.jpg\" alt=\"\" class=\"wp-image-4058\" style=\"width:500px\" srcset=\"http:\/\/blog.glutenmenteschef.hu\/wp-content\/uploads\/2017\/10\/Rigo-Jancsi-3-300x225.jpg 300w, http:\/\/blog.glutenmenteschef.hu\/wp-content\/uploads\/2017\/10\/Rigo-Jancsi-3-768x576.jpg 768w\" sizes=\"auto, (max-width: 300px) 100vw, 300px\" \/><figcaption class=\"wp-element-caption\">Rig\u00f3 Jancsi glut\u00e9nmentesen<\/figcaption><\/figure>\n<\/div>\n\n\n<p><\/p>\n\n\n\n<p class=\"has-text-align-center\"><strong>Pisk\u00f3ta hozz\u00e1val\u00f3i:<\/strong><br> 5 db L-es m\u00e9ret\u0171 ( 60-65 g ) toj\u00e1s<br> ( ha kisebb a toj\u00e1s, akkor az \u00f6sszs\u00falyt 5 x 60 g vegy\u00fck figyelembe )<br> 100 g cukor<br> 100 g rizsliszt<br> 25 g kaka\u00f3por<br> 20 g olvasztott vaj \/ n\u00f6v\u00e9nyi vajalternat\u00edva<\/p>\n\n\n\n<p class=\"has-text-align-center\"><strong>Csoki kr\u00e9m \u00e9s tet\u0151 hozz\u00e1val\u00f3i:<\/strong><br> 1000 ml habtejsz\u00edn \/ n\u00f6v\u00e9nyi habalap ( pl.: Schlagfix )<br> 150 + 300 g&nbsp; 70%-os \u00e9tcsokol\u00e1d\u00e9<br> ( de minimum 50 %-os legyen, k\u00fcl\u00f6nben nem \u00e1ll meg a kr\u00e9m )<br> 120 g porcukor<br><br><br><\/p>\n\n\n\n<p>A toj\u00e1sokat v\u00e1lasszuk kett\u00e9.<br>A s\u00e1rg\u00e1j\u00e1t a cukor 1\/3-val keverj\u00fck egynem\u0171v\u00e9. A feh\u00e9rj\u00e9t a cukor 2\/3-val verj\u00fck f\u00e9lkem\u00e9ny habb\u00e1, majd forgassuk a s\u00e1rg\u00e1j\u00e1hoz.<\/p>\n\n\n\n<p>A rizslisztet szit\u00e1ljuk \u00f6ssze a kaka\u00f3porral, majd \u00f3vatosan keverj\u00fck bele a toj\u00e1shabos massz\u00e1ba \u00fagy, hogy a habot min\u00e9l kev\u00e9sb\u00e9 t\u00f6rj\u00fck \u00f6ssze. Itt a legv\u00e9g\u00e9n n\u00e9h\u00e1ny mozdulattal keverj\u00fck bele a k\u00e9zmeleg olvasztott vajat.<\/p>\n\n\n\n<p> Magas fal\u00fa tepsit kib\u00e9lel\u00fcnk s\u00fct\u0151pap\u00edrral \u00e9s bele\u00f6ntj\u00fck a t\u00e9szt\u00e1t. 150 fokos s\u00fct\u0151ben k\u00e9szre s\u00fctj\u00fck ( t\u0171pr\u00f3ba ).<\/p>\n\n\n\n<p>Miut\u00e1n kih\u0171lt, kett\u00e9v\u00e1gjuk.<br><br><\/p>\n\n\n<div class=\"wp-block-image\">\n<figure class=\"aligncenter is-resized\"><img loading=\"lazy\" decoding=\"async\" width=\"300\" height=\"225\" src=\"http:\/\/blog.glutenmenteschef.hu\/wp-content\/uploads\/2017\/10\/piskota-csokis-2-k-300x225.jpg\" alt=\"\" class=\"wp-image-876\" style=\"width:500px\"\/><figcaption class=\"wp-element-caption\"><br><\/figcaption><\/figure>\n<\/div>\n\n\n<p><\/p>\n\n\n\n<p><strong>A csokol\u00e1d\u00e9 tet\u0151 elk\u00e9sz\u00edt\u00e9se:<\/strong><br> A 150 g csokol\u00e1d\u00e9t apr\u00f3 darabokra \u00f6sszet\u00f6rj\u00fck.<br>Ebb\u0151l 100 g-ot v\u00edzg\u0151z felett felolvasztunk, majd levessz\u00fck a melegr\u0151l \u00e9s a marad\u00e9k 50 g-ot is hozz\u00e1adjuk \u00e9s addig kevergetj\u00fck, m\u00edg az el nem olvad.<\/p>\n\n\n\n<p> A kett\u00e9v\u00e1gott pisk\u00f3ta egyik fel\u00e9re r\u00e1sim\u00edtjuk a felolvasztott ( temper\u00e1lt ) csokit. Ez lesz a s\u00fcti teteje. F\u00e9lre tessz\u00fck, hogy megdermedjen.<\/p>\n\n\n\n<p><strong>A csokol\u00e1d\u00e9 kr\u00e9m elk\u00e9sz\u00edt\u00e9se:<\/strong><br> A csokol\u00e1d\u00e9 m\u00e1sik fel\u00e9t ( 300 g ) v\u00edzg\u0151z felett felolvasztjuk, de vigy\u00e1zzunk, mert 50 fok felett kicsap\u00f3dik \u00e9s t\u00f6nkremegy. Majd 30 fokosra visszah\u0171tj\u00fck. Ezalatt a tejsz\u00ednt habb\u00e1 verj\u00fck.<\/p>\n\n\n\n<p>Az olvasztott \u00e9s visszah\u0171t\u00f6tt \u00e9tcsokol\u00e1d\u00e9t a tejsz\u00ednhab 20%-val \u00e9s a porcukorral egynem\u0171, habos massz\u00e1v\u00e1 keverj\u00fck hat\u00e1rozott mozdulatokkal, majd a t\u00f6bbi habbal \u00f3vatosan laz\u00edtjuk.<\/p>\n\n\n\n<p>A pisk\u00f3ta alj\u00e1t a kapcsos keretbe tessz\u00fck \u00e9s r\u00e1\u00f6ntj\u00fck a csokol\u00e1d\u00e9habot. Ezut\u00e1n l\u00e9gmentesen lez\u00e1rva h\u0171t\u0151szekr\u00e9nybe tessz\u00fck legal\u00e1bb 3 \u00f3ra hossz\u00e1ra.<\/p>\n\n\n\n<p>Ha a csokis tet\u0151 megdermedt, egyenletes kock\u00e1kra v\u00e1gjuk \u00e9s az el\u0151z\u0151leg beh\u0171t\u00f6tt csokol\u00e1d\u00e9hab tetej\u00e9re tessz\u00fck.<br><br><\/p>\n\n\n<div class=\"wp-block-image\">\n<figure class=\"aligncenter is-resized\"><img loading=\"lazy\" decoding=\"async\" width=\"300\" height=\"225\" src=\"http:\/\/blog.glutenmenteschef.hu\/wp-content\/uploads\/2017\/10\/rig\u00f3-jancsi-1-300x225.jpg\" alt=\"\" class=\"wp-image-883\" style=\"width:500px\" srcset=\"http:\/\/blog.glutenmenteschef.hu\/wp-content\/uploads\/2017\/10\/rig\u00f3-jancsi-1-300x225.jpg 300w, http:\/\/blog.glutenmenteschef.hu\/wp-content\/uploads\/2017\/10\/rig\u00f3-jancsi-1-768x576.jpg 768w, http:\/\/blog.glutenmenteschef.hu\/wp-content\/uploads\/2017\/10\/rig\u00f3-jancsi-1.jpg 1920w\" sizes=\"auto, (max-width: 300px) 100vw, 300px\" \/><figcaption class=\"wp-element-caption\"><br><br><\/figcaption><\/figure>\n<\/div>\n\n\n<p><\/p>\n\n\n<div class=\"wp-block-image\">\n<figure class=\"aligncenter is-resized\"><img loading=\"lazy\" decoding=\"async\" width=\"300\" height=\"225\" src=\"http:\/\/blog.glutenmenteschef.hu\/wp-content\/uploads\/2017\/10\/rigo-jancsi-kicsi-300x225.jpg\" alt=\"\" class=\"wp-image-874\" style=\"width:500px\" srcset=\"http:\/\/blog.glutenmenteschef.hu\/wp-content\/uploads\/2017\/10\/rigo-jancsi-kicsi-300x225.jpg 300w, http:\/\/blog.glutenmenteschef.hu\/wp-content\/uploads\/2017\/10\/rigo-jancsi-kicsi-768x576.jpg 768w, http:\/\/blog.glutenmenteschef.hu\/wp-content\/uploads\/2017\/10\/rigo-jancsi-kicsi.jpg 1920w\" sizes=\"auto, (max-width: 300px) 100vw, 300px\" \/><\/figure>\n<\/div>\n\n\n<p><\/p>\n","protected":false},"excerpt":{"rendered":"<p>Rig\u00f3 Jancsi glut\u00e9nmentesen A kapcsos forma m\u00e9rete 24 x 24 cm Nagy kedvencem, Rig\u00f3 Jancsi, \u00edgy csak term\u00e9szetes, hogy glut\u00e9nmentes receptem is legyen hozz\u00e1. Ha k\u00e9sz\u00edtem, akkor csak is \u00fagy, ahogy a &#8222;nagy k\u00f6nyvben&#8221; meg van \u00edrva. Ez a glut\u00e9nmentesen verzi\u00f3 teljes m\u00e9rt\u00e9kben versenyk\u00e9pes az eredeti, b\u00fazalisztessel.Mivel hungarikum, \u00edgy ( f\u00e9lig-meddig ) v\u00e9dett recept. A <br \/><a class=\"more\" href=\"http:\/\/blog.glutenmenteschef.hu\/index.php\/2017\/10\/15\/rigo-jancsi-glutenmentesen\/\">Read more&#8230; <\/a><\/p>\n","protected":false},"author":1,"featured_media":4059,"comment_status":"open","ping_status":"open","sticky":false,"template":"","format":"standard","meta":{"footnotes":""},"categories":[27,335],"tags":[260,43,5,158,190],"class_list":["post-881","post","type-post","status-publish","format-standard","has-post-thumbnail","hentry","category-desszert","category-rizslisztbol-keszitettem","tag-csoki-krem","tag-csokis-piskota","tag-glutenmentes","tag-piskota","tag-rizsliszt"],"yoast_head":"<!-- This site is optimized with the Yoast SEO plugin v26.5 - https:\/\/yoast.com\/wordpress\/plugins\/seo\/ -->\n<title>RIG\u00d3 JANCSI GLUT\u00c9NMENTESEN &#8211; Glut\u00e9nmentes Chef blog - \u00c1tol Tibor<\/title>\n<meta name=\"description\" content=\"Nagy kedvencem, Rig\u00f3 Jancsi, \u00edgy csak term\u00e9szetes, hogy glut\u00e9nmentes receptem is legyen hozz\u00e1. Ha k\u00e9sz\u00edtem, akkor csak is \u00fagy, ahogy a &quot;nagy k\u00f6nyvben&quot; meg van \u00edrva. Ez a glut\u00e9nmentesen verzi\u00f3 teljes m\u00e9rt\u00e9kben versenyk\u00e9pes az eredeti, b\u00fazalisztessel.Mivel hungarikum, \u00edgy ( f\u00e9lig-meddig ) v\u00e9dett recept. A glut\u00e9nmentess\u00e9g miatt annyit v\u00e1ltoztattam rajta, hogy a pisk\u00f3ta rizsliszttel k\u00e9sz\u00fclt, minden m\u00e1s a cukr\u00e1szsz\u00f6vets\u00e9gi le\u00edr\u00e1s alapj\u00e1n van.\" \/>\n<meta name=\"robots\" content=\"index, follow, max-snippet:-1, max-image-preview:large, max-video-preview:-1\" \/>\n<link rel=\"canonical\" href=\"http:\/\/blog.glutenmenteschef.hu\/index.php\/2017\/10\/15\/rigo-jancsi-glutenmentesen\/\" \/>\n<meta property=\"og:locale\" content=\"hu_HU\" \/>\n<meta property=\"og:type\" content=\"article\" \/>\n<meta property=\"og:title\" content=\"RIG\u00d3 JANCSI GLUT\u00c9NMENTESEN &#8211; Glut\u00e9nmentes Chef blog - \u00c1tol Tibor\" \/>\n<meta property=\"og:description\" content=\"Nagy kedvencem, Rig\u00f3 Jancsi, \u00edgy csak term\u00e9szetes, hogy glut\u00e9nmentes receptem is legyen hozz\u00e1. Ha k\u00e9sz\u00edtem, akkor csak is \u00fagy, ahogy a &quot;nagy k\u00f6nyvben&quot; meg van \u00edrva. Ez a glut\u00e9nmentesen verzi\u00f3 teljes m\u00e9rt\u00e9kben versenyk\u00e9pes az eredeti, b\u00fazalisztessel.Mivel hungarikum, \u00edgy ( f\u00e9lig-meddig ) v\u00e9dett recept. A glut\u00e9nmentess\u00e9g miatt annyit v\u00e1ltoztattam rajta, hogy a pisk\u00f3ta rizsliszttel k\u00e9sz\u00fclt, minden m\u00e1s a cukr\u00e1szsz\u00f6vets\u00e9gi le\u00edr\u00e1s alapj\u00e1n van.\" \/>\n<meta property=\"og:url\" content=\"http:\/\/blog.glutenmenteschef.hu\/index.php\/2017\/10\/15\/rigo-jancsi-glutenmentesen\/\" \/>\n<meta property=\"og:site_name\" content=\"Glut\u00e9nmentes Chef blog - \u00c1tol Tibor\" \/>\n<meta property=\"article:publisher\" content=\"https:\/\/www.facebook.com\/aglutenmentessef\" \/>\n<meta property=\"article:author\" content=\"https:\/\/www.facebook.com\/aglutenmentessef\" \/>\n<meta property=\"article:published_time\" content=\"2017-10-15T16:15:08+00:00\" \/>\n<meta property=\"article:modified_time\" content=\"2025-07-14T17:28:11+00:00\" \/>\n<meta name=\"author\" content=\"gmchef\" \/>\n<meta name=\"twitter:card\" content=\"summary_large_image\" \/>\n<meta name=\"twitter:image\" content=\"http:\/\/blog.glutenmenteschef.hu\/wp-content\/uploads\/2017\/10\/Rigo-Jancsi-2-1-e1515340546989.jpg\" \/>\n<meta name=\"twitter:label1\" content=\"Szerz\u0151:\" \/>\n\t<meta name=\"twitter:data1\" content=\"gmchef\" \/>\n\t<meta name=\"twitter:label2\" content=\"Becs\u00fclt olvas\u00e1si id\u0151\" \/>\n\t<meta name=\"twitter:data2\" content=\"3 perc\" \/>\n<script type=\"application\/ld+json\" class=\"yoast-schema-graph\">{\"@context\":\"https:\/\/schema.org\",\"@graph\":[{\"@type\":\"Article\",\"@id\":\"http:\/\/blog.glutenmenteschef.hu\/index.php\/2017\/10\/15\/rigo-jancsi-glutenmentesen\/#article\",\"isPartOf\":{\"@id\":\"http:\/\/blog.glutenmenteschef.hu\/index.php\/2017\/10\/15\/rigo-jancsi-glutenmentesen\/\"},\"author\":{\"name\":\"gmchef\",\"@id\":\"https:\/\/blog.glutenmenteschef.hu\/#\/schema\/person\/c07613f0b6c0f12f90b8cb23cf32754a\"},\"headline\":\"RIG\u00d3 JANCSI GLUT\u00c9NMENTESEN\",\"datePublished\":\"2017-10-15T16:15:08+00:00\",\"dateModified\":\"2025-07-14T17:28:11+00:00\",\"mainEntityOfPage\":{\"@id\":\"http:\/\/blog.glutenmenteschef.hu\/index.php\/2017\/10\/15\/rigo-jancsi-glutenmentesen\/\"},\"wordCount\":522,\"commentCount\":0,\"publisher\":{\"@id\":\"https:\/\/blog.glutenmenteschef.hu\/#\/schema\/person\/c07613f0b6c0f12f90b8cb23cf32754a\"},\"image\":{\"@id\":\"http:\/\/blog.glutenmenteschef.hu\/index.php\/2017\/10\/15\/rigo-jancsi-glutenmentesen\/#primaryimage\"},\"thumbnailUrl\":\"http:\/\/blog.glutenmenteschef.hu\/wp-content\/uploads\/2017\/10\/Rigo-Jancsi-2-1-e1515340546989.jpg\",\"keywords\":[\"csoki kr\u00e9m\",\"csokis pisk\u00f3ta\",\"glut\u00e9nmentes\",\"pisk\u00f3ta\",\"rizsliszt\"],\"articleSection\":[\"Desszert-S\u00fctem\u00e9ny\",\"Rizslisztb\u0151l k\u00e9sz\u00edtettem\"],\"inLanguage\":\"hu\",\"potentialAction\":[{\"@type\":\"CommentAction\",\"name\":\"Comment\",\"target\":[\"http:\/\/blog.glutenmenteschef.hu\/index.php\/2017\/10\/15\/rigo-jancsi-glutenmentesen\/#respond\"]}]},{\"@type\":\"WebPage\",\"@id\":\"http:\/\/blog.glutenmenteschef.hu\/index.php\/2017\/10\/15\/rigo-jancsi-glutenmentesen\/\",\"url\":\"http:\/\/blog.glutenmenteschef.hu\/index.php\/2017\/10\/15\/rigo-jancsi-glutenmentesen\/\",\"name\":\"RIG\u00d3 JANCSI GLUT\u00c9NMENTESEN &#8211; Glut\u00e9nmentes Chef blog - \u00c1tol Tibor\",\"isPartOf\":{\"@id\":\"https:\/\/blog.glutenmenteschef.hu\/#website\"},\"primaryImageOfPage\":{\"@id\":\"http:\/\/blog.glutenmenteschef.hu\/index.php\/2017\/10\/15\/rigo-jancsi-glutenmentesen\/#primaryimage\"},\"image\":{\"@id\":\"http:\/\/blog.glutenmenteschef.hu\/index.php\/2017\/10\/15\/rigo-jancsi-glutenmentesen\/#primaryimage\"},\"thumbnailUrl\":\"http:\/\/blog.glutenmenteschef.hu\/wp-content\/uploads\/2017\/10\/Rigo-Jancsi-2-1-e1515340546989.jpg\",\"datePublished\":\"2017-10-15T16:15:08+00:00\",\"dateModified\":\"2025-07-14T17:28:11+00:00\",\"description\":\"Nagy kedvencem, Rig\u00f3 Jancsi, \u00edgy csak term\u00e9szetes, hogy glut\u00e9nmentes receptem is legyen hozz\u00e1. Ha k\u00e9sz\u00edtem, akkor csak is \u00fagy, ahogy a \\\"nagy k\u00f6nyvben\\\" meg van \u00edrva. Ez a glut\u00e9nmentesen verzi\u00f3 teljes m\u00e9rt\u00e9kben versenyk\u00e9pes az eredeti, b\u00fazalisztessel.Mivel hungarikum, \u00edgy ( f\u00e9lig-meddig ) v\u00e9dett recept. A glut\u00e9nmentess\u00e9g miatt annyit v\u00e1ltoztattam rajta, hogy a pisk\u00f3ta rizsliszttel k\u00e9sz\u00fclt, minden m\u00e1s a cukr\u00e1szsz\u00f6vets\u00e9gi le\u00edr\u00e1s alapj\u00e1n van.\",\"breadcrumb\":{\"@id\":\"http:\/\/blog.glutenmenteschef.hu\/index.php\/2017\/10\/15\/rigo-jancsi-glutenmentesen\/#breadcrumb\"},\"inLanguage\":\"hu\",\"potentialAction\":[{\"@type\":\"ReadAction\",\"target\":[\"http:\/\/blog.glutenmenteschef.hu\/index.php\/2017\/10\/15\/rigo-jancsi-glutenmentesen\/\"]}]},{\"@type\":\"ImageObject\",\"inLanguage\":\"hu\",\"@id\":\"http:\/\/blog.glutenmenteschef.hu\/index.php\/2017\/10\/15\/rigo-jancsi-glutenmentesen\/#primaryimage\",\"url\":\"http:\/\/blog.glutenmenteschef.hu\/wp-content\/uploads\/2017\/10\/Rigo-Jancsi-2-1-e1515340546989.jpg\",\"contentUrl\":\"http:\/\/blog.glutenmenteschef.hu\/wp-content\/uploads\/2017\/10\/Rigo-Jancsi-2-1-e1515340546989.jpg\",\"width\":900,\"height\":675},{\"@type\":\"BreadcrumbList\",\"@id\":\"http:\/\/blog.glutenmenteschef.hu\/index.php\/2017\/10\/15\/rigo-jancsi-glutenmentesen\/#breadcrumb\",\"itemListElement\":[{\"@type\":\"ListItem\",\"position\":1,\"name\":\"Home\",\"item\":\"https:\/\/blog.glutenmenteschef.hu\/\"},{\"@type\":\"ListItem\",\"position\":2,\"name\":\"RIG\u00d3 JANCSI GLUT\u00c9NMENTESEN\"}]},{\"@type\":\"WebSite\",\"@id\":\"https:\/\/blog.glutenmenteschef.hu\/#website\",\"url\":\"https:\/\/blog.glutenmenteschef.hu\/\",\"name\":\"Glut\u00e9nmentes Chef blog - \u00c1tol Tibor\",\"description\":\"Glut\u00e9nmentes \u00e9telek, glut\u00e9nmentes receptek, glut\u00e9nmentes vide\u00f3k\",\"publisher\":{\"@id\":\"https:\/\/blog.glutenmenteschef.hu\/#\/schema\/person\/c07613f0b6c0f12f90b8cb23cf32754a\"},\"potentialAction\":[{\"@type\":\"SearchAction\",\"target\":{\"@type\":\"EntryPoint\",\"urlTemplate\":\"https:\/\/blog.glutenmenteschef.hu\/?s={search_term_string}\"},\"query-input\":{\"@type\":\"PropertyValueSpecification\",\"valueRequired\":true,\"valueName\":\"search_term_string\"}}],\"inLanguage\":\"hu\"},{\"@type\":[\"Person\",\"Organization\"],\"@id\":\"https:\/\/blog.glutenmenteschef.hu\/#\/schema\/person\/c07613f0b6c0f12f90b8cb23cf32754a\",\"name\":\"gmchef\",\"image\":{\"@type\":\"ImageObject\",\"inLanguage\":\"hu\",\"@id\":\"https:\/\/blog.glutenmenteschef.hu\/#\/schema\/person\/image\/\",\"url\":\"https:\/\/secure.gravatar.com\/avatar\/363a4977321cb6fa3321b7ac93139b68e56af77880ae9fd5a3b2e7a8279f6d74?s=96&d=mm&r=g\",\"contentUrl\":\"https:\/\/secure.gravatar.com\/avatar\/363a4977321cb6fa3321b7ac93139b68e56af77880ae9fd5a3b2e7a8279f6d74?s=96&d=mm&r=g\",\"caption\":\"gmchef\"},\"logo\":{\"@id\":\"https:\/\/blog.glutenmenteschef.hu\/#\/schema\/person\/image\/\"},\"sameAs\":[\"https:\/\/www.facebook.com\/aglutenmentessef\"]}]}<\/script>\n<!-- \/ Yoast SEO plugin. -->","yoast_head_json":{"title":"RIG\u00d3 JANCSI GLUT\u00c9NMENTESEN &#8211; Glut\u00e9nmentes Chef blog - \u00c1tol Tibor","description":"Nagy kedvencem, Rig\u00f3 Jancsi, \u00edgy csak term\u00e9szetes, hogy glut\u00e9nmentes receptem is legyen hozz\u00e1. Ha k\u00e9sz\u00edtem, akkor csak is \u00fagy, ahogy a \"nagy k\u00f6nyvben\" meg van \u00edrva. Ez a glut\u00e9nmentesen verzi\u00f3 teljes m\u00e9rt\u00e9kben versenyk\u00e9pes az eredeti, b\u00fazalisztessel.Mivel hungarikum, \u00edgy ( f\u00e9lig-meddig ) v\u00e9dett recept. A glut\u00e9nmentess\u00e9g miatt annyit v\u00e1ltoztattam rajta, hogy a pisk\u00f3ta rizsliszttel k\u00e9sz\u00fclt, minden m\u00e1s a cukr\u00e1szsz\u00f6vets\u00e9gi le\u00edr\u00e1s alapj\u00e1n van.","robots":{"index":"index","follow":"follow","max-snippet":"max-snippet:-1","max-image-preview":"max-image-preview:large","max-video-preview":"max-video-preview:-1"},"canonical":"http:\/\/blog.glutenmenteschef.hu\/index.php\/2017\/10\/15\/rigo-jancsi-glutenmentesen\/","og_locale":"hu_HU","og_type":"article","og_title":"RIG\u00d3 JANCSI GLUT\u00c9NMENTESEN &#8211; Glut\u00e9nmentes Chef blog - \u00c1tol Tibor","og_description":"Nagy kedvencem, Rig\u00f3 Jancsi, \u00edgy csak term\u00e9szetes, hogy glut\u00e9nmentes receptem is legyen hozz\u00e1. Ha k\u00e9sz\u00edtem, akkor csak is \u00fagy, ahogy a \"nagy k\u00f6nyvben\" meg van \u00edrva. Ez a glut\u00e9nmentesen verzi\u00f3 teljes m\u00e9rt\u00e9kben versenyk\u00e9pes az eredeti, b\u00fazalisztessel.Mivel hungarikum, \u00edgy ( f\u00e9lig-meddig ) v\u00e9dett recept. A glut\u00e9nmentess\u00e9g miatt annyit v\u00e1ltoztattam rajta, hogy a pisk\u00f3ta rizsliszttel k\u00e9sz\u00fclt, minden m\u00e1s a cukr\u00e1szsz\u00f6vets\u00e9gi le\u00edr\u00e1s alapj\u00e1n van.","og_url":"http:\/\/blog.glutenmenteschef.hu\/index.php\/2017\/10\/15\/rigo-jancsi-glutenmentesen\/","og_site_name":"Glut\u00e9nmentes Chef blog - \u00c1tol Tibor","article_publisher":"https:\/\/www.facebook.com\/aglutenmentessef","article_author":"https:\/\/www.facebook.com\/aglutenmentessef","article_published_time":"2017-10-15T16:15:08+00:00","article_modified_time":"2025-07-14T17:28:11+00:00","author":"gmchef","twitter_card":"summary_large_image","twitter_image":"http:\/\/blog.glutenmenteschef.hu\/wp-content\/uploads\/2017\/10\/Rigo-Jancsi-2-1-e1515340546989.jpg","twitter_misc":{"Szerz\u0151:":"gmchef","Becs\u00fclt olvas\u00e1si id\u0151":"3 perc"},"schema":{"@context":"https:\/\/schema.org","@graph":[{"@type":"Article","@id":"http:\/\/blog.glutenmenteschef.hu\/index.php\/2017\/10\/15\/rigo-jancsi-glutenmentesen\/#article","isPartOf":{"@id":"http:\/\/blog.glutenmenteschef.hu\/index.php\/2017\/10\/15\/rigo-jancsi-glutenmentesen\/"},"author":{"name":"gmchef","@id":"https:\/\/blog.glutenmenteschef.hu\/#\/schema\/person\/c07613f0b6c0f12f90b8cb23cf32754a"},"headline":"RIG\u00d3 JANCSI GLUT\u00c9NMENTESEN","datePublished":"2017-10-15T16:15:08+00:00","dateModified":"2025-07-14T17:28:11+00:00","mainEntityOfPage":{"@id":"http:\/\/blog.glutenmenteschef.hu\/index.php\/2017\/10\/15\/rigo-jancsi-glutenmentesen\/"},"wordCount":522,"commentCount":0,"publisher":{"@id":"https:\/\/blog.glutenmenteschef.hu\/#\/schema\/person\/c07613f0b6c0f12f90b8cb23cf32754a"},"image":{"@id":"http:\/\/blog.glutenmenteschef.hu\/index.php\/2017\/10\/15\/rigo-jancsi-glutenmentesen\/#primaryimage"},"thumbnailUrl":"http:\/\/blog.glutenmenteschef.hu\/wp-content\/uploads\/2017\/10\/Rigo-Jancsi-2-1-e1515340546989.jpg","keywords":["csoki kr\u00e9m","csokis pisk\u00f3ta","glut\u00e9nmentes","pisk\u00f3ta","rizsliszt"],"articleSection":["Desszert-S\u00fctem\u00e9ny","Rizslisztb\u0151l k\u00e9sz\u00edtettem"],"inLanguage":"hu","potentialAction":[{"@type":"CommentAction","name":"Comment","target":["http:\/\/blog.glutenmenteschef.hu\/index.php\/2017\/10\/15\/rigo-jancsi-glutenmentesen\/#respond"]}]},{"@type":"WebPage","@id":"http:\/\/blog.glutenmenteschef.hu\/index.php\/2017\/10\/15\/rigo-jancsi-glutenmentesen\/","url":"http:\/\/blog.glutenmenteschef.hu\/index.php\/2017\/10\/15\/rigo-jancsi-glutenmentesen\/","name":"RIG\u00d3 JANCSI GLUT\u00c9NMENTESEN &#8211; Glut\u00e9nmentes Chef blog - \u00c1tol Tibor","isPartOf":{"@id":"https:\/\/blog.glutenmenteschef.hu\/#website"},"primaryImageOfPage":{"@id":"http:\/\/blog.glutenmenteschef.hu\/index.php\/2017\/10\/15\/rigo-jancsi-glutenmentesen\/#primaryimage"},"image":{"@id":"http:\/\/blog.glutenmenteschef.hu\/index.php\/2017\/10\/15\/rigo-jancsi-glutenmentesen\/#primaryimage"},"thumbnailUrl":"http:\/\/blog.glutenmenteschef.hu\/wp-content\/uploads\/2017\/10\/Rigo-Jancsi-2-1-e1515340546989.jpg","datePublished":"2017-10-15T16:15:08+00:00","dateModified":"2025-07-14T17:28:11+00:00","description":"Nagy kedvencem, Rig\u00f3 Jancsi, \u00edgy csak term\u00e9szetes, hogy glut\u00e9nmentes receptem is legyen hozz\u00e1. Ha k\u00e9sz\u00edtem, akkor csak is \u00fagy, ahogy a \"nagy k\u00f6nyvben\" meg van \u00edrva. Ez a glut\u00e9nmentesen verzi\u00f3 teljes m\u00e9rt\u00e9kben versenyk\u00e9pes az eredeti, b\u00fazalisztessel.Mivel hungarikum, \u00edgy ( f\u00e9lig-meddig ) v\u00e9dett recept. A glut\u00e9nmentess\u00e9g miatt annyit v\u00e1ltoztattam rajta, hogy a pisk\u00f3ta rizsliszttel k\u00e9sz\u00fclt, minden m\u00e1s a cukr\u00e1szsz\u00f6vets\u00e9gi le\u00edr\u00e1s alapj\u00e1n van.","breadcrumb":{"@id":"http:\/\/blog.glutenmenteschef.hu\/index.php\/2017\/10\/15\/rigo-jancsi-glutenmentesen\/#breadcrumb"},"inLanguage":"hu","potentialAction":[{"@type":"ReadAction","target":["http:\/\/blog.glutenmenteschef.hu\/index.php\/2017\/10\/15\/rigo-jancsi-glutenmentesen\/"]}]},{"@type":"ImageObject","inLanguage":"hu","@id":"http:\/\/blog.glutenmenteschef.hu\/index.php\/2017\/10\/15\/rigo-jancsi-glutenmentesen\/#primaryimage","url":"http:\/\/blog.glutenmenteschef.hu\/wp-content\/uploads\/2017\/10\/Rigo-Jancsi-2-1-e1515340546989.jpg","contentUrl":"http:\/\/blog.glutenmenteschef.hu\/wp-content\/uploads\/2017\/10\/Rigo-Jancsi-2-1-e1515340546989.jpg","width":900,"height":675},{"@type":"BreadcrumbList","@id":"http:\/\/blog.glutenmenteschef.hu\/index.php\/2017\/10\/15\/rigo-jancsi-glutenmentesen\/#breadcrumb","itemListElement":[{"@type":"ListItem","position":1,"name":"Home","item":"https:\/\/blog.glutenmenteschef.hu\/"},{"@type":"ListItem","position":2,"name":"RIG\u00d3 JANCSI GLUT\u00c9NMENTESEN"}]},{"@type":"WebSite","@id":"https:\/\/blog.glutenmenteschef.hu\/#website","url":"https:\/\/blog.glutenmenteschef.hu\/","name":"Glut\u00e9nmentes Chef blog - \u00c1tol Tibor","description":"Glut\u00e9nmentes \u00e9telek, glut\u00e9nmentes receptek, glut\u00e9nmentes vide\u00f3k","publisher":{"@id":"https:\/\/blog.glutenmenteschef.hu\/#\/schema\/person\/c07613f0b6c0f12f90b8cb23cf32754a"},"potentialAction":[{"@type":"SearchAction","target":{"@type":"EntryPoint","urlTemplate":"https:\/\/blog.glutenmenteschef.hu\/?s={search_term_string}"},"query-input":{"@type":"PropertyValueSpecification","valueRequired":true,"valueName":"search_term_string"}}],"inLanguage":"hu"},{"@type":["Person","Organization"],"@id":"https:\/\/blog.glutenmenteschef.hu\/#\/schema\/person\/c07613f0b6c0f12f90b8cb23cf32754a","name":"gmchef","image":{"@type":"ImageObject","inLanguage":"hu","@id":"https:\/\/blog.glutenmenteschef.hu\/#\/schema\/person\/image\/","url":"https:\/\/secure.gravatar.com\/avatar\/363a4977321cb6fa3321b7ac93139b68e56af77880ae9fd5a3b2e7a8279f6d74?s=96&d=mm&r=g","contentUrl":"https:\/\/secure.gravatar.com\/avatar\/363a4977321cb6fa3321b7ac93139b68e56af77880ae9fd5a3b2e7a8279f6d74?s=96&d=mm&r=g","caption":"gmchef"},"logo":{"@id":"https:\/\/blog.glutenmenteschef.hu\/#\/schema\/person\/image\/"},"sameAs":["https:\/\/www.facebook.com\/aglutenmentessef"]}]}},"_links":{"self":[{"href":"http:\/\/blog.glutenmenteschef.hu\/index.php\/wp-json\/wp\/v2\/posts\/881","targetHints":{"allow":["GET"]}}],"collection":[{"href":"http:\/\/blog.glutenmenteschef.hu\/index.php\/wp-json\/wp\/v2\/posts"}],"about":[{"href":"http:\/\/blog.glutenmenteschef.hu\/index.php\/wp-json\/wp\/v2\/types\/post"}],"author":[{"embeddable":true,"href":"http:\/\/blog.glutenmenteschef.hu\/index.php\/wp-json\/wp\/v2\/users\/1"}],"replies":[{"embeddable":true,"href":"http:\/\/blog.glutenmenteschef.hu\/index.php\/wp-json\/wp\/v2\/comments?post=881"}],"version-history":[{"count":4,"href":"http:\/\/blog.glutenmenteschef.hu\/index.php\/wp-json\/wp\/v2\/posts\/881\/revisions"}],"predecessor-version":[{"id":31649,"href":"http:\/\/blog.glutenmenteschef.hu\/index.php\/wp-json\/wp\/v2\/posts\/881\/revisions\/31649"}],"wp:featuredmedia":[{"embeddable":true,"href":"http:\/\/blog.glutenmenteschef.hu\/index.php\/wp-json\/wp\/v2\/media\/4059"}],"wp:attachment":[{"href":"http:\/\/blog.glutenmenteschef.hu\/index.php\/wp-json\/wp\/v2\/media?parent=881"}],"wp:term":[{"taxonomy":"category","embeddable":true,"href":"http:\/\/blog.glutenmenteschef.hu\/index.php\/wp-json\/wp\/v2\/categories?post=881"},{"taxonomy":"post_tag","embeddable":true,"href":"http:\/\/blog.glutenmenteschef.hu\/index.php\/wp-json\/wp\/v2\/tags?post=881"}],"curies":[{"name":"wp","href":"https:\/\/api.w.org\/{rel}","templated":true}]}}