{"id":872,"date":"2017-10-15T14:17:45","date_gmt":"2017-10-15T14:17:45","guid":{"rendered":"http:\/\/blog.glutenmenteschef.hu\/?p=872"},"modified":"2023-06-18T17:17:36","modified_gmt":"2023-06-18T17:17:36","slug":"csokis-piskota-alaprecept","status":"publish","type":"post","link":"http:\/\/blog.glutenmenteschef.hu\/index.php\/2017\/10\/15\/csokis-piskota-alaprecept\/","title":{"rendered":"KAKA\u00d3S PISK\u00d3TA GLUT\u00c9NMENTESEN &#8211; ALAPRECEPT"},"content":{"rendered":"\n<h3 class=\"has-text-align-center wp-block-heading\"><strong>Kaka\u00f3s Pisk\u00f3ta Glut\u00e9nmentesen &#8211; alaprecept<\/strong> <strong>22 cm-es tortaform\u00e1hoz<\/strong><br><br><\/h3>\n\n\n\n<div class=\"wp-block-image\"><figure class=\"aligncenter size-full is-resized\"><img loading=\"lazy\" decoding=\"async\" src=\"https:\/\/blog.glutenmenteschef.hu\/wp-content\/uploads\/2023\/06\/Kakaos-piskota-3.jpg\" alt=\"\" class=\"wp-image-30679\" width=\"512\" height=\"375\" srcset=\"http:\/\/blog.glutenmenteschef.hu\/wp-content\/uploads\/2023\/06\/Kakaos-piskota-3.jpg 1024w, http:\/\/blog.glutenmenteschef.hu\/wp-content\/uploads\/2023\/06\/Kakaos-piskota-3-300x219.jpg 300w, http:\/\/blog.glutenmenteschef.hu\/wp-content\/uploads\/2023\/06\/Kakaos-piskota-3-768x562.jpg 768w\" sizes=\"auto, (max-width: 512px) 100vw, 512px\" \/><figcaption>Glut\u00e9nmentes rizslisztes &#8211; kaka\u00f3s pisk\u00f3ta<\/figcaption><\/figure><\/div>\n\n\n\n<h5 class=\"has-text-align-center wp-block-heading\"><br><br><br><strong>Hozz\u00e1val\u00f3k 22 cm-es tortaform\u00e1hoz:<\/strong><\/h5>\n\n\n\n<p class=\"has-text-align-center\">6 db L-es m\u00e9ret\u0171 ( 60-65 g ) toj\u00e1s<br>( ha kisebb a toj\u00e1s, akkor az \u00f6sszs\u00falyt 6 x 65 g vegy\u00fck figyelembe )<br>120 g cukor<br>120 g rizsliszt<br>30 g kaka\u00f3 por<br><br><br><\/p>\n\n\n\n<div class=\"wp-block-image\"><figure class=\"aligncenter size-full is-resized\"><img loading=\"lazy\" decoding=\"async\" src=\"https:\/\/blog.glutenmenteschef.hu\/wp-content\/uploads\/2023\/06\/Kakaos-piskota-7.jpg\" alt=\"\" class=\"wp-image-30677\" width=\"512\" height=\"384\" srcset=\"http:\/\/blog.glutenmenteschef.hu\/wp-content\/uploads\/2023\/06\/Kakaos-piskota-7.jpg 1024w, http:\/\/blog.glutenmenteschef.hu\/wp-content\/uploads\/2023\/06\/Kakaos-piskota-7-300x225.jpg 300w, http:\/\/blog.glutenmenteschef.hu\/wp-content\/uploads\/2023\/06\/Kakaos-piskota-7-768x576.jpg 768w\" sizes=\"auto, (max-width: 512px) 100vw, 512px\" \/><figcaption>Kaka\u00f3s &#8211; rizslisztes pisk\u00f3ta<br><br><br><\/figcaption><\/figure><\/div>\n\n\n\n<h5 class=\"wp-block-heading\"><strong>Az elk\u00e9sz\u00edt\u00e9s menete:<\/strong><br><\/h5>\n\n\n\n<p>A toj\u00e1sokat kett\u00e9 v\u00e1lasztjuk.<\/p>\n\n\n\n<p>A s\u00e1rg\u00e1j\u00e1t a cukor 1\/3-val egynem\u0171v\u00e9 keverj\u00fck. A feh\u00e9rj\u00e9t a cukor 2\/3-val f\u00e9lkem\u00e9ny habb\u00e1 verj\u00fck, majd a s\u00e1rg\u00e1j\u00e1hoz forgatjuk.<\/p>\n\n\n\n<p>A rizslisztet \u00f6sszeszit\u00e1ljuk a kaka\u00f3 porral, majd \u00f3vatosan belekeverj\u00fck a toj\u00e1shabos massz\u00e1ba \u00fagy, hogy min\u00e9l kev\u00e9sb\u00e9 t\u00f6rj\u00fck \u00f6ssze.<\/p>\n\n\n\n<p>A tortaforma alj\u00e1ba belefesz\u00edtj\u00fck a s\u00fct\u0151pap\u00edrt, majd ecsettel kivajazzuk a pap\u00edrt \u00e9s a forma oldal\u00e1t is. Bele\u00f6ntj\u00fck a t\u00e9szt\u00e1t \u00e9s egyenletesen elsim\u00edtjuk.<\/p>\n\n\n\n<p>Anal\u00f3g s\u00fct\u0151h\u0151m\u00e9r\u0151vel m\u00e9rve 140&#8217;c als\u00f3-fels\u0151 s\u00fct\u00e9sen 60 percig s\u00fctj\u00fck. Az anal\u00f3g h\u0151m\u00e9r\u0151t mindig a s\u00fctem\u00e9ny mell\u00e9 vagy k\u00f6zvetlen\u00fcl f\u00f6l\u00e9 helyezz\u00fck. T\u0171pr\u00f3b\u00e1val ellen\u0151rizz\u00fck, hogy \u00e1ts\u00fclt-e.<br><br><br><\/p>\n\n\n\n<div class=\"wp-block-image\"><figure class=\"aligncenter size-full is-resized\"><img loading=\"lazy\" decoding=\"async\" src=\"https:\/\/blog.glutenmenteschef.hu\/wp-content\/uploads\/2023\/06\/Kakaos-piskota-5.jpg\" alt=\"\" class=\"wp-image-30681\" width=\"512\" height=\"384\" srcset=\"http:\/\/blog.glutenmenteschef.hu\/wp-content\/uploads\/2023\/06\/Kakaos-piskota-5.jpg 1024w, http:\/\/blog.glutenmenteschef.hu\/wp-content\/uploads\/2023\/06\/Kakaos-piskota-5-300x225.jpg 300w, http:\/\/blog.glutenmenteschef.hu\/wp-content\/uploads\/2023\/06\/Kakaos-piskota-5-768x576.jpg 768w\" sizes=\"auto, (max-width: 512px) 100vw, 512px\" \/><figcaption><br><br><br><\/figcaption><\/figure><\/div>\n\n\n\n<p><strong>S\u00c9F TIPP:<\/strong> A t\u0171pr\u00f3b\u00e1t a nev\u00e9vel ellent\u00e9tben hurkap\u00e1lc\u00e1val vagy fogpiszk\u00e1l\u00f3val v\u00e9gezz\u00fck, mert sokkal pontosabban megmutatja, hogy k\u00e9szre s\u00fclt-e m\u00e1r a t\u00e9szta. M\u00edg a f\u00e9mt\u0171re m\u00e1r a 90%-ban megs\u00fclt t\u00e9szta sem ragad r\u00e1 \u00e9s k\u00e9sznek gondolhatjuk, addig a fa alap\u00fa p\u00e1lca \u00e9rdes fel\u00fclete csak akkor marad tiszta, ha val\u00f3ban nem nyers m\u00e1r a pisk\u00f3ta.<br>Akinek van \u00e9telh\u0151m\u00e9r\u0151je, a k\u00f6zep\u00e9n a k\u00f6zep\u00e9ig sz\u00farva, ha legal\u00e1bb 95 fokot mutat, akkor biztosan k\u00e9sznek tekinthetj\u00fck.<br> <br><strong>Ha a megadott s\u00fct\u00e9si id\u0151 ut\u00e1n a fogpiszk\u00e1l\u00f3n van m\u00e9g t\u00e9sztamaradv\u00e1ny, s\u00fcss\u00fck tov\u00e1bb a pisk\u00f3t\u00e1t, am\u00edg a t\u0171pr\u00f3ba t\u00f6k\u00e9letesen \u00e1ts\u00fcltnek mutatja.<\/strong><br><br><br><\/p>\n\n\n\n<div class=\"wp-block-image\"><figure class=\"aligncenter size-full is-resized\"><img loading=\"lazy\" decoding=\"async\" src=\"https:\/\/blog.glutenmenteschef.hu\/wp-content\/uploads\/2023\/06\/Kakaos-piskota-9.jpg\" alt=\"\" class=\"wp-image-30682\" width=\"512\" height=\"372\" srcset=\"http:\/\/blog.glutenmenteschef.hu\/wp-content\/uploads\/2023\/06\/Kakaos-piskota-9.jpg 1024w, http:\/\/blog.glutenmenteschef.hu\/wp-content\/uploads\/2023\/06\/Kakaos-piskota-9-300x218.jpg 300w, http:\/\/blog.glutenmenteschef.hu\/wp-content\/uploads\/2023\/06\/Kakaos-piskota-9-768x557.jpg 768w\" sizes=\"auto, (max-width: 512px) 100vw, 512px\" \/><\/figure><\/div>\n\n\n\n<p><strong><br><br><\/strong><\/p>\n","protected":false},"excerpt":{"rendered":"<p>Kaka\u00f3s Pisk\u00f3ta Glut\u00e9nmentesen &#8211; alaprecept 22 cm-es tortaform\u00e1hoz Hozz\u00e1val\u00f3k 22 cm-es tortaform\u00e1hoz: 6 db L-es m\u00e9ret\u0171 ( 60-65 g ) toj\u00e1s( ha kisebb a toj\u00e1s, akkor az \u00f6sszs\u00falyt 6 x 65 g vegy\u00fck figyelembe )120 g cukor120 g rizsliszt30 g kaka\u00f3 por Az elk\u00e9sz\u00edt\u00e9s menete: A toj\u00e1sokat kett\u00e9 v\u00e1lasztjuk. A s\u00e1rg\u00e1j\u00e1t a cukor 1\/3-val egynem\u0171v\u00e9 <br \/><a class=\"more\" href=\"http:\/\/blog.glutenmenteschef.hu\/index.php\/2017\/10\/15\/csokis-piskota-alaprecept\/\">Read more&#8230; <\/a><\/p>\n","protected":false},"author":1,"featured_media":28168,"comment_status":"open","ping_status":"open","sticky":false,"template":"","format":"standard","meta":{"footnotes":""},"categories":[27],"tags":[5,114,354,158,190],"class_list":["post-872","post","type-post","status-publish","format-standard","has-post-thumbnail","hentry","category-desszert","tag-glutenmentes","tag-glutenmentes-piskota","tag-kakaos-piskota","tag-piskota","tag-rizsliszt"],"yoast_head":"<!-- This site is optimized with the Yoast SEO plugin v26.5 - https:\/\/yoast.com\/wordpress\/plugins\/seo\/ -->\n<title>KAKA\u00d3S PISK\u00d3TA GLUT\u00c9NMENTESEN - ALAPRECEPT &#8211; Glut\u00e9nmentes Chef blog - \u00c1tol Tibor<\/title>\n<meta name=\"robots\" content=\"index, follow, max-snippet:-1, max-image-preview:large, max-video-preview:-1\" \/>\n<link rel=\"canonical\" href=\"http:\/\/blog.glutenmenteschef.hu\/index.php\/2017\/10\/15\/csokis-piskota-alaprecept\/\" \/>\n<meta property=\"og:locale\" content=\"hu_HU\" \/>\n<meta property=\"og:type\" content=\"article\" \/>\n<meta property=\"og:title\" content=\"KAKA\u00d3S PISK\u00d3TA GLUT\u00c9NMENTESEN - ALAPRECEPT &#8211; Glut\u00e9nmentes Chef blog - \u00c1tol Tibor\" \/>\n<meta property=\"og:description\" content=\"Kaka\u00f3s Pisk\u00f3ta Glut\u00e9nmentesen &#8211; alaprecept 22 cm-es tortaform\u00e1hoz Hozz\u00e1val\u00f3k 22 cm-es tortaform\u00e1hoz: 6 db L-es m\u00e9ret\u0171 ( 60-65 g ) toj\u00e1s( ha kisebb a toj\u00e1s, akkor az \u00f6sszs\u00falyt 6 x 65 g vegy\u00fck figyelembe )120 g cukor120 g rizsliszt30 g kaka\u00f3 por Az elk\u00e9sz\u00edt\u00e9s menete: A toj\u00e1sokat kett\u00e9 v\u00e1lasztjuk. A s\u00e1rg\u00e1j\u00e1t a cukor 1\/3-val egynem\u0171v\u00e9 Read more...\" \/>\n<meta property=\"og:url\" content=\"http:\/\/blog.glutenmenteschef.hu\/index.php\/2017\/10\/15\/csokis-piskota-alaprecept\/\" \/>\n<meta property=\"og:site_name\" content=\"Glut\u00e9nmentes Chef blog - \u00c1tol Tibor\" \/>\n<meta property=\"article:publisher\" content=\"https:\/\/www.facebook.com\/aglutenmentessef\" \/>\n<meta property=\"article:author\" content=\"https:\/\/www.facebook.com\/aglutenmentessef\" \/>\n<meta property=\"article:published_time\" content=\"2017-10-15T14:17:45+00:00\" \/>\n<meta property=\"article:modified_time\" content=\"2023-06-18T17:17:36+00:00\" \/>\n<meta property=\"og:image\" content=\"http:\/\/blog.glutenmenteschef.hu\/wp-content\/uploads\/2023\/06\/Kakaos-piskota-3.jpg\" \/>\n\t<meta property=\"og:image:width\" content=\"1024\" \/>\n\t<meta property=\"og:image:height\" content=\"749\" \/>\n\t<meta property=\"og:image:type\" content=\"image\/jpeg\" \/>\n<meta name=\"author\" content=\"gmchef\" \/>\n<meta name=\"twitter:card\" content=\"summary_large_image\" \/>\n<meta name=\"twitter:label1\" content=\"Szerz\u0151:\" \/>\n\t<meta name=\"twitter:data1\" content=\"gmchef\" \/>\n\t<meta name=\"twitter:label2\" content=\"Becs\u00fclt olvas\u00e1si id\u0151\" \/>\n\t<meta name=\"twitter:data2\" content=\"3 perc\" \/>\n<script type=\"application\/ld+json\" class=\"yoast-schema-graph\">{\"@context\":\"https:\/\/schema.org\",\"@graph\":[{\"@type\":\"Article\",\"@id\":\"http:\/\/blog.glutenmenteschef.hu\/index.php\/2017\/10\/15\/csokis-piskota-alaprecept\/#article\",\"isPartOf\":{\"@id\":\"http:\/\/blog.glutenmenteschef.hu\/index.php\/2017\/10\/15\/csokis-piskota-alaprecept\/\"},\"author\":{\"name\":\"gmchef\",\"@id\":\"https:\/\/blog.glutenmenteschef.hu\/#\/schema\/person\/c07613f0b6c0f12f90b8cb23cf32754a\"},\"headline\":\"KAKA\u00d3S PISK\u00d3TA GLUT\u00c9NMENTESEN &#8211; ALAPRECEPT\",\"datePublished\":\"2017-10-15T14:17:45+00:00\",\"dateModified\":\"2023-06-18T17:17:36+00:00\",\"mainEntityOfPage\":{\"@id\":\"http:\/\/blog.glutenmenteschef.hu\/index.php\/2017\/10\/15\/csokis-piskota-alaprecept\/\"},\"wordCount\":372,\"commentCount\":0,\"publisher\":{\"@id\":\"https:\/\/blog.glutenmenteschef.hu\/#\/schema\/person\/c07613f0b6c0f12f90b8cb23cf32754a\"},\"image\":{\"@id\":\"http:\/\/blog.glutenmenteschef.hu\/index.php\/2017\/10\/15\/csokis-piskota-alaprecept\/#primaryimage\"},\"thumbnailUrl\":\"http:\/\/blog.glutenmenteschef.hu\/wp-content\/uploads\/2017\/10\/Kakaos-piskota-3.jpg\",\"keywords\":[\"glut\u00e9nmentes\",\"glut\u00e9nmentes pisk\u00f3ta\",\"kaka\u00f3s pisk\u00f3ta\",\"pisk\u00f3ta\",\"rizsliszt\"],\"articleSection\":[\"Desszert-S\u00fctem\u00e9ny\"],\"inLanguage\":\"hu\",\"potentialAction\":[{\"@type\":\"CommentAction\",\"name\":\"Comment\",\"target\":[\"http:\/\/blog.glutenmenteschef.hu\/index.php\/2017\/10\/15\/csokis-piskota-alaprecept\/#respond\"]}]},{\"@type\":\"WebPage\",\"@id\":\"http:\/\/blog.glutenmenteschef.hu\/index.php\/2017\/10\/15\/csokis-piskota-alaprecept\/\",\"url\":\"http:\/\/blog.glutenmenteschef.hu\/index.php\/2017\/10\/15\/csokis-piskota-alaprecept\/\",\"name\":\"KAKA\u00d3S PISK\u00d3TA GLUT\u00c9NMENTESEN - ALAPRECEPT &#8211; Glut\u00e9nmentes Chef blog - \u00c1tol Tibor\",\"isPartOf\":{\"@id\":\"https:\/\/blog.glutenmenteschef.hu\/#website\"},\"primaryImageOfPage\":{\"@id\":\"http:\/\/blog.glutenmenteschef.hu\/index.php\/2017\/10\/15\/csokis-piskota-alaprecept\/#primaryimage\"},\"image\":{\"@id\":\"http:\/\/blog.glutenmenteschef.hu\/index.php\/2017\/10\/15\/csokis-piskota-alaprecept\/#primaryimage\"},\"thumbnailUrl\":\"http:\/\/blog.glutenmenteschef.hu\/wp-content\/uploads\/2017\/10\/Kakaos-piskota-3.jpg\",\"datePublished\":\"2017-10-15T14:17:45+00:00\",\"dateModified\":\"2023-06-18T17:17:36+00:00\",\"breadcrumb\":{\"@id\":\"http:\/\/blog.glutenmenteschef.hu\/index.php\/2017\/10\/15\/csokis-piskota-alaprecept\/#breadcrumb\"},\"inLanguage\":\"hu\",\"potentialAction\":[{\"@type\":\"ReadAction\",\"target\":[\"http:\/\/blog.glutenmenteschef.hu\/index.php\/2017\/10\/15\/csokis-piskota-alaprecept\/\"]}]},{\"@type\":\"ImageObject\",\"inLanguage\":\"hu\",\"@id\":\"http:\/\/blog.glutenmenteschef.hu\/index.php\/2017\/10\/15\/csokis-piskota-alaprecept\/#primaryimage\",\"url\":\"http:\/\/blog.glutenmenteschef.hu\/wp-content\/uploads\/2017\/10\/Kakaos-piskota-3.jpg\",\"contentUrl\":\"http:\/\/blog.glutenmenteschef.hu\/wp-content\/uploads\/2017\/10\/Kakaos-piskota-3.jpg\",\"width\":1022,\"height\":748},{\"@type\":\"BreadcrumbList\",\"@id\":\"http:\/\/blog.glutenmenteschef.hu\/index.php\/2017\/10\/15\/csokis-piskota-alaprecept\/#breadcrumb\",\"itemListElement\":[{\"@type\":\"ListItem\",\"position\":1,\"name\":\"Home\",\"item\":\"https:\/\/blog.glutenmenteschef.hu\/\"},{\"@type\":\"ListItem\",\"position\":2,\"name\":\"KAKA\u00d3S PISK\u00d3TA GLUT\u00c9NMENTESEN &#8211; ALAPRECEPT\"}]},{\"@type\":\"WebSite\",\"@id\":\"https:\/\/blog.glutenmenteschef.hu\/#website\",\"url\":\"https:\/\/blog.glutenmenteschef.hu\/\",\"name\":\"Glut\u00e9nmentes Chef blog - \u00c1tol Tibor\",\"description\":\"Glut\u00e9nmentes \u00e9telek, glut\u00e9nmentes receptek, glut\u00e9nmentes vide\u00f3k\",\"publisher\":{\"@id\":\"https:\/\/blog.glutenmenteschef.hu\/#\/schema\/person\/c07613f0b6c0f12f90b8cb23cf32754a\"},\"potentialAction\":[{\"@type\":\"SearchAction\",\"target\":{\"@type\":\"EntryPoint\",\"urlTemplate\":\"https:\/\/blog.glutenmenteschef.hu\/?s={search_term_string}\"},\"query-input\":{\"@type\":\"PropertyValueSpecification\",\"valueRequired\":true,\"valueName\":\"search_term_string\"}}],\"inLanguage\":\"hu\"},{\"@type\":[\"Person\",\"Organization\"],\"@id\":\"https:\/\/blog.glutenmenteschef.hu\/#\/schema\/person\/c07613f0b6c0f12f90b8cb23cf32754a\",\"name\":\"gmchef\",\"image\":{\"@type\":\"ImageObject\",\"inLanguage\":\"hu\",\"@id\":\"https:\/\/blog.glutenmenteschef.hu\/#\/schema\/person\/image\/\",\"url\":\"https:\/\/secure.gravatar.com\/avatar\/363a4977321cb6fa3321b7ac93139b68e56af77880ae9fd5a3b2e7a8279f6d74?s=96&d=mm&r=g\",\"contentUrl\":\"https:\/\/secure.gravatar.com\/avatar\/363a4977321cb6fa3321b7ac93139b68e56af77880ae9fd5a3b2e7a8279f6d74?s=96&d=mm&r=g\",\"caption\":\"gmchef\"},\"logo\":{\"@id\":\"https:\/\/blog.glutenmenteschef.hu\/#\/schema\/person\/image\/\"},\"sameAs\":[\"https:\/\/www.facebook.com\/aglutenmentessef\"]}]}<\/script>\n<!-- \/ Yoast SEO plugin. -->","yoast_head_json":{"title":"KAKA\u00d3S PISK\u00d3TA GLUT\u00c9NMENTESEN - ALAPRECEPT &#8211; Glut\u00e9nmentes Chef blog - \u00c1tol Tibor","robots":{"index":"index","follow":"follow","max-snippet":"max-snippet:-1","max-image-preview":"max-image-preview:large","max-video-preview":"max-video-preview:-1"},"canonical":"http:\/\/blog.glutenmenteschef.hu\/index.php\/2017\/10\/15\/csokis-piskota-alaprecept\/","og_locale":"hu_HU","og_type":"article","og_title":"KAKA\u00d3S PISK\u00d3TA GLUT\u00c9NMENTESEN - ALAPRECEPT &#8211; Glut\u00e9nmentes Chef blog - \u00c1tol Tibor","og_description":"Kaka\u00f3s Pisk\u00f3ta Glut\u00e9nmentesen &#8211; alaprecept 22 cm-es tortaform\u00e1hoz Hozz\u00e1val\u00f3k 22 cm-es tortaform\u00e1hoz: 6 db L-es m\u00e9ret\u0171 ( 60-65 g ) toj\u00e1s( ha kisebb a toj\u00e1s, akkor az \u00f6sszs\u00falyt 6 x 65 g vegy\u00fck figyelembe )120 g cukor120 g rizsliszt30 g kaka\u00f3 por Az elk\u00e9sz\u00edt\u00e9s menete: A toj\u00e1sokat kett\u00e9 v\u00e1lasztjuk. A s\u00e1rg\u00e1j\u00e1t a cukor 1\/3-val egynem\u0171v\u00e9 Read more...","og_url":"http:\/\/blog.glutenmenteschef.hu\/index.php\/2017\/10\/15\/csokis-piskota-alaprecept\/","og_site_name":"Glut\u00e9nmentes Chef blog - \u00c1tol Tibor","article_publisher":"https:\/\/www.facebook.com\/aglutenmentessef","article_author":"https:\/\/www.facebook.com\/aglutenmentessef","article_published_time":"2017-10-15T14:17:45+00:00","article_modified_time":"2023-06-18T17:17:36+00:00","og_image":[{"width":1024,"height":749,"url":"http:\/\/blog.glutenmenteschef.hu\/wp-content\/uploads\/2023\/06\/Kakaos-piskota-3.jpg","type":"image\/jpeg"}],"author":"gmchef","twitter_card":"summary_large_image","twitter_misc":{"Szerz\u0151:":"gmchef","Becs\u00fclt olvas\u00e1si id\u0151":"3 perc"},"schema":{"@context":"https:\/\/schema.org","@graph":[{"@type":"Article","@id":"http:\/\/blog.glutenmenteschef.hu\/index.php\/2017\/10\/15\/csokis-piskota-alaprecept\/#article","isPartOf":{"@id":"http:\/\/blog.glutenmenteschef.hu\/index.php\/2017\/10\/15\/csokis-piskota-alaprecept\/"},"author":{"name":"gmchef","@id":"https:\/\/blog.glutenmenteschef.hu\/#\/schema\/person\/c07613f0b6c0f12f90b8cb23cf32754a"},"headline":"KAKA\u00d3S PISK\u00d3TA GLUT\u00c9NMENTESEN &#8211; ALAPRECEPT","datePublished":"2017-10-15T14:17:45+00:00","dateModified":"2023-06-18T17:17:36+00:00","mainEntityOfPage":{"@id":"http:\/\/blog.glutenmenteschef.hu\/index.php\/2017\/10\/15\/csokis-piskota-alaprecept\/"},"wordCount":372,"commentCount":0,"publisher":{"@id":"https:\/\/blog.glutenmenteschef.hu\/#\/schema\/person\/c07613f0b6c0f12f90b8cb23cf32754a"},"image":{"@id":"http:\/\/blog.glutenmenteschef.hu\/index.php\/2017\/10\/15\/csokis-piskota-alaprecept\/#primaryimage"},"thumbnailUrl":"http:\/\/blog.glutenmenteschef.hu\/wp-content\/uploads\/2017\/10\/Kakaos-piskota-3.jpg","keywords":["glut\u00e9nmentes","glut\u00e9nmentes pisk\u00f3ta","kaka\u00f3s pisk\u00f3ta","pisk\u00f3ta","rizsliszt"],"articleSection":["Desszert-S\u00fctem\u00e9ny"],"inLanguage":"hu","potentialAction":[{"@type":"CommentAction","name":"Comment","target":["http:\/\/blog.glutenmenteschef.hu\/index.php\/2017\/10\/15\/csokis-piskota-alaprecept\/#respond"]}]},{"@type":"WebPage","@id":"http:\/\/blog.glutenmenteschef.hu\/index.php\/2017\/10\/15\/csokis-piskota-alaprecept\/","url":"http:\/\/blog.glutenmenteschef.hu\/index.php\/2017\/10\/15\/csokis-piskota-alaprecept\/","name":"KAKA\u00d3S PISK\u00d3TA GLUT\u00c9NMENTESEN - ALAPRECEPT &#8211; Glut\u00e9nmentes Chef blog - \u00c1tol Tibor","isPartOf":{"@id":"https:\/\/blog.glutenmenteschef.hu\/#website"},"primaryImageOfPage":{"@id":"http:\/\/blog.glutenmenteschef.hu\/index.php\/2017\/10\/15\/csokis-piskota-alaprecept\/#primaryimage"},"image":{"@id":"http:\/\/blog.glutenmenteschef.hu\/index.php\/2017\/10\/15\/csokis-piskota-alaprecept\/#primaryimage"},"thumbnailUrl":"http:\/\/blog.glutenmenteschef.hu\/wp-content\/uploads\/2017\/10\/Kakaos-piskota-3.jpg","datePublished":"2017-10-15T14:17:45+00:00","dateModified":"2023-06-18T17:17:36+00:00","breadcrumb":{"@id":"http:\/\/blog.glutenmenteschef.hu\/index.php\/2017\/10\/15\/csokis-piskota-alaprecept\/#breadcrumb"},"inLanguage":"hu","potentialAction":[{"@type":"ReadAction","target":["http:\/\/blog.glutenmenteschef.hu\/index.php\/2017\/10\/15\/csokis-piskota-alaprecept\/"]}]},{"@type":"ImageObject","inLanguage":"hu","@id":"http:\/\/blog.glutenmenteschef.hu\/index.php\/2017\/10\/15\/csokis-piskota-alaprecept\/#primaryimage","url":"http:\/\/blog.glutenmenteschef.hu\/wp-content\/uploads\/2017\/10\/Kakaos-piskota-3.jpg","contentUrl":"http:\/\/blog.glutenmenteschef.hu\/wp-content\/uploads\/2017\/10\/Kakaos-piskota-3.jpg","width":1022,"height":748},{"@type":"BreadcrumbList","@id":"http:\/\/blog.glutenmenteschef.hu\/index.php\/2017\/10\/15\/csokis-piskota-alaprecept\/#breadcrumb","itemListElement":[{"@type":"ListItem","position":1,"name":"Home","item":"https:\/\/blog.glutenmenteschef.hu\/"},{"@type":"ListItem","position":2,"name":"KAKA\u00d3S PISK\u00d3TA GLUT\u00c9NMENTESEN &#8211; ALAPRECEPT"}]},{"@type":"WebSite","@id":"https:\/\/blog.glutenmenteschef.hu\/#website","url":"https:\/\/blog.glutenmenteschef.hu\/","name":"Glut\u00e9nmentes Chef blog - \u00c1tol Tibor","description":"Glut\u00e9nmentes \u00e9telek, glut\u00e9nmentes receptek, glut\u00e9nmentes vide\u00f3k","publisher":{"@id":"https:\/\/blog.glutenmenteschef.hu\/#\/schema\/person\/c07613f0b6c0f12f90b8cb23cf32754a"},"potentialAction":[{"@type":"SearchAction","target":{"@type":"EntryPoint","urlTemplate":"https:\/\/blog.glutenmenteschef.hu\/?s={search_term_string}"},"query-input":{"@type":"PropertyValueSpecification","valueRequired":true,"valueName":"search_term_string"}}],"inLanguage":"hu"},{"@type":["Person","Organization"],"@id":"https:\/\/blog.glutenmenteschef.hu\/#\/schema\/person\/c07613f0b6c0f12f90b8cb23cf32754a","name":"gmchef","image":{"@type":"ImageObject","inLanguage":"hu","@id":"https:\/\/blog.glutenmenteschef.hu\/#\/schema\/person\/image\/","url":"https:\/\/secure.gravatar.com\/avatar\/363a4977321cb6fa3321b7ac93139b68e56af77880ae9fd5a3b2e7a8279f6d74?s=96&d=mm&r=g","contentUrl":"https:\/\/secure.gravatar.com\/avatar\/363a4977321cb6fa3321b7ac93139b68e56af77880ae9fd5a3b2e7a8279f6d74?s=96&d=mm&r=g","caption":"gmchef"},"logo":{"@id":"https:\/\/blog.glutenmenteschef.hu\/#\/schema\/person\/image\/"},"sameAs":["https:\/\/www.facebook.com\/aglutenmentessef"]}]}},"_links":{"self":[{"href":"http:\/\/blog.glutenmenteschef.hu\/index.php\/wp-json\/wp\/v2\/posts\/872","targetHints":{"allow":["GET"]}}],"collection":[{"href":"http:\/\/blog.glutenmenteschef.hu\/index.php\/wp-json\/wp\/v2\/posts"}],"about":[{"href":"http:\/\/blog.glutenmenteschef.hu\/index.php\/wp-json\/wp\/v2\/types\/post"}],"author":[{"embeddable":true,"href":"http:\/\/blog.glutenmenteschef.hu\/index.php\/wp-json\/wp\/v2\/users\/1"}],"replies":[{"embeddable":true,"href":"http:\/\/blog.glutenmenteschef.hu\/index.php\/wp-json\/wp\/v2\/comments?post=872"}],"version-history":[{"count":0,"href":"http:\/\/blog.glutenmenteschef.hu\/index.php\/wp-json\/wp\/v2\/posts\/872\/revisions"}],"wp:featuredmedia":[{"embeddable":true,"href":"http:\/\/blog.glutenmenteschef.hu\/index.php\/wp-json\/wp\/v2\/media\/28168"}],"wp:attachment":[{"href":"http:\/\/blog.glutenmenteschef.hu\/index.php\/wp-json\/wp\/v2\/media?parent=872"}],"wp:term":[{"taxonomy":"category","embeddable":true,"href":"http:\/\/blog.glutenmenteschef.hu\/index.php\/wp-json\/wp\/v2\/categories?post=872"},{"taxonomy":"post_tag","embeddable":true,"href":"http:\/\/blog.glutenmenteschef.hu\/index.php\/wp-json\/wp\/v2\/tags?post=872"}],"curies":[{"name":"wp","href":"https:\/\/api.w.org\/{rel}","templated":true}]}}