{"id":86,"date":"2016-11-19T13:55:35","date_gmt":"2016-11-19T13:55:35","guid":{"rendered":"http:\/\/blog.glutenmenteschef.hu\/?p=86"},"modified":"2023-01-22T14:05:09","modified_gmt":"2023-01-22T14:05:09","slug":"glutenmentes-churros","status":"publish","type":"post","link":"http:\/\/blog.glutenmenteschef.hu\/index.php\/2016\/11\/19\/glutenmentes-churros\/","title":{"rendered":"Glut\u00e9nmentes Churros"},"content":{"rendered":"\n<h3 class=\"has-text-align-center wp-block-heading\"><strong>Glut\u00e9nmentes Churros<\/strong><\/h3>\n\n\n\n<p><br>A spanyolok f\u00e1nkja. Lehet r\u00f6videbb vagy hosszabb a t\u00e9sztacs\u00edk, amit fah\u00e9jas porcukorba forgatva \u00e9s csoki sz\u00f3szba m\u00e1rtogatva esznek. <br>S\u00fct\u0151ben is elk\u00e9sz\u00edthet\u0151, de szerintem olajban s\u00fctve finomabb. Mindk\u00e9t verzi\u00f3hoz megtal\u00e1lhat\u00f3 a recept a bejegyz\u00e9sben, term\u00e9szetesen a hozz\u00e1val\u00f3 csokol\u00e1d\u00e9 sz\u00f3sszal egy\u00fctt.<br>A vide\u00f3 megn\u00e9z\u00e9se seg\u00edts\u00e9get ny\u00fajt ennek a desszertnek az elk\u00e9sz\u00edt\u00e9s\u00e9hez. <br><br><br><\/p>\n\n\n\n<figure class=\"wp-block-embed is-type-video is-provider-youtube wp-block-embed-youtube wp-embed-aspect-16-9 wp-has-aspect-ratio\"><div class=\"wp-block-embed__wrapper\">\n<iframe loading=\"lazy\" title=\"A Glut\u00e9nmentes S\u00e9f - glut\u00e9nmentes churros\" width=\"900\" height=\"506\" src=\"https:\/\/www.youtube.com\/embed\/LgzQMGr8BXk?feature=oembed\" frameborder=\"0\" allow=\"accelerometer; autoplay; clipboard-write; encrypted-media; gyroscope; picture-in-picture; web-share\" allowfullscreen><\/iframe>\n<\/div><figcaption><br><br><br><\/figcaption><\/figure>\n\n\n\n<p class=\"has-text-align-center\"><br><br><strong>Hozz\u00e1val\u00f3k:<\/strong><\/p>\n\n\n\n<p class=\"has-text-align-center\"> 230 ml v\u00edz<br>120 g vaj<br>1g van\u00edli\u00e1s cukor<br>50 g barna cukor<br>1 g s\u00f3<br>150 g rizsliszt<br>3 toj\u00e1s ( L m\u00e9ret\u0171, 60-65g)<br>3 dl \u00e9tolaj vagy s\u00fct\u0151pap\u00edr <br><br><\/p>\n\n\n\n<div class=\"wp-block-image\"><figure class=\"aligncenter is-resized\"><img loading=\"lazy\" decoding=\"async\" src=\"https:\/\/blog.glutenmenteschef.hu\/wp-content\/uploads\/2020\/05\/churros-5.jpg\" alt=\"\" class=\"wp-image-28012\" width=\"512\" height=\"683\" srcset=\"http:\/\/blog.glutenmenteschef.hu\/wp-content\/uploads\/2020\/05\/churros-5.jpg 1024w, http:\/\/blog.glutenmenteschef.hu\/wp-content\/uploads\/2020\/05\/churros-5-225x300.jpg 225w, http:\/\/blog.glutenmenteschef.hu\/wp-content\/uploads\/2020\/05\/churros-5-768x1024.jpg 768w\" sizes=\"auto, (max-width: 512px) 100vw, 512px\" \/><\/figure><\/div>\n\n\n\n<h5 class=\"wp-block-heading\"><br><br><br><strong>A t\u00e9szta \u00f6ssze\u00e1ll\u00edt\u00e1sa:<\/strong><\/h5>\n\n\n\n<p>2 literes l\u00e1basban a vizet, a vajat, a cukrot \u00e9s a s\u00f3t \u00f6sszeforraljuk. Fakan\u00e1llal kevergetve hozz\u00e1adjuk a lisztet. 1 percig f\u0151zz\u00fck, majd a t\u0171zr\u0151l lev\u00e9ve 1 percig pihentetj\u00fck. A szoba h\u0151m\u00e9rs\u00e9klet\u0171 toj\u00e1sokat egyenk\u00e9nt adjuk hozz\u00e1, folyamatos kever\u00e9s mellett.<br>Habzs\u00e1kba t\u00f6ltj\u00fck \u00e9s a vide\u00f3n l\u00e1that\u00f3 m\u00f3don \u00e9tolajban megs\u00fctj\u00fck. <br><br><\/p>\n\n\n\n<div class=\"wp-block-image\"><figure class=\"aligncenter size-full is-resized\"><img loading=\"lazy\" decoding=\"async\" src=\"https:\/\/blog.glutenmenteschef.hu\/wp-content\/uploads\/2020\/05\/churros-8.jpg\" alt=\"\" class=\"wp-image-28011\" width=\"512\" height=\"683\" srcset=\"http:\/\/blog.glutenmenteschef.hu\/wp-content\/uploads\/2020\/05\/churros-8.jpg 1024w, http:\/\/blog.glutenmenteschef.hu\/wp-content\/uploads\/2020\/05\/churros-8-225x300.jpg 225w, http:\/\/blog.glutenmenteschef.hu\/wp-content\/uploads\/2020\/05\/churros-8-768x1024.jpg 768w\" sizes=\"auto, (max-width: 512px) 100vw, 512px\" \/><figcaption><br><br><br><br><\/figcaption><\/figure><\/div>\n\n\n\n<div class=\"wp-block-image\"><figure class=\"aligncenter size-full is-resized\"><img loading=\"lazy\" decoding=\"async\" src=\"https:\/\/blog.glutenmenteschef.hu\/wp-content\/uploads\/2023\/01\/churros-23.jpg\" alt=\"\" class=\"wp-image-30378\" width=\"512\" height=\"384\" srcset=\"http:\/\/blog.glutenmenteschef.hu\/wp-content\/uploads\/2023\/01\/churros-23.jpg 1024w, http:\/\/blog.glutenmenteschef.hu\/wp-content\/uploads\/2023\/01\/churros-23-300x225.jpg 300w, http:\/\/blog.glutenmenteschef.hu\/wp-content\/uploads\/2023\/01\/churros-23-768x576.jpg 768w\" sizes=\"auto, (max-width: 512px) 100vw, 512px\" \/><figcaption>Churros glut\u00e9nmentesen rizslisztb\u0151l<br><br><\/figcaption><\/figure><\/div>\n\n\n\n<p><br><br>A m\u00e1sik elk\u00e9sz\u00edt\u00e9si m\u00f3d: S\u00fct\u0151pap\u00edrral b\u00e9lelt tepsibe cs\u00edkokat nyomunk \u00e9s 180 fokon aranybarn\u00e1ra megs\u00fctj\u00fck. ( kb. 40 perc, b\u00e1r ez a t\u00e9sztacs\u00edkok vastags\u00e1g\u00e1t\u00f3l is nagyban f\u00fcgg )<br><br><\/p>\n\n\n\n<div class=\"wp-block-image\"><figure class=\"aligncenter\"><img loading=\"lazy\" decoding=\"async\" width=\"300\" height=\"225\" src=\"http:\/\/blog.glutenmenteschef.hu\/wp-content\/uploads\/2016\/11\/Sutoben-sult-churros-1-300x225.jpg\" alt=\"\" class=\"wp-image-26826\" srcset=\"http:\/\/blog.glutenmenteschef.hu\/wp-content\/uploads\/2016\/11\/Sutoben-sult-churros-1-300x225.jpg 300w, http:\/\/blog.glutenmenteschef.hu\/wp-content\/uploads\/2016\/11\/Sutoben-sult-churros-1-768x576.jpg 768w, http:\/\/blog.glutenmenteschef.hu\/wp-content\/uploads\/2016\/11\/Sutoben-sult-churros-1.jpg 1024w\" sizes=\"auto, (max-width: 300px) 100vw, 300px\" \/><\/figure><\/div>\n\n\n\n<div class=\"wp-block-image\"><figure class=\"aligncenter\"><img loading=\"lazy\" decoding=\"async\" width=\"300\" height=\"225\" src=\"http:\/\/blog.glutenmenteschef.hu\/wp-content\/uploads\/2016\/11\/Sutoben-sult-churros-6-300x225.jpg\" alt=\"\" class=\"wp-image-26828\" srcset=\"http:\/\/blog.glutenmenteschef.hu\/wp-content\/uploads\/2016\/11\/Sutoben-sult-churros-6-300x225.jpg 300w, http:\/\/blog.glutenmenteschef.hu\/wp-content\/uploads\/2016\/11\/Sutoben-sult-churros-6-768x576.jpg 768w, http:\/\/blog.glutenmenteschef.hu\/wp-content\/uploads\/2016\/11\/Sutoben-sult-churros-6.jpg 1024w\" sizes=\"auto, (max-width: 300px) 100vw, 300px\" \/><\/figure><\/div>\n\n\n\n<h5 class=\"has-text-align-center wp-block-heading\"><br><br><strong>Csokol\u00e1d\u00e9 m\u00e1rt\u00e1s 10 adag<\/strong><\/h5>\n\n\n\n<p class=\"has-text-align-center\">450 ml zs\u00edros k\u00f3kusztej ( konzerv dobozos ) VAGY habtejsz\u00edn<br>40 g kaka\u00f3 por<br>60-90 g krist\u00e1lycukor<br>50 g-70 g 70%-os \u00e9tcsokol\u00e1d\u00e9<br>30 g Portorico rum<br><br><\/p>\n\n\n\n<p>A habtejsz\u00ednt vagy a k\u00f3kusztejet a kaka\u00f3 porral \u00e9s a cukorral \u00f6sszeforraljuk, majd forr\u00e1st\u00f3l sz\u00e1m\u00edtva 1 percig f\u0151zz\u00fck, habver\u0151vel folyamatosan kevergetve.<br>Levessz\u00fck a t\u0171zhelyr\u0151l, 1 percig pihentetj\u00fck, majd hozz\u00e1adjuk az apr\u00f3 darabokra t\u00f6rt csokit \u00e9s a rumot, majd addig kevergetj\u00fck, am\u00edg a csoki teljesen felolvad.<br><br><\/p>\n\n\n\n<div class=\"wp-block-image\"><figure class=\"aligncenter size-full is-resized\"><img loading=\"lazy\" decoding=\"async\" src=\"https:\/\/blog.glutenmenteschef.hu\/wp-content\/uploads\/2023\/01\/churros-17.jpg\" alt=\"\" class=\"wp-image-30379\" width=\"512\" height=\"683\" srcset=\"http:\/\/blog.glutenmenteschef.hu\/wp-content\/uploads\/2023\/01\/churros-17.jpg 1024w, http:\/\/blog.glutenmenteschef.hu\/wp-content\/uploads\/2023\/01\/churros-17-225x300.jpg 225w, http:\/\/blog.glutenmenteschef.hu\/wp-content\/uploads\/2023\/01\/churros-17-768x1024.jpg 768w\" sizes=\"auto, (max-width: 512px) 100vw, 512px\" \/><\/figure><\/div>\n","protected":false},"excerpt":{"rendered":"<p>Glut\u00e9nmentes Churros A spanyolok f\u00e1nkja. Lehet r\u00f6videbb vagy hosszabb a t\u00e9sztacs\u00edk, amit fah\u00e9jas porcukorba forgatva \u00e9s csoki sz\u00f3szba m\u00e1rtogatva esznek. S\u00fct\u0151ben is elk\u00e9sz\u00edthet\u0151, de szerintem olajban s\u00fctve finomabb. Mindk\u00e9t verzi\u00f3hoz megtal\u00e1lhat\u00f3 a recept a bejegyz\u00e9sben, term\u00e9szetesen a hozz\u00e1val\u00f3 csokol\u00e1d\u00e9 sz\u00f3sszal egy\u00fctt.A vide\u00f3 megn\u00e9z\u00e9se seg\u00edts\u00e9get ny\u00fajt ennek a desszertnek az elk\u00e9sz\u00edt\u00e9s\u00e9hez. Hozz\u00e1val\u00f3k: 230 ml v\u00edz120 g <br \/><a class=\"more\" href=\"http:\/\/blog.glutenmenteschef.hu\/index.php\/2016\/11\/19\/glutenmentes-churros\/\">Read more&#8230; <\/a><\/p>\n","protected":false},"author":1,"featured_media":30380,"comment_status":"open","ping_status":"open","sticky":false,"template":"","format":"video","meta":{"footnotes":""},"categories":[27,317,335],"tags":[65,66,190],"class_list":["post-86","post","type-post","status-publish","format-video","has-post-thumbnail","hentry","category-desszert","category-fank","category-rizslisztbol-keszitettem","tag-churros","tag-glutenmentes-churros","tag-rizsliszt","post_format-post-format-video"],"yoast_head":"<!-- This site is optimized with the Yoast SEO plugin v26.5 - https:\/\/yoast.com\/wordpress\/plugins\/seo\/ -->\n<title>Glut\u00e9nmentes Churros &#8211; Glut\u00e9nmentes Chef blog - \u00c1tol Tibor<\/title>\n<meta name=\"robots\" content=\"index, follow, max-snippet:-1, max-image-preview:large, max-video-preview:-1\" \/>\n<link rel=\"canonical\" href=\"http:\/\/blog.glutenmenteschef.hu\/index.php\/2016\/11\/19\/glutenmentes-churros\/\" \/>\n<meta property=\"og:locale\" content=\"hu_HU\" \/>\n<meta property=\"og:type\" content=\"article\" \/>\n<meta property=\"og:title\" content=\"Glut\u00e9nmentes Churros &#8211; Glut\u00e9nmentes Chef blog - \u00c1tol Tibor\" \/>\n<meta property=\"og:description\" content=\"Glut\u00e9nmentes Churros A spanyolok f\u00e1nkja. Lehet r\u00f6videbb vagy hosszabb a t\u00e9sztacs\u00edk, amit fah\u00e9jas porcukorba forgatva \u00e9s csoki sz\u00f3szba m\u00e1rtogatva esznek. S\u00fct\u0151ben is elk\u00e9sz\u00edthet\u0151, de szerintem olajban s\u00fctve finomabb. Mindk\u00e9t verzi\u00f3hoz megtal\u00e1lhat\u00f3 a recept a bejegyz\u00e9sben, term\u00e9szetesen a hozz\u00e1val\u00f3 csokol\u00e1d\u00e9 sz\u00f3sszal egy\u00fctt.A vide\u00f3 megn\u00e9z\u00e9se seg\u00edts\u00e9get ny\u00fajt ennek a desszertnek az elk\u00e9sz\u00edt\u00e9s\u00e9hez. Hozz\u00e1val\u00f3k: 230 ml v\u00edz120 g Read more...\" \/>\n<meta property=\"og:url\" content=\"http:\/\/blog.glutenmenteschef.hu\/index.php\/2016\/11\/19\/glutenmentes-churros\/\" \/>\n<meta property=\"og:site_name\" content=\"Glut\u00e9nmentes Chef blog - \u00c1tol Tibor\" \/>\n<meta property=\"article:publisher\" content=\"https:\/\/www.facebook.com\/aglutenmentessef\" \/>\n<meta property=\"article:author\" content=\"https:\/\/www.facebook.com\/aglutenmentessef\" \/>\n<meta property=\"article:published_time\" content=\"2016-11-19T13:55:35+00:00\" \/>\n<meta property=\"article:modified_time\" content=\"2023-01-22T14:05:09+00:00\" \/>\n<meta property=\"og:image\" content=\"http:\/\/blog.glutenmenteschef.hu\/wp-content\/uploads\/2023\/01\/churros-26.jpg\" \/>\n\t<meta property=\"og:image:width\" content=\"1024\" \/>\n\t<meta property=\"og:image:height\" content=\"768\" \/>\n\t<meta property=\"og:image:type\" content=\"image\/jpeg\" \/>\n<meta name=\"author\" content=\"gmchef\" \/>\n<meta name=\"twitter:card\" content=\"summary_large_image\" \/>\n<meta name=\"twitter:label1\" content=\"Szerz\u0151:\" \/>\n\t<meta name=\"twitter:data1\" content=\"gmchef\" \/>\n\t<meta name=\"twitter:label2\" content=\"Becs\u00fclt olvas\u00e1si id\u0151\" \/>\n\t<meta name=\"twitter:data2\" content=\"3 perc\" \/>\n<script type=\"application\/ld+json\" class=\"yoast-schema-graph\">{\"@context\":\"https:\/\/schema.org\",\"@graph\":[{\"@type\":\"Article\",\"@id\":\"http:\/\/blog.glutenmenteschef.hu\/index.php\/2016\/11\/19\/glutenmentes-churros\/#article\",\"isPartOf\":{\"@id\":\"http:\/\/blog.glutenmenteschef.hu\/index.php\/2016\/11\/19\/glutenmentes-churros\/\"},\"author\":{\"name\":\"gmchef\",\"@id\":\"https:\/\/blog.glutenmenteschef.hu\/#\/schema\/person\/c07613f0b6c0f12f90b8cb23cf32754a\"},\"headline\":\"Glut\u00e9nmentes Churros\",\"datePublished\":\"2016-11-19T13:55:35+00:00\",\"dateModified\":\"2023-01-22T14:05:09+00:00\",\"mainEntityOfPage\":{\"@id\":\"http:\/\/blog.glutenmenteschef.hu\/index.php\/2016\/11\/19\/glutenmentes-churros\/\"},\"wordCount\":341,\"commentCount\":0,\"publisher\":{\"@id\":\"https:\/\/blog.glutenmenteschef.hu\/#\/schema\/person\/c07613f0b6c0f12f90b8cb23cf32754a\"},\"image\":{\"@id\":\"http:\/\/blog.glutenmenteschef.hu\/index.php\/2016\/11\/19\/glutenmentes-churros\/#primaryimage\"},\"thumbnailUrl\":\"http:\/\/blog.glutenmenteschef.hu\/wp-content\/uploads\/2023\/01\/churros-26.jpg\",\"keywords\":[\"churros\",\"glut\u00e9nmentes churros\",\"rizsliszt\"],\"articleSection\":[\"Desszert-S\u00fctem\u00e9ny\",\"F\u00e1nk\",\"Rizslisztb\u0151l k\u00e9sz\u00edtettem\"],\"inLanguage\":\"hu\",\"potentialAction\":[{\"@type\":\"CommentAction\",\"name\":\"Comment\",\"target\":[\"http:\/\/blog.glutenmenteschef.hu\/index.php\/2016\/11\/19\/glutenmentes-churros\/#respond\"]}]},{\"@type\":\"WebPage\",\"@id\":\"http:\/\/blog.glutenmenteschef.hu\/index.php\/2016\/11\/19\/glutenmentes-churros\/\",\"url\":\"http:\/\/blog.glutenmenteschef.hu\/index.php\/2016\/11\/19\/glutenmentes-churros\/\",\"name\":\"Glut\u00e9nmentes Churros &#8211; Glut\u00e9nmentes Chef blog - \u00c1tol Tibor\",\"isPartOf\":{\"@id\":\"https:\/\/blog.glutenmenteschef.hu\/#website\"},\"primaryImageOfPage\":{\"@id\":\"http:\/\/blog.glutenmenteschef.hu\/index.php\/2016\/11\/19\/glutenmentes-churros\/#primaryimage\"},\"image\":{\"@id\":\"http:\/\/blog.glutenmenteschef.hu\/index.php\/2016\/11\/19\/glutenmentes-churros\/#primaryimage\"},\"thumbnailUrl\":\"http:\/\/blog.glutenmenteschef.hu\/wp-content\/uploads\/2023\/01\/churros-26.jpg\",\"datePublished\":\"2016-11-19T13:55:35+00:00\",\"dateModified\":\"2023-01-22T14:05:09+00:00\",\"breadcrumb\":{\"@id\":\"http:\/\/blog.glutenmenteschef.hu\/index.php\/2016\/11\/19\/glutenmentes-churros\/#breadcrumb\"},\"inLanguage\":\"hu\",\"potentialAction\":[{\"@type\":\"ReadAction\",\"target\":[\"http:\/\/blog.glutenmenteschef.hu\/index.php\/2016\/11\/19\/glutenmentes-churros\/\"]}]},{\"@type\":\"ImageObject\",\"inLanguage\":\"hu\",\"@id\":\"http:\/\/blog.glutenmenteschef.hu\/index.php\/2016\/11\/19\/glutenmentes-churros\/#primaryimage\",\"url\":\"http:\/\/blog.glutenmenteschef.hu\/wp-content\/uploads\/2023\/01\/churros-26.jpg\",\"contentUrl\":\"http:\/\/blog.glutenmenteschef.hu\/wp-content\/uploads\/2023\/01\/churros-26.jpg\",\"width\":1024,\"height\":768},{\"@type\":\"BreadcrumbList\",\"@id\":\"http:\/\/blog.glutenmenteschef.hu\/index.php\/2016\/11\/19\/glutenmentes-churros\/#breadcrumb\",\"itemListElement\":[{\"@type\":\"ListItem\",\"position\":1,\"name\":\"Home\",\"item\":\"https:\/\/blog.glutenmenteschef.hu\/\"},{\"@type\":\"ListItem\",\"position\":2,\"name\":\"Glut\u00e9nmentes Churros\"}]},{\"@type\":\"WebSite\",\"@id\":\"https:\/\/blog.glutenmenteschef.hu\/#website\",\"url\":\"https:\/\/blog.glutenmenteschef.hu\/\",\"name\":\"Glut\u00e9nmentes Chef blog - \u00c1tol Tibor\",\"description\":\"Glut\u00e9nmentes \u00e9telek, glut\u00e9nmentes receptek, glut\u00e9nmentes vide\u00f3k\",\"publisher\":{\"@id\":\"https:\/\/blog.glutenmenteschef.hu\/#\/schema\/person\/c07613f0b6c0f12f90b8cb23cf32754a\"},\"potentialAction\":[{\"@type\":\"SearchAction\",\"target\":{\"@type\":\"EntryPoint\",\"urlTemplate\":\"https:\/\/blog.glutenmenteschef.hu\/?s={search_term_string}\"},\"query-input\":{\"@type\":\"PropertyValueSpecification\",\"valueRequired\":true,\"valueName\":\"search_term_string\"}}],\"inLanguage\":\"hu\"},{\"@type\":[\"Person\",\"Organization\"],\"@id\":\"https:\/\/blog.glutenmenteschef.hu\/#\/schema\/person\/c07613f0b6c0f12f90b8cb23cf32754a\",\"name\":\"gmchef\",\"image\":{\"@type\":\"ImageObject\",\"inLanguage\":\"hu\",\"@id\":\"https:\/\/blog.glutenmenteschef.hu\/#\/schema\/person\/image\/\",\"url\":\"https:\/\/secure.gravatar.com\/avatar\/363a4977321cb6fa3321b7ac93139b68e56af77880ae9fd5a3b2e7a8279f6d74?s=96&d=mm&r=g\",\"contentUrl\":\"https:\/\/secure.gravatar.com\/avatar\/363a4977321cb6fa3321b7ac93139b68e56af77880ae9fd5a3b2e7a8279f6d74?s=96&d=mm&r=g\",\"caption\":\"gmchef\"},\"logo\":{\"@id\":\"https:\/\/blog.glutenmenteschef.hu\/#\/schema\/person\/image\/\"},\"sameAs\":[\"https:\/\/www.facebook.com\/aglutenmentessef\"]}]}<\/script>\n<!-- \/ Yoast SEO plugin. -->","yoast_head_json":{"title":"Glut\u00e9nmentes Churros &#8211; Glut\u00e9nmentes Chef blog - \u00c1tol Tibor","robots":{"index":"index","follow":"follow","max-snippet":"max-snippet:-1","max-image-preview":"max-image-preview:large","max-video-preview":"max-video-preview:-1"},"canonical":"http:\/\/blog.glutenmenteschef.hu\/index.php\/2016\/11\/19\/glutenmentes-churros\/","og_locale":"hu_HU","og_type":"article","og_title":"Glut\u00e9nmentes Churros &#8211; Glut\u00e9nmentes Chef blog - \u00c1tol Tibor","og_description":"Glut\u00e9nmentes Churros A spanyolok f\u00e1nkja. Lehet r\u00f6videbb vagy hosszabb a t\u00e9sztacs\u00edk, amit fah\u00e9jas porcukorba forgatva \u00e9s csoki sz\u00f3szba m\u00e1rtogatva esznek. S\u00fct\u0151ben is elk\u00e9sz\u00edthet\u0151, de szerintem olajban s\u00fctve finomabb. Mindk\u00e9t verzi\u00f3hoz megtal\u00e1lhat\u00f3 a recept a bejegyz\u00e9sben, term\u00e9szetesen a hozz\u00e1val\u00f3 csokol\u00e1d\u00e9 sz\u00f3sszal egy\u00fctt.A vide\u00f3 megn\u00e9z\u00e9se seg\u00edts\u00e9get ny\u00fajt ennek a desszertnek az elk\u00e9sz\u00edt\u00e9s\u00e9hez. Hozz\u00e1val\u00f3k: 230 ml v\u00edz120 g Read more...","og_url":"http:\/\/blog.glutenmenteschef.hu\/index.php\/2016\/11\/19\/glutenmentes-churros\/","og_site_name":"Glut\u00e9nmentes Chef blog - \u00c1tol Tibor","article_publisher":"https:\/\/www.facebook.com\/aglutenmentessef","article_author":"https:\/\/www.facebook.com\/aglutenmentessef","article_published_time":"2016-11-19T13:55:35+00:00","article_modified_time":"2023-01-22T14:05:09+00:00","og_image":[{"width":1024,"height":768,"url":"http:\/\/blog.glutenmenteschef.hu\/wp-content\/uploads\/2023\/01\/churros-26.jpg","type":"image\/jpeg"}],"author":"gmchef","twitter_card":"summary_large_image","twitter_misc":{"Szerz\u0151:":"gmchef","Becs\u00fclt olvas\u00e1si id\u0151":"3 perc"},"schema":{"@context":"https:\/\/schema.org","@graph":[{"@type":"Article","@id":"http:\/\/blog.glutenmenteschef.hu\/index.php\/2016\/11\/19\/glutenmentes-churros\/#article","isPartOf":{"@id":"http:\/\/blog.glutenmenteschef.hu\/index.php\/2016\/11\/19\/glutenmentes-churros\/"},"author":{"name":"gmchef","@id":"https:\/\/blog.glutenmenteschef.hu\/#\/schema\/person\/c07613f0b6c0f12f90b8cb23cf32754a"},"headline":"Glut\u00e9nmentes Churros","datePublished":"2016-11-19T13:55:35+00:00","dateModified":"2023-01-22T14:05:09+00:00","mainEntityOfPage":{"@id":"http:\/\/blog.glutenmenteschef.hu\/index.php\/2016\/11\/19\/glutenmentes-churros\/"},"wordCount":341,"commentCount":0,"publisher":{"@id":"https:\/\/blog.glutenmenteschef.hu\/#\/schema\/person\/c07613f0b6c0f12f90b8cb23cf32754a"},"image":{"@id":"http:\/\/blog.glutenmenteschef.hu\/index.php\/2016\/11\/19\/glutenmentes-churros\/#primaryimage"},"thumbnailUrl":"http:\/\/blog.glutenmenteschef.hu\/wp-content\/uploads\/2023\/01\/churros-26.jpg","keywords":["churros","glut\u00e9nmentes churros","rizsliszt"],"articleSection":["Desszert-S\u00fctem\u00e9ny","F\u00e1nk","Rizslisztb\u0151l k\u00e9sz\u00edtettem"],"inLanguage":"hu","potentialAction":[{"@type":"CommentAction","name":"Comment","target":["http:\/\/blog.glutenmenteschef.hu\/index.php\/2016\/11\/19\/glutenmentes-churros\/#respond"]}]},{"@type":"WebPage","@id":"http:\/\/blog.glutenmenteschef.hu\/index.php\/2016\/11\/19\/glutenmentes-churros\/","url":"http:\/\/blog.glutenmenteschef.hu\/index.php\/2016\/11\/19\/glutenmentes-churros\/","name":"Glut\u00e9nmentes Churros &#8211; Glut\u00e9nmentes Chef blog - \u00c1tol Tibor","isPartOf":{"@id":"https:\/\/blog.glutenmenteschef.hu\/#website"},"primaryImageOfPage":{"@id":"http:\/\/blog.glutenmenteschef.hu\/index.php\/2016\/11\/19\/glutenmentes-churros\/#primaryimage"},"image":{"@id":"http:\/\/blog.glutenmenteschef.hu\/index.php\/2016\/11\/19\/glutenmentes-churros\/#primaryimage"},"thumbnailUrl":"http:\/\/blog.glutenmenteschef.hu\/wp-content\/uploads\/2023\/01\/churros-26.jpg","datePublished":"2016-11-19T13:55:35+00:00","dateModified":"2023-01-22T14:05:09+00:00","breadcrumb":{"@id":"http:\/\/blog.glutenmenteschef.hu\/index.php\/2016\/11\/19\/glutenmentes-churros\/#breadcrumb"},"inLanguage":"hu","potentialAction":[{"@type":"ReadAction","target":["http:\/\/blog.glutenmenteschef.hu\/index.php\/2016\/11\/19\/glutenmentes-churros\/"]}]},{"@type":"ImageObject","inLanguage":"hu","@id":"http:\/\/blog.glutenmenteschef.hu\/index.php\/2016\/11\/19\/glutenmentes-churros\/#primaryimage","url":"http:\/\/blog.glutenmenteschef.hu\/wp-content\/uploads\/2023\/01\/churros-26.jpg","contentUrl":"http:\/\/blog.glutenmenteschef.hu\/wp-content\/uploads\/2023\/01\/churros-26.jpg","width":1024,"height":768},{"@type":"BreadcrumbList","@id":"http:\/\/blog.glutenmenteschef.hu\/index.php\/2016\/11\/19\/glutenmentes-churros\/#breadcrumb","itemListElement":[{"@type":"ListItem","position":1,"name":"Home","item":"https:\/\/blog.glutenmenteschef.hu\/"},{"@type":"ListItem","position":2,"name":"Glut\u00e9nmentes Churros"}]},{"@type":"WebSite","@id":"https:\/\/blog.glutenmenteschef.hu\/#website","url":"https:\/\/blog.glutenmenteschef.hu\/","name":"Glut\u00e9nmentes Chef blog - \u00c1tol Tibor","description":"Glut\u00e9nmentes \u00e9telek, glut\u00e9nmentes receptek, glut\u00e9nmentes vide\u00f3k","publisher":{"@id":"https:\/\/blog.glutenmenteschef.hu\/#\/schema\/person\/c07613f0b6c0f12f90b8cb23cf32754a"},"potentialAction":[{"@type":"SearchAction","target":{"@type":"EntryPoint","urlTemplate":"https:\/\/blog.glutenmenteschef.hu\/?s={search_term_string}"},"query-input":{"@type":"PropertyValueSpecification","valueRequired":true,"valueName":"search_term_string"}}],"inLanguage":"hu"},{"@type":["Person","Organization"],"@id":"https:\/\/blog.glutenmenteschef.hu\/#\/schema\/person\/c07613f0b6c0f12f90b8cb23cf32754a","name":"gmchef","image":{"@type":"ImageObject","inLanguage":"hu","@id":"https:\/\/blog.glutenmenteschef.hu\/#\/schema\/person\/image\/","url":"https:\/\/secure.gravatar.com\/avatar\/363a4977321cb6fa3321b7ac93139b68e56af77880ae9fd5a3b2e7a8279f6d74?s=96&d=mm&r=g","contentUrl":"https:\/\/secure.gravatar.com\/avatar\/363a4977321cb6fa3321b7ac93139b68e56af77880ae9fd5a3b2e7a8279f6d74?s=96&d=mm&r=g","caption":"gmchef"},"logo":{"@id":"https:\/\/blog.glutenmenteschef.hu\/#\/schema\/person\/image\/"},"sameAs":["https:\/\/www.facebook.com\/aglutenmentessef"]}]}},"_links":{"self":[{"href":"http:\/\/blog.glutenmenteschef.hu\/index.php\/wp-json\/wp\/v2\/posts\/86","targetHints":{"allow":["GET"]}}],"collection":[{"href":"http:\/\/blog.glutenmenteschef.hu\/index.php\/wp-json\/wp\/v2\/posts"}],"about":[{"href":"http:\/\/blog.glutenmenteschef.hu\/index.php\/wp-json\/wp\/v2\/types\/post"}],"author":[{"embeddable":true,"href":"http:\/\/blog.glutenmenteschef.hu\/index.php\/wp-json\/wp\/v2\/users\/1"}],"replies":[{"embeddable":true,"href":"http:\/\/blog.glutenmenteschef.hu\/index.php\/wp-json\/wp\/v2\/comments?post=86"}],"version-history":[{"count":0,"href":"http:\/\/blog.glutenmenteschef.hu\/index.php\/wp-json\/wp\/v2\/posts\/86\/revisions"}],"wp:featuredmedia":[{"embeddable":true,"href":"http:\/\/blog.glutenmenteschef.hu\/index.php\/wp-json\/wp\/v2\/media\/30380"}],"wp:attachment":[{"href":"http:\/\/blog.glutenmenteschef.hu\/index.php\/wp-json\/wp\/v2\/media?parent=86"}],"wp:term":[{"taxonomy":"category","embeddable":true,"href":"http:\/\/blog.glutenmenteschef.hu\/index.php\/wp-json\/wp\/v2\/categories?post=86"},{"taxonomy":"post_tag","embeddable":true,"href":"http:\/\/blog.glutenmenteschef.hu\/index.php\/wp-json\/wp\/v2\/tags?post=86"}],"curies":[{"name":"wp","href":"https:\/\/api.w.org\/{rel}","templated":true}]}}