{"id":853,"date":"2017-10-12T18:54:20","date_gmt":"2017-10-12T18:54:20","guid":{"rendered":"http:\/\/blog.glutenmenteschef.hu\/?p=853"},"modified":"2024-12-29T19:54:31","modified_gmt":"2024-12-29T19:54:31","slug":"dios-bejgli-nutri-free-mix-per-pane-liszttel","status":"publish","type":"post","link":"http:\/\/blog.glutenmenteschef.hu\/index.php\/2017\/10\/12\/dios-bejgli-nutri-free-mix-per-pane-liszttel\/","title":{"rendered":"GLUT\u00c9NMENTES DI\u00d3S BEJGLI NUTRI FREE MIX PER PANE LISZTTEL"},"content":{"rendered":"\n<h3 class=\"wp-block-heading has-text-align-center\"><strong>Glut\u00e9nmentes<\/strong> <strong>Di\u00f3s Bejgli Nutri Free mix per Pane liszttel<\/strong><br><br><br><\/h3>\n\n\n\n<p>Bejgli n\u00e9lk\u00fcl elk\u00e9pzelhetetlen a Kar\u00e1csony, legal\u00e1bbis n\u00e1lunk. Ezen az sem v\u00e1ltoztat, hogy m\u00e1r egy ideje glut\u00e9nmentes bejgli k\u00e9sz\u00fcl az \u00fcnnepre. Siker\u00fclt egy olyan t\u00e9szt\u00e1t kidolgoznom, hogy m\u00e9g a vend\u00e9geink sem vett\u00e9k \u00e9szre, hogy nem b\u00fazalisztes, hanem glut\u00e9nmentes, amit esznek. T\u00f6bb ismer\u0151s\u00f6m, akiknek nem kell glut\u00e9nmentesen \u00e9tkeznie k\u00e9rte, hogy s\u00fcssek nekik bejglit az \u00fcnnepre, mert ez olyan finom. <br>Persze itt is megvan a 2 nagy dilemma: M\u00e1kos vagy di\u00f3s? Megreped vagy sem?<br>N\u00e1lunk nem is k\u00e9rd\u00e9s, hogy mind a kett\u0151nek k\u00e9sz\u00fclnie kell. A fiam \u00e9s \u00e9n ink\u00e1bb a di\u00f3sat, a feles\u00e9gem mind a kett\u0151t szereti, de reped\u00e9sr\u0151l sz\u00f3 sem lehet! &nbsp;&#8230;&#8230;\u00e9s h\u00e1t igen, a m\u00e9rete&nbsp;az olyan igazi &#8222;b\u00e9kebeli&#8221;.<br><br><br><\/p>\n\n\n<div class=\"wp-block-image\">\n<figure class=\"aligncenter size-full is-resized\"><img loading=\"lazy\" decoding=\"async\" width=\"1024\" height=\"1365\" src=\"https:\/\/blog.glutenmenteschef.hu\/wp-content\/uploads\/2017\/10\/Nutrifree-bejgli-dios-8.jpg\" alt=\"\" class=\"wp-image-31381\" style=\"width:500px\"\/><figcaption class=\"wp-element-caption\">Glut\u00e9nmentes di\u00f3s bejgli Nutrifree mix per pane lisztkever\u00e9kb\u0151l<br><br> <\/figcaption><\/figure>\n<\/div>\n\n\n<h5 class=\"wp-block-heading has-text-align-center\"><br><br><strong>Di\u00f3 t\u00f6ltel\u00e9k hozz\u00e1val\u00f3i 1 r\u00fadhoz:<\/strong><\/h5>\n\n\n\n<p class=\"has-text-align-center\">300 g finomra dar\u00e1lt di\u00f3<br>120 ml tej<br>150 g cukor<br>10 g van\u00edli\u00e1s cukor<br>15 ml rumaroma<br>1 csipet s\u00f3<br>1-1 g citrom \u00e9s narancs reszelt h\u00e9ja<br>20 g&nbsp; mazsola, 20 ml Triple sec-be \/ Narancs lik\u0151rbe \u00e1ztatva<\/p>\n\n\n\n<h5 class=\"wp-block-heading has-text-align-center\"><br><br><strong>Bejgli t\u00e9szta 1 r\u00fadhoz<\/strong><\/h5>\n\n\n\n<p class=\"has-text-align-center\">300 g Nutri Free mix per pane<br>50 g cukor<br>50 g olvasztott, de nem meleg vaj<br>7 g por\u00e9leszt\u0151<br>1 db L-es m\u00e9ret\u0171 toj\u00e1s + 1 db a ken\u00e9shez<br>(63-68 g\/db, ha kisebb a toj\u00e1s, akkor az \u00f6sszs\u00falyt vegy\u00fck figyelembe)<br>( a toj\u00e1s hideg legyen, csak a felhaszn\u00e1l\u00e1s el\u0151tt vegy\u00fck ki a h\u0171t\u0151b\u0151l !! )<br>100-125 ml tej<br>( felhaszn\u00e1l\u00e1s el\u0151tt vegy\u00fck ki a h\u0171t\u0151b\u0151l!! )<\/p>\n\n\n\n<h5 class=\"wp-block-heading has-text-align-center\"><strong><br>TOJ\u00c1SMENTES T\u00c9SZT\u00c1HOZ:<\/strong><\/h5>\n\n\n\n<p>A toj\u00e1st egyszer\u0171en hagyjuk ki \u00e9s 45-50 gramm folyad\u00e9kkal p\u00f3toljuk. Ez lehet v\u00edz, tej vagy n\u00f6v\u00e9nyi tej is.<br>Lekv\u00e1rt egy kev\u00e9s v\u00edzzel keverj\u00fcnk ki \u00e9s toj\u00e1s helyett ezzel kenj\u00fck le a feltekert t\u00e9szt\u00e1t.<br><\/p>\n\n\n\n<h5 class=\"wp-block-heading\"><br><br><strong>Di\u00f3 t\u00f6ltel\u00e9k:<\/strong><\/h5>\n\n\n\n<p>Az \u00f6sszetev\u0151ket egy l\u00e1basban addig f\u0151zz\u00fck folyamatos keverget\u00e9s mellett, am\u00edg a cukor el nem olvad. Szoba h\u0151m\u00e9rs\u00e9klet\u0171re kih\u0171tve haszn\u00e1ljuk fel.<\/p>\n\n\n\n<p><br><br><strong>Bejgli t\u00e9szt\u00e1j\u00e1nak elk\u00e9sz\u00edt\u00e9se:<\/strong><\/p>\n\n\n\n<p>A sz\u00e1raz \u00f6sszetev\u0151ket elkeverj\u00fck ( liszt, cukor, \u00e9leszt\u0151 ), majd hozz\u00e1adjuk a nedves anyagokat \u00e9s homog\u00e9n t\u00e9szt\u00e1v\u00e1 gy\u00farjuk \u2013 dagasztjuk. A t\u00e9szt\u00e1t 3 &#8211; 4 mm vastags\u00e1g\u00fa t\u00e9glalap form\u00e1ra ny\u00fajtjuk. ( kb. 30 x 35 cm )<\/p>\n\n\n\n<p>A t\u00f6ltel\u00e9ket egyenletesen eloszlatjuk. A k\u00e9t r\u00f6videbb v\u00e9g\u00e9n r\u00e1hajtjuk a t\u00e9szta sz\u00e9l\u00e9t ( 1-2 cm ), majd a hosszabbik oldal\u00e1val feltekerj\u00fck. <strong>Figyelj\u00fcnk r\u00e1, hogy a teker\u00e9s v\u00e9ge alulra ker\u00fclj\u00f6n, \u00edgy s\u00fct\u00e9s k\u00f6zben sem fog megny\u00edlni<\/strong>!<\/p>\n\n\n\n<figure class=\"wp-block-gallery aligncenter has-nested-images columns-default is-cropped wp-block-gallery-1 is-layout-flex wp-block-gallery-is-layout-flex\">\n<figure class=\"wp-block-image size-large\"><img loading=\"lazy\" decoding=\"async\" width=\"1920\" height=\"1440\" data-id=\"837\" src=\"https:\/\/blog.glutenmenteschef.hu\/wp-content\/uploads\/2017\/10\/Bejgli-t\u00e9szta-0.jpg\" alt=\"\" class=\"wp-image-837\" srcset=\"http:\/\/blog.glutenmenteschef.hu\/wp-content\/uploads\/2017\/10\/Bejgli-t\u00e9szta-0.jpg 1920w, http:\/\/blog.glutenmenteschef.hu\/wp-content\/uploads\/2017\/10\/Bejgli-t\u00e9szta-0-300x225.jpg 300w, http:\/\/blog.glutenmenteschef.hu\/wp-content\/uploads\/2017\/10\/Bejgli-t\u00e9szta-0-768x576.jpg 768w\" sizes=\"auto, (max-width: 1920px) 100vw, 1920px\" \/><\/figure>\n\n\n\n<figure class=\"wp-block-image size-large\"><img loading=\"lazy\" decoding=\"async\" width=\"1920\" height=\"1440\" data-id=\"839\" src=\"https:\/\/blog.glutenmenteschef.hu\/wp-content\/uploads\/2017\/10\/Bejgli-t\u00e9szta-2.jpg\" alt=\"\" class=\"wp-image-839\" srcset=\"http:\/\/blog.glutenmenteschef.hu\/wp-content\/uploads\/2017\/10\/Bejgli-t\u00e9szta-2.jpg 1920w, http:\/\/blog.glutenmenteschef.hu\/wp-content\/uploads\/2017\/10\/Bejgli-t\u00e9szta-2-300x225.jpg 300w, http:\/\/blog.glutenmenteschef.hu\/wp-content\/uploads\/2017\/10\/Bejgli-t\u00e9szta-2-768x576.jpg 768w\" sizes=\"auto, (max-width: 1920px) 100vw, 1920px\" \/><\/figure>\n<\/figure>\n\n\n\n<h5 class=\"wp-block-heading\"><br><br><strong>S\u00c9F TIPP:&nbsp;<\/strong><\/h5>\n\n\n\n<p>Ha a lentebb, a vide\u00f3ban l\u00e1that\u00f3 m\u00f3don 2 folpack k\u00f6z\u00f6tt m\u00e9retre ny\u00fajtjuk a t\u00f6ltel\u00e9ket \u00e9s \u00edgy helyezz\u00fck a t\u00e9szt\u00e1ra, majd tekerj\u00fck fel, elker\u00fclhetj\u00fck az egyik leggyakoribb hib\u00e1t. Miszerint ahogy kan\u00e1llal \u201ctapicskoljuk\u201d, alatta a t\u00e9szt\u00e1t elv\u00e9kony\u00edtjuk, \u00edgy keleszt\u00e9skor kirepedhet.<br><br><br><\/p>\n\n\n<div class=\"wp-block-image\">\n<figure class=\"aligncenter size-full is-resized\"><img loading=\"lazy\" decoding=\"async\" width=\"1024\" height=\"768\" src=\"https:\/\/blog.glutenmenteschef.hu\/wp-content\/uploads\/2017\/10\/Nutri-bal-es-Schar-jobb-bejgli-1.jpg\" alt=\"\" class=\"wp-image-31378\" style=\"width:500px\"\/><\/figure>\n<\/div>\n\n\n<p><br><br><br>S\u00fct\u0151pap\u00edrral b\u00e9lelt tepsibe helyezz\u00fck \u00e9s a tetej\u00e9t vill\u00e1val megszurk\u00e1ljuk. J\u00f3 2\/3-ig \u00e9rdemes besz\u00farni. Ez az\u00e9rt fontos, hogy a s\u00fct\u00e9s sor\u00e1n keletkez\u0151 g\u0151z t\u00e1vozhasson \u00e9s ne fesz\u00edtse sz\u00e9t a t\u00e9szt\u00e1t.<br>Toj\u00e1ss\u00e1rg\u00e1j\u00e1val lekenj\u00fck. 40-50 fokos s\u00fct\u0151ben 30 percet kelesztj\u00fck, majd 160 fokon l\u00e9gkever\u00e9ssel, 20 \u2013 25 perc alatt k\u00e9szre s\u00fctj\u00fck.<br>S\u00fcthetj\u00fck als\u00f3-fels\u0151 s\u00fct\u00e9ssel is, akkor 180 fokon kb.&nbsp; 20 \u2013 25 perc.<br><br><br><\/p>\n\n\n<div class=\"wp-block-image\">\n<figure class=\"aligncenter size-full is-resized\"><img loading=\"lazy\" decoding=\"async\" width=\"1024\" height=\"768\" src=\"https:\/\/blog.glutenmenteschef.hu\/wp-content\/uploads\/2017\/10\/Nutri-bal-es-Schar-jobb-bejgli-3.jpg\" alt=\"\" class=\"wp-image-31379\" style=\"width:500px\"\/><figcaption class=\"wp-element-caption\"><br><br><br><\/figcaption><\/figure>\n<\/div>\n\n<div class=\"wp-block-image\">\n<figure class=\"aligncenter size-full is-resized\"><img loading=\"lazy\" decoding=\"async\" width=\"1920\" height=\"1440\" src=\"https:\/\/blog.glutenmenteschef.hu\/wp-content\/uploads\/2017\/10\/Bejgli-17-di\u00f3s.jpg\" alt=\"\" class=\"wp-image-857\" style=\"width:500px\" srcset=\"http:\/\/blog.glutenmenteschef.hu\/wp-content\/uploads\/2017\/10\/Bejgli-17-di\u00f3s.jpg 1920w, http:\/\/blog.glutenmenteschef.hu\/wp-content\/uploads\/2017\/10\/Bejgli-17-di\u00f3s-300x225.jpg 300w, http:\/\/blog.glutenmenteschef.hu\/wp-content\/uploads\/2017\/10\/Bejgli-17-di\u00f3s-768x576.jpg 768w\" sizes=\"auto, (max-width: 1920px) 100vw, 1920px\" \/><figcaption class=\"wp-element-caption\"><br><br><\/figcaption><\/figure>\n<\/div>\n\n<div class=\"wp-block-image\">\n<figure class=\"aligncenter size-full is-resized\"><img loading=\"lazy\" decoding=\"async\" width=\"1024\" height=\"768\" src=\"https:\/\/blog.glutenmenteschef.hu\/wp-content\/uploads\/2017\/10\/Nutrifree-bejgli-dios-makos-2a.jpg\" alt=\"\" class=\"wp-image-31380\" style=\"width:500px\"\/><figcaption class=\"wp-element-caption\"><br><br><\/figcaption><\/figure>\n<\/div>\n\n\n<figure class=\"wp-block-embed is-type-video is-provider-youtube wp-block-embed-youtube wp-embed-aspect-16-9 wp-has-aspect-ratio\"><div class=\"wp-block-embed__wrapper\">\n<iframe loading=\"lazy\" title=\"Glut\u00e9nmentes bejgli\" width=\"900\" height=\"506\" src=\"https:\/\/www.youtube.com\/embed\/enuSbm86OBA?start=9&#038;feature=oembed\" frameborder=\"0\" allow=\"accelerometer; autoplay; clipboard-write; encrypted-media; gyroscope; picture-in-picture; web-share\" referrerpolicy=\"strict-origin-when-cross-origin\" allowfullscreen><\/iframe>\n<\/div><\/figure>\n","protected":false},"excerpt":{"rendered":"<p>Glut\u00e9nmentes Di\u00f3s Bejgli Nutri Free mix per Pane liszttel Bejgli n\u00e9lk\u00fcl elk\u00e9pzelhetetlen a Kar\u00e1csony, legal\u00e1bbis n\u00e1lunk. Ezen az sem v\u00e1ltoztat, hogy m\u00e1r egy ideje glut\u00e9nmentes bejgli k\u00e9sz\u00fcl az \u00fcnnepre. Siker\u00fclt egy olyan t\u00e9szt\u00e1t kidolgoznom, hogy m\u00e9g a vend\u00e9geink sem vett\u00e9k \u00e9szre, hogy nem b\u00fazalisztes, hanem glut\u00e9nmentes, amit esznek. T\u00f6bb ismer\u0151s\u00f6m, akiknek nem kell glut\u00e9nmentesen \u00e9tkeznie <br \/><a class=\"more\" href=\"http:\/\/blog.glutenmenteschef.hu\/index.php\/2017\/10\/12\/dios-bejgli-nutri-free-mix-per-pane-liszttel\/\">Read more&#8230; <\/a><\/p>\n","protected":false},"author":1,"featured_media":31375,"comment_status":"open","ping_status":"open","sticky":false,"template":"","format":"standard","meta":{"footnotes":""},"categories":[258,27,297,488],"tags":[67,259,5,68,69,148],"class_list":["post-853","post","type-post","status-publish","format-standard","has-post-thumbnail","hentry","category-bejgli","category-desszert","category-karacsonyi-edessegek","category-nutrifree-receptek","tag-bejgli","tag-dios-bejgli","tag-glutenmentes","tag-glutenmentes-bejgli","tag-glutenmentes-dios-bejgli","tag-nutri-free-mix-per-pane"],"yoast_head":"<!-- This site is optimized with the Yoast SEO plugin v26.5 - https:\/\/yoast.com\/wordpress\/plugins\/seo\/ -->\n<title>GLUT\u00c9NMENTES DI\u00d3S BEJGLI NUTRI FREE MIX PER PANE LISZTTEL &#8211; Glut\u00e9nmentes Chef blog - \u00c1tol Tibor<\/title>\n<meta name=\"description\" content=\"Bejgli n\u00e9lk\u00fcl elk\u00e9pzelhetetlen a Kar\u00e1csony, legal\u00e1bbis n\u00e1lunk. Ezen az sem v\u00e1ltoztat, hogy m\u00e1r egy ideje glut\u00e9nmentes bejgli k\u00e9sz\u00fcl az \u00fcnnepre. Siker\u00fclt egy olyan t\u00e9szt\u00e1t kidolgoznom, hogy m\u00e9g a vend\u00e9geink sem vett\u00e9k \u00e9szre, hogy nem b\u00fazalisztes, hanem glut\u00e9nmentes, amit esznek. T\u00f6bb ismer\u0151s\u00f6m, akiknek nem kell glut\u00e9nmentesen \u00e9tkeznie k\u00e9rte, hogy s\u00fcssek nekik bejglit az \u00fcnnepre, mert ez olyan finom. Persze itt is megvan a 2 nagy dilemma: M\u00e1kos vagy di\u00f3s? Megreped vagy sem?N\u00e1lunk nem is k\u00e9rd\u00e9s, hogy mind a kett\u0151nek k\u00e9sz\u00fclnie kell. A fiam \u00e9s \u00e9n ink\u00e1bb a di\u00f3sat, a feles\u00e9gem mind a kett\u0151t szereti, de reped\u00e9sr\u0151l sz\u00f3 sem lehet! ......\u00e9s h\u00e1t igen, a m\u00e9rete az olyan igazi &quot;b\u00e9kebeli&quot;.\" \/>\n<meta name=\"robots\" content=\"index, follow, max-snippet:-1, max-image-preview:large, max-video-preview:-1\" \/>\n<link rel=\"canonical\" href=\"http:\/\/blog.glutenmenteschef.hu\/index.php\/2017\/10\/12\/dios-bejgli-nutri-free-mix-per-pane-liszttel\/\" \/>\n<meta property=\"og:locale\" content=\"hu_HU\" \/>\n<meta property=\"og:type\" content=\"article\" \/>\n<meta property=\"og:title\" content=\"GLUT\u00c9NMENTES DI\u00d3S BEJGLI NUTRI FREE MIX PER PANE LISZTTEL &#8211; Glut\u00e9nmentes Chef blog - \u00c1tol Tibor\" \/>\n<meta property=\"og:description\" content=\"Bejgli n\u00e9lk\u00fcl elk\u00e9pzelhetetlen a Kar\u00e1csony, legal\u00e1bbis n\u00e1lunk. Ezen az sem v\u00e1ltoztat, hogy m\u00e1r egy ideje glut\u00e9nmentes bejgli k\u00e9sz\u00fcl az \u00fcnnepre. Siker\u00fclt egy olyan t\u00e9szt\u00e1t kidolgoznom, hogy m\u00e9g a vend\u00e9geink sem vett\u00e9k \u00e9szre, hogy nem b\u00fazalisztes, hanem glut\u00e9nmentes, amit esznek. T\u00f6bb ismer\u0151s\u00f6m, akiknek nem kell glut\u00e9nmentesen \u00e9tkeznie k\u00e9rte, hogy s\u00fcssek nekik bejglit az \u00fcnnepre, mert ez olyan finom. Persze itt is megvan a 2 nagy dilemma: M\u00e1kos vagy di\u00f3s? Megreped vagy sem?N\u00e1lunk nem is k\u00e9rd\u00e9s, hogy mind a kett\u0151nek k\u00e9sz\u00fclnie kell. A fiam \u00e9s \u00e9n ink\u00e1bb a di\u00f3sat, a feles\u00e9gem mind a kett\u0151t szereti, de reped\u00e9sr\u0151l sz\u00f3 sem lehet! ......\u00e9s h\u00e1t igen, a m\u00e9rete az olyan igazi &quot;b\u00e9kebeli&quot;.\" \/>\n<meta property=\"og:url\" content=\"http:\/\/blog.glutenmenteschef.hu\/index.php\/2017\/10\/12\/dios-bejgli-nutri-free-mix-per-pane-liszttel\/\" \/>\n<meta property=\"og:site_name\" content=\"Glut\u00e9nmentes Chef blog - \u00c1tol Tibor\" \/>\n<meta property=\"article:publisher\" content=\"https:\/\/www.facebook.com\/aglutenmentessef\" \/>\n<meta property=\"article:author\" content=\"https:\/\/www.facebook.com\/aglutenmentessef\" \/>\n<meta property=\"article:published_time\" content=\"2017-10-12T18:54:20+00:00\" \/>\n<meta property=\"article:modified_time\" content=\"2024-12-29T19:54:31+00:00\" \/>\n<meta property=\"og:image\" content=\"http:\/\/blog.glutenmenteschef.hu\/wp-content\/uploads\/2017\/10\/Nutrifree-bejgli-dios-6-1.jpg\" \/>\n\t<meta property=\"og:image:width\" content=\"1024\" \/>\n\t<meta property=\"og:image:height\" content=\"768\" \/>\n\t<meta property=\"og:image:type\" content=\"image\/jpeg\" \/>\n<meta name=\"author\" content=\"gmchef\" \/>\n<meta name=\"twitter:card\" content=\"summary_large_image\" \/>\n<meta name=\"twitter:label1\" content=\"Szerz\u0151:\" \/>\n\t<meta name=\"twitter:data1\" content=\"gmchef\" \/>\n\t<meta name=\"twitter:label2\" content=\"Becs\u00fclt olvas\u00e1si id\u0151\" \/>\n\t<meta name=\"twitter:data2\" content=\"5 perc\" \/>\n<script type=\"application\/ld+json\" class=\"yoast-schema-graph\">{\"@context\":\"https:\/\/schema.org\",\"@graph\":[{\"@type\":\"Article\",\"@id\":\"http:\/\/blog.glutenmenteschef.hu\/index.php\/2017\/10\/12\/dios-bejgli-nutri-free-mix-per-pane-liszttel\/#article\",\"isPartOf\":{\"@id\":\"http:\/\/blog.glutenmenteschef.hu\/index.php\/2017\/10\/12\/dios-bejgli-nutri-free-mix-per-pane-liszttel\/\"},\"author\":{\"name\":\"gmchef\",\"@id\":\"https:\/\/blog.glutenmenteschef.hu\/#\/schema\/person\/c07613f0b6c0f12f90b8cb23cf32754a\"},\"headline\":\"GLUT\u00c9NMENTES DI\u00d3S BEJGLI NUTRI FREE MIX PER PANE LISZTTEL\",\"datePublished\":\"2017-10-12T18:54:20+00:00\",\"dateModified\":\"2024-12-29T19:54:31+00:00\",\"mainEntityOfPage\":{\"@id\":\"http:\/\/blog.glutenmenteschef.hu\/index.php\/2017\/10\/12\/dios-bejgli-nutri-free-mix-per-pane-liszttel\/\"},\"wordCount\":670,\"commentCount\":0,\"publisher\":{\"@id\":\"https:\/\/blog.glutenmenteschef.hu\/#\/schema\/person\/c07613f0b6c0f12f90b8cb23cf32754a\"},\"image\":{\"@id\":\"http:\/\/blog.glutenmenteschef.hu\/index.php\/2017\/10\/12\/dios-bejgli-nutri-free-mix-per-pane-liszttel\/#primaryimage\"},\"thumbnailUrl\":\"http:\/\/blog.glutenmenteschef.hu\/wp-content\/uploads\/2017\/10\/Nutrifree-bejgli-dios-6.jpg\",\"keywords\":[\"bejgli\",\"di\u00f3s bejgli\",\"glut\u00e9nmentes\",\"glut\u00e9nmentes bejgli\",\"glut\u00e9nmentes di\u00f3s bejgli\",\"Nutri free mix per pane\"],\"articleSection\":[\"Bejgli\",\"Desszert-S\u00fctem\u00e9ny\",\"Kar\u00e1csonyi \u00e9dess\u00e9gek\",\"Nutrifree receptek\"],\"inLanguage\":\"hu\",\"potentialAction\":[{\"@type\":\"CommentAction\",\"name\":\"Comment\",\"target\":[\"http:\/\/blog.glutenmenteschef.hu\/index.php\/2017\/10\/12\/dios-bejgli-nutri-free-mix-per-pane-liszttel\/#respond\"]}]},{\"@type\":\"WebPage\",\"@id\":\"http:\/\/blog.glutenmenteschef.hu\/index.php\/2017\/10\/12\/dios-bejgli-nutri-free-mix-per-pane-liszttel\/\",\"url\":\"http:\/\/blog.glutenmenteschef.hu\/index.php\/2017\/10\/12\/dios-bejgli-nutri-free-mix-per-pane-liszttel\/\",\"name\":\"GLUT\u00c9NMENTES DI\u00d3S BEJGLI NUTRI FREE MIX PER PANE LISZTTEL &#8211; Glut\u00e9nmentes Chef blog - \u00c1tol Tibor\",\"isPartOf\":{\"@id\":\"https:\/\/blog.glutenmenteschef.hu\/#website\"},\"primaryImageOfPage\":{\"@id\":\"http:\/\/blog.glutenmenteschef.hu\/index.php\/2017\/10\/12\/dios-bejgli-nutri-free-mix-per-pane-liszttel\/#primaryimage\"},\"image\":{\"@id\":\"http:\/\/blog.glutenmenteschef.hu\/index.php\/2017\/10\/12\/dios-bejgli-nutri-free-mix-per-pane-liszttel\/#primaryimage\"},\"thumbnailUrl\":\"http:\/\/blog.glutenmenteschef.hu\/wp-content\/uploads\/2017\/10\/Nutrifree-bejgli-dios-6.jpg\",\"datePublished\":\"2017-10-12T18:54:20+00:00\",\"dateModified\":\"2024-12-29T19:54:31+00:00\",\"description\":\"Bejgli n\u00e9lk\u00fcl elk\u00e9pzelhetetlen a Kar\u00e1csony, legal\u00e1bbis n\u00e1lunk. Ezen az sem v\u00e1ltoztat, hogy m\u00e1r egy ideje glut\u00e9nmentes bejgli k\u00e9sz\u00fcl az \u00fcnnepre. Siker\u00fclt egy olyan t\u00e9szt\u00e1t kidolgoznom, hogy m\u00e9g a vend\u00e9geink sem vett\u00e9k \u00e9szre, hogy nem b\u00fazalisztes, hanem glut\u00e9nmentes, amit esznek. T\u00f6bb ismer\u0151s\u00f6m, akiknek nem kell glut\u00e9nmentesen \u00e9tkeznie k\u00e9rte, hogy s\u00fcssek nekik bejglit az \u00fcnnepre, mert ez olyan finom. Persze itt is megvan a 2 nagy dilemma: M\u00e1kos vagy di\u00f3s? Megreped vagy sem?N\u00e1lunk nem is k\u00e9rd\u00e9s, hogy mind a kett\u0151nek k\u00e9sz\u00fclnie kell. A fiam \u00e9s \u00e9n ink\u00e1bb a di\u00f3sat, a feles\u00e9gem mind a kett\u0151t szereti, de reped\u00e9sr\u0151l sz\u00f3 sem lehet! ......\u00e9s h\u00e1t igen, a m\u00e9rete az olyan igazi \\\"b\u00e9kebeli\\\".\",\"breadcrumb\":{\"@id\":\"http:\/\/blog.glutenmenteschef.hu\/index.php\/2017\/10\/12\/dios-bejgli-nutri-free-mix-per-pane-liszttel\/#breadcrumb\"},\"inLanguage\":\"hu\",\"potentialAction\":[{\"@type\":\"ReadAction\",\"target\":[\"http:\/\/blog.glutenmenteschef.hu\/index.php\/2017\/10\/12\/dios-bejgli-nutri-free-mix-per-pane-liszttel\/\"]}]},{\"@type\":\"ImageObject\",\"inLanguage\":\"hu\",\"@id\":\"http:\/\/blog.glutenmenteschef.hu\/index.php\/2017\/10\/12\/dios-bejgli-nutri-free-mix-per-pane-liszttel\/#primaryimage\",\"url\":\"http:\/\/blog.glutenmenteschef.hu\/wp-content\/uploads\/2017\/10\/Nutrifree-bejgli-dios-6.jpg\",\"contentUrl\":\"http:\/\/blog.glutenmenteschef.hu\/wp-content\/uploads\/2017\/10\/Nutrifree-bejgli-dios-6.jpg\",\"width\":1024,\"height\":768},{\"@type\":\"BreadcrumbList\",\"@id\":\"http:\/\/blog.glutenmenteschef.hu\/index.php\/2017\/10\/12\/dios-bejgli-nutri-free-mix-per-pane-liszttel\/#breadcrumb\",\"itemListElement\":[{\"@type\":\"ListItem\",\"position\":1,\"name\":\"Home\",\"item\":\"https:\/\/blog.glutenmenteschef.hu\/\"},{\"@type\":\"ListItem\",\"position\":2,\"name\":\"GLUT\u00c9NMENTES DI\u00d3S BEJGLI NUTRI FREE MIX PER PANE LISZTTEL\"}]},{\"@type\":\"WebSite\",\"@id\":\"https:\/\/blog.glutenmenteschef.hu\/#website\",\"url\":\"https:\/\/blog.glutenmenteschef.hu\/\",\"name\":\"Glut\u00e9nmentes Chef blog - \u00c1tol Tibor\",\"description\":\"Glut\u00e9nmentes \u00e9telek, glut\u00e9nmentes receptek, glut\u00e9nmentes vide\u00f3k\",\"publisher\":{\"@id\":\"https:\/\/blog.glutenmenteschef.hu\/#\/schema\/person\/c07613f0b6c0f12f90b8cb23cf32754a\"},\"potentialAction\":[{\"@type\":\"SearchAction\",\"target\":{\"@type\":\"EntryPoint\",\"urlTemplate\":\"https:\/\/blog.glutenmenteschef.hu\/?s={search_term_string}\"},\"query-input\":{\"@type\":\"PropertyValueSpecification\",\"valueRequired\":true,\"valueName\":\"search_term_string\"}}],\"inLanguage\":\"hu\"},{\"@type\":[\"Person\",\"Organization\"],\"@id\":\"https:\/\/blog.glutenmenteschef.hu\/#\/schema\/person\/c07613f0b6c0f12f90b8cb23cf32754a\",\"name\":\"gmchef\",\"image\":{\"@type\":\"ImageObject\",\"inLanguage\":\"hu\",\"@id\":\"https:\/\/blog.glutenmenteschef.hu\/#\/schema\/person\/image\/\",\"url\":\"https:\/\/secure.gravatar.com\/avatar\/363a4977321cb6fa3321b7ac93139b68e56af77880ae9fd5a3b2e7a8279f6d74?s=96&d=mm&r=g\",\"contentUrl\":\"https:\/\/secure.gravatar.com\/avatar\/363a4977321cb6fa3321b7ac93139b68e56af77880ae9fd5a3b2e7a8279f6d74?s=96&d=mm&r=g\",\"caption\":\"gmchef\"},\"logo\":{\"@id\":\"https:\/\/blog.glutenmenteschef.hu\/#\/schema\/person\/image\/\"},\"sameAs\":[\"https:\/\/www.facebook.com\/aglutenmentessef\"]}]}<\/script>\n<!-- \/ Yoast SEO plugin. -->","yoast_head_json":{"title":"GLUT\u00c9NMENTES DI\u00d3S BEJGLI NUTRI FREE MIX PER PANE LISZTTEL &#8211; Glut\u00e9nmentes Chef blog - \u00c1tol Tibor","description":"Bejgli n\u00e9lk\u00fcl elk\u00e9pzelhetetlen a Kar\u00e1csony, legal\u00e1bbis n\u00e1lunk. Ezen az sem v\u00e1ltoztat, hogy m\u00e1r egy ideje glut\u00e9nmentes bejgli k\u00e9sz\u00fcl az \u00fcnnepre. Siker\u00fclt egy olyan t\u00e9szt\u00e1t kidolgoznom, hogy m\u00e9g a vend\u00e9geink sem vett\u00e9k \u00e9szre, hogy nem b\u00fazalisztes, hanem glut\u00e9nmentes, amit esznek. T\u00f6bb ismer\u0151s\u00f6m, akiknek nem kell glut\u00e9nmentesen \u00e9tkeznie k\u00e9rte, hogy s\u00fcssek nekik bejglit az \u00fcnnepre, mert ez olyan finom. Persze itt is megvan a 2 nagy dilemma: M\u00e1kos vagy di\u00f3s? Megreped vagy sem?N\u00e1lunk nem is k\u00e9rd\u00e9s, hogy mind a kett\u0151nek k\u00e9sz\u00fclnie kell. A fiam \u00e9s \u00e9n ink\u00e1bb a di\u00f3sat, a feles\u00e9gem mind a kett\u0151t szereti, de reped\u00e9sr\u0151l sz\u00f3 sem lehet! ......\u00e9s h\u00e1t igen, a m\u00e9rete az olyan igazi \"b\u00e9kebeli\".","robots":{"index":"index","follow":"follow","max-snippet":"max-snippet:-1","max-image-preview":"max-image-preview:large","max-video-preview":"max-video-preview:-1"},"canonical":"http:\/\/blog.glutenmenteschef.hu\/index.php\/2017\/10\/12\/dios-bejgli-nutri-free-mix-per-pane-liszttel\/","og_locale":"hu_HU","og_type":"article","og_title":"GLUT\u00c9NMENTES DI\u00d3S BEJGLI NUTRI FREE MIX PER PANE LISZTTEL &#8211; Glut\u00e9nmentes Chef blog - \u00c1tol Tibor","og_description":"Bejgli n\u00e9lk\u00fcl elk\u00e9pzelhetetlen a Kar\u00e1csony, legal\u00e1bbis n\u00e1lunk. Ezen az sem v\u00e1ltoztat, hogy m\u00e1r egy ideje glut\u00e9nmentes bejgli k\u00e9sz\u00fcl az \u00fcnnepre. Siker\u00fclt egy olyan t\u00e9szt\u00e1t kidolgoznom, hogy m\u00e9g a vend\u00e9geink sem vett\u00e9k \u00e9szre, hogy nem b\u00fazalisztes, hanem glut\u00e9nmentes, amit esznek. T\u00f6bb ismer\u0151s\u00f6m, akiknek nem kell glut\u00e9nmentesen \u00e9tkeznie k\u00e9rte, hogy s\u00fcssek nekik bejglit az \u00fcnnepre, mert ez olyan finom. Persze itt is megvan a 2 nagy dilemma: M\u00e1kos vagy di\u00f3s? Megreped vagy sem?N\u00e1lunk nem is k\u00e9rd\u00e9s, hogy mind a kett\u0151nek k\u00e9sz\u00fclnie kell. A fiam \u00e9s \u00e9n ink\u00e1bb a di\u00f3sat, a feles\u00e9gem mind a kett\u0151t szereti, de reped\u00e9sr\u0151l sz\u00f3 sem lehet! ......\u00e9s h\u00e1t igen, a m\u00e9rete az olyan igazi \"b\u00e9kebeli\".","og_url":"http:\/\/blog.glutenmenteschef.hu\/index.php\/2017\/10\/12\/dios-bejgli-nutri-free-mix-per-pane-liszttel\/","og_site_name":"Glut\u00e9nmentes Chef blog - \u00c1tol Tibor","article_publisher":"https:\/\/www.facebook.com\/aglutenmentessef","article_author":"https:\/\/www.facebook.com\/aglutenmentessef","article_published_time":"2017-10-12T18:54:20+00:00","article_modified_time":"2024-12-29T19:54:31+00:00","og_image":[{"width":1024,"height":768,"url":"http:\/\/blog.glutenmenteschef.hu\/wp-content\/uploads\/2017\/10\/Nutrifree-bejgli-dios-6-1.jpg","type":"image\/jpeg"}],"author":"gmchef","twitter_card":"summary_large_image","twitter_misc":{"Szerz\u0151:":"gmchef","Becs\u00fclt olvas\u00e1si id\u0151":"5 perc"},"schema":{"@context":"https:\/\/schema.org","@graph":[{"@type":"Article","@id":"http:\/\/blog.glutenmenteschef.hu\/index.php\/2017\/10\/12\/dios-bejgli-nutri-free-mix-per-pane-liszttel\/#article","isPartOf":{"@id":"http:\/\/blog.glutenmenteschef.hu\/index.php\/2017\/10\/12\/dios-bejgli-nutri-free-mix-per-pane-liszttel\/"},"author":{"name":"gmchef","@id":"https:\/\/blog.glutenmenteschef.hu\/#\/schema\/person\/c07613f0b6c0f12f90b8cb23cf32754a"},"headline":"GLUT\u00c9NMENTES DI\u00d3S BEJGLI NUTRI FREE MIX PER PANE LISZTTEL","datePublished":"2017-10-12T18:54:20+00:00","dateModified":"2024-12-29T19:54:31+00:00","mainEntityOfPage":{"@id":"http:\/\/blog.glutenmenteschef.hu\/index.php\/2017\/10\/12\/dios-bejgli-nutri-free-mix-per-pane-liszttel\/"},"wordCount":670,"commentCount":0,"publisher":{"@id":"https:\/\/blog.glutenmenteschef.hu\/#\/schema\/person\/c07613f0b6c0f12f90b8cb23cf32754a"},"image":{"@id":"http:\/\/blog.glutenmenteschef.hu\/index.php\/2017\/10\/12\/dios-bejgli-nutri-free-mix-per-pane-liszttel\/#primaryimage"},"thumbnailUrl":"http:\/\/blog.glutenmenteschef.hu\/wp-content\/uploads\/2017\/10\/Nutrifree-bejgli-dios-6.jpg","keywords":["bejgli","di\u00f3s bejgli","glut\u00e9nmentes","glut\u00e9nmentes bejgli","glut\u00e9nmentes di\u00f3s bejgli","Nutri free mix per pane"],"articleSection":["Bejgli","Desszert-S\u00fctem\u00e9ny","Kar\u00e1csonyi \u00e9dess\u00e9gek","Nutrifree receptek"],"inLanguage":"hu","potentialAction":[{"@type":"CommentAction","name":"Comment","target":["http:\/\/blog.glutenmenteschef.hu\/index.php\/2017\/10\/12\/dios-bejgli-nutri-free-mix-per-pane-liszttel\/#respond"]}]},{"@type":"WebPage","@id":"http:\/\/blog.glutenmenteschef.hu\/index.php\/2017\/10\/12\/dios-bejgli-nutri-free-mix-per-pane-liszttel\/","url":"http:\/\/blog.glutenmenteschef.hu\/index.php\/2017\/10\/12\/dios-bejgli-nutri-free-mix-per-pane-liszttel\/","name":"GLUT\u00c9NMENTES DI\u00d3S BEJGLI NUTRI FREE MIX PER PANE LISZTTEL &#8211; Glut\u00e9nmentes Chef blog - \u00c1tol Tibor","isPartOf":{"@id":"https:\/\/blog.glutenmenteschef.hu\/#website"},"primaryImageOfPage":{"@id":"http:\/\/blog.glutenmenteschef.hu\/index.php\/2017\/10\/12\/dios-bejgli-nutri-free-mix-per-pane-liszttel\/#primaryimage"},"image":{"@id":"http:\/\/blog.glutenmenteschef.hu\/index.php\/2017\/10\/12\/dios-bejgli-nutri-free-mix-per-pane-liszttel\/#primaryimage"},"thumbnailUrl":"http:\/\/blog.glutenmenteschef.hu\/wp-content\/uploads\/2017\/10\/Nutrifree-bejgli-dios-6.jpg","datePublished":"2017-10-12T18:54:20+00:00","dateModified":"2024-12-29T19:54:31+00:00","description":"Bejgli n\u00e9lk\u00fcl elk\u00e9pzelhetetlen a Kar\u00e1csony, legal\u00e1bbis n\u00e1lunk. Ezen az sem v\u00e1ltoztat, hogy m\u00e1r egy ideje glut\u00e9nmentes bejgli k\u00e9sz\u00fcl az \u00fcnnepre. Siker\u00fclt egy olyan t\u00e9szt\u00e1t kidolgoznom, hogy m\u00e9g a vend\u00e9geink sem vett\u00e9k \u00e9szre, hogy nem b\u00fazalisztes, hanem glut\u00e9nmentes, amit esznek. T\u00f6bb ismer\u0151s\u00f6m, akiknek nem kell glut\u00e9nmentesen \u00e9tkeznie k\u00e9rte, hogy s\u00fcssek nekik bejglit az \u00fcnnepre, mert ez olyan finom. Persze itt is megvan a 2 nagy dilemma: M\u00e1kos vagy di\u00f3s? Megreped vagy sem?N\u00e1lunk nem is k\u00e9rd\u00e9s, hogy mind a kett\u0151nek k\u00e9sz\u00fclnie kell. A fiam \u00e9s \u00e9n ink\u00e1bb a di\u00f3sat, a feles\u00e9gem mind a kett\u0151t szereti, de reped\u00e9sr\u0151l sz\u00f3 sem lehet! ......\u00e9s h\u00e1t igen, a m\u00e9rete az olyan igazi \"b\u00e9kebeli\".","breadcrumb":{"@id":"http:\/\/blog.glutenmenteschef.hu\/index.php\/2017\/10\/12\/dios-bejgli-nutri-free-mix-per-pane-liszttel\/#breadcrumb"},"inLanguage":"hu","potentialAction":[{"@type":"ReadAction","target":["http:\/\/blog.glutenmenteschef.hu\/index.php\/2017\/10\/12\/dios-bejgli-nutri-free-mix-per-pane-liszttel\/"]}]},{"@type":"ImageObject","inLanguage":"hu","@id":"http:\/\/blog.glutenmenteschef.hu\/index.php\/2017\/10\/12\/dios-bejgli-nutri-free-mix-per-pane-liszttel\/#primaryimage","url":"http:\/\/blog.glutenmenteschef.hu\/wp-content\/uploads\/2017\/10\/Nutrifree-bejgli-dios-6.jpg","contentUrl":"http:\/\/blog.glutenmenteschef.hu\/wp-content\/uploads\/2017\/10\/Nutrifree-bejgli-dios-6.jpg","width":1024,"height":768},{"@type":"BreadcrumbList","@id":"http:\/\/blog.glutenmenteschef.hu\/index.php\/2017\/10\/12\/dios-bejgli-nutri-free-mix-per-pane-liszttel\/#breadcrumb","itemListElement":[{"@type":"ListItem","position":1,"name":"Home","item":"https:\/\/blog.glutenmenteschef.hu\/"},{"@type":"ListItem","position":2,"name":"GLUT\u00c9NMENTES DI\u00d3S BEJGLI NUTRI FREE MIX PER PANE LISZTTEL"}]},{"@type":"WebSite","@id":"https:\/\/blog.glutenmenteschef.hu\/#website","url":"https:\/\/blog.glutenmenteschef.hu\/","name":"Glut\u00e9nmentes Chef blog - \u00c1tol Tibor","description":"Glut\u00e9nmentes \u00e9telek, glut\u00e9nmentes receptek, glut\u00e9nmentes vide\u00f3k","publisher":{"@id":"https:\/\/blog.glutenmenteschef.hu\/#\/schema\/person\/c07613f0b6c0f12f90b8cb23cf32754a"},"potentialAction":[{"@type":"SearchAction","target":{"@type":"EntryPoint","urlTemplate":"https:\/\/blog.glutenmenteschef.hu\/?s={search_term_string}"},"query-input":{"@type":"PropertyValueSpecification","valueRequired":true,"valueName":"search_term_string"}}],"inLanguage":"hu"},{"@type":["Person","Organization"],"@id":"https:\/\/blog.glutenmenteschef.hu\/#\/schema\/person\/c07613f0b6c0f12f90b8cb23cf32754a","name":"gmchef","image":{"@type":"ImageObject","inLanguage":"hu","@id":"https:\/\/blog.glutenmenteschef.hu\/#\/schema\/person\/image\/","url":"https:\/\/secure.gravatar.com\/avatar\/363a4977321cb6fa3321b7ac93139b68e56af77880ae9fd5a3b2e7a8279f6d74?s=96&d=mm&r=g","contentUrl":"https:\/\/secure.gravatar.com\/avatar\/363a4977321cb6fa3321b7ac93139b68e56af77880ae9fd5a3b2e7a8279f6d74?s=96&d=mm&r=g","caption":"gmchef"},"logo":{"@id":"https:\/\/blog.glutenmenteschef.hu\/#\/schema\/person\/image\/"},"sameAs":["https:\/\/www.facebook.com\/aglutenmentessef"]}]}},"_links":{"self":[{"href":"http:\/\/blog.glutenmenteschef.hu\/index.php\/wp-json\/wp\/v2\/posts\/853","targetHints":{"allow":["GET"]}}],"collection":[{"href":"http:\/\/blog.glutenmenteschef.hu\/index.php\/wp-json\/wp\/v2\/posts"}],"about":[{"href":"http:\/\/blog.glutenmenteschef.hu\/index.php\/wp-json\/wp\/v2\/types\/post"}],"author":[{"embeddable":true,"href":"http:\/\/blog.glutenmenteschef.hu\/index.php\/wp-json\/wp\/v2\/users\/1"}],"replies":[{"embeddable":true,"href":"http:\/\/blog.glutenmenteschef.hu\/index.php\/wp-json\/wp\/v2\/comments?post=853"}],"version-history":[{"count":0,"href":"http:\/\/blog.glutenmenteschef.hu\/index.php\/wp-json\/wp\/v2\/posts\/853\/revisions"}],"wp:featuredmedia":[{"embeddable":true,"href":"http:\/\/blog.glutenmenteschef.hu\/index.php\/wp-json\/wp\/v2\/media\/31375"}],"wp:attachment":[{"href":"http:\/\/blog.glutenmenteschef.hu\/index.php\/wp-json\/wp\/v2\/media?parent=853"}],"wp:term":[{"taxonomy":"category","embeddable":true,"href":"http:\/\/blog.glutenmenteschef.hu\/index.php\/wp-json\/wp\/v2\/categories?post=853"},{"taxonomy":"post_tag","embeddable":true,"href":"http:\/\/blog.glutenmenteschef.hu\/index.php\/wp-json\/wp\/v2\/tags?post=853"}],"curies":[{"name":"wp","href":"https:\/\/api.w.org\/{rel}","templated":true}]}}