{"id":807,"date":"2017-10-08T16:12:27","date_gmt":"2017-10-08T16:12:27","guid":{"rendered":"http:\/\/blog.glutenmenteschef.hu\/?p=807"},"modified":"2021-05-24T14:51:45","modified_gmt":"2021-05-24T14:51:45","slug":"sonkaval-sajttal-toltott-csirkemell-cordon-bleu-glutenmentesen","status":"publish","type":"post","link":"http:\/\/blog.glutenmenteschef.hu\/index.php\/2017\/10\/08\/sonkaval-sajttal-toltott-csirkemell-cordon-bleu-glutenmentesen\/","title":{"rendered":"SONK\u00c1VAL &#8211; SAJTTAL T\u00d6LT\u00d6TT CSIRKEMELL ( CORDON BLEU ) GLUT\u00c9NMENTESEN"},"content":{"rendered":"\n<h3 class=\"has-text-align-center wp-block-heading\"><strong>Sonk\u00e1val &#8211; Sajttal t\u00f6lt\u00f6tt csirkemell glut\u00e9nmentesen<br>( Cordon Bleu )<\/strong><\/h3>\n\n\n\n<p class=\"has-text-align-center\">4 adag<br><br><br><\/p>\n\n\n\n<p>Az \u00e9ttermi neve CORDON BLEU ( ejtsd kordon bl\u0151 ) vagyis k\u00e9k szalag, egy\u00e9bk\u00e9nt meg egy isteni finom:<br>SONK\u00c1VAL-SAJTTAL T\u00d6LT\u00d6TT R\u00c1NTOTT H\u00daS, amit most glut\u00e9nmentesen k\u00e9sz\u00edtettem el.<br>Szerintem borj\u00fasz\u0171zb\u0151l a legfinomabb. Val\u00f3sz\u00edn\u0171 az eredeti receptben is ezzel k\u00e9sz\u00fclt, de csirkemellb\u0151l, sert\u00e9ssz\u0171zb\u0151l vagy sert\u00e9skarajb\u00f3l is s\u00fcthetj\u00fck.<br><br><br><\/p>\n\n\n\n<div class=\"wp-block-image\"><figure class=\"aligncenter\"><img loading=\"lazy\" decoding=\"async\" width=\"300\" height=\"225\" src=\"http:\/\/blog.glutenmenteschef.hu\/wp-content\/uploads\/2017\/10\/csirkemell-6-300x225.jpg\" alt=\"\" class=\"wp-image-808\" srcset=\"http:\/\/blog.glutenmenteschef.hu\/wp-content\/uploads\/2017\/10\/csirkemell-6-300x225.jpg 300w, http:\/\/blog.glutenmenteschef.hu\/wp-content\/uploads\/2017\/10\/csirkemell-6-768x576.jpg 768w\" sizes=\"auto, (max-width: 300px) 100vw, 300px\" \/><figcaption><br><br><\/figcaption><\/figure><\/div>\n\n\n\n<h5 class=\"has-text-align-center wp-block-heading\"><strong>Hozz\u00e1val\u00f3k:<\/strong><\/h5>\n\n\n\n<p class=\"has-text-align-center\">2 KISEBB, eg\u00e9sz, csont n\u00e9lk\u00fcli csirkemell<br>4 szelet sonka<br>4 szelet sajt ( lehet f\u00fcst\u00f6lt sajt is, mert att\u00f3l m\u00e9g finomabb lesz )<br>s\u00f3<\/p>\n\n\n\n<h5 class=\"has-text-align-center wp-block-heading\"><strong>Pan\u00edroz\u00e1shoz &#8211; S\u00fct\u00e9shez:<\/strong><\/h5>\n\n\n\n<p class=\"has-text-align-center\">50 g rizsliszt<br>2 db toj\u00e1s<br>100 g gm morzsa vagy burgonyapehely<br>5 dl \u00e9tolaj vagy kacsa\/libazs\u00edr<br><br><\/p>\n\n\n\n<p>Az eg\u00e9sz csirkemellet megmossuk, majd f\u00e9lbe v\u00e1gjuk.<\/p>\n\n\n\n<div class=\"wp-block-image\"><figure class=\"aligncenter\"><img loading=\"lazy\" decoding=\"async\" width=\"300\" height=\"225\" src=\"http:\/\/blog.glutenmenteschef.hu\/wp-content\/uploads\/2017\/10\/csirkemell-1-300x225.jpg\" alt=\"\" class=\"wp-image-809\" srcset=\"http:\/\/blog.glutenmenteschef.hu\/wp-content\/uploads\/2017\/10\/csirkemell-1-300x225.jpg 300w, http:\/\/blog.glutenmenteschef.hu\/wp-content\/uploads\/2017\/10\/csirkemell-1-768x576.jpg 768w\" sizes=\"auto, (max-width: 300px) 100vw, 300px\" \/><\/figure><\/div>\n\n\n\n<p>A felezett h\u00fast hosszanti ir\u00e1nyban, a vastagabb fels\u0151 r\u00e9sz\u00e9r\u0151l indulva nyitott szeletel\u00e9ssel felv\u00e1gjuk. <br>NYITOTT SZELETEL\u00c9S:<br>Ez azt jelenti, hogy nem v\u00e1gjuk teljesen \u00e1t, hanem az utols\u00f3 egy centit egyben hagyjuk. \u00cdgy ki tudjuk nyitni nagyra a h\u00fasszelet\u00fcnket. L\u00c1SD A FOT\u00d3T!!!<\/p>\n\n\n\n<div class=\"wp-block-image\"><figure class=\"aligncenter\"><img loading=\"lazy\" decoding=\"async\" width=\"300\" height=\"225\" src=\"http:\/\/blog.glutenmenteschef.hu\/wp-content\/uploads\/2017\/10\/csirkemell-2-300x225.jpg\" alt=\"\" class=\"wp-image-810\" srcset=\"http:\/\/blog.glutenmenteschef.hu\/wp-content\/uploads\/2017\/10\/csirkemell-2-300x225.jpg 300w, http:\/\/blog.glutenmenteschef.hu\/wp-content\/uploads\/2017\/10\/csirkemell-2-768x576.jpg 768w\" sizes=\"auto, (max-width: 300px) 100vw, 300px\" \/><\/figure><\/div>\n\n\n\n<p><br>K\u00edv\u00fcl &#8211; bel\u00fcl megs\u00f3zzuk. Beletessz\u00fck el\u0151sz\u00f6r a sonk\u00e1t, majd a sajtot.<\/p>\n\n\n\n<div class=\"wp-block-image\"><figure class=\"aligncenter\"><img loading=\"lazy\" decoding=\"async\" width=\"300\" height=\"225\" src=\"http:\/\/blog.glutenmenteschef.hu\/wp-content\/uploads\/2017\/10\/csirkemell-3-300x225.jpg\" alt=\"\" class=\"wp-image-811\" srcset=\"http:\/\/blog.glutenmenteschef.hu\/wp-content\/uploads\/2017\/10\/csirkemell-3-300x225.jpg 300w, http:\/\/blog.glutenmenteschef.hu\/wp-content\/uploads\/2017\/10\/csirkemell-3-768x576.jpg 768w\" sizes=\"auto, (max-width: 300px) 100vw, 300px\" \/><\/figure><\/div>\n\n\n\n<div class=\"wp-block-image\"><figure class=\"aligncenter\"><img loading=\"lazy\" decoding=\"async\" width=\"300\" height=\"225\" src=\"http:\/\/blog.glutenmenteschef.hu\/wp-content\/uploads\/2017\/10\/csirkemell-4-300x225.jpg\" alt=\"\" class=\"wp-image-812\" srcset=\"http:\/\/blog.glutenmenteschef.hu\/wp-content\/uploads\/2017\/10\/csirkemell-4-300x225.jpg 300w, http:\/\/blog.glutenmenteschef.hu\/wp-content\/uploads\/2017\/10\/csirkemell-4-768x576.jpg 768w\" sizes=\"auto, (max-width: 300px) 100vw, 300px\" \/><\/figure><\/div>\n\n\n\n<p>Visszahajtjuk a h\u00fast, ezzel lez\u00e1rva a t\u00f6ltel\u00e9ket.<br>Ezut\u00e1n a szok\u00e1sos m\u00f3don bepan\u00edrozzuk. El\u0151sz\u00f6r a rizslisztben, majd a toj\u00e1sban, v\u00e9g\u00fcl a morzs\u00e1ban \/ burgonyapehelyben forgatjuk meg \u00f3vatosan \u00e9s nyomkodjuk \u00f6ssze a nyitott r\u00e9sz\u00e9n, hogy ne ny\u00edljon sz\u00e9t s\u00fct\u00e9s k\u00f6zben.<br>A s\u00fct\u00e9s t\u00f6rt\u00e9nhet k\u00e9tf\u00e9lek\u00e9ppen is.<br>S\u00dcT\u00c9S 1:<br>160 fokos b\u0151 zsirad\u00e9kban, k\u00f6zepes l\u00e1ngon aranys\u00e1rg\u00e1ra s\u00fctj\u00fck mind a k\u00e9t oldal\u00e1t ( oldalank\u00e9nt kb.&nbsp; 4 perc, de ez m\u00e9retf\u00fcgg\u0151 ).<br>S\u00dcT\u00c9S 2:<br>K\u00f6zepesen forr\u00f3, b\u0151 zsirad\u00e9kban 1-1 percig s\u00fctj\u00fck mind a k\u00e9t oldal\u00e1t. Majd s\u00fct\u0151pap\u00edrral b\u00e9lelt tepsiben 200 fokos s\u00fct\u0151ben 12-18 perc alatt k\u00e9szre s\u00fctj\u00fck.<br>Ha \u00edgy k\u00e9sz\u00edtj\u00fck, a 2&#215;1 perc forr\u00f3 zsirad\u00e9kban s\u00fct\u00e9s alatt bez\u00e1rjuk a h\u00fasrostokat, ez \u00e1ltal a s\u00fct\u0151ben nem fog kisz\u00e1radni a csirkemell, finom szaftos marad.<\/p>\n\n\n\n<p>Csepegtet\u0151r\u00e1csra szedj\u00fck, majd r\u00e9zs\u00fatosan szeletelve t\u00e1laljuk. Kev\u00e9s reszelt sajttal is megsz\u00f3rhatjuk.<\/p>\n\n\n\n<div class=\"wp-block-image\"><figure class=\"aligncenter\"><img loading=\"lazy\" decoding=\"async\" width=\"300\" height=\"225\" src=\"http:\/\/blog.glutenmenteschef.hu\/wp-content\/uploads\/2017\/10\/csirkemell-5-300x225.jpg\" alt=\"\" class=\"wp-image-813\" srcset=\"http:\/\/blog.glutenmenteschef.hu\/wp-content\/uploads\/2017\/10\/csirkemell-5-300x225.jpg 300w, http:\/\/blog.glutenmenteschef.hu\/wp-content\/uploads\/2017\/10\/csirkemell-5-768x576.jpg 768w\" sizes=\"auto, (max-width: 300px) 100vw, 300px\" \/><\/figure><\/div>\n\n\n\n<div class=\"wp-block-image\"><figure class=\"aligncenter\"><img loading=\"lazy\" decoding=\"async\" width=\"300\" height=\"225\" src=\"http:\/\/blog.glutenmenteschef.hu\/wp-content\/uploads\/2017\/10\/csirkemell-7-300x225.jpg\" alt=\"\" class=\"wp-image-814\" srcset=\"http:\/\/blog.glutenmenteschef.hu\/wp-content\/uploads\/2017\/10\/csirkemell-7-300x225.jpg 300w, http:\/\/blog.glutenmenteschef.hu\/wp-content\/uploads\/2017\/10\/csirkemell-7-768x576.jpg 768w\" sizes=\"auto, (max-width: 300px) 100vw, 300px\" \/><\/figure><\/div>\n","protected":false},"excerpt":{"rendered":"<p>Sonk\u00e1val &#8211; Sajttal t\u00f6lt\u00f6tt csirkemell glut\u00e9nmentesen( Cordon Bleu ) 4 adag Az \u00e9ttermi neve CORDON BLEU ( ejtsd kordon bl\u0151 ) vagyis k\u00e9k szalag, egy\u00e9bk\u00e9nt meg egy isteni finom:SONK\u00c1VAL-SAJTTAL T\u00d6LT\u00d6TT R\u00c1NTOTT H\u00daS, amit most glut\u00e9nmentesen k\u00e9sz\u00edtettem el.Szerintem borj\u00fasz\u0171zb\u0151l a legfinomabb. Val\u00f3sz\u00edn\u0171 az eredeti receptben is ezzel k\u00e9sz\u00fclt, de csirkemellb\u0151l, sert\u00e9ssz\u0171zb\u0151l vagy sert\u00e9skarajb\u00f3l is s\u00fcthetj\u00fck. Hozz\u00e1val\u00f3k: <br \/><a class=\"more\" href=\"http:\/\/blog.glutenmenteschef.hu\/index.php\/2017\/10\/08\/sonkaval-sajttal-toltott-csirkemell-cordon-bleu-glutenmentesen\/\">Read more&#8230; <\/a><\/p>\n","protected":false},"author":1,"featured_media":3561,"comment_status":"open","ping_status":"open","sticky":false,"template":"","format":"standard","meta":{"footnotes":""},"categories":[7],"tags":[254,250,5,252,251,253],"class_list":["post-807","post","type-post","status-publish","format-standard","has-post-thumbnail","hentry","category-foetelek","tag-cordon-bleu","tag-csirkemell","tag-glutenmentes","tag-sajt","tag-sonka","tag-toltott-csirkemell"],"yoast_head":"<!-- This site is optimized with the Yoast SEO plugin v26.5 - https:\/\/yoast.com\/wordpress\/plugins\/seo\/ -->\n<title>SONK\u00c1VAL - SAJTTAL T\u00d6LT\u00d6TT CSIRKEMELL ( CORDON BLEU ) GLUT\u00c9NMENTESEN &#8211; Glut\u00e9nmentes Chef blog - \u00c1tol Tibor<\/title>\n<meta name=\"description\" content=\"Az \u00e9ttermi neve CORDON BLEU ( ejtsd kordon bl\u0151 ) vagyis k\u00e9k szalag, egy\u00e9bk\u00e9nt meg egy isteni finom:SONK\u00c1VAL-SAJTTAL T\u00d6LT\u00d6TT R\u00c1NTOTT H\u00daS, amit most glut\u00e9nmentesen k\u00e9sz\u00edtettem el.Szerintem borj\u00fasz\u0171zb\u0151l a legfinomabb. Val\u00f3sz\u00edn\u0171 az eredeti receptben is ezzel k\u00e9sz\u00fclt, de csirkemellb\u0151l, sert\u00e9ssz\u0171zb\u0151l vagy sert\u00e9skarajb\u00f3l is s\u00fcthetj\u00fck.\" \/>\n<meta name=\"robots\" content=\"index, follow, max-snippet:-1, max-image-preview:large, max-video-preview:-1\" \/>\n<link rel=\"canonical\" href=\"http:\/\/blog.glutenmenteschef.hu\/index.php\/2017\/10\/08\/sonkaval-sajttal-toltott-csirkemell-cordon-bleu-glutenmentesen\/\" \/>\n<meta property=\"og:locale\" content=\"hu_HU\" \/>\n<meta property=\"og:type\" content=\"article\" \/>\n<meta property=\"og:title\" content=\"SONK\u00c1VAL - SAJTTAL T\u00d6LT\u00d6TT CSIRKEMELL ( CORDON BLEU ) GLUT\u00c9NMENTESEN &#8211; Glut\u00e9nmentes Chef blog - \u00c1tol Tibor\" \/>\n<meta property=\"og:description\" content=\"Az \u00e9ttermi neve CORDON BLEU ( ejtsd kordon bl\u0151 ) vagyis k\u00e9k szalag, egy\u00e9bk\u00e9nt meg egy isteni finom:SONK\u00c1VAL-SAJTTAL T\u00d6LT\u00d6TT R\u00c1NTOTT H\u00daS, amit most glut\u00e9nmentesen k\u00e9sz\u00edtettem el.Szerintem borj\u00fasz\u0171zb\u0151l a legfinomabb. Val\u00f3sz\u00edn\u0171 az eredeti receptben is ezzel k\u00e9sz\u00fclt, de csirkemellb\u0151l, sert\u00e9ssz\u0171zb\u0151l vagy sert\u00e9skarajb\u00f3l is s\u00fcthetj\u00fck.\" \/>\n<meta property=\"og:url\" content=\"http:\/\/blog.glutenmenteschef.hu\/index.php\/2017\/10\/08\/sonkaval-sajttal-toltott-csirkemell-cordon-bleu-glutenmentesen\/\" \/>\n<meta property=\"og:site_name\" content=\"Glut\u00e9nmentes Chef blog - \u00c1tol Tibor\" \/>\n<meta property=\"article:publisher\" content=\"https:\/\/www.facebook.com\/aglutenmentessef\" \/>\n<meta property=\"article:author\" content=\"https:\/\/www.facebook.com\/aglutenmentessef\" \/>\n<meta property=\"article:published_time\" content=\"2017-10-08T16:12:27+00:00\" \/>\n<meta property=\"article:modified_time\" content=\"2021-05-24T14:51:45+00:00\" \/>\n<meta name=\"author\" content=\"gmchef\" \/>\n<meta name=\"twitter:card\" content=\"summary_large_image\" \/>\n<meta name=\"twitter:image\" content=\"http:\/\/blog.glutenmenteschef.hu\/wp-content\/uploads\/2017\/10\/Sonk\u00e1val-sajttal-t\u00f6lt\u00f6tt-csirkemell-7-e1515340802839.jpg\" \/>\n<meta name=\"twitter:label1\" content=\"Szerz\u0151:\" \/>\n\t<meta name=\"twitter:data1\" content=\"gmchef\" \/>\n\t<meta name=\"twitter:label2\" content=\"Becs\u00fclt olvas\u00e1si id\u0151\" \/>\n\t<meta name=\"twitter:data2\" content=\"3 perc\" \/>\n<script type=\"application\/ld+json\" class=\"yoast-schema-graph\">{\"@context\":\"https:\/\/schema.org\",\"@graph\":[{\"@type\":\"Article\",\"@id\":\"http:\/\/blog.glutenmenteschef.hu\/index.php\/2017\/10\/08\/sonkaval-sajttal-toltott-csirkemell-cordon-bleu-glutenmentesen\/#article\",\"isPartOf\":{\"@id\":\"http:\/\/blog.glutenmenteschef.hu\/index.php\/2017\/10\/08\/sonkaval-sajttal-toltott-csirkemell-cordon-bleu-glutenmentesen\/\"},\"author\":{\"name\":\"gmchef\",\"@id\":\"https:\/\/blog.glutenmenteschef.hu\/#\/schema\/person\/c07613f0b6c0f12f90b8cb23cf32754a\"},\"headline\":\"SONK\u00c1VAL &#8211; SAJTTAL T\u00d6LT\u00d6TT CSIRKEMELL ( CORDON BLEU ) GLUT\u00c9NMENTESEN\",\"datePublished\":\"2017-10-08T16:12:27+00:00\",\"dateModified\":\"2021-05-24T14:51:45+00:00\",\"mainEntityOfPage\":{\"@id\":\"http:\/\/blog.glutenmenteschef.hu\/index.php\/2017\/10\/08\/sonkaval-sajttal-toltott-csirkemell-cordon-bleu-glutenmentesen\/\"},\"wordCount\":426,\"commentCount\":0,\"publisher\":{\"@id\":\"https:\/\/blog.glutenmenteschef.hu\/#\/schema\/person\/c07613f0b6c0f12f90b8cb23cf32754a\"},\"image\":{\"@id\":\"http:\/\/blog.glutenmenteschef.hu\/index.php\/2017\/10\/08\/sonkaval-sajttal-toltott-csirkemell-cordon-bleu-glutenmentesen\/#primaryimage\"},\"thumbnailUrl\":\"http:\/\/blog.glutenmenteschef.hu\/wp-content\/uploads\/2017\/10\/Sonk\u00e1val-sajttal-t\u00f6lt\u00f6tt-csirkemell-7-e1515340802839.jpg\",\"keywords\":[\"cordon bleu\",\"csirkemell\",\"glut\u00e9nmentes\",\"sajt\",\"sonka\",\"t\u00f6lt\u00f6tt csirkemell\"],\"articleSection\":[\"F\u0151\u00e9telek\"],\"inLanguage\":\"hu\",\"potentialAction\":[{\"@type\":\"CommentAction\",\"name\":\"Comment\",\"target\":[\"http:\/\/blog.glutenmenteschef.hu\/index.php\/2017\/10\/08\/sonkaval-sajttal-toltott-csirkemell-cordon-bleu-glutenmentesen\/#respond\"]}]},{\"@type\":\"WebPage\",\"@id\":\"http:\/\/blog.glutenmenteschef.hu\/index.php\/2017\/10\/08\/sonkaval-sajttal-toltott-csirkemell-cordon-bleu-glutenmentesen\/\",\"url\":\"http:\/\/blog.glutenmenteschef.hu\/index.php\/2017\/10\/08\/sonkaval-sajttal-toltott-csirkemell-cordon-bleu-glutenmentesen\/\",\"name\":\"SONK\u00c1VAL - SAJTTAL T\u00d6LT\u00d6TT CSIRKEMELL ( CORDON BLEU ) GLUT\u00c9NMENTESEN &#8211; Glut\u00e9nmentes Chef blog - \u00c1tol Tibor\",\"isPartOf\":{\"@id\":\"https:\/\/blog.glutenmenteschef.hu\/#website\"},\"primaryImageOfPage\":{\"@id\":\"http:\/\/blog.glutenmenteschef.hu\/index.php\/2017\/10\/08\/sonkaval-sajttal-toltott-csirkemell-cordon-bleu-glutenmentesen\/#primaryimage\"},\"image\":{\"@id\":\"http:\/\/blog.glutenmenteschef.hu\/index.php\/2017\/10\/08\/sonkaval-sajttal-toltott-csirkemell-cordon-bleu-glutenmentesen\/#primaryimage\"},\"thumbnailUrl\":\"http:\/\/blog.glutenmenteschef.hu\/wp-content\/uploads\/2017\/10\/Sonk\u00e1val-sajttal-t\u00f6lt\u00f6tt-csirkemell-7-e1515340802839.jpg\",\"datePublished\":\"2017-10-08T16:12:27+00:00\",\"dateModified\":\"2021-05-24T14:51:45+00:00\",\"description\":\"Az \u00e9ttermi neve CORDON BLEU ( ejtsd kordon bl\u0151 ) vagyis k\u00e9k szalag, egy\u00e9bk\u00e9nt meg egy isteni finom:SONK\u00c1VAL-SAJTTAL T\u00d6LT\u00d6TT R\u00c1NTOTT H\u00daS, amit most glut\u00e9nmentesen k\u00e9sz\u00edtettem el.Szerintem borj\u00fasz\u0171zb\u0151l a legfinomabb. Val\u00f3sz\u00edn\u0171 az eredeti receptben is ezzel k\u00e9sz\u00fclt, de csirkemellb\u0151l, sert\u00e9ssz\u0171zb\u0151l vagy sert\u00e9skarajb\u00f3l is s\u00fcthetj\u00fck.\",\"breadcrumb\":{\"@id\":\"http:\/\/blog.glutenmenteschef.hu\/index.php\/2017\/10\/08\/sonkaval-sajttal-toltott-csirkemell-cordon-bleu-glutenmentesen\/#breadcrumb\"},\"inLanguage\":\"hu\",\"potentialAction\":[{\"@type\":\"ReadAction\",\"target\":[\"http:\/\/blog.glutenmenteschef.hu\/index.php\/2017\/10\/08\/sonkaval-sajttal-toltott-csirkemell-cordon-bleu-glutenmentesen\/\"]}]},{\"@type\":\"ImageObject\",\"inLanguage\":\"hu\",\"@id\":\"http:\/\/blog.glutenmenteschef.hu\/index.php\/2017\/10\/08\/sonkaval-sajttal-toltott-csirkemell-cordon-bleu-glutenmentesen\/#primaryimage\",\"url\":\"http:\/\/blog.glutenmenteschef.hu\/wp-content\/uploads\/2017\/10\/Sonk\u00e1val-sajttal-t\u00f6lt\u00f6tt-csirkemell-7-e1515340802839.jpg\",\"contentUrl\":\"http:\/\/blog.glutenmenteschef.hu\/wp-content\/uploads\/2017\/10\/Sonk\u00e1val-sajttal-t\u00f6lt\u00f6tt-csirkemell-7-e1515340802839.jpg\",\"width\":900,\"height\":675},{\"@type\":\"BreadcrumbList\",\"@id\":\"http:\/\/blog.glutenmenteschef.hu\/index.php\/2017\/10\/08\/sonkaval-sajttal-toltott-csirkemell-cordon-bleu-glutenmentesen\/#breadcrumb\",\"itemListElement\":[{\"@type\":\"ListItem\",\"position\":1,\"name\":\"Home\",\"item\":\"https:\/\/blog.glutenmenteschef.hu\/\"},{\"@type\":\"ListItem\",\"position\":2,\"name\":\"SONK\u00c1VAL &#8211; SAJTTAL T\u00d6LT\u00d6TT CSIRKEMELL ( CORDON BLEU ) GLUT\u00c9NMENTESEN\"}]},{\"@type\":\"WebSite\",\"@id\":\"https:\/\/blog.glutenmenteschef.hu\/#website\",\"url\":\"https:\/\/blog.glutenmenteschef.hu\/\",\"name\":\"Glut\u00e9nmentes Chef blog - \u00c1tol Tibor\",\"description\":\"Glut\u00e9nmentes \u00e9telek, glut\u00e9nmentes receptek, glut\u00e9nmentes vide\u00f3k\",\"publisher\":{\"@id\":\"https:\/\/blog.glutenmenteschef.hu\/#\/schema\/person\/c07613f0b6c0f12f90b8cb23cf32754a\"},\"potentialAction\":[{\"@type\":\"SearchAction\",\"target\":{\"@type\":\"EntryPoint\",\"urlTemplate\":\"https:\/\/blog.glutenmenteschef.hu\/?s={search_term_string}\"},\"query-input\":{\"@type\":\"PropertyValueSpecification\",\"valueRequired\":true,\"valueName\":\"search_term_string\"}}],\"inLanguage\":\"hu\"},{\"@type\":[\"Person\",\"Organization\"],\"@id\":\"https:\/\/blog.glutenmenteschef.hu\/#\/schema\/person\/c07613f0b6c0f12f90b8cb23cf32754a\",\"name\":\"gmchef\",\"image\":{\"@type\":\"ImageObject\",\"inLanguage\":\"hu\",\"@id\":\"https:\/\/blog.glutenmenteschef.hu\/#\/schema\/person\/image\/\",\"url\":\"https:\/\/secure.gravatar.com\/avatar\/363a4977321cb6fa3321b7ac93139b68e56af77880ae9fd5a3b2e7a8279f6d74?s=96&d=mm&r=g\",\"contentUrl\":\"https:\/\/secure.gravatar.com\/avatar\/363a4977321cb6fa3321b7ac93139b68e56af77880ae9fd5a3b2e7a8279f6d74?s=96&d=mm&r=g\",\"caption\":\"gmchef\"},\"logo\":{\"@id\":\"https:\/\/blog.glutenmenteschef.hu\/#\/schema\/person\/image\/\"},\"sameAs\":[\"https:\/\/www.facebook.com\/aglutenmentessef\"]}]}<\/script>\n<!-- \/ Yoast SEO plugin. -->","yoast_head_json":{"title":"SONK\u00c1VAL - SAJTTAL T\u00d6LT\u00d6TT CSIRKEMELL ( CORDON BLEU ) GLUT\u00c9NMENTESEN &#8211; Glut\u00e9nmentes Chef blog - \u00c1tol Tibor","description":"Az \u00e9ttermi neve CORDON BLEU ( ejtsd kordon bl\u0151 ) vagyis k\u00e9k szalag, egy\u00e9bk\u00e9nt meg egy isteni finom:SONK\u00c1VAL-SAJTTAL T\u00d6LT\u00d6TT R\u00c1NTOTT H\u00daS, amit most glut\u00e9nmentesen k\u00e9sz\u00edtettem el.Szerintem borj\u00fasz\u0171zb\u0151l a legfinomabb. Val\u00f3sz\u00edn\u0171 az eredeti receptben is ezzel k\u00e9sz\u00fclt, de csirkemellb\u0151l, sert\u00e9ssz\u0171zb\u0151l vagy sert\u00e9skarajb\u00f3l is s\u00fcthetj\u00fck.","robots":{"index":"index","follow":"follow","max-snippet":"max-snippet:-1","max-image-preview":"max-image-preview:large","max-video-preview":"max-video-preview:-1"},"canonical":"http:\/\/blog.glutenmenteschef.hu\/index.php\/2017\/10\/08\/sonkaval-sajttal-toltott-csirkemell-cordon-bleu-glutenmentesen\/","og_locale":"hu_HU","og_type":"article","og_title":"SONK\u00c1VAL - SAJTTAL T\u00d6LT\u00d6TT CSIRKEMELL ( CORDON BLEU ) GLUT\u00c9NMENTESEN &#8211; Glut\u00e9nmentes Chef blog - \u00c1tol Tibor","og_description":"Az \u00e9ttermi neve CORDON BLEU ( ejtsd kordon bl\u0151 ) vagyis k\u00e9k szalag, egy\u00e9bk\u00e9nt meg egy isteni finom:SONK\u00c1VAL-SAJTTAL T\u00d6LT\u00d6TT R\u00c1NTOTT H\u00daS, amit most glut\u00e9nmentesen k\u00e9sz\u00edtettem el.Szerintem borj\u00fasz\u0171zb\u0151l a legfinomabb. Val\u00f3sz\u00edn\u0171 az eredeti receptben is ezzel k\u00e9sz\u00fclt, de csirkemellb\u0151l, sert\u00e9ssz\u0171zb\u0151l vagy sert\u00e9skarajb\u00f3l is s\u00fcthetj\u00fck.","og_url":"http:\/\/blog.glutenmenteschef.hu\/index.php\/2017\/10\/08\/sonkaval-sajttal-toltott-csirkemell-cordon-bleu-glutenmentesen\/","og_site_name":"Glut\u00e9nmentes Chef blog - \u00c1tol Tibor","article_publisher":"https:\/\/www.facebook.com\/aglutenmentessef","article_author":"https:\/\/www.facebook.com\/aglutenmentessef","article_published_time":"2017-10-08T16:12:27+00:00","article_modified_time":"2021-05-24T14:51:45+00:00","author":"gmchef","twitter_card":"summary_large_image","twitter_image":"http:\/\/blog.glutenmenteschef.hu\/wp-content\/uploads\/2017\/10\/Sonk\u00e1val-sajttal-t\u00f6lt\u00f6tt-csirkemell-7-e1515340802839.jpg","twitter_misc":{"Szerz\u0151:":"gmchef","Becs\u00fclt olvas\u00e1si id\u0151":"3 perc"},"schema":{"@context":"https:\/\/schema.org","@graph":[{"@type":"Article","@id":"http:\/\/blog.glutenmenteschef.hu\/index.php\/2017\/10\/08\/sonkaval-sajttal-toltott-csirkemell-cordon-bleu-glutenmentesen\/#article","isPartOf":{"@id":"http:\/\/blog.glutenmenteschef.hu\/index.php\/2017\/10\/08\/sonkaval-sajttal-toltott-csirkemell-cordon-bleu-glutenmentesen\/"},"author":{"name":"gmchef","@id":"https:\/\/blog.glutenmenteschef.hu\/#\/schema\/person\/c07613f0b6c0f12f90b8cb23cf32754a"},"headline":"SONK\u00c1VAL &#8211; SAJTTAL T\u00d6LT\u00d6TT CSIRKEMELL ( CORDON BLEU ) GLUT\u00c9NMENTESEN","datePublished":"2017-10-08T16:12:27+00:00","dateModified":"2021-05-24T14:51:45+00:00","mainEntityOfPage":{"@id":"http:\/\/blog.glutenmenteschef.hu\/index.php\/2017\/10\/08\/sonkaval-sajttal-toltott-csirkemell-cordon-bleu-glutenmentesen\/"},"wordCount":426,"commentCount":0,"publisher":{"@id":"https:\/\/blog.glutenmenteschef.hu\/#\/schema\/person\/c07613f0b6c0f12f90b8cb23cf32754a"},"image":{"@id":"http:\/\/blog.glutenmenteschef.hu\/index.php\/2017\/10\/08\/sonkaval-sajttal-toltott-csirkemell-cordon-bleu-glutenmentesen\/#primaryimage"},"thumbnailUrl":"http:\/\/blog.glutenmenteschef.hu\/wp-content\/uploads\/2017\/10\/Sonk\u00e1val-sajttal-t\u00f6lt\u00f6tt-csirkemell-7-e1515340802839.jpg","keywords":["cordon bleu","csirkemell","glut\u00e9nmentes","sajt","sonka","t\u00f6lt\u00f6tt csirkemell"],"articleSection":["F\u0151\u00e9telek"],"inLanguage":"hu","potentialAction":[{"@type":"CommentAction","name":"Comment","target":["http:\/\/blog.glutenmenteschef.hu\/index.php\/2017\/10\/08\/sonkaval-sajttal-toltott-csirkemell-cordon-bleu-glutenmentesen\/#respond"]}]},{"@type":"WebPage","@id":"http:\/\/blog.glutenmenteschef.hu\/index.php\/2017\/10\/08\/sonkaval-sajttal-toltott-csirkemell-cordon-bleu-glutenmentesen\/","url":"http:\/\/blog.glutenmenteschef.hu\/index.php\/2017\/10\/08\/sonkaval-sajttal-toltott-csirkemell-cordon-bleu-glutenmentesen\/","name":"SONK\u00c1VAL - SAJTTAL T\u00d6LT\u00d6TT CSIRKEMELL ( CORDON BLEU ) GLUT\u00c9NMENTESEN &#8211; Glut\u00e9nmentes Chef blog - \u00c1tol Tibor","isPartOf":{"@id":"https:\/\/blog.glutenmenteschef.hu\/#website"},"primaryImageOfPage":{"@id":"http:\/\/blog.glutenmenteschef.hu\/index.php\/2017\/10\/08\/sonkaval-sajttal-toltott-csirkemell-cordon-bleu-glutenmentesen\/#primaryimage"},"image":{"@id":"http:\/\/blog.glutenmenteschef.hu\/index.php\/2017\/10\/08\/sonkaval-sajttal-toltott-csirkemell-cordon-bleu-glutenmentesen\/#primaryimage"},"thumbnailUrl":"http:\/\/blog.glutenmenteschef.hu\/wp-content\/uploads\/2017\/10\/Sonk\u00e1val-sajttal-t\u00f6lt\u00f6tt-csirkemell-7-e1515340802839.jpg","datePublished":"2017-10-08T16:12:27+00:00","dateModified":"2021-05-24T14:51:45+00:00","description":"Az \u00e9ttermi neve CORDON BLEU ( ejtsd kordon bl\u0151 ) vagyis k\u00e9k szalag, egy\u00e9bk\u00e9nt meg egy isteni finom:SONK\u00c1VAL-SAJTTAL T\u00d6LT\u00d6TT R\u00c1NTOTT H\u00daS, amit most glut\u00e9nmentesen k\u00e9sz\u00edtettem el.Szerintem borj\u00fasz\u0171zb\u0151l a legfinomabb. Val\u00f3sz\u00edn\u0171 az eredeti receptben is ezzel k\u00e9sz\u00fclt, de csirkemellb\u0151l, sert\u00e9ssz\u0171zb\u0151l vagy sert\u00e9skarajb\u00f3l is s\u00fcthetj\u00fck.","breadcrumb":{"@id":"http:\/\/blog.glutenmenteschef.hu\/index.php\/2017\/10\/08\/sonkaval-sajttal-toltott-csirkemell-cordon-bleu-glutenmentesen\/#breadcrumb"},"inLanguage":"hu","potentialAction":[{"@type":"ReadAction","target":["http:\/\/blog.glutenmenteschef.hu\/index.php\/2017\/10\/08\/sonkaval-sajttal-toltott-csirkemell-cordon-bleu-glutenmentesen\/"]}]},{"@type":"ImageObject","inLanguage":"hu","@id":"http:\/\/blog.glutenmenteschef.hu\/index.php\/2017\/10\/08\/sonkaval-sajttal-toltott-csirkemell-cordon-bleu-glutenmentesen\/#primaryimage","url":"http:\/\/blog.glutenmenteschef.hu\/wp-content\/uploads\/2017\/10\/Sonk\u00e1val-sajttal-t\u00f6lt\u00f6tt-csirkemell-7-e1515340802839.jpg","contentUrl":"http:\/\/blog.glutenmenteschef.hu\/wp-content\/uploads\/2017\/10\/Sonk\u00e1val-sajttal-t\u00f6lt\u00f6tt-csirkemell-7-e1515340802839.jpg","width":900,"height":675},{"@type":"BreadcrumbList","@id":"http:\/\/blog.glutenmenteschef.hu\/index.php\/2017\/10\/08\/sonkaval-sajttal-toltott-csirkemell-cordon-bleu-glutenmentesen\/#breadcrumb","itemListElement":[{"@type":"ListItem","position":1,"name":"Home","item":"https:\/\/blog.glutenmenteschef.hu\/"},{"@type":"ListItem","position":2,"name":"SONK\u00c1VAL &#8211; SAJTTAL T\u00d6LT\u00d6TT CSIRKEMELL ( CORDON BLEU ) GLUT\u00c9NMENTESEN"}]},{"@type":"WebSite","@id":"https:\/\/blog.glutenmenteschef.hu\/#website","url":"https:\/\/blog.glutenmenteschef.hu\/","name":"Glut\u00e9nmentes Chef blog - \u00c1tol Tibor","description":"Glut\u00e9nmentes \u00e9telek, glut\u00e9nmentes receptek, glut\u00e9nmentes vide\u00f3k","publisher":{"@id":"https:\/\/blog.glutenmenteschef.hu\/#\/schema\/person\/c07613f0b6c0f12f90b8cb23cf32754a"},"potentialAction":[{"@type":"SearchAction","target":{"@type":"EntryPoint","urlTemplate":"https:\/\/blog.glutenmenteschef.hu\/?s={search_term_string}"},"query-input":{"@type":"PropertyValueSpecification","valueRequired":true,"valueName":"search_term_string"}}],"inLanguage":"hu"},{"@type":["Person","Organization"],"@id":"https:\/\/blog.glutenmenteschef.hu\/#\/schema\/person\/c07613f0b6c0f12f90b8cb23cf32754a","name":"gmchef","image":{"@type":"ImageObject","inLanguage":"hu","@id":"https:\/\/blog.glutenmenteschef.hu\/#\/schema\/person\/image\/","url":"https:\/\/secure.gravatar.com\/avatar\/363a4977321cb6fa3321b7ac93139b68e56af77880ae9fd5a3b2e7a8279f6d74?s=96&d=mm&r=g","contentUrl":"https:\/\/secure.gravatar.com\/avatar\/363a4977321cb6fa3321b7ac93139b68e56af77880ae9fd5a3b2e7a8279f6d74?s=96&d=mm&r=g","caption":"gmchef"},"logo":{"@id":"https:\/\/blog.glutenmenteschef.hu\/#\/schema\/person\/image\/"},"sameAs":["https:\/\/www.facebook.com\/aglutenmentessef"]}]}},"_links":{"self":[{"href":"http:\/\/blog.glutenmenteschef.hu\/index.php\/wp-json\/wp\/v2\/posts\/807","targetHints":{"allow":["GET"]}}],"collection":[{"href":"http:\/\/blog.glutenmenteschef.hu\/index.php\/wp-json\/wp\/v2\/posts"}],"about":[{"href":"http:\/\/blog.glutenmenteschef.hu\/index.php\/wp-json\/wp\/v2\/types\/post"}],"author":[{"embeddable":true,"href":"http:\/\/blog.glutenmenteschef.hu\/index.php\/wp-json\/wp\/v2\/users\/1"}],"replies":[{"embeddable":true,"href":"http:\/\/blog.glutenmenteschef.hu\/index.php\/wp-json\/wp\/v2\/comments?post=807"}],"version-history":[{"count":0,"href":"http:\/\/blog.glutenmenteschef.hu\/index.php\/wp-json\/wp\/v2\/posts\/807\/revisions"}],"wp:featuredmedia":[{"embeddable":true,"href":"http:\/\/blog.glutenmenteschef.hu\/index.php\/wp-json\/wp\/v2\/media\/3561"}],"wp:attachment":[{"href":"http:\/\/blog.glutenmenteschef.hu\/index.php\/wp-json\/wp\/v2\/media?parent=807"}],"wp:term":[{"taxonomy":"category","embeddable":true,"href":"http:\/\/blog.glutenmenteschef.hu\/index.php\/wp-json\/wp\/v2\/categories?post=807"},{"taxonomy":"post_tag","embeddable":true,"href":"http:\/\/blog.glutenmenteschef.hu\/index.php\/wp-json\/wp\/v2\/tags?post=807"}],"curies":[{"name":"wp","href":"https:\/\/api.w.org\/{rel}","templated":true}]}}