{"id":574,"date":"2017-08-13T15:48:08","date_gmt":"2017-08-13T15:48:08","guid":{"rendered":"http:\/\/blog.glutenmenteschef.hu\/?p=574"},"modified":"2025-07-15T12:50:50","modified_gmt":"2025-07-15T12:50:50","slug":"szilvas-gomboc-rizsliszttel","status":"publish","type":"post","link":"http:\/\/blog.glutenmenteschef.hu\/index.php\/2017\/08\/13\/szilvas-gomboc-rizsliszttel\/","title":{"rendered":"SZILV\u00c1S GOMB\u00d3C GLUT\u00c9NMENTESEN RIZSLISZTTEL"},"content":{"rendered":"\n<h3 class=\"wp-block-heading has-text-align-center\"><strong>Szilv\u00e1s gomb\u00f3c glut\u00e9nmentesen rizsliszttel<\/strong><br><br><br><br><\/h3>\n\n\n\n<p>Ki ne szeretn\u00e9 a gomb\u00f3cot?! A glut\u00e9nmentes verzi\u00f3 n\u00e1lam rizsliszttel \u00e9s burgonyapehellyel k\u00e9sz\u00fcl. Nagyon k\u00f6nnyen kezelhet\u0151 a t\u00e9szta, f\u0151z\u00e9s k\u00f6zben sem megy sz\u00e9t. T\u00f6lthetj\u00fck barackkal, t\u00far\u00f3val, szilv\u00e1val, eperrel, s\u00fct\u00e9s\u00e1ll\u00f3 lekv\u00e1rral, de m\u00e9g Nutell\u00e1val is. A kif\u0151tt gomb\u00f3cokat megforgathatjuk szok\u00e1sos m\u00f3don glut\u00e9nmentes pir\u00edtott morzs\u00e1ban, de ak\u00e1r finomra  dar\u00e1lt reggeliz\u0151pehelybe is.<br><br><br><\/p>\n\n\n<div class=\"wp-block-image is-resized\">\n<figure class=\"aligncenter size-full\"><img loading=\"lazy\" decoding=\"async\" width=\"1024\" height=\"768\" src=\"https:\/\/blog.glutenmenteschef.hu\/wp-content\/uploads\/2021\/09\/Szilvasgomboc-20.jpg\" alt=\"\" class=\"wp-image-29246\" style=\"width:500px\" srcset=\"http:\/\/blog.glutenmenteschef.hu\/wp-content\/uploads\/2021\/09\/Szilvasgomboc-20.jpg 1024w, http:\/\/blog.glutenmenteschef.hu\/wp-content\/uploads\/2021\/09\/Szilvasgomboc-20-300x225.jpg 300w, http:\/\/blog.glutenmenteschef.hu\/wp-content\/uploads\/2021\/09\/Szilvasgomboc-20-768x576.jpg 768w\" sizes=\"auto, (max-width: 1024px) 100vw, 1024px\" \/><\/figure>\n<\/div>\n\n\n<h3 class=\"wp-block-heading has-text-align-center\"><br><br><strong>T\u00e9szta:<\/strong><\/h3>\n\n\n\n<p class=\"has-text-align-center\">1 kg h\u00e9j\u00e1ban f\u0151tt krumpli<br>25 dkg rizsliszt<br>5 db L-es m\u00e9ret\u0171 toj\u00e1s ( 60 &#8211; 65 g )<br>( ha kisebbek a toj\u00e1sok, akkor az \u00f6sszs\u00falyukat a 300-325 g vegy\u00fck figyelembe )<br>15 dkg burgonyapehely<br>5 dkg rizsliszt a sz\u00f3r\u00e1shoz<br>10 g s\u00f3<\/p>\n\n\n\n<h3 class=\"wp-block-heading has-text-align-center\"><strong>Morzsa:<\/strong><\/h3>\n\n\n\n<p class=\"has-text-align-center\">50 g vaj<br>zsemlemorzsa vagy reggeliz\u0151pehely finomra dar\u00e1lva ( Nestl\u00e9 Honey &amp; Nut )<\/p>\n\n\n\n<h3 class=\"wp-block-heading has-text-align-center\"><strong>Szilva t\u00f6ltel\u00e9k:<\/strong><\/h3>\n\n\n\n<p class=\"has-text-align-center\">20 szem szilva<br>50 g porcukor<br>1 g fah\u00e9j<br><\/p>\n\n\n\n<h3 class=\"wp-block-heading has-text-align-center\"><strong>Barack t\u00f6ltel\u00e9k:<\/strong><\/h3>\n\n\n\n<p class=\"has-text-align-center\">25-26 db kis m\u00e9ret\u0171 s\u00e1rgabarack<br>50 g porcukor<br>10 g van\u00edli\u00e1s cukor<br>opcion\u00e1lisan: 1 g fah\u00e9j<\/p>\n\n\n\n<h3 class=\"wp-block-heading has-text-align-center\"><strong>Sz\u00f3r\u00e1shoz:<\/strong><\/h3>\n\n\n\n<p class=\"has-text-align-center\">1 g fah\u00e9j<br>50 g porcukor<\/p>\n\n\n\n<p><br><br>A szilv\u00e1t megmossuk, kimagozzuk \u00fagy, hogy a szilva lehet\u0151leg egyben maradjon, de a belsej\u00e9be is ker\u00fclj\u00f6n fah\u00e9jas cukor. A porcukorral \u00e9s a fah\u00e9jjal megsz\u00f3rjuk \u00e9s kb. 1 \u00f3ra hossz\u00e1t \u00e1llni hagyjuk.<br>A h\u00e9j\u00e1ban megf\u0151z\u00f6tt, kih\u0171lt burgony\u00e1t megh\u00e1mozzuk \u00e9s \u00e1tt\u00f6rj\u00fck. Egy t\u00e1lban \u00f6sszegy\u00farjuk a t\u00e9szta hozz\u00e1val\u00f3it. Cip\u00f3t form\u00e1zunk bel\u0151le. A deszk\u00e1t \u00e9s a t\u00e9szta tetej\u00e9t is meglisztezz\u00fck \u00e9s ny\u00fajt\u00f3f\u00e1val 5-8 mm vastagra ny\u00fajtjuk. Majd kb. 8 x 8 cm-es n\u00e9gyzetekre &nbsp;v\u00e1gjuk.<br>A szilva szemeket a k\u00f6zep\u00e9re tessz\u00fck. A t\u00e9szta n\u00e9gy sark\u00e1t k\u00f6z\u00e9pre felhajtjuk, finoman \u00f6sszenyomogatjuk \u00e9s tenyer\u00fcnkkel gomb\u00f3cot hengerel\u00fcnk.<br><br><br><\/p>\n\n\n<div class=\"wp-block-image\">\n<figure class=\"aligncenter\"><img loading=\"lazy\" decoding=\"async\" width=\"300\" height=\"225\" src=\"http:\/\/blog.glutenmenteschef.hu\/wp-content\/uploads\/2017\/08\/gomb\u00f3c-1-300x225.jpg\" alt=\"\" class=\"wp-image-575\" srcset=\"http:\/\/blog.glutenmenteschef.hu\/wp-content\/uploads\/2017\/08\/gomb\u00f3c-1-300x225.jpg 300w, http:\/\/blog.glutenmenteschef.hu\/wp-content\/uploads\/2017\/08\/gomb\u00f3c-1-768x576.jpg 768w\" sizes=\"auto, (max-width: 300px) 100vw, 300px\" \/><\/figure>\n<\/div>\n\n\n<p><br><br>A vajat megolvasztjuk \u00e9s a morzs\u00e1t aranys\u00e1rga sz\u00edn\u0171re pir\u00edtjuk benne. Mi kipr\u00f3b\u00e1ltuk a Nutrifree morzs\u00e1val, ami a megt\u00e9veszt\u00e9sig hasonl\u00edt a &#8222;b\u00faz\u00e1s&#8221; t\u00e1rs\u00e1ra \u00e9s a Nestl\u00e9 Honey &amp; Nut reggeliz\u0151pelyh\u00e9vel is, ami szint\u00e9n nagyon finom.<br>Nagy l\u00e1basban ( 5 literes ) vizet forralunk 5 g s\u00f3val.<br>A gomb\u00f3cokat beletessz\u00fck a forr\u00e1sban l\u00e9v\u0151 v\u00edzbe, mikor a v\u00edz tetej\u00e9re felj\u00f6nnek kiszedj\u00fck \u0151ket, kiss\u00e9 lecsepegtetj\u00fck \u00e9s m\u00e9g forr\u00f3n a pir\u00edtott morzs\u00e1ban megforgatjuk.&nbsp;Fah\u00e9jjal \u00f6sszekevert porcukorral megsz\u00f3rjuk.<br><br><br><\/p>\n\n\n<div class=\"wp-block-image is-resized\">\n<figure class=\"aligncenter size-full\"><img loading=\"lazy\" decoding=\"async\" width=\"1024\" height=\"768\" src=\"https:\/\/blog.glutenmenteschef.hu\/wp-content\/uploads\/2021\/09\/Szilvasgomboc-50.jpg\" alt=\"\" class=\"wp-image-29243\" style=\"width:500px\" srcset=\"http:\/\/blog.glutenmenteschef.hu\/wp-content\/uploads\/2021\/09\/Szilvasgomboc-50.jpg 1024w, http:\/\/blog.glutenmenteschef.hu\/wp-content\/uploads\/2021\/09\/Szilvasgomboc-50-300x225.jpg 300w, http:\/\/blog.glutenmenteschef.hu\/wp-content\/uploads\/2021\/09\/Szilvasgomboc-50-768x576.jpg 768w\" sizes=\"auto, (max-width: 1024px) 100vw, 1024px\" \/><\/figure>\n<\/div>\n\n\n<p><br>!!! Ha szeretn\u00e9nk lefagyasztani bel\u0151le, akkor a k\u00e9szre f\u0151z\u00f6tt gomb\u00f3cokat tegy\u00fck adagonk\u00e9nt a m\u00e9lyh\u0171t\u0151be. Fogyaszt\u00e1s el\u0151tt olvasszuk ki, majd mikr\u00f3ban p\u00e1r perc alatt meleg\u00edts\u00fck fel.!!!<br><br><br><\/p>\n\n\n<div class=\"wp-block-image is-resized\">\n<figure class=\"aligncenter size-full\"><img loading=\"lazy\" decoding=\"async\" width=\"1024\" height=\"768\" src=\"https:\/\/blog.glutenmenteschef.hu\/wp-content\/uploads\/2021\/09\/Szilvasgomboc-29.jpg\" alt=\"\" class=\"wp-image-29248\" style=\"width:500px\" srcset=\"http:\/\/blog.glutenmenteschef.hu\/wp-content\/uploads\/2021\/09\/Szilvasgomboc-29.jpg 1024w, http:\/\/blog.glutenmenteschef.hu\/wp-content\/uploads\/2021\/09\/Szilvasgomboc-29-300x225.jpg 300w, http:\/\/blog.glutenmenteschef.hu\/wp-content\/uploads\/2021\/09\/Szilvasgomboc-29-768x576.jpg 768w\" sizes=\"auto, (max-width: 1024px) 100vw, 1024px\" \/><figcaption class=\"wp-element-caption\"><br><br><br><\/figcaption><\/figure>\n<\/div>\n\n<div class=\"wp-block-image is-resized\">\n<figure class=\"aligncenter size-large\"><img loading=\"lazy\" decoding=\"async\" width=\"1024\" height=\"768\" src=\"https:\/\/blog.glutenmenteschef.hu\/wp-content\/uploads\/2017\/08\/Szilvasgomboc-14.jpg\" alt=\"\" class=\"wp-image-29249\" style=\"width:500px\" srcset=\"http:\/\/blog.glutenmenteschef.hu\/wp-content\/uploads\/2017\/08\/Szilvasgomboc-14.jpg 1024w, http:\/\/blog.glutenmenteschef.hu\/wp-content\/uploads\/2017\/08\/Szilvasgomboc-14-300x225.jpg 300w, http:\/\/blog.glutenmenteschef.hu\/wp-content\/uploads\/2017\/08\/Szilvasgomboc-14-768x576.jpg 768w\" sizes=\"auto, (max-width: 1024px) 100vw, 1024px\" \/><\/figure>\n<\/div>","protected":false},"excerpt":{"rendered":"<p>Szilv\u00e1s gomb\u00f3c glut\u00e9nmentesen rizsliszttel Ki ne szeretn\u00e9 a gomb\u00f3cot?! A glut\u00e9nmentes verzi\u00f3 n\u00e1lam rizsliszttel \u00e9s burgonyapehellyel k\u00e9sz\u00fcl. Nagyon k\u00f6nnyen kezelhet\u0151 a t\u00e9szta, f\u0151z\u00e9s k\u00f6zben sem megy sz\u00e9t. T\u00f6lthetj\u00fck barackkal, t\u00far\u00f3val, szilv\u00e1val, eperrel, s\u00fct\u00e9s\u00e1ll\u00f3 lekv\u00e1rral, de m\u00e9g Nutell\u00e1val is. A kif\u0151tt gomb\u00f3cokat megforgathatjuk szok\u00e1sos m\u00f3don glut\u00e9nmentes pir\u00edtott morzs\u00e1ban, de ak\u00e1r finomra dar\u00e1lt reggeliz\u0151pehelybe is. T\u00e9szta: 1 <br \/><a class=\"more\" href=\"http:\/\/blog.glutenmenteschef.hu\/index.php\/2017\/08\/13\/szilvas-gomboc-rizsliszttel\/\">Read more&#8230; <\/a><\/p>\n","protected":false},"author":1,"featured_media":29247,"comment_status":"open","ping_status":"open","sticky":false,"template":"","format":"standard","meta":{"footnotes":""},"categories":[27,335],"tags":[5,575,219,190,220],"class_list":["post-574","post","type-post","status-publish","format-standard","has-post-thumbnail","hentry","category-desszert","category-rizslisztbol-keszitettem","tag-glutenmentes","tag-glutenmentes-recept","tag-gomboc","tag-rizsliszt","tag-szilvas-gomboc"],"yoast_head":"<!-- This site is optimized with the Yoast SEO plugin v26.5 - https:\/\/yoast.com\/wordpress\/plugins\/seo\/ -->\n<title>SZILV\u00c1S GOMB\u00d3C GLUT\u00c9NMENTESEN RIZSLISZTTEL &#8211; Glut\u00e9nmentes Chef blog - \u00c1tol Tibor<\/title>\n<meta name=\"description\" content=\"Ki ne szeretn\u00e9 a gomb\u00f3cot?! A glut\u00e9nmentes verzi\u00f3 n\u00e1lam rizsliszttel \u00e9s burgonyapehellyel k\u00e9sz\u00fcl. Nagyon k\u00f6nnyen kezelhet\u0151 a t\u00e9szta, f\u0151z\u00e9s k\u00f6zben sem megy sz\u00e9t. T\u00f6lthetj\u00fck barackkal, t\u00far\u00f3val, szilv\u00e1val, eperrel, s\u00fct\u00e9s\u00e1ll\u00f3 lekv\u00e1rral, de m\u00e9g Nutell\u00e1val is. A kif\u0151tt gomb\u00f3cokat megforgathatjuk szok\u00e1sos m\u00f3don glut\u00e9nmentes pir\u00edtott morzs\u00e1ban, de ak\u00e1r finomra dar\u00e1lt reggeliz\u0151pehelybe is.\" \/>\n<meta name=\"robots\" content=\"index, follow, max-snippet:-1, max-image-preview:large, max-video-preview:-1\" \/>\n<link rel=\"canonical\" href=\"http:\/\/blog.glutenmenteschef.hu\/index.php\/2017\/08\/13\/szilvas-gomboc-rizsliszttel\/\" \/>\n<meta property=\"og:locale\" content=\"hu_HU\" \/>\n<meta property=\"og:type\" content=\"article\" \/>\n<meta property=\"og:title\" content=\"SZILV\u00c1S GOMB\u00d3C GLUT\u00c9NMENTESEN RIZSLISZTTEL &#8211; Glut\u00e9nmentes Chef blog - \u00c1tol Tibor\" \/>\n<meta property=\"og:description\" content=\"Ki ne szeretn\u00e9 a gomb\u00f3cot?! A glut\u00e9nmentes verzi\u00f3 n\u00e1lam rizsliszttel \u00e9s burgonyapehellyel k\u00e9sz\u00fcl. Nagyon k\u00f6nnyen kezelhet\u0151 a t\u00e9szta, f\u0151z\u00e9s k\u00f6zben sem megy sz\u00e9t. T\u00f6lthetj\u00fck barackkal, t\u00far\u00f3val, szilv\u00e1val, eperrel, s\u00fct\u00e9s\u00e1ll\u00f3 lekv\u00e1rral, de m\u00e9g Nutell\u00e1val is. A kif\u0151tt gomb\u00f3cokat megforgathatjuk szok\u00e1sos m\u00f3don glut\u00e9nmentes pir\u00edtott morzs\u00e1ban, de ak\u00e1r finomra dar\u00e1lt reggeliz\u0151pehelybe is.\" \/>\n<meta property=\"og:url\" content=\"http:\/\/blog.glutenmenteschef.hu\/index.php\/2017\/08\/13\/szilvas-gomboc-rizsliszttel\/\" \/>\n<meta property=\"og:site_name\" content=\"Glut\u00e9nmentes Chef blog - \u00c1tol Tibor\" \/>\n<meta property=\"article:publisher\" content=\"https:\/\/www.facebook.com\/aglutenmentessef\" \/>\n<meta property=\"article:author\" content=\"https:\/\/www.facebook.com\/aglutenmentessef\" \/>\n<meta property=\"article:published_time\" content=\"2017-08-13T15:48:08+00:00\" \/>\n<meta property=\"article:modified_time\" content=\"2025-07-15T12:50:50+00:00\" \/>\n<meta property=\"og:image\" content=\"http:\/\/blog.glutenmenteschef.hu\/wp-content\/uploads\/2017\/08\/Szilvasgomboc-42.jpg\" \/>\n\t<meta property=\"og:image:width\" content=\"1024\" \/>\n\t<meta property=\"og:image:height\" content=\"768\" \/>\n\t<meta property=\"og:image:type\" content=\"image\/jpeg\" \/>\n<meta name=\"author\" content=\"gmchef\" \/>\n<meta name=\"twitter:card\" content=\"summary_large_image\" \/>\n<meta name=\"twitter:label1\" content=\"Szerz\u0151:\" \/>\n\t<meta name=\"twitter:data1\" content=\"gmchef\" \/>\n\t<meta name=\"twitter:label2\" content=\"Becs\u00fclt olvas\u00e1si id\u0151\" \/>\n\t<meta name=\"twitter:data2\" content=\"3 perc\" \/>\n<script type=\"application\/ld+json\" class=\"yoast-schema-graph\">{\"@context\":\"https:\/\/schema.org\",\"@graph\":[{\"@type\":\"Article\",\"@id\":\"http:\/\/blog.glutenmenteschef.hu\/index.php\/2017\/08\/13\/szilvas-gomboc-rizsliszttel\/#article\",\"isPartOf\":{\"@id\":\"http:\/\/blog.glutenmenteschef.hu\/index.php\/2017\/08\/13\/szilvas-gomboc-rizsliszttel\/\"},\"author\":{\"name\":\"gmchef\",\"@id\":\"https:\/\/blog.glutenmenteschef.hu\/#\/schema\/person\/c07613f0b6c0f12f90b8cb23cf32754a\"},\"headline\":\"SZILV\u00c1S GOMB\u00d3C GLUT\u00c9NMENTESEN RIZSLISZTTEL\",\"datePublished\":\"2017-08-13T15:48:08+00:00\",\"dateModified\":\"2025-07-15T12:50:50+00:00\",\"mainEntityOfPage\":{\"@id\":\"http:\/\/blog.glutenmenteschef.hu\/index.php\/2017\/08\/13\/szilvas-gomboc-rizsliszttel\/\"},\"wordCount\":472,\"commentCount\":0,\"publisher\":{\"@id\":\"https:\/\/blog.glutenmenteschef.hu\/#\/schema\/person\/c07613f0b6c0f12f90b8cb23cf32754a\"},\"image\":{\"@id\":\"http:\/\/blog.glutenmenteschef.hu\/index.php\/2017\/08\/13\/szilvas-gomboc-rizsliszttel\/#primaryimage\"},\"thumbnailUrl\":\"http:\/\/blog.glutenmenteschef.hu\/wp-content\/uploads\/2017\/08\/Szilvasgomboc-42.jpg\",\"keywords\":[\"glut\u00e9nmentes\",\"glut\u00e9nmentes recept\",\"gomb\u00f3c\",\"rizsliszt\",\"szilv\u00e1s gomb\u00f3c\"],\"articleSection\":[\"Desszert-S\u00fctem\u00e9ny\",\"Rizslisztb\u0151l k\u00e9sz\u00edtettem\"],\"inLanguage\":\"hu\",\"potentialAction\":[{\"@type\":\"CommentAction\",\"name\":\"Comment\",\"target\":[\"http:\/\/blog.glutenmenteschef.hu\/index.php\/2017\/08\/13\/szilvas-gomboc-rizsliszttel\/#respond\"]}]},{\"@type\":\"WebPage\",\"@id\":\"http:\/\/blog.glutenmenteschef.hu\/index.php\/2017\/08\/13\/szilvas-gomboc-rizsliszttel\/\",\"url\":\"http:\/\/blog.glutenmenteschef.hu\/index.php\/2017\/08\/13\/szilvas-gomboc-rizsliszttel\/\",\"name\":\"SZILV\u00c1S GOMB\u00d3C GLUT\u00c9NMENTESEN RIZSLISZTTEL &#8211; Glut\u00e9nmentes Chef blog - \u00c1tol Tibor\",\"isPartOf\":{\"@id\":\"https:\/\/blog.glutenmenteschef.hu\/#website\"},\"primaryImageOfPage\":{\"@id\":\"http:\/\/blog.glutenmenteschef.hu\/index.php\/2017\/08\/13\/szilvas-gomboc-rizsliszttel\/#primaryimage\"},\"image\":{\"@id\":\"http:\/\/blog.glutenmenteschef.hu\/index.php\/2017\/08\/13\/szilvas-gomboc-rizsliszttel\/#primaryimage\"},\"thumbnailUrl\":\"http:\/\/blog.glutenmenteschef.hu\/wp-content\/uploads\/2017\/08\/Szilvasgomboc-42.jpg\",\"datePublished\":\"2017-08-13T15:48:08+00:00\",\"dateModified\":\"2025-07-15T12:50:50+00:00\",\"description\":\"Ki ne szeretn\u00e9 a gomb\u00f3cot?! A glut\u00e9nmentes verzi\u00f3 n\u00e1lam rizsliszttel \u00e9s burgonyapehellyel k\u00e9sz\u00fcl. Nagyon k\u00f6nnyen kezelhet\u0151 a t\u00e9szta, f\u0151z\u00e9s k\u00f6zben sem megy sz\u00e9t. T\u00f6lthetj\u00fck barackkal, t\u00far\u00f3val, szilv\u00e1val, eperrel, s\u00fct\u00e9s\u00e1ll\u00f3 lekv\u00e1rral, de m\u00e9g Nutell\u00e1val is. A kif\u0151tt gomb\u00f3cokat megforgathatjuk szok\u00e1sos m\u00f3don glut\u00e9nmentes pir\u00edtott morzs\u00e1ban, de ak\u00e1r finomra dar\u00e1lt reggeliz\u0151pehelybe is.\",\"breadcrumb\":{\"@id\":\"http:\/\/blog.glutenmenteschef.hu\/index.php\/2017\/08\/13\/szilvas-gomboc-rizsliszttel\/#breadcrumb\"},\"inLanguage\":\"hu\",\"potentialAction\":[{\"@type\":\"ReadAction\",\"target\":[\"http:\/\/blog.glutenmenteschef.hu\/index.php\/2017\/08\/13\/szilvas-gomboc-rizsliszttel\/\"]}]},{\"@type\":\"ImageObject\",\"inLanguage\":\"hu\",\"@id\":\"http:\/\/blog.glutenmenteschef.hu\/index.php\/2017\/08\/13\/szilvas-gomboc-rizsliszttel\/#primaryimage\",\"url\":\"http:\/\/blog.glutenmenteschef.hu\/wp-content\/uploads\/2017\/08\/Szilvasgomboc-42.jpg\",\"contentUrl\":\"http:\/\/blog.glutenmenteschef.hu\/wp-content\/uploads\/2017\/08\/Szilvasgomboc-42.jpg\",\"width\":1024,\"height\":768},{\"@type\":\"BreadcrumbList\",\"@id\":\"http:\/\/blog.glutenmenteschef.hu\/index.php\/2017\/08\/13\/szilvas-gomboc-rizsliszttel\/#breadcrumb\",\"itemListElement\":[{\"@type\":\"ListItem\",\"position\":1,\"name\":\"Home\",\"item\":\"https:\/\/blog.glutenmenteschef.hu\/\"},{\"@type\":\"ListItem\",\"position\":2,\"name\":\"SZILV\u00c1S GOMB\u00d3C GLUT\u00c9NMENTESEN RIZSLISZTTEL\"}]},{\"@type\":\"WebSite\",\"@id\":\"https:\/\/blog.glutenmenteschef.hu\/#website\",\"url\":\"https:\/\/blog.glutenmenteschef.hu\/\",\"name\":\"Glut\u00e9nmentes Chef blog - \u00c1tol Tibor\",\"description\":\"Glut\u00e9nmentes \u00e9telek, glut\u00e9nmentes receptek, glut\u00e9nmentes vide\u00f3k\",\"publisher\":{\"@id\":\"https:\/\/blog.glutenmenteschef.hu\/#\/schema\/person\/c07613f0b6c0f12f90b8cb23cf32754a\"},\"potentialAction\":[{\"@type\":\"SearchAction\",\"target\":{\"@type\":\"EntryPoint\",\"urlTemplate\":\"https:\/\/blog.glutenmenteschef.hu\/?s={search_term_string}\"},\"query-input\":{\"@type\":\"PropertyValueSpecification\",\"valueRequired\":true,\"valueName\":\"search_term_string\"}}],\"inLanguage\":\"hu\"},{\"@type\":[\"Person\",\"Organization\"],\"@id\":\"https:\/\/blog.glutenmenteschef.hu\/#\/schema\/person\/c07613f0b6c0f12f90b8cb23cf32754a\",\"name\":\"gmchef\",\"image\":{\"@type\":\"ImageObject\",\"inLanguage\":\"hu\",\"@id\":\"https:\/\/blog.glutenmenteschef.hu\/#\/schema\/person\/image\/\",\"url\":\"https:\/\/secure.gravatar.com\/avatar\/363a4977321cb6fa3321b7ac93139b68e56af77880ae9fd5a3b2e7a8279f6d74?s=96&d=mm&r=g\",\"contentUrl\":\"https:\/\/secure.gravatar.com\/avatar\/363a4977321cb6fa3321b7ac93139b68e56af77880ae9fd5a3b2e7a8279f6d74?s=96&d=mm&r=g\",\"caption\":\"gmchef\"},\"logo\":{\"@id\":\"https:\/\/blog.glutenmenteschef.hu\/#\/schema\/person\/image\/\"},\"sameAs\":[\"https:\/\/www.facebook.com\/aglutenmentessef\"]}]}<\/script>\n<!-- \/ Yoast SEO plugin. -->","yoast_head_json":{"title":"SZILV\u00c1S GOMB\u00d3C GLUT\u00c9NMENTESEN RIZSLISZTTEL &#8211; Glut\u00e9nmentes Chef blog - \u00c1tol Tibor","description":"Ki ne szeretn\u00e9 a gomb\u00f3cot?! A glut\u00e9nmentes verzi\u00f3 n\u00e1lam rizsliszttel \u00e9s burgonyapehellyel k\u00e9sz\u00fcl. Nagyon k\u00f6nnyen kezelhet\u0151 a t\u00e9szta, f\u0151z\u00e9s k\u00f6zben sem megy sz\u00e9t. T\u00f6lthetj\u00fck barackkal, t\u00far\u00f3val, szilv\u00e1val, eperrel, s\u00fct\u00e9s\u00e1ll\u00f3 lekv\u00e1rral, de m\u00e9g Nutell\u00e1val is. A kif\u0151tt gomb\u00f3cokat megforgathatjuk szok\u00e1sos m\u00f3don glut\u00e9nmentes pir\u00edtott morzs\u00e1ban, de ak\u00e1r finomra dar\u00e1lt reggeliz\u0151pehelybe is.","robots":{"index":"index","follow":"follow","max-snippet":"max-snippet:-1","max-image-preview":"max-image-preview:large","max-video-preview":"max-video-preview:-1"},"canonical":"http:\/\/blog.glutenmenteschef.hu\/index.php\/2017\/08\/13\/szilvas-gomboc-rizsliszttel\/","og_locale":"hu_HU","og_type":"article","og_title":"SZILV\u00c1S GOMB\u00d3C GLUT\u00c9NMENTESEN RIZSLISZTTEL &#8211; Glut\u00e9nmentes Chef blog - \u00c1tol Tibor","og_description":"Ki ne szeretn\u00e9 a gomb\u00f3cot?! A glut\u00e9nmentes verzi\u00f3 n\u00e1lam rizsliszttel \u00e9s burgonyapehellyel k\u00e9sz\u00fcl. Nagyon k\u00f6nnyen kezelhet\u0151 a t\u00e9szta, f\u0151z\u00e9s k\u00f6zben sem megy sz\u00e9t. T\u00f6lthetj\u00fck barackkal, t\u00far\u00f3val, szilv\u00e1val, eperrel, s\u00fct\u00e9s\u00e1ll\u00f3 lekv\u00e1rral, de m\u00e9g Nutell\u00e1val is. A kif\u0151tt gomb\u00f3cokat megforgathatjuk szok\u00e1sos m\u00f3don glut\u00e9nmentes pir\u00edtott morzs\u00e1ban, de ak\u00e1r finomra dar\u00e1lt reggeliz\u0151pehelybe is.","og_url":"http:\/\/blog.glutenmenteschef.hu\/index.php\/2017\/08\/13\/szilvas-gomboc-rizsliszttel\/","og_site_name":"Glut\u00e9nmentes Chef blog - \u00c1tol Tibor","article_publisher":"https:\/\/www.facebook.com\/aglutenmentessef","article_author":"https:\/\/www.facebook.com\/aglutenmentessef","article_published_time":"2017-08-13T15:48:08+00:00","article_modified_time":"2025-07-15T12:50:50+00:00","og_image":[{"width":1024,"height":768,"url":"http:\/\/blog.glutenmenteschef.hu\/wp-content\/uploads\/2017\/08\/Szilvasgomboc-42.jpg","type":"image\/jpeg"}],"author":"gmchef","twitter_card":"summary_large_image","twitter_misc":{"Szerz\u0151:":"gmchef","Becs\u00fclt olvas\u00e1si id\u0151":"3 perc"},"schema":{"@context":"https:\/\/schema.org","@graph":[{"@type":"Article","@id":"http:\/\/blog.glutenmenteschef.hu\/index.php\/2017\/08\/13\/szilvas-gomboc-rizsliszttel\/#article","isPartOf":{"@id":"http:\/\/blog.glutenmenteschef.hu\/index.php\/2017\/08\/13\/szilvas-gomboc-rizsliszttel\/"},"author":{"name":"gmchef","@id":"https:\/\/blog.glutenmenteschef.hu\/#\/schema\/person\/c07613f0b6c0f12f90b8cb23cf32754a"},"headline":"SZILV\u00c1S GOMB\u00d3C GLUT\u00c9NMENTESEN RIZSLISZTTEL","datePublished":"2017-08-13T15:48:08+00:00","dateModified":"2025-07-15T12:50:50+00:00","mainEntityOfPage":{"@id":"http:\/\/blog.glutenmenteschef.hu\/index.php\/2017\/08\/13\/szilvas-gomboc-rizsliszttel\/"},"wordCount":472,"commentCount":0,"publisher":{"@id":"https:\/\/blog.glutenmenteschef.hu\/#\/schema\/person\/c07613f0b6c0f12f90b8cb23cf32754a"},"image":{"@id":"http:\/\/blog.glutenmenteschef.hu\/index.php\/2017\/08\/13\/szilvas-gomboc-rizsliszttel\/#primaryimage"},"thumbnailUrl":"http:\/\/blog.glutenmenteschef.hu\/wp-content\/uploads\/2017\/08\/Szilvasgomboc-42.jpg","keywords":["glut\u00e9nmentes","glut\u00e9nmentes recept","gomb\u00f3c","rizsliszt","szilv\u00e1s gomb\u00f3c"],"articleSection":["Desszert-S\u00fctem\u00e9ny","Rizslisztb\u0151l k\u00e9sz\u00edtettem"],"inLanguage":"hu","potentialAction":[{"@type":"CommentAction","name":"Comment","target":["http:\/\/blog.glutenmenteschef.hu\/index.php\/2017\/08\/13\/szilvas-gomboc-rizsliszttel\/#respond"]}]},{"@type":"WebPage","@id":"http:\/\/blog.glutenmenteschef.hu\/index.php\/2017\/08\/13\/szilvas-gomboc-rizsliszttel\/","url":"http:\/\/blog.glutenmenteschef.hu\/index.php\/2017\/08\/13\/szilvas-gomboc-rizsliszttel\/","name":"SZILV\u00c1S GOMB\u00d3C GLUT\u00c9NMENTESEN RIZSLISZTTEL &#8211; Glut\u00e9nmentes Chef blog - \u00c1tol Tibor","isPartOf":{"@id":"https:\/\/blog.glutenmenteschef.hu\/#website"},"primaryImageOfPage":{"@id":"http:\/\/blog.glutenmenteschef.hu\/index.php\/2017\/08\/13\/szilvas-gomboc-rizsliszttel\/#primaryimage"},"image":{"@id":"http:\/\/blog.glutenmenteschef.hu\/index.php\/2017\/08\/13\/szilvas-gomboc-rizsliszttel\/#primaryimage"},"thumbnailUrl":"http:\/\/blog.glutenmenteschef.hu\/wp-content\/uploads\/2017\/08\/Szilvasgomboc-42.jpg","datePublished":"2017-08-13T15:48:08+00:00","dateModified":"2025-07-15T12:50:50+00:00","description":"Ki ne szeretn\u00e9 a gomb\u00f3cot?! A glut\u00e9nmentes verzi\u00f3 n\u00e1lam rizsliszttel \u00e9s burgonyapehellyel k\u00e9sz\u00fcl. Nagyon k\u00f6nnyen kezelhet\u0151 a t\u00e9szta, f\u0151z\u00e9s k\u00f6zben sem megy sz\u00e9t. T\u00f6lthetj\u00fck barackkal, t\u00far\u00f3val, szilv\u00e1val, eperrel, s\u00fct\u00e9s\u00e1ll\u00f3 lekv\u00e1rral, de m\u00e9g Nutell\u00e1val is. A kif\u0151tt gomb\u00f3cokat megforgathatjuk szok\u00e1sos m\u00f3don glut\u00e9nmentes pir\u00edtott morzs\u00e1ban, de ak\u00e1r finomra dar\u00e1lt reggeliz\u0151pehelybe is.","breadcrumb":{"@id":"http:\/\/blog.glutenmenteschef.hu\/index.php\/2017\/08\/13\/szilvas-gomboc-rizsliszttel\/#breadcrumb"},"inLanguage":"hu","potentialAction":[{"@type":"ReadAction","target":["http:\/\/blog.glutenmenteschef.hu\/index.php\/2017\/08\/13\/szilvas-gomboc-rizsliszttel\/"]}]},{"@type":"ImageObject","inLanguage":"hu","@id":"http:\/\/blog.glutenmenteschef.hu\/index.php\/2017\/08\/13\/szilvas-gomboc-rizsliszttel\/#primaryimage","url":"http:\/\/blog.glutenmenteschef.hu\/wp-content\/uploads\/2017\/08\/Szilvasgomboc-42.jpg","contentUrl":"http:\/\/blog.glutenmenteschef.hu\/wp-content\/uploads\/2017\/08\/Szilvasgomboc-42.jpg","width":1024,"height":768},{"@type":"BreadcrumbList","@id":"http:\/\/blog.glutenmenteschef.hu\/index.php\/2017\/08\/13\/szilvas-gomboc-rizsliszttel\/#breadcrumb","itemListElement":[{"@type":"ListItem","position":1,"name":"Home","item":"https:\/\/blog.glutenmenteschef.hu\/"},{"@type":"ListItem","position":2,"name":"SZILV\u00c1S GOMB\u00d3C GLUT\u00c9NMENTESEN RIZSLISZTTEL"}]},{"@type":"WebSite","@id":"https:\/\/blog.glutenmenteschef.hu\/#website","url":"https:\/\/blog.glutenmenteschef.hu\/","name":"Glut\u00e9nmentes Chef blog - \u00c1tol Tibor","description":"Glut\u00e9nmentes \u00e9telek, glut\u00e9nmentes receptek, glut\u00e9nmentes vide\u00f3k","publisher":{"@id":"https:\/\/blog.glutenmenteschef.hu\/#\/schema\/person\/c07613f0b6c0f12f90b8cb23cf32754a"},"potentialAction":[{"@type":"SearchAction","target":{"@type":"EntryPoint","urlTemplate":"https:\/\/blog.glutenmenteschef.hu\/?s={search_term_string}"},"query-input":{"@type":"PropertyValueSpecification","valueRequired":true,"valueName":"search_term_string"}}],"inLanguage":"hu"},{"@type":["Person","Organization"],"@id":"https:\/\/blog.glutenmenteschef.hu\/#\/schema\/person\/c07613f0b6c0f12f90b8cb23cf32754a","name":"gmchef","image":{"@type":"ImageObject","inLanguage":"hu","@id":"https:\/\/blog.glutenmenteschef.hu\/#\/schema\/person\/image\/","url":"https:\/\/secure.gravatar.com\/avatar\/363a4977321cb6fa3321b7ac93139b68e56af77880ae9fd5a3b2e7a8279f6d74?s=96&d=mm&r=g","contentUrl":"https:\/\/secure.gravatar.com\/avatar\/363a4977321cb6fa3321b7ac93139b68e56af77880ae9fd5a3b2e7a8279f6d74?s=96&d=mm&r=g","caption":"gmchef"},"logo":{"@id":"https:\/\/blog.glutenmenteschef.hu\/#\/schema\/person\/image\/"},"sameAs":["https:\/\/www.facebook.com\/aglutenmentessef"]}]}},"_links":{"self":[{"href":"http:\/\/blog.glutenmenteschef.hu\/index.php\/wp-json\/wp\/v2\/posts\/574","targetHints":{"allow":["GET"]}}],"collection":[{"href":"http:\/\/blog.glutenmenteschef.hu\/index.php\/wp-json\/wp\/v2\/posts"}],"about":[{"href":"http:\/\/blog.glutenmenteschef.hu\/index.php\/wp-json\/wp\/v2\/types\/post"}],"author":[{"embeddable":true,"href":"http:\/\/blog.glutenmenteschef.hu\/index.php\/wp-json\/wp\/v2\/users\/1"}],"replies":[{"embeddable":true,"href":"http:\/\/blog.glutenmenteschef.hu\/index.php\/wp-json\/wp\/v2\/comments?post=574"}],"version-history":[{"count":2,"href":"http:\/\/blog.glutenmenteschef.hu\/index.php\/wp-json\/wp\/v2\/posts\/574\/revisions"}],"predecessor-version":[{"id":31653,"href":"http:\/\/blog.glutenmenteschef.hu\/index.php\/wp-json\/wp\/v2\/posts\/574\/revisions\/31653"}],"wp:featuredmedia":[{"embeddable":true,"href":"http:\/\/blog.glutenmenteschef.hu\/index.php\/wp-json\/wp\/v2\/media\/29247"}],"wp:attachment":[{"href":"http:\/\/blog.glutenmenteschef.hu\/index.php\/wp-json\/wp\/v2\/media?parent=574"}],"wp:term":[{"taxonomy":"category","embeddable":true,"href":"http:\/\/blog.glutenmenteschef.hu\/index.php\/wp-json\/wp\/v2\/categories?post=574"},{"taxonomy":"post_tag","embeddable":true,"href":"http:\/\/blog.glutenmenteschef.hu\/index.php\/wp-json\/wp\/v2\/tags?post=574"}],"curies":[{"name":"wp","href":"https:\/\/api.w.org\/{rel}","templated":true}]}}