{"id":5358,"date":"2017-12-11T21:01:04","date_gmt":"2017-12-11T21:01:04","guid":{"rendered":"http:\/\/blog.glutenmenteschef.hu\/?p=5358"},"modified":"2019-06-04T08:01:54","modified_gmt":"2019-06-04T08:01:54","slug":"csicseriborso-salata","status":"publish","type":"post","link":"http:\/\/blog.glutenmenteschef.hu\/index.php\/2017\/12\/11\/csicseriborso-salata\/","title":{"rendered":"CSICSERIBORS\u00d3 SAL\u00c1TA"},"content":{"rendered":"<h2 style=\"text-align: center;\">Csicseribors\u00f3 sal\u00e1ta<\/h2>\n<p style=\"text-align: center;\">2 doboz csicseribors\u00f3 konzerv ( \u00f6sszesen 480 g )<br \/>\n50 g cukor<br \/>\n50 g v\u00f6r\u00f6shagyma<br \/>\n1 g s\u00f3<br \/>\n20 ml almaecet<br \/>\n10 ml 20%-os \u00e9telecet<\/p>\n<p><img loading=\"lazy\" decoding=\"async\" class=\"size-medium wp-image-5359 aligncenter\" src=\"http:\/\/blog.glutenmenteschef.hu\/wp-content\/uploads\/2017\/12\/csicseri-sali-2-300x225.jpg\" alt=\"\" width=\"300\" height=\"225\" srcset=\"http:\/\/blog.glutenmenteschef.hu\/wp-content\/uploads\/2017\/12\/csicseri-sali-2-300x225.jpg 300w, http:\/\/blog.glutenmenteschef.hu\/wp-content\/uploads\/2017\/12\/csicseri-sali-2-768x576.jpg 768w\" sizes=\"auto, (max-width: 300px) 100vw, 300px\" \/><\/p>\n<p>A cukrot az ecettel, a s\u00f3val keverj\u00fck \u00f6ssze, majd adjuk hozz\u00e1 a v\u00e9konyra felszeletelt hagym\u00e1t. Hagyjuk 10 percig \u00e1llni, majd forgassuk bele a lesz\u0171rt csicseribors\u00f3t. Frissen s\u00fcltek mell\u00e9 k\u00f6retk\u00e9nt, sal\u00e1tak\u00e9nt is kiv\u00e1l\u00f3.<br \/>\nA lev\u00e9t ne \u00f6nts\u00fck ki, mert habcs\u00f3k k\u00e9sz\u00edthet\u0151 bel\u0151le! Ha szeretn\u00e9d elk\u00e9sz\u00edteni, keresd a &#8222;Toj\u00e1smentes Habcs\u00f3k&#8221; receptet a blogon.<\/p>\n<p><img loading=\"lazy\" decoding=\"async\" class=\"size-medium wp-image-5360 aligncenter\" src=\"http:\/\/blog.glutenmenteschef.hu\/wp-content\/uploads\/2017\/12\/csicseri-sali-1-300x225.jpg\" alt=\"\" width=\"300\" height=\"225\"><\/p>\n","protected":false},"excerpt":{"rendered":"<p>Csicseribors\u00f3 sal\u00e1ta 2 doboz csicseribors\u00f3 konzerv ( \u00f6sszesen 480 g ) 50 g cukor 50 g v\u00f6r\u00f6shagyma 1 g s\u00f3 20 ml almaecet 10 ml 20%-os \u00e9telecet A cukrot az ecettel, a s\u00f3val keverj\u00fck \u00f6ssze, majd adjuk hozz\u00e1 a v\u00e9konyra felszeletelt hagym\u00e1t. Hagyjuk 10 percig \u00e1llni, majd forgassuk bele a lesz\u0171rt csicseribors\u00f3t. Frissen s\u00fcltek mell\u00e9 <br \/><a class=\"more\" href=\"http:\/\/blog.glutenmenteschef.hu\/index.php\/2017\/12\/11\/csicseriborso-salata\/\">Read more&#8230; <\/a><\/p>\n","protected":false},"author":1,"featured_media":5360,"comment_status":"open","ping_status":"open","sticky":false,"template":"","format":"standard","meta":{"footnotes":""},"categories":[176,385],"tags":[298,5,299],"class_list":["post-5358","post","type-post","status-publish","format-standard","has-post-thumbnail","hentry","category-husmentes-etelek","category-savanyusag-salata","tag-csicseriborso","tag-glutenmentes","tag-salata"],"yoast_head":"<!-- This site is optimized with the Yoast SEO plugin v26.5 - https:\/\/yoast.com\/wordpress\/plugins\/seo\/ -->\n<title>CSICSERIBORS\u00d3 SAL\u00c1TA &#8211; Glut\u00e9nmentes Chef blog - \u00c1tol Tibor<\/title>\n<meta name=\"robots\" content=\"index, follow, max-snippet:-1, max-image-preview:large, max-video-preview:-1\" \/>\n<link rel=\"canonical\" href=\"http:\/\/blog.glutenmenteschef.hu\/index.php\/2017\/12\/11\/csicseriborso-salata\/\" \/>\n<meta property=\"og:locale\" content=\"hu_HU\" \/>\n<meta property=\"og:type\" content=\"article\" \/>\n<meta property=\"og:title\" content=\"CSICSERIBORS\u00d3 SAL\u00c1TA &#8211; Glut\u00e9nmentes Chef blog - \u00c1tol Tibor\" \/>\n<meta property=\"og:description\" content=\"Csicseribors\u00f3 sal\u00e1ta 2 doboz csicseribors\u00f3 konzerv ( \u00f6sszesen 480 g ) 50 g cukor 50 g v\u00f6r\u00f6shagyma 1 g s\u00f3 20 ml almaecet 10 ml 20%-os \u00e9telecet A cukrot az ecettel, a s\u00f3val keverj\u00fck \u00f6ssze, majd adjuk hozz\u00e1 a v\u00e9konyra felszeletelt hagym\u00e1t. Hagyjuk 10 percig \u00e1llni, majd forgassuk bele a lesz\u0171rt csicseribors\u00f3t. Frissen s\u00fcltek mell\u00e9 Read more...\" \/>\n<meta property=\"og:url\" content=\"http:\/\/blog.glutenmenteschef.hu\/index.php\/2017\/12\/11\/csicseriborso-salata\/\" \/>\n<meta property=\"og:site_name\" content=\"Glut\u00e9nmentes Chef blog - \u00c1tol Tibor\" \/>\n<meta property=\"article:publisher\" content=\"https:\/\/www.facebook.com\/aglutenmentessef\" \/>\n<meta property=\"article:author\" content=\"https:\/\/www.facebook.com\/aglutenmentessef\" \/>\n<meta property=\"article:published_time\" content=\"2017-12-11T21:01:04+00:00\" \/>\n<meta property=\"article:modified_time\" content=\"2019-06-04T08:01:54+00:00\" \/>\n<meta name=\"author\" content=\"gmchef\" \/>\n<meta name=\"twitter:card\" content=\"summary_large_image\" \/>\n<meta name=\"twitter:image\" content=\"http:\/\/blog.glutenmenteschef.hu\/wp-content\/uploads\/2017\/12\/csicseri-sali-1-e1515339828895.jpg\" \/>\n<meta name=\"twitter:label1\" content=\"Szerz\u0151:\" \/>\n\t<meta name=\"twitter:data1\" content=\"gmchef\" \/>\n<script type=\"application\/ld+json\" class=\"yoast-schema-graph\">{\"@context\":\"https:\/\/schema.org\",\"@graph\":[{\"@type\":\"Article\",\"@id\":\"http:\/\/blog.glutenmenteschef.hu\/index.php\/2017\/12\/11\/csicseriborso-salata\/#article\",\"isPartOf\":{\"@id\":\"http:\/\/blog.glutenmenteschef.hu\/index.php\/2017\/12\/11\/csicseriborso-salata\/\"},\"author\":{\"name\":\"gmchef\",\"@id\":\"https:\/\/blog.glutenmenteschef.hu\/#\/schema\/person\/c07613f0b6c0f12f90b8cb23cf32754a\"},\"headline\":\"CSICSERIBORS\u00d3 SAL\u00c1TA\",\"datePublished\":\"2017-12-11T21:01:04+00:00\",\"dateModified\":\"2019-06-04T08:01:54+00:00\",\"mainEntityOfPage\":{\"@id\":\"http:\/\/blog.glutenmenteschef.hu\/index.php\/2017\/12\/11\/csicseriborso-salata\/\"},\"wordCount\":97,\"commentCount\":0,\"publisher\":{\"@id\":\"https:\/\/blog.glutenmenteschef.hu\/#\/schema\/person\/c07613f0b6c0f12f90b8cb23cf32754a\"},\"image\":{\"@id\":\"http:\/\/blog.glutenmenteschef.hu\/index.php\/2017\/12\/11\/csicseriborso-salata\/#primaryimage\"},\"thumbnailUrl\":\"http:\/\/blog.glutenmenteschef.hu\/wp-content\/uploads\/2017\/12\/csicseri-sali-1-e1515339828895.jpg\",\"keywords\":[\"csicseribors\u00f3\",\"glut\u00e9nmentes\",\"sal\u00e1ta\"],\"articleSection\":[\"H\u00fasmentes \u00e9telek\",\"Savany\u00fas\u00e1g \/ sal\u00e1ta\"],\"inLanguage\":\"hu\",\"potentialAction\":[{\"@type\":\"CommentAction\",\"name\":\"Comment\",\"target\":[\"http:\/\/blog.glutenmenteschef.hu\/index.php\/2017\/12\/11\/csicseriborso-salata\/#respond\"]}]},{\"@type\":\"WebPage\",\"@id\":\"http:\/\/blog.glutenmenteschef.hu\/index.php\/2017\/12\/11\/csicseriborso-salata\/\",\"url\":\"http:\/\/blog.glutenmenteschef.hu\/index.php\/2017\/12\/11\/csicseriborso-salata\/\",\"name\":\"CSICSERIBORS\u00d3 SAL\u00c1TA &#8211; Glut\u00e9nmentes Chef blog - \u00c1tol Tibor\",\"isPartOf\":{\"@id\":\"https:\/\/blog.glutenmenteschef.hu\/#website\"},\"primaryImageOfPage\":{\"@id\":\"http:\/\/blog.glutenmenteschef.hu\/index.php\/2017\/12\/11\/csicseriborso-salata\/#primaryimage\"},\"image\":{\"@id\":\"http:\/\/blog.glutenmenteschef.hu\/index.php\/2017\/12\/11\/csicseriborso-salata\/#primaryimage\"},\"thumbnailUrl\":\"http:\/\/blog.glutenmenteschef.hu\/wp-content\/uploads\/2017\/12\/csicseri-sali-1-e1515339828895.jpg\",\"datePublished\":\"2017-12-11T21:01:04+00:00\",\"dateModified\":\"2019-06-04T08:01:54+00:00\",\"breadcrumb\":{\"@id\":\"http:\/\/blog.glutenmenteschef.hu\/index.php\/2017\/12\/11\/csicseriborso-salata\/#breadcrumb\"},\"inLanguage\":\"hu\",\"potentialAction\":[{\"@type\":\"ReadAction\",\"target\":[\"http:\/\/blog.glutenmenteschef.hu\/index.php\/2017\/12\/11\/csicseriborso-salata\/\"]}]},{\"@type\":\"ImageObject\",\"inLanguage\":\"hu\",\"@id\":\"http:\/\/blog.glutenmenteschef.hu\/index.php\/2017\/12\/11\/csicseriborso-salata\/#primaryimage\",\"url\":\"http:\/\/blog.glutenmenteschef.hu\/wp-content\/uploads\/2017\/12\/csicseri-sali-1-e1515339828895.jpg\",\"contentUrl\":\"http:\/\/blog.glutenmenteschef.hu\/wp-content\/uploads\/2017\/12\/csicseri-sali-1-e1515339828895.jpg\",\"width\":900,\"height\":675},{\"@type\":\"BreadcrumbList\",\"@id\":\"http:\/\/blog.glutenmenteschef.hu\/index.php\/2017\/12\/11\/csicseriborso-salata\/#breadcrumb\",\"itemListElement\":[{\"@type\":\"ListItem\",\"position\":1,\"name\":\"Home\",\"item\":\"https:\/\/blog.glutenmenteschef.hu\/\"},{\"@type\":\"ListItem\",\"position\":2,\"name\":\"CSICSERIBORS\u00d3 SAL\u00c1TA\"}]},{\"@type\":\"WebSite\",\"@id\":\"https:\/\/blog.glutenmenteschef.hu\/#website\",\"url\":\"https:\/\/blog.glutenmenteschef.hu\/\",\"name\":\"Glut\u00e9nmentes Chef blog - \u00c1tol Tibor\",\"description\":\"Glut\u00e9nmentes \u00e9telek, glut\u00e9nmentes receptek, glut\u00e9nmentes vide\u00f3k\",\"publisher\":{\"@id\":\"https:\/\/blog.glutenmenteschef.hu\/#\/schema\/person\/c07613f0b6c0f12f90b8cb23cf32754a\"},\"potentialAction\":[{\"@type\":\"SearchAction\",\"target\":{\"@type\":\"EntryPoint\",\"urlTemplate\":\"https:\/\/blog.glutenmenteschef.hu\/?s={search_term_string}\"},\"query-input\":{\"@type\":\"PropertyValueSpecification\",\"valueRequired\":true,\"valueName\":\"search_term_string\"}}],\"inLanguage\":\"hu\"},{\"@type\":[\"Person\",\"Organization\"],\"@id\":\"https:\/\/blog.glutenmenteschef.hu\/#\/schema\/person\/c07613f0b6c0f12f90b8cb23cf32754a\",\"name\":\"gmchef\",\"image\":{\"@type\":\"ImageObject\",\"inLanguage\":\"hu\",\"@id\":\"https:\/\/blog.glutenmenteschef.hu\/#\/schema\/person\/image\/\",\"url\":\"https:\/\/secure.gravatar.com\/avatar\/363a4977321cb6fa3321b7ac93139b68e56af77880ae9fd5a3b2e7a8279f6d74?s=96&d=mm&r=g\",\"contentUrl\":\"https:\/\/secure.gravatar.com\/avatar\/363a4977321cb6fa3321b7ac93139b68e56af77880ae9fd5a3b2e7a8279f6d74?s=96&d=mm&r=g\",\"caption\":\"gmchef\"},\"logo\":{\"@id\":\"https:\/\/blog.glutenmenteschef.hu\/#\/schema\/person\/image\/\"},\"sameAs\":[\"https:\/\/www.facebook.com\/aglutenmentessef\"]}]}<\/script>\n<!-- \/ Yoast SEO plugin. -->","yoast_head_json":{"title":"CSICSERIBORS\u00d3 SAL\u00c1TA &#8211; Glut\u00e9nmentes Chef blog - \u00c1tol Tibor","robots":{"index":"index","follow":"follow","max-snippet":"max-snippet:-1","max-image-preview":"max-image-preview:large","max-video-preview":"max-video-preview:-1"},"canonical":"http:\/\/blog.glutenmenteschef.hu\/index.php\/2017\/12\/11\/csicseriborso-salata\/","og_locale":"hu_HU","og_type":"article","og_title":"CSICSERIBORS\u00d3 SAL\u00c1TA &#8211; Glut\u00e9nmentes Chef blog - \u00c1tol Tibor","og_description":"Csicseribors\u00f3 sal\u00e1ta 2 doboz csicseribors\u00f3 konzerv ( \u00f6sszesen 480 g ) 50 g cukor 50 g v\u00f6r\u00f6shagyma 1 g s\u00f3 20 ml almaecet 10 ml 20%-os \u00e9telecet A cukrot az ecettel, a s\u00f3val keverj\u00fck \u00f6ssze, majd adjuk hozz\u00e1 a v\u00e9konyra felszeletelt hagym\u00e1t. Hagyjuk 10 percig \u00e1llni, majd forgassuk bele a lesz\u0171rt csicseribors\u00f3t. Frissen s\u00fcltek mell\u00e9 Read more...","og_url":"http:\/\/blog.glutenmenteschef.hu\/index.php\/2017\/12\/11\/csicseriborso-salata\/","og_site_name":"Glut\u00e9nmentes Chef blog - \u00c1tol Tibor","article_publisher":"https:\/\/www.facebook.com\/aglutenmentessef","article_author":"https:\/\/www.facebook.com\/aglutenmentessef","article_published_time":"2017-12-11T21:01:04+00:00","article_modified_time":"2019-06-04T08:01:54+00:00","author":"gmchef","twitter_card":"summary_large_image","twitter_image":"http:\/\/blog.glutenmenteschef.hu\/wp-content\/uploads\/2017\/12\/csicseri-sali-1-e1515339828895.jpg","twitter_misc":{"Szerz\u0151:":"gmchef"},"schema":{"@context":"https:\/\/schema.org","@graph":[{"@type":"Article","@id":"http:\/\/blog.glutenmenteschef.hu\/index.php\/2017\/12\/11\/csicseriborso-salata\/#article","isPartOf":{"@id":"http:\/\/blog.glutenmenteschef.hu\/index.php\/2017\/12\/11\/csicseriborso-salata\/"},"author":{"name":"gmchef","@id":"https:\/\/blog.glutenmenteschef.hu\/#\/schema\/person\/c07613f0b6c0f12f90b8cb23cf32754a"},"headline":"CSICSERIBORS\u00d3 SAL\u00c1TA","datePublished":"2017-12-11T21:01:04+00:00","dateModified":"2019-06-04T08:01:54+00:00","mainEntityOfPage":{"@id":"http:\/\/blog.glutenmenteschef.hu\/index.php\/2017\/12\/11\/csicseriborso-salata\/"},"wordCount":97,"commentCount":0,"publisher":{"@id":"https:\/\/blog.glutenmenteschef.hu\/#\/schema\/person\/c07613f0b6c0f12f90b8cb23cf32754a"},"image":{"@id":"http:\/\/blog.glutenmenteschef.hu\/index.php\/2017\/12\/11\/csicseriborso-salata\/#primaryimage"},"thumbnailUrl":"http:\/\/blog.glutenmenteschef.hu\/wp-content\/uploads\/2017\/12\/csicseri-sali-1-e1515339828895.jpg","keywords":["csicseribors\u00f3","glut\u00e9nmentes","sal\u00e1ta"],"articleSection":["H\u00fasmentes \u00e9telek","Savany\u00fas\u00e1g \/ sal\u00e1ta"],"inLanguage":"hu","potentialAction":[{"@type":"CommentAction","name":"Comment","target":["http:\/\/blog.glutenmenteschef.hu\/index.php\/2017\/12\/11\/csicseriborso-salata\/#respond"]}]},{"@type":"WebPage","@id":"http:\/\/blog.glutenmenteschef.hu\/index.php\/2017\/12\/11\/csicseriborso-salata\/","url":"http:\/\/blog.glutenmenteschef.hu\/index.php\/2017\/12\/11\/csicseriborso-salata\/","name":"CSICSERIBORS\u00d3 SAL\u00c1TA &#8211; Glut\u00e9nmentes Chef blog - \u00c1tol Tibor","isPartOf":{"@id":"https:\/\/blog.glutenmenteschef.hu\/#website"},"primaryImageOfPage":{"@id":"http:\/\/blog.glutenmenteschef.hu\/index.php\/2017\/12\/11\/csicseriborso-salata\/#primaryimage"},"image":{"@id":"http:\/\/blog.glutenmenteschef.hu\/index.php\/2017\/12\/11\/csicseriborso-salata\/#primaryimage"},"thumbnailUrl":"http:\/\/blog.glutenmenteschef.hu\/wp-content\/uploads\/2017\/12\/csicseri-sali-1-e1515339828895.jpg","datePublished":"2017-12-11T21:01:04+00:00","dateModified":"2019-06-04T08:01:54+00:00","breadcrumb":{"@id":"http:\/\/blog.glutenmenteschef.hu\/index.php\/2017\/12\/11\/csicseriborso-salata\/#breadcrumb"},"inLanguage":"hu","potentialAction":[{"@type":"ReadAction","target":["http:\/\/blog.glutenmenteschef.hu\/index.php\/2017\/12\/11\/csicseriborso-salata\/"]}]},{"@type":"ImageObject","inLanguage":"hu","@id":"http:\/\/blog.glutenmenteschef.hu\/index.php\/2017\/12\/11\/csicseriborso-salata\/#primaryimage","url":"http:\/\/blog.glutenmenteschef.hu\/wp-content\/uploads\/2017\/12\/csicseri-sali-1-e1515339828895.jpg","contentUrl":"http:\/\/blog.glutenmenteschef.hu\/wp-content\/uploads\/2017\/12\/csicseri-sali-1-e1515339828895.jpg","width":900,"height":675},{"@type":"BreadcrumbList","@id":"http:\/\/blog.glutenmenteschef.hu\/index.php\/2017\/12\/11\/csicseriborso-salata\/#breadcrumb","itemListElement":[{"@type":"ListItem","position":1,"name":"Home","item":"https:\/\/blog.glutenmenteschef.hu\/"},{"@type":"ListItem","position":2,"name":"CSICSERIBORS\u00d3 SAL\u00c1TA"}]},{"@type":"WebSite","@id":"https:\/\/blog.glutenmenteschef.hu\/#website","url":"https:\/\/blog.glutenmenteschef.hu\/","name":"Glut\u00e9nmentes Chef blog - \u00c1tol Tibor","description":"Glut\u00e9nmentes \u00e9telek, glut\u00e9nmentes receptek, glut\u00e9nmentes vide\u00f3k","publisher":{"@id":"https:\/\/blog.glutenmenteschef.hu\/#\/schema\/person\/c07613f0b6c0f12f90b8cb23cf32754a"},"potentialAction":[{"@type":"SearchAction","target":{"@type":"EntryPoint","urlTemplate":"https:\/\/blog.glutenmenteschef.hu\/?s={search_term_string}"},"query-input":{"@type":"PropertyValueSpecification","valueRequired":true,"valueName":"search_term_string"}}],"inLanguage":"hu"},{"@type":["Person","Organization"],"@id":"https:\/\/blog.glutenmenteschef.hu\/#\/schema\/person\/c07613f0b6c0f12f90b8cb23cf32754a","name":"gmchef","image":{"@type":"ImageObject","inLanguage":"hu","@id":"https:\/\/blog.glutenmenteschef.hu\/#\/schema\/person\/image\/","url":"https:\/\/secure.gravatar.com\/avatar\/363a4977321cb6fa3321b7ac93139b68e56af77880ae9fd5a3b2e7a8279f6d74?s=96&d=mm&r=g","contentUrl":"https:\/\/secure.gravatar.com\/avatar\/363a4977321cb6fa3321b7ac93139b68e56af77880ae9fd5a3b2e7a8279f6d74?s=96&d=mm&r=g","caption":"gmchef"},"logo":{"@id":"https:\/\/blog.glutenmenteschef.hu\/#\/schema\/person\/image\/"},"sameAs":["https:\/\/www.facebook.com\/aglutenmentessef"]}]}},"_links":{"self":[{"href":"http:\/\/blog.glutenmenteschef.hu\/index.php\/wp-json\/wp\/v2\/posts\/5358","targetHints":{"allow":["GET"]}}],"collection":[{"href":"http:\/\/blog.glutenmenteschef.hu\/index.php\/wp-json\/wp\/v2\/posts"}],"about":[{"href":"http:\/\/blog.glutenmenteschef.hu\/index.php\/wp-json\/wp\/v2\/types\/post"}],"author":[{"embeddable":true,"href":"http:\/\/blog.glutenmenteschef.hu\/index.php\/wp-json\/wp\/v2\/users\/1"}],"replies":[{"embeddable":true,"href":"http:\/\/blog.glutenmenteschef.hu\/index.php\/wp-json\/wp\/v2\/comments?post=5358"}],"version-history":[{"count":0,"href":"http:\/\/blog.glutenmenteschef.hu\/index.php\/wp-json\/wp\/v2\/posts\/5358\/revisions"}],"wp:featuredmedia":[{"embeddable":true,"href":"http:\/\/blog.glutenmenteschef.hu\/index.php\/wp-json\/wp\/v2\/media\/5360"}],"wp:attachment":[{"href":"http:\/\/blog.glutenmenteschef.hu\/index.php\/wp-json\/wp\/v2\/media?parent=5358"}],"wp:term":[{"taxonomy":"category","embeddable":true,"href":"http:\/\/blog.glutenmenteschef.hu\/index.php\/wp-json\/wp\/v2\/categories?post=5358"},{"taxonomy":"post_tag","embeddable":true,"href":"http:\/\/blog.glutenmenteschef.hu\/index.php\/wp-json\/wp\/v2\/tags?post=5358"}],"curies":[{"name":"wp","href":"https:\/\/api.w.org\/{rel}","templated":true}]}}