{"id":496,"date":"2017-07-22T14:21:35","date_gmt":"2017-07-22T14:21:35","guid":{"rendered":"http:\/\/blog.glutenmenteschef.hu\/?p=496"},"modified":"2018-09-10T20:20:07","modified_gmt":"2018-09-10T20:20:07","slug":"mascarpones-feher-csokis-torta","status":"publish","type":"post","link":"http:\/\/blog.glutenmenteschef.hu\/index.php\/2017\/07\/22\/mascarpones-feher-csokis-torta\/","title":{"rendered":"MASCARPON\u00c9S &#8211; FEH\u00c9R CSOKIS TORTA"},"content":{"rendered":"<h2 style=\"text-align: center;\">Mascarpon\u00e9s &#8211; feh\u00e9r csokis torta<\/h2>\n<p><img loading=\"lazy\" decoding=\"async\" class=\"size-full wp-image-498 aligncenter\" src=\"http:\/\/blog.glutenmenteschef.hu\/wp-content\/uploads\/2017\/07\/Mascarpon\u00e9s-feh\u00e9rcsokis-jav\u00edtott.jpg\" alt=\"\" width=\"3621\" height=\"2716\" \/><\/p>\n<p style=\"text-align: center;\"><span id=\"fbPhotoSnowliftCaption\" class=\"fbPhotosPhotoCaption\" tabindex=\"0\" data-ft=\"{&quot;tn&quot;:&quot;K&quot;}\"><span class=\"hasCaption\"><em>T\u00e9szta:<\/em><\/span><\/span><br \/>\n4 toj\u00e1sos pisk\u00f3ta<br \/>\n4 db toj\u00e1s ( \u201d L\u201d-es m\u00e9ret\u0171 60-65 g-os )<br \/>\n80 g krist\u00e1ly cukor<br \/>\n80 g rizsliszt<\/p>\n<p>A toj\u00e1sokat kett\u00e9v\u00e1lasztjuk. A s\u00e1rg\u00e1j\u00e1t a cukorral habosra keverj\u00fck. Belekeverj\u00fck a lisztet, majd a kem\u00e9nyre vert toj\u00e1sfeh\u00e9rje habbal laz\u00edtjuk. Kivajazott 21 cm-es kapcsos tortaform\u00e1ban s\u00fctj\u00fck.<br \/>\n140 fokos s\u00fct\u0151ben als\u00f3-fels\u0151 s\u00fct\u00e9ssel 25 percig s\u00fct\u00f6tt\u00fck a t\u00e9szt\u00e1t.<\/p>\n<p style=\"text-align: center;\"><em><span id=\"fbPhotoSnowliftCaption\" class=\"fbPhotosPhotoCaption\" tabindex=\"0\" data-ft=\"{&quot;tn&quot;:&quot;K&quot;}\"><span class=\"hasCaption\"><span class=\"text_exposed_show\">Mascarpone kr\u00e9m:<\/span><\/span><\/span><\/em><\/p>\n<p style=\"text-align: center;\"><span id=\"fbPhotoSnowliftCaption\" class=\"fbPhotosPhotoCaption\" tabindex=\"0\" data-ft=\"{&quot;tn&quot;:&quot;K&quot;}\"><span class=\"hasCaption\"><span class=\"text_exposed_show\"><em>500 g mascarpone<\/em><br \/>\n<em> 150 g krist\u00e1lycukor<\/em><br \/>\n<em> 10 g van\u00edli\u00e1s cukor v kivonat<\/em><br \/>\n<em> 50 g narancsl\u00e9 (friss)<\/em><br \/>\n<em> 1 g narancs \u00e9s citromh\u00e9j(reszelve)<\/em><br \/>\n<em> mandula kivonat vagy aroma 1-2 csepp <\/em><br \/>\n<em> 3 db toj\u00e1s<\/em><br \/>\n<em> 300 g tej<\/em><br \/>\n<em> 10 g zselatin<br \/>\n500 g eper vagy m\u00e1s bogy\u00f3s gy\u00fcm\u00f6lcs<\/em><\/span><\/span><\/span><\/p>\n<p style=\"text-align: center;\">Az oldal burkol\u00e1s\u00e1hoz:<br \/>\n400 g feh\u00e9r csokol\u00e1d\u00e9<\/p>\n<p>&nbsp;<\/p>\n<p><span id=\"fbPhotoSnowliftCaption\" class=\"fbPhotosPhotoCaption\" tabindex=\"0\" data-ft=\"{&quot;tn&quot;:&quot;K&quot;}\"><span class=\"hasCaption\"><span class=\"text_exposed_show\">A toj\u00e1sokat tejjel, cukorral, van\u00edli\u00e1val, zselatinnal, 3 literes l\u00e1basban takar\u00e9k l\u00e1ngon g\u00e9p seg\u00edts\u00e9g\u00e9vel habosra keverj\u00fck(86\u2019c-ra meleg\u00edtj\u00fck).<br \/>\nMajd szoba h\u0151m\u00e9rs\u00e9klet\u0171re h\u0171tve beleforgatjuk a t\u00f6bbi \u00f6sszetev\u0151vel kikevert mascarpon\u00e9t.<br \/>\n<\/span><\/span><\/span><span id=\"fbPhotoSnowliftCaption\" class=\"fbPhotosPhotoCaption\" tabindex=\"0\" data-ft=\"{&quot;tn&quot;:&quot;K&quot;}\"><span class=\"hasCaption\"><span class=\"text_exposed_show\">A kr\u00e9met a kih\u0171lt t\u00e9szt\u00e1ra \u00f6ntj\u00fck. A h\u0171t\u0151ben megdermesztj\u00fck, majd \u00edzl\u00e9s szerint d\u00edsz\u00edtj\u00fck.<\/span><\/span><\/span><\/p>\n<p><img loading=\"lazy\" decoding=\"async\" class=\"alignnone size-full wp-image-499\" src=\"http:\/\/blog.glutenmenteschef.hu\/wp-content\/uploads\/2017\/07\/Mascarpon\u00e9s-feh\u00e9rcsokis-fel\u00fclr\u0151l.jpg\" alt=\"\" width=\"3591\" height=\"2693\" srcset=\"http:\/\/blog.glutenmenteschef.hu\/wp-content\/uploads\/2017\/07\/Mascarpon\u00e9s-feh\u00e9rcsokis-fel\u00fclr\u0151l.jpg 3591w, http:\/\/blog.glutenmenteschef.hu\/wp-content\/uploads\/2017\/07\/Mascarpon\u00e9s-feh\u00e9rcsokis-fel\u00fclr\u0151l-300x225.jpg 300w, http:\/\/blog.glutenmenteschef.hu\/wp-content\/uploads\/2017\/07\/Mascarpon\u00e9s-feh\u00e9rcsokis-fel\u00fclr\u0151l-768x576.jpg 768w\" sizes=\"auto, (max-width: 3591px) 100vw, 3591px\" \/><\/p>\n<p><img loading=\"lazy\" decoding=\"async\" class=\"alignnone size-medium wp-image-500\" src=\"http:\/\/blog.glutenmenteschef.hu\/wp-content\/uploads\/2017\/07\/Mascarpon\u00e9s-feh\u00e9rcsokis-1-300x225.jpg\" alt=\"\" width=\"300\" height=\"225\" srcset=\"http:\/\/blog.glutenmenteschef.hu\/wp-content\/uploads\/2017\/07\/Mascarpon\u00e9s-feh\u00e9rcsokis-1-300x225.jpg 300w, http:\/\/blog.glutenmenteschef.hu\/wp-content\/uploads\/2017\/07\/Mascarpon\u00e9s-feh\u00e9rcsokis-1-768x576.jpg 768w\" sizes=\"auto, (max-width: 300px) 100vw, 300px\" \/><\/p>\n","protected":false},"excerpt":{"rendered":"<p>Mascarpon\u00e9s &#8211; feh\u00e9r csokis torta T\u00e9szta: 4 toj\u00e1sos pisk\u00f3ta 4 db toj\u00e1s ( \u201d L\u201d-es m\u00e9ret\u0171 60-65 g-os ) 80 g krist\u00e1ly cukor 80 g rizsliszt A toj\u00e1sokat kett\u00e9v\u00e1lasztjuk. A s\u00e1rg\u00e1j\u00e1t a cukorral habosra keverj\u00fck. Belekeverj\u00fck a lisztet, majd a kem\u00e9nyre vert toj\u00e1sfeh\u00e9rje habbal laz\u00edtjuk. Kivajazott 21 cm-es kapcsos tortaform\u00e1ban s\u00fctj\u00fck. 140 fokos s\u00fct\u0151ben als\u00f3-fels\u0151 <br \/><a class=\"more\" href=\"http:\/\/blog.glutenmenteschef.hu\/index.php\/2017\/07\/22\/mascarpones-feher-csokis-torta\/\">Read more&#8230; <\/a><\/p>\n","protected":false},"author":1,"featured_media":498,"comment_status":"open","ping_status":"open","sticky":false,"template":"","format":"standard","meta":{"footnotes":""},"categories":[335,230],"tags":[84,156,199],"class_list":["post-496","post","type-post","status-publish","format-standard","has-post-thumbnail","hentry","category-rizslisztbol-keszitettem","category-torta","tag-glutenmentes-sajttorta","tag-piskota-glutenmentesen","tag-sajttorta-glutenmentesen"],"yoast_head":"<!-- This site is optimized with the Yoast SEO plugin v26.5 - https:\/\/yoast.com\/wordpress\/plugins\/seo\/ -->\n<title>MASCARPON\u00c9S - FEH\u00c9R CSOKIS TORTA &#8211; Glut\u00e9nmentes Chef blog - \u00c1tol Tibor<\/title>\n<meta name=\"robots\" content=\"index, follow, max-snippet:-1, max-image-preview:large, max-video-preview:-1\" \/>\n<link rel=\"canonical\" href=\"http:\/\/blog.glutenmenteschef.hu\/index.php\/2017\/07\/22\/mascarpones-feher-csokis-torta\/\" \/>\n<meta property=\"og:locale\" content=\"hu_HU\" \/>\n<meta property=\"og:type\" content=\"article\" \/>\n<meta property=\"og:title\" content=\"MASCARPON\u00c9S - FEH\u00c9R CSOKIS TORTA &#8211; Glut\u00e9nmentes Chef blog - \u00c1tol Tibor\" \/>\n<meta property=\"og:description\" content=\"Mascarpon\u00e9s &#8211; feh\u00e9r csokis torta T\u00e9szta: 4 toj\u00e1sos pisk\u00f3ta 4 db toj\u00e1s ( \u201d L\u201d-es m\u00e9ret\u0171 60-65 g-os ) 80 g krist\u00e1ly cukor 80 g rizsliszt A toj\u00e1sokat kett\u00e9v\u00e1lasztjuk. A s\u00e1rg\u00e1j\u00e1t a cukorral habosra keverj\u00fck. Belekeverj\u00fck a lisztet, majd a kem\u00e9nyre vert toj\u00e1sfeh\u00e9rje habbal laz\u00edtjuk. Kivajazott 21 cm-es kapcsos tortaform\u00e1ban s\u00fctj\u00fck. 140 fokos s\u00fct\u0151ben als\u00f3-fels\u0151 Read more...\" \/>\n<meta property=\"og:url\" content=\"http:\/\/blog.glutenmenteschef.hu\/index.php\/2017\/07\/22\/mascarpones-feher-csokis-torta\/\" \/>\n<meta property=\"og:site_name\" content=\"Glut\u00e9nmentes Chef blog - \u00c1tol Tibor\" \/>\n<meta property=\"article:publisher\" content=\"https:\/\/www.facebook.com\/aglutenmentessef\" \/>\n<meta property=\"article:author\" content=\"https:\/\/www.facebook.com\/aglutenmentessef\" \/>\n<meta property=\"article:published_time\" content=\"2017-07-22T14:21:35+00:00\" \/>\n<meta property=\"article:modified_time\" content=\"2018-09-10T20:20:07+00:00\" \/>\n<meta name=\"author\" content=\"gmchef\" \/>\n<meta name=\"twitter:card\" content=\"summary_large_image\" \/>\n<meta name=\"twitter:image\" content=\"http:\/\/blog.glutenmenteschef.hu\/wp-content\/uploads\/2017\/07\/Mascarpon\u00e9s-feh\u00e9rcsokis-jav\u00edtott-e1515342819384.jpg\" \/>\n<meta name=\"twitter:label1\" content=\"Szerz\u0151:\" \/>\n\t<meta name=\"twitter:data1\" content=\"gmchef\" \/>\n\t<meta name=\"twitter:label2\" content=\"Becs\u00fclt olvas\u00e1si id\u0151\" \/>\n\t<meta name=\"twitter:data2\" content=\"1 perc\" \/>\n<script type=\"application\/ld+json\" class=\"yoast-schema-graph\">{\"@context\":\"https:\/\/schema.org\",\"@graph\":[{\"@type\":\"Article\",\"@id\":\"http:\/\/blog.glutenmenteschef.hu\/index.php\/2017\/07\/22\/mascarpones-feher-csokis-torta\/#article\",\"isPartOf\":{\"@id\":\"http:\/\/blog.glutenmenteschef.hu\/index.php\/2017\/07\/22\/mascarpones-feher-csokis-torta\/\"},\"author\":{\"name\":\"gmchef\",\"@id\":\"https:\/\/blog.glutenmenteschef.hu\/#\/schema\/person\/c07613f0b6c0f12f90b8cb23cf32754a\"},\"headline\":\"MASCARPON\u00c9S &#8211; FEH\u00c9R CSOKIS TORTA\",\"datePublished\":\"2017-07-22T14:21:35+00:00\",\"dateModified\":\"2018-09-10T20:20:07+00:00\",\"mainEntityOfPage\":{\"@id\":\"http:\/\/blog.glutenmenteschef.hu\/index.php\/2017\/07\/22\/mascarpones-feher-csokis-torta\/\"},\"wordCount\":222,\"commentCount\":0,\"publisher\":{\"@id\":\"https:\/\/blog.glutenmenteschef.hu\/#\/schema\/person\/c07613f0b6c0f12f90b8cb23cf32754a\"},\"image\":{\"@id\":\"http:\/\/blog.glutenmenteschef.hu\/index.php\/2017\/07\/22\/mascarpones-feher-csokis-torta\/#primaryimage\"},\"thumbnailUrl\":\"http:\/\/blog.glutenmenteschef.hu\/wp-content\/uploads\/2017\/07\/Mascarpon\u00e9s-feh\u00e9rcsokis-jav\u00edtott-e1515342819384.jpg\",\"keywords\":[\"glut\u00e9nmentes sajttorta\",\"pisk\u00f3ta glut\u00e9nmentesen\",\"sajttorta glut\u00e9nmentesen\"],\"articleSection\":[\"Rizslisztb\u0151l k\u00e9sz\u00edtettem\",\"Torta\"],\"inLanguage\":\"hu\",\"potentialAction\":[{\"@type\":\"CommentAction\",\"name\":\"Comment\",\"target\":[\"http:\/\/blog.glutenmenteschef.hu\/index.php\/2017\/07\/22\/mascarpones-feher-csokis-torta\/#respond\"]}]},{\"@type\":\"WebPage\",\"@id\":\"http:\/\/blog.glutenmenteschef.hu\/index.php\/2017\/07\/22\/mascarpones-feher-csokis-torta\/\",\"url\":\"http:\/\/blog.glutenmenteschef.hu\/index.php\/2017\/07\/22\/mascarpones-feher-csokis-torta\/\",\"name\":\"MASCARPON\u00c9S - FEH\u00c9R CSOKIS TORTA &#8211; Glut\u00e9nmentes Chef blog - \u00c1tol Tibor\",\"isPartOf\":{\"@id\":\"https:\/\/blog.glutenmenteschef.hu\/#website\"},\"primaryImageOfPage\":{\"@id\":\"http:\/\/blog.glutenmenteschef.hu\/index.php\/2017\/07\/22\/mascarpones-feher-csokis-torta\/#primaryimage\"},\"image\":{\"@id\":\"http:\/\/blog.glutenmenteschef.hu\/index.php\/2017\/07\/22\/mascarpones-feher-csokis-torta\/#primaryimage\"},\"thumbnailUrl\":\"http:\/\/blog.glutenmenteschef.hu\/wp-content\/uploads\/2017\/07\/Mascarpon\u00e9s-feh\u00e9rcsokis-jav\u00edtott-e1515342819384.jpg\",\"datePublished\":\"2017-07-22T14:21:35+00:00\",\"dateModified\":\"2018-09-10T20:20:07+00:00\",\"breadcrumb\":{\"@id\":\"http:\/\/blog.glutenmenteschef.hu\/index.php\/2017\/07\/22\/mascarpones-feher-csokis-torta\/#breadcrumb\"},\"inLanguage\":\"hu\",\"potentialAction\":[{\"@type\":\"ReadAction\",\"target\":[\"http:\/\/blog.glutenmenteschef.hu\/index.php\/2017\/07\/22\/mascarpones-feher-csokis-torta\/\"]}]},{\"@type\":\"ImageObject\",\"inLanguage\":\"hu\",\"@id\":\"http:\/\/blog.glutenmenteschef.hu\/index.php\/2017\/07\/22\/mascarpones-feher-csokis-torta\/#primaryimage\",\"url\":\"http:\/\/blog.glutenmenteschef.hu\/wp-content\/uploads\/2017\/07\/Mascarpon\u00e9s-feh\u00e9rcsokis-jav\u00edtott-e1515342819384.jpg\",\"contentUrl\":\"http:\/\/blog.glutenmenteschef.hu\/wp-content\/uploads\/2017\/07\/Mascarpon\u00e9s-feh\u00e9rcsokis-jav\u00edtott-e1515342819384.jpg\",\"width\":900,\"height\":675},{\"@type\":\"BreadcrumbList\",\"@id\":\"http:\/\/blog.glutenmenteschef.hu\/index.php\/2017\/07\/22\/mascarpones-feher-csokis-torta\/#breadcrumb\",\"itemListElement\":[{\"@type\":\"ListItem\",\"position\":1,\"name\":\"Home\",\"item\":\"https:\/\/blog.glutenmenteschef.hu\/\"},{\"@type\":\"ListItem\",\"position\":2,\"name\":\"MASCARPON\u00c9S &#8211; FEH\u00c9R CSOKIS TORTA\"}]},{\"@type\":\"WebSite\",\"@id\":\"https:\/\/blog.glutenmenteschef.hu\/#website\",\"url\":\"https:\/\/blog.glutenmenteschef.hu\/\",\"name\":\"Glut\u00e9nmentes Chef blog - \u00c1tol Tibor\",\"description\":\"Glut\u00e9nmentes \u00e9telek, glut\u00e9nmentes receptek, glut\u00e9nmentes vide\u00f3k\",\"publisher\":{\"@id\":\"https:\/\/blog.glutenmenteschef.hu\/#\/schema\/person\/c07613f0b6c0f12f90b8cb23cf32754a\"},\"potentialAction\":[{\"@type\":\"SearchAction\",\"target\":{\"@type\":\"EntryPoint\",\"urlTemplate\":\"https:\/\/blog.glutenmenteschef.hu\/?s={search_term_string}\"},\"query-input\":{\"@type\":\"PropertyValueSpecification\",\"valueRequired\":true,\"valueName\":\"search_term_string\"}}],\"inLanguage\":\"hu\"},{\"@type\":[\"Person\",\"Organization\"],\"@id\":\"https:\/\/blog.glutenmenteschef.hu\/#\/schema\/person\/c07613f0b6c0f12f90b8cb23cf32754a\",\"name\":\"gmchef\",\"image\":{\"@type\":\"ImageObject\",\"inLanguage\":\"hu\",\"@id\":\"https:\/\/blog.glutenmenteschef.hu\/#\/schema\/person\/image\/\",\"url\":\"https:\/\/secure.gravatar.com\/avatar\/363a4977321cb6fa3321b7ac93139b68e56af77880ae9fd5a3b2e7a8279f6d74?s=96&d=mm&r=g\",\"contentUrl\":\"https:\/\/secure.gravatar.com\/avatar\/363a4977321cb6fa3321b7ac93139b68e56af77880ae9fd5a3b2e7a8279f6d74?s=96&d=mm&r=g\",\"caption\":\"gmchef\"},\"logo\":{\"@id\":\"https:\/\/blog.glutenmenteschef.hu\/#\/schema\/person\/image\/\"},\"sameAs\":[\"https:\/\/www.facebook.com\/aglutenmentessef\"]}]}<\/script>\n<!-- \/ Yoast SEO plugin. -->","yoast_head_json":{"title":"MASCARPON\u00c9S - FEH\u00c9R CSOKIS TORTA &#8211; Glut\u00e9nmentes Chef blog - \u00c1tol Tibor","robots":{"index":"index","follow":"follow","max-snippet":"max-snippet:-1","max-image-preview":"max-image-preview:large","max-video-preview":"max-video-preview:-1"},"canonical":"http:\/\/blog.glutenmenteschef.hu\/index.php\/2017\/07\/22\/mascarpones-feher-csokis-torta\/","og_locale":"hu_HU","og_type":"article","og_title":"MASCARPON\u00c9S - FEH\u00c9R CSOKIS TORTA &#8211; Glut\u00e9nmentes Chef blog - \u00c1tol Tibor","og_description":"Mascarpon\u00e9s &#8211; feh\u00e9r csokis torta T\u00e9szta: 4 toj\u00e1sos pisk\u00f3ta 4 db toj\u00e1s ( \u201d L\u201d-es m\u00e9ret\u0171 60-65 g-os ) 80 g krist\u00e1ly cukor 80 g rizsliszt A toj\u00e1sokat kett\u00e9v\u00e1lasztjuk. A s\u00e1rg\u00e1j\u00e1t a cukorral habosra keverj\u00fck. Belekeverj\u00fck a lisztet, majd a kem\u00e9nyre vert toj\u00e1sfeh\u00e9rje habbal laz\u00edtjuk. Kivajazott 21 cm-es kapcsos tortaform\u00e1ban s\u00fctj\u00fck. 140 fokos s\u00fct\u0151ben als\u00f3-fels\u0151 Read more...","og_url":"http:\/\/blog.glutenmenteschef.hu\/index.php\/2017\/07\/22\/mascarpones-feher-csokis-torta\/","og_site_name":"Glut\u00e9nmentes Chef blog - \u00c1tol Tibor","article_publisher":"https:\/\/www.facebook.com\/aglutenmentessef","article_author":"https:\/\/www.facebook.com\/aglutenmentessef","article_published_time":"2017-07-22T14:21:35+00:00","article_modified_time":"2018-09-10T20:20:07+00:00","author":"gmchef","twitter_card":"summary_large_image","twitter_image":"http:\/\/blog.glutenmenteschef.hu\/wp-content\/uploads\/2017\/07\/Mascarpon\u00e9s-feh\u00e9rcsokis-jav\u00edtott-e1515342819384.jpg","twitter_misc":{"Szerz\u0151:":"gmchef","Becs\u00fclt olvas\u00e1si id\u0151":"1 perc"},"schema":{"@context":"https:\/\/schema.org","@graph":[{"@type":"Article","@id":"http:\/\/blog.glutenmenteschef.hu\/index.php\/2017\/07\/22\/mascarpones-feher-csokis-torta\/#article","isPartOf":{"@id":"http:\/\/blog.glutenmenteschef.hu\/index.php\/2017\/07\/22\/mascarpones-feher-csokis-torta\/"},"author":{"name":"gmchef","@id":"https:\/\/blog.glutenmenteschef.hu\/#\/schema\/person\/c07613f0b6c0f12f90b8cb23cf32754a"},"headline":"MASCARPON\u00c9S &#8211; FEH\u00c9R CSOKIS TORTA","datePublished":"2017-07-22T14:21:35+00:00","dateModified":"2018-09-10T20:20:07+00:00","mainEntityOfPage":{"@id":"http:\/\/blog.glutenmenteschef.hu\/index.php\/2017\/07\/22\/mascarpones-feher-csokis-torta\/"},"wordCount":222,"commentCount":0,"publisher":{"@id":"https:\/\/blog.glutenmenteschef.hu\/#\/schema\/person\/c07613f0b6c0f12f90b8cb23cf32754a"},"image":{"@id":"http:\/\/blog.glutenmenteschef.hu\/index.php\/2017\/07\/22\/mascarpones-feher-csokis-torta\/#primaryimage"},"thumbnailUrl":"http:\/\/blog.glutenmenteschef.hu\/wp-content\/uploads\/2017\/07\/Mascarpon\u00e9s-feh\u00e9rcsokis-jav\u00edtott-e1515342819384.jpg","keywords":["glut\u00e9nmentes sajttorta","pisk\u00f3ta glut\u00e9nmentesen","sajttorta glut\u00e9nmentesen"],"articleSection":["Rizslisztb\u0151l k\u00e9sz\u00edtettem","Torta"],"inLanguage":"hu","potentialAction":[{"@type":"CommentAction","name":"Comment","target":["http:\/\/blog.glutenmenteschef.hu\/index.php\/2017\/07\/22\/mascarpones-feher-csokis-torta\/#respond"]}]},{"@type":"WebPage","@id":"http:\/\/blog.glutenmenteschef.hu\/index.php\/2017\/07\/22\/mascarpones-feher-csokis-torta\/","url":"http:\/\/blog.glutenmenteschef.hu\/index.php\/2017\/07\/22\/mascarpones-feher-csokis-torta\/","name":"MASCARPON\u00c9S - FEH\u00c9R CSOKIS TORTA &#8211; Glut\u00e9nmentes Chef blog - \u00c1tol Tibor","isPartOf":{"@id":"https:\/\/blog.glutenmenteschef.hu\/#website"},"primaryImageOfPage":{"@id":"http:\/\/blog.glutenmenteschef.hu\/index.php\/2017\/07\/22\/mascarpones-feher-csokis-torta\/#primaryimage"},"image":{"@id":"http:\/\/blog.glutenmenteschef.hu\/index.php\/2017\/07\/22\/mascarpones-feher-csokis-torta\/#primaryimage"},"thumbnailUrl":"http:\/\/blog.glutenmenteschef.hu\/wp-content\/uploads\/2017\/07\/Mascarpon\u00e9s-feh\u00e9rcsokis-jav\u00edtott-e1515342819384.jpg","datePublished":"2017-07-22T14:21:35+00:00","dateModified":"2018-09-10T20:20:07+00:00","breadcrumb":{"@id":"http:\/\/blog.glutenmenteschef.hu\/index.php\/2017\/07\/22\/mascarpones-feher-csokis-torta\/#breadcrumb"},"inLanguage":"hu","potentialAction":[{"@type":"ReadAction","target":["http:\/\/blog.glutenmenteschef.hu\/index.php\/2017\/07\/22\/mascarpones-feher-csokis-torta\/"]}]},{"@type":"ImageObject","inLanguage":"hu","@id":"http:\/\/blog.glutenmenteschef.hu\/index.php\/2017\/07\/22\/mascarpones-feher-csokis-torta\/#primaryimage","url":"http:\/\/blog.glutenmenteschef.hu\/wp-content\/uploads\/2017\/07\/Mascarpon\u00e9s-feh\u00e9rcsokis-jav\u00edtott-e1515342819384.jpg","contentUrl":"http:\/\/blog.glutenmenteschef.hu\/wp-content\/uploads\/2017\/07\/Mascarpon\u00e9s-feh\u00e9rcsokis-jav\u00edtott-e1515342819384.jpg","width":900,"height":675},{"@type":"BreadcrumbList","@id":"http:\/\/blog.glutenmenteschef.hu\/index.php\/2017\/07\/22\/mascarpones-feher-csokis-torta\/#breadcrumb","itemListElement":[{"@type":"ListItem","position":1,"name":"Home","item":"https:\/\/blog.glutenmenteschef.hu\/"},{"@type":"ListItem","position":2,"name":"MASCARPON\u00c9S &#8211; FEH\u00c9R CSOKIS TORTA"}]},{"@type":"WebSite","@id":"https:\/\/blog.glutenmenteschef.hu\/#website","url":"https:\/\/blog.glutenmenteschef.hu\/","name":"Glut\u00e9nmentes Chef blog - \u00c1tol Tibor","description":"Glut\u00e9nmentes \u00e9telek, glut\u00e9nmentes receptek, glut\u00e9nmentes vide\u00f3k","publisher":{"@id":"https:\/\/blog.glutenmenteschef.hu\/#\/schema\/person\/c07613f0b6c0f12f90b8cb23cf32754a"},"potentialAction":[{"@type":"SearchAction","target":{"@type":"EntryPoint","urlTemplate":"https:\/\/blog.glutenmenteschef.hu\/?s={search_term_string}"},"query-input":{"@type":"PropertyValueSpecification","valueRequired":true,"valueName":"search_term_string"}}],"inLanguage":"hu"},{"@type":["Person","Organization"],"@id":"https:\/\/blog.glutenmenteschef.hu\/#\/schema\/person\/c07613f0b6c0f12f90b8cb23cf32754a","name":"gmchef","image":{"@type":"ImageObject","inLanguage":"hu","@id":"https:\/\/blog.glutenmenteschef.hu\/#\/schema\/person\/image\/","url":"https:\/\/secure.gravatar.com\/avatar\/363a4977321cb6fa3321b7ac93139b68e56af77880ae9fd5a3b2e7a8279f6d74?s=96&d=mm&r=g","contentUrl":"https:\/\/secure.gravatar.com\/avatar\/363a4977321cb6fa3321b7ac93139b68e56af77880ae9fd5a3b2e7a8279f6d74?s=96&d=mm&r=g","caption":"gmchef"},"logo":{"@id":"https:\/\/blog.glutenmenteschef.hu\/#\/schema\/person\/image\/"},"sameAs":["https:\/\/www.facebook.com\/aglutenmentessef"]}]}},"_links":{"self":[{"href":"http:\/\/blog.glutenmenteschef.hu\/index.php\/wp-json\/wp\/v2\/posts\/496","targetHints":{"allow":["GET"]}}],"collection":[{"href":"http:\/\/blog.glutenmenteschef.hu\/index.php\/wp-json\/wp\/v2\/posts"}],"about":[{"href":"http:\/\/blog.glutenmenteschef.hu\/index.php\/wp-json\/wp\/v2\/types\/post"}],"author":[{"embeddable":true,"href":"http:\/\/blog.glutenmenteschef.hu\/index.php\/wp-json\/wp\/v2\/users\/1"}],"replies":[{"embeddable":true,"href":"http:\/\/blog.glutenmenteschef.hu\/index.php\/wp-json\/wp\/v2\/comments?post=496"}],"version-history":[{"count":0,"href":"http:\/\/blog.glutenmenteschef.hu\/index.php\/wp-json\/wp\/v2\/posts\/496\/revisions"}],"wp:featuredmedia":[{"embeddable":true,"href":"http:\/\/blog.glutenmenteschef.hu\/index.php\/wp-json\/wp\/v2\/media\/498"}],"wp:attachment":[{"href":"http:\/\/blog.glutenmenteschef.hu\/index.php\/wp-json\/wp\/v2\/media?parent=496"}],"wp:term":[{"taxonomy":"category","embeddable":true,"href":"http:\/\/blog.glutenmenteschef.hu\/index.php\/wp-json\/wp\/v2\/categories?post=496"},{"taxonomy":"post_tag","embeddable":true,"href":"http:\/\/blog.glutenmenteschef.hu\/index.php\/wp-json\/wp\/v2\/tags?post=496"}],"curies":[{"name":"wp","href":"https:\/\/api.w.org\/{rel}","templated":true}]}}