{"id":457,"date":"2017-07-16T23:00:47","date_gmt":"2017-07-16T23:00:47","guid":{"rendered":"http:\/\/blog.glutenmenteschef.hu\/?p=457"},"modified":"2020-04-30T07:23:19","modified_gmt":"2020-04-30T07:23:19","slug":"cseresznyes-pitetekercs-nutri-free-mix-per-dolci-liszttel","status":"publish","type":"post","link":"http:\/\/blog.glutenmenteschef.hu\/index.php\/2017\/07\/16\/cseresznyes-pitetekercs-nutri-free-mix-per-dolci-liszttel\/","title":{"rendered":"CSERESZNY\u00c9S PITETEKERCS NUTRI FREE MIX PER DOLCI LISZTTEL"},"content":{"rendered":"\n<h3 class=\"wp-block-heading\" style=\"text-align:center\">Csereszny\u00e9s pitetekercs Nutri Free mix per Dolci liszttel<br><\/h3>\n\n\n\n<p style=\"text-align:center\"><strong>A recept n\u00f6v\u00e9nyi joghurttal \u00e9s n\u00f6v\u00e9nyi zsirad\u00e9kkal is elk\u00e9sz\u00edthet\u0151!<\/strong><br><br><br><\/p>\n\n\n\n<div class=\"wp-block-image\"><figure class=\"aligncenter\"><img loading=\"lazy\" decoding=\"async\" width=\"3526\" height=\"2645\" src=\"http:\/\/blog.glutenmenteschef.hu\/wp-content\/uploads\/2017\/07\/Pitetekercs-meggyes-2-1.jpg\" alt=\"\" class=\"wp-image-485\" srcset=\"http:\/\/blog.glutenmenteschef.hu\/wp-content\/uploads\/2017\/07\/Pitetekercs-meggyes-2-1.jpg 3526w, http:\/\/blog.glutenmenteschef.hu\/wp-content\/uploads\/2017\/07\/Pitetekercs-meggyes-2-1-300x225.jpg 300w, http:\/\/blog.glutenmenteschef.hu\/wp-content\/uploads\/2017\/07\/Pitetekercs-meggyes-2-1-768x576.jpg 768w\" sizes=\"auto, (max-width: 3526px) 100vw, 3526px\" \/><\/figure><\/div>\n\n\n\n<p style=\"text-align:center\"><br><br><br>400 g Nutri Free mix per Dolci<br>200 g vaj<br>1 csomag gm s\u00fct\u0151por ( Haas )<br>1 csomag van\u00edli\u00e1s cukor<br>250 ml joghurt ( Danone Natur pille )<br>50 g cukor<br>1 csipet s\u00f3<br>( 1 db toj\u00e1s ken\u00e9shez, de elhagyhat\u00f3! )<\/p>\n\n\n\n<p style=\"text-align:center\"><strong>T\u00f6ltel\u00e9k:<\/strong><br>350 g cseresznye<br>50 g krist\u00e1lycukor<br>fah\u00e9j<br><br><br><\/p>\n\n\n\n<div class=\"wp-block-image\"><figure class=\"aligncenter\"><img loading=\"lazy\" decoding=\"async\" width=\"300\" height=\"225\" src=\"http:\/\/blog.glutenmenteschef.hu\/wp-content\/uploads\/2017\/07\/Pitetekercs-meggyes-6-300x225.jpg\" alt=\"\" class=\"wp-image-463\"\/><\/figure><\/div>\n\n\n\n<p><br><br>A t\u00e9szta hozz\u00e1val\u00f3it, el\u0151sz\u00f6r a sz\u00e1raz, azt\u00e1n a nedvest, egy t\u00e1lban \u00f6sszekeverem, majd a ny\u00fajt\u00f3deszk\u00e1n egynem\u0171v\u00e9 gy\u00farom. Folpackba csomagolva f\u00e9l \u00f3r\u00e1ra a h\u0171t\u0151be teszem a t\u00e9szt\u00e1t. A ny\u00fajt\u00f3deszk\u00e1ra s\u00fct\u0151pap\u00edrt teszek, meglisztezem \u00e9s kb. 3-4 mm vastagra kiny\u00fajtom.<br>R\u00e1tessz\u00fck a csereszny\u00e9t egy v\u00e9kony kb. 2 cm-es cs\u00edkban, megsz\u00f3rjuk cukorral \u00e9s a fah\u00e9jjal<br><br><\/p>\n\n\n\n<div class=\"wp-block-image\"><figure class=\"aligncenter\"><img loading=\"lazy\" decoding=\"async\" width=\"300\" height=\"225\" src=\"http:\/\/blog.glutenmenteschef.hu\/wp-content\/uploads\/2017\/07\/Pitetekercs-t\u00e9szta-300x225.jpg\" alt=\"\" class=\"wp-image-459\" srcset=\"http:\/\/blog.glutenmenteschef.hu\/wp-content\/uploads\/2017\/07\/Pitetekercs-t\u00e9szta-300x225.jpg 300w, http:\/\/blog.glutenmenteschef.hu\/wp-content\/uploads\/2017\/07\/Pitetekercs-t\u00e9szta-768x576.jpg 768w\" sizes=\"auto, (max-width: 300px) 100vw, 300px\" \/><\/figure><\/div>\n\n\n\n<p><br><br>\u00e9s a pap\u00edr seg\u00edts\u00e9g\u00e9vel teker\u00fcnk egyet a megt\u00f6lt\u00f6tt t\u00e9szt\u00e1n, de csak annyit, hogy a t\u00f6ltel\u00e9ket beburkoljuk.<br>A t\u00f6lt\u00f6tt r\u00e9szt lev\u00e1gjuk a t\u00e9szt\u00e1r\u00f3l \u00e9s ahol a t\u00e9sztasz\u00e9lek \u00f6ssze\u00e9rnek alaposan \u00f6sszenyomkodjuk \u00e9s ha sz\u00fcks\u00e9ges a henger form\u00e1t megigaz\u00edtjuk.<br>A t\u00f6lt\u00e9st addig folytatjuk, am\u00edg a t\u00e9szta el nem fogy. A tortas\u00fct\u0151 forma alj\u00e1t s\u00fct\u0151pap\u00edrral b\u00e9lelj\u00fck \u00e9s a t\u00f6lt\u00f6tt hengereket csigaform\u00e1ba rendezz\u00fck rajta.<br><br><\/p>\n\n\n\n<div class=\"wp-block-image\"><figure class=\"aligncenter\"><img loading=\"lazy\" decoding=\"async\" width=\"300\" height=\"225\" src=\"http:\/\/blog.glutenmenteschef.hu\/wp-content\/uploads\/2017\/07\/Pitetekercs-t\u00e9szta-2-300x225.jpg\" alt=\"\" class=\"wp-image-460\" srcset=\"http:\/\/blog.glutenmenteschef.hu\/wp-content\/uploads\/2017\/07\/Pitetekercs-t\u00e9szta-2-300x225.jpg 300w, http:\/\/blog.glutenmenteschef.hu\/wp-content\/uploads\/2017\/07\/Pitetekercs-t\u00e9szta-2-768x576.jpg 768w\" sizes=\"auto, (max-width: 300px) 100vw, 300px\" \/><\/figure><\/div>\n\n\n\n<p><br>A k\u00fcl\u00f6n\u00e1ll\u00f3 t\u00e9szt\u00e1kat szorosan egym\u00e1s mell\u00e9 helyezve folytatjuk a csigateker\u00e9st. Nekem 4 t\u00f6lt\u00f6tt henger j\u00f6tt ki ebb\u0151l a t\u00e9sztamennyis\u00e9gb\u0151l. A tortakarika oldalr\u00e9sz\u00e9t ugyan k\u00f6r\u00e9 tettem, de e n\u00e9lk\u00fcl is form\u00e1ban marad a t\u00e9szta.<br>A tetej\u00e9t toj\u00e1ssal megkenhetj\u00fck, de el is hagyhat\u00f3 \u00e9s a 200 fokra el\u0151meleg\u00edtett s\u00fct\u0151ben 30 perc alatt k\u00e9szre s\u00fctj\u00fck. Porcukorral megsz\u00f3rva t\u00e1laljuk.<br><br><\/p>\n\n\n\n<div class=\"wp-block-image\"><figure class=\"aligncenter\"><img loading=\"lazy\" decoding=\"async\" width=\"300\" height=\"225\" src=\"http:\/\/blog.glutenmenteschef.hu\/wp-content\/uploads\/2017\/07\/Pitetekercs-meggyes-1-300x225.jpg\" alt=\"\" class=\"wp-image-461\" srcset=\"http:\/\/blog.glutenmenteschef.hu\/wp-content\/uploads\/2017\/07\/Pitetekercs-meggyes-1-300x225.jpg 300w, http:\/\/blog.glutenmenteschef.hu\/wp-content\/uploads\/2017\/07\/Pitetekercs-meggyes-1-768x576.jpg 768w\" sizes=\"auto, (max-width: 300px) 100vw, 300px\" \/><\/figure><\/div>\n\n\n\n<div class=\"wp-block-image\"><figure class=\"aligncenter\"><img loading=\"lazy\" decoding=\"async\" width=\"300\" height=\"225\" src=\"http:\/\/blog.glutenmenteschef.hu\/wp-content\/uploads\/2017\/07\/Pitetekercs-meggyes-5-300x225.jpg\" alt=\"\" class=\"wp-image-462\" srcset=\"http:\/\/blog.glutenmenteschef.hu\/wp-content\/uploads\/2017\/07\/Pitetekercs-meggyes-5-300x225.jpg 300w, http:\/\/blog.glutenmenteschef.hu\/wp-content\/uploads\/2017\/07\/Pitetekercs-meggyes-5-768x576.jpg 768w\" sizes=\"auto, (max-width: 300px) 100vw, 300px\" \/><\/figure><\/div>\n","protected":false},"excerpt":{"rendered":"<p>Csereszny\u00e9s pitetekercs Nutri Free mix per Dolci liszttel A recept n\u00f6v\u00e9nyi joghurttal \u00e9s n\u00f6v\u00e9nyi zsirad\u00e9kkal is elk\u00e9sz\u00edthet\u0151! 400 g Nutri Free mix per Dolci200 g vaj1 csomag gm s\u00fct\u0151por ( Haas )1 csomag van\u00edli\u00e1s cukor250 ml joghurt ( Danone Natur pille )50 g cukor1 csipet s\u00f3( 1 db toj\u00e1s ken\u00e9shez, de elhagyhat\u00f3! ) T\u00f6ltel\u00e9k:350 g <br \/><a class=\"more\" href=\"http:\/\/blog.glutenmenteschef.hu\/index.php\/2017\/07\/16\/cseresznyes-pitetekercs-nutri-free-mix-per-dolci-liszttel\/\">Read more&#8230; <\/a><\/p>\n","protected":false},"author":1,"featured_media":463,"comment_status":"open","ping_status":"open","sticky":false,"template":"","format":"standard","meta":{"footnotes":""},"categories":[27,488,396],"tags":[194,191,192,193,195],"class_list":["post-457","post","type-post","status-publish","format-standard","has-post-thumbnail","hentry","category-desszert","category-nutrifree-receptek","category-tojasmentes-receptek","tag-nutri-free-mix-per-dolci","tag-pite-glutenmentesen","tag-pitetekercs","tag-pitetekercs-glutenmentesen","tag-tojasmentes-teszta"],"yoast_head":"<!-- This site is optimized with the Yoast SEO plugin v26.5 - https:\/\/yoast.com\/wordpress\/plugins\/seo\/ -->\n<title>CSERESZNY\u00c9S PITETEKERCS NUTRI FREE MIX PER DOLCI LISZTTEL &#8211; Glut\u00e9nmentes Chef blog - \u00c1tol Tibor<\/title>\n<meta name=\"robots\" content=\"index, follow, max-snippet:-1, max-image-preview:large, max-video-preview:-1\" \/>\n<link rel=\"canonical\" href=\"http:\/\/blog.glutenmenteschef.hu\/index.php\/2017\/07\/16\/cseresznyes-pitetekercs-nutri-free-mix-per-dolci-liszttel\/\" \/>\n<meta property=\"og:locale\" content=\"hu_HU\" \/>\n<meta property=\"og:type\" content=\"article\" \/>\n<meta property=\"og:title\" content=\"CSERESZNY\u00c9S PITETEKERCS NUTRI FREE MIX PER DOLCI LISZTTEL &#8211; Glut\u00e9nmentes Chef blog - \u00c1tol Tibor\" \/>\n<meta property=\"og:description\" content=\"Csereszny\u00e9s pitetekercs Nutri Free mix per Dolci liszttel A recept n\u00f6v\u00e9nyi joghurttal \u00e9s n\u00f6v\u00e9nyi zsirad\u00e9kkal is elk\u00e9sz\u00edthet\u0151! 400 g Nutri Free mix per Dolci200 g vaj1 csomag gm s\u00fct\u0151por ( Haas )1 csomag van\u00edli\u00e1s cukor250 ml joghurt ( Danone Natur pille )50 g cukor1 csipet s\u00f3( 1 db toj\u00e1s ken\u00e9shez, de elhagyhat\u00f3! ) T\u00f6ltel\u00e9k:350 g Read more...\" \/>\n<meta property=\"og:url\" content=\"http:\/\/blog.glutenmenteschef.hu\/index.php\/2017\/07\/16\/cseresznyes-pitetekercs-nutri-free-mix-per-dolci-liszttel\/\" \/>\n<meta property=\"og:site_name\" content=\"Glut\u00e9nmentes Chef blog - \u00c1tol Tibor\" \/>\n<meta property=\"article:publisher\" content=\"https:\/\/www.facebook.com\/aglutenmentessef\" \/>\n<meta property=\"article:author\" content=\"https:\/\/www.facebook.com\/aglutenmentessef\" \/>\n<meta property=\"article:published_time\" content=\"2017-07-16T23:00:47+00:00\" \/>\n<meta property=\"article:modified_time\" content=\"2020-04-30T07:23:19+00:00\" \/>\n<meta property=\"og:image\" content=\"http:\/\/blog.glutenmenteschef.hu\/wp-content\/uploads\/2017\/07\/Pitetekercs-meggyes-2.jpg\" \/>\n\t<meta property=\"og:image:width\" content=\"3526\" \/>\n\t<meta property=\"og:image:height\" content=\"2645\" \/>\n\t<meta property=\"og:image:type\" content=\"image\/jpeg\" \/>\n<meta name=\"author\" content=\"gmchef\" \/>\n<meta name=\"twitter:card\" content=\"summary_large_image\" \/>\n<meta name=\"twitter:label1\" content=\"Szerz\u0151:\" \/>\n\t<meta name=\"twitter:data1\" content=\"gmchef\" \/>\n\t<meta name=\"twitter:label2\" content=\"Becs\u00fclt olvas\u00e1si id\u0151\" \/>\n\t<meta name=\"twitter:data2\" content=\"2 perc\" \/>\n<script type=\"application\/ld+json\" class=\"yoast-schema-graph\">{\"@context\":\"https:\/\/schema.org\",\"@graph\":[{\"@type\":\"Article\",\"@id\":\"http:\/\/blog.glutenmenteschef.hu\/index.php\/2017\/07\/16\/cseresznyes-pitetekercs-nutri-free-mix-per-dolci-liszttel\/#article\",\"isPartOf\":{\"@id\":\"http:\/\/blog.glutenmenteschef.hu\/index.php\/2017\/07\/16\/cseresznyes-pitetekercs-nutri-free-mix-per-dolci-liszttel\/\"},\"author\":{\"name\":\"gmchef\",\"@id\":\"https:\/\/blog.glutenmenteschef.hu\/#\/schema\/person\/c07613f0b6c0f12f90b8cb23cf32754a\"},\"headline\":\"CSERESZNY\u00c9S PITETEKERCS NUTRI FREE MIX PER DOLCI LISZTTEL\",\"datePublished\":\"2017-07-16T23:00:47+00:00\",\"dateModified\":\"2020-04-30T07:23:19+00:00\",\"mainEntityOfPage\":{\"@id\":\"http:\/\/blog.glutenmenteschef.hu\/index.php\/2017\/07\/16\/cseresznyes-pitetekercs-nutri-free-mix-per-dolci-liszttel\/\"},\"wordCount\":345,\"commentCount\":0,\"publisher\":{\"@id\":\"https:\/\/blog.glutenmenteschef.hu\/#\/schema\/person\/c07613f0b6c0f12f90b8cb23cf32754a\"},\"image\":{\"@id\":\"http:\/\/blog.glutenmenteschef.hu\/index.php\/2017\/07\/16\/cseresznyes-pitetekercs-nutri-free-mix-per-dolci-liszttel\/#primaryimage\"},\"thumbnailUrl\":\"http:\/\/blog.glutenmenteschef.hu\/wp-content\/uploads\/2017\/07\/Pitetekercs-meggyes-6-e1515343133228.jpg\",\"keywords\":[\"nutri free mix per dolci\",\"pite glut\u00e9nmentesen\",\"pitetekercs\",\"pitetekercs glut\u00e9nmentesen\",\"toj\u00e1smentes t\u00e9szta\"],\"articleSection\":[\"Desszert-S\u00fctem\u00e9ny\",\"Nutrifree receptek\",\"Toj\u00e1smentes receptek\"],\"inLanguage\":\"hu\",\"potentialAction\":[{\"@type\":\"CommentAction\",\"name\":\"Comment\",\"target\":[\"http:\/\/blog.glutenmenteschef.hu\/index.php\/2017\/07\/16\/cseresznyes-pitetekercs-nutri-free-mix-per-dolci-liszttel\/#respond\"]}]},{\"@type\":\"WebPage\",\"@id\":\"http:\/\/blog.glutenmenteschef.hu\/index.php\/2017\/07\/16\/cseresznyes-pitetekercs-nutri-free-mix-per-dolci-liszttel\/\",\"url\":\"http:\/\/blog.glutenmenteschef.hu\/index.php\/2017\/07\/16\/cseresznyes-pitetekercs-nutri-free-mix-per-dolci-liszttel\/\",\"name\":\"CSERESZNY\u00c9S PITETEKERCS NUTRI FREE MIX PER DOLCI LISZTTEL &#8211; Glut\u00e9nmentes Chef blog - \u00c1tol Tibor\",\"isPartOf\":{\"@id\":\"https:\/\/blog.glutenmenteschef.hu\/#website\"},\"primaryImageOfPage\":{\"@id\":\"http:\/\/blog.glutenmenteschef.hu\/index.php\/2017\/07\/16\/cseresznyes-pitetekercs-nutri-free-mix-per-dolci-liszttel\/#primaryimage\"},\"image\":{\"@id\":\"http:\/\/blog.glutenmenteschef.hu\/index.php\/2017\/07\/16\/cseresznyes-pitetekercs-nutri-free-mix-per-dolci-liszttel\/#primaryimage\"},\"thumbnailUrl\":\"http:\/\/blog.glutenmenteschef.hu\/wp-content\/uploads\/2017\/07\/Pitetekercs-meggyes-6-e1515343133228.jpg\",\"datePublished\":\"2017-07-16T23:00:47+00:00\",\"dateModified\":\"2020-04-30T07:23:19+00:00\",\"breadcrumb\":{\"@id\":\"http:\/\/blog.glutenmenteschef.hu\/index.php\/2017\/07\/16\/cseresznyes-pitetekercs-nutri-free-mix-per-dolci-liszttel\/#breadcrumb\"},\"inLanguage\":\"hu\",\"potentialAction\":[{\"@type\":\"ReadAction\",\"target\":[\"http:\/\/blog.glutenmenteschef.hu\/index.php\/2017\/07\/16\/cseresznyes-pitetekercs-nutri-free-mix-per-dolci-liszttel\/\"]}]},{\"@type\":\"ImageObject\",\"inLanguage\":\"hu\",\"@id\":\"http:\/\/blog.glutenmenteschef.hu\/index.php\/2017\/07\/16\/cseresznyes-pitetekercs-nutri-free-mix-per-dolci-liszttel\/#primaryimage\",\"url\":\"http:\/\/blog.glutenmenteschef.hu\/wp-content\/uploads\/2017\/07\/Pitetekercs-meggyes-6-e1515343133228.jpg\",\"contentUrl\":\"http:\/\/blog.glutenmenteschef.hu\/wp-content\/uploads\/2017\/07\/Pitetekercs-meggyes-6-e1515343133228.jpg\",\"width\":900,\"height\":675},{\"@type\":\"BreadcrumbList\",\"@id\":\"http:\/\/blog.glutenmenteschef.hu\/index.php\/2017\/07\/16\/cseresznyes-pitetekercs-nutri-free-mix-per-dolci-liszttel\/#breadcrumb\",\"itemListElement\":[{\"@type\":\"ListItem\",\"position\":1,\"name\":\"Home\",\"item\":\"https:\/\/blog.glutenmenteschef.hu\/\"},{\"@type\":\"ListItem\",\"position\":2,\"name\":\"CSERESZNY\u00c9S PITETEKERCS NUTRI FREE MIX PER DOLCI LISZTTEL\"}]},{\"@type\":\"WebSite\",\"@id\":\"https:\/\/blog.glutenmenteschef.hu\/#website\",\"url\":\"https:\/\/blog.glutenmenteschef.hu\/\",\"name\":\"Glut\u00e9nmentes Chef blog - \u00c1tol Tibor\",\"description\":\"Glut\u00e9nmentes \u00e9telek, glut\u00e9nmentes receptek, glut\u00e9nmentes vide\u00f3k\",\"publisher\":{\"@id\":\"https:\/\/blog.glutenmenteschef.hu\/#\/schema\/person\/c07613f0b6c0f12f90b8cb23cf32754a\"},\"potentialAction\":[{\"@type\":\"SearchAction\",\"target\":{\"@type\":\"EntryPoint\",\"urlTemplate\":\"https:\/\/blog.glutenmenteschef.hu\/?s={search_term_string}\"},\"query-input\":{\"@type\":\"PropertyValueSpecification\",\"valueRequired\":true,\"valueName\":\"search_term_string\"}}],\"inLanguage\":\"hu\"},{\"@type\":[\"Person\",\"Organization\"],\"@id\":\"https:\/\/blog.glutenmenteschef.hu\/#\/schema\/person\/c07613f0b6c0f12f90b8cb23cf32754a\",\"name\":\"gmchef\",\"image\":{\"@type\":\"ImageObject\",\"inLanguage\":\"hu\",\"@id\":\"https:\/\/blog.glutenmenteschef.hu\/#\/schema\/person\/image\/\",\"url\":\"https:\/\/secure.gravatar.com\/avatar\/363a4977321cb6fa3321b7ac93139b68e56af77880ae9fd5a3b2e7a8279f6d74?s=96&d=mm&r=g\",\"contentUrl\":\"https:\/\/secure.gravatar.com\/avatar\/363a4977321cb6fa3321b7ac93139b68e56af77880ae9fd5a3b2e7a8279f6d74?s=96&d=mm&r=g\",\"caption\":\"gmchef\"},\"logo\":{\"@id\":\"https:\/\/blog.glutenmenteschef.hu\/#\/schema\/person\/image\/\"},\"sameAs\":[\"https:\/\/www.facebook.com\/aglutenmentessef\"]}]}<\/script>\n<!-- \/ Yoast SEO plugin. -->","yoast_head_json":{"title":"CSERESZNY\u00c9S PITETEKERCS NUTRI FREE MIX PER DOLCI LISZTTEL &#8211; Glut\u00e9nmentes Chef blog - \u00c1tol Tibor","robots":{"index":"index","follow":"follow","max-snippet":"max-snippet:-1","max-image-preview":"max-image-preview:large","max-video-preview":"max-video-preview:-1"},"canonical":"http:\/\/blog.glutenmenteschef.hu\/index.php\/2017\/07\/16\/cseresznyes-pitetekercs-nutri-free-mix-per-dolci-liszttel\/","og_locale":"hu_HU","og_type":"article","og_title":"CSERESZNY\u00c9S PITETEKERCS NUTRI FREE MIX PER DOLCI LISZTTEL &#8211; Glut\u00e9nmentes Chef blog - \u00c1tol Tibor","og_description":"Csereszny\u00e9s pitetekercs Nutri Free mix per Dolci liszttel A recept n\u00f6v\u00e9nyi joghurttal \u00e9s n\u00f6v\u00e9nyi zsirad\u00e9kkal is elk\u00e9sz\u00edthet\u0151! 400 g Nutri Free mix per Dolci200 g vaj1 csomag gm s\u00fct\u0151por ( Haas )1 csomag van\u00edli\u00e1s cukor250 ml joghurt ( Danone Natur pille )50 g cukor1 csipet s\u00f3( 1 db toj\u00e1s ken\u00e9shez, de elhagyhat\u00f3! ) T\u00f6ltel\u00e9k:350 g Read more...","og_url":"http:\/\/blog.glutenmenteschef.hu\/index.php\/2017\/07\/16\/cseresznyes-pitetekercs-nutri-free-mix-per-dolci-liszttel\/","og_site_name":"Glut\u00e9nmentes Chef blog - \u00c1tol Tibor","article_publisher":"https:\/\/www.facebook.com\/aglutenmentessef","article_author":"https:\/\/www.facebook.com\/aglutenmentessef","article_published_time":"2017-07-16T23:00:47+00:00","article_modified_time":"2020-04-30T07:23:19+00:00","og_image":[{"width":3526,"height":2645,"url":"http:\/\/blog.glutenmenteschef.hu\/wp-content\/uploads\/2017\/07\/Pitetekercs-meggyes-2.jpg","type":"image\/jpeg"}],"author":"gmchef","twitter_card":"summary_large_image","twitter_misc":{"Szerz\u0151:":"gmchef","Becs\u00fclt olvas\u00e1si id\u0151":"2 perc"},"schema":{"@context":"https:\/\/schema.org","@graph":[{"@type":"Article","@id":"http:\/\/blog.glutenmenteschef.hu\/index.php\/2017\/07\/16\/cseresznyes-pitetekercs-nutri-free-mix-per-dolci-liszttel\/#article","isPartOf":{"@id":"http:\/\/blog.glutenmenteschef.hu\/index.php\/2017\/07\/16\/cseresznyes-pitetekercs-nutri-free-mix-per-dolci-liszttel\/"},"author":{"name":"gmchef","@id":"https:\/\/blog.glutenmenteschef.hu\/#\/schema\/person\/c07613f0b6c0f12f90b8cb23cf32754a"},"headline":"CSERESZNY\u00c9S PITETEKERCS NUTRI FREE MIX PER DOLCI LISZTTEL","datePublished":"2017-07-16T23:00:47+00:00","dateModified":"2020-04-30T07:23:19+00:00","mainEntityOfPage":{"@id":"http:\/\/blog.glutenmenteschef.hu\/index.php\/2017\/07\/16\/cseresznyes-pitetekercs-nutri-free-mix-per-dolci-liszttel\/"},"wordCount":345,"commentCount":0,"publisher":{"@id":"https:\/\/blog.glutenmenteschef.hu\/#\/schema\/person\/c07613f0b6c0f12f90b8cb23cf32754a"},"image":{"@id":"http:\/\/blog.glutenmenteschef.hu\/index.php\/2017\/07\/16\/cseresznyes-pitetekercs-nutri-free-mix-per-dolci-liszttel\/#primaryimage"},"thumbnailUrl":"http:\/\/blog.glutenmenteschef.hu\/wp-content\/uploads\/2017\/07\/Pitetekercs-meggyes-6-e1515343133228.jpg","keywords":["nutri free mix per dolci","pite glut\u00e9nmentesen","pitetekercs","pitetekercs glut\u00e9nmentesen","toj\u00e1smentes t\u00e9szta"],"articleSection":["Desszert-S\u00fctem\u00e9ny","Nutrifree receptek","Toj\u00e1smentes receptek"],"inLanguage":"hu","potentialAction":[{"@type":"CommentAction","name":"Comment","target":["http:\/\/blog.glutenmenteschef.hu\/index.php\/2017\/07\/16\/cseresznyes-pitetekercs-nutri-free-mix-per-dolci-liszttel\/#respond"]}]},{"@type":"WebPage","@id":"http:\/\/blog.glutenmenteschef.hu\/index.php\/2017\/07\/16\/cseresznyes-pitetekercs-nutri-free-mix-per-dolci-liszttel\/","url":"http:\/\/blog.glutenmenteschef.hu\/index.php\/2017\/07\/16\/cseresznyes-pitetekercs-nutri-free-mix-per-dolci-liszttel\/","name":"CSERESZNY\u00c9S PITETEKERCS NUTRI FREE MIX PER DOLCI LISZTTEL &#8211; Glut\u00e9nmentes Chef blog - \u00c1tol Tibor","isPartOf":{"@id":"https:\/\/blog.glutenmenteschef.hu\/#website"},"primaryImageOfPage":{"@id":"http:\/\/blog.glutenmenteschef.hu\/index.php\/2017\/07\/16\/cseresznyes-pitetekercs-nutri-free-mix-per-dolci-liszttel\/#primaryimage"},"image":{"@id":"http:\/\/blog.glutenmenteschef.hu\/index.php\/2017\/07\/16\/cseresznyes-pitetekercs-nutri-free-mix-per-dolci-liszttel\/#primaryimage"},"thumbnailUrl":"http:\/\/blog.glutenmenteschef.hu\/wp-content\/uploads\/2017\/07\/Pitetekercs-meggyes-6-e1515343133228.jpg","datePublished":"2017-07-16T23:00:47+00:00","dateModified":"2020-04-30T07:23:19+00:00","breadcrumb":{"@id":"http:\/\/blog.glutenmenteschef.hu\/index.php\/2017\/07\/16\/cseresznyes-pitetekercs-nutri-free-mix-per-dolci-liszttel\/#breadcrumb"},"inLanguage":"hu","potentialAction":[{"@type":"ReadAction","target":["http:\/\/blog.glutenmenteschef.hu\/index.php\/2017\/07\/16\/cseresznyes-pitetekercs-nutri-free-mix-per-dolci-liszttel\/"]}]},{"@type":"ImageObject","inLanguage":"hu","@id":"http:\/\/blog.glutenmenteschef.hu\/index.php\/2017\/07\/16\/cseresznyes-pitetekercs-nutri-free-mix-per-dolci-liszttel\/#primaryimage","url":"http:\/\/blog.glutenmenteschef.hu\/wp-content\/uploads\/2017\/07\/Pitetekercs-meggyes-6-e1515343133228.jpg","contentUrl":"http:\/\/blog.glutenmenteschef.hu\/wp-content\/uploads\/2017\/07\/Pitetekercs-meggyes-6-e1515343133228.jpg","width":900,"height":675},{"@type":"BreadcrumbList","@id":"http:\/\/blog.glutenmenteschef.hu\/index.php\/2017\/07\/16\/cseresznyes-pitetekercs-nutri-free-mix-per-dolci-liszttel\/#breadcrumb","itemListElement":[{"@type":"ListItem","position":1,"name":"Home","item":"https:\/\/blog.glutenmenteschef.hu\/"},{"@type":"ListItem","position":2,"name":"CSERESZNY\u00c9S PITETEKERCS NUTRI FREE MIX PER DOLCI LISZTTEL"}]},{"@type":"WebSite","@id":"https:\/\/blog.glutenmenteschef.hu\/#website","url":"https:\/\/blog.glutenmenteschef.hu\/","name":"Glut\u00e9nmentes Chef blog - \u00c1tol Tibor","description":"Glut\u00e9nmentes \u00e9telek, glut\u00e9nmentes receptek, glut\u00e9nmentes vide\u00f3k","publisher":{"@id":"https:\/\/blog.glutenmenteschef.hu\/#\/schema\/person\/c07613f0b6c0f12f90b8cb23cf32754a"},"potentialAction":[{"@type":"SearchAction","target":{"@type":"EntryPoint","urlTemplate":"https:\/\/blog.glutenmenteschef.hu\/?s={search_term_string}"},"query-input":{"@type":"PropertyValueSpecification","valueRequired":true,"valueName":"search_term_string"}}],"inLanguage":"hu"},{"@type":["Person","Organization"],"@id":"https:\/\/blog.glutenmenteschef.hu\/#\/schema\/person\/c07613f0b6c0f12f90b8cb23cf32754a","name":"gmchef","image":{"@type":"ImageObject","inLanguage":"hu","@id":"https:\/\/blog.glutenmenteschef.hu\/#\/schema\/person\/image\/","url":"https:\/\/secure.gravatar.com\/avatar\/363a4977321cb6fa3321b7ac93139b68e56af77880ae9fd5a3b2e7a8279f6d74?s=96&d=mm&r=g","contentUrl":"https:\/\/secure.gravatar.com\/avatar\/363a4977321cb6fa3321b7ac93139b68e56af77880ae9fd5a3b2e7a8279f6d74?s=96&d=mm&r=g","caption":"gmchef"},"logo":{"@id":"https:\/\/blog.glutenmenteschef.hu\/#\/schema\/person\/image\/"},"sameAs":["https:\/\/www.facebook.com\/aglutenmentessef"]}]}},"_links":{"self":[{"href":"http:\/\/blog.glutenmenteschef.hu\/index.php\/wp-json\/wp\/v2\/posts\/457","targetHints":{"allow":["GET"]}}],"collection":[{"href":"http:\/\/blog.glutenmenteschef.hu\/index.php\/wp-json\/wp\/v2\/posts"}],"about":[{"href":"http:\/\/blog.glutenmenteschef.hu\/index.php\/wp-json\/wp\/v2\/types\/post"}],"author":[{"embeddable":true,"href":"http:\/\/blog.glutenmenteschef.hu\/index.php\/wp-json\/wp\/v2\/users\/1"}],"replies":[{"embeddable":true,"href":"http:\/\/blog.glutenmenteschef.hu\/index.php\/wp-json\/wp\/v2\/comments?post=457"}],"version-history":[{"count":0,"href":"http:\/\/blog.glutenmenteschef.hu\/index.php\/wp-json\/wp\/v2\/posts\/457\/revisions"}],"wp:featuredmedia":[{"embeddable":true,"href":"http:\/\/blog.glutenmenteschef.hu\/index.php\/wp-json\/wp\/v2\/media\/463"}],"wp:attachment":[{"href":"http:\/\/blog.glutenmenteschef.hu\/index.php\/wp-json\/wp\/v2\/media?parent=457"}],"wp:term":[{"taxonomy":"category","embeddable":true,"href":"http:\/\/blog.glutenmenteschef.hu\/index.php\/wp-json\/wp\/v2\/categories?post=457"},{"taxonomy":"post_tag","embeddable":true,"href":"http:\/\/blog.glutenmenteschef.hu\/index.php\/wp-json\/wp\/v2\/tags?post=457"}],"curies":[{"name":"wp","href":"https:\/\/api.w.org\/{rel}","templated":true}]}}