{"id":447,"date":"2017-07-16T22:37:54","date_gmt":"2017-07-16T22:37:54","guid":{"rendered":"http:\/\/blog.glutenmenteschef.hu\/?p=447"},"modified":"2018-04-16T09:44:38","modified_gmt":"2018-04-16T09:44:38","slug":"szuzerme-kertesz-modra","status":"publish","type":"post","link":"http:\/\/blog.glutenmenteschef.hu\/index.php\/2017\/07\/16\/szuzerme-kertesz-modra\/","title":{"rendered":"SZ\u0170Z\u00c9RME KERT\u00c9SZ M\u00d3DRA"},"content":{"rendered":"<h2 style=\"text-align: center;\">Sz\u0171z\u00e9rme Kert\u00e9sz m\u00f3dra<\/h2>\n<p style=\"text-align: center;\">\n<p><img loading=\"lazy\" decoding=\"async\" class=\"size-medium wp-image-448 aligncenter\" src=\"http:\/\/blog.glutenmenteschef.hu\/wp-content\/uploads\/2017\/07\/Z\u00f6lds\u00e9ges-h\u00fasi-8-Kert\u00e9sz-m\u00f3dra-300x225.jpg\" alt=\"\" width=\"300\" height=\"225\" srcset=\"http:\/\/blog.glutenmenteschef.hu\/wp-content\/uploads\/2017\/07\/Z\u00f6lds\u00e9ges-h\u00fasi-8-Kert\u00e9sz-m\u00f3dra-300x225.jpg 300w, http:\/\/blog.glutenmenteschef.hu\/wp-content\/uploads\/2017\/07\/Z\u00f6lds\u00e9ges-h\u00fasi-8-Kert\u00e9sz-m\u00f3dra-768x576.jpg 768w\" sizes=\"auto, (max-width: 300px) 100vw, 300px\" \/><\/p>\n<p><img loading=\"lazy\" decoding=\"async\" class=\"size-medium wp-image-449 aligncenter\" src=\"http:\/\/blog.glutenmenteschef.hu\/wp-content\/uploads\/2017\/07\/Z\u00f6lds\u00e9ges-h\u00fasi-7-Kert\u00e9sz-m\u00f3dra-300x225.jpg\" alt=\"\" width=\"300\" height=\"225\" \/><\/p>\n<p style=\"text-align: center;\">10 adag<\/p>\n<p style=\"text-align: center;\">1.4 kg sert\u00e9s sz\u0171zpecsenye vagy 1.5 kg csirkecomb fil\u00e9<br \/>\n5 db k\u00f6zepes m\u00e9ret\u0171 s\u00e1rgar\u00e9pa<br \/>\n1 db kisebb cukkini<br \/>\n30 dkg brokkoli ( 1 k\u00f6zepes fej )<br \/>\n8 dkg zsirad\u00e9k ( kacsazs\u00edr, olaj ) a h\u00fas s\u00fct\u00e9s\u00e9hez<br \/>\n5 dkg vaj a z\u00f6lds\u00e9gek p\u00e1rol\u00e1s\u00e1hoz<br \/>\n1 cs\u0151 kukorica<br \/>\n10 dkg reszelt sajt<br \/>\n12 dkg rizsliszt<br \/>\n1g t\u00f6r\u00f6tt bors<br \/>\n1g szerecsendi\u00f3, \u0151r\u00f6lt<br \/>\n1 gerezd fokhagyma<br \/>\n1,5dkg s\u00f3<br \/>\n2dl tej<\/p>\n<p>&nbsp;<\/p>\n<p style=\"text-align: left;\">A sz\u0171zpecseny\u00e9t megmossuk, leh\u00e1rty\u00e1zzuk,felszeletelj\u00fck \u00e9s kiklopfoljuk 3-4 mm vastagra. A szeleteket s\u00f3zzuk \u00e9s rizslisztbe megforgatjuk.<br \/>\nSerpeny\u0151ben a zsirad\u00e9kot k\u00f6zepesen melegre hev\u00edtj\u00fck \u00e9s ebben megs\u00fctj\u00fck a h\u00fast ( 2-2 perc mindk\u00e9t oldal\u00e1n ), majd pap\u00edrral b\u00e9lelt tepsibe helyezz\u00fck.<br \/>\n<span class=\"text_exposed_show\">Ha csirkecomb fil\u00e9b\u0151l k\u00e9sz\u00edten\u00e9nk:<br \/>\nA csirkecomb fil\u00e9ket megmossuk, kiklopfoljuk, s\u00f3val megsz\u00f3rjuk \u00e9s rizslisztbe megforgatjuk. Serpeny\u0151ben a vajat felforr\u00f3s\u00edtjuk \u00e9s ebben megs\u00fctj\u00fck a h\u00fast, majd s\u00fct\u0151pap\u00edrral b\u00e9lelt tepsibe helyezz\u00fck.<\/span><\/p>\n<p style=\"text-align: left;\"><img loading=\"lazy\" decoding=\"async\" class=\"size-medium wp-image-450 aligncenter\" src=\"http:\/\/blog.glutenmenteschef.hu\/wp-content\/uploads\/2017\/07\/Z\u00f6lds\u00e9ges-h\u00fasi-3-300x225.jpg\" alt=\"\" width=\"300\" height=\"225\" srcset=\"http:\/\/blog.glutenmenteschef.hu\/wp-content\/uploads\/2017\/07\/Z\u00f6lds\u00e9ges-h\u00fasi-3-300x225.jpg 300w, http:\/\/blog.glutenmenteschef.hu\/wp-content\/uploads\/2017\/07\/Z\u00f6lds\u00e9ges-h\u00fasi-3-768x576.jpg 768w\" sizes=\"auto, (max-width: 300px) 100vw, 300px\" \/><br \/>\nA serpeny\u0151ben a vajat megolvasztjuk \u00e9s a megmosott, szeletel\u0151 seg\u00edts\u00e9g\u00e9vel felkarik\u00e1zott s\u00e1rgar\u00e9p\u00e1t, cukkinit, a r\u00f3zs\u00e1ira szedett brokkolit \u00e9s a cs\u0151r\u0151l lev\u00e1gott kukoric\u00e1t 5 perc alatt \u00e1tforr\u00f3s\u00edtjuk.<\/p>\n<p style=\"text-align: left;\"><img loading=\"lazy\" decoding=\"async\" class=\"size-medium wp-image-451 aligncenter\" src=\"http:\/\/blog.glutenmenteschef.hu\/wp-content\/uploads\/2017\/07\/Z\u00f6lds\u00e9ges-h\u00fasi-1-300x225.jpg\" alt=\"\" width=\"300\" height=\"225\" srcset=\"http:\/\/blog.glutenmenteschef.hu\/wp-content\/uploads\/2017\/07\/Z\u00f6lds\u00e9ges-h\u00fasi-1-300x225.jpg 300w, http:\/\/blog.glutenmenteschef.hu\/wp-content\/uploads\/2017\/07\/Z\u00f6lds\u00e9ges-h\u00fasi-1-768x576.jpg 768w\" sizes=\"auto, (max-width: 300px) 100vw, 300px\" \/><br \/>\nT\u00f6r\u00f6tt borssal, szerecsendi\u00f3val \u00e9s 5g s\u00f3val f\u0171szerezz\u00fck. A fokhagym\u00e1t is most reszelj\u00fck bele. Kb. 5-8 perc alatt megp\u00e1rol\u00f3dik a z\u00f6lds\u00e9g, aminek nem kell p\u00e9pesen puh\u00e1nak lenni. Ha el\u00e9rte a megfelel\u0151 roppan\u00f3s &#8211; puha \u00e1llagot, megsz\u00f3rjuk rizsliszttel.<\/p>\n<p style=\"text-align: left;\"><img loading=\"lazy\" decoding=\"async\" class=\"size-medium wp-image-452 aligncenter\" src=\"http:\/\/blog.glutenmenteschef.hu\/wp-content\/uploads\/2017\/07\/Z\u00f6lds\u00e9ges-h\u00fasi-2-300x225.jpg\" alt=\"\" width=\"300\" height=\"225\" srcset=\"http:\/\/blog.glutenmenteschef.hu\/wp-content\/uploads\/2017\/07\/Z\u00f6lds\u00e9ges-h\u00fasi-2-300x225.jpg 300w, http:\/\/blog.glutenmenteschef.hu\/wp-content\/uploads\/2017\/07\/Z\u00f6lds\u00e9ges-h\u00fasi-2-768x576.jpg 768w\" sizes=\"auto, (max-width: 300px) 100vw, 300px\" \/><br \/>\nGyorsan \u00f6sszeforgatjuk a z\u00f6lds\u00e9gekkel a lisztet \u00e9s felengedj\u00fck tejjel, amivel kevergetve bes\u0171r\u0171s\u00f6d\u00e9sig forraljuk.<br \/>\nEzt r\u00e1halmozzuk a h\u00fas tetej\u00e9re<\/p>\n<p><img loading=\"lazy\" decoding=\"async\" class=\"size-medium wp-image-453 aligncenter\" src=\"http:\/\/blog.glutenmenteschef.hu\/wp-content\/uploads\/2017\/07\/Z\u00f6lds\u00e9ges-h\u00fasi-4-300x225.jpg\" alt=\"\" width=\"300\" height=\"225\" srcset=\"http:\/\/blog.glutenmenteschef.hu\/wp-content\/uploads\/2017\/07\/Z\u00f6lds\u00e9ges-h\u00fasi-4-300x225.jpg 300w, http:\/\/blog.glutenmenteschef.hu\/wp-content\/uploads\/2017\/07\/Z\u00f6lds\u00e9ges-h\u00fasi-4-768x576.jpg 768w\" sizes=\"auto, (max-width: 300px) 100vw, 300px\" \/><\/p>\n<p style=\"text-align: left;\">\u00e9s megsz\u00f3rjuk reszelt sajttal.<\/p>\n<p><img loading=\"lazy\" decoding=\"async\" class=\"size-medium wp-image-454 aligncenter\" src=\"http:\/\/blog.glutenmenteschef.hu\/wp-content\/uploads\/2017\/07\/Z\u00f6lds\u00e9ges-h\u00fasi-5-300x225.jpg\" alt=\"\" width=\"300\" height=\"225\" srcset=\"http:\/\/blog.glutenmenteschef.hu\/wp-content\/uploads\/2017\/07\/Z\u00f6lds\u00e9ges-h\u00fasi-5-300x225.jpg 300w, http:\/\/blog.glutenmenteschef.hu\/wp-content\/uploads\/2017\/07\/Z\u00f6lds\u00e9ges-h\u00fasi-5-768x576.jpg 768w\" sizes=\"auto, (max-width: 300px) 100vw, 300px\" \/><\/p>\n<p style=\"text-align: left;\">200 fokos s\u00fct\u0151ben p\u00e1r perc alatt r\u00e1olvasztjuk a sajtot.<\/p>\n<p><img loading=\"lazy\" decoding=\"async\" class=\"size-medium wp-image-455 aligncenter\" src=\"http:\/\/blog.glutenmenteschef.hu\/wp-content\/uploads\/2017\/07\/Z\u00f6lds\u00e9ges-h\u00fasi-6-Kert\u00e9sz-m\u00f3dra-300x225.jpg\" alt=\"\" width=\"300\" height=\"225\" srcset=\"http:\/\/blog.glutenmenteschef.hu\/wp-content\/uploads\/2017\/07\/Z\u00f6lds\u00e9ges-h\u00fasi-6-Kert\u00e9sz-m\u00f3dra-300x225.jpg 300w, http:\/\/blog.glutenmenteschef.hu\/wp-content\/uploads\/2017\/07\/Z\u00f6lds\u00e9ges-h\u00fasi-6-Kert\u00e9sz-m\u00f3dra-768x576.jpg 768w\" sizes=\"auto, (max-width: 300px) 100vw, 300px\" \/><\/p>\n","protected":false},"excerpt":{"rendered":"<p>Sz\u0171z\u00e9rme Kert\u00e9sz m\u00f3dra 10 adag 1.4 kg sert\u00e9s sz\u0171zpecsenye vagy 1.5 kg csirkecomb fil\u00e9 5 db k\u00f6zepes m\u00e9ret\u0171 s\u00e1rgar\u00e9pa 1 db kisebb cukkini 30 dkg brokkoli ( 1 k\u00f6zepes fej ) 8 dkg zsirad\u00e9k ( kacsazs\u00edr, olaj ) a h\u00fas s\u00fct\u00e9s\u00e9hez 5 dkg vaj a z\u00f6lds\u00e9gek p\u00e1rol\u00e1s\u00e1hoz 1 cs\u0151 kukorica 10 dkg reszelt sajt 12 <br \/><a class=\"more\" href=\"http:\/\/blog.glutenmenteschef.hu\/index.php\/2017\/07\/16\/szuzerme-kertesz-modra\/\">Read more&#8230; <\/a><\/p>\n","protected":false},"author":1,"featured_media":449,"comment_status":"open","ping_status":"open","sticky":false,"template":"","format":"standard","meta":{"footnotes":""},"categories":[7],"tags":[190,189,188],"class_list":["post-447","post","type-post","status-publish","format-standard","has-post-thumbnail","hentry","category-foetelek","tag-rizsliszt","tag-szuzerme","tag-zoldsegek"],"yoast_head":"<!-- This site is optimized with the Yoast SEO plugin v26.5 - https:\/\/yoast.com\/wordpress\/plugins\/seo\/ -->\n<title>SZ\u0170Z\u00c9RME KERT\u00c9SZ M\u00d3DRA &#8211; Glut\u00e9nmentes Chef blog - \u00c1tol Tibor<\/title>\n<meta name=\"robots\" content=\"index, follow, max-snippet:-1, max-image-preview:large, max-video-preview:-1\" \/>\n<link rel=\"canonical\" href=\"http:\/\/blog.glutenmenteschef.hu\/index.php\/2017\/07\/16\/szuzerme-kertesz-modra\/\" \/>\n<meta property=\"og:locale\" content=\"hu_HU\" \/>\n<meta property=\"og:type\" content=\"article\" \/>\n<meta property=\"og:title\" content=\"SZ\u0170Z\u00c9RME KERT\u00c9SZ M\u00d3DRA &#8211; Glut\u00e9nmentes Chef blog - \u00c1tol Tibor\" \/>\n<meta property=\"og:description\" content=\"Sz\u0171z\u00e9rme Kert\u00e9sz m\u00f3dra 10 adag 1.4 kg sert\u00e9s sz\u0171zpecsenye vagy 1.5 kg csirkecomb fil\u00e9 5 db k\u00f6zepes m\u00e9ret\u0171 s\u00e1rgar\u00e9pa 1 db kisebb cukkini 30 dkg brokkoli ( 1 k\u00f6zepes fej ) 8 dkg zsirad\u00e9k ( kacsazs\u00edr, olaj ) a h\u00fas s\u00fct\u00e9s\u00e9hez 5 dkg vaj a z\u00f6lds\u00e9gek p\u00e1rol\u00e1s\u00e1hoz 1 cs\u0151 kukorica 10 dkg reszelt sajt 12 Read more...\" \/>\n<meta property=\"og:url\" content=\"http:\/\/blog.glutenmenteschef.hu\/index.php\/2017\/07\/16\/szuzerme-kertesz-modra\/\" \/>\n<meta property=\"og:site_name\" content=\"Glut\u00e9nmentes Chef blog - \u00c1tol Tibor\" \/>\n<meta property=\"article:publisher\" content=\"https:\/\/www.facebook.com\/aglutenmentessef\" \/>\n<meta property=\"article:author\" content=\"https:\/\/www.facebook.com\/aglutenmentessef\" \/>\n<meta property=\"article:published_time\" content=\"2017-07-16T22:37:54+00:00\" \/>\n<meta property=\"article:modified_time\" content=\"2018-04-16T09:44:38+00:00\" \/>\n<meta property=\"og:image\" content=\"http:\/\/blog.glutenmenteschef.hu\/wp-content\/uploads\/2017\/07\/Z\u00f6lds\u00e9ges-h\u00fasi-8-Kert\u00e9sz-m\u00f3dra.jpg\" \/>\n\t<meta property=\"og:image:width\" content=\"3460\" \/>\n\t<meta property=\"og:image:height\" content=\"2595\" \/>\n\t<meta property=\"og:image:type\" content=\"image\/jpeg\" \/>\n<meta name=\"author\" content=\"gmchef\" \/>\n<meta name=\"twitter:card\" content=\"summary_large_image\" \/>\n<meta name=\"twitter:label1\" content=\"Szerz\u0151:\" \/>\n\t<meta name=\"twitter:data1\" content=\"gmchef\" \/>\n\t<meta name=\"twitter:label2\" content=\"Becs\u00fclt olvas\u00e1si id\u0151\" \/>\n\t<meta name=\"twitter:data2\" content=\"2 perc\" \/>\n<script type=\"application\/ld+json\" class=\"yoast-schema-graph\">{\"@context\":\"https:\/\/schema.org\",\"@graph\":[{\"@type\":\"Article\",\"@id\":\"http:\/\/blog.glutenmenteschef.hu\/index.php\/2017\/07\/16\/szuzerme-kertesz-modra\/#article\",\"isPartOf\":{\"@id\":\"http:\/\/blog.glutenmenteschef.hu\/index.php\/2017\/07\/16\/szuzerme-kertesz-modra\/\"},\"author\":{\"name\":\"gmchef\",\"@id\":\"https:\/\/blog.glutenmenteschef.hu\/#\/schema\/person\/c07613f0b6c0f12f90b8cb23cf32754a\"},\"headline\":\"SZ\u0170Z\u00c9RME KERT\u00c9SZ M\u00d3DRA\",\"datePublished\":\"2017-07-16T22:37:54+00:00\",\"dateModified\":\"2018-04-16T09:44:38+00:00\",\"mainEntityOfPage\":{\"@id\":\"http:\/\/blog.glutenmenteschef.hu\/index.php\/2017\/07\/16\/szuzerme-kertesz-modra\/\"},\"wordCount\":327,\"commentCount\":0,\"publisher\":{\"@id\":\"https:\/\/blog.glutenmenteschef.hu\/#\/schema\/person\/c07613f0b6c0f12f90b8cb23cf32754a\"},\"image\":{\"@id\":\"http:\/\/blog.glutenmenteschef.hu\/index.php\/2017\/07\/16\/szuzerme-kertesz-modra\/#primaryimage\"},\"thumbnailUrl\":\"http:\/\/blog.glutenmenteschef.hu\/wp-content\/uploads\/2017\/07\/Z\u00f6lds\u00e9ges-h\u00fasi-7-Kert\u00e9sz-m\u00f3dra-e1515343219942.jpg\",\"keywords\":[\"rizsliszt\",\"sz\u0171z\u00e9rme\",\"z\u00f6lds\u00e9gek\"],\"articleSection\":[\"F\u0151\u00e9telek\"],\"inLanguage\":\"hu\",\"potentialAction\":[{\"@type\":\"CommentAction\",\"name\":\"Comment\",\"target\":[\"http:\/\/blog.glutenmenteschef.hu\/index.php\/2017\/07\/16\/szuzerme-kertesz-modra\/#respond\"]}]},{\"@type\":\"WebPage\",\"@id\":\"http:\/\/blog.glutenmenteschef.hu\/index.php\/2017\/07\/16\/szuzerme-kertesz-modra\/\",\"url\":\"http:\/\/blog.glutenmenteschef.hu\/index.php\/2017\/07\/16\/szuzerme-kertesz-modra\/\",\"name\":\"SZ\u0170Z\u00c9RME KERT\u00c9SZ M\u00d3DRA &#8211; Glut\u00e9nmentes Chef blog - \u00c1tol Tibor\",\"isPartOf\":{\"@id\":\"https:\/\/blog.glutenmenteschef.hu\/#website\"},\"primaryImageOfPage\":{\"@id\":\"http:\/\/blog.glutenmenteschef.hu\/index.php\/2017\/07\/16\/szuzerme-kertesz-modra\/#primaryimage\"},\"image\":{\"@id\":\"http:\/\/blog.glutenmenteschef.hu\/index.php\/2017\/07\/16\/szuzerme-kertesz-modra\/#primaryimage\"},\"thumbnailUrl\":\"http:\/\/blog.glutenmenteschef.hu\/wp-content\/uploads\/2017\/07\/Z\u00f6lds\u00e9ges-h\u00fasi-7-Kert\u00e9sz-m\u00f3dra-e1515343219942.jpg\",\"datePublished\":\"2017-07-16T22:37:54+00:00\",\"dateModified\":\"2018-04-16T09:44:38+00:00\",\"breadcrumb\":{\"@id\":\"http:\/\/blog.glutenmenteschef.hu\/index.php\/2017\/07\/16\/szuzerme-kertesz-modra\/#breadcrumb\"},\"inLanguage\":\"hu\",\"potentialAction\":[{\"@type\":\"ReadAction\",\"target\":[\"http:\/\/blog.glutenmenteschef.hu\/index.php\/2017\/07\/16\/szuzerme-kertesz-modra\/\"]}]},{\"@type\":\"ImageObject\",\"inLanguage\":\"hu\",\"@id\":\"http:\/\/blog.glutenmenteschef.hu\/index.php\/2017\/07\/16\/szuzerme-kertesz-modra\/#primaryimage\",\"url\":\"http:\/\/blog.glutenmenteschef.hu\/wp-content\/uploads\/2017\/07\/Z\u00f6lds\u00e9ges-h\u00fasi-7-Kert\u00e9sz-m\u00f3dra-e1515343219942.jpg\",\"contentUrl\":\"http:\/\/blog.glutenmenteschef.hu\/wp-content\/uploads\/2017\/07\/Z\u00f6lds\u00e9ges-h\u00fasi-7-Kert\u00e9sz-m\u00f3dra-e1515343219942.jpg\",\"width\":900,\"height\":675},{\"@type\":\"BreadcrumbList\",\"@id\":\"http:\/\/blog.glutenmenteschef.hu\/index.php\/2017\/07\/16\/szuzerme-kertesz-modra\/#breadcrumb\",\"itemListElement\":[{\"@type\":\"ListItem\",\"position\":1,\"name\":\"Home\",\"item\":\"https:\/\/blog.glutenmenteschef.hu\/\"},{\"@type\":\"ListItem\",\"position\":2,\"name\":\"SZ\u0170Z\u00c9RME KERT\u00c9SZ M\u00d3DRA\"}]},{\"@type\":\"WebSite\",\"@id\":\"https:\/\/blog.glutenmenteschef.hu\/#website\",\"url\":\"https:\/\/blog.glutenmenteschef.hu\/\",\"name\":\"Glut\u00e9nmentes Chef blog - \u00c1tol Tibor\",\"description\":\"Glut\u00e9nmentes \u00e9telek, glut\u00e9nmentes receptek, glut\u00e9nmentes vide\u00f3k\",\"publisher\":{\"@id\":\"https:\/\/blog.glutenmenteschef.hu\/#\/schema\/person\/c07613f0b6c0f12f90b8cb23cf32754a\"},\"potentialAction\":[{\"@type\":\"SearchAction\",\"target\":{\"@type\":\"EntryPoint\",\"urlTemplate\":\"https:\/\/blog.glutenmenteschef.hu\/?s={search_term_string}\"},\"query-input\":{\"@type\":\"PropertyValueSpecification\",\"valueRequired\":true,\"valueName\":\"search_term_string\"}}],\"inLanguage\":\"hu\"},{\"@type\":[\"Person\",\"Organization\"],\"@id\":\"https:\/\/blog.glutenmenteschef.hu\/#\/schema\/person\/c07613f0b6c0f12f90b8cb23cf32754a\",\"name\":\"gmchef\",\"image\":{\"@type\":\"ImageObject\",\"inLanguage\":\"hu\",\"@id\":\"https:\/\/blog.glutenmenteschef.hu\/#\/schema\/person\/image\/\",\"url\":\"https:\/\/secure.gravatar.com\/avatar\/363a4977321cb6fa3321b7ac93139b68e56af77880ae9fd5a3b2e7a8279f6d74?s=96&d=mm&r=g\",\"contentUrl\":\"https:\/\/secure.gravatar.com\/avatar\/363a4977321cb6fa3321b7ac93139b68e56af77880ae9fd5a3b2e7a8279f6d74?s=96&d=mm&r=g\",\"caption\":\"gmchef\"},\"logo\":{\"@id\":\"https:\/\/blog.glutenmenteschef.hu\/#\/schema\/person\/image\/\"},\"sameAs\":[\"https:\/\/www.facebook.com\/aglutenmentessef\"]}]}<\/script>\n<!-- \/ Yoast SEO plugin. -->","yoast_head_json":{"title":"SZ\u0170Z\u00c9RME KERT\u00c9SZ M\u00d3DRA &#8211; Glut\u00e9nmentes Chef blog - \u00c1tol Tibor","robots":{"index":"index","follow":"follow","max-snippet":"max-snippet:-1","max-image-preview":"max-image-preview:large","max-video-preview":"max-video-preview:-1"},"canonical":"http:\/\/blog.glutenmenteschef.hu\/index.php\/2017\/07\/16\/szuzerme-kertesz-modra\/","og_locale":"hu_HU","og_type":"article","og_title":"SZ\u0170Z\u00c9RME KERT\u00c9SZ M\u00d3DRA &#8211; Glut\u00e9nmentes Chef blog - \u00c1tol Tibor","og_description":"Sz\u0171z\u00e9rme Kert\u00e9sz m\u00f3dra 10 adag 1.4 kg sert\u00e9s sz\u0171zpecsenye vagy 1.5 kg csirkecomb fil\u00e9 5 db k\u00f6zepes m\u00e9ret\u0171 s\u00e1rgar\u00e9pa 1 db kisebb cukkini 30 dkg brokkoli ( 1 k\u00f6zepes fej ) 8 dkg zsirad\u00e9k ( kacsazs\u00edr, olaj ) a h\u00fas s\u00fct\u00e9s\u00e9hez 5 dkg vaj a z\u00f6lds\u00e9gek p\u00e1rol\u00e1s\u00e1hoz 1 cs\u0151 kukorica 10 dkg reszelt sajt 12 Read more...","og_url":"http:\/\/blog.glutenmenteschef.hu\/index.php\/2017\/07\/16\/szuzerme-kertesz-modra\/","og_site_name":"Glut\u00e9nmentes Chef blog - \u00c1tol Tibor","article_publisher":"https:\/\/www.facebook.com\/aglutenmentessef","article_author":"https:\/\/www.facebook.com\/aglutenmentessef","article_published_time":"2017-07-16T22:37:54+00:00","article_modified_time":"2018-04-16T09:44:38+00:00","og_image":[{"width":3460,"height":2595,"url":"http:\/\/blog.glutenmenteschef.hu\/wp-content\/uploads\/2017\/07\/Z\u00f6lds\u00e9ges-h\u00fasi-8-Kert\u00e9sz-m\u00f3dra.jpg","type":"image\/jpeg"}],"author":"gmchef","twitter_card":"summary_large_image","twitter_misc":{"Szerz\u0151:":"gmchef","Becs\u00fclt olvas\u00e1si id\u0151":"2 perc"},"schema":{"@context":"https:\/\/schema.org","@graph":[{"@type":"Article","@id":"http:\/\/blog.glutenmenteschef.hu\/index.php\/2017\/07\/16\/szuzerme-kertesz-modra\/#article","isPartOf":{"@id":"http:\/\/blog.glutenmenteschef.hu\/index.php\/2017\/07\/16\/szuzerme-kertesz-modra\/"},"author":{"name":"gmchef","@id":"https:\/\/blog.glutenmenteschef.hu\/#\/schema\/person\/c07613f0b6c0f12f90b8cb23cf32754a"},"headline":"SZ\u0170Z\u00c9RME KERT\u00c9SZ M\u00d3DRA","datePublished":"2017-07-16T22:37:54+00:00","dateModified":"2018-04-16T09:44:38+00:00","mainEntityOfPage":{"@id":"http:\/\/blog.glutenmenteschef.hu\/index.php\/2017\/07\/16\/szuzerme-kertesz-modra\/"},"wordCount":327,"commentCount":0,"publisher":{"@id":"https:\/\/blog.glutenmenteschef.hu\/#\/schema\/person\/c07613f0b6c0f12f90b8cb23cf32754a"},"image":{"@id":"http:\/\/blog.glutenmenteschef.hu\/index.php\/2017\/07\/16\/szuzerme-kertesz-modra\/#primaryimage"},"thumbnailUrl":"http:\/\/blog.glutenmenteschef.hu\/wp-content\/uploads\/2017\/07\/Z\u00f6lds\u00e9ges-h\u00fasi-7-Kert\u00e9sz-m\u00f3dra-e1515343219942.jpg","keywords":["rizsliszt","sz\u0171z\u00e9rme","z\u00f6lds\u00e9gek"],"articleSection":["F\u0151\u00e9telek"],"inLanguage":"hu","potentialAction":[{"@type":"CommentAction","name":"Comment","target":["http:\/\/blog.glutenmenteschef.hu\/index.php\/2017\/07\/16\/szuzerme-kertesz-modra\/#respond"]}]},{"@type":"WebPage","@id":"http:\/\/blog.glutenmenteschef.hu\/index.php\/2017\/07\/16\/szuzerme-kertesz-modra\/","url":"http:\/\/blog.glutenmenteschef.hu\/index.php\/2017\/07\/16\/szuzerme-kertesz-modra\/","name":"SZ\u0170Z\u00c9RME KERT\u00c9SZ M\u00d3DRA &#8211; Glut\u00e9nmentes Chef blog - \u00c1tol Tibor","isPartOf":{"@id":"https:\/\/blog.glutenmenteschef.hu\/#website"},"primaryImageOfPage":{"@id":"http:\/\/blog.glutenmenteschef.hu\/index.php\/2017\/07\/16\/szuzerme-kertesz-modra\/#primaryimage"},"image":{"@id":"http:\/\/blog.glutenmenteschef.hu\/index.php\/2017\/07\/16\/szuzerme-kertesz-modra\/#primaryimage"},"thumbnailUrl":"http:\/\/blog.glutenmenteschef.hu\/wp-content\/uploads\/2017\/07\/Z\u00f6lds\u00e9ges-h\u00fasi-7-Kert\u00e9sz-m\u00f3dra-e1515343219942.jpg","datePublished":"2017-07-16T22:37:54+00:00","dateModified":"2018-04-16T09:44:38+00:00","breadcrumb":{"@id":"http:\/\/blog.glutenmenteschef.hu\/index.php\/2017\/07\/16\/szuzerme-kertesz-modra\/#breadcrumb"},"inLanguage":"hu","potentialAction":[{"@type":"ReadAction","target":["http:\/\/blog.glutenmenteschef.hu\/index.php\/2017\/07\/16\/szuzerme-kertesz-modra\/"]}]},{"@type":"ImageObject","inLanguage":"hu","@id":"http:\/\/blog.glutenmenteschef.hu\/index.php\/2017\/07\/16\/szuzerme-kertesz-modra\/#primaryimage","url":"http:\/\/blog.glutenmenteschef.hu\/wp-content\/uploads\/2017\/07\/Z\u00f6lds\u00e9ges-h\u00fasi-7-Kert\u00e9sz-m\u00f3dra-e1515343219942.jpg","contentUrl":"http:\/\/blog.glutenmenteschef.hu\/wp-content\/uploads\/2017\/07\/Z\u00f6lds\u00e9ges-h\u00fasi-7-Kert\u00e9sz-m\u00f3dra-e1515343219942.jpg","width":900,"height":675},{"@type":"BreadcrumbList","@id":"http:\/\/blog.glutenmenteschef.hu\/index.php\/2017\/07\/16\/szuzerme-kertesz-modra\/#breadcrumb","itemListElement":[{"@type":"ListItem","position":1,"name":"Home","item":"https:\/\/blog.glutenmenteschef.hu\/"},{"@type":"ListItem","position":2,"name":"SZ\u0170Z\u00c9RME KERT\u00c9SZ M\u00d3DRA"}]},{"@type":"WebSite","@id":"https:\/\/blog.glutenmenteschef.hu\/#website","url":"https:\/\/blog.glutenmenteschef.hu\/","name":"Glut\u00e9nmentes Chef blog - \u00c1tol Tibor","description":"Glut\u00e9nmentes \u00e9telek, glut\u00e9nmentes receptek, glut\u00e9nmentes vide\u00f3k","publisher":{"@id":"https:\/\/blog.glutenmenteschef.hu\/#\/schema\/person\/c07613f0b6c0f12f90b8cb23cf32754a"},"potentialAction":[{"@type":"SearchAction","target":{"@type":"EntryPoint","urlTemplate":"https:\/\/blog.glutenmenteschef.hu\/?s={search_term_string}"},"query-input":{"@type":"PropertyValueSpecification","valueRequired":true,"valueName":"search_term_string"}}],"inLanguage":"hu"},{"@type":["Person","Organization"],"@id":"https:\/\/blog.glutenmenteschef.hu\/#\/schema\/person\/c07613f0b6c0f12f90b8cb23cf32754a","name":"gmchef","image":{"@type":"ImageObject","inLanguage":"hu","@id":"https:\/\/blog.glutenmenteschef.hu\/#\/schema\/person\/image\/","url":"https:\/\/secure.gravatar.com\/avatar\/363a4977321cb6fa3321b7ac93139b68e56af77880ae9fd5a3b2e7a8279f6d74?s=96&d=mm&r=g","contentUrl":"https:\/\/secure.gravatar.com\/avatar\/363a4977321cb6fa3321b7ac93139b68e56af77880ae9fd5a3b2e7a8279f6d74?s=96&d=mm&r=g","caption":"gmchef"},"logo":{"@id":"https:\/\/blog.glutenmenteschef.hu\/#\/schema\/person\/image\/"},"sameAs":["https:\/\/www.facebook.com\/aglutenmentessef"]}]}},"_links":{"self":[{"href":"http:\/\/blog.glutenmenteschef.hu\/index.php\/wp-json\/wp\/v2\/posts\/447","targetHints":{"allow":["GET"]}}],"collection":[{"href":"http:\/\/blog.glutenmenteschef.hu\/index.php\/wp-json\/wp\/v2\/posts"}],"about":[{"href":"http:\/\/blog.glutenmenteschef.hu\/index.php\/wp-json\/wp\/v2\/types\/post"}],"author":[{"embeddable":true,"href":"http:\/\/blog.glutenmenteschef.hu\/index.php\/wp-json\/wp\/v2\/users\/1"}],"replies":[{"embeddable":true,"href":"http:\/\/blog.glutenmenteschef.hu\/index.php\/wp-json\/wp\/v2\/comments?post=447"}],"version-history":[{"count":0,"href":"http:\/\/blog.glutenmenteschef.hu\/index.php\/wp-json\/wp\/v2\/posts\/447\/revisions"}],"wp:featuredmedia":[{"embeddable":true,"href":"http:\/\/blog.glutenmenteschef.hu\/index.php\/wp-json\/wp\/v2\/media\/449"}],"wp:attachment":[{"href":"http:\/\/blog.glutenmenteschef.hu\/index.php\/wp-json\/wp\/v2\/media?parent=447"}],"wp:term":[{"taxonomy":"category","embeddable":true,"href":"http:\/\/blog.glutenmenteschef.hu\/index.php\/wp-json\/wp\/v2\/categories?post=447"},{"taxonomy":"post_tag","embeddable":true,"href":"http:\/\/blog.glutenmenteschef.hu\/index.php\/wp-json\/wp\/v2\/tags?post=447"}],"curies":[{"name":"wp","href":"https:\/\/api.w.org\/{rel}","templated":true}]}}