{"id":431,"date":"2017-07-11T20:54:49","date_gmt":"2017-07-11T20:54:49","guid":{"rendered":"http:\/\/blog.glutenmenteschef.hu\/?p=431"},"modified":"2022-07-29T06:18:32","modified_gmt":"2022-07-29T06:18:32","slug":"tojasos-nokedli-glutenmentesen","status":"publish","type":"post","link":"http:\/\/blog.glutenmenteschef.hu\/index.php\/2017\/07\/11\/tojasos-nokedli-glutenmentesen\/","title":{"rendered":"TOJ\u00c1SOS NOKEDLI RIZSLISZTB\u0150L GLUT\u00c9NMENTESEN"},"content":{"rendered":"\n<h3 class=\"has-text-align-center wp-block-heading\">Toj\u00e1sos nokedli rizslisztb\u0151l glut\u00e9nmentesen<\/h3>\n\n\n\n<p class=\"has-text-align-center\"><strong>A recept feh\u00e9r \u00e9s teljes ki\u0151rl\u00e9s\u0171 barna rizsliszttel is elk\u00e9sz\u00edthet\u0151.<\/strong><\/p>\n\n\n\n<p class=\"has-text-align-center\">5 adag<br><br><br><\/p>\n\n\n\n<div class=\"wp-block-image\"><figure class=\"aligncenter size-full is-resized\"><img loading=\"lazy\" decoding=\"async\" src=\"https:\/\/blog.glutenmenteschef.hu\/wp-content\/uploads\/2022\/07\/Tojasos-Nokedli-5.jpg\" alt=\"\" class=\"wp-image-29979\" width=\"512\" height=\"384\" srcset=\"http:\/\/blog.glutenmenteschef.hu\/wp-content\/uploads\/2022\/07\/Tojasos-Nokedli-5.jpg 1024w, http:\/\/blog.glutenmenteschef.hu\/wp-content\/uploads\/2022\/07\/Tojasos-Nokedli-5-300x225.jpg 300w, http:\/\/blog.glutenmenteschef.hu\/wp-content\/uploads\/2022\/07\/Tojasos-Nokedli-5-768x576.jpg 768w\" sizes=\"auto, (max-width: 512px) 100vw, 512px\" \/><figcaption><br><br><br><\/figcaption><\/figure><\/div>\n\n\n\n<h5 class=\"has-text-align-center wp-block-heading\"><strong>Hozz\u00e1val\u00f3k:<\/strong><\/h5>\n\n\n\n<p class=\"has-text-align-center\"><\/p>\n\n\n\n<p class=\"has-text-align-center\">300 g rizsliszt<br>4 + 5 db L-es m\u00e9ret\u0171&nbsp; toj\u00e1s<br>( 60-65 g\/db, ha kisebb toj\u00e1sokkal dolgozunk, akkor az \u00f6sszs\u00faly\u00e1t, a 4 x 65 = 260 g-ot vegy\u00fck figyelembe &nbsp; )<br>2 g&nbsp; s\u00f3<span class=\"text_exposed_show\"><br>10 g s\u00f3 a f\u0151z\u0151v\u00edzbe<br>0,5 + 0,5 dl \u00e9tolaj vagy vaj<\/span><br><br><\/p>\n\n\n\n<p><strong>Amit eddig tudtunk a nokedli k\u00e9sz\u00edt\u00e9sr\u0151l vagy ahogy eddig k\u00e9sz\u00edtett\u00fck a b\u00fazalisztes nokedlit, azt el kell felejteni! A rizslisztes-glut\u00e9nmentes k\u00e9sz\u00edt\u00e9se nagyban elt\u00e9r, csak a v\u00e9geredm\u00e9ny lesz ugyan olyan j\u00f3.<\/strong><br><br><\/p>\n\n\n\n<h5 class=\"wp-block-heading\"><strong>A galuska elk\u00e9sz\u00edt\u00e9se:<\/strong><\/h5>\n\n\n\n<p>1 literes t\u00e1lba az \u00f6sszetev\u0151ket(rizsliszt,s\u00f3,toj\u00e1s) fakan\u00e1llal \u2013 k\u00e9zzel elkeverj\u00fck, addig,&nbsp;GY\u00daRJUK, AM\u00cdG A T\u00c9SZTA SIMA, EGYNEM\u0170 GOMB\u00d3CC\u00c1 FORM\u00c1LHAT\u00d3 LESZ!!! AZ \u00c1LLAGA EGY L\u00c1GY GY\u00daRT T\u00c9SZT\u00c1RA EML\u00c9KEZTET. Pont ez\u00e9rt ez a t\u00e9szta deszk\u00e1r\u00f3l nem szaggathat\u00f3, csak nokedli szaggat\u00f3n \u00e1tnyomva lesz j\u00f3.<br><br><br><\/p>\n\n\n\n<div class=\"wp-block-image\"><figure class=\"aligncenter size-full is-resized\"><img loading=\"lazy\" decoding=\"async\" src=\"https:\/\/blog.glutenmenteschef.hu\/wp-content\/uploads\/2017\/04\/Nokedli-1.jpg\" alt=\"\" class=\"wp-image-27534\" width=\"512\" height=\"384\" srcset=\"http:\/\/blog.glutenmenteschef.hu\/wp-content\/uploads\/2017\/04\/Nokedli-1.jpg 1024w, http:\/\/blog.glutenmenteschef.hu\/wp-content\/uploads\/2017\/04\/Nokedli-1-300x225.jpg 300w, http:\/\/blog.glutenmenteschef.hu\/wp-content\/uploads\/2017\/04\/Nokedli-1-768x576.jpg 768w\" sizes=\"auto, (max-width: 512px) 100vw, 512px\" \/><figcaption><br><br><\/figcaption><\/figure><\/div>\n\n\n\n<p>3 literes faz\u00e9kban 2 liter vizet 10 g s\u00f3val felforraljuk.  Galuska szaggat\u00f3val vagy b\u00e1rmilyen nagyobb lyuk\u00fa sz\u0171r\u0151 haszn\u00e1lat\u00e1val beleszaggatjuk a t\u00e9szt\u00e1t.<br><br><br><\/p>\n\n\n\n<div class=\"wp-block-image\"><figure class=\"aligncenter size-full is-resized\"><img loading=\"lazy\" decoding=\"async\" src=\"https:\/\/blog.glutenmenteschef.hu\/wp-content\/uploads\/2017\/04\/Nokedli-4.jpg\" alt=\"\" class=\"wp-image-27535\" width=\"512\" height=\"384\" srcset=\"http:\/\/blog.glutenmenteschef.hu\/wp-content\/uploads\/2017\/04\/Nokedli-4.jpg 1024w, http:\/\/blog.glutenmenteschef.hu\/wp-content\/uploads\/2017\/04\/Nokedli-4-300x225.jpg 300w, http:\/\/blog.glutenmenteschef.hu\/wp-content\/uploads\/2017\/04\/Nokedli-4-768x576.jpg 768w\" sizes=\"auto, (max-width: 512px) 100vw, 512px\" \/><figcaption><br><br><\/figcaption><\/figure><\/div>\n\n\n\n<p>Forr\u00e1st\u00f3l sz\u00e1m\u00edtott 3 percig f\u0151zz\u00fck <strong>vagy am\u00edg megfelel\u0151en puh\u00e1nak nem \u00e9rezz\u00fck.<\/strong><br><br><\/p>\n\n\n\n<div class=\"wp-block-image\"><figure class=\"aligncenter size-full is-resized\"><img loading=\"lazy\" decoding=\"async\" src=\"https:\/\/blog.glutenmenteschef.hu\/wp-content\/uploads\/2017\/04\/Nokedli-5.jpg\" alt=\"\" class=\"wp-image-27536\" width=\"512\" height=\"384\" srcset=\"http:\/\/blog.glutenmenteschef.hu\/wp-content\/uploads\/2017\/04\/Nokedli-5.jpg 1024w, http:\/\/blog.glutenmenteschef.hu\/wp-content\/uploads\/2017\/04\/Nokedli-5-300x225.jpg 300w, http:\/\/blog.glutenmenteschef.hu\/wp-content\/uploads\/2017\/04\/Nokedli-5-768x576.jpg 768w\" sizes=\"auto, (max-width: 512px) 100vw, 512px\" \/><figcaption><br><br><\/figcaption><\/figure><\/div>\n\n\n\n<p>Majd sz\u0171r\u0151be \u00f6ntve a csap alatt hideg v\u00edzzel lemossuk \u00e9s lecsepegtetj\u00fck, majd t\u00e1lba \u00f6ntj\u00fck, \u00e9tolajjal vagy vajjal \u00f6sszekeverj\u00fck.<br><br><\/p>\n\n\n\n<div class=\"wp-block-image\"><figure class=\"aligncenter size-full is-resized\"><img loading=\"lazy\" decoding=\"async\" src=\"https:\/\/blog.glutenmenteschef.hu\/wp-content\/uploads\/2022\/07\/Nokedli-14.jpg\" alt=\"\" class=\"wp-image-29974\" width=\"512\" height=\"384\" srcset=\"http:\/\/blog.glutenmenteschef.hu\/wp-content\/uploads\/2022\/07\/Nokedli-14.jpg 1024w, http:\/\/blog.glutenmenteschef.hu\/wp-content\/uploads\/2022\/07\/Nokedli-14-300x225.jpg 300w, http:\/\/blog.glutenmenteschef.hu\/wp-content\/uploads\/2022\/07\/Nokedli-14-768x576.jpg 768w\" sizes=\"auto, (max-width: 512px) 100vw, 512px\" \/><figcaption><br><br><\/figcaption><\/figure><\/div>\n\n\n\n<p>Serpeny\u0151ben zsirad\u00e9kot ( olajat, kacsazs\u00edrt vagy vajat ) hev\u00edt\u00fcnk, beletessz\u00fck a galusk\u00e1t \u00e9s r\u00e1\u00f6ntj\u00fck az 5 db&nbsp; alaposan elkevert toj\u00e1st. \u00d6sszeforgatjuk \u00e9s p\u00e1r m\u00e1sodperc alatt k\u00e9szre s\u00fctj\u00fck.<br><br><\/p>\n\n\n\n<div class=\"wp-block-image\"><figure class=\"aligncenter size-full is-resized\"><img loading=\"lazy\" decoding=\"async\" src=\"https:\/\/blog.glutenmenteschef.hu\/wp-content\/uploads\/2022\/07\/Tojasos-nokedli-16.jpg\" alt=\"\" class=\"wp-image-29980\" width=\"512\" height=\"683\" srcset=\"http:\/\/blog.glutenmenteschef.hu\/wp-content\/uploads\/2022\/07\/Tojasos-nokedli-16.jpg 1024w, http:\/\/blog.glutenmenteschef.hu\/wp-content\/uploads\/2022\/07\/Tojasos-nokedli-16-225x300.jpg 225w, http:\/\/blog.glutenmenteschef.hu\/wp-content\/uploads\/2022\/07\/Tojasos-nokedli-16-768x1024.jpg 768w\" sizes=\"auto, (max-width: 512px) 100vw, 512px\" \/><\/figure><\/div>\n\n\n\n<p class=\"has-text-align-center\"><\/p>\n\n\n\n<p class=\"has-text-align-center\">&nbsp;<\/p>\n","protected":false},"excerpt":{"rendered":"<p>Toj\u00e1sos nokedli rizslisztb\u0151l glut\u00e9nmentesen A recept feh\u00e9r \u00e9s teljes ki\u0151rl\u00e9s\u0171 barna rizsliszttel is elk\u00e9sz\u00edthet\u0151. 5 adag Hozz\u00e1val\u00f3k: 300 g rizsliszt4 + 5 db L-es m\u00e9ret\u0171&nbsp; toj\u00e1s( 60-65 g\/db, ha kisebb toj\u00e1sokkal dolgozunk, akkor az \u00f6sszs\u00faly\u00e1t, a 4 x 65 = 260 g-ot vegy\u00fck figyelembe &nbsp; )2 g&nbsp; s\u00f310 g s\u00f3 a f\u0151z\u0151v\u00edzbe0,5 + 0,5 dl <br \/><a class=\"more\" href=\"http:\/\/blog.glutenmenteschef.hu\/index.php\/2017\/07\/11\/tojasos-nokedli-glutenmentesen\/\">Read more&#8230; <\/a><\/p>\n","protected":false},"author":1,"featured_media":29978,"comment_status":"open","ping_status":"open","sticky":false,"template":"","format":"standard","meta":{"footnotes":""},"categories":[7,176,335],"tags":[186,118,187,185],"class_list":["post-431","post","type-post","status-publish","format-standard","has-post-thumbnail","hentry","category-foetelek","category-husmentes-etelek","category-rizslisztbol-keszitettem","tag-galuska-glutenmentesen","tag-nokedli","tag-tojasos-galuska","tag-tojasos-nokedli-glutenmentesen"],"yoast_head":"<!-- This site is optimized with the Yoast SEO plugin v26.5 - https:\/\/yoast.com\/wordpress\/plugins\/seo\/ -->\n<title>TOJ\u00c1SOS NOKEDLI RIZSLISZTB\u0150L GLUT\u00c9NMENTESEN &#8211; Glut\u00e9nmentes Chef blog - \u00c1tol Tibor<\/title>\n<meta name=\"description\" content=\"Amit eddig tudtunk a nokedli k\u00e9sz\u00edt\u00e9sr\u0151l vagy ahogy eddig k\u00e9sz\u00edtett\u00fck a b\u00fazaliszttel, azt el kell felejteni! A rizslisztes-glut\u00e9nmentes nokedli-toj\u00e1sos nokedli k\u00e9sz\u00edt\u00e9se nagyban elt\u00e9r, csak a v\u00e9geredm\u00e9ny lesz ugyan olyan j\u00f3.\" \/>\n<meta name=\"robots\" content=\"index, follow, max-snippet:-1, max-image-preview:large, max-video-preview:-1\" \/>\n<link rel=\"canonical\" href=\"http:\/\/blog.glutenmenteschef.hu\/index.php\/2017\/07\/11\/tojasos-nokedli-glutenmentesen\/\" \/>\n<meta property=\"og:locale\" content=\"hu_HU\" \/>\n<meta property=\"og:type\" content=\"article\" \/>\n<meta property=\"og:title\" content=\"TOJ\u00c1SOS NOKEDLI RIZSLISZTB\u0150L GLUT\u00c9NMENTESEN &#8211; Glut\u00e9nmentes Chef blog - \u00c1tol Tibor\" \/>\n<meta property=\"og:description\" content=\"Amit eddig tudtunk a nokedli k\u00e9sz\u00edt\u00e9sr\u0151l vagy ahogy eddig k\u00e9sz\u00edtett\u00fck a b\u00fazaliszttel, azt el kell felejteni! A rizslisztes-glut\u00e9nmentes nokedli-toj\u00e1sos nokedli k\u00e9sz\u00edt\u00e9se nagyban elt\u00e9r, csak a v\u00e9geredm\u00e9ny lesz ugyan olyan j\u00f3.\" \/>\n<meta property=\"og:url\" content=\"http:\/\/blog.glutenmenteschef.hu\/index.php\/2017\/07\/11\/tojasos-nokedli-glutenmentesen\/\" \/>\n<meta property=\"og:site_name\" content=\"Glut\u00e9nmentes Chef blog - \u00c1tol Tibor\" \/>\n<meta property=\"article:publisher\" content=\"https:\/\/www.facebook.com\/aglutenmentessef\" \/>\n<meta property=\"article:author\" content=\"https:\/\/www.facebook.com\/aglutenmentessef\" \/>\n<meta property=\"article:published_time\" content=\"2017-07-11T20:54:49+00:00\" \/>\n<meta property=\"article:modified_time\" content=\"2022-07-29T06:18:32+00:00\" \/>\n<meta property=\"og:image\" content=\"http:\/\/blog.glutenmenteschef.hu\/wp-content\/uploads\/2017\/07\/Tojasos-Nokedli-9-1.jpg\" \/>\n\t<meta property=\"og:image:width\" content=\"1024\" \/>\n\t<meta property=\"og:image:height\" content=\"768\" \/>\n\t<meta property=\"og:image:type\" content=\"image\/jpeg\" \/>\n<meta name=\"author\" content=\"gmchef\" \/>\n<meta name=\"twitter:card\" content=\"summary_large_image\" \/>\n<meta name=\"twitter:label1\" content=\"Szerz\u0151:\" \/>\n\t<meta name=\"twitter:data1\" content=\"gmchef\" \/>\n\t<meta name=\"twitter:label2\" content=\"Becs\u00fclt olvas\u00e1si id\u0151\" \/>\n\t<meta name=\"twitter:data2\" content=\"3 perc\" \/>\n<script type=\"application\/ld+json\" class=\"yoast-schema-graph\">{\"@context\":\"https:\/\/schema.org\",\"@graph\":[{\"@type\":\"Article\",\"@id\":\"http:\/\/blog.glutenmenteschef.hu\/index.php\/2017\/07\/11\/tojasos-nokedli-glutenmentesen\/#article\",\"isPartOf\":{\"@id\":\"http:\/\/blog.glutenmenteschef.hu\/index.php\/2017\/07\/11\/tojasos-nokedli-glutenmentesen\/\"},\"author\":{\"name\":\"gmchef\",\"@id\":\"https:\/\/blog.glutenmenteschef.hu\/#\/schema\/person\/c07613f0b6c0f12f90b8cb23cf32754a\"},\"headline\":\"TOJ\u00c1SOS NOKEDLI RIZSLISZTB\u0150L GLUT\u00c9NMENTESEN\",\"datePublished\":\"2017-07-11T20:54:49+00:00\",\"dateModified\":\"2022-07-29T06:18:32+00:00\",\"mainEntityOfPage\":{\"@id\":\"http:\/\/blog.glutenmenteschef.hu\/index.php\/2017\/07\/11\/tojasos-nokedli-glutenmentesen\/\"},\"wordCount\":302,\"commentCount\":0,\"publisher\":{\"@id\":\"https:\/\/blog.glutenmenteschef.hu\/#\/schema\/person\/c07613f0b6c0f12f90b8cb23cf32754a\"},\"image\":{\"@id\":\"http:\/\/blog.glutenmenteschef.hu\/index.php\/2017\/07\/11\/tojasos-nokedli-glutenmentesen\/#primaryimage\"},\"thumbnailUrl\":\"http:\/\/blog.glutenmenteschef.hu\/wp-content\/uploads\/2017\/07\/Tojasos-Nokedli-9-1.jpg\",\"keywords\":[\"galuska glut\u00e9nmentesen\",\"nokedli\",\"toj\u00e1sos galuska\",\"toj\u00e1sos nokedli glut\u00e9nmentesen\"],\"articleSection\":[\"F\u0151\u00e9telek\",\"H\u00fasmentes \u00e9telek\",\"Rizslisztb\u0151l k\u00e9sz\u00edtettem\"],\"inLanguage\":\"hu\",\"potentialAction\":[{\"@type\":\"CommentAction\",\"name\":\"Comment\",\"target\":[\"http:\/\/blog.glutenmenteschef.hu\/index.php\/2017\/07\/11\/tojasos-nokedli-glutenmentesen\/#respond\"]}]},{\"@type\":\"WebPage\",\"@id\":\"http:\/\/blog.glutenmenteschef.hu\/index.php\/2017\/07\/11\/tojasos-nokedli-glutenmentesen\/\",\"url\":\"http:\/\/blog.glutenmenteschef.hu\/index.php\/2017\/07\/11\/tojasos-nokedli-glutenmentesen\/\",\"name\":\"TOJ\u00c1SOS NOKEDLI RIZSLISZTB\u0150L GLUT\u00c9NMENTESEN &#8211; Glut\u00e9nmentes Chef blog - \u00c1tol Tibor\",\"isPartOf\":{\"@id\":\"https:\/\/blog.glutenmenteschef.hu\/#website\"},\"primaryImageOfPage\":{\"@id\":\"http:\/\/blog.glutenmenteschef.hu\/index.php\/2017\/07\/11\/tojasos-nokedli-glutenmentesen\/#primaryimage\"},\"image\":{\"@id\":\"http:\/\/blog.glutenmenteschef.hu\/index.php\/2017\/07\/11\/tojasos-nokedli-glutenmentesen\/#primaryimage\"},\"thumbnailUrl\":\"http:\/\/blog.glutenmenteschef.hu\/wp-content\/uploads\/2017\/07\/Tojasos-Nokedli-9-1.jpg\",\"datePublished\":\"2017-07-11T20:54:49+00:00\",\"dateModified\":\"2022-07-29T06:18:32+00:00\",\"description\":\"Amit eddig tudtunk a nokedli k\u00e9sz\u00edt\u00e9sr\u0151l vagy ahogy eddig k\u00e9sz\u00edtett\u00fck a b\u00fazaliszttel, azt el kell felejteni! A rizslisztes-glut\u00e9nmentes nokedli-toj\u00e1sos nokedli k\u00e9sz\u00edt\u00e9se nagyban elt\u00e9r, csak a v\u00e9geredm\u00e9ny lesz ugyan olyan j\u00f3.\",\"breadcrumb\":{\"@id\":\"http:\/\/blog.glutenmenteschef.hu\/index.php\/2017\/07\/11\/tojasos-nokedli-glutenmentesen\/#breadcrumb\"},\"inLanguage\":\"hu\",\"potentialAction\":[{\"@type\":\"ReadAction\",\"target\":[\"http:\/\/blog.glutenmenteschef.hu\/index.php\/2017\/07\/11\/tojasos-nokedli-glutenmentesen\/\"]}]},{\"@type\":\"ImageObject\",\"inLanguage\":\"hu\",\"@id\":\"http:\/\/blog.glutenmenteschef.hu\/index.php\/2017\/07\/11\/tojasos-nokedli-glutenmentesen\/#primaryimage\",\"url\":\"http:\/\/blog.glutenmenteschef.hu\/wp-content\/uploads\/2017\/07\/Tojasos-Nokedli-9-1.jpg\",\"contentUrl\":\"http:\/\/blog.glutenmenteschef.hu\/wp-content\/uploads\/2017\/07\/Tojasos-Nokedli-9-1.jpg\",\"width\":1024,\"height\":768},{\"@type\":\"BreadcrumbList\",\"@id\":\"http:\/\/blog.glutenmenteschef.hu\/index.php\/2017\/07\/11\/tojasos-nokedli-glutenmentesen\/#breadcrumb\",\"itemListElement\":[{\"@type\":\"ListItem\",\"position\":1,\"name\":\"Home\",\"item\":\"https:\/\/blog.glutenmenteschef.hu\/\"},{\"@type\":\"ListItem\",\"position\":2,\"name\":\"TOJ\u00c1SOS NOKEDLI RIZSLISZTB\u0150L GLUT\u00c9NMENTESEN\"}]},{\"@type\":\"WebSite\",\"@id\":\"https:\/\/blog.glutenmenteschef.hu\/#website\",\"url\":\"https:\/\/blog.glutenmenteschef.hu\/\",\"name\":\"Glut\u00e9nmentes Chef blog - \u00c1tol Tibor\",\"description\":\"Glut\u00e9nmentes \u00e9telek, glut\u00e9nmentes receptek, glut\u00e9nmentes vide\u00f3k\",\"publisher\":{\"@id\":\"https:\/\/blog.glutenmenteschef.hu\/#\/schema\/person\/c07613f0b6c0f12f90b8cb23cf32754a\"},\"potentialAction\":[{\"@type\":\"SearchAction\",\"target\":{\"@type\":\"EntryPoint\",\"urlTemplate\":\"https:\/\/blog.glutenmenteschef.hu\/?s={search_term_string}\"},\"query-input\":{\"@type\":\"PropertyValueSpecification\",\"valueRequired\":true,\"valueName\":\"search_term_string\"}}],\"inLanguage\":\"hu\"},{\"@type\":[\"Person\",\"Organization\"],\"@id\":\"https:\/\/blog.glutenmenteschef.hu\/#\/schema\/person\/c07613f0b6c0f12f90b8cb23cf32754a\",\"name\":\"gmchef\",\"image\":{\"@type\":\"ImageObject\",\"inLanguage\":\"hu\",\"@id\":\"https:\/\/blog.glutenmenteschef.hu\/#\/schema\/person\/image\/\",\"url\":\"https:\/\/secure.gravatar.com\/avatar\/363a4977321cb6fa3321b7ac93139b68e56af77880ae9fd5a3b2e7a8279f6d74?s=96&d=mm&r=g\",\"contentUrl\":\"https:\/\/secure.gravatar.com\/avatar\/363a4977321cb6fa3321b7ac93139b68e56af77880ae9fd5a3b2e7a8279f6d74?s=96&d=mm&r=g\",\"caption\":\"gmchef\"},\"logo\":{\"@id\":\"https:\/\/blog.glutenmenteschef.hu\/#\/schema\/person\/image\/\"},\"sameAs\":[\"https:\/\/www.facebook.com\/aglutenmentessef\"]}]}<\/script>\n<!-- \/ Yoast SEO plugin. -->","yoast_head_json":{"title":"TOJ\u00c1SOS NOKEDLI RIZSLISZTB\u0150L GLUT\u00c9NMENTESEN &#8211; Glut\u00e9nmentes Chef blog - \u00c1tol Tibor","description":"Amit eddig tudtunk a nokedli k\u00e9sz\u00edt\u00e9sr\u0151l vagy ahogy eddig k\u00e9sz\u00edtett\u00fck a b\u00fazaliszttel, azt el kell felejteni! A rizslisztes-glut\u00e9nmentes nokedli-toj\u00e1sos nokedli k\u00e9sz\u00edt\u00e9se nagyban elt\u00e9r, csak a v\u00e9geredm\u00e9ny lesz ugyan olyan j\u00f3.","robots":{"index":"index","follow":"follow","max-snippet":"max-snippet:-1","max-image-preview":"max-image-preview:large","max-video-preview":"max-video-preview:-1"},"canonical":"http:\/\/blog.glutenmenteschef.hu\/index.php\/2017\/07\/11\/tojasos-nokedli-glutenmentesen\/","og_locale":"hu_HU","og_type":"article","og_title":"TOJ\u00c1SOS NOKEDLI RIZSLISZTB\u0150L GLUT\u00c9NMENTESEN &#8211; Glut\u00e9nmentes Chef blog - \u00c1tol Tibor","og_description":"Amit eddig tudtunk a nokedli k\u00e9sz\u00edt\u00e9sr\u0151l vagy ahogy eddig k\u00e9sz\u00edtett\u00fck a b\u00fazaliszttel, azt el kell felejteni! A rizslisztes-glut\u00e9nmentes nokedli-toj\u00e1sos nokedli k\u00e9sz\u00edt\u00e9se nagyban elt\u00e9r, csak a v\u00e9geredm\u00e9ny lesz ugyan olyan j\u00f3.","og_url":"http:\/\/blog.glutenmenteschef.hu\/index.php\/2017\/07\/11\/tojasos-nokedli-glutenmentesen\/","og_site_name":"Glut\u00e9nmentes Chef blog - \u00c1tol Tibor","article_publisher":"https:\/\/www.facebook.com\/aglutenmentessef","article_author":"https:\/\/www.facebook.com\/aglutenmentessef","article_published_time":"2017-07-11T20:54:49+00:00","article_modified_time":"2022-07-29T06:18:32+00:00","og_image":[{"width":1024,"height":768,"url":"http:\/\/blog.glutenmenteschef.hu\/wp-content\/uploads\/2017\/07\/Tojasos-Nokedli-9-1.jpg","type":"image\/jpeg"}],"author":"gmchef","twitter_card":"summary_large_image","twitter_misc":{"Szerz\u0151:":"gmchef","Becs\u00fclt olvas\u00e1si id\u0151":"3 perc"},"schema":{"@context":"https:\/\/schema.org","@graph":[{"@type":"Article","@id":"http:\/\/blog.glutenmenteschef.hu\/index.php\/2017\/07\/11\/tojasos-nokedli-glutenmentesen\/#article","isPartOf":{"@id":"http:\/\/blog.glutenmenteschef.hu\/index.php\/2017\/07\/11\/tojasos-nokedli-glutenmentesen\/"},"author":{"name":"gmchef","@id":"https:\/\/blog.glutenmenteschef.hu\/#\/schema\/person\/c07613f0b6c0f12f90b8cb23cf32754a"},"headline":"TOJ\u00c1SOS NOKEDLI RIZSLISZTB\u0150L GLUT\u00c9NMENTESEN","datePublished":"2017-07-11T20:54:49+00:00","dateModified":"2022-07-29T06:18:32+00:00","mainEntityOfPage":{"@id":"http:\/\/blog.glutenmenteschef.hu\/index.php\/2017\/07\/11\/tojasos-nokedli-glutenmentesen\/"},"wordCount":302,"commentCount":0,"publisher":{"@id":"https:\/\/blog.glutenmenteschef.hu\/#\/schema\/person\/c07613f0b6c0f12f90b8cb23cf32754a"},"image":{"@id":"http:\/\/blog.glutenmenteschef.hu\/index.php\/2017\/07\/11\/tojasos-nokedli-glutenmentesen\/#primaryimage"},"thumbnailUrl":"http:\/\/blog.glutenmenteschef.hu\/wp-content\/uploads\/2017\/07\/Tojasos-Nokedli-9-1.jpg","keywords":["galuska glut\u00e9nmentesen","nokedli","toj\u00e1sos galuska","toj\u00e1sos nokedli glut\u00e9nmentesen"],"articleSection":["F\u0151\u00e9telek","H\u00fasmentes \u00e9telek","Rizslisztb\u0151l k\u00e9sz\u00edtettem"],"inLanguage":"hu","potentialAction":[{"@type":"CommentAction","name":"Comment","target":["http:\/\/blog.glutenmenteschef.hu\/index.php\/2017\/07\/11\/tojasos-nokedli-glutenmentesen\/#respond"]}]},{"@type":"WebPage","@id":"http:\/\/blog.glutenmenteschef.hu\/index.php\/2017\/07\/11\/tojasos-nokedli-glutenmentesen\/","url":"http:\/\/blog.glutenmenteschef.hu\/index.php\/2017\/07\/11\/tojasos-nokedli-glutenmentesen\/","name":"TOJ\u00c1SOS NOKEDLI RIZSLISZTB\u0150L GLUT\u00c9NMENTESEN &#8211; Glut\u00e9nmentes Chef blog - \u00c1tol Tibor","isPartOf":{"@id":"https:\/\/blog.glutenmenteschef.hu\/#website"},"primaryImageOfPage":{"@id":"http:\/\/blog.glutenmenteschef.hu\/index.php\/2017\/07\/11\/tojasos-nokedli-glutenmentesen\/#primaryimage"},"image":{"@id":"http:\/\/blog.glutenmenteschef.hu\/index.php\/2017\/07\/11\/tojasos-nokedli-glutenmentesen\/#primaryimage"},"thumbnailUrl":"http:\/\/blog.glutenmenteschef.hu\/wp-content\/uploads\/2017\/07\/Tojasos-Nokedli-9-1.jpg","datePublished":"2017-07-11T20:54:49+00:00","dateModified":"2022-07-29T06:18:32+00:00","description":"Amit eddig tudtunk a nokedli k\u00e9sz\u00edt\u00e9sr\u0151l vagy ahogy eddig k\u00e9sz\u00edtett\u00fck a b\u00fazaliszttel, azt el kell felejteni! A rizslisztes-glut\u00e9nmentes nokedli-toj\u00e1sos nokedli k\u00e9sz\u00edt\u00e9se nagyban elt\u00e9r, csak a v\u00e9geredm\u00e9ny lesz ugyan olyan j\u00f3.","breadcrumb":{"@id":"http:\/\/blog.glutenmenteschef.hu\/index.php\/2017\/07\/11\/tojasos-nokedli-glutenmentesen\/#breadcrumb"},"inLanguage":"hu","potentialAction":[{"@type":"ReadAction","target":["http:\/\/blog.glutenmenteschef.hu\/index.php\/2017\/07\/11\/tojasos-nokedli-glutenmentesen\/"]}]},{"@type":"ImageObject","inLanguage":"hu","@id":"http:\/\/blog.glutenmenteschef.hu\/index.php\/2017\/07\/11\/tojasos-nokedli-glutenmentesen\/#primaryimage","url":"http:\/\/blog.glutenmenteschef.hu\/wp-content\/uploads\/2017\/07\/Tojasos-Nokedli-9-1.jpg","contentUrl":"http:\/\/blog.glutenmenteschef.hu\/wp-content\/uploads\/2017\/07\/Tojasos-Nokedli-9-1.jpg","width":1024,"height":768},{"@type":"BreadcrumbList","@id":"http:\/\/blog.glutenmenteschef.hu\/index.php\/2017\/07\/11\/tojasos-nokedli-glutenmentesen\/#breadcrumb","itemListElement":[{"@type":"ListItem","position":1,"name":"Home","item":"https:\/\/blog.glutenmenteschef.hu\/"},{"@type":"ListItem","position":2,"name":"TOJ\u00c1SOS NOKEDLI RIZSLISZTB\u0150L GLUT\u00c9NMENTESEN"}]},{"@type":"WebSite","@id":"https:\/\/blog.glutenmenteschef.hu\/#website","url":"https:\/\/blog.glutenmenteschef.hu\/","name":"Glut\u00e9nmentes Chef blog - \u00c1tol Tibor","description":"Glut\u00e9nmentes \u00e9telek, glut\u00e9nmentes receptek, glut\u00e9nmentes vide\u00f3k","publisher":{"@id":"https:\/\/blog.glutenmenteschef.hu\/#\/schema\/person\/c07613f0b6c0f12f90b8cb23cf32754a"},"potentialAction":[{"@type":"SearchAction","target":{"@type":"EntryPoint","urlTemplate":"https:\/\/blog.glutenmenteschef.hu\/?s={search_term_string}"},"query-input":{"@type":"PropertyValueSpecification","valueRequired":true,"valueName":"search_term_string"}}],"inLanguage":"hu"},{"@type":["Person","Organization"],"@id":"https:\/\/blog.glutenmenteschef.hu\/#\/schema\/person\/c07613f0b6c0f12f90b8cb23cf32754a","name":"gmchef","image":{"@type":"ImageObject","inLanguage":"hu","@id":"https:\/\/blog.glutenmenteschef.hu\/#\/schema\/person\/image\/","url":"https:\/\/secure.gravatar.com\/avatar\/363a4977321cb6fa3321b7ac93139b68e56af77880ae9fd5a3b2e7a8279f6d74?s=96&d=mm&r=g","contentUrl":"https:\/\/secure.gravatar.com\/avatar\/363a4977321cb6fa3321b7ac93139b68e56af77880ae9fd5a3b2e7a8279f6d74?s=96&d=mm&r=g","caption":"gmchef"},"logo":{"@id":"https:\/\/blog.glutenmenteschef.hu\/#\/schema\/person\/image\/"},"sameAs":["https:\/\/www.facebook.com\/aglutenmentessef"]}]}},"_links":{"self":[{"href":"http:\/\/blog.glutenmenteschef.hu\/index.php\/wp-json\/wp\/v2\/posts\/431","targetHints":{"allow":["GET"]}}],"collection":[{"href":"http:\/\/blog.glutenmenteschef.hu\/index.php\/wp-json\/wp\/v2\/posts"}],"about":[{"href":"http:\/\/blog.glutenmenteschef.hu\/index.php\/wp-json\/wp\/v2\/types\/post"}],"author":[{"embeddable":true,"href":"http:\/\/blog.glutenmenteschef.hu\/index.php\/wp-json\/wp\/v2\/users\/1"}],"replies":[{"embeddable":true,"href":"http:\/\/blog.glutenmenteschef.hu\/index.php\/wp-json\/wp\/v2\/comments?post=431"}],"version-history":[{"count":0,"href":"http:\/\/blog.glutenmenteschef.hu\/index.php\/wp-json\/wp\/v2\/posts\/431\/revisions"}],"wp:featuredmedia":[{"embeddable":true,"href":"http:\/\/blog.glutenmenteschef.hu\/index.php\/wp-json\/wp\/v2\/media\/29978"}],"wp:attachment":[{"href":"http:\/\/blog.glutenmenteschef.hu\/index.php\/wp-json\/wp\/v2\/media?parent=431"}],"wp:term":[{"taxonomy":"category","embeddable":true,"href":"http:\/\/blog.glutenmenteschef.hu\/index.php\/wp-json\/wp\/v2\/categories?post=431"},{"taxonomy":"post_tag","embeddable":true,"href":"http:\/\/blog.glutenmenteschef.hu\/index.php\/wp-json\/wp\/v2\/tags?post=431"}],"curies":[{"name":"wp","href":"https:\/\/api.w.org\/{rel}","templated":true}]}}