{"id":391,"date":"2017-06-18T18:55:32","date_gmt":"2017-06-18T18:55:32","guid":{"rendered":"http:\/\/blog.glutenmenteschef.hu\/?p=391"},"modified":"2018-07-04T17:29:21","modified_gmt":"2018-07-04T17:29:21","slug":"pite-es-linzerkarika-teff-sutemenylisztbol","status":"publish","type":"post","link":"http:\/\/blog.glutenmenteschef.hu\/index.php\/2017\/06\/18\/pite-es-linzerkarika-teff-sutemenylisztbol\/","title":{"rendered":"PITE \u00c9S LINZERKARIKA TEFF S\u00dcTEM\u00c9NYLISZTB\u0150L"},"content":{"rendered":"<h2 style=\"text-align: center;\">Pite \u00e9s Linzerkarika Teff s\u00fctem\u00e9nylisztb\u0151l<\/h2>\n<p><img loading=\"lazy\" decoding=\"async\" class=\"size-medium wp-image-392 aligncenter\" src=\"http:\/\/blog.glutenmenteschef.hu\/wp-content\/uploads\/2017\/06\/t\u00far\u00f3s-\u00e9s-meggyes-pite-3-300x241.jpg\" alt=\"\" width=\"300\" height=\"241\" srcset=\"http:\/\/blog.glutenmenteschef.hu\/wp-content\/uploads\/2017\/06\/t\u00far\u00f3s-\u00e9s-meggyes-pite-3-300x241.jpg 300w, http:\/\/blog.glutenmenteschef.hu\/wp-content\/uploads\/2017\/06\/t\u00far\u00f3s-\u00e9s-meggyes-pite-3-768x618.jpg 768w\" sizes=\"auto, (max-width: 300px) 100vw, 300px\" \/><\/p>\n<p style=\"text-align: center;\">Linzer t\u00e9szta hozz\u00e1val\u00f3i:<br \/>\n30 dkg TEFF s\u00fctem\u00e9nyliszt<br \/>\n20 dkg vaj<br \/>\n10 dkg cukor<br \/>\n1 db toj\u00e1s<\/p>\n<p>A t\u00far\u00f3t\u00f6ltel\u00e9k:<br \/>\nA t\u00far\u00f3t lecukrozzuk, majd 20 percig \u00e1llni hagyjuk. Ezut\u00e1n \u00e1tt\u00f6rj\u00fck \u00e9s hozz\u00e1keverj\u00fck a t\u00f6bbi hozz\u00e1val\u00f3t, a van\u00edli\u00e1s cukrot, a citrom \u00e9s narancs reszelt h\u00e9j\u00e1t \u00e9s a burgonyapelyhet.<\/p>\n<p>&nbsp;<\/p>\n<p><img loading=\"lazy\" decoding=\"async\" class=\"size-medium wp-image-393 aligncenter\" src=\"http:\/\/blog.glutenmenteschef.hu\/wp-content\/uploads\/2017\/06\/t\u00far\u00f3s-pite-1-300x225.jpg\" alt=\"\" width=\"300\" height=\"225\" srcset=\"http:\/\/blog.glutenmenteschef.hu\/wp-content\/uploads\/2017\/06\/t\u00far\u00f3s-pite-1-300x225.jpg 300w, http:\/\/blog.glutenmenteschef.hu\/wp-content\/uploads\/2017\/06\/t\u00far\u00f3s-pite-1-768x576.jpg 768w\" sizes=\"auto, (max-width: 300px) 100vw, 300px\" \/><\/p>\n<p>A meggyt\u00f6ltel\u00e9k:<br \/>\nA meggyet megmossuk, kimagozzuk. Cukorral, van\u00edli\u00e1s cukorral \u00e9s fah\u00e9jjal megsz\u00f3rjuk. Ha levet eresztett burgonyapelyhet adunk hozz\u00e1 \u00e9s \u00f6sszekeverj\u00fck.<\/p>\n<p>&nbsp;<\/p>\n<p><img loading=\"lazy\" decoding=\"async\" class=\"size-medium wp-image-394 aligncenter\" src=\"http:\/\/blog.glutenmenteschef.hu\/wp-content\/uploads\/2017\/06\/meggyes-pite-1-300x225.jpg\" alt=\"\" width=\"300\" height=\"225\" \/><\/p>\n<p style=\"text-align: left;\">A pite t\u00e9szta elk\u00e9sz\u00edt\u00e9se:<br \/>\n2l t\u00e1lba az alapanyagokat egynem\u0171 t\u00e9szt\u00e1v\u00e1 gy\u00farjuk.<br \/>\nH\u0171t\u0151ben 20 percig pihentetj\u00fck f\u00f3li\u00e1val lefedve, majd lisztezett deszk\u00e1n 5 mm vastagra kiny\u00fajtjuk. A piteform\u00e1n\u00e1l nagyobb m\u00e9ret\u0171 kisz\u00far\u00f3val, k\u00f6r\u00f6ket v\u00e1gunk ki \u00e9s \u00f3vatosan megemelve a kis form\u00e1ba helyezz\u00fck \u00e9s finoman belenyomkodjuk.<br \/>\n<span class=\"text_exposed_show\">( Pr\u00f3b\u00e1ljunk min\u00e9l gyorsabban dolgozni, mert ahogy a t\u00e9szta \u00e9s benne a vaj melegszik, \u00fagy lesz nehezen kezelhet\u0151. Ilyenkor gy\u00farjuk \u00f6ssze \u00fajb\u00f3l \u00e9s tegy\u00fck vissza a h\u0171t\u0151be, am\u00edg a vaj visszaszil\u00e1rdul a t\u00e9szt\u00e1ban, majd folytassuk a munk\u00e1t. )<\/span><br \/>\nA marad\u00e9k t\u00e9szt\u00e1t \u00f6sszegy\u00farjuk \u00e9s folpackba csavarva visszatessz\u00fck a h\u0171t\u0151be. Ebb\u0151l lesz a r\u00e1csoz\u00e1s-d\u00edsz\u00edt\u00e9s.<\/p>\n<p><img loading=\"lazy\" decoding=\"async\" class=\"size-medium wp-image-304 aligncenter\" src=\"http:\/\/blog.glutenmenteschef.hu\/wp-content\/uploads\/2017\/05\/Untitled-3-300x225.jpg\" alt=\"\" width=\"300\" height=\"225\" srcset=\"http:\/\/blog.glutenmenteschef.hu\/wp-content\/uploads\/2017\/05\/Untitled-3-300x225.jpg 300w, http:\/\/blog.glutenmenteschef.hu\/wp-content\/uploads\/2017\/05\/Untitled-3-768x576.jpg 768w\" sizes=\"auto, (max-width: 300px) 100vw, 300px\" \/><br \/>\nA t\u00e9szta alj\u00e1t megszurk\u00e1ljuk \u00e9s 10 percig 160 fokon el\u0151s\u00fctj\u00fck.<br \/>\nHa kih\u0171lt, egy habzs\u00e1k seg\u00edts\u00e9g\u00e9vel megt\u00f6ltj\u00fck a form\u00e1kat a t\u00far\u00f3val vagy a meggyel. A h\u0171t\u0151be f\u00e9lretett t\u00e9szt\u00e1t kiny\u00fajtjuk \u00e9s derelyev\u00e1g\u00f3 seg\u00edts\u00e9g\u00e9vel v\u00e9kony cs\u00edkokat v\u00e1gunk, amivel ber\u00e1csozzuk a tort\u00e1csk\u00e1k tetej\u00e9t. Csillag vagy vir\u00e1g alak\u00fa kisz\u00far\u00f3val is k\u00e9sz\u00edthet\u00fcnk d\u00edsz\u00edt\u00e9st a tetej\u00e9re. Toj\u00e1ssal megkenj\u00fck a tetej\u00e9t \u00e9s 180 fokra meleg\u00edtett s\u00fct\u0151ben als\u00f3-fels\u0151 s\u00fct\u00e9ssel 15-20 perc alatt k\u00e9szre s\u00fctj\u00fck.<\/p>\n<p><img loading=\"lazy\" decoding=\"async\" class=\"size-medium wp-image-395 aligncenter\" src=\"http:\/\/blog.glutenmenteschef.hu\/wp-content\/uploads\/2017\/06\/t\u00far\u00f3s-\u00e9s-meggyes-pite-300x225.jpg\" alt=\"\" width=\"300\" height=\"225\" srcset=\"http:\/\/blog.glutenmenteschef.hu\/wp-content\/uploads\/2017\/06\/t\u00far\u00f3s-\u00e9s-meggyes-pite-300x225.jpg 300w, http:\/\/blog.glutenmenteschef.hu\/wp-content\/uploads\/2017\/06\/t\u00far\u00f3s-\u00e9s-meggyes-pite-768x576.jpg 768w\" sizes=\"auto, (max-width: 300px) 100vw, 300px\" \/><\/p>\n<p>A linzerkarika elk\u00e9sz\u00edt\u00e9se:<\/p>\n<p><img loading=\"lazy\" decoding=\"async\" class=\"size-medium wp-image-396 aligncenter\" src=\"http:\/\/blog.glutenmenteschef.hu\/wp-content\/uploads\/2017\/06\/linzerkarika-300x225.jpg\" alt=\"\" width=\"300\" height=\"225\" srcset=\"http:\/\/blog.glutenmenteschef.hu\/wp-content\/uploads\/2017\/06\/linzerkarika-300x225.jpg 300w, http:\/\/blog.glutenmenteschef.hu\/wp-content\/uploads\/2017\/06\/linzerkarika-768x576.jpg 768w\" sizes=\"auto, (max-width: 300px) 100vw, 300px\" \/><br \/>\nA t\u00e9szt\u00e1t kiny\u00fajtjuk kb. 4-5 mm vastags\u00e1g\u00fara \u00e9s kisz\u00far\u00f3 form\u00e1val vir\u00e1g vagy csillag alak\u00fa t\u00e9szt\u00e1kat v\u00e1gunk ki bel\u0151le. \u00dcgyelj\u00fcnk, hogy p\u00e1ros\u00e1val legyenek. Minden m\u00e1sodiknak egy kisebb form\u00e1val kisz\u00farjuk a k\u00f6zep\u00e9t.\u00a0 Toj\u00e1ssal megkenj\u00fck a tetej\u00e9t \u00e9s a 180 fokra el\u0151meleg\u00edtett s\u00fct\u0151ben kb. 5-6 perc alatt k\u00e9szre s\u00fctj\u00fck. Hagyjuk kih\u0171lni, majd lekv\u00e1rral megkenve a teli t\u00e9szt\u00e1t \u00f6sszetapasztjuk a lyukas tetej\u00e9vel.<\/p>\n<p><img loading=\"lazy\" decoding=\"async\" class=\"alignnone size-large wp-image-397\" src=\"http:\/\/blog.glutenmenteschef.hu\/wp-content\/uploads\/2017\/06\/t\u00far\u00f3s-\u00e9s-meggyes-pite-2-4000x3000.jpg\" alt=\"\" width=\"474\" height=\"356\" srcset=\"http:\/\/blog.glutenmenteschef.hu\/wp-content\/uploads\/2017\/06\/t\u00far\u00f3s-\u00e9s-meggyes-pite-2-4000x3000.jpg 4000w, http:\/\/blog.glutenmenteschef.hu\/wp-content\/uploads\/2017\/06\/t\u00far\u00f3s-\u00e9s-meggyes-pite-2-300x225.jpg 300w, http:\/\/blog.glutenmenteschef.hu\/wp-content\/uploads\/2017\/06\/t\u00far\u00f3s-\u00e9s-meggyes-pite-2-768x576.jpg 768w\" sizes=\"auto, (max-width: 474px) 100vw, 474px\" \/><\/p>\n","protected":false},"excerpt":{"rendered":"<p>Pite \u00e9s Linzerkarika Teff s\u00fctem\u00e9nylisztb\u0151l Linzer t\u00e9szta hozz\u00e1val\u00f3i: 30 dkg TEFF s\u00fctem\u00e9nyliszt 20 dkg vaj 10 dkg cukor 1 db toj\u00e1s A t\u00far\u00f3t\u00f6ltel\u00e9k: A t\u00far\u00f3t lecukrozzuk, majd 20 percig \u00e1llni hagyjuk. Ezut\u00e1n \u00e1tt\u00f6rj\u00fck \u00e9s hozz\u00e1keverj\u00fck a t\u00f6bbi hozz\u00e1val\u00f3t, a van\u00edli\u00e1s cukrot, a citrom \u00e9s narancs reszelt h\u00e9j\u00e1t \u00e9s a burgonyapelyhet. &nbsp; A meggyt\u00f6ltel\u00e9k: A meggyet <br \/><a class=\"more\" href=\"http:\/\/blog.glutenmenteschef.hu\/index.php\/2017\/06\/18\/pite-es-linzerkarika-teff-sutemenylisztbol\/\">Read more&#8230; <\/a><\/p>\n","protected":false},"author":1,"featured_media":394,"comment_status":"open","ping_status":"open","sticky":false,"template":"","format":"standard","meta":{"footnotes":""},"categories":[27],"tags":[100,41,178,153],"class_list":["post-391","post","type-post","status-publish","format-standard","has-post-thumbnail","hentry","category-desszert","tag-glutenmentes-linzer","tag-glutenmentes-linzer-teszta","tag-linzer-teff-lisztbol","tag-teff-liszt"],"yoast_head":"<!-- This site is optimized with the Yoast SEO plugin v26.5 - https:\/\/yoast.com\/wordpress\/plugins\/seo\/ -->\n<title>PITE \u00c9S LINZERKARIKA TEFF S\u00dcTEM\u00c9NYLISZTB\u0150L &#8211; Glut\u00e9nmentes Chef blog - \u00c1tol Tibor<\/title>\n<meta name=\"robots\" content=\"index, follow, max-snippet:-1, max-image-preview:large, max-video-preview:-1\" \/>\n<link rel=\"canonical\" href=\"http:\/\/blog.glutenmenteschef.hu\/index.php\/2017\/06\/18\/pite-es-linzerkarika-teff-sutemenylisztbol\/\" \/>\n<meta property=\"og:locale\" content=\"hu_HU\" \/>\n<meta property=\"og:type\" content=\"article\" \/>\n<meta property=\"og:title\" content=\"PITE \u00c9S LINZERKARIKA TEFF S\u00dcTEM\u00c9NYLISZTB\u0150L &#8211; Glut\u00e9nmentes Chef blog - \u00c1tol Tibor\" \/>\n<meta property=\"og:description\" content=\"Pite \u00e9s Linzerkarika Teff s\u00fctem\u00e9nylisztb\u0151l Linzer t\u00e9szta hozz\u00e1val\u00f3i: 30 dkg TEFF s\u00fctem\u00e9nyliszt 20 dkg vaj 10 dkg cukor 1 db toj\u00e1s A t\u00far\u00f3t\u00f6ltel\u00e9k: A t\u00far\u00f3t lecukrozzuk, majd 20 percig \u00e1llni hagyjuk. Ezut\u00e1n \u00e1tt\u00f6rj\u00fck \u00e9s hozz\u00e1keverj\u00fck a t\u00f6bbi hozz\u00e1val\u00f3t, a van\u00edli\u00e1s cukrot, a citrom \u00e9s narancs reszelt h\u00e9j\u00e1t \u00e9s a burgonyapelyhet. &nbsp; A meggyt\u00f6ltel\u00e9k: A meggyet Read more...\" \/>\n<meta property=\"og:url\" content=\"http:\/\/blog.glutenmenteschef.hu\/index.php\/2017\/06\/18\/pite-es-linzerkarika-teff-sutemenylisztbol\/\" \/>\n<meta property=\"og:site_name\" content=\"Glut\u00e9nmentes Chef blog - \u00c1tol Tibor\" \/>\n<meta property=\"article:publisher\" content=\"https:\/\/www.facebook.com\/aglutenmentessef\" \/>\n<meta property=\"article:author\" content=\"https:\/\/www.facebook.com\/aglutenmentessef\" \/>\n<meta property=\"article:published_time\" content=\"2017-06-18T18:55:32+00:00\" \/>\n<meta property=\"article:modified_time\" content=\"2018-07-04T17:29:21+00:00\" \/>\n<meta property=\"og:image\" content=\"http:\/\/blog.glutenmenteschef.hu\/wp-content\/uploads\/2017\/06\/t\u00far\u00f3s-\u00e9s-meggyes-pite-3.jpg\" \/>\n\t<meta property=\"og:image:width\" content=\"4298\" \/>\n\t<meta property=\"og:image:height\" content=\"3456\" \/>\n\t<meta property=\"og:image:type\" content=\"image\/jpeg\" \/>\n<meta name=\"author\" content=\"gmchef\" \/>\n<meta name=\"twitter:card\" content=\"summary_large_image\" \/>\n<meta name=\"twitter:label1\" content=\"Szerz\u0151:\" \/>\n\t<meta name=\"twitter:data1\" content=\"gmchef\" \/>\n\t<meta name=\"twitter:label2\" content=\"Becs\u00fclt olvas\u00e1si id\u0151\" \/>\n\t<meta name=\"twitter:data2\" content=\"2 perc\" \/>\n<script type=\"application\/ld+json\" class=\"yoast-schema-graph\">{\"@context\":\"https:\/\/schema.org\",\"@graph\":[{\"@type\":\"Article\",\"@id\":\"http:\/\/blog.glutenmenteschef.hu\/index.php\/2017\/06\/18\/pite-es-linzerkarika-teff-sutemenylisztbol\/#article\",\"isPartOf\":{\"@id\":\"http:\/\/blog.glutenmenteschef.hu\/index.php\/2017\/06\/18\/pite-es-linzerkarika-teff-sutemenylisztbol\/\"},\"author\":{\"name\":\"gmchef\",\"@id\":\"https:\/\/blog.glutenmenteschef.hu\/#\/schema\/person\/c07613f0b6c0f12f90b8cb23cf32754a\"},\"headline\":\"PITE \u00c9S LINZERKARIKA TEFF S\u00dcTEM\u00c9NYLISZTB\u0150L\",\"datePublished\":\"2017-06-18T18:55:32+00:00\",\"dateModified\":\"2018-07-04T17:29:21+00:00\",\"mainEntityOfPage\":{\"@id\":\"http:\/\/blog.glutenmenteschef.hu\/index.php\/2017\/06\/18\/pite-es-linzerkarika-teff-sutemenylisztbol\/\"},\"wordCount\":466,\"commentCount\":0,\"publisher\":{\"@id\":\"https:\/\/blog.glutenmenteschef.hu\/#\/schema\/person\/c07613f0b6c0f12f90b8cb23cf32754a\"},\"image\":{\"@id\":\"http:\/\/blog.glutenmenteschef.hu\/index.php\/2017\/06\/18\/pite-es-linzerkarika-teff-sutemenylisztbol\/#primaryimage\"},\"thumbnailUrl\":\"http:\/\/blog.glutenmenteschef.hu\/wp-content\/uploads\/2017\/06\/meggyes-pite-1-e1515343609341.jpg\",\"keywords\":[\"glut\u00e9nmentes linzer\",\"glut\u00e9nmentes linzer t\u00e9szta\",\"linzer Teff lisztb\u0151l\",\"teff liszt\"],\"articleSection\":[\"Desszert-S\u00fctem\u00e9ny\"],\"inLanguage\":\"hu\",\"potentialAction\":[{\"@type\":\"CommentAction\",\"name\":\"Comment\",\"target\":[\"http:\/\/blog.glutenmenteschef.hu\/index.php\/2017\/06\/18\/pite-es-linzerkarika-teff-sutemenylisztbol\/#respond\"]}]},{\"@type\":\"WebPage\",\"@id\":\"http:\/\/blog.glutenmenteschef.hu\/index.php\/2017\/06\/18\/pite-es-linzerkarika-teff-sutemenylisztbol\/\",\"url\":\"http:\/\/blog.glutenmenteschef.hu\/index.php\/2017\/06\/18\/pite-es-linzerkarika-teff-sutemenylisztbol\/\",\"name\":\"PITE \u00c9S LINZERKARIKA TEFF S\u00dcTEM\u00c9NYLISZTB\u0150L &#8211; Glut\u00e9nmentes Chef blog - \u00c1tol Tibor\",\"isPartOf\":{\"@id\":\"https:\/\/blog.glutenmenteschef.hu\/#website\"},\"primaryImageOfPage\":{\"@id\":\"http:\/\/blog.glutenmenteschef.hu\/index.php\/2017\/06\/18\/pite-es-linzerkarika-teff-sutemenylisztbol\/#primaryimage\"},\"image\":{\"@id\":\"http:\/\/blog.glutenmenteschef.hu\/index.php\/2017\/06\/18\/pite-es-linzerkarika-teff-sutemenylisztbol\/#primaryimage\"},\"thumbnailUrl\":\"http:\/\/blog.glutenmenteschef.hu\/wp-content\/uploads\/2017\/06\/meggyes-pite-1-e1515343609341.jpg\",\"datePublished\":\"2017-06-18T18:55:32+00:00\",\"dateModified\":\"2018-07-04T17:29:21+00:00\",\"breadcrumb\":{\"@id\":\"http:\/\/blog.glutenmenteschef.hu\/index.php\/2017\/06\/18\/pite-es-linzerkarika-teff-sutemenylisztbol\/#breadcrumb\"},\"inLanguage\":\"hu\",\"potentialAction\":[{\"@type\":\"ReadAction\",\"target\":[\"http:\/\/blog.glutenmenteschef.hu\/index.php\/2017\/06\/18\/pite-es-linzerkarika-teff-sutemenylisztbol\/\"]}]},{\"@type\":\"ImageObject\",\"inLanguage\":\"hu\",\"@id\":\"http:\/\/blog.glutenmenteschef.hu\/index.php\/2017\/06\/18\/pite-es-linzerkarika-teff-sutemenylisztbol\/#primaryimage\",\"url\":\"http:\/\/blog.glutenmenteschef.hu\/wp-content\/uploads\/2017\/06\/meggyes-pite-1-e1515343609341.jpg\",\"contentUrl\":\"http:\/\/blog.glutenmenteschef.hu\/wp-content\/uploads\/2017\/06\/meggyes-pite-1-e1515343609341.jpg\",\"width\":900,\"height\":675},{\"@type\":\"BreadcrumbList\",\"@id\":\"http:\/\/blog.glutenmenteschef.hu\/index.php\/2017\/06\/18\/pite-es-linzerkarika-teff-sutemenylisztbol\/#breadcrumb\",\"itemListElement\":[{\"@type\":\"ListItem\",\"position\":1,\"name\":\"Home\",\"item\":\"https:\/\/blog.glutenmenteschef.hu\/\"},{\"@type\":\"ListItem\",\"position\":2,\"name\":\"PITE \u00c9S LINZERKARIKA TEFF S\u00dcTEM\u00c9NYLISZTB\u0150L\"}]},{\"@type\":\"WebSite\",\"@id\":\"https:\/\/blog.glutenmenteschef.hu\/#website\",\"url\":\"https:\/\/blog.glutenmenteschef.hu\/\",\"name\":\"Glut\u00e9nmentes Chef blog - \u00c1tol Tibor\",\"description\":\"Glut\u00e9nmentes \u00e9telek, glut\u00e9nmentes receptek, glut\u00e9nmentes vide\u00f3k\",\"publisher\":{\"@id\":\"https:\/\/blog.glutenmenteschef.hu\/#\/schema\/person\/c07613f0b6c0f12f90b8cb23cf32754a\"},\"potentialAction\":[{\"@type\":\"SearchAction\",\"target\":{\"@type\":\"EntryPoint\",\"urlTemplate\":\"https:\/\/blog.glutenmenteschef.hu\/?s={search_term_string}\"},\"query-input\":{\"@type\":\"PropertyValueSpecification\",\"valueRequired\":true,\"valueName\":\"search_term_string\"}}],\"inLanguage\":\"hu\"},{\"@type\":[\"Person\",\"Organization\"],\"@id\":\"https:\/\/blog.glutenmenteschef.hu\/#\/schema\/person\/c07613f0b6c0f12f90b8cb23cf32754a\",\"name\":\"gmchef\",\"image\":{\"@type\":\"ImageObject\",\"inLanguage\":\"hu\",\"@id\":\"https:\/\/blog.glutenmenteschef.hu\/#\/schema\/person\/image\/\",\"url\":\"https:\/\/secure.gravatar.com\/avatar\/363a4977321cb6fa3321b7ac93139b68e56af77880ae9fd5a3b2e7a8279f6d74?s=96&d=mm&r=g\",\"contentUrl\":\"https:\/\/secure.gravatar.com\/avatar\/363a4977321cb6fa3321b7ac93139b68e56af77880ae9fd5a3b2e7a8279f6d74?s=96&d=mm&r=g\",\"caption\":\"gmchef\"},\"logo\":{\"@id\":\"https:\/\/blog.glutenmenteschef.hu\/#\/schema\/person\/image\/\"},\"sameAs\":[\"https:\/\/www.facebook.com\/aglutenmentessef\"]}]}<\/script>\n<!-- \/ Yoast SEO plugin. -->","yoast_head_json":{"title":"PITE \u00c9S LINZERKARIKA TEFF S\u00dcTEM\u00c9NYLISZTB\u0150L &#8211; Glut\u00e9nmentes Chef blog - \u00c1tol Tibor","robots":{"index":"index","follow":"follow","max-snippet":"max-snippet:-1","max-image-preview":"max-image-preview:large","max-video-preview":"max-video-preview:-1"},"canonical":"http:\/\/blog.glutenmenteschef.hu\/index.php\/2017\/06\/18\/pite-es-linzerkarika-teff-sutemenylisztbol\/","og_locale":"hu_HU","og_type":"article","og_title":"PITE \u00c9S LINZERKARIKA TEFF S\u00dcTEM\u00c9NYLISZTB\u0150L &#8211; Glut\u00e9nmentes Chef blog - \u00c1tol Tibor","og_description":"Pite \u00e9s Linzerkarika Teff s\u00fctem\u00e9nylisztb\u0151l Linzer t\u00e9szta hozz\u00e1val\u00f3i: 30 dkg TEFF s\u00fctem\u00e9nyliszt 20 dkg vaj 10 dkg cukor 1 db toj\u00e1s A t\u00far\u00f3t\u00f6ltel\u00e9k: A t\u00far\u00f3t lecukrozzuk, majd 20 percig \u00e1llni hagyjuk. Ezut\u00e1n \u00e1tt\u00f6rj\u00fck \u00e9s hozz\u00e1keverj\u00fck a t\u00f6bbi hozz\u00e1val\u00f3t, a van\u00edli\u00e1s cukrot, a citrom \u00e9s narancs reszelt h\u00e9j\u00e1t \u00e9s a burgonyapelyhet. &nbsp; A meggyt\u00f6ltel\u00e9k: A meggyet Read more...","og_url":"http:\/\/blog.glutenmenteschef.hu\/index.php\/2017\/06\/18\/pite-es-linzerkarika-teff-sutemenylisztbol\/","og_site_name":"Glut\u00e9nmentes Chef blog - \u00c1tol Tibor","article_publisher":"https:\/\/www.facebook.com\/aglutenmentessef","article_author":"https:\/\/www.facebook.com\/aglutenmentessef","article_published_time":"2017-06-18T18:55:32+00:00","article_modified_time":"2018-07-04T17:29:21+00:00","og_image":[{"width":4298,"height":3456,"url":"http:\/\/blog.glutenmenteschef.hu\/wp-content\/uploads\/2017\/06\/t\u00far\u00f3s-\u00e9s-meggyes-pite-3.jpg","type":"image\/jpeg"}],"author":"gmchef","twitter_card":"summary_large_image","twitter_misc":{"Szerz\u0151:":"gmchef","Becs\u00fclt olvas\u00e1si id\u0151":"2 perc"},"schema":{"@context":"https:\/\/schema.org","@graph":[{"@type":"Article","@id":"http:\/\/blog.glutenmenteschef.hu\/index.php\/2017\/06\/18\/pite-es-linzerkarika-teff-sutemenylisztbol\/#article","isPartOf":{"@id":"http:\/\/blog.glutenmenteschef.hu\/index.php\/2017\/06\/18\/pite-es-linzerkarika-teff-sutemenylisztbol\/"},"author":{"name":"gmchef","@id":"https:\/\/blog.glutenmenteschef.hu\/#\/schema\/person\/c07613f0b6c0f12f90b8cb23cf32754a"},"headline":"PITE \u00c9S LINZERKARIKA TEFF S\u00dcTEM\u00c9NYLISZTB\u0150L","datePublished":"2017-06-18T18:55:32+00:00","dateModified":"2018-07-04T17:29:21+00:00","mainEntityOfPage":{"@id":"http:\/\/blog.glutenmenteschef.hu\/index.php\/2017\/06\/18\/pite-es-linzerkarika-teff-sutemenylisztbol\/"},"wordCount":466,"commentCount":0,"publisher":{"@id":"https:\/\/blog.glutenmenteschef.hu\/#\/schema\/person\/c07613f0b6c0f12f90b8cb23cf32754a"},"image":{"@id":"http:\/\/blog.glutenmenteschef.hu\/index.php\/2017\/06\/18\/pite-es-linzerkarika-teff-sutemenylisztbol\/#primaryimage"},"thumbnailUrl":"http:\/\/blog.glutenmenteschef.hu\/wp-content\/uploads\/2017\/06\/meggyes-pite-1-e1515343609341.jpg","keywords":["glut\u00e9nmentes linzer","glut\u00e9nmentes linzer t\u00e9szta","linzer Teff lisztb\u0151l","teff liszt"],"articleSection":["Desszert-S\u00fctem\u00e9ny"],"inLanguage":"hu","potentialAction":[{"@type":"CommentAction","name":"Comment","target":["http:\/\/blog.glutenmenteschef.hu\/index.php\/2017\/06\/18\/pite-es-linzerkarika-teff-sutemenylisztbol\/#respond"]}]},{"@type":"WebPage","@id":"http:\/\/blog.glutenmenteschef.hu\/index.php\/2017\/06\/18\/pite-es-linzerkarika-teff-sutemenylisztbol\/","url":"http:\/\/blog.glutenmenteschef.hu\/index.php\/2017\/06\/18\/pite-es-linzerkarika-teff-sutemenylisztbol\/","name":"PITE \u00c9S LINZERKARIKA TEFF S\u00dcTEM\u00c9NYLISZTB\u0150L &#8211; Glut\u00e9nmentes Chef blog - \u00c1tol Tibor","isPartOf":{"@id":"https:\/\/blog.glutenmenteschef.hu\/#website"},"primaryImageOfPage":{"@id":"http:\/\/blog.glutenmenteschef.hu\/index.php\/2017\/06\/18\/pite-es-linzerkarika-teff-sutemenylisztbol\/#primaryimage"},"image":{"@id":"http:\/\/blog.glutenmenteschef.hu\/index.php\/2017\/06\/18\/pite-es-linzerkarika-teff-sutemenylisztbol\/#primaryimage"},"thumbnailUrl":"http:\/\/blog.glutenmenteschef.hu\/wp-content\/uploads\/2017\/06\/meggyes-pite-1-e1515343609341.jpg","datePublished":"2017-06-18T18:55:32+00:00","dateModified":"2018-07-04T17:29:21+00:00","breadcrumb":{"@id":"http:\/\/blog.glutenmenteschef.hu\/index.php\/2017\/06\/18\/pite-es-linzerkarika-teff-sutemenylisztbol\/#breadcrumb"},"inLanguage":"hu","potentialAction":[{"@type":"ReadAction","target":["http:\/\/blog.glutenmenteschef.hu\/index.php\/2017\/06\/18\/pite-es-linzerkarika-teff-sutemenylisztbol\/"]}]},{"@type":"ImageObject","inLanguage":"hu","@id":"http:\/\/blog.glutenmenteschef.hu\/index.php\/2017\/06\/18\/pite-es-linzerkarika-teff-sutemenylisztbol\/#primaryimage","url":"http:\/\/blog.glutenmenteschef.hu\/wp-content\/uploads\/2017\/06\/meggyes-pite-1-e1515343609341.jpg","contentUrl":"http:\/\/blog.glutenmenteschef.hu\/wp-content\/uploads\/2017\/06\/meggyes-pite-1-e1515343609341.jpg","width":900,"height":675},{"@type":"BreadcrumbList","@id":"http:\/\/blog.glutenmenteschef.hu\/index.php\/2017\/06\/18\/pite-es-linzerkarika-teff-sutemenylisztbol\/#breadcrumb","itemListElement":[{"@type":"ListItem","position":1,"name":"Home","item":"https:\/\/blog.glutenmenteschef.hu\/"},{"@type":"ListItem","position":2,"name":"PITE \u00c9S LINZERKARIKA TEFF S\u00dcTEM\u00c9NYLISZTB\u0150L"}]},{"@type":"WebSite","@id":"https:\/\/blog.glutenmenteschef.hu\/#website","url":"https:\/\/blog.glutenmenteschef.hu\/","name":"Glut\u00e9nmentes Chef blog - \u00c1tol Tibor","description":"Glut\u00e9nmentes \u00e9telek, glut\u00e9nmentes receptek, glut\u00e9nmentes vide\u00f3k","publisher":{"@id":"https:\/\/blog.glutenmenteschef.hu\/#\/schema\/person\/c07613f0b6c0f12f90b8cb23cf32754a"},"potentialAction":[{"@type":"SearchAction","target":{"@type":"EntryPoint","urlTemplate":"https:\/\/blog.glutenmenteschef.hu\/?s={search_term_string}"},"query-input":{"@type":"PropertyValueSpecification","valueRequired":true,"valueName":"search_term_string"}}],"inLanguage":"hu"},{"@type":["Person","Organization"],"@id":"https:\/\/blog.glutenmenteschef.hu\/#\/schema\/person\/c07613f0b6c0f12f90b8cb23cf32754a","name":"gmchef","image":{"@type":"ImageObject","inLanguage":"hu","@id":"https:\/\/blog.glutenmenteschef.hu\/#\/schema\/person\/image\/","url":"https:\/\/secure.gravatar.com\/avatar\/363a4977321cb6fa3321b7ac93139b68e56af77880ae9fd5a3b2e7a8279f6d74?s=96&d=mm&r=g","contentUrl":"https:\/\/secure.gravatar.com\/avatar\/363a4977321cb6fa3321b7ac93139b68e56af77880ae9fd5a3b2e7a8279f6d74?s=96&d=mm&r=g","caption":"gmchef"},"logo":{"@id":"https:\/\/blog.glutenmenteschef.hu\/#\/schema\/person\/image\/"},"sameAs":["https:\/\/www.facebook.com\/aglutenmentessef"]}]}},"_links":{"self":[{"href":"http:\/\/blog.glutenmenteschef.hu\/index.php\/wp-json\/wp\/v2\/posts\/391","targetHints":{"allow":["GET"]}}],"collection":[{"href":"http:\/\/blog.glutenmenteschef.hu\/index.php\/wp-json\/wp\/v2\/posts"}],"about":[{"href":"http:\/\/blog.glutenmenteschef.hu\/index.php\/wp-json\/wp\/v2\/types\/post"}],"author":[{"embeddable":true,"href":"http:\/\/blog.glutenmenteschef.hu\/index.php\/wp-json\/wp\/v2\/users\/1"}],"replies":[{"embeddable":true,"href":"http:\/\/blog.glutenmenteschef.hu\/index.php\/wp-json\/wp\/v2\/comments?post=391"}],"version-history":[{"count":0,"href":"http:\/\/blog.glutenmenteschef.hu\/index.php\/wp-json\/wp\/v2\/posts\/391\/revisions"}],"wp:featuredmedia":[{"embeddable":true,"href":"http:\/\/blog.glutenmenteschef.hu\/index.php\/wp-json\/wp\/v2\/media\/394"}],"wp:attachment":[{"href":"http:\/\/blog.glutenmenteschef.hu\/index.php\/wp-json\/wp\/v2\/media?parent=391"}],"wp:term":[{"taxonomy":"category","embeddable":true,"href":"http:\/\/blog.glutenmenteschef.hu\/index.php\/wp-json\/wp\/v2\/categories?post=391"},{"taxonomy":"post_tag","embeddable":true,"href":"http:\/\/blog.glutenmenteschef.hu\/index.php\/wp-json\/wp\/v2\/tags?post=391"}],"curies":[{"name":"wp","href":"https:\/\/api.w.org\/{rel}","templated":true}]}}