{"id":363,"date":"2017-06-10T17:05:20","date_gmt":"2017-06-10T17:05:20","guid":{"rendered":"http:\/\/blog.glutenmenteschef.hu\/?p=363"},"modified":"2018-02-05T09:46:19","modified_gmt":"2018-02-05T09:46:19","slug":"rantott-padlizsan-paradicsom-szosszal-es-3-fele-sajttal","status":"publish","type":"post","link":"http:\/\/blog.glutenmenteschef.hu\/index.php\/2017\/06\/10\/rantott-padlizsan-paradicsom-szosszal-es-3-fele-sajttal\/","title":{"rendered":"R\u00c1NTOTT PADLIZS\u00c1N PARADICSOM SZ\u00d3SSZAL \u00c9S 3 F\u00c9LE SAJTTAL"},"content":{"rendered":"<h2 style=\"text-align: center;\">R\u00e1ntott padlizs\u00e1n paradicsom sz\u00f3sszal \u00e9s 3 f\u00e9le sajttal<\/h2>\n<p style=\"text-align: center;\"><img loading=\"lazy\" decoding=\"async\" class=\"size-large wp-image-374 aligncenter\" src=\"http:\/\/blog.glutenmenteschef.hu\/wp-content\/uploads\/2017\/06\/Untitled-10-4000x3000.jpg\" alt=\"\" width=\"474\" height=\"356\" \/><\/p>\n<p style=\"text-align: center;\">Sz\u00f3sz:<br \/>\n100 g v\u00f6r\u00f6s hagyma<br \/>\n50 g ol\u00edva olaj<br \/>\n6 g ( 3 gerezd ) fokhagyma apr\u00f3ra v\u00e1gva<br \/>\n1 g bazsalikom<br \/>\n1 g oregano<br \/>\n50 g barna cukor<br \/>\n3g s\u00f3<br \/>\n1 g \u0151r\u00f6lt bors<br \/>\nchili<br \/>\n480 g h\u00e1mozott eg\u00e9sz paradicsomkonzerv<\/p>\n<p style=\"text-align: center;\">\n0.5 kg padlizs\u00e1n<br \/>\n2 toj\u00e1s<br \/>\n100 g burgonyapehely<br \/>\n50 g rizsliszt<br \/>\n3 dl \u00e9tolaj<br \/>\n2 g s\u00f3<br \/>\n50 g parmez\u00e1n<br \/>\n200 g mozzarella<br \/>\n100 g f\u00e9lkem\u00e9ny ( reszelhet\u0151 ) sajt<\/p>\n<p style=\"text-align: center;\"><img loading=\"lazy\" decoding=\"async\" class=\"size-large wp-image-371 aligncenter\" src=\"http:\/\/blog.glutenmenteschef.hu\/wp-content\/uploads\/2017\/06\/6-1-4000x3000.jpg\" alt=\"\" width=\"474\" height=\"356\" srcset=\"http:\/\/blog.glutenmenteschef.hu\/wp-content\/uploads\/2017\/06\/6-1-4000x3000.jpg 4000w, http:\/\/blog.glutenmenteschef.hu\/wp-content\/uploads\/2017\/06\/6-1-300x225.jpg 300w, http:\/\/blog.glutenmenteschef.hu\/wp-content\/uploads\/2017\/06\/6-1-768x576.jpg 768w\" sizes=\"auto, (max-width: 474px) 100vw, 474px\" \/><\/p>\n<p style=\"text-align: left;\">Ol\u00edva olajon a finomra v\u00e1gott hagym\u00e1t megfonnyasztjuk, majd a sz\u00f3sz \u00f6sszes t\u00f6bbi alapanyag\u00e1t is hozz\u00e1adjuk \u00e9s kr\u00e9mleves s\u0171r\u0171s\u00e9g\u0171re f\u0151zz\u00fck.<br \/>\nA padlizs\u00e1nt megh\u00e1mozzuk \u00e9s 1 cm vastag karik\u00e1ra v\u00e1gjuk.\u00a0 A rizslisztet a s\u00f3val \u00f6sszekeverj\u00fck, majd ebbe a lisztbe, toj\u00e1sba \u00e9s burgonyapehelybe bepan\u00edrozzuk. K\u00f6zepesen forr\u00f3 olajban mindk\u00e9t oldal\u00e1t egy m\u00e1sf\u00e9l percig s\u00fctj\u00fck.<br \/>\nLecsepegtetve tepsibe r\u00e9tegezz\u00fck:<\/p>\n<p style=\"text-align: left;\"><img loading=\"lazy\" decoding=\"async\" class=\"size-medium wp-image-365 aligncenter\" src=\"http:\/\/blog.glutenmenteschef.hu\/wp-content\/uploads\/2017\/06\/1-300x225.jpg\" alt=\"\" width=\"300\" height=\"225\" srcset=\"http:\/\/blog.glutenmenteschef.hu\/wp-content\/uploads\/2017\/06\/1-300x225.jpg 300w, http:\/\/blog.glutenmenteschef.hu\/wp-content\/uploads\/2017\/06\/1-768x576.jpg 768w\" sizes=\"auto, (max-width: 300px) 100vw, 300px\" \/><\/p>\n<p style=\"text-align: left;\">padlizs\u00e1n-paradicsom sz\u00f3sz \u00e9s a sajtok. Utols\u00f3 r\u00e9tegk\u00e9nt mozzarella ker\u00fclj\u00f6n a padlizs\u00e1nokra.<\/p>\n<p style=\"text-align: left;\"><img loading=\"lazy\" decoding=\"async\" class=\"size-medium wp-image-366 aligncenter\" src=\"http:\/\/blog.glutenmenteschef.hu\/wp-content\/uploads\/2017\/06\/2-300x225.jpg\" alt=\"\" width=\"300\" height=\"225\" srcset=\"http:\/\/blog.glutenmenteschef.hu\/wp-content\/uploads\/2017\/06\/2-300x225.jpg 300w, http:\/\/blog.glutenmenteschef.hu\/wp-content\/uploads\/2017\/06\/2-768x576.jpg 768w\" sizes=\"auto, (max-width: 300px) 100vw, 300px\" \/><\/p>\n<p style=\"text-align: left;\"><img loading=\"lazy\" decoding=\"async\" class=\"size-medium wp-image-367 aligncenter\" src=\"http:\/\/blog.glutenmenteschef.hu\/wp-content\/uploads\/2017\/06\/4-300x225.jpg\" alt=\"\" width=\"300\" height=\"225\" srcset=\"http:\/\/blog.glutenmenteschef.hu\/wp-content\/uploads\/2017\/06\/4-300x225.jpg 300w, http:\/\/blog.glutenmenteschef.hu\/wp-content\/uploads\/2017\/06\/4-768x576.jpg 768w\" sizes=\"auto, (max-width: 300px) 100vw, 300px\" \/><\/p>\n<p style=\"text-align: left;\">S\u00fct\u0151ben 200 fokon 15-20 perc alatt\u00a0 k\u00e9szre s\u00fctj\u00fck.<br \/>\nFogyaszthatjuk h\u00fas\u00e9tel k\u00f6retek\u00e9nt, de mag\u00e1ban is nagyon finom.<\/p>\n<p style=\"text-align: left;\"><img loading=\"lazy\" decoding=\"async\" class=\"size-medium wp-image-368 aligncenter\" src=\"http:\/\/blog.glutenmenteschef.hu\/wp-content\/uploads\/2017\/06\/6-300x225.jpg\" alt=\"\" width=\"300\" height=\"225\" srcset=\"http:\/\/blog.glutenmenteschef.hu\/wp-content\/uploads\/2017\/06\/6-300x225.jpg 300w, http:\/\/blog.glutenmenteschef.hu\/wp-content\/uploads\/2017\/06\/6-768x576.jpg 768w\" sizes=\"auto, (max-width: 300px) 100vw, 300px\" \/><\/p>\n<p style=\"text-align: left;\"><img loading=\"lazy\" decoding=\"async\" class=\"alignnone size-large wp-image-370\" src=\"http:\/\/blog.glutenmenteschef.hu\/wp-content\/uploads\/2017\/06\/8-1-4000x3000.jpg\" alt=\"\" width=\"474\" height=\"356\" srcset=\"http:\/\/blog.glutenmenteschef.hu\/wp-content\/uploads\/2017\/06\/8-1-4000x3000.jpg 4000w, http:\/\/blog.glutenmenteschef.hu\/wp-content\/uploads\/2017\/06\/8-1-300x225.jpg 300w, http:\/\/blog.glutenmenteschef.hu\/wp-content\/uploads\/2017\/06\/8-1-768x576.jpg 768w\" sizes=\"auto, (max-width: 474px) 100vw, 474px\" \/><\/p>\n","protected":false},"excerpt":{"rendered":"<p>R\u00e1ntott padlizs\u00e1n paradicsom sz\u00f3sszal \u00e9s 3 f\u00e9le sajttal Sz\u00f3sz: 100 g v\u00f6r\u00f6s hagyma 50 g ol\u00edva olaj 6 g ( 3 gerezd ) fokhagyma apr\u00f3ra v\u00e1gva 1 g bazsalikom 1 g oregano 50 g barna cukor 3g s\u00f3 1 g \u0151r\u00f6lt bors chili 480 g h\u00e1mozott eg\u00e9sz paradicsomkonzerv 0.5 kg padlizs\u00e1n 2 toj\u00e1s 100 g <br \/><a class=\"more\" href=\"http:\/\/blog.glutenmenteschef.hu\/index.php\/2017\/06\/10\/rantott-padlizsan-paradicsom-szosszal-es-3-fele-sajttal\/\">Read more&#8230; <\/a><\/p>\n","protected":false},"author":1,"featured_media":374,"comment_status":"open","ping_status":"open","sticky":false,"template":"","format":"standard","meta":{"footnotes":""},"categories":[7,176],"tags":[174,175],"class_list":["post-363","post","type-post","status-publish","format-standard","has-post-thumbnail","hentry","category-foetelek","category-husmentes-etelek","tag-padlizsan","tag-rantott-padlizsan"],"yoast_head":"<!-- This site is optimized with the Yoast SEO plugin v26.5 - https:\/\/yoast.com\/wordpress\/plugins\/seo\/ -->\n<title>R\u00c1NTOTT PADLIZS\u00c1N PARADICSOM SZ\u00d3SSZAL \u00c9S 3 F\u00c9LE SAJTTAL &#8211; Glut\u00e9nmentes Chef blog - \u00c1tol Tibor<\/title>\n<meta name=\"robots\" content=\"index, follow, max-snippet:-1, max-image-preview:large, max-video-preview:-1\" \/>\n<link rel=\"canonical\" href=\"http:\/\/blog.glutenmenteschef.hu\/index.php\/2017\/06\/10\/rantott-padlizsan-paradicsom-szosszal-es-3-fele-sajttal\/\" \/>\n<meta property=\"og:locale\" content=\"hu_HU\" \/>\n<meta property=\"og:type\" content=\"article\" \/>\n<meta property=\"og:title\" content=\"R\u00c1NTOTT PADLIZS\u00c1N PARADICSOM SZ\u00d3SSZAL \u00c9S 3 F\u00c9LE SAJTTAL &#8211; Glut\u00e9nmentes Chef blog - \u00c1tol Tibor\" \/>\n<meta property=\"og:description\" content=\"R\u00e1ntott padlizs\u00e1n paradicsom sz\u00f3sszal \u00e9s 3 f\u00e9le sajttal Sz\u00f3sz: 100 g v\u00f6r\u00f6s hagyma 50 g ol\u00edva olaj 6 g ( 3 gerezd ) fokhagyma apr\u00f3ra v\u00e1gva 1 g bazsalikom 1 g oregano 50 g barna cukor 3g s\u00f3 1 g \u0151r\u00f6lt bors chili 480 g h\u00e1mozott eg\u00e9sz paradicsomkonzerv 0.5 kg padlizs\u00e1n 2 toj\u00e1s 100 g Read more...\" \/>\n<meta property=\"og:url\" content=\"http:\/\/blog.glutenmenteschef.hu\/index.php\/2017\/06\/10\/rantott-padlizsan-paradicsom-szosszal-es-3-fele-sajttal\/\" \/>\n<meta property=\"og:site_name\" content=\"Glut\u00e9nmentes Chef blog - \u00c1tol Tibor\" \/>\n<meta property=\"article:publisher\" content=\"https:\/\/www.facebook.com\/aglutenmentessef\" \/>\n<meta property=\"article:author\" content=\"https:\/\/www.facebook.com\/aglutenmentessef\" \/>\n<meta property=\"article:published_time\" content=\"2017-06-10T17:05:20+00:00\" \/>\n<meta property=\"article:modified_time\" content=\"2018-02-05T09:46:19+00:00\" \/>\n<meta name=\"author\" content=\"gmchef\" \/>\n<meta name=\"twitter:card\" content=\"summary_large_image\" \/>\n<meta name=\"twitter:image\" content=\"http:\/\/blog.glutenmenteschef.hu\/wp-content\/uploads\/2017\/06\/Untitled-10-e1515343877112.jpg\" \/>\n<meta name=\"twitter:label1\" content=\"Szerz\u0151:\" \/>\n\t<meta name=\"twitter:data1\" content=\"gmchef\" \/>\n\t<meta name=\"twitter:label2\" content=\"Becs\u00fclt olvas\u00e1si id\u0151\" \/>\n\t<meta name=\"twitter:data2\" content=\"1 perc\" \/>\n<script type=\"application\/ld+json\" class=\"yoast-schema-graph\">{\"@context\":\"https:\/\/schema.org\",\"@graph\":[{\"@type\":\"Article\",\"@id\":\"http:\/\/blog.glutenmenteschef.hu\/index.php\/2017\/06\/10\/rantott-padlizsan-paradicsom-szosszal-es-3-fele-sajttal\/#article\",\"isPartOf\":{\"@id\":\"http:\/\/blog.glutenmenteschef.hu\/index.php\/2017\/06\/10\/rantott-padlizsan-paradicsom-szosszal-es-3-fele-sajttal\/\"},\"author\":{\"name\":\"gmchef\",\"@id\":\"https:\/\/blog.glutenmenteschef.hu\/#\/schema\/person\/c07613f0b6c0f12f90b8cb23cf32754a\"},\"headline\":\"R\u00c1NTOTT PADLIZS\u00c1N PARADICSOM SZ\u00d3SSZAL \u00c9S 3 F\u00c9LE SAJTTAL\",\"datePublished\":\"2017-06-10T17:05:20+00:00\",\"dateModified\":\"2018-02-05T09:46:19+00:00\",\"mainEntityOfPage\":{\"@id\":\"http:\/\/blog.glutenmenteschef.hu\/index.php\/2017\/06\/10\/rantott-padlizsan-paradicsom-szosszal-es-3-fele-sajttal\/\"},\"wordCount\":210,\"commentCount\":0,\"publisher\":{\"@id\":\"https:\/\/blog.glutenmenteschef.hu\/#\/schema\/person\/c07613f0b6c0f12f90b8cb23cf32754a\"},\"image\":{\"@id\":\"http:\/\/blog.glutenmenteschef.hu\/index.php\/2017\/06\/10\/rantott-padlizsan-paradicsom-szosszal-es-3-fele-sajttal\/#primaryimage\"},\"thumbnailUrl\":\"http:\/\/blog.glutenmenteschef.hu\/wp-content\/uploads\/2017\/06\/Untitled-10-e1515343877112.jpg\",\"keywords\":[\"padlizs\u00e1n\",\"r\u00e1ntott padlizs\u00e1n\"],\"articleSection\":[\"F\u0151\u00e9telek\",\"H\u00fasmentes \u00e9telek\"],\"inLanguage\":\"hu\",\"potentialAction\":[{\"@type\":\"CommentAction\",\"name\":\"Comment\",\"target\":[\"http:\/\/blog.glutenmenteschef.hu\/index.php\/2017\/06\/10\/rantott-padlizsan-paradicsom-szosszal-es-3-fele-sajttal\/#respond\"]}]},{\"@type\":\"WebPage\",\"@id\":\"http:\/\/blog.glutenmenteschef.hu\/index.php\/2017\/06\/10\/rantott-padlizsan-paradicsom-szosszal-es-3-fele-sajttal\/\",\"url\":\"http:\/\/blog.glutenmenteschef.hu\/index.php\/2017\/06\/10\/rantott-padlizsan-paradicsom-szosszal-es-3-fele-sajttal\/\",\"name\":\"R\u00c1NTOTT PADLIZS\u00c1N PARADICSOM SZ\u00d3SSZAL \u00c9S 3 F\u00c9LE SAJTTAL &#8211; Glut\u00e9nmentes Chef blog - \u00c1tol Tibor\",\"isPartOf\":{\"@id\":\"https:\/\/blog.glutenmenteschef.hu\/#website\"},\"primaryImageOfPage\":{\"@id\":\"http:\/\/blog.glutenmenteschef.hu\/index.php\/2017\/06\/10\/rantott-padlizsan-paradicsom-szosszal-es-3-fele-sajttal\/#primaryimage\"},\"image\":{\"@id\":\"http:\/\/blog.glutenmenteschef.hu\/index.php\/2017\/06\/10\/rantott-padlizsan-paradicsom-szosszal-es-3-fele-sajttal\/#primaryimage\"},\"thumbnailUrl\":\"http:\/\/blog.glutenmenteschef.hu\/wp-content\/uploads\/2017\/06\/Untitled-10-e1515343877112.jpg\",\"datePublished\":\"2017-06-10T17:05:20+00:00\",\"dateModified\":\"2018-02-05T09:46:19+00:00\",\"breadcrumb\":{\"@id\":\"http:\/\/blog.glutenmenteschef.hu\/index.php\/2017\/06\/10\/rantott-padlizsan-paradicsom-szosszal-es-3-fele-sajttal\/#breadcrumb\"},\"inLanguage\":\"hu\",\"potentialAction\":[{\"@type\":\"ReadAction\",\"target\":[\"http:\/\/blog.glutenmenteschef.hu\/index.php\/2017\/06\/10\/rantott-padlizsan-paradicsom-szosszal-es-3-fele-sajttal\/\"]}]},{\"@type\":\"ImageObject\",\"inLanguage\":\"hu\",\"@id\":\"http:\/\/blog.glutenmenteschef.hu\/index.php\/2017\/06\/10\/rantott-padlizsan-paradicsom-szosszal-es-3-fele-sajttal\/#primaryimage\",\"url\":\"http:\/\/blog.glutenmenteschef.hu\/wp-content\/uploads\/2017\/06\/Untitled-10-e1515343877112.jpg\",\"contentUrl\":\"http:\/\/blog.glutenmenteschef.hu\/wp-content\/uploads\/2017\/06\/Untitled-10-e1515343877112.jpg\",\"width\":900,\"height\":675},{\"@type\":\"BreadcrumbList\",\"@id\":\"http:\/\/blog.glutenmenteschef.hu\/index.php\/2017\/06\/10\/rantott-padlizsan-paradicsom-szosszal-es-3-fele-sajttal\/#breadcrumb\",\"itemListElement\":[{\"@type\":\"ListItem\",\"position\":1,\"name\":\"Home\",\"item\":\"https:\/\/blog.glutenmenteschef.hu\/\"},{\"@type\":\"ListItem\",\"position\":2,\"name\":\"R\u00c1NTOTT PADLIZS\u00c1N PARADICSOM SZ\u00d3SSZAL \u00c9S 3 F\u00c9LE SAJTTAL\"}]},{\"@type\":\"WebSite\",\"@id\":\"https:\/\/blog.glutenmenteschef.hu\/#website\",\"url\":\"https:\/\/blog.glutenmenteschef.hu\/\",\"name\":\"Glut\u00e9nmentes Chef blog - \u00c1tol Tibor\",\"description\":\"Glut\u00e9nmentes \u00e9telek, glut\u00e9nmentes receptek, glut\u00e9nmentes vide\u00f3k\",\"publisher\":{\"@id\":\"https:\/\/blog.glutenmenteschef.hu\/#\/schema\/person\/c07613f0b6c0f12f90b8cb23cf32754a\"},\"potentialAction\":[{\"@type\":\"SearchAction\",\"target\":{\"@type\":\"EntryPoint\",\"urlTemplate\":\"https:\/\/blog.glutenmenteschef.hu\/?s={search_term_string}\"},\"query-input\":{\"@type\":\"PropertyValueSpecification\",\"valueRequired\":true,\"valueName\":\"search_term_string\"}}],\"inLanguage\":\"hu\"},{\"@type\":[\"Person\",\"Organization\"],\"@id\":\"https:\/\/blog.glutenmenteschef.hu\/#\/schema\/person\/c07613f0b6c0f12f90b8cb23cf32754a\",\"name\":\"gmchef\",\"image\":{\"@type\":\"ImageObject\",\"inLanguage\":\"hu\",\"@id\":\"https:\/\/blog.glutenmenteschef.hu\/#\/schema\/person\/image\/\",\"url\":\"https:\/\/secure.gravatar.com\/avatar\/363a4977321cb6fa3321b7ac93139b68e56af77880ae9fd5a3b2e7a8279f6d74?s=96&d=mm&r=g\",\"contentUrl\":\"https:\/\/secure.gravatar.com\/avatar\/363a4977321cb6fa3321b7ac93139b68e56af77880ae9fd5a3b2e7a8279f6d74?s=96&d=mm&r=g\",\"caption\":\"gmchef\"},\"logo\":{\"@id\":\"https:\/\/blog.glutenmenteschef.hu\/#\/schema\/person\/image\/\"},\"sameAs\":[\"https:\/\/www.facebook.com\/aglutenmentessef\"]}]}<\/script>\n<!-- \/ Yoast SEO plugin. -->","yoast_head_json":{"title":"R\u00c1NTOTT PADLIZS\u00c1N PARADICSOM SZ\u00d3SSZAL \u00c9S 3 F\u00c9LE SAJTTAL &#8211; Glut\u00e9nmentes Chef blog - \u00c1tol Tibor","robots":{"index":"index","follow":"follow","max-snippet":"max-snippet:-1","max-image-preview":"max-image-preview:large","max-video-preview":"max-video-preview:-1"},"canonical":"http:\/\/blog.glutenmenteschef.hu\/index.php\/2017\/06\/10\/rantott-padlizsan-paradicsom-szosszal-es-3-fele-sajttal\/","og_locale":"hu_HU","og_type":"article","og_title":"R\u00c1NTOTT PADLIZS\u00c1N PARADICSOM SZ\u00d3SSZAL \u00c9S 3 F\u00c9LE SAJTTAL &#8211; Glut\u00e9nmentes Chef blog - \u00c1tol Tibor","og_description":"R\u00e1ntott padlizs\u00e1n paradicsom sz\u00f3sszal \u00e9s 3 f\u00e9le sajttal Sz\u00f3sz: 100 g v\u00f6r\u00f6s hagyma 50 g ol\u00edva olaj 6 g ( 3 gerezd ) fokhagyma apr\u00f3ra v\u00e1gva 1 g bazsalikom 1 g oregano 50 g barna cukor 3g s\u00f3 1 g \u0151r\u00f6lt bors chili 480 g h\u00e1mozott eg\u00e9sz paradicsomkonzerv 0.5 kg padlizs\u00e1n 2 toj\u00e1s 100 g Read more...","og_url":"http:\/\/blog.glutenmenteschef.hu\/index.php\/2017\/06\/10\/rantott-padlizsan-paradicsom-szosszal-es-3-fele-sajttal\/","og_site_name":"Glut\u00e9nmentes Chef blog - \u00c1tol Tibor","article_publisher":"https:\/\/www.facebook.com\/aglutenmentessef","article_author":"https:\/\/www.facebook.com\/aglutenmentessef","article_published_time":"2017-06-10T17:05:20+00:00","article_modified_time":"2018-02-05T09:46:19+00:00","author":"gmchef","twitter_card":"summary_large_image","twitter_image":"http:\/\/blog.glutenmenteschef.hu\/wp-content\/uploads\/2017\/06\/Untitled-10-e1515343877112.jpg","twitter_misc":{"Szerz\u0151:":"gmchef","Becs\u00fclt olvas\u00e1si id\u0151":"1 perc"},"schema":{"@context":"https:\/\/schema.org","@graph":[{"@type":"Article","@id":"http:\/\/blog.glutenmenteschef.hu\/index.php\/2017\/06\/10\/rantott-padlizsan-paradicsom-szosszal-es-3-fele-sajttal\/#article","isPartOf":{"@id":"http:\/\/blog.glutenmenteschef.hu\/index.php\/2017\/06\/10\/rantott-padlizsan-paradicsom-szosszal-es-3-fele-sajttal\/"},"author":{"name":"gmchef","@id":"https:\/\/blog.glutenmenteschef.hu\/#\/schema\/person\/c07613f0b6c0f12f90b8cb23cf32754a"},"headline":"R\u00c1NTOTT PADLIZS\u00c1N PARADICSOM SZ\u00d3SSZAL \u00c9S 3 F\u00c9LE SAJTTAL","datePublished":"2017-06-10T17:05:20+00:00","dateModified":"2018-02-05T09:46:19+00:00","mainEntityOfPage":{"@id":"http:\/\/blog.glutenmenteschef.hu\/index.php\/2017\/06\/10\/rantott-padlizsan-paradicsom-szosszal-es-3-fele-sajttal\/"},"wordCount":210,"commentCount":0,"publisher":{"@id":"https:\/\/blog.glutenmenteschef.hu\/#\/schema\/person\/c07613f0b6c0f12f90b8cb23cf32754a"},"image":{"@id":"http:\/\/blog.glutenmenteschef.hu\/index.php\/2017\/06\/10\/rantott-padlizsan-paradicsom-szosszal-es-3-fele-sajttal\/#primaryimage"},"thumbnailUrl":"http:\/\/blog.glutenmenteschef.hu\/wp-content\/uploads\/2017\/06\/Untitled-10-e1515343877112.jpg","keywords":["padlizs\u00e1n","r\u00e1ntott padlizs\u00e1n"],"articleSection":["F\u0151\u00e9telek","H\u00fasmentes \u00e9telek"],"inLanguage":"hu","potentialAction":[{"@type":"CommentAction","name":"Comment","target":["http:\/\/blog.glutenmenteschef.hu\/index.php\/2017\/06\/10\/rantott-padlizsan-paradicsom-szosszal-es-3-fele-sajttal\/#respond"]}]},{"@type":"WebPage","@id":"http:\/\/blog.glutenmenteschef.hu\/index.php\/2017\/06\/10\/rantott-padlizsan-paradicsom-szosszal-es-3-fele-sajttal\/","url":"http:\/\/blog.glutenmenteschef.hu\/index.php\/2017\/06\/10\/rantott-padlizsan-paradicsom-szosszal-es-3-fele-sajttal\/","name":"R\u00c1NTOTT PADLIZS\u00c1N PARADICSOM SZ\u00d3SSZAL \u00c9S 3 F\u00c9LE SAJTTAL &#8211; Glut\u00e9nmentes Chef blog - \u00c1tol Tibor","isPartOf":{"@id":"https:\/\/blog.glutenmenteschef.hu\/#website"},"primaryImageOfPage":{"@id":"http:\/\/blog.glutenmenteschef.hu\/index.php\/2017\/06\/10\/rantott-padlizsan-paradicsom-szosszal-es-3-fele-sajttal\/#primaryimage"},"image":{"@id":"http:\/\/blog.glutenmenteschef.hu\/index.php\/2017\/06\/10\/rantott-padlizsan-paradicsom-szosszal-es-3-fele-sajttal\/#primaryimage"},"thumbnailUrl":"http:\/\/blog.glutenmenteschef.hu\/wp-content\/uploads\/2017\/06\/Untitled-10-e1515343877112.jpg","datePublished":"2017-06-10T17:05:20+00:00","dateModified":"2018-02-05T09:46:19+00:00","breadcrumb":{"@id":"http:\/\/blog.glutenmenteschef.hu\/index.php\/2017\/06\/10\/rantott-padlizsan-paradicsom-szosszal-es-3-fele-sajttal\/#breadcrumb"},"inLanguage":"hu","potentialAction":[{"@type":"ReadAction","target":["http:\/\/blog.glutenmenteschef.hu\/index.php\/2017\/06\/10\/rantott-padlizsan-paradicsom-szosszal-es-3-fele-sajttal\/"]}]},{"@type":"ImageObject","inLanguage":"hu","@id":"http:\/\/blog.glutenmenteschef.hu\/index.php\/2017\/06\/10\/rantott-padlizsan-paradicsom-szosszal-es-3-fele-sajttal\/#primaryimage","url":"http:\/\/blog.glutenmenteschef.hu\/wp-content\/uploads\/2017\/06\/Untitled-10-e1515343877112.jpg","contentUrl":"http:\/\/blog.glutenmenteschef.hu\/wp-content\/uploads\/2017\/06\/Untitled-10-e1515343877112.jpg","width":900,"height":675},{"@type":"BreadcrumbList","@id":"http:\/\/blog.glutenmenteschef.hu\/index.php\/2017\/06\/10\/rantott-padlizsan-paradicsom-szosszal-es-3-fele-sajttal\/#breadcrumb","itemListElement":[{"@type":"ListItem","position":1,"name":"Home","item":"https:\/\/blog.glutenmenteschef.hu\/"},{"@type":"ListItem","position":2,"name":"R\u00c1NTOTT PADLIZS\u00c1N PARADICSOM SZ\u00d3SSZAL \u00c9S 3 F\u00c9LE SAJTTAL"}]},{"@type":"WebSite","@id":"https:\/\/blog.glutenmenteschef.hu\/#website","url":"https:\/\/blog.glutenmenteschef.hu\/","name":"Glut\u00e9nmentes Chef blog - \u00c1tol Tibor","description":"Glut\u00e9nmentes \u00e9telek, glut\u00e9nmentes receptek, glut\u00e9nmentes vide\u00f3k","publisher":{"@id":"https:\/\/blog.glutenmenteschef.hu\/#\/schema\/person\/c07613f0b6c0f12f90b8cb23cf32754a"},"potentialAction":[{"@type":"SearchAction","target":{"@type":"EntryPoint","urlTemplate":"https:\/\/blog.glutenmenteschef.hu\/?s={search_term_string}"},"query-input":{"@type":"PropertyValueSpecification","valueRequired":true,"valueName":"search_term_string"}}],"inLanguage":"hu"},{"@type":["Person","Organization"],"@id":"https:\/\/blog.glutenmenteschef.hu\/#\/schema\/person\/c07613f0b6c0f12f90b8cb23cf32754a","name":"gmchef","image":{"@type":"ImageObject","inLanguage":"hu","@id":"https:\/\/blog.glutenmenteschef.hu\/#\/schema\/person\/image\/","url":"https:\/\/secure.gravatar.com\/avatar\/363a4977321cb6fa3321b7ac93139b68e56af77880ae9fd5a3b2e7a8279f6d74?s=96&d=mm&r=g","contentUrl":"https:\/\/secure.gravatar.com\/avatar\/363a4977321cb6fa3321b7ac93139b68e56af77880ae9fd5a3b2e7a8279f6d74?s=96&d=mm&r=g","caption":"gmchef"},"logo":{"@id":"https:\/\/blog.glutenmenteschef.hu\/#\/schema\/person\/image\/"},"sameAs":["https:\/\/www.facebook.com\/aglutenmentessef"]}]}},"_links":{"self":[{"href":"http:\/\/blog.glutenmenteschef.hu\/index.php\/wp-json\/wp\/v2\/posts\/363","targetHints":{"allow":["GET"]}}],"collection":[{"href":"http:\/\/blog.glutenmenteschef.hu\/index.php\/wp-json\/wp\/v2\/posts"}],"about":[{"href":"http:\/\/blog.glutenmenteschef.hu\/index.php\/wp-json\/wp\/v2\/types\/post"}],"author":[{"embeddable":true,"href":"http:\/\/blog.glutenmenteschef.hu\/index.php\/wp-json\/wp\/v2\/users\/1"}],"replies":[{"embeddable":true,"href":"http:\/\/blog.glutenmenteschef.hu\/index.php\/wp-json\/wp\/v2\/comments?post=363"}],"version-history":[{"count":0,"href":"http:\/\/blog.glutenmenteschef.hu\/index.php\/wp-json\/wp\/v2\/posts\/363\/revisions"}],"wp:featuredmedia":[{"embeddable":true,"href":"http:\/\/blog.glutenmenteschef.hu\/index.php\/wp-json\/wp\/v2\/media\/374"}],"wp:attachment":[{"href":"http:\/\/blog.glutenmenteschef.hu\/index.php\/wp-json\/wp\/v2\/media?parent=363"}],"wp:term":[{"taxonomy":"category","embeddable":true,"href":"http:\/\/blog.glutenmenteschef.hu\/index.php\/wp-json\/wp\/v2\/categories?post=363"},{"taxonomy":"post_tag","embeddable":true,"href":"http:\/\/blog.glutenmenteschef.hu\/index.php\/wp-json\/wp\/v2\/tags?post=363"}],"curies":[{"name":"wp","href":"https:\/\/api.w.org\/{rel}","templated":true}]}}