{"id":345,"date":"2017-06-05T11:32:14","date_gmt":"2017-06-05T11:32:14","guid":{"rendered":"http:\/\/blog.glutenmenteschef.hu\/?p=345"},"modified":"2021-01-04T10:19:39","modified_gmt":"2021-01-04T10:19:39","slug":"bagett-es-zsemle-nutri-free-mix-per-pane-liszttel","status":"publish","type":"post","link":"http:\/\/blog.glutenmenteschef.hu\/index.php\/2017\/06\/05\/bagett-es-zsemle-nutri-free-mix-per-pane-liszttel\/","title":{"rendered":"BAGETT \u00c9S ZSEMLE, NUTRIFREE MIX PER PANE LISZTTEL"},"content":{"rendered":"\n<h3 class=\"has-text-align-center wp-block-heading\">Bagett \u00e9s Zsemle<br>Nutrifree mix per Pane liszttel<br><br><\/h3>\n\n\n\n<div class=\"wp-block-image\"><figure class=\"aligncenter size-full is-resized\"><img loading=\"lazy\" decoding=\"async\" src=\"https:\/\/blog.glutenmenteschef.hu\/wp-content\/uploads\/2017\/06\/21687841_1602319763123696_4908317860775866615_n-e1515344023116.jpg\" alt=\"\" class=\"wp-image-3563\" width=\"450\" height=\"338\"\/><\/figure><\/div>\n\n\n\n<h5 class=\"has-text-align-center wp-block-heading\"><br><br><br><strong>Hozz\u00e1val\u00f3k:<\/strong><\/h5>\n\n\n\n<p class=\"has-text-align-center\">250 g Nutrifree mix per pane<br>5 g sz\u00e1raz por\u00e9leszt\u0151<br>( Haas vagy Dr. Oetker )<br>5 g cukor<br>205 gr langyos v\u00edz<br>8 g olvasztott kacsazs\u00edr vagy olaj + a ken\u00e9shez<br><br><br><\/p>\n\n\n\n<div class=\"wp-block-image\"><figure class=\"aligncenter\"><img loading=\"lazy\" decoding=\"async\" width=\"300\" height=\"225\" src=\"http:\/\/blog.glutenmenteschef.hu\/wp-content\/uploads\/2017\/06\/Bagett-8-300x225.jpg\" alt=\"\" class=\"wp-image-26851\" srcset=\"http:\/\/blog.glutenmenteschef.hu\/wp-content\/uploads\/2017\/06\/Bagett-8-300x225.jpg 300w, http:\/\/blog.glutenmenteschef.hu\/wp-content\/uploads\/2017\/06\/Bagett-8-768x576.jpg 768w, http:\/\/blog.glutenmenteschef.hu\/wp-content\/uploads\/2017\/06\/Bagett-8.jpg 1024w\" sizes=\"auto, (max-width: 300px) 100vw, 300px\" \/><\/figure><\/div>\n\n\n\n<div class=\"wp-block-image\"><figure class=\"aligncenter\"><img loading=\"lazy\" decoding=\"async\" width=\"300\" height=\"225\" src=\"http:\/\/blog.glutenmenteschef.hu\/wp-content\/uploads\/2017\/06\/Bagett-5-300x225.jpg\" alt=\"\" class=\"wp-image-26852\" srcset=\"http:\/\/blog.glutenmenteschef.hu\/wp-content\/uploads\/2017\/06\/Bagett-5-300x225.jpg 300w, http:\/\/blog.glutenmenteschef.hu\/wp-content\/uploads\/2017\/06\/Bagett-5-768x576.jpg 768w, http:\/\/blog.glutenmenteschef.hu\/wp-content\/uploads\/2017\/06\/Bagett-5.jpg 1024w\" sizes=\"auto, (max-width: 300px) 100vw, 300px\" \/><\/figure><\/div>\n\n\n\n<p class=\"has-text-align-left\"><br><br><br>A s\u00fct\u0151t 50 fokra el\u0151meleg\u00edtj\u00fck \u00e9s egy kisebb tepsit vagy f\u00e9m l\u00e1bast 1-1.5 deci v\u00edzzel az alj\u00e1ba tesz\u00fcnk a s\u00fct\u0151 egyik sark\u00e1ba eltolva. Ez a s\u00fct\u00e9s v\u00e9g\u00e9ig bent marad.<br>A kever\u0151t\u00e1lba el\u0151sz\u00f6r a sz\u00e1raz hozz\u00e1val\u00f3kat tegy\u00fck, majd az olvasztott kacsazs\u00edrt. Ind\u00edtsuk el a kever\u0151lap\u00e1tot \u00e9s folyamatos kever\u00e9s mellett \u00f6nts\u00fck hozz\u00e1 a langyos vizet. 5-8 perc alatt k\u00f6zepes sebess\u00e9gen kidagasztjuk.<br>A gy\u00far\u00f3deszk\u00e1n kett\u00e9m\u00e9rem a t\u00e9szt\u00e1t. P\u00e1r mozdulattal \u00e1tgy\u00farom.<br>A fele t\u00e9szt\u00e1b\u00f3l megform\u00e1zom a bagettet \u00e9s a liszttel megsz\u00f3rt s\u00fct\u0151form\u00e1ba helyezem. A t\u00e9szta m\u00e1sik fel\u00e9t m\u00e9rleg seg\u00edts\u00e9g\u00e9vel 3 egyforma darabra osztom \u00e9s zseml\u00e9ket form\u00e1zok bel\u0151le.<br>Kacsazs\u00edrral vagy olajjal \u00e1tkentem a tetej\u00e9t, majd k\u00e9ssel keresztir\u00e1nyban bev\u00e1gtam. Szez\u00e1mmaggal megsz\u00f3rtam a zseml\u00e9ket.<br><strong><br>Ha csak zseml\u00e9ket s\u00fct\u00fcnk, nem sz\u00fcks\u00e9ges hozz\u00e1 semmilyen s\u00fct\u0151forma, sz\u00e9pen megtartj\u00e1k a form\u00e1t.<br><\/strong>M\u00e9rleg seg\u00edts\u00e9g\u00e9vel 80 \u2013 90 g-os adagot cs\u00edp\u00fcnk le. A l\u00e9nyeg, hogy k\u00f6zel egyforma s\u00faly\u00faak legyenek.<br>Olajos k\u00e9zzel el\u0151sz\u00f6r egy gomb\u00f3cot form\u00e1zzunk, majd a deszk\u00e1ra helyezve a kez\u00fcnkkel a t\u00e9szt\u00e1t k\u00f6rbe-k\u00f6rbe hengergetj\u00fck, hogy enyh\u00e9n lapos kerek form\u00e1t kapjunk.<br>A s\u00fct\u0151pap\u00edrral b\u00e9lelt tepsire helyezz\u00fck \u0151ket, olvasztott kacsazs\u00edrral \u00e1tkenj\u00fck a felsz\u00edn\u00e9t \u00e9s keresztir\u00e1nyban megv\u00e1gjuk a tetej\u00e9t.<\/p>\n\n\n\n<p>Az als\u00f3-fels\u0151 s\u00fct\u00e9si m\u00f3dozaton el\u0151meleg\u00edtett s\u00fct\u0151be t\u00e9ve 45 percig kelesztem, majd a h\u0151fokszab\u00e1lyz\u00f3t feltekerem 200 fokra tov\u00e1bbra is als\u00f3-fels\u0151 s\u00fct\u00e9si m\u00f3dozaton hagyva. M\u00edg melegszik a s\u00fct\u0151 a t\u00e9szta v\u00e9gig bent marad.<\/p>\n\n\n\n<div class=\"wp-block-image\"><figure class=\"aligncenter\"><img loading=\"lazy\" decoding=\"async\" width=\"300\" height=\"225\" src=\"http:\/\/blog.glutenmenteschef.hu\/wp-content\/uploads\/2017\/06\/zsemle-bagett-1-300x225.jpg\" alt=\"\" class=\"wp-image-348\" srcset=\"http:\/\/blog.glutenmenteschef.hu\/wp-content\/uploads\/2017\/06\/zsemle-bagett-1-300x225.jpg 300w, http:\/\/blog.glutenmenteschef.hu\/wp-content\/uploads\/2017\/06\/zsemle-bagett-1-768x576.jpg 768w\" sizes=\"auto, (max-width: 300px) 100vw, 300px\" \/><\/figure><\/div>\n\n\n\n<p class=\"has-text-align-left\"><br>Miut\u00e1n el\u00e9rte a megfelel\u0151 h\u0151fokot, onnant\u00f3l sz\u00e1m\u00edtva 18, maximum 20 perc alatt k\u00e9szre s\u00fct\u00f6m.<br>Amikor kivettem a s\u00fct\u0151b\u0151l, ecset vagy a vir\u00e1gokhoz haszn\u00e1latos sprickol\u00f3 seg\u00edts\u00e9g\u00e9vel kev\u00e9s v\u00edzzel \u00e1tkenem-lef\u00fajom a felsz\u00edn\u00e9t \u00e9s r\u00e1csra t\u00e9ve hagyom kih\u0171lni.<\/p>\n\n\n\n<h5 class=\"wp-block-heading\"><strong>T\u00e1rol\u00e1s:<\/strong><\/h5>\n\n\n\n<p>Z\u00e1rhat\u00f3 nejlonzacsk\u00f3ban ( zippes uzsis zacsk\u00f3 ) a h\u0171t\u0151ben tartom. Fogyaszt\u00e1s el\u0151tt 20-30 m\u00e1sodpercre a keny\u00e9rpir\u00edt\u00f3ba teszem, \u00edgy m\u00e9g nem lesz pir\u00edt\u00f3s bel\u0151le, de az \u00e1llaga felfriss\u00fcl. Nekem ez v\u00e1lt be, \u00edgy 4-5 napig sim\u00e1n ehet\u0151 b\u00e1rmilyen p\u00e9k\u00e1ru. ( keny\u00e9r, kifli, zsemle )<br><br><\/p>\n\n\n\n<p>A k\u00e9pen l\u00e1that\u00f3 zsemle \u00e9s bagett 20 percig s\u00fclt 200 fokon.<\/p>\n\n\n\n<div class=\"wp-block-image\"><figure class=\"aligncenter\"><img decoding=\"async\" src=\"http:\/\/blog.glutenmenteschef.hu\/wp-content\/uploads\/2017\/06\/21687841_1602319763123696_4908317860775866615_n.jpg\" alt=\"\" class=\"wp-image-3563\"\/><\/figure><\/div>\n","protected":false},"excerpt":{"rendered":"<p>Bagett \u00e9s ZsemleNutrifree mix per Pane liszttel Hozz\u00e1val\u00f3k: 250 g Nutrifree mix per pane5 g sz\u00e1raz por\u00e9leszt\u0151( Haas vagy Dr. Oetker )5 g cukor205 gr langyos v\u00edz8 g olvasztott kacsazs\u00edr vagy olaj + a ken\u00e9shez A s\u00fct\u0151t 50 fokra el\u0151meleg\u00edtj\u00fck \u00e9s egy kisebb tepsit vagy f\u00e9m l\u00e1bast 1-1.5 deci v\u00edzzel az alj\u00e1ba tesz\u00fcnk a s\u00fct\u0151 <br \/><a class=\"more\" href=\"http:\/\/blog.glutenmenteschef.hu\/index.php\/2017\/06\/05\/bagett-es-zsemle-nutri-free-mix-per-pane-liszttel\/\">Read more&#8230; <\/a><\/p>\n","protected":false},"author":1,"featured_media":3563,"comment_status":"open","ping_status":"open","sticky":false,"template":"","format":"standard","meta":{"footnotes":""},"categories":[143,488,396],"tags":[171,148,170],"class_list":["post-345","post","type-post","status-publish","format-standard","has-post-thumbnail","hentry","category-kenyer-peksutemeny","category-nutrifree-receptek","category-tojasmentes-receptek","tag-bagett-glutenmentes","tag-nutri-free-mix-per-pane","tag-zsemle-glutenmentes"],"yoast_head":"<!-- This site is optimized with the Yoast SEO plugin v26.5 - https:\/\/yoast.com\/wordpress\/plugins\/seo\/ -->\n<title>BAGETT \u00c9S ZSEMLE, NUTRIFREE MIX PER PANE LISZTTEL &#8211; Glut\u00e9nmentes Chef blog - \u00c1tol Tibor<\/title>\n<meta name=\"robots\" content=\"index, follow, max-snippet:-1, max-image-preview:large, max-video-preview:-1\" \/>\n<link rel=\"canonical\" href=\"http:\/\/blog.glutenmenteschef.hu\/index.php\/2017\/06\/05\/bagett-es-zsemle-nutri-free-mix-per-pane-liszttel\/\" \/>\n<meta property=\"og:locale\" content=\"hu_HU\" \/>\n<meta property=\"og:type\" content=\"article\" \/>\n<meta property=\"og:title\" content=\"BAGETT \u00c9S ZSEMLE, NUTRIFREE MIX PER PANE LISZTTEL &#8211; Glut\u00e9nmentes Chef blog - \u00c1tol Tibor\" \/>\n<meta property=\"og:description\" content=\"Bagett \u00e9s ZsemleNutrifree mix per Pane liszttel Hozz\u00e1val\u00f3k: 250 g Nutrifree mix per pane5 g sz\u00e1raz por\u00e9leszt\u0151( Haas vagy Dr. Oetker )5 g cukor205 gr langyos v\u00edz8 g olvasztott kacsazs\u00edr vagy olaj + a ken\u00e9shez A s\u00fct\u0151t 50 fokra el\u0151meleg\u00edtj\u00fck \u00e9s egy kisebb tepsit vagy f\u00e9m l\u00e1bast 1-1.5 deci v\u00edzzel az alj\u00e1ba tesz\u00fcnk a s\u00fct\u0151 Read more...\" \/>\n<meta property=\"og:url\" content=\"http:\/\/blog.glutenmenteschef.hu\/index.php\/2017\/06\/05\/bagett-es-zsemle-nutri-free-mix-per-pane-liszttel\/\" \/>\n<meta property=\"og:site_name\" content=\"Glut\u00e9nmentes Chef blog - \u00c1tol Tibor\" \/>\n<meta property=\"article:publisher\" content=\"https:\/\/www.facebook.com\/aglutenmentessef\" \/>\n<meta property=\"article:author\" content=\"https:\/\/www.facebook.com\/aglutenmentessef\" \/>\n<meta property=\"article:published_time\" content=\"2017-06-05T11:32:14+00:00\" \/>\n<meta property=\"article:modified_time\" content=\"2021-01-04T10:19:39+00:00\" \/>\n<meta property=\"og:image\" content=\"http:\/\/blog.glutenmenteschef.hu\/wp-content\/uploads\/2017\/06\/bagett-zsemle.jpg\" \/>\n\t<meta property=\"og:image:width\" content=\"3744\" \/>\n\t<meta property=\"og:image:height\" content=\"2809\" \/>\n\t<meta property=\"og:image:type\" content=\"image\/jpeg\" \/>\n<meta name=\"author\" content=\"gmchef\" \/>\n<meta name=\"twitter:card\" content=\"summary_large_image\" \/>\n<meta name=\"twitter:label1\" content=\"Szerz\u0151:\" \/>\n\t<meta name=\"twitter:data1\" content=\"gmchef\" \/>\n\t<meta name=\"twitter:label2\" content=\"Becs\u00fclt olvas\u00e1si id\u0151\" \/>\n\t<meta name=\"twitter:data2\" content=\"3 perc\" \/>\n<script type=\"application\/ld+json\" class=\"yoast-schema-graph\">{\"@context\":\"https:\/\/schema.org\",\"@graph\":[{\"@type\":\"Article\",\"@id\":\"http:\/\/blog.glutenmenteschef.hu\/index.php\/2017\/06\/05\/bagett-es-zsemle-nutri-free-mix-per-pane-liszttel\/#article\",\"isPartOf\":{\"@id\":\"http:\/\/blog.glutenmenteschef.hu\/index.php\/2017\/06\/05\/bagett-es-zsemle-nutri-free-mix-per-pane-liszttel\/\"},\"author\":{\"name\":\"gmchef\",\"@id\":\"https:\/\/blog.glutenmenteschef.hu\/#\/schema\/person\/c07613f0b6c0f12f90b8cb23cf32754a\"},\"headline\":\"BAGETT \u00c9S ZSEMLE, NUTRIFREE MIX PER PANE LISZTTEL\",\"datePublished\":\"2017-06-05T11:32:14+00:00\",\"dateModified\":\"2021-01-04T10:19:39+00:00\",\"mainEntityOfPage\":{\"@id\":\"http:\/\/blog.glutenmenteschef.hu\/index.php\/2017\/06\/05\/bagett-es-zsemle-nutri-free-mix-per-pane-liszttel\/\"},\"wordCount\":512,\"commentCount\":0,\"publisher\":{\"@id\":\"https:\/\/blog.glutenmenteschef.hu\/#\/schema\/person\/c07613f0b6c0f12f90b8cb23cf32754a\"},\"image\":{\"@id\":\"http:\/\/blog.glutenmenteschef.hu\/index.php\/2017\/06\/05\/bagett-es-zsemle-nutri-free-mix-per-pane-liszttel\/#primaryimage\"},\"thumbnailUrl\":\"http:\/\/blog.glutenmenteschef.hu\/wp-content\/uploads\/2017\/06\/21687841_1602319763123696_4908317860775866615_n-e1515344023116.jpg\",\"keywords\":[\"bagett glut\u00e9nmentes\",\"Nutri free mix per pane\",\"zsemle glut\u00e9nmentes\"],\"articleSection\":[\"Keny\u00e9r \/ p\u00e9ks\u00fctem\u00e9ny\",\"Nutrifree receptek\",\"Toj\u00e1smentes receptek\"],\"inLanguage\":\"hu\",\"potentialAction\":[{\"@type\":\"CommentAction\",\"name\":\"Comment\",\"target\":[\"http:\/\/blog.glutenmenteschef.hu\/index.php\/2017\/06\/05\/bagett-es-zsemle-nutri-free-mix-per-pane-liszttel\/#respond\"]}]},{\"@type\":\"WebPage\",\"@id\":\"http:\/\/blog.glutenmenteschef.hu\/index.php\/2017\/06\/05\/bagett-es-zsemle-nutri-free-mix-per-pane-liszttel\/\",\"url\":\"http:\/\/blog.glutenmenteschef.hu\/index.php\/2017\/06\/05\/bagett-es-zsemle-nutri-free-mix-per-pane-liszttel\/\",\"name\":\"BAGETT \u00c9S ZSEMLE, NUTRIFREE MIX PER PANE LISZTTEL &#8211; Glut\u00e9nmentes Chef blog - \u00c1tol Tibor\",\"isPartOf\":{\"@id\":\"https:\/\/blog.glutenmenteschef.hu\/#website\"},\"primaryImageOfPage\":{\"@id\":\"http:\/\/blog.glutenmenteschef.hu\/index.php\/2017\/06\/05\/bagett-es-zsemle-nutri-free-mix-per-pane-liszttel\/#primaryimage\"},\"image\":{\"@id\":\"http:\/\/blog.glutenmenteschef.hu\/index.php\/2017\/06\/05\/bagett-es-zsemle-nutri-free-mix-per-pane-liszttel\/#primaryimage\"},\"thumbnailUrl\":\"http:\/\/blog.glutenmenteschef.hu\/wp-content\/uploads\/2017\/06\/21687841_1602319763123696_4908317860775866615_n-e1515344023116.jpg\",\"datePublished\":\"2017-06-05T11:32:14+00:00\",\"dateModified\":\"2021-01-04T10:19:39+00:00\",\"breadcrumb\":{\"@id\":\"http:\/\/blog.glutenmenteschef.hu\/index.php\/2017\/06\/05\/bagett-es-zsemle-nutri-free-mix-per-pane-liszttel\/#breadcrumb\"},\"inLanguage\":\"hu\",\"potentialAction\":[{\"@type\":\"ReadAction\",\"target\":[\"http:\/\/blog.glutenmenteschef.hu\/index.php\/2017\/06\/05\/bagett-es-zsemle-nutri-free-mix-per-pane-liszttel\/\"]}]},{\"@type\":\"ImageObject\",\"inLanguage\":\"hu\",\"@id\":\"http:\/\/blog.glutenmenteschef.hu\/index.php\/2017\/06\/05\/bagett-es-zsemle-nutri-free-mix-per-pane-liszttel\/#primaryimage\",\"url\":\"http:\/\/blog.glutenmenteschef.hu\/wp-content\/uploads\/2017\/06\/21687841_1602319763123696_4908317860775866615_n-e1515344023116.jpg\",\"contentUrl\":\"http:\/\/blog.glutenmenteschef.hu\/wp-content\/uploads\/2017\/06\/21687841_1602319763123696_4908317860775866615_n-e1515344023116.jpg\",\"width\":900,\"height\":675},{\"@type\":\"BreadcrumbList\",\"@id\":\"http:\/\/blog.glutenmenteschef.hu\/index.php\/2017\/06\/05\/bagett-es-zsemle-nutri-free-mix-per-pane-liszttel\/#breadcrumb\",\"itemListElement\":[{\"@type\":\"ListItem\",\"position\":1,\"name\":\"Home\",\"item\":\"https:\/\/blog.glutenmenteschef.hu\/\"},{\"@type\":\"ListItem\",\"position\":2,\"name\":\"BAGETT \u00c9S ZSEMLE, NUTRIFREE MIX PER PANE LISZTTEL\"}]},{\"@type\":\"WebSite\",\"@id\":\"https:\/\/blog.glutenmenteschef.hu\/#website\",\"url\":\"https:\/\/blog.glutenmenteschef.hu\/\",\"name\":\"Glut\u00e9nmentes Chef blog - \u00c1tol Tibor\",\"description\":\"Glut\u00e9nmentes \u00e9telek, glut\u00e9nmentes receptek, glut\u00e9nmentes vide\u00f3k\",\"publisher\":{\"@id\":\"https:\/\/blog.glutenmenteschef.hu\/#\/schema\/person\/c07613f0b6c0f12f90b8cb23cf32754a\"},\"potentialAction\":[{\"@type\":\"SearchAction\",\"target\":{\"@type\":\"EntryPoint\",\"urlTemplate\":\"https:\/\/blog.glutenmenteschef.hu\/?s={search_term_string}\"},\"query-input\":{\"@type\":\"PropertyValueSpecification\",\"valueRequired\":true,\"valueName\":\"search_term_string\"}}],\"inLanguage\":\"hu\"},{\"@type\":[\"Person\",\"Organization\"],\"@id\":\"https:\/\/blog.glutenmenteschef.hu\/#\/schema\/person\/c07613f0b6c0f12f90b8cb23cf32754a\",\"name\":\"gmchef\",\"image\":{\"@type\":\"ImageObject\",\"inLanguage\":\"hu\",\"@id\":\"https:\/\/blog.glutenmenteschef.hu\/#\/schema\/person\/image\/\",\"url\":\"https:\/\/secure.gravatar.com\/avatar\/363a4977321cb6fa3321b7ac93139b68e56af77880ae9fd5a3b2e7a8279f6d74?s=96&d=mm&r=g\",\"contentUrl\":\"https:\/\/secure.gravatar.com\/avatar\/363a4977321cb6fa3321b7ac93139b68e56af77880ae9fd5a3b2e7a8279f6d74?s=96&d=mm&r=g\",\"caption\":\"gmchef\"},\"logo\":{\"@id\":\"https:\/\/blog.glutenmenteschef.hu\/#\/schema\/person\/image\/\"},\"sameAs\":[\"https:\/\/www.facebook.com\/aglutenmentessef\"]}]}<\/script>\n<!-- \/ Yoast SEO plugin. -->","yoast_head_json":{"title":"BAGETT \u00c9S ZSEMLE, NUTRIFREE MIX PER PANE LISZTTEL &#8211; Glut\u00e9nmentes Chef blog - \u00c1tol Tibor","robots":{"index":"index","follow":"follow","max-snippet":"max-snippet:-1","max-image-preview":"max-image-preview:large","max-video-preview":"max-video-preview:-1"},"canonical":"http:\/\/blog.glutenmenteschef.hu\/index.php\/2017\/06\/05\/bagett-es-zsemle-nutri-free-mix-per-pane-liszttel\/","og_locale":"hu_HU","og_type":"article","og_title":"BAGETT \u00c9S ZSEMLE, NUTRIFREE MIX PER PANE LISZTTEL &#8211; Glut\u00e9nmentes Chef blog - \u00c1tol Tibor","og_description":"Bagett \u00e9s ZsemleNutrifree mix per Pane liszttel Hozz\u00e1val\u00f3k: 250 g Nutrifree mix per pane5 g sz\u00e1raz por\u00e9leszt\u0151( Haas vagy Dr. Oetker )5 g cukor205 gr langyos v\u00edz8 g olvasztott kacsazs\u00edr vagy olaj + a ken\u00e9shez A s\u00fct\u0151t 50 fokra el\u0151meleg\u00edtj\u00fck \u00e9s egy kisebb tepsit vagy f\u00e9m l\u00e1bast 1-1.5 deci v\u00edzzel az alj\u00e1ba tesz\u00fcnk a s\u00fct\u0151 Read more...","og_url":"http:\/\/blog.glutenmenteschef.hu\/index.php\/2017\/06\/05\/bagett-es-zsemle-nutri-free-mix-per-pane-liszttel\/","og_site_name":"Glut\u00e9nmentes Chef blog - \u00c1tol Tibor","article_publisher":"https:\/\/www.facebook.com\/aglutenmentessef","article_author":"https:\/\/www.facebook.com\/aglutenmentessef","article_published_time":"2017-06-05T11:32:14+00:00","article_modified_time":"2021-01-04T10:19:39+00:00","og_image":[{"width":3744,"height":2809,"url":"http:\/\/blog.glutenmenteschef.hu\/wp-content\/uploads\/2017\/06\/bagett-zsemle.jpg","type":"image\/jpeg"}],"author":"gmchef","twitter_card":"summary_large_image","twitter_misc":{"Szerz\u0151:":"gmchef","Becs\u00fclt olvas\u00e1si id\u0151":"3 perc"},"schema":{"@context":"https:\/\/schema.org","@graph":[{"@type":"Article","@id":"http:\/\/blog.glutenmenteschef.hu\/index.php\/2017\/06\/05\/bagett-es-zsemle-nutri-free-mix-per-pane-liszttel\/#article","isPartOf":{"@id":"http:\/\/blog.glutenmenteschef.hu\/index.php\/2017\/06\/05\/bagett-es-zsemle-nutri-free-mix-per-pane-liszttel\/"},"author":{"name":"gmchef","@id":"https:\/\/blog.glutenmenteschef.hu\/#\/schema\/person\/c07613f0b6c0f12f90b8cb23cf32754a"},"headline":"BAGETT \u00c9S ZSEMLE, NUTRIFREE MIX PER PANE LISZTTEL","datePublished":"2017-06-05T11:32:14+00:00","dateModified":"2021-01-04T10:19:39+00:00","mainEntityOfPage":{"@id":"http:\/\/blog.glutenmenteschef.hu\/index.php\/2017\/06\/05\/bagett-es-zsemle-nutri-free-mix-per-pane-liszttel\/"},"wordCount":512,"commentCount":0,"publisher":{"@id":"https:\/\/blog.glutenmenteschef.hu\/#\/schema\/person\/c07613f0b6c0f12f90b8cb23cf32754a"},"image":{"@id":"http:\/\/blog.glutenmenteschef.hu\/index.php\/2017\/06\/05\/bagett-es-zsemle-nutri-free-mix-per-pane-liszttel\/#primaryimage"},"thumbnailUrl":"http:\/\/blog.glutenmenteschef.hu\/wp-content\/uploads\/2017\/06\/21687841_1602319763123696_4908317860775866615_n-e1515344023116.jpg","keywords":["bagett glut\u00e9nmentes","Nutri free mix per pane","zsemle glut\u00e9nmentes"],"articleSection":["Keny\u00e9r \/ p\u00e9ks\u00fctem\u00e9ny","Nutrifree receptek","Toj\u00e1smentes receptek"],"inLanguage":"hu","potentialAction":[{"@type":"CommentAction","name":"Comment","target":["http:\/\/blog.glutenmenteschef.hu\/index.php\/2017\/06\/05\/bagett-es-zsemle-nutri-free-mix-per-pane-liszttel\/#respond"]}]},{"@type":"WebPage","@id":"http:\/\/blog.glutenmenteschef.hu\/index.php\/2017\/06\/05\/bagett-es-zsemle-nutri-free-mix-per-pane-liszttel\/","url":"http:\/\/blog.glutenmenteschef.hu\/index.php\/2017\/06\/05\/bagett-es-zsemle-nutri-free-mix-per-pane-liszttel\/","name":"BAGETT \u00c9S ZSEMLE, NUTRIFREE MIX PER PANE LISZTTEL &#8211; Glut\u00e9nmentes Chef blog - \u00c1tol Tibor","isPartOf":{"@id":"https:\/\/blog.glutenmenteschef.hu\/#website"},"primaryImageOfPage":{"@id":"http:\/\/blog.glutenmenteschef.hu\/index.php\/2017\/06\/05\/bagett-es-zsemle-nutri-free-mix-per-pane-liszttel\/#primaryimage"},"image":{"@id":"http:\/\/blog.glutenmenteschef.hu\/index.php\/2017\/06\/05\/bagett-es-zsemle-nutri-free-mix-per-pane-liszttel\/#primaryimage"},"thumbnailUrl":"http:\/\/blog.glutenmenteschef.hu\/wp-content\/uploads\/2017\/06\/21687841_1602319763123696_4908317860775866615_n-e1515344023116.jpg","datePublished":"2017-06-05T11:32:14+00:00","dateModified":"2021-01-04T10:19:39+00:00","breadcrumb":{"@id":"http:\/\/blog.glutenmenteschef.hu\/index.php\/2017\/06\/05\/bagett-es-zsemle-nutri-free-mix-per-pane-liszttel\/#breadcrumb"},"inLanguage":"hu","potentialAction":[{"@type":"ReadAction","target":["http:\/\/blog.glutenmenteschef.hu\/index.php\/2017\/06\/05\/bagett-es-zsemle-nutri-free-mix-per-pane-liszttel\/"]}]},{"@type":"ImageObject","inLanguage":"hu","@id":"http:\/\/blog.glutenmenteschef.hu\/index.php\/2017\/06\/05\/bagett-es-zsemle-nutri-free-mix-per-pane-liszttel\/#primaryimage","url":"http:\/\/blog.glutenmenteschef.hu\/wp-content\/uploads\/2017\/06\/21687841_1602319763123696_4908317860775866615_n-e1515344023116.jpg","contentUrl":"http:\/\/blog.glutenmenteschef.hu\/wp-content\/uploads\/2017\/06\/21687841_1602319763123696_4908317860775866615_n-e1515344023116.jpg","width":900,"height":675},{"@type":"BreadcrumbList","@id":"http:\/\/blog.glutenmenteschef.hu\/index.php\/2017\/06\/05\/bagett-es-zsemle-nutri-free-mix-per-pane-liszttel\/#breadcrumb","itemListElement":[{"@type":"ListItem","position":1,"name":"Home","item":"https:\/\/blog.glutenmenteschef.hu\/"},{"@type":"ListItem","position":2,"name":"BAGETT \u00c9S ZSEMLE, NUTRIFREE MIX PER PANE LISZTTEL"}]},{"@type":"WebSite","@id":"https:\/\/blog.glutenmenteschef.hu\/#website","url":"https:\/\/blog.glutenmenteschef.hu\/","name":"Glut\u00e9nmentes Chef blog - \u00c1tol Tibor","description":"Glut\u00e9nmentes \u00e9telek, glut\u00e9nmentes receptek, glut\u00e9nmentes vide\u00f3k","publisher":{"@id":"https:\/\/blog.glutenmenteschef.hu\/#\/schema\/person\/c07613f0b6c0f12f90b8cb23cf32754a"},"potentialAction":[{"@type":"SearchAction","target":{"@type":"EntryPoint","urlTemplate":"https:\/\/blog.glutenmenteschef.hu\/?s={search_term_string}"},"query-input":{"@type":"PropertyValueSpecification","valueRequired":true,"valueName":"search_term_string"}}],"inLanguage":"hu"},{"@type":["Person","Organization"],"@id":"https:\/\/blog.glutenmenteschef.hu\/#\/schema\/person\/c07613f0b6c0f12f90b8cb23cf32754a","name":"gmchef","image":{"@type":"ImageObject","inLanguage":"hu","@id":"https:\/\/blog.glutenmenteschef.hu\/#\/schema\/person\/image\/","url":"https:\/\/secure.gravatar.com\/avatar\/363a4977321cb6fa3321b7ac93139b68e56af77880ae9fd5a3b2e7a8279f6d74?s=96&d=mm&r=g","contentUrl":"https:\/\/secure.gravatar.com\/avatar\/363a4977321cb6fa3321b7ac93139b68e56af77880ae9fd5a3b2e7a8279f6d74?s=96&d=mm&r=g","caption":"gmchef"},"logo":{"@id":"https:\/\/blog.glutenmenteschef.hu\/#\/schema\/person\/image\/"},"sameAs":["https:\/\/www.facebook.com\/aglutenmentessef"]}]}},"_links":{"self":[{"href":"http:\/\/blog.glutenmenteschef.hu\/index.php\/wp-json\/wp\/v2\/posts\/345","targetHints":{"allow":["GET"]}}],"collection":[{"href":"http:\/\/blog.glutenmenteschef.hu\/index.php\/wp-json\/wp\/v2\/posts"}],"about":[{"href":"http:\/\/blog.glutenmenteschef.hu\/index.php\/wp-json\/wp\/v2\/types\/post"}],"author":[{"embeddable":true,"href":"http:\/\/blog.glutenmenteschef.hu\/index.php\/wp-json\/wp\/v2\/users\/1"}],"replies":[{"embeddable":true,"href":"http:\/\/blog.glutenmenteschef.hu\/index.php\/wp-json\/wp\/v2\/comments?post=345"}],"version-history":[{"count":0,"href":"http:\/\/blog.glutenmenteschef.hu\/index.php\/wp-json\/wp\/v2\/posts\/345\/revisions"}],"wp:featuredmedia":[{"embeddable":true,"href":"http:\/\/blog.glutenmenteschef.hu\/index.php\/wp-json\/wp\/v2\/media\/3563"}],"wp:attachment":[{"href":"http:\/\/blog.glutenmenteschef.hu\/index.php\/wp-json\/wp\/v2\/media?parent=345"}],"wp:term":[{"taxonomy":"category","embeddable":true,"href":"http:\/\/blog.glutenmenteschef.hu\/index.php\/wp-json\/wp\/v2\/categories?post=345"},{"taxonomy":"post_tag","embeddable":true,"href":"http:\/\/blog.glutenmenteschef.hu\/index.php\/wp-json\/wp\/v2\/tags?post=345"}],"curies":[{"name":"wp","href":"https:\/\/api.w.org\/{rel}","templated":true}]}}