{"id":31218,"date":"2024-10-30T21:46:09","date_gmt":"2024-10-30T21:46:09","guid":{"rendered":"https:\/\/blog.glutenmenteschef.hu\/?p=31218"},"modified":"2026-03-22T19:28:31","modified_gmt":"2026-03-22T19:28:31","slug":"kortes-madulatorta-almondine-glutenmentesen","status":"publish","type":"post","link":"http:\/\/blog.glutenmenteschef.hu\/index.php\/2024\/10\/30\/kortes-madulatorta-almondine-glutenmentesen\/","title":{"rendered":"K\u00d6RT\u00c9S MADULATORTA ( ALMONDINE ) GLUT\u00c9NMENTESEN"},"content":{"rendered":"\n<h3 class=\"wp-block-heading has-text-align-center\"><strong>K\u00f6rt\u00e9s mandulatorta ( Almondine ) glut\u00e9nmentesen<\/strong><br><br><\/h3>\n\n\n\n<p><\/p>\n\n\n\n<p>Ritka az olyan desszert, amit ilyen egyszer\u0171 elk\u00e9sz\u00edteni \u00e9s ennyire finom. Ez a k\u00f6rt\u00e9s mandulatorta el\u00e9g gyorsan az egyik kedvenc\u00fcnk lett. Eredend\u0151en glut\u00e9nmentes, hisz finomra \u0151r\u00f6lt mandul\u00e1t haszn\u00e1lunk. A k\u00f6rte helyett alma vagy anan\u00e1sz is ker\u00fclhet a s\u00fcti tetej\u00e9re. Azonban, ha friss gy\u00fcm\u00f6lcs\u00f6t haszn\u00e1lunk, akkor el\u0151tte mindenk\u00e9ppen k\u00e9sz\u00edts\u00fcnk bel\u0151le komp\u00f3tot, a lenti le\u00edr\u00e1s szerint.<br><br><br><br><\/p>\n\n\n<div class=\"wp-block-image\">\n<figure class=\"aligncenter size-full is-resized\"><img loading=\"lazy\" decoding=\"async\" width=\"1024\" height=\"1365\" src=\"https:\/\/blog.glutenmenteschef.hu\/wp-content\/uploads\/2024\/10\/Kortes-mandulatorta-3.jpg\" alt=\"\" class=\"wp-image-31237\" style=\"width:500px\"\/><figcaption class=\"wp-element-caption\">K\u00f6rt\u00e9s mandulatorta ( Almondine )<br><br><\/figcaption><\/figure>\n<\/div>\n\n\n<h5 class=\"wp-block-heading has-text-align-center\"><strong>Hozz\u00e1val\u00f3k 23 cm-es tortakarik\u00e1hoz:<\/strong><\/h5>\n\n\n\n<p class=\"has-text-align-center\">3 db friss, kicsi vagy maximum k\u00f6zepes m\u00e9ret\u0171, kem\u00e9nyebb h\u00fas\u00fa k\u00f6rte vagy 600 g k\u00f6rte bef\u0151tt <br>150 g vaj \/ n\u00f6v\u00e9nyi margarin vagy 120 g zs\u00edr<br>100 g cukor<br>150 g finomra \u0151r\u00f6lt mandula<br>20 g kem\u00e9ny\u00edt\u0151<br>5 g van\u00edlia kivonat vagy 10 g van\u00edli\u00e1s cukor<br>2 db L-es m\u00e9ret\u0171 toj\u00e1s<br><br>10-20 g szeletelt mandula<br><br>porcukor a t\u00e1lal\u00e1shoz<br><br>vaj a tortaforma kiken\u00e9s\u00e9hez<br><br><br><\/p>\n\n\n\n<p>Bef\u0151tt eset\u00e9n: A k\u00f6rt\u00e9t csepegtess\u00fck le.<\/p>\n\n\n\n<p>Ha friss k\u00f6rt\u00e9vel dolgozunk: h\u00e1mozzuk meg, v\u00e1gjuk f\u00e9lbe, a magh\u00e1zat t\u00e1vol\u00edtsuk el. 6 dl v\u00edzben 100 g cukorral, f\u00e9l van\u00edlia r\u00faddal vagy 5 g van\u00edli\u00e1s cukorral f\u0151zz\u00fck fed\u0151 alatt 15 percig. Szobah\u0151m\u00e9rs\u00e9klet\u0171re h\u0171tj\u00fck, majd r\u00e1csra t\u00e9ve csepegtess\u00fck le \u00e9s \u00edgy haszn\u00e1ljuk fel.<br><br><\/p>\n\n\n<div class=\"wp-block-image\">\n<figure class=\"aligncenter size-full is-resized\"><img loading=\"lazy\" decoding=\"async\" width=\"1024\" height=\"768\" src=\"https:\/\/blog.glutenmenteschef.hu\/wp-content\/uploads\/2024\/10\/Kortes-mandulatorta-fazis-1.jpg\" alt=\"\" class=\"wp-image-31238\" style=\"width:512px\"\/><\/figure>\n<\/div>\n\n\n<p><br><br><br><br><br>A s\u00fct\u0151t anal\u00f3g s\u00fct\u0151h\u0151m\u00e9r\u0151vel m\u00e9rve 140 fok als\u00f3-fels\u0151 s\u00fct\u00e9si m\u00f3dozaton meleg\u00edts\u00fck el\u0151.<br><\/p>\n\n\n\n<h5 class=\"wp-block-heading\"><strong>S\u00c9F TIPP:<\/strong><\/h5>\n\n\n\n<p>Az elektromos s\u00fct\u0151k is szinte kiv\u00e9tel n\u00e9lk\u00fcl &#8222;csalnak&#8221;, nem azon a h\u0151fokon s\u00fctnek, mint, amit a h\u0151fokszab\u00e1lyz\u00f3 gombbal be\u00e1ll\u00edtunk. Ak\u00e1r 20-30-40 fok elt\u00e9r\u00e9s is lehet. Azonban a s\u00fctend\u0151 term\u00e9k mell\u00e9 vagy azzal egy magass\u00e1gba az oldalr\u00e1csra akasztott anal\u00f3g s\u00fct\u0151h\u0151m\u00e9r\u0151 haszn\u00e1lat\u00e1val ez kik\u00fcsz\u00f6b\u00f6lhet\u0151 \u00e9s mindig tudni fogjuk a val\u00f3s s\u00fct\u00e9si h\u0151fokot, \u00edgy azt korrig\u00e1lni is tudjuk, ha sz\u00fcks\u00e9ges.<\/p>\n\n\n\n<p><br>Egy t\u00e1lban a puha vajat a cukorral g\u00e9pi mixer seg\u00edts\u00e9g\u00e9vel keverj\u00fck ki. Adjuk hozz\u00e1 az \u0151r\u00f6lt mandul\u00e1val elkevert kem\u00e9ny\u00edt\u0151t, a van\u00edlia arom\u00e1t, a toj\u00e1sokat \u00e9s alaposan dolgozzuk \u00f6ssze.<\/p>\n\n\n\n<p>A kivajazott tortaform\u00e1ba \u00f6ntj\u00fck a t\u00e9szt\u00e1t \u00e9s egyenletesen eloszlatjuk.<br><br><\/p>\n\n\n<div class=\"wp-block-image\">\n<figure class=\"aligncenter size-full is-resized\"><img loading=\"lazy\" decoding=\"async\" width=\"1024\" height=\"1024\" src=\"https:\/\/blog.glutenmenteschef.hu\/wp-content\/uploads\/2024\/10\/Kortes-mandulatorta-fazis-2.jpg\" alt=\"\" class=\"wp-image-31239\" style=\"width:512px\"\/><\/figure>\n<\/div>\n\n\n<p><br><br>A teljes s\u00fct\u00e9si id\u0151 25 +35 perc.<br>Tegy\u00fck a t\u00e9szt\u00e1t az el\u0151meleg\u00edtett s\u00fct\u0151be \u00e9s s\u00fcss\u00fck 25 percig. Majd vegy\u00fck ki \u00e9s a felezett k\u00f6rt\u00e9ket gyorsan rendezz\u00fck k\u00f6rbe rajta. \u00dcgyelj\u00fcnk, hogy NE nyomjuk bele a t\u00e9szt\u00e1ba.<br><br><\/p>\n\n\n<div class=\"wp-block-image\">\n<figure class=\"aligncenter size-full is-resized\"><img loading=\"lazy\" decoding=\"async\" width=\"1024\" height=\"1365\" src=\"https:\/\/blog.glutenmenteschef.hu\/wp-content\/uploads\/2024\/10\/Kortes-mandulatorta-fazis-4.jpg\" alt=\"\" class=\"wp-image-31240\" style=\"width:500px\"\/><\/figure>\n<\/div>\n\n\n<p><br><br><br>Tegy\u00fck vissza a s\u00fct\u0151be \u00e9s 35 perc alatt s\u00fcss\u00fck k\u00e9szre \u00fagy, hogy f\u00e9lid\u0151ben a szeletelt mandul\u00e1val megsz\u00f3rjuk.<br><br><\/p>\n\n\n<div class=\"wp-block-image\">\n<figure class=\"aligncenter size-full is-resized\"><img loading=\"lazy\" decoding=\"async\" width=\"1024\" height=\"1365\" src=\"https:\/\/blog.glutenmenteschef.hu\/wp-content\/uploads\/2024\/10\/Kortes-mandulatorta-fazis-6.jpg\" alt=\"\" class=\"wp-image-31241\" style=\"width:500px\"\/><\/figure>\n<\/div>\n\n\n<p class=\"has-text-align-center\"><br><br>Hagyjuk h\u0171lni a tort\u00e1t, miel\u0151tt kivenn\u00e9nk a s\u00fct\u0151form\u00e1b\u00f3l.<\/p>\n\n\n\n<p class=\"has-text-align-center\">Ha teljesen kih\u0171lt helyezz\u00fck s\u00fctem\u00e9nyest\u00e1lra \u00e9s porcukorral megsz\u00f3rva t\u00e1laljuk.<br><br><\/p>\n\n\n<div class=\"wp-block-image\">\n<figure class=\"aligncenter size-full is-resized\"><img loading=\"lazy\" decoding=\"async\" width=\"1024\" height=\"768\" src=\"https:\/\/blog.glutenmenteschef.hu\/wp-content\/uploads\/2024\/10\/Kortes-mandulatorta-9.jpg\" alt=\"\" class=\"wp-image-31243\" style=\"width:512px\"\/><figcaption class=\"wp-element-caption\"><br><br><br><\/figcaption><\/figure>\n<\/div>\n\n<div class=\"wp-block-image\">\n<figure class=\"aligncenter size-full is-resized\"><img loading=\"lazy\" decoding=\"async\" width=\"1024\" height=\"768\" src=\"https:\/\/blog.glutenmenteschef.hu\/wp-content\/uploads\/2024\/10\/Kortes-mandulatorta-16.jpg\" alt=\"\" class=\"wp-image-31244\" style=\"width:512px\"\/><\/figure>\n<\/div>","protected":false},"excerpt":{"rendered":"<p>K\u00f6rt\u00e9s mandulatorta ( Almondine ) glut\u00e9nmentesen Ritka az olyan desszert, amit ilyen egyszer\u0171 elk\u00e9sz\u00edteni \u00e9s ennyire finom. Ez a k\u00f6rt\u00e9s mandulatorta el\u00e9g gyorsan az egyik kedvenc\u00fcnk lett. Eredend\u0151en glut\u00e9nmentes, hisz finomra \u0151r\u00f6lt mandul\u00e1t haszn\u00e1lunk. A k\u00f6rte helyett alma vagy anan\u00e1sz is ker\u00fclhet a s\u00fcti tetej\u00e9re. Azonban, ha friss gy\u00fcm\u00f6lcs\u00f6t haszn\u00e1lunk, akkor el\u0151tte mindenk\u00e9ppen k\u00e9sz\u00edts\u00fcnk bel\u0151le <br \/><a class=\"more\" href=\"http:\/\/blog.glutenmenteschef.hu\/index.php\/2024\/10\/30\/kortes-madulatorta-almondine-glutenmentesen\/\">Read more&#8230; <\/a><\/p>\n","protected":false},"author":1,"featured_media":31236,"comment_status":"open","ping_status":"open","sticky":false,"template":"","format":"standard","meta":{"footnotes":""},"categories":[27],"tags":[681,5,682,680,315,326],"class_list":["post-31218","post","type-post","status-publish","format-standard","has-post-thumbnail","hentry","category-desszert","tag-almondine","tag-glutenmentes","tag-mandulaliszt","tag-mandulatorta","tag-recept","tag-tejmentes"],"yoast_head":"<!-- This site is optimized with the Yoast SEO plugin v26.5 - https:\/\/yoast.com\/wordpress\/plugins\/seo\/ -->\n<title>K\u00d6RT\u00c9S MADULATORTA ( ALMONDINE ) GLUT\u00c9NMENTESEN &#8211; Glut\u00e9nmentes Chef blog - \u00c1tol Tibor<\/title>\n<meta name=\"description\" content=\"Ritka az olyan desszert, amit ilyen egyszer\u0171 elk\u00e9sz\u00edteni \u00e9s ennyire finom. Ez a k\u00f6rt\u00e9s mandulatorta el\u00e9g gyorsan az egyik kedvenc\u00fcnk lett. Eredend\u0151en glut\u00e9nmentes, hisz finomra \u0151r\u00f6lt mandul\u00e1t haszn\u00e1lunk. A k\u00f6rte helyett alma vagy anan\u00e1sz is ker\u00fclhet a s\u00fcti tetej\u00e9re. Azonban, ha friss gy\u00fcm\u00f6lcs\u00f6t haszn\u00e1lunk, akkor el\u0151tte mindenk\u00e9ppen k\u00e9sz\u00edts\u00fcnk bel\u0151le komp\u00f3tot, a lenti le\u00edr\u00e1s szerint.\" \/>\n<meta name=\"robots\" content=\"index, follow, max-snippet:-1, max-image-preview:large, max-video-preview:-1\" \/>\n<link rel=\"canonical\" href=\"http:\/\/blog.glutenmenteschef.hu\/index.php\/2024\/10\/30\/kortes-madulatorta-almondine-glutenmentesen\/\" \/>\n<meta property=\"og:locale\" content=\"hu_HU\" \/>\n<meta property=\"og:type\" content=\"article\" \/>\n<meta property=\"og:title\" content=\"K\u00d6RT\u00c9S MADULATORTA ( ALMONDINE ) GLUT\u00c9NMENTESEN &#8211; Glut\u00e9nmentes Chef blog - \u00c1tol Tibor\" \/>\n<meta property=\"og:description\" content=\"Ritka az olyan desszert, amit ilyen egyszer\u0171 elk\u00e9sz\u00edteni \u00e9s ennyire finom. Ez a k\u00f6rt\u00e9s mandulatorta el\u00e9g gyorsan az egyik kedvenc\u00fcnk lett. Eredend\u0151en glut\u00e9nmentes, hisz finomra \u0151r\u00f6lt mandul\u00e1t haszn\u00e1lunk. A k\u00f6rte helyett alma vagy anan\u00e1sz is ker\u00fclhet a s\u00fcti tetej\u00e9re. Azonban, ha friss gy\u00fcm\u00f6lcs\u00f6t haszn\u00e1lunk, akkor el\u0151tte mindenk\u00e9ppen k\u00e9sz\u00edts\u00fcnk bel\u0151le komp\u00f3tot, a lenti le\u00edr\u00e1s szerint.\" \/>\n<meta property=\"og:url\" content=\"http:\/\/blog.glutenmenteschef.hu\/index.php\/2024\/10\/30\/kortes-madulatorta-almondine-glutenmentesen\/\" \/>\n<meta property=\"og:site_name\" content=\"Glut\u00e9nmentes Chef blog - \u00c1tol Tibor\" \/>\n<meta property=\"article:publisher\" content=\"https:\/\/www.facebook.com\/aglutenmentessef\" \/>\n<meta property=\"article:author\" content=\"https:\/\/www.facebook.com\/aglutenmentessef\" \/>\n<meta property=\"article:published_time\" content=\"2024-10-30T21:46:09+00:00\" \/>\n<meta property=\"article:modified_time\" content=\"2026-03-22T19:28:31+00:00\" \/>\n<meta property=\"og:image\" content=\"http:\/\/blog.glutenmenteschef.hu\/wp-content\/uploads\/2024\/10\/Kortes-mandulatorta-1.jpg\" \/>\n\t<meta property=\"og:image:width\" content=\"1024\" \/>\n\t<meta property=\"og:image:height\" content=\"768\" \/>\n\t<meta property=\"og:image:type\" content=\"image\/jpeg\" \/>\n<meta name=\"author\" content=\"gmchef\" \/>\n<meta name=\"twitter:card\" content=\"summary_large_image\" \/>\n<meta name=\"twitter:label1\" content=\"Szerz\u0151:\" \/>\n\t<meta name=\"twitter:data1\" content=\"gmchef\" \/>\n\t<meta name=\"twitter:label2\" content=\"Becs\u00fclt olvas\u00e1si id\u0151\" \/>\n\t<meta name=\"twitter:data2\" content=\"4 perc\" \/>\n<script type=\"application\/ld+json\" class=\"yoast-schema-graph\">{\"@context\":\"https:\/\/schema.org\",\"@graph\":[{\"@type\":\"Article\",\"@id\":\"http:\/\/blog.glutenmenteschef.hu\/index.php\/2024\/10\/30\/kortes-madulatorta-almondine-glutenmentesen\/#article\",\"isPartOf\":{\"@id\":\"http:\/\/blog.glutenmenteschef.hu\/index.php\/2024\/10\/30\/kortes-madulatorta-almondine-glutenmentesen\/\"},\"author\":{\"name\":\"gmchef\",\"@id\":\"https:\/\/blog.glutenmenteschef.hu\/#\/schema\/person\/c07613f0b6c0f12f90b8cb23cf32754a\"},\"headline\":\"K\u00d6RT\u00c9S MADULATORTA ( ALMONDINE ) GLUT\u00c9NMENTESEN\",\"datePublished\":\"2024-10-30T21:46:09+00:00\",\"dateModified\":\"2026-03-22T19:28:31+00:00\",\"mainEntityOfPage\":{\"@id\":\"http:\/\/blog.glutenmenteschef.hu\/index.php\/2024\/10\/30\/kortes-madulatorta-almondine-glutenmentesen\/\"},\"wordCount\":542,\"commentCount\":0,\"publisher\":{\"@id\":\"https:\/\/blog.glutenmenteschef.hu\/#\/schema\/person\/c07613f0b6c0f12f90b8cb23cf32754a\"},\"image\":{\"@id\":\"http:\/\/blog.glutenmenteschef.hu\/index.php\/2024\/10\/30\/kortes-madulatorta-almondine-glutenmentesen\/#primaryimage\"},\"thumbnailUrl\":\"http:\/\/blog.glutenmenteschef.hu\/wp-content\/uploads\/2024\/10\/Kortes-mandulatorta-1.jpg\",\"keywords\":[\"almondine\",\"glut\u00e9nmentes\",\"mandulaliszt\",\"mandulatorta\",\"recept\",\"tejmentes\"],\"articleSection\":[\"Desszert-S\u00fctem\u00e9ny\"],\"inLanguage\":\"hu\",\"potentialAction\":[{\"@type\":\"CommentAction\",\"name\":\"Comment\",\"target\":[\"http:\/\/blog.glutenmenteschef.hu\/index.php\/2024\/10\/30\/kortes-madulatorta-almondine-glutenmentesen\/#respond\"]}]},{\"@type\":\"WebPage\",\"@id\":\"http:\/\/blog.glutenmenteschef.hu\/index.php\/2024\/10\/30\/kortes-madulatorta-almondine-glutenmentesen\/\",\"url\":\"http:\/\/blog.glutenmenteschef.hu\/index.php\/2024\/10\/30\/kortes-madulatorta-almondine-glutenmentesen\/\",\"name\":\"K\u00d6RT\u00c9S MADULATORTA ( ALMONDINE ) GLUT\u00c9NMENTESEN &#8211; Glut\u00e9nmentes Chef blog - \u00c1tol Tibor\",\"isPartOf\":{\"@id\":\"https:\/\/blog.glutenmenteschef.hu\/#website\"},\"primaryImageOfPage\":{\"@id\":\"http:\/\/blog.glutenmenteschef.hu\/index.php\/2024\/10\/30\/kortes-madulatorta-almondine-glutenmentesen\/#primaryimage\"},\"image\":{\"@id\":\"http:\/\/blog.glutenmenteschef.hu\/index.php\/2024\/10\/30\/kortes-madulatorta-almondine-glutenmentesen\/#primaryimage\"},\"thumbnailUrl\":\"http:\/\/blog.glutenmenteschef.hu\/wp-content\/uploads\/2024\/10\/Kortes-mandulatorta-1.jpg\",\"datePublished\":\"2024-10-30T21:46:09+00:00\",\"dateModified\":\"2026-03-22T19:28:31+00:00\",\"description\":\"Ritka az olyan desszert, amit ilyen egyszer\u0171 elk\u00e9sz\u00edteni \u00e9s ennyire finom. Ez a k\u00f6rt\u00e9s mandulatorta el\u00e9g gyorsan az egyik kedvenc\u00fcnk lett. Eredend\u0151en glut\u00e9nmentes, hisz finomra \u0151r\u00f6lt mandul\u00e1t haszn\u00e1lunk. A k\u00f6rte helyett alma vagy anan\u00e1sz is ker\u00fclhet a s\u00fcti tetej\u00e9re. Azonban, ha friss gy\u00fcm\u00f6lcs\u00f6t haszn\u00e1lunk, akkor el\u0151tte mindenk\u00e9ppen k\u00e9sz\u00edts\u00fcnk bel\u0151le komp\u00f3tot, a lenti le\u00edr\u00e1s szerint.\",\"breadcrumb\":{\"@id\":\"http:\/\/blog.glutenmenteschef.hu\/index.php\/2024\/10\/30\/kortes-madulatorta-almondine-glutenmentesen\/#breadcrumb\"},\"inLanguage\":\"hu\",\"potentialAction\":[{\"@type\":\"ReadAction\",\"target\":[\"http:\/\/blog.glutenmenteschef.hu\/index.php\/2024\/10\/30\/kortes-madulatorta-almondine-glutenmentesen\/\"]}]},{\"@type\":\"ImageObject\",\"inLanguage\":\"hu\",\"@id\":\"http:\/\/blog.glutenmenteschef.hu\/index.php\/2024\/10\/30\/kortes-madulatorta-almondine-glutenmentesen\/#primaryimage\",\"url\":\"http:\/\/blog.glutenmenteschef.hu\/wp-content\/uploads\/2024\/10\/Kortes-mandulatorta-1.jpg\",\"contentUrl\":\"http:\/\/blog.glutenmenteschef.hu\/wp-content\/uploads\/2024\/10\/Kortes-mandulatorta-1.jpg\",\"width\":1024,\"height\":768},{\"@type\":\"BreadcrumbList\",\"@id\":\"http:\/\/blog.glutenmenteschef.hu\/index.php\/2024\/10\/30\/kortes-madulatorta-almondine-glutenmentesen\/#breadcrumb\",\"itemListElement\":[{\"@type\":\"ListItem\",\"position\":1,\"name\":\"Home\",\"item\":\"https:\/\/blog.glutenmenteschef.hu\/\"},{\"@type\":\"ListItem\",\"position\":2,\"name\":\"K\u00d6RT\u00c9S MADULATORTA ( ALMONDINE ) GLUT\u00c9NMENTESEN\"}]},{\"@type\":\"WebSite\",\"@id\":\"https:\/\/blog.glutenmenteschef.hu\/#website\",\"url\":\"https:\/\/blog.glutenmenteschef.hu\/\",\"name\":\"Glut\u00e9nmentes Chef blog - \u00c1tol Tibor\",\"description\":\"Glut\u00e9nmentes \u00e9telek, glut\u00e9nmentes receptek, glut\u00e9nmentes vide\u00f3k\",\"publisher\":{\"@id\":\"https:\/\/blog.glutenmenteschef.hu\/#\/schema\/person\/c07613f0b6c0f12f90b8cb23cf32754a\"},\"potentialAction\":[{\"@type\":\"SearchAction\",\"target\":{\"@type\":\"EntryPoint\",\"urlTemplate\":\"https:\/\/blog.glutenmenteschef.hu\/?s={search_term_string}\"},\"query-input\":{\"@type\":\"PropertyValueSpecification\",\"valueRequired\":true,\"valueName\":\"search_term_string\"}}],\"inLanguage\":\"hu\"},{\"@type\":[\"Person\",\"Organization\"],\"@id\":\"https:\/\/blog.glutenmenteschef.hu\/#\/schema\/person\/c07613f0b6c0f12f90b8cb23cf32754a\",\"name\":\"gmchef\",\"image\":{\"@type\":\"ImageObject\",\"inLanguage\":\"hu\",\"@id\":\"https:\/\/blog.glutenmenteschef.hu\/#\/schema\/person\/image\/\",\"url\":\"https:\/\/secure.gravatar.com\/avatar\/363a4977321cb6fa3321b7ac93139b68e56af77880ae9fd5a3b2e7a8279f6d74?s=96&d=mm&r=g\",\"contentUrl\":\"https:\/\/secure.gravatar.com\/avatar\/363a4977321cb6fa3321b7ac93139b68e56af77880ae9fd5a3b2e7a8279f6d74?s=96&d=mm&r=g\",\"caption\":\"gmchef\"},\"logo\":{\"@id\":\"https:\/\/blog.glutenmenteschef.hu\/#\/schema\/person\/image\/\"},\"sameAs\":[\"https:\/\/www.facebook.com\/aglutenmentessef\"]}]}<\/script>\n<!-- \/ Yoast SEO plugin. -->","yoast_head_json":{"title":"K\u00d6RT\u00c9S MADULATORTA ( ALMONDINE ) GLUT\u00c9NMENTESEN &#8211; Glut\u00e9nmentes Chef blog - \u00c1tol Tibor","description":"Ritka az olyan desszert, amit ilyen egyszer\u0171 elk\u00e9sz\u00edteni \u00e9s ennyire finom. Ez a k\u00f6rt\u00e9s mandulatorta el\u00e9g gyorsan az egyik kedvenc\u00fcnk lett. Eredend\u0151en glut\u00e9nmentes, hisz finomra \u0151r\u00f6lt mandul\u00e1t haszn\u00e1lunk. A k\u00f6rte helyett alma vagy anan\u00e1sz is ker\u00fclhet a s\u00fcti tetej\u00e9re. Azonban, ha friss gy\u00fcm\u00f6lcs\u00f6t haszn\u00e1lunk, akkor el\u0151tte mindenk\u00e9ppen k\u00e9sz\u00edts\u00fcnk bel\u0151le komp\u00f3tot, a lenti le\u00edr\u00e1s szerint.","robots":{"index":"index","follow":"follow","max-snippet":"max-snippet:-1","max-image-preview":"max-image-preview:large","max-video-preview":"max-video-preview:-1"},"canonical":"http:\/\/blog.glutenmenteschef.hu\/index.php\/2024\/10\/30\/kortes-madulatorta-almondine-glutenmentesen\/","og_locale":"hu_HU","og_type":"article","og_title":"K\u00d6RT\u00c9S MADULATORTA ( ALMONDINE ) GLUT\u00c9NMENTESEN &#8211; Glut\u00e9nmentes Chef blog - \u00c1tol Tibor","og_description":"Ritka az olyan desszert, amit ilyen egyszer\u0171 elk\u00e9sz\u00edteni \u00e9s ennyire finom. Ez a k\u00f6rt\u00e9s mandulatorta el\u00e9g gyorsan az egyik kedvenc\u00fcnk lett. Eredend\u0151en glut\u00e9nmentes, hisz finomra \u0151r\u00f6lt mandul\u00e1t haszn\u00e1lunk. A k\u00f6rte helyett alma vagy anan\u00e1sz is ker\u00fclhet a s\u00fcti tetej\u00e9re. Azonban, ha friss gy\u00fcm\u00f6lcs\u00f6t haszn\u00e1lunk, akkor el\u0151tte mindenk\u00e9ppen k\u00e9sz\u00edts\u00fcnk bel\u0151le komp\u00f3tot, a lenti le\u00edr\u00e1s szerint.","og_url":"http:\/\/blog.glutenmenteschef.hu\/index.php\/2024\/10\/30\/kortes-madulatorta-almondine-glutenmentesen\/","og_site_name":"Glut\u00e9nmentes Chef blog - \u00c1tol Tibor","article_publisher":"https:\/\/www.facebook.com\/aglutenmentessef","article_author":"https:\/\/www.facebook.com\/aglutenmentessef","article_published_time":"2024-10-30T21:46:09+00:00","article_modified_time":"2026-03-22T19:28:31+00:00","og_image":[{"width":1024,"height":768,"url":"http:\/\/blog.glutenmenteschef.hu\/wp-content\/uploads\/2024\/10\/Kortes-mandulatorta-1.jpg","type":"image\/jpeg"}],"author":"gmchef","twitter_card":"summary_large_image","twitter_misc":{"Szerz\u0151:":"gmchef","Becs\u00fclt olvas\u00e1si id\u0151":"4 perc"},"schema":{"@context":"https:\/\/schema.org","@graph":[{"@type":"Article","@id":"http:\/\/blog.glutenmenteschef.hu\/index.php\/2024\/10\/30\/kortes-madulatorta-almondine-glutenmentesen\/#article","isPartOf":{"@id":"http:\/\/blog.glutenmenteschef.hu\/index.php\/2024\/10\/30\/kortes-madulatorta-almondine-glutenmentesen\/"},"author":{"name":"gmchef","@id":"https:\/\/blog.glutenmenteschef.hu\/#\/schema\/person\/c07613f0b6c0f12f90b8cb23cf32754a"},"headline":"K\u00d6RT\u00c9S MADULATORTA ( ALMONDINE ) GLUT\u00c9NMENTESEN","datePublished":"2024-10-30T21:46:09+00:00","dateModified":"2026-03-22T19:28:31+00:00","mainEntityOfPage":{"@id":"http:\/\/blog.glutenmenteschef.hu\/index.php\/2024\/10\/30\/kortes-madulatorta-almondine-glutenmentesen\/"},"wordCount":542,"commentCount":0,"publisher":{"@id":"https:\/\/blog.glutenmenteschef.hu\/#\/schema\/person\/c07613f0b6c0f12f90b8cb23cf32754a"},"image":{"@id":"http:\/\/blog.glutenmenteschef.hu\/index.php\/2024\/10\/30\/kortes-madulatorta-almondine-glutenmentesen\/#primaryimage"},"thumbnailUrl":"http:\/\/blog.glutenmenteschef.hu\/wp-content\/uploads\/2024\/10\/Kortes-mandulatorta-1.jpg","keywords":["almondine","glut\u00e9nmentes","mandulaliszt","mandulatorta","recept","tejmentes"],"articleSection":["Desszert-S\u00fctem\u00e9ny"],"inLanguage":"hu","potentialAction":[{"@type":"CommentAction","name":"Comment","target":["http:\/\/blog.glutenmenteschef.hu\/index.php\/2024\/10\/30\/kortes-madulatorta-almondine-glutenmentesen\/#respond"]}]},{"@type":"WebPage","@id":"http:\/\/blog.glutenmenteschef.hu\/index.php\/2024\/10\/30\/kortes-madulatorta-almondine-glutenmentesen\/","url":"http:\/\/blog.glutenmenteschef.hu\/index.php\/2024\/10\/30\/kortes-madulatorta-almondine-glutenmentesen\/","name":"K\u00d6RT\u00c9S MADULATORTA ( ALMONDINE ) GLUT\u00c9NMENTESEN &#8211; Glut\u00e9nmentes Chef blog - \u00c1tol Tibor","isPartOf":{"@id":"https:\/\/blog.glutenmenteschef.hu\/#website"},"primaryImageOfPage":{"@id":"http:\/\/blog.glutenmenteschef.hu\/index.php\/2024\/10\/30\/kortes-madulatorta-almondine-glutenmentesen\/#primaryimage"},"image":{"@id":"http:\/\/blog.glutenmenteschef.hu\/index.php\/2024\/10\/30\/kortes-madulatorta-almondine-glutenmentesen\/#primaryimage"},"thumbnailUrl":"http:\/\/blog.glutenmenteschef.hu\/wp-content\/uploads\/2024\/10\/Kortes-mandulatorta-1.jpg","datePublished":"2024-10-30T21:46:09+00:00","dateModified":"2026-03-22T19:28:31+00:00","description":"Ritka az olyan desszert, amit ilyen egyszer\u0171 elk\u00e9sz\u00edteni \u00e9s ennyire finom. Ez a k\u00f6rt\u00e9s mandulatorta el\u00e9g gyorsan az egyik kedvenc\u00fcnk lett. Eredend\u0151en glut\u00e9nmentes, hisz finomra \u0151r\u00f6lt mandul\u00e1t haszn\u00e1lunk. A k\u00f6rte helyett alma vagy anan\u00e1sz is ker\u00fclhet a s\u00fcti tetej\u00e9re. Azonban, ha friss gy\u00fcm\u00f6lcs\u00f6t haszn\u00e1lunk, akkor el\u0151tte mindenk\u00e9ppen k\u00e9sz\u00edts\u00fcnk bel\u0151le komp\u00f3tot, a lenti le\u00edr\u00e1s szerint.","breadcrumb":{"@id":"http:\/\/blog.glutenmenteschef.hu\/index.php\/2024\/10\/30\/kortes-madulatorta-almondine-glutenmentesen\/#breadcrumb"},"inLanguage":"hu","potentialAction":[{"@type":"ReadAction","target":["http:\/\/blog.glutenmenteschef.hu\/index.php\/2024\/10\/30\/kortes-madulatorta-almondine-glutenmentesen\/"]}]},{"@type":"ImageObject","inLanguage":"hu","@id":"http:\/\/blog.glutenmenteschef.hu\/index.php\/2024\/10\/30\/kortes-madulatorta-almondine-glutenmentesen\/#primaryimage","url":"http:\/\/blog.glutenmenteschef.hu\/wp-content\/uploads\/2024\/10\/Kortes-mandulatorta-1.jpg","contentUrl":"http:\/\/blog.glutenmenteschef.hu\/wp-content\/uploads\/2024\/10\/Kortes-mandulatorta-1.jpg","width":1024,"height":768},{"@type":"BreadcrumbList","@id":"http:\/\/blog.glutenmenteschef.hu\/index.php\/2024\/10\/30\/kortes-madulatorta-almondine-glutenmentesen\/#breadcrumb","itemListElement":[{"@type":"ListItem","position":1,"name":"Home","item":"https:\/\/blog.glutenmenteschef.hu\/"},{"@type":"ListItem","position":2,"name":"K\u00d6RT\u00c9S MADULATORTA ( ALMONDINE ) GLUT\u00c9NMENTESEN"}]},{"@type":"WebSite","@id":"https:\/\/blog.glutenmenteschef.hu\/#website","url":"https:\/\/blog.glutenmenteschef.hu\/","name":"Glut\u00e9nmentes Chef blog - \u00c1tol Tibor","description":"Glut\u00e9nmentes \u00e9telek, glut\u00e9nmentes receptek, glut\u00e9nmentes vide\u00f3k","publisher":{"@id":"https:\/\/blog.glutenmenteschef.hu\/#\/schema\/person\/c07613f0b6c0f12f90b8cb23cf32754a"},"potentialAction":[{"@type":"SearchAction","target":{"@type":"EntryPoint","urlTemplate":"https:\/\/blog.glutenmenteschef.hu\/?s={search_term_string}"},"query-input":{"@type":"PropertyValueSpecification","valueRequired":true,"valueName":"search_term_string"}}],"inLanguage":"hu"},{"@type":["Person","Organization"],"@id":"https:\/\/blog.glutenmenteschef.hu\/#\/schema\/person\/c07613f0b6c0f12f90b8cb23cf32754a","name":"gmchef","image":{"@type":"ImageObject","inLanguage":"hu","@id":"https:\/\/blog.glutenmenteschef.hu\/#\/schema\/person\/image\/","url":"https:\/\/secure.gravatar.com\/avatar\/363a4977321cb6fa3321b7ac93139b68e56af77880ae9fd5a3b2e7a8279f6d74?s=96&d=mm&r=g","contentUrl":"https:\/\/secure.gravatar.com\/avatar\/363a4977321cb6fa3321b7ac93139b68e56af77880ae9fd5a3b2e7a8279f6d74?s=96&d=mm&r=g","caption":"gmchef"},"logo":{"@id":"https:\/\/blog.glutenmenteschef.hu\/#\/schema\/person\/image\/"},"sameAs":["https:\/\/www.facebook.com\/aglutenmentessef"]}]}},"_links":{"self":[{"href":"http:\/\/blog.glutenmenteschef.hu\/index.php\/wp-json\/wp\/v2\/posts\/31218","targetHints":{"allow":["GET"]}}],"collection":[{"href":"http:\/\/blog.glutenmenteschef.hu\/index.php\/wp-json\/wp\/v2\/posts"}],"about":[{"href":"http:\/\/blog.glutenmenteschef.hu\/index.php\/wp-json\/wp\/v2\/types\/post"}],"author":[{"embeddable":true,"href":"http:\/\/blog.glutenmenteschef.hu\/index.php\/wp-json\/wp\/v2\/users\/1"}],"replies":[{"embeddable":true,"href":"http:\/\/blog.glutenmenteschef.hu\/index.php\/wp-json\/wp\/v2\/comments?post=31218"}],"version-history":[{"count":1,"href":"http:\/\/blog.glutenmenteschef.hu\/index.php\/wp-json\/wp\/v2\/posts\/31218\/revisions"}],"predecessor-version":[{"id":31841,"href":"http:\/\/blog.glutenmenteschef.hu\/index.php\/wp-json\/wp\/v2\/posts\/31218\/revisions\/31841"}],"wp:featuredmedia":[{"embeddable":true,"href":"http:\/\/blog.glutenmenteschef.hu\/index.php\/wp-json\/wp\/v2\/media\/31236"}],"wp:attachment":[{"href":"http:\/\/blog.glutenmenteschef.hu\/index.php\/wp-json\/wp\/v2\/media?parent=31218"}],"wp:term":[{"taxonomy":"category","embeddable":true,"href":"http:\/\/blog.glutenmenteschef.hu\/index.php\/wp-json\/wp\/v2\/categories?post=31218"},{"taxonomy":"post_tag","embeddable":true,"href":"http:\/\/blog.glutenmenteschef.hu\/index.php\/wp-json\/wp\/v2\/tags?post=31218"}],"curies":[{"name":"wp","href":"https:\/\/api.w.org\/{rel}","templated":true}]}}