{"id":30967,"date":"2024-03-09T22:33:00","date_gmt":"2024-03-09T22:33:00","guid":{"rendered":"https:\/\/blog.glutenmenteschef.hu\/?p=30967"},"modified":"2024-03-14T08:38:03","modified_gmt":"2024-03-14T08:38:03","slug":"glutenmentes-kifli-zsemle-nutrifree-miscela-piu-lisztkeverekbol","status":"publish","type":"post","link":"http:\/\/blog.glutenmenteschef.hu\/index.php\/2024\/03\/09\/glutenmentes-kifli-zsemle-nutrifree-miscela-piu-lisztkeverekbol\/","title":{"rendered":"GLUT\u00c9NMENTES KIFLI &#8211; ZSEMLE NUTRIFREE MISCELA PI\u00da LISZTKEVER\u00c9KB\u0150L"},"content":{"rendered":"\n<h3 class=\"wp-block-heading has-text-align-center\"><strong>Glut\u00e9nmentes<\/strong> <strong>Kifli &#8211; Zsemle Nutrifree Miscela Pi\u00fa lisztkever\u00e9kb\u0151l<\/strong><br><br><br><\/h3>\n\n\n\n<p>A Nutrifree leg\u00fajabb glut\u00e9nmentes lisztkever\u00e9k\u00e9b\u0151l a Miscela pi\u00fab\u00f3l s\u00fct\u00f6ttem kiflit \u00e9s a zseml\u00e9t. Ez a lisztkever\u00e9k c\u00f6li\u00e1ki\u00e1sok \u00e1ltal is fogyaszthat\u00f3 glut\u00e9nmentes b\u00fazakem\u00e9ny\u00edt\u0151t tartalmaz, ett\u0151l m\u00e9g ink\u00e1bb hasonl\u00edt illatra, \u00edzre \u00e9s \u00e1llagra is a hagyom\u00e1nyos p\u00e9ks\u00fctikhez. <br><br><br><br><\/p>\n\n\n\n<p><\/p>\n\n\n<div class=\"wp-block-image\">\n<figure class=\"aligncenter size-full is-resized\"><img loading=\"lazy\" decoding=\"async\" width=\"1024\" height=\"768\" src=\"https:\/\/blog.glutenmenteschef.hu\/wp-content\/uploads\/2024\/02\/Kifli-Nutrifree-Miscela-piu-15.jpg\" alt=\"\" class=\"wp-image-30980\" style=\"width:768px;height:576px\" srcset=\"http:\/\/blog.glutenmenteschef.hu\/wp-content\/uploads\/2024\/02\/Kifli-Nutrifree-Miscela-piu-15.jpg 1024w, http:\/\/blog.glutenmenteschef.hu\/wp-content\/uploads\/2024\/02\/Kifli-Nutrifree-Miscela-piu-15-300x225.jpg 300w, http:\/\/blog.glutenmenteschef.hu\/wp-content\/uploads\/2024\/02\/Kifli-Nutrifree-Miscela-piu-15-768x576.jpg 768w\" sizes=\"auto, (max-width: 1024px) 100vw, 1024px\" \/><figcaption class=\"wp-element-caption\">Kifli Nutrifree lisztkever\u00e9kb\u0151l<br><br><br><\/figcaption><\/figure>\n<\/div>\n\n\n<h5 class=\"wp-block-heading has-text-align-center\"><strong>Hozz\u00e1val\u00f3k:<\/strong><\/h5>\n\n\n\n<p class=\"has-text-align-center\">250 g Nutrifree Miscela Piu lisztkever\u00e9k<br>5 g por\u00e9leszt\u0151 ( Haas vagy Dr. Oetker )<br>10 g cukor<br>10 g olaj<br>210 g v\u00edz<br>3 csipet s\u00f3<br><br><br><\/p>\n\n\n\n<figure class=\"wp-block-embed is-type-video is-provider-youtube wp-block-embed-youtube wp-embed-aspect-16-9 wp-has-aspect-ratio\"><div class=\"wp-block-embed__wrapper\">\n<iframe loading=\"lazy\" title=\"Kifli glut\u00e9nmentesen\" width=\"900\" height=\"506\" src=\"https:\/\/www.youtube.com\/embed\/9_k474sNKJ4?feature=oembed\" frameborder=\"0\" allow=\"accelerometer; autoplay; clipboard-write; encrypted-media; gyroscope; picture-in-picture; web-share\" allowfullscreen><\/iframe>\n<\/div><\/figure>\n\n\n\n<p><br><br><br>A s\u00fct\u0151t als\u00f3-fels\u0151 s\u00fct\u00e9si m\u00f3dozaton 50 fokra meleg\u00edts\u00fck el\u0151.<br><\/p>\n\n\n\n<p>A kever\u0151t\u00e1lba el\u0151sz\u00f6r a sz\u00e1raz hozz\u00e1val\u00f3kat tegy\u00fck, majd az olvasztott kacsazs\u00edrt. Ind\u00edtsuk el a kever\u0151lap\u00e1tot \u00e9s folyamatos kever\u00e9s mellett \u00f6nts\u00fck hozz\u00e1 a langyos vizet. Dagaszt\u00f3g\u00e9p eset\u00e9n k\u00f6zepesen er\u0151s sebess\u00e9gen minimum 3-5 perc, k\u00e9zi mixer eset\u00e9n minimum 10 perc alatt keverj\u00fck \u00f6ssze alaposan a hozz\u00e1val\u00f3kat.<br><\/p>\n\n\n\n<h5 class=\"wp-block-heading\"><strong>Form\u00e1z\u00e1s:<\/strong><\/h5>\n\n\n\n<p>V\u00e9konyan olajozott s\u00fct\u0151pap\u00edrra vagy a ny\u00fajt\u00f3deszk\u00e1ra ford\u00edtjuk a t\u00e9szt\u00e1t. Olajos k\u00e9zzel p\u00e1r mozdulattal \u00e1tgy\u00farjuk \u00e9s gomb\u00f3cc\u00e1 form\u00e1ljuk. <br>M\u00e9rleg seg\u00edts\u00e9g\u00e9vel egyforma adagokra szedj\u00fck. Ha kiflit szeretn\u00e9nk k\u00e9zzel h\u00e1romsz\u00f6g form\u00e1ra alak\u00edtjuk, majd ny\u00fajt\u00f3f\u00e1val a form\u00e1t megtartva eg\u00e9sz v\u00e9konyra kb. 2 mm-re ny\u00fajtjuk. A kb. 10 cm sz\u00e9les talpn\u00e1l kezdve szorosan! felhajtjuk, majd k\u00f6z\u00e9pr\u0151l kifel\u00e9 sodorva feltekerj\u00fck a t\u00e9szt\u00e1t.<\/p>\n\n\n\n<p>A zseml\u00e9hez egyszer\u0171en csak gomb\u00f3cokk\u00e1 form\u00e1ljuk, majd a deszk\u00e1n laz\u00e1n k\u00f6rbe-k\u00f6rbe g\u00f6rgetj\u00fck.<br><\/p>\n\n\n\n<h5 class=\"wp-block-heading\"><strong>S\u00c9F TIPP:<\/strong><\/h5>\n\n\n\n<p>\u00dcgyelj\u00fcnk r\u00e1, hogy \u00fagy fejezz\u00fck be a kiflin a teker\u00e9st, hogy a v\u00e9kony cs\u00fccs\u00f6k alulra ker\u00fclj\u00f6n, \u00edgy a s\u00fct\u00e9s sor\u00e1n nem fog kiny\u00edlni.<br><br><\/p>\n\n\n\n<figure class=\"wp-block-gallery aligncenter has-nested-images columns-default is-cropped wp-block-gallery-1 is-layout-flex wp-block-gallery-is-layout-flex\">\n<figure class=\"wp-block-image size-full\"><img loading=\"lazy\" decoding=\"async\" width=\"1024\" height=\"768\" data-id=\"30992\" src=\"https:\/\/blog.glutenmenteschef.hu\/wp-content\/uploads\/2024\/02\/Kifli-Nutrifree-Miscela-piu-4.jpg\" alt=\"\" class=\"wp-image-30992\" srcset=\"http:\/\/blog.glutenmenteschef.hu\/wp-content\/uploads\/2024\/02\/Kifli-Nutrifree-Miscela-piu-4.jpg 1024w, http:\/\/blog.glutenmenteschef.hu\/wp-content\/uploads\/2024\/02\/Kifli-Nutrifree-Miscela-piu-4-300x225.jpg 300w, http:\/\/blog.glutenmenteschef.hu\/wp-content\/uploads\/2024\/02\/Kifli-Nutrifree-Miscela-piu-4-768x576.jpg 768w\" sizes=\"auto, (max-width: 1024px) 100vw, 1024px\" \/><\/figure>\n\n\n\n<figure class=\"wp-block-image size-full\"><img loading=\"lazy\" decoding=\"async\" width=\"1024\" height=\"768\" data-id=\"30975\" src=\"https:\/\/blog.glutenmenteschef.hu\/wp-content\/uploads\/2024\/02\/Kifli-Nutrifree-Miscela-piu-5.jpg\" alt=\"\" class=\"wp-image-30975\" srcset=\"http:\/\/blog.glutenmenteschef.hu\/wp-content\/uploads\/2024\/02\/Kifli-Nutrifree-Miscela-piu-5.jpg 1024w, http:\/\/blog.glutenmenteschef.hu\/wp-content\/uploads\/2024\/02\/Kifli-Nutrifree-Miscela-piu-5-300x225.jpg 300w, http:\/\/blog.glutenmenteschef.hu\/wp-content\/uploads\/2024\/02\/Kifli-Nutrifree-Miscela-piu-5-768x576.jpg 768w\" sizes=\"auto, (max-width: 1024px) 100vw, 1024px\" \/><\/figure>\n<\/figure>\n\n\n\n<p><br><br><br>S\u00fct\u0151pap\u00edrral b\u00e9lelt tepsire helyezz\u00fck a kifliket, ecset seg\u00edts\u00e9g\u00e9vel zsirad\u00e9kkal \u00e1tkenj\u00fck a fel\u00fclet\u00fcket, majd az 50 fokra el\u0151meleg\u00edtett s\u00fct\u0151be helyezz\u00fck \u00e9s 25 percig kelesztj\u00fck.<br><br><\/p>\n\n\n\n<figure class=\"wp-block-gallery aligncenter has-nested-images columns-default is-cropped wp-block-gallery-2 is-layout-flex wp-block-gallery-is-layout-flex\">\n<figure class=\"wp-block-image size-full\"><img loading=\"lazy\" decoding=\"async\" width=\"1024\" height=\"768\" data-id=\"30976\" src=\"https:\/\/blog.glutenmenteschef.hu\/wp-content\/uploads\/2024\/02\/Kifli-Nutrifree-Miscela-piu-12.jpg\" alt=\"\" class=\"wp-image-30976\" srcset=\"http:\/\/blog.glutenmenteschef.hu\/wp-content\/uploads\/2024\/02\/Kifli-Nutrifree-Miscela-piu-12.jpg 1024w, http:\/\/blog.glutenmenteschef.hu\/wp-content\/uploads\/2024\/02\/Kifli-Nutrifree-Miscela-piu-12-300x225.jpg 300w, http:\/\/blog.glutenmenteschef.hu\/wp-content\/uploads\/2024\/02\/Kifli-Nutrifree-Miscela-piu-12-768x576.jpg 768w\" sizes=\"auto, (max-width: 1024px) 100vw, 1024px\" \/><\/figure>\n\n\n\n<figure class=\"wp-block-image size-full\"><img loading=\"lazy\" decoding=\"async\" width=\"1024\" height=\"768\" data-id=\"30993\" src=\"https:\/\/blog.glutenmenteschef.hu\/wp-content\/uploads\/2024\/02\/Kifli-Zsemle-Nutrifree-Miscela-piu-7.jpg\" alt=\"\" class=\"wp-image-30993\" srcset=\"http:\/\/blog.glutenmenteschef.hu\/wp-content\/uploads\/2024\/02\/Kifli-Zsemle-Nutrifree-Miscela-piu-7.jpg 1024w, http:\/\/blog.glutenmenteschef.hu\/wp-content\/uploads\/2024\/02\/Kifli-Zsemle-Nutrifree-Miscela-piu-7-300x225.jpg 300w, http:\/\/blog.glutenmenteschef.hu\/wp-content\/uploads\/2024\/02\/Kifli-Zsemle-Nutrifree-Miscela-piu-7-768x576.jpg 768w\" sizes=\"auto, (max-width: 1024px) 100vw, 1024px\" \/><\/figure>\n<\/figure>\n\n\n\n<p><br><br>Az id\u0151 lej\u00e1rta ut\u00e1n a h\u0151fokszab\u00e1lyz\u00f3t 200 fokra tekerem. Am\u00edg a s\u00fct\u0151 50-r\u0151l 200 fokra melegszik, v\u00e9gig bent maradnak a kiflik. Ha el\u00e9rte a k\u00edv\u00e1nt h\u0151fokot, be\u00e1ll\u00edtom a 18 perc s\u00fct\u00e9si id\u0151t, tov\u00e1bbra is az als\u00f3-fels\u0151 s\u00fct\u00e9si m\u00f3dozaton hagyva, majd ennek lej\u00e1rta ut\u00e1n m\u00e9g 5 perc 220 fok h\u0151l\u00e9gkever\u00e9sen s\u00fct\u00f6m . <\/p>\n\n\n\n<p>Miut\u00e1n megs\u00fcltek, egy r\u00e1csra tegy\u00fck \u00e1t, a felsz\u00edn\u00e9t m\u00e9g forr\u00f3n, ecset vagy vir\u00e1gokhoz haszn\u00e1lt spiccel\u0151 seg\u00edts\u00e9g\u00e9vel kenj\u00fcnk \u00e1t, f\u00fajjuk be egy kev\u00e9s v\u00edzzel, majd hagyjuk kih\u0171lni.<br><\/p>\n\n\n\n<h5 class=\"wp-block-heading\"><strong>T\u00e1rol\u00e1s:<\/strong><\/h5>\n\n\n\n<p>Z\u00e1rhat\u00f3 nejlonzacsk\u00f3ban ( zippes uzsis zacsk\u00f3 ) a h\u0171t\u0151ben tartom. Fogyaszt\u00e1s el\u0151tt 20-30 m\u00e1sodpercre a keny\u00e9rpir\u00edt\u00f3ba teszem, \u00edgy m\u00e9g nem lesz pir\u00edt\u00f3s bel\u0151le, de az \u00e1llaga teljesen felfriss\u00fcl. Nek\u00fcnk ez v\u00e1lt be, \u00edgy 4-5 napig sim\u00e1n ehet\u0151 b\u00e1rmilyen p\u00e9k\u00e1ru. ( keny\u00e9r, kifli, zsemle )<br><br><br><\/p>\n\n\n<div class=\"wp-block-image\">\n<figure class=\"aligncenter size-full is-resized\"><img loading=\"lazy\" decoding=\"async\" width=\"1024\" height=\"1365\" src=\"https:\/\/blog.glutenmenteschef.hu\/wp-content\/uploads\/2024\/02\/Kifli-Zsemle-Nutrifree-Miscela-piu-9-aaa.jpg\" alt=\"\" class=\"wp-image-30997\" style=\"width:512px;height:683px\" srcset=\"http:\/\/blog.glutenmenteschef.hu\/wp-content\/uploads\/2024\/02\/Kifli-Zsemle-Nutrifree-Miscela-piu-9-aaa.jpg 1024w, http:\/\/blog.glutenmenteschef.hu\/wp-content\/uploads\/2024\/02\/Kifli-Zsemle-Nutrifree-Miscela-piu-9-aaa-225x300.jpg 225w, http:\/\/blog.glutenmenteschef.hu\/wp-content\/uploads\/2024\/02\/Kifli-Zsemle-Nutrifree-Miscela-piu-9-aaa-768x1024.jpg 768w\" sizes=\"auto, (max-width: 1024px) 100vw, 1024px\" \/><figcaption class=\"wp-element-caption\">Kifli \u00e9s zsemle Nutrifree Miscela Piu lisztkever\u00e9kkel<br><\/figcaption><\/figure>\n<\/div>","protected":false},"excerpt":{"rendered":"<p>Glut\u00e9nmentes Kifli &#8211; Zsemle Nutrifree Miscela Pi\u00fa lisztkever\u00e9kb\u0151l A Nutrifree leg\u00fajabb glut\u00e9nmentes lisztkever\u00e9k\u00e9b\u0151l a Miscela pi\u00fab\u00f3l s\u00fct\u00f6ttem kiflit \u00e9s a zseml\u00e9t. Ez a lisztkever\u00e9k c\u00f6li\u00e1ki\u00e1sok \u00e1ltal is fogyaszthat\u00f3 glut\u00e9nmentes b\u00fazakem\u00e9ny\u00edt\u0151t tartalmaz, ett\u0151l m\u00e9g ink\u00e1bb hasonl\u00edt illatra, \u00edzre \u00e9s \u00e1llagra is a hagyom\u00e1nyos p\u00e9ks\u00fctikhez. Hozz\u00e1val\u00f3k: 250 g Nutrifree Miscela Piu lisztkever\u00e9k5 g por\u00e9leszt\u0151 ( Haas vagy <br \/><a class=\"more\" href=\"http:\/\/blog.glutenmenteschef.hu\/index.php\/2024\/03\/09\/glutenmentes-kifli-zsemle-nutrifree-miscela-piu-lisztkeverekbol\/\">Read more&#8230; <\/a><\/p>\n","protected":false},"author":1,"featured_media":30996,"comment_status":"open","ping_status":"open","sticky":false,"template":"","format":"standard","meta":{"footnotes":""},"categories":[143,488],"tags":[5,575,144,270,314,661,326,97,538],"class_list":["post-30967","post","type-post","status-publish","format-standard","has-post-thumbnail","hentry","category-kenyer-peksutemeny","category-nutrifree-receptek","tag-glutenmentes","tag-glutenmentes-recept","tag-kenyer","tag-kifli","tag-nutrifree","tag-nutrifree-miscela-piu","tag-tejmentes","tag-tojasmentes","tag-zsemle"],"yoast_head":"<!-- This site is optimized with the Yoast SEO plugin v26.5 - https:\/\/yoast.com\/wordpress\/plugins\/seo\/ -->\n<title>GLUT\u00c9NMENTES KIFLI - ZSEMLE NUTRIFREE MISCELA PI\u00da LISZTKEVER\u00c9KB\u0150L &#8211; Glut\u00e9nmentes Chef blog - \u00c1tol Tibor<\/title>\n<meta name=\"description\" content=\"A Nutrifree leg\u00fajabb glut\u00e9nmentes lisztkever\u00e9k\u00e9b\u0151l a Miscela pi\u00fab\u00f3l s\u00fct\u00f6ttem kiflit \u00e9s a zseml\u00e9t. Ez a lisztkever\u00e9k c\u00f6li\u00e1ki\u00e1sok \u00e1ltal is fogyaszthat\u00f3 glut\u00e9nmentes b\u00fazakem\u00e9ny\u00edt\u0151t tartalmaz, ett\u0151l m\u00e9g ink\u00e1bb hasonl\u00edt illatra, \u00edzre \u00e9s \u00e1llagra is a hagyom\u00e1nyos p\u00e9ks\u00fctikhez.\" \/>\n<meta name=\"robots\" content=\"index, follow, max-snippet:-1, max-image-preview:large, max-video-preview:-1\" \/>\n<link rel=\"canonical\" href=\"http:\/\/blog.glutenmenteschef.hu\/index.php\/2024\/03\/09\/glutenmentes-kifli-zsemle-nutrifree-miscela-piu-lisztkeverekbol\/\" \/>\n<meta property=\"og:locale\" content=\"hu_HU\" \/>\n<meta property=\"og:type\" content=\"article\" \/>\n<meta property=\"og:title\" content=\"GLUT\u00c9NMENTES KIFLI - ZSEMLE NUTRIFREE MISCELA PI\u00da LISZTKEVER\u00c9KB\u0150L &#8211; Glut\u00e9nmentes Chef blog - \u00c1tol Tibor\" \/>\n<meta property=\"og:description\" content=\"A Nutrifree leg\u00fajabb glut\u00e9nmentes lisztkever\u00e9k\u00e9b\u0151l a Miscela pi\u00fab\u00f3l s\u00fct\u00f6ttem kiflit \u00e9s a zseml\u00e9t. Ez a lisztkever\u00e9k c\u00f6li\u00e1ki\u00e1sok \u00e1ltal is fogyaszthat\u00f3 glut\u00e9nmentes b\u00fazakem\u00e9ny\u00edt\u0151t tartalmaz, ett\u0151l m\u00e9g ink\u00e1bb hasonl\u00edt illatra, \u00edzre \u00e9s \u00e1llagra is a hagyom\u00e1nyos p\u00e9ks\u00fctikhez.\" \/>\n<meta property=\"og:url\" content=\"http:\/\/blog.glutenmenteschef.hu\/index.php\/2024\/03\/09\/glutenmentes-kifli-zsemle-nutrifree-miscela-piu-lisztkeverekbol\/\" \/>\n<meta property=\"og:site_name\" content=\"Glut\u00e9nmentes Chef blog - \u00c1tol Tibor\" \/>\n<meta property=\"article:publisher\" content=\"https:\/\/www.facebook.com\/aglutenmentessef\" \/>\n<meta property=\"article:author\" content=\"https:\/\/www.facebook.com\/aglutenmentessef\" \/>\n<meta property=\"article:published_time\" content=\"2024-03-09T22:33:00+00:00\" \/>\n<meta property=\"article:modified_time\" content=\"2024-03-14T08:38:03+00:00\" \/>\n<meta property=\"og:image\" content=\"http:\/\/blog.glutenmenteschef.hu\/wp-content\/uploads\/2024\/02\/Kifli-Zsemle-Nutrifree-Miscela-piu-13-aaa.jpg\" \/>\n\t<meta property=\"og:image:width\" content=\"1024\" \/>\n\t<meta property=\"og:image:height\" content=\"768\" \/>\n\t<meta property=\"og:image:type\" content=\"image\/jpeg\" \/>\n<meta name=\"author\" content=\"gmchef\" \/>\n<meta name=\"twitter:card\" content=\"summary_large_image\" \/>\n<meta name=\"twitter:label1\" content=\"Szerz\u0151:\" \/>\n\t<meta name=\"twitter:data1\" content=\"gmchef\" \/>\n\t<meta name=\"twitter:label2\" content=\"Becs\u00fclt olvas\u00e1si id\u0151\" \/>\n\t<meta name=\"twitter:data2\" content=\"4 perc\" \/>\n<script type=\"application\/ld+json\" class=\"yoast-schema-graph\">{\"@context\":\"https:\/\/schema.org\",\"@graph\":[{\"@type\":\"Article\",\"@id\":\"http:\/\/blog.glutenmenteschef.hu\/index.php\/2024\/03\/09\/glutenmentes-kifli-zsemle-nutrifree-miscela-piu-lisztkeverekbol\/#article\",\"isPartOf\":{\"@id\":\"http:\/\/blog.glutenmenteschef.hu\/index.php\/2024\/03\/09\/glutenmentes-kifli-zsemle-nutrifree-miscela-piu-lisztkeverekbol\/\"},\"author\":{\"name\":\"gmchef\",\"@id\":\"https:\/\/blog.glutenmenteschef.hu\/#\/schema\/person\/c07613f0b6c0f12f90b8cb23cf32754a\"},\"headline\":\"GLUT\u00c9NMENTES KIFLI &#8211; ZSEMLE NUTRIFREE MISCELA PI\u00da LISZTKEVER\u00c9KB\u0150L\",\"datePublished\":\"2024-03-09T22:33:00+00:00\",\"dateModified\":\"2024-03-14T08:38:03+00:00\",\"mainEntityOfPage\":{\"@id\":\"http:\/\/blog.glutenmenteschef.hu\/index.php\/2024\/03\/09\/glutenmentes-kifli-zsemle-nutrifree-miscela-piu-lisztkeverekbol\/\"},\"wordCount\":595,\"commentCount\":0,\"publisher\":{\"@id\":\"https:\/\/blog.glutenmenteschef.hu\/#\/schema\/person\/c07613f0b6c0f12f90b8cb23cf32754a\"},\"image\":{\"@id\":\"http:\/\/blog.glutenmenteschef.hu\/index.php\/2024\/03\/09\/glutenmentes-kifli-zsemle-nutrifree-miscela-piu-lisztkeverekbol\/#primaryimage\"},\"thumbnailUrl\":\"http:\/\/blog.glutenmenteschef.hu\/wp-content\/uploads\/2024\/02\/Kifli-Zsemle-Nutrifree-Miscela-piu-13-aaa.jpg\",\"keywords\":[\"glut\u00e9nmentes\",\"glut\u00e9nmentes recept\",\"keny\u00e9r\",\"kifli\",\"nutrifree\",\"nutrifree miscela pi\u00fa\",\"tejmentes\",\"toj\u00e1smentes\",\"zsemle\"],\"articleSection\":[\"Keny\u00e9r \/ p\u00e9ks\u00fctem\u00e9ny\",\"Nutrifree receptek\"],\"inLanguage\":\"hu\",\"potentialAction\":[{\"@type\":\"CommentAction\",\"name\":\"Comment\",\"target\":[\"http:\/\/blog.glutenmenteschef.hu\/index.php\/2024\/03\/09\/glutenmentes-kifli-zsemle-nutrifree-miscela-piu-lisztkeverekbol\/#respond\"]}]},{\"@type\":\"WebPage\",\"@id\":\"http:\/\/blog.glutenmenteschef.hu\/index.php\/2024\/03\/09\/glutenmentes-kifli-zsemle-nutrifree-miscela-piu-lisztkeverekbol\/\",\"url\":\"http:\/\/blog.glutenmenteschef.hu\/index.php\/2024\/03\/09\/glutenmentes-kifli-zsemle-nutrifree-miscela-piu-lisztkeverekbol\/\",\"name\":\"GLUT\u00c9NMENTES KIFLI - ZSEMLE NUTRIFREE MISCELA PI\u00da LISZTKEVER\u00c9KB\u0150L &#8211; Glut\u00e9nmentes Chef blog - \u00c1tol Tibor\",\"isPartOf\":{\"@id\":\"https:\/\/blog.glutenmenteschef.hu\/#website\"},\"primaryImageOfPage\":{\"@id\":\"http:\/\/blog.glutenmenteschef.hu\/index.php\/2024\/03\/09\/glutenmentes-kifli-zsemle-nutrifree-miscela-piu-lisztkeverekbol\/#primaryimage\"},\"image\":{\"@id\":\"http:\/\/blog.glutenmenteschef.hu\/index.php\/2024\/03\/09\/glutenmentes-kifli-zsemle-nutrifree-miscela-piu-lisztkeverekbol\/#primaryimage\"},\"thumbnailUrl\":\"http:\/\/blog.glutenmenteschef.hu\/wp-content\/uploads\/2024\/02\/Kifli-Zsemle-Nutrifree-Miscela-piu-13-aaa.jpg\",\"datePublished\":\"2024-03-09T22:33:00+00:00\",\"dateModified\":\"2024-03-14T08:38:03+00:00\",\"description\":\"A Nutrifree leg\u00fajabb glut\u00e9nmentes lisztkever\u00e9k\u00e9b\u0151l a Miscela pi\u00fab\u00f3l s\u00fct\u00f6ttem kiflit \u00e9s a zseml\u00e9t. Ez a lisztkever\u00e9k c\u00f6li\u00e1ki\u00e1sok \u00e1ltal is fogyaszthat\u00f3 glut\u00e9nmentes b\u00fazakem\u00e9ny\u00edt\u0151t tartalmaz, ett\u0151l m\u00e9g ink\u00e1bb hasonl\u00edt illatra, \u00edzre \u00e9s \u00e1llagra is a hagyom\u00e1nyos p\u00e9ks\u00fctikhez.\",\"breadcrumb\":{\"@id\":\"http:\/\/blog.glutenmenteschef.hu\/index.php\/2024\/03\/09\/glutenmentes-kifli-zsemle-nutrifree-miscela-piu-lisztkeverekbol\/#breadcrumb\"},\"inLanguage\":\"hu\",\"potentialAction\":[{\"@type\":\"ReadAction\",\"target\":[\"http:\/\/blog.glutenmenteschef.hu\/index.php\/2024\/03\/09\/glutenmentes-kifli-zsemle-nutrifree-miscela-piu-lisztkeverekbol\/\"]}]},{\"@type\":\"ImageObject\",\"inLanguage\":\"hu\",\"@id\":\"http:\/\/blog.glutenmenteschef.hu\/index.php\/2024\/03\/09\/glutenmentes-kifli-zsemle-nutrifree-miscela-piu-lisztkeverekbol\/#primaryimage\",\"url\":\"http:\/\/blog.glutenmenteschef.hu\/wp-content\/uploads\/2024\/02\/Kifli-Zsemle-Nutrifree-Miscela-piu-13-aaa.jpg\",\"contentUrl\":\"http:\/\/blog.glutenmenteschef.hu\/wp-content\/uploads\/2024\/02\/Kifli-Zsemle-Nutrifree-Miscela-piu-13-aaa.jpg\",\"width\":1024,\"height\":768},{\"@type\":\"BreadcrumbList\",\"@id\":\"http:\/\/blog.glutenmenteschef.hu\/index.php\/2024\/03\/09\/glutenmentes-kifli-zsemle-nutrifree-miscela-piu-lisztkeverekbol\/#breadcrumb\",\"itemListElement\":[{\"@type\":\"ListItem\",\"position\":1,\"name\":\"Home\",\"item\":\"https:\/\/blog.glutenmenteschef.hu\/\"},{\"@type\":\"ListItem\",\"position\":2,\"name\":\"GLUT\u00c9NMENTES KIFLI &#8211; ZSEMLE NUTRIFREE MISCELA PI\u00da LISZTKEVER\u00c9KB\u0150L\"}]},{\"@type\":\"WebSite\",\"@id\":\"https:\/\/blog.glutenmenteschef.hu\/#website\",\"url\":\"https:\/\/blog.glutenmenteschef.hu\/\",\"name\":\"Glut\u00e9nmentes Chef blog - \u00c1tol Tibor\",\"description\":\"Glut\u00e9nmentes \u00e9telek, glut\u00e9nmentes receptek, glut\u00e9nmentes vide\u00f3k\",\"publisher\":{\"@id\":\"https:\/\/blog.glutenmenteschef.hu\/#\/schema\/person\/c07613f0b6c0f12f90b8cb23cf32754a\"},\"potentialAction\":[{\"@type\":\"SearchAction\",\"target\":{\"@type\":\"EntryPoint\",\"urlTemplate\":\"https:\/\/blog.glutenmenteschef.hu\/?s={search_term_string}\"},\"query-input\":{\"@type\":\"PropertyValueSpecification\",\"valueRequired\":true,\"valueName\":\"search_term_string\"}}],\"inLanguage\":\"hu\"},{\"@type\":[\"Person\",\"Organization\"],\"@id\":\"https:\/\/blog.glutenmenteschef.hu\/#\/schema\/person\/c07613f0b6c0f12f90b8cb23cf32754a\",\"name\":\"gmchef\",\"image\":{\"@type\":\"ImageObject\",\"inLanguage\":\"hu\",\"@id\":\"https:\/\/blog.glutenmenteschef.hu\/#\/schema\/person\/image\/\",\"url\":\"https:\/\/secure.gravatar.com\/avatar\/363a4977321cb6fa3321b7ac93139b68e56af77880ae9fd5a3b2e7a8279f6d74?s=96&d=mm&r=g\",\"contentUrl\":\"https:\/\/secure.gravatar.com\/avatar\/363a4977321cb6fa3321b7ac93139b68e56af77880ae9fd5a3b2e7a8279f6d74?s=96&d=mm&r=g\",\"caption\":\"gmchef\"},\"logo\":{\"@id\":\"https:\/\/blog.glutenmenteschef.hu\/#\/schema\/person\/image\/\"},\"sameAs\":[\"https:\/\/www.facebook.com\/aglutenmentessef\"]}]}<\/script>\n<!-- \/ Yoast SEO plugin. -->","yoast_head_json":{"title":"GLUT\u00c9NMENTES KIFLI - ZSEMLE NUTRIFREE MISCELA PI\u00da LISZTKEVER\u00c9KB\u0150L &#8211; Glut\u00e9nmentes Chef blog - \u00c1tol Tibor","description":"A Nutrifree leg\u00fajabb glut\u00e9nmentes lisztkever\u00e9k\u00e9b\u0151l a Miscela pi\u00fab\u00f3l s\u00fct\u00f6ttem kiflit \u00e9s a zseml\u00e9t. Ez a lisztkever\u00e9k c\u00f6li\u00e1ki\u00e1sok \u00e1ltal is fogyaszthat\u00f3 glut\u00e9nmentes b\u00fazakem\u00e9ny\u00edt\u0151t tartalmaz, ett\u0151l m\u00e9g ink\u00e1bb hasonl\u00edt illatra, \u00edzre \u00e9s \u00e1llagra is a hagyom\u00e1nyos p\u00e9ks\u00fctikhez.","robots":{"index":"index","follow":"follow","max-snippet":"max-snippet:-1","max-image-preview":"max-image-preview:large","max-video-preview":"max-video-preview:-1"},"canonical":"http:\/\/blog.glutenmenteschef.hu\/index.php\/2024\/03\/09\/glutenmentes-kifli-zsemle-nutrifree-miscela-piu-lisztkeverekbol\/","og_locale":"hu_HU","og_type":"article","og_title":"GLUT\u00c9NMENTES KIFLI - ZSEMLE NUTRIFREE MISCELA PI\u00da LISZTKEVER\u00c9KB\u0150L &#8211; Glut\u00e9nmentes Chef blog - \u00c1tol Tibor","og_description":"A Nutrifree leg\u00fajabb glut\u00e9nmentes lisztkever\u00e9k\u00e9b\u0151l a Miscela pi\u00fab\u00f3l s\u00fct\u00f6ttem kiflit \u00e9s a zseml\u00e9t. Ez a lisztkever\u00e9k c\u00f6li\u00e1ki\u00e1sok \u00e1ltal is fogyaszthat\u00f3 glut\u00e9nmentes b\u00fazakem\u00e9ny\u00edt\u0151t tartalmaz, ett\u0151l m\u00e9g ink\u00e1bb hasonl\u00edt illatra, \u00edzre \u00e9s \u00e1llagra is a hagyom\u00e1nyos p\u00e9ks\u00fctikhez.","og_url":"http:\/\/blog.glutenmenteschef.hu\/index.php\/2024\/03\/09\/glutenmentes-kifli-zsemle-nutrifree-miscela-piu-lisztkeverekbol\/","og_site_name":"Glut\u00e9nmentes Chef blog - \u00c1tol Tibor","article_publisher":"https:\/\/www.facebook.com\/aglutenmentessef","article_author":"https:\/\/www.facebook.com\/aglutenmentessef","article_published_time":"2024-03-09T22:33:00+00:00","article_modified_time":"2024-03-14T08:38:03+00:00","og_image":[{"width":1024,"height":768,"url":"http:\/\/blog.glutenmenteschef.hu\/wp-content\/uploads\/2024\/02\/Kifli-Zsemle-Nutrifree-Miscela-piu-13-aaa.jpg","type":"image\/jpeg"}],"author":"gmchef","twitter_card":"summary_large_image","twitter_misc":{"Szerz\u0151:":"gmchef","Becs\u00fclt olvas\u00e1si id\u0151":"4 perc"},"schema":{"@context":"https:\/\/schema.org","@graph":[{"@type":"Article","@id":"http:\/\/blog.glutenmenteschef.hu\/index.php\/2024\/03\/09\/glutenmentes-kifli-zsemle-nutrifree-miscela-piu-lisztkeverekbol\/#article","isPartOf":{"@id":"http:\/\/blog.glutenmenteschef.hu\/index.php\/2024\/03\/09\/glutenmentes-kifli-zsemle-nutrifree-miscela-piu-lisztkeverekbol\/"},"author":{"name":"gmchef","@id":"https:\/\/blog.glutenmenteschef.hu\/#\/schema\/person\/c07613f0b6c0f12f90b8cb23cf32754a"},"headline":"GLUT\u00c9NMENTES KIFLI &#8211; ZSEMLE NUTRIFREE MISCELA PI\u00da LISZTKEVER\u00c9KB\u0150L","datePublished":"2024-03-09T22:33:00+00:00","dateModified":"2024-03-14T08:38:03+00:00","mainEntityOfPage":{"@id":"http:\/\/blog.glutenmenteschef.hu\/index.php\/2024\/03\/09\/glutenmentes-kifli-zsemle-nutrifree-miscela-piu-lisztkeverekbol\/"},"wordCount":595,"commentCount":0,"publisher":{"@id":"https:\/\/blog.glutenmenteschef.hu\/#\/schema\/person\/c07613f0b6c0f12f90b8cb23cf32754a"},"image":{"@id":"http:\/\/blog.glutenmenteschef.hu\/index.php\/2024\/03\/09\/glutenmentes-kifli-zsemle-nutrifree-miscela-piu-lisztkeverekbol\/#primaryimage"},"thumbnailUrl":"http:\/\/blog.glutenmenteschef.hu\/wp-content\/uploads\/2024\/02\/Kifli-Zsemle-Nutrifree-Miscela-piu-13-aaa.jpg","keywords":["glut\u00e9nmentes","glut\u00e9nmentes recept","keny\u00e9r","kifli","nutrifree","nutrifree miscela pi\u00fa","tejmentes","toj\u00e1smentes","zsemle"],"articleSection":["Keny\u00e9r \/ p\u00e9ks\u00fctem\u00e9ny","Nutrifree receptek"],"inLanguage":"hu","potentialAction":[{"@type":"CommentAction","name":"Comment","target":["http:\/\/blog.glutenmenteschef.hu\/index.php\/2024\/03\/09\/glutenmentes-kifli-zsemle-nutrifree-miscela-piu-lisztkeverekbol\/#respond"]}]},{"@type":"WebPage","@id":"http:\/\/blog.glutenmenteschef.hu\/index.php\/2024\/03\/09\/glutenmentes-kifli-zsemle-nutrifree-miscela-piu-lisztkeverekbol\/","url":"http:\/\/blog.glutenmenteschef.hu\/index.php\/2024\/03\/09\/glutenmentes-kifli-zsemle-nutrifree-miscela-piu-lisztkeverekbol\/","name":"GLUT\u00c9NMENTES KIFLI - ZSEMLE NUTRIFREE MISCELA PI\u00da LISZTKEVER\u00c9KB\u0150L &#8211; Glut\u00e9nmentes Chef blog - \u00c1tol Tibor","isPartOf":{"@id":"https:\/\/blog.glutenmenteschef.hu\/#website"},"primaryImageOfPage":{"@id":"http:\/\/blog.glutenmenteschef.hu\/index.php\/2024\/03\/09\/glutenmentes-kifli-zsemle-nutrifree-miscela-piu-lisztkeverekbol\/#primaryimage"},"image":{"@id":"http:\/\/blog.glutenmenteschef.hu\/index.php\/2024\/03\/09\/glutenmentes-kifli-zsemle-nutrifree-miscela-piu-lisztkeverekbol\/#primaryimage"},"thumbnailUrl":"http:\/\/blog.glutenmenteschef.hu\/wp-content\/uploads\/2024\/02\/Kifli-Zsemle-Nutrifree-Miscela-piu-13-aaa.jpg","datePublished":"2024-03-09T22:33:00+00:00","dateModified":"2024-03-14T08:38:03+00:00","description":"A Nutrifree leg\u00fajabb glut\u00e9nmentes lisztkever\u00e9k\u00e9b\u0151l a Miscela pi\u00fab\u00f3l s\u00fct\u00f6ttem kiflit \u00e9s a zseml\u00e9t. Ez a lisztkever\u00e9k c\u00f6li\u00e1ki\u00e1sok \u00e1ltal is fogyaszthat\u00f3 glut\u00e9nmentes b\u00fazakem\u00e9ny\u00edt\u0151t tartalmaz, ett\u0151l m\u00e9g ink\u00e1bb hasonl\u00edt illatra, \u00edzre \u00e9s \u00e1llagra is a hagyom\u00e1nyos p\u00e9ks\u00fctikhez.","breadcrumb":{"@id":"http:\/\/blog.glutenmenteschef.hu\/index.php\/2024\/03\/09\/glutenmentes-kifli-zsemle-nutrifree-miscela-piu-lisztkeverekbol\/#breadcrumb"},"inLanguage":"hu","potentialAction":[{"@type":"ReadAction","target":["http:\/\/blog.glutenmenteschef.hu\/index.php\/2024\/03\/09\/glutenmentes-kifli-zsemle-nutrifree-miscela-piu-lisztkeverekbol\/"]}]},{"@type":"ImageObject","inLanguage":"hu","@id":"http:\/\/blog.glutenmenteschef.hu\/index.php\/2024\/03\/09\/glutenmentes-kifli-zsemle-nutrifree-miscela-piu-lisztkeverekbol\/#primaryimage","url":"http:\/\/blog.glutenmenteschef.hu\/wp-content\/uploads\/2024\/02\/Kifli-Zsemle-Nutrifree-Miscela-piu-13-aaa.jpg","contentUrl":"http:\/\/blog.glutenmenteschef.hu\/wp-content\/uploads\/2024\/02\/Kifli-Zsemle-Nutrifree-Miscela-piu-13-aaa.jpg","width":1024,"height":768},{"@type":"BreadcrumbList","@id":"http:\/\/blog.glutenmenteschef.hu\/index.php\/2024\/03\/09\/glutenmentes-kifli-zsemle-nutrifree-miscela-piu-lisztkeverekbol\/#breadcrumb","itemListElement":[{"@type":"ListItem","position":1,"name":"Home","item":"https:\/\/blog.glutenmenteschef.hu\/"},{"@type":"ListItem","position":2,"name":"GLUT\u00c9NMENTES KIFLI &#8211; ZSEMLE NUTRIFREE MISCELA PI\u00da LISZTKEVER\u00c9KB\u0150L"}]},{"@type":"WebSite","@id":"https:\/\/blog.glutenmenteschef.hu\/#website","url":"https:\/\/blog.glutenmenteschef.hu\/","name":"Glut\u00e9nmentes Chef blog - \u00c1tol Tibor","description":"Glut\u00e9nmentes \u00e9telek, glut\u00e9nmentes receptek, glut\u00e9nmentes vide\u00f3k","publisher":{"@id":"https:\/\/blog.glutenmenteschef.hu\/#\/schema\/person\/c07613f0b6c0f12f90b8cb23cf32754a"},"potentialAction":[{"@type":"SearchAction","target":{"@type":"EntryPoint","urlTemplate":"https:\/\/blog.glutenmenteschef.hu\/?s={search_term_string}"},"query-input":{"@type":"PropertyValueSpecification","valueRequired":true,"valueName":"search_term_string"}}],"inLanguage":"hu"},{"@type":["Person","Organization"],"@id":"https:\/\/blog.glutenmenteschef.hu\/#\/schema\/person\/c07613f0b6c0f12f90b8cb23cf32754a","name":"gmchef","image":{"@type":"ImageObject","inLanguage":"hu","@id":"https:\/\/blog.glutenmenteschef.hu\/#\/schema\/person\/image\/","url":"https:\/\/secure.gravatar.com\/avatar\/363a4977321cb6fa3321b7ac93139b68e56af77880ae9fd5a3b2e7a8279f6d74?s=96&d=mm&r=g","contentUrl":"https:\/\/secure.gravatar.com\/avatar\/363a4977321cb6fa3321b7ac93139b68e56af77880ae9fd5a3b2e7a8279f6d74?s=96&d=mm&r=g","caption":"gmchef"},"logo":{"@id":"https:\/\/blog.glutenmenteschef.hu\/#\/schema\/person\/image\/"},"sameAs":["https:\/\/www.facebook.com\/aglutenmentessef"]}]}},"_links":{"self":[{"href":"http:\/\/blog.glutenmenteschef.hu\/index.php\/wp-json\/wp\/v2\/posts\/30967","targetHints":{"allow":["GET"]}}],"collection":[{"href":"http:\/\/blog.glutenmenteschef.hu\/index.php\/wp-json\/wp\/v2\/posts"}],"about":[{"href":"http:\/\/blog.glutenmenteschef.hu\/index.php\/wp-json\/wp\/v2\/types\/post"}],"author":[{"embeddable":true,"href":"http:\/\/blog.glutenmenteschef.hu\/index.php\/wp-json\/wp\/v2\/users\/1"}],"replies":[{"embeddable":true,"href":"http:\/\/blog.glutenmenteschef.hu\/index.php\/wp-json\/wp\/v2\/comments?post=30967"}],"version-history":[{"count":0,"href":"http:\/\/blog.glutenmenteschef.hu\/index.php\/wp-json\/wp\/v2\/posts\/30967\/revisions"}],"wp:featuredmedia":[{"embeddable":true,"href":"http:\/\/blog.glutenmenteschef.hu\/index.php\/wp-json\/wp\/v2\/media\/30996"}],"wp:attachment":[{"href":"http:\/\/blog.glutenmenteschef.hu\/index.php\/wp-json\/wp\/v2\/media?parent=30967"}],"wp:term":[{"taxonomy":"category","embeddable":true,"href":"http:\/\/blog.glutenmenteschef.hu\/index.php\/wp-json\/wp\/v2\/categories?post=30967"},{"taxonomy":"post_tag","embeddable":true,"href":"http:\/\/blog.glutenmenteschef.hu\/index.php\/wp-json\/wp\/v2\/tags?post=30967"}],"curies":[{"name":"wp","href":"https:\/\/api.w.org\/{rel}","templated":true}]}}