{"id":30697,"date":"2023-07-15T06:59:47","date_gmt":"2023-07-15T06:59:47","guid":{"rendered":"https:\/\/blog.glutenmenteschef.hu\/?p=30697"},"modified":"2023-08-02T05:59:24","modified_gmt":"2023-08-02T05:59:24","slug":"pizza-gluten-tej-es-tojasmentesen-magic-mills-uni-mix-cirok-lisztkeverekbol","status":"publish","type":"post","link":"http:\/\/blog.glutenmenteschef.hu\/index.php\/2023\/07\/15\/pizza-gluten-tej-es-tojasmentesen-magic-mills-uni-mix-cirok-lisztkeverekbol\/","title":{"rendered":"PIZZA GLUT\u00c9N-, TEJ- \u00c9S TOJ\u00c1SMENTESEN MAGIC MILLS UNI MIX CIROK LISZTKEVER\u00c9KB\u0150L"},"content":{"rendered":"\n<h3 class=\"wp-block-heading has-text-align-center\"><strong>Pizza glut\u00e9n-, tej- \u00e9s toj\u00e1smentesen Magic Mills Uni Mix cirok lisztkever\u00e9kb\u0151l<\/strong><br><br><br><\/h3>\n\n\n\n<h5 class=\"wp-block-heading\"><strong>Ez a recept csak \u00e9s kiz\u00e1r\u00f3lag a cirok lisztkever\u00e9khez j\u00f3!<\/strong><\/h5>\n\n\n\n<p>M\u00e1s lisztkever\u00e9kekhez is van kidolgozott recept a blogon, a Schar mix B, a Nutrifree mix per pane, a Pennys liszthez, Lisztmix haszn\u00e1ljuk azokat!<br><br><br><\/p>\n\n\n\n<p>Mindig is azt mondtam, ha van egy j\u00f3 glut\u00e9nmentes keny\u00e9r-zsemle recept\u00fcnk, akkor m\u00e1r van pizza recept\u00fcnk is. Nincs ez m\u00e1sk\u00e9pp a cirok lisztkever\u00e9k eset\u00e9n sem. Ezzel a recepttel egy nagyon finom, ropog\u00f3s sz\u00e9l\u0171, v\u00e9kony t\u00e9szt\u00e1s pizz\u00e1t s\u00fcthet\u00fcnk, a felt\u00e9teket pedig kedv\u00fcnkre vari\u00e1lhatjuk. <\/p>\n\n\n\n<p>A pizza sz\u00f3sz legal\u00e1bb olyan fontos, mint a t\u00e9szta, \u00edgy \u00e9rdemes azt a 10-15 percet r\u00e1ford\u00edtani. A receptben le\u00edrom azt is, hogy \u00e9n hogyan k\u00e9sz\u00edtem.<br><br><br><\/p>\n\n\n<div class=\"wp-block-image\">\n<figure class=\"aligncenter size-full is-resized\"><img loading=\"lazy\" decoding=\"async\" src=\"https:\/\/blog.glutenmenteschef.hu\/wp-content\/uploads\/2023\/07\/Pizza-cirokliszkeverek-14-aaaa.jpg\" alt=\"\" class=\"wp-image-30737\" width=\"512\" height=\"683\" srcset=\"http:\/\/blog.glutenmenteschef.hu\/wp-content\/uploads\/2023\/07\/Pizza-cirokliszkeverek-14-aaaa.jpg 1024w, http:\/\/blog.glutenmenteschef.hu\/wp-content\/uploads\/2023\/07\/Pizza-cirokliszkeverek-14-aaaa-225x300.jpg 225w, http:\/\/blog.glutenmenteschef.hu\/wp-content\/uploads\/2023\/07\/Pizza-cirokliszkeverek-14-aaaa-768x1024.jpg 768w\" sizes=\"auto, (max-width: 512px) 100vw, 512px\" \/><figcaption class=\"wp-element-caption\">Pizza Magic Mills cirok lisztkever\u00e9kb\u0151l<br><br><br><\/figcaption><\/figure>\n<\/div>\n\n\n<h5 class=\"wp-block-heading has-text-align-center\"><strong>Hozz\u00e1val\u00f3k 1 db 36 cm \u00e1tm\u00e9r\u0151j\u0171 pizz\u00e1hoz vagy 38 x 24 cm tepsihez:<\/strong><\/h5>\n\n\n\n<p class=\"has-text-align-center\">250 g Uni Mix cirok lisztkever\u00e9k<br>3 g por\u00e9leszt\u0151<br>5 g cukor<br>2 csipet csipet s\u00f3<br>8 g oliva olaj<br>250 g langyos v\u00edz<br><br><\/p>\n\n\n\n<h5 class=\"wp-block-heading has-text-align-center\"><strong>A felt\u00e9t:<\/strong><\/h5>\n\n\n\n<p class=\"has-text-align-center\">h\u00e1zi k\u00e9sz\u00edt\u00e9s\u0171 pizza sz\u00f3sz, sonka, mozzarella sajt \u00e9s paradicsom<br><\/p>\n\n\n\n<h5 class=\"wp-block-heading has-text-align-center\"><strong>Pizza sz\u00f3sz hozz\u00e1val\u00f3i:<\/strong><\/h5>\n\n\n\n<p class=\"has-text-align-center\">25 g oliva olaj<br>50 g v\u00f6r\u00f6shagyma<br>2 g s\u00f3<br>2 g fokhagyma ( 1 gerezd )<br>5 g krist\u00e1lycukor<br>2 csipet oregano<br>1 g bazsalikom<br>250 g paradicsom s\u0171r\u00edtm\u00e9ny ( passata di pomodoro ) vagy 300 g friss, h\u00e1mozott, darabolt paradicsom<br><br><\/p>\n\n\n\n<h5 class=\"wp-block-heading\"><strong>A pizza sz\u00f3sz elk\u00e9sz\u00edt\u00e9se:<\/strong><\/h5>\n\n\n\n<p>A v\u00f6r\u00f6shagym\u00e1t \u00e9s a fokhagym\u00e1t megtiszt\u00edtjuk, apr\u00f3ra v\u00e1gjuk. Az olajat l\u00e1basban felmeleg\u00edtj\u00fck, hozz\u00e1adjuk a v\u00f6r\u00f6shagym\u00e1t \u00e9s \u00fcvegesre p\u00e1roljuk. Beletessz\u00fck a fokhagym\u00e1t, a bazsalikomot, az oreganot, a paradicsom s\u0171r\u00edtm\u00e9nyt \u00e9s a cukrot. \u00d6sszef\u0151zz\u00fck, kb. 5 perc ut\u00e1n elk\u00e9sz\u00fclt.<br><br><\/p>\n\n\n\n<h5 class=\"wp-block-heading\"><strong>A pizza elk\u00e9sz\u00edt\u00e9se:<\/strong><\/h5>\n\n\n\n<p>A s\u00fct\u0151t als\u00f3-fels\u0151 s\u00fct\u00e9si m\u00f3dozatban 50 fokra el\u0151meleg\u00edtj\u00fck.<br><\/p>\n\n\n\n<p>A kever\u0151t\u00e1lba el\u0151sz\u00f6r a lisztet, majd a t\u00f6bbi sz\u00e1raz hozz\u00e1val\u00f3t tegy\u00fck, ezut\u00e1n az olajat \u00f6nts\u00fck hozz\u00e1. Ind\u00edtsuk el a g\u00e9p\u00fcnk dagaszt\u00f3karj\u00e1t, majd folyamatosan v\u00e9kony sug\u00e1rban \u00f6nts\u00fck hozz\u00e1 a folyad\u00e9kot. 2-3 perc alatt egynem\u0171, csom\u00f3mentes t\u00e9szt\u00e1v\u00e1 keverj\u00fck.<\/p>\n\n\n\n<p>Enyh\u00e9n olajozott vagy lisztezett fel\u00fcleten p\u00e1r mozdulattal \u00e1tgy\u00farjuk, gomb\u00f3cc\u00e1 form\u00e1ljuk. A pizzas\u00fct\u0151 lapot enyh\u00e9n lisztezz\u00fck \u00e9s rajta a t\u00e9szt\u00e1t k\u00e9zzel form\u00e1ra lap\u00edtjuk, a sz\u00e9l\u00e9t kicsit vastagabbra, a k\u00f6zep\u00e9t v\u00e9konyabbra hagyva.<br><br><\/p>\n\n\n\n<figure class=\"wp-block-gallery has-nested-images columns-default is-cropped wp-block-gallery-1 is-layout-flex wp-block-gallery-is-layout-flex\">\n<figure class=\"wp-block-image size-large\"><img loading=\"lazy\" decoding=\"async\" width=\"1024\" height=\"768\" data-id=\"30701\" src=\"https:\/\/blog.glutenmenteschef.hu\/wp-content\/uploads\/2023\/06\/Pizza-cirokliszkeverek-fazis-1.jpg\" alt=\"\" class=\"wp-image-30701\" srcset=\"http:\/\/blog.glutenmenteschef.hu\/wp-content\/uploads\/2023\/06\/Pizza-cirokliszkeverek-fazis-1.jpg 1024w, http:\/\/blog.glutenmenteschef.hu\/wp-content\/uploads\/2023\/06\/Pizza-cirokliszkeverek-fazis-1-300x225.jpg 300w, http:\/\/blog.glutenmenteschef.hu\/wp-content\/uploads\/2023\/06\/Pizza-cirokliszkeverek-fazis-1-768x576.jpg 768w\" sizes=\"auto, (max-width: 1024px) 100vw, 1024px\" \/><\/figure>\n\n\n\n<figure class=\"wp-block-image size-large\"><img loading=\"lazy\" decoding=\"async\" width=\"1024\" height=\"768\" data-id=\"30702\" src=\"https:\/\/blog.glutenmenteschef.hu\/wp-content\/uploads\/2023\/06\/Pizza-cirokliszkeverek-fazis-2.jpg\" alt=\"\" class=\"wp-image-30702\" srcset=\"http:\/\/blog.glutenmenteschef.hu\/wp-content\/uploads\/2023\/06\/Pizza-cirokliszkeverek-fazis-2.jpg 1024w, http:\/\/blog.glutenmenteschef.hu\/wp-content\/uploads\/2023\/06\/Pizza-cirokliszkeverek-fazis-2-300x225.jpg 300w, http:\/\/blog.glutenmenteschef.hu\/wp-content\/uploads\/2023\/06\/Pizza-cirokliszkeverek-fazis-2-768x576.jpg 768w\" sizes=\"auto, (max-width: 1024px) 100vw, 1024px\" \/><\/figure>\n<\/figure>\n\n\n\n<p><br><br>Az el\u0151meleg\u00edtett s\u00fct\u0151be tessz\u00fck \u00e9s 15- max.17 percig kelesztj\u00fck. Kivessz\u00fck a t\u00e9szt\u00e1t, majd a h\u0151fokot feltekerj\u00fck 220-230 fok h\u0151l\u00e9gkever\u00e9sre. <br>Ha el\u00e9rte a kell\u0151 h\u0151fokot, megkenj\u00fcnk olajjal a t\u00e9szta sz\u00e9leit k\u00f6rbe, majd visszatessz\u00fck \u00e9s 12-15 perc alatt el\u0151s\u00fctj\u00fck, de csak annyira, hogy \u00e9ppen csak sz\u00ednt kapjon a t\u00e9szta.<\/p>\n\n\n\n<p>Az el\u0151s\u00fct\u00f6tt pizzalapot megkenj\u00fck a paradicsom sz\u00f3sszal, megpakoljuk a felt\u00e9tekkel \u00e9s a karik\u00e1ra v\u00e1gott vagy kisebb darabokra t\u00e9pkedett mozzarella sajttal.<br><br><\/p>\n\n\n\n<figure class=\"wp-block-gallery aligncenter has-nested-images columns-default is-cropped wp-block-gallery-2 is-layout-flex wp-block-gallery-is-layout-flex\">\n<figure class=\"wp-block-image size-large\"><img loading=\"lazy\" decoding=\"async\" width=\"1024\" height=\"768\" data-id=\"30704\" src=\"https:\/\/blog.glutenmenteschef.hu\/wp-content\/uploads\/2023\/06\/Pizza-cirokliszkeverek-fazis-8.jpg\" alt=\"\" class=\"wp-image-30704\" srcset=\"http:\/\/blog.glutenmenteschef.hu\/wp-content\/uploads\/2023\/06\/Pizza-cirokliszkeverek-fazis-8.jpg 1024w, http:\/\/blog.glutenmenteschef.hu\/wp-content\/uploads\/2023\/06\/Pizza-cirokliszkeverek-fazis-8-300x225.jpg 300w, http:\/\/blog.glutenmenteschef.hu\/wp-content\/uploads\/2023\/06\/Pizza-cirokliszkeverek-fazis-8-768x576.jpg 768w\" sizes=\"auto, (max-width: 1024px) 100vw, 1024px\" \/><\/figure>\n\n\n\n<figure class=\"wp-block-image size-large\"><img loading=\"lazy\" decoding=\"async\" width=\"1024\" height=\"768\" data-id=\"30705\" src=\"https:\/\/blog.glutenmenteschef.hu\/wp-content\/uploads\/2023\/06\/Pizza-cirokliszkeverek-fazis-9.jpg\" alt=\"\" class=\"wp-image-30705\" srcset=\"http:\/\/blog.glutenmenteschef.hu\/wp-content\/uploads\/2023\/06\/Pizza-cirokliszkeverek-fazis-9.jpg 1024w, http:\/\/blog.glutenmenteschef.hu\/wp-content\/uploads\/2023\/06\/Pizza-cirokliszkeverek-fazis-9-300x225.jpg 300w, http:\/\/blog.glutenmenteschef.hu\/wp-content\/uploads\/2023\/06\/Pizza-cirokliszkeverek-fazis-9-768x576.jpg 768w\" sizes=\"auto, (max-width: 1024px) 100vw, 1024px\" \/><\/figure>\n\n\n\n<figure class=\"wp-block-image size-large\"><img loading=\"lazy\" decoding=\"async\" width=\"1024\" height=\"768\" data-id=\"30706\" src=\"https:\/\/blog.glutenmenteschef.hu\/wp-content\/uploads\/2023\/06\/Pizza-cirokliszkeverek-fazis-10.jpg\" alt=\"\" class=\"wp-image-30706\" srcset=\"http:\/\/blog.glutenmenteschef.hu\/wp-content\/uploads\/2023\/06\/Pizza-cirokliszkeverek-fazis-10.jpg 1024w, http:\/\/blog.glutenmenteschef.hu\/wp-content\/uploads\/2023\/06\/Pizza-cirokliszkeverek-fazis-10-300x225.jpg 300w, http:\/\/blog.glutenmenteschef.hu\/wp-content\/uploads\/2023\/06\/Pizza-cirokliszkeverek-fazis-10-768x576.jpg 768w\" sizes=\"auto, (max-width: 1024px) 100vw, 1024px\" \/><\/figure>\n<\/figure>\n\n\n\n<p><br><br><br>A 250 fok fels\u0151 grill fokozatra \u00e1ll\u00edtott s\u00fct\u0151be most m\u00e1r csak annyi id\u0151re tessz\u00fck be a pizz\u00e1t, am\u00edg a felt\u00e9tek \u00e1tforr\u00f3sodnak \u00e9s a sajt r\u00e1olvald.<\/p>\n\n\n\n<h5 class=\"wp-block-heading\"><strong>S\u00e9f Tipp 1:<\/strong><\/h5>\n\n\n\n<p>Akinek g\u00e1zs\u00fct\u0151je van, kelesztheti szoba h\u0151m\u00e9rs\u00e9kleten, addig, am\u00edg l\u00e1that\u00f3an h\u00f3lyagosodni kezd a t\u00e9szta. Ezalatt egy m\u00e1sik tepsit fejjel lefel\u00e9 ford\u00edtsunk r\u00e1, \u00edgy nem kap huzatot \u00e9s nem fog kisz\u00e1radni sem.<br><\/p>\n\n\n\n<h5 class=\"wp-block-heading\"><strong>S\u00e9f Tipp 2:<\/strong><\/h5>\n\n\n\n<p>A g\u00e1z- \u00e9s elektromos s\u00fct\u0151h\u00f6z is sz\u00fcks\u00e9ges az analal\u00f3g s\u00fct\u0151h\u0151m\u00e9r\u0151, hogy a h\u0151fokokat pontosan be\u00e1ll\u00edthassuk, mert a k\u00e9pen l\u00e1that\u00f3 v\u00e9geredm\u00e9ny csak \u00edgy garant\u00e1lhat\u00f3. A h\u0151fokokat \u00e9n is anal\u00f3g s\u00fct\u0151h\u0151m\u00e9r\u0151vel hat\u00e1roztam meg, \u00edgy teljesen \u00f6sszehangolhatjuk a s\u00fct\u0151inket, amik egyform\u00e1n fognak s\u00fctni.<br><br><\/p>\n\n\n\n<h5 class=\"wp-block-heading\"><strong>T\u00e1lal\u00e1s:<\/strong><\/h5>\n\n\n\n<p>T\u00e1lal\u00e1sn\u00e1l bazsalikom, oreg\u00e1n\u00f3 vagy rukkola levelekkel is megsz\u00f3rhatjuk a pizz\u00e1nkat.<br><br><\/p>\n\n\n<div class=\"wp-block-image\">\n<figure class=\"aligncenter size-full is-resized\"><img loading=\"lazy\" decoding=\"async\" src=\"https:\/\/blog.glutenmenteschef.hu\/wp-content\/uploads\/2023\/07\/Pizza-cirokliszkeverek-18-aaaa.jpg\" alt=\"\" class=\"wp-image-30739\" width=\"512\" height=\"384\" srcset=\"http:\/\/blog.glutenmenteschef.hu\/wp-content\/uploads\/2023\/07\/Pizza-cirokliszkeverek-18-aaaa.jpg 1024w, http:\/\/blog.glutenmenteschef.hu\/wp-content\/uploads\/2023\/07\/Pizza-cirokliszkeverek-18-aaaa-300x225.jpg 300w, http:\/\/blog.glutenmenteschef.hu\/wp-content\/uploads\/2023\/07\/Pizza-cirokliszkeverek-18-aaaa-768x576.jpg 768w\" sizes=\"auto, (max-width: 512px) 100vw, 512px\" \/><figcaption class=\"wp-element-caption\"><br><br><\/figcaption><\/figure>\n<\/div>\n\n<div class=\"wp-block-image\">\n<figure class=\"aligncenter size-full is-resized\"><img loading=\"lazy\" decoding=\"async\" src=\"https:\/\/blog.glutenmenteschef.hu\/wp-content\/uploads\/2023\/07\/Pizza-cirokliszkeverek-11-vagott.jpg\" alt=\"\" class=\"wp-image-30741\" width=\"737\" height=\"459\" srcset=\"http:\/\/blog.glutenmenteschef.hu\/wp-content\/uploads\/2023\/07\/Pizza-cirokliszkeverek-11-vagott.jpg 982w, http:\/\/blog.glutenmenteschef.hu\/wp-content\/uploads\/2023\/07\/Pizza-cirokliszkeverek-11-vagott-300x187.jpg 300w, http:\/\/blog.glutenmenteschef.hu\/wp-content\/uploads\/2023\/07\/Pizza-cirokliszkeverek-11-vagott-768x479.jpg 768w\" sizes=\"auto, (max-width: 737px) 100vw, 737px\" \/><\/figure>\n<\/div>","protected":false},"excerpt":{"rendered":"<p>Pizza glut\u00e9n-, tej- \u00e9s toj\u00e1smentesen Magic Mills Uni Mix cirok lisztkever\u00e9kb\u0151l Ez a recept csak \u00e9s kiz\u00e1r\u00f3lag a cirok lisztkever\u00e9khez j\u00f3! M\u00e1s lisztkever\u00e9kekhez is van kidolgozott recept a blogon, a Schar mix B, a Nutrifree mix per pane, a Pennys liszthez, Lisztmix haszn\u00e1ljuk azokat! Mindig is azt mondtam, ha van egy j\u00f3 glut\u00e9nmentes keny\u00e9r-zsemle recept\u00fcnk, <br \/><a class=\"more\" href=\"http:\/\/blog.glutenmenteschef.hu\/index.php\/2023\/07\/15\/pizza-gluten-tej-es-tojasmentesen-magic-mills-uni-mix-cirok-lisztkeverekbol\/\">Read more&#8230; <\/a><\/p>\n","protected":false},"author":1,"featured_media":30738,"comment_status":"open","ping_status":"open","sticky":false,"template":"","format":"standard","meta":{"footnotes":""},"categories":[143,648,396],"tags":[650,651,5,575,649,359,326,97],"class_list":["post-30697","post","type-post","status-publish","format-standard","has-post-thumbnail","hentry","category-kenyer-peksutemeny","category-magic-mills-cirokliszt-es-lisztkeverek-recetek","category-tojasmentes-receptek","tag-cirok","tag-ciroklisztkeverek","tag-glutenmentes","tag-glutenmentes-recept","tag-magic-mills","tag-pizza","tag-tejmentes","tag-tojasmentes"],"yoast_head":"<!-- This site is optimized with the Yoast SEO plugin v26.5 - https:\/\/yoast.com\/wordpress\/plugins\/seo\/ -->\n<title>PIZZA GLUT\u00c9N-, TEJ- \u00c9S TOJ\u00c1SMENTESEN MAGIC MILLS UNI MIX CIROK LISZTKEVER\u00c9KB\u0150L &#8211; Glut\u00e9nmentes Chef blog - \u00c1tol Tibor<\/title>\n<meta name=\"description\" content=\"Mindig is azt mondtam, ha van egy j\u00f3 glut\u00e9nmentes keny\u00e9r-zsemle recept\u00fcnk, akkor m\u00e1r van pizza recept\u00fcnk is. Nincs ez m\u00e1sk\u00e9pp a cirok lisztkever\u00e9k eset\u00e9n sem. Ezzel a recepttel egy nagyon finom, ropog\u00f3s sz\u00e9l\u0171, v\u00e9kony t\u00e9szt\u00e1s pizz\u00e1t s\u00fcthet\u00fcnk, a felt\u00e9teket pedig kedv\u00fcnkre vari\u00e1lhatjuk. A pizza sz\u00f3sz legal\u00e1bb olyan fontos, mint a t\u00e9szta, \u00edgy \u00e9rdemes azt a 10-15 percet r\u00e1ford\u00edtani. A receptben le\u00edrom azt is, hogy \u00e9n hogyan k\u00e9sz\u00edtem.\" \/>\n<meta name=\"robots\" content=\"index, follow, max-snippet:-1, max-image-preview:large, max-video-preview:-1\" \/>\n<link rel=\"canonical\" href=\"http:\/\/blog.glutenmenteschef.hu\/index.php\/2023\/07\/15\/pizza-gluten-tej-es-tojasmentesen-magic-mills-uni-mix-cirok-lisztkeverekbol\/\" \/>\n<meta property=\"og:locale\" content=\"hu_HU\" \/>\n<meta property=\"og:type\" content=\"article\" \/>\n<meta property=\"og:title\" content=\"PIZZA GLUT\u00c9N-, TEJ- \u00c9S TOJ\u00c1SMENTESEN MAGIC MILLS UNI MIX CIROK LISZTKEVER\u00c9KB\u0150L &#8211; Glut\u00e9nmentes Chef blog - \u00c1tol Tibor\" \/>\n<meta property=\"og:description\" content=\"Mindig is azt mondtam, ha van egy j\u00f3 glut\u00e9nmentes keny\u00e9r-zsemle recept\u00fcnk, akkor m\u00e1r van pizza recept\u00fcnk is. Nincs ez m\u00e1sk\u00e9pp a cirok lisztkever\u00e9k eset\u00e9n sem. Ezzel a recepttel egy nagyon finom, ropog\u00f3s sz\u00e9l\u0171, v\u00e9kony t\u00e9szt\u00e1s pizz\u00e1t s\u00fcthet\u00fcnk, a felt\u00e9teket pedig kedv\u00fcnkre vari\u00e1lhatjuk. A pizza sz\u00f3sz legal\u00e1bb olyan fontos, mint a t\u00e9szta, \u00edgy \u00e9rdemes azt a 10-15 percet r\u00e1ford\u00edtani. A receptben le\u00edrom azt is, hogy \u00e9n hogyan k\u00e9sz\u00edtem.\" \/>\n<meta property=\"og:url\" content=\"http:\/\/blog.glutenmenteschef.hu\/index.php\/2023\/07\/15\/pizza-gluten-tej-es-tojasmentesen-magic-mills-uni-mix-cirok-lisztkeverekbol\/\" \/>\n<meta property=\"og:site_name\" content=\"Glut\u00e9nmentes Chef blog - \u00c1tol Tibor\" \/>\n<meta property=\"article:publisher\" content=\"https:\/\/www.facebook.com\/aglutenmentessef\" \/>\n<meta property=\"article:author\" content=\"https:\/\/www.facebook.com\/aglutenmentessef\" \/>\n<meta property=\"article:published_time\" content=\"2023-07-15T06:59:47+00:00\" \/>\n<meta property=\"article:modified_time\" content=\"2023-08-02T05:59:24+00:00\" \/>\n<meta property=\"og:image\" content=\"http:\/\/blog.glutenmenteschef.hu\/wp-content\/uploads\/2023\/07\/Pizza-cirokliszkeverek-22-aaaaa.jpg\" \/>\n\t<meta property=\"og:image:width\" content=\"1024\" \/>\n\t<meta property=\"og:image:height\" content=\"768\" \/>\n\t<meta property=\"og:image:type\" content=\"image\/jpeg\" \/>\n<meta name=\"author\" content=\"gmchef\" \/>\n<meta name=\"twitter:card\" content=\"summary_large_image\" \/>\n<meta name=\"twitter:label1\" content=\"Szerz\u0151:\" \/>\n\t<meta name=\"twitter:data1\" content=\"gmchef\" \/>\n\t<meta name=\"twitter:label2\" content=\"Becs\u00fclt olvas\u00e1si id\u0151\" \/>\n\t<meta name=\"twitter:data2\" content=\"5 perc\" \/>\n<script type=\"application\/ld+json\" class=\"yoast-schema-graph\">{\"@context\":\"https:\/\/schema.org\",\"@graph\":[{\"@type\":\"Article\",\"@id\":\"http:\/\/blog.glutenmenteschef.hu\/index.php\/2023\/07\/15\/pizza-gluten-tej-es-tojasmentesen-magic-mills-uni-mix-cirok-lisztkeverekbol\/#article\",\"isPartOf\":{\"@id\":\"http:\/\/blog.glutenmenteschef.hu\/index.php\/2023\/07\/15\/pizza-gluten-tej-es-tojasmentesen-magic-mills-uni-mix-cirok-lisztkeverekbol\/\"},\"author\":{\"name\":\"gmchef\",\"@id\":\"https:\/\/blog.glutenmenteschef.hu\/#\/schema\/person\/c07613f0b6c0f12f90b8cb23cf32754a\"},\"headline\":\"PIZZA GLUT\u00c9N-, TEJ- \u00c9S TOJ\u00c1SMENTESEN MAGIC MILLS UNI MIX CIROK LISZTKEVER\u00c9KB\u0150L\",\"datePublished\":\"2023-07-15T06:59:47+00:00\",\"dateModified\":\"2023-08-02T05:59:24+00:00\",\"mainEntityOfPage\":{\"@id\":\"http:\/\/blog.glutenmenteschef.hu\/index.php\/2023\/07\/15\/pizza-gluten-tej-es-tojasmentesen-magic-mills-uni-mix-cirok-lisztkeverekbol\/\"},\"wordCount\":741,\"commentCount\":0,\"publisher\":{\"@id\":\"https:\/\/blog.glutenmenteschef.hu\/#\/schema\/person\/c07613f0b6c0f12f90b8cb23cf32754a\"},\"image\":{\"@id\":\"http:\/\/blog.glutenmenteschef.hu\/index.php\/2023\/07\/15\/pizza-gluten-tej-es-tojasmentesen-magic-mills-uni-mix-cirok-lisztkeverekbol\/#primaryimage\"},\"thumbnailUrl\":\"http:\/\/blog.glutenmenteschef.hu\/wp-content\/uploads\/2023\/07\/Pizza-cirokliszkeverek-22-aaaaa.jpg\",\"keywords\":[\"cirok\",\"ciroklisztkever\u00e9k\",\"glut\u00e9nmentes\",\"glut\u00e9nmentes recept\",\"magic mills\",\"pizza\",\"tejmentes\",\"toj\u00e1smentes\"],\"articleSection\":[\"Keny\u00e9r \/ p\u00e9ks\u00fctem\u00e9ny\",\"Magic Mills cirokliszt - lisztkever\u00e9k \u00e9s cirokterm\u00e9k receptek\",\"Toj\u00e1smentes receptek\"],\"inLanguage\":\"hu\",\"potentialAction\":[{\"@type\":\"CommentAction\",\"name\":\"Comment\",\"target\":[\"http:\/\/blog.glutenmenteschef.hu\/index.php\/2023\/07\/15\/pizza-gluten-tej-es-tojasmentesen-magic-mills-uni-mix-cirok-lisztkeverekbol\/#respond\"]}]},{\"@type\":\"WebPage\",\"@id\":\"http:\/\/blog.glutenmenteschef.hu\/index.php\/2023\/07\/15\/pizza-gluten-tej-es-tojasmentesen-magic-mills-uni-mix-cirok-lisztkeverekbol\/\",\"url\":\"http:\/\/blog.glutenmenteschef.hu\/index.php\/2023\/07\/15\/pizza-gluten-tej-es-tojasmentesen-magic-mills-uni-mix-cirok-lisztkeverekbol\/\",\"name\":\"PIZZA GLUT\u00c9N-, TEJ- \u00c9S TOJ\u00c1SMENTESEN MAGIC MILLS UNI MIX CIROK LISZTKEVER\u00c9KB\u0150L &#8211; Glut\u00e9nmentes Chef blog - \u00c1tol Tibor\",\"isPartOf\":{\"@id\":\"https:\/\/blog.glutenmenteschef.hu\/#website\"},\"primaryImageOfPage\":{\"@id\":\"http:\/\/blog.glutenmenteschef.hu\/index.php\/2023\/07\/15\/pizza-gluten-tej-es-tojasmentesen-magic-mills-uni-mix-cirok-lisztkeverekbol\/#primaryimage\"},\"image\":{\"@id\":\"http:\/\/blog.glutenmenteschef.hu\/index.php\/2023\/07\/15\/pizza-gluten-tej-es-tojasmentesen-magic-mills-uni-mix-cirok-lisztkeverekbol\/#primaryimage\"},\"thumbnailUrl\":\"http:\/\/blog.glutenmenteschef.hu\/wp-content\/uploads\/2023\/07\/Pizza-cirokliszkeverek-22-aaaaa.jpg\",\"datePublished\":\"2023-07-15T06:59:47+00:00\",\"dateModified\":\"2023-08-02T05:59:24+00:00\",\"description\":\"Mindig is azt mondtam, ha van egy j\u00f3 glut\u00e9nmentes keny\u00e9r-zsemle recept\u00fcnk, akkor m\u00e1r van pizza recept\u00fcnk is. Nincs ez m\u00e1sk\u00e9pp a cirok lisztkever\u00e9k eset\u00e9n sem. Ezzel a recepttel egy nagyon finom, ropog\u00f3s sz\u00e9l\u0171, v\u00e9kony t\u00e9szt\u00e1s pizz\u00e1t s\u00fcthet\u00fcnk, a felt\u00e9teket pedig kedv\u00fcnkre vari\u00e1lhatjuk. A pizza sz\u00f3sz legal\u00e1bb olyan fontos, mint a t\u00e9szta, \u00edgy \u00e9rdemes azt a 10-15 percet r\u00e1ford\u00edtani. A receptben le\u00edrom azt is, hogy \u00e9n hogyan k\u00e9sz\u00edtem.\",\"breadcrumb\":{\"@id\":\"http:\/\/blog.glutenmenteschef.hu\/index.php\/2023\/07\/15\/pizza-gluten-tej-es-tojasmentesen-magic-mills-uni-mix-cirok-lisztkeverekbol\/#breadcrumb\"},\"inLanguage\":\"hu\",\"potentialAction\":[{\"@type\":\"ReadAction\",\"target\":[\"http:\/\/blog.glutenmenteschef.hu\/index.php\/2023\/07\/15\/pizza-gluten-tej-es-tojasmentesen-magic-mills-uni-mix-cirok-lisztkeverekbol\/\"]}]},{\"@type\":\"ImageObject\",\"inLanguage\":\"hu\",\"@id\":\"http:\/\/blog.glutenmenteschef.hu\/index.php\/2023\/07\/15\/pizza-gluten-tej-es-tojasmentesen-magic-mills-uni-mix-cirok-lisztkeverekbol\/#primaryimage\",\"url\":\"http:\/\/blog.glutenmenteschef.hu\/wp-content\/uploads\/2023\/07\/Pizza-cirokliszkeverek-22-aaaaa.jpg\",\"contentUrl\":\"http:\/\/blog.glutenmenteschef.hu\/wp-content\/uploads\/2023\/07\/Pizza-cirokliszkeverek-22-aaaaa.jpg\",\"width\":1024,\"height\":768},{\"@type\":\"BreadcrumbList\",\"@id\":\"http:\/\/blog.glutenmenteschef.hu\/index.php\/2023\/07\/15\/pizza-gluten-tej-es-tojasmentesen-magic-mills-uni-mix-cirok-lisztkeverekbol\/#breadcrumb\",\"itemListElement\":[{\"@type\":\"ListItem\",\"position\":1,\"name\":\"Home\",\"item\":\"https:\/\/blog.glutenmenteschef.hu\/\"},{\"@type\":\"ListItem\",\"position\":2,\"name\":\"PIZZA GLUT\u00c9N-, TEJ- \u00c9S TOJ\u00c1SMENTESEN MAGIC MILLS UNI MIX CIROK LISZTKEVER\u00c9KB\u0150L\"}]},{\"@type\":\"WebSite\",\"@id\":\"https:\/\/blog.glutenmenteschef.hu\/#website\",\"url\":\"https:\/\/blog.glutenmenteschef.hu\/\",\"name\":\"Glut\u00e9nmentes Chef blog - \u00c1tol Tibor\",\"description\":\"Glut\u00e9nmentes \u00e9telek, glut\u00e9nmentes receptek, glut\u00e9nmentes vide\u00f3k\",\"publisher\":{\"@id\":\"https:\/\/blog.glutenmenteschef.hu\/#\/schema\/person\/c07613f0b6c0f12f90b8cb23cf32754a\"},\"potentialAction\":[{\"@type\":\"SearchAction\",\"target\":{\"@type\":\"EntryPoint\",\"urlTemplate\":\"https:\/\/blog.glutenmenteschef.hu\/?s={search_term_string}\"},\"query-input\":{\"@type\":\"PropertyValueSpecification\",\"valueRequired\":true,\"valueName\":\"search_term_string\"}}],\"inLanguage\":\"hu\"},{\"@type\":[\"Person\",\"Organization\"],\"@id\":\"https:\/\/blog.glutenmenteschef.hu\/#\/schema\/person\/c07613f0b6c0f12f90b8cb23cf32754a\",\"name\":\"gmchef\",\"image\":{\"@type\":\"ImageObject\",\"inLanguage\":\"hu\",\"@id\":\"https:\/\/blog.glutenmenteschef.hu\/#\/schema\/person\/image\/\",\"url\":\"https:\/\/secure.gravatar.com\/avatar\/363a4977321cb6fa3321b7ac93139b68e56af77880ae9fd5a3b2e7a8279f6d74?s=96&d=mm&r=g\",\"contentUrl\":\"https:\/\/secure.gravatar.com\/avatar\/363a4977321cb6fa3321b7ac93139b68e56af77880ae9fd5a3b2e7a8279f6d74?s=96&d=mm&r=g\",\"caption\":\"gmchef\"},\"logo\":{\"@id\":\"https:\/\/blog.glutenmenteschef.hu\/#\/schema\/person\/image\/\"},\"sameAs\":[\"https:\/\/www.facebook.com\/aglutenmentessef\"]}]}<\/script>\n<!-- \/ Yoast SEO plugin. -->","yoast_head_json":{"title":"PIZZA GLUT\u00c9N-, TEJ- \u00c9S TOJ\u00c1SMENTESEN MAGIC MILLS UNI MIX CIROK LISZTKEVER\u00c9KB\u0150L &#8211; Glut\u00e9nmentes Chef blog - \u00c1tol Tibor","description":"Mindig is azt mondtam, ha van egy j\u00f3 glut\u00e9nmentes keny\u00e9r-zsemle recept\u00fcnk, akkor m\u00e1r van pizza recept\u00fcnk is. Nincs ez m\u00e1sk\u00e9pp a cirok lisztkever\u00e9k eset\u00e9n sem. Ezzel a recepttel egy nagyon finom, ropog\u00f3s sz\u00e9l\u0171, v\u00e9kony t\u00e9szt\u00e1s pizz\u00e1t s\u00fcthet\u00fcnk, a felt\u00e9teket pedig kedv\u00fcnkre vari\u00e1lhatjuk. A pizza sz\u00f3sz legal\u00e1bb olyan fontos, mint a t\u00e9szta, \u00edgy \u00e9rdemes azt a 10-15 percet r\u00e1ford\u00edtani. A receptben le\u00edrom azt is, hogy \u00e9n hogyan k\u00e9sz\u00edtem.","robots":{"index":"index","follow":"follow","max-snippet":"max-snippet:-1","max-image-preview":"max-image-preview:large","max-video-preview":"max-video-preview:-1"},"canonical":"http:\/\/blog.glutenmenteschef.hu\/index.php\/2023\/07\/15\/pizza-gluten-tej-es-tojasmentesen-magic-mills-uni-mix-cirok-lisztkeverekbol\/","og_locale":"hu_HU","og_type":"article","og_title":"PIZZA GLUT\u00c9N-, TEJ- \u00c9S TOJ\u00c1SMENTESEN MAGIC MILLS UNI MIX CIROK LISZTKEVER\u00c9KB\u0150L &#8211; Glut\u00e9nmentes Chef blog - \u00c1tol Tibor","og_description":"Mindig is azt mondtam, ha van egy j\u00f3 glut\u00e9nmentes keny\u00e9r-zsemle recept\u00fcnk, akkor m\u00e1r van pizza recept\u00fcnk is. Nincs ez m\u00e1sk\u00e9pp a cirok lisztkever\u00e9k eset\u00e9n sem. Ezzel a recepttel egy nagyon finom, ropog\u00f3s sz\u00e9l\u0171, v\u00e9kony t\u00e9szt\u00e1s pizz\u00e1t s\u00fcthet\u00fcnk, a felt\u00e9teket pedig kedv\u00fcnkre vari\u00e1lhatjuk. A pizza sz\u00f3sz legal\u00e1bb olyan fontos, mint a t\u00e9szta, \u00edgy \u00e9rdemes azt a 10-15 percet r\u00e1ford\u00edtani. A receptben le\u00edrom azt is, hogy \u00e9n hogyan k\u00e9sz\u00edtem.","og_url":"http:\/\/blog.glutenmenteschef.hu\/index.php\/2023\/07\/15\/pizza-gluten-tej-es-tojasmentesen-magic-mills-uni-mix-cirok-lisztkeverekbol\/","og_site_name":"Glut\u00e9nmentes Chef blog - \u00c1tol Tibor","article_publisher":"https:\/\/www.facebook.com\/aglutenmentessef","article_author":"https:\/\/www.facebook.com\/aglutenmentessef","article_published_time":"2023-07-15T06:59:47+00:00","article_modified_time":"2023-08-02T05:59:24+00:00","og_image":[{"width":1024,"height":768,"url":"http:\/\/blog.glutenmenteschef.hu\/wp-content\/uploads\/2023\/07\/Pizza-cirokliszkeverek-22-aaaaa.jpg","type":"image\/jpeg"}],"author":"gmchef","twitter_card":"summary_large_image","twitter_misc":{"Szerz\u0151:":"gmchef","Becs\u00fclt olvas\u00e1si id\u0151":"5 perc"},"schema":{"@context":"https:\/\/schema.org","@graph":[{"@type":"Article","@id":"http:\/\/blog.glutenmenteschef.hu\/index.php\/2023\/07\/15\/pizza-gluten-tej-es-tojasmentesen-magic-mills-uni-mix-cirok-lisztkeverekbol\/#article","isPartOf":{"@id":"http:\/\/blog.glutenmenteschef.hu\/index.php\/2023\/07\/15\/pizza-gluten-tej-es-tojasmentesen-magic-mills-uni-mix-cirok-lisztkeverekbol\/"},"author":{"name":"gmchef","@id":"https:\/\/blog.glutenmenteschef.hu\/#\/schema\/person\/c07613f0b6c0f12f90b8cb23cf32754a"},"headline":"PIZZA GLUT\u00c9N-, TEJ- \u00c9S TOJ\u00c1SMENTESEN MAGIC MILLS UNI MIX CIROK LISZTKEVER\u00c9KB\u0150L","datePublished":"2023-07-15T06:59:47+00:00","dateModified":"2023-08-02T05:59:24+00:00","mainEntityOfPage":{"@id":"http:\/\/blog.glutenmenteschef.hu\/index.php\/2023\/07\/15\/pizza-gluten-tej-es-tojasmentesen-magic-mills-uni-mix-cirok-lisztkeverekbol\/"},"wordCount":741,"commentCount":0,"publisher":{"@id":"https:\/\/blog.glutenmenteschef.hu\/#\/schema\/person\/c07613f0b6c0f12f90b8cb23cf32754a"},"image":{"@id":"http:\/\/blog.glutenmenteschef.hu\/index.php\/2023\/07\/15\/pizza-gluten-tej-es-tojasmentesen-magic-mills-uni-mix-cirok-lisztkeverekbol\/#primaryimage"},"thumbnailUrl":"http:\/\/blog.glutenmenteschef.hu\/wp-content\/uploads\/2023\/07\/Pizza-cirokliszkeverek-22-aaaaa.jpg","keywords":["cirok","ciroklisztkever\u00e9k","glut\u00e9nmentes","glut\u00e9nmentes recept","magic mills","pizza","tejmentes","toj\u00e1smentes"],"articleSection":["Keny\u00e9r \/ p\u00e9ks\u00fctem\u00e9ny","Magic Mills cirokliszt - lisztkever\u00e9k \u00e9s cirokterm\u00e9k receptek","Toj\u00e1smentes receptek"],"inLanguage":"hu","potentialAction":[{"@type":"CommentAction","name":"Comment","target":["http:\/\/blog.glutenmenteschef.hu\/index.php\/2023\/07\/15\/pizza-gluten-tej-es-tojasmentesen-magic-mills-uni-mix-cirok-lisztkeverekbol\/#respond"]}]},{"@type":"WebPage","@id":"http:\/\/blog.glutenmenteschef.hu\/index.php\/2023\/07\/15\/pizza-gluten-tej-es-tojasmentesen-magic-mills-uni-mix-cirok-lisztkeverekbol\/","url":"http:\/\/blog.glutenmenteschef.hu\/index.php\/2023\/07\/15\/pizza-gluten-tej-es-tojasmentesen-magic-mills-uni-mix-cirok-lisztkeverekbol\/","name":"PIZZA GLUT\u00c9N-, TEJ- \u00c9S TOJ\u00c1SMENTESEN MAGIC MILLS UNI MIX CIROK LISZTKEVER\u00c9KB\u0150L &#8211; Glut\u00e9nmentes Chef blog - \u00c1tol Tibor","isPartOf":{"@id":"https:\/\/blog.glutenmenteschef.hu\/#website"},"primaryImageOfPage":{"@id":"http:\/\/blog.glutenmenteschef.hu\/index.php\/2023\/07\/15\/pizza-gluten-tej-es-tojasmentesen-magic-mills-uni-mix-cirok-lisztkeverekbol\/#primaryimage"},"image":{"@id":"http:\/\/blog.glutenmenteschef.hu\/index.php\/2023\/07\/15\/pizza-gluten-tej-es-tojasmentesen-magic-mills-uni-mix-cirok-lisztkeverekbol\/#primaryimage"},"thumbnailUrl":"http:\/\/blog.glutenmenteschef.hu\/wp-content\/uploads\/2023\/07\/Pizza-cirokliszkeverek-22-aaaaa.jpg","datePublished":"2023-07-15T06:59:47+00:00","dateModified":"2023-08-02T05:59:24+00:00","description":"Mindig is azt mondtam, ha van egy j\u00f3 glut\u00e9nmentes keny\u00e9r-zsemle recept\u00fcnk, akkor m\u00e1r van pizza recept\u00fcnk is. Nincs ez m\u00e1sk\u00e9pp a cirok lisztkever\u00e9k eset\u00e9n sem. Ezzel a recepttel egy nagyon finom, ropog\u00f3s sz\u00e9l\u0171, v\u00e9kony t\u00e9szt\u00e1s pizz\u00e1t s\u00fcthet\u00fcnk, a felt\u00e9teket pedig kedv\u00fcnkre vari\u00e1lhatjuk. A pizza sz\u00f3sz legal\u00e1bb olyan fontos, mint a t\u00e9szta, \u00edgy \u00e9rdemes azt a 10-15 percet r\u00e1ford\u00edtani. A receptben le\u00edrom azt is, hogy \u00e9n hogyan k\u00e9sz\u00edtem.","breadcrumb":{"@id":"http:\/\/blog.glutenmenteschef.hu\/index.php\/2023\/07\/15\/pizza-gluten-tej-es-tojasmentesen-magic-mills-uni-mix-cirok-lisztkeverekbol\/#breadcrumb"},"inLanguage":"hu","potentialAction":[{"@type":"ReadAction","target":["http:\/\/blog.glutenmenteschef.hu\/index.php\/2023\/07\/15\/pizza-gluten-tej-es-tojasmentesen-magic-mills-uni-mix-cirok-lisztkeverekbol\/"]}]},{"@type":"ImageObject","inLanguage":"hu","@id":"http:\/\/blog.glutenmenteschef.hu\/index.php\/2023\/07\/15\/pizza-gluten-tej-es-tojasmentesen-magic-mills-uni-mix-cirok-lisztkeverekbol\/#primaryimage","url":"http:\/\/blog.glutenmenteschef.hu\/wp-content\/uploads\/2023\/07\/Pizza-cirokliszkeverek-22-aaaaa.jpg","contentUrl":"http:\/\/blog.glutenmenteschef.hu\/wp-content\/uploads\/2023\/07\/Pizza-cirokliszkeverek-22-aaaaa.jpg","width":1024,"height":768},{"@type":"BreadcrumbList","@id":"http:\/\/blog.glutenmenteschef.hu\/index.php\/2023\/07\/15\/pizza-gluten-tej-es-tojasmentesen-magic-mills-uni-mix-cirok-lisztkeverekbol\/#breadcrumb","itemListElement":[{"@type":"ListItem","position":1,"name":"Home","item":"https:\/\/blog.glutenmenteschef.hu\/"},{"@type":"ListItem","position":2,"name":"PIZZA GLUT\u00c9N-, TEJ- \u00c9S TOJ\u00c1SMENTESEN MAGIC MILLS UNI MIX CIROK LISZTKEVER\u00c9KB\u0150L"}]},{"@type":"WebSite","@id":"https:\/\/blog.glutenmenteschef.hu\/#website","url":"https:\/\/blog.glutenmenteschef.hu\/","name":"Glut\u00e9nmentes Chef blog - \u00c1tol Tibor","description":"Glut\u00e9nmentes \u00e9telek, glut\u00e9nmentes receptek, glut\u00e9nmentes vide\u00f3k","publisher":{"@id":"https:\/\/blog.glutenmenteschef.hu\/#\/schema\/person\/c07613f0b6c0f12f90b8cb23cf32754a"},"potentialAction":[{"@type":"SearchAction","target":{"@type":"EntryPoint","urlTemplate":"https:\/\/blog.glutenmenteschef.hu\/?s={search_term_string}"},"query-input":{"@type":"PropertyValueSpecification","valueRequired":true,"valueName":"search_term_string"}}],"inLanguage":"hu"},{"@type":["Person","Organization"],"@id":"https:\/\/blog.glutenmenteschef.hu\/#\/schema\/person\/c07613f0b6c0f12f90b8cb23cf32754a","name":"gmchef","image":{"@type":"ImageObject","inLanguage":"hu","@id":"https:\/\/blog.glutenmenteschef.hu\/#\/schema\/person\/image\/","url":"https:\/\/secure.gravatar.com\/avatar\/363a4977321cb6fa3321b7ac93139b68e56af77880ae9fd5a3b2e7a8279f6d74?s=96&d=mm&r=g","contentUrl":"https:\/\/secure.gravatar.com\/avatar\/363a4977321cb6fa3321b7ac93139b68e56af77880ae9fd5a3b2e7a8279f6d74?s=96&d=mm&r=g","caption":"gmchef"},"logo":{"@id":"https:\/\/blog.glutenmenteschef.hu\/#\/schema\/person\/image\/"},"sameAs":["https:\/\/www.facebook.com\/aglutenmentessef"]}]}},"_links":{"self":[{"href":"http:\/\/blog.glutenmenteschef.hu\/index.php\/wp-json\/wp\/v2\/posts\/30697","targetHints":{"allow":["GET"]}}],"collection":[{"href":"http:\/\/blog.glutenmenteschef.hu\/index.php\/wp-json\/wp\/v2\/posts"}],"about":[{"href":"http:\/\/blog.glutenmenteschef.hu\/index.php\/wp-json\/wp\/v2\/types\/post"}],"author":[{"embeddable":true,"href":"http:\/\/blog.glutenmenteschef.hu\/index.php\/wp-json\/wp\/v2\/users\/1"}],"replies":[{"embeddable":true,"href":"http:\/\/blog.glutenmenteschef.hu\/index.php\/wp-json\/wp\/v2\/comments?post=30697"}],"version-history":[{"count":0,"href":"http:\/\/blog.glutenmenteschef.hu\/index.php\/wp-json\/wp\/v2\/posts\/30697\/revisions"}],"wp:featuredmedia":[{"embeddable":true,"href":"http:\/\/blog.glutenmenteschef.hu\/index.php\/wp-json\/wp\/v2\/media\/30738"}],"wp:attachment":[{"href":"http:\/\/blog.glutenmenteschef.hu\/index.php\/wp-json\/wp\/v2\/media?parent=30697"}],"wp:term":[{"taxonomy":"category","embeddable":true,"href":"http:\/\/blog.glutenmenteschef.hu\/index.php\/wp-json\/wp\/v2\/categories?post=30697"},{"taxonomy":"post_tag","embeddable":true,"href":"http:\/\/blog.glutenmenteschef.hu\/index.php\/wp-json\/wp\/v2\/tags?post=30697"}],"curies":[{"name":"wp","href":"https:\/\/api.w.org\/{rel}","templated":true}]}}