{"id":30603,"date":"2023-06-14T13:12:57","date_gmt":"2023-06-14T13:12:57","guid":{"rendered":"https:\/\/blog.glutenmenteschef.hu\/?p=30603"},"modified":"2023-06-14T13:12:59","modified_gmt":"2023-06-14T13:12:59","slug":"darafelfujt-glutenmentesen-magic-mills-cirokdarabol","status":"publish","type":"post","link":"http:\/\/blog.glutenmenteschef.hu\/index.php\/2023\/06\/14\/darafelfujt-glutenmentesen-magic-mills-cirokdarabol\/","title":{"rendered":"DARAFELF\u00daJT GLUT\u00c9NMENTESEN MAGIC MILLS CIROKDAR\u00c1B\u00d3L"},"content":{"rendered":"\n<h3 class=\"has-text-align-center wp-block-heading\"><strong>Darafelf\u00fajt glut\u00e9nmentesen Magic Mills cirokdar\u00e1b\u00f3l<\/strong><\/h3>\n\n\n\n<p class=\"has-text-align-center\">10 adag<br><br><br><\/p>\n\n\n\n<p>Aki szereti a tejbegr\u00edzt, annak ez a desszert is be fog j\u00f6nni. A rizsk\u00f3kot vagy m\u00e1s n\u00e9ven rizsfelf\u00fajtat szerintem mindenki ismeri. Na, de a DARAFELF\u00daJTAT? <br>Cirok dar\u00e1b\u00f3l k\u00e9sz\u00fclt \u00e9s saj\u00e1t s\u00e1rgabarack lekv\u00e1runkkal dobtuk fel, de mehet mell\u00e9 gy\u00fcm\u00f6lcs vagy \u00e9pp csoki\u00f6ntet is. Hidegen vagy melegen is finom \u00e9s egy tartalmasabb leves ut\u00e1n megfelel m\u00e1sodik fog\u00e1snak is.<br>&#8211; glut\u00e9n- \u00e9s tejmentesen is elk\u00e9sz\u00edthet\u0151<br>&#8211; lass\u00fa felsz\u00edv\u00f3d\u00e1s\u00fa, \u00edgy akiknek figyelni\u00fck kell a sz\u00e9nhidr\u00e1tokra sz\u00e1mukra is j\u00f3 lehet<br><br><br><\/p>\n\n\n\n<div class=\"wp-block-image\"><figure class=\"aligncenter size-full is-resized\"><img loading=\"lazy\" decoding=\"async\" src=\"https:\/\/blog.glutenmenteschef.hu\/wp-content\/uploads\/2023\/04\/Cirok-darafelfujt-0.jpg\" alt=\"\" class=\"wp-image-30607\" width=\"512\" height=\"683\" srcset=\"http:\/\/blog.glutenmenteschef.hu\/wp-content\/uploads\/2023\/04\/Cirok-darafelfujt-0.jpg 1024w, http:\/\/blog.glutenmenteschef.hu\/wp-content\/uploads\/2023\/04\/Cirok-darafelfujt-0-225x300.jpg 225w, http:\/\/blog.glutenmenteschef.hu\/wp-content\/uploads\/2023\/04\/Cirok-darafelfujt-0-768x1024.jpg 768w\" sizes=\"auto, (max-width: 512px) 100vw, 512px\" \/><figcaption>Glut\u00e9nmentes Cirokdara felf\u00fajt<br><br><br><\/figcaption><\/figure><\/div>\n\n\n\n<h5 class=\"has-text-align-center wp-block-heading\"><strong>Hozz\u00e1val\u00f3k:<\/strong><\/h5>\n\n\n\n<p class=\"has-text-align-center\">100 g Magic Mills cirokdara<br>100 g cukor vagy ennek megfelel\u0151 \u00e9des\u00edt\u0151<br>500 g tej vagy n\u00f6v\u00e9nyi tej<br>3 db L-es m\u00e9ret\u0171 toj\u00e1s<br>5 g van\u00edlia aroma<br>1-1 g narancs- \u00e9s citromh\u00e9j reszelve<br><br><\/p>\n\n\n\n<p class=\"has-text-align-center\">10 g vaj vagy n\u00f6v\u00e9nyi megfelel\u0151je a tepsi kiken\u00e9s\u00e9hez<br>300 g lekv\u00e1r a t\u00e1lal\u00e1shoz<br><br><br><\/p>\n\n\n\n<p>A toj\u00e1sokat kett\u00e9 v\u00e1lasztjuk.<\/p>\n\n\n\n<p>A dar\u00e1t a toj\u00e1sok kiv\u00e9tel\u00e9vel a t\u00f6bbi hozz\u00e1val\u00f3val egy\u00fctt s\u0171r\u0171re f\u0151zz\u00fck alacsony l\u00e1ngon folyamatos kever\u00e9s mellet.<\/p>\n\n\n\n<p>A toj\u00e1ss\u00e1rg\u00e1j\u00e1t a forr\u00f3dar\u00e1ba keverj\u00fck. A feh\u00e9rj\u00e9b\u0151l habot ver\u00fcnk \u00e9s ezt is a m\u00e9g forr\u00f3 massz\u00e1ba forgatjuk.<br>Kivajazott ed\u00e9nybe sim\u00edtjuk \u00e9s 120 fok als\u00f3-fels\u0151 s\u00fct\u00e9si m\u00f3dozaton 50 percig s\u00fctj\u00fck.<\/p>\n\n\n\n<p>Szoba h\u0151m\u00e9rs\u00e9klet\u0171re h\u0171tve szeletelj\u00fck. Lekv\u00e1rral, gy\u00fcm\u00f6lcs\u00f6ntettel t\u00e1laljuk.<br><\/p>\n\n\n\n<h5 class=\"wp-block-heading\"><strong>S\u00c9F TIPP:<\/strong><\/h5>\n\n\n\n<p>Fontos az alacsony h\u0151fokon t\u00f6rt\u00e9n\u0151 s\u00fct\u00e9s, k\u00fcl\u00f6nben nagyon felemelkedik, \u00edgy, ha kivessz\u00fck a s\u00fct\u0151b\u0151l, mag\u00e1ba roskad.<br><br><\/p>\n\n\n\n<div class=\"wp-block-image\"><figure class=\"aligncenter size-full is-resized\"><img loading=\"lazy\" decoding=\"async\" src=\"https:\/\/blog.glutenmenteschef.hu\/wp-content\/uploads\/2023\/04\/Cirok-darafelfujt-13.jpg\" alt=\"\" class=\"wp-image-30608\" width=\"512\" height=\"683\" srcset=\"http:\/\/blog.glutenmenteschef.hu\/wp-content\/uploads\/2023\/04\/Cirok-darafelfujt-13.jpg 1024w, http:\/\/blog.glutenmenteschef.hu\/wp-content\/uploads\/2023\/04\/Cirok-darafelfujt-13-225x300.jpg 225w, http:\/\/blog.glutenmenteschef.hu\/wp-content\/uploads\/2023\/04\/Cirok-darafelfujt-13-768x1024.jpg 768w\" sizes=\"auto, (max-width: 512px) 100vw, 512px\" \/><figcaption>Cirokdara felf\u00fajt<br><br><\/figcaption><\/figure><\/div>\n\n\n\n<div class=\"wp-block-image\"><figure class=\"aligncenter size-full is-resized\"><img loading=\"lazy\" decoding=\"async\" src=\"https:\/\/blog.glutenmenteschef.hu\/wp-content\/uploads\/2023\/04\/Cirok-darafelfujt-11.jpg\" alt=\"\" class=\"wp-image-30609\" width=\"768\" height=\"576\" srcset=\"http:\/\/blog.glutenmenteschef.hu\/wp-content\/uploads\/2023\/04\/Cirok-darafelfujt-11.jpg 1024w, http:\/\/blog.glutenmenteschef.hu\/wp-content\/uploads\/2023\/04\/Cirok-darafelfujt-11-300x225.jpg 300w, http:\/\/blog.glutenmenteschef.hu\/wp-content\/uploads\/2023\/04\/Cirok-darafelfujt-11-768x576.jpg 768w\" sizes=\"auto, (max-width: 768px) 100vw, 768px\" \/><\/figure><\/div>\n","protected":false},"excerpt":{"rendered":"<p>Darafelf\u00fajt glut\u00e9nmentesen Magic Mills cirokdar\u00e1b\u00f3l 10 adag Aki szereti a tejbegr\u00edzt, annak ez a desszert is be fog j\u00f6nni. A rizsk\u00f3kot vagy m\u00e1s n\u00e9ven rizsfelf\u00fajtat szerintem mindenki ismeri. Na, de a DARAFELF\u00daJTAT? Cirok dar\u00e1b\u00f3l k\u00e9sz\u00fclt \u00e9s saj\u00e1t s\u00e1rgabarack lekv\u00e1runkkal dobtuk fel, de mehet mell\u00e9 gy\u00fcm\u00f6lcs vagy \u00e9pp csoki\u00f6ntet is. Hidegen vagy melegen is finom \u00e9s <br \/><a class=\"more\" href=\"http:\/\/blog.glutenmenteschef.hu\/index.php\/2023\/06\/14\/darafelfujt-glutenmentesen-magic-mills-cirokdarabol\/\">Read more&#8230; <\/a><\/p>\n","protected":false},"author":1,"featured_media":30606,"comment_status":"open","ping_status":"open","sticky":false,"template":"","format":"standard","meta":{"footnotes":""},"categories":[27,648],"tags":[656,657,5,575,649],"class_list":["post-30603","post","type-post","status-publish","format-standard","has-post-thumbnail","hentry","category-desszert","category-magic-mills-cirokliszt-es-lisztkeverek-recetek","tag-cirokdara","tag-darafelfujt","tag-glutenmentes","tag-glutenmentes-recept","tag-magic-mills"],"yoast_head":"<!-- This site is optimized with the Yoast SEO plugin v26.5 - https:\/\/yoast.com\/wordpress\/plugins\/seo\/ -->\n<title>DARAFELF\u00daJT GLUT\u00c9NMENTESEN MAGIC MILLS CIROKDAR\u00c1B\u00d3L &#8211; Glut\u00e9nmentes Chef blog - \u00c1tol Tibor<\/title>\n<meta name=\"description\" content=\"Aki szereti a tejbegr\u00edzt, annak ez a desszert is be fog j\u00f6nni. A rizsk\u00f3kot vagy m\u00e1s n\u00e9ven rizsfelf\u00fajtat szerintem mindenki ismeri. Na, de a DARAFELF\u00daJTAT? Cirok dar\u00e1b\u00f3l k\u00e9sz\u00fclt \u00e9s saj\u00e1t s\u00e1rgabarack lekv\u00e1runkkal dobtuk fel, de mehet mell\u00e9 gy\u00fcm\u00f6lcs vagy \u00e9pp csoki\u00f6ntet is. Hidegen vagy melegen is finom \u00e9s egy tartalmasabb leves ut\u00e1n megfelel m\u00e1sodik fog\u00e1snak is. Glut\u00e9n- \u00e9s tejmentesen is elk\u00e9sz\u00edthet\u0151, lass\u00fa felsz\u00edv\u00f3d\u00e1s\u00fa, \u00edgy akiknek figyelni\u00fck kell a sz\u00e9nhidr\u00e1tokra sz\u00e1mukra is j\u00f3 lehet.\" \/>\n<meta name=\"robots\" content=\"index, follow, max-snippet:-1, max-image-preview:large, max-video-preview:-1\" \/>\n<link rel=\"canonical\" href=\"http:\/\/blog.glutenmenteschef.hu\/index.php\/2023\/06\/14\/darafelfujt-glutenmentesen-magic-mills-cirokdarabol\/\" \/>\n<meta property=\"og:locale\" content=\"hu_HU\" \/>\n<meta property=\"og:type\" content=\"article\" \/>\n<meta property=\"og:title\" content=\"DARAFELF\u00daJT GLUT\u00c9NMENTESEN MAGIC MILLS CIROKDAR\u00c1B\u00d3L &#8211; Glut\u00e9nmentes Chef blog - \u00c1tol Tibor\" \/>\n<meta property=\"og:description\" content=\"Aki szereti a tejbegr\u00edzt, annak ez a desszert is be fog j\u00f6nni. A rizsk\u00f3kot vagy m\u00e1s n\u00e9ven rizsfelf\u00fajtat szerintem mindenki ismeri. Na, de a DARAFELF\u00daJTAT? Cirok dar\u00e1b\u00f3l k\u00e9sz\u00fclt \u00e9s saj\u00e1t s\u00e1rgabarack lekv\u00e1runkkal dobtuk fel, de mehet mell\u00e9 gy\u00fcm\u00f6lcs vagy \u00e9pp csoki\u00f6ntet is. Hidegen vagy melegen is finom \u00e9s egy tartalmasabb leves ut\u00e1n megfelel m\u00e1sodik fog\u00e1snak is. Glut\u00e9n- \u00e9s tejmentesen is elk\u00e9sz\u00edthet\u0151, lass\u00fa felsz\u00edv\u00f3d\u00e1s\u00fa, \u00edgy akiknek figyelni\u00fck kell a sz\u00e9nhidr\u00e1tokra sz\u00e1mukra is j\u00f3 lehet.\" \/>\n<meta property=\"og:url\" content=\"http:\/\/blog.glutenmenteschef.hu\/index.php\/2023\/06\/14\/darafelfujt-glutenmentesen-magic-mills-cirokdarabol\/\" \/>\n<meta property=\"og:site_name\" content=\"Glut\u00e9nmentes Chef blog - \u00c1tol Tibor\" \/>\n<meta property=\"article:publisher\" content=\"https:\/\/www.facebook.com\/aglutenmentessef\" \/>\n<meta property=\"article:author\" content=\"https:\/\/www.facebook.com\/aglutenmentessef\" \/>\n<meta property=\"article:published_time\" content=\"2023-06-14T13:12:57+00:00\" \/>\n<meta property=\"article:modified_time\" content=\"2023-06-14T13:12:59+00:00\" \/>\n<meta property=\"og:image\" content=\"http:\/\/blog.glutenmenteschef.hu\/wp-content\/uploads\/2023\/04\/Cirok-darafelfujt-1.jpg\" \/>\n\t<meta property=\"og:image:width\" content=\"1024\" \/>\n\t<meta property=\"og:image:height\" content=\"768\" \/>\n\t<meta property=\"og:image:type\" content=\"image\/jpeg\" \/>\n<meta name=\"author\" content=\"gmchef\" \/>\n<meta name=\"twitter:card\" content=\"summary_large_image\" \/>\n<meta name=\"twitter:label1\" content=\"Szerz\u0151:\" \/>\n\t<meta name=\"twitter:data1\" content=\"gmchef\" \/>\n\t<meta name=\"twitter:label2\" content=\"Becs\u00fclt olvas\u00e1si id\u0151\" \/>\n\t<meta name=\"twitter:data2\" content=\"2 perc\" \/>\n<script type=\"application\/ld+json\" class=\"yoast-schema-graph\">{\"@context\":\"https:\/\/schema.org\",\"@graph\":[{\"@type\":\"Article\",\"@id\":\"http:\/\/blog.glutenmenteschef.hu\/index.php\/2023\/06\/14\/darafelfujt-glutenmentesen-magic-mills-cirokdarabol\/#article\",\"isPartOf\":{\"@id\":\"http:\/\/blog.glutenmenteschef.hu\/index.php\/2023\/06\/14\/darafelfujt-glutenmentesen-magic-mills-cirokdarabol\/\"},\"author\":{\"name\":\"gmchef\",\"@id\":\"https:\/\/blog.glutenmenteschef.hu\/#\/schema\/person\/c07613f0b6c0f12f90b8cb23cf32754a\"},\"headline\":\"DARAFELF\u00daJT GLUT\u00c9NMENTESEN MAGIC MILLS CIROKDAR\u00c1B\u00d3L\",\"datePublished\":\"2023-06-14T13:12:57+00:00\",\"dateModified\":\"2023-06-14T13:12:59+00:00\",\"mainEntityOfPage\":{\"@id\":\"http:\/\/blog.glutenmenteschef.hu\/index.php\/2023\/06\/14\/darafelfujt-glutenmentesen-magic-mills-cirokdarabol\/\"},\"wordCount\":323,\"commentCount\":0,\"publisher\":{\"@id\":\"https:\/\/blog.glutenmenteschef.hu\/#\/schema\/person\/c07613f0b6c0f12f90b8cb23cf32754a\"},\"image\":{\"@id\":\"http:\/\/blog.glutenmenteschef.hu\/index.php\/2023\/06\/14\/darafelfujt-glutenmentesen-magic-mills-cirokdarabol\/#primaryimage\"},\"thumbnailUrl\":\"http:\/\/blog.glutenmenteschef.hu\/wp-content\/uploads\/2023\/04\/Cirok-darafelfujt-1.jpg\",\"keywords\":[\"cirokdara\",\"darafelf\u00fajt\",\"glut\u00e9nmentes\",\"glut\u00e9nmentes recept\",\"magic mills\"],\"articleSection\":[\"Desszert-S\u00fctem\u00e9ny\",\"Magic Mills cirokliszt - lisztkever\u00e9k \u00e9s cirokterm\u00e9k receptek\"],\"inLanguage\":\"hu\",\"potentialAction\":[{\"@type\":\"CommentAction\",\"name\":\"Comment\",\"target\":[\"http:\/\/blog.glutenmenteschef.hu\/index.php\/2023\/06\/14\/darafelfujt-glutenmentesen-magic-mills-cirokdarabol\/#respond\"]}]},{\"@type\":\"WebPage\",\"@id\":\"http:\/\/blog.glutenmenteschef.hu\/index.php\/2023\/06\/14\/darafelfujt-glutenmentesen-magic-mills-cirokdarabol\/\",\"url\":\"http:\/\/blog.glutenmenteschef.hu\/index.php\/2023\/06\/14\/darafelfujt-glutenmentesen-magic-mills-cirokdarabol\/\",\"name\":\"DARAFELF\u00daJT GLUT\u00c9NMENTESEN MAGIC MILLS CIROKDAR\u00c1B\u00d3L &#8211; Glut\u00e9nmentes Chef blog - \u00c1tol Tibor\",\"isPartOf\":{\"@id\":\"https:\/\/blog.glutenmenteschef.hu\/#website\"},\"primaryImageOfPage\":{\"@id\":\"http:\/\/blog.glutenmenteschef.hu\/index.php\/2023\/06\/14\/darafelfujt-glutenmentesen-magic-mills-cirokdarabol\/#primaryimage\"},\"image\":{\"@id\":\"http:\/\/blog.glutenmenteschef.hu\/index.php\/2023\/06\/14\/darafelfujt-glutenmentesen-magic-mills-cirokdarabol\/#primaryimage\"},\"thumbnailUrl\":\"http:\/\/blog.glutenmenteschef.hu\/wp-content\/uploads\/2023\/04\/Cirok-darafelfujt-1.jpg\",\"datePublished\":\"2023-06-14T13:12:57+00:00\",\"dateModified\":\"2023-06-14T13:12:59+00:00\",\"description\":\"Aki szereti a tejbegr\u00edzt, annak ez a desszert is be fog j\u00f6nni. A rizsk\u00f3kot vagy m\u00e1s n\u00e9ven rizsfelf\u00fajtat szerintem mindenki ismeri. Na, de a DARAFELF\u00daJTAT? Cirok dar\u00e1b\u00f3l k\u00e9sz\u00fclt \u00e9s saj\u00e1t s\u00e1rgabarack lekv\u00e1runkkal dobtuk fel, de mehet mell\u00e9 gy\u00fcm\u00f6lcs vagy \u00e9pp csoki\u00f6ntet is. Hidegen vagy melegen is finom \u00e9s egy tartalmasabb leves ut\u00e1n megfelel m\u00e1sodik fog\u00e1snak is. Glut\u00e9n- \u00e9s tejmentesen is elk\u00e9sz\u00edthet\u0151, lass\u00fa felsz\u00edv\u00f3d\u00e1s\u00fa, \u00edgy akiknek figyelni\u00fck kell a sz\u00e9nhidr\u00e1tokra sz\u00e1mukra is j\u00f3 lehet.\",\"breadcrumb\":{\"@id\":\"http:\/\/blog.glutenmenteschef.hu\/index.php\/2023\/06\/14\/darafelfujt-glutenmentesen-magic-mills-cirokdarabol\/#breadcrumb\"},\"inLanguage\":\"hu\",\"potentialAction\":[{\"@type\":\"ReadAction\",\"target\":[\"http:\/\/blog.glutenmenteschef.hu\/index.php\/2023\/06\/14\/darafelfujt-glutenmentesen-magic-mills-cirokdarabol\/\"]}]},{\"@type\":\"ImageObject\",\"inLanguage\":\"hu\",\"@id\":\"http:\/\/blog.glutenmenteschef.hu\/index.php\/2023\/06\/14\/darafelfujt-glutenmentesen-magic-mills-cirokdarabol\/#primaryimage\",\"url\":\"http:\/\/blog.glutenmenteschef.hu\/wp-content\/uploads\/2023\/04\/Cirok-darafelfujt-1.jpg\",\"contentUrl\":\"http:\/\/blog.glutenmenteschef.hu\/wp-content\/uploads\/2023\/04\/Cirok-darafelfujt-1.jpg\",\"width\":1024,\"height\":768},{\"@type\":\"BreadcrumbList\",\"@id\":\"http:\/\/blog.glutenmenteschef.hu\/index.php\/2023\/06\/14\/darafelfujt-glutenmentesen-magic-mills-cirokdarabol\/#breadcrumb\",\"itemListElement\":[{\"@type\":\"ListItem\",\"position\":1,\"name\":\"Home\",\"item\":\"https:\/\/blog.glutenmenteschef.hu\/\"},{\"@type\":\"ListItem\",\"position\":2,\"name\":\"DARAFELF\u00daJT GLUT\u00c9NMENTESEN MAGIC MILLS CIROKDAR\u00c1B\u00d3L\"}]},{\"@type\":\"WebSite\",\"@id\":\"https:\/\/blog.glutenmenteschef.hu\/#website\",\"url\":\"https:\/\/blog.glutenmenteschef.hu\/\",\"name\":\"Glut\u00e9nmentes Chef blog - \u00c1tol Tibor\",\"description\":\"Glut\u00e9nmentes \u00e9telek, glut\u00e9nmentes receptek, glut\u00e9nmentes vide\u00f3k\",\"publisher\":{\"@id\":\"https:\/\/blog.glutenmenteschef.hu\/#\/schema\/person\/c07613f0b6c0f12f90b8cb23cf32754a\"},\"potentialAction\":[{\"@type\":\"SearchAction\",\"target\":{\"@type\":\"EntryPoint\",\"urlTemplate\":\"https:\/\/blog.glutenmenteschef.hu\/?s={search_term_string}\"},\"query-input\":{\"@type\":\"PropertyValueSpecification\",\"valueRequired\":true,\"valueName\":\"search_term_string\"}}],\"inLanguage\":\"hu\"},{\"@type\":[\"Person\",\"Organization\"],\"@id\":\"https:\/\/blog.glutenmenteschef.hu\/#\/schema\/person\/c07613f0b6c0f12f90b8cb23cf32754a\",\"name\":\"gmchef\",\"image\":{\"@type\":\"ImageObject\",\"inLanguage\":\"hu\",\"@id\":\"https:\/\/blog.glutenmenteschef.hu\/#\/schema\/person\/image\/\",\"url\":\"https:\/\/secure.gravatar.com\/avatar\/363a4977321cb6fa3321b7ac93139b68e56af77880ae9fd5a3b2e7a8279f6d74?s=96&d=mm&r=g\",\"contentUrl\":\"https:\/\/secure.gravatar.com\/avatar\/363a4977321cb6fa3321b7ac93139b68e56af77880ae9fd5a3b2e7a8279f6d74?s=96&d=mm&r=g\",\"caption\":\"gmchef\"},\"logo\":{\"@id\":\"https:\/\/blog.glutenmenteschef.hu\/#\/schema\/person\/image\/\"},\"sameAs\":[\"https:\/\/www.facebook.com\/aglutenmentessef\"]}]}<\/script>\n<!-- \/ Yoast SEO plugin. -->","yoast_head_json":{"title":"DARAFELF\u00daJT GLUT\u00c9NMENTESEN MAGIC MILLS CIROKDAR\u00c1B\u00d3L &#8211; Glut\u00e9nmentes Chef blog - \u00c1tol Tibor","description":"Aki szereti a tejbegr\u00edzt, annak ez a desszert is be fog j\u00f6nni. A rizsk\u00f3kot vagy m\u00e1s n\u00e9ven rizsfelf\u00fajtat szerintem mindenki ismeri. Na, de a DARAFELF\u00daJTAT? Cirok dar\u00e1b\u00f3l k\u00e9sz\u00fclt \u00e9s saj\u00e1t s\u00e1rgabarack lekv\u00e1runkkal dobtuk fel, de mehet mell\u00e9 gy\u00fcm\u00f6lcs vagy \u00e9pp csoki\u00f6ntet is. Hidegen vagy melegen is finom \u00e9s egy tartalmasabb leves ut\u00e1n megfelel m\u00e1sodik fog\u00e1snak is. Glut\u00e9n- \u00e9s tejmentesen is elk\u00e9sz\u00edthet\u0151, lass\u00fa felsz\u00edv\u00f3d\u00e1s\u00fa, \u00edgy akiknek figyelni\u00fck kell a sz\u00e9nhidr\u00e1tokra sz\u00e1mukra is j\u00f3 lehet.","robots":{"index":"index","follow":"follow","max-snippet":"max-snippet:-1","max-image-preview":"max-image-preview:large","max-video-preview":"max-video-preview:-1"},"canonical":"http:\/\/blog.glutenmenteschef.hu\/index.php\/2023\/06\/14\/darafelfujt-glutenmentesen-magic-mills-cirokdarabol\/","og_locale":"hu_HU","og_type":"article","og_title":"DARAFELF\u00daJT GLUT\u00c9NMENTESEN MAGIC MILLS CIROKDAR\u00c1B\u00d3L &#8211; Glut\u00e9nmentes Chef blog - \u00c1tol Tibor","og_description":"Aki szereti a tejbegr\u00edzt, annak ez a desszert is be fog j\u00f6nni. A rizsk\u00f3kot vagy m\u00e1s n\u00e9ven rizsfelf\u00fajtat szerintem mindenki ismeri. Na, de a DARAFELF\u00daJTAT? Cirok dar\u00e1b\u00f3l k\u00e9sz\u00fclt \u00e9s saj\u00e1t s\u00e1rgabarack lekv\u00e1runkkal dobtuk fel, de mehet mell\u00e9 gy\u00fcm\u00f6lcs vagy \u00e9pp csoki\u00f6ntet is. Hidegen vagy melegen is finom \u00e9s egy tartalmasabb leves ut\u00e1n megfelel m\u00e1sodik fog\u00e1snak is. Glut\u00e9n- \u00e9s tejmentesen is elk\u00e9sz\u00edthet\u0151, lass\u00fa felsz\u00edv\u00f3d\u00e1s\u00fa, \u00edgy akiknek figyelni\u00fck kell a sz\u00e9nhidr\u00e1tokra sz\u00e1mukra is j\u00f3 lehet.","og_url":"http:\/\/blog.glutenmenteschef.hu\/index.php\/2023\/06\/14\/darafelfujt-glutenmentesen-magic-mills-cirokdarabol\/","og_site_name":"Glut\u00e9nmentes Chef blog - \u00c1tol Tibor","article_publisher":"https:\/\/www.facebook.com\/aglutenmentessef","article_author":"https:\/\/www.facebook.com\/aglutenmentessef","article_published_time":"2023-06-14T13:12:57+00:00","article_modified_time":"2023-06-14T13:12:59+00:00","og_image":[{"width":1024,"height":768,"url":"http:\/\/blog.glutenmenteschef.hu\/wp-content\/uploads\/2023\/04\/Cirok-darafelfujt-1.jpg","type":"image\/jpeg"}],"author":"gmchef","twitter_card":"summary_large_image","twitter_misc":{"Szerz\u0151:":"gmchef","Becs\u00fclt olvas\u00e1si id\u0151":"2 perc"},"schema":{"@context":"https:\/\/schema.org","@graph":[{"@type":"Article","@id":"http:\/\/blog.glutenmenteschef.hu\/index.php\/2023\/06\/14\/darafelfujt-glutenmentesen-magic-mills-cirokdarabol\/#article","isPartOf":{"@id":"http:\/\/blog.glutenmenteschef.hu\/index.php\/2023\/06\/14\/darafelfujt-glutenmentesen-magic-mills-cirokdarabol\/"},"author":{"name":"gmchef","@id":"https:\/\/blog.glutenmenteschef.hu\/#\/schema\/person\/c07613f0b6c0f12f90b8cb23cf32754a"},"headline":"DARAFELF\u00daJT GLUT\u00c9NMENTESEN MAGIC MILLS CIROKDAR\u00c1B\u00d3L","datePublished":"2023-06-14T13:12:57+00:00","dateModified":"2023-06-14T13:12:59+00:00","mainEntityOfPage":{"@id":"http:\/\/blog.glutenmenteschef.hu\/index.php\/2023\/06\/14\/darafelfujt-glutenmentesen-magic-mills-cirokdarabol\/"},"wordCount":323,"commentCount":0,"publisher":{"@id":"https:\/\/blog.glutenmenteschef.hu\/#\/schema\/person\/c07613f0b6c0f12f90b8cb23cf32754a"},"image":{"@id":"http:\/\/blog.glutenmenteschef.hu\/index.php\/2023\/06\/14\/darafelfujt-glutenmentesen-magic-mills-cirokdarabol\/#primaryimage"},"thumbnailUrl":"http:\/\/blog.glutenmenteschef.hu\/wp-content\/uploads\/2023\/04\/Cirok-darafelfujt-1.jpg","keywords":["cirokdara","darafelf\u00fajt","glut\u00e9nmentes","glut\u00e9nmentes recept","magic mills"],"articleSection":["Desszert-S\u00fctem\u00e9ny","Magic Mills cirokliszt - lisztkever\u00e9k \u00e9s cirokterm\u00e9k receptek"],"inLanguage":"hu","potentialAction":[{"@type":"CommentAction","name":"Comment","target":["http:\/\/blog.glutenmenteschef.hu\/index.php\/2023\/06\/14\/darafelfujt-glutenmentesen-magic-mills-cirokdarabol\/#respond"]}]},{"@type":"WebPage","@id":"http:\/\/blog.glutenmenteschef.hu\/index.php\/2023\/06\/14\/darafelfujt-glutenmentesen-magic-mills-cirokdarabol\/","url":"http:\/\/blog.glutenmenteschef.hu\/index.php\/2023\/06\/14\/darafelfujt-glutenmentesen-magic-mills-cirokdarabol\/","name":"DARAFELF\u00daJT GLUT\u00c9NMENTESEN MAGIC MILLS CIROKDAR\u00c1B\u00d3L &#8211; Glut\u00e9nmentes Chef blog - \u00c1tol Tibor","isPartOf":{"@id":"https:\/\/blog.glutenmenteschef.hu\/#website"},"primaryImageOfPage":{"@id":"http:\/\/blog.glutenmenteschef.hu\/index.php\/2023\/06\/14\/darafelfujt-glutenmentesen-magic-mills-cirokdarabol\/#primaryimage"},"image":{"@id":"http:\/\/blog.glutenmenteschef.hu\/index.php\/2023\/06\/14\/darafelfujt-glutenmentesen-magic-mills-cirokdarabol\/#primaryimage"},"thumbnailUrl":"http:\/\/blog.glutenmenteschef.hu\/wp-content\/uploads\/2023\/04\/Cirok-darafelfujt-1.jpg","datePublished":"2023-06-14T13:12:57+00:00","dateModified":"2023-06-14T13:12:59+00:00","description":"Aki szereti a tejbegr\u00edzt, annak ez a desszert is be fog j\u00f6nni. A rizsk\u00f3kot vagy m\u00e1s n\u00e9ven rizsfelf\u00fajtat szerintem mindenki ismeri. Na, de a DARAFELF\u00daJTAT? Cirok dar\u00e1b\u00f3l k\u00e9sz\u00fclt \u00e9s saj\u00e1t s\u00e1rgabarack lekv\u00e1runkkal dobtuk fel, de mehet mell\u00e9 gy\u00fcm\u00f6lcs vagy \u00e9pp csoki\u00f6ntet is. Hidegen vagy melegen is finom \u00e9s egy tartalmasabb leves ut\u00e1n megfelel m\u00e1sodik fog\u00e1snak is. Glut\u00e9n- \u00e9s tejmentesen is elk\u00e9sz\u00edthet\u0151, lass\u00fa felsz\u00edv\u00f3d\u00e1s\u00fa, \u00edgy akiknek figyelni\u00fck kell a sz\u00e9nhidr\u00e1tokra sz\u00e1mukra is j\u00f3 lehet.","breadcrumb":{"@id":"http:\/\/blog.glutenmenteschef.hu\/index.php\/2023\/06\/14\/darafelfujt-glutenmentesen-magic-mills-cirokdarabol\/#breadcrumb"},"inLanguage":"hu","potentialAction":[{"@type":"ReadAction","target":["http:\/\/blog.glutenmenteschef.hu\/index.php\/2023\/06\/14\/darafelfujt-glutenmentesen-magic-mills-cirokdarabol\/"]}]},{"@type":"ImageObject","inLanguage":"hu","@id":"http:\/\/blog.glutenmenteschef.hu\/index.php\/2023\/06\/14\/darafelfujt-glutenmentesen-magic-mills-cirokdarabol\/#primaryimage","url":"http:\/\/blog.glutenmenteschef.hu\/wp-content\/uploads\/2023\/04\/Cirok-darafelfujt-1.jpg","contentUrl":"http:\/\/blog.glutenmenteschef.hu\/wp-content\/uploads\/2023\/04\/Cirok-darafelfujt-1.jpg","width":1024,"height":768},{"@type":"BreadcrumbList","@id":"http:\/\/blog.glutenmenteschef.hu\/index.php\/2023\/06\/14\/darafelfujt-glutenmentesen-magic-mills-cirokdarabol\/#breadcrumb","itemListElement":[{"@type":"ListItem","position":1,"name":"Home","item":"https:\/\/blog.glutenmenteschef.hu\/"},{"@type":"ListItem","position":2,"name":"DARAFELF\u00daJT GLUT\u00c9NMENTESEN MAGIC MILLS CIROKDAR\u00c1B\u00d3L"}]},{"@type":"WebSite","@id":"https:\/\/blog.glutenmenteschef.hu\/#website","url":"https:\/\/blog.glutenmenteschef.hu\/","name":"Glut\u00e9nmentes Chef blog - \u00c1tol Tibor","description":"Glut\u00e9nmentes \u00e9telek, glut\u00e9nmentes receptek, glut\u00e9nmentes vide\u00f3k","publisher":{"@id":"https:\/\/blog.glutenmenteschef.hu\/#\/schema\/person\/c07613f0b6c0f12f90b8cb23cf32754a"},"potentialAction":[{"@type":"SearchAction","target":{"@type":"EntryPoint","urlTemplate":"https:\/\/blog.glutenmenteschef.hu\/?s={search_term_string}"},"query-input":{"@type":"PropertyValueSpecification","valueRequired":true,"valueName":"search_term_string"}}],"inLanguage":"hu"},{"@type":["Person","Organization"],"@id":"https:\/\/blog.glutenmenteschef.hu\/#\/schema\/person\/c07613f0b6c0f12f90b8cb23cf32754a","name":"gmchef","image":{"@type":"ImageObject","inLanguage":"hu","@id":"https:\/\/blog.glutenmenteschef.hu\/#\/schema\/person\/image\/","url":"https:\/\/secure.gravatar.com\/avatar\/363a4977321cb6fa3321b7ac93139b68e56af77880ae9fd5a3b2e7a8279f6d74?s=96&d=mm&r=g","contentUrl":"https:\/\/secure.gravatar.com\/avatar\/363a4977321cb6fa3321b7ac93139b68e56af77880ae9fd5a3b2e7a8279f6d74?s=96&d=mm&r=g","caption":"gmchef"},"logo":{"@id":"https:\/\/blog.glutenmenteschef.hu\/#\/schema\/person\/image\/"},"sameAs":["https:\/\/www.facebook.com\/aglutenmentessef"]}]}},"_links":{"self":[{"href":"http:\/\/blog.glutenmenteschef.hu\/index.php\/wp-json\/wp\/v2\/posts\/30603","targetHints":{"allow":["GET"]}}],"collection":[{"href":"http:\/\/blog.glutenmenteschef.hu\/index.php\/wp-json\/wp\/v2\/posts"}],"about":[{"href":"http:\/\/blog.glutenmenteschef.hu\/index.php\/wp-json\/wp\/v2\/types\/post"}],"author":[{"embeddable":true,"href":"http:\/\/blog.glutenmenteschef.hu\/index.php\/wp-json\/wp\/v2\/users\/1"}],"replies":[{"embeddable":true,"href":"http:\/\/blog.glutenmenteschef.hu\/index.php\/wp-json\/wp\/v2\/comments?post=30603"}],"version-history":[{"count":0,"href":"http:\/\/blog.glutenmenteschef.hu\/index.php\/wp-json\/wp\/v2\/posts\/30603\/revisions"}],"wp:featuredmedia":[{"embeddable":true,"href":"http:\/\/blog.glutenmenteschef.hu\/index.php\/wp-json\/wp\/v2\/media\/30606"}],"wp:attachment":[{"href":"http:\/\/blog.glutenmenteschef.hu\/index.php\/wp-json\/wp\/v2\/media?parent=30603"}],"wp:term":[{"taxonomy":"category","embeddable":true,"href":"http:\/\/blog.glutenmenteschef.hu\/index.php\/wp-json\/wp\/v2\/categories?post=30603"},{"taxonomy":"post_tag","embeddable":true,"href":"http:\/\/blog.glutenmenteschef.hu\/index.php\/wp-json\/wp\/v2\/tags?post=30603"}],"curies":[{"name":"wp","href":"https:\/\/api.w.org\/{rel}","templated":true}]}}