{"id":30589,"date":"2023-06-01T11:44:47","date_gmt":"2023-06-01T11:44:47","guid":{"rendered":"https:\/\/blog.glutenmenteschef.hu\/?p=30589"},"modified":"2026-03-22T19:24:08","modified_gmt":"2026-03-22T19:24:08","slug":"pasztorcirhonya-gluten-tej-es-tojasmentesen-cirok-gyonggyel","status":"publish","type":"post","link":"http:\/\/blog.glutenmenteschef.hu\/index.php\/2023\/06\/01\/pasztorcirhonya-gluten-tej-es-tojasmentesen-cirok-gyonggyel\/","title":{"rendered":"P\u00c1SZTORCIRHONYA, GLUT\u00c9N-, TEJ- \u00c9S TOJ\u00c1SMENTESEN CIROK GY\u00d6NGGYEL"},"content":{"rendered":"\n<h3 class=\"wp-block-heading has-text-align-center\"><strong>P\u00e1sztorcirhonya, glut\u00e9n-, tej- \u00e9s toj\u00e1smentesen<\/strong> <strong>cirok gy\u00f6nggyel<\/strong><\/h3>\n\n\n\n<p class=\"has-text-align-center\">5 adag<br><br><br><\/p>\n\n\n\n<p>A cirok eredend\u0151en glut\u00e9nmentes. A benne l\u00e9v\u0151 kem\u00e9ny\u00edt\u0151 lassan sz\u00edv\u00f3dik fel, ez\u00e9rt alacsony a glik\u00e9mi\u00e1s indexe ( 48 ), \u00edgy akiknek figyelni kell a sz\u00e9nhidr\u00e1tra, k\u00f6z\u00fcl\u00fck is sokan tudj\u00e1k haszn\u00e1lni.<br>A cirok gy\u00f6ngy 100%-ban h\u00e1ntolt cirokmag. Nincs semmilyen kellemetlen mell\u00e9k\u00edze, ha megpir\u00edtjuk, pattogatott kukorica illata lesz.<\/p>\n\n\n\n<p>Els\u0151 alkalommal sz\u00e1momra is meglep\u0151 volt, hogy a cirokgy\u00f6ngy t\u00f6k\u00e9letesen hozta kin\u00e9zetre, \u00edzre \u00e9s \u00e1llagra is a tarhony\u00e1t \u00fagy, hogy r\u00e1ad\u00e1sul glut\u00e9n-, tej- \u00c9S toj\u00e1smentes \u00e9s m\u00e9g csak nem is t\u00e9szta. \u00cdgy adta mag\u00e1t, hogy a P\u00e1sztortarhony\u00e1ban a tarhonya helyettes\u00edt\u00e9s\u00e9re haszn\u00e1ljam. Gyorsan megkedvelte a csal\u00e1d, egym\u00e1s k\u00f6z\u00f6tt el is keresztelt\u00fck &#8222;cirhony\u00e1nak&#8221;, ami a tarhonya \u00e9s a cirok szavakb\u00f3l \u00f6sszevonva sz\u00fcletett.<br><br><\/p>\n\n\n<div class=\"wp-block-image is-resized\">\n<figure class=\"aligncenter size-full\"><img loading=\"lazy\" decoding=\"async\" width=\"1024\" height=\"1365\" src=\"https:\/\/blog.glutenmenteschef.hu\/wp-content\/uploads\/2023\/04\/Pasztorcirhonya-cirokgyonggyel-1.jpg\" alt=\"\" class=\"wp-image-30597\" style=\"width:500px\" srcset=\"http:\/\/blog.glutenmenteschef.hu\/wp-content\/uploads\/2023\/04\/Pasztorcirhonya-cirokgyonggyel-1.jpg 1024w, http:\/\/blog.glutenmenteschef.hu\/wp-content\/uploads\/2023\/04\/Pasztorcirhonya-cirokgyonggyel-1-225x300.jpg 225w, http:\/\/blog.glutenmenteschef.hu\/wp-content\/uploads\/2023\/04\/Pasztorcirhonya-cirokgyonggyel-1-768x1024.jpg 768w\" sizes=\"auto, (max-width: 1024px) 100vw, 1024px\" \/><figcaption class=\"wp-element-caption\">P\u00e1sztortarhonya glut\u00e9n-, tej- \u00e9s toj\u00e1smentesen Magic Mills cirokgy\u00f6nggyel vagyis &#8222;cirhony\u00e1val&#8221;<br><br><br><\/figcaption><\/figure>\n<\/div>\n\n\n<h5 class=\"wp-block-heading has-text-align-center\"><strong>Hozz\u00e1val\u00f3k:<\/strong><\/h5>\n\n\n\n<p class=\"has-text-align-center\">800 g sert\u00e9s els\u0151 cs\u00fcl\u00f6k vagy lapocka<br>300 g v\u00f6r\u00f6shagyma<br>400 g burgonya<br>150 g Magic Mills cirokgy\u00f6ngy<br>60 g liba- vagy kacsa zs\u00edr<br>10 g s\u00f3<br>5 g f\u0171szerpaprika<br>1 csipet csili<br><br><\/p>\n\n\n\n<p>A megtiszt\u00edtott hagym\u00e1t apr\u00f3ra v\u00e1gjuk \u00e9s a zs\u00edrban \u00fcvegesre fonnyasztjuk egy minimum 3 literes l\u00e1basban. A t\u0171zr\u0151l leh\u00fazzuk \u00e9s megsz\u00f3rjuk a f\u0171szerpaprik\u00e1val, s\u00f3zzuk, elkeverj\u00fck \u00e9s fel\u00f6ntj\u00fck 3 dl v\u00edzzel. Fed\u0151 alatt f\u0151zz\u00fck, addig, am\u00edg a h\u00fast 2 x 2 cm-es kock\u00e1ra v\u00e1gjuk.<\/p>\n\n\n\n<p>A p\u00f6rk\u00f6ltalapba tessz\u00fck a sert\u00e9sh\u00fast \u00e9s lefedve f\u0151zz\u00fck, a folyad\u00e9kot, ami elp\u00e1rolog folyamatosan p\u00f3tolva.<br><\/p>\n\n\n\n<p>K\u00f6zben a cirokgy\u00f6ngy\u00f6t sz\u00e1razon addig pir\u00edtjuk, am\u00edg pattogatott kukorica illata nem lesz. Ekkor 5-sz\u00f6r\u00f6s mennyis\u00e9g\u0171 v\u00edzzel felengedj\u00fck \u00e9s fed\u0151 alatt puh\u00e1ra f\u0151zz\u00fck, ez nagyj\u00e1b\u00f3l 50 perc. Majd lesz\u0171rj\u00fck, mint egy t\u00e9szt\u00e1t.<br><\/p>\n\n\n\n<p>A burgony\u00e1t megh\u00e1mozzuk \u00e9s 1&#215;1 cm-es kock\u00e1ra v\u00e1gjuk. Hideg v\u00edzben tartjuk felhaszn\u00e1l\u00e1sig.<br><\/p>\n\n\n\n<p>Amikor h\u00fas m\u00e1r majdnem puha, hozz\u00e1adjuk a lesz\u0171rt krumplit \u00e9s a cirokgy\u00f6ngy\u00f6t is. Annyi v\u00edzzel \u00f6ntj\u00fck fel, hogy \u00e9ppen csak ellepje, majd puh\u00e1ra f\u0151zz\u00fck.<br><br><\/p>\n\n\n<div class=\"wp-block-image is-resized\">\n<figure class=\"aligncenter size-full\"><img loading=\"lazy\" decoding=\"async\" width=\"1024\" height=\"1365\" src=\"https:\/\/blog.glutenmenteschef.hu\/wp-content\/uploads\/2023\/04\/Pasztorcirhonya.jpg\" alt=\"\" class=\"wp-image-30598\" style=\"width:500px\" srcset=\"http:\/\/blog.glutenmenteschef.hu\/wp-content\/uploads\/2023\/04\/Pasztorcirhonya.jpg 1024w, http:\/\/blog.glutenmenteschef.hu\/wp-content\/uploads\/2023\/04\/Pasztorcirhonya-225x300.jpg 225w, http:\/\/blog.glutenmenteschef.hu\/wp-content\/uploads\/2023\/04\/Pasztorcirhonya-768x1024.jpg 768w\" sizes=\"auto, (max-width: 1024px) 100vw, 1024px\" \/><figcaption class=\"wp-element-caption\">A cirokgy\u00f6ngy elk\u00e9sz\u00edtve pont \u00fagy n\u00e9z ki, mint a tarhonya<br><br><\/figcaption><\/figure>\n<\/div>\n\n<div class=\"wp-block-image is-resized\">\n<figure class=\"aligncenter size-full\"><img loading=\"lazy\" decoding=\"async\" width=\"1024\" height=\"768\" src=\"https:\/\/blog.glutenmenteschef.hu\/wp-content\/uploads\/2023\/04\/Pasztorcirhonya-cirokgyonggyel-5.jpg\" alt=\"\" class=\"wp-image-30600\" style=\"width:500px\" srcset=\"http:\/\/blog.glutenmenteschef.hu\/wp-content\/uploads\/2023\/04\/Pasztorcirhonya-cirokgyonggyel-5.jpg 1024w, http:\/\/blog.glutenmenteschef.hu\/wp-content\/uploads\/2023\/04\/Pasztorcirhonya-cirokgyonggyel-5-300x225.jpg 300w, http:\/\/blog.glutenmenteschef.hu\/wp-content\/uploads\/2023\/04\/Pasztorcirhonya-cirokgyonggyel-5-768x576.jpg 768w\" sizes=\"auto, (max-width: 1024px) 100vw, 1024px\" \/><\/figure>\n<\/div>\n\n\n<p><br><\/p>\n\n\n\n<p><\/p>\n","protected":false},"excerpt":{"rendered":"<p>P\u00e1sztorcirhonya, glut\u00e9n-, tej- \u00e9s toj\u00e1smentesen cirok gy\u00f6nggyel 5 adag A cirok eredend\u0151en glut\u00e9nmentes. A benne l\u00e9v\u0151 kem\u00e9ny\u00edt\u0151 lassan sz\u00edv\u00f3dik fel, ez\u00e9rt alacsony a glik\u00e9mi\u00e1s indexe ( 48 ), \u00edgy akiknek figyelni kell a sz\u00e9nhidr\u00e1tra, k\u00f6z\u00fcl\u00fck is sokan tudj\u00e1k haszn\u00e1lni.A cirok gy\u00f6ngy 100%-ban h\u00e1ntolt cirokmag. Nincs semmilyen kellemetlen mell\u00e9k\u00edze, ha megpir\u00edtjuk, pattogatott kukorica illata lesz. Els\u0151 <br \/><a class=\"more\" href=\"http:\/\/blog.glutenmenteschef.hu\/index.php\/2023\/06\/01\/pasztorcirhonya-gluten-tej-es-tojasmentesen-cirok-gyonggyel\/\">Read more&#8230; <\/a><\/p>\n","protected":false},"author":1,"featured_media":30596,"comment_status":"open","ping_status":"open","sticky":false,"template":"","format":"standard","meta":{"footnotes":""},"categories":[7,648,396],"tags":[655,653,5,577,649,654],"class_list":["post-30589","post","type-post","status-publish","format-standard","has-post-thumbnail","hentry","category-foetelek","category-magic-mills-cirokliszt-es-lisztkeverek-recetek","category-tojasmentes-receptek","tag-cirhonya","tag-cirokgyongy","tag-glutenmentes","tag-glutenmentesrecept","tag-magic-mills","tag-pasztortarhonya"],"yoast_head":"<!-- This site is optimized with the Yoast SEO plugin v26.5 - https:\/\/yoast.com\/wordpress\/plugins\/seo\/ -->\n<title>P\u00c1SZTORCIRHONYA, GLUT\u00c9N-, TEJ- \u00c9S TOJ\u00c1SMENTESEN CIROK GY\u00d6NGGYEL &#8211; Glut\u00e9nmentes Chef blog - \u00c1tol Tibor<\/title>\n<meta name=\"description\" content=\"Els\u0151 alkalommal sz\u00e1momra is meglep\u0151 volt, hogy a cirokgy\u00f6ngy t\u00f6k\u00e9letesen hozta kin\u00e9zetre, \u00edzre \u00e9s \u00e1llagra is a tarhony\u00e1t \u00fagy, hogy r\u00e1ad\u00e1sul glut\u00e9n-, tej- \u00c9S toj\u00e1smentes \u00e9s m\u00e9g csak nem is t\u00e9szta. \u00cdgy adta mag\u00e1t, hogy a P\u00e1sztortarhony\u00e1ban a tarhonya helyettes\u00edt\u00e9s\u00e9re haszn\u00e1ljam. Gyorsan megkedvelte a csal\u00e1d, egym\u00e1s k\u00f6z\u00f6tt el is keresztelt\u00fck &quot;cirhony\u00e1nak&quot;, ami a tarhonya \u00e9s a cirok szavakb\u00f3l \u00f6sszevonva sz\u00fcletett.\" \/>\n<meta name=\"robots\" content=\"index, follow, max-snippet:-1, max-image-preview:large, max-video-preview:-1\" \/>\n<link rel=\"canonical\" href=\"http:\/\/blog.glutenmenteschef.hu\/index.php\/2023\/06\/01\/pasztorcirhonya-gluten-tej-es-tojasmentesen-cirok-gyonggyel\/\" \/>\n<meta property=\"og:locale\" content=\"hu_HU\" \/>\n<meta property=\"og:type\" content=\"article\" \/>\n<meta property=\"og:title\" content=\"P\u00c1SZTORCIRHONYA, GLUT\u00c9N-, TEJ- \u00c9S TOJ\u00c1SMENTESEN CIROK GY\u00d6NGGYEL &#8211; Glut\u00e9nmentes Chef blog - \u00c1tol Tibor\" \/>\n<meta property=\"og:description\" content=\"Els\u0151 alkalommal sz\u00e1momra is meglep\u0151 volt, hogy a cirokgy\u00f6ngy t\u00f6k\u00e9letesen hozta kin\u00e9zetre, \u00edzre \u00e9s \u00e1llagra is a tarhony\u00e1t \u00fagy, hogy r\u00e1ad\u00e1sul glut\u00e9n-, tej- \u00c9S toj\u00e1smentes \u00e9s m\u00e9g csak nem is t\u00e9szta. \u00cdgy adta mag\u00e1t, hogy a P\u00e1sztortarhony\u00e1ban a tarhonya helyettes\u00edt\u00e9s\u00e9re haszn\u00e1ljam. Gyorsan megkedvelte a csal\u00e1d, egym\u00e1s k\u00f6z\u00f6tt el is keresztelt\u00fck &quot;cirhony\u00e1nak&quot;, ami a tarhonya \u00e9s a cirok szavakb\u00f3l \u00f6sszevonva sz\u00fcletett.\" \/>\n<meta property=\"og:url\" content=\"http:\/\/blog.glutenmenteschef.hu\/index.php\/2023\/06\/01\/pasztorcirhonya-gluten-tej-es-tojasmentesen-cirok-gyonggyel\/\" \/>\n<meta property=\"og:site_name\" content=\"Glut\u00e9nmentes Chef blog - \u00c1tol Tibor\" \/>\n<meta property=\"article:publisher\" content=\"https:\/\/www.facebook.com\/aglutenmentessef\" \/>\n<meta property=\"article:author\" content=\"https:\/\/www.facebook.com\/aglutenmentessef\" \/>\n<meta property=\"article:published_time\" content=\"2023-06-01T11:44:47+00:00\" \/>\n<meta property=\"article:modified_time\" content=\"2026-03-22T19:24:08+00:00\" \/>\n<meta property=\"og:image\" content=\"http:\/\/blog.glutenmenteschef.hu\/wp-content\/uploads\/2023\/04\/Pasztorcirhonya-cirokgyonggyel-2.jpg\" \/>\n\t<meta property=\"og:image:width\" content=\"1024\" \/>\n\t<meta property=\"og:image:height\" content=\"768\" \/>\n\t<meta property=\"og:image:type\" content=\"image\/jpeg\" \/>\n<meta name=\"author\" content=\"gmchef\" \/>\n<meta name=\"twitter:card\" content=\"summary_large_image\" \/>\n<meta name=\"twitter:label1\" content=\"Szerz\u0151:\" \/>\n\t<meta name=\"twitter:data1\" content=\"gmchef\" \/>\n\t<meta name=\"twitter:label2\" content=\"Becs\u00fclt olvas\u00e1si id\u0151\" \/>\n\t<meta name=\"twitter:data2\" content=\"3 perc\" \/>\n<script type=\"application\/ld+json\" class=\"yoast-schema-graph\">{\"@context\":\"https:\/\/schema.org\",\"@graph\":[{\"@type\":\"Article\",\"@id\":\"http:\/\/blog.glutenmenteschef.hu\/index.php\/2023\/06\/01\/pasztorcirhonya-gluten-tej-es-tojasmentesen-cirok-gyonggyel\/#article\",\"isPartOf\":{\"@id\":\"http:\/\/blog.glutenmenteschef.hu\/index.php\/2023\/06\/01\/pasztorcirhonya-gluten-tej-es-tojasmentesen-cirok-gyonggyel\/\"},\"author\":{\"name\":\"gmchef\",\"@id\":\"https:\/\/blog.glutenmenteschef.hu\/#\/schema\/person\/c07613f0b6c0f12f90b8cb23cf32754a\"},\"headline\":\"P\u00c1SZTORCIRHONYA, GLUT\u00c9N-, TEJ- \u00c9S TOJ\u00c1SMENTESEN CIROK GY\u00d6NGGYEL\",\"datePublished\":\"2023-06-01T11:44:47+00:00\",\"dateModified\":\"2026-03-22T19:24:08+00:00\",\"mainEntityOfPage\":{\"@id\":\"http:\/\/blog.glutenmenteschef.hu\/index.php\/2023\/06\/01\/pasztorcirhonya-gluten-tej-es-tojasmentesen-cirok-gyonggyel\/\"},\"wordCount\":429,\"commentCount\":0,\"publisher\":{\"@id\":\"https:\/\/blog.glutenmenteschef.hu\/#\/schema\/person\/c07613f0b6c0f12f90b8cb23cf32754a\"},\"image\":{\"@id\":\"http:\/\/blog.glutenmenteschef.hu\/index.php\/2023\/06\/01\/pasztorcirhonya-gluten-tej-es-tojasmentesen-cirok-gyonggyel\/#primaryimage\"},\"thumbnailUrl\":\"http:\/\/blog.glutenmenteschef.hu\/wp-content\/uploads\/2023\/04\/Pasztorcirhonya-cirokgyonggyel-2.jpg\",\"keywords\":[\"cirhonya\",\"cirokgy\u00f6ngy\",\"glut\u00e9nmentes\",\"glut\u00e9nmentesrecept\",\"magic mills\",\"p\u00e1sztortarhonya\"],\"articleSection\":[\"F\u0151\u00e9telek\",\"Magic Mills cirokliszt - lisztkever\u00e9k \u00e9s cirokterm\u00e9k receptek\",\"Toj\u00e1smentes receptek\"],\"inLanguage\":\"hu\",\"potentialAction\":[{\"@type\":\"CommentAction\",\"name\":\"Comment\",\"target\":[\"http:\/\/blog.glutenmenteschef.hu\/index.php\/2023\/06\/01\/pasztorcirhonya-gluten-tej-es-tojasmentesen-cirok-gyonggyel\/#respond\"]}]},{\"@type\":\"WebPage\",\"@id\":\"http:\/\/blog.glutenmenteschef.hu\/index.php\/2023\/06\/01\/pasztorcirhonya-gluten-tej-es-tojasmentesen-cirok-gyonggyel\/\",\"url\":\"http:\/\/blog.glutenmenteschef.hu\/index.php\/2023\/06\/01\/pasztorcirhonya-gluten-tej-es-tojasmentesen-cirok-gyonggyel\/\",\"name\":\"P\u00c1SZTORCIRHONYA, GLUT\u00c9N-, TEJ- \u00c9S TOJ\u00c1SMENTESEN CIROK GY\u00d6NGGYEL &#8211; Glut\u00e9nmentes Chef blog - \u00c1tol Tibor\",\"isPartOf\":{\"@id\":\"https:\/\/blog.glutenmenteschef.hu\/#website\"},\"primaryImageOfPage\":{\"@id\":\"http:\/\/blog.glutenmenteschef.hu\/index.php\/2023\/06\/01\/pasztorcirhonya-gluten-tej-es-tojasmentesen-cirok-gyonggyel\/#primaryimage\"},\"image\":{\"@id\":\"http:\/\/blog.glutenmenteschef.hu\/index.php\/2023\/06\/01\/pasztorcirhonya-gluten-tej-es-tojasmentesen-cirok-gyonggyel\/#primaryimage\"},\"thumbnailUrl\":\"http:\/\/blog.glutenmenteschef.hu\/wp-content\/uploads\/2023\/04\/Pasztorcirhonya-cirokgyonggyel-2.jpg\",\"datePublished\":\"2023-06-01T11:44:47+00:00\",\"dateModified\":\"2026-03-22T19:24:08+00:00\",\"description\":\"Els\u0151 alkalommal sz\u00e1momra is meglep\u0151 volt, hogy a cirokgy\u00f6ngy t\u00f6k\u00e9letesen hozta kin\u00e9zetre, \u00edzre \u00e9s \u00e1llagra is a tarhony\u00e1t \u00fagy, hogy r\u00e1ad\u00e1sul glut\u00e9n-, tej- \u00c9S toj\u00e1smentes \u00e9s m\u00e9g csak nem is t\u00e9szta. \u00cdgy adta mag\u00e1t, hogy a P\u00e1sztortarhony\u00e1ban a tarhonya helyettes\u00edt\u00e9s\u00e9re haszn\u00e1ljam. Gyorsan megkedvelte a csal\u00e1d, egym\u00e1s k\u00f6z\u00f6tt el is keresztelt\u00fck \\\"cirhony\u00e1nak\\\", ami a tarhonya \u00e9s a cirok szavakb\u00f3l \u00f6sszevonva sz\u00fcletett.\",\"breadcrumb\":{\"@id\":\"http:\/\/blog.glutenmenteschef.hu\/index.php\/2023\/06\/01\/pasztorcirhonya-gluten-tej-es-tojasmentesen-cirok-gyonggyel\/#breadcrumb\"},\"inLanguage\":\"hu\",\"potentialAction\":[{\"@type\":\"ReadAction\",\"target\":[\"http:\/\/blog.glutenmenteschef.hu\/index.php\/2023\/06\/01\/pasztorcirhonya-gluten-tej-es-tojasmentesen-cirok-gyonggyel\/\"]}]},{\"@type\":\"ImageObject\",\"inLanguage\":\"hu\",\"@id\":\"http:\/\/blog.glutenmenteschef.hu\/index.php\/2023\/06\/01\/pasztorcirhonya-gluten-tej-es-tojasmentesen-cirok-gyonggyel\/#primaryimage\",\"url\":\"http:\/\/blog.glutenmenteschef.hu\/wp-content\/uploads\/2023\/04\/Pasztorcirhonya-cirokgyonggyel-2.jpg\",\"contentUrl\":\"http:\/\/blog.glutenmenteschef.hu\/wp-content\/uploads\/2023\/04\/Pasztorcirhonya-cirokgyonggyel-2.jpg\",\"width\":1024,\"height\":768},{\"@type\":\"BreadcrumbList\",\"@id\":\"http:\/\/blog.glutenmenteschef.hu\/index.php\/2023\/06\/01\/pasztorcirhonya-gluten-tej-es-tojasmentesen-cirok-gyonggyel\/#breadcrumb\",\"itemListElement\":[{\"@type\":\"ListItem\",\"position\":1,\"name\":\"Home\",\"item\":\"https:\/\/blog.glutenmenteschef.hu\/\"},{\"@type\":\"ListItem\",\"position\":2,\"name\":\"P\u00c1SZTORCIRHONYA, GLUT\u00c9N-, TEJ- \u00c9S TOJ\u00c1SMENTESEN CIROK GY\u00d6NGGYEL\"}]},{\"@type\":\"WebSite\",\"@id\":\"https:\/\/blog.glutenmenteschef.hu\/#website\",\"url\":\"https:\/\/blog.glutenmenteschef.hu\/\",\"name\":\"Glut\u00e9nmentes Chef blog - \u00c1tol Tibor\",\"description\":\"Glut\u00e9nmentes \u00e9telek, glut\u00e9nmentes receptek, glut\u00e9nmentes vide\u00f3k\",\"publisher\":{\"@id\":\"https:\/\/blog.glutenmenteschef.hu\/#\/schema\/person\/c07613f0b6c0f12f90b8cb23cf32754a\"},\"potentialAction\":[{\"@type\":\"SearchAction\",\"target\":{\"@type\":\"EntryPoint\",\"urlTemplate\":\"https:\/\/blog.glutenmenteschef.hu\/?s={search_term_string}\"},\"query-input\":{\"@type\":\"PropertyValueSpecification\",\"valueRequired\":true,\"valueName\":\"search_term_string\"}}],\"inLanguage\":\"hu\"},{\"@type\":[\"Person\",\"Organization\"],\"@id\":\"https:\/\/blog.glutenmenteschef.hu\/#\/schema\/person\/c07613f0b6c0f12f90b8cb23cf32754a\",\"name\":\"gmchef\",\"image\":{\"@type\":\"ImageObject\",\"inLanguage\":\"hu\",\"@id\":\"https:\/\/blog.glutenmenteschef.hu\/#\/schema\/person\/image\/\",\"url\":\"https:\/\/secure.gravatar.com\/avatar\/363a4977321cb6fa3321b7ac93139b68e56af77880ae9fd5a3b2e7a8279f6d74?s=96&d=mm&r=g\",\"contentUrl\":\"https:\/\/secure.gravatar.com\/avatar\/363a4977321cb6fa3321b7ac93139b68e56af77880ae9fd5a3b2e7a8279f6d74?s=96&d=mm&r=g\",\"caption\":\"gmchef\"},\"logo\":{\"@id\":\"https:\/\/blog.glutenmenteschef.hu\/#\/schema\/person\/image\/\"},\"sameAs\":[\"https:\/\/www.facebook.com\/aglutenmentessef\"]}]}<\/script>\n<!-- \/ Yoast SEO plugin. -->","yoast_head_json":{"title":"P\u00c1SZTORCIRHONYA, GLUT\u00c9N-, TEJ- \u00c9S TOJ\u00c1SMENTESEN CIROK GY\u00d6NGGYEL &#8211; Glut\u00e9nmentes Chef blog - \u00c1tol Tibor","description":"Els\u0151 alkalommal sz\u00e1momra is meglep\u0151 volt, hogy a cirokgy\u00f6ngy t\u00f6k\u00e9letesen hozta kin\u00e9zetre, \u00edzre \u00e9s \u00e1llagra is a tarhony\u00e1t \u00fagy, hogy r\u00e1ad\u00e1sul glut\u00e9n-, tej- \u00c9S toj\u00e1smentes \u00e9s m\u00e9g csak nem is t\u00e9szta. \u00cdgy adta mag\u00e1t, hogy a P\u00e1sztortarhony\u00e1ban a tarhonya helyettes\u00edt\u00e9s\u00e9re haszn\u00e1ljam. Gyorsan megkedvelte a csal\u00e1d, egym\u00e1s k\u00f6z\u00f6tt el is keresztelt\u00fck \"cirhony\u00e1nak\", ami a tarhonya \u00e9s a cirok szavakb\u00f3l \u00f6sszevonva sz\u00fcletett.","robots":{"index":"index","follow":"follow","max-snippet":"max-snippet:-1","max-image-preview":"max-image-preview:large","max-video-preview":"max-video-preview:-1"},"canonical":"http:\/\/blog.glutenmenteschef.hu\/index.php\/2023\/06\/01\/pasztorcirhonya-gluten-tej-es-tojasmentesen-cirok-gyonggyel\/","og_locale":"hu_HU","og_type":"article","og_title":"P\u00c1SZTORCIRHONYA, GLUT\u00c9N-, TEJ- \u00c9S TOJ\u00c1SMENTESEN CIROK GY\u00d6NGGYEL &#8211; Glut\u00e9nmentes Chef blog - \u00c1tol Tibor","og_description":"Els\u0151 alkalommal sz\u00e1momra is meglep\u0151 volt, hogy a cirokgy\u00f6ngy t\u00f6k\u00e9letesen hozta kin\u00e9zetre, \u00edzre \u00e9s \u00e1llagra is a tarhony\u00e1t \u00fagy, hogy r\u00e1ad\u00e1sul glut\u00e9n-, tej- \u00c9S toj\u00e1smentes \u00e9s m\u00e9g csak nem is t\u00e9szta. \u00cdgy adta mag\u00e1t, hogy a P\u00e1sztortarhony\u00e1ban a tarhonya helyettes\u00edt\u00e9s\u00e9re haszn\u00e1ljam. Gyorsan megkedvelte a csal\u00e1d, egym\u00e1s k\u00f6z\u00f6tt el is keresztelt\u00fck \"cirhony\u00e1nak\", ami a tarhonya \u00e9s a cirok szavakb\u00f3l \u00f6sszevonva sz\u00fcletett.","og_url":"http:\/\/blog.glutenmenteschef.hu\/index.php\/2023\/06\/01\/pasztorcirhonya-gluten-tej-es-tojasmentesen-cirok-gyonggyel\/","og_site_name":"Glut\u00e9nmentes Chef blog - \u00c1tol Tibor","article_publisher":"https:\/\/www.facebook.com\/aglutenmentessef","article_author":"https:\/\/www.facebook.com\/aglutenmentessef","article_published_time":"2023-06-01T11:44:47+00:00","article_modified_time":"2026-03-22T19:24:08+00:00","og_image":[{"width":1024,"height":768,"url":"http:\/\/blog.glutenmenteschef.hu\/wp-content\/uploads\/2023\/04\/Pasztorcirhonya-cirokgyonggyel-2.jpg","type":"image\/jpeg"}],"author":"gmchef","twitter_card":"summary_large_image","twitter_misc":{"Szerz\u0151:":"gmchef","Becs\u00fclt olvas\u00e1si id\u0151":"3 perc"},"schema":{"@context":"https:\/\/schema.org","@graph":[{"@type":"Article","@id":"http:\/\/blog.glutenmenteschef.hu\/index.php\/2023\/06\/01\/pasztorcirhonya-gluten-tej-es-tojasmentesen-cirok-gyonggyel\/#article","isPartOf":{"@id":"http:\/\/blog.glutenmenteschef.hu\/index.php\/2023\/06\/01\/pasztorcirhonya-gluten-tej-es-tojasmentesen-cirok-gyonggyel\/"},"author":{"name":"gmchef","@id":"https:\/\/blog.glutenmenteschef.hu\/#\/schema\/person\/c07613f0b6c0f12f90b8cb23cf32754a"},"headline":"P\u00c1SZTORCIRHONYA, GLUT\u00c9N-, TEJ- \u00c9S TOJ\u00c1SMENTESEN CIROK GY\u00d6NGGYEL","datePublished":"2023-06-01T11:44:47+00:00","dateModified":"2026-03-22T19:24:08+00:00","mainEntityOfPage":{"@id":"http:\/\/blog.glutenmenteschef.hu\/index.php\/2023\/06\/01\/pasztorcirhonya-gluten-tej-es-tojasmentesen-cirok-gyonggyel\/"},"wordCount":429,"commentCount":0,"publisher":{"@id":"https:\/\/blog.glutenmenteschef.hu\/#\/schema\/person\/c07613f0b6c0f12f90b8cb23cf32754a"},"image":{"@id":"http:\/\/blog.glutenmenteschef.hu\/index.php\/2023\/06\/01\/pasztorcirhonya-gluten-tej-es-tojasmentesen-cirok-gyonggyel\/#primaryimage"},"thumbnailUrl":"http:\/\/blog.glutenmenteschef.hu\/wp-content\/uploads\/2023\/04\/Pasztorcirhonya-cirokgyonggyel-2.jpg","keywords":["cirhonya","cirokgy\u00f6ngy","glut\u00e9nmentes","glut\u00e9nmentesrecept","magic mills","p\u00e1sztortarhonya"],"articleSection":["F\u0151\u00e9telek","Magic Mills cirokliszt - lisztkever\u00e9k \u00e9s cirokterm\u00e9k receptek","Toj\u00e1smentes receptek"],"inLanguage":"hu","potentialAction":[{"@type":"CommentAction","name":"Comment","target":["http:\/\/blog.glutenmenteschef.hu\/index.php\/2023\/06\/01\/pasztorcirhonya-gluten-tej-es-tojasmentesen-cirok-gyonggyel\/#respond"]}]},{"@type":"WebPage","@id":"http:\/\/blog.glutenmenteschef.hu\/index.php\/2023\/06\/01\/pasztorcirhonya-gluten-tej-es-tojasmentesen-cirok-gyonggyel\/","url":"http:\/\/blog.glutenmenteschef.hu\/index.php\/2023\/06\/01\/pasztorcirhonya-gluten-tej-es-tojasmentesen-cirok-gyonggyel\/","name":"P\u00c1SZTORCIRHONYA, GLUT\u00c9N-, TEJ- \u00c9S TOJ\u00c1SMENTESEN CIROK GY\u00d6NGGYEL &#8211; Glut\u00e9nmentes Chef blog - \u00c1tol Tibor","isPartOf":{"@id":"https:\/\/blog.glutenmenteschef.hu\/#website"},"primaryImageOfPage":{"@id":"http:\/\/blog.glutenmenteschef.hu\/index.php\/2023\/06\/01\/pasztorcirhonya-gluten-tej-es-tojasmentesen-cirok-gyonggyel\/#primaryimage"},"image":{"@id":"http:\/\/blog.glutenmenteschef.hu\/index.php\/2023\/06\/01\/pasztorcirhonya-gluten-tej-es-tojasmentesen-cirok-gyonggyel\/#primaryimage"},"thumbnailUrl":"http:\/\/blog.glutenmenteschef.hu\/wp-content\/uploads\/2023\/04\/Pasztorcirhonya-cirokgyonggyel-2.jpg","datePublished":"2023-06-01T11:44:47+00:00","dateModified":"2026-03-22T19:24:08+00:00","description":"Els\u0151 alkalommal sz\u00e1momra is meglep\u0151 volt, hogy a cirokgy\u00f6ngy t\u00f6k\u00e9letesen hozta kin\u00e9zetre, \u00edzre \u00e9s \u00e1llagra is a tarhony\u00e1t \u00fagy, hogy r\u00e1ad\u00e1sul glut\u00e9n-, tej- \u00c9S toj\u00e1smentes \u00e9s m\u00e9g csak nem is t\u00e9szta. \u00cdgy adta mag\u00e1t, hogy a P\u00e1sztortarhony\u00e1ban a tarhonya helyettes\u00edt\u00e9s\u00e9re haszn\u00e1ljam. Gyorsan megkedvelte a csal\u00e1d, egym\u00e1s k\u00f6z\u00f6tt el is keresztelt\u00fck \"cirhony\u00e1nak\", ami a tarhonya \u00e9s a cirok szavakb\u00f3l \u00f6sszevonva sz\u00fcletett.","breadcrumb":{"@id":"http:\/\/blog.glutenmenteschef.hu\/index.php\/2023\/06\/01\/pasztorcirhonya-gluten-tej-es-tojasmentesen-cirok-gyonggyel\/#breadcrumb"},"inLanguage":"hu","potentialAction":[{"@type":"ReadAction","target":["http:\/\/blog.glutenmenteschef.hu\/index.php\/2023\/06\/01\/pasztorcirhonya-gluten-tej-es-tojasmentesen-cirok-gyonggyel\/"]}]},{"@type":"ImageObject","inLanguage":"hu","@id":"http:\/\/blog.glutenmenteschef.hu\/index.php\/2023\/06\/01\/pasztorcirhonya-gluten-tej-es-tojasmentesen-cirok-gyonggyel\/#primaryimage","url":"http:\/\/blog.glutenmenteschef.hu\/wp-content\/uploads\/2023\/04\/Pasztorcirhonya-cirokgyonggyel-2.jpg","contentUrl":"http:\/\/blog.glutenmenteschef.hu\/wp-content\/uploads\/2023\/04\/Pasztorcirhonya-cirokgyonggyel-2.jpg","width":1024,"height":768},{"@type":"BreadcrumbList","@id":"http:\/\/blog.glutenmenteschef.hu\/index.php\/2023\/06\/01\/pasztorcirhonya-gluten-tej-es-tojasmentesen-cirok-gyonggyel\/#breadcrumb","itemListElement":[{"@type":"ListItem","position":1,"name":"Home","item":"https:\/\/blog.glutenmenteschef.hu\/"},{"@type":"ListItem","position":2,"name":"P\u00c1SZTORCIRHONYA, GLUT\u00c9N-, TEJ- \u00c9S TOJ\u00c1SMENTESEN CIROK GY\u00d6NGGYEL"}]},{"@type":"WebSite","@id":"https:\/\/blog.glutenmenteschef.hu\/#website","url":"https:\/\/blog.glutenmenteschef.hu\/","name":"Glut\u00e9nmentes Chef blog - \u00c1tol Tibor","description":"Glut\u00e9nmentes \u00e9telek, glut\u00e9nmentes receptek, glut\u00e9nmentes vide\u00f3k","publisher":{"@id":"https:\/\/blog.glutenmenteschef.hu\/#\/schema\/person\/c07613f0b6c0f12f90b8cb23cf32754a"},"potentialAction":[{"@type":"SearchAction","target":{"@type":"EntryPoint","urlTemplate":"https:\/\/blog.glutenmenteschef.hu\/?s={search_term_string}"},"query-input":{"@type":"PropertyValueSpecification","valueRequired":true,"valueName":"search_term_string"}}],"inLanguage":"hu"},{"@type":["Person","Organization"],"@id":"https:\/\/blog.glutenmenteschef.hu\/#\/schema\/person\/c07613f0b6c0f12f90b8cb23cf32754a","name":"gmchef","image":{"@type":"ImageObject","inLanguage":"hu","@id":"https:\/\/blog.glutenmenteschef.hu\/#\/schema\/person\/image\/","url":"https:\/\/secure.gravatar.com\/avatar\/363a4977321cb6fa3321b7ac93139b68e56af77880ae9fd5a3b2e7a8279f6d74?s=96&d=mm&r=g","contentUrl":"https:\/\/secure.gravatar.com\/avatar\/363a4977321cb6fa3321b7ac93139b68e56af77880ae9fd5a3b2e7a8279f6d74?s=96&d=mm&r=g","caption":"gmchef"},"logo":{"@id":"https:\/\/blog.glutenmenteschef.hu\/#\/schema\/person\/image\/"},"sameAs":["https:\/\/www.facebook.com\/aglutenmentessef"]}]}},"_links":{"self":[{"href":"http:\/\/blog.glutenmenteschef.hu\/index.php\/wp-json\/wp\/v2\/posts\/30589","targetHints":{"allow":["GET"]}}],"collection":[{"href":"http:\/\/blog.glutenmenteschef.hu\/index.php\/wp-json\/wp\/v2\/posts"}],"about":[{"href":"http:\/\/blog.glutenmenteschef.hu\/index.php\/wp-json\/wp\/v2\/types\/post"}],"author":[{"embeddable":true,"href":"http:\/\/blog.glutenmenteschef.hu\/index.php\/wp-json\/wp\/v2\/users\/1"}],"replies":[{"embeddable":true,"href":"http:\/\/blog.glutenmenteschef.hu\/index.php\/wp-json\/wp\/v2\/comments?post=30589"}],"version-history":[{"count":1,"href":"http:\/\/blog.glutenmenteschef.hu\/index.php\/wp-json\/wp\/v2\/posts\/30589\/revisions"}],"predecessor-version":[{"id":31838,"href":"http:\/\/blog.glutenmenteschef.hu\/index.php\/wp-json\/wp\/v2\/posts\/30589\/revisions\/31838"}],"wp:featuredmedia":[{"embeddable":true,"href":"http:\/\/blog.glutenmenteschef.hu\/index.php\/wp-json\/wp\/v2\/media\/30596"}],"wp:attachment":[{"href":"http:\/\/blog.glutenmenteschef.hu\/index.php\/wp-json\/wp\/v2\/media?parent=30589"}],"wp:term":[{"taxonomy":"category","embeddable":true,"href":"http:\/\/blog.glutenmenteschef.hu\/index.php\/wp-json\/wp\/v2\/categories?post=30589"},{"taxonomy":"post_tag","embeddable":true,"href":"http:\/\/blog.glutenmenteschef.hu\/index.php\/wp-json\/wp\/v2\/tags?post=30589"}],"curies":[{"name":"wp","href":"https:\/\/api.w.org\/{rel}","templated":true}]}}