{"id":29783,"date":"2022-05-11T16:09:24","date_gmt":"2022-05-11T16:09:24","guid":{"rendered":"https:\/\/blog.glutenmenteschef.hu\/?p=29783"},"modified":"2022-05-11T16:09:26","modified_gmt":"2022-05-11T16:09:26","slug":"langos-lisztmix-lisztkeverekbol","status":"publish","type":"post","link":"http:\/\/blog.glutenmenteschef.hu\/index.php\/2022\/05\/11\/langos-lisztmix-lisztkeverekbol\/","title":{"rendered":"L\u00c1NGOS LISZTMIX LISZTKEVER\u00c9KB\u0150L"},"content":{"rendered":"\n<h3 class=\"has-text-align-center wp-block-heading\"><strong>L\u00e1ngos Lisztmix lisztkever\u00e9kb\u0151l<\/strong><\/h3>\n\n\n\n<p class=\"has-text-align-center\"><strong>glut\u00e9n-, tej- \u00e9s toj\u00e1smentes recept<\/strong><br><br><br><\/p>\n\n\n\n<p class=\"has-text-align-center\">A csal\u00e1d egyik nagy kedvence. Egy j\u00f3 kis l\u00e1ngos b\u00e1rmikor j\u00f6het! <br><br><br><\/p>\n\n\n\n<div class=\"wp-block-image\"><figure class=\"aligncenter size-full is-resized\"><img loading=\"lazy\" decoding=\"async\" src=\"https:\/\/blog.glutenmenteschef.hu\/wp-content\/uploads\/2022\/05\/Langos-7-1.jpg\" alt=\"\" class=\"wp-image-29790\" width=\"512\" height=\"384\" srcset=\"http:\/\/blog.glutenmenteschef.hu\/wp-content\/uploads\/2022\/05\/Langos-7-1.jpg 1024w, http:\/\/blog.glutenmenteschef.hu\/wp-content\/uploads\/2022\/05\/Langos-7-1-300x225.jpg 300w, http:\/\/blog.glutenmenteschef.hu\/wp-content\/uploads\/2022\/05\/Langos-7-1-768x576.jpg 768w\" sizes=\"auto, (max-width: 512px) 100vw, 512px\" \/><figcaption><br><br><br><\/figcaption><\/figure><\/div>\n\n\n\n<h5 class=\"has-text-align-center wp-block-heading\"><strong>Hozz\u00e1val\u00f3k:<\/strong><\/h5>\n\n\n\n<p class=\"has-text-align-center\">250 g Lisztmix keny\u00e9r lisztkever\u00e9k<br>5 g sz\u00e1raz por\u00e9leszt\u0151 ( Haas vagy Dr. Oetker )<br>7 g cukor<br>250 gr langyos v\u00edz<br>8 g olaj<br>2 csipet s\u00f3<br>olaj a s\u00fct\u00e9shez<br><br><br><\/p>\n\n\n\n<p>A s\u00fct\u0151t als\u00f3-fels\u0151 s\u00fct\u00e9si m\u00f3dozatban 40-45 fokra el\u0151meleg\u00edtj\u00fck \u00e9s egy tepsit vagy f\u00e9m l\u00e1bast 2-2.5 deci v\u00edzzel az alj\u00e1ba tesz\u00fcnk.<\/p>\n\n\n\n<p>A kever\u0151t\u00e1lba el\u0151sz\u00f6r a sz\u00e1raz hozz\u00e1val\u00f3kat tegy\u00fck, majd az olajat. Ind\u00edtsuk el a dagaszt\u00f3kart \u00e9s folyamatos kever\u00e9s mellett \u00f6nts\u00fck hozz\u00e1 a langyos vizet. 5-8 perc alatt k\u00f6zepes sebess\u00e9gen kidagasztjuk a t\u00e9szt\u00e1t.<\/p>\n\n\n\n<p>A t\u00e9szt\u00e1t olajozott fel\u00fcletre ford\u00edtjuk, majd olajos k\u00e9zzel, m\u00e9rleg seg\u00edts\u00e9g\u00e9vel 5 egyenl\u0151 gomb\u00f3cra osztjuk.<\/p>\n\n\n\n<p>A kiter\u00edtett szilikonos, enyh\u00e9n megolajozott s\u00fct\u0151pap\u00edron k\u00e9zzel ellap\u00edtjuk, kb. 10-12 cm \u00e1tm\u00e9r\u0151j\u0171 k\u00f6ralakra form\u00e1zzuk. A k\u00f6zep\u00e9t kicsit v\u00e9konyabbra, a sz\u00e9leit picit vastagabbra hagyva.<\/p>\n\n\n\n<p>A s\u00fct\u0151pap\u00edrt a t\u00e9szta sz\u00e9le ment\u00e9n elv\u00e1gjuk, \u00e9s t\u00e9szt\u00e1st\u00f3l \u00e1ttessz\u00fck a tepsire.<\/p>\n\n\n\n<p>\u00cdgy egyes\u00e9vel k\u00f6nnyebben mozgathat\u00f3k, kivehet\u0151k a s\u00fct\u00e9shez. A t\u00f6bbi t\u00e9sztagomb\u00f3cot is a fent le\u00edrt m\u00f3don lap\u00edtjuk, form\u00e1zzuk. El\u0151meleg\u00edtett s\u00fct\u0151be tessz\u00fck \u00e9s 40 percet kelesztj\u00fck.<br><br><br><\/p>\n\n\n\n<figure class=\"wp-block-gallery has-nested-images columns-default is-cropped wp-block-gallery-1 is-layout-flex wp-block-gallery-is-layout-flex\">\n<figure class=\"wp-block-image size-large\"><img loading=\"lazy\" decoding=\"async\" width=\"1024\" height=\"768\" data-id=\"29785\" src=\"https:\/\/blog.glutenmenteschef.hu\/wp-content\/uploads\/2022\/05\/Langos-1.jpg\" alt=\"\" class=\"wp-image-29785\" srcset=\"http:\/\/blog.glutenmenteschef.hu\/wp-content\/uploads\/2022\/05\/Langos-1.jpg 1024w, http:\/\/blog.glutenmenteschef.hu\/wp-content\/uploads\/2022\/05\/Langos-1-300x225.jpg 300w, http:\/\/blog.glutenmenteschef.hu\/wp-content\/uploads\/2022\/05\/Langos-1-768x576.jpg 768w\" sizes=\"auto, (max-width: 1024px) 100vw, 1024px\" \/><\/figure>\n\n\n\n<figure class=\"wp-block-image size-large\"><img loading=\"lazy\" decoding=\"async\" width=\"1365\" height=\"1024\" data-id=\"29786\" src=\"https:\/\/blog.glutenmenteschef.hu\/wp-content\/uploads\/2022\/05\/Langos-3-rotated.jpg\" alt=\"\" class=\"wp-image-29786\" srcset=\"http:\/\/blog.glutenmenteschef.hu\/wp-content\/uploads\/2022\/05\/Langos-3-rotated.jpg 1365w, http:\/\/blog.glutenmenteschef.hu\/wp-content\/uploads\/2022\/05\/Langos-3-300x225.jpg 300w, http:\/\/blog.glutenmenteschef.hu\/wp-content\/uploads\/2022\/05\/Langos-3-768x576.jpg 768w\" sizes=\"auto, (max-width: 1365px) 100vw, 1365px\" \/><\/figure>\n\n\n\n<figure class=\"wp-block-image size-large\"><img loading=\"lazy\" decoding=\"async\" width=\"1024\" height=\"768\" data-id=\"29787\" src=\"https:\/\/blog.glutenmenteschef.hu\/wp-content\/uploads\/2022\/05\/Langos-4.jpg\" alt=\"\" class=\"wp-image-29787\" srcset=\"http:\/\/blog.glutenmenteschef.hu\/wp-content\/uploads\/2022\/05\/Langos-4.jpg 1024w, http:\/\/blog.glutenmenteschef.hu\/wp-content\/uploads\/2022\/05\/Langos-4-300x225.jpg 300w, http:\/\/blog.glutenmenteschef.hu\/wp-content\/uploads\/2022\/05\/Langos-4-768x576.jpg 768w\" sizes=\"auto, (max-width: 1024px) 100vw, 1024px\" \/><\/figure>\n<figcaption class=\"blocks-gallery-caption\"><br><br><br><\/figcaption><\/figure>\n\n\n\n<p>Serpeny\u0151ben annyi olajat forr\u00f3s\u00edtsunk ( 180 fok ), hogy s\u00fcl\u00e9s k\u00f6zben a l\u00e1ngosok \u00fasszanak. A pap\u00edr al\u00e1 ny\u00falunk \u00e9s az olajozott tenyer\u00fcnkbe ford\u00edtjuk a t\u00e9szt\u00e1t. Ezut\u00e1n m\u00e1r k\u00e9t k\u00e9zzel fogva az olajba helyezz\u00fck \u00fagy, hogy a keleszt\u00e9s sor\u00e1n felfel\u00e9 l\u00e9v\u0151 oldal s\u00fclj\u00f6n el\u0151sz\u00f6r.<\/p>\n\n\n\n<p>P\u00e1r perc alatt aranybarn\u00e1ra s\u00fctj\u00fck mindk\u00e9t oldal\u00e1t. R\u00e1csra szedve lecsepegtetj\u00fck \u00e9s m\u00e9g melegen t\u00e1laljuk.<\/p>\n\n\n\n<p>S\u00f3val, fokhagym\u00e1val, tejf\u00f6llel, reszelt sajttal k\u00edn\u00e1lhatjuk.<br><br><br><\/p>\n\n\n\n<div class=\"wp-block-image\"><figure class=\"aligncenter size-full is-resized\"><img loading=\"lazy\" decoding=\"async\" src=\"https:\/\/blog.glutenmenteschef.hu\/wp-content\/uploads\/2022\/05\/Langos-6.jpg\" alt=\"\" class=\"wp-image-29792\" width=\"512\" height=\"683\" srcset=\"http:\/\/blog.glutenmenteschef.hu\/wp-content\/uploads\/2022\/05\/Langos-6.jpg 1024w, http:\/\/blog.glutenmenteschef.hu\/wp-content\/uploads\/2022\/05\/Langos-6-225x300.jpg 225w, http:\/\/blog.glutenmenteschef.hu\/wp-content\/uploads\/2022\/05\/Langos-6-768x1024.jpg 768w\" sizes=\"auto, (max-width: 512px) 100vw, 512px\" \/><\/figure><\/div>\n","protected":false},"excerpt":{"rendered":"<p>L\u00e1ngos Lisztmix lisztkever\u00e9kb\u0151l glut\u00e9n-, tej- \u00e9s toj\u00e1smentes recept A csal\u00e1d egyik nagy kedvence. Egy j\u00f3 kis l\u00e1ngos b\u00e1rmikor j\u00f6het! Hozz\u00e1val\u00f3k: 250 g Lisztmix keny\u00e9r lisztkever\u00e9k5 g sz\u00e1raz por\u00e9leszt\u0151 ( Haas vagy Dr. Oetker )7 g cukor250 gr langyos v\u00edz8 g olaj2 csipet s\u00f3olaj a s\u00fct\u00e9shez A s\u00fct\u0151t als\u00f3-fels\u0151 s\u00fct\u00e9si m\u00f3dozatban 40-45 fokra el\u0151meleg\u00edtj\u00fck \u00e9s egy <br \/><a class=\"more\" href=\"http:\/\/blog.glutenmenteschef.hu\/index.php\/2022\/05\/11\/langos-lisztmix-lisztkeverekbol\/\">Read more&#8230; <\/a><\/p>\n","protected":false},"author":1,"featured_media":29788,"comment_status":"open","ping_status":"open","sticky":false,"template":"","format":"standard","meta":{"footnotes":""},"categories":[143,626,396],"tags":[5,575,388,627,326,97],"class_list":["post-29783","post","type-post","status-publish","format-standard","has-post-thumbnail","hentry","category-kenyer-peksutemeny","category-lisztmix-receptek","category-tojasmentes-receptek","tag-glutenmentes","tag-glutenmentes-recept","tag-langos","tag-lisztmix","tag-tejmentes","tag-tojasmentes"],"yoast_head":"<!-- This site is optimized with the Yoast SEO plugin v26.5 - https:\/\/yoast.com\/wordpress\/plugins\/seo\/ -->\n<title>L\u00c1NGOS LISZTMIX LISZTKEVER\u00c9KB\u0150L &#8211; Glut\u00e9nmentes Chef blog - \u00c1tol Tibor<\/title>\n<meta name=\"description\" content=\"A csal\u00e1d egyik nagy kedvence. Egy j\u00f3 kis l\u00e1ngos b\u00e1rmikor j\u00f6het!\" \/>\n<meta name=\"robots\" content=\"index, follow, max-snippet:-1, max-image-preview:large, max-video-preview:-1\" \/>\n<link rel=\"canonical\" href=\"http:\/\/blog.glutenmenteschef.hu\/index.php\/2022\/05\/11\/langos-lisztmix-lisztkeverekbol\/\" \/>\n<meta property=\"og:locale\" content=\"hu_HU\" \/>\n<meta property=\"og:type\" content=\"article\" \/>\n<meta property=\"og:title\" content=\"L\u00c1NGOS LISZTMIX LISZTKEVER\u00c9KB\u0150L &#8211; Glut\u00e9nmentes Chef blog - \u00c1tol Tibor\" \/>\n<meta property=\"og:description\" content=\"A csal\u00e1d egyik nagy kedvence. Egy j\u00f3 kis l\u00e1ngos b\u00e1rmikor j\u00f6het!\" \/>\n<meta property=\"og:url\" content=\"http:\/\/blog.glutenmenteschef.hu\/index.php\/2022\/05\/11\/langos-lisztmix-lisztkeverekbol\/\" \/>\n<meta property=\"og:site_name\" content=\"Glut\u00e9nmentes Chef blog - \u00c1tol Tibor\" \/>\n<meta property=\"article:publisher\" content=\"https:\/\/www.facebook.com\/aglutenmentessef\" \/>\n<meta property=\"article:author\" content=\"https:\/\/www.facebook.com\/aglutenmentessef\" \/>\n<meta property=\"article:published_time\" content=\"2022-05-11T16:09:24+00:00\" \/>\n<meta property=\"article:modified_time\" content=\"2022-05-11T16:09:26+00:00\" \/>\n<meta property=\"og:image\" content=\"http:\/\/blog.glutenmenteschef.hu\/wp-content\/uploads\/2022\/05\/Langos-5.jpg\" \/>\n\t<meta property=\"og:image:width\" content=\"1024\" \/>\n\t<meta property=\"og:image:height\" content=\"768\" \/>\n\t<meta property=\"og:image:type\" content=\"image\/jpeg\" \/>\n<meta name=\"author\" content=\"gmchef\" \/>\n<meta name=\"twitter:card\" content=\"summary_large_image\" \/>\n<meta name=\"twitter:label1\" content=\"Szerz\u0151:\" \/>\n\t<meta name=\"twitter:data1\" content=\"gmchef\" \/>\n\t<meta name=\"twitter:label2\" content=\"Becs\u00fclt olvas\u00e1si id\u0151\" \/>\n\t<meta name=\"twitter:data2\" content=\"3 perc\" \/>\n<script type=\"application\/ld+json\" class=\"yoast-schema-graph\">{\"@context\":\"https:\/\/schema.org\",\"@graph\":[{\"@type\":\"Article\",\"@id\":\"http:\/\/blog.glutenmenteschef.hu\/index.php\/2022\/05\/11\/langos-lisztmix-lisztkeverekbol\/#article\",\"isPartOf\":{\"@id\":\"http:\/\/blog.glutenmenteschef.hu\/index.php\/2022\/05\/11\/langos-lisztmix-lisztkeverekbol\/\"},\"author\":{\"name\":\"gmchef\",\"@id\":\"https:\/\/blog.glutenmenteschef.hu\/#\/schema\/person\/c07613f0b6c0f12f90b8cb23cf32754a\"},\"headline\":\"L\u00c1NGOS LISZTMIX LISZTKEVER\u00c9KB\u0150L\",\"datePublished\":\"2022-05-11T16:09:24+00:00\",\"dateModified\":\"2022-05-11T16:09:26+00:00\",\"mainEntityOfPage\":{\"@id\":\"http:\/\/blog.glutenmenteschef.hu\/index.php\/2022\/05\/11\/langos-lisztmix-lisztkeverekbol\/\"},\"wordCount\":374,\"commentCount\":0,\"publisher\":{\"@id\":\"https:\/\/blog.glutenmenteschef.hu\/#\/schema\/person\/c07613f0b6c0f12f90b8cb23cf32754a\"},\"image\":{\"@id\":\"http:\/\/blog.glutenmenteschef.hu\/index.php\/2022\/05\/11\/langos-lisztmix-lisztkeverekbol\/#primaryimage\"},\"thumbnailUrl\":\"http:\/\/blog.glutenmenteschef.hu\/wp-content\/uploads\/2022\/05\/Langos-5.jpg\",\"keywords\":[\"glut\u00e9nmentes\",\"glut\u00e9nmentes recept\",\"l\u00e1ngos\",\"lisztmix\",\"tejmentes\",\"toj\u00e1smentes\"],\"articleSection\":[\"Keny\u00e9r \/ p\u00e9ks\u00fctem\u00e9ny\",\"Lisztmix receptek\",\"Toj\u00e1smentes receptek\"],\"inLanguage\":\"hu\",\"potentialAction\":[{\"@type\":\"CommentAction\",\"name\":\"Comment\",\"target\":[\"http:\/\/blog.glutenmenteschef.hu\/index.php\/2022\/05\/11\/langos-lisztmix-lisztkeverekbol\/#respond\"]}]},{\"@type\":\"WebPage\",\"@id\":\"http:\/\/blog.glutenmenteschef.hu\/index.php\/2022\/05\/11\/langos-lisztmix-lisztkeverekbol\/\",\"url\":\"http:\/\/blog.glutenmenteschef.hu\/index.php\/2022\/05\/11\/langos-lisztmix-lisztkeverekbol\/\",\"name\":\"L\u00c1NGOS LISZTMIX LISZTKEVER\u00c9KB\u0150L &#8211; Glut\u00e9nmentes Chef blog - \u00c1tol Tibor\",\"isPartOf\":{\"@id\":\"https:\/\/blog.glutenmenteschef.hu\/#website\"},\"primaryImageOfPage\":{\"@id\":\"http:\/\/blog.glutenmenteschef.hu\/index.php\/2022\/05\/11\/langos-lisztmix-lisztkeverekbol\/#primaryimage\"},\"image\":{\"@id\":\"http:\/\/blog.glutenmenteschef.hu\/index.php\/2022\/05\/11\/langos-lisztmix-lisztkeverekbol\/#primaryimage\"},\"thumbnailUrl\":\"http:\/\/blog.glutenmenteschef.hu\/wp-content\/uploads\/2022\/05\/Langos-5.jpg\",\"datePublished\":\"2022-05-11T16:09:24+00:00\",\"dateModified\":\"2022-05-11T16:09:26+00:00\",\"description\":\"A csal\u00e1d egyik nagy kedvence. Egy j\u00f3 kis l\u00e1ngos b\u00e1rmikor j\u00f6het!\",\"breadcrumb\":{\"@id\":\"http:\/\/blog.glutenmenteschef.hu\/index.php\/2022\/05\/11\/langos-lisztmix-lisztkeverekbol\/#breadcrumb\"},\"inLanguage\":\"hu\",\"potentialAction\":[{\"@type\":\"ReadAction\",\"target\":[\"http:\/\/blog.glutenmenteschef.hu\/index.php\/2022\/05\/11\/langos-lisztmix-lisztkeverekbol\/\"]}]},{\"@type\":\"ImageObject\",\"inLanguage\":\"hu\",\"@id\":\"http:\/\/blog.glutenmenteschef.hu\/index.php\/2022\/05\/11\/langos-lisztmix-lisztkeverekbol\/#primaryimage\",\"url\":\"http:\/\/blog.glutenmenteschef.hu\/wp-content\/uploads\/2022\/05\/Langos-5.jpg\",\"contentUrl\":\"http:\/\/blog.glutenmenteschef.hu\/wp-content\/uploads\/2022\/05\/Langos-5.jpg\",\"width\":1024,\"height\":768},{\"@type\":\"BreadcrumbList\",\"@id\":\"http:\/\/blog.glutenmenteschef.hu\/index.php\/2022\/05\/11\/langos-lisztmix-lisztkeverekbol\/#breadcrumb\",\"itemListElement\":[{\"@type\":\"ListItem\",\"position\":1,\"name\":\"Home\",\"item\":\"https:\/\/blog.glutenmenteschef.hu\/\"},{\"@type\":\"ListItem\",\"position\":2,\"name\":\"L\u00c1NGOS LISZTMIX LISZTKEVER\u00c9KB\u0150L\"}]},{\"@type\":\"WebSite\",\"@id\":\"https:\/\/blog.glutenmenteschef.hu\/#website\",\"url\":\"https:\/\/blog.glutenmenteschef.hu\/\",\"name\":\"Glut\u00e9nmentes Chef blog - \u00c1tol Tibor\",\"description\":\"Glut\u00e9nmentes \u00e9telek, glut\u00e9nmentes receptek, glut\u00e9nmentes vide\u00f3k\",\"publisher\":{\"@id\":\"https:\/\/blog.glutenmenteschef.hu\/#\/schema\/person\/c07613f0b6c0f12f90b8cb23cf32754a\"},\"potentialAction\":[{\"@type\":\"SearchAction\",\"target\":{\"@type\":\"EntryPoint\",\"urlTemplate\":\"https:\/\/blog.glutenmenteschef.hu\/?s={search_term_string}\"},\"query-input\":{\"@type\":\"PropertyValueSpecification\",\"valueRequired\":true,\"valueName\":\"search_term_string\"}}],\"inLanguage\":\"hu\"},{\"@type\":[\"Person\",\"Organization\"],\"@id\":\"https:\/\/blog.glutenmenteschef.hu\/#\/schema\/person\/c07613f0b6c0f12f90b8cb23cf32754a\",\"name\":\"gmchef\",\"image\":{\"@type\":\"ImageObject\",\"inLanguage\":\"hu\",\"@id\":\"https:\/\/blog.glutenmenteschef.hu\/#\/schema\/person\/image\/\",\"url\":\"https:\/\/secure.gravatar.com\/avatar\/363a4977321cb6fa3321b7ac93139b68e56af77880ae9fd5a3b2e7a8279f6d74?s=96&d=mm&r=g\",\"contentUrl\":\"https:\/\/secure.gravatar.com\/avatar\/363a4977321cb6fa3321b7ac93139b68e56af77880ae9fd5a3b2e7a8279f6d74?s=96&d=mm&r=g\",\"caption\":\"gmchef\"},\"logo\":{\"@id\":\"https:\/\/blog.glutenmenteschef.hu\/#\/schema\/person\/image\/\"},\"sameAs\":[\"https:\/\/www.facebook.com\/aglutenmentessef\"]}]}<\/script>\n<!-- \/ Yoast SEO plugin. -->","yoast_head_json":{"title":"L\u00c1NGOS LISZTMIX LISZTKEVER\u00c9KB\u0150L &#8211; Glut\u00e9nmentes Chef blog - \u00c1tol Tibor","description":"A csal\u00e1d egyik nagy kedvence. Egy j\u00f3 kis l\u00e1ngos b\u00e1rmikor j\u00f6het!","robots":{"index":"index","follow":"follow","max-snippet":"max-snippet:-1","max-image-preview":"max-image-preview:large","max-video-preview":"max-video-preview:-1"},"canonical":"http:\/\/blog.glutenmenteschef.hu\/index.php\/2022\/05\/11\/langos-lisztmix-lisztkeverekbol\/","og_locale":"hu_HU","og_type":"article","og_title":"L\u00c1NGOS LISZTMIX LISZTKEVER\u00c9KB\u0150L &#8211; Glut\u00e9nmentes Chef blog - \u00c1tol Tibor","og_description":"A csal\u00e1d egyik nagy kedvence. Egy j\u00f3 kis l\u00e1ngos b\u00e1rmikor j\u00f6het!","og_url":"http:\/\/blog.glutenmenteschef.hu\/index.php\/2022\/05\/11\/langos-lisztmix-lisztkeverekbol\/","og_site_name":"Glut\u00e9nmentes Chef blog - \u00c1tol Tibor","article_publisher":"https:\/\/www.facebook.com\/aglutenmentessef","article_author":"https:\/\/www.facebook.com\/aglutenmentessef","article_published_time":"2022-05-11T16:09:24+00:00","article_modified_time":"2022-05-11T16:09:26+00:00","og_image":[{"width":1024,"height":768,"url":"http:\/\/blog.glutenmenteschef.hu\/wp-content\/uploads\/2022\/05\/Langos-5.jpg","type":"image\/jpeg"}],"author":"gmchef","twitter_card":"summary_large_image","twitter_misc":{"Szerz\u0151:":"gmchef","Becs\u00fclt olvas\u00e1si id\u0151":"3 perc"},"schema":{"@context":"https:\/\/schema.org","@graph":[{"@type":"Article","@id":"http:\/\/blog.glutenmenteschef.hu\/index.php\/2022\/05\/11\/langos-lisztmix-lisztkeverekbol\/#article","isPartOf":{"@id":"http:\/\/blog.glutenmenteschef.hu\/index.php\/2022\/05\/11\/langos-lisztmix-lisztkeverekbol\/"},"author":{"name":"gmchef","@id":"https:\/\/blog.glutenmenteschef.hu\/#\/schema\/person\/c07613f0b6c0f12f90b8cb23cf32754a"},"headline":"L\u00c1NGOS LISZTMIX LISZTKEVER\u00c9KB\u0150L","datePublished":"2022-05-11T16:09:24+00:00","dateModified":"2022-05-11T16:09:26+00:00","mainEntityOfPage":{"@id":"http:\/\/blog.glutenmenteschef.hu\/index.php\/2022\/05\/11\/langos-lisztmix-lisztkeverekbol\/"},"wordCount":374,"commentCount":0,"publisher":{"@id":"https:\/\/blog.glutenmenteschef.hu\/#\/schema\/person\/c07613f0b6c0f12f90b8cb23cf32754a"},"image":{"@id":"http:\/\/blog.glutenmenteschef.hu\/index.php\/2022\/05\/11\/langos-lisztmix-lisztkeverekbol\/#primaryimage"},"thumbnailUrl":"http:\/\/blog.glutenmenteschef.hu\/wp-content\/uploads\/2022\/05\/Langos-5.jpg","keywords":["glut\u00e9nmentes","glut\u00e9nmentes recept","l\u00e1ngos","lisztmix","tejmentes","toj\u00e1smentes"],"articleSection":["Keny\u00e9r \/ p\u00e9ks\u00fctem\u00e9ny","Lisztmix receptek","Toj\u00e1smentes receptek"],"inLanguage":"hu","potentialAction":[{"@type":"CommentAction","name":"Comment","target":["http:\/\/blog.glutenmenteschef.hu\/index.php\/2022\/05\/11\/langos-lisztmix-lisztkeverekbol\/#respond"]}]},{"@type":"WebPage","@id":"http:\/\/blog.glutenmenteschef.hu\/index.php\/2022\/05\/11\/langos-lisztmix-lisztkeverekbol\/","url":"http:\/\/blog.glutenmenteschef.hu\/index.php\/2022\/05\/11\/langos-lisztmix-lisztkeverekbol\/","name":"L\u00c1NGOS LISZTMIX LISZTKEVER\u00c9KB\u0150L &#8211; Glut\u00e9nmentes Chef blog - \u00c1tol Tibor","isPartOf":{"@id":"https:\/\/blog.glutenmenteschef.hu\/#website"},"primaryImageOfPage":{"@id":"http:\/\/blog.glutenmenteschef.hu\/index.php\/2022\/05\/11\/langos-lisztmix-lisztkeverekbol\/#primaryimage"},"image":{"@id":"http:\/\/blog.glutenmenteschef.hu\/index.php\/2022\/05\/11\/langos-lisztmix-lisztkeverekbol\/#primaryimage"},"thumbnailUrl":"http:\/\/blog.glutenmenteschef.hu\/wp-content\/uploads\/2022\/05\/Langos-5.jpg","datePublished":"2022-05-11T16:09:24+00:00","dateModified":"2022-05-11T16:09:26+00:00","description":"A csal\u00e1d egyik nagy kedvence. Egy j\u00f3 kis l\u00e1ngos b\u00e1rmikor j\u00f6het!","breadcrumb":{"@id":"http:\/\/blog.glutenmenteschef.hu\/index.php\/2022\/05\/11\/langos-lisztmix-lisztkeverekbol\/#breadcrumb"},"inLanguage":"hu","potentialAction":[{"@type":"ReadAction","target":["http:\/\/blog.glutenmenteschef.hu\/index.php\/2022\/05\/11\/langos-lisztmix-lisztkeverekbol\/"]}]},{"@type":"ImageObject","inLanguage":"hu","@id":"http:\/\/blog.glutenmenteschef.hu\/index.php\/2022\/05\/11\/langos-lisztmix-lisztkeverekbol\/#primaryimage","url":"http:\/\/blog.glutenmenteschef.hu\/wp-content\/uploads\/2022\/05\/Langos-5.jpg","contentUrl":"http:\/\/blog.glutenmenteschef.hu\/wp-content\/uploads\/2022\/05\/Langos-5.jpg","width":1024,"height":768},{"@type":"BreadcrumbList","@id":"http:\/\/blog.glutenmenteschef.hu\/index.php\/2022\/05\/11\/langos-lisztmix-lisztkeverekbol\/#breadcrumb","itemListElement":[{"@type":"ListItem","position":1,"name":"Home","item":"https:\/\/blog.glutenmenteschef.hu\/"},{"@type":"ListItem","position":2,"name":"L\u00c1NGOS LISZTMIX LISZTKEVER\u00c9KB\u0150L"}]},{"@type":"WebSite","@id":"https:\/\/blog.glutenmenteschef.hu\/#website","url":"https:\/\/blog.glutenmenteschef.hu\/","name":"Glut\u00e9nmentes Chef blog - \u00c1tol Tibor","description":"Glut\u00e9nmentes \u00e9telek, glut\u00e9nmentes receptek, glut\u00e9nmentes vide\u00f3k","publisher":{"@id":"https:\/\/blog.glutenmenteschef.hu\/#\/schema\/person\/c07613f0b6c0f12f90b8cb23cf32754a"},"potentialAction":[{"@type":"SearchAction","target":{"@type":"EntryPoint","urlTemplate":"https:\/\/blog.glutenmenteschef.hu\/?s={search_term_string}"},"query-input":{"@type":"PropertyValueSpecification","valueRequired":true,"valueName":"search_term_string"}}],"inLanguage":"hu"},{"@type":["Person","Organization"],"@id":"https:\/\/blog.glutenmenteschef.hu\/#\/schema\/person\/c07613f0b6c0f12f90b8cb23cf32754a","name":"gmchef","image":{"@type":"ImageObject","inLanguage":"hu","@id":"https:\/\/blog.glutenmenteschef.hu\/#\/schema\/person\/image\/","url":"https:\/\/secure.gravatar.com\/avatar\/363a4977321cb6fa3321b7ac93139b68e56af77880ae9fd5a3b2e7a8279f6d74?s=96&d=mm&r=g","contentUrl":"https:\/\/secure.gravatar.com\/avatar\/363a4977321cb6fa3321b7ac93139b68e56af77880ae9fd5a3b2e7a8279f6d74?s=96&d=mm&r=g","caption":"gmchef"},"logo":{"@id":"https:\/\/blog.glutenmenteschef.hu\/#\/schema\/person\/image\/"},"sameAs":["https:\/\/www.facebook.com\/aglutenmentessef"]}]}},"_links":{"self":[{"href":"http:\/\/blog.glutenmenteschef.hu\/index.php\/wp-json\/wp\/v2\/posts\/29783","targetHints":{"allow":["GET"]}}],"collection":[{"href":"http:\/\/blog.glutenmenteschef.hu\/index.php\/wp-json\/wp\/v2\/posts"}],"about":[{"href":"http:\/\/blog.glutenmenteschef.hu\/index.php\/wp-json\/wp\/v2\/types\/post"}],"author":[{"embeddable":true,"href":"http:\/\/blog.glutenmenteschef.hu\/index.php\/wp-json\/wp\/v2\/users\/1"}],"replies":[{"embeddable":true,"href":"http:\/\/blog.glutenmenteschef.hu\/index.php\/wp-json\/wp\/v2\/comments?post=29783"}],"version-history":[{"count":0,"href":"http:\/\/blog.glutenmenteschef.hu\/index.php\/wp-json\/wp\/v2\/posts\/29783\/revisions"}],"wp:featuredmedia":[{"embeddable":true,"href":"http:\/\/blog.glutenmenteschef.hu\/index.php\/wp-json\/wp\/v2\/media\/29788"}],"wp:attachment":[{"href":"http:\/\/blog.glutenmenteschef.hu\/index.php\/wp-json\/wp\/v2\/media?parent=29783"}],"wp:term":[{"taxonomy":"category","embeddable":true,"href":"http:\/\/blog.glutenmenteschef.hu\/index.php\/wp-json\/wp\/v2\/categories?post=29783"},{"taxonomy":"post_tag","embeddable":true,"href":"http:\/\/blog.glutenmenteschef.hu\/index.php\/wp-json\/wp\/v2\/tags?post=29783"}],"curies":[{"name":"wp","href":"https:\/\/api.w.org\/{rel}","templated":true}]}}