{"id":29743,"date":"2022-05-04T16:27:14","date_gmt":"2022-05-04T16:27:14","guid":{"rendered":"https:\/\/blog.glutenmenteschef.hu\/?p=29743"},"modified":"2022-05-04T16:27:17","modified_gmt":"2022-05-04T16:27:17","slug":"kenyer-lisztmix-lisztkeverekbol","status":"publish","type":"post","link":"http:\/\/blog.glutenmenteschef.hu\/index.php\/2022\/05\/04\/kenyer-lisztmix-lisztkeverekbol\/","title":{"rendered":"KENY\u00c9R LISZTMIX LISZTKEVER\u00c9KB\u0150L"},"content":{"rendered":"\n<h3 class=\"has-text-align-center wp-block-heading\"><strong>Keny\u00e9r Lisztmix lisztkever\u00e9kb\u0151l<\/strong><\/h3>\n\n\n\n<h3 class=\"has-text-align-center wp-block-heading\">glut\u00e9n-, tej- \u00e9s toj\u00e1smentes<br><br><br><\/h3>\n\n\n\n<p>Lehet\u0151s\u00e9get kaptam kipr\u00f3b\u00e1lni egy magyar fejleszt\u00e9s\u0171 glut\u00e9nmentes lisztkever\u00e9k term\u00e9kcsal\u00e1dot. M\u00e1r az els\u0151 s\u00fct\u00e9s alkalm\u00e1val siker\u00fclt bar\u00e1ts\u00e1got k\u00f6tni vele, \u00edgy leteszteltem n\u00e9h\u00e1ny receptemet, milyen lesz bel\u0151le. <\/p>\n\n\n\n<p>Mit \u00e9rdemes tudni a Lisztmix Keny\u00e9r mix lisztkever\u00e9k\u00e9r\u0151l?<br>&#8211; a glut\u00e9nmentess\u00e9g mellett tej-, toj\u00e1s-, sz\u00f3ja- \u00e9s kukoricamentes<br>&#8211; se rizslisztet, se kukoricalisztet NEM tartalmaz, de kukoricakem\u00e9ny\u00edt\u0151t \u00e9s toj\u00e1sport is feldolgoz\u00f3 \u00fczemben k\u00e9sz\u00fcl.<br>&#8211; a bel\u0151le k\u00e9sz\u00fclt p\u00e9k\u00e1ruk rosttartalma igen magas, hiszen bambusz- \u00e9s \u00fatif\u0171 magh\u00e9j rostot is tartalmaz<br>&#8211; veg\u00e1n \u00e9trendbe is j\u00f3l beilleszthet\u0151<br><\/p>\n\n\n\n<p>Mi m\u00e1s lehetett volna az els\u0151 s\u00fct\u00e9s, mint a keny\u00e9r! <br>Aki m\u00e1r s\u00fct\u00f6tt glut\u00e9nmentes kenyeret, az tudja, hogy min\u00e9l l\u00e1gyabb, ragacsosabb a t\u00e9szta nyersen, ann\u00e1l jobb lesz a k\u00e9sz keny\u00e9r \u00e1llaga. Itt m\u00e9g ann\u00e1l is ragacsosabb volt, de nem kell megijedni. A kis\u00fclt keny\u00e9r k\u00edv\u00fcl ropog\u00f3s, bel\u00fcl puha, lyukacsos a b\u00e9lzete. <br>H\u0171t\u0151ben t\u00e1rolva, fogyaszt\u00e1s el\u0151tt p\u00e1r m\u00e1sodpercre keny\u00e9rpir\u00edt\u00f3ba t\u00e9ve t\u00f6k\u00e9letes volt napok m\u00falt\u00e1val is.<br><br><\/p>\n\n\n\n<div class=\"wp-block-image\"><figure class=\"aligncenter size-full is-resized\"><img loading=\"lazy\" decoding=\"async\" src=\"https:\/\/blog.glutenmenteschef.hu\/wp-content\/uploads\/2022\/04\/Kenyer-5.jpg\" alt=\"\" class=\"wp-image-29747\" width=\"512\" height=\"384\" srcset=\"http:\/\/blog.glutenmenteschef.hu\/wp-content\/uploads\/2022\/04\/Kenyer-5.jpg 1024w, http:\/\/blog.glutenmenteschef.hu\/wp-content\/uploads\/2022\/04\/Kenyer-5-300x225.jpg 300w, http:\/\/blog.glutenmenteschef.hu\/wp-content\/uploads\/2022\/04\/Kenyer-5-768x576.jpg 768w\" sizes=\"auto, (max-width: 512px) 100vw, 512px\" \/><figcaption><br><br><br><\/figcaption><\/figure><\/div>\n\n\n\n<h5 class=\"has-text-align-center wp-block-heading\"><strong>Hozz\u00e1val\u00f3k:<\/strong><\/h5>\n\n\n\n<p class=\"has-text-align-center\">250 g Lisztmix keny\u00e9r lisztkever\u00e9k<br>250 ml v\u00edz<br>8 g olaj vagy kacsazs\u00edr<br>5 g por\u00e9leszt\u0151<br>3 g cukrot<br>2 csipet s\u00f3<br><br><br><\/p>\n\n\n\n<h5 class=\"wp-block-heading\"><strong>El\u0151k\u00e9sz\u00edt\u00e9s:<\/strong><\/h5>\n\n\n\n<p>A s\u00fct\u0151t als\u00f3-fels\u0151 s\u00fct\u00e9si m\u00f3dozatban 30-40 fokra el\u0151meleg\u00edtj\u00fck \u00e9s egy kisebb!! h\u0151\u00e1ll\u00f3 t\u00e1lban vagy l\u00e1basban kb. 1-2 deci v\u00edzzel az alj\u00e1ba tesz\u00fcnk valamelyik sarokba eltolva. Ez a s\u00fct\u00e9s v\u00e9g\u00e9ig bent marad.<br><br><\/p>\n\n\n\n<p>A kever\u0151t\u00e1lba el\u0151sz\u00f6r a sz\u00e1raz hozz\u00e1val\u00f3kat tegy\u00fck, majd az olajat. G\u00e9p seg\u00edts\u00e9g\u00e9vel kezdj\u00fck el alacsony fokozaton keverni \u00e9s k\u00f6zben \u00f6nts\u00fck hozz\u00e1 a langyos vizet. 5 perc alatt alaposan, <strong>csom\u00f3mentesre<\/strong> kidagasztjuk a t\u00e9szt\u00e1t.<\/p>\n\n\n\n<p>S\u00fct\u0151pap\u00edrral b\u00e9lelt 10 x 24 cm bels\u0151 m\u00e9ret\u0171 keny\u00e9rs\u00fct\u0151 form\u00e1ba tessz\u00fck \u00e9s elsim\u00edtjuk a fel\u00fclet\u00e9t. Haszn\u00e1lhatunk szilikon s\u00fct\u0151form\u00e1t is, azt nem kell kib\u00e9lelni, mehet bele k\u00f6zvetlen\u00fcl a t\u00e9szta.<br>( Tapad-ragad a t\u00e9szta, de NE TEGY\u00dcNK hozz\u00e1 t\u00f6bb lisztet. Csak \u00edgy lehets\u00e9ges, hogy a s\u00fct\u00e9s ut\u00e1n is puha, a b\u00fazaliszteshez nagyon hasonl\u00f3 legyen a kenyer\u00fcnk \u00e1llaga. )<\/p>\n\n\n\n<p>A tetej\u00e9t 2 helyen bev\u00e1gjuk, megsz\u00f3rhatjuk magokkal is, amit nagyon enyh\u00e9n az ujjainkkal vagy ecsettel r\u00e1nyomkodhatunk. \u00c1tkenj\u00fck olajjal a tetej\u00e9t, hogy er\u0151teljesebb barn\u00e1s sz\u00edne legyen s\u00fct\u00e9s ut\u00e1n.<\/p>\n\n\n\n<p>50 percig kelesztj\u00fck az el\u0151meleg\u00edtett s\u00fct\u0151ben.<br><br><br><\/p>\n\n\n\n<div class=\"wp-block-image\"><figure class=\"aligncenter size-full is-resized\"><img loading=\"lazy\" decoding=\"async\" src=\"https:\/\/blog.glutenmenteschef.hu\/wp-content\/uploads\/2022\/04\/Kenyer-1.jpg\" alt=\"\" class=\"wp-image-29745\" width=\"512\" height=\"384\" srcset=\"http:\/\/blog.glutenmenteschef.hu\/wp-content\/uploads\/2022\/04\/Kenyer-1.jpg 1024w, http:\/\/blog.glutenmenteschef.hu\/wp-content\/uploads\/2022\/04\/Kenyer-1-300x225.jpg 300w, http:\/\/blog.glutenmenteschef.hu\/wp-content\/uploads\/2022\/04\/Kenyer-1-768x576.jpg 768w\" sizes=\"auto, (max-width: 512px) 100vw, 512px\" \/><figcaption><br><br><\/figcaption><\/figure><\/div>\n\n\n\n<div class=\"wp-block-image\"><figure class=\"aligncenter size-full is-resized\"><img loading=\"lazy\" decoding=\"async\" src=\"https:\/\/blog.glutenmenteschef.hu\/wp-content\/uploads\/2022\/04\/Kenyer-4.jpg\" alt=\"\" class=\"wp-image-29746\" width=\"512\" height=\"384\" srcset=\"http:\/\/blog.glutenmenteschef.hu\/wp-content\/uploads\/2022\/04\/Kenyer-4.jpg 1024w, http:\/\/blog.glutenmenteschef.hu\/wp-content\/uploads\/2022\/04\/Kenyer-4-300x225.jpg 300w, http:\/\/blog.glutenmenteschef.hu\/wp-content\/uploads\/2022\/04\/Kenyer-4-768x576.jpg 768w\" sizes=\"auto, (max-width: 512px) 100vw, 512px\" \/><figcaption><br><br><br><\/figcaption><\/figure><\/div>\n\n\n\n<p>A t\u00e9szt\u00e1t bent hagyva, tov\u00e1bbra is als\u00f3-fels\u0151 s\u00fct\u00e9si m\u00f3dozaton, feltekerj\u00fck a h\u0151m\u00e9rs\u00e9kletet 200 fokra.&nbsp; Miut\u00e1n el\u00e9rte a kell\u0151 h\u0151fokot onnant\u00f3l sz\u00e1m\u00edtott 25 percig s\u00fctj\u00fck, majd 180 fokra visszavessz\u00fck a h\u0151m\u00e9rs\u00e9kletet \u00e9s m\u00e9g tov\u00e1bbi 25-30 percig s\u00fctj\u00fck.<\/p>\n\n\n\n<p>Se a keleszt\u00e9s, se a s\u00fct\u00e9s alatt NE nyissuk ki a s\u00fct\u0151 ajtaj\u00e1t, mert a t\u00e9szta \u201cmegf\u00e1zhat\u201d \u00e9s \u00f6sszeeshet!<br><br><\/p>\n\n\n\n<h5 class=\"wp-block-heading\"><strong>S\u00c9F TIPP:<\/strong><\/h5>\n\n\n\n<p>S\u00fct\u0151h\u0151m\u00e9r\u0151t, ha g\u00e1zs\u00fct\u0151nk van, akkor k\u00f6telez\u0151 beszerezni \u00e9s haszn\u00e1lni is a keleszt\u00e9shez \u00e9s a s\u00fct\u00e9sekhez, de elektromos s\u00fct\u0151 eset\u00e9n is hasznos, mert szinte mindegyik csal 20-30 fokot, de ak\u00e1r t\u00f6bbet is. Minden glut\u00e9nmentes lisztkever\u00e9k \u00e9rz\u00e9keny a s\u00fct\u00e9si h\u0151fokokra, \u00edgy, ha azt nem tudjuk pontosan be\u00e1ll\u00edtani, a legprec\u00edzebb recept eset\u00e9n is k\u00e9ts\u00e9ges lesz az v\u00e9geredm\u00e9ny.<br><br><br><\/p>\n\n\n\n<p>A s\u00fct\u0151b\u0151l kiv\u00e9ve kiford\u00edtjuk a t\u00e1lb\u00f3l, r\u00e1csra tessz\u00fck, a tetej\u00e9t m\u00e9g t\u0171zforr\u00f3n kev\u00e9s v\u00edzzel kenj\u00fck \u00e1t ecset vagy vir\u00e1gokhoz haszn\u00e1lt k\u00e9zi permetez\u0151 seg\u00edts\u00e9g\u00e9vel. \u00cdgy hagyjuk kih\u0171lni \u00e9s csak ezut\u00e1n v\u00e1gjuk fel.<br><br><br><\/p>\n\n\n\n<div class=\"wp-block-image\"><figure class=\"aligncenter size-full is-resized\"><img loading=\"lazy\" decoding=\"async\" src=\"https:\/\/blog.glutenmenteschef.hu\/wp-content\/uploads\/2022\/04\/Kenyer-6.jpg\" alt=\"\" class=\"wp-image-29749\" width=\"512\" height=\"683\" srcset=\"http:\/\/blog.glutenmenteschef.hu\/wp-content\/uploads\/2022\/04\/Kenyer-6.jpg 1024w, http:\/\/blog.glutenmenteschef.hu\/wp-content\/uploads\/2022\/04\/Kenyer-6-225x300.jpg 225w, http:\/\/blog.glutenmenteschef.hu\/wp-content\/uploads\/2022\/04\/Kenyer-6-768x1024.jpg 768w\" sizes=\"auto, (max-width: 512px) 100vw, 512px\" \/><\/figure><\/div>\n","protected":false},"excerpt":{"rendered":"<p>Keny\u00e9r Lisztmix lisztkever\u00e9kb\u0151l glut\u00e9n-, tej- \u00e9s toj\u00e1smentes Lehet\u0151s\u00e9get kaptam kipr\u00f3b\u00e1lni egy magyar fejleszt\u00e9s\u0171 glut\u00e9nmentes lisztkever\u00e9k term\u00e9kcsal\u00e1dot. M\u00e1r az els\u0151 s\u00fct\u00e9s alkalm\u00e1val siker\u00fclt bar\u00e1ts\u00e1got k\u00f6tni vele, \u00edgy leteszteltem n\u00e9h\u00e1ny receptemet, milyen lesz bel\u0151le. Mit \u00e9rdemes tudni a Lisztmix Keny\u00e9r mix lisztkever\u00e9k\u00e9r\u0151l?&#8211; a glut\u00e9nmentess\u00e9g mellett tej-, toj\u00e1s-, sz\u00f3ja- \u00e9s kukoricamentes&#8211; se rizslisztet, se kukoricalisztet NEM tartalmaz, de <br \/><a class=\"more\" href=\"http:\/\/blog.glutenmenteschef.hu\/index.php\/2022\/05\/04\/kenyer-lisztmix-lisztkeverekbol\/\">Read more&#8230; <\/a><\/p>\n","protected":false},"author":1,"featured_media":29748,"comment_status":"open","ping_status":"open","sticky":false,"template":"","format":"standard","meta":{"footnotes":""},"categories":[143,626],"tags":[5,575,144,627,326,97],"class_list":["post-29743","post","type-post","status-publish","format-standard","has-post-thumbnail","hentry","category-kenyer-peksutemeny","category-lisztmix-receptek","tag-glutenmentes","tag-glutenmentes-recept","tag-kenyer","tag-lisztmix","tag-tejmentes","tag-tojasmentes"],"yoast_head":"<!-- This site is optimized with the Yoast SEO plugin v26.5 - https:\/\/yoast.com\/wordpress\/plugins\/seo\/ -->\n<title>KENY\u00c9R LISZTMIX LISZTKEVER\u00c9KB\u0150L &#8211; Glut\u00e9nmentes Chef blog - \u00c1tol Tibor<\/title>\n<meta name=\"description\" content=\"Lehet\u0151s\u00e9get kaptam kipr\u00f3b\u00e1lni egy magyar fejleszt\u00e9s\u0171 glut\u00e9nmentes lisztkever\u00e9k term\u00e9kcsal\u00e1dot. M\u00e1r az els\u0151 s\u00fct\u00e9s alkalm\u00e1val siker\u00fclt bar\u00e1ts\u00e1got k\u00f6tni vele. Mi m\u00e1s lehetett volna az els\u0151 s\u00fct\u00e9s, mint a keny\u00e9r! Aki m\u00e1r s\u00fct\u00f6tt glut\u00e9nmentes kenyeret, az tudja, hogy min\u00e9l l\u00e1gyabb, ragacsosabb a t\u00e9szta nyersen, ann\u00e1l jobb lesz a k\u00e9sz keny\u00e9r \u00e1llaga. Itt m\u00e9g ann\u00e1l is ragacsosabb volt, de nem kell megijedni. A kis\u00fclt keny\u00e9r k\u00edv\u00fcl ropog\u00f3s, bel\u00fcl puha, lyukacsos a b\u00e9lzete. H\u0171t\u0151ben t\u00e1rolva, fogyaszt\u00e1s el\u0151tt p\u00e1r m\u00e1sodpercre keny\u00e9rpir\u00edt\u00f3ba t\u00e9ve t\u00f6k\u00e9letes volt napok m\u00falt\u00e1val is.\" \/>\n<meta name=\"robots\" content=\"index, follow, max-snippet:-1, max-image-preview:large, max-video-preview:-1\" \/>\n<link rel=\"canonical\" href=\"http:\/\/blog.glutenmenteschef.hu\/index.php\/2022\/05\/04\/kenyer-lisztmix-lisztkeverekbol\/\" \/>\n<meta property=\"og:locale\" content=\"hu_HU\" \/>\n<meta property=\"og:type\" content=\"article\" \/>\n<meta property=\"og:title\" content=\"KENY\u00c9R LISZTMIX LISZTKEVER\u00c9KB\u0150L &#8211; Glut\u00e9nmentes Chef blog - \u00c1tol Tibor\" \/>\n<meta property=\"og:description\" content=\"Lehet\u0151s\u00e9get kaptam kipr\u00f3b\u00e1lni egy magyar fejleszt\u00e9s\u0171 glut\u00e9nmentes lisztkever\u00e9k term\u00e9kcsal\u00e1dot. M\u00e1r az els\u0151 s\u00fct\u00e9s alkalm\u00e1val siker\u00fclt bar\u00e1ts\u00e1got k\u00f6tni vele. Mi m\u00e1s lehetett volna az els\u0151 s\u00fct\u00e9s, mint a keny\u00e9r! Aki m\u00e1r s\u00fct\u00f6tt glut\u00e9nmentes kenyeret, az tudja, hogy min\u00e9l l\u00e1gyabb, ragacsosabb a t\u00e9szta nyersen, ann\u00e1l jobb lesz a k\u00e9sz keny\u00e9r \u00e1llaga. Itt m\u00e9g ann\u00e1l is ragacsosabb volt, de nem kell megijedni. A kis\u00fclt keny\u00e9r k\u00edv\u00fcl ropog\u00f3s, bel\u00fcl puha, lyukacsos a b\u00e9lzete. H\u0171t\u0151ben t\u00e1rolva, fogyaszt\u00e1s el\u0151tt p\u00e1r m\u00e1sodpercre keny\u00e9rpir\u00edt\u00f3ba t\u00e9ve t\u00f6k\u00e9letes volt napok m\u00falt\u00e1val is.\" \/>\n<meta property=\"og:url\" content=\"http:\/\/blog.glutenmenteschef.hu\/index.php\/2022\/05\/04\/kenyer-lisztmix-lisztkeverekbol\/\" \/>\n<meta property=\"og:site_name\" content=\"Glut\u00e9nmentes Chef blog - \u00c1tol Tibor\" \/>\n<meta property=\"article:publisher\" content=\"https:\/\/www.facebook.com\/aglutenmentessef\" \/>\n<meta property=\"article:author\" content=\"https:\/\/www.facebook.com\/aglutenmentessef\" \/>\n<meta property=\"article:published_time\" content=\"2022-05-04T16:27:14+00:00\" \/>\n<meta property=\"article:modified_time\" content=\"2022-05-04T16:27:17+00:00\" \/>\n<meta property=\"og:image\" content=\"http:\/\/blog.glutenmenteschef.hu\/wp-content\/uploads\/2022\/04\/Kenyer-7.jpg\" \/>\n\t<meta property=\"og:image:width\" content=\"1024\" \/>\n\t<meta property=\"og:image:height\" content=\"768\" \/>\n\t<meta property=\"og:image:type\" content=\"image\/jpeg\" \/>\n<meta name=\"author\" content=\"gmchef\" \/>\n<meta name=\"twitter:card\" content=\"summary_large_image\" \/>\n<meta name=\"twitter:label1\" content=\"Szerz\u0151:\" \/>\n\t<meta name=\"twitter:data1\" content=\"gmchef\" \/>\n\t<meta name=\"twitter:label2\" content=\"Becs\u00fclt olvas\u00e1si id\u0151\" \/>\n\t<meta name=\"twitter:data2\" content=\"4 perc\" \/>\n<script type=\"application\/ld+json\" class=\"yoast-schema-graph\">{\"@context\":\"https:\/\/schema.org\",\"@graph\":[{\"@type\":\"Article\",\"@id\":\"http:\/\/blog.glutenmenteschef.hu\/index.php\/2022\/05\/04\/kenyer-lisztmix-lisztkeverekbol\/#article\",\"isPartOf\":{\"@id\":\"http:\/\/blog.glutenmenteschef.hu\/index.php\/2022\/05\/04\/kenyer-lisztmix-lisztkeverekbol\/\"},\"author\":{\"name\":\"gmchef\",\"@id\":\"https:\/\/blog.glutenmenteschef.hu\/#\/schema\/person\/c07613f0b6c0f12f90b8cb23cf32754a\"},\"headline\":\"KENY\u00c9R LISZTMIX LISZTKEVER\u00c9KB\u0150L\",\"datePublished\":\"2022-05-04T16:27:14+00:00\",\"dateModified\":\"2022-05-04T16:27:17+00:00\",\"mainEntityOfPage\":{\"@id\":\"http:\/\/blog.glutenmenteschef.hu\/index.php\/2022\/05\/04\/kenyer-lisztmix-lisztkeverekbol\/\"},\"wordCount\":728,\"commentCount\":0,\"publisher\":{\"@id\":\"https:\/\/blog.glutenmenteschef.hu\/#\/schema\/person\/c07613f0b6c0f12f90b8cb23cf32754a\"},\"image\":{\"@id\":\"http:\/\/blog.glutenmenteschef.hu\/index.php\/2022\/05\/04\/kenyer-lisztmix-lisztkeverekbol\/#primaryimage\"},\"thumbnailUrl\":\"http:\/\/blog.glutenmenteschef.hu\/wp-content\/uploads\/2022\/04\/Kenyer-7.jpg\",\"keywords\":[\"glut\u00e9nmentes\",\"glut\u00e9nmentes recept\",\"keny\u00e9r\",\"lisztmix\",\"tejmentes\",\"toj\u00e1smentes\"],\"articleSection\":[\"Keny\u00e9r \/ p\u00e9ks\u00fctem\u00e9ny\",\"Lisztmix receptek\"],\"inLanguage\":\"hu\",\"potentialAction\":[{\"@type\":\"CommentAction\",\"name\":\"Comment\",\"target\":[\"http:\/\/blog.glutenmenteschef.hu\/index.php\/2022\/05\/04\/kenyer-lisztmix-lisztkeverekbol\/#respond\"]}]},{\"@type\":\"WebPage\",\"@id\":\"http:\/\/blog.glutenmenteschef.hu\/index.php\/2022\/05\/04\/kenyer-lisztmix-lisztkeverekbol\/\",\"url\":\"http:\/\/blog.glutenmenteschef.hu\/index.php\/2022\/05\/04\/kenyer-lisztmix-lisztkeverekbol\/\",\"name\":\"KENY\u00c9R LISZTMIX LISZTKEVER\u00c9KB\u0150L &#8211; Glut\u00e9nmentes Chef blog - \u00c1tol Tibor\",\"isPartOf\":{\"@id\":\"https:\/\/blog.glutenmenteschef.hu\/#website\"},\"primaryImageOfPage\":{\"@id\":\"http:\/\/blog.glutenmenteschef.hu\/index.php\/2022\/05\/04\/kenyer-lisztmix-lisztkeverekbol\/#primaryimage\"},\"image\":{\"@id\":\"http:\/\/blog.glutenmenteschef.hu\/index.php\/2022\/05\/04\/kenyer-lisztmix-lisztkeverekbol\/#primaryimage\"},\"thumbnailUrl\":\"http:\/\/blog.glutenmenteschef.hu\/wp-content\/uploads\/2022\/04\/Kenyer-7.jpg\",\"datePublished\":\"2022-05-04T16:27:14+00:00\",\"dateModified\":\"2022-05-04T16:27:17+00:00\",\"description\":\"Lehet\u0151s\u00e9get kaptam kipr\u00f3b\u00e1lni egy magyar fejleszt\u00e9s\u0171 glut\u00e9nmentes lisztkever\u00e9k term\u00e9kcsal\u00e1dot. M\u00e1r az els\u0151 s\u00fct\u00e9s alkalm\u00e1val siker\u00fclt bar\u00e1ts\u00e1got k\u00f6tni vele. Mi m\u00e1s lehetett volna az els\u0151 s\u00fct\u00e9s, mint a keny\u00e9r! Aki m\u00e1r s\u00fct\u00f6tt glut\u00e9nmentes kenyeret, az tudja, hogy min\u00e9l l\u00e1gyabb, ragacsosabb a t\u00e9szta nyersen, ann\u00e1l jobb lesz a k\u00e9sz keny\u00e9r \u00e1llaga. Itt m\u00e9g ann\u00e1l is ragacsosabb volt, de nem kell megijedni. A kis\u00fclt keny\u00e9r k\u00edv\u00fcl ropog\u00f3s, bel\u00fcl puha, lyukacsos a b\u00e9lzete. H\u0171t\u0151ben t\u00e1rolva, fogyaszt\u00e1s el\u0151tt p\u00e1r m\u00e1sodpercre keny\u00e9rpir\u00edt\u00f3ba t\u00e9ve t\u00f6k\u00e9letes volt napok m\u00falt\u00e1val is.\",\"breadcrumb\":{\"@id\":\"http:\/\/blog.glutenmenteschef.hu\/index.php\/2022\/05\/04\/kenyer-lisztmix-lisztkeverekbol\/#breadcrumb\"},\"inLanguage\":\"hu\",\"potentialAction\":[{\"@type\":\"ReadAction\",\"target\":[\"http:\/\/blog.glutenmenteschef.hu\/index.php\/2022\/05\/04\/kenyer-lisztmix-lisztkeverekbol\/\"]}]},{\"@type\":\"ImageObject\",\"inLanguage\":\"hu\",\"@id\":\"http:\/\/blog.glutenmenteschef.hu\/index.php\/2022\/05\/04\/kenyer-lisztmix-lisztkeverekbol\/#primaryimage\",\"url\":\"http:\/\/blog.glutenmenteschef.hu\/wp-content\/uploads\/2022\/04\/Kenyer-7.jpg\",\"contentUrl\":\"http:\/\/blog.glutenmenteschef.hu\/wp-content\/uploads\/2022\/04\/Kenyer-7.jpg\",\"width\":1024,\"height\":768},{\"@type\":\"BreadcrumbList\",\"@id\":\"http:\/\/blog.glutenmenteschef.hu\/index.php\/2022\/05\/04\/kenyer-lisztmix-lisztkeverekbol\/#breadcrumb\",\"itemListElement\":[{\"@type\":\"ListItem\",\"position\":1,\"name\":\"Home\",\"item\":\"https:\/\/blog.glutenmenteschef.hu\/\"},{\"@type\":\"ListItem\",\"position\":2,\"name\":\"KENY\u00c9R LISZTMIX LISZTKEVER\u00c9KB\u0150L\"}]},{\"@type\":\"WebSite\",\"@id\":\"https:\/\/blog.glutenmenteschef.hu\/#website\",\"url\":\"https:\/\/blog.glutenmenteschef.hu\/\",\"name\":\"Glut\u00e9nmentes Chef blog - \u00c1tol Tibor\",\"description\":\"Glut\u00e9nmentes \u00e9telek, glut\u00e9nmentes receptek, glut\u00e9nmentes vide\u00f3k\",\"publisher\":{\"@id\":\"https:\/\/blog.glutenmenteschef.hu\/#\/schema\/person\/c07613f0b6c0f12f90b8cb23cf32754a\"},\"potentialAction\":[{\"@type\":\"SearchAction\",\"target\":{\"@type\":\"EntryPoint\",\"urlTemplate\":\"https:\/\/blog.glutenmenteschef.hu\/?s={search_term_string}\"},\"query-input\":{\"@type\":\"PropertyValueSpecification\",\"valueRequired\":true,\"valueName\":\"search_term_string\"}}],\"inLanguage\":\"hu\"},{\"@type\":[\"Person\",\"Organization\"],\"@id\":\"https:\/\/blog.glutenmenteschef.hu\/#\/schema\/person\/c07613f0b6c0f12f90b8cb23cf32754a\",\"name\":\"gmchef\",\"image\":{\"@type\":\"ImageObject\",\"inLanguage\":\"hu\",\"@id\":\"https:\/\/blog.glutenmenteschef.hu\/#\/schema\/person\/image\/\",\"url\":\"https:\/\/secure.gravatar.com\/avatar\/363a4977321cb6fa3321b7ac93139b68e56af77880ae9fd5a3b2e7a8279f6d74?s=96&d=mm&r=g\",\"contentUrl\":\"https:\/\/secure.gravatar.com\/avatar\/363a4977321cb6fa3321b7ac93139b68e56af77880ae9fd5a3b2e7a8279f6d74?s=96&d=mm&r=g\",\"caption\":\"gmchef\"},\"logo\":{\"@id\":\"https:\/\/blog.glutenmenteschef.hu\/#\/schema\/person\/image\/\"},\"sameAs\":[\"https:\/\/www.facebook.com\/aglutenmentessef\"]}]}<\/script>\n<!-- \/ Yoast SEO plugin. -->","yoast_head_json":{"title":"KENY\u00c9R LISZTMIX LISZTKEVER\u00c9KB\u0150L &#8211; Glut\u00e9nmentes Chef blog - \u00c1tol Tibor","description":"Lehet\u0151s\u00e9get kaptam kipr\u00f3b\u00e1lni egy magyar fejleszt\u00e9s\u0171 glut\u00e9nmentes lisztkever\u00e9k term\u00e9kcsal\u00e1dot. M\u00e1r az els\u0151 s\u00fct\u00e9s alkalm\u00e1val siker\u00fclt bar\u00e1ts\u00e1got k\u00f6tni vele. Mi m\u00e1s lehetett volna az els\u0151 s\u00fct\u00e9s, mint a keny\u00e9r! Aki m\u00e1r s\u00fct\u00f6tt glut\u00e9nmentes kenyeret, az tudja, hogy min\u00e9l l\u00e1gyabb, ragacsosabb a t\u00e9szta nyersen, ann\u00e1l jobb lesz a k\u00e9sz keny\u00e9r \u00e1llaga. Itt m\u00e9g ann\u00e1l is ragacsosabb volt, de nem kell megijedni. A kis\u00fclt keny\u00e9r k\u00edv\u00fcl ropog\u00f3s, bel\u00fcl puha, lyukacsos a b\u00e9lzete. H\u0171t\u0151ben t\u00e1rolva, fogyaszt\u00e1s el\u0151tt p\u00e1r m\u00e1sodpercre keny\u00e9rpir\u00edt\u00f3ba t\u00e9ve t\u00f6k\u00e9letes volt napok m\u00falt\u00e1val is.","robots":{"index":"index","follow":"follow","max-snippet":"max-snippet:-1","max-image-preview":"max-image-preview:large","max-video-preview":"max-video-preview:-1"},"canonical":"http:\/\/blog.glutenmenteschef.hu\/index.php\/2022\/05\/04\/kenyer-lisztmix-lisztkeverekbol\/","og_locale":"hu_HU","og_type":"article","og_title":"KENY\u00c9R LISZTMIX LISZTKEVER\u00c9KB\u0150L &#8211; Glut\u00e9nmentes Chef blog - \u00c1tol Tibor","og_description":"Lehet\u0151s\u00e9get kaptam kipr\u00f3b\u00e1lni egy magyar fejleszt\u00e9s\u0171 glut\u00e9nmentes lisztkever\u00e9k term\u00e9kcsal\u00e1dot. M\u00e1r az els\u0151 s\u00fct\u00e9s alkalm\u00e1val siker\u00fclt bar\u00e1ts\u00e1got k\u00f6tni vele. Mi m\u00e1s lehetett volna az els\u0151 s\u00fct\u00e9s, mint a keny\u00e9r! Aki m\u00e1r s\u00fct\u00f6tt glut\u00e9nmentes kenyeret, az tudja, hogy min\u00e9l l\u00e1gyabb, ragacsosabb a t\u00e9szta nyersen, ann\u00e1l jobb lesz a k\u00e9sz keny\u00e9r \u00e1llaga. Itt m\u00e9g ann\u00e1l is ragacsosabb volt, de nem kell megijedni. A kis\u00fclt keny\u00e9r k\u00edv\u00fcl ropog\u00f3s, bel\u00fcl puha, lyukacsos a b\u00e9lzete. H\u0171t\u0151ben t\u00e1rolva, fogyaszt\u00e1s el\u0151tt p\u00e1r m\u00e1sodpercre keny\u00e9rpir\u00edt\u00f3ba t\u00e9ve t\u00f6k\u00e9letes volt napok m\u00falt\u00e1val is.","og_url":"http:\/\/blog.glutenmenteschef.hu\/index.php\/2022\/05\/04\/kenyer-lisztmix-lisztkeverekbol\/","og_site_name":"Glut\u00e9nmentes Chef blog - \u00c1tol Tibor","article_publisher":"https:\/\/www.facebook.com\/aglutenmentessef","article_author":"https:\/\/www.facebook.com\/aglutenmentessef","article_published_time":"2022-05-04T16:27:14+00:00","article_modified_time":"2022-05-04T16:27:17+00:00","og_image":[{"width":1024,"height":768,"url":"http:\/\/blog.glutenmenteschef.hu\/wp-content\/uploads\/2022\/04\/Kenyer-7.jpg","type":"image\/jpeg"}],"author":"gmchef","twitter_card":"summary_large_image","twitter_misc":{"Szerz\u0151:":"gmchef","Becs\u00fclt olvas\u00e1si id\u0151":"4 perc"},"schema":{"@context":"https:\/\/schema.org","@graph":[{"@type":"Article","@id":"http:\/\/blog.glutenmenteschef.hu\/index.php\/2022\/05\/04\/kenyer-lisztmix-lisztkeverekbol\/#article","isPartOf":{"@id":"http:\/\/blog.glutenmenteschef.hu\/index.php\/2022\/05\/04\/kenyer-lisztmix-lisztkeverekbol\/"},"author":{"name":"gmchef","@id":"https:\/\/blog.glutenmenteschef.hu\/#\/schema\/person\/c07613f0b6c0f12f90b8cb23cf32754a"},"headline":"KENY\u00c9R LISZTMIX LISZTKEVER\u00c9KB\u0150L","datePublished":"2022-05-04T16:27:14+00:00","dateModified":"2022-05-04T16:27:17+00:00","mainEntityOfPage":{"@id":"http:\/\/blog.glutenmenteschef.hu\/index.php\/2022\/05\/04\/kenyer-lisztmix-lisztkeverekbol\/"},"wordCount":728,"commentCount":0,"publisher":{"@id":"https:\/\/blog.glutenmenteschef.hu\/#\/schema\/person\/c07613f0b6c0f12f90b8cb23cf32754a"},"image":{"@id":"http:\/\/blog.glutenmenteschef.hu\/index.php\/2022\/05\/04\/kenyer-lisztmix-lisztkeverekbol\/#primaryimage"},"thumbnailUrl":"http:\/\/blog.glutenmenteschef.hu\/wp-content\/uploads\/2022\/04\/Kenyer-7.jpg","keywords":["glut\u00e9nmentes","glut\u00e9nmentes recept","keny\u00e9r","lisztmix","tejmentes","toj\u00e1smentes"],"articleSection":["Keny\u00e9r \/ p\u00e9ks\u00fctem\u00e9ny","Lisztmix receptek"],"inLanguage":"hu","potentialAction":[{"@type":"CommentAction","name":"Comment","target":["http:\/\/blog.glutenmenteschef.hu\/index.php\/2022\/05\/04\/kenyer-lisztmix-lisztkeverekbol\/#respond"]}]},{"@type":"WebPage","@id":"http:\/\/blog.glutenmenteschef.hu\/index.php\/2022\/05\/04\/kenyer-lisztmix-lisztkeverekbol\/","url":"http:\/\/blog.glutenmenteschef.hu\/index.php\/2022\/05\/04\/kenyer-lisztmix-lisztkeverekbol\/","name":"KENY\u00c9R LISZTMIX LISZTKEVER\u00c9KB\u0150L &#8211; Glut\u00e9nmentes Chef blog - \u00c1tol Tibor","isPartOf":{"@id":"https:\/\/blog.glutenmenteschef.hu\/#website"},"primaryImageOfPage":{"@id":"http:\/\/blog.glutenmenteschef.hu\/index.php\/2022\/05\/04\/kenyer-lisztmix-lisztkeverekbol\/#primaryimage"},"image":{"@id":"http:\/\/blog.glutenmenteschef.hu\/index.php\/2022\/05\/04\/kenyer-lisztmix-lisztkeverekbol\/#primaryimage"},"thumbnailUrl":"http:\/\/blog.glutenmenteschef.hu\/wp-content\/uploads\/2022\/04\/Kenyer-7.jpg","datePublished":"2022-05-04T16:27:14+00:00","dateModified":"2022-05-04T16:27:17+00:00","description":"Lehet\u0151s\u00e9get kaptam kipr\u00f3b\u00e1lni egy magyar fejleszt\u00e9s\u0171 glut\u00e9nmentes lisztkever\u00e9k term\u00e9kcsal\u00e1dot. M\u00e1r az els\u0151 s\u00fct\u00e9s alkalm\u00e1val siker\u00fclt bar\u00e1ts\u00e1got k\u00f6tni vele. Mi m\u00e1s lehetett volna az els\u0151 s\u00fct\u00e9s, mint a keny\u00e9r! Aki m\u00e1r s\u00fct\u00f6tt glut\u00e9nmentes kenyeret, az tudja, hogy min\u00e9l l\u00e1gyabb, ragacsosabb a t\u00e9szta nyersen, ann\u00e1l jobb lesz a k\u00e9sz keny\u00e9r \u00e1llaga. Itt m\u00e9g ann\u00e1l is ragacsosabb volt, de nem kell megijedni. A kis\u00fclt keny\u00e9r k\u00edv\u00fcl ropog\u00f3s, bel\u00fcl puha, lyukacsos a b\u00e9lzete. H\u0171t\u0151ben t\u00e1rolva, fogyaszt\u00e1s el\u0151tt p\u00e1r m\u00e1sodpercre keny\u00e9rpir\u00edt\u00f3ba t\u00e9ve t\u00f6k\u00e9letes volt napok m\u00falt\u00e1val is.","breadcrumb":{"@id":"http:\/\/blog.glutenmenteschef.hu\/index.php\/2022\/05\/04\/kenyer-lisztmix-lisztkeverekbol\/#breadcrumb"},"inLanguage":"hu","potentialAction":[{"@type":"ReadAction","target":["http:\/\/blog.glutenmenteschef.hu\/index.php\/2022\/05\/04\/kenyer-lisztmix-lisztkeverekbol\/"]}]},{"@type":"ImageObject","inLanguage":"hu","@id":"http:\/\/blog.glutenmenteschef.hu\/index.php\/2022\/05\/04\/kenyer-lisztmix-lisztkeverekbol\/#primaryimage","url":"http:\/\/blog.glutenmenteschef.hu\/wp-content\/uploads\/2022\/04\/Kenyer-7.jpg","contentUrl":"http:\/\/blog.glutenmenteschef.hu\/wp-content\/uploads\/2022\/04\/Kenyer-7.jpg","width":1024,"height":768},{"@type":"BreadcrumbList","@id":"http:\/\/blog.glutenmenteschef.hu\/index.php\/2022\/05\/04\/kenyer-lisztmix-lisztkeverekbol\/#breadcrumb","itemListElement":[{"@type":"ListItem","position":1,"name":"Home","item":"https:\/\/blog.glutenmenteschef.hu\/"},{"@type":"ListItem","position":2,"name":"KENY\u00c9R LISZTMIX LISZTKEVER\u00c9KB\u0150L"}]},{"@type":"WebSite","@id":"https:\/\/blog.glutenmenteschef.hu\/#website","url":"https:\/\/blog.glutenmenteschef.hu\/","name":"Glut\u00e9nmentes Chef blog - \u00c1tol Tibor","description":"Glut\u00e9nmentes \u00e9telek, glut\u00e9nmentes receptek, glut\u00e9nmentes vide\u00f3k","publisher":{"@id":"https:\/\/blog.glutenmenteschef.hu\/#\/schema\/person\/c07613f0b6c0f12f90b8cb23cf32754a"},"potentialAction":[{"@type":"SearchAction","target":{"@type":"EntryPoint","urlTemplate":"https:\/\/blog.glutenmenteschef.hu\/?s={search_term_string}"},"query-input":{"@type":"PropertyValueSpecification","valueRequired":true,"valueName":"search_term_string"}}],"inLanguage":"hu"},{"@type":["Person","Organization"],"@id":"https:\/\/blog.glutenmenteschef.hu\/#\/schema\/person\/c07613f0b6c0f12f90b8cb23cf32754a","name":"gmchef","image":{"@type":"ImageObject","inLanguage":"hu","@id":"https:\/\/blog.glutenmenteschef.hu\/#\/schema\/person\/image\/","url":"https:\/\/secure.gravatar.com\/avatar\/363a4977321cb6fa3321b7ac93139b68e56af77880ae9fd5a3b2e7a8279f6d74?s=96&d=mm&r=g","contentUrl":"https:\/\/secure.gravatar.com\/avatar\/363a4977321cb6fa3321b7ac93139b68e56af77880ae9fd5a3b2e7a8279f6d74?s=96&d=mm&r=g","caption":"gmchef"},"logo":{"@id":"https:\/\/blog.glutenmenteschef.hu\/#\/schema\/person\/image\/"},"sameAs":["https:\/\/www.facebook.com\/aglutenmentessef"]}]}},"_links":{"self":[{"href":"http:\/\/blog.glutenmenteschef.hu\/index.php\/wp-json\/wp\/v2\/posts\/29743","targetHints":{"allow":["GET"]}}],"collection":[{"href":"http:\/\/blog.glutenmenteschef.hu\/index.php\/wp-json\/wp\/v2\/posts"}],"about":[{"href":"http:\/\/blog.glutenmenteschef.hu\/index.php\/wp-json\/wp\/v2\/types\/post"}],"author":[{"embeddable":true,"href":"http:\/\/blog.glutenmenteschef.hu\/index.php\/wp-json\/wp\/v2\/users\/1"}],"replies":[{"embeddable":true,"href":"http:\/\/blog.glutenmenteschef.hu\/index.php\/wp-json\/wp\/v2\/comments?post=29743"}],"version-history":[{"count":0,"href":"http:\/\/blog.glutenmenteschef.hu\/index.php\/wp-json\/wp\/v2\/posts\/29743\/revisions"}],"wp:featuredmedia":[{"embeddable":true,"href":"http:\/\/blog.glutenmenteschef.hu\/index.php\/wp-json\/wp\/v2\/media\/29748"}],"wp:attachment":[{"href":"http:\/\/blog.glutenmenteschef.hu\/index.php\/wp-json\/wp\/v2\/media?parent=29743"}],"wp:term":[{"taxonomy":"category","embeddable":true,"href":"http:\/\/blog.glutenmenteschef.hu\/index.php\/wp-json\/wp\/v2\/categories?post=29743"},{"taxonomy":"post_tag","embeddable":true,"href":"http:\/\/blog.glutenmenteschef.hu\/index.php\/wp-json\/wp\/v2\/tags?post=29743"}],"curies":[{"name":"wp","href":"https:\/\/api.w.org\/{rel}","templated":true}]}}