{"id":29667,"date":"2022-04-01T20:25:34","date_gmt":"2022-04-01T20:25:34","guid":{"rendered":"https:\/\/blog.glutenmenteschef.hu\/?p=29667"},"modified":"2025-05-11T17:46:46","modified_gmt":"2025-05-11T17:46:46","slug":"babka-dios-csokolades-kalacs-glutenmentesen","status":"publish","type":"post","link":"http:\/\/blog.glutenmenteschef.hu\/index.php\/2022\/04\/01\/babka-dios-csokolades-kalacs-glutenmentesen\/","title":{"rendered":"BABKA &#8211; DI\u00d3S, CSOKOL\u00c1D\u00c9S KAL\u00c1CS GLUT\u00c9NMENTESEN"},"content":{"rendered":"\n<h3 class=\"wp-block-heading has-text-align-center\"><strong>BABKA &#8211; Di\u00f3s, csokol\u00e1d\u00e9s kal\u00e1cs glut\u00e9nmentesen<\/strong><br><br><br><\/h3>\n\n\n\n<p>Ha jellemeznem kellene, azt mondan\u00e1m, hogy a kaka\u00f3s csiga \u00e9s a kal\u00e1cs szerelemgyermeke a BABKA. Nyersen \u00e9s megs\u00fclve is nagyon mutat\u00f3s a l\u00e1that\u00f3 csavart csokis r\u00e9tegeivel. <br>M\u00e9g a kelt t\u00e9szt\u00e1kon bel\u00fcl is az egyik legnehezebb feladat j\u00f3 glut\u00e9nmentes kal\u00e1csot s\u00fctni. Azonban ebben a receptben a t\u00e9szt\u00e1ba beles\u00fcl\u0151 csokol\u00e1d\u00e9, kaka\u00f3 \u00e9s di\u00f3 olyan komb\u00f3t alkot a vajjal, hogy a nem glut\u00e9n\u00e9rz\u00e9kenyeket is b\u00e1tran megk\u00edn\u00e1lhatjuk, nem fogunk sz\u00e9gyent vallani vele. <br>A t\u00e1rol\u00e1s\u00e1hoz nem kell h\u0171t\u0151be tenni, nem kel mikr\u00f3zni, m\u00e9gis napokig finom, puha marad.<br><br><\/p>\n\n\n<div class=\"wp-block-image is-resized\">\n<figure class=\"aligncenter size-full\"><img loading=\"lazy\" decoding=\"async\" width=\"1024\" height=\"1365\" src=\"https:\/\/blog.glutenmenteschef.hu\/wp-content\/uploads\/2022\/03\/Glutenmentes-Schar-Babka-13.jpg\" alt=\"\" class=\"wp-image-29683\" style=\"width:612px\" srcset=\"http:\/\/blog.glutenmenteschef.hu\/wp-content\/uploads\/2022\/03\/Glutenmentes-Schar-Babka-13.jpg 1024w, http:\/\/blog.glutenmenteschef.hu\/wp-content\/uploads\/2022\/03\/Glutenmentes-Schar-Babka-13-225x300.jpg 225w, http:\/\/blog.glutenmenteschef.hu\/wp-content\/uploads\/2022\/03\/Glutenmentes-Schar-Babka-13-768x1024.jpg 768w\" sizes=\"auto, (max-width: 1024px) 100vw, 1024px\" \/><figcaption class=\"wp-element-caption\">Glut\u00e9nmentes Babka <\/figcaption><\/figure>\n<\/div>\n\n\n<h5 class=\"wp-block-heading has-text-align-center\"><br><br><br><strong>A t\u00e9szta hozz\u00e1val\u00f3i 11 x 24 cm-es s\u00fct\u0151form\u00e1hoz:<\/strong><\/h5>\n\n\n\n<p class=\"has-text-align-center\">300 g Schar mix B VAGY Nutrifree mix per pane <br>60 g cukor<br>5 g por\u00e9leszt\u0151 ( \u00e9leszt\u0151mentesen 12 g s\u00fct\u0151por )<br>30 g l\u00e1gy, kenhet\u0151 \u00e1llag\u00fa vaj<br><br>1 db L-es m\u00e9ret\u0171 toj\u00e1s<br>( ha nem fogyaszthatunk toj\u00e1st, hagyjuk ki \u00e9s 45 g folyad\u00e9kot adjunk pluszban a t\u00e9szt\u00e1hoz )<br><br>Schar mix B liszt eset\u00e9n: 220 g folyad\u00e9k ( ebb\u0151l 110 g v\u00edz \u00e9s 110 g tej )<br>Nutrifree mix per pane liszt eset\u00e9n 180 g folyad\u00e9k ( ebb\u0151l 90 g v\u00edz \u00e9s 90 g tej )<br><br><\/p>\n\n\n\n<p class=\"has-text-align-center\">30 g vaj a s\u00fct\u0151form\u00e1t kikenni<br>10 g vaj a t\u00e9szt\u00e1t lekenni<br><br><\/p>\n\n\n\n<p class=\"has-text-align-center\"><strong>T\u00f6ltel\u00e9k hozz\u00e1val\u00f3i:<\/strong><\/p>\n\n\n\n<p class=\"has-text-align-center\">15 g kaka\u00f3por<br>65 g 70%-os \u00e9tcsokol\u00e1d\u00e9<br>60 g l\u00e1gy, kenhet\u0151 \u00e1llag\u00fa vaj<br>40 g cukor<br><br>50 g durv\u00e1ra dar\u00e1lt di\u00f3<br><br><\/p>\n\n\n\n<h5 class=\"wp-block-heading has-text-align-center\"><strong>Cukorszirup:<\/strong><\/h5>\n\n\n\n<p class=\"has-text-align-center\">40 g v\u00edz<br>65 g cukor<br><br><br><\/p>\n\n\n\n<h5 class=\"wp-block-heading\"><strong>A t\u00f6ltel\u00e9k:<\/strong><\/h5>\n\n\n\n<p><strong>Kezdj\u00fck ezzel a Babka k\u00e9sz\u00edt\u00e9st, \u00edgy lesz ideje kih\u0171lni. Ha melegen kenj\u00fck a t\u00e9szt\u00e1ra, megl\u00e1gy\u00edtja azt \u00e9s kezelhetetlen lesz. <\/strong><\/p>\n\n\n\n<p>Az apr\u00f3 kock\u00e1ra t\u00f6rdelt csokol\u00e1d\u00e9t v\u00edzg\u0151z f\u00f6l\u00f6tt olvasszuk fel, majd a di\u00f3 kiv\u00e9tel\u00e9vel keverj\u00fck el az \u00f6sszes t\u00f6bbi hozz\u00e1val\u00f3val.<\/p>\n\n\n\n<h5 class=\"wp-block-heading\"><strong>S\u00c9F TIPP:<\/strong><\/h5>\n\n\n\n<p>\u00dcgyelj\u00fcnk r\u00e1, hogy a csokol\u00e1d\u00e9 ne melegedjen 55 fok f\u00f6l\u00e9, mert kicsap\u00f3dhat. ( \u00f6sszecsom\u00f3sodik \u00e9s haszn\u00e1lhatatlan lesz. )<br><br><\/p>\n\n\n\n<h5 class=\"wp-block-heading\"><strong>A cukorszirup:<\/strong><\/h5>\n\n\n\n<p>A vizet \u00e9s a cukrot forraljuk addig, am\u00edg a cukor t\u00f6k\u00e9letesen fel nem olvad a v\u00edzben.<br><br><br><\/p>\n\n\n\n<h5 class=\"wp-block-heading\"><strong>A t\u00e9szta elk\u00e9sz\u00edt\u00e9se: <\/strong><\/h5>\n\n\n\n<p class=\"has-text-align-left\">A t\u00e9szta hozz\u00e1val\u00f3it m\u00e9rj\u00fck ki egy kever\u0151t\u00e1lba, majd alaposan, legal\u00e1bb 5 percig dagasszuk g\u00e9p seg\u00edts\u00e9g\u00e9vel. <\/p>\n\n\n\n<p class=\"has-text-align-left\">Rizsliszttel meghintett deszk\u00e1ra ford\u00edtsuk ki. L\u00e1gy \u00e9s ragacsos t\u00e9szt\u00e1t kapunk, de nem szabad plusz lisztet belegy\u00farni!! A kever\u0151t\u00e1lat bor\u00edtsuk r\u00e1 \u00e9s 35 percig pihentess\u00fck.<\/p>\n\n\n\n<p class=\"has-text-align-left\">Miut\u00e1n letelt az id\u0151, nagyon kev\u00e9s liszttel sz\u00f3rjuk meg a t\u00e9szta felsz\u00edn\u00e9t, p\u00e1r mozdulattal gy\u00farjunk, form\u00e1ljunk gomb\u00f3cot bel\u0151le. Tegy\u00fck \u00e1t a olajjal <strong>nagyon alaposan<\/strong> megkent s\u00fct\u0151pap\u00edrra, majd ny\u00fajtsuk 35 x 25 cm-es form\u00e1ra. <br>Ha ragadna a t\u00e9szta, csak akkor sz\u00f3rjuk meg rizsliszttel.<\/p>\n\n\n\n<p class=\"has-text-align-left\">Spakli seg\u00edts\u00e9g\u00e9vel oszlassuk el a csokis-kaka\u00f3s t\u00f6ltel\u00e9ket a t\u00e9szt\u00e1n, majd sz\u00f3rjuk meg a durv\u00e1ra dar\u00e1lt di\u00f3val.<\/p>\n\n\n\n<p>A hosszabbik oldalt\u00f3l kezdve apr\u00e1nk\u00e9nt haladva min\u00e9l szorosabban feltekerj\u00fck a t\u00e9szt\u00e1t. K\u00e9t k\u00e9zzel enyh\u00e9n nyomkodjuk, igaz\u00edtsuk form\u00e1s, vastag hengerr\u00e9. Ez az\u00e9rt fontos, mert \u00edgy m\u00e9g jobban \u00f6sszetapasztjuk a t\u00f6ltel\u00e9ket \u00e9s a t\u00e9szt\u00e1t, \u00edgy miut\u00e1n kett\u00e9v\u00e1gjuk, k\u00f6nnyebb lesz \u00f6sszefonni.<br><br><br><\/p>\n\n\n\n<figure class=\"wp-block-gallery has-nested-images columns-default is-cropped wp-block-gallery-1 is-layout-flex wp-block-gallery-is-layout-flex\">\n<figure class=\"wp-block-image size-large\"><img loading=\"lazy\" decoding=\"async\" width=\"1024\" height=\"768\" data-id=\"29689\" src=\"https:\/\/blog.glutenmenteschef.hu\/wp-content\/uploads\/2022\/03\/Glutenmentes-Schar-Babka-1.jpg\" alt=\"\" class=\"wp-image-29689\" srcset=\"http:\/\/blog.glutenmenteschef.hu\/wp-content\/uploads\/2022\/03\/Glutenmentes-Schar-Babka-1.jpg 1024w, http:\/\/blog.glutenmenteschef.hu\/wp-content\/uploads\/2022\/03\/Glutenmentes-Schar-Babka-1-300x225.jpg 300w, http:\/\/blog.glutenmenteschef.hu\/wp-content\/uploads\/2022\/03\/Glutenmentes-Schar-Babka-1-768x576.jpg 768w\" sizes=\"auto, (max-width: 1024px) 100vw, 1024px\" \/><\/figure>\n\n\n\n<figure class=\"wp-block-image size-large\"><img loading=\"lazy\" decoding=\"async\" width=\"1024\" height=\"768\" data-id=\"29690\" src=\"https:\/\/blog.glutenmenteschef.hu\/wp-content\/uploads\/2022\/03\/Glutenmentes-Schar-Babka-2.jpg\" alt=\"\" class=\"wp-image-29690\" srcset=\"http:\/\/blog.glutenmenteschef.hu\/wp-content\/uploads\/2022\/03\/Glutenmentes-Schar-Babka-2.jpg 1024w, http:\/\/blog.glutenmenteschef.hu\/wp-content\/uploads\/2022\/03\/Glutenmentes-Schar-Babka-2-300x225.jpg 300w, http:\/\/blog.glutenmenteschef.hu\/wp-content\/uploads\/2022\/03\/Glutenmentes-Schar-Babka-2-768x576.jpg 768w\" sizes=\"auto, (max-width: 1024px) 100vw, 1024px\" \/><\/figure>\n\n\n\n<figure class=\"wp-block-image size-large\"><img loading=\"lazy\" decoding=\"async\" width=\"1024\" height=\"768\" data-id=\"29691\" src=\"https:\/\/blog.glutenmenteschef.hu\/wp-content\/uploads\/2022\/03\/Glutenmentes-Schar-Babka-3.jpg\" alt=\"\" class=\"wp-image-29691\" srcset=\"http:\/\/blog.glutenmenteschef.hu\/wp-content\/uploads\/2022\/03\/Glutenmentes-Schar-Babka-3.jpg 1024w, http:\/\/blog.glutenmenteschef.hu\/wp-content\/uploads\/2022\/03\/Glutenmentes-Schar-Babka-3-300x225.jpg 300w, http:\/\/blog.glutenmenteschef.hu\/wp-content\/uploads\/2022\/03\/Glutenmentes-Schar-Babka-3-768x576.jpg 768w\" sizes=\"auto, (max-width: 1024px) 100vw, 1024px\" \/><\/figure>\n<\/figure>\n\n\n\n<h4 class=\"wp-block-heading\"><br><br><br><strong>A bejegyz\u00e9s alj\u00e1ra g\u00f6rgetve egy p\u00e1r perces vide\u00f3ban meg lehet n\u00e9zni a t\u00e9szta t\u00f6lt\u00e9s\u00e9t \u00e9s form\u00e1z\u00e1s\u00e1t! <\/strong><\/h4>\n\n\n\n<p>Az \u00f6sszez\u00e1rt oldala legyen alul, majd \u00e9les k\u00e9ssel k\u00f6z\u00e9pen, hossz\u00e1ban kett\u00e9v\u00e1gjuk a tekercset, ford\u00edtsuk \u00fagy, hogy a csokol\u00e1d\u00e9s r\u00e9tegek j\u00f3l l\u00e1that\u00f3ak legyenek.<\/p>\n\n\n\n<p>A k\u00e9t sz\u00e1lat k\u00f6z\u00e9pen keresztbe tessz\u00fck, X-t form\u00e1zva, majd el\u0151sz\u00f6r az als\u00f3, ut\u00e1na a fels\u0151 r\u00e9sz\u00e9t \u00f6sszetekerj\u00fck, \u00fcgyelve, hogy a v\u00e1gott oldala mindig felfel\u00e9 n\u00e9zzen.<\/p>\n\n\n\n<p>A k\u00e9t v\u00e9g\u00e9b\u0151l \u00e9ppen csak annyit, hogy a teker\u00e9st egyben tartsa, \u00f3vatosan hajtsuk al\u00e1. A k\u00e9t v\u00e9g\u00e9t\u0151l kezdve, k\u00e9t k\u00e9zzel a teljes tekercs al\u00e1 ny\u00falva a vajjal kikent s\u00fct\u0151form\u00e1ba helyezz\u00fck. Ecset seg\u00edts\u00e9g\u00e9vel az olvasztott vajjal lekenj\u00fck a t\u00e9szta fel\u00fclet\u00e9t. <br><strong>A vajjal kikent forma \u00e9s a t\u00e9szta fel\u00fclet\u00e9nek vajjal t\u00f6rt\u00e9n\u0151 leken\u00e9se is nagyon fontos, mert a s\u00fcl\u00e9s sor\u00e1n felsz\u00edvja a t\u00e9szta \u00e9s ett\u0151l lesz annyira puha \u00e9s nem sz\u00e1rad ki napok m\u00falt\u00e1n sem.<\/strong><br><br><br><\/p>\n\n\n\n<figure class=\"wp-block-gallery aligncenter has-nested-images columns-default is-cropped wp-block-gallery-2 is-layout-flex wp-block-gallery-is-layout-flex\">\n<figure class=\"wp-block-image size-large\"><img loading=\"lazy\" decoding=\"async\" width=\"1024\" height=\"1365\" data-id=\"29692\" src=\"https:\/\/blog.glutenmenteschef.hu\/wp-content\/uploads\/2022\/03\/Glutenmentes-Schar-Babka-4.jpg\" alt=\"\" class=\"wp-image-29692\" srcset=\"http:\/\/blog.glutenmenteschef.hu\/wp-content\/uploads\/2022\/03\/Glutenmentes-Schar-Babka-4.jpg 1024w, http:\/\/blog.glutenmenteschef.hu\/wp-content\/uploads\/2022\/03\/Glutenmentes-Schar-Babka-4-225x300.jpg 225w, http:\/\/blog.glutenmenteschef.hu\/wp-content\/uploads\/2022\/03\/Glutenmentes-Schar-Babka-4-768x1024.jpg 768w\" sizes=\"auto, (max-width: 1024px) 100vw, 1024px\" \/><\/figure>\n\n\n\n<figure class=\"wp-block-image size-large\"><img loading=\"lazy\" decoding=\"async\" width=\"1024\" height=\"1365\" data-id=\"29693\" src=\"https:\/\/blog.glutenmenteschef.hu\/wp-content\/uploads\/2022\/03\/Glutenmentes-Schar-Babka-5.jpg\" alt=\"\" class=\"wp-image-29693\" srcset=\"http:\/\/blog.glutenmenteschef.hu\/wp-content\/uploads\/2022\/03\/Glutenmentes-Schar-Babka-5.jpg 1024w, http:\/\/blog.glutenmenteschef.hu\/wp-content\/uploads\/2022\/03\/Glutenmentes-Schar-Babka-5-225x300.jpg 225w, http:\/\/blog.glutenmenteschef.hu\/wp-content\/uploads\/2022\/03\/Glutenmentes-Schar-Babka-5-768x1024.jpg 768w\" sizes=\"auto, (max-width: 1024px) 100vw, 1024px\" \/><\/figure>\n\n\n\n<figure class=\"wp-block-image size-large\"><img loading=\"lazy\" decoding=\"async\" width=\"1024\" height=\"1365\" data-id=\"29694\" src=\"https:\/\/blog.glutenmenteschef.hu\/wp-content\/uploads\/2022\/03\/Glutenmentes-Schar-Babka-6.jpg\" alt=\"\" class=\"wp-image-29694\" srcset=\"http:\/\/blog.glutenmenteschef.hu\/wp-content\/uploads\/2022\/03\/Glutenmentes-Schar-Babka-6.jpg 1024w, http:\/\/blog.glutenmenteschef.hu\/wp-content\/uploads\/2022\/03\/Glutenmentes-Schar-Babka-6-225x300.jpg 225w, http:\/\/blog.glutenmenteschef.hu\/wp-content\/uploads\/2022\/03\/Glutenmentes-Schar-Babka-6-768x1024.jpg 768w\" sizes=\"auto, (max-width: 1024px) 100vw, 1024px\" \/><\/figure>\n<\/figure>\n\n\n\n<p><br><br><br>Nedves konyharuh\u00e1val letakarva, huzatmentes helyen 25 percig kelesztj\u00fck.<\/p>\n\n\n\n<p>190 fok als\u00f3-fels\u0151 s\u00fct\u00e9si m\u00f3dozaton el\u0151meleg\u00edtj\u00fck a s\u00fct\u0151t. A keleszt\u00e9si id\u0151 lej\u00e1rta ut\u00e1n 35-40 perc alatt k\u00e9szre s\u00fctj\u00fck a Babk\u00e1t.  <\/p>\n\n\n\n<p>Miut\u00e1n kivett\u00fck a s\u00fct\u0151b\u0151l, m\u00e9g forr\u00f3n \u00e1tkenj\u00fck a fel\u00fclet\u00e9t a cukorsziruppal. A teljes mennyis\u00e9get haszn\u00e1ljuk fel. <strong>Ne hagyjuk ki ezt a l\u00e9p\u00e9st!<\/strong> A cukorszirupnak feladata van, nem engedi kisz\u00e1radni a kal\u00e1csunkat.<\/p>\n\n\n\n<p>A kal\u00e1csot a s\u00fct\u0151form\u00e1ban hagyjuk langyosra h\u0171lni, csak ezt k\u00f6vet\u0151en ford\u00edtsuk ki abb\u00f3l.<br><br><br><\/p>\n\n\n<div class=\"wp-block-image is-resized\">\n<figure class=\"aligncenter size-full\"><img loading=\"lazy\" decoding=\"async\" width=\"1024\" height=\"1365\" src=\"https:\/\/blog.glutenmenteschef.hu\/wp-content\/uploads\/2023\/04\/Glutenmentes-Schar-Babka-29.jpg\" alt=\"\" class=\"wp-image-30523\" style=\"width:612px\" srcset=\"http:\/\/blog.glutenmenteschef.hu\/wp-content\/uploads\/2023\/04\/Glutenmentes-Schar-Babka-29.jpg 1024w, http:\/\/blog.glutenmenteschef.hu\/wp-content\/uploads\/2023\/04\/Glutenmentes-Schar-Babka-29-225x300.jpg 225w, http:\/\/blog.glutenmenteschef.hu\/wp-content\/uploads\/2023\/04\/Glutenmentes-Schar-Babka-29-768x1024.jpg 768w\" sizes=\"auto, (max-width: 1024px) 100vw, 1024px\" \/><figcaption class=\"wp-element-caption\">Babka<br><br><br><\/figcaption><\/figure>\n<\/div>\n\n<div class=\"wp-block-image is-resized\">\n<figure class=\"aligncenter size-full\"><img loading=\"lazy\" decoding=\"async\" width=\"1024\" height=\"768\" src=\"https:\/\/blog.glutenmenteschef.hu\/wp-content\/uploads\/2022\/03\/Glutenmentes-Schar-Babka-21.jpg\" alt=\"\" class=\"wp-image-29703\" style=\"width:612px\" srcset=\"http:\/\/blog.glutenmenteschef.hu\/wp-content\/uploads\/2022\/03\/Glutenmentes-Schar-Babka-21.jpg 1024w, http:\/\/blog.glutenmenteschef.hu\/wp-content\/uploads\/2022\/03\/Glutenmentes-Schar-Babka-21-300x225.jpg 300w, http:\/\/blog.glutenmenteschef.hu\/wp-content\/uploads\/2022\/03\/Glutenmentes-Schar-Babka-21-768x576.jpg 768w\" sizes=\"auto, (max-width: 1024px) 100vw, 1024px\" \/><figcaption class=\"wp-element-caption\"><br><br><br><\/figcaption><\/figure>\n<\/div>\n\n\n<figure class=\"wp-block-embed is-type-video is-provider-youtube wp-block-embed-youtube wp-embed-aspect-16-9 wp-has-aspect-ratio\"><div class=\"wp-block-embed__wrapper\">\n<iframe loading=\"lazy\" title=\"Babka glut\u00e9nmentesen, de ak\u00e1r tej-, toj\u00e1s- \u00e9s \u00e9leszt\u0151mentesen is\" width=\"900\" height=\"506\" src=\"https:\/\/www.youtube.com\/embed\/tqRbR-47swA?start=22&#038;feature=oembed\" frameborder=\"0\" allow=\"accelerometer; autoplay; clipboard-write; encrypted-media; gyroscope; picture-in-picture; web-share\" referrerpolicy=\"strict-origin-when-cross-origin\" allowfullscreen><\/iframe>\n<\/div><\/figure>\n","protected":false},"excerpt":{"rendered":"<p>BABKA &#8211; Di\u00f3s, csokol\u00e1d\u00e9s kal\u00e1cs glut\u00e9nmentesen Ha jellemeznem kellene, azt mondan\u00e1m, hogy a kaka\u00f3s csiga \u00e9s a kal\u00e1cs szerelemgyermeke a BABKA. Nyersen \u00e9s megs\u00fclve is nagyon mutat\u00f3s a l\u00e1that\u00f3 csavart csokis r\u00e9tegeivel. M\u00e9g a kelt t\u00e9szt\u00e1kon bel\u00fcl is az egyik legnehezebb feladat j\u00f3 glut\u00e9nmentes kal\u00e1csot s\u00fctni. Azonban ebben a receptben a t\u00e9szt\u00e1ba beles\u00fcl\u0151 csokol\u00e1d\u00e9, kaka\u00f3 <br \/><a class=\"more\" href=\"http:\/\/blog.glutenmenteschef.hu\/index.php\/2022\/04\/01\/babka-dios-csokolades-kalacs-glutenmentesen\/\">Read more&#8230; <\/a><\/p>\n","protected":false},"author":1,"featured_media":30519,"comment_status":"open","ping_status":"open","sticky":false,"template":"","format":"standard","meta":{"footnotes":""},"categories":[27,143,488,489],"tags":[623,625,5,575,624,165,314,470],"class_list":["post-29667","post","type-post","status-publish","format-standard","has-post-thumbnail","hentry","category-desszert","category-kenyer-peksutemeny","category-nutrifree-receptek","category-schar-receptek","tag-babka","tag-csokiskalacs","tag-glutenmentes","tag-glutenmentes-recept","tag-kalacs","tag-kelt-teszta","tag-nutrifree","tag-schar-mix-b"],"yoast_head":"<!-- This site is optimized with the Yoast SEO plugin v26.5 - https:\/\/yoast.com\/wordpress\/plugins\/seo\/ -->\n<title>BABKA - DI\u00d3S, CSOKOL\u00c1D\u00c9S KAL\u00c1CS GLUT\u00c9NMENTESEN &#8211; Glut\u00e9nmentes Chef blog - \u00c1tol Tibor<\/title>\n<meta name=\"description\" content=\"Ha jellemeznem kellene, azt mondan\u00e1m, hogy a kaka\u00f3s csiga \u00e9s a kal\u00e1cs szerelemgyermeke a BABKA. Nyersen \u00e9s megs\u00fclve is nagyon mutat\u00f3s a l\u00e1that\u00f3 csavart csokis r\u00e9tegeivel. M\u00e9g a kelt t\u00e9szt\u00e1kon bel\u00fcl is az egyik legnehezebb feladat j\u00f3 kal\u00e1csot s\u00fctni. Azonban ebben a receptben a t\u00e9szt\u00e1ba beles\u00fcl\u0151 csokol\u00e1d\u00e9, kaka\u00f3 \u00e9s di\u00f3 olyan komb\u00f3t alkot a vajjal, hogy a nem glut\u00e9n\u00e9rz\u00e9kenyeket is b\u00e1tran megk\u00edn\u00e1lhatjuk, nem fogunk sz\u00e9gyent vallani vele. A t\u00e1rol\u00e1s\u00e1hoz nem kell h\u0171t\u0151be tenni, nem kel mikr\u00f3zni, m\u00e9gis napokig finom, puha marad\" \/>\n<meta name=\"robots\" content=\"index, follow, max-snippet:-1, max-image-preview:large, max-video-preview:-1\" \/>\n<link rel=\"canonical\" href=\"http:\/\/blog.glutenmenteschef.hu\/index.php\/2022\/04\/01\/babka-dios-csokolades-kalacs-glutenmentesen\/\" \/>\n<meta property=\"og:locale\" content=\"hu_HU\" \/>\n<meta property=\"og:type\" content=\"article\" \/>\n<meta property=\"og:title\" content=\"BABKA - DI\u00d3S, CSOKOL\u00c1D\u00c9S KAL\u00c1CS GLUT\u00c9NMENTESEN &#8211; Glut\u00e9nmentes Chef blog - \u00c1tol Tibor\" \/>\n<meta property=\"og:description\" content=\"Ha jellemeznem kellene, azt mondan\u00e1m, hogy a kaka\u00f3s csiga \u00e9s a kal\u00e1cs szerelemgyermeke a BABKA. Nyersen \u00e9s megs\u00fclve is nagyon mutat\u00f3s a l\u00e1that\u00f3 csavart csokis r\u00e9tegeivel. M\u00e9g a kelt t\u00e9szt\u00e1kon bel\u00fcl is az egyik legnehezebb feladat j\u00f3 kal\u00e1csot s\u00fctni. Azonban ebben a receptben a t\u00e9szt\u00e1ba beles\u00fcl\u0151 csokol\u00e1d\u00e9, kaka\u00f3 \u00e9s di\u00f3 olyan komb\u00f3t alkot a vajjal, hogy a nem glut\u00e9n\u00e9rz\u00e9kenyeket is b\u00e1tran megk\u00edn\u00e1lhatjuk, nem fogunk sz\u00e9gyent vallani vele. A t\u00e1rol\u00e1s\u00e1hoz nem kell h\u0171t\u0151be tenni, nem kel mikr\u00f3zni, m\u00e9gis napokig finom, puha marad\" \/>\n<meta property=\"og:url\" content=\"http:\/\/blog.glutenmenteschef.hu\/index.php\/2022\/04\/01\/babka-dios-csokolades-kalacs-glutenmentesen\/\" \/>\n<meta property=\"og:site_name\" content=\"Glut\u00e9nmentes Chef blog - \u00c1tol Tibor\" \/>\n<meta property=\"article:publisher\" content=\"https:\/\/www.facebook.com\/aglutenmentessef\" \/>\n<meta property=\"article:author\" content=\"https:\/\/www.facebook.com\/aglutenmentessef\" \/>\n<meta property=\"article:published_time\" content=\"2022-04-01T20:25:34+00:00\" \/>\n<meta property=\"article:modified_time\" content=\"2025-05-11T17:46:46+00:00\" \/>\n<meta property=\"og:image\" content=\"http:\/\/blog.glutenmenteschef.hu\/wp-content\/uploads\/2022\/03\/Glutenmentes-Schar-Babka-13.jpg\" \/>\n\t<meta property=\"og:image:width\" content=\"1024\" \/>\n\t<meta property=\"og:image:height\" content=\"1365\" \/>\n\t<meta property=\"og:image:type\" content=\"image\/jpeg\" \/>\n<meta name=\"author\" content=\"gmchef\" \/>\n<meta name=\"twitter:card\" content=\"summary_large_image\" \/>\n<meta name=\"twitter:label1\" content=\"Szerz\u0151:\" \/>\n\t<meta name=\"twitter:data1\" content=\"gmchef\" \/>\n\t<meta name=\"twitter:label2\" content=\"Becs\u00fclt olvas\u00e1si id\u0151\" \/>\n\t<meta name=\"twitter:data2\" content=\"6 perc\" \/>\n<script type=\"application\/ld+json\" class=\"yoast-schema-graph\">{\"@context\":\"https:\/\/schema.org\",\"@graph\":[{\"@type\":\"Article\",\"@id\":\"http:\/\/blog.glutenmenteschef.hu\/index.php\/2022\/04\/01\/babka-dios-csokolades-kalacs-glutenmentesen\/#article\",\"isPartOf\":{\"@id\":\"http:\/\/blog.glutenmenteschef.hu\/index.php\/2022\/04\/01\/babka-dios-csokolades-kalacs-glutenmentesen\/\"},\"author\":{\"name\":\"gmchef\",\"@id\":\"https:\/\/blog.glutenmenteschef.hu\/#\/schema\/person\/c07613f0b6c0f12f90b8cb23cf32754a\"},\"headline\":\"BABKA &#8211; DI\u00d3S, CSOKOL\u00c1D\u00c9S KAL\u00c1CS GLUT\u00c9NMENTESEN\",\"datePublished\":\"2022-04-01T20:25:34+00:00\",\"dateModified\":\"2025-05-11T17:46:46+00:00\",\"mainEntityOfPage\":{\"@id\":\"http:\/\/blog.glutenmenteschef.hu\/index.php\/2022\/04\/01\/babka-dios-csokolades-kalacs-glutenmentesen\/\"},\"wordCount\":948,\"commentCount\":0,\"publisher\":{\"@id\":\"https:\/\/blog.glutenmenteschef.hu\/#\/schema\/person\/c07613f0b6c0f12f90b8cb23cf32754a\"},\"image\":{\"@id\":\"http:\/\/blog.glutenmenteschef.hu\/index.php\/2022\/04\/01\/babka-dios-csokolades-kalacs-glutenmentesen\/#primaryimage\"},\"thumbnailUrl\":\"http:\/\/blog.glutenmenteschef.hu\/wp-content\/uploads\/2022\/04\/Glutenmentes-Schar-Babka-31.jpg\",\"keywords\":[\"babka\",\"csokiskal\u00e1cs\",\"glut\u00e9nmentes\",\"glut\u00e9nmentes recept\",\"kal\u00e1cs\",\"kelt t\u00e9szta\",\"nutrifree\",\"schar mix B\"],\"articleSection\":[\"Desszert-S\u00fctem\u00e9ny\",\"Keny\u00e9r \/ p\u00e9ks\u00fctem\u00e9ny\",\"Nutrifree receptek\",\"Schar receptek\"],\"inLanguage\":\"hu\",\"potentialAction\":[{\"@type\":\"CommentAction\",\"name\":\"Comment\",\"target\":[\"http:\/\/blog.glutenmenteschef.hu\/index.php\/2022\/04\/01\/babka-dios-csokolades-kalacs-glutenmentesen\/#respond\"]}]},{\"@type\":\"WebPage\",\"@id\":\"http:\/\/blog.glutenmenteschef.hu\/index.php\/2022\/04\/01\/babka-dios-csokolades-kalacs-glutenmentesen\/\",\"url\":\"http:\/\/blog.glutenmenteschef.hu\/index.php\/2022\/04\/01\/babka-dios-csokolades-kalacs-glutenmentesen\/\",\"name\":\"BABKA - DI\u00d3S, CSOKOL\u00c1D\u00c9S KAL\u00c1CS GLUT\u00c9NMENTESEN &#8211; Glut\u00e9nmentes Chef blog - \u00c1tol Tibor\",\"isPartOf\":{\"@id\":\"https:\/\/blog.glutenmenteschef.hu\/#website\"},\"primaryImageOfPage\":{\"@id\":\"http:\/\/blog.glutenmenteschef.hu\/index.php\/2022\/04\/01\/babka-dios-csokolades-kalacs-glutenmentesen\/#primaryimage\"},\"image\":{\"@id\":\"http:\/\/blog.glutenmenteschef.hu\/index.php\/2022\/04\/01\/babka-dios-csokolades-kalacs-glutenmentesen\/#primaryimage\"},\"thumbnailUrl\":\"http:\/\/blog.glutenmenteschef.hu\/wp-content\/uploads\/2022\/04\/Glutenmentes-Schar-Babka-31.jpg\",\"datePublished\":\"2022-04-01T20:25:34+00:00\",\"dateModified\":\"2025-05-11T17:46:46+00:00\",\"description\":\"Ha jellemeznem kellene, azt mondan\u00e1m, hogy a kaka\u00f3s csiga \u00e9s a kal\u00e1cs szerelemgyermeke a BABKA. Nyersen \u00e9s megs\u00fclve is nagyon mutat\u00f3s a l\u00e1that\u00f3 csavart csokis r\u00e9tegeivel. M\u00e9g a kelt t\u00e9szt\u00e1kon bel\u00fcl is az egyik legnehezebb feladat j\u00f3 kal\u00e1csot s\u00fctni. Azonban ebben a receptben a t\u00e9szt\u00e1ba beles\u00fcl\u0151 csokol\u00e1d\u00e9, kaka\u00f3 \u00e9s di\u00f3 olyan komb\u00f3t alkot a vajjal, hogy a nem glut\u00e9n\u00e9rz\u00e9kenyeket is b\u00e1tran megk\u00edn\u00e1lhatjuk, nem fogunk sz\u00e9gyent vallani vele. A t\u00e1rol\u00e1s\u00e1hoz nem kell h\u0171t\u0151be tenni, nem kel mikr\u00f3zni, m\u00e9gis napokig finom, puha marad\",\"breadcrumb\":{\"@id\":\"http:\/\/blog.glutenmenteschef.hu\/index.php\/2022\/04\/01\/babka-dios-csokolades-kalacs-glutenmentesen\/#breadcrumb\"},\"inLanguage\":\"hu\",\"potentialAction\":[{\"@type\":\"ReadAction\",\"target\":[\"http:\/\/blog.glutenmenteschef.hu\/index.php\/2022\/04\/01\/babka-dios-csokolades-kalacs-glutenmentesen\/\"]}]},{\"@type\":\"ImageObject\",\"inLanguage\":\"hu\",\"@id\":\"http:\/\/blog.glutenmenteschef.hu\/index.php\/2022\/04\/01\/babka-dios-csokolades-kalacs-glutenmentesen\/#primaryimage\",\"url\":\"http:\/\/blog.glutenmenteschef.hu\/wp-content\/uploads\/2022\/04\/Glutenmentes-Schar-Babka-31.jpg\",\"contentUrl\":\"http:\/\/blog.glutenmenteschef.hu\/wp-content\/uploads\/2022\/04\/Glutenmentes-Schar-Babka-31.jpg\",\"width\":1024,\"height\":768},{\"@type\":\"BreadcrumbList\",\"@id\":\"http:\/\/blog.glutenmenteschef.hu\/index.php\/2022\/04\/01\/babka-dios-csokolades-kalacs-glutenmentesen\/#breadcrumb\",\"itemListElement\":[{\"@type\":\"ListItem\",\"position\":1,\"name\":\"Home\",\"item\":\"https:\/\/blog.glutenmenteschef.hu\/\"},{\"@type\":\"ListItem\",\"position\":2,\"name\":\"BABKA &#8211; DI\u00d3S, CSOKOL\u00c1D\u00c9S KAL\u00c1CS GLUT\u00c9NMENTESEN\"}]},{\"@type\":\"WebSite\",\"@id\":\"https:\/\/blog.glutenmenteschef.hu\/#website\",\"url\":\"https:\/\/blog.glutenmenteschef.hu\/\",\"name\":\"Glut\u00e9nmentes Chef blog - \u00c1tol Tibor\",\"description\":\"Glut\u00e9nmentes \u00e9telek, glut\u00e9nmentes receptek, glut\u00e9nmentes vide\u00f3k\",\"publisher\":{\"@id\":\"https:\/\/blog.glutenmenteschef.hu\/#\/schema\/person\/c07613f0b6c0f12f90b8cb23cf32754a\"},\"potentialAction\":[{\"@type\":\"SearchAction\",\"target\":{\"@type\":\"EntryPoint\",\"urlTemplate\":\"https:\/\/blog.glutenmenteschef.hu\/?s={search_term_string}\"},\"query-input\":{\"@type\":\"PropertyValueSpecification\",\"valueRequired\":true,\"valueName\":\"search_term_string\"}}],\"inLanguage\":\"hu\"},{\"@type\":[\"Person\",\"Organization\"],\"@id\":\"https:\/\/blog.glutenmenteschef.hu\/#\/schema\/person\/c07613f0b6c0f12f90b8cb23cf32754a\",\"name\":\"gmchef\",\"image\":{\"@type\":\"ImageObject\",\"inLanguage\":\"hu\",\"@id\":\"https:\/\/blog.glutenmenteschef.hu\/#\/schema\/person\/image\/\",\"url\":\"https:\/\/secure.gravatar.com\/avatar\/363a4977321cb6fa3321b7ac93139b68e56af77880ae9fd5a3b2e7a8279f6d74?s=96&d=mm&r=g\",\"contentUrl\":\"https:\/\/secure.gravatar.com\/avatar\/363a4977321cb6fa3321b7ac93139b68e56af77880ae9fd5a3b2e7a8279f6d74?s=96&d=mm&r=g\",\"caption\":\"gmchef\"},\"logo\":{\"@id\":\"https:\/\/blog.glutenmenteschef.hu\/#\/schema\/person\/image\/\"},\"sameAs\":[\"https:\/\/www.facebook.com\/aglutenmentessef\"]}]}<\/script>\n<!-- \/ Yoast SEO plugin. -->","yoast_head_json":{"title":"BABKA - DI\u00d3S, CSOKOL\u00c1D\u00c9S KAL\u00c1CS GLUT\u00c9NMENTESEN &#8211; Glut\u00e9nmentes Chef blog - \u00c1tol Tibor","description":"Ha jellemeznem kellene, azt mondan\u00e1m, hogy a kaka\u00f3s csiga \u00e9s a kal\u00e1cs szerelemgyermeke a BABKA. Nyersen \u00e9s megs\u00fclve is nagyon mutat\u00f3s a l\u00e1that\u00f3 csavart csokis r\u00e9tegeivel. M\u00e9g a kelt t\u00e9szt\u00e1kon bel\u00fcl is az egyik legnehezebb feladat j\u00f3 kal\u00e1csot s\u00fctni. Azonban ebben a receptben a t\u00e9szt\u00e1ba beles\u00fcl\u0151 csokol\u00e1d\u00e9, kaka\u00f3 \u00e9s di\u00f3 olyan komb\u00f3t alkot a vajjal, hogy a nem glut\u00e9n\u00e9rz\u00e9kenyeket is b\u00e1tran megk\u00edn\u00e1lhatjuk, nem fogunk sz\u00e9gyent vallani vele. A t\u00e1rol\u00e1s\u00e1hoz nem kell h\u0171t\u0151be tenni, nem kel mikr\u00f3zni, m\u00e9gis napokig finom, puha marad","robots":{"index":"index","follow":"follow","max-snippet":"max-snippet:-1","max-image-preview":"max-image-preview:large","max-video-preview":"max-video-preview:-1"},"canonical":"http:\/\/blog.glutenmenteschef.hu\/index.php\/2022\/04\/01\/babka-dios-csokolades-kalacs-glutenmentesen\/","og_locale":"hu_HU","og_type":"article","og_title":"BABKA - DI\u00d3S, CSOKOL\u00c1D\u00c9S KAL\u00c1CS GLUT\u00c9NMENTESEN &#8211; Glut\u00e9nmentes Chef blog - \u00c1tol Tibor","og_description":"Ha jellemeznem kellene, azt mondan\u00e1m, hogy a kaka\u00f3s csiga \u00e9s a kal\u00e1cs szerelemgyermeke a BABKA. Nyersen \u00e9s megs\u00fclve is nagyon mutat\u00f3s a l\u00e1that\u00f3 csavart csokis r\u00e9tegeivel. M\u00e9g a kelt t\u00e9szt\u00e1kon bel\u00fcl is az egyik legnehezebb feladat j\u00f3 kal\u00e1csot s\u00fctni. Azonban ebben a receptben a t\u00e9szt\u00e1ba beles\u00fcl\u0151 csokol\u00e1d\u00e9, kaka\u00f3 \u00e9s di\u00f3 olyan komb\u00f3t alkot a vajjal, hogy a nem glut\u00e9n\u00e9rz\u00e9kenyeket is b\u00e1tran megk\u00edn\u00e1lhatjuk, nem fogunk sz\u00e9gyent vallani vele. A t\u00e1rol\u00e1s\u00e1hoz nem kell h\u0171t\u0151be tenni, nem kel mikr\u00f3zni, m\u00e9gis napokig finom, puha marad","og_url":"http:\/\/blog.glutenmenteschef.hu\/index.php\/2022\/04\/01\/babka-dios-csokolades-kalacs-glutenmentesen\/","og_site_name":"Glut\u00e9nmentes Chef blog - \u00c1tol Tibor","article_publisher":"https:\/\/www.facebook.com\/aglutenmentessef","article_author":"https:\/\/www.facebook.com\/aglutenmentessef","article_published_time":"2022-04-01T20:25:34+00:00","article_modified_time":"2025-05-11T17:46:46+00:00","og_image":[{"width":1024,"height":1365,"url":"http:\/\/blog.glutenmenteschef.hu\/wp-content\/uploads\/2022\/03\/Glutenmentes-Schar-Babka-13.jpg","type":"image\/jpeg"}],"author":"gmchef","twitter_card":"summary_large_image","twitter_misc":{"Szerz\u0151:":"gmchef","Becs\u00fclt olvas\u00e1si id\u0151":"6 perc"},"schema":{"@context":"https:\/\/schema.org","@graph":[{"@type":"Article","@id":"http:\/\/blog.glutenmenteschef.hu\/index.php\/2022\/04\/01\/babka-dios-csokolades-kalacs-glutenmentesen\/#article","isPartOf":{"@id":"http:\/\/blog.glutenmenteschef.hu\/index.php\/2022\/04\/01\/babka-dios-csokolades-kalacs-glutenmentesen\/"},"author":{"name":"gmchef","@id":"https:\/\/blog.glutenmenteschef.hu\/#\/schema\/person\/c07613f0b6c0f12f90b8cb23cf32754a"},"headline":"BABKA &#8211; DI\u00d3S, CSOKOL\u00c1D\u00c9S KAL\u00c1CS GLUT\u00c9NMENTESEN","datePublished":"2022-04-01T20:25:34+00:00","dateModified":"2025-05-11T17:46:46+00:00","mainEntityOfPage":{"@id":"http:\/\/blog.glutenmenteschef.hu\/index.php\/2022\/04\/01\/babka-dios-csokolades-kalacs-glutenmentesen\/"},"wordCount":948,"commentCount":0,"publisher":{"@id":"https:\/\/blog.glutenmenteschef.hu\/#\/schema\/person\/c07613f0b6c0f12f90b8cb23cf32754a"},"image":{"@id":"http:\/\/blog.glutenmenteschef.hu\/index.php\/2022\/04\/01\/babka-dios-csokolades-kalacs-glutenmentesen\/#primaryimage"},"thumbnailUrl":"http:\/\/blog.glutenmenteschef.hu\/wp-content\/uploads\/2022\/04\/Glutenmentes-Schar-Babka-31.jpg","keywords":["babka","csokiskal\u00e1cs","glut\u00e9nmentes","glut\u00e9nmentes recept","kal\u00e1cs","kelt t\u00e9szta","nutrifree","schar mix B"],"articleSection":["Desszert-S\u00fctem\u00e9ny","Keny\u00e9r \/ p\u00e9ks\u00fctem\u00e9ny","Nutrifree receptek","Schar receptek"],"inLanguage":"hu","potentialAction":[{"@type":"CommentAction","name":"Comment","target":["http:\/\/blog.glutenmenteschef.hu\/index.php\/2022\/04\/01\/babka-dios-csokolades-kalacs-glutenmentesen\/#respond"]}]},{"@type":"WebPage","@id":"http:\/\/blog.glutenmenteschef.hu\/index.php\/2022\/04\/01\/babka-dios-csokolades-kalacs-glutenmentesen\/","url":"http:\/\/blog.glutenmenteschef.hu\/index.php\/2022\/04\/01\/babka-dios-csokolades-kalacs-glutenmentesen\/","name":"BABKA - DI\u00d3S, CSOKOL\u00c1D\u00c9S KAL\u00c1CS GLUT\u00c9NMENTESEN &#8211; Glut\u00e9nmentes Chef blog - \u00c1tol Tibor","isPartOf":{"@id":"https:\/\/blog.glutenmenteschef.hu\/#website"},"primaryImageOfPage":{"@id":"http:\/\/blog.glutenmenteschef.hu\/index.php\/2022\/04\/01\/babka-dios-csokolades-kalacs-glutenmentesen\/#primaryimage"},"image":{"@id":"http:\/\/blog.glutenmenteschef.hu\/index.php\/2022\/04\/01\/babka-dios-csokolades-kalacs-glutenmentesen\/#primaryimage"},"thumbnailUrl":"http:\/\/blog.glutenmenteschef.hu\/wp-content\/uploads\/2022\/04\/Glutenmentes-Schar-Babka-31.jpg","datePublished":"2022-04-01T20:25:34+00:00","dateModified":"2025-05-11T17:46:46+00:00","description":"Ha jellemeznem kellene, azt mondan\u00e1m, hogy a kaka\u00f3s csiga \u00e9s a kal\u00e1cs szerelemgyermeke a BABKA. Nyersen \u00e9s megs\u00fclve is nagyon mutat\u00f3s a l\u00e1that\u00f3 csavart csokis r\u00e9tegeivel. M\u00e9g a kelt t\u00e9szt\u00e1kon bel\u00fcl is az egyik legnehezebb feladat j\u00f3 kal\u00e1csot s\u00fctni. Azonban ebben a receptben a t\u00e9szt\u00e1ba beles\u00fcl\u0151 csokol\u00e1d\u00e9, kaka\u00f3 \u00e9s di\u00f3 olyan komb\u00f3t alkot a vajjal, hogy a nem glut\u00e9n\u00e9rz\u00e9kenyeket is b\u00e1tran megk\u00edn\u00e1lhatjuk, nem fogunk sz\u00e9gyent vallani vele. A t\u00e1rol\u00e1s\u00e1hoz nem kell h\u0171t\u0151be tenni, nem kel mikr\u00f3zni, m\u00e9gis napokig finom, puha marad","breadcrumb":{"@id":"http:\/\/blog.glutenmenteschef.hu\/index.php\/2022\/04\/01\/babka-dios-csokolades-kalacs-glutenmentesen\/#breadcrumb"},"inLanguage":"hu","potentialAction":[{"@type":"ReadAction","target":["http:\/\/blog.glutenmenteschef.hu\/index.php\/2022\/04\/01\/babka-dios-csokolades-kalacs-glutenmentesen\/"]}]},{"@type":"ImageObject","inLanguage":"hu","@id":"http:\/\/blog.glutenmenteschef.hu\/index.php\/2022\/04\/01\/babka-dios-csokolades-kalacs-glutenmentesen\/#primaryimage","url":"http:\/\/blog.glutenmenteschef.hu\/wp-content\/uploads\/2022\/04\/Glutenmentes-Schar-Babka-31.jpg","contentUrl":"http:\/\/blog.glutenmenteschef.hu\/wp-content\/uploads\/2022\/04\/Glutenmentes-Schar-Babka-31.jpg","width":1024,"height":768},{"@type":"BreadcrumbList","@id":"http:\/\/blog.glutenmenteschef.hu\/index.php\/2022\/04\/01\/babka-dios-csokolades-kalacs-glutenmentesen\/#breadcrumb","itemListElement":[{"@type":"ListItem","position":1,"name":"Home","item":"https:\/\/blog.glutenmenteschef.hu\/"},{"@type":"ListItem","position":2,"name":"BABKA &#8211; DI\u00d3S, CSOKOL\u00c1D\u00c9S KAL\u00c1CS GLUT\u00c9NMENTESEN"}]},{"@type":"WebSite","@id":"https:\/\/blog.glutenmenteschef.hu\/#website","url":"https:\/\/blog.glutenmenteschef.hu\/","name":"Glut\u00e9nmentes Chef blog - \u00c1tol Tibor","description":"Glut\u00e9nmentes \u00e9telek, glut\u00e9nmentes receptek, glut\u00e9nmentes vide\u00f3k","publisher":{"@id":"https:\/\/blog.glutenmenteschef.hu\/#\/schema\/person\/c07613f0b6c0f12f90b8cb23cf32754a"},"potentialAction":[{"@type":"SearchAction","target":{"@type":"EntryPoint","urlTemplate":"https:\/\/blog.glutenmenteschef.hu\/?s={search_term_string}"},"query-input":{"@type":"PropertyValueSpecification","valueRequired":true,"valueName":"search_term_string"}}],"inLanguage":"hu"},{"@type":["Person","Organization"],"@id":"https:\/\/blog.glutenmenteschef.hu\/#\/schema\/person\/c07613f0b6c0f12f90b8cb23cf32754a","name":"gmchef","image":{"@type":"ImageObject","inLanguage":"hu","@id":"https:\/\/blog.glutenmenteschef.hu\/#\/schema\/person\/image\/","url":"https:\/\/secure.gravatar.com\/avatar\/363a4977321cb6fa3321b7ac93139b68e56af77880ae9fd5a3b2e7a8279f6d74?s=96&d=mm&r=g","contentUrl":"https:\/\/secure.gravatar.com\/avatar\/363a4977321cb6fa3321b7ac93139b68e56af77880ae9fd5a3b2e7a8279f6d74?s=96&d=mm&r=g","caption":"gmchef"},"logo":{"@id":"https:\/\/blog.glutenmenteschef.hu\/#\/schema\/person\/image\/"},"sameAs":["https:\/\/www.facebook.com\/aglutenmentessef"]}]}},"_links":{"self":[{"href":"http:\/\/blog.glutenmenteschef.hu\/index.php\/wp-json\/wp\/v2\/posts\/29667","targetHints":{"allow":["GET"]}}],"collection":[{"href":"http:\/\/blog.glutenmenteschef.hu\/index.php\/wp-json\/wp\/v2\/posts"}],"about":[{"href":"http:\/\/blog.glutenmenteschef.hu\/index.php\/wp-json\/wp\/v2\/types\/post"}],"author":[{"embeddable":true,"href":"http:\/\/blog.glutenmenteschef.hu\/index.php\/wp-json\/wp\/v2\/users\/1"}],"replies":[{"embeddable":true,"href":"http:\/\/blog.glutenmenteschef.hu\/index.php\/wp-json\/wp\/v2\/comments?post=29667"}],"version-history":[{"count":1,"href":"http:\/\/blog.glutenmenteschef.hu\/index.php\/wp-json\/wp\/v2\/posts\/29667\/revisions"}],"predecessor-version":[{"id":31545,"href":"http:\/\/blog.glutenmenteschef.hu\/index.php\/wp-json\/wp\/v2\/posts\/29667\/revisions\/31545"}],"wp:featuredmedia":[{"embeddable":true,"href":"http:\/\/blog.glutenmenteschef.hu\/index.php\/wp-json\/wp\/v2\/media\/30519"}],"wp:attachment":[{"href":"http:\/\/blog.glutenmenteschef.hu\/index.php\/wp-json\/wp\/v2\/media?parent=29667"}],"wp:term":[{"taxonomy":"category","embeddable":true,"href":"http:\/\/blog.glutenmenteschef.hu\/index.php\/wp-json\/wp\/v2\/categories?post=29667"},{"taxonomy":"post_tag","embeddable":true,"href":"http:\/\/blog.glutenmenteschef.hu\/index.php\/wp-json\/wp\/v2\/tags?post=29667"}],"curies":[{"name":"wp","href":"https:\/\/api.w.org\/{rel}","templated":true}]}}