{"id":29590,"date":"2022-03-23T21:48:07","date_gmt":"2022-03-23T21:48:07","guid":{"rendered":"https:\/\/blog.glutenmenteschef.hu\/?p=29590"},"modified":"2022-12-04T09:50:10","modified_gmt":"2022-12-04T09:50:10","slug":"turos-pogacsa-glutenmentesen","status":"publish","type":"post","link":"http:\/\/blog.glutenmenteschef.hu\/index.php\/2022\/03\/23\/turos-pogacsa-glutenmentesen\/","title":{"rendered":"T\u00daR\u00d3S POG\u00c1CSA GLUT\u00c9NMENTESEN"},"content":{"rendered":"\n<h3 class=\"has-text-align-center wp-block-heading\"><strong>T\u00far\u00f3s pog\u00e1csa glut\u00e9nmentesen<\/strong><\/h3>\n\n\n\n<p class=\"has-text-align-center\">A pog\u00e1csa t\u00e9szt\u00e1ja glut\u00e9n- \u00e9s toj\u00e1smentes, a leken\u00e9shez toj\u00e1smentes tipp a receptben!<br><br><br><\/p>\n\n\n\n<p>Az elm\u00falt napokban t\u00f6bbsz\u00f6r is szembe j\u00f6tt velem ennek a pog\u00e1csareceptnek a b\u00fazalisztes v\u00e1ltozata. V\u00e9g\u00fcl k\u00edv\u00e1ncsiv\u00e1 tett \u00e9s elk\u00e9sz\u00edtettem a glut\u00e9nmentes verzi\u00f3j\u00e1t, aminek r\u00f6gt\u00f6n toj\u00e1smentes is a t\u00e9szt\u00e1ja.<br>4 hozz\u00e1val\u00f3b\u00f3l k\u00f6nnyen \u00e9s nagyj\u00e1b\u00f3l f\u00e9l \u00f3ra alatt megvan ez a vend\u00e9gv\u00e1r\u00f3 apr\u00f3 s\u00fctem\u00e9ny.<\/p>\n\n\n\n<p>A t\u00e9szt\u00e1j\u00e1t nevezhetj\u00fck egyens\u00falyt\u00e9szt\u00e1nak is az ar\u00e1nyai miatt. Megs\u00fctve puha \u00e9s oml\u00f3s. Se \u00e9leszt\u0151, se s\u00fct\u0151por nem kell bele \u00e9s err\u0151l senki nem fogja megmondani, hogy toj\u00e1s- \u00e9s glut\u00e9nmentes. Ha nem akarunk, a form\u00e1z\u00e1ssal sem kell bajl\u00f3dni, csak felkock\u00e1zzuk vagy cs\u00edkozzuk \u00e9s mehet a s\u00fct\u0151be.<br><br><br><\/p>\n\n\n\n<div class=\"wp-block-image\"><figure class=\"aligncenter size-full is-resized\"><img loading=\"lazy\" decoding=\"async\" src=\"https:\/\/blog.glutenmenteschef.hu\/wp-content\/uploads\/2022\/03\/Turos-pogacsa-glutenmentesen-27.jpg\" alt=\"\" class=\"wp-image-29654\" width=\"512\" height=\"384\" srcset=\"http:\/\/blog.glutenmenteschef.hu\/wp-content\/uploads\/2022\/03\/Turos-pogacsa-glutenmentesen-27.jpg 1024w, http:\/\/blog.glutenmenteschef.hu\/wp-content\/uploads\/2022\/03\/Turos-pogacsa-glutenmentesen-27-300x225.jpg 300w, http:\/\/blog.glutenmenteschef.hu\/wp-content\/uploads\/2022\/03\/Turos-pogacsa-glutenmentesen-27-768x576.jpg 768w\" sizes=\"auto, (max-width: 512px) 100vw, 512px\" \/><figcaption><br><br><br><\/figcaption><\/figure><\/div>\n\n\n\n<h5 class=\"has-text-align-center wp-block-heading\"><strong>Hozz\u00e1val\u00f3k:<\/strong><\/h5>\n\n\n\n<p class=\"has-text-align-center\">250 g Nutrifree mix per pane<br>250 g teh\u00e9nt\u00far\u00f3<br>250 g szoba h\u0151m\u00e9rs\u00e9klet\u0171 vaj<br>4 g s\u00f3 ( csapott te\u00e1skan\u00e1l )<br><\/p>\n\n\n\n<h5 class=\"has-text-align-center wp-block-heading\"><strong>Ken\u00e9shez:<\/strong><\/h5>\n\n\n\n<p class=\"has-text-align-center\">1 toj\u00e1ss\u00e1rg\u00e1ja 2 g v\u00edzzel elkeverve a tetej\u00e9t megkenni<br>VAGY<br>csipetnyi reszelt sajttal megsz\u00f3rni, ha toj\u00e1smentesen szeretn\u00e9nk<br><br><br><\/p>\n\n\n\n<h5 class=\"wp-block-heading\"><strong>Elk\u00e9sz\u00edt\u00e9s menete:<\/strong><\/h5>\n\n\n\n<p>A lisztet \u00e9s a s\u00f3t keverj\u00fck \u00f6ssze.<strong>&nbsp;<\/strong>Adjuk hozz\u00e1 a t\u00far\u00f3t \u00e9s a vajat, majd gy\u00farjuk homog\u00e9n \u00e1llag\u00fav\u00e1. \u00c9rdemes szilikonos gumikeszty\u0171t h\u00fazni hozz\u00e1.<\/p>\n\n\n\n<p>Enyh\u00e9n lisztezett fel\u00fcletre ford\u00edtsuk ki \u00e9s p\u00e1r mozdulattal gy\u00farjuk, form\u00e1ljuk gomb\u00f3cc\u00e1.<br><br><br><\/p>\n\n\n\n<div class=\"wp-block-image\"><figure class=\"aligncenter size-full is-resized\"><img loading=\"lazy\" decoding=\"async\" src=\"https:\/\/blog.glutenmenteschef.hu\/wp-content\/uploads\/2022\/03\/Turos-pogacsa-glutenmentesen-1.jpg\" alt=\"\" class=\"wp-image-29655\" width=\"512\" height=\"384\" srcset=\"http:\/\/blog.glutenmenteschef.hu\/wp-content\/uploads\/2022\/03\/Turos-pogacsa-glutenmentesen-1.jpg 1024w, http:\/\/blog.glutenmenteschef.hu\/wp-content\/uploads\/2022\/03\/Turos-pogacsa-glutenmentesen-1-300x225.jpg 300w, http:\/\/blog.glutenmenteschef.hu\/wp-content\/uploads\/2022\/03\/Turos-pogacsa-glutenmentesen-1-768x576.jpg 768w\" sizes=\"auto, (max-width: 512px) 100vw, 512px\" \/><figcaption><br><br><\/figcaption><\/figure><\/div>\n\n\n\n<p>Tegy\u00fck \u00e1t a szint\u00e9n v\u00e9konyan lisztezett szilikonos s\u00fct\u0151pap\u00edrra \u00e9s ny\u00fajtsuk 5-6 mm vastag t\u00e9glalap form\u00e1ra. A f\u00e1zisfot\u00f3k alapj\u00e1n a s\u00fct\u0151pap\u00edr seg\u00edts\u00e9g\u00e9vel hajtogassuk 6 r\u00e9tegre, majd ism\u00e9telj\u00fck meg m\u00e9g egyszer ezt a folyamatot.<br><br><br><\/p>\n\n\n\n<figure class=\"wp-block-gallery has-nested-images columns-default is-cropped wp-block-gallery-1 is-layout-flex wp-block-gallery-is-layout-flex\">\n<figure class=\"wp-block-image size-large\"><img loading=\"lazy\" decoding=\"async\" width=\"1024\" height=\"768\" data-id=\"29656\" src=\"https:\/\/blog.glutenmenteschef.hu\/wp-content\/uploads\/2022\/03\/Turos-pogacsa-glutenmentesen-5.jpg\" alt=\"\" class=\"wp-image-29656\" srcset=\"http:\/\/blog.glutenmenteschef.hu\/wp-content\/uploads\/2022\/03\/Turos-pogacsa-glutenmentesen-5.jpg 1024w, http:\/\/blog.glutenmenteschef.hu\/wp-content\/uploads\/2022\/03\/Turos-pogacsa-glutenmentesen-5-300x225.jpg 300w, http:\/\/blog.glutenmenteschef.hu\/wp-content\/uploads\/2022\/03\/Turos-pogacsa-glutenmentesen-5-768x576.jpg 768w\" sizes=\"auto, (max-width: 1024px) 100vw, 1024px\" \/><\/figure>\n\n\n\n<figure class=\"wp-block-image size-large\"><img loading=\"lazy\" decoding=\"async\" width=\"1024\" height=\"768\" data-id=\"29657\" src=\"https:\/\/blog.glutenmenteschef.hu\/wp-content\/uploads\/2022\/03\/Turos-pogacsa-glutenmentesen-6.jpg\" alt=\"\" class=\"wp-image-29657\" srcset=\"http:\/\/blog.glutenmenteschef.hu\/wp-content\/uploads\/2022\/03\/Turos-pogacsa-glutenmentesen-6.jpg 1024w, http:\/\/blog.glutenmenteschef.hu\/wp-content\/uploads\/2022\/03\/Turos-pogacsa-glutenmentesen-6-300x225.jpg 300w, http:\/\/blog.glutenmenteschef.hu\/wp-content\/uploads\/2022\/03\/Turos-pogacsa-glutenmentesen-6-768x576.jpg 768w\" sizes=\"auto, (max-width: 1024px) 100vw, 1024px\" \/><\/figure>\n\n\n\n<figure class=\"wp-block-image size-large\"><img loading=\"lazy\" decoding=\"async\" width=\"1024\" height=\"768\" data-id=\"29658\" src=\"https:\/\/blog.glutenmenteschef.hu\/wp-content\/uploads\/2022\/03\/Turos-pogacsa-glutenmentesen-7-1.jpg\" alt=\"\" class=\"wp-image-29658\" srcset=\"http:\/\/blog.glutenmenteschef.hu\/wp-content\/uploads\/2022\/03\/Turos-pogacsa-glutenmentesen-7-1.jpg 1024w, http:\/\/blog.glutenmenteschef.hu\/wp-content\/uploads\/2022\/03\/Turos-pogacsa-glutenmentesen-7-1-300x225.jpg 300w, http:\/\/blog.glutenmenteschef.hu\/wp-content\/uploads\/2022\/03\/Turos-pogacsa-glutenmentesen-7-1-768x576.jpg 768w\" sizes=\"auto, (max-width: 1024px) 100vw, 1024px\" \/><\/figure>\n<\/figure>\n\n\n\n<p><br><br>Ezt k\u00f6vet\u0151en ny\u00fajtsuk kb. 1.5 \u2013 2 cm vastagra a t\u00e9szt\u00e1t, r\u00e1csozzuk be a tetej\u00e9t \u00e9s szaggassuk ki a pog\u00e1cs\u00e1kat. Nekem 4 cm-es a szaggat\u00f3m. Ennek hi\u00e1ny\u00e1ban egyszer\u0171en olajos peng\u00e9j\u0171 k\u00e9ssel is felv\u00e1ghatjuk tetsz\u0151legesen rudakra vagy, mint most \u00e9n kb. 3 x 4 cm-es form\u00e1ra.<br><\/p>\n\n\n\n<h5 class=\"wp-block-heading\"><strong>S\u00c9F TIPP:<\/strong><\/h5>\n\n\n\n<p>A t\u00e9szta magas vaj \/ zsirad\u00e9ktartalma miatt ugyan\u00fagy kell vele b\u00e1nni, mint a linzerrel. Gyorsan kell dolgozni, hogy a sok &#8222;gyurm\u00e1z\u00e1s&#8221; k\u00f6vetkezt\u00e9ben a kez\u00fcnk meleg\u00e9t\u0151l ne kezdjen a vaj megolvadni benne.  Amennyiben ez m\u00e9gis megt\u00f6rt\u00e9nik, folpackba csomagolva h\u0171t\u0151be kell tenni, ameddig a vaj \u00fajra megdermed benne \u00e9s a t\u00e9szta kezelhet\u0151 \u00e1llag\u00fav\u00e1 nem v\u00e1lik. <br>Ha ny\u00fajt\u00e1s-szaggat\u00e1s k\u00f6zben melegedne t\u00fal, \u00e9rdemes tepsist\u0151l a h\u0171t\u0151be tenni ( 0.5 &#8211; 1 \u00f3ra ) , hogy hideg t\u00e9szt\u00e1val kezdj\u00fck a s\u00fct\u00e9st, mert \u00edgy nem fog kiolvadni bel\u0151le a zsirad\u00e9k.<br><br><br><\/p>\n\n\n\n<figure class=\"wp-block-gallery has-nested-images columns-default is-cropped wp-block-gallery-2 is-layout-flex wp-block-gallery-is-layout-flex\">\n<figure class=\"wp-block-image size-large\"><img loading=\"lazy\" decoding=\"async\" width=\"1024\" height=\"768\" data-id=\"29659\" src=\"https:\/\/blog.glutenmenteschef.hu\/wp-content\/uploads\/2022\/03\/Turos-pogacsa-glutenmentesen-8.jpg\" alt=\"\" class=\"wp-image-29659\" srcset=\"http:\/\/blog.glutenmenteschef.hu\/wp-content\/uploads\/2022\/03\/Turos-pogacsa-glutenmentesen-8.jpg 1024w, http:\/\/blog.glutenmenteschef.hu\/wp-content\/uploads\/2022\/03\/Turos-pogacsa-glutenmentesen-8-300x225.jpg 300w, http:\/\/blog.glutenmenteschef.hu\/wp-content\/uploads\/2022\/03\/Turos-pogacsa-glutenmentesen-8-768x576.jpg 768w\" sizes=\"auto, (max-width: 1024px) 100vw, 1024px\" \/><\/figure>\n\n\n\n<figure class=\"wp-block-image size-large\"><img loading=\"lazy\" decoding=\"async\" width=\"1024\" height=\"768\" data-id=\"29660\" src=\"https:\/\/blog.glutenmenteschef.hu\/wp-content\/uploads\/2022\/03\/Turos-pogacsa-glutenmentesen-10.jpg\" alt=\"\" class=\"wp-image-29660\" srcset=\"http:\/\/blog.glutenmenteschef.hu\/wp-content\/uploads\/2022\/03\/Turos-pogacsa-glutenmentesen-10.jpg 1024w, http:\/\/blog.glutenmenteschef.hu\/wp-content\/uploads\/2022\/03\/Turos-pogacsa-glutenmentesen-10-300x225.jpg 300w, http:\/\/blog.glutenmenteschef.hu\/wp-content\/uploads\/2022\/03\/Turos-pogacsa-glutenmentesen-10-768x576.jpg 768w\" sizes=\"auto, (max-width: 1024px) 100vw, 1024px\" \/><\/figure>\n<\/figure>\n\n\n\n<p><br><br><br>Sorakoztassuk s\u00fct\u0151pap\u00edrral b\u00e9lelt tepsibe, a fel\u00fclet\u00e9t kenj\u00fck meg a v\u00edzzel elkevert toj\u00e1ss\u00e1rg\u00e1j\u00e1val vagy a toj\u00e1smentes verzi\u00f3hoz sz\u00f3rjuk meg csipetnyi sajttal, majd el\u0151meleg\u00edtett s\u00fct\u0151ben 180 fok h\u0151l\u00e9gkever\u00e9sen kb. 18-20 perc alatt s\u00fcss\u00fck k\u00e9szre.<br><br><br><\/p>\n\n\n\n<div class=\"wp-block-image\"><figure class=\"aligncenter size-full is-resized\"><img loading=\"lazy\" decoding=\"async\" src=\"https:\/\/blog.glutenmenteschef.hu\/wp-content\/uploads\/2022\/03\/Turos-pogacsa-glutenmentesen-12.jpg\" alt=\"\" class=\"wp-image-29661\" width=\"512\" height=\"384\" srcset=\"http:\/\/blog.glutenmenteschef.hu\/wp-content\/uploads\/2022\/03\/Turos-pogacsa-glutenmentesen-12.jpg 1024w, http:\/\/blog.glutenmenteschef.hu\/wp-content\/uploads\/2022\/03\/Turos-pogacsa-glutenmentesen-12-300x225.jpg 300w, http:\/\/blog.glutenmenteschef.hu\/wp-content\/uploads\/2022\/03\/Turos-pogacsa-glutenmentesen-12-768x576.jpg 768w\" sizes=\"auto, (max-width: 512px) 100vw, 512px\" \/><figcaption><br><br><\/figcaption><\/figure><\/div>\n\n\n\n<div class=\"wp-block-image\"><figure class=\"aligncenter size-full is-resized\"><img loading=\"lazy\" decoding=\"async\" src=\"https:\/\/blog.glutenmenteschef.hu\/wp-content\/uploads\/2022\/03\/Turos-pogacsa-glutenmentesen-14.jpg\" alt=\"\" class=\"wp-image-29662\" width=\"512\" height=\"384\" srcset=\"http:\/\/blog.glutenmenteschef.hu\/wp-content\/uploads\/2022\/03\/Turos-pogacsa-glutenmentesen-14.jpg 1024w, http:\/\/blog.glutenmenteschef.hu\/wp-content\/uploads\/2022\/03\/Turos-pogacsa-glutenmentesen-14-300x225.jpg 300w, http:\/\/blog.glutenmenteschef.hu\/wp-content\/uploads\/2022\/03\/Turos-pogacsa-glutenmentesen-14-768x576.jpg 768w\" sizes=\"auto, (max-width: 512px) 100vw, 512px\" \/><\/figure><\/div>\n","protected":false},"excerpt":{"rendered":"<p>T\u00far\u00f3s pog\u00e1csa glut\u00e9nmentesen A pog\u00e1csa t\u00e9szt\u00e1ja glut\u00e9n- \u00e9s toj\u00e1smentes, a leken\u00e9shez toj\u00e1smentes tipp a receptben! Az elm\u00falt napokban t\u00f6bbsz\u00f6r is szembe j\u00f6tt velem ennek a pog\u00e1csareceptnek a b\u00fazalisztes v\u00e1ltozata. V\u00e9g\u00fcl k\u00edv\u00e1ncsiv\u00e1 tett \u00e9s elk\u00e9sz\u00edtettem a glut\u00e9nmentes verzi\u00f3j\u00e1t, aminek r\u00f6gt\u00f6n toj\u00e1smentes is a t\u00e9szt\u00e1ja.4 hozz\u00e1val\u00f3b\u00f3l k\u00f6nnyen \u00e9s nagyj\u00e1b\u00f3l f\u00e9l \u00f3ra alatt megvan ez a vend\u00e9gv\u00e1r\u00f3 apr\u00f3 <br \/><a class=\"more\" href=\"http:\/\/blog.glutenmenteschef.hu\/index.php\/2022\/03\/23\/turos-pogacsa-glutenmentesen\/\">Read more&#8230; <\/a><\/p>\n","protected":false},"author":1,"featured_media":29653,"comment_status":"open","ping_status":"open","sticky":false,"template":"","format":"standard","meta":{"footnotes":""},"categories":[488,568,396],"tags":[5,577,314,532,97,618],"class_list":["post-29590","post","type-post","status-publish","format-standard","has-post-thumbnail","hentry","category-nutrifree-receptek","category-sos-sutemenyek","category-tojasmentes-receptek","tag-glutenmentes","tag-glutenmentesrecept","tag-nutrifree","tag-pogacsa","tag-tojasmentes","tag-turos-pogacsa"],"yoast_head":"<!-- This site is optimized with the Yoast SEO plugin v26.5 - https:\/\/yoast.com\/wordpress\/plugins\/seo\/ -->\n<title>T\u00daR\u00d3S POG\u00c1CSA GLUT\u00c9NMENTESEN &#8211; Glut\u00e9nmentes Chef blog - \u00c1tol Tibor<\/title>\n<meta name=\"description\" content=\"Az elm\u00falt napokban t\u00f6bbsz\u00f6r is szembe j\u00f6tt velem ennek a pog\u00e1csareceptnek a b\u00fazalisztes v\u00e1ltozata. V\u00e9g\u00fcl k\u00edv\u00e1ncsiv\u00e1 tett \u00e9s elk\u00e9sz\u00edtettem a glut\u00e9nmentes verzi\u00f3j\u00e1t, aminek r\u00f6gt\u00f6n toj\u00e1smentes is a t\u00e9szt\u00e1ja.4 hozz\u00e1val\u00f3b\u00f3l k\u00f6nnyen \u00e9s nagyj\u00e1b\u00f3l f\u00e9l \u00f3ra alatt megvan ez a vend\u00e9gv\u00e1r\u00f3 apr\u00f3 s\u00fctem\u00e9ny.A t\u00e9szt\u00e1j\u00e1t nevezhetj\u00fck egyens\u00falyt\u00e9szt\u00e1nak is az ar\u00e1nyai miatt. Megs\u00fctve puha \u00e9s oml\u00f3s. Se \u00e9leszt\u0151, se s\u00fct\u0151por nem kell bele \u00e9s err\u0151l senki nem fogja megmondani, hogy toj\u00e1s- \u00e9s glut\u00e9nmentes. Ha nem akarunk, a form\u00e1z\u00e1ssal sem kell bajl\u00f3dni, csak felkock\u00e1zzuk vagy cs\u00edkozzuk \u00e9s mehet a s\u00fct\u0151be.\" \/>\n<meta name=\"robots\" content=\"index, follow, max-snippet:-1, max-image-preview:large, max-video-preview:-1\" \/>\n<link rel=\"canonical\" href=\"http:\/\/blog.glutenmenteschef.hu\/index.php\/2022\/03\/23\/turos-pogacsa-glutenmentesen\/\" \/>\n<meta property=\"og:locale\" content=\"hu_HU\" \/>\n<meta property=\"og:type\" content=\"article\" \/>\n<meta property=\"og:title\" content=\"T\u00daR\u00d3S POG\u00c1CSA GLUT\u00c9NMENTESEN &#8211; Glut\u00e9nmentes Chef blog - \u00c1tol Tibor\" \/>\n<meta property=\"og:description\" content=\"Az elm\u00falt napokban t\u00f6bbsz\u00f6r is szembe j\u00f6tt velem ennek a pog\u00e1csareceptnek a b\u00fazalisztes v\u00e1ltozata. V\u00e9g\u00fcl k\u00edv\u00e1ncsiv\u00e1 tett \u00e9s elk\u00e9sz\u00edtettem a glut\u00e9nmentes verzi\u00f3j\u00e1t, aminek r\u00f6gt\u00f6n toj\u00e1smentes is a t\u00e9szt\u00e1ja.4 hozz\u00e1val\u00f3b\u00f3l k\u00f6nnyen \u00e9s nagyj\u00e1b\u00f3l f\u00e9l \u00f3ra alatt megvan ez a vend\u00e9gv\u00e1r\u00f3 apr\u00f3 s\u00fctem\u00e9ny.A t\u00e9szt\u00e1j\u00e1t nevezhetj\u00fck egyens\u00falyt\u00e9szt\u00e1nak is az ar\u00e1nyai miatt. Megs\u00fctve puha \u00e9s oml\u00f3s. Se \u00e9leszt\u0151, se s\u00fct\u0151por nem kell bele \u00e9s err\u0151l senki nem fogja megmondani, hogy toj\u00e1s- \u00e9s glut\u00e9nmentes. Ha nem akarunk, a form\u00e1z\u00e1ssal sem kell bajl\u00f3dni, csak felkock\u00e1zzuk vagy cs\u00edkozzuk \u00e9s mehet a s\u00fct\u0151be.\" \/>\n<meta property=\"og:url\" content=\"http:\/\/blog.glutenmenteschef.hu\/index.php\/2022\/03\/23\/turos-pogacsa-glutenmentesen\/\" \/>\n<meta property=\"og:site_name\" content=\"Glut\u00e9nmentes Chef blog - \u00c1tol Tibor\" \/>\n<meta property=\"article:publisher\" content=\"https:\/\/www.facebook.com\/aglutenmentessef\" \/>\n<meta property=\"article:author\" content=\"https:\/\/www.facebook.com\/aglutenmentessef\" \/>\n<meta property=\"article:published_time\" content=\"2022-03-23T21:48:07+00:00\" \/>\n<meta property=\"article:modified_time\" content=\"2022-12-04T09:50:10+00:00\" \/>\n<meta property=\"og:image\" content=\"http:\/\/blog.glutenmenteschef.hu\/wp-content\/uploads\/2022\/03\/Turos-pogacsa-glutenmentesen-19.jpg\" \/>\n\t<meta property=\"og:image:width\" content=\"1024\" \/>\n\t<meta property=\"og:image:height\" content=\"768\" \/>\n\t<meta property=\"og:image:type\" content=\"image\/jpeg\" \/>\n<meta name=\"author\" content=\"gmchef\" \/>\n<meta name=\"twitter:card\" content=\"summary_large_image\" \/>\n<meta name=\"twitter:label1\" content=\"Szerz\u0151:\" \/>\n\t<meta name=\"twitter:data1\" content=\"gmchef\" \/>\n\t<meta name=\"twitter:label2\" content=\"Becs\u00fclt olvas\u00e1si id\u0151\" \/>\n\t<meta name=\"twitter:data2\" content=\"4 perc\" \/>\n<script type=\"application\/ld+json\" class=\"yoast-schema-graph\">{\"@context\":\"https:\/\/schema.org\",\"@graph\":[{\"@type\":\"Article\",\"@id\":\"http:\/\/blog.glutenmenteschef.hu\/index.php\/2022\/03\/23\/turos-pogacsa-glutenmentesen\/#article\",\"isPartOf\":{\"@id\":\"http:\/\/blog.glutenmenteschef.hu\/index.php\/2022\/03\/23\/turos-pogacsa-glutenmentesen\/\"},\"author\":{\"name\":\"gmchef\",\"@id\":\"https:\/\/blog.glutenmenteschef.hu\/#\/schema\/person\/c07613f0b6c0f12f90b8cb23cf32754a\"},\"headline\":\"T\u00daR\u00d3S POG\u00c1CSA GLUT\u00c9NMENTESEN\",\"datePublished\":\"2022-03-23T21:48:07+00:00\",\"dateModified\":\"2022-12-04T09:50:10+00:00\",\"mainEntityOfPage\":{\"@id\":\"http:\/\/blog.glutenmenteschef.hu\/index.php\/2022\/03\/23\/turos-pogacsa-glutenmentesen\/\"},\"wordCount\":558,\"commentCount\":0,\"publisher\":{\"@id\":\"https:\/\/blog.glutenmenteschef.hu\/#\/schema\/person\/c07613f0b6c0f12f90b8cb23cf32754a\"},\"image\":{\"@id\":\"http:\/\/blog.glutenmenteschef.hu\/index.php\/2022\/03\/23\/turos-pogacsa-glutenmentesen\/#primaryimage\"},\"thumbnailUrl\":\"http:\/\/blog.glutenmenteschef.hu\/wp-content\/uploads\/2022\/03\/Turos-pogacsa-glutenmentesen-19.jpg\",\"keywords\":[\"glut\u00e9nmentes\",\"glut\u00e9nmentesrecept\",\"nutrifree\",\"pog\u00e1csa\",\"toj\u00e1smentes\",\"t\u00far\u00f3s pog\u00e1csa\"],\"articleSection\":[\"Nutrifree receptek\",\"S\u00f3s s\u00fctem\u00e9nyek\",\"Toj\u00e1smentes receptek\"],\"inLanguage\":\"hu\",\"potentialAction\":[{\"@type\":\"CommentAction\",\"name\":\"Comment\",\"target\":[\"http:\/\/blog.glutenmenteschef.hu\/index.php\/2022\/03\/23\/turos-pogacsa-glutenmentesen\/#respond\"]}]},{\"@type\":\"WebPage\",\"@id\":\"http:\/\/blog.glutenmenteschef.hu\/index.php\/2022\/03\/23\/turos-pogacsa-glutenmentesen\/\",\"url\":\"http:\/\/blog.glutenmenteschef.hu\/index.php\/2022\/03\/23\/turos-pogacsa-glutenmentesen\/\",\"name\":\"T\u00daR\u00d3S POG\u00c1CSA GLUT\u00c9NMENTESEN &#8211; Glut\u00e9nmentes Chef blog - \u00c1tol Tibor\",\"isPartOf\":{\"@id\":\"https:\/\/blog.glutenmenteschef.hu\/#website\"},\"primaryImageOfPage\":{\"@id\":\"http:\/\/blog.glutenmenteschef.hu\/index.php\/2022\/03\/23\/turos-pogacsa-glutenmentesen\/#primaryimage\"},\"image\":{\"@id\":\"http:\/\/blog.glutenmenteschef.hu\/index.php\/2022\/03\/23\/turos-pogacsa-glutenmentesen\/#primaryimage\"},\"thumbnailUrl\":\"http:\/\/blog.glutenmenteschef.hu\/wp-content\/uploads\/2022\/03\/Turos-pogacsa-glutenmentesen-19.jpg\",\"datePublished\":\"2022-03-23T21:48:07+00:00\",\"dateModified\":\"2022-12-04T09:50:10+00:00\",\"description\":\"Az elm\u00falt napokban t\u00f6bbsz\u00f6r is szembe j\u00f6tt velem ennek a pog\u00e1csareceptnek a b\u00fazalisztes v\u00e1ltozata. V\u00e9g\u00fcl k\u00edv\u00e1ncsiv\u00e1 tett \u00e9s elk\u00e9sz\u00edtettem a glut\u00e9nmentes verzi\u00f3j\u00e1t, aminek r\u00f6gt\u00f6n toj\u00e1smentes is a t\u00e9szt\u00e1ja.4 hozz\u00e1val\u00f3b\u00f3l k\u00f6nnyen \u00e9s nagyj\u00e1b\u00f3l f\u00e9l \u00f3ra alatt megvan ez a vend\u00e9gv\u00e1r\u00f3 apr\u00f3 s\u00fctem\u00e9ny.A t\u00e9szt\u00e1j\u00e1t nevezhetj\u00fck egyens\u00falyt\u00e9szt\u00e1nak is az ar\u00e1nyai miatt. Megs\u00fctve puha \u00e9s oml\u00f3s. Se \u00e9leszt\u0151, se s\u00fct\u0151por nem kell bele \u00e9s err\u0151l senki nem fogja megmondani, hogy toj\u00e1s- \u00e9s glut\u00e9nmentes. Ha nem akarunk, a form\u00e1z\u00e1ssal sem kell bajl\u00f3dni, csak felkock\u00e1zzuk vagy cs\u00edkozzuk \u00e9s mehet a s\u00fct\u0151be.\",\"breadcrumb\":{\"@id\":\"http:\/\/blog.glutenmenteschef.hu\/index.php\/2022\/03\/23\/turos-pogacsa-glutenmentesen\/#breadcrumb\"},\"inLanguage\":\"hu\",\"potentialAction\":[{\"@type\":\"ReadAction\",\"target\":[\"http:\/\/blog.glutenmenteschef.hu\/index.php\/2022\/03\/23\/turos-pogacsa-glutenmentesen\/\"]}]},{\"@type\":\"ImageObject\",\"inLanguage\":\"hu\",\"@id\":\"http:\/\/blog.glutenmenteschef.hu\/index.php\/2022\/03\/23\/turos-pogacsa-glutenmentesen\/#primaryimage\",\"url\":\"http:\/\/blog.glutenmenteschef.hu\/wp-content\/uploads\/2022\/03\/Turos-pogacsa-glutenmentesen-19.jpg\",\"contentUrl\":\"http:\/\/blog.glutenmenteschef.hu\/wp-content\/uploads\/2022\/03\/Turos-pogacsa-glutenmentesen-19.jpg\",\"width\":1024,\"height\":768},{\"@type\":\"BreadcrumbList\",\"@id\":\"http:\/\/blog.glutenmenteschef.hu\/index.php\/2022\/03\/23\/turos-pogacsa-glutenmentesen\/#breadcrumb\",\"itemListElement\":[{\"@type\":\"ListItem\",\"position\":1,\"name\":\"Home\",\"item\":\"https:\/\/blog.glutenmenteschef.hu\/\"},{\"@type\":\"ListItem\",\"position\":2,\"name\":\"T\u00daR\u00d3S POG\u00c1CSA GLUT\u00c9NMENTESEN\"}]},{\"@type\":\"WebSite\",\"@id\":\"https:\/\/blog.glutenmenteschef.hu\/#website\",\"url\":\"https:\/\/blog.glutenmenteschef.hu\/\",\"name\":\"Glut\u00e9nmentes Chef blog - \u00c1tol Tibor\",\"description\":\"Glut\u00e9nmentes \u00e9telek, glut\u00e9nmentes receptek, glut\u00e9nmentes vide\u00f3k\",\"publisher\":{\"@id\":\"https:\/\/blog.glutenmenteschef.hu\/#\/schema\/person\/c07613f0b6c0f12f90b8cb23cf32754a\"},\"potentialAction\":[{\"@type\":\"SearchAction\",\"target\":{\"@type\":\"EntryPoint\",\"urlTemplate\":\"https:\/\/blog.glutenmenteschef.hu\/?s={search_term_string}\"},\"query-input\":{\"@type\":\"PropertyValueSpecification\",\"valueRequired\":true,\"valueName\":\"search_term_string\"}}],\"inLanguage\":\"hu\"},{\"@type\":[\"Person\",\"Organization\"],\"@id\":\"https:\/\/blog.glutenmenteschef.hu\/#\/schema\/person\/c07613f0b6c0f12f90b8cb23cf32754a\",\"name\":\"gmchef\",\"image\":{\"@type\":\"ImageObject\",\"inLanguage\":\"hu\",\"@id\":\"https:\/\/blog.glutenmenteschef.hu\/#\/schema\/person\/image\/\",\"url\":\"https:\/\/secure.gravatar.com\/avatar\/363a4977321cb6fa3321b7ac93139b68e56af77880ae9fd5a3b2e7a8279f6d74?s=96&d=mm&r=g\",\"contentUrl\":\"https:\/\/secure.gravatar.com\/avatar\/363a4977321cb6fa3321b7ac93139b68e56af77880ae9fd5a3b2e7a8279f6d74?s=96&d=mm&r=g\",\"caption\":\"gmchef\"},\"logo\":{\"@id\":\"https:\/\/blog.glutenmenteschef.hu\/#\/schema\/person\/image\/\"},\"sameAs\":[\"https:\/\/www.facebook.com\/aglutenmentessef\"]}]}<\/script>\n<!-- \/ Yoast SEO plugin. -->","yoast_head_json":{"title":"T\u00daR\u00d3S POG\u00c1CSA GLUT\u00c9NMENTESEN &#8211; Glut\u00e9nmentes Chef blog - \u00c1tol Tibor","description":"Az elm\u00falt napokban t\u00f6bbsz\u00f6r is szembe j\u00f6tt velem ennek a pog\u00e1csareceptnek a b\u00fazalisztes v\u00e1ltozata. V\u00e9g\u00fcl k\u00edv\u00e1ncsiv\u00e1 tett \u00e9s elk\u00e9sz\u00edtettem a glut\u00e9nmentes verzi\u00f3j\u00e1t, aminek r\u00f6gt\u00f6n toj\u00e1smentes is a t\u00e9szt\u00e1ja.4 hozz\u00e1val\u00f3b\u00f3l k\u00f6nnyen \u00e9s nagyj\u00e1b\u00f3l f\u00e9l \u00f3ra alatt megvan ez a vend\u00e9gv\u00e1r\u00f3 apr\u00f3 s\u00fctem\u00e9ny.A t\u00e9szt\u00e1j\u00e1t nevezhetj\u00fck egyens\u00falyt\u00e9szt\u00e1nak is az ar\u00e1nyai miatt. Megs\u00fctve puha \u00e9s oml\u00f3s. Se \u00e9leszt\u0151, se s\u00fct\u0151por nem kell bele \u00e9s err\u0151l senki nem fogja megmondani, hogy toj\u00e1s- \u00e9s glut\u00e9nmentes. Ha nem akarunk, a form\u00e1z\u00e1ssal sem kell bajl\u00f3dni, csak felkock\u00e1zzuk vagy cs\u00edkozzuk \u00e9s mehet a s\u00fct\u0151be.","robots":{"index":"index","follow":"follow","max-snippet":"max-snippet:-1","max-image-preview":"max-image-preview:large","max-video-preview":"max-video-preview:-1"},"canonical":"http:\/\/blog.glutenmenteschef.hu\/index.php\/2022\/03\/23\/turos-pogacsa-glutenmentesen\/","og_locale":"hu_HU","og_type":"article","og_title":"T\u00daR\u00d3S POG\u00c1CSA GLUT\u00c9NMENTESEN &#8211; Glut\u00e9nmentes Chef blog - \u00c1tol Tibor","og_description":"Az elm\u00falt napokban t\u00f6bbsz\u00f6r is szembe j\u00f6tt velem ennek a pog\u00e1csareceptnek a b\u00fazalisztes v\u00e1ltozata. V\u00e9g\u00fcl k\u00edv\u00e1ncsiv\u00e1 tett \u00e9s elk\u00e9sz\u00edtettem a glut\u00e9nmentes verzi\u00f3j\u00e1t, aminek r\u00f6gt\u00f6n toj\u00e1smentes is a t\u00e9szt\u00e1ja.4 hozz\u00e1val\u00f3b\u00f3l k\u00f6nnyen \u00e9s nagyj\u00e1b\u00f3l f\u00e9l \u00f3ra alatt megvan ez a vend\u00e9gv\u00e1r\u00f3 apr\u00f3 s\u00fctem\u00e9ny.A t\u00e9szt\u00e1j\u00e1t nevezhetj\u00fck egyens\u00falyt\u00e9szt\u00e1nak is az ar\u00e1nyai miatt. Megs\u00fctve puha \u00e9s oml\u00f3s. Se \u00e9leszt\u0151, se s\u00fct\u0151por nem kell bele \u00e9s err\u0151l senki nem fogja megmondani, hogy toj\u00e1s- \u00e9s glut\u00e9nmentes. Ha nem akarunk, a form\u00e1z\u00e1ssal sem kell bajl\u00f3dni, csak felkock\u00e1zzuk vagy cs\u00edkozzuk \u00e9s mehet a s\u00fct\u0151be.","og_url":"http:\/\/blog.glutenmenteschef.hu\/index.php\/2022\/03\/23\/turos-pogacsa-glutenmentesen\/","og_site_name":"Glut\u00e9nmentes Chef blog - \u00c1tol Tibor","article_publisher":"https:\/\/www.facebook.com\/aglutenmentessef","article_author":"https:\/\/www.facebook.com\/aglutenmentessef","article_published_time":"2022-03-23T21:48:07+00:00","article_modified_time":"2022-12-04T09:50:10+00:00","og_image":[{"width":1024,"height":768,"url":"http:\/\/blog.glutenmenteschef.hu\/wp-content\/uploads\/2022\/03\/Turos-pogacsa-glutenmentesen-19.jpg","type":"image\/jpeg"}],"author":"gmchef","twitter_card":"summary_large_image","twitter_misc":{"Szerz\u0151:":"gmchef","Becs\u00fclt olvas\u00e1si id\u0151":"4 perc"},"schema":{"@context":"https:\/\/schema.org","@graph":[{"@type":"Article","@id":"http:\/\/blog.glutenmenteschef.hu\/index.php\/2022\/03\/23\/turos-pogacsa-glutenmentesen\/#article","isPartOf":{"@id":"http:\/\/blog.glutenmenteschef.hu\/index.php\/2022\/03\/23\/turos-pogacsa-glutenmentesen\/"},"author":{"name":"gmchef","@id":"https:\/\/blog.glutenmenteschef.hu\/#\/schema\/person\/c07613f0b6c0f12f90b8cb23cf32754a"},"headline":"T\u00daR\u00d3S POG\u00c1CSA GLUT\u00c9NMENTESEN","datePublished":"2022-03-23T21:48:07+00:00","dateModified":"2022-12-04T09:50:10+00:00","mainEntityOfPage":{"@id":"http:\/\/blog.glutenmenteschef.hu\/index.php\/2022\/03\/23\/turos-pogacsa-glutenmentesen\/"},"wordCount":558,"commentCount":0,"publisher":{"@id":"https:\/\/blog.glutenmenteschef.hu\/#\/schema\/person\/c07613f0b6c0f12f90b8cb23cf32754a"},"image":{"@id":"http:\/\/blog.glutenmenteschef.hu\/index.php\/2022\/03\/23\/turos-pogacsa-glutenmentesen\/#primaryimage"},"thumbnailUrl":"http:\/\/blog.glutenmenteschef.hu\/wp-content\/uploads\/2022\/03\/Turos-pogacsa-glutenmentesen-19.jpg","keywords":["glut\u00e9nmentes","glut\u00e9nmentesrecept","nutrifree","pog\u00e1csa","toj\u00e1smentes","t\u00far\u00f3s pog\u00e1csa"],"articleSection":["Nutrifree receptek","S\u00f3s s\u00fctem\u00e9nyek","Toj\u00e1smentes receptek"],"inLanguage":"hu","potentialAction":[{"@type":"CommentAction","name":"Comment","target":["http:\/\/blog.glutenmenteschef.hu\/index.php\/2022\/03\/23\/turos-pogacsa-glutenmentesen\/#respond"]}]},{"@type":"WebPage","@id":"http:\/\/blog.glutenmenteschef.hu\/index.php\/2022\/03\/23\/turos-pogacsa-glutenmentesen\/","url":"http:\/\/blog.glutenmenteschef.hu\/index.php\/2022\/03\/23\/turos-pogacsa-glutenmentesen\/","name":"T\u00daR\u00d3S POG\u00c1CSA GLUT\u00c9NMENTESEN &#8211; Glut\u00e9nmentes Chef blog - \u00c1tol Tibor","isPartOf":{"@id":"https:\/\/blog.glutenmenteschef.hu\/#website"},"primaryImageOfPage":{"@id":"http:\/\/blog.glutenmenteschef.hu\/index.php\/2022\/03\/23\/turos-pogacsa-glutenmentesen\/#primaryimage"},"image":{"@id":"http:\/\/blog.glutenmenteschef.hu\/index.php\/2022\/03\/23\/turos-pogacsa-glutenmentesen\/#primaryimage"},"thumbnailUrl":"http:\/\/blog.glutenmenteschef.hu\/wp-content\/uploads\/2022\/03\/Turos-pogacsa-glutenmentesen-19.jpg","datePublished":"2022-03-23T21:48:07+00:00","dateModified":"2022-12-04T09:50:10+00:00","description":"Az elm\u00falt napokban t\u00f6bbsz\u00f6r is szembe j\u00f6tt velem ennek a pog\u00e1csareceptnek a b\u00fazalisztes v\u00e1ltozata. V\u00e9g\u00fcl k\u00edv\u00e1ncsiv\u00e1 tett \u00e9s elk\u00e9sz\u00edtettem a glut\u00e9nmentes verzi\u00f3j\u00e1t, aminek r\u00f6gt\u00f6n toj\u00e1smentes is a t\u00e9szt\u00e1ja.4 hozz\u00e1val\u00f3b\u00f3l k\u00f6nnyen \u00e9s nagyj\u00e1b\u00f3l f\u00e9l \u00f3ra alatt megvan ez a vend\u00e9gv\u00e1r\u00f3 apr\u00f3 s\u00fctem\u00e9ny.A t\u00e9szt\u00e1j\u00e1t nevezhetj\u00fck egyens\u00falyt\u00e9szt\u00e1nak is az ar\u00e1nyai miatt. Megs\u00fctve puha \u00e9s oml\u00f3s. Se \u00e9leszt\u0151, se s\u00fct\u0151por nem kell bele \u00e9s err\u0151l senki nem fogja megmondani, hogy toj\u00e1s- \u00e9s glut\u00e9nmentes. Ha nem akarunk, a form\u00e1z\u00e1ssal sem kell bajl\u00f3dni, csak felkock\u00e1zzuk vagy cs\u00edkozzuk \u00e9s mehet a s\u00fct\u0151be.","breadcrumb":{"@id":"http:\/\/blog.glutenmenteschef.hu\/index.php\/2022\/03\/23\/turos-pogacsa-glutenmentesen\/#breadcrumb"},"inLanguage":"hu","potentialAction":[{"@type":"ReadAction","target":["http:\/\/blog.glutenmenteschef.hu\/index.php\/2022\/03\/23\/turos-pogacsa-glutenmentesen\/"]}]},{"@type":"ImageObject","inLanguage":"hu","@id":"http:\/\/blog.glutenmenteschef.hu\/index.php\/2022\/03\/23\/turos-pogacsa-glutenmentesen\/#primaryimage","url":"http:\/\/blog.glutenmenteschef.hu\/wp-content\/uploads\/2022\/03\/Turos-pogacsa-glutenmentesen-19.jpg","contentUrl":"http:\/\/blog.glutenmenteschef.hu\/wp-content\/uploads\/2022\/03\/Turos-pogacsa-glutenmentesen-19.jpg","width":1024,"height":768},{"@type":"BreadcrumbList","@id":"http:\/\/blog.glutenmenteschef.hu\/index.php\/2022\/03\/23\/turos-pogacsa-glutenmentesen\/#breadcrumb","itemListElement":[{"@type":"ListItem","position":1,"name":"Home","item":"https:\/\/blog.glutenmenteschef.hu\/"},{"@type":"ListItem","position":2,"name":"T\u00daR\u00d3S POG\u00c1CSA GLUT\u00c9NMENTESEN"}]},{"@type":"WebSite","@id":"https:\/\/blog.glutenmenteschef.hu\/#website","url":"https:\/\/blog.glutenmenteschef.hu\/","name":"Glut\u00e9nmentes Chef blog - \u00c1tol Tibor","description":"Glut\u00e9nmentes \u00e9telek, glut\u00e9nmentes receptek, glut\u00e9nmentes vide\u00f3k","publisher":{"@id":"https:\/\/blog.glutenmenteschef.hu\/#\/schema\/person\/c07613f0b6c0f12f90b8cb23cf32754a"},"potentialAction":[{"@type":"SearchAction","target":{"@type":"EntryPoint","urlTemplate":"https:\/\/blog.glutenmenteschef.hu\/?s={search_term_string}"},"query-input":{"@type":"PropertyValueSpecification","valueRequired":true,"valueName":"search_term_string"}}],"inLanguage":"hu"},{"@type":["Person","Organization"],"@id":"https:\/\/blog.glutenmenteschef.hu\/#\/schema\/person\/c07613f0b6c0f12f90b8cb23cf32754a","name":"gmchef","image":{"@type":"ImageObject","inLanguage":"hu","@id":"https:\/\/blog.glutenmenteschef.hu\/#\/schema\/person\/image\/","url":"https:\/\/secure.gravatar.com\/avatar\/363a4977321cb6fa3321b7ac93139b68e56af77880ae9fd5a3b2e7a8279f6d74?s=96&d=mm&r=g","contentUrl":"https:\/\/secure.gravatar.com\/avatar\/363a4977321cb6fa3321b7ac93139b68e56af77880ae9fd5a3b2e7a8279f6d74?s=96&d=mm&r=g","caption":"gmchef"},"logo":{"@id":"https:\/\/blog.glutenmenteschef.hu\/#\/schema\/person\/image\/"},"sameAs":["https:\/\/www.facebook.com\/aglutenmentessef"]}]}},"_links":{"self":[{"href":"http:\/\/blog.glutenmenteschef.hu\/index.php\/wp-json\/wp\/v2\/posts\/29590","targetHints":{"allow":["GET"]}}],"collection":[{"href":"http:\/\/blog.glutenmenteschef.hu\/index.php\/wp-json\/wp\/v2\/posts"}],"about":[{"href":"http:\/\/blog.glutenmenteschef.hu\/index.php\/wp-json\/wp\/v2\/types\/post"}],"author":[{"embeddable":true,"href":"http:\/\/blog.glutenmenteschef.hu\/index.php\/wp-json\/wp\/v2\/users\/1"}],"replies":[{"embeddable":true,"href":"http:\/\/blog.glutenmenteschef.hu\/index.php\/wp-json\/wp\/v2\/comments?post=29590"}],"version-history":[{"count":0,"href":"http:\/\/blog.glutenmenteschef.hu\/index.php\/wp-json\/wp\/v2\/posts\/29590\/revisions"}],"wp:featuredmedia":[{"embeddable":true,"href":"http:\/\/blog.glutenmenteschef.hu\/index.php\/wp-json\/wp\/v2\/media\/29653"}],"wp:attachment":[{"href":"http:\/\/blog.glutenmenteschef.hu\/index.php\/wp-json\/wp\/v2\/media?parent=29590"}],"wp:term":[{"taxonomy":"category","embeddable":true,"href":"http:\/\/blog.glutenmenteschef.hu\/index.php\/wp-json\/wp\/v2\/categories?post=29590"},{"taxonomy":"post_tag","embeddable":true,"href":"http:\/\/blog.glutenmenteschef.hu\/index.php\/wp-json\/wp\/v2\/tags?post=29590"}],"curies":[{"name":"wp","href":"https:\/\/api.w.org\/{rel}","templated":true}]}}