{"id":28965,"date":"2021-05-26T19:17:16","date_gmt":"2021-05-26T19:17:16","guid":{"rendered":"https:\/\/blog.glutenmenteschef.hu\/?p=28965"},"modified":"2023-01-21T20:58:24","modified_gmt":"2023-01-21T20:58:24","slug":"churros-gluten-tej-es-tojasmentesen","status":"publish","type":"post","link":"http:\/\/blog.glutenmenteschef.hu\/index.php\/2021\/05\/26\/churros-gluten-tej-es-tojasmentesen\/","title":{"rendered":"CHURROS GLUT\u00c9N-, TEJ- \u00c9S TOJ\u00c1SMENTESEN"},"content":{"rendered":"\n<h3 class=\"has-text-align-center wp-block-heading\"><strong>Churros glut\u00e9n-, tej- \u00e9s toj\u00e1smentesen<\/strong><br><br><br><\/h3>\n\n\n\n<div class=\"wp-block-image\"><figure class=\"aligncenter size-large is-resized\"><img loading=\"lazy\" decoding=\"async\" src=\"https:\/\/blog.glutenmenteschef.hu\/wp-content\/uploads\/2021\/05\/Churros-mindenmentes-4.jpg\" alt=\"\" class=\"wp-image-28974\" width=\"512\" height=\"384\" srcset=\"http:\/\/blog.glutenmenteschef.hu\/wp-content\/uploads\/2021\/05\/Churros-mindenmentes-4.jpg 1024w, http:\/\/blog.glutenmenteschef.hu\/wp-content\/uploads\/2021\/05\/Churros-mindenmentes-4-300x225.jpg 300w, http:\/\/blog.glutenmenteschef.hu\/wp-content\/uploads\/2021\/05\/Churros-mindenmentes-4-768x576.jpg 768w\" sizes=\"auto, (max-width: 512px) 100vw, 512px\" \/><figcaption><br><br><br><\/figcaption><\/figure><\/div>\n\n\n\n<p>Amikor glut\u00e9nmentes churrost k\u00e9sz\u00edtettem \u00e9s megosztottam a k\u00f6z\u00f6ss\u00e9gi oldalamon, felmer\u00fclt a k\u00e9rd\u00e9s, hogy toj\u00e1smentesen is elk\u00e9sz\u00edthet\u0151-e \u00e9s, ha igen hogyan. Net\u00e1n m\u00e9g rizsliszttel is? <br>Glut\u00e9nmentesen \u00c9S toj\u00e1smentesen, pl\u00e1ne rizslisztb\u0151l! R\u00e9g\u00f3ta \u00f6ssze\u00e1llt m\u00e1r a fejemben a recept, de most sz\u00e1ntam r\u00e1 magam, hogy elk\u00e9sz\u00edtsem \u00e9s term\u00e9szetesen \u00f6sszeraktam mell\u00e9 a mindenmentes csoki sz\u00f3szt is.   <br><strong>Ami fontos! Ne akarjuk csak \u00fagy mag\u00e1ban enni, a churros csoki sz\u00f3sz vagy valamilyen \u00f6ntet n\u00e9lk\u00fcl olyan, mint egy pizza felt\u00e9t n\u00e9lk\u00fcl vagy egy gofri \u00fcresen. Ezek csak egy\u00fctt m\u0171k\u00f6dnek j\u00f3l.<\/strong><br><br><br><\/p>\n\n\n\n<h5 class=\"has-text-align-center wp-block-heading\"><strong>Hozz\u00e1val\u00f3k:<\/strong><\/h5>\n\n\n\n<p class=\"has-text-align-center\">300 ml v\u00edz<br>200 g rizsliszt<br>50 g k\u00f3kuszzs\u00edr<br>50 g cukor<br>5 g s\u00fct\u0151por<br>1 csipet s\u00f3<br><\/p>\n\n\n\n<h5 class=\"has-text-align-center wp-block-heading\"><strong>Forgat\u00e1shoz:<\/strong><\/h5>\n\n\n\n<p class=\"has-text-align-center\">50 g cukor <br>1 g fah\u00e9j<br><br><\/p>\n\n\n\n<p>A zs\u00edrt, a v\u00edzzel, a cukorral \u00e9s a s\u00f3val feltessz\u00fck egy l\u00e1basban, mikor felforr takar\u00e9kra vessz\u00fck \u00e9s hozz\u00e1adjuk a lisztet. Folyamatos kever\u00e9s mellett addig f\u0151zz\u00fck, am\u00edg egynem\u0171 t\u00e9szt\u00e1t nem kapunk ( minimum 1 perc ) . A t\u0171zr\u0151l lev\u00e9ve tiszta ed\u00e9nybe tessz\u00fck \u00e9s, ha kell\u0151en kih\u0171lt, belegy\u00farjuk a s\u00fct\u0151port.<\/p>\n\n\n\n<p>Csillagcs\u0151vel ell\u00e1tott er\u0151s, textil nyom\u00f3zs\u00e1kba t\u00f6ltj\u00fck  \u00e9s s\u00fct\u0151pap\u00edrra kb. 10-15 cm hossz\u00fa rudakat form\u00e1zunk. ( Ha nagyon nem siker\u00fcl kinyomni, ak\u00e1r k\u00e9zzel is form\u00e1zhatunk ujjnyi vastag t\u00e9sztacs\u00edkokat, el\u00e9g massz\u00edv hozz\u00e1 a cucc )<br><br><br><\/p>\n\n\n\n<div class=\"wp-block-image\"><figure class=\"aligncenter size-full is-resized\"><img loading=\"lazy\" decoding=\"async\" src=\"https:\/\/blog.glutenmenteschef.hu\/wp-content\/uploads\/2021\/05\/Churros-mindenmentes-15.jpg\" alt=\"\" class=\"wp-image-28967\" width=\"341\" height=\"213\" srcset=\"http:\/\/blog.glutenmenteschef.hu\/wp-content\/uploads\/2021\/05\/Churros-mindenmentes-15.jpg 1365w, http:\/\/blog.glutenmenteschef.hu\/wp-content\/uploads\/2021\/05\/Churros-mindenmentes-15-300x187.jpg 300w, http:\/\/blog.glutenmenteschef.hu\/wp-content\/uploads\/2021\/05\/Churros-mindenmentes-15-768x479.jpg 768w\" sizes=\"auto, (max-width: 341px) 100vw, 341px\" \/><\/figure><\/div>\n\n\n\n<p>160 &#8211; 180 fokos zsirad\u00e9kban 2-3 percig s\u00fctj\u00fck, m\u00edg vil\u00e1gos arany sz\u00edn\u0171 lesz.<br>Grill r\u00e1cson lecs\u00f6p\u00f6gtetj\u00fck, ezut\u00e1n fah\u00e9jas krist\u00e1lycukorba forgatjuk. <br><br><br><\/p>\n\n\n\n<figure class=\"wp-block-gallery aligncenter has-nested-images columns-default is-cropped wp-block-gallery-1 is-layout-flex wp-block-gallery-is-layout-flex\">\n<figure class=\"wp-block-image size-large\"><img loading=\"lazy\" decoding=\"async\" width=\"1024\" height=\"768\" data-id=\"28968\" src=\"https:\/\/blog.glutenmenteschef.hu\/wp-content\/uploads\/2021\/05\/Churros-mindenmentes-17.jpg\" alt=\"\" class=\"wp-image-28968\" srcset=\"http:\/\/blog.glutenmenteschef.hu\/wp-content\/uploads\/2021\/05\/Churros-mindenmentes-17.jpg 1024w, http:\/\/blog.glutenmenteschef.hu\/wp-content\/uploads\/2021\/05\/Churros-mindenmentes-17-300x225.jpg 300w, http:\/\/blog.glutenmenteschef.hu\/wp-content\/uploads\/2021\/05\/Churros-mindenmentes-17-768x576.jpg 768w\" sizes=\"auto, (max-width: 1024px) 100vw, 1024px\" \/><\/figure>\n\n\n\n<figure class=\"wp-block-image size-large\"><img loading=\"lazy\" decoding=\"async\" width=\"1024\" height=\"768\" data-id=\"28969\" src=\"https:\/\/blog.glutenmenteschef.hu\/wp-content\/uploads\/2021\/05\/Churros-mindenmentes-18.jpg\" alt=\"\" class=\"wp-image-28969\" srcset=\"http:\/\/blog.glutenmenteschef.hu\/wp-content\/uploads\/2021\/05\/Churros-mindenmentes-18.jpg 1024w, http:\/\/blog.glutenmenteschef.hu\/wp-content\/uploads\/2021\/05\/Churros-mindenmentes-18-300x225.jpg 300w, http:\/\/blog.glutenmenteschef.hu\/wp-content\/uploads\/2021\/05\/Churros-mindenmentes-18-768x576.jpg 768w\" sizes=\"auto, (max-width: 1024px) 100vw, 1024px\" \/><\/figure>\n\n\n\n<figure class=\"wp-block-image size-large\"><img loading=\"lazy\" decoding=\"async\" width=\"768\" height=\"1024\" data-id=\"28970\" src=\"https:\/\/blog.glutenmenteschef.hu\/wp-content\/uploads\/2021\/05\/Churros-mindenmentes-19-rotated.jpg\" alt=\"\" class=\"wp-image-28970\" srcset=\"http:\/\/blog.glutenmenteschef.hu\/wp-content\/uploads\/2021\/05\/Churros-mindenmentes-19-rotated.jpg 768w, http:\/\/blog.glutenmenteschef.hu\/wp-content\/uploads\/2021\/05\/Churros-mindenmentes-19-225x300.jpg 225w\" sizes=\"auto, (max-width: 768px) 100vw, 768px\" \/><\/figure>\n<\/figure>\n\n\n\n<p><br><\/p>\n\n\n\n<h3 class=\"has-text-align-center wp-block-heading\"><strong>Csokol\u00e1d\u00e9 sz\u00f3sz glut\u00e9n-, tej- \u00e9s toj\u00e1smentesen<\/strong><br><br><\/h3>\n\n\n\n<h5 class=\"has-text-align-center wp-block-heading\"><strong>Hozz\u00e1val\u00f3k:<\/strong><\/h5>\n\n\n\n<p class=\"has-text-align-center\">450 ml Lidl-s k\u00f3kusztej<br>40 g kaka\u00f3por<br>60-90 g krist\u00e1lycukor<br>50 g-70 g 70%-os \u00e9tcsokol\u00e1d\u00e9<br><br><\/p>\n\n\n\n<p>A k\u00f3kusztejet a kaka\u00f3porral \u00e9s a cukorral \u00f6sszeforraljuk, majd forr\u00e1st\u00f3l sz\u00e1m\u00edtva 1 percig f\u0151zz\u00fck, habver\u0151vel folyamatosan kevergetve.<br>Levessz\u00fck a t\u0171zhelyr\u0151l, 1 percig pihentetj\u00fck, majd hozz\u00e1adjuk az apr\u00f3 darabokra t\u00f6rt csokit \u00e9s addig kevergetj\u00fck, am\u00edg a csoki teljesen felolvad.<\/p>\n\n\n\n<p><br><br><\/p>\n\n\n\n<div class=\"wp-block-image\"><figure class=\"aligncenter size-large is-resized\"><img loading=\"lazy\" decoding=\"async\" src=\"https:\/\/blog.glutenmenteschef.hu\/wp-content\/uploads\/2021\/05\/Churros-mindenmentes-8.jpg\" alt=\"\" class=\"wp-image-28975\" width=\"512\" height=\"384\" srcset=\"http:\/\/blog.glutenmenteschef.hu\/wp-content\/uploads\/2021\/05\/Churros-mindenmentes-8.jpg 1024w, http:\/\/blog.glutenmenteschef.hu\/wp-content\/uploads\/2021\/05\/Churros-mindenmentes-8-300x225.jpg 300w, http:\/\/blog.glutenmenteschef.hu\/wp-content\/uploads\/2021\/05\/Churros-mindenmentes-8-768x576.jpg 768w\" sizes=\"auto, (max-width: 512px) 100vw, 512px\" \/><\/figure><\/div>\n\n\n\n<p><\/p>\n","protected":false},"excerpt":{"rendered":"<p>Churros glut\u00e9n-, tej- \u00e9s toj\u00e1smentesen Amikor glut\u00e9nmentes churrost k\u00e9sz\u00edtettem \u00e9s megosztottam a k\u00f6z\u00f6ss\u00e9gi oldalamon, felmer\u00fclt a k\u00e9rd\u00e9s, hogy toj\u00e1smentesen is elk\u00e9sz\u00edthet\u0151-e \u00e9s, ha igen hogyan. Net\u00e1n m\u00e9g rizsliszttel is? Glut\u00e9nmentesen \u00c9S toj\u00e1smentesen, pl\u00e1ne rizslisztb\u0151l! R\u00e9g\u00f3ta \u00f6ssze\u00e1llt m\u00e1r a fejemben a recept, de most sz\u00e1ntam r\u00e1 magam, hogy elk\u00e9sz\u00edtsem \u00e9s term\u00e9szetesen \u00f6sszeraktam mell\u00e9 a mindenmentes csoki <br \/><a class=\"more\" href=\"http:\/\/blog.glutenmenteschef.hu\/index.php\/2021\/05\/26\/churros-gluten-tej-es-tojasmentesen\/\">Read more&#8230; <\/a><\/p>\n","protected":false},"author":1,"featured_media":28973,"comment_status":"open","ping_status":"open","sticky":false,"template":"","format":"standard","meta":{"footnotes":""},"categories":[27,317,335,396],"tags":[65,66,575,581,582,531,580],"class_list":["post-28965","post","type-post","status-publish","format-standard","has-post-thumbnail","hentry","category-desszert","category-fank","category-rizslisztbol-keszitettem","category-tojasmentes-receptek","tag-churros","tag-glutenmentes-churros","tag-glutenmentes-recept","tag-mindenmentes-churros","tag-mindenmentes-csokiszosz","tag-rizslisztes-recept","tag-tojasmentes-churros"],"yoast_head":"<!-- This site is optimized with the Yoast SEO plugin v26.5 - https:\/\/yoast.com\/wordpress\/plugins\/seo\/ -->\n<title>CHURROS GLUT\u00c9N-, TEJ- \u00c9S TOJ\u00c1SMENTESEN &#8211; Glut\u00e9nmentes Chef blog - \u00c1tol Tibor<\/title>\n<meta name=\"description\" content=\"Amikor glut\u00e9nmentes churrost k\u00e9sz\u00edtettem \u00e9s megosztottam a k\u00f6z\u00f6ss\u00e9gi oldalamon, felmer\u00fclt a k\u00e9rd\u00e9s, hogy toj\u00e1smentesen is elk\u00e9sz\u00edthet\u0151-e \u00e9s, ha igen hogyan. Net\u00e1n m\u00e9g rizsliszttel is? Glut\u00e9nmentesen \u00c9S toj\u00e1smentesen, pl\u00e1ne rizslisztb\u0151l! R\u00e9g\u00f3ta \u00f6ssze\u00e1llt m\u00e1r a fejemben a recept, de most sz\u00e1ntam r\u00e1 magam, hogy elk\u00e9sz\u00edtsem \u00e9s term\u00e9szetesen \u00f6sszeraktam mell\u00e9 a mindenmentes csoki sz\u00f3szt is.\" \/>\n<meta name=\"robots\" content=\"index, follow, max-snippet:-1, max-image-preview:large, max-video-preview:-1\" \/>\n<link rel=\"canonical\" href=\"http:\/\/blog.glutenmenteschef.hu\/index.php\/2021\/05\/26\/churros-gluten-tej-es-tojasmentesen\/\" \/>\n<meta property=\"og:locale\" content=\"hu_HU\" \/>\n<meta property=\"og:type\" content=\"article\" \/>\n<meta property=\"og:title\" content=\"CHURROS GLUT\u00c9N-, TEJ- \u00c9S TOJ\u00c1SMENTESEN &#8211; Glut\u00e9nmentes Chef blog - \u00c1tol Tibor\" \/>\n<meta property=\"og:description\" content=\"Amikor glut\u00e9nmentes churrost k\u00e9sz\u00edtettem \u00e9s megosztottam a k\u00f6z\u00f6ss\u00e9gi oldalamon, felmer\u00fclt a k\u00e9rd\u00e9s, hogy toj\u00e1smentesen is elk\u00e9sz\u00edthet\u0151-e \u00e9s, ha igen hogyan. Net\u00e1n m\u00e9g rizsliszttel is? Glut\u00e9nmentesen \u00c9S toj\u00e1smentesen, pl\u00e1ne rizslisztb\u0151l! R\u00e9g\u00f3ta \u00f6ssze\u00e1llt m\u00e1r a fejemben a recept, de most sz\u00e1ntam r\u00e1 magam, hogy elk\u00e9sz\u00edtsem \u00e9s term\u00e9szetesen \u00f6sszeraktam mell\u00e9 a mindenmentes csoki sz\u00f3szt is.\" \/>\n<meta property=\"og:url\" content=\"http:\/\/blog.glutenmenteschef.hu\/index.php\/2021\/05\/26\/churros-gluten-tej-es-tojasmentesen\/\" \/>\n<meta property=\"og:site_name\" content=\"Glut\u00e9nmentes Chef blog - \u00c1tol Tibor\" \/>\n<meta property=\"article:publisher\" content=\"https:\/\/www.facebook.com\/aglutenmentessef\" \/>\n<meta property=\"article:author\" content=\"https:\/\/www.facebook.com\/aglutenmentessef\" \/>\n<meta property=\"article:published_time\" content=\"2021-05-26T19:17:16+00:00\" \/>\n<meta property=\"article:modified_time\" content=\"2023-01-21T20:58:24+00:00\" \/>\n<meta property=\"og:image\" content=\"http:\/\/blog.glutenmenteschef.hu\/wp-content\/uploads\/2021\/05\/Churros-mindenmentes-1.jpg\" \/>\n\t<meta property=\"og:image:width\" content=\"1024\" \/>\n\t<meta property=\"og:image:height\" content=\"768\" \/>\n\t<meta property=\"og:image:type\" content=\"image\/jpeg\" \/>\n<meta name=\"author\" content=\"gmchef\" \/>\n<meta name=\"twitter:card\" content=\"summary_large_image\" \/>\n<meta name=\"twitter:label1\" content=\"Szerz\u0151:\" \/>\n\t<meta name=\"twitter:data1\" content=\"gmchef\" \/>\n\t<meta name=\"twitter:label2\" content=\"Becs\u00fclt olvas\u00e1si id\u0151\" \/>\n\t<meta name=\"twitter:data2\" content=\"3 perc\" \/>\n<script type=\"application\/ld+json\" class=\"yoast-schema-graph\">{\"@context\":\"https:\/\/schema.org\",\"@graph\":[{\"@type\":\"Article\",\"@id\":\"http:\/\/blog.glutenmenteschef.hu\/index.php\/2021\/05\/26\/churros-gluten-tej-es-tojasmentesen\/#article\",\"isPartOf\":{\"@id\":\"http:\/\/blog.glutenmenteschef.hu\/index.php\/2021\/05\/26\/churros-gluten-tej-es-tojasmentesen\/\"},\"author\":{\"name\":\"gmchef\",\"@id\":\"https:\/\/blog.glutenmenteschef.hu\/#\/schema\/person\/c07613f0b6c0f12f90b8cb23cf32754a\"},\"headline\":\"CHURROS GLUT\u00c9N-, TEJ- \u00c9S TOJ\u00c1SMENTESEN\",\"datePublished\":\"2021-05-26T19:17:16+00:00\",\"dateModified\":\"2023-01-21T20:58:24+00:00\",\"mainEntityOfPage\":{\"@id\":\"http:\/\/blog.glutenmenteschef.hu\/index.php\/2021\/05\/26\/churros-gluten-tej-es-tojasmentesen\/\"},\"wordCount\":395,\"commentCount\":0,\"publisher\":{\"@id\":\"https:\/\/blog.glutenmenteschef.hu\/#\/schema\/person\/c07613f0b6c0f12f90b8cb23cf32754a\"},\"image\":{\"@id\":\"http:\/\/blog.glutenmenteschef.hu\/index.php\/2021\/05\/26\/churros-gluten-tej-es-tojasmentesen\/#primaryimage\"},\"thumbnailUrl\":\"http:\/\/blog.glutenmenteschef.hu\/wp-content\/uploads\/2021\/05\/Churros-mindenmentes-1.jpg\",\"keywords\":[\"churros\",\"glut\u00e9nmentes churros\",\"glut\u00e9nmentes recept\",\"mindenmentes churros\",\"mindenmentes csokisz\u00f3sz\",\"rizslisztes recept\",\"toj\u00e1smentes churros\"],\"articleSection\":[\"Desszert-S\u00fctem\u00e9ny\",\"F\u00e1nk\",\"Rizslisztb\u0151l k\u00e9sz\u00edtettem\",\"Toj\u00e1smentes receptek\"],\"inLanguage\":\"hu\",\"potentialAction\":[{\"@type\":\"CommentAction\",\"name\":\"Comment\",\"target\":[\"http:\/\/blog.glutenmenteschef.hu\/index.php\/2021\/05\/26\/churros-gluten-tej-es-tojasmentesen\/#respond\"]}]},{\"@type\":\"WebPage\",\"@id\":\"http:\/\/blog.glutenmenteschef.hu\/index.php\/2021\/05\/26\/churros-gluten-tej-es-tojasmentesen\/\",\"url\":\"http:\/\/blog.glutenmenteschef.hu\/index.php\/2021\/05\/26\/churros-gluten-tej-es-tojasmentesen\/\",\"name\":\"CHURROS GLUT\u00c9N-, TEJ- \u00c9S TOJ\u00c1SMENTESEN &#8211; Glut\u00e9nmentes Chef blog - \u00c1tol Tibor\",\"isPartOf\":{\"@id\":\"https:\/\/blog.glutenmenteschef.hu\/#website\"},\"primaryImageOfPage\":{\"@id\":\"http:\/\/blog.glutenmenteschef.hu\/index.php\/2021\/05\/26\/churros-gluten-tej-es-tojasmentesen\/#primaryimage\"},\"image\":{\"@id\":\"http:\/\/blog.glutenmenteschef.hu\/index.php\/2021\/05\/26\/churros-gluten-tej-es-tojasmentesen\/#primaryimage\"},\"thumbnailUrl\":\"http:\/\/blog.glutenmenteschef.hu\/wp-content\/uploads\/2021\/05\/Churros-mindenmentes-1.jpg\",\"datePublished\":\"2021-05-26T19:17:16+00:00\",\"dateModified\":\"2023-01-21T20:58:24+00:00\",\"description\":\"Amikor glut\u00e9nmentes churrost k\u00e9sz\u00edtettem \u00e9s megosztottam a k\u00f6z\u00f6ss\u00e9gi oldalamon, felmer\u00fclt a k\u00e9rd\u00e9s, hogy toj\u00e1smentesen is elk\u00e9sz\u00edthet\u0151-e \u00e9s, ha igen hogyan. Net\u00e1n m\u00e9g rizsliszttel is? Glut\u00e9nmentesen \u00c9S toj\u00e1smentesen, pl\u00e1ne rizslisztb\u0151l! R\u00e9g\u00f3ta \u00f6ssze\u00e1llt m\u00e1r a fejemben a recept, de most sz\u00e1ntam r\u00e1 magam, hogy elk\u00e9sz\u00edtsem \u00e9s term\u00e9szetesen \u00f6sszeraktam mell\u00e9 a mindenmentes csoki sz\u00f3szt is.\",\"breadcrumb\":{\"@id\":\"http:\/\/blog.glutenmenteschef.hu\/index.php\/2021\/05\/26\/churros-gluten-tej-es-tojasmentesen\/#breadcrumb\"},\"inLanguage\":\"hu\",\"potentialAction\":[{\"@type\":\"ReadAction\",\"target\":[\"http:\/\/blog.glutenmenteschef.hu\/index.php\/2021\/05\/26\/churros-gluten-tej-es-tojasmentesen\/\"]}]},{\"@type\":\"ImageObject\",\"inLanguage\":\"hu\",\"@id\":\"http:\/\/blog.glutenmenteschef.hu\/index.php\/2021\/05\/26\/churros-gluten-tej-es-tojasmentesen\/#primaryimage\",\"url\":\"http:\/\/blog.glutenmenteschef.hu\/wp-content\/uploads\/2021\/05\/Churros-mindenmentes-1.jpg\",\"contentUrl\":\"http:\/\/blog.glutenmenteschef.hu\/wp-content\/uploads\/2021\/05\/Churros-mindenmentes-1.jpg\",\"width\":1024,\"height\":768},{\"@type\":\"BreadcrumbList\",\"@id\":\"http:\/\/blog.glutenmenteschef.hu\/index.php\/2021\/05\/26\/churros-gluten-tej-es-tojasmentesen\/#breadcrumb\",\"itemListElement\":[{\"@type\":\"ListItem\",\"position\":1,\"name\":\"Home\",\"item\":\"https:\/\/blog.glutenmenteschef.hu\/\"},{\"@type\":\"ListItem\",\"position\":2,\"name\":\"CHURROS GLUT\u00c9N-, TEJ- \u00c9S TOJ\u00c1SMENTESEN\"}]},{\"@type\":\"WebSite\",\"@id\":\"https:\/\/blog.glutenmenteschef.hu\/#website\",\"url\":\"https:\/\/blog.glutenmenteschef.hu\/\",\"name\":\"Glut\u00e9nmentes Chef blog - \u00c1tol Tibor\",\"description\":\"Glut\u00e9nmentes \u00e9telek, glut\u00e9nmentes receptek, glut\u00e9nmentes vide\u00f3k\",\"publisher\":{\"@id\":\"https:\/\/blog.glutenmenteschef.hu\/#\/schema\/person\/c07613f0b6c0f12f90b8cb23cf32754a\"},\"potentialAction\":[{\"@type\":\"SearchAction\",\"target\":{\"@type\":\"EntryPoint\",\"urlTemplate\":\"https:\/\/blog.glutenmenteschef.hu\/?s={search_term_string}\"},\"query-input\":{\"@type\":\"PropertyValueSpecification\",\"valueRequired\":true,\"valueName\":\"search_term_string\"}}],\"inLanguage\":\"hu\"},{\"@type\":[\"Person\",\"Organization\"],\"@id\":\"https:\/\/blog.glutenmenteschef.hu\/#\/schema\/person\/c07613f0b6c0f12f90b8cb23cf32754a\",\"name\":\"gmchef\",\"image\":{\"@type\":\"ImageObject\",\"inLanguage\":\"hu\",\"@id\":\"https:\/\/blog.glutenmenteschef.hu\/#\/schema\/person\/image\/\",\"url\":\"https:\/\/secure.gravatar.com\/avatar\/363a4977321cb6fa3321b7ac93139b68e56af77880ae9fd5a3b2e7a8279f6d74?s=96&d=mm&r=g\",\"contentUrl\":\"https:\/\/secure.gravatar.com\/avatar\/363a4977321cb6fa3321b7ac93139b68e56af77880ae9fd5a3b2e7a8279f6d74?s=96&d=mm&r=g\",\"caption\":\"gmchef\"},\"logo\":{\"@id\":\"https:\/\/blog.glutenmenteschef.hu\/#\/schema\/person\/image\/\"},\"sameAs\":[\"https:\/\/www.facebook.com\/aglutenmentessef\"]}]}<\/script>\n<!-- \/ Yoast SEO plugin. -->","yoast_head_json":{"title":"CHURROS GLUT\u00c9N-, TEJ- \u00c9S TOJ\u00c1SMENTESEN &#8211; Glut\u00e9nmentes Chef blog - \u00c1tol Tibor","description":"Amikor glut\u00e9nmentes churrost k\u00e9sz\u00edtettem \u00e9s megosztottam a k\u00f6z\u00f6ss\u00e9gi oldalamon, felmer\u00fclt a k\u00e9rd\u00e9s, hogy toj\u00e1smentesen is elk\u00e9sz\u00edthet\u0151-e \u00e9s, ha igen hogyan. Net\u00e1n m\u00e9g rizsliszttel is? Glut\u00e9nmentesen \u00c9S toj\u00e1smentesen, pl\u00e1ne rizslisztb\u0151l! R\u00e9g\u00f3ta \u00f6ssze\u00e1llt m\u00e1r a fejemben a recept, de most sz\u00e1ntam r\u00e1 magam, hogy elk\u00e9sz\u00edtsem \u00e9s term\u00e9szetesen \u00f6sszeraktam mell\u00e9 a mindenmentes csoki sz\u00f3szt is.","robots":{"index":"index","follow":"follow","max-snippet":"max-snippet:-1","max-image-preview":"max-image-preview:large","max-video-preview":"max-video-preview:-1"},"canonical":"http:\/\/blog.glutenmenteschef.hu\/index.php\/2021\/05\/26\/churros-gluten-tej-es-tojasmentesen\/","og_locale":"hu_HU","og_type":"article","og_title":"CHURROS GLUT\u00c9N-, TEJ- \u00c9S TOJ\u00c1SMENTESEN &#8211; Glut\u00e9nmentes Chef blog - \u00c1tol Tibor","og_description":"Amikor glut\u00e9nmentes churrost k\u00e9sz\u00edtettem \u00e9s megosztottam a k\u00f6z\u00f6ss\u00e9gi oldalamon, felmer\u00fclt a k\u00e9rd\u00e9s, hogy toj\u00e1smentesen is elk\u00e9sz\u00edthet\u0151-e \u00e9s, ha igen hogyan. Net\u00e1n m\u00e9g rizsliszttel is? Glut\u00e9nmentesen \u00c9S toj\u00e1smentesen, pl\u00e1ne rizslisztb\u0151l! R\u00e9g\u00f3ta \u00f6ssze\u00e1llt m\u00e1r a fejemben a recept, de most sz\u00e1ntam r\u00e1 magam, hogy elk\u00e9sz\u00edtsem \u00e9s term\u00e9szetesen \u00f6sszeraktam mell\u00e9 a mindenmentes csoki sz\u00f3szt is.","og_url":"http:\/\/blog.glutenmenteschef.hu\/index.php\/2021\/05\/26\/churros-gluten-tej-es-tojasmentesen\/","og_site_name":"Glut\u00e9nmentes Chef blog - \u00c1tol Tibor","article_publisher":"https:\/\/www.facebook.com\/aglutenmentessef","article_author":"https:\/\/www.facebook.com\/aglutenmentessef","article_published_time":"2021-05-26T19:17:16+00:00","article_modified_time":"2023-01-21T20:58:24+00:00","og_image":[{"width":1024,"height":768,"url":"http:\/\/blog.glutenmenteschef.hu\/wp-content\/uploads\/2021\/05\/Churros-mindenmentes-1.jpg","type":"image\/jpeg"}],"author":"gmchef","twitter_card":"summary_large_image","twitter_misc":{"Szerz\u0151:":"gmchef","Becs\u00fclt olvas\u00e1si id\u0151":"3 perc"},"schema":{"@context":"https:\/\/schema.org","@graph":[{"@type":"Article","@id":"http:\/\/blog.glutenmenteschef.hu\/index.php\/2021\/05\/26\/churros-gluten-tej-es-tojasmentesen\/#article","isPartOf":{"@id":"http:\/\/blog.glutenmenteschef.hu\/index.php\/2021\/05\/26\/churros-gluten-tej-es-tojasmentesen\/"},"author":{"name":"gmchef","@id":"https:\/\/blog.glutenmenteschef.hu\/#\/schema\/person\/c07613f0b6c0f12f90b8cb23cf32754a"},"headline":"CHURROS GLUT\u00c9N-, TEJ- \u00c9S TOJ\u00c1SMENTESEN","datePublished":"2021-05-26T19:17:16+00:00","dateModified":"2023-01-21T20:58:24+00:00","mainEntityOfPage":{"@id":"http:\/\/blog.glutenmenteschef.hu\/index.php\/2021\/05\/26\/churros-gluten-tej-es-tojasmentesen\/"},"wordCount":395,"commentCount":0,"publisher":{"@id":"https:\/\/blog.glutenmenteschef.hu\/#\/schema\/person\/c07613f0b6c0f12f90b8cb23cf32754a"},"image":{"@id":"http:\/\/blog.glutenmenteschef.hu\/index.php\/2021\/05\/26\/churros-gluten-tej-es-tojasmentesen\/#primaryimage"},"thumbnailUrl":"http:\/\/blog.glutenmenteschef.hu\/wp-content\/uploads\/2021\/05\/Churros-mindenmentes-1.jpg","keywords":["churros","glut\u00e9nmentes churros","glut\u00e9nmentes recept","mindenmentes churros","mindenmentes csokisz\u00f3sz","rizslisztes recept","toj\u00e1smentes churros"],"articleSection":["Desszert-S\u00fctem\u00e9ny","F\u00e1nk","Rizslisztb\u0151l k\u00e9sz\u00edtettem","Toj\u00e1smentes receptek"],"inLanguage":"hu","potentialAction":[{"@type":"CommentAction","name":"Comment","target":["http:\/\/blog.glutenmenteschef.hu\/index.php\/2021\/05\/26\/churros-gluten-tej-es-tojasmentesen\/#respond"]}]},{"@type":"WebPage","@id":"http:\/\/blog.glutenmenteschef.hu\/index.php\/2021\/05\/26\/churros-gluten-tej-es-tojasmentesen\/","url":"http:\/\/blog.glutenmenteschef.hu\/index.php\/2021\/05\/26\/churros-gluten-tej-es-tojasmentesen\/","name":"CHURROS GLUT\u00c9N-, TEJ- \u00c9S TOJ\u00c1SMENTESEN &#8211; Glut\u00e9nmentes Chef blog - \u00c1tol Tibor","isPartOf":{"@id":"https:\/\/blog.glutenmenteschef.hu\/#website"},"primaryImageOfPage":{"@id":"http:\/\/blog.glutenmenteschef.hu\/index.php\/2021\/05\/26\/churros-gluten-tej-es-tojasmentesen\/#primaryimage"},"image":{"@id":"http:\/\/blog.glutenmenteschef.hu\/index.php\/2021\/05\/26\/churros-gluten-tej-es-tojasmentesen\/#primaryimage"},"thumbnailUrl":"http:\/\/blog.glutenmenteschef.hu\/wp-content\/uploads\/2021\/05\/Churros-mindenmentes-1.jpg","datePublished":"2021-05-26T19:17:16+00:00","dateModified":"2023-01-21T20:58:24+00:00","description":"Amikor glut\u00e9nmentes churrost k\u00e9sz\u00edtettem \u00e9s megosztottam a k\u00f6z\u00f6ss\u00e9gi oldalamon, felmer\u00fclt a k\u00e9rd\u00e9s, hogy toj\u00e1smentesen is elk\u00e9sz\u00edthet\u0151-e \u00e9s, ha igen hogyan. Net\u00e1n m\u00e9g rizsliszttel is? Glut\u00e9nmentesen \u00c9S toj\u00e1smentesen, pl\u00e1ne rizslisztb\u0151l! R\u00e9g\u00f3ta \u00f6ssze\u00e1llt m\u00e1r a fejemben a recept, de most sz\u00e1ntam r\u00e1 magam, hogy elk\u00e9sz\u00edtsem \u00e9s term\u00e9szetesen \u00f6sszeraktam mell\u00e9 a mindenmentes csoki sz\u00f3szt is.","breadcrumb":{"@id":"http:\/\/blog.glutenmenteschef.hu\/index.php\/2021\/05\/26\/churros-gluten-tej-es-tojasmentesen\/#breadcrumb"},"inLanguage":"hu","potentialAction":[{"@type":"ReadAction","target":["http:\/\/blog.glutenmenteschef.hu\/index.php\/2021\/05\/26\/churros-gluten-tej-es-tojasmentesen\/"]}]},{"@type":"ImageObject","inLanguage":"hu","@id":"http:\/\/blog.glutenmenteschef.hu\/index.php\/2021\/05\/26\/churros-gluten-tej-es-tojasmentesen\/#primaryimage","url":"http:\/\/blog.glutenmenteschef.hu\/wp-content\/uploads\/2021\/05\/Churros-mindenmentes-1.jpg","contentUrl":"http:\/\/blog.glutenmenteschef.hu\/wp-content\/uploads\/2021\/05\/Churros-mindenmentes-1.jpg","width":1024,"height":768},{"@type":"BreadcrumbList","@id":"http:\/\/blog.glutenmenteschef.hu\/index.php\/2021\/05\/26\/churros-gluten-tej-es-tojasmentesen\/#breadcrumb","itemListElement":[{"@type":"ListItem","position":1,"name":"Home","item":"https:\/\/blog.glutenmenteschef.hu\/"},{"@type":"ListItem","position":2,"name":"CHURROS GLUT\u00c9N-, TEJ- \u00c9S TOJ\u00c1SMENTESEN"}]},{"@type":"WebSite","@id":"https:\/\/blog.glutenmenteschef.hu\/#website","url":"https:\/\/blog.glutenmenteschef.hu\/","name":"Glut\u00e9nmentes Chef blog - \u00c1tol Tibor","description":"Glut\u00e9nmentes \u00e9telek, glut\u00e9nmentes receptek, glut\u00e9nmentes vide\u00f3k","publisher":{"@id":"https:\/\/blog.glutenmenteschef.hu\/#\/schema\/person\/c07613f0b6c0f12f90b8cb23cf32754a"},"potentialAction":[{"@type":"SearchAction","target":{"@type":"EntryPoint","urlTemplate":"https:\/\/blog.glutenmenteschef.hu\/?s={search_term_string}"},"query-input":{"@type":"PropertyValueSpecification","valueRequired":true,"valueName":"search_term_string"}}],"inLanguage":"hu"},{"@type":["Person","Organization"],"@id":"https:\/\/blog.glutenmenteschef.hu\/#\/schema\/person\/c07613f0b6c0f12f90b8cb23cf32754a","name":"gmchef","image":{"@type":"ImageObject","inLanguage":"hu","@id":"https:\/\/blog.glutenmenteschef.hu\/#\/schema\/person\/image\/","url":"https:\/\/secure.gravatar.com\/avatar\/363a4977321cb6fa3321b7ac93139b68e56af77880ae9fd5a3b2e7a8279f6d74?s=96&d=mm&r=g","contentUrl":"https:\/\/secure.gravatar.com\/avatar\/363a4977321cb6fa3321b7ac93139b68e56af77880ae9fd5a3b2e7a8279f6d74?s=96&d=mm&r=g","caption":"gmchef"},"logo":{"@id":"https:\/\/blog.glutenmenteschef.hu\/#\/schema\/person\/image\/"},"sameAs":["https:\/\/www.facebook.com\/aglutenmentessef"]}]}},"_links":{"self":[{"href":"http:\/\/blog.glutenmenteschef.hu\/index.php\/wp-json\/wp\/v2\/posts\/28965","targetHints":{"allow":["GET"]}}],"collection":[{"href":"http:\/\/blog.glutenmenteschef.hu\/index.php\/wp-json\/wp\/v2\/posts"}],"about":[{"href":"http:\/\/blog.glutenmenteschef.hu\/index.php\/wp-json\/wp\/v2\/types\/post"}],"author":[{"embeddable":true,"href":"http:\/\/blog.glutenmenteschef.hu\/index.php\/wp-json\/wp\/v2\/users\/1"}],"replies":[{"embeddable":true,"href":"http:\/\/blog.glutenmenteschef.hu\/index.php\/wp-json\/wp\/v2\/comments?post=28965"}],"version-history":[{"count":0,"href":"http:\/\/blog.glutenmenteschef.hu\/index.php\/wp-json\/wp\/v2\/posts\/28965\/revisions"}],"wp:featuredmedia":[{"embeddable":true,"href":"http:\/\/blog.glutenmenteschef.hu\/index.php\/wp-json\/wp\/v2\/media\/28973"}],"wp:attachment":[{"href":"http:\/\/blog.glutenmenteschef.hu\/index.php\/wp-json\/wp\/v2\/media?parent=28965"}],"wp:term":[{"taxonomy":"category","embeddable":true,"href":"http:\/\/blog.glutenmenteschef.hu\/index.php\/wp-json\/wp\/v2\/categories?post=28965"},{"taxonomy":"post_tag","embeddable":true,"href":"http:\/\/blog.glutenmenteschef.hu\/index.php\/wp-json\/wp\/v2\/tags?post=28965"}],"curies":[{"name":"wp","href":"https:\/\/api.w.org\/{rel}","templated":true}]}}