{"id":28866,"date":"2021-03-11T11:31:31","date_gmt":"2021-03-11T11:31:31","guid":{"rendered":"https:\/\/blog.glutenmenteschef.hu\/?p=28866"},"modified":"2021-05-07T09:39:10","modified_gmt":"2021-05-07T09:39:10","slug":"paprikas-krumpli","status":"publish","type":"post","link":"http:\/\/blog.glutenmenteschef.hu\/index.php\/2021\/03\/11\/paprikas-krumpli\/","title":{"rendered":"PAPRIK\u00c1S KRUMPLI"},"content":{"rendered":"\n<h3 class=\"has-text-align-center wp-block-heading\"><strong>Paprik\u00e1s krumpli<\/strong><\/h3>\n\n\n\n<p class=\"has-text-align-center\">5 szem\u00e9lyre<br><br><br><\/p>\n\n\n\n<p>Az egyik legkedveltebb, egyszer\u0171en \u00e9s viszonylag gyorsan elk\u00e9sz\u00edthet\u0151 \u00e9tel\u00fcnk, ami eredend\u0151en glut\u00e9nmentes. Biztos vannak, akik &#8222;Serpeny\u0151s burgonya&#8221; n\u00e9ven is ismerhetik. <br>Szeretem, ha s\u0171r\u0171, tunkolhat\u00f3 a szaftja \u00e9s sokszor nem csak virslit, hanem kolb\u00e1szt is teszek bele.<br><br><br><\/p>\n\n\n\n<h5 class=\"has-text-align-center wp-block-heading\"><strong>Hozz\u00e1val\u00f3k:<\/strong><\/h5>\n\n\n\n<p class=\"has-text-align-center\">1 kg burgonya<br>70 g libazs\u00edr<br>300 g v\u00f6r\u00f6shagyma<br>200 g tv paprika<br>100 g paradicsom<br>10 g f\u0171szerpaprika<br>20 g s\u00f3<br>500 g h\u00e1zi s\u00fctnival\u00f3 kolb\u00e1sz megs\u00fctve, lecs\u00f3 kolb\u00e1sz vagy virsli<br><br><br><\/p>\n\n\n\n<div class=\"wp-block-image\"><figure class=\"aligncenter size-full is-resized\"><img loading=\"lazy\" decoding=\"async\" src=\"https:\/\/blog.glutenmenteschef.hu\/wp-content\/uploads\/2021\/03\/Paprikas-krumpli-5.jpg\" alt=\"\" class=\"wp-image-28876\" width=\"512\" height=\"384\" srcset=\"http:\/\/blog.glutenmenteschef.hu\/wp-content\/uploads\/2021\/03\/Paprikas-krumpli-5.jpg 1024w, http:\/\/blog.glutenmenteschef.hu\/wp-content\/uploads\/2021\/03\/Paprikas-krumpli-5-300x225.jpg 300w, http:\/\/blog.glutenmenteschef.hu\/wp-content\/uploads\/2021\/03\/Paprikas-krumpli-5-768x576.jpg 768w\" sizes=\"auto, (max-width: 512px) 100vw, 512px\" \/><\/figure><\/div>\n\n\n\n<p class=\"has-text-align-center\"><br><br><\/p>\n\n\n\n<h5 class=\"wp-block-heading\"><strong>Elk\u00e9sz\u00edt\u00e9s menete:<\/strong><\/h5>\n\n\n\n<p>A burgony\u00e1t, a v\u00f6r\u00f6shagym\u00e1t megtiszt\u00edtjuk, a paprik\u00e1val \u00e9s a paradicsommal egy\u00fctt megmossuk. A burgony\u00e1t 2 x 2 cm-es kock\u00e1kra v\u00e1gjuk, t\u00e1lba tessz\u00fck \u00e9s annyi vizet \u00f6nt\u00fcnk r\u00e1, hogy teljesen ellepje. <br>A v\u00f6r\u00f6shagym\u00e1t \u00e9s a tv paprik\u00e1t is &#8222;finomra&#8221; v\u00e1gjuk. ( apr\u00f3 kock\u00e1ra )<br><\/p>\n\n\n\n<p>3 literes l\u00e1basban a libazs\u00edrt felhev\u00edtj\u00fck, hozz\u00e1adjuk az apr\u00f3 kock\u00e1ra v\u00e1gott hagym\u00e1t \u00e9s \u00fcvegesre pir\u00edtjuk. Ezut\u00e1n r\u00e1tessz\u00fck a hagym\u00e1val megegyez\u0151 m\u00e9ret\u0171re v\u00e1gott tv paprik\u00e1t, s\u00f3zzuk, majd takar\u00e9k l\u00e1ngon kevergetve kb. 3 percig pir\u00edtjuk. <\/p>\n\n\n\n<p>A l\u00e1ngr\u00f3l f\u00e9lreh\u00fazzuk, belekeverj\u00fck a f\u0171szerpaprik\u00e1t, hozz\u00e1adjuk a felszeletelt paradicsomot \u00e9s fel\u00f6ntj\u00fck 3 dl v\u00edzzel. Fed\u0151 alatt minimum 30, de ink\u00e1bb 60 percig p\u00e1roljuk, ha sz\u00fcks\u00e9ges, a vizet p\u00f3toljuk. <\/p>\n\n\n\n<p>Amikor bes\u0171r\u0171s\u00f6d\u00f6tt, hozz\u00e1adjuk a lesz\u0171rt burgony\u00e1t, majd annyi vizet \u00f6nt\u00fcnk r\u00e1, hogy \u00e9ppen ellepje. Fed\u0151 alatt puh\u00e1ra f\u0151zz\u00fck. <\/p>\n\n\n\n<p>Hozz\u00e1 adjuk a v\u00e9kony karik\u00e1kra v\u00e1gott s\u00fctnival\u00f3 kolb\u00e1szt \/ lecs\u00f3 kolb\u00e1szt \/ virslit. 3 perc alatt \u00f6sszef\u0151zz\u00fck \u00e9s ezzel elk\u00e9sz\u00fclt.<br><br><\/p>\n\n\n\n<h5 class=\"wp-block-heading\"><strong>S\u00c9F TIPP 1:<\/strong><\/h5>\n\n\n\n<p>Ha a receptben le\u00edrt m\u00f3don sz\u00e9tf\u0151zz\u00fck az alapanyagokat, akkor egy s\u0171r\u0171, &#8222;p\u00f6rk\u00f6lt&#8221;szaftot kapunk. \u00cdgy az elk\u00e9sz\u00fclt paprik\u00e1s krumplinknak tunkolhat\u00f3 szaftja lesz, nem fog sz\u00e9tv\u00e1lni a krumplira \u00e9s a paprik\u00e1s v\u00edzben \u00faszk\u00e1l\u00f3 hagym\u00e1ra.<br><\/p>\n\n\n\n<h5 class=\"wp-block-heading\"><strong>S\u00c9F TIPP 2:<\/strong><\/h5>\n\n\n\n<p>A paradicsomot \u00e9n mindig megh\u00e1mozom, \u00edgy a k\u00e9sz \u00e9telben nem tal\u00e1lhatunk p\u00f6nd\u00f6r\u00f6d\u0151 h\u00e9jakat.<br><\/p>\n\n\n\n<h5 class=\"wp-block-heading\"><strong>S\u00c9F TIPP 3:<\/strong><\/h5>\n\n\n\n<p>Aki nokedlivel szereti a paprik\u00e1s krumplit, annak javaslom, hogy k\u00fcl\u00f6n k\u00e9sz\u00edtse el a galusk\u00e1t \u00e9s m\u00e1r kif\u0151tt \u00e1llapot\u00e1ban keverje a k\u00e9sz krumplihoz. Ugyanis ez a fajta paprik\u00e1s krumpli a s\u0171r\u0171s\u00e9ge miatt nem alkalmas arra, hogy belef\u0151zz\u00fck, mert \u00f6ssze\u00e1llhat az eg\u00e9sz.<\/p>\n\n\n\n<p> <\/p>\n","protected":false},"excerpt":{"rendered":"<p>Paprik\u00e1s krumpli 5 szem\u00e9lyre Az egyik legkedveltebb, egyszer\u0171en \u00e9s viszonylag gyorsan elk\u00e9sz\u00edthet\u0151 \u00e9tel\u00fcnk, ami eredend\u0151en glut\u00e9nmentes. Biztos vannak, akik &#8222;Serpeny\u0151s burgonya&#8221; n\u00e9ven is ismerhetik. Szeretem, ha s\u0171r\u0171, tunkolhat\u00f3 a szaftja \u00e9s sokszor nem csak virslit, hanem kolb\u00e1szt is teszek bele. Hozz\u00e1val\u00f3k: 1 kg burgonya70 g libazs\u00edr300 g v\u00f6r\u00f6shagyma200 g tv paprika100 g paradicsom10 g f\u0171szerpaprika20 <br \/><a class=\"more\" href=\"http:\/\/blog.glutenmenteschef.hu\/index.php\/2021\/03\/11\/paprikas-krumpli\/\">Read more&#8230; <\/a><\/p>\n","protected":false},"author":1,"featured_media":28873,"comment_status":"open","ping_status":"open","sticky":false,"template":"","format":"standard","meta":{"footnotes":""},"categories":[7],"tags":[5,577,578,576,579],"class_list":["post-28866","post","type-post","status-publish","format-standard","has-post-thumbnail","hentry","category-foetelek","tag-glutenmentes","tag-glutenmentesrecept","tag-paprikas-krumpli","tag-paprikaskrumpli","tag-serpenyos-burgonya"],"yoast_head":"<!-- This site is optimized with the Yoast SEO plugin v26.5 - https:\/\/yoast.com\/wordpress\/plugins\/seo\/ -->\n<title>PAPRIK\u00c1S KRUMPLI &#8211; Glut\u00e9nmentes Chef blog - \u00c1tol Tibor<\/title>\n<meta name=\"description\" content=\"Az egyik legkedveltebb, egyszer\u0171en \u00e9s viszonylag gyorsan elk\u00e9sz\u00edthet\u0151 \u00e9tel\u00fcnk, ami eredend\u0151en glut\u00e9nmentes. Biztos vannak, akik &quot;Serpeny\u0151s burgonya&quot; n\u00e9ven is ismerhetik. Szeretem, ha s\u0171r\u0171, tunkolhat\u00f3 a szaftja \u00e9s sokszor nem csak virslit, hanem kolb\u00e1szt is teszek bele.\" \/>\n<meta name=\"robots\" content=\"index, follow, max-snippet:-1, max-image-preview:large, max-video-preview:-1\" \/>\n<link rel=\"canonical\" href=\"http:\/\/blog.glutenmenteschef.hu\/index.php\/2021\/03\/11\/paprikas-krumpli\/\" \/>\n<meta property=\"og:locale\" content=\"hu_HU\" \/>\n<meta property=\"og:type\" content=\"article\" \/>\n<meta property=\"og:title\" content=\"PAPRIK\u00c1S KRUMPLI &#8211; Glut\u00e9nmentes Chef blog - \u00c1tol Tibor\" \/>\n<meta property=\"og:description\" content=\"Az egyik legkedveltebb, egyszer\u0171en \u00e9s viszonylag gyorsan elk\u00e9sz\u00edthet\u0151 \u00e9tel\u00fcnk, ami eredend\u0151en glut\u00e9nmentes. Biztos vannak, akik &quot;Serpeny\u0151s burgonya&quot; n\u00e9ven is ismerhetik. Szeretem, ha s\u0171r\u0171, tunkolhat\u00f3 a szaftja \u00e9s sokszor nem csak virslit, hanem kolb\u00e1szt is teszek bele.\" \/>\n<meta property=\"og:url\" content=\"http:\/\/blog.glutenmenteschef.hu\/index.php\/2021\/03\/11\/paprikas-krumpli\/\" \/>\n<meta property=\"og:site_name\" content=\"Glut\u00e9nmentes Chef blog - \u00c1tol Tibor\" \/>\n<meta property=\"article:publisher\" content=\"https:\/\/www.facebook.com\/aglutenmentessef\" \/>\n<meta property=\"article:author\" content=\"https:\/\/www.facebook.com\/aglutenmentessef\" \/>\n<meta property=\"article:published_time\" content=\"2021-03-11T11:31:31+00:00\" \/>\n<meta property=\"article:modified_time\" content=\"2021-05-07T09:39:10+00:00\" \/>\n<meta property=\"og:image\" content=\"http:\/\/blog.glutenmenteschef.hu\/wp-content\/uploads\/2021\/03\/Paprikas-krumpli-6.jpg\" \/>\n\t<meta property=\"og:image:width\" content=\"1024\" \/>\n\t<meta property=\"og:image:height\" content=\"768\" \/>\n\t<meta property=\"og:image:type\" content=\"image\/jpeg\" \/>\n<meta name=\"author\" content=\"gmchef\" \/>\n<meta name=\"twitter:card\" content=\"summary_large_image\" \/>\n<meta name=\"twitter:label1\" content=\"Szerz\u0151:\" \/>\n\t<meta name=\"twitter:data1\" content=\"gmchef\" \/>\n\t<meta name=\"twitter:label2\" content=\"Becs\u00fclt olvas\u00e1si id\u0151\" \/>\n\t<meta name=\"twitter:data2\" content=\"2 perc\" \/>\n<script type=\"application\/ld+json\" class=\"yoast-schema-graph\">{\"@context\":\"https:\/\/schema.org\",\"@graph\":[{\"@type\":\"Article\",\"@id\":\"http:\/\/blog.glutenmenteschef.hu\/index.php\/2021\/03\/11\/paprikas-krumpli\/#article\",\"isPartOf\":{\"@id\":\"http:\/\/blog.glutenmenteschef.hu\/index.php\/2021\/03\/11\/paprikas-krumpli\/\"},\"author\":{\"name\":\"gmchef\",\"@id\":\"https:\/\/blog.glutenmenteschef.hu\/#\/schema\/person\/c07613f0b6c0f12f90b8cb23cf32754a\"},\"headline\":\"PAPRIK\u00c1S KRUMPLI\",\"datePublished\":\"2021-03-11T11:31:31+00:00\",\"dateModified\":\"2021-05-07T09:39:10+00:00\",\"mainEntityOfPage\":{\"@id\":\"http:\/\/blog.glutenmenteschef.hu\/index.php\/2021\/03\/11\/paprikas-krumpli\/\"},\"wordCount\":440,\"commentCount\":0,\"publisher\":{\"@id\":\"https:\/\/blog.glutenmenteschef.hu\/#\/schema\/person\/c07613f0b6c0f12f90b8cb23cf32754a\"},\"image\":{\"@id\":\"http:\/\/blog.glutenmenteschef.hu\/index.php\/2021\/03\/11\/paprikas-krumpli\/#primaryimage\"},\"thumbnailUrl\":\"http:\/\/blog.glutenmenteschef.hu\/wp-content\/uploads\/2021\/03\/Paprikas-krumpli-6.jpg\",\"keywords\":[\"glut\u00e9nmentes\",\"glut\u00e9nmentesrecept\",\"paprik\u00e1s krumpli\",\"paprik\u00e1skrumpli\",\"serpeny\u0151s burgonya\"],\"articleSection\":[\"F\u0151\u00e9telek\"],\"inLanguage\":\"hu\",\"potentialAction\":[{\"@type\":\"CommentAction\",\"name\":\"Comment\",\"target\":[\"http:\/\/blog.glutenmenteschef.hu\/index.php\/2021\/03\/11\/paprikas-krumpli\/#respond\"]}]},{\"@type\":\"WebPage\",\"@id\":\"http:\/\/blog.glutenmenteschef.hu\/index.php\/2021\/03\/11\/paprikas-krumpli\/\",\"url\":\"http:\/\/blog.glutenmenteschef.hu\/index.php\/2021\/03\/11\/paprikas-krumpli\/\",\"name\":\"PAPRIK\u00c1S KRUMPLI &#8211; Glut\u00e9nmentes Chef blog - \u00c1tol Tibor\",\"isPartOf\":{\"@id\":\"https:\/\/blog.glutenmenteschef.hu\/#website\"},\"primaryImageOfPage\":{\"@id\":\"http:\/\/blog.glutenmenteschef.hu\/index.php\/2021\/03\/11\/paprikas-krumpli\/#primaryimage\"},\"image\":{\"@id\":\"http:\/\/blog.glutenmenteschef.hu\/index.php\/2021\/03\/11\/paprikas-krumpli\/#primaryimage\"},\"thumbnailUrl\":\"http:\/\/blog.glutenmenteschef.hu\/wp-content\/uploads\/2021\/03\/Paprikas-krumpli-6.jpg\",\"datePublished\":\"2021-03-11T11:31:31+00:00\",\"dateModified\":\"2021-05-07T09:39:10+00:00\",\"description\":\"Az egyik legkedveltebb, egyszer\u0171en \u00e9s viszonylag gyorsan elk\u00e9sz\u00edthet\u0151 \u00e9tel\u00fcnk, ami eredend\u0151en glut\u00e9nmentes. Biztos vannak, akik \\\"Serpeny\u0151s burgonya\\\" n\u00e9ven is ismerhetik. Szeretem, ha s\u0171r\u0171, tunkolhat\u00f3 a szaftja \u00e9s sokszor nem csak virslit, hanem kolb\u00e1szt is teszek bele.\",\"breadcrumb\":{\"@id\":\"http:\/\/blog.glutenmenteschef.hu\/index.php\/2021\/03\/11\/paprikas-krumpli\/#breadcrumb\"},\"inLanguage\":\"hu\",\"potentialAction\":[{\"@type\":\"ReadAction\",\"target\":[\"http:\/\/blog.glutenmenteschef.hu\/index.php\/2021\/03\/11\/paprikas-krumpli\/\"]}]},{\"@type\":\"ImageObject\",\"inLanguage\":\"hu\",\"@id\":\"http:\/\/blog.glutenmenteschef.hu\/index.php\/2021\/03\/11\/paprikas-krumpli\/#primaryimage\",\"url\":\"http:\/\/blog.glutenmenteschef.hu\/wp-content\/uploads\/2021\/03\/Paprikas-krumpli-6.jpg\",\"contentUrl\":\"http:\/\/blog.glutenmenteschef.hu\/wp-content\/uploads\/2021\/03\/Paprikas-krumpli-6.jpg\",\"width\":1024,\"height\":768},{\"@type\":\"BreadcrumbList\",\"@id\":\"http:\/\/blog.glutenmenteschef.hu\/index.php\/2021\/03\/11\/paprikas-krumpli\/#breadcrumb\",\"itemListElement\":[{\"@type\":\"ListItem\",\"position\":1,\"name\":\"Home\",\"item\":\"https:\/\/blog.glutenmenteschef.hu\/\"},{\"@type\":\"ListItem\",\"position\":2,\"name\":\"PAPRIK\u00c1S KRUMPLI\"}]},{\"@type\":\"WebSite\",\"@id\":\"https:\/\/blog.glutenmenteschef.hu\/#website\",\"url\":\"https:\/\/blog.glutenmenteschef.hu\/\",\"name\":\"Glut\u00e9nmentes Chef blog - \u00c1tol Tibor\",\"description\":\"Glut\u00e9nmentes \u00e9telek, glut\u00e9nmentes receptek, glut\u00e9nmentes vide\u00f3k\",\"publisher\":{\"@id\":\"https:\/\/blog.glutenmenteschef.hu\/#\/schema\/person\/c07613f0b6c0f12f90b8cb23cf32754a\"},\"potentialAction\":[{\"@type\":\"SearchAction\",\"target\":{\"@type\":\"EntryPoint\",\"urlTemplate\":\"https:\/\/blog.glutenmenteschef.hu\/?s={search_term_string}\"},\"query-input\":{\"@type\":\"PropertyValueSpecification\",\"valueRequired\":true,\"valueName\":\"search_term_string\"}}],\"inLanguage\":\"hu\"},{\"@type\":[\"Person\",\"Organization\"],\"@id\":\"https:\/\/blog.glutenmenteschef.hu\/#\/schema\/person\/c07613f0b6c0f12f90b8cb23cf32754a\",\"name\":\"gmchef\",\"image\":{\"@type\":\"ImageObject\",\"inLanguage\":\"hu\",\"@id\":\"https:\/\/blog.glutenmenteschef.hu\/#\/schema\/person\/image\/\",\"url\":\"https:\/\/secure.gravatar.com\/avatar\/363a4977321cb6fa3321b7ac93139b68e56af77880ae9fd5a3b2e7a8279f6d74?s=96&d=mm&r=g\",\"contentUrl\":\"https:\/\/secure.gravatar.com\/avatar\/363a4977321cb6fa3321b7ac93139b68e56af77880ae9fd5a3b2e7a8279f6d74?s=96&d=mm&r=g\",\"caption\":\"gmchef\"},\"logo\":{\"@id\":\"https:\/\/blog.glutenmenteschef.hu\/#\/schema\/person\/image\/\"},\"sameAs\":[\"https:\/\/www.facebook.com\/aglutenmentessef\"]}]}<\/script>\n<!-- \/ Yoast SEO plugin. -->","yoast_head_json":{"title":"PAPRIK\u00c1S KRUMPLI &#8211; Glut\u00e9nmentes Chef blog - \u00c1tol Tibor","description":"Az egyik legkedveltebb, egyszer\u0171en \u00e9s viszonylag gyorsan elk\u00e9sz\u00edthet\u0151 \u00e9tel\u00fcnk, ami eredend\u0151en glut\u00e9nmentes. Biztos vannak, akik \"Serpeny\u0151s burgonya\" n\u00e9ven is ismerhetik. Szeretem, ha s\u0171r\u0171, tunkolhat\u00f3 a szaftja \u00e9s sokszor nem csak virslit, hanem kolb\u00e1szt is teszek bele.","robots":{"index":"index","follow":"follow","max-snippet":"max-snippet:-1","max-image-preview":"max-image-preview:large","max-video-preview":"max-video-preview:-1"},"canonical":"http:\/\/blog.glutenmenteschef.hu\/index.php\/2021\/03\/11\/paprikas-krumpli\/","og_locale":"hu_HU","og_type":"article","og_title":"PAPRIK\u00c1S KRUMPLI &#8211; Glut\u00e9nmentes Chef blog - \u00c1tol Tibor","og_description":"Az egyik legkedveltebb, egyszer\u0171en \u00e9s viszonylag gyorsan elk\u00e9sz\u00edthet\u0151 \u00e9tel\u00fcnk, ami eredend\u0151en glut\u00e9nmentes. Biztos vannak, akik \"Serpeny\u0151s burgonya\" n\u00e9ven is ismerhetik. Szeretem, ha s\u0171r\u0171, tunkolhat\u00f3 a szaftja \u00e9s sokszor nem csak virslit, hanem kolb\u00e1szt is teszek bele.","og_url":"http:\/\/blog.glutenmenteschef.hu\/index.php\/2021\/03\/11\/paprikas-krumpli\/","og_site_name":"Glut\u00e9nmentes Chef blog - \u00c1tol Tibor","article_publisher":"https:\/\/www.facebook.com\/aglutenmentessef","article_author":"https:\/\/www.facebook.com\/aglutenmentessef","article_published_time":"2021-03-11T11:31:31+00:00","article_modified_time":"2021-05-07T09:39:10+00:00","og_image":[{"width":1024,"height":768,"url":"http:\/\/blog.glutenmenteschef.hu\/wp-content\/uploads\/2021\/03\/Paprikas-krumpli-6.jpg","type":"image\/jpeg"}],"author":"gmchef","twitter_card":"summary_large_image","twitter_misc":{"Szerz\u0151:":"gmchef","Becs\u00fclt olvas\u00e1si id\u0151":"2 perc"},"schema":{"@context":"https:\/\/schema.org","@graph":[{"@type":"Article","@id":"http:\/\/blog.glutenmenteschef.hu\/index.php\/2021\/03\/11\/paprikas-krumpli\/#article","isPartOf":{"@id":"http:\/\/blog.glutenmenteschef.hu\/index.php\/2021\/03\/11\/paprikas-krumpli\/"},"author":{"name":"gmchef","@id":"https:\/\/blog.glutenmenteschef.hu\/#\/schema\/person\/c07613f0b6c0f12f90b8cb23cf32754a"},"headline":"PAPRIK\u00c1S KRUMPLI","datePublished":"2021-03-11T11:31:31+00:00","dateModified":"2021-05-07T09:39:10+00:00","mainEntityOfPage":{"@id":"http:\/\/blog.glutenmenteschef.hu\/index.php\/2021\/03\/11\/paprikas-krumpli\/"},"wordCount":440,"commentCount":0,"publisher":{"@id":"https:\/\/blog.glutenmenteschef.hu\/#\/schema\/person\/c07613f0b6c0f12f90b8cb23cf32754a"},"image":{"@id":"http:\/\/blog.glutenmenteschef.hu\/index.php\/2021\/03\/11\/paprikas-krumpli\/#primaryimage"},"thumbnailUrl":"http:\/\/blog.glutenmenteschef.hu\/wp-content\/uploads\/2021\/03\/Paprikas-krumpli-6.jpg","keywords":["glut\u00e9nmentes","glut\u00e9nmentesrecept","paprik\u00e1s krumpli","paprik\u00e1skrumpli","serpeny\u0151s burgonya"],"articleSection":["F\u0151\u00e9telek"],"inLanguage":"hu","potentialAction":[{"@type":"CommentAction","name":"Comment","target":["http:\/\/blog.glutenmenteschef.hu\/index.php\/2021\/03\/11\/paprikas-krumpli\/#respond"]}]},{"@type":"WebPage","@id":"http:\/\/blog.glutenmenteschef.hu\/index.php\/2021\/03\/11\/paprikas-krumpli\/","url":"http:\/\/blog.glutenmenteschef.hu\/index.php\/2021\/03\/11\/paprikas-krumpli\/","name":"PAPRIK\u00c1S KRUMPLI &#8211; Glut\u00e9nmentes Chef blog - \u00c1tol Tibor","isPartOf":{"@id":"https:\/\/blog.glutenmenteschef.hu\/#website"},"primaryImageOfPage":{"@id":"http:\/\/blog.glutenmenteschef.hu\/index.php\/2021\/03\/11\/paprikas-krumpli\/#primaryimage"},"image":{"@id":"http:\/\/blog.glutenmenteschef.hu\/index.php\/2021\/03\/11\/paprikas-krumpli\/#primaryimage"},"thumbnailUrl":"http:\/\/blog.glutenmenteschef.hu\/wp-content\/uploads\/2021\/03\/Paprikas-krumpli-6.jpg","datePublished":"2021-03-11T11:31:31+00:00","dateModified":"2021-05-07T09:39:10+00:00","description":"Az egyik legkedveltebb, egyszer\u0171en \u00e9s viszonylag gyorsan elk\u00e9sz\u00edthet\u0151 \u00e9tel\u00fcnk, ami eredend\u0151en glut\u00e9nmentes. Biztos vannak, akik \"Serpeny\u0151s burgonya\" n\u00e9ven is ismerhetik. Szeretem, ha s\u0171r\u0171, tunkolhat\u00f3 a szaftja \u00e9s sokszor nem csak virslit, hanem kolb\u00e1szt is teszek bele.","breadcrumb":{"@id":"http:\/\/blog.glutenmenteschef.hu\/index.php\/2021\/03\/11\/paprikas-krumpli\/#breadcrumb"},"inLanguage":"hu","potentialAction":[{"@type":"ReadAction","target":["http:\/\/blog.glutenmenteschef.hu\/index.php\/2021\/03\/11\/paprikas-krumpli\/"]}]},{"@type":"ImageObject","inLanguage":"hu","@id":"http:\/\/blog.glutenmenteschef.hu\/index.php\/2021\/03\/11\/paprikas-krumpli\/#primaryimage","url":"http:\/\/blog.glutenmenteschef.hu\/wp-content\/uploads\/2021\/03\/Paprikas-krumpli-6.jpg","contentUrl":"http:\/\/blog.glutenmenteschef.hu\/wp-content\/uploads\/2021\/03\/Paprikas-krumpli-6.jpg","width":1024,"height":768},{"@type":"BreadcrumbList","@id":"http:\/\/blog.glutenmenteschef.hu\/index.php\/2021\/03\/11\/paprikas-krumpli\/#breadcrumb","itemListElement":[{"@type":"ListItem","position":1,"name":"Home","item":"https:\/\/blog.glutenmenteschef.hu\/"},{"@type":"ListItem","position":2,"name":"PAPRIK\u00c1S KRUMPLI"}]},{"@type":"WebSite","@id":"https:\/\/blog.glutenmenteschef.hu\/#website","url":"https:\/\/blog.glutenmenteschef.hu\/","name":"Glut\u00e9nmentes Chef blog - \u00c1tol Tibor","description":"Glut\u00e9nmentes \u00e9telek, glut\u00e9nmentes receptek, glut\u00e9nmentes vide\u00f3k","publisher":{"@id":"https:\/\/blog.glutenmenteschef.hu\/#\/schema\/person\/c07613f0b6c0f12f90b8cb23cf32754a"},"potentialAction":[{"@type":"SearchAction","target":{"@type":"EntryPoint","urlTemplate":"https:\/\/blog.glutenmenteschef.hu\/?s={search_term_string}"},"query-input":{"@type":"PropertyValueSpecification","valueRequired":true,"valueName":"search_term_string"}}],"inLanguage":"hu"},{"@type":["Person","Organization"],"@id":"https:\/\/blog.glutenmenteschef.hu\/#\/schema\/person\/c07613f0b6c0f12f90b8cb23cf32754a","name":"gmchef","image":{"@type":"ImageObject","inLanguage":"hu","@id":"https:\/\/blog.glutenmenteschef.hu\/#\/schema\/person\/image\/","url":"https:\/\/secure.gravatar.com\/avatar\/363a4977321cb6fa3321b7ac93139b68e56af77880ae9fd5a3b2e7a8279f6d74?s=96&d=mm&r=g","contentUrl":"https:\/\/secure.gravatar.com\/avatar\/363a4977321cb6fa3321b7ac93139b68e56af77880ae9fd5a3b2e7a8279f6d74?s=96&d=mm&r=g","caption":"gmchef"},"logo":{"@id":"https:\/\/blog.glutenmenteschef.hu\/#\/schema\/person\/image\/"},"sameAs":["https:\/\/www.facebook.com\/aglutenmentessef"]}]}},"_links":{"self":[{"href":"http:\/\/blog.glutenmenteschef.hu\/index.php\/wp-json\/wp\/v2\/posts\/28866","targetHints":{"allow":["GET"]}}],"collection":[{"href":"http:\/\/blog.glutenmenteschef.hu\/index.php\/wp-json\/wp\/v2\/posts"}],"about":[{"href":"http:\/\/blog.glutenmenteschef.hu\/index.php\/wp-json\/wp\/v2\/types\/post"}],"author":[{"embeddable":true,"href":"http:\/\/blog.glutenmenteschef.hu\/index.php\/wp-json\/wp\/v2\/users\/1"}],"replies":[{"embeddable":true,"href":"http:\/\/blog.glutenmenteschef.hu\/index.php\/wp-json\/wp\/v2\/comments?post=28866"}],"version-history":[{"count":0,"href":"http:\/\/blog.glutenmenteschef.hu\/index.php\/wp-json\/wp\/v2\/posts\/28866\/revisions"}],"wp:featuredmedia":[{"embeddable":true,"href":"http:\/\/blog.glutenmenteschef.hu\/index.php\/wp-json\/wp\/v2\/media\/28873"}],"wp:attachment":[{"href":"http:\/\/blog.glutenmenteschef.hu\/index.php\/wp-json\/wp\/v2\/media?parent=28866"}],"wp:term":[{"taxonomy":"category","embeddable":true,"href":"http:\/\/blog.glutenmenteschef.hu\/index.php\/wp-json\/wp\/v2\/categories?post=28866"},{"taxonomy":"post_tag","embeddable":true,"href":"http:\/\/blog.glutenmenteschef.hu\/index.php\/wp-json\/wp\/v2\/tags?post=28866"}],"curies":[{"name":"wp","href":"https:\/\/api.w.org\/{rel}","templated":true}]}}