{"id":28690,"date":"2021-06-30T20:31:05","date_gmt":"2021-06-30T20:31:05","guid":{"rendered":"https:\/\/blog.glutenmenteschef.hu\/?p=28690"},"modified":"2022-08-18T20:43:47","modified_gmt":"2022-08-18T20:43:47","slug":"milanoi-serteskaraj-glutenmentesen","status":"publish","type":"post","link":"http:\/\/blog.glutenmenteschef.hu\/index.php\/2021\/06\/30\/milanoi-serteskaraj-glutenmentesen\/","title":{"rendered":"MIL\u00c1N\u00d3I SERT\u00c9SKARAJ GLUT\u00c9NMENTESEN"},"content":{"rendered":"\n<h3 class=\"has-text-align-center wp-block-heading\"><strong>Mil\u00e1n\u00f3i sert\u00e9skaraj glut\u00e9nmentesen<\/strong><\/h3>\n\n\n\n<p class=\"has-text-align-center\"><strong>5 adag<\/strong><br><br><br><br><\/p>\n\n\n\n<p class=\"has-text-align-left\">A &#8222;Mil\u00e1n\u00f3i&#8221; eredete tal\u00e1n sokaknak meglep\u0151 lesz! <br>Amit mi r\u00e1ntott h\u00fasnak, b\u00e9csi szeletnek h\u00edvunk, Olaszorsz\u00e1gb\u00f3l sz\u00e1rmazik, m\u00e9ghozz\u00e1 Mil\u00e1n\u00f3b\u00f3l ( \u0151k tal\u00e1lt\u00e1k ki ). <strong>It\u00e1li\u00e1ban a pan\u00edroz\u00e1st, majd a b\u0151 zsirad\u00e9kban s\u00fct\u00e9st nevezik mil\u00e1n\u00f3i m\u00f3dnak,<\/strong> ami \u00e1ltal\u00e1ban liszt n\u00e9lk\u00fcl t\u00f6rt\u00e9nik, csak toj\u00e1sban \u00e9s zsemlemorzs\u00e1ban megforgatva a h\u00fast. <br>Mil\u00e1n\u00f3 osztr\u00e1k megsz\u00e1ll\u00e1sa ut\u00e1n Radetzky t\u00e1bornagy vitte mag\u00e1val a receptet B\u00e9csbe, majd honos\u00edtotta meg \u00e9s b\u00e9csi szeletk\u00e9nt ismertette meg a vil\u00e1ggal.  \u00a0<br>Teh\u00e1t, ha Olaszorsz\u00e1gban mil\u00e1n\u00f3it rendel\u00fcnk egy \u00e9tteremben, biztosak lehet\u00fcnk benne, hogy egy r\u00e1ntott h\u00fas lesz a t\u00e1ny\u00e9runkon. <br>Azonban idehaza a &#8222;mil\u00e1n\u00f3i&#8221; els\u0151 sorban a gomb\u00e1s, f\u00fcst\u00f6lt h\u00fasos, paradicsomos sz\u00f3sszal \u00f6sszeforgatott spagettit jelenti, sokszor r\u00e1ntott h\u00fas n\u00e9lk\u00fcl. Gyakran m\u00e9g a dar\u00e1lt h\u00fasb\u00f3l k\u00e9sz\u00fclt bolognai raguval is \u00f6sszet\u00e9vesztik. <br>A &#8222;Mil\u00e1n\u00f3i sert\u00e9sborda&#8221; szint\u00e9n magyar tal\u00e1lm\u00e1ny, l\u00e9nyeg\u00e9ben r\u00e1ntott h\u00fas mil\u00e1n\u00f3i makar\u00f3nival t\u00e1lalva. A h\u00fas lehet borj\u00fa, sert\u00e9sborda, de csirkemell is \u00e9s persze glut\u00e9nmentesen is minden gond n\u00e9lk\u00fcl elk\u00e9sz\u00edthet\u0151. <br><br><br><\/p>\n\n\n\n<div class=\"wp-block-image\"><figure class=\"aligncenter size-full is-resized\"><img loading=\"lazy\" decoding=\"async\" src=\"https:\/\/blog.glutenmenteschef.hu\/wp-content\/uploads\/2022\/08\/Milanoi-serteskaraj-4.jpg\" alt=\"\" class=\"wp-image-30048\" width=\"512\" height=\"683\" srcset=\"http:\/\/blog.glutenmenteschef.hu\/wp-content\/uploads\/2022\/08\/Milanoi-serteskaraj-4.jpg 1024w, http:\/\/blog.glutenmenteschef.hu\/wp-content\/uploads\/2022\/08\/Milanoi-serteskaraj-4-225x300.jpg 225w, http:\/\/blog.glutenmenteschef.hu\/wp-content\/uploads\/2022\/08\/Milanoi-serteskaraj-4-768x1024.jpg 768w\" sizes=\"auto, (max-width: 512px) 100vw, 512px\" \/><figcaption><br><br><br><\/figcaption><\/figure><\/div>\n\n\n\n<h5 class=\"has-text-align-center wp-block-heading\"><br><br><strong>Hozz\u00e1val\u00f3k a mil\u00e1n\u00f3ihoz :<\/strong><\/h5>\n\n\n\n<p class=\"has-text-align-center\">70 dkg sert\u00e9s karaj, sert\u00e9s sz\u0171z vagy csirkemell fil\u00e9<br>50 g reszelt sajt<br>100 g finomra \u0151r\u00f6lt burgonyapehely<br>2 toj\u00e1s<br>100 g rizsliszt<br>3 dl olaj vagy zs\u00edr<br>10 g s\u00f3<br><br><\/p>\n\n\n\n<h5 class=\"has-text-align-center wp-block-heading\"><strong>Hozz\u00e1val\u00f3k a t\u00e9szt\u00e1hoz:<\/strong><\/h5>\n\n\n\n<p class=\"has-text-align-center\" id=\"block-3fb3592d-4286-4fc8-a9e7-39761ff4d39b\">250 g gomba (csiperke)<br>100 g cs\u00edkokra darabolt pancetta <br>( de b\u00e1rmilyen nyers f\u00fcst\u00f6lt h\u00fassal, bacon szalonn\u00e1val is kiv\u00e1lthat\u00f3 )<br>50 g v\u00f6r\u00f6shagyma<br>0,5 dl \u00e9tolaj<br>100 g reszelt sajt<br>1 g oregano<br>3-4 g s\u00f3<br>1 g t\u00f6r\u00f6tt bors<br>3 g fokhagyma<br>1 g bazsalikom<br>250 g passata di pomodoro <br>( vagy 500 g h\u00e1mozott, apr\u00f3 kock\u00e1ra v\u00e1gott friss paradicsom)<br>20 g cukor<br><br><br>500 g glut\u00e9nmentes spagetti<br>20 g s\u00f3<br><br><br><\/p>\n\n\n\n<div class=\"wp-block-image\"><figure class=\"aligncenter size-full is-resized\"><img loading=\"lazy\" decoding=\"async\" src=\"https:\/\/blog.glutenmenteschef.hu\/wp-content\/uploads\/2021\/06\/Milanoi-serteskaraj-4-1.jpg\" alt=\"\" class=\"wp-image-29068\" width=\"512\" height=\"384\" srcset=\"http:\/\/blog.glutenmenteschef.hu\/wp-content\/uploads\/2021\/06\/Milanoi-serteskaraj-4-1.jpg 1024w, http:\/\/blog.glutenmenteschef.hu\/wp-content\/uploads\/2021\/06\/Milanoi-serteskaraj-4-1-300x225.jpg 300w, http:\/\/blog.glutenmenteschef.hu\/wp-content\/uploads\/2021\/06\/Milanoi-serteskaraj-4-1-768x576.jpg 768w\" sizes=\"auto, (max-width: 512px) 100vw, 512px\" \/><figcaption><br><br><br><\/figcaption><\/figure><\/div>\n\n\n\n<h5 class=\"has-text-align-left wp-block-heading\"><br><strong>A t\u00e9szta:<\/strong><\/h5>\n\n\n\n<p>A gomb\u00e1t megmossuk cs\u00edkokra v\u00e1gjuk. <br>A megtiszt\u00edtott v\u00f6r\u00f6shagym\u00e1t apr\u00f3ra v\u00e1gjuk.<\/p>\n\n\n\n<p>L\u00e1basban olajat hev\u00edt\u00fcnk, hozz\u00e1adjuk a cs\u00edkokra darabolt pancett\u00e1t \u00e9s 1 percig pir\u00edtjuk k\u00f6zepes l\u00e1ngon kevergetve. R\u00e1tessz\u00fck a hagym\u00e1t, \u00fajabb 1 perc ut\u00e1n a gomb\u00e1t \u00e9s a f\u0171szereket az \u00f6sszez\u00fazott fokhagym\u00e1val.<br>Ekkor beletessz\u00fck a paradicsomot. Fed\u0151 alatt 5 percig lassan forraljuk.  <br><br><br><\/p>\n\n\n\n<figure class=\"wp-block-gallery aligncenter has-nested-images columns-default is-cropped wp-block-gallery-1 is-layout-flex wp-block-gallery-is-layout-flex\">\n<figure class=\"wp-block-image size-large\"><img loading=\"lazy\" decoding=\"async\" width=\"1024\" height=\"768\" data-id=\"29051\" src=\"https:\/\/blog.glutenmenteschef.hu\/wp-content\/uploads\/2021\/06\/Milanoi-alapanyagok-1-1.jpg\" alt=\"\" class=\"wp-image-29051\" srcset=\"http:\/\/blog.glutenmenteschef.hu\/wp-content\/uploads\/2021\/06\/Milanoi-alapanyagok-1-1.jpg 1024w, http:\/\/blog.glutenmenteschef.hu\/wp-content\/uploads\/2021\/06\/Milanoi-alapanyagok-1-1-300x225.jpg 300w, http:\/\/blog.glutenmenteschef.hu\/wp-content\/uploads\/2021\/06\/Milanoi-alapanyagok-1-1-768x576.jpg 768w\" sizes=\"auto, (max-width: 1024px) 100vw, 1024px\" \/><\/figure>\n\n\n\n<figure class=\"wp-block-image size-large\"><img loading=\"lazy\" decoding=\"async\" width=\"1024\" height=\"716\" data-id=\"29052\" src=\"https:\/\/blog.glutenmenteschef.hu\/wp-content\/uploads\/2021\/06\/Milanoi-alapanyagok-2-1.jpg\" alt=\"\" class=\"wp-image-29052\" srcset=\"http:\/\/blog.glutenmenteschef.hu\/wp-content\/uploads\/2021\/06\/Milanoi-alapanyagok-2-1.jpg 1024w, http:\/\/blog.glutenmenteschef.hu\/wp-content\/uploads\/2021\/06\/Milanoi-alapanyagok-2-1-300x210.jpg 300w, http:\/\/blog.glutenmenteschef.hu\/wp-content\/uploads\/2021\/06\/Milanoi-alapanyagok-2-1-768x537.jpg 768w\" sizes=\"auto, (max-width: 1024px) 100vw, 1024px\" \/><\/figure>\n<\/figure>\n\n\n\n<p><br>A t\u00e9szt\u00e1t minimum 3 liter v\u00edzben a 20 g s\u00f3val 90%-ig f\u0151zz\u00fck meg puh\u00e1ra ( al dente ). Nem \u00f6sszet\u00f6rve, csak a f\u0151z\u0151ed\u00e9nybe bele\u00e1ll\u00edtva kezdj\u00fck a f\u0151z\u00e9s\u00e9t, hagyjuk, hogy mag\u00e1t\u00f3l ereszkedjen a v\u00edzbe. <br><br><\/p>\n\n\n\n<div class=\"wp-block-image\"><figure class=\"aligncenter size-large is-resized\"><img loading=\"lazy\" decoding=\"async\" src=\"https:\/\/blog.glutenmenteschef.hu\/wp-content\/uploads\/2021\/06\/Milanoi-alapanyagok-3-1-e1625004519652.jpg\" alt=\"\" class=\"wp-image-29053\" width=\"384\" height=\"512\"\/><\/figure><\/div>\n\n\n\n<p><br><br>Ha k\u00e9sz, lesz\u0171rj\u00fck, de nem mossuk le! M\u00e9g forr\u00f3n a raguhoz keverj\u00fck \u00e9s 5 &#8211; 10 percet hagyjuk fed\u0151 alatt \u00e1llni. Ez id\u0151 alatt puhul meg teljesen \u00fagy, hogy a ragu lev\u00e9b\u0151l vesz fel nedvess\u00e9get.<br><br><\/p>\n\n\n\n<p><strong>A h\u00fas:<\/strong><\/p>\n\n\n\n<p>A h\u00fast felszeletelj\u00fck, kiklopfoljuk 3 &#8211; 5 mm v\u00e9konyra, mindk\u00e9t oldal\u00e1t bes\u00f3zzuk.<br>A burgonyapelyhet kis m\u00e9ret\u0171 tepsibe \u00f6ntj\u00fck, \u00f6sszekeverj\u00fck 25 g reszelt sajttal.<br>A rizslisztet is egy kisebb tepsibe vagy \u00fcvegt\u00e1lba \u00f6ntj\u00fck.<br>A toj\u00e1sokat 1 literes t\u00e1lba \u00fctj\u00fck, habver\u0151vel elkeverj\u00fck.<\/p>\n\n\n\n<p>A h\u00fasszeleteket bepan\u00edrozzuk: el\u0151sz\u00f6r lisztbe forgatjuk, majd toj\u00e1sba \u00e9s v\u00e9g\u00fcl burgonyapehelybe.<\/p>\n\n\n\n<p>Serpeny\u0151ben olajat vagy zs\u00edrt hev\u00edt\u00fcnk \u00e9s k\u00f6zepes h\u0151m\u00e9rs\u00e9kleten ( 140 &#8211; 160 fok ) megs\u00fctj\u00fck benne a h\u00fasok mind a k\u00e9t oldal\u00e1t, 2-2 percig. R\u00e1csra szedj\u00fck \u00e9s reszelt sajttal megsz\u00f3rjuk.<\/p>\n\n\n\n<h5 class=\"wp-block-heading\"><strong>T\u00e1lal\u00e1s:<\/strong><\/h5>\n\n\n\n<p>T\u00e1ny\u00e9rra szedj\u00fck a a gomb\u00e1s-paradicsomos sz\u00f3sszal \u00f6sszeforgatott spagettit \u00e9s reszelt sajttal megsz\u00f3rjuk. Friss bazsalikom lev\u00e9llel d\u00edsz\u00edtj\u00fck, mell\u00e9 helyezz\u00fck a kis\u00fclt h\u00fast.<br><br><\/p>\n\n\n\n<div class=\"wp-block-image\"><figure class=\"aligncenter size-large is-resized\"><img loading=\"lazy\" decoding=\"async\" src=\"https:\/\/blog.glutenmenteschef.hu\/wp-content\/uploads\/2021\/06\/Milanoi-serteskaraj-12.jpg\" alt=\"\" class=\"wp-image-29062\" width=\"512\" height=\"384\" srcset=\"http:\/\/blog.glutenmenteschef.hu\/wp-content\/uploads\/2021\/06\/Milanoi-serteskaraj-12.jpg 1024w, http:\/\/blog.glutenmenteschef.hu\/wp-content\/uploads\/2021\/06\/Milanoi-serteskaraj-12-300x225.jpg 300w, http:\/\/blog.glutenmenteschef.hu\/wp-content\/uploads\/2021\/06\/Milanoi-serteskaraj-12-768x576.jpg 768w\" sizes=\"auto, (max-width: 512px) 100vw, 512px\" \/><\/figure><\/div>\n\n\n\n<h5 class=\"has-text-align-center wp-block-heading\"><br><\/h5>\n\n\n\n<p><\/p>\n","protected":false},"excerpt":{"rendered":"<p>Mil\u00e1n\u00f3i sert\u00e9skaraj glut\u00e9nmentesen 5 adag A &#8222;Mil\u00e1n\u00f3i&#8221; eredete tal\u00e1n sokaknak meglep\u0151 lesz! Amit mi r\u00e1ntott h\u00fasnak, b\u00e9csi szeletnek h\u00edvunk, Olaszorsz\u00e1gb\u00f3l sz\u00e1rmazik, m\u00e9ghozz\u00e1 Mil\u00e1n\u00f3b\u00f3l ( \u0151k tal\u00e1lt\u00e1k ki ). It\u00e1li\u00e1ban a pan\u00edroz\u00e1st, majd a b\u0151 zsirad\u00e9kban s\u00fct\u00e9st nevezik mil\u00e1n\u00f3i m\u00f3dnak, ami \u00e1ltal\u00e1ban liszt n\u00e9lk\u00fcl t\u00f6rt\u00e9nik, csak toj\u00e1sban \u00e9s zsemlemorzs\u00e1ban megforgatva a h\u00fast. Mil\u00e1n\u00f3 osztr\u00e1k megsz\u00e1ll\u00e1sa ut\u00e1n <br \/><a class=\"more\" href=\"http:\/\/blog.glutenmenteschef.hu\/index.php\/2021\/06\/30\/milanoi-serteskaraj-glutenmentesen\/\">Read more&#8230; <\/a><\/p>\n","protected":false},"author":1,"featured_media":29067,"comment_status":"open","ping_status":"open","sticky":false,"template":"","format":"standard","meta":{"footnotes":""},"categories":[7],"tags":[5,575,574],"class_list":["post-28690","post","type-post","status-publish","format-standard","has-post-thumbnail","hentry","category-foetelek","tag-glutenmentes","tag-glutenmentes-recept","tag-milanoi"],"yoast_head":"<!-- This site is optimized with the Yoast SEO plugin v26.5 - https:\/\/yoast.com\/wordpress\/plugins\/seo\/ -->\n<title>MIL\u00c1N\u00d3I SERT\u00c9SKARAJ GLUT\u00c9NMENTESEN &#8211; Glut\u00e9nmentes Chef blog - \u00c1tol Tibor<\/title>\n<meta name=\"description\" content=\"Tal\u00e1n sokaknak meglep\u0151 lesz! Amit mi r\u00e1ntott h\u00fasnak, b\u00e9csi szeletnek h\u00edvunk, Olaszorsz\u00e1gb\u00f3l sz\u00e1rmazik, m\u00e9ghozz\u00e1 Mil\u00e1n\u00f3b\u00f3l ( \u0151k tal\u00e1lt\u00e1k ki ). It\u00e1li\u00e1ban a pan\u00edroz\u00e1st, majd a b\u0151 zsirad\u00e9kban s\u00fct\u00e9st nevezik mil\u00e1n\u00f3i m\u00f3dnak, ami \u00e1ltal\u00e1ban liszt n\u00e9lk\u00fcl t\u00f6rt\u00e9nik, csak toj\u00e1sban \u00e9s zsemlemorzs\u00e1ban megforgatva a h\u00fast. Mil\u00e1n\u00f3 osztr\u00e1k megsz\u00e1ll\u00e1sa ut\u00e1n Radetzky t\u00e1bornagy vitte mag\u00e1val a receptet B\u00e9csbe, majd honos\u00edtotta meg \u00e9s b\u00e9csi szeletk\u00e9nt ismertette meg a vil\u00e1ggal. Teh\u00e1t, ha Olaszorsz\u00e1gban mil\u00e1n\u00f3it rendel\u00fcnk egy \u00e9tteremben, biztosak lehet\u00fcnk benne, hogy egy r\u00e1ntott h\u00fas lesz a t\u00e1ny\u00e9runkon. Azonban idehaza a &quot;mil\u00e1n\u00f3i&quot; els\u0151 sorban a gomb\u00e1s, f\u00fcst\u00f6lt h\u00fasos, paradicsomos sz\u00f3sszal \u00f6sszeforgatott spagettit jelenti, sokszor r\u00e1ntott h\u00fas n\u00e9lk\u00fcl. Gyakran m\u00e9g a dar\u00e1lt h\u00fasb\u00f3l k\u00e9sz\u00fclt bolognai raguval is \u00f6sszet\u00e9vesztik. A &quot;Mil\u00e1n\u00f3i sert\u00e9sborda&quot; szint\u00e9n magyar tal\u00e1lm\u00e1ny, l\u00e9nyeg\u00e9ben r\u00e1ntott h\u00fas mil\u00e1n\u00f3i makar\u00f3nival t\u00e1lalva. A h\u00fas lehet borj\u00fa, sert\u00e9sborda, de csirkemell is \u00e9s persze glut\u00e9nmentesen is minden gond n\u00e9lk\u00fcl elk\u00e9sz\u00edthet\u0151.\" \/>\n<meta name=\"robots\" content=\"index, follow, max-snippet:-1, max-image-preview:large, max-video-preview:-1\" \/>\n<link rel=\"canonical\" href=\"http:\/\/blog.glutenmenteschef.hu\/index.php\/2021\/06\/30\/milanoi-serteskaraj-glutenmentesen\/\" \/>\n<meta property=\"og:locale\" content=\"hu_HU\" \/>\n<meta property=\"og:type\" content=\"article\" \/>\n<meta property=\"og:title\" content=\"MIL\u00c1N\u00d3I SERT\u00c9SKARAJ GLUT\u00c9NMENTESEN &#8211; Glut\u00e9nmentes Chef blog - \u00c1tol Tibor\" \/>\n<meta property=\"og:description\" content=\"Tal\u00e1n sokaknak meglep\u0151 lesz! Amit mi r\u00e1ntott h\u00fasnak, b\u00e9csi szeletnek h\u00edvunk, Olaszorsz\u00e1gb\u00f3l sz\u00e1rmazik, m\u00e9ghozz\u00e1 Mil\u00e1n\u00f3b\u00f3l ( \u0151k tal\u00e1lt\u00e1k ki ). It\u00e1li\u00e1ban a pan\u00edroz\u00e1st, majd a b\u0151 zsirad\u00e9kban s\u00fct\u00e9st nevezik mil\u00e1n\u00f3i m\u00f3dnak, ami \u00e1ltal\u00e1ban liszt n\u00e9lk\u00fcl t\u00f6rt\u00e9nik, csak toj\u00e1sban \u00e9s zsemlemorzs\u00e1ban megforgatva a h\u00fast. Mil\u00e1n\u00f3 osztr\u00e1k megsz\u00e1ll\u00e1sa ut\u00e1n Radetzky t\u00e1bornagy vitte mag\u00e1val a receptet B\u00e9csbe, majd honos\u00edtotta meg \u00e9s b\u00e9csi szeletk\u00e9nt ismertette meg a vil\u00e1ggal. Teh\u00e1t, ha Olaszorsz\u00e1gban mil\u00e1n\u00f3it rendel\u00fcnk egy \u00e9tteremben, biztosak lehet\u00fcnk benne, hogy egy r\u00e1ntott h\u00fas lesz a t\u00e1ny\u00e9runkon. Azonban idehaza a &quot;mil\u00e1n\u00f3i&quot; els\u0151 sorban a gomb\u00e1s, f\u00fcst\u00f6lt h\u00fasos, paradicsomos sz\u00f3sszal \u00f6sszeforgatott spagettit jelenti, sokszor r\u00e1ntott h\u00fas n\u00e9lk\u00fcl. Gyakran m\u00e9g a dar\u00e1lt h\u00fasb\u00f3l k\u00e9sz\u00fclt bolognai raguval is \u00f6sszet\u00e9vesztik. A &quot;Mil\u00e1n\u00f3i sert\u00e9sborda&quot; szint\u00e9n magyar tal\u00e1lm\u00e1ny, l\u00e9nyeg\u00e9ben r\u00e1ntott h\u00fas mil\u00e1n\u00f3i makar\u00f3nival t\u00e1lalva. A h\u00fas lehet borj\u00fa, sert\u00e9sborda, de csirkemell is \u00e9s persze glut\u00e9nmentesen is minden gond n\u00e9lk\u00fcl elk\u00e9sz\u00edthet\u0151.\" \/>\n<meta property=\"og:url\" content=\"http:\/\/blog.glutenmenteschef.hu\/index.php\/2021\/06\/30\/milanoi-serteskaraj-glutenmentesen\/\" \/>\n<meta property=\"og:site_name\" content=\"Glut\u00e9nmentes Chef blog - \u00c1tol Tibor\" \/>\n<meta property=\"article:publisher\" content=\"https:\/\/www.facebook.com\/aglutenmentessef\" \/>\n<meta property=\"article:author\" content=\"https:\/\/www.facebook.com\/aglutenmentessef\" \/>\n<meta property=\"article:published_time\" content=\"2021-06-30T20:31:05+00:00\" \/>\n<meta property=\"article:modified_time\" content=\"2022-08-18T20:43:47+00:00\" \/>\n<meta property=\"og:image\" content=\"http:\/\/blog.glutenmenteschef.hu\/wp-content\/uploads\/2021\/06\/Milanoi-serteskaraj-5-1.jpg\" \/>\n\t<meta property=\"og:image:width\" content=\"1024\" \/>\n\t<meta property=\"og:image:height\" content=\"768\" \/>\n\t<meta property=\"og:image:type\" content=\"image\/jpeg\" \/>\n<meta name=\"author\" content=\"gmchef\" \/>\n<meta name=\"twitter:card\" content=\"summary_large_image\" \/>\n<meta name=\"twitter:label1\" content=\"Szerz\u0151:\" \/>\n\t<meta name=\"twitter:data1\" content=\"gmchef\" \/>\n\t<meta name=\"twitter:label2\" content=\"Becs\u00fclt olvas\u00e1si id\u0151\" \/>\n\t<meta name=\"twitter:data2\" content=\"4 perc\" \/>\n<script type=\"application\/ld+json\" class=\"yoast-schema-graph\">{\"@context\":\"https:\/\/schema.org\",\"@graph\":[{\"@type\":\"Article\",\"@id\":\"http:\/\/blog.glutenmenteschef.hu\/index.php\/2021\/06\/30\/milanoi-serteskaraj-glutenmentesen\/#article\",\"isPartOf\":{\"@id\":\"http:\/\/blog.glutenmenteschef.hu\/index.php\/2021\/06\/30\/milanoi-serteskaraj-glutenmentesen\/\"},\"author\":{\"name\":\"gmchef\",\"@id\":\"https:\/\/blog.glutenmenteschef.hu\/#\/schema\/person\/c07613f0b6c0f12f90b8cb23cf32754a\"},\"headline\":\"MIL\u00c1N\u00d3I SERT\u00c9SKARAJ GLUT\u00c9NMENTESEN\",\"datePublished\":\"2021-06-30T20:31:05+00:00\",\"dateModified\":\"2022-08-18T20:43:47+00:00\",\"mainEntityOfPage\":{\"@id\":\"http:\/\/blog.glutenmenteschef.hu\/index.php\/2021\/06\/30\/milanoi-serteskaraj-glutenmentesen\/\"},\"wordCount\":682,\"commentCount\":0,\"publisher\":{\"@id\":\"https:\/\/blog.glutenmenteschef.hu\/#\/schema\/person\/c07613f0b6c0f12f90b8cb23cf32754a\"},\"image\":{\"@id\":\"http:\/\/blog.glutenmenteschef.hu\/index.php\/2021\/06\/30\/milanoi-serteskaraj-glutenmentesen\/#primaryimage\"},\"thumbnailUrl\":\"http:\/\/blog.glutenmenteschef.hu\/wp-content\/uploads\/2021\/06\/Milanoi-serteskaraj-5-1.jpg\",\"keywords\":[\"glut\u00e9nmentes\",\"glut\u00e9nmentes recept\",\"mil\u00e1n\u00f3i\"],\"articleSection\":[\"F\u0151\u00e9telek\"],\"inLanguage\":\"hu\",\"potentialAction\":[{\"@type\":\"CommentAction\",\"name\":\"Comment\",\"target\":[\"http:\/\/blog.glutenmenteschef.hu\/index.php\/2021\/06\/30\/milanoi-serteskaraj-glutenmentesen\/#respond\"]}]},{\"@type\":\"WebPage\",\"@id\":\"http:\/\/blog.glutenmenteschef.hu\/index.php\/2021\/06\/30\/milanoi-serteskaraj-glutenmentesen\/\",\"url\":\"http:\/\/blog.glutenmenteschef.hu\/index.php\/2021\/06\/30\/milanoi-serteskaraj-glutenmentesen\/\",\"name\":\"MIL\u00c1N\u00d3I SERT\u00c9SKARAJ GLUT\u00c9NMENTESEN &#8211; Glut\u00e9nmentes Chef blog - \u00c1tol Tibor\",\"isPartOf\":{\"@id\":\"https:\/\/blog.glutenmenteschef.hu\/#website\"},\"primaryImageOfPage\":{\"@id\":\"http:\/\/blog.glutenmenteschef.hu\/index.php\/2021\/06\/30\/milanoi-serteskaraj-glutenmentesen\/#primaryimage\"},\"image\":{\"@id\":\"http:\/\/blog.glutenmenteschef.hu\/index.php\/2021\/06\/30\/milanoi-serteskaraj-glutenmentesen\/#primaryimage\"},\"thumbnailUrl\":\"http:\/\/blog.glutenmenteschef.hu\/wp-content\/uploads\/2021\/06\/Milanoi-serteskaraj-5-1.jpg\",\"datePublished\":\"2021-06-30T20:31:05+00:00\",\"dateModified\":\"2022-08-18T20:43:47+00:00\",\"description\":\"Tal\u00e1n sokaknak meglep\u0151 lesz! Amit mi r\u00e1ntott h\u00fasnak, b\u00e9csi szeletnek h\u00edvunk, Olaszorsz\u00e1gb\u00f3l sz\u00e1rmazik, m\u00e9ghozz\u00e1 Mil\u00e1n\u00f3b\u00f3l ( \u0151k tal\u00e1lt\u00e1k ki ). It\u00e1li\u00e1ban a pan\u00edroz\u00e1st, majd a b\u0151 zsirad\u00e9kban s\u00fct\u00e9st nevezik mil\u00e1n\u00f3i m\u00f3dnak, ami \u00e1ltal\u00e1ban liszt n\u00e9lk\u00fcl t\u00f6rt\u00e9nik, csak toj\u00e1sban \u00e9s zsemlemorzs\u00e1ban megforgatva a h\u00fast. Mil\u00e1n\u00f3 osztr\u00e1k megsz\u00e1ll\u00e1sa ut\u00e1n Radetzky t\u00e1bornagy vitte mag\u00e1val a receptet B\u00e9csbe, majd honos\u00edtotta meg \u00e9s b\u00e9csi szeletk\u00e9nt ismertette meg a vil\u00e1ggal. Teh\u00e1t, ha Olaszorsz\u00e1gban mil\u00e1n\u00f3it rendel\u00fcnk egy \u00e9tteremben, biztosak lehet\u00fcnk benne, hogy egy r\u00e1ntott h\u00fas lesz a t\u00e1ny\u00e9runkon. Azonban idehaza a \\\"mil\u00e1n\u00f3i\\\" els\u0151 sorban a gomb\u00e1s, f\u00fcst\u00f6lt h\u00fasos, paradicsomos sz\u00f3sszal \u00f6sszeforgatott spagettit jelenti, sokszor r\u00e1ntott h\u00fas n\u00e9lk\u00fcl. Gyakran m\u00e9g a dar\u00e1lt h\u00fasb\u00f3l k\u00e9sz\u00fclt bolognai raguval is \u00f6sszet\u00e9vesztik. A \\\"Mil\u00e1n\u00f3i sert\u00e9sborda\\\" szint\u00e9n magyar tal\u00e1lm\u00e1ny, l\u00e9nyeg\u00e9ben r\u00e1ntott h\u00fas mil\u00e1n\u00f3i makar\u00f3nival t\u00e1lalva. A h\u00fas lehet borj\u00fa, sert\u00e9sborda, de csirkemell is \u00e9s persze glut\u00e9nmentesen is minden gond n\u00e9lk\u00fcl elk\u00e9sz\u00edthet\u0151.\",\"breadcrumb\":{\"@id\":\"http:\/\/blog.glutenmenteschef.hu\/index.php\/2021\/06\/30\/milanoi-serteskaraj-glutenmentesen\/#breadcrumb\"},\"inLanguage\":\"hu\",\"potentialAction\":[{\"@type\":\"ReadAction\",\"target\":[\"http:\/\/blog.glutenmenteschef.hu\/index.php\/2021\/06\/30\/milanoi-serteskaraj-glutenmentesen\/\"]}]},{\"@type\":\"ImageObject\",\"inLanguage\":\"hu\",\"@id\":\"http:\/\/blog.glutenmenteschef.hu\/index.php\/2021\/06\/30\/milanoi-serteskaraj-glutenmentesen\/#primaryimage\",\"url\":\"http:\/\/blog.glutenmenteschef.hu\/wp-content\/uploads\/2021\/06\/Milanoi-serteskaraj-5-1.jpg\",\"contentUrl\":\"http:\/\/blog.glutenmenteschef.hu\/wp-content\/uploads\/2021\/06\/Milanoi-serteskaraj-5-1.jpg\",\"width\":1024,\"height\":768},{\"@type\":\"BreadcrumbList\",\"@id\":\"http:\/\/blog.glutenmenteschef.hu\/index.php\/2021\/06\/30\/milanoi-serteskaraj-glutenmentesen\/#breadcrumb\",\"itemListElement\":[{\"@type\":\"ListItem\",\"position\":1,\"name\":\"Home\",\"item\":\"https:\/\/blog.glutenmenteschef.hu\/\"},{\"@type\":\"ListItem\",\"position\":2,\"name\":\"MIL\u00c1N\u00d3I SERT\u00c9SKARAJ GLUT\u00c9NMENTESEN\"}]},{\"@type\":\"WebSite\",\"@id\":\"https:\/\/blog.glutenmenteschef.hu\/#website\",\"url\":\"https:\/\/blog.glutenmenteschef.hu\/\",\"name\":\"Glut\u00e9nmentes Chef blog - \u00c1tol Tibor\",\"description\":\"Glut\u00e9nmentes \u00e9telek, glut\u00e9nmentes receptek, glut\u00e9nmentes vide\u00f3k\",\"publisher\":{\"@id\":\"https:\/\/blog.glutenmenteschef.hu\/#\/schema\/person\/c07613f0b6c0f12f90b8cb23cf32754a\"},\"potentialAction\":[{\"@type\":\"SearchAction\",\"target\":{\"@type\":\"EntryPoint\",\"urlTemplate\":\"https:\/\/blog.glutenmenteschef.hu\/?s={search_term_string}\"},\"query-input\":{\"@type\":\"PropertyValueSpecification\",\"valueRequired\":true,\"valueName\":\"search_term_string\"}}],\"inLanguage\":\"hu\"},{\"@type\":[\"Person\",\"Organization\"],\"@id\":\"https:\/\/blog.glutenmenteschef.hu\/#\/schema\/person\/c07613f0b6c0f12f90b8cb23cf32754a\",\"name\":\"gmchef\",\"image\":{\"@type\":\"ImageObject\",\"inLanguage\":\"hu\",\"@id\":\"https:\/\/blog.glutenmenteschef.hu\/#\/schema\/person\/image\/\",\"url\":\"https:\/\/secure.gravatar.com\/avatar\/363a4977321cb6fa3321b7ac93139b68e56af77880ae9fd5a3b2e7a8279f6d74?s=96&d=mm&r=g\",\"contentUrl\":\"https:\/\/secure.gravatar.com\/avatar\/363a4977321cb6fa3321b7ac93139b68e56af77880ae9fd5a3b2e7a8279f6d74?s=96&d=mm&r=g\",\"caption\":\"gmchef\"},\"logo\":{\"@id\":\"https:\/\/blog.glutenmenteschef.hu\/#\/schema\/person\/image\/\"},\"sameAs\":[\"https:\/\/www.facebook.com\/aglutenmentessef\"]}]}<\/script>\n<!-- \/ Yoast SEO plugin. -->","yoast_head_json":{"title":"MIL\u00c1N\u00d3I SERT\u00c9SKARAJ GLUT\u00c9NMENTESEN &#8211; Glut\u00e9nmentes Chef blog - \u00c1tol Tibor","description":"Tal\u00e1n sokaknak meglep\u0151 lesz! Amit mi r\u00e1ntott h\u00fasnak, b\u00e9csi szeletnek h\u00edvunk, Olaszorsz\u00e1gb\u00f3l sz\u00e1rmazik, m\u00e9ghozz\u00e1 Mil\u00e1n\u00f3b\u00f3l ( \u0151k tal\u00e1lt\u00e1k ki ). It\u00e1li\u00e1ban a pan\u00edroz\u00e1st, majd a b\u0151 zsirad\u00e9kban s\u00fct\u00e9st nevezik mil\u00e1n\u00f3i m\u00f3dnak, ami \u00e1ltal\u00e1ban liszt n\u00e9lk\u00fcl t\u00f6rt\u00e9nik, csak toj\u00e1sban \u00e9s zsemlemorzs\u00e1ban megforgatva a h\u00fast. Mil\u00e1n\u00f3 osztr\u00e1k megsz\u00e1ll\u00e1sa ut\u00e1n Radetzky t\u00e1bornagy vitte mag\u00e1val a receptet B\u00e9csbe, majd honos\u00edtotta meg \u00e9s b\u00e9csi szeletk\u00e9nt ismertette meg a vil\u00e1ggal. Teh\u00e1t, ha Olaszorsz\u00e1gban mil\u00e1n\u00f3it rendel\u00fcnk egy \u00e9tteremben, biztosak lehet\u00fcnk benne, hogy egy r\u00e1ntott h\u00fas lesz a t\u00e1ny\u00e9runkon. Azonban idehaza a \"mil\u00e1n\u00f3i\" els\u0151 sorban a gomb\u00e1s, f\u00fcst\u00f6lt h\u00fasos, paradicsomos sz\u00f3sszal \u00f6sszeforgatott spagettit jelenti, sokszor r\u00e1ntott h\u00fas n\u00e9lk\u00fcl. Gyakran m\u00e9g a dar\u00e1lt h\u00fasb\u00f3l k\u00e9sz\u00fclt bolognai raguval is \u00f6sszet\u00e9vesztik. A \"Mil\u00e1n\u00f3i sert\u00e9sborda\" szint\u00e9n magyar tal\u00e1lm\u00e1ny, l\u00e9nyeg\u00e9ben r\u00e1ntott h\u00fas mil\u00e1n\u00f3i makar\u00f3nival t\u00e1lalva. A h\u00fas lehet borj\u00fa, sert\u00e9sborda, de csirkemell is \u00e9s persze glut\u00e9nmentesen is minden gond n\u00e9lk\u00fcl elk\u00e9sz\u00edthet\u0151.","robots":{"index":"index","follow":"follow","max-snippet":"max-snippet:-1","max-image-preview":"max-image-preview:large","max-video-preview":"max-video-preview:-1"},"canonical":"http:\/\/blog.glutenmenteschef.hu\/index.php\/2021\/06\/30\/milanoi-serteskaraj-glutenmentesen\/","og_locale":"hu_HU","og_type":"article","og_title":"MIL\u00c1N\u00d3I SERT\u00c9SKARAJ GLUT\u00c9NMENTESEN &#8211; Glut\u00e9nmentes Chef blog - \u00c1tol Tibor","og_description":"Tal\u00e1n sokaknak meglep\u0151 lesz! Amit mi r\u00e1ntott h\u00fasnak, b\u00e9csi szeletnek h\u00edvunk, Olaszorsz\u00e1gb\u00f3l sz\u00e1rmazik, m\u00e9ghozz\u00e1 Mil\u00e1n\u00f3b\u00f3l ( \u0151k tal\u00e1lt\u00e1k ki ). It\u00e1li\u00e1ban a pan\u00edroz\u00e1st, majd a b\u0151 zsirad\u00e9kban s\u00fct\u00e9st nevezik mil\u00e1n\u00f3i m\u00f3dnak, ami \u00e1ltal\u00e1ban liszt n\u00e9lk\u00fcl t\u00f6rt\u00e9nik, csak toj\u00e1sban \u00e9s zsemlemorzs\u00e1ban megforgatva a h\u00fast. Mil\u00e1n\u00f3 osztr\u00e1k megsz\u00e1ll\u00e1sa ut\u00e1n Radetzky t\u00e1bornagy vitte mag\u00e1val a receptet B\u00e9csbe, majd honos\u00edtotta meg \u00e9s b\u00e9csi szeletk\u00e9nt ismertette meg a vil\u00e1ggal. Teh\u00e1t, ha Olaszorsz\u00e1gban mil\u00e1n\u00f3it rendel\u00fcnk egy \u00e9tteremben, biztosak lehet\u00fcnk benne, hogy egy r\u00e1ntott h\u00fas lesz a t\u00e1ny\u00e9runkon. Azonban idehaza a \"mil\u00e1n\u00f3i\" els\u0151 sorban a gomb\u00e1s, f\u00fcst\u00f6lt h\u00fasos, paradicsomos sz\u00f3sszal \u00f6sszeforgatott spagettit jelenti, sokszor r\u00e1ntott h\u00fas n\u00e9lk\u00fcl. Gyakran m\u00e9g a dar\u00e1lt h\u00fasb\u00f3l k\u00e9sz\u00fclt bolognai raguval is \u00f6sszet\u00e9vesztik. A \"Mil\u00e1n\u00f3i sert\u00e9sborda\" szint\u00e9n magyar tal\u00e1lm\u00e1ny, l\u00e9nyeg\u00e9ben r\u00e1ntott h\u00fas mil\u00e1n\u00f3i makar\u00f3nival t\u00e1lalva. A h\u00fas lehet borj\u00fa, sert\u00e9sborda, de csirkemell is \u00e9s persze glut\u00e9nmentesen is minden gond n\u00e9lk\u00fcl elk\u00e9sz\u00edthet\u0151.","og_url":"http:\/\/blog.glutenmenteschef.hu\/index.php\/2021\/06\/30\/milanoi-serteskaraj-glutenmentesen\/","og_site_name":"Glut\u00e9nmentes Chef blog - \u00c1tol Tibor","article_publisher":"https:\/\/www.facebook.com\/aglutenmentessef","article_author":"https:\/\/www.facebook.com\/aglutenmentessef","article_published_time":"2021-06-30T20:31:05+00:00","article_modified_time":"2022-08-18T20:43:47+00:00","og_image":[{"width":1024,"height":768,"url":"http:\/\/blog.glutenmenteschef.hu\/wp-content\/uploads\/2021\/06\/Milanoi-serteskaraj-5-1.jpg","type":"image\/jpeg"}],"author":"gmchef","twitter_card":"summary_large_image","twitter_misc":{"Szerz\u0151:":"gmchef","Becs\u00fclt olvas\u00e1si id\u0151":"4 perc"},"schema":{"@context":"https:\/\/schema.org","@graph":[{"@type":"Article","@id":"http:\/\/blog.glutenmenteschef.hu\/index.php\/2021\/06\/30\/milanoi-serteskaraj-glutenmentesen\/#article","isPartOf":{"@id":"http:\/\/blog.glutenmenteschef.hu\/index.php\/2021\/06\/30\/milanoi-serteskaraj-glutenmentesen\/"},"author":{"name":"gmchef","@id":"https:\/\/blog.glutenmenteschef.hu\/#\/schema\/person\/c07613f0b6c0f12f90b8cb23cf32754a"},"headline":"MIL\u00c1N\u00d3I SERT\u00c9SKARAJ GLUT\u00c9NMENTESEN","datePublished":"2021-06-30T20:31:05+00:00","dateModified":"2022-08-18T20:43:47+00:00","mainEntityOfPage":{"@id":"http:\/\/blog.glutenmenteschef.hu\/index.php\/2021\/06\/30\/milanoi-serteskaraj-glutenmentesen\/"},"wordCount":682,"commentCount":0,"publisher":{"@id":"https:\/\/blog.glutenmenteschef.hu\/#\/schema\/person\/c07613f0b6c0f12f90b8cb23cf32754a"},"image":{"@id":"http:\/\/blog.glutenmenteschef.hu\/index.php\/2021\/06\/30\/milanoi-serteskaraj-glutenmentesen\/#primaryimage"},"thumbnailUrl":"http:\/\/blog.glutenmenteschef.hu\/wp-content\/uploads\/2021\/06\/Milanoi-serteskaraj-5-1.jpg","keywords":["glut\u00e9nmentes","glut\u00e9nmentes recept","mil\u00e1n\u00f3i"],"articleSection":["F\u0151\u00e9telek"],"inLanguage":"hu","potentialAction":[{"@type":"CommentAction","name":"Comment","target":["http:\/\/blog.glutenmenteschef.hu\/index.php\/2021\/06\/30\/milanoi-serteskaraj-glutenmentesen\/#respond"]}]},{"@type":"WebPage","@id":"http:\/\/blog.glutenmenteschef.hu\/index.php\/2021\/06\/30\/milanoi-serteskaraj-glutenmentesen\/","url":"http:\/\/blog.glutenmenteschef.hu\/index.php\/2021\/06\/30\/milanoi-serteskaraj-glutenmentesen\/","name":"MIL\u00c1N\u00d3I SERT\u00c9SKARAJ GLUT\u00c9NMENTESEN &#8211; Glut\u00e9nmentes Chef blog - \u00c1tol Tibor","isPartOf":{"@id":"https:\/\/blog.glutenmenteschef.hu\/#website"},"primaryImageOfPage":{"@id":"http:\/\/blog.glutenmenteschef.hu\/index.php\/2021\/06\/30\/milanoi-serteskaraj-glutenmentesen\/#primaryimage"},"image":{"@id":"http:\/\/blog.glutenmenteschef.hu\/index.php\/2021\/06\/30\/milanoi-serteskaraj-glutenmentesen\/#primaryimage"},"thumbnailUrl":"http:\/\/blog.glutenmenteschef.hu\/wp-content\/uploads\/2021\/06\/Milanoi-serteskaraj-5-1.jpg","datePublished":"2021-06-30T20:31:05+00:00","dateModified":"2022-08-18T20:43:47+00:00","description":"Tal\u00e1n sokaknak meglep\u0151 lesz! Amit mi r\u00e1ntott h\u00fasnak, b\u00e9csi szeletnek h\u00edvunk, Olaszorsz\u00e1gb\u00f3l sz\u00e1rmazik, m\u00e9ghozz\u00e1 Mil\u00e1n\u00f3b\u00f3l ( \u0151k tal\u00e1lt\u00e1k ki ). It\u00e1li\u00e1ban a pan\u00edroz\u00e1st, majd a b\u0151 zsirad\u00e9kban s\u00fct\u00e9st nevezik mil\u00e1n\u00f3i m\u00f3dnak, ami \u00e1ltal\u00e1ban liszt n\u00e9lk\u00fcl t\u00f6rt\u00e9nik, csak toj\u00e1sban \u00e9s zsemlemorzs\u00e1ban megforgatva a h\u00fast. Mil\u00e1n\u00f3 osztr\u00e1k megsz\u00e1ll\u00e1sa ut\u00e1n Radetzky t\u00e1bornagy vitte mag\u00e1val a receptet B\u00e9csbe, majd honos\u00edtotta meg \u00e9s b\u00e9csi szeletk\u00e9nt ismertette meg a vil\u00e1ggal. Teh\u00e1t, ha Olaszorsz\u00e1gban mil\u00e1n\u00f3it rendel\u00fcnk egy \u00e9tteremben, biztosak lehet\u00fcnk benne, hogy egy r\u00e1ntott h\u00fas lesz a t\u00e1ny\u00e9runkon. Azonban idehaza a \"mil\u00e1n\u00f3i\" els\u0151 sorban a gomb\u00e1s, f\u00fcst\u00f6lt h\u00fasos, paradicsomos sz\u00f3sszal \u00f6sszeforgatott spagettit jelenti, sokszor r\u00e1ntott h\u00fas n\u00e9lk\u00fcl. Gyakran m\u00e9g a dar\u00e1lt h\u00fasb\u00f3l k\u00e9sz\u00fclt bolognai raguval is \u00f6sszet\u00e9vesztik. A \"Mil\u00e1n\u00f3i sert\u00e9sborda\" szint\u00e9n magyar tal\u00e1lm\u00e1ny, l\u00e9nyeg\u00e9ben r\u00e1ntott h\u00fas mil\u00e1n\u00f3i makar\u00f3nival t\u00e1lalva. A h\u00fas lehet borj\u00fa, sert\u00e9sborda, de csirkemell is \u00e9s persze glut\u00e9nmentesen is minden gond n\u00e9lk\u00fcl elk\u00e9sz\u00edthet\u0151.","breadcrumb":{"@id":"http:\/\/blog.glutenmenteschef.hu\/index.php\/2021\/06\/30\/milanoi-serteskaraj-glutenmentesen\/#breadcrumb"},"inLanguage":"hu","potentialAction":[{"@type":"ReadAction","target":["http:\/\/blog.glutenmenteschef.hu\/index.php\/2021\/06\/30\/milanoi-serteskaraj-glutenmentesen\/"]}]},{"@type":"ImageObject","inLanguage":"hu","@id":"http:\/\/blog.glutenmenteschef.hu\/index.php\/2021\/06\/30\/milanoi-serteskaraj-glutenmentesen\/#primaryimage","url":"http:\/\/blog.glutenmenteschef.hu\/wp-content\/uploads\/2021\/06\/Milanoi-serteskaraj-5-1.jpg","contentUrl":"http:\/\/blog.glutenmenteschef.hu\/wp-content\/uploads\/2021\/06\/Milanoi-serteskaraj-5-1.jpg","width":1024,"height":768},{"@type":"BreadcrumbList","@id":"http:\/\/blog.glutenmenteschef.hu\/index.php\/2021\/06\/30\/milanoi-serteskaraj-glutenmentesen\/#breadcrumb","itemListElement":[{"@type":"ListItem","position":1,"name":"Home","item":"https:\/\/blog.glutenmenteschef.hu\/"},{"@type":"ListItem","position":2,"name":"MIL\u00c1N\u00d3I SERT\u00c9SKARAJ GLUT\u00c9NMENTESEN"}]},{"@type":"WebSite","@id":"https:\/\/blog.glutenmenteschef.hu\/#website","url":"https:\/\/blog.glutenmenteschef.hu\/","name":"Glut\u00e9nmentes Chef blog - \u00c1tol Tibor","description":"Glut\u00e9nmentes \u00e9telek, glut\u00e9nmentes receptek, glut\u00e9nmentes vide\u00f3k","publisher":{"@id":"https:\/\/blog.glutenmenteschef.hu\/#\/schema\/person\/c07613f0b6c0f12f90b8cb23cf32754a"},"potentialAction":[{"@type":"SearchAction","target":{"@type":"EntryPoint","urlTemplate":"https:\/\/blog.glutenmenteschef.hu\/?s={search_term_string}"},"query-input":{"@type":"PropertyValueSpecification","valueRequired":true,"valueName":"search_term_string"}}],"inLanguage":"hu"},{"@type":["Person","Organization"],"@id":"https:\/\/blog.glutenmenteschef.hu\/#\/schema\/person\/c07613f0b6c0f12f90b8cb23cf32754a","name":"gmchef","image":{"@type":"ImageObject","inLanguage":"hu","@id":"https:\/\/blog.glutenmenteschef.hu\/#\/schema\/person\/image\/","url":"https:\/\/secure.gravatar.com\/avatar\/363a4977321cb6fa3321b7ac93139b68e56af77880ae9fd5a3b2e7a8279f6d74?s=96&d=mm&r=g","contentUrl":"https:\/\/secure.gravatar.com\/avatar\/363a4977321cb6fa3321b7ac93139b68e56af77880ae9fd5a3b2e7a8279f6d74?s=96&d=mm&r=g","caption":"gmchef"},"logo":{"@id":"https:\/\/blog.glutenmenteschef.hu\/#\/schema\/person\/image\/"},"sameAs":["https:\/\/www.facebook.com\/aglutenmentessef"]}]}},"_links":{"self":[{"href":"http:\/\/blog.glutenmenteschef.hu\/index.php\/wp-json\/wp\/v2\/posts\/28690","targetHints":{"allow":["GET"]}}],"collection":[{"href":"http:\/\/blog.glutenmenteschef.hu\/index.php\/wp-json\/wp\/v2\/posts"}],"about":[{"href":"http:\/\/blog.glutenmenteschef.hu\/index.php\/wp-json\/wp\/v2\/types\/post"}],"author":[{"embeddable":true,"href":"http:\/\/blog.glutenmenteschef.hu\/index.php\/wp-json\/wp\/v2\/users\/1"}],"replies":[{"embeddable":true,"href":"http:\/\/blog.glutenmenteschef.hu\/index.php\/wp-json\/wp\/v2\/comments?post=28690"}],"version-history":[{"count":0,"href":"http:\/\/blog.glutenmenteschef.hu\/index.php\/wp-json\/wp\/v2\/posts\/28690\/revisions"}],"wp:featuredmedia":[{"embeddable":true,"href":"http:\/\/blog.glutenmenteschef.hu\/index.php\/wp-json\/wp\/v2\/media\/29067"}],"wp:attachment":[{"href":"http:\/\/blog.glutenmenteschef.hu\/index.php\/wp-json\/wp\/v2\/media?parent=28690"}],"wp:term":[{"taxonomy":"category","embeddable":true,"href":"http:\/\/blog.glutenmenteschef.hu\/index.php\/wp-json\/wp\/v2\/categories?post=28690"},{"taxonomy":"post_tag","embeddable":true,"href":"http:\/\/blog.glutenmenteschef.hu\/index.php\/wp-json\/wp\/v2\/tags?post=28690"}],"curies":[{"name":"wp","href":"https:\/\/api.w.org\/{rel}","templated":true}]}}