{"id":28224,"date":"2020-07-11T11:02:48","date_gmt":"2020-07-11T11:02:48","guid":{"rendered":"http:\/\/blog.glutenmenteschef.hu\/?p=28224"},"modified":"2023-12-25T18:38:51","modified_gmt":"2023-12-25T18:38:51","slug":"kokuszos-malnatorta-gluten-es-tejmentesen","status":"publish","type":"post","link":"http:\/\/blog.glutenmenteschef.hu\/index.php\/2020\/07\/11\/kokuszos-malnatorta-gluten-es-tejmentesen\/","title":{"rendered":"K\u00d3KUSZOS-M\u00c1LNATORTA GLUT\u00c9N- \u00c9S TEJMENTESEN"},"content":{"rendered":"\n<h3 class=\"wp-block-heading has-text-align-center\">K\u00f3kuszos-M\u00e1lnatorta glut\u00e9n- \u00e9s tejmentesen<\/h3>\n\n\n\n<p class=\"has-text-align-center\">22 cm-es kapcsos tortaform\u00e1hoz<br><br><br><br><\/p>\n\n\n<div class=\"wp-block-image\">\n<figure class=\"aligncenter is-resized\"><img loading=\"lazy\" decoding=\"async\" src=\"https:\/\/blog.glutenmenteschef.hu\/wp-content\/uploads\/2020\/07\/Kokuszos-Malnatorta-6.jpg\" alt=\"\" class=\"wp-image-28255\" width=\"512\" height=\"384\" srcset=\"http:\/\/blog.glutenmenteschef.hu\/wp-content\/uploads\/2020\/07\/Kokuszos-Malnatorta-6.jpg 1024w, http:\/\/blog.glutenmenteschef.hu\/wp-content\/uploads\/2020\/07\/Kokuszos-Malnatorta-6-300x225.jpg 300w, http:\/\/blog.glutenmenteschef.hu\/wp-content\/uploads\/2020\/07\/Kokuszos-Malnatorta-6-768x576.jpg 768w\" sizes=\"auto, (max-width: 512px) 100vw, 512px\" \/><\/figure>\n<\/div>\n\n\n<p><br><br><br>A h\u00e1zass\u00e1gi \u00e9vfordul\u00f3nkra k\u00e9sz\u00fclt ez a torta, ami nem csak glut\u00e9n, de tejmentes is, mivel a m\u00e1lna kr\u00e9mhez k\u00f3kusztejet haszn\u00e1ltam. Innent\u0151l m\u00e1r adta mag\u00e1t, hogy a tort\u00e1ban a m\u00e1sodik kr\u00e9mr\u00e9teg k\u00f3kuszos legyen. Nagyon passzolnak egym\u00e1shoz!  <\/p>\n\n\n\n<p>A torta k\u00e9sz\u00edt\u00e9s\u00e9t szakaszokra lehet bontani:<br>A megs\u00fct\u00f6tt t\u00e9szt\u00e1nak ki kell h\u0171lnie teljesen, miel\u0151tt felv\u00e1gjuk. A kr\u00e9meket is csak a felhaszn\u00e1l\u00e1s el\u0151tt \u00e9rdemes elk\u00e9sz\u00edteni, de id\u0151re van sz\u00fcks\u00e9g ahhoz is, am\u00edg megdermednek teljesen.<br><br><br><\/p>\n\n\n\n<p class=\"has-text-align-center\"><strong>Els\u0151 l\u00e9p\u00e9sk\u00e9nt  s\u00fcss\u00fck meg a kaka\u00f3s pisk\u00f3t\u00e1t.<\/strong><\/p>\n\n\n\n<h5 class=\"wp-block-heading has-text-align-center\"><strong>A pisk\u00f3ta hozz\u00e1val\u00f3i:<\/strong><\/h5>\n\n\n\n<p class=\"has-text-align-center\"><strong>22 cm-es kerek vagy 23 cm-es n\u00e9gyzetes kapcsos tortaform\u00e1hoz<\/strong><\/p>\n\n\n\n<p class=\"has-text-align-center\"> 6 db L-es m\u00e9ret\u0171 ( 60-65 g ) toj\u00e1s<br>( ha kisebb a toj\u00e1s, akkor az \u00f6sszs\u00falyt 6 x 60 g= 360 g vegy\u00fck figyelembe )<br>12 dkg cukor<br>12 dkg rizsliszt<br>4 dkg kaka\u00f3por<br><br><\/p>\n\n\n\n<h5 class=\"wp-block-heading\"><strong>A pisk\u00f3ta elk\u00e9sz\u00edt\u00e9se:<\/strong><\/h5>\n\n\n\n<p>A toj\u00e1sokat kett\u00e9 v\u00e1lasztjuk, a s\u00e1rg\u00e1j\u00e1t habosra keverj\u00fck a cukorral (  am\u00edg a cukor el nem olvad ). A rizsliszthez hozz\u00e1szit\u00e1ljuk a kaka\u00f3port  \u00e9s hozz\u00e1adjuk a toj\u00e1sos cukorhoz. Csom\u00f3mentesre keverj\u00fck. A  toj\u00e1sfeh\u00e9rj\u00e9t kem\u00e9ny habb\u00e1 verj\u00fck, majd laz\u00e1n beleforgatjuk a lisztes  massz\u00e1ba, \u00fagy hogy a hab ne t\u00f6rj\u00f6n \u00f6ssze.<br>Magas fal\u00fa tepsit  \/ kapcsos tortaform\u00e1t  kib\u00e9lel\u00fcnk s\u00fct\u0151pap\u00edrral \u00e9s bele\u00f6ntj\u00fck a t\u00e9szt\u00e1t. 150 fokos s\u00fct\u0151ben  k\u00e9szre s\u00fctj\u00fck. Nekem kb. 60 perc kellet, de mindenk\u00e9ppen v\u00e9gezz\u00fcnk   t\u0171pr\u00f3b\u00e1t! <\/p>\n\n\n\n<p><strong>S\u00c9F TIPP:<\/strong> A t\u0171pr\u00f3b\u00e1t a nev\u00e9vel ellent\u00e9tben hurkap\u00e1lc\u00e1val vagy fogpiszk\u00e1l\u00f3val  v\u00e9gezz\u00fck, mert sokkal pontosabban megmutatja, hogy k\u00e9szre s\u00fclt-e m\u00e1r a  t\u00e9szta. M\u00edg a f\u00e9mt\u0171re m\u00e1r a 90%-ban megs\u00fclt t\u00e9szta sem ragad r\u00e1 \u00e9s  k\u00e9sznek gondolhatjuk, addig a fa alap\u00fa p\u00e1lca \u00e9rdes fel\u00fclete csak akkor  marad tiszta, ha val\u00f3ban nem nyers m\u00e1r a pisk\u00f3ta. <br><\/p>\n\n\n\n<p>Hagyjuk kih\u0171lni, majd v\u00e1gjuk h\u00e1romfel\u00e9. Az els\u0151 lapot tegy\u00fck vissza a kapcsos tortaform\u00e1ba. <br><br><\/p>\n\n\n\n<p class=\"has-text-align-center\"><strong>M\u00e1sodik l\u00e9p\u00e9s a m\u00e1lnakr\u00e9m elk\u00e9sz\u00edt\u00e9se.<\/strong><\/p>\n\n\n\n<h5 class=\"wp-block-heading has-text-align-center\"><strong>M\u00e1lnakr\u00e9m hozz\u00e1val\u00f3i:<\/strong><\/h5>\n\n\n\n<p class=\"has-text-align-center\">500 g m\u00e1lna<br> 450 gr Lidl-\u00f6s k\u00f3kusztej <br> 180 g krist\u00e1lycukor <br> 1-1 g narancs \u00e9s citrom reszelt h\u00e9ja <br> 25 g zselatin<br><br><\/p>\n\n\n\n<h5 class=\"wp-block-heading\"><strong>A m\u00e1lnakr\u00e9m elk\u00e9sz\u00edt\u00e9se:<\/strong><\/h5>\n\n\n\n<p>A habszifonnal t\u00f6rt\u00e9n\u0151 felf\u00faj\u00e1s tejsz\u00ednhab szer\u0171 \u00e1llagot ad a k\u00f3kusztejnek.  <br><strong>Ha NINCS habszifonunk, akkor a k\u00f3kusztejet csak sim\u00e1n keverj\u00fck a zselatinos-m\u00e1ln\u00e1s kr\u00e9malaphoz, \u00edgy is j\u00f3 lesz. <\/strong><\/p>\n\n\n\n<p>A m\u00e1ln\u00e1t lecukrozzuk, majd f\u00e9l- 1 \u00f3ra m\u00falva apr\u00f3 lyuk\u00fa szit\u00e1n \u00e1tt\u00f6rj\u00fck, \u00edgy a magok nem ker\u00fclnek bele a kr\u00e9mbe. <br>A zselatint 1 dl v\u00edzbe be\u00e1ztatjuk, majd, ha a vizet felsz\u00edvta, forr\u00e1spontig meleg\u00edtj\u00fck. Langyosra h\u0171tj\u00fck, belekeverj\u00fck a szoba h\u0151m\u00e9rs\u00e9klet\u0171 m\u00e1ln\u00e1ba, majd a habszifonnal felf\u00fajt k\u00f3kusztejjel laz\u00edtjuk ( \u00f3vatosan beleforgatjuk ). <br><\/p>\n\n\n\n<p>A kapcsos form\u00e1ban l\u00e9v\u0151 pisk\u00f3talapra \u00f6ntj\u00fck, majd folpackkal lefedve a h\u0171t\u0151be tessz\u00fck dermedni. <br><br><\/p>\n\n\n<div class=\"wp-block-image\">\n<figure class=\"aligncenter\"><img loading=\"lazy\" decoding=\"async\" width=\"300\" height=\"225\" src=\"https:\/\/blog.glutenmenteschef.hu\/wp-content\/uploads\/2020\/07\/Kokuszos-Malnatorta-1-300x225.jpg\" alt=\"\" class=\"wp-image-28247\" srcset=\"http:\/\/blog.glutenmenteschef.hu\/wp-content\/uploads\/2020\/07\/Kokuszos-Malnatorta-1-300x225.jpg 300w, http:\/\/blog.glutenmenteschef.hu\/wp-content\/uploads\/2020\/07\/Kokuszos-Malnatorta-1-768x576.jpg 768w, http:\/\/blog.glutenmenteschef.hu\/wp-content\/uploads\/2020\/07\/Kokuszos-Malnatorta-1.jpg 1024w\" sizes=\"auto, (max-width: 300px) 100vw, 300px\" \/><\/figure>\n<\/div>\n\n\n<p class=\"has-text-align-center\"><br><br><strong>Harmadik l\u00e9p\u00e9sk\u00e9nt j\u00f6het a k\u00f3kuszkr\u00e9m elk\u00e9sz\u00edt\u00e9se.<\/strong><\/p>\n\n\n\n<h5 class=\"wp-block-heading has-text-align-center\"><strong>K\u00f3kuszkr\u00e9m hozz\u00e1val\u00f3i:<\/strong><\/h5>\n\n\n\n<p class=\"has-text-align-center\">6 toj\u00e1ss\u00e1rg\u00e1ja<br> 200 gr cukor <br> 1-1 gr citrom- \u00e9s narancs h\u00e9ja<br> 900 ml ( 2 doboz )  Lidl-\u00f6s K\u00f3kusztej <br> 25 gr zselatin <br> 40 gr k\u00f3kuszliszt vagy finomra dar\u00e1lt k\u00f3kuszreszel\u00e9k <br><br><\/p>\n\n\n\n<h5 class=\"wp-block-heading\"><strong>A k\u00f3kuszkr\u00e9m elk\u00e9sz\u00edt\u00e9se:<\/strong><\/h5>\n\n\n\n<p>A habszifonnal t\u00f6rt\u00e9n\u0151 felf\u00faj\u00e1s tejsz\u00ednhab szer\u0171 \u00e1llagot ad a k\u00f3kusztejnek.  <br><strong>Ha NINCS habszifonunk, akkor az \u00f6sszes k\u00f3kusztejet keverj\u00fck a zselatinos-toj\u00e1ss\u00e1rg\u00e1j\u00e1s kr\u00e9malaphoz \u00e9s \u00edgy meleg\u00edts\u00fck 85 fokig. <\/strong><\/p>\n\n\n\n<p>A k\u00f3kusztej fel\u00e9t habszifonba t\u00f6ltj\u00fck \u00e9s egy patronnal felf\u00fajjuk.<br> <br>A toj\u00e1ss\u00e1rg\u00e1j\u00e1t a k\u00f3kuszliszt vagy reszel\u00e9kkel, a cukorral, a k\u00f3kusztej m\u00e1sik fel\u00e9vel, a zselatinnal, valamint a citrom- \u00e9s narancsh\u00e9jjal 85 fokig meleg\u00edtj\u00fck ( h\u00edg sod\u00f3t kapunk ), majd szoba h\u0151m\u00e9rs\u00e9klet\u0171re h\u0171tj\u00fck \u00e9s miel\u0151tt a zselatin k\u00f6tni kezdene, beleforgatjuk a habszifonnal felf\u00fajt k\u00f3kusztejet. <br><\/p>\n\n\n\n<p>A kapcsos form\u00e1ban l\u00e9v\u0151 m\u00e1r megdermedt m\u00e1lnakr\u00e9mre r\u00e1helyezz\u00fck a m\u00e1sodik pisk\u00f3talapot \u00e9s r\u00e1\u00f6ntj\u00fck a k\u00f3kuszkr\u00e9met. Folpackkal lefedve \u00fajb\u00f3l a h\u0171t\u0151be tessz\u00fck, hogy ez a kr\u00e9m is megdermedjen. <br><br><\/p>\n\n\n<div class=\"wp-block-image\">\n<figure class=\"aligncenter\"><img loading=\"lazy\" decoding=\"async\" width=\"300\" height=\"276\" src=\"https:\/\/blog.glutenmenteschef.hu\/wp-content\/uploads\/2020\/07\/Kokuszos-Malnatorta-2-300x276.jpg\" alt=\"\" class=\"wp-image-28248\" srcset=\"http:\/\/blog.glutenmenteschef.hu\/wp-content\/uploads\/2020\/07\/Kokuszos-Malnatorta-2-300x276.jpg 300w, http:\/\/blog.glutenmenteschef.hu\/wp-content\/uploads\/2020\/07\/Kokuszos-Malnatorta-2.jpg 682w\" sizes=\"auto, (max-width: 300px) 100vw, 300px\" \/><\/figure>\n<\/div>\n\n\n<p><br><br>Ha a k\u00f3kuszkr\u00e9m is megk\u00f6t\u00f6tt, tegy\u00fck r\u00e1 a harmadik tortalapot \u00e9s kezdhetj\u00fck a d\u00edsz\u00edt\u00e9st.<br><br><\/p>\n\n\n<div class=\"wp-block-image\">\n<figure class=\"aligncenter is-resized\"><img loading=\"lazy\" decoding=\"async\" src=\"https:\/\/blog.glutenmenteschef.hu\/wp-content\/uploads\/2020\/07\/Kokuszos-Malnatorta-3.jpg\" alt=\"\" class=\"wp-image-28249\" width=\"512\" height=\"384\" srcset=\"http:\/\/blog.glutenmenteschef.hu\/wp-content\/uploads\/2020\/07\/Kokuszos-Malnatorta-3.jpg 1024w, http:\/\/blog.glutenmenteschef.hu\/wp-content\/uploads\/2020\/07\/Kokuszos-Malnatorta-3-300x225.jpg 300w, http:\/\/blog.glutenmenteschef.hu\/wp-content\/uploads\/2020\/07\/Kokuszos-Malnatorta-3-768x576.jpg 768w\" sizes=\"auto, (max-width: 512px) 100vw, 512px\" \/><\/figure>\n<\/div>\n\n\n<h5 class=\"wp-block-heading\"><br><br><strong>D\u00edsz\u00edt\u00e9s:<\/strong><\/h5>\n\n\n\n<p>A &#8222;fonott kos\u00e1r&#8221; mint\u00e1hoz ezt a kig\u0151z\u00f6lt toj\u00e1sfeh\u00e9rje habot haszn\u00e1ltam:<br>6 toj\u00e1sfeh\u00e9rj\u00e9t v\u00edzg\u0151z felett 75 fokig meleg\u00edt\u00fcnk 350 g cukorral, ezt k\u00f6vet\u0151en g\u00e9pi habver\u0151 seg\u00edts\u00e9g\u00e9vel kih\u0171l\u00e9sig habos\u00edtva keverj\u00fck. Majd belekever\u00fcnk 40 gr kem\u00e9ny\u00edt\u0151t.<\/p>\n\n\n\n<p>Lapos, egyik oldal\u00e1n fogazott d\u00edsz\u00edt\u0151cs\u0151vel ell\u00e1tott habzs\u00e1kba t\u00f6ltj\u00fck \u00e9s sok-sok t\u00fcrelemmel elkezdj\u00fck &#8222;bevonalazni&#8221; a torta oldal\u00e1t.<br><br><\/p>\n\n\n<div class=\"wp-block-image\">\n<figure class=\"aligncenter is-resized\"><img loading=\"lazy\" decoding=\"async\" src=\"https:\/\/blog.glutenmenteschef.hu\/wp-content\/uploads\/2020\/07\/Kokuszos-Malnatorta-4.jpg\" alt=\"\" class=\"wp-image-28250\" width=\"512\" height=\"384\" srcset=\"http:\/\/blog.glutenmenteschef.hu\/wp-content\/uploads\/2020\/07\/Kokuszos-Malnatorta-4.jpg 1024w, http:\/\/blog.glutenmenteschef.hu\/wp-content\/uploads\/2020\/07\/Kokuszos-Malnatorta-4-300x225.jpg 300w, http:\/\/blog.glutenmenteschef.hu\/wp-content\/uploads\/2020\/07\/Kokuszos-Malnatorta-4-768x576.jpg 768w\" sizes=\"auto, (max-width: 512px) 100vw, 512px\" \/><figcaption class=\"wp-element-caption\"><br><\/figcaption><\/figure>\n<\/div>\n\n<div class=\"wp-block-image\">\n<figure class=\"aligncenter is-resized\"><img loading=\"lazy\" decoding=\"async\" src=\"https:\/\/blog.glutenmenteschef.hu\/wp-content\/uploads\/2020\/07\/Kokuszos-Malnatorta-7a.jpg\" alt=\"\" class=\"wp-image-28257\" width=\"570\" height=\"531\" srcset=\"http:\/\/blog.glutenmenteschef.hu\/wp-content\/uploads\/2020\/07\/Kokuszos-Malnatorta-7a.jpg 760w, http:\/\/blog.glutenmenteschef.hu\/wp-content\/uploads\/2020\/07\/Kokuszos-Malnatorta-7a-300x279.jpg 300w\" sizes=\"auto, (max-width: 570px) 100vw, 570px\" \/><figcaption class=\"wp-element-caption\"><br><\/figcaption><\/figure>\n<\/div>\n\n<div class=\"wp-block-image\">\n<figure class=\"aligncenter is-resized\"><img loading=\"lazy\" decoding=\"async\" src=\"https:\/\/blog.glutenmenteschef.hu\/wp-content\/uploads\/2020\/07\/Kokuszos-Malnatorta-8.jpg\" alt=\"\" class=\"wp-image-28253\" width=\"512\" height=\"384\" srcset=\"http:\/\/blog.glutenmenteschef.hu\/wp-content\/uploads\/2020\/07\/Kokuszos-Malnatorta-8.jpg 1024w, http:\/\/blog.glutenmenteschef.hu\/wp-content\/uploads\/2020\/07\/Kokuszos-Malnatorta-8-300x225.jpg 300w, http:\/\/blog.glutenmenteschef.hu\/wp-content\/uploads\/2020\/07\/Kokuszos-Malnatorta-8-768x576.jpg 768w\" sizes=\"auto, (max-width: 512px) 100vw, 512px\" \/><\/figure>\n<\/div>\n\n\n<p><br><br>A torta el\u00e9g nagy sikert aratott a csal\u00e1dban, mindenkinek nagyon \u00edzlett. \u00cdgy egy h\u00e9ttel k\u00e9s\u0151bb a fiam bar\u00e1tn\u0151j\u00e9nek a sz\u00fclet\u00e9snapj\u00e1ra egy\u00e9rtelm\u0171 volt, hogy a glut\u00e9n- \u00e9s tejmentes torta csakis ez lehet.<br><br><\/p>\n\n\n<div class=\"wp-block-image\">\n<figure class=\"aligncenter is-resized\"><img loading=\"lazy\" decoding=\"async\" src=\"https:\/\/blog.glutenmenteschef.hu\/wp-content\/uploads\/2020\/07\/Kokuszos-Malnatorta-16-1.jpg\" alt=\"\" class=\"wp-image-28274\" width=\"512\" height=\"384\" srcset=\"http:\/\/blog.glutenmenteschef.hu\/wp-content\/uploads\/2020\/07\/Kokuszos-Malnatorta-16-1.jpg 1024w, http:\/\/blog.glutenmenteschef.hu\/wp-content\/uploads\/2020\/07\/Kokuszos-Malnatorta-16-1-300x225.jpg 300w, http:\/\/blog.glutenmenteschef.hu\/wp-content\/uploads\/2020\/07\/Kokuszos-Malnatorta-16-1-768x576.jpg 768w\" sizes=\"auto, (max-width: 512px) 100vw, 512px\" \/><\/figure>\n<\/div>\n\n\n<p><br><\/p>\n\n\n<div class=\"wp-block-image\">\n<figure class=\"aligncenter is-resized\"><img loading=\"lazy\" decoding=\"async\" src=\"http:\/\/blog.glutenmenteschef.hu\/wp-content\/uploads\/2020\/07\/Kokuszos-Malnatorta-18.jpg\" alt=\"\" class=\"wp-image-28275\" width=\"512\" height=\"384\" srcset=\"http:\/\/blog.glutenmenteschef.hu\/wp-content\/uploads\/2020\/07\/Kokuszos-Malnatorta-18.jpg 1024w, http:\/\/blog.glutenmenteschef.hu\/wp-content\/uploads\/2020\/07\/Kokuszos-Malnatorta-18-300x225.jpg 300w, http:\/\/blog.glutenmenteschef.hu\/wp-content\/uploads\/2020\/07\/Kokuszos-Malnatorta-18-768x576.jpg 768w\" sizes=\"auto, (max-width: 512px) 100vw, 512px\" \/><\/figure>\n<\/div>","protected":false},"excerpt":{"rendered":"<p>K\u00f3kuszos-M\u00e1lnatorta glut\u00e9n- \u00e9s tejmentesen 22 cm-es kapcsos tortaform\u00e1hoz A h\u00e1zass\u00e1gi \u00e9vfordul\u00f3nkra k\u00e9sz\u00fclt ez a torta, ami nem csak glut\u00e9n, de tejmentes is, mivel a m\u00e1lna kr\u00e9mhez k\u00f3kusztejet haszn\u00e1ltam. Innent\u0151l m\u00e1r adta mag\u00e1t, hogy a tort\u00e1ban a m\u00e1sodik kr\u00e9mr\u00e9teg k\u00f3kuszos legyen. Nagyon passzolnak egym\u00e1shoz! A torta k\u00e9sz\u00edt\u00e9s\u00e9t szakaszokra lehet bontani:A megs\u00fct\u00f6tt t\u00e9szt\u00e1nak ki kell h\u0171lnie teljesen, <br \/><a class=\"more\" href=\"http:\/\/blog.glutenmenteschef.hu\/index.php\/2020\/07\/11\/kokuszos-malnatorta-gluten-es-tejmentesen\/\">Read more&#8230; <\/a><\/p>\n","protected":false},"author":1,"featured_media":28261,"comment_status":"open","ping_status":"open","sticky":false,"template":"","format":"standard","meta":{"footnotes":""},"categories":[27,335,230],"tags":[5,354,556,555,408,326,557],"class_list":["post-28224","post","type-post","status-publish","format-standard","has-post-thumbnail","hentry","category-desszert","category-rizslisztbol-keszitettem","category-torta","tag-glutenmentes","tag-kakaos-piskota","tag-kokuszkrem","tag-malnakrem","tag-malnatorta","tag-tejmentes","tag-torta"],"yoast_head":"<!-- This site is optimized with the Yoast SEO plugin v26.5 - https:\/\/yoast.com\/wordpress\/plugins\/seo\/ -->\n<title>K\u00d3KUSZOS-M\u00c1LNATORTA GLUT\u00c9N- \u00c9S TEJMENTESEN &#8211; Glut\u00e9nmentes Chef blog - \u00c1tol Tibor<\/title>\n<meta name=\"robots\" content=\"index, follow, max-snippet:-1, max-image-preview:large, max-video-preview:-1\" \/>\n<link rel=\"canonical\" href=\"http:\/\/blog.glutenmenteschef.hu\/index.php\/2020\/07\/11\/kokuszos-malnatorta-gluten-es-tejmentesen\/\" \/>\n<meta property=\"og:locale\" content=\"hu_HU\" \/>\n<meta property=\"og:type\" content=\"article\" \/>\n<meta property=\"og:title\" content=\"K\u00d3KUSZOS-M\u00c1LNATORTA GLUT\u00c9N- \u00c9S TEJMENTESEN &#8211; Glut\u00e9nmentes Chef blog - \u00c1tol Tibor\" \/>\n<meta property=\"og:description\" content=\"K\u00f3kuszos-M\u00e1lnatorta glut\u00e9n- \u00e9s tejmentesen 22 cm-es kapcsos tortaform\u00e1hoz A h\u00e1zass\u00e1gi \u00e9vfordul\u00f3nkra k\u00e9sz\u00fclt ez a torta, ami nem csak glut\u00e9n, de tejmentes is, mivel a m\u00e1lna kr\u00e9mhez k\u00f3kusztejet haszn\u00e1ltam. Innent\u0151l m\u00e1r adta mag\u00e1t, hogy a tort\u00e1ban a m\u00e1sodik kr\u00e9mr\u00e9teg k\u00f3kuszos legyen. Nagyon passzolnak egym\u00e1shoz! A torta k\u00e9sz\u00edt\u00e9s\u00e9t szakaszokra lehet bontani:A megs\u00fct\u00f6tt t\u00e9szt\u00e1nak ki kell h\u0171lnie teljesen, Read more...\" \/>\n<meta property=\"og:url\" content=\"http:\/\/blog.glutenmenteschef.hu\/index.php\/2020\/07\/11\/kokuszos-malnatorta-gluten-es-tejmentesen\/\" \/>\n<meta property=\"og:site_name\" content=\"Glut\u00e9nmentes Chef blog - \u00c1tol Tibor\" \/>\n<meta property=\"article:publisher\" content=\"https:\/\/www.facebook.com\/aglutenmentessef\" \/>\n<meta property=\"article:author\" content=\"https:\/\/www.facebook.com\/aglutenmentessef\" \/>\n<meta property=\"article:published_time\" content=\"2020-07-11T11:02:48+00:00\" \/>\n<meta property=\"article:modified_time\" content=\"2023-12-25T18:38:51+00:00\" \/>\n<meta property=\"og:image\" content=\"http:\/\/blog.glutenmenteschef.hu\/wp-content\/uploads\/2020\/07\/Kokuszos-Malnatorta-20.jpg\" \/>\n\t<meta property=\"og:image:width\" content=\"1456\" \/>\n\t<meta property=\"og:image:height\" content=\"1193\" \/>\n\t<meta property=\"og:image:type\" content=\"image\/jpeg\" \/>\n<meta name=\"author\" content=\"gmchef\" \/>\n<meta name=\"twitter:card\" content=\"summary_large_image\" \/>\n<meta name=\"twitter:label1\" content=\"Szerz\u0151:\" \/>\n\t<meta name=\"twitter:data1\" content=\"gmchef\" \/>\n\t<meta name=\"twitter:label2\" content=\"Becs\u00fclt olvas\u00e1si id\u0151\" \/>\n\t<meta name=\"twitter:data2\" content=\"6 perc\" \/>\n<script type=\"application\/ld+json\" class=\"yoast-schema-graph\">{\"@context\":\"https:\/\/schema.org\",\"@graph\":[{\"@type\":\"Article\",\"@id\":\"http:\/\/blog.glutenmenteschef.hu\/index.php\/2020\/07\/11\/kokuszos-malnatorta-gluten-es-tejmentesen\/#article\",\"isPartOf\":{\"@id\":\"http:\/\/blog.glutenmenteschef.hu\/index.php\/2020\/07\/11\/kokuszos-malnatorta-gluten-es-tejmentesen\/\"},\"author\":{\"name\":\"gmchef\",\"@id\":\"https:\/\/blog.glutenmenteschef.hu\/#\/schema\/person\/c07613f0b6c0f12f90b8cb23cf32754a\"},\"headline\":\"K\u00d3KUSZOS-M\u00c1LNATORTA GLUT\u00c9N- \u00c9S TEJMENTESEN\",\"datePublished\":\"2020-07-11T11:02:48+00:00\",\"dateModified\":\"2023-12-25T18:38:51+00:00\",\"mainEntityOfPage\":{\"@id\":\"http:\/\/blog.glutenmenteschef.hu\/index.php\/2020\/07\/11\/kokuszos-malnatorta-gluten-es-tejmentesen\/\"},\"wordCount\":961,\"commentCount\":0,\"publisher\":{\"@id\":\"https:\/\/blog.glutenmenteschef.hu\/#\/schema\/person\/c07613f0b6c0f12f90b8cb23cf32754a\"},\"image\":{\"@id\":\"http:\/\/blog.glutenmenteschef.hu\/index.php\/2020\/07\/11\/kokuszos-malnatorta-gluten-es-tejmentesen\/#primaryimage\"},\"thumbnailUrl\":\"http:\/\/blog.glutenmenteschef.hu\/wp-content\/uploads\/2020\/07\/Kokuszos-Malnatorta-20.jpg\",\"keywords\":[\"glut\u00e9nmentes\",\"kaka\u00f3s pisk\u00f3ta\",\"k\u00f3kuszkr\u00e9m\",\"m\u00e1lnakr\u00e9m\",\"m\u00e1lnatorta\",\"tejmentes\",\"torta\"],\"articleSection\":[\"Desszert-S\u00fctem\u00e9ny\",\"Rizslisztb\u0151l k\u00e9sz\u00edtettem\",\"Torta\"],\"inLanguage\":\"hu\",\"potentialAction\":[{\"@type\":\"CommentAction\",\"name\":\"Comment\",\"target\":[\"http:\/\/blog.glutenmenteschef.hu\/index.php\/2020\/07\/11\/kokuszos-malnatorta-gluten-es-tejmentesen\/#respond\"]}]},{\"@type\":\"WebPage\",\"@id\":\"http:\/\/blog.glutenmenteschef.hu\/index.php\/2020\/07\/11\/kokuszos-malnatorta-gluten-es-tejmentesen\/\",\"url\":\"http:\/\/blog.glutenmenteschef.hu\/index.php\/2020\/07\/11\/kokuszos-malnatorta-gluten-es-tejmentesen\/\",\"name\":\"K\u00d3KUSZOS-M\u00c1LNATORTA GLUT\u00c9N- \u00c9S TEJMENTESEN &#8211; Glut\u00e9nmentes Chef blog - \u00c1tol Tibor\",\"isPartOf\":{\"@id\":\"https:\/\/blog.glutenmenteschef.hu\/#website\"},\"primaryImageOfPage\":{\"@id\":\"http:\/\/blog.glutenmenteschef.hu\/index.php\/2020\/07\/11\/kokuszos-malnatorta-gluten-es-tejmentesen\/#primaryimage\"},\"image\":{\"@id\":\"http:\/\/blog.glutenmenteschef.hu\/index.php\/2020\/07\/11\/kokuszos-malnatorta-gluten-es-tejmentesen\/#primaryimage\"},\"thumbnailUrl\":\"http:\/\/blog.glutenmenteschef.hu\/wp-content\/uploads\/2020\/07\/Kokuszos-Malnatorta-20.jpg\",\"datePublished\":\"2020-07-11T11:02:48+00:00\",\"dateModified\":\"2023-12-25T18:38:51+00:00\",\"breadcrumb\":{\"@id\":\"http:\/\/blog.glutenmenteschef.hu\/index.php\/2020\/07\/11\/kokuszos-malnatorta-gluten-es-tejmentesen\/#breadcrumb\"},\"inLanguage\":\"hu\",\"potentialAction\":[{\"@type\":\"ReadAction\",\"target\":[\"http:\/\/blog.glutenmenteschef.hu\/index.php\/2020\/07\/11\/kokuszos-malnatorta-gluten-es-tejmentesen\/\"]}]},{\"@type\":\"ImageObject\",\"inLanguage\":\"hu\",\"@id\":\"http:\/\/blog.glutenmenteschef.hu\/index.php\/2020\/07\/11\/kokuszos-malnatorta-gluten-es-tejmentesen\/#primaryimage\",\"url\":\"http:\/\/blog.glutenmenteschef.hu\/wp-content\/uploads\/2020\/07\/Kokuszos-Malnatorta-20.jpg\",\"contentUrl\":\"http:\/\/blog.glutenmenteschef.hu\/wp-content\/uploads\/2020\/07\/Kokuszos-Malnatorta-20.jpg\",\"width\":1456,\"height\":1193},{\"@type\":\"BreadcrumbList\",\"@id\":\"http:\/\/blog.glutenmenteschef.hu\/index.php\/2020\/07\/11\/kokuszos-malnatorta-gluten-es-tejmentesen\/#breadcrumb\",\"itemListElement\":[{\"@type\":\"ListItem\",\"position\":1,\"name\":\"Home\",\"item\":\"https:\/\/blog.glutenmenteschef.hu\/\"},{\"@type\":\"ListItem\",\"position\":2,\"name\":\"K\u00d3KUSZOS-M\u00c1LNATORTA GLUT\u00c9N- \u00c9S TEJMENTESEN\"}]},{\"@type\":\"WebSite\",\"@id\":\"https:\/\/blog.glutenmenteschef.hu\/#website\",\"url\":\"https:\/\/blog.glutenmenteschef.hu\/\",\"name\":\"Glut\u00e9nmentes Chef blog - \u00c1tol Tibor\",\"description\":\"Glut\u00e9nmentes \u00e9telek, glut\u00e9nmentes receptek, glut\u00e9nmentes vide\u00f3k\",\"publisher\":{\"@id\":\"https:\/\/blog.glutenmenteschef.hu\/#\/schema\/person\/c07613f0b6c0f12f90b8cb23cf32754a\"},\"potentialAction\":[{\"@type\":\"SearchAction\",\"target\":{\"@type\":\"EntryPoint\",\"urlTemplate\":\"https:\/\/blog.glutenmenteschef.hu\/?s={search_term_string}\"},\"query-input\":{\"@type\":\"PropertyValueSpecification\",\"valueRequired\":true,\"valueName\":\"search_term_string\"}}],\"inLanguage\":\"hu\"},{\"@type\":[\"Person\",\"Organization\"],\"@id\":\"https:\/\/blog.glutenmenteschef.hu\/#\/schema\/person\/c07613f0b6c0f12f90b8cb23cf32754a\",\"name\":\"gmchef\",\"image\":{\"@type\":\"ImageObject\",\"inLanguage\":\"hu\",\"@id\":\"https:\/\/blog.glutenmenteschef.hu\/#\/schema\/person\/image\/\",\"url\":\"https:\/\/secure.gravatar.com\/avatar\/363a4977321cb6fa3321b7ac93139b68e56af77880ae9fd5a3b2e7a8279f6d74?s=96&d=mm&r=g\",\"contentUrl\":\"https:\/\/secure.gravatar.com\/avatar\/363a4977321cb6fa3321b7ac93139b68e56af77880ae9fd5a3b2e7a8279f6d74?s=96&d=mm&r=g\",\"caption\":\"gmchef\"},\"logo\":{\"@id\":\"https:\/\/blog.glutenmenteschef.hu\/#\/schema\/person\/image\/\"},\"sameAs\":[\"https:\/\/www.facebook.com\/aglutenmentessef\"]}]}<\/script>\n<!-- \/ Yoast SEO plugin. -->","yoast_head_json":{"title":"K\u00d3KUSZOS-M\u00c1LNATORTA GLUT\u00c9N- \u00c9S TEJMENTESEN &#8211; Glut\u00e9nmentes Chef blog - \u00c1tol Tibor","robots":{"index":"index","follow":"follow","max-snippet":"max-snippet:-1","max-image-preview":"max-image-preview:large","max-video-preview":"max-video-preview:-1"},"canonical":"http:\/\/blog.glutenmenteschef.hu\/index.php\/2020\/07\/11\/kokuszos-malnatorta-gluten-es-tejmentesen\/","og_locale":"hu_HU","og_type":"article","og_title":"K\u00d3KUSZOS-M\u00c1LNATORTA GLUT\u00c9N- \u00c9S TEJMENTESEN &#8211; Glut\u00e9nmentes Chef blog - \u00c1tol Tibor","og_description":"K\u00f3kuszos-M\u00e1lnatorta glut\u00e9n- \u00e9s tejmentesen 22 cm-es kapcsos tortaform\u00e1hoz A h\u00e1zass\u00e1gi \u00e9vfordul\u00f3nkra k\u00e9sz\u00fclt ez a torta, ami nem csak glut\u00e9n, de tejmentes is, mivel a m\u00e1lna kr\u00e9mhez k\u00f3kusztejet haszn\u00e1ltam. Innent\u0151l m\u00e1r adta mag\u00e1t, hogy a tort\u00e1ban a m\u00e1sodik kr\u00e9mr\u00e9teg k\u00f3kuszos legyen. Nagyon passzolnak egym\u00e1shoz! A torta k\u00e9sz\u00edt\u00e9s\u00e9t szakaszokra lehet bontani:A megs\u00fct\u00f6tt t\u00e9szt\u00e1nak ki kell h\u0171lnie teljesen, Read more...","og_url":"http:\/\/blog.glutenmenteschef.hu\/index.php\/2020\/07\/11\/kokuszos-malnatorta-gluten-es-tejmentesen\/","og_site_name":"Glut\u00e9nmentes Chef blog - \u00c1tol Tibor","article_publisher":"https:\/\/www.facebook.com\/aglutenmentessef","article_author":"https:\/\/www.facebook.com\/aglutenmentessef","article_published_time":"2020-07-11T11:02:48+00:00","article_modified_time":"2023-12-25T18:38:51+00:00","og_image":[{"width":1456,"height":1193,"url":"http:\/\/blog.glutenmenteschef.hu\/wp-content\/uploads\/2020\/07\/Kokuszos-Malnatorta-20.jpg","type":"image\/jpeg"}],"author":"gmchef","twitter_card":"summary_large_image","twitter_misc":{"Szerz\u0151:":"gmchef","Becs\u00fclt olvas\u00e1si id\u0151":"6 perc"},"schema":{"@context":"https:\/\/schema.org","@graph":[{"@type":"Article","@id":"http:\/\/blog.glutenmenteschef.hu\/index.php\/2020\/07\/11\/kokuszos-malnatorta-gluten-es-tejmentesen\/#article","isPartOf":{"@id":"http:\/\/blog.glutenmenteschef.hu\/index.php\/2020\/07\/11\/kokuszos-malnatorta-gluten-es-tejmentesen\/"},"author":{"name":"gmchef","@id":"https:\/\/blog.glutenmenteschef.hu\/#\/schema\/person\/c07613f0b6c0f12f90b8cb23cf32754a"},"headline":"K\u00d3KUSZOS-M\u00c1LNATORTA GLUT\u00c9N- \u00c9S TEJMENTESEN","datePublished":"2020-07-11T11:02:48+00:00","dateModified":"2023-12-25T18:38:51+00:00","mainEntityOfPage":{"@id":"http:\/\/blog.glutenmenteschef.hu\/index.php\/2020\/07\/11\/kokuszos-malnatorta-gluten-es-tejmentesen\/"},"wordCount":961,"commentCount":0,"publisher":{"@id":"https:\/\/blog.glutenmenteschef.hu\/#\/schema\/person\/c07613f0b6c0f12f90b8cb23cf32754a"},"image":{"@id":"http:\/\/blog.glutenmenteschef.hu\/index.php\/2020\/07\/11\/kokuszos-malnatorta-gluten-es-tejmentesen\/#primaryimage"},"thumbnailUrl":"http:\/\/blog.glutenmenteschef.hu\/wp-content\/uploads\/2020\/07\/Kokuszos-Malnatorta-20.jpg","keywords":["glut\u00e9nmentes","kaka\u00f3s pisk\u00f3ta","k\u00f3kuszkr\u00e9m","m\u00e1lnakr\u00e9m","m\u00e1lnatorta","tejmentes","torta"],"articleSection":["Desszert-S\u00fctem\u00e9ny","Rizslisztb\u0151l k\u00e9sz\u00edtettem","Torta"],"inLanguage":"hu","potentialAction":[{"@type":"CommentAction","name":"Comment","target":["http:\/\/blog.glutenmenteschef.hu\/index.php\/2020\/07\/11\/kokuszos-malnatorta-gluten-es-tejmentesen\/#respond"]}]},{"@type":"WebPage","@id":"http:\/\/blog.glutenmenteschef.hu\/index.php\/2020\/07\/11\/kokuszos-malnatorta-gluten-es-tejmentesen\/","url":"http:\/\/blog.glutenmenteschef.hu\/index.php\/2020\/07\/11\/kokuszos-malnatorta-gluten-es-tejmentesen\/","name":"K\u00d3KUSZOS-M\u00c1LNATORTA GLUT\u00c9N- \u00c9S TEJMENTESEN &#8211; Glut\u00e9nmentes Chef blog - \u00c1tol Tibor","isPartOf":{"@id":"https:\/\/blog.glutenmenteschef.hu\/#website"},"primaryImageOfPage":{"@id":"http:\/\/blog.glutenmenteschef.hu\/index.php\/2020\/07\/11\/kokuszos-malnatorta-gluten-es-tejmentesen\/#primaryimage"},"image":{"@id":"http:\/\/blog.glutenmenteschef.hu\/index.php\/2020\/07\/11\/kokuszos-malnatorta-gluten-es-tejmentesen\/#primaryimage"},"thumbnailUrl":"http:\/\/blog.glutenmenteschef.hu\/wp-content\/uploads\/2020\/07\/Kokuszos-Malnatorta-20.jpg","datePublished":"2020-07-11T11:02:48+00:00","dateModified":"2023-12-25T18:38:51+00:00","breadcrumb":{"@id":"http:\/\/blog.glutenmenteschef.hu\/index.php\/2020\/07\/11\/kokuszos-malnatorta-gluten-es-tejmentesen\/#breadcrumb"},"inLanguage":"hu","potentialAction":[{"@type":"ReadAction","target":["http:\/\/blog.glutenmenteschef.hu\/index.php\/2020\/07\/11\/kokuszos-malnatorta-gluten-es-tejmentesen\/"]}]},{"@type":"ImageObject","inLanguage":"hu","@id":"http:\/\/blog.glutenmenteschef.hu\/index.php\/2020\/07\/11\/kokuszos-malnatorta-gluten-es-tejmentesen\/#primaryimage","url":"http:\/\/blog.glutenmenteschef.hu\/wp-content\/uploads\/2020\/07\/Kokuszos-Malnatorta-20.jpg","contentUrl":"http:\/\/blog.glutenmenteschef.hu\/wp-content\/uploads\/2020\/07\/Kokuszos-Malnatorta-20.jpg","width":1456,"height":1193},{"@type":"BreadcrumbList","@id":"http:\/\/blog.glutenmenteschef.hu\/index.php\/2020\/07\/11\/kokuszos-malnatorta-gluten-es-tejmentesen\/#breadcrumb","itemListElement":[{"@type":"ListItem","position":1,"name":"Home","item":"https:\/\/blog.glutenmenteschef.hu\/"},{"@type":"ListItem","position":2,"name":"K\u00d3KUSZOS-M\u00c1LNATORTA GLUT\u00c9N- \u00c9S TEJMENTESEN"}]},{"@type":"WebSite","@id":"https:\/\/blog.glutenmenteschef.hu\/#website","url":"https:\/\/blog.glutenmenteschef.hu\/","name":"Glut\u00e9nmentes Chef blog - \u00c1tol Tibor","description":"Glut\u00e9nmentes \u00e9telek, glut\u00e9nmentes receptek, glut\u00e9nmentes vide\u00f3k","publisher":{"@id":"https:\/\/blog.glutenmenteschef.hu\/#\/schema\/person\/c07613f0b6c0f12f90b8cb23cf32754a"},"potentialAction":[{"@type":"SearchAction","target":{"@type":"EntryPoint","urlTemplate":"https:\/\/blog.glutenmenteschef.hu\/?s={search_term_string}"},"query-input":{"@type":"PropertyValueSpecification","valueRequired":true,"valueName":"search_term_string"}}],"inLanguage":"hu"},{"@type":["Person","Organization"],"@id":"https:\/\/blog.glutenmenteschef.hu\/#\/schema\/person\/c07613f0b6c0f12f90b8cb23cf32754a","name":"gmchef","image":{"@type":"ImageObject","inLanguage":"hu","@id":"https:\/\/blog.glutenmenteschef.hu\/#\/schema\/person\/image\/","url":"https:\/\/secure.gravatar.com\/avatar\/363a4977321cb6fa3321b7ac93139b68e56af77880ae9fd5a3b2e7a8279f6d74?s=96&d=mm&r=g","contentUrl":"https:\/\/secure.gravatar.com\/avatar\/363a4977321cb6fa3321b7ac93139b68e56af77880ae9fd5a3b2e7a8279f6d74?s=96&d=mm&r=g","caption":"gmchef"},"logo":{"@id":"https:\/\/blog.glutenmenteschef.hu\/#\/schema\/person\/image\/"},"sameAs":["https:\/\/www.facebook.com\/aglutenmentessef"]}]}},"_links":{"self":[{"href":"http:\/\/blog.glutenmenteschef.hu\/index.php\/wp-json\/wp\/v2\/posts\/28224","targetHints":{"allow":["GET"]}}],"collection":[{"href":"http:\/\/blog.glutenmenteschef.hu\/index.php\/wp-json\/wp\/v2\/posts"}],"about":[{"href":"http:\/\/blog.glutenmenteschef.hu\/index.php\/wp-json\/wp\/v2\/types\/post"}],"author":[{"embeddable":true,"href":"http:\/\/blog.glutenmenteschef.hu\/index.php\/wp-json\/wp\/v2\/users\/1"}],"replies":[{"embeddable":true,"href":"http:\/\/blog.glutenmenteschef.hu\/index.php\/wp-json\/wp\/v2\/comments?post=28224"}],"version-history":[{"count":0,"href":"http:\/\/blog.glutenmenteschef.hu\/index.php\/wp-json\/wp\/v2\/posts\/28224\/revisions"}],"wp:featuredmedia":[{"embeddable":true,"href":"http:\/\/blog.glutenmenteschef.hu\/index.php\/wp-json\/wp\/v2\/media\/28261"}],"wp:attachment":[{"href":"http:\/\/blog.glutenmenteschef.hu\/index.php\/wp-json\/wp\/v2\/media?parent=28224"}],"wp:term":[{"taxonomy":"category","embeddable":true,"href":"http:\/\/blog.glutenmenteschef.hu\/index.php\/wp-json\/wp\/v2\/categories?post=28224"},{"taxonomy":"post_tag","embeddable":true,"href":"http:\/\/blog.glutenmenteschef.hu\/index.php\/wp-json\/wp\/v2\/tags?post=28224"}],"curies":[{"name":"wp","href":"https:\/\/api.w.org\/{rel}","templated":true}]}}