{"id":27710,"date":"2020-03-19T18:57:40","date_gmt":"2020-03-19T18:57:40","guid":{"rendered":"http:\/\/blog.glutenmenteschef.hu\/?p=27710"},"modified":"2023-01-05T17:41:41","modified_gmt":"2023-01-05T17:41:41","slug":"hazi-keszitesu-gyurt-teszta-rizslisztbol","status":"publish","type":"post","link":"http:\/\/blog.glutenmenteschef.hu\/index.php\/2020\/03\/19\/hazi-keszitesu-gyurt-teszta-rizslisztbol\/","title":{"rendered":"H\u00c1ZI K\u00c9SZ\u00cdT\u00c9S\u0170 GY\u00daRT T\u00c9SZTA RIZSLISZTB\u0150L"},"content":{"rendered":"\n<h3 class=\"has-text-align-center wp-block-heading\"><strong>H\u00e1zi k\u00e9sz\u00edt\u00e9s\u0171 gy\u00fart t\u00e9szta rizslisztb\u0151l<\/strong><\/h3>\n\n\n\n<p class=\"has-text-align-center\">5 adag<br><\/p>\n\n\n\n<p><br><br><br>Nagyon-nagyon ritk\u00e1n vesz\u00fcnk \u00fczletben k\u00e9sz, sz\u00e1raz t\u00e9szt\u00e1t. Az esetek 90 sz\u00e1zal\u00e9k\u00e1ban itthon k\u00e9sz\u00edtem, el\u0151z\u0151 este vagy \u00e9pp fogyaszt\u00e1s el\u0151tt. A t\u00e9szta \u00edgy t\u00f6red\u00e9k\u00e9be ker\u00fcl a boltinak, a f\u0151z\u00e9si ideje is csak 3-5 perc \u00e9s sokkal-sokkal finomabb, mint b\u00e1rmelyik \u00fczleti.<\/p>\n\n\n\n<p>Sokan tartanak t\u0151le \u00e9s neki se mernek \u00e1llni pedig 5 perc \u00f6sszegy\u00farni, a m\u00e1sik 5 &#8211; 10 perc kiny\u00fajtani &#8211; \u00f6sszev\u00e1gni \u00e9s m\u00e1r f\u0151zhetj\u00fck is. Nem egy bonyolult t\u00f6rt\u00e9net, m\u00e9g glut\u00e9nmentesen sem, r\u00e1ad\u00e1sul az egyik legolcs\u00f3bb \u00e9s legk\u00f6nnyebben hozz\u00e1f\u00e9rhet\u0151 lisztb\u0151l, a rizslisztb\u0151l k\u00e9sz\u00edtem.<br>Hogy mi lehet bel\u0151le?<br>SZ\u00c9LES MET\u00c9LT: m\u00e1kos, di\u00f3s, t\u00far\u00f3s, sajtos t\u00e9szt\u00e1hoz, TARHONYA egy j\u00f3 p\u00f6rk\u00f6lth\u00f6z, CVEKEDLI ( kocka\/h\u00e1romsz\u00f6g alak\u00fa ) a krumplis t\u00e9szt\u00e1hoz vagy \u00e9pp LASAGNA lapok, stb&#8230;..<\/p>\n\n\n\n<h4 class=\"has-text-align-center wp-block-heading\"><br><br><strong>A bejegyz\u00e9s alj\u00e1hoz g\u00f6rgetve egy vide\u00f3t is meglehet n\u00e9zni a k\u00e9sz\u00edt\u00e9s\u00e9r\u0151l.<\/strong><\/h4>\n\n\n\n<h5 class=\"has-text-align-center wp-block-heading\"><br><strong>Hozz\u00e1val\u00f3k:<\/strong><\/h5>\n\n\n\n<p class=\"has-text-align-center\">4 db L-es m\u00e9ret\u0171 toj\u00e1s <br>NAGYON FONTOS!: 250-260 gr \u00f6sszs\u00faly legyen meg! <br>( Ha kevesebb a toj\u00e1sok s\u00falya, nem fog \u00f6ssze\u00e1llni a t\u00e9szta, ha t\u00f6bb, akkor t\u00fal l\u00e1gy lesz. )<br> 380 g rizsliszt + 50 g a ny\u00fajt\u00e1shoz <br> csipet s\u00f3 <br><br><\/p>\n\n\n\n<p>Az alapanyagokat t\u00e1lba tessz\u00fck \u00e9s k\u00e9zzel addig gy\u00farjuk, am\u00edg teljesen egynem\u0171, homog\u00e9n \u00e1llag\u00fa nem lesz. Gomb\u00f3cot form\u00e1lunk bel\u0151le, p\u00e1r csepp olajjal vagy zs\u00edrral lekenj\u00fck a felsz\u00edn\u00e9t \u00e9s letakarva 20 percig pihentetj\u00fck.<\/p>\n\n\n\n<p>Lisztezett deszk\u00e1ra tessz\u00fck, majd a t\u00e9szt\u00e1nk tetej\u00e9t is egy kev\u00e9s liszttel megsz\u00f3rjuk. K\u00e9zzel kilap\u00edtjuk, majd ny\u00fajt\u00f3f\u00e1val eg\u00e9szen v\u00e9konyra ny\u00fajtjuk.<br>A k\u00edv\u00e1nt form\u00e1ra daraboljuk \u00e9s s\u00f3s forr\u00e1sba l\u00e9v\u0151 v\u00edzben k\u00e9szre f\u0151zz\u00fck.<\/p>\n\n\n\n<p>A met\u00e9lt, a kocka vagy \u00e9pp a lasagne t\u00e9szt\u00e1t elk\u00e9sz\u00edt\u00e9s ut\u00e1n r\u00f6gt\u00f6n felhaszn\u00e1lhatjuk a f\u0151z\u00e9shez. <br><br><\/p>\n\n\n\n<figure class=\"wp-block-gallery aligncenter has-nested-images columns-default is-cropped wp-block-gallery-1 is-layout-flex wp-block-gallery-is-layout-flex\">\n<figure class=\"wp-block-image\"><img loading=\"lazy\" decoding=\"async\" width=\"300\" height=\"225\" data-id=\"27722\" src=\"https:\/\/blog.glutenmenteschef.hu\/wp-content\/uploads\/2020\/03\/gyurt-teszta-2-1-300x225.jpg\" alt=\"\" class=\"wp-image-27722\" srcset=\"http:\/\/blog.glutenmenteschef.hu\/wp-content\/uploads\/2020\/03\/gyurt-teszta-2-1-300x225.jpg 300w, http:\/\/blog.glutenmenteschef.hu\/wp-content\/uploads\/2020\/03\/gyurt-teszta-2-1-768x576.jpg 768w, http:\/\/blog.glutenmenteschef.hu\/wp-content\/uploads\/2020\/03\/gyurt-teszta-2-1.jpg 1024w\" sizes=\"auto, (max-width: 300px) 100vw, 300px\" \/><\/figure>\n\n\n\n<figure class=\"wp-block-image\"><img loading=\"lazy\" decoding=\"async\" width=\"1024\" height=\"768\" data-id=\"27723\" src=\"https:\/\/blog.glutenmenteschef.hu\/wp-content\/uploads\/2020\/03\/gyurt-teszta-10-1.jpg\" alt=\"\" class=\"wp-image-27723\" srcset=\"http:\/\/blog.glutenmenteschef.hu\/wp-content\/uploads\/2020\/03\/gyurt-teszta-10-1.jpg 1024w, http:\/\/blog.glutenmenteschef.hu\/wp-content\/uploads\/2020\/03\/gyurt-teszta-10-1-300x225.jpg 300w, http:\/\/blog.glutenmenteschef.hu\/wp-content\/uploads\/2020\/03\/gyurt-teszta-10-1-768x576.jpg 768w\" sizes=\"auto, (max-width: 1024px) 100vw, 1024px\" \/><\/figure>\n\n\n\n<figure class=\"wp-block-image\"><img loading=\"lazy\" decoding=\"async\" width=\"1024\" height=\"768\" data-id=\"27724\" src=\"https:\/\/blog.glutenmenteschef.hu\/wp-content\/uploads\/2020\/03\/gyurt-teszta-16.jpg\" alt=\"\" class=\"wp-image-27724\" srcset=\"http:\/\/blog.glutenmenteschef.hu\/wp-content\/uploads\/2020\/03\/gyurt-teszta-16.jpg 1024w, http:\/\/blog.glutenmenteschef.hu\/wp-content\/uploads\/2020\/03\/gyurt-teszta-16-300x225.jpg 300w, http:\/\/blog.glutenmenteschef.hu\/wp-content\/uploads\/2020\/03\/gyurt-teszta-16-768x576.jpg 768w\" sizes=\"auto, (max-width: 1024px) 100vw, 1024px\" \/><\/figure>\n<\/figure>\n\n\n\n<h5 class=\"wp-block-heading\"><strong>S\u00c9F TIPP 1:<\/strong><\/h5>\n\n\n\n<p>A form\u00e1ra v\u00e1gott t\u00e9szt\u00e1t min\u00e9l kevesebb mozgat\u00e1ssal, lehet\u0151leg a ny\u00fajt\u00f3deszk\u00e1r\u00f3l h\u00fazzuk a f\u0151z\u0151v\u00edzbe, \u00edgy biztosan nem fog szakadni. A forr\u00f3 v\u00edzben a rizslisztben l\u00e9v\u0151 kem\u00e9ny\u00edt\u0151 \u00e9s a toj\u00e1s m\u00e1r &#8222;teszi a dolg\u00e1t&#8221; \u00e9s megk\u00f6ti az \u00e1llag\u00e1t \u00e9s nem engedi sz\u00e9tmenni.<\/p>\n\n\n\n<h5 class=\"wp-block-heading\"><strong>S\u00c9F TIPP 2:<\/strong><\/h5>\n\n\n\n<p> Ha g\u00e9ppel szeretn\u00e9nk ny\u00fajtani, akkor ehhez a mennyis\u00e9ghez 1 csipet \u00fatif\u0171magh\u00e9j VAGY 10 g keny\u00e9rlisztkever\u00e9ket adjunk hozz\u00e1. <br><strong>A csipet \u00fatif\u0171magh\u00e9j, t\u00e9nyleg csak annyi legyen, amennyit a k\u00e9t ujjunk k\u00f6z\u00f6tt \u00f6ssze tudunk cs\u00edpni!!!<\/strong> Ha t\u00f6bbet tesz\u00fcnk bele, felveszi a toj\u00e1s \u00e1ltal hozz\u00e1adott nedvess\u00e9get \u00e9s sz\u00e1raz, repedez\u0151s, gy\u00farhatatlan lesz a t\u00e9szta.<br><\/p>\n\n\n\n<h5 class=\"has-text-align-center wp-block-heading\"><strong>Tarhonya form\u00e1z\u00e1sa:<\/strong><\/h5>\n\n\n\n<p>Ha tarhony\u00e1t szeretn\u00e9nk k\u00e9sz\u00edteni, akkor kiss\u00e9 vastagabbra ny\u00fajtjuk a t\u00e9szt\u00e1t, felcs\u00edkozzuk, majd nagyon apr\u00f3 kock\u00e1ra v\u00e1gjuk. Ezut\u00e1n a tenyer\u00fcnkkel enyhe nyom\u00e1ssal a deszk\u00e1n megg\u00f6rgetj\u00fck. <br>Ezt \u00e9rdemes el\u0151z\u0151 nap elk\u00e9sz\u00edteni, mert 12-24 \u00f3ra sz\u00e1rad\u00e1s sz\u00fcks\u00e9ges ahhoz, hogy megpir\u00edthassuk.<br><\/p>\n\n\n\n<div class=\"wp-block-image\"><figure class=\"aligncenter is-resized\"><img loading=\"lazy\" decoding=\"async\" src=\"https:\/\/blog.glutenmenteschef.hu\/wp-content\/uploads\/2020\/03\/gyurt-teszta-4-tarhonya.jpg\" alt=\"\" class=\"wp-image-27716\" width=\"512\" height=\"384\" srcset=\"http:\/\/blog.glutenmenteschef.hu\/wp-content\/uploads\/2020\/03\/gyurt-teszta-4-tarhonya.jpg 1024w, http:\/\/blog.glutenmenteschef.hu\/wp-content\/uploads\/2020\/03\/gyurt-teszta-4-tarhonya-300x225.jpg 300w, http:\/\/blog.glutenmenteschef.hu\/wp-content\/uploads\/2020\/03\/gyurt-teszta-4-tarhonya-768x576.jpg 768w\" sizes=\"auto, (max-width: 512px) 100vw, 512px\" \/><\/figure><\/div>\n\n\n\n<p><\/p>\n\n\n\n<div class=\"wp-block-image\"><figure class=\"aligncenter is-resized\"><img loading=\"lazy\" decoding=\"async\" src=\"https:\/\/blog.glutenmenteschef.hu\/wp-content\/uploads\/2020\/03\/gyurt-teszta-5-tarhonya.jpg\" alt=\"\" class=\"wp-image-27717\" width=\"512\" height=\"384\" srcset=\"http:\/\/blog.glutenmenteschef.hu\/wp-content\/uploads\/2020\/03\/gyurt-teszta-5-tarhonya.jpg 1024w, http:\/\/blog.glutenmenteschef.hu\/wp-content\/uploads\/2020\/03\/gyurt-teszta-5-tarhonya-300x225.jpg 300w, http:\/\/blog.glutenmenteschef.hu\/wp-content\/uploads\/2020\/03\/gyurt-teszta-5-tarhonya-768x576.jpg 768w\" sizes=\"auto, (max-width: 512px) 100vw, 512px\" \/><\/figure><\/div>\n\n\n\n<p><\/p>\n\n\n\n<div class=\"wp-block-image\"><figure class=\"aligncenter is-resized\"><img loading=\"lazy\" decoding=\"async\" src=\"https:\/\/blog.glutenmenteschef.hu\/wp-content\/uploads\/2020\/03\/gyurt-teszta-6-tarhonya.jpg\" alt=\"\" class=\"wp-image-27720\" width=\"512\" height=\"384\" srcset=\"http:\/\/blog.glutenmenteschef.hu\/wp-content\/uploads\/2020\/03\/gyurt-teszta-6-tarhonya.jpg 1024w, http:\/\/blog.glutenmenteschef.hu\/wp-content\/uploads\/2020\/03\/gyurt-teszta-6-tarhonya-300x225.jpg 300w, http:\/\/blog.glutenmenteschef.hu\/wp-content\/uploads\/2020\/03\/gyurt-teszta-6-tarhonya-768x576.jpg 768w\" sizes=\"auto, (max-width: 512px) 100vw, 512px\" \/><figcaption><br><br><\/figcaption><\/figure><\/div>\n\n\n\n<figure class=\"wp-block-embed is-type-video is-provider-youtube wp-block-embed-youtube wp-embed-aspect-16-9 wp-has-aspect-ratio\"><div class=\"wp-block-embed__wrapper\">\n<iframe loading=\"lazy\" title=\"H\u00e1zi glut\u00e9nmentes gy\u00fart t\u00e9szta rizslisztb\u0151l\" width=\"900\" height=\"506\" src=\"https:\/\/www.youtube.com\/embed\/-nhoovlEaak?feature=oembed\" frameborder=\"0\" allow=\"accelerometer; autoplay; clipboard-write; encrypted-media; gyroscope; picture-in-picture; web-share\" allowfullscreen><\/iframe>\n<\/div><\/figure>\n\n\n\n<p><\/p>\n","protected":false},"excerpt":{"rendered":"<p>H\u00e1zi k\u00e9sz\u00edt\u00e9s\u0171 gy\u00fart t\u00e9szta rizslisztb\u0151l 5 adag Nagyon-nagyon ritk\u00e1n vesz\u00fcnk \u00fczletben k\u00e9sz, sz\u00e1raz t\u00e9szt\u00e1t. Az esetek 90 sz\u00e1zal\u00e9k\u00e1ban itthon k\u00e9sz\u00edtem, el\u0151z\u0151 este vagy \u00e9pp fogyaszt\u00e1s el\u0151tt. A t\u00e9szta \u00edgy t\u00f6red\u00e9k\u00e9be ker\u00fcl a boltinak, a f\u0151z\u00e9si ideje is csak 3-5 perc \u00e9s sokkal-sokkal finomabb, mint b\u00e1rmelyik \u00fczleti. Sokan tartanak t\u0151le \u00e9s neki se mernek \u00e1llni pedig <br \/><a class=\"more\" href=\"http:\/\/blog.glutenmenteschef.hu\/index.php\/2020\/03\/19\/hazi-keszitesu-gyurt-teszta-rizslisztbol\/\">Read more&#8230; <\/a><\/p>\n","protected":false},"author":1,"featured_media":27712,"comment_status":"open","ping_status":"open","sticky":false,"template":"","format":"standard","meta":{"footnotes":""},"categories":[7,335],"tags":[5,544,190],"class_list":["post-27710","post","type-post","status-publish","format-standard","has-post-thumbnail","hentry","category-foetelek","category-rizslisztbol-keszitettem","tag-glutenmentes","tag-gyurt-teszta","tag-rizsliszt"],"yoast_head":"<!-- This site is optimized with the Yoast SEO plugin v26.5 - https:\/\/yoast.com\/wordpress\/plugins\/seo\/ -->\n<title>H\u00c1ZI K\u00c9SZ\u00cdT\u00c9S\u0170 GY\u00daRT T\u00c9SZTA RIZSLISZTB\u0150L &#8211; Glut\u00e9nmentes Chef blog - \u00c1tol Tibor<\/title>\n<meta name=\"description\" content=\"Nagyon-nagyon ritk\u00e1n vesz\u00fcnk \u00fczletben k\u00e9sz, sz\u00e1raz t\u00e9szt\u00e1t. Az esetek 90 sz\u00e1zal\u00e9k\u00e1ban itthon k\u00e9sz\u00edtem, el\u0151z\u0151 este vagy \u00e9pp fogyaszt\u00e1s el\u0151tt. Sokan tartanak t\u0151le \u00e9s neki se mernek \u00e1llni pedig 5 perc \u00f6sszegy\u00farni, a m\u00e1sik 5 - 10 perc kiny\u00fajtani - \u00f6sszev\u00e1gni \u00e9s m\u00e1r f\u0151zhetj\u00fck is. Nem egy bonyolult t\u00f6rt\u00e9net, m\u00e9g glut\u00e9nmentesen sem, r\u00e1ad\u00e1sul az egyik legolcs\u00f3bb \u00e9s legk\u00f6nnyebben hozz\u00e1f\u00e9rhet\u0151 lisztb\u0151l, a rizslisztb\u0151l sem! K\u00e9sz\u00fclhet bel\u0151le: SZ\u00c9LES MET\u00c9LT: m\u00e1kos, di\u00f3s, t\u00far\u00f3s, sajtos t\u00e9szt\u00e1hoz, TARHONYA egy j\u00f3 p\u00f6rk\u00f6lth\u00f6z, CVEKEDLI ( kocka\/h\u00e1romsz\u00f6g alak\u00fa ) a krumplis t\u00e9szt\u00e1hoz vagy LASAGNA lapok.\" \/>\n<meta name=\"robots\" content=\"index, follow, max-snippet:-1, max-image-preview:large, max-video-preview:-1\" \/>\n<link rel=\"canonical\" href=\"http:\/\/blog.glutenmenteschef.hu\/index.php\/2020\/03\/19\/hazi-keszitesu-gyurt-teszta-rizslisztbol\/\" \/>\n<meta property=\"og:locale\" content=\"hu_HU\" \/>\n<meta property=\"og:type\" content=\"article\" \/>\n<meta property=\"og:title\" content=\"H\u00c1ZI K\u00c9SZ\u00cdT\u00c9S\u0170 GY\u00daRT T\u00c9SZTA RIZSLISZTB\u0150L &#8211; Glut\u00e9nmentes Chef blog - \u00c1tol Tibor\" \/>\n<meta property=\"og:description\" content=\"Nagyon-nagyon ritk\u00e1n vesz\u00fcnk \u00fczletben k\u00e9sz, sz\u00e1raz t\u00e9szt\u00e1t. Az esetek 90 sz\u00e1zal\u00e9k\u00e1ban itthon k\u00e9sz\u00edtem, el\u0151z\u0151 este vagy \u00e9pp fogyaszt\u00e1s el\u0151tt. Sokan tartanak t\u0151le \u00e9s neki se mernek \u00e1llni pedig 5 perc \u00f6sszegy\u00farni, a m\u00e1sik 5 - 10 perc kiny\u00fajtani - \u00f6sszev\u00e1gni \u00e9s m\u00e1r f\u0151zhetj\u00fck is. Nem egy bonyolult t\u00f6rt\u00e9net, m\u00e9g glut\u00e9nmentesen sem, r\u00e1ad\u00e1sul az egyik legolcs\u00f3bb \u00e9s legk\u00f6nnyebben hozz\u00e1f\u00e9rhet\u0151 lisztb\u0151l, a rizslisztb\u0151l sem! K\u00e9sz\u00fclhet bel\u0151le: SZ\u00c9LES MET\u00c9LT: m\u00e1kos, di\u00f3s, t\u00far\u00f3s, sajtos t\u00e9szt\u00e1hoz, TARHONYA egy j\u00f3 p\u00f6rk\u00f6lth\u00f6z, CVEKEDLI ( kocka\/h\u00e1romsz\u00f6g alak\u00fa ) a krumplis t\u00e9szt\u00e1hoz vagy LASAGNA lapok.\" \/>\n<meta property=\"og:url\" content=\"http:\/\/blog.glutenmenteschef.hu\/index.php\/2020\/03\/19\/hazi-keszitesu-gyurt-teszta-rizslisztbol\/\" \/>\n<meta property=\"og:site_name\" content=\"Glut\u00e9nmentes Chef blog - \u00c1tol Tibor\" \/>\n<meta property=\"article:publisher\" content=\"https:\/\/www.facebook.com\/aglutenmentessef\" \/>\n<meta property=\"article:author\" content=\"https:\/\/www.facebook.com\/aglutenmentessef\" \/>\n<meta property=\"article:published_time\" content=\"2020-03-19T18:57:40+00:00\" \/>\n<meta property=\"article:modified_time\" content=\"2023-01-05T17:41:41+00:00\" \/>\n<meta property=\"og:image\" content=\"http:\/\/blog.glutenmenteschef.hu\/wp-content\/uploads\/2020\/03\/gyurt-teszta-2.jpg\" \/>\n\t<meta property=\"og:image:width\" content=\"1024\" \/>\n\t<meta property=\"og:image:height\" content=\"768\" \/>\n\t<meta property=\"og:image:type\" content=\"image\/jpeg\" \/>\n<meta name=\"author\" content=\"gmchef\" \/>\n<meta name=\"twitter:card\" content=\"summary_large_image\" \/>\n<meta name=\"twitter:label1\" content=\"Szerz\u0151:\" \/>\n\t<meta name=\"twitter:data1\" content=\"gmchef\" \/>\n\t<meta name=\"twitter:label2\" content=\"Becs\u00fclt olvas\u00e1si id\u0151\" \/>\n\t<meta name=\"twitter:data2\" content=\"4 perc\" \/>\n<script type=\"application\/ld+json\" class=\"yoast-schema-graph\">{\"@context\":\"https:\/\/schema.org\",\"@graph\":[{\"@type\":\"Article\",\"@id\":\"http:\/\/blog.glutenmenteschef.hu\/index.php\/2020\/03\/19\/hazi-keszitesu-gyurt-teszta-rizslisztbol\/#article\",\"isPartOf\":{\"@id\":\"http:\/\/blog.glutenmenteschef.hu\/index.php\/2020\/03\/19\/hazi-keszitesu-gyurt-teszta-rizslisztbol\/\"},\"author\":{\"name\":\"gmchef\",\"@id\":\"https:\/\/blog.glutenmenteschef.hu\/#\/schema\/person\/c07613f0b6c0f12f90b8cb23cf32754a\"},\"headline\":\"H\u00c1ZI K\u00c9SZ\u00cdT\u00c9S\u0170 GY\u00daRT T\u00c9SZTA RIZSLISZTB\u0150L\",\"datePublished\":\"2020-03-19T18:57:40+00:00\",\"dateModified\":\"2023-01-05T17:41:41+00:00\",\"mainEntityOfPage\":{\"@id\":\"http:\/\/blog.glutenmenteschef.hu\/index.php\/2020\/03\/19\/hazi-keszitesu-gyurt-teszta-rizslisztbol\/\"},\"wordCount\":601,\"commentCount\":0,\"publisher\":{\"@id\":\"https:\/\/blog.glutenmenteschef.hu\/#\/schema\/person\/c07613f0b6c0f12f90b8cb23cf32754a\"},\"image\":{\"@id\":\"http:\/\/blog.glutenmenteschef.hu\/index.php\/2020\/03\/19\/hazi-keszitesu-gyurt-teszta-rizslisztbol\/#primaryimage\"},\"thumbnailUrl\":\"http:\/\/blog.glutenmenteschef.hu\/wp-content\/uploads\/2020\/03\/gyurt-teszta-2.jpg\",\"keywords\":[\"glut\u00e9nmentes\",\"gy\u00fart t\u00e9szta\",\"rizsliszt\"],\"articleSection\":[\"F\u0151\u00e9telek\",\"Rizslisztb\u0151l k\u00e9sz\u00edtettem\"],\"inLanguage\":\"hu\",\"potentialAction\":[{\"@type\":\"CommentAction\",\"name\":\"Comment\",\"target\":[\"http:\/\/blog.glutenmenteschef.hu\/index.php\/2020\/03\/19\/hazi-keszitesu-gyurt-teszta-rizslisztbol\/#respond\"]}]},{\"@type\":\"WebPage\",\"@id\":\"http:\/\/blog.glutenmenteschef.hu\/index.php\/2020\/03\/19\/hazi-keszitesu-gyurt-teszta-rizslisztbol\/\",\"url\":\"http:\/\/blog.glutenmenteschef.hu\/index.php\/2020\/03\/19\/hazi-keszitesu-gyurt-teszta-rizslisztbol\/\",\"name\":\"H\u00c1ZI K\u00c9SZ\u00cdT\u00c9S\u0170 GY\u00daRT T\u00c9SZTA RIZSLISZTB\u0150L &#8211; Glut\u00e9nmentes Chef blog - \u00c1tol Tibor\",\"isPartOf\":{\"@id\":\"https:\/\/blog.glutenmenteschef.hu\/#website\"},\"primaryImageOfPage\":{\"@id\":\"http:\/\/blog.glutenmenteschef.hu\/index.php\/2020\/03\/19\/hazi-keszitesu-gyurt-teszta-rizslisztbol\/#primaryimage\"},\"image\":{\"@id\":\"http:\/\/blog.glutenmenteschef.hu\/index.php\/2020\/03\/19\/hazi-keszitesu-gyurt-teszta-rizslisztbol\/#primaryimage\"},\"thumbnailUrl\":\"http:\/\/blog.glutenmenteschef.hu\/wp-content\/uploads\/2020\/03\/gyurt-teszta-2.jpg\",\"datePublished\":\"2020-03-19T18:57:40+00:00\",\"dateModified\":\"2023-01-05T17:41:41+00:00\",\"description\":\"Nagyon-nagyon ritk\u00e1n vesz\u00fcnk \u00fczletben k\u00e9sz, sz\u00e1raz t\u00e9szt\u00e1t. Az esetek 90 sz\u00e1zal\u00e9k\u00e1ban itthon k\u00e9sz\u00edtem, el\u0151z\u0151 este vagy \u00e9pp fogyaszt\u00e1s el\u0151tt. Sokan tartanak t\u0151le \u00e9s neki se mernek \u00e1llni pedig 5 perc \u00f6sszegy\u00farni, a m\u00e1sik 5 - 10 perc kiny\u00fajtani - \u00f6sszev\u00e1gni \u00e9s m\u00e1r f\u0151zhetj\u00fck is. Nem egy bonyolult t\u00f6rt\u00e9net, m\u00e9g glut\u00e9nmentesen sem, r\u00e1ad\u00e1sul az egyik legolcs\u00f3bb \u00e9s legk\u00f6nnyebben hozz\u00e1f\u00e9rhet\u0151 lisztb\u0151l, a rizslisztb\u0151l sem! K\u00e9sz\u00fclhet bel\u0151le: SZ\u00c9LES MET\u00c9LT: m\u00e1kos, di\u00f3s, t\u00far\u00f3s, sajtos t\u00e9szt\u00e1hoz, TARHONYA egy j\u00f3 p\u00f6rk\u00f6lth\u00f6z, CVEKEDLI ( kocka\/h\u00e1romsz\u00f6g alak\u00fa ) a krumplis t\u00e9szt\u00e1hoz vagy LASAGNA lapok.\",\"breadcrumb\":{\"@id\":\"http:\/\/blog.glutenmenteschef.hu\/index.php\/2020\/03\/19\/hazi-keszitesu-gyurt-teszta-rizslisztbol\/#breadcrumb\"},\"inLanguage\":\"hu\",\"potentialAction\":[{\"@type\":\"ReadAction\",\"target\":[\"http:\/\/blog.glutenmenteschef.hu\/index.php\/2020\/03\/19\/hazi-keszitesu-gyurt-teszta-rizslisztbol\/\"]}]},{\"@type\":\"ImageObject\",\"inLanguage\":\"hu\",\"@id\":\"http:\/\/blog.glutenmenteschef.hu\/index.php\/2020\/03\/19\/hazi-keszitesu-gyurt-teszta-rizslisztbol\/#primaryimage\",\"url\":\"http:\/\/blog.glutenmenteschef.hu\/wp-content\/uploads\/2020\/03\/gyurt-teszta-2.jpg\",\"contentUrl\":\"http:\/\/blog.glutenmenteschef.hu\/wp-content\/uploads\/2020\/03\/gyurt-teszta-2.jpg\",\"width\":1024,\"height\":768},{\"@type\":\"BreadcrumbList\",\"@id\":\"http:\/\/blog.glutenmenteschef.hu\/index.php\/2020\/03\/19\/hazi-keszitesu-gyurt-teszta-rizslisztbol\/#breadcrumb\",\"itemListElement\":[{\"@type\":\"ListItem\",\"position\":1,\"name\":\"Home\",\"item\":\"https:\/\/blog.glutenmenteschef.hu\/\"},{\"@type\":\"ListItem\",\"position\":2,\"name\":\"H\u00c1ZI K\u00c9SZ\u00cdT\u00c9S\u0170 GY\u00daRT T\u00c9SZTA RIZSLISZTB\u0150L\"}]},{\"@type\":\"WebSite\",\"@id\":\"https:\/\/blog.glutenmenteschef.hu\/#website\",\"url\":\"https:\/\/blog.glutenmenteschef.hu\/\",\"name\":\"Glut\u00e9nmentes Chef blog - \u00c1tol Tibor\",\"description\":\"Glut\u00e9nmentes \u00e9telek, glut\u00e9nmentes receptek, glut\u00e9nmentes vide\u00f3k\",\"publisher\":{\"@id\":\"https:\/\/blog.glutenmenteschef.hu\/#\/schema\/person\/c07613f0b6c0f12f90b8cb23cf32754a\"},\"potentialAction\":[{\"@type\":\"SearchAction\",\"target\":{\"@type\":\"EntryPoint\",\"urlTemplate\":\"https:\/\/blog.glutenmenteschef.hu\/?s={search_term_string}\"},\"query-input\":{\"@type\":\"PropertyValueSpecification\",\"valueRequired\":true,\"valueName\":\"search_term_string\"}}],\"inLanguage\":\"hu\"},{\"@type\":[\"Person\",\"Organization\"],\"@id\":\"https:\/\/blog.glutenmenteschef.hu\/#\/schema\/person\/c07613f0b6c0f12f90b8cb23cf32754a\",\"name\":\"gmchef\",\"image\":{\"@type\":\"ImageObject\",\"inLanguage\":\"hu\",\"@id\":\"https:\/\/blog.glutenmenteschef.hu\/#\/schema\/person\/image\/\",\"url\":\"https:\/\/secure.gravatar.com\/avatar\/363a4977321cb6fa3321b7ac93139b68e56af77880ae9fd5a3b2e7a8279f6d74?s=96&d=mm&r=g\",\"contentUrl\":\"https:\/\/secure.gravatar.com\/avatar\/363a4977321cb6fa3321b7ac93139b68e56af77880ae9fd5a3b2e7a8279f6d74?s=96&d=mm&r=g\",\"caption\":\"gmchef\"},\"logo\":{\"@id\":\"https:\/\/blog.glutenmenteschef.hu\/#\/schema\/person\/image\/\"},\"sameAs\":[\"https:\/\/www.facebook.com\/aglutenmentessef\"]}]}<\/script>\n<!-- \/ Yoast SEO plugin. -->","yoast_head_json":{"title":"H\u00c1ZI K\u00c9SZ\u00cdT\u00c9S\u0170 GY\u00daRT T\u00c9SZTA RIZSLISZTB\u0150L &#8211; Glut\u00e9nmentes Chef blog - \u00c1tol Tibor","description":"Nagyon-nagyon ritk\u00e1n vesz\u00fcnk \u00fczletben k\u00e9sz, sz\u00e1raz t\u00e9szt\u00e1t. Az esetek 90 sz\u00e1zal\u00e9k\u00e1ban itthon k\u00e9sz\u00edtem, el\u0151z\u0151 este vagy \u00e9pp fogyaszt\u00e1s el\u0151tt. Sokan tartanak t\u0151le \u00e9s neki se mernek \u00e1llni pedig 5 perc \u00f6sszegy\u00farni, a m\u00e1sik 5 - 10 perc kiny\u00fajtani - \u00f6sszev\u00e1gni \u00e9s m\u00e1r f\u0151zhetj\u00fck is. Nem egy bonyolult t\u00f6rt\u00e9net, m\u00e9g glut\u00e9nmentesen sem, r\u00e1ad\u00e1sul az egyik legolcs\u00f3bb \u00e9s legk\u00f6nnyebben hozz\u00e1f\u00e9rhet\u0151 lisztb\u0151l, a rizslisztb\u0151l sem! K\u00e9sz\u00fclhet bel\u0151le: SZ\u00c9LES MET\u00c9LT: m\u00e1kos, di\u00f3s, t\u00far\u00f3s, sajtos t\u00e9szt\u00e1hoz, TARHONYA egy j\u00f3 p\u00f6rk\u00f6lth\u00f6z, CVEKEDLI ( kocka\/h\u00e1romsz\u00f6g alak\u00fa ) a krumplis t\u00e9szt\u00e1hoz vagy LASAGNA lapok.","robots":{"index":"index","follow":"follow","max-snippet":"max-snippet:-1","max-image-preview":"max-image-preview:large","max-video-preview":"max-video-preview:-1"},"canonical":"http:\/\/blog.glutenmenteschef.hu\/index.php\/2020\/03\/19\/hazi-keszitesu-gyurt-teszta-rizslisztbol\/","og_locale":"hu_HU","og_type":"article","og_title":"H\u00c1ZI K\u00c9SZ\u00cdT\u00c9S\u0170 GY\u00daRT T\u00c9SZTA RIZSLISZTB\u0150L &#8211; Glut\u00e9nmentes Chef blog - \u00c1tol Tibor","og_description":"Nagyon-nagyon ritk\u00e1n vesz\u00fcnk \u00fczletben k\u00e9sz, sz\u00e1raz t\u00e9szt\u00e1t. Az esetek 90 sz\u00e1zal\u00e9k\u00e1ban itthon k\u00e9sz\u00edtem, el\u0151z\u0151 este vagy \u00e9pp fogyaszt\u00e1s el\u0151tt. Sokan tartanak t\u0151le \u00e9s neki se mernek \u00e1llni pedig 5 perc \u00f6sszegy\u00farni, a m\u00e1sik 5 - 10 perc kiny\u00fajtani - \u00f6sszev\u00e1gni \u00e9s m\u00e1r f\u0151zhetj\u00fck is. Nem egy bonyolult t\u00f6rt\u00e9net, m\u00e9g glut\u00e9nmentesen sem, r\u00e1ad\u00e1sul az egyik legolcs\u00f3bb \u00e9s legk\u00f6nnyebben hozz\u00e1f\u00e9rhet\u0151 lisztb\u0151l, a rizslisztb\u0151l sem! K\u00e9sz\u00fclhet bel\u0151le: SZ\u00c9LES MET\u00c9LT: m\u00e1kos, di\u00f3s, t\u00far\u00f3s, sajtos t\u00e9szt\u00e1hoz, TARHONYA egy j\u00f3 p\u00f6rk\u00f6lth\u00f6z, CVEKEDLI ( kocka\/h\u00e1romsz\u00f6g alak\u00fa ) a krumplis t\u00e9szt\u00e1hoz vagy LASAGNA lapok.","og_url":"http:\/\/blog.glutenmenteschef.hu\/index.php\/2020\/03\/19\/hazi-keszitesu-gyurt-teszta-rizslisztbol\/","og_site_name":"Glut\u00e9nmentes Chef blog - \u00c1tol Tibor","article_publisher":"https:\/\/www.facebook.com\/aglutenmentessef","article_author":"https:\/\/www.facebook.com\/aglutenmentessef","article_published_time":"2020-03-19T18:57:40+00:00","article_modified_time":"2023-01-05T17:41:41+00:00","og_image":[{"width":1024,"height":768,"url":"http:\/\/blog.glutenmenteschef.hu\/wp-content\/uploads\/2020\/03\/gyurt-teszta-2.jpg","type":"image\/jpeg"}],"author":"gmchef","twitter_card":"summary_large_image","twitter_misc":{"Szerz\u0151:":"gmchef","Becs\u00fclt olvas\u00e1si id\u0151":"4 perc"},"schema":{"@context":"https:\/\/schema.org","@graph":[{"@type":"Article","@id":"http:\/\/blog.glutenmenteschef.hu\/index.php\/2020\/03\/19\/hazi-keszitesu-gyurt-teszta-rizslisztbol\/#article","isPartOf":{"@id":"http:\/\/blog.glutenmenteschef.hu\/index.php\/2020\/03\/19\/hazi-keszitesu-gyurt-teszta-rizslisztbol\/"},"author":{"name":"gmchef","@id":"https:\/\/blog.glutenmenteschef.hu\/#\/schema\/person\/c07613f0b6c0f12f90b8cb23cf32754a"},"headline":"H\u00c1ZI K\u00c9SZ\u00cdT\u00c9S\u0170 GY\u00daRT T\u00c9SZTA RIZSLISZTB\u0150L","datePublished":"2020-03-19T18:57:40+00:00","dateModified":"2023-01-05T17:41:41+00:00","mainEntityOfPage":{"@id":"http:\/\/blog.glutenmenteschef.hu\/index.php\/2020\/03\/19\/hazi-keszitesu-gyurt-teszta-rizslisztbol\/"},"wordCount":601,"commentCount":0,"publisher":{"@id":"https:\/\/blog.glutenmenteschef.hu\/#\/schema\/person\/c07613f0b6c0f12f90b8cb23cf32754a"},"image":{"@id":"http:\/\/blog.glutenmenteschef.hu\/index.php\/2020\/03\/19\/hazi-keszitesu-gyurt-teszta-rizslisztbol\/#primaryimage"},"thumbnailUrl":"http:\/\/blog.glutenmenteschef.hu\/wp-content\/uploads\/2020\/03\/gyurt-teszta-2.jpg","keywords":["glut\u00e9nmentes","gy\u00fart t\u00e9szta","rizsliszt"],"articleSection":["F\u0151\u00e9telek","Rizslisztb\u0151l k\u00e9sz\u00edtettem"],"inLanguage":"hu","potentialAction":[{"@type":"CommentAction","name":"Comment","target":["http:\/\/blog.glutenmenteschef.hu\/index.php\/2020\/03\/19\/hazi-keszitesu-gyurt-teszta-rizslisztbol\/#respond"]}]},{"@type":"WebPage","@id":"http:\/\/blog.glutenmenteschef.hu\/index.php\/2020\/03\/19\/hazi-keszitesu-gyurt-teszta-rizslisztbol\/","url":"http:\/\/blog.glutenmenteschef.hu\/index.php\/2020\/03\/19\/hazi-keszitesu-gyurt-teszta-rizslisztbol\/","name":"H\u00c1ZI K\u00c9SZ\u00cdT\u00c9S\u0170 GY\u00daRT T\u00c9SZTA RIZSLISZTB\u0150L &#8211; Glut\u00e9nmentes Chef blog - \u00c1tol Tibor","isPartOf":{"@id":"https:\/\/blog.glutenmenteschef.hu\/#website"},"primaryImageOfPage":{"@id":"http:\/\/blog.glutenmenteschef.hu\/index.php\/2020\/03\/19\/hazi-keszitesu-gyurt-teszta-rizslisztbol\/#primaryimage"},"image":{"@id":"http:\/\/blog.glutenmenteschef.hu\/index.php\/2020\/03\/19\/hazi-keszitesu-gyurt-teszta-rizslisztbol\/#primaryimage"},"thumbnailUrl":"http:\/\/blog.glutenmenteschef.hu\/wp-content\/uploads\/2020\/03\/gyurt-teszta-2.jpg","datePublished":"2020-03-19T18:57:40+00:00","dateModified":"2023-01-05T17:41:41+00:00","description":"Nagyon-nagyon ritk\u00e1n vesz\u00fcnk \u00fczletben k\u00e9sz, sz\u00e1raz t\u00e9szt\u00e1t. Az esetek 90 sz\u00e1zal\u00e9k\u00e1ban itthon k\u00e9sz\u00edtem, el\u0151z\u0151 este vagy \u00e9pp fogyaszt\u00e1s el\u0151tt. Sokan tartanak t\u0151le \u00e9s neki se mernek \u00e1llni pedig 5 perc \u00f6sszegy\u00farni, a m\u00e1sik 5 - 10 perc kiny\u00fajtani - \u00f6sszev\u00e1gni \u00e9s m\u00e1r f\u0151zhetj\u00fck is. Nem egy bonyolult t\u00f6rt\u00e9net, m\u00e9g glut\u00e9nmentesen sem, r\u00e1ad\u00e1sul az egyik legolcs\u00f3bb \u00e9s legk\u00f6nnyebben hozz\u00e1f\u00e9rhet\u0151 lisztb\u0151l, a rizslisztb\u0151l sem! K\u00e9sz\u00fclhet bel\u0151le: SZ\u00c9LES MET\u00c9LT: m\u00e1kos, di\u00f3s, t\u00far\u00f3s, sajtos t\u00e9szt\u00e1hoz, TARHONYA egy j\u00f3 p\u00f6rk\u00f6lth\u00f6z, CVEKEDLI ( kocka\/h\u00e1romsz\u00f6g alak\u00fa ) a krumplis t\u00e9szt\u00e1hoz vagy LASAGNA lapok.","breadcrumb":{"@id":"http:\/\/blog.glutenmenteschef.hu\/index.php\/2020\/03\/19\/hazi-keszitesu-gyurt-teszta-rizslisztbol\/#breadcrumb"},"inLanguage":"hu","potentialAction":[{"@type":"ReadAction","target":["http:\/\/blog.glutenmenteschef.hu\/index.php\/2020\/03\/19\/hazi-keszitesu-gyurt-teszta-rizslisztbol\/"]}]},{"@type":"ImageObject","inLanguage":"hu","@id":"http:\/\/blog.glutenmenteschef.hu\/index.php\/2020\/03\/19\/hazi-keszitesu-gyurt-teszta-rizslisztbol\/#primaryimage","url":"http:\/\/blog.glutenmenteschef.hu\/wp-content\/uploads\/2020\/03\/gyurt-teszta-2.jpg","contentUrl":"http:\/\/blog.glutenmenteschef.hu\/wp-content\/uploads\/2020\/03\/gyurt-teszta-2.jpg","width":1024,"height":768},{"@type":"BreadcrumbList","@id":"http:\/\/blog.glutenmenteschef.hu\/index.php\/2020\/03\/19\/hazi-keszitesu-gyurt-teszta-rizslisztbol\/#breadcrumb","itemListElement":[{"@type":"ListItem","position":1,"name":"Home","item":"https:\/\/blog.glutenmenteschef.hu\/"},{"@type":"ListItem","position":2,"name":"H\u00c1ZI K\u00c9SZ\u00cdT\u00c9S\u0170 GY\u00daRT T\u00c9SZTA RIZSLISZTB\u0150L"}]},{"@type":"WebSite","@id":"https:\/\/blog.glutenmenteschef.hu\/#website","url":"https:\/\/blog.glutenmenteschef.hu\/","name":"Glut\u00e9nmentes Chef blog - \u00c1tol Tibor","description":"Glut\u00e9nmentes \u00e9telek, glut\u00e9nmentes receptek, glut\u00e9nmentes vide\u00f3k","publisher":{"@id":"https:\/\/blog.glutenmenteschef.hu\/#\/schema\/person\/c07613f0b6c0f12f90b8cb23cf32754a"},"potentialAction":[{"@type":"SearchAction","target":{"@type":"EntryPoint","urlTemplate":"https:\/\/blog.glutenmenteschef.hu\/?s={search_term_string}"},"query-input":{"@type":"PropertyValueSpecification","valueRequired":true,"valueName":"search_term_string"}}],"inLanguage":"hu"},{"@type":["Person","Organization"],"@id":"https:\/\/blog.glutenmenteschef.hu\/#\/schema\/person\/c07613f0b6c0f12f90b8cb23cf32754a","name":"gmchef","image":{"@type":"ImageObject","inLanguage":"hu","@id":"https:\/\/blog.glutenmenteschef.hu\/#\/schema\/person\/image\/","url":"https:\/\/secure.gravatar.com\/avatar\/363a4977321cb6fa3321b7ac93139b68e56af77880ae9fd5a3b2e7a8279f6d74?s=96&d=mm&r=g","contentUrl":"https:\/\/secure.gravatar.com\/avatar\/363a4977321cb6fa3321b7ac93139b68e56af77880ae9fd5a3b2e7a8279f6d74?s=96&d=mm&r=g","caption":"gmchef"},"logo":{"@id":"https:\/\/blog.glutenmenteschef.hu\/#\/schema\/person\/image\/"},"sameAs":["https:\/\/www.facebook.com\/aglutenmentessef"]}]}},"_links":{"self":[{"href":"http:\/\/blog.glutenmenteschef.hu\/index.php\/wp-json\/wp\/v2\/posts\/27710","targetHints":{"allow":["GET"]}}],"collection":[{"href":"http:\/\/blog.glutenmenteschef.hu\/index.php\/wp-json\/wp\/v2\/posts"}],"about":[{"href":"http:\/\/blog.glutenmenteschef.hu\/index.php\/wp-json\/wp\/v2\/types\/post"}],"author":[{"embeddable":true,"href":"http:\/\/blog.glutenmenteschef.hu\/index.php\/wp-json\/wp\/v2\/users\/1"}],"replies":[{"embeddable":true,"href":"http:\/\/blog.glutenmenteschef.hu\/index.php\/wp-json\/wp\/v2\/comments?post=27710"}],"version-history":[{"count":0,"href":"http:\/\/blog.glutenmenteschef.hu\/index.php\/wp-json\/wp\/v2\/posts\/27710\/revisions"}],"wp:featuredmedia":[{"embeddable":true,"href":"http:\/\/blog.glutenmenteschef.hu\/index.php\/wp-json\/wp\/v2\/media\/27712"}],"wp:attachment":[{"href":"http:\/\/blog.glutenmenteschef.hu\/index.php\/wp-json\/wp\/v2\/media?parent=27710"}],"wp:term":[{"taxonomy":"category","embeddable":true,"href":"http:\/\/blog.glutenmenteschef.hu\/index.php\/wp-json\/wp\/v2\/categories?post=27710"},{"taxonomy":"post_tag","embeddable":true,"href":"http:\/\/blog.glutenmenteschef.hu\/index.php\/wp-json\/wp\/v2\/tags?post=27710"}],"curies":[{"name":"wp","href":"https:\/\/api.w.org\/{rel}","templated":true}]}}