{"id":27270,"date":"2019-10-24T20:23:51","date_gmt":"2019-10-24T20:23:51","guid":{"rendered":"http:\/\/blog.glutenmenteschef.hu\/?p=27270"},"modified":"2026-03-22T20:08:39","modified_gmt":"2026-03-22T20:08:39","slug":"kifli-nutrifree-mix-per-pane-liszttel","status":"publish","type":"post","link":"http:\/\/blog.glutenmenteschef.hu\/index.php\/2019\/10\/24\/kifli-nutrifree-mix-per-pane-liszttel\/","title":{"rendered":"KIFLI NUTRIFREE MIX PER PANE LISZTTEL"},"content":{"rendered":"\n<h3 class=\"wp-block-heading has-text-align-center\"><strong>Kifli Nutrifree mix per pane liszttel<\/strong><br><\/h3>\n\n\n\n<h3 class=\"wp-block-heading has-text-align-center\"><strong>Glut\u00e9n-, toj\u00e1s- \u00e9s tejmentes recept<\/strong><br><br><\/h3>\n\n\n<div class=\"wp-block-image\">\n<figure class=\"aligncenter size-full is-resized\"><img loading=\"lazy\" decoding=\"async\" width=\"1024\" height=\"768\" src=\"https:\/\/blog.glutenmenteschef.hu\/wp-content\/uploads\/2019\/10\/Kifli-1.jpg\" alt=\"\" class=\"wp-image-27295\" style=\"width:500px\" srcset=\"http:\/\/blog.glutenmenteschef.hu\/wp-content\/uploads\/2019\/10\/Kifli-1.jpg 1024w, http:\/\/blog.glutenmenteschef.hu\/wp-content\/uploads\/2019\/10\/Kifli-1-300x225.jpg 300w, http:\/\/blog.glutenmenteschef.hu\/wp-content\/uploads\/2019\/10\/Kifli-1-768x576.jpg 768w\" sizes=\"auto, (max-width: 1024px) 100vw, 1024px\" \/><figcaption class=\"wp-element-caption\"><br><br><br><\/figcaption><\/figure>\n<\/div>\n\n\n<h5 class=\"wp-block-heading has-text-align-center\"><strong>A t\u00e9szta hozz\u00e1val\u00f3i:<\/strong><\/h5>\n\n\n\n<p class=\"has-text-align-center\"> <br>250 g Nutrifree mix per pane<br> 5 g sz\u00e1raz por\u00e9leszt\u0151<br> ( Haas vagy Dr. Oetker )<br> 5 g cukor<br> 210 g langyos v\u00edz<br> 8 g olvasztott kacsazs\u00edr vagy olaj <br>( 2 csipet &#8211; s\u00f3 elhagyhat\u00f3, mert gy\u00e1rilag m\u00e1r tartalmaz )<br><br><br><\/p>\n\n\n<div class=\"wp-block-image\">\n<figure class=\"aligncenter size-full is-resized\"><img loading=\"lazy\" decoding=\"async\" width=\"1024\" height=\"1365\" src=\"https:\/\/blog.glutenmenteschef.hu\/wp-content\/uploads\/2022\/08\/Kifli-42.jpg\" alt=\"\" class=\"wp-image-30094\" style=\"width:500px\" srcset=\"http:\/\/blog.glutenmenteschef.hu\/wp-content\/uploads\/2022\/08\/Kifli-42.jpg 1024w, http:\/\/blog.glutenmenteschef.hu\/wp-content\/uploads\/2022\/08\/Kifli-42-225x300.jpg 225w, http:\/\/blog.glutenmenteschef.hu\/wp-content\/uploads\/2022\/08\/Kifli-42-768x1024.jpg 768w\" sizes=\"auto, (max-width: 1024px) 100vw, 1024px\" \/><\/figure>\n<\/div>\n\n\n<p><br><br><br>A s\u00fct\u0151t als\u00f3-fels\u0151 s\u00fct\u00e9si m\u00f3dozatban 50 fokra el\u0151meleg\u00edtj\u00fck \u00e9s egy  tepsit vagy f\u00e9m l\u00e1bast 2-2.5 deci v\u00edzzel az alj\u00e1ba tesz\u00fcnk. Ez a s\u00fct\u00e9s  v\u00e9g\u00e9ig bent marad. <\/p>\n\n\n\n<p>A kever\u0151t\u00e1lba el\u0151sz\u00f6r a sz\u00e1raz hozz\u00e1val\u00f3kat tegy\u00fck, majd az olvasztott  kacsazs\u00edrt. Ind\u00edtsuk el a kever\u0151lap\u00e1tot \u00e9s folyamatos kever\u00e9s mellett  \u00f6nts\u00fck hozz\u00e1 a langyos vizet. 5-8 perc alatt k\u00f6zepes sebess\u00e9gen  kidagasztjuk. <br><br><\/p>\n\n\n<div class=\"wp-block-image\">\n<figure class=\"aligncenter\"><img loading=\"lazy\" decoding=\"async\" width=\"300\" height=\"225\" src=\"https:\/\/blog.glutenmenteschef.hu\/wp-content\/uploads\/2019\/10\/Kifli-teszta-1-300x225.jpg\" alt=\"\" class=\"wp-image-27275\" srcset=\"http:\/\/blog.glutenmenteschef.hu\/wp-content\/uploads\/2019\/10\/Kifli-teszta-1-300x225.jpg 300w, http:\/\/blog.glutenmenteschef.hu\/wp-content\/uploads\/2019\/10\/Kifli-teszta-1-768x576.jpg 768w, http:\/\/blog.glutenmenteschef.hu\/wp-content\/uploads\/2019\/10\/Kifli-teszta-1.jpg 1024w\" sizes=\"auto, (max-width: 300px) 100vw, 300px\" \/><\/figure>\n<\/div>\n\n\n<p><\/p>\n\n\n\n<p><strong>A form\u00e1z\u00e1sra k\u00e9t lehet\u0151s\u00e9g is van. <\/strong><br><\/p>\n\n\n\n<p><strong>Form\u00e1z\u00e1s 1:<\/strong><\/p>\n\n\n\n<p>V\u00e9konyan olajozott s\u00fct\u0151pap\u00edrra ford\u00edtjuk a t\u00e9szt\u00e1t. Olajos k\u00e9zzel vagy gumikeszty\u0171t h\u00fazva p\u00e1r mozdulattal gomb\u00f3cc\u00e1 form\u00e1ljuk, majd ny\u00fajt\u00f3f\u00e1val 3 millim\u00e9ter vastags\u00e1g\u00fara, nagyj\u00e1b\u00f3l 35 cm-es k\u00f6r alakra ny\u00fajtjuk.<\/p>\n\n\n\n<p>Egy k\u00e9s vagy a pizzav\u00e1g\u00f3 seg\u00edts\u00e9g\u00e9vel el\u0151sz\u00f6r n\u00e9gybe v\u00e1gjuk, majd att\u00f3l f\u00fcgg\u0151en, hogy mekkora kifliket szeretn\u00e9nk k\u00e9sz\u00edteni, a negyedeket tov\u00e1bb felezz\u00fck vagy harmadoljuk. <br><\/p>\n\n\n\n<p>Kiemel\u00fcnk egy t\u00e9sztacikket,  \u00f3vatosan h\u00fazzuk meg k\u00e9zzel, hogy szinte a m\u00e1sf\u00e9lszeres\u00e9re ny\u00faljon meg a  t\u00e9szta. \u00cdgy m\u00e9g hossz\u00fak\u00e1sabb lesz a form\u00e1ja,  a sz\u00e9les talp\u00e1t egy kicsit  \u00f6ssz\u00e9bb is lehet nyomkodni, hogy t\u00f6mzsibb legyen a feltekert kifli. A  vastagabb v\u00e9g\u00e9t\u0151l elkezdj\u00fck szorosan! feltekerni. Hagyhatjuk \u00edgy  egyenesen, de adhatunk a tekercsnek egy enyhe &#8222;f\u00e9lhold&#8221; \u00edvet is.  <br><br><\/p>\n\n\n\n<figure class=\"wp-block-gallery aligncenter has-nested-images columns-default is-cropped wp-block-gallery-1 is-layout-flex wp-block-gallery-is-layout-flex\">\n<figure class=\"wp-block-image size-large\"><img loading=\"lazy\" decoding=\"async\" width=\"300\" height=\"225\" data-id=\"27276\" src=\"https:\/\/blog.glutenmenteschef.hu\/wp-content\/uploads\/2019\/10\/Kifli-teszta-2-300x225.jpg\" alt=\"\" class=\"wp-image-27276\" srcset=\"http:\/\/blog.glutenmenteschef.hu\/wp-content\/uploads\/2019\/10\/Kifli-teszta-2-300x225.jpg 300w, http:\/\/blog.glutenmenteschef.hu\/wp-content\/uploads\/2019\/10\/Kifli-teszta-2-768x576.jpg 768w, http:\/\/blog.glutenmenteschef.hu\/wp-content\/uploads\/2019\/10\/Kifli-teszta-2.jpg 1024w\" sizes=\"auto, (max-width: 300px) 100vw, 300px\" \/><\/figure>\n\n\n\n<figure class=\"wp-block-image size-large\"><img loading=\"lazy\" decoding=\"async\" width=\"1024\" height=\"768\" data-id=\"28131\" src=\"https:\/\/blog.glutenmenteschef.hu\/wp-content\/uploads\/2020\/06\/Kifli-teszta-4-1.jpg\" alt=\"\" class=\"wp-image-28131\" srcset=\"http:\/\/blog.glutenmenteschef.hu\/wp-content\/uploads\/2020\/06\/Kifli-teszta-4-1.jpg 1024w, http:\/\/blog.glutenmenteschef.hu\/wp-content\/uploads\/2020\/06\/Kifli-teszta-4-1-300x225.jpg 300w, http:\/\/blog.glutenmenteschef.hu\/wp-content\/uploads\/2020\/06\/Kifli-teszta-4-1-768x576.jpg 768w\" sizes=\"auto, (max-width: 1024px) 100vw, 1024px\" \/><\/figure>\n<\/figure>\n\n\n\n<p><br><br> <strong>Form\u00e1z\u00e1s 2:<\/strong><\/p>\n\n\n\n<p> V\u00e9konyan olajozott s\u00fct\u0151pap\u00edrra ford\u00edtjuk a t\u00e9szt\u00e1t. Olajos k\u00e9zzel vagy gumikeszty\u0171t h\u00fazva p\u00e1r mozdulattal gomb\u00f3cc\u00e1 form\u00e1ljuk. M\u00e9rleg seg\u00edts\u00e9g\u00e9vel egyforma gomb\u00f3cokra szedj\u00fck, majd k\u00e9zzel  h\u00e1romsz\u00f6g form\u00e1ra alak\u00edtjuk, a ny\u00fajt\u00f3f\u00e1val a form\u00e1t megtartva eg\u00e9sz  v\u00e9konyra kb. 2 mm-re ny\u00fajtjuk. A sz\u00e9les talpn\u00e1l szorosan! felhajtjuk,  majd k\u00f6z\u00e9pr\u0151l kifel\u00e9 sodorva feltekerj\u00fck a t\u00e9szt\u00e1t.  <br><br><br><\/p>\n\n\n\n<figure class=\"wp-block-gallery has-nested-images columns-default is-cropped wp-block-gallery-2 is-layout-flex wp-block-gallery-is-layout-flex\">\n<figure class=\"wp-block-image size-large\"><img loading=\"lazy\" decoding=\"async\" width=\"1024\" height=\"768\" data-id=\"28132\" src=\"https:\/\/blog.glutenmenteschef.hu\/wp-content\/uploads\/2020\/06\/Kifli-teszta-9.jpg\" alt=\"\" class=\"wp-image-28132\" srcset=\"http:\/\/blog.glutenmenteschef.hu\/wp-content\/uploads\/2020\/06\/Kifli-teszta-9.jpg 1024w, http:\/\/blog.glutenmenteschef.hu\/wp-content\/uploads\/2020\/06\/Kifli-teszta-9-300x225.jpg 300w, http:\/\/blog.glutenmenteschef.hu\/wp-content\/uploads\/2020\/06\/Kifli-teszta-9-768x576.jpg 768w\" sizes=\"auto, (max-width: 1024px) 100vw, 1024px\" \/><\/figure>\n\n\n\n<figure class=\"wp-block-image size-large\"><img loading=\"lazy\" decoding=\"async\" width=\"1024\" height=\"768\" data-id=\"28133\" src=\"https:\/\/blog.glutenmenteschef.hu\/wp-content\/uploads\/2020\/06\/Kifli-teszta-10.jpg\" alt=\"\" class=\"wp-image-28133\" srcset=\"http:\/\/blog.glutenmenteschef.hu\/wp-content\/uploads\/2020\/06\/Kifli-teszta-10.jpg 1024w, http:\/\/blog.glutenmenteschef.hu\/wp-content\/uploads\/2020\/06\/Kifli-teszta-10-300x225.jpg 300w, http:\/\/blog.glutenmenteschef.hu\/wp-content\/uploads\/2020\/06\/Kifli-teszta-10-768x576.jpg 768w\" sizes=\"auto, (max-width: 1024px) 100vw, 1024px\" \/><\/figure>\n<\/figure>\n\n\n\n<h5 class=\"wp-block-heading\"><br><br><strong>S\u00c9F TIPP:<\/strong><\/h5>\n\n\n\n<p> A &#8222;norm\u00e1l&#8221; m\u00e9ret\u0171 kiflihez 8 egyenl\u0151 r\u00e9szre v\u00e1gjuk a t\u00e9sztak\u00f6rt, m\u00edg a  kisebb croissant ( kro\u00e1szan ) m\u00e9rethez a negyedeket tov\u00e1bb harmadoljuk. <br><br><\/p>\n\n\n\n<h5 class=\"wp-block-heading\"><br><strong>S\u00c9F TIPP:<\/strong><\/h5>\n\n\n\n<p>\u00dcgyelj\u00fcnk r\u00e1, hogy \u00fagy fejezz\u00fck be a teker\u00e9st, hogy a v\u00e9kony cs\u00fccs\u00f6k alulra ker\u00fclj\u00f6n, \u00edgy a s\u00fct\u00e9s sor\u00e1n nem fog kiny\u00edlni.<br><br><br><\/p>\n\n\n<div class=\"wp-block-image\">\n<figure class=\"aligncenter size-full is-resized\"><img loading=\"lazy\" decoding=\"async\" width=\"1024\" height=\"1365\" src=\"https:\/\/blog.glutenmenteschef.hu\/wp-content\/uploads\/2022\/08\/Kifli-teszta-13.jpg\" alt=\"\" class=\"wp-image-30090\" style=\"width:500px\" srcset=\"http:\/\/blog.glutenmenteschef.hu\/wp-content\/uploads\/2022\/08\/Kifli-teszta-13.jpg 1024w, http:\/\/blog.glutenmenteschef.hu\/wp-content\/uploads\/2022\/08\/Kifli-teszta-13-225x300.jpg 225w, http:\/\/blog.glutenmenteschef.hu\/wp-content\/uploads\/2022\/08\/Kifli-teszta-13-768x1024.jpg 768w\" sizes=\"auto, (max-width: 1024px) 100vw, 1024px\" \/><\/figure>\n<\/div>\n\n\n<p><br><\/p>\n\n\n\n<p>S\u00fct\u0151pap\u00edrral b\u00e9lelt tepsire helyezz\u00fck a kifliket ( ak\u00e1r a t\u00e9szta alatt l\u00e9v\u0151t is felhaszn\u00e1lhatjuk erre a c\u00e9lra ), ecset seg\u00edts\u00e9g\u00e9vel zsirad\u00e9kkal \u00e1tkenj\u00fck a fel\u00fclet\u00fcket, majd az 50 fokra el\u0151meleg\u00edtett s\u00fct\u0151be helyezz\u00fck \u00e9s 30 percig kelesztj\u00fck.<br><\/p>\n\n\n\n<p>Az id\u0151 lej\u00e1rta ut\u00e1n a  h\u0151fokszab\u00e1lyz\u00f3t 200 fokra tekerem. Am\u00edg a  s\u00fct\u0151 50-r\u0151l 200 fokra  melegszik, v\u00e9gig bent maradnak a kiflik. Ha  el\u00e9rte a k\u00edv\u00e1nt h\u0151fokot,  be\u00e1ll\u00edtom a 18-20 perc s\u00fct\u00e9si id\u0151t, tov\u00e1bbra is az  als\u00f3-fels\u0151 s\u00fct\u00e9si  m\u00f3dozaton hagyva.  <br><br><br><\/p>\n\n\n<div class=\"wp-block-image\">\n<figure class=\"aligncenter size-full is-resized\"><img loading=\"lazy\" decoding=\"async\" width=\"1984\" height=\"1488\" src=\"https:\/\/blog.glutenmenteschef.hu\/wp-content\/uploads\/2022\/08\/Kifli-teszta-15.jpg\" alt=\"\" class=\"wp-image-30091\" style=\"width:500px\" srcset=\"http:\/\/blog.glutenmenteschef.hu\/wp-content\/uploads\/2022\/08\/Kifli-teszta-15.jpg 1984w, http:\/\/blog.glutenmenteschef.hu\/wp-content\/uploads\/2022\/08\/Kifli-teszta-15-300x225.jpg 300w, http:\/\/blog.glutenmenteschef.hu\/wp-content\/uploads\/2022\/08\/Kifli-teszta-15-768x576.jpg 768w, http:\/\/blog.glutenmenteschef.hu\/wp-content\/uploads\/2022\/08\/Kifli-teszta-15-1536x1152.jpg 1536w\" sizes=\"auto, (max-width: 1984px) 100vw, 1984px\" \/><\/figure>\n<\/div>\n\n\n<p><br><br>Ha kicsi croissant m\u00e9ret\u0171 kifliket s\u00fct\u00fcnk ( 12 cikkre v\u00e1gtuk a t\u00e9szt\u00e1t ) a s\u00fct\u00e9si id\u0151 14 perc. <br><\/p>\n\n\n<div class=\"wp-block-image\">\n<figure class=\"aligncenter\"><img loading=\"lazy\" decoding=\"async\" width=\"300\" height=\"225\" src=\"https:\/\/blog.glutenmenteschef.hu\/wp-content\/uploads\/2019\/10\/Kifli-mini-6-300x225.jpg\" alt=\"\" class=\"wp-image-27284\" srcset=\"http:\/\/blog.glutenmenteschef.hu\/wp-content\/uploads\/2019\/10\/Kifli-mini-6-300x225.jpg 300w, http:\/\/blog.glutenmenteschef.hu\/wp-content\/uploads\/2019\/10\/Kifli-mini-6-768x576.jpg 768w, http:\/\/blog.glutenmenteschef.hu\/wp-content\/uploads\/2019\/10\/Kifli-mini-6.jpg 1240w\" sizes=\"auto, (max-width: 300px) 100vw, 300px\" \/><\/figure>\n<\/div>\n\n\n<p> Miut\u00e1n megs\u00fcltek, egy r\u00e1csra tegy\u00fck \u00e1t, a felsz\u00edn\u00e9t m\u00e9g forr\u00f3n, ecset vagy vir\u00e1gokhoz haszn\u00e1lt spiccel\u0151  seg\u00edts\u00e9g\u00e9vel kenj\u00fcnk \u00e1t-f\u00fajjuk be egy kev\u00e9s v\u00edzzel, majd hagyjuk kih\u0171lni.  <\/p>\n\n\n\n<h5 class=\"wp-block-heading\"><strong>T\u00e1rol\u00e1s:<\/strong><\/h5>\n\n\n\n<p>Z\u00e1rhat\u00f3 nejlonzacsk\u00f3ban ( zippes uzsis zacsk\u00f3 ) a h\u0171t\u0151ben tartom. Fogyaszt\u00e1s el\u0151tt 20-30 m\u00e1sodpercre a keny\u00e9rpir\u00edt\u00f3ba teszem, \u00edgy m\u00e9g nem lesz pir\u00edt\u00f3s bel\u0151le, de az \u00e1llaga teljesen felfriss\u00fcl. Nek\u00fcnk ez v\u00e1lt be, \u00edgy 4-5 napig sim\u00e1n ehet\u0151 b\u00e1rmilyen p\u00e9k\u00e1ru. ( keny\u00e9r, kifli, zsemle )<br><br><br><\/p>\n\n\n<div class=\"wp-block-image\">\n<figure class=\"aligncenter size-full is-resized\"><img loading=\"lazy\" decoding=\"async\" width=\"1024\" height=\"768\" src=\"https:\/\/blog.glutenmenteschef.hu\/wp-content\/uploads\/2020\/06\/Kifli-37.jpg\" alt=\"\" class=\"wp-image-28144\" style=\"width:500px\" srcset=\"http:\/\/blog.glutenmenteschef.hu\/wp-content\/uploads\/2020\/06\/Kifli-37.jpg 1024w, http:\/\/blog.glutenmenteschef.hu\/wp-content\/uploads\/2020\/06\/Kifli-37-300x225.jpg 300w, http:\/\/blog.glutenmenteschef.hu\/wp-content\/uploads\/2020\/06\/Kifli-37-768x576.jpg 768w\" sizes=\"auto, (max-width: 1024px) 100vw, 1024px\" \/><figcaption class=\"wp-element-caption\"><br><br><\/figcaption><\/figure>\n<\/div>\n\n<div class=\"wp-block-image\">\n<figure class=\"aligncenter size-full is-resized\"><img loading=\"lazy\" decoding=\"async\" width=\"1024\" height=\"1365\" src=\"https:\/\/blog.glutenmenteschef.hu\/wp-content\/uploads\/2022\/08\/Kifli-40.jpg\" alt=\"\" class=\"wp-image-30095\" style=\"width:500px\" srcset=\"http:\/\/blog.glutenmenteschef.hu\/wp-content\/uploads\/2022\/08\/Kifli-40.jpg 1024w, http:\/\/blog.glutenmenteschef.hu\/wp-content\/uploads\/2022\/08\/Kifli-40-225x300.jpg 225w, http:\/\/blog.glutenmenteschef.hu\/wp-content\/uploads\/2022\/08\/Kifli-40-768x1024.jpg 768w\" sizes=\"auto, (max-width: 1024px) 100vw, 1024px\" \/><\/figure>\n<\/div>\n\n\n<p><br><\/p>\n\n\n\n<p><\/p>\n","protected":false},"excerpt":{"rendered":"<p>Kifli Nutrifree mix per pane liszttel Glut\u00e9n-, toj\u00e1s- \u00e9s tejmentes recept A t\u00e9szta hozz\u00e1val\u00f3i: 250 g Nutrifree mix per pane 5 g sz\u00e1raz por\u00e9leszt\u0151 ( Haas vagy Dr. Oetker ) 5 g cukor 210 g langyos v\u00edz 8 g olvasztott kacsazs\u00edr vagy olaj ( 2 csipet &#8211; s\u00f3 elhagyhat\u00f3, mert gy\u00e1rilag m\u00e1r tartalmaz ) A <br \/><a class=\"more\" href=\"http:\/\/blog.glutenmenteschef.hu\/index.php\/2019\/10\/24\/kifli-nutrifree-mix-per-pane-liszttel\/\">Read more&#8230; <\/a><\/p>\n","protected":false},"author":1,"featured_media":30093,"comment_status":"open","ping_status":"open","sticky":false,"template":"","format":"standard","meta":{"footnotes":""},"categories":[143,488],"tags":[5,165,270,387],"class_list":["post-27270","post","type-post","status-publish","format-standard","has-post-thumbnail","hentry","category-kenyer-peksutemeny","category-nutrifree-receptek","tag-glutenmentes","tag-kelt-teszta","tag-kifli","tag-nutrifree-mix-per-pane"],"yoast_head":"<!-- This site is optimized with the Yoast SEO plugin v26.5 - https:\/\/yoast.com\/wordpress\/plugins\/seo\/ -->\n<title>KIFLI NUTRIFREE MIX PER PANE LISZTTEL &#8211; Glut\u00e9nmentes Chef blog - \u00c1tol Tibor<\/title>\n<meta name=\"robots\" content=\"index, follow, max-snippet:-1, max-image-preview:large, max-video-preview:-1\" \/>\n<link rel=\"canonical\" href=\"http:\/\/blog.glutenmenteschef.hu\/index.php\/2019\/10\/24\/kifli-nutrifree-mix-per-pane-liszttel\/\" \/>\n<meta property=\"og:locale\" content=\"hu_HU\" \/>\n<meta property=\"og:type\" content=\"article\" \/>\n<meta property=\"og:title\" content=\"KIFLI NUTRIFREE MIX PER PANE LISZTTEL &#8211; Glut\u00e9nmentes Chef blog - \u00c1tol Tibor\" \/>\n<meta property=\"og:description\" content=\"Kifli Nutrifree mix per pane liszttel Glut\u00e9n-, toj\u00e1s- \u00e9s tejmentes recept A t\u00e9szta hozz\u00e1val\u00f3i: 250 g Nutrifree mix per pane 5 g sz\u00e1raz por\u00e9leszt\u0151 ( Haas vagy Dr. Oetker ) 5 g cukor 210 g langyos v\u00edz 8 g olvasztott kacsazs\u00edr vagy olaj ( 2 csipet &#8211; s\u00f3 elhagyhat\u00f3, mert gy\u00e1rilag m\u00e1r tartalmaz ) A Read more...\" \/>\n<meta property=\"og:url\" content=\"http:\/\/blog.glutenmenteschef.hu\/index.php\/2019\/10\/24\/kifli-nutrifree-mix-per-pane-liszttel\/\" \/>\n<meta property=\"og:site_name\" content=\"Glut\u00e9nmentes Chef blog - \u00c1tol Tibor\" \/>\n<meta property=\"article:publisher\" content=\"https:\/\/www.facebook.com\/aglutenmentessef\" \/>\n<meta property=\"article:author\" content=\"https:\/\/www.facebook.com\/aglutenmentessef\" \/>\n<meta property=\"article:published_time\" content=\"2019-10-24T20:23:51+00:00\" \/>\n<meta property=\"article:modified_time\" content=\"2026-03-22T20:08:39+00:00\" \/>\n<meta property=\"og:image\" content=\"http:\/\/blog.glutenmenteschef.hu\/wp-content\/uploads\/2019\/10\/Kifli-39.jpg\" \/>\n\t<meta property=\"og:image:width\" content=\"1024\" \/>\n\t<meta property=\"og:image:height\" content=\"768\" \/>\n\t<meta property=\"og:image:type\" content=\"image\/jpeg\" \/>\n<meta name=\"author\" content=\"gmchef\" \/>\n<meta name=\"twitter:card\" content=\"summary_large_image\" \/>\n<meta name=\"twitter:label1\" content=\"Szerz\u0151:\" \/>\n\t<meta name=\"twitter:data1\" content=\"gmchef\" \/>\n\t<meta name=\"twitter:label2\" content=\"Becs\u00fclt olvas\u00e1si id\u0151\" \/>\n\t<meta name=\"twitter:data2\" content=\"6 perc\" \/>\n<script type=\"application\/ld+json\" class=\"yoast-schema-graph\">{\"@context\":\"https:\/\/schema.org\",\"@graph\":[{\"@type\":\"Article\",\"@id\":\"http:\/\/blog.glutenmenteschef.hu\/index.php\/2019\/10\/24\/kifli-nutrifree-mix-per-pane-liszttel\/#article\",\"isPartOf\":{\"@id\":\"http:\/\/blog.glutenmenteschef.hu\/index.php\/2019\/10\/24\/kifli-nutrifree-mix-per-pane-liszttel\/\"},\"author\":{\"name\":\"gmchef\",\"@id\":\"https:\/\/blog.glutenmenteschef.hu\/#\/schema\/person\/c07613f0b6c0f12f90b8cb23cf32754a\"},\"headline\":\"KIFLI NUTRIFREE MIX PER PANE LISZTTEL\",\"datePublished\":\"2019-10-24T20:23:51+00:00\",\"dateModified\":\"2026-03-22T20:08:39+00:00\",\"mainEntityOfPage\":{\"@id\":\"http:\/\/blog.glutenmenteschef.hu\/index.php\/2019\/10\/24\/kifli-nutrifree-mix-per-pane-liszttel\/\"},\"wordCount\":729,\"commentCount\":0,\"publisher\":{\"@id\":\"https:\/\/blog.glutenmenteschef.hu\/#\/schema\/person\/c07613f0b6c0f12f90b8cb23cf32754a\"},\"image\":{\"@id\":\"http:\/\/blog.glutenmenteschef.hu\/index.php\/2019\/10\/24\/kifli-nutrifree-mix-per-pane-liszttel\/#primaryimage\"},\"thumbnailUrl\":\"http:\/\/blog.glutenmenteschef.hu\/wp-content\/uploads\/2019\/10\/Kifli-39.jpg\",\"keywords\":[\"glut\u00e9nmentes\",\"kelt t\u00e9szta\",\"kifli\",\"nutrifree mix per pane\"],\"articleSection\":[\"Keny\u00e9r \/ p\u00e9ks\u00fctem\u00e9ny\",\"Nutrifree receptek\"],\"inLanguage\":\"hu\",\"potentialAction\":[{\"@type\":\"CommentAction\",\"name\":\"Comment\",\"target\":[\"http:\/\/blog.glutenmenteschef.hu\/index.php\/2019\/10\/24\/kifli-nutrifree-mix-per-pane-liszttel\/#respond\"]}]},{\"@type\":\"WebPage\",\"@id\":\"http:\/\/blog.glutenmenteschef.hu\/index.php\/2019\/10\/24\/kifli-nutrifree-mix-per-pane-liszttel\/\",\"url\":\"http:\/\/blog.glutenmenteschef.hu\/index.php\/2019\/10\/24\/kifli-nutrifree-mix-per-pane-liszttel\/\",\"name\":\"KIFLI NUTRIFREE MIX PER PANE LISZTTEL &#8211; Glut\u00e9nmentes Chef blog - \u00c1tol Tibor\",\"isPartOf\":{\"@id\":\"https:\/\/blog.glutenmenteschef.hu\/#website\"},\"primaryImageOfPage\":{\"@id\":\"http:\/\/blog.glutenmenteschef.hu\/index.php\/2019\/10\/24\/kifli-nutrifree-mix-per-pane-liszttel\/#primaryimage\"},\"image\":{\"@id\":\"http:\/\/blog.glutenmenteschef.hu\/index.php\/2019\/10\/24\/kifli-nutrifree-mix-per-pane-liszttel\/#primaryimage\"},\"thumbnailUrl\":\"http:\/\/blog.glutenmenteschef.hu\/wp-content\/uploads\/2019\/10\/Kifli-39.jpg\",\"datePublished\":\"2019-10-24T20:23:51+00:00\",\"dateModified\":\"2026-03-22T20:08:39+00:00\",\"breadcrumb\":{\"@id\":\"http:\/\/blog.glutenmenteschef.hu\/index.php\/2019\/10\/24\/kifli-nutrifree-mix-per-pane-liszttel\/#breadcrumb\"},\"inLanguage\":\"hu\",\"potentialAction\":[{\"@type\":\"ReadAction\",\"target\":[\"http:\/\/blog.glutenmenteschef.hu\/index.php\/2019\/10\/24\/kifli-nutrifree-mix-per-pane-liszttel\/\"]}]},{\"@type\":\"ImageObject\",\"inLanguage\":\"hu\",\"@id\":\"http:\/\/blog.glutenmenteschef.hu\/index.php\/2019\/10\/24\/kifli-nutrifree-mix-per-pane-liszttel\/#primaryimage\",\"url\":\"http:\/\/blog.glutenmenteschef.hu\/wp-content\/uploads\/2019\/10\/Kifli-39.jpg\",\"contentUrl\":\"http:\/\/blog.glutenmenteschef.hu\/wp-content\/uploads\/2019\/10\/Kifli-39.jpg\",\"width\":1024,\"height\":768},{\"@type\":\"BreadcrumbList\",\"@id\":\"http:\/\/blog.glutenmenteschef.hu\/index.php\/2019\/10\/24\/kifli-nutrifree-mix-per-pane-liszttel\/#breadcrumb\",\"itemListElement\":[{\"@type\":\"ListItem\",\"position\":1,\"name\":\"Home\",\"item\":\"https:\/\/blog.glutenmenteschef.hu\/\"},{\"@type\":\"ListItem\",\"position\":2,\"name\":\"KIFLI NUTRIFREE MIX PER PANE LISZTTEL\"}]},{\"@type\":\"WebSite\",\"@id\":\"https:\/\/blog.glutenmenteschef.hu\/#website\",\"url\":\"https:\/\/blog.glutenmenteschef.hu\/\",\"name\":\"Glut\u00e9nmentes Chef blog - \u00c1tol Tibor\",\"description\":\"Glut\u00e9nmentes \u00e9telek, glut\u00e9nmentes receptek, glut\u00e9nmentes vide\u00f3k\",\"publisher\":{\"@id\":\"https:\/\/blog.glutenmenteschef.hu\/#\/schema\/person\/c07613f0b6c0f12f90b8cb23cf32754a\"},\"potentialAction\":[{\"@type\":\"SearchAction\",\"target\":{\"@type\":\"EntryPoint\",\"urlTemplate\":\"https:\/\/blog.glutenmenteschef.hu\/?s={search_term_string}\"},\"query-input\":{\"@type\":\"PropertyValueSpecification\",\"valueRequired\":true,\"valueName\":\"search_term_string\"}}],\"inLanguage\":\"hu\"},{\"@type\":[\"Person\",\"Organization\"],\"@id\":\"https:\/\/blog.glutenmenteschef.hu\/#\/schema\/person\/c07613f0b6c0f12f90b8cb23cf32754a\",\"name\":\"gmchef\",\"image\":{\"@type\":\"ImageObject\",\"inLanguage\":\"hu\",\"@id\":\"https:\/\/blog.glutenmenteschef.hu\/#\/schema\/person\/image\/\",\"url\":\"https:\/\/secure.gravatar.com\/avatar\/363a4977321cb6fa3321b7ac93139b68e56af77880ae9fd5a3b2e7a8279f6d74?s=96&d=mm&r=g\",\"contentUrl\":\"https:\/\/secure.gravatar.com\/avatar\/363a4977321cb6fa3321b7ac93139b68e56af77880ae9fd5a3b2e7a8279f6d74?s=96&d=mm&r=g\",\"caption\":\"gmchef\"},\"logo\":{\"@id\":\"https:\/\/blog.glutenmenteschef.hu\/#\/schema\/person\/image\/\"},\"sameAs\":[\"https:\/\/www.facebook.com\/aglutenmentessef\"]}]}<\/script>\n<!-- \/ Yoast SEO plugin. -->","yoast_head_json":{"title":"KIFLI NUTRIFREE MIX PER PANE LISZTTEL &#8211; Glut\u00e9nmentes Chef blog - \u00c1tol Tibor","robots":{"index":"index","follow":"follow","max-snippet":"max-snippet:-1","max-image-preview":"max-image-preview:large","max-video-preview":"max-video-preview:-1"},"canonical":"http:\/\/blog.glutenmenteschef.hu\/index.php\/2019\/10\/24\/kifli-nutrifree-mix-per-pane-liszttel\/","og_locale":"hu_HU","og_type":"article","og_title":"KIFLI NUTRIFREE MIX PER PANE LISZTTEL &#8211; Glut\u00e9nmentes Chef blog - \u00c1tol Tibor","og_description":"Kifli Nutrifree mix per pane liszttel Glut\u00e9n-, toj\u00e1s- \u00e9s tejmentes recept A t\u00e9szta hozz\u00e1val\u00f3i: 250 g Nutrifree mix per pane 5 g sz\u00e1raz por\u00e9leszt\u0151 ( Haas vagy Dr. Oetker ) 5 g cukor 210 g langyos v\u00edz 8 g olvasztott kacsazs\u00edr vagy olaj ( 2 csipet &#8211; s\u00f3 elhagyhat\u00f3, mert gy\u00e1rilag m\u00e1r tartalmaz ) A Read more...","og_url":"http:\/\/blog.glutenmenteschef.hu\/index.php\/2019\/10\/24\/kifli-nutrifree-mix-per-pane-liszttel\/","og_site_name":"Glut\u00e9nmentes Chef blog - \u00c1tol Tibor","article_publisher":"https:\/\/www.facebook.com\/aglutenmentessef","article_author":"https:\/\/www.facebook.com\/aglutenmentessef","article_published_time":"2019-10-24T20:23:51+00:00","article_modified_time":"2026-03-22T20:08:39+00:00","og_image":[{"width":1024,"height":768,"url":"http:\/\/blog.glutenmenteschef.hu\/wp-content\/uploads\/2019\/10\/Kifli-39.jpg","type":"image\/jpeg"}],"author":"gmchef","twitter_card":"summary_large_image","twitter_misc":{"Szerz\u0151:":"gmchef","Becs\u00fclt olvas\u00e1si id\u0151":"6 perc"},"schema":{"@context":"https:\/\/schema.org","@graph":[{"@type":"Article","@id":"http:\/\/blog.glutenmenteschef.hu\/index.php\/2019\/10\/24\/kifli-nutrifree-mix-per-pane-liszttel\/#article","isPartOf":{"@id":"http:\/\/blog.glutenmenteschef.hu\/index.php\/2019\/10\/24\/kifli-nutrifree-mix-per-pane-liszttel\/"},"author":{"name":"gmchef","@id":"https:\/\/blog.glutenmenteschef.hu\/#\/schema\/person\/c07613f0b6c0f12f90b8cb23cf32754a"},"headline":"KIFLI NUTRIFREE MIX PER PANE LISZTTEL","datePublished":"2019-10-24T20:23:51+00:00","dateModified":"2026-03-22T20:08:39+00:00","mainEntityOfPage":{"@id":"http:\/\/blog.glutenmenteschef.hu\/index.php\/2019\/10\/24\/kifli-nutrifree-mix-per-pane-liszttel\/"},"wordCount":729,"commentCount":0,"publisher":{"@id":"https:\/\/blog.glutenmenteschef.hu\/#\/schema\/person\/c07613f0b6c0f12f90b8cb23cf32754a"},"image":{"@id":"http:\/\/blog.glutenmenteschef.hu\/index.php\/2019\/10\/24\/kifli-nutrifree-mix-per-pane-liszttel\/#primaryimage"},"thumbnailUrl":"http:\/\/blog.glutenmenteschef.hu\/wp-content\/uploads\/2019\/10\/Kifli-39.jpg","keywords":["glut\u00e9nmentes","kelt t\u00e9szta","kifli","nutrifree mix per pane"],"articleSection":["Keny\u00e9r \/ p\u00e9ks\u00fctem\u00e9ny","Nutrifree receptek"],"inLanguage":"hu","potentialAction":[{"@type":"CommentAction","name":"Comment","target":["http:\/\/blog.glutenmenteschef.hu\/index.php\/2019\/10\/24\/kifli-nutrifree-mix-per-pane-liszttel\/#respond"]}]},{"@type":"WebPage","@id":"http:\/\/blog.glutenmenteschef.hu\/index.php\/2019\/10\/24\/kifli-nutrifree-mix-per-pane-liszttel\/","url":"http:\/\/blog.glutenmenteschef.hu\/index.php\/2019\/10\/24\/kifli-nutrifree-mix-per-pane-liszttel\/","name":"KIFLI NUTRIFREE MIX PER PANE LISZTTEL &#8211; Glut\u00e9nmentes Chef blog - \u00c1tol Tibor","isPartOf":{"@id":"https:\/\/blog.glutenmenteschef.hu\/#website"},"primaryImageOfPage":{"@id":"http:\/\/blog.glutenmenteschef.hu\/index.php\/2019\/10\/24\/kifli-nutrifree-mix-per-pane-liszttel\/#primaryimage"},"image":{"@id":"http:\/\/blog.glutenmenteschef.hu\/index.php\/2019\/10\/24\/kifli-nutrifree-mix-per-pane-liszttel\/#primaryimage"},"thumbnailUrl":"http:\/\/blog.glutenmenteschef.hu\/wp-content\/uploads\/2019\/10\/Kifli-39.jpg","datePublished":"2019-10-24T20:23:51+00:00","dateModified":"2026-03-22T20:08:39+00:00","breadcrumb":{"@id":"http:\/\/blog.glutenmenteschef.hu\/index.php\/2019\/10\/24\/kifli-nutrifree-mix-per-pane-liszttel\/#breadcrumb"},"inLanguage":"hu","potentialAction":[{"@type":"ReadAction","target":["http:\/\/blog.glutenmenteschef.hu\/index.php\/2019\/10\/24\/kifli-nutrifree-mix-per-pane-liszttel\/"]}]},{"@type":"ImageObject","inLanguage":"hu","@id":"http:\/\/blog.glutenmenteschef.hu\/index.php\/2019\/10\/24\/kifli-nutrifree-mix-per-pane-liszttel\/#primaryimage","url":"http:\/\/blog.glutenmenteschef.hu\/wp-content\/uploads\/2019\/10\/Kifli-39.jpg","contentUrl":"http:\/\/blog.glutenmenteschef.hu\/wp-content\/uploads\/2019\/10\/Kifli-39.jpg","width":1024,"height":768},{"@type":"BreadcrumbList","@id":"http:\/\/blog.glutenmenteschef.hu\/index.php\/2019\/10\/24\/kifli-nutrifree-mix-per-pane-liszttel\/#breadcrumb","itemListElement":[{"@type":"ListItem","position":1,"name":"Home","item":"https:\/\/blog.glutenmenteschef.hu\/"},{"@type":"ListItem","position":2,"name":"KIFLI NUTRIFREE MIX PER PANE LISZTTEL"}]},{"@type":"WebSite","@id":"https:\/\/blog.glutenmenteschef.hu\/#website","url":"https:\/\/blog.glutenmenteschef.hu\/","name":"Glut\u00e9nmentes Chef blog - \u00c1tol Tibor","description":"Glut\u00e9nmentes \u00e9telek, glut\u00e9nmentes receptek, glut\u00e9nmentes vide\u00f3k","publisher":{"@id":"https:\/\/blog.glutenmenteschef.hu\/#\/schema\/person\/c07613f0b6c0f12f90b8cb23cf32754a"},"potentialAction":[{"@type":"SearchAction","target":{"@type":"EntryPoint","urlTemplate":"https:\/\/blog.glutenmenteschef.hu\/?s={search_term_string}"},"query-input":{"@type":"PropertyValueSpecification","valueRequired":true,"valueName":"search_term_string"}}],"inLanguage":"hu"},{"@type":["Person","Organization"],"@id":"https:\/\/blog.glutenmenteschef.hu\/#\/schema\/person\/c07613f0b6c0f12f90b8cb23cf32754a","name":"gmchef","image":{"@type":"ImageObject","inLanguage":"hu","@id":"https:\/\/blog.glutenmenteschef.hu\/#\/schema\/person\/image\/","url":"https:\/\/secure.gravatar.com\/avatar\/363a4977321cb6fa3321b7ac93139b68e56af77880ae9fd5a3b2e7a8279f6d74?s=96&d=mm&r=g","contentUrl":"https:\/\/secure.gravatar.com\/avatar\/363a4977321cb6fa3321b7ac93139b68e56af77880ae9fd5a3b2e7a8279f6d74?s=96&d=mm&r=g","caption":"gmchef"},"logo":{"@id":"https:\/\/blog.glutenmenteschef.hu\/#\/schema\/person\/image\/"},"sameAs":["https:\/\/www.facebook.com\/aglutenmentessef"]}]}},"_links":{"self":[{"href":"http:\/\/blog.glutenmenteschef.hu\/index.php\/wp-json\/wp\/v2\/posts\/27270","targetHints":{"allow":["GET"]}}],"collection":[{"href":"http:\/\/blog.glutenmenteschef.hu\/index.php\/wp-json\/wp\/v2\/posts"}],"about":[{"href":"http:\/\/blog.glutenmenteschef.hu\/index.php\/wp-json\/wp\/v2\/types\/post"}],"author":[{"embeddable":true,"href":"http:\/\/blog.glutenmenteschef.hu\/index.php\/wp-json\/wp\/v2\/users\/1"}],"replies":[{"embeddable":true,"href":"http:\/\/blog.glutenmenteschef.hu\/index.php\/wp-json\/wp\/v2\/comments?post=27270"}],"version-history":[{"count":2,"href":"http:\/\/blog.glutenmenteschef.hu\/index.php\/wp-json\/wp\/v2\/posts\/27270\/revisions"}],"predecessor-version":[{"id":31858,"href":"http:\/\/blog.glutenmenteschef.hu\/index.php\/wp-json\/wp\/v2\/posts\/27270\/revisions\/31858"}],"wp:featuredmedia":[{"embeddable":true,"href":"http:\/\/blog.glutenmenteschef.hu\/index.php\/wp-json\/wp\/v2\/media\/30093"}],"wp:attachment":[{"href":"http:\/\/blog.glutenmenteschef.hu\/index.php\/wp-json\/wp\/v2\/media?parent=27270"}],"wp:term":[{"taxonomy":"category","embeddable":true,"href":"http:\/\/blog.glutenmenteschef.hu\/index.php\/wp-json\/wp\/v2\/categories?post=27270"},{"taxonomy":"post_tag","embeddable":true,"href":"http:\/\/blog.glutenmenteschef.hu\/index.php\/wp-json\/wp\/v2\/tags?post=27270"}],"curies":[{"name":"wp","href":"https:\/\/api.w.org\/{rel}","templated":true}]}}