{"id":27032,"date":"2019-08-27T18:23:31","date_gmt":"2019-08-27T18:23:31","guid":{"rendered":"http:\/\/blog.glutenmenteschef.hu\/?p=27032"},"modified":"2024-03-24T20:52:04","modified_gmt":"2024-03-24T20:52:04","slug":"fahejas-dios-kifli-gluten-tej-es-tojasmentesen","status":"publish","type":"post","link":"http:\/\/blog.glutenmenteschef.hu\/index.php\/2019\/08\/27\/fahejas-dios-kifli-gluten-tej-es-tojasmentesen\/","title":{"rendered":"FAH\u00c9JAS-DI\u00d3S KIFLI GLUT\u00c9N-, TEJ- \u00c9S TOJ\u00c1SMENTESEN"},"content":{"rendered":"\n<h3 class=\"wp-block-heading has-text-align-center\">Fah\u00e9jas-di\u00f3s kifli glut\u00e9n-, tej- \u00e9s toj\u00e1smentesen <br><br><br><\/h3>\n\n\n<div class=\"wp-block-image\">\n<figure class=\"aligncenter is-resized\"><img loading=\"lazy\" decoding=\"async\" width=\"1024\" height=\"768\" src=\"https:\/\/blog.glutenmenteschef.hu\/wp-content\/uploads\/2019\/08\/Dios-fahejas-kifli-gluten-tej-tojasmentesen-22.jpg\" alt=\"\" class=\"wp-image-27051\" style=\"width:512px;height:384px\" srcset=\"http:\/\/blog.glutenmenteschef.hu\/wp-content\/uploads\/2019\/08\/Dios-fahejas-kifli-gluten-tej-tojasmentesen-22.jpg 1024w, http:\/\/blog.glutenmenteschef.hu\/wp-content\/uploads\/2019\/08\/Dios-fahejas-kifli-gluten-tej-tojasmentesen-22-300x225.jpg 300w, http:\/\/blog.glutenmenteschef.hu\/wp-content\/uploads\/2019\/08\/Dios-fahejas-kifli-gluten-tej-tojasmentesen-22-768x576.jpg 768w\" sizes=\"auto, (max-width: 1024px) 100vw, 1024px\" \/><\/figure>\n<\/div>\n\n\n<h5 class=\"wp-block-heading has-text-align-center\"><br><br><strong>A t\u00e9szta hozz\u00e1val\u00f3i:<\/strong><\/h5>\n\n\n\n<p class=\"has-text-align-center\"> 250 gr Nutrifree mix per pane<br> 50 gr cukor<br> 3 gr por\u00e9leszt\u0151 ( Haas, Dr.Oetker, Budafoki )<br> 200 ml n\u00f6v\u00e9nyi tej ( k\u00f3kusztejet haszn\u00e1ltam )<br> 25 gr k\u00f3kuszzs\u00edr<br> rizsliszt a sz\u00f3r\u00e1shoz <br><br><\/p>\n\n\n\n<h5 class=\"wp-block-heading has-text-align-center\"><strong>A t\u00f6ltel\u00e9k hozz\u00e1val\u00f3i:<\/strong><\/h5>\n\n\n\n<p class=\"has-text-align-center\"> 40 gr nagyon l\u00e1gy, kenhet\u0151 \u00e1llag\u00fa k\u00f3kuszzs\u00edr<br> 40 gr dar\u00e1lt di\u00f3<br> 40 gr porcukor<br> 5 gr \u0151r\u00f6lt fah\u00e9j <br><br><\/p>\n\n\n<div class=\"wp-block-image\">\n<figure class=\"aligncenter is-resized\"><img loading=\"lazy\" decoding=\"async\" width=\"1024\" height=\"768\" src=\"https:\/\/blog.glutenmenteschef.hu\/wp-content\/uploads\/2019\/08\/Dios-fahejas-kifli-gluten-tej-tojasmentesen-20.jpg\" alt=\"\" class=\"wp-image-27052\" style=\"width:512px;height:384px\" srcset=\"http:\/\/blog.glutenmenteschef.hu\/wp-content\/uploads\/2019\/08\/Dios-fahejas-kifli-gluten-tej-tojasmentesen-20.jpg 1024w, http:\/\/blog.glutenmenteschef.hu\/wp-content\/uploads\/2019\/08\/Dios-fahejas-kifli-gluten-tej-tojasmentesen-20-300x225.jpg 300w, http:\/\/blog.glutenmenteschef.hu\/wp-content\/uploads\/2019\/08\/Dios-fahejas-kifli-gluten-tej-tojasmentesen-20-768x576.jpg 768w\" sizes=\"auto, (max-width: 1024px) 100vw, 1024px\" \/><\/figure>\n<\/div>\n\n\n<p><br><br><strong>A t\u00e9szta elk\u00e9sz\u00edt\u00e9se: <\/strong><\/p>\n\n\n\n<p>Az \u00e9leszt\u0151t egy t\u00e1lba m\u00e9rj\u00fck, hozz\u00e1adjuk a cukrot \u00e9s a folyad\u00e9k fel\u00e9t. A  t\u00e9szta minden hozz\u00e1val\u00f3j\u00e1t a 30-40 fokra el\u0151meleg\u00edtett  s\u00fct\u0151be tessz\u00fck annyi id\u0151re, am\u00edg az \u00e9leszt\u0151 beindul.<br>Ezut\u00e1n a k\u00f3kuszzs\u00edr  kiv\u00e9tel\u00e9vel minden alkot\u00f3elemet a kever\u0151t\u00e1lba \u00f6nt\u00fcnk, elkezdj\u00fck  dagasztani, k\u00f6zben a zsirad\u00e9kot v\u00e9kony sug\u00e1rban csurgatjuk hozz\u00e1. <br>5 perc dagaszt\u00e1s ut\u00e1n rizsliszttel meghintett deszk\u00e1ra kiford\u00edtjuk. <br>L\u00e1gy \u00e9s ragacsos t\u00e9szt\u00e1t kapunk, de nem szabad plusz lisztet belegy\u00farni!! A kever\u0151t\u00e1lat bor\u00edtsuk r\u00e1 \u00e9s 35 percig pihentess\u00fck.  <br><br><\/p>\n\n\n<div class=\"wp-block-image\">\n<figure class=\"aligncenter\"><img loading=\"lazy\" decoding=\"async\" width=\"300\" height=\"225\" src=\"https:\/\/blog.glutenmenteschef.hu\/wp-content\/uploads\/2019\/08\/Dios-fahejas-kifli-gluten-tej-tojasmentesen-1-300x225.jpg\" alt=\"\" class=\"wp-image-27037\" srcset=\"http:\/\/blog.glutenmenteschef.hu\/wp-content\/uploads\/2019\/08\/Dios-fahejas-kifli-gluten-tej-tojasmentesen-1-300x225.jpg 300w, http:\/\/blog.glutenmenteschef.hu\/wp-content\/uploads\/2019\/08\/Dios-fahejas-kifli-gluten-tej-tojasmentesen-1-768x576.jpg 768w, http:\/\/blog.glutenmenteschef.hu\/wp-content\/uploads\/2019\/08\/Dios-fahejas-kifli-gluten-tej-tojasmentesen-1.jpg 1024w\" sizes=\"auto, (max-width: 300px) 100vw, 300px\" \/><\/figure>\n<\/div>\n\n\n<p><br>Nagyon kev\u00e9s liszttel sz\u00f3rjuk meg a felsz\u00edn\u00e9t, form\u00e1ljunk gomb\u00f3cot bel\u0151le,  tegy\u00fck \u00e1t az olajjal alaposan megkent s\u00fct\u0151pap\u00edrra, majd ny\u00fajtsuk  ki  3-4 mm vastag k\u00f6r alakra. Ha ragadna a t\u00e9szta, csak akkor  sz\u00f3rjuk  meg rizsliszttel. Pizzav\u00e1g\u00f3 vagy k\u00e9s \u00e9l\u00e9t megolajozzuk, \u00edgy nem tapad hozz\u00e1 a t\u00e9szta, majd v\u00e1gjuk 12 cikkre.<br><br><\/p>\n\n\n<div class=\"wp-block-image\">\n<figure class=\"aligncenter\"><img loading=\"lazy\" decoding=\"async\" width=\"300\" height=\"225\" src=\"https:\/\/blog.glutenmenteschef.hu\/wp-content\/uploads\/2019\/08\/Dios-fahejas-kifli-gluten-tej-tojasmentesen-2-300x225.jpg\" alt=\"\" class=\"wp-image-27038\" srcset=\"http:\/\/blog.glutenmenteschef.hu\/wp-content\/uploads\/2019\/08\/Dios-fahejas-kifli-gluten-tej-tojasmentesen-2-300x225.jpg 300w, http:\/\/blog.glutenmenteschef.hu\/wp-content\/uploads\/2019\/08\/Dios-fahejas-kifli-gluten-tej-tojasmentesen-2-768x576.jpg 768w, http:\/\/blog.glutenmenteschef.hu\/wp-content\/uploads\/2019\/08\/Dios-fahejas-kifli-gluten-tej-tojasmentesen-2.jpg 1024w\" sizes=\"auto, (max-width: 300px) 100vw, 300px\" \/><\/figure>\n<\/div>\n\n\n<p><br>Ecset vagy cukr\u00e1szspakli seg\u00edts\u00e9g\u00e9vel kenj\u00fck el egyenletesen a t\u00e9szta fel\u00fclet\u00e9n a zsirad\u00e9kot. <br> Sz\u00f3rjuk meg a di\u00f3val, a cukorral, majd a fah\u00e9jjal.  <br><br><\/p>\n\n\n<div class=\"wp-block-image\">\n<figure class=\"aligncenter\"><img loading=\"lazy\" decoding=\"async\" width=\"300\" height=\"225\" src=\"https:\/\/blog.glutenmenteschef.hu\/wp-content\/uploads\/2019\/08\/Dios-fahejas-kifli-gluten-tej-tojasmentesen-3-300x225.jpg\" alt=\"\" class=\"wp-image-27040\" srcset=\"http:\/\/blog.glutenmenteschef.hu\/wp-content\/uploads\/2019\/08\/Dios-fahejas-kifli-gluten-tej-tojasmentesen-3-300x225.jpg 300w, http:\/\/blog.glutenmenteschef.hu\/wp-content\/uploads\/2019\/08\/Dios-fahejas-kifli-gluten-tej-tojasmentesen-3-768x576.jpg 768w, http:\/\/blog.glutenmenteschef.hu\/wp-content\/uploads\/2019\/08\/Dios-fahejas-kifli-gluten-tej-tojasmentesen-3.jpg 1024w\" sizes=\"auto, (max-width: 300px) 100vw, 300px\" \/><\/figure>\n<\/div>\n\n\n<p> <br>A sz\u00e9lesebbik oldal\u00e1t\u00f3l indulva pr\u00f3b\u00e1ljuk szorosan feltekerni. <br><br><\/p>\n\n\n<div class=\"wp-block-image\">\n<figure class=\"aligncenter\"><img loading=\"lazy\" decoding=\"async\" width=\"300\" height=\"225\" src=\"https:\/\/blog.glutenmenteschef.hu\/wp-content\/uploads\/2019\/08\/Dios-fahejas-kifli-gluten-tej-tojasmentesen-5-300x225.jpg\" alt=\"\" class=\"wp-image-27041\" srcset=\"http:\/\/blog.glutenmenteschef.hu\/wp-content\/uploads\/2019\/08\/Dios-fahejas-kifli-gluten-tej-tojasmentesen-5-300x225.jpg 300w, http:\/\/blog.glutenmenteschef.hu\/wp-content\/uploads\/2019\/08\/Dios-fahejas-kifli-gluten-tej-tojasmentesen-5-768x576.jpg 768w, http:\/\/blog.glutenmenteschef.hu\/wp-content\/uploads\/2019\/08\/Dios-fahejas-kifli-gluten-tej-tojasmentesen-5.jpg 1024w\" sizes=\"auto, (max-width: 300px) 100vw, 300px\" \/><\/figure>\n<\/div>\n\n\n<p><br>S\u00fct\u0151pap\u00edrral b\u00e9lelt tepsibe helyezz\u00fck. Hagyjunk helyet k\u00f6zt\u00fck, mert n\u0151ni fognak.    <br><br><\/p>\n\n\n\n<p><strong>S\u00c9F TIPP:<\/strong><\/p>\n\n\n\n<p>A feltekert h\u00e1romsz\u00f6g hegyes cs\u00facsa alulra ker\u00fclj\u00f6n a tepsiben. \u00cdgy s\u00fct\u00e9s k\u00f6zben nem fognak kiny\u00edlni a kiflik. <br><\/p>\n\n\n<div class=\"wp-block-image\">\n<figure class=\"aligncenter\"><img loading=\"lazy\" decoding=\"async\" width=\"300\" height=\"225\" src=\"https:\/\/blog.glutenmenteschef.hu\/wp-content\/uploads\/2019\/08\/Dios-fahejas-kifli-gluten-tej-tojasmentesen-6-300x225.jpg\" alt=\"\" class=\"wp-image-27042\" srcset=\"http:\/\/blog.glutenmenteschef.hu\/wp-content\/uploads\/2019\/08\/Dios-fahejas-kifli-gluten-tej-tojasmentesen-6-300x225.jpg 300w, http:\/\/blog.glutenmenteschef.hu\/wp-content\/uploads\/2019\/08\/Dios-fahejas-kifli-gluten-tej-tojasmentesen-6-768x576.jpg 768w, http:\/\/blog.glutenmenteschef.hu\/wp-content\/uploads\/2019\/08\/Dios-fahejas-kifli-gluten-tej-tojasmentesen-6.jpg 1024w\" sizes=\"auto, (max-width: 300px) 100vw, 300px\" \/><\/figure>\n<\/div>\n\n\n<p>Szoba h\u0151m\u00e9rs\u00e9kleten, huzatmentes helyen 25-30 percig pihentetj\u00fck. Az\u00e9rt  szoba h\u0151m\u00e9rs\u00e9kleten, mert \u00edgy a fah\u00e9jas di\u00f3 al\u00e1 kent zsirad\u00e9k nem fog  kiolvadni, ez\u00e1ltal m\u00e9g puh\u00e1bb-szaftosabb lesz a t\u00e9szta.  <br><\/p>\n\n\n<div class=\"wp-block-image\">\n<figure class=\"aligncenter\"><img loading=\"lazy\" decoding=\"async\" width=\"300\" height=\"225\" src=\"https:\/\/blog.glutenmenteschef.hu\/wp-content\/uploads\/2019\/08\/Dios-fahejas-kifli-gluten-tej-tojasmentesen-7-300x225.jpg\" alt=\"\" class=\"wp-image-27043\" srcset=\"http:\/\/blog.glutenmenteschef.hu\/wp-content\/uploads\/2019\/08\/Dios-fahejas-kifli-gluten-tej-tojasmentesen-7-300x225.jpg 300w, http:\/\/blog.glutenmenteschef.hu\/wp-content\/uploads\/2019\/08\/Dios-fahejas-kifli-gluten-tej-tojasmentesen-7-768x576.jpg 768w, http:\/\/blog.glutenmenteschef.hu\/wp-content\/uploads\/2019\/08\/Dios-fahejas-kifli-gluten-tej-tojasmentesen-7.jpg 1024w\" sizes=\"auto, (max-width: 300px) 100vw, 300px\" \/><\/figure>\n<\/div>\n\n\n<p><br><strong>S\u00c9F TIPP:<\/strong><br>A kiflik tetej\u00e9t s\u00fct\u00e9s el\u0151tt megkenhetj\u00fck, hogy szebb sz\u00edne legyen:<br>&#8211; porcukor \u00e9s p\u00e1r csepp v\u00edz kever\u00e9k\u00e9vel ( 20 gr porcukor, 1-2 gr v\u00edz )<br>&#8211; s\u00e1rgabarack lekv\u00e1r \u00e9s annyi v\u00edz, hogy kenhet\u0151 legyen<br> <\/p>\n\n\n\n<p>Majd 170 fok als\u00f3-fels\u0151 s\u00fct\u00e9si m\u00f3dozaton 25 perc alatt k\u00e9szre s\u00fctj\u00fck. Kivessz\u00fck a s\u00fct\u0151b\u0151l \u00e9s ecset seg\u00edts\u00e9g\u00e9vel n\u00f6v\u00e9nyi tejjel gyorsan, am\u00edg m\u00e9g meleg v\u00e9konyan \u00e1tkenj\u00fck a fel\u00fclet\u00e9t. <br><\/p>\n\n\n<div class=\"wp-block-image\">\n<figure class=\"aligncenter\"><img loading=\"lazy\" decoding=\"async\" width=\"300\" height=\"225\" src=\"https:\/\/blog.glutenmenteschef.hu\/wp-content\/uploads\/2019\/08\/Dios-fahejas-kifli-gluten-tej-tojasmentesen-8-300x225.jpg\" alt=\"\" class=\"wp-image-27062\" srcset=\"http:\/\/blog.glutenmenteschef.hu\/wp-content\/uploads\/2019\/08\/Dios-fahejas-kifli-gluten-tej-tojasmentesen-8-300x225.jpg 300w, http:\/\/blog.glutenmenteschef.hu\/wp-content\/uploads\/2019\/08\/Dios-fahejas-kifli-gluten-tej-tojasmentesen-8-768x576.jpg 768w, http:\/\/blog.glutenmenteschef.hu\/wp-content\/uploads\/2019\/08\/Dios-fahejas-kifli-gluten-tej-tojasmentesen-8.jpg 1024w\" sizes=\"auto, (max-width: 300px) 100vw, 300px\" \/><\/figure>\n<\/div>\n\n\n<p><br>Hagyjuk kih\u0171lni, porcukorral sz\u00f3rva t\u00e1laljuk.<br>A kiflik m\u00e1snap \u00e9s harmadnap 15-20 m\u00e1sodperc mikr\u00f3z\u00e1ssal is \u00e9lvezhet\u0151 \u00e1llag\u00faak. <br><\/p>\n\n\n<div class=\"wp-block-image\">\n<figure class=\"aligncenter\"><img loading=\"lazy\" decoding=\"async\" width=\"300\" height=\"225\" src=\"https:\/\/blog.glutenmenteschef.hu\/wp-content\/uploads\/2019\/08\/Dios-fahejas-kifli-gluten-tej-tojasmentesen-16-300x225.jpg\" alt=\"\" class=\"wp-image-27047\" srcset=\"http:\/\/blog.glutenmenteschef.hu\/wp-content\/uploads\/2019\/08\/Dios-fahejas-kifli-gluten-tej-tojasmentesen-16-300x225.jpg 300w, http:\/\/blog.glutenmenteschef.hu\/wp-content\/uploads\/2019\/08\/Dios-fahejas-kifli-gluten-tej-tojasmentesen-16-768x576.jpg 768w, http:\/\/blog.glutenmenteschef.hu\/wp-content\/uploads\/2019\/08\/Dios-fahejas-kifli-gluten-tej-tojasmentesen-16.jpg 1024w\" sizes=\"auto, (max-width: 300px) 100vw, 300px\" \/><\/figure>\n<\/div>\n\n\n<p><br>Ha m\u00e1s \u00edzes\u00edt\u00e9st szeretn\u00e9nk k\u00e9sz\u00edteni, a fah\u00e9j-di\u00f3 p\u00e1rost helyettes\u00edthetj\u00fck, p\u00e9ld\u00e1ul kaka\u00f3val.<br><\/p>\n\n\n<div class=\"wp-block-image\">\n<figure class=\"aligncenter\"><img loading=\"lazy\" decoding=\"async\" width=\"300\" height=\"225\" src=\"https:\/\/blog.glutenmenteschef.hu\/wp-content\/uploads\/2019\/08\/Dios-fahejas-kifli-gluten-tej-tojasmentesen-18-300x225.jpg\" alt=\"\" class=\"wp-image-27048\" srcset=\"http:\/\/blog.glutenmenteschef.hu\/wp-content\/uploads\/2019\/08\/Dios-fahejas-kifli-gluten-tej-tojasmentesen-18-300x225.jpg 300w, http:\/\/blog.glutenmenteschef.hu\/wp-content\/uploads\/2019\/08\/Dios-fahejas-kifli-gluten-tej-tojasmentesen-18-768x576.jpg 768w, http:\/\/blog.glutenmenteschef.hu\/wp-content\/uploads\/2019\/08\/Dios-fahejas-kifli-gluten-tej-tojasmentesen-18.jpg 1024w\" sizes=\"auto, (max-width: 300px) 100vw, 300px\" \/><\/figure>\n<\/div>\n\n\n<p><\/p>\n\n\n\n<p><\/p>\n\n\n\n<p> <\/p>\n","protected":false},"excerpt":{"rendered":"<p>Fah\u00e9jas-di\u00f3s kifli glut\u00e9n-, tej- \u00e9s toj\u00e1smentesen A t\u00e9szta hozz\u00e1val\u00f3i: 250 gr Nutrifree mix per pane 50 gr cukor 3 gr por\u00e9leszt\u0151 ( Haas, Dr.Oetker, Budafoki ) 200 ml n\u00f6v\u00e9nyi tej ( k\u00f3kusztejet haszn\u00e1ltam ) 25 gr k\u00f3kuszzs\u00edr rizsliszt a sz\u00f3r\u00e1shoz A t\u00f6ltel\u00e9k hozz\u00e1val\u00f3i: 40 gr nagyon l\u00e1gy, kenhet\u0151 \u00e1llag\u00fa k\u00f3kuszzs\u00edr 40 gr dar\u00e1lt di\u00f3 40 <br \/><a class=\"more\" href=\"http:\/\/blog.glutenmenteschef.hu\/index.php\/2019\/08\/27\/fahejas-dios-kifli-gluten-tej-es-tojasmentesen\/\">Read more&#8230; <\/a><\/p>\n","protected":false},"author":1,"featured_media":27067,"comment_status":"open","ping_status":"open","sticky":false,"template":"","format":"standard","meta":{"footnotes":""},"categories":[143,488,396],"tags":[269,522,511,5,165,314,326,97],"class_list":["post-27032","post","type-post","status-publish","format-standard","has-post-thumbnail","hentry","category-kenyer-peksutemeny","category-nutrifree-receptek","category-tojasmentes-receptek","tag-dios","tag-edes-kifli","tag-fahejas","tag-glutenmentes","tag-kelt-teszta","tag-nutrifree","tag-tejmentes","tag-tojasmentes"],"yoast_head":"<!-- This site is optimized with the Yoast SEO plugin v26.5 - https:\/\/yoast.com\/wordpress\/plugins\/seo\/ -->\n<title>FAH\u00c9JAS-DI\u00d3S KIFLI GLUT\u00c9N-, TEJ- \u00c9S TOJ\u00c1SMENTESEN &#8211; Glut\u00e9nmentes Chef blog - \u00c1tol Tibor<\/title>\n<meta name=\"robots\" content=\"index, follow, max-snippet:-1, max-image-preview:large, max-video-preview:-1\" \/>\n<link rel=\"canonical\" href=\"http:\/\/blog.glutenmenteschef.hu\/index.php\/2019\/08\/27\/fahejas-dios-kifli-gluten-tej-es-tojasmentesen\/\" \/>\n<meta property=\"og:locale\" content=\"hu_HU\" \/>\n<meta property=\"og:type\" content=\"article\" \/>\n<meta property=\"og:title\" content=\"FAH\u00c9JAS-DI\u00d3S KIFLI GLUT\u00c9N-, TEJ- \u00c9S TOJ\u00c1SMENTESEN &#8211; Glut\u00e9nmentes Chef blog - \u00c1tol Tibor\" \/>\n<meta property=\"og:description\" content=\"Fah\u00e9jas-di\u00f3s kifli glut\u00e9n-, tej- \u00e9s toj\u00e1smentesen A t\u00e9szta hozz\u00e1val\u00f3i: 250 gr Nutrifree mix per pane 50 gr cukor 3 gr por\u00e9leszt\u0151 ( Haas, Dr.Oetker, Budafoki ) 200 ml n\u00f6v\u00e9nyi tej ( k\u00f3kusztejet haszn\u00e1ltam ) 25 gr k\u00f3kuszzs\u00edr rizsliszt a sz\u00f3r\u00e1shoz A t\u00f6ltel\u00e9k hozz\u00e1val\u00f3i: 40 gr nagyon l\u00e1gy, kenhet\u0151 \u00e1llag\u00fa k\u00f3kuszzs\u00edr 40 gr dar\u00e1lt di\u00f3 40 Read more...\" \/>\n<meta property=\"og:url\" content=\"http:\/\/blog.glutenmenteschef.hu\/index.php\/2019\/08\/27\/fahejas-dios-kifli-gluten-tej-es-tojasmentesen\/\" \/>\n<meta property=\"og:site_name\" content=\"Glut\u00e9nmentes Chef blog - \u00c1tol Tibor\" \/>\n<meta property=\"article:publisher\" content=\"https:\/\/www.facebook.com\/aglutenmentessef\" \/>\n<meta property=\"article:author\" content=\"https:\/\/www.facebook.com\/aglutenmentessef\" \/>\n<meta property=\"article:published_time\" content=\"2019-08-27T18:23:31+00:00\" \/>\n<meta property=\"article:modified_time\" content=\"2024-03-24T20:52:04+00:00\" \/>\n<meta property=\"og:image\" content=\"http:\/\/blog.glutenmenteschef.hu\/wp-content\/uploads\/2019\/08\/Dios-fahejas-kifli-gluten-tej-tojasmentesen-17-1.jpg\" \/>\n\t<meta property=\"og:image:width\" content=\"3298\" \/>\n\t<meta property=\"og:image:height\" content=\"2472\" \/>\n\t<meta property=\"og:image:type\" content=\"image\/jpeg\" \/>\n<meta name=\"author\" content=\"gmchef\" \/>\n<meta name=\"twitter:card\" content=\"summary_large_image\" \/>\n<meta name=\"twitter:label1\" content=\"Szerz\u0151:\" \/>\n\t<meta name=\"twitter:data1\" content=\"gmchef\" \/>\n\t<meta name=\"twitter:label2\" content=\"Becs\u00fclt olvas\u00e1si id\u0151\" \/>\n\t<meta name=\"twitter:data2\" content=\"5 perc\" \/>\n<script type=\"application\/ld+json\" class=\"yoast-schema-graph\">{\"@context\":\"https:\/\/schema.org\",\"@graph\":[{\"@type\":\"Article\",\"@id\":\"http:\/\/blog.glutenmenteschef.hu\/index.php\/2019\/08\/27\/fahejas-dios-kifli-gluten-tej-es-tojasmentesen\/#article\",\"isPartOf\":{\"@id\":\"http:\/\/blog.glutenmenteschef.hu\/index.php\/2019\/08\/27\/fahejas-dios-kifli-gluten-tej-es-tojasmentesen\/\"},\"author\":{\"name\":\"gmchef\",\"@id\":\"https:\/\/blog.glutenmenteschef.hu\/#\/schema\/person\/c07613f0b6c0f12f90b8cb23cf32754a\"},\"headline\":\"FAH\u00c9JAS-DI\u00d3S KIFLI GLUT\u00c9N-, TEJ- \u00c9S TOJ\u00c1SMENTESEN\",\"datePublished\":\"2019-08-27T18:23:31+00:00\",\"dateModified\":\"2024-03-24T20:52:04+00:00\",\"mainEntityOfPage\":{\"@id\":\"http:\/\/blog.glutenmenteschef.hu\/index.php\/2019\/08\/27\/fahejas-dios-kifli-gluten-tej-es-tojasmentesen\/\"},\"wordCount\":551,\"commentCount\":0,\"publisher\":{\"@id\":\"https:\/\/blog.glutenmenteschef.hu\/#\/schema\/person\/c07613f0b6c0f12f90b8cb23cf32754a\"},\"image\":{\"@id\":\"http:\/\/blog.glutenmenteschef.hu\/index.php\/2019\/08\/27\/fahejas-dios-kifli-gluten-tej-es-tojasmentesen\/#primaryimage\"},\"thumbnailUrl\":\"http:\/\/blog.glutenmenteschef.hu\/wp-content\/uploads\/2019\/08\/Dios-fahejas-kifli-gluten-tej-tojasmentesen-17-1.jpg\",\"keywords\":[\"di\u00f3s\",\"\u00e9des kifli\",\"fah\u00e9jas\",\"glut\u00e9nmentes\",\"kelt t\u00e9szta\",\"nutrifree\",\"tejmentes\",\"toj\u00e1smentes\"],\"articleSection\":[\"Keny\u00e9r \/ p\u00e9ks\u00fctem\u00e9ny\",\"Nutrifree receptek\",\"Toj\u00e1smentes receptek\"],\"inLanguage\":\"hu\",\"potentialAction\":[{\"@type\":\"CommentAction\",\"name\":\"Comment\",\"target\":[\"http:\/\/blog.glutenmenteschef.hu\/index.php\/2019\/08\/27\/fahejas-dios-kifli-gluten-tej-es-tojasmentesen\/#respond\"]}]},{\"@type\":\"WebPage\",\"@id\":\"http:\/\/blog.glutenmenteschef.hu\/index.php\/2019\/08\/27\/fahejas-dios-kifli-gluten-tej-es-tojasmentesen\/\",\"url\":\"http:\/\/blog.glutenmenteschef.hu\/index.php\/2019\/08\/27\/fahejas-dios-kifli-gluten-tej-es-tojasmentesen\/\",\"name\":\"FAH\u00c9JAS-DI\u00d3S KIFLI GLUT\u00c9N-, TEJ- \u00c9S TOJ\u00c1SMENTESEN &#8211; Glut\u00e9nmentes Chef blog - \u00c1tol Tibor\",\"isPartOf\":{\"@id\":\"https:\/\/blog.glutenmenteschef.hu\/#website\"},\"primaryImageOfPage\":{\"@id\":\"http:\/\/blog.glutenmenteschef.hu\/index.php\/2019\/08\/27\/fahejas-dios-kifli-gluten-tej-es-tojasmentesen\/#primaryimage\"},\"image\":{\"@id\":\"http:\/\/blog.glutenmenteschef.hu\/index.php\/2019\/08\/27\/fahejas-dios-kifli-gluten-tej-es-tojasmentesen\/#primaryimage\"},\"thumbnailUrl\":\"http:\/\/blog.glutenmenteschef.hu\/wp-content\/uploads\/2019\/08\/Dios-fahejas-kifli-gluten-tej-tojasmentesen-17-1.jpg\",\"datePublished\":\"2019-08-27T18:23:31+00:00\",\"dateModified\":\"2024-03-24T20:52:04+00:00\",\"breadcrumb\":{\"@id\":\"http:\/\/blog.glutenmenteschef.hu\/index.php\/2019\/08\/27\/fahejas-dios-kifli-gluten-tej-es-tojasmentesen\/#breadcrumb\"},\"inLanguage\":\"hu\",\"potentialAction\":[{\"@type\":\"ReadAction\",\"target\":[\"http:\/\/blog.glutenmenteschef.hu\/index.php\/2019\/08\/27\/fahejas-dios-kifli-gluten-tej-es-tojasmentesen\/\"]}]},{\"@type\":\"ImageObject\",\"inLanguage\":\"hu\",\"@id\":\"http:\/\/blog.glutenmenteschef.hu\/index.php\/2019\/08\/27\/fahejas-dios-kifli-gluten-tej-es-tojasmentesen\/#primaryimage\",\"url\":\"http:\/\/blog.glutenmenteschef.hu\/wp-content\/uploads\/2019\/08\/Dios-fahejas-kifli-gluten-tej-tojasmentesen-17-1.jpg\",\"contentUrl\":\"http:\/\/blog.glutenmenteschef.hu\/wp-content\/uploads\/2019\/08\/Dios-fahejas-kifli-gluten-tej-tojasmentesen-17-1.jpg\",\"width\":3298,\"height\":2472},{\"@type\":\"BreadcrumbList\",\"@id\":\"http:\/\/blog.glutenmenteschef.hu\/index.php\/2019\/08\/27\/fahejas-dios-kifli-gluten-tej-es-tojasmentesen\/#breadcrumb\",\"itemListElement\":[{\"@type\":\"ListItem\",\"position\":1,\"name\":\"Home\",\"item\":\"https:\/\/blog.glutenmenteschef.hu\/\"},{\"@type\":\"ListItem\",\"position\":2,\"name\":\"FAH\u00c9JAS-DI\u00d3S KIFLI GLUT\u00c9N-, TEJ- \u00c9S TOJ\u00c1SMENTESEN\"}]},{\"@type\":\"WebSite\",\"@id\":\"https:\/\/blog.glutenmenteschef.hu\/#website\",\"url\":\"https:\/\/blog.glutenmenteschef.hu\/\",\"name\":\"Glut\u00e9nmentes Chef blog - \u00c1tol Tibor\",\"description\":\"Glut\u00e9nmentes \u00e9telek, glut\u00e9nmentes receptek, glut\u00e9nmentes vide\u00f3k\",\"publisher\":{\"@id\":\"https:\/\/blog.glutenmenteschef.hu\/#\/schema\/person\/c07613f0b6c0f12f90b8cb23cf32754a\"},\"potentialAction\":[{\"@type\":\"SearchAction\",\"target\":{\"@type\":\"EntryPoint\",\"urlTemplate\":\"https:\/\/blog.glutenmenteschef.hu\/?s={search_term_string}\"},\"query-input\":{\"@type\":\"PropertyValueSpecification\",\"valueRequired\":true,\"valueName\":\"search_term_string\"}}],\"inLanguage\":\"hu\"},{\"@type\":[\"Person\",\"Organization\"],\"@id\":\"https:\/\/blog.glutenmenteschef.hu\/#\/schema\/person\/c07613f0b6c0f12f90b8cb23cf32754a\",\"name\":\"gmchef\",\"image\":{\"@type\":\"ImageObject\",\"inLanguage\":\"hu\",\"@id\":\"https:\/\/blog.glutenmenteschef.hu\/#\/schema\/person\/image\/\",\"url\":\"https:\/\/secure.gravatar.com\/avatar\/363a4977321cb6fa3321b7ac93139b68e56af77880ae9fd5a3b2e7a8279f6d74?s=96&d=mm&r=g\",\"contentUrl\":\"https:\/\/secure.gravatar.com\/avatar\/363a4977321cb6fa3321b7ac93139b68e56af77880ae9fd5a3b2e7a8279f6d74?s=96&d=mm&r=g\",\"caption\":\"gmchef\"},\"logo\":{\"@id\":\"https:\/\/blog.glutenmenteschef.hu\/#\/schema\/person\/image\/\"},\"sameAs\":[\"https:\/\/www.facebook.com\/aglutenmentessef\"]}]}<\/script>\n<!-- \/ Yoast SEO plugin. -->","yoast_head_json":{"title":"FAH\u00c9JAS-DI\u00d3S KIFLI GLUT\u00c9N-, TEJ- \u00c9S TOJ\u00c1SMENTESEN &#8211; Glut\u00e9nmentes Chef blog - \u00c1tol Tibor","robots":{"index":"index","follow":"follow","max-snippet":"max-snippet:-1","max-image-preview":"max-image-preview:large","max-video-preview":"max-video-preview:-1"},"canonical":"http:\/\/blog.glutenmenteschef.hu\/index.php\/2019\/08\/27\/fahejas-dios-kifli-gluten-tej-es-tojasmentesen\/","og_locale":"hu_HU","og_type":"article","og_title":"FAH\u00c9JAS-DI\u00d3S KIFLI GLUT\u00c9N-, TEJ- \u00c9S TOJ\u00c1SMENTESEN &#8211; Glut\u00e9nmentes Chef blog - \u00c1tol Tibor","og_description":"Fah\u00e9jas-di\u00f3s kifli glut\u00e9n-, tej- \u00e9s toj\u00e1smentesen A t\u00e9szta hozz\u00e1val\u00f3i: 250 gr Nutrifree mix per pane 50 gr cukor 3 gr por\u00e9leszt\u0151 ( Haas, Dr.Oetker, Budafoki ) 200 ml n\u00f6v\u00e9nyi tej ( k\u00f3kusztejet haszn\u00e1ltam ) 25 gr k\u00f3kuszzs\u00edr rizsliszt a sz\u00f3r\u00e1shoz A t\u00f6ltel\u00e9k hozz\u00e1val\u00f3i: 40 gr nagyon l\u00e1gy, kenhet\u0151 \u00e1llag\u00fa k\u00f3kuszzs\u00edr 40 gr dar\u00e1lt di\u00f3 40 Read more...","og_url":"http:\/\/blog.glutenmenteschef.hu\/index.php\/2019\/08\/27\/fahejas-dios-kifli-gluten-tej-es-tojasmentesen\/","og_site_name":"Glut\u00e9nmentes Chef blog - \u00c1tol Tibor","article_publisher":"https:\/\/www.facebook.com\/aglutenmentessef","article_author":"https:\/\/www.facebook.com\/aglutenmentessef","article_published_time":"2019-08-27T18:23:31+00:00","article_modified_time":"2024-03-24T20:52:04+00:00","og_image":[{"width":3298,"height":2472,"url":"http:\/\/blog.glutenmenteschef.hu\/wp-content\/uploads\/2019\/08\/Dios-fahejas-kifli-gluten-tej-tojasmentesen-17-1.jpg","type":"image\/jpeg"}],"author":"gmchef","twitter_card":"summary_large_image","twitter_misc":{"Szerz\u0151:":"gmchef","Becs\u00fclt olvas\u00e1si id\u0151":"5 perc"},"schema":{"@context":"https:\/\/schema.org","@graph":[{"@type":"Article","@id":"http:\/\/blog.glutenmenteschef.hu\/index.php\/2019\/08\/27\/fahejas-dios-kifli-gluten-tej-es-tojasmentesen\/#article","isPartOf":{"@id":"http:\/\/blog.glutenmenteschef.hu\/index.php\/2019\/08\/27\/fahejas-dios-kifli-gluten-tej-es-tojasmentesen\/"},"author":{"name":"gmchef","@id":"https:\/\/blog.glutenmenteschef.hu\/#\/schema\/person\/c07613f0b6c0f12f90b8cb23cf32754a"},"headline":"FAH\u00c9JAS-DI\u00d3S KIFLI GLUT\u00c9N-, TEJ- \u00c9S TOJ\u00c1SMENTESEN","datePublished":"2019-08-27T18:23:31+00:00","dateModified":"2024-03-24T20:52:04+00:00","mainEntityOfPage":{"@id":"http:\/\/blog.glutenmenteschef.hu\/index.php\/2019\/08\/27\/fahejas-dios-kifli-gluten-tej-es-tojasmentesen\/"},"wordCount":551,"commentCount":0,"publisher":{"@id":"https:\/\/blog.glutenmenteschef.hu\/#\/schema\/person\/c07613f0b6c0f12f90b8cb23cf32754a"},"image":{"@id":"http:\/\/blog.glutenmenteschef.hu\/index.php\/2019\/08\/27\/fahejas-dios-kifli-gluten-tej-es-tojasmentesen\/#primaryimage"},"thumbnailUrl":"http:\/\/blog.glutenmenteschef.hu\/wp-content\/uploads\/2019\/08\/Dios-fahejas-kifli-gluten-tej-tojasmentesen-17-1.jpg","keywords":["di\u00f3s","\u00e9des kifli","fah\u00e9jas","glut\u00e9nmentes","kelt t\u00e9szta","nutrifree","tejmentes","toj\u00e1smentes"],"articleSection":["Keny\u00e9r \/ p\u00e9ks\u00fctem\u00e9ny","Nutrifree receptek","Toj\u00e1smentes receptek"],"inLanguage":"hu","potentialAction":[{"@type":"CommentAction","name":"Comment","target":["http:\/\/blog.glutenmenteschef.hu\/index.php\/2019\/08\/27\/fahejas-dios-kifli-gluten-tej-es-tojasmentesen\/#respond"]}]},{"@type":"WebPage","@id":"http:\/\/blog.glutenmenteschef.hu\/index.php\/2019\/08\/27\/fahejas-dios-kifli-gluten-tej-es-tojasmentesen\/","url":"http:\/\/blog.glutenmenteschef.hu\/index.php\/2019\/08\/27\/fahejas-dios-kifli-gluten-tej-es-tojasmentesen\/","name":"FAH\u00c9JAS-DI\u00d3S KIFLI GLUT\u00c9N-, TEJ- \u00c9S TOJ\u00c1SMENTESEN &#8211; Glut\u00e9nmentes Chef blog - \u00c1tol Tibor","isPartOf":{"@id":"https:\/\/blog.glutenmenteschef.hu\/#website"},"primaryImageOfPage":{"@id":"http:\/\/blog.glutenmenteschef.hu\/index.php\/2019\/08\/27\/fahejas-dios-kifli-gluten-tej-es-tojasmentesen\/#primaryimage"},"image":{"@id":"http:\/\/blog.glutenmenteschef.hu\/index.php\/2019\/08\/27\/fahejas-dios-kifli-gluten-tej-es-tojasmentesen\/#primaryimage"},"thumbnailUrl":"http:\/\/blog.glutenmenteschef.hu\/wp-content\/uploads\/2019\/08\/Dios-fahejas-kifli-gluten-tej-tojasmentesen-17-1.jpg","datePublished":"2019-08-27T18:23:31+00:00","dateModified":"2024-03-24T20:52:04+00:00","breadcrumb":{"@id":"http:\/\/blog.glutenmenteschef.hu\/index.php\/2019\/08\/27\/fahejas-dios-kifli-gluten-tej-es-tojasmentesen\/#breadcrumb"},"inLanguage":"hu","potentialAction":[{"@type":"ReadAction","target":["http:\/\/blog.glutenmenteschef.hu\/index.php\/2019\/08\/27\/fahejas-dios-kifli-gluten-tej-es-tojasmentesen\/"]}]},{"@type":"ImageObject","inLanguage":"hu","@id":"http:\/\/blog.glutenmenteschef.hu\/index.php\/2019\/08\/27\/fahejas-dios-kifli-gluten-tej-es-tojasmentesen\/#primaryimage","url":"http:\/\/blog.glutenmenteschef.hu\/wp-content\/uploads\/2019\/08\/Dios-fahejas-kifli-gluten-tej-tojasmentesen-17-1.jpg","contentUrl":"http:\/\/blog.glutenmenteschef.hu\/wp-content\/uploads\/2019\/08\/Dios-fahejas-kifli-gluten-tej-tojasmentesen-17-1.jpg","width":3298,"height":2472},{"@type":"BreadcrumbList","@id":"http:\/\/blog.glutenmenteschef.hu\/index.php\/2019\/08\/27\/fahejas-dios-kifli-gluten-tej-es-tojasmentesen\/#breadcrumb","itemListElement":[{"@type":"ListItem","position":1,"name":"Home","item":"https:\/\/blog.glutenmenteschef.hu\/"},{"@type":"ListItem","position":2,"name":"FAH\u00c9JAS-DI\u00d3S KIFLI GLUT\u00c9N-, TEJ- \u00c9S TOJ\u00c1SMENTESEN"}]},{"@type":"WebSite","@id":"https:\/\/blog.glutenmenteschef.hu\/#website","url":"https:\/\/blog.glutenmenteschef.hu\/","name":"Glut\u00e9nmentes Chef blog - \u00c1tol Tibor","description":"Glut\u00e9nmentes \u00e9telek, glut\u00e9nmentes receptek, glut\u00e9nmentes vide\u00f3k","publisher":{"@id":"https:\/\/blog.glutenmenteschef.hu\/#\/schema\/person\/c07613f0b6c0f12f90b8cb23cf32754a"},"potentialAction":[{"@type":"SearchAction","target":{"@type":"EntryPoint","urlTemplate":"https:\/\/blog.glutenmenteschef.hu\/?s={search_term_string}"},"query-input":{"@type":"PropertyValueSpecification","valueRequired":true,"valueName":"search_term_string"}}],"inLanguage":"hu"},{"@type":["Person","Organization"],"@id":"https:\/\/blog.glutenmenteschef.hu\/#\/schema\/person\/c07613f0b6c0f12f90b8cb23cf32754a","name":"gmchef","image":{"@type":"ImageObject","inLanguage":"hu","@id":"https:\/\/blog.glutenmenteschef.hu\/#\/schema\/person\/image\/","url":"https:\/\/secure.gravatar.com\/avatar\/363a4977321cb6fa3321b7ac93139b68e56af77880ae9fd5a3b2e7a8279f6d74?s=96&d=mm&r=g","contentUrl":"https:\/\/secure.gravatar.com\/avatar\/363a4977321cb6fa3321b7ac93139b68e56af77880ae9fd5a3b2e7a8279f6d74?s=96&d=mm&r=g","caption":"gmchef"},"logo":{"@id":"https:\/\/blog.glutenmenteschef.hu\/#\/schema\/person\/image\/"},"sameAs":["https:\/\/www.facebook.com\/aglutenmentessef"]}]}},"_links":{"self":[{"href":"http:\/\/blog.glutenmenteschef.hu\/index.php\/wp-json\/wp\/v2\/posts\/27032","targetHints":{"allow":["GET"]}}],"collection":[{"href":"http:\/\/blog.glutenmenteschef.hu\/index.php\/wp-json\/wp\/v2\/posts"}],"about":[{"href":"http:\/\/blog.glutenmenteschef.hu\/index.php\/wp-json\/wp\/v2\/types\/post"}],"author":[{"embeddable":true,"href":"http:\/\/blog.glutenmenteschef.hu\/index.php\/wp-json\/wp\/v2\/users\/1"}],"replies":[{"embeddable":true,"href":"http:\/\/blog.glutenmenteschef.hu\/index.php\/wp-json\/wp\/v2\/comments?post=27032"}],"version-history":[{"count":0,"href":"http:\/\/blog.glutenmenteschef.hu\/index.php\/wp-json\/wp\/v2\/posts\/27032\/revisions"}],"wp:featuredmedia":[{"embeddable":true,"href":"http:\/\/blog.glutenmenteschef.hu\/index.php\/wp-json\/wp\/v2\/media\/27067"}],"wp:attachment":[{"href":"http:\/\/blog.glutenmenteschef.hu\/index.php\/wp-json\/wp\/v2\/media?parent=27032"}],"wp:term":[{"taxonomy":"category","embeddable":true,"href":"http:\/\/blog.glutenmenteschef.hu\/index.php\/wp-json\/wp\/v2\/categories?post=27032"},{"taxonomy":"post_tag","embeddable":true,"href":"http:\/\/blog.glutenmenteschef.hu\/index.php\/wp-json\/wp\/v2\/tags?post=27032"}],"curies":[{"name":"wp","href":"https:\/\/api.w.org\/{rel}","templated":true}]}}