{"id":26764,"date":"2019-06-16T06:53:11","date_gmt":"2019-06-16T06:53:11","guid":{"rendered":"http:\/\/blog.glutenmenteschef.hu\/?p=26764"},"modified":"2026-03-22T20:13:46","modified_gmt":"2026-03-22T20:13:46","slug":"turos-taska-kelt-tesztabol","status":"publish","type":"post","link":"http:\/\/blog.glutenmenteschef.hu\/index.php\/2019\/06\/16\/turos-taska-kelt-tesztabol\/","title":{"rendered":"T\u00daR\u00d3S T\u00c1SKA GLUT\u00c9NMENTESEN KELT T\u00c9SZT\u00c1B\u00d3L"},"content":{"rendered":"\n<h3 class=\"wp-block-heading has-text-align-center\"><strong>T\u00far\u00f3s t\u00e1ska glut\u00e9nmentesen kelt t\u00e9szt\u00e1b\u00f3l<\/strong><br><br><br><\/h3>\n\n\n\n<p>B\u00e1r a t\u00far\u00f3s t\u00e1ska eredetileg \u00e9leszt\u0151s-leveles t\u00e9szt\u00e1b\u00f3l k\u00e9sz\u00fcl ( blundel t\u00e9szta ), ez a glut\u00e9nmentes, egyszer\u0171s\u00edtett, kelt t\u00e9szt\u00e1s v\u00e1ltozat azonban j\u00f3 alternat\u00edva lehet, ha nem akarunk t\u00f6bb \u00f3r\u00e1t elt\u00f6lteni csak a t\u00e9szta elk\u00e9sz\u00edt\u00e9s\u00e9vel. <br><\/p>\n\n\n\n<p><br><\/p>\n\n\n<div class=\"wp-block-image is-resized\">\n<figure class=\"aligncenter size-full\"><img loading=\"lazy\" decoding=\"async\" width=\"1080\" height=\"810\" src=\"https:\/\/blog.glutenmenteschef.hu\/wp-content\/uploads\/2019\/06\/Turos-taska-26.jpeg\" alt=\"\" class=\"wp-image-26785\" style=\"width:500px\" srcset=\"http:\/\/blog.glutenmenteschef.hu\/wp-content\/uploads\/2019\/06\/Turos-taska-26.jpeg 1080w, http:\/\/blog.glutenmenteschef.hu\/wp-content\/uploads\/2019\/06\/Turos-taska-26-300x225.jpeg 300w, http:\/\/blog.glutenmenteschef.hu\/wp-content\/uploads\/2019\/06\/Turos-taska-26-768x576.jpeg 768w\" sizes=\"auto, (max-width: 1080px) 100vw, 1080px\" \/><figcaption class=\"wp-element-caption\"><br><br><\/figcaption><\/figure>\n<\/div>\n\n\n<h5 class=\"wp-block-heading has-text-align-center\"><br><br><strong>A t\u00e9szta hozz\u00e1val\u00f3i:<\/strong><\/h5>\n\n\n\n<p class=\"has-text-align-center\">250 gr Nutrifree mix per pane<br> 50 gr cukor<br> 3 g por\u00e9leszt\u0151 ( Haas, Dr.Oetker, Budafoki )<br> 165 gr folyad\u00e9k, amib\u0151l 80 gr v\u00edz \u00e9s 85 gr tej<br> 25 gr vaj<br> 1 db L-es m\u00e9ret\u0171 toj\u00e1s + 1 toj\u00e1s a leken\u00e9shez<br> rizsliszt a sz\u00f3r\u00e1shoz<br><\/p>\n\n\n\n<h5 class=\"wp-block-heading has-text-align-center\"><br><br><strong>A t\u00f6ltel\u00e9k hozz\u00e1val\u00f3i:<\/strong><\/h5>\n\n\n\n<p class=\"has-text-align-center\">150 gr f\u00e9lzs\u00edros t\u00far\u00f3<br> 50 gr cukor<br> 5 gr van\u00edli\u00e1s cukor<br> 1-1 gr citrom \u00e9s narancs h\u00e9ja reszelve<br> 30 gr mazsola<br><br><\/p>\n\n\n<div class=\"wp-block-image is-resized\">\n<figure class=\"aligncenter\"><img loading=\"lazy\" decoding=\"async\" width=\"1080\" height=\"810\" src=\"https:\/\/blog.glutenmenteschef.hu\/wp-content\/uploads\/2019\/06\/Turos-taska-29.jpeg\" alt=\"\" class=\"wp-image-26788\" style=\"width:500px\" srcset=\"http:\/\/blog.glutenmenteschef.hu\/wp-content\/uploads\/2019\/06\/Turos-taska-29.jpeg 1080w, http:\/\/blog.glutenmenteschef.hu\/wp-content\/uploads\/2019\/06\/Turos-taska-29-300x225.jpeg 300w, http:\/\/blog.glutenmenteschef.hu\/wp-content\/uploads\/2019\/06\/Turos-taska-29-768x576.jpeg 768w\" sizes=\"auto, (max-width: 1080px) 100vw, 1080px\" \/><\/figure>\n<\/div>\n\n\n<p><br><\/p>\n\n\n\n<h5 class=\"wp-block-heading\"><strong>A t\u00f6ltel\u00e9k elk\u00e9sz\u00edt\u00e9se:<\/strong><\/h5>\n\n\n\n<p>A mazsol\u00e1t 3-5 percre be\u00e1ztatjuk, majd sz\u0171r\u0151ben alaposan lemossuk foly\u00f3 v\u00edz alatt, lecsepegtetj\u00fck. Az \u00f6sszes t\u00f6bbi hozz\u00e1val\u00f3t egy t\u00e1lba m\u00e9rj\u00fck. Felhaszn\u00e1l\u00e1s el\u0151tt a mazsol\u00e1t az \u00e1tt\u00f6rt, a t\u00f6bbi \u00edzes\u00edt\u0151vel \u00f6sszekevert t\u00far\u00f3hoz adjuk.<br><br><\/p>\n\n\n\n<h5 class=\"wp-block-heading\"><strong>A t\u00e9szta elk\u00e9sz\u00edt\u00e9se:<\/strong><\/h5>\n\n\n\n<p>Az \u00e9leszt\u0151t egy t\u00e1lk\u00e1ba m\u00e9rj\u00fck, hozz\u00e1adjuk a cukrot \u00e9s a folyad\u00e9k fel\u00e9t. A t\u00e9szta minden hozz\u00e1val\u00f3j\u00e1t, a toj\u00e1st is, a 30-40 fokra el\u0151meleg\u00edtett s\u00fct\u0151be tessz\u00fck annyi id\u0151re, am\u00edg az \u00e9leszt\u0151 beindul.<\/p>\n\n\n\n<p>Ezut\u00e1n a vaj kiv\u00e9tel\u00e9vel minden alkot\u00f3elemet a kever\u0151t\u00e1lba \u00f6nt\u00fcnk, elkezdj\u00fck dagasztani, k\u00f6zben a vajat v\u00e9kony sug\u00e1rban csurgatjuk hozz\u00e1. <br>5 perc dagaszt\u00e1s ut\u00e1n a rizsliszttel meghintett  deszk\u00e1ra kiford\u00edtjuk. L\u00e1gy \u00e9s ragacsos a t\u00e9szta, amit kapunk, de nem szabad plusz lisztet belegy\u00farni!! A kever\u0151t\u00e1lat bor\u00edtsuk r\u00e1 \u00e9s 35 percig pihentess\u00fck.  <br><br><br>Nagyon kev\u00e9s liszttel sz\u00f3rjuk meg a felsz\u00edn\u00e9t \u00e9s form\u00e1ljunk gomb\u00f3cot bel\u0151le.<br><br><\/p>\n\n\n<div class=\"wp-block-image\">\n<figure class=\"aligncenter\"><img loading=\"lazy\" decoding=\"async\" width=\"300\" height=\"225\" src=\"https:\/\/blog.glutenmenteschef.hu\/wp-content\/uploads\/2019\/06\/Turos-taska-1-300x225.jpg\" alt=\"\" class=\"wp-image-26770\" srcset=\"http:\/\/blog.glutenmenteschef.hu\/wp-content\/uploads\/2019\/06\/Turos-taska-1-300x225.jpg 300w, http:\/\/blog.glutenmenteschef.hu\/wp-content\/uploads\/2019\/06\/Turos-taska-1-768x576.jpg 768w, http:\/\/blog.glutenmenteschef.hu\/wp-content\/uploads\/2019\/06\/Turos-taska-1.jpg 1024w\" sizes=\"auto, (max-width: 300px) 100vw, 300px\" \/><\/figure>\n<\/div>\n\n\n<p><br><br>Tegy\u00fck \u00e1t az olajjal megkent s\u00fct\u0151pap\u00edrra.<br><br><\/p>\n\n\n<div class=\"wp-block-image\">\n<figure class=\"aligncenter\"><img loading=\"lazy\" decoding=\"async\" width=\"300\" height=\"225\" src=\"https:\/\/blog.glutenmenteschef.hu\/wp-content\/uploads\/2019\/06\/Turos-taska-2-300x225.jpeg\" alt=\"\" class=\"wp-image-26771\" srcset=\"http:\/\/blog.glutenmenteschef.hu\/wp-content\/uploads\/2019\/06\/Turos-taska-2-300x225.jpeg 300w, http:\/\/blog.glutenmenteschef.hu\/wp-content\/uploads\/2019\/06\/Turos-taska-2-768x576.jpeg 768w, http:\/\/blog.glutenmenteschef.hu\/wp-content\/uploads\/2019\/06\/Turos-taska-2.jpeg 1080w\" sizes=\"auto, (max-width: 300px) 100vw, 300px\" \/><\/figure>\n<\/div>\n\n\n<p><br>20 x 30 cm-es m\u00e9retre ny\u00fajtsuk ki. Csak akkor sz\u00f3rjuk meg kev\u00e9s liszttel, ha ragadna a t\u00e9szta a sodr\u00f3f\u00e1hoz. <br><br><\/p>\n\n\n\n<p><\/p>\n\n\n<div class=\"wp-block-image\">\n<figure class=\"aligncenter\"><img loading=\"lazy\" decoding=\"async\" width=\"300\" height=\"225\" src=\"https:\/\/blog.glutenmenteschef.hu\/wp-content\/uploads\/2019\/06\/Turos-taska-3-300x225.jpeg\" alt=\"\" class=\"wp-image-26772\" srcset=\"http:\/\/blog.glutenmenteschef.hu\/wp-content\/uploads\/2019\/06\/Turos-taska-3-300x225.jpeg 300w, http:\/\/blog.glutenmenteschef.hu\/wp-content\/uploads\/2019\/06\/Turos-taska-3-768x576.jpeg 768w, http:\/\/blog.glutenmenteschef.hu\/wp-content\/uploads\/2019\/06\/Turos-taska-3.jpeg 1080w\" sizes=\"auto, (max-width: 300px) 100vw, 300px\" \/><\/figure>\n<\/div>\n\n\n<p> <br>Olajozott peng\u00e9j\u0171 k\u00e9ssel 10 x 10 cm-es kock\u00e1kra v\u00e1gjuk, \u00edgy 6 db n\u00e9gyzet\u00fcnk lesz.  <br><strong>S\u00c9F TIPP:<\/strong> \u00c9rdemes egy vonalz\u00f3t seg\u00edts\u00e9g\u00fcl h\u00edvni, mert k\u00f6nnyebb lesz dolgozni az \u00edgy m\u00e1r form\u00e1ra v\u00e1gott t\u00e9sztalapokkal \u00e9s ez\u00e1ltal a v\u00e9geredm\u00e9ny is mutat\u00f3sabb lesz.<br>  <\/p>\n\n\n<div class=\"wp-block-image\">\n<figure class=\"aligncenter\"><img loading=\"lazy\" decoding=\"async\" width=\"300\" height=\"225\" src=\"https:\/\/blog.glutenmenteschef.hu\/wp-content\/uploads\/2019\/06\/Turos-taska-4-300x225.jpeg\" alt=\"\" class=\"wp-image-26773\" srcset=\"http:\/\/blog.glutenmenteschef.hu\/wp-content\/uploads\/2019\/06\/Turos-taska-4-300x225.jpeg 300w, http:\/\/blog.glutenmenteschef.hu\/wp-content\/uploads\/2019\/06\/Turos-taska-4-768x576.jpeg 768w, http:\/\/blog.glutenmenteschef.hu\/wp-content\/uploads\/2019\/06\/Turos-taska-4.jpeg 1080w\" sizes=\"auto, (max-width: 300px) 100vw, 300px\" \/><\/figure>\n<\/div>\n\n<div class=\"wp-block-image\">\n<figure class=\"aligncenter\"><img loading=\"lazy\" decoding=\"async\" width=\"300\" height=\"225\" src=\"https:\/\/blog.glutenmenteschef.hu\/wp-content\/uploads\/2019\/06\/Turos-taska-5-300x225.jpeg\" alt=\"\" class=\"wp-image-26775\" srcset=\"http:\/\/blog.glutenmenteschef.hu\/wp-content\/uploads\/2019\/06\/Turos-taska-5-300x225.jpeg 300w, http:\/\/blog.glutenmenteschef.hu\/wp-content\/uploads\/2019\/06\/Turos-taska-5-768x576.jpeg 768w, http:\/\/blog.glutenmenteschef.hu\/wp-content\/uploads\/2019\/06\/Turos-taska-5.jpeg 1080w\" sizes=\"auto, (max-width: 300px) 100vw, 300px\" \/><\/figure>\n<\/div>\n\n\n<p><\/p>\n\n\n\n<p><br><\/p>\n\n\n\n<p><\/p>\n\n\n\n<p>A t\u00far\u00f3t\u00f6ltel\u00e9ket 6 egyenl\u0151 r\u00e9szre osztjuk, majd egy adagot az egyik t\u00e9sztan\u00e9gyzet k\u00f6zep\u00e9re  halmozzuk. Az egym\u00e1ssal szemk\u00f6zti sarkait hajtsuk fel \u00fagy, hogy egym\u00e1st kiss\u00e9 \u00e1tfedj\u00e9k. Majd az utols\u00f3 f\u00fclet is felhajtva a k\u00f6zep\u00e9t nyomjuk meg  enyh\u00e9n. A t\u00f6bbit is hasonl\u00f3 m\u00f3don t\u00f6lts\u00fck be.<br><\/p>\n\n\n\n<p>S\u00fct\u0151pap\u00edrral b\u00e9lelt tepsire tessz\u00fck a batyukat. Lekenj\u00fck az eg\u00e9sz felvert toj\u00e1ssal, <br><br><\/p>\n\n\n<div class=\"wp-block-image\">\n<figure class=\"aligncenter\"><img loading=\"lazy\" decoding=\"async\" width=\"300\" height=\"225\" src=\"https:\/\/blog.glutenmenteschef.hu\/wp-content\/uploads\/2019\/06\/Turos-taska-6-1-300x225.jpeg\" alt=\"\" class=\"wp-image-26777\" srcset=\"http:\/\/blog.glutenmenteschef.hu\/wp-content\/uploads\/2019\/06\/Turos-taska-6-1-300x225.jpeg 300w, http:\/\/blog.glutenmenteschef.hu\/wp-content\/uploads\/2019\/06\/Turos-taska-6-1-768x576.jpeg 768w, http:\/\/blog.glutenmenteschef.hu\/wp-content\/uploads\/2019\/06\/Turos-taska-6-1.jpeg 1080w\" sizes=\"auto, (max-width: 300px) 100vw, 300px\" \/><\/figure>\n<\/div>\n\n\n<p><\/p>\n\n\n\n<p><br>majd az 50 fokra als\u00f3-fels\u0151 m\u00f3dozaton el\u0151meleg\u00edtett s\u00fct\u0151ben 15 percig kelesztj\u00fck. <br><br><\/p>\n\n\n<div class=\"wp-block-image\">\n<figure class=\"aligncenter\"><img loading=\"lazy\" decoding=\"async\" width=\"300\" height=\"225\" src=\"https:\/\/blog.glutenmenteschef.hu\/wp-content\/uploads\/2019\/06\/Turos-taska-8-300x225.jpeg\" alt=\"\" class=\"wp-image-26779\" srcset=\"http:\/\/blog.glutenmenteschef.hu\/wp-content\/uploads\/2019\/06\/Turos-taska-8-300x225.jpeg 300w, http:\/\/blog.glutenmenteschef.hu\/wp-content\/uploads\/2019\/06\/Turos-taska-8-768x576.jpeg 768w, http:\/\/blog.glutenmenteschef.hu\/wp-content\/uploads\/2019\/06\/Turos-taska-8.jpeg 1080w\" sizes=\"auto, (max-width: 300px) 100vw, 300px\" \/><\/figure>\n<\/div>\n\n\n<p><br>Ezut\u00e1n tekerj\u00fck a h\u0151fokot 170 fokra. Onnant\u00f3l sz\u00e1m\u00edtva, hogy el\u00e9rte a 170 fokot 10 perc alatt k\u00e9szre s\u00fctj\u00fck.   A s\u00fct\u0151b\u0151l kiv\u00e9ve tegy\u00fck r\u00e1csra, majd a t\u00e9szt\u00e1t kenj\u00fck \u00e1t kev\u00e9s tejjel \u00e9s \u00edgy hagyjuk kih\u0171lni.  <br><br><\/p>\n\n\n\n<p><\/p>\n\n\n<div class=\"wp-block-image\">\n<figure class=\"aligncenter\"><img loading=\"lazy\" decoding=\"async\" width=\"300\" height=\"225\" src=\"https:\/\/blog.glutenmenteschef.hu\/wp-content\/uploads\/2019\/06\/Turos-taska-15-300x225.jpeg\" alt=\"\" class=\"wp-image-26782\" srcset=\"http:\/\/blog.glutenmenteschef.hu\/wp-content\/uploads\/2019\/06\/Turos-taska-15-300x225.jpeg 300w, http:\/\/blog.glutenmenteschef.hu\/wp-content\/uploads\/2019\/06\/Turos-taska-15-768x576.jpeg 768w, http:\/\/blog.glutenmenteschef.hu\/wp-content\/uploads\/2019\/06\/Turos-taska-15.jpeg 1080w\" sizes=\"auto, (max-width: 300px) 100vw, 300px\" \/><\/figure>\n<\/div>\n\n\n<p class=\"has-text-align-center\"><br>T\u00e1lal\u00e1skor sz\u00f3rjuk meg porcukorral.  <br><br><\/p>\n\n\n<div class=\"wp-block-image\">\n<figure class=\"aligncenter\"><img loading=\"lazy\" decoding=\"async\" width=\"300\" height=\"225\" src=\"https:\/\/blog.glutenmenteschef.hu\/wp-content\/uploads\/2019\/06\/Turos-taska-17-300x225.jpeg\" alt=\"\" class=\"wp-image-26783\" srcset=\"http:\/\/blog.glutenmenteschef.hu\/wp-content\/uploads\/2019\/06\/Turos-taska-17-300x225.jpeg 300w, http:\/\/blog.glutenmenteschef.hu\/wp-content\/uploads\/2019\/06\/Turos-taska-17-768x576.jpeg 768w, http:\/\/blog.glutenmenteschef.hu\/wp-content\/uploads\/2019\/06\/Turos-taska-17.jpeg 1080w\" sizes=\"auto, (max-width: 300px) 100vw, 300px\" \/><\/figure>\n<\/div>\n\n\n<p><\/p>\n\n\n<div class=\"wp-block-image\">\n<figure class=\"aligncenter\"><img loading=\"lazy\" decoding=\"async\" width=\"300\" height=\"225\" src=\"https:\/\/blog.glutenmenteschef.hu\/wp-content\/uploads\/2019\/06\/Turos-taska-29-300x225.jpeg\" alt=\"\" class=\"wp-image-26788\" srcset=\"http:\/\/blog.glutenmenteschef.hu\/wp-content\/uploads\/2019\/06\/Turos-taska-29-300x225.jpeg 300w, http:\/\/blog.glutenmenteschef.hu\/wp-content\/uploads\/2019\/06\/Turos-taska-29-768x576.jpeg 768w, http:\/\/blog.glutenmenteschef.hu\/wp-content\/uploads\/2019\/06\/Turos-taska-29.jpeg 1080w\" sizes=\"auto, (max-width: 300px) 100vw, 300px\" \/><\/figure>\n<\/div>\n\n\n<p><\/p>\n\n\n<div class=\"wp-block-image\">\n<figure class=\"aligncenter\"><img loading=\"lazy\" decoding=\"async\" width=\"300\" height=\"225\" src=\"https:\/\/blog.glutenmenteschef.hu\/wp-content\/uploads\/2019\/06\/Turos-taska-22-300x225.jpeg\" alt=\"\" class=\"wp-image-26789\" srcset=\"http:\/\/blog.glutenmenteschef.hu\/wp-content\/uploads\/2019\/06\/Turos-taska-22-300x225.jpeg 300w, http:\/\/blog.glutenmenteschef.hu\/wp-content\/uploads\/2019\/06\/Turos-taska-22-768x576.jpeg 768w, http:\/\/blog.glutenmenteschef.hu\/wp-content\/uploads\/2019\/06\/Turos-taska-22.jpeg 1080w\" sizes=\"auto, (max-width: 300px) 100vw, 300px\" \/><\/figure>\n<\/div>\n\n\n<p><\/p>\n\n\n\n<p><\/p>\n\n\n<div class=\"wp-block-image\">\n<figure class=\"aligncenter\"><img loading=\"lazy\" decoding=\"async\" width=\"300\" height=\"225\" src=\"https:\/\/blog.glutenmenteschef.hu\/wp-content\/uploads\/2019\/06\/DSCN3214-300x225.jpeg\" alt=\"\" class=\"wp-image-26791\" srcset=\"http:\/\/blog.glutenmenteschef.hu\/wp-content\/uploads\/2019\/06\/DSCN3214-300x225.jpeg 300w, http:\/\/blog.glutenmenteschef.hu\/wp-content\/uploads\/2019\/06\/DSCN3214-768x576.jpeg 768w, http:\/\/blog.glutenmenteschef.hu\/wp-content\/uploads\/2019\/06\/DSCN3214.jpeg 1080w\" sizes=\"auto, (max-width: 300px) 100vw, 300px\" \/><\/figure>\n<\/div>\n\n\n<p><\/p>\n\n\n\n<p><\/p>\n","protected":false},"excerpt":{"rendered":"<p>T\u00far\u00f3s t\u00e1ska glut\u00e9nmentesen kelt t\u00e9szt\u00e1b\u00f3l B\u00e1r a t\u00far\u00f3s t\u00e1ska eredetileg \u00e9leszt\u0151s-leveles t\u00e9szt\u00e1b\u00f3l k\u00e9sz\u00fcl ( blundel t\u00e9szta ), ez a glut\u00e9nmentes, egyszer\u0171s\u00edtett, kelt t\u00e9szt\u00e1s v\u00e1ltozat azonban j\u00f3 alternat\u00edva lehet, ha nem akarunk t\u00f6bb \u00f3r\u00e1t elt\u00f6lteni csak a t\u00e9szta elk\u00e9sz\u00edt\u00e9s\u00e9vel. A t\u00e9szta hozz\u00e1val\u00f3i: 250 gr Nutrifree mix per pane 50 gr cukor 3 g por\u00e9leszt\u0151 ( Haas, <br \/><a class=\"more\" href=\"http:\/\/blog.glutenmenteschef.hu\/index.php\/2019\/06\/16\/turos-taska-kelt-tesztabol\/\">Read more&#8230; <\/a><\/p>\n","protected":false},"author":1,"featured_media":29929,"comment_status":"open","ping_status":"open","sticky":false,"template":"","format":"standard","meta":{"footnotes":""},"categories":[143,488],"tags":[5,577,165,387,507,506],"class_list":["post-26764","post","type-post","status-publish","format-standard","has-post-thumbnail","hentry","category-kenyer-peksutemeny","category-nutrifree-receptek","tag-glutenmentes","tag-glutenmentesrecept","tag-kelt-teszta","tag-nutrifree-mix-per-pane","tag-turos-batyu","tag-turos-taska"],"yoast_head":"<!-- This site is optimized with the Yoast SEO plugin v26.5 - https:\/\/yoast.com\/wordpress\/plugins\/seo\/ -->\n<title>T\u00daR\u00d3S T\u00c1SKA GLUT\u00c9NMENTESEN KELT T\u00c9SZT\u00c1B\u00d3L &#8211; Glut\u00e9nmentes Chef blog - \u00c1tol Tibor<\/title>\n<meta name=\"description\" content=\"B\u00e1r a t\u00far\u00f3s t\u00e1ska eredetileg \u00e9leszt\u0151s-leveles t\u00e9szt\u00e1b\u00f3l k\u00e9sz\u00fcl ( blundel t\u00e9szta ), ez a glut\u00e9nmentes, egyszer\u0171s\u00edtett, kelt t\u00e9szt\u00e1s v\u00e1ltozat azonban j\u00f3 alternat\u00edva lehet, ha nem akarunk t\u00f6bb \u00f3r\u00e1t elt\u00f6lteni csak a t\u00e9szta elk\u00e9sz\u00edt\u00e9s\u00e9vel.\" \/>\n<meta name=\"robots\" content=\"index, follow, max-snippet:-1, max-image-preview:large, max-video-preview:-1\" \/>\n<link rel=\"canonical\" href=\"http:\/\/blog.glutenmenteschef.hu\/index.php\/2019\/06\/16\/turos-taska-kelt-tesztabol\/\" \/>\n<meta property=\"og:locale\" content=\"hu_HU\" \/>\n<meta property=\"og:type\" content=\"article\" \/>\n<meta property=\"og:title\" content=\"T\u00daR\u00d3S T\u00c1SKA GLUT\u00c9NMENTESEN KELT T\u00c9SZT\u00c1B\u00d3L &#8211; Glut\u00e9nmentes Chef blog - \u00c1tol Tibor\" \/>\n<meta property=\"og:description\" content=\"B\u00e1r a t\u00far\u00f3s t\u00e1ska eredetileg \u00e9leszt\u0151s-leveles t\u00e9szt\u00e1b\u00f3l k\u00e9sz\u00fcl ( blundel t\u00e9szta ), ez a glut\u00e9nmentes, egyszer\u0171s\u00edtett, kelt t\u00e9szt\u00e1s v\u00e1ltozat azonban j\u00f3 alternat\u00edva lehet, ha nem akarunk t\u00f6bb \u00f3r\u00e1t elt\u00f6lteni csak a t\u00e9szta elk\u00e9sz\u00edt\u00e9s\u00e9vel.\" \/>\n<meta property=\"og:url\" content=\"http:\/\/blog.glutenmenteschef.hu\/index.php\/2019\/06\/16\/turos-taska-kelt-tesztabol\/\" \/>\n<meta property=\"og:site_name\" content=\"Glut\u00e9nmentes Chef blog - \u00c1tol Tibor\" \/>\n<meta property=\"article:publisher\" content=\"https:\/\/www.facebook.com\/aglutenmentessef\" \/>\n<meta property=\"article:author\" content=\"https:\/\/www.facebook.com\/aglutenmentessef\" \/>\n<meta property=\"article:published_time\" content=\"2019-06-16T06:53:11+00:00\" \/>\n<meta property=\"article:modified_time\" content=\"2026-03-22T20:13:46+00:00\" \/>\n<meta property=\"og:image\" content=\"http:\/\/blog.glutenmenteschef.hu\/wp-content\/uploads\/2019\/06\/Turos-taska-Lekvaros-papucs-2.jpg\" \/>\n\t<meta property=\"og:image:width\" content=\"1024\" \/>\n\t<meta property=\"og:image:height\" content=\"768\" \/>\n\t<meta property=\"og:image:type\" content=\"image\/jpeg\" \/>\n<meta name=\"author\" content=\"gmchef\" \/>\n<meta name=\"twitter:card\" content=\"summary_large_image\" \/>\n<meta name=\"twitter:label1\" content=\"Szerz\u0151:\" \/>\n\t<meta name=\"twitter:data1\" content=\"gmchef\" \/>\n\t<meta name=\"twitter:label2\" content=\"Becs\u00fclt olvas\u00e1si id\u0151\" \/>\n\t<meta name=\"twitter:data2\" content=\"6 perc\" \/>\n<script type=\"application\/ld+json\" class=\"yoast-schema-graph\">{\"@context\":\"https:\/\/schema.org\",\"@graph\":[{\"@type\":\"Article\",\"@id\":\"http:\/\/blog.glutenmenteschef.hu\/index.php\/2019\/06\/16\/turos-taska-kelt-tesztabol\/#article\",\"isPartOf\":{\"@id\":\"http:\/\/blog.glutenmenteschef.hu\/index.php\/2019\/06\/16\/turos-taska-kelt-tesztabol\/\"},\"author\":{\"name\":\"gmchef\",\"@id\":\"https:\/\/blog.glutenmenteschef.hu\/#\/schema\/person\/c07613f0b6c0f12f90b8cb23cf32754a\"},\"headline\":\"T\u00daR\u00d3S T\u00c1SKA GLUT\u00c9NMENTESEN KELT T\u00c9SZT\u00c1B\u00d3L\",\"datePublished\":\"2019-06-16T06:53:11+00:00\",\"dateModified\":\"2026-03-22T20:13:46+00:00\",\"mainEntityOfPage\":{\"@id\":\"http:\/\/blog.glutenmenteschef.hu\/index.php\/2019\/06\/16\/turos-taska-kelt-tesztabol\/\"},\"wordCount\":613,\"commentCount\":0,\"publisher\":{\"@id\":\"https:\/\/blog.glutenmenteschef.hu\/#\/schema\/person\/c07613f0b6c0f12f90b8cb23cf32754a\"},\"image\":{\"@id\":\"http:\/\/blog.glutenmenteschef.hu\/index.php\/2019\/06\/16\/turos-taska-kelt-tesztabol\/#primaryimage\"},\"thumbnailUrl\":\"http:\/\/blog.glutenmenteschef.hu\/wp-content\/uploads\/2019\/06\/Turos-taska-Lekvaros-papucs-2.jpg\",\"keywords\":[\"glut\u00e9nmentes\",\"glut\u00e9nmentesrecept\",\"kelt t\u00e9szta\",\"nutrifree mix per pane\",\"t\u00far\u00f3s batyu\",\"t\u00far\u00f3s t\u00e1ska\"],\"articleSection\":[\"Keny\u00e9r \/ p\u00e9ks\u00fctem\u00e9ny\",\"Nutrifree receptek\"],\"inLanguage\":\"hu\",\"potentialAction\":[{\"@type\":\"CommentAction\",\"name\":\"Comment\",\"target\":[\"http:\/\/blog.glutenmenteschef.hu\/index.php\/2019\/06\/16\/turos-taska-kelt-tesztabol\/#respond\"]}]},{\"@type\":\"WebPage\",\"@id\":\"http:\/\/blog.glutenmenteschef.hu\/index.php\/2019\/06\/16\/turos-taska-kelt-tesztabol\/\",\"url\":\"http:\/\/blog.glutenmenteschef.hu\/index.php\/2019\/06\/16\/turos-taska-kelt-tesztabol\/\",\"name\":\"T\u00daR\u00d3S T\u00c1SKA GLUT\u00c9NMENTESEN KELT T\u00c9SZT\u00c1B\u00d3L &#8211; Glut\u00e9nmentes Chef blog - \u00c1tol Tibor\",\"isPartOf\":{\"@id\":\"https:\/\/blog.glutenmenteschef.hu\/#website\"},\"primaryImageOfPage\":{\"@id\":\"http:\/\/blog.glutenmenteschef.hu\/index.php\/2019\/06\/16\/turos-taska-kelt-tesztabol\/#primaryimage\"},\"image\":{\"@id\":\"http:\/\/blog.glutenmenteschef.hu\/index.php\/2019\/06\/16\/turos-taska-kelt-tesztabol\/#primaryimage\"},\"thumbnailUrl\":\"http:\/\/blog.glutenmenteschef.hu\/wp-content\/uploads\/2019\/06\/Turos-taska-Lekvaros-papucs-2.jpg\",\"datePublished\":\"2019-06-16T06:53:11+00:00\",\"dateModified\":\"2026-03-22T20:13:46+00:00\",\"description\":\"B\u00e1r a t\u00far\u00f3s t\u00e1ska eredetileg \u00e9leszt\u0151s-leveles t\u00e9szt\u00e1b\u00f3l k\u00e9sz\u00fcl ( blundel t\u00e9szta ), ez a glut\u00e9nmentes, egyszer\u0171s\u00edtett, kelt t\u00e9szt\u00e1s v\u00e1ltozat azonban j\u00f3 alternat\u00edva lehet, ha nem akarunk t\u00f6bb \u00f3r\u00e1t elt\u00f6lteni csak a t\u00e9szta elk\u00e9sz\u00edt\u00e9s\u00e9vel.\",\"breadcrumb\":{\"@id\":\"http:\/\/blog.glutenmenteschef.hu\/index.php\/2019\/06\/16\/turos-taska-kelt-tesztabol\/#breadcrumb\"},\"inLanguage\":\"hu\",\"potentialAction\":[{\"@type\":\"ReadAction\",\"target\":[\"http:\/\/blog.glutenmenteschef.hu\/index.php\/2019\/06\/16\/turos-taska-kelt-tesztabol\/\"]}]},{\"@type\":\"ImageObject\",\"inLanguage\":\"hu\",\"@id\":\"http:\/\/blog.glutenmenteschef.hu\/index.php\/2019\/06\/16\/turos-taska-kelt-tesztabol\/#primaryimage\",\"url\":\"http:\/\/blog.glutenmenteschef.hu\/wp-content\/uploads\/2019\/06\/Turos-taska-Lekvaros-papucs-2.jpg\",\"contentUrl\":\"http:\/\/blog.glutenmenteschef.hu\/wp-content\/uploads\/2019\/06\/Turos-taska-Lekvaros-papucs-2.jpg\",\"width\":1024,\"height\":768},{\"@type\":\"BreadcrumbList\",\"@id\":\"http:\/\/blog.glutenmenteschef.hu\/index.php\/2019\/06\/16\/turos-taska-kelt-tesztabol\/#breadcrumb\",\"itemListElement\":[{\"@type\":\"ListItem\",\"position\":1,\"name\":\"Home\",\"item\":\"https:\/\/blog.glutenmenteschef.hu\/\"},{\"@type\":\"ListItem\",\"position\":2,\"name\":\"T\u00daR\u00d3S T\u00c1SKA GLUT\u00c9NMENTESEN KELT T\u00c9SZT\u00c1B\u00d3L\"}]},{\"@type\":\"WebSite\",\"@id\":\"https:\/\/blog.glutenmenteschef.hu\/#website\",\"url\":\"https:\/\/blog.glutenmenteschef.hu\/\",\"name\":\"Glut\u00e9nmentes Chef blog - \u00c1tol Tibor\",\"description\":\"Glut\u00e9nmentes \u00e9telek, glut\u00e9nmentes receptek, glut\u00e9nmentes vide\u00f3k\",\"publisher\":{\"@id\":\"https:\/\/blog.glutenmenteschef.hu\/#\/schema\/person\/c07613f0b6c0f12f90b8cb23cf32754a\"},\"potentialAction\":[{\"@type\":\"SearchAction\",\"target\":{\"@type\":\"EntryPoint\",\"urlTemplate\":\"https:\/\/blog.glutenmenteschef.hu\/?s={search_term_string}\"},\"query-input\":{\"@type\":\"PropertyValueSpecification\",\"valueRequired\":true,\"valueName\":\"search_term_string\"}}],\"inLanguage\":\"hu\"},{\"@type\":[\"Person\",\"Organization\"],\"@id\":\"https:\/\/blog.glutenmenteschef.hu\/#\/schema\/person\/c07613f0b6c0f12f90b8cb23cf32754a\",\"name\":\"gmchef\",\"image\":{\"@type\":\"ImageObject\",\"inLanguage\":\"hu\",\"@id\":\"https:\/\/blog.glutenmenteschef.hu\/#\/schema\/person\/image\/\",\"url\":\"https:\/\/secure.gravatar.com\/avatar\/363a4977321cb6fa3321b7ac93139b68e56af77880ae9fd5a3b2e7a8279f6d74?s=96&d=mm&r=g\",\"contentUrl\":\"https:\/\/secure.gravatar.com\/avatar\/363a4977321cb6fa3321b7ac93139b68e56af77880ae9fd5a3b2e7a8279f6d74?s=96&d=mm&r=g\",\"caption\":\"gmchef\"},\"logo\":{\"@id\":\"https:\/\/blog.glutenmenteschef.hu\/#\/schema\/person\/image\/\"},\"sameAs\":[\"https:\/\/www.facebook.com\/aglutenmentessef\"]}]}<\/script>\n<!-- \/ Yoast SEO plugin. -->","yoast_head_json":{"title":"T\u00daR\u00d3S T\u00c1SKA GLUT\u00c9NMENTESEN KELT T\u00c9SZT\u00c1B\u00d3L &#8211; Glut\u00e9nmentes Chef blog - \u00c1tol Tibor","description":"B\u00e1r a t\u00far\u00f3s t\u00e1ska eredetileg \u00e9leszt\u0151s-leveles t\u00e9szt\u00e1b\u00f3l k\u00e9sz\u00fcl ( blundel t\u00e9szta ), ez a glut\u00e9nmentes, egyszer\u0171s\u00edtett, kelt t\u00e9szt\u00e1s v\u00e1ltozat azonban j\u00f3 alternat\u00edva lehet, ha nem akarunk t\u00f6bb \u00f3r\u00e1t elt\u00f6lteni csak a t\u00e9szta elk\u00e9sz\u00edt\u00e9s\u00e9vel.","robots":{"index":"index","follow":"follow","max-snippet":"max-snippet:-1","max-image-preview":"max-image-preview:large","max-video-preview":"max-video-preview:-1"},"canonical":"http:\/\/blog.glutenmenteschef.hu\/index.php\/2019\/06\/16\/turos-taska-kelt-tesztabol\/","og_locale":"hu_HU","og_type":"article","og_title":"T\u00daR\u00d3S T\u00c1SKA GLUT\u00c9NMENTESEN KELT T\u00c9SZT\u00c1B\u00d3L &#8211; Glut\u00e9nmentes Chef blog - \u00c1tol Tibor","og_description":"B\u00e1r a t\u00far\u00f3s t\u00e1ska eredetileg \u00e9leszt\u0151s-leveles t\u00e9szt\u00e1b\u00f3l k\u00e9sz\u00fcl ( blundel t\u00e9szta ), ez a glut\u00e9nmentes, egyszer\u0171s\u00edtett, kelt t\u00e9szt\u00e1s v\u00e1ltozat azonban j\u00f3 alternat\u00edva lehet, ha nem akarunk t\u00f6bb \u00f3r\u00e1t elt\u00f6lteni csak a t\u00e9szta elk\u00e9sz\u00edt\u00e9s\u00e9vel.","og_url":"http:\/\/blog.glutenmenteschef.hu\/index.php\/2019\/06\/16\/turos-taska-kelt-tesztabol\/","og_site_name":"Glut\u00e9nmentes Chef blog - \u00c1tol Tibor","article_publisher":"https:\/\/www.facebook.com\/aglutenmentessef","article_author":"https:\/\/www.facebook.com\/aglutenmentessef","article_published_time":"2019-06-16T06:53:11+00:00","article_modified_time":"2026-03-22T20:13:46+00:00","og_image":[{"width":1024,"height":768,"url":"http:\/\/blog.glutenmenteschef.hu\/wp-content\/uploads\/2019\/06\/Turos-taska-Lekvaros-papucs-2.jpg","type":"image\/jpeg"}],"author":"gmchef","twitter_card":"summary_large_image","twitter_misc":{"Szerz\u0151:":"gmchef","Becs\u00fclt olvas\u00e1si id\u0151":"6 perc"},"schema":{"@context":"https:\/\/schema.org","@graph":[{"@type":"Article","@id":"http:\/\/blog.glutenmenteschef.hu\/index.php\/2019\/06\/16\/turos-taska-kelt-tesztabol\/#article","isPartOf":{"@id":"http:\/\/blog.glutenmenteschef.hu\/index.php\/2019\/06\/16\/turos-taska-kelt-tesztabol\/"},"author":{"name":"gmchef","@id":"https:\/\/blog.glutenmenteschef.hu\/#\/schema\/person\/c07613f0b6c0f12f90b8cb23cf32754a"},"headline":"T\u00daR\u00d3S T\u00c1SKA GLUT\u00c9NMENTESEN KELT T\u00c9SZT\u00c1B\u00d3L","datePublished":"2019-06-16T06:53:11+00:00","dateModified":"2026-03-22T20:13:46+00:00","mainEntityOfPage":{"@id":"http:\/\/blog.glutenmenteschef.hu\/index.php\/2019\/06\/16\/turos-taska-kelt-tesztabol\/"},"wordCount":613,"commentCount":0,"publisher":{"@id":"https:\/\/blog.glutenmenteschef.hu\/#\/schema\/person\/c07613f0b6c0f12f90b8cb23cf32754a"},"image":{"@id":"http:\/\/blog.glutenmenteschef.hu\/index.php\/2019\/06\/16\/turos-taska-kelt-tesztabol\/#primaryimage"},"thumbnailUrl":"http:\/\/blog.glutenmenteschef.hu\/wp-content\/uploads\/2019\/06\/Turos-taska-Lekvaros-papucs-2.jpg","keywords":["glut\u00e9nmentes","glut\u00e9nmentesrecept","kelt t\u00e9szta","nutrifree mix per pane","t\u00far\u00f3s batyu","t\u00far\u00f3s t\u00e1ska"],"articleSection":["Keny\u00e9r \/ p\u00e9ks\u00fctem\u00e9ny","Nutrifree receptek"],"inLanguage":"hu","potentialAction":[{"@type":"CommentAction","name":"Comment","target":["http:\/\/blog.glutenmenteschef.hu\/index.php\/2019\/06\/16\/turos-taska-kelt-tesztabol\/#respond"]}]},{"@type":"WebPage","@id":"http:\/\/blog.glutenmenteschef.hu\/index.php\/2019\/06\/16\/turos-taska-kelt-tesztabol\/","url":"http:\/\/blog.glutenmenteschef.hu\/index.php\/2019\/06\/16\/turos-taska-kelt-tesztabol\/","name":"T\u00daR\u00d3S T\u00c1SKA GLUT\u00c9NMENTESEN KELT T\u00c9SZT\u00c1B\u00d3L &#8211; Glut\u00e9nmentes Chef blog - \u00c1tol Tibor","isPartOf":{"@id":"https:\/\/blog.glutenmenteschef.hu\/#website"},"primaryImageOfPage":{"@id":"http:\/\/blog.glutenmenteschef.hu\/index.php\/2019\/06\/16\/turos-taska-kelt-tesztabol\/#primaryimage"},"image":{"@id":"http:\/\/blog.glutenmenteschef.hu\/index.php\/2019\/06\/16\/turos-taska-kelt-tesztabol\/#primaryimage"},"thumbnailUrl":"http:\/\/blog.glutenmenteschef.hu\/wp-content\/uploads\/2019\/06\/Turos-taska-Lekvaros-papucs-2.jpg","datePublished":"2019-06-16T06:53:11+00:00","dateModified":"2026-03-22T20:13:46+00:00","description":"B\u00e1r a t\u00far\u00f3s t\u00e1ska eredetileg \u00e9leszt\u0151s-leveles t\u00e9szt\u00e1b\u00f3l k\u00e9sz\u00fcl ( blundel t\u00e9szta ), ez a glut\u00e9nmentes, egyszer\u0171s\u00edtett, kelt t\u00e9szt\u00e1s v\u00e1ltozat azonban j\u00f3 alternat\u00edva lehet, ha nem akarunk t\u00f6bb \u00f3r\u00e1t elt\u00f6lteni csak a t\u00e9szta elk\u00e9sz\u00edt\u00e9s\u00e9vel.","breadcrumb":{"@id":"http:\/\/blog.glutenmenteschef.hu\/index.php\/2019\/06\/16\/turos-taska-kelt-tesztabol\/#breadcrumb"},"inLanguage":"hu","potentialAction":[{"@type":"ReadAction","target":["http:\/\/blog.glutenmenteschef.hu\/index.php\/2019\/06\/16\/turos-taska-kelt-tesztabol\/"]}]},{"@type":"ImageObject","inLanguage":"hu","@id":"http:\/\/blog.glutenmenteschef.hu\/index.php\/2019\/06\/16\/turos-taska-kelt-tesztabol\/#primaryimage","url":"http:\/\/blog.glutenmenteschef.hu\/wp-content\/uploads\/2019\/06\/Turos-taska-Lekvaros-papucs-2.jpg","contentUrl":"http:\/\/blog.glutenmenteschef.hu\/wp-content\/uploads\/2019\/06\/Turos-taska-Lekvaros-papucs-2.jpg","width":1024,"height":768},{"@type":"BreadcrumbList","@id":"http:\/\/blog.glutenmenteschef.hu\/index.php\/2019\/06\/16\/turos-taska-kelt-tesztabol\/#breadcrumb","itemListElement":[{"@type":"ListItem","position":1,"name":"Home","item":"https:\/\/blog.glutenmenteschef.hu\/"},{"@type":"ListItem","position":2,"name":"T\u00daR\u00d3S T\u00c1SKA GLUT\u00c9NMENTESEN KELT T\u00c9SZT\u00c1B\u00d3L"}]},{"@type":"WebSite","@id":"https:\/\/blog.glutenmenteschef.hu\/#website","url":"https:\/\/blog.glutenmenteschef.hu\/","name":"Glut\u00e9nmentes Chef blog - \u00c1tol Tibor","description":"Glut\u00e9nmentes \u00e9telek, glut\u00e9nmentes receptek, glut\u00e9nmentes vide\u00f3k","publisher":{"@id":"https:\/\/blog.glutenmenteschef.hu\/#\/schema\/person\/c07613f0b6c0f12f90b8cb23cf32754a"},"potentialAction":[{"@type":"SearchAction","target":{"@type":"EntryPoint","urlTemplate":"https:\/\/blog.glutenmenteschef.hu\/?s={search_term_string}"},"query-input":{"@type":"PropertyValueSpecification","valueRequired":true,"valueName":"search_term_string"}}],"inLanguage":"hu"},{"@type":["Person","Organization"],"@id":"https:\/\/blog.glutenmenteschef.hu\/#\/schema\/person\/c07613f0b6c0f12f90b8cb23cf32754a","name":"gmchef","image":{"@type":"ImageObject","inLanguage":"hu","@id":"https:\/\/blog.glutenmenteschef.hu\/#\/schema\/person\/image\/","url":"https:\/\/secure.gravatar.com\/avatar\/363a4977321cb6fa3321b7ac93139b68e56af77880ae9fd5a3b2e7a8279f6d74?s=96&d=mm&r=g","contentUrl":"https:\/\/secure.gravatar.com\/avatar\/363a4977321cb6fa3321b7ac93139b68e56af77880ae9fd5a3b2e7a8279f6d74?s=96&d=mm&r=g","caption":"gmchef"},"logo":{"@id":"https:\/\/blog.glutenmenteschef.hu\/#\/schema\/person\/image\/"},"sameAs":["https:\/\/www.facebook.com\/aglutenmentessef"]}]}},"_links":{"self":[{"href":"http:\/\/blog.glutenmenteschef.hu\/index.php\/wp-json\/wp\/v2\/posts\/26764","targetHints":{"allow":["GET"]}}],"collection":[{"href":"http:\/\/blog.glutenmenteschef.hu\/index.php\/wp-json\/wp\/v2\/posts"}],"about":[{"href":"http:\/\/blog.glutenmenteschef.hu\/index.php\/wp-json\/wp\/v2\/types\/post"}],"author":[{"embeddable":true,"href":"http:\/\/blog.glutenmenteschef.hu\/index.php\/wp-json\/wp\/v2\/users\/1"}],"replies":[{"embeddable":true,"href":"http:\/\/blog.glutenmenteschef.hu\/index.php\/wp-json\/wp\/v2\/comments?post=26764"}],"version-history":[{"count":1,"href":"http:\/\/blog.glutenmenteschef.hu\/index.php\/wp-json\/wp\/v2\/posts\/26764\/revisions"}],"predecessor-version":[{"id":31861,"href":"http:\/\/blog.glutenmenteschef.hu\/index.php\/wp-json\/wp\/v2\/posts\/26764\/revisions\/31861"}],"wp:featuredmedia":[{"embeddable":true,"href":"http:\/\/blog.glutenmenteschef.hu\/index.php\/wp-json\/wp\/v2\/media\/29929"}],"wp:attachment":[{"href":"http:\/\/blog.glutenmenteschef.hu\/index.php\/wp-json\/wp\/v2\/media?parent=26764"}],"wp:term":[{"taxonomy":"category","embeddable":true,"href":"http:\/\/blog.glutenmenteschef.hu\/index.php\/wp-json\/wp\/v2\/categories?post=26764"},{"taxonomy":"post_tag","embeddable":true,"href":"http:\/\/blog.glutenmenteschef.hu\/index.php\/wp-json\/wp\/v2\/tags?post=26764"}],"curies":[{"name":"wp","href":"https:\/\/api.w.org\/{rel}","templated":true}]}}