{"id":26654,"date":"2019-05-18T21:25:03","date_gmt":"2019-05-18T21:25:03","guid":{"rendered":"http:\/\/blog.glutenmenteschef.hu\/?p=26654"},"modified":"2022-05-28T22:45:28","modified_gmt":"2022-05-28T22:45:28","slug":"viktoria-piskota-rizslisztbol-gyumolccsel-glutenmentesen","status":"publish","type":"post","link":"http:\/\/blog.glutenmenteschef.hu\/index.php\/2019\/05\/18\/viktoria-piskota-rizslisztbol-gyumolccsel-glutenmentesen\/","title":{"rendered":"VIKT\u00d3RIA PISK\u00d3TA RIZSLISZTB\u0150L, GY\u00dcM\u00d6LCCSEL GLUT\u00c9NMENTESEN"},"content":{"rendered":"\n<h3 class=\"has-text-align-center wp-block-heading\">Vikt\u00f3ria pisk\u00f3ta rizslisztb\u0151l, gy\u00fcm\u00f6lccsel glut\u00e9nmentesen<\/h3>\n\n\n\n<p class=\"has-text-align-center\"><strong>A recept k\u00f3kuszzs\u00edrral is m\u0171k\u00f6dik, \u00edgy nem csak glut\u00e9n, de TEJMENTES is lesz!<\/strong><br><br><\/p>\n\n\n\n<p class=\"has-text-align-center\">Kb. 10 adag<br><strong>29 x 22 x 5 cm-es tepsi vagy 22 cm-es tortaforma<\/strong><br><br><\/p>\n\n\n\n<div class=\"wp-block-image\"><figure class=\"aligncenter size-full is-resized\"><img loading=\"lazy\" decoding=\"async\" src=\"https:\/\/blog.glutenmenteschef.hu\/wp-content\/uploads\/2019\/05\/Viktoria-piskota-5.jpg\" alt=\"\" class=\"wp-image-26662\" width=\"512\" height=\"384\" srcset=\"http:\/\/blog.glutenmenteschef.hu\/wp-content\/uploads\/2019\/05\/Viktoria-piskota-5.jpg 1024w, http:\/\/blog.glutenmenteschef.hu\/wp-content\/uploads\/2019\/05\/Viktoria-piskota-5-300x225.jpg 300w, http:\/\/blog.glutenmenteschef.hu\/wp-content\/uploads\/2019\/05\/Viktoria-piskota-5-768x576.jpg 768w\" sizes=\"auto, (max-width: 512px) 100vw, 512px\" \/><figcaption>Vikt\u00f3ria pisk\u00f3ta m\u00e1ln\u00e1val, tejmentesen ( k\u00f3kuszzs\u00edrral )<\/figcaption><\/figure><\/div>\n\n\n\n<p><br><\/p>\n\n\n\n<p>B\u00e1r a t\u00e9szta a nev\u00e9t egy kir\u00e1lyn\u0151r\u0151l kapta, m\u00e9gis nagyon egyszer\u0171 \u00f6ssze\u00e1ll\u00edtani \u00e9s glut\u00e9nmentesen rizslisztb\u0151l is megs\u00fcthet\u0151. <br>&#8211; nem kell sz\u00e9tv\u00e1lasztani a toj\u00e1sokat<br>&#8211; nem kell habb\u00e1 verni a toj\u00e1sfeh\u00e9rj\u00e9t<br>&#8211; csak \u00f6sszekever\u00fcnk mindent \u00e9s m\u00e1r mehetett is a s\u00fct\u0151be<br>Ez a t\u00e9szta t\u00f6k\u00e9letesen alkalmas arra, hogy gy\u00fcm\u00f6lcs\u00f6t is tegy\u00fcnk bele ( potyogtat\u00f3s s\u00fcti ). <br><br><br><\/p>\n\n\n\n<h5 class=\"has-text-align-center wp-block-heading\"><strong>A Vikt\u00f3ria pisk\u00f3ta alap receptje: <\/strong><\/h5>\n\n\n\n<p>Ah\u00e1ny gramm toj\u00e1s, annyi gramm szoba h\u0151m\u00e9rs\u00e9klet\u0171 vaj, cukor \u00e9s rizsliszt, valamint toj\u00e1sonk\u00e9nt 2 g s\u00fct\u0151por. <br><br><br><br><\/p>\n\n\n\n<div class=\"wp-block-image\"><figure class=\"aligncenter size-full is-resized\"><img loading=\"lazy\" decoding=\"async\" src=\"https:\/\/blog.glutenmenteschef.hu\/wp-content\/uploads\/2021\/08\/Viktoria-piskota-24.jpg\" alt=\"\" class=\"wp-image-29176\" width=\"512\" height=\"384\" srcset=\"http:\/\/blog.glutenmenteschef.hu\/wp-content\/uploads\/2021\/08\/Viktoria-piskota-24.jpg 1024w, http:\/\/blog.glutenmenteschef.hu\/wp-content\/uploads\/2021\/08\/Viktoria-piskota-24-300x225.jpg 300w, http:\/\/blog.glutenmenteschef.hu\/wp-content\/uploads\/2021\/08\/Viktoria-piskota-24-768x576.jpg 768w\" sizes=\"auto, (max-width: 512px) 100vw, 512px\" \/><figcaption>Vikt\u00f3ria pisk\u00f3ta csereszny\u00e9vel \u00e9s eperrel<\/figcaption><\/figure><\/div>\n\n\n\n<p><\/p>\n\n\n\n<p><br><\/p>\n\n\n\n<h4 class=\"has-text-align-center wp-block-heading\"><strong>Hozz\u00e1val\u00f3k:<\/strong><\/h4>\n\n\n\n<p class=\"has-text-align-center\">4 db L-es m\u00e9ret\u0171 60-65 gr-os toj\u00e1s ( \u00f6sszesen 260 g )<br>260 g vaj vagy k\u00f3kuszzs\u00edr ( tejmentesen )<br>260 g cukor<br>260 g rizsliszt<br>8 g s\u00fct\u0151por<br>250-260 gramm friss gy\u00fcm\u00f6lcs <br>( k\u00e9sz\u00edtettem m\u00e1r eperrel, m\u00e1ln\u00e1val \u00e9s \u00e1fony\u00e1val is ) <\/p>\n\n\n\n<p>2 literes t\u00e1lban a vajat a krist\u00e1lycukorral habosra keverj\u00fck addig, am\u00edg a cukor fel nem old\u00f3dik. Hozz\u00e1adjuk az eg\u00e9sz toj\u00e1sokat, a s\u00fct\u0151port \u00e9s homog\u00e9n \u00e1llag\u00fara keverj\u00fck, majd a lisztet laz\u00e1n beleforgatjuk. <br>Szilikonos s\u00fct\u0151pap\u00edrral b\u00e9lelt magas fal\u00fa tepsibe \u00f6ntj\u00fck a massz\u00e1t.<\/p>\n\n\n\n<p>Ha gy\u00fcm\u00f6lccsel szeretn\u00e9nk k\u00e9sz\u00edteni, akkor a friss, megmosott gy\u00fcm\u00f6lcs\u00f6t csak potyogtassuk bele. <br>Ha mirelit vagy fagyasztott, akkor olvasszuk ki \u00e9s csepegtess\u00fck le felhaszn\u00e1l\u00e1s el\u0151tt.<br><br><\/p>\n\n\n\n<figure class=\"wp-block-gallery aligncenter has-nested-images columns-default is-cropped wp-block-gallery-1 is-layout-flex wp-block-gallery-is-layout-flex\">\n<figure class=\"wp-block-image size-large\"><img loading=\"lazy\" decoding=\"async\" width=\"1024\" height=\"768\" data-id=\"29178\" src=\"https:\/\/blog.glutenmenteschef.hu\/wp-content\/uploads\/2021\/08\/Viktoria-piskota-20.jpg\" alt=\"\" class=\"wp-image-29178\" srcset=\"http:\/\/blog.glutenmenteschef.hu\/wp-content\/uploads\/2021\/08\/Viktoria-piskota-20.jpg 1024w, http:\/\/blog.glutenmenteschef.hu\/wp-content\/uploads\/2021\/08\/Viktoria-piskota-20-300x225.jpg 300w, http:\/\/blog.glutenmenteschef.hu\/wp-content\/uploads\/2021\/08\/Viktoria-piskota-20-768x576.jpg 768w\" sizes=\"auto, (max-width: 1024px) 100vw, 1024px\" \/><figcaption>meggyel<\/figcaption><\/figure>\n\n\n\n<figure class=\"wp-block-image size-large\"><img loading=\"lazy\" decoding=\"async\" width=\"1024\" height=\"768\" data-id=\"26664\" src=\"https:\/\/blog.glutenmenteschef.hu\/wp-content\/uploads\/2019\/05\/Viktoria-piskota-2.jpg\" alt=\"\" class=\"wp-image-26664\" srcset=\"http:\/\/blog.glutenmenteschef.hu\/wp-content\/uploads\/2019\/05\/Viktoria-piskota-2.jpg 1024w, http:\/\/blog.glutenmenteschef.hu\/wp-content\/uploads\/2019\/05\/Viktoria-piskota-2-300x225.jpg 300w, http:\/\/blog.glutenmenteschef.hu\/wp-content\/uploads\/2019\/05\/Viktoria-piskota-2-768x576.jpg 768w\" sizes=\"auto, (max-width: 1024px) 100vw, 1024px\" \/><figcaption>eperrel \u00e9s \u00e1fony\u00e1val<\/figcaption><\/figure>\n\n\n\n<figure class=\"wp-block-image size-large\"><img loading=\"lazy\" decoding=\"async\" width=\"1024\" height=\"768\" data-id=\"29177\" src=\"https:\/\/blog.glutenmenteschef.hu\/wp-content\/uploads\/2021\/08\/Viktoria-piskota-19.jpg\" alt=\"\" class=\"wp-image-29177\" srcset=\"http:\/\/blog.glutenmenteschef.hu\/wp-content\/uploads\/2021\/08\/Viktoria-piskota-19.jpg 1024w, http:\/\/blog.glutenmenteschef.hu\/wp-content\/uploads\/2021\/08\/Viktoria-piskota-19-300x225.jpg 300w, http:\/\/blog.glutenmenteschef.hu\/wp-content\/uploads\/2021\/08\/Viktoria-piskota-19-768x576.jpg 768w\" sizes=\"auto, (max-width: 1024px) 100vw, 1024px\" \/><figcaption>csereszny\u00e9vel \u00e9s eperrel<\/figcaption><\/figure>\n<\/figure>\n\n\n\n<p><\/p>\n\n\n\n<p>140 &#8211; 150 fokos s\u00fct\u0151ben als\u00f3-fels\u0151 s\u00fct\u00e9si m\u00f3dozaton 65 &#8211; 70 percig s\u00fctj\u00fck ( t\u0171pr\u00f3ba ).  A s\u00fct\u0151b\u0151l kiv\u00e9ve a s\u00fct\u0151form\u00e1ban hagyjuk kih\u0171lni. <br>Ha a s\u00fct\u0151form\u00e1nk a megadottakt\u00f3l elt\u00e9r\u0151, akkor a s\u00fct\u00e9si id\u0151 is v\u00e1ltozni fog ( t\u0171pr\u00f3ba! ).<\/p>\n\n\n\n<p><br> <strong>S\u00c9F TIPP:<\/strong> A t\u0171pr\u00f3b\u00e1t a nev\u00e9vel ellent\u00e9tben hurkap\u00e1lc\u00e1val vagy fogpiszk\u00e1l\u00f3val v\u00e9gezz\u00fck, mert sokkal pontosabban megmutatja, hogy k\u00e9szre s\u00fclt-e m\u00e1r a t\u00e9szta. M\u00edg a f\u00e9mt\u0171re m\u00e1r a 90%-ban megs\u00fclt t\u00e9szta sem ragad r\u00e1 \u00e9s k\u00e9sznek gondolhatjuk, addig a fa alap\u00fa p\u00e1lca \u00e9rdes fel\u00fclete csak akkor marad tiszta, ha val\u00f3ban nem nyers m\u00e1r a pisk\u00f3ta. <br><\/p>\n\n\n\n<div class=\"wp-block-image\"><figure class=\"aligncenter\"><img loading=\"lazy\" decoding=\"async\" width=\"300\" height=\"232\" src=\"https:\/\/blog.glutenmenteschef.hu\/wp-content\/uploads\/2019\/05\/Viktoria-piskota-3-300x232.jpg\" alt=\"\" class=\"wp-image-26665\" srcset=\"http:\/\/blog.glutenmenteschef.hu\/wp-content\/uploads\/2019\/05\/Viktoria-piskota-3-300x232.jpg 300w, http:\/\/blog.glutenmenteschef.hu\/wp-content\/uploads\/2019\/05\/Viktoria-piskota-3-768x593.jpg 768w, http:\/\/blog.glutenmenteschef.hu\/wp-content\/uploads\/2019\/05\/Viktoria-piskota-3.jpg 994w\" sizes=\"auto, (max-width: 300px) 100vw, 300px\" \/><\/figure><\/div>\n\n\n\n<p><br><\/p>\n\n\n\n<p>Majd a tepsib\u0151l bor\u00edtsuk ki fejjel lefel\u00e9, vegy\u00fck le a pap\u00edrt, ford\u00edtsuk vissza \u00e9s szeletelj\u00fck fel tetsz\u0151leges form\u00e1ra.<br><br><\/p>\n\n\n\n<div class=\"wp-block-image\"><figure class=\"aligncenter size-full is-resized\"><img loading=\"lazy\" decoding=\"async\" src=\"https:\/\/blog.glutenmenteschef.hu\/wp-content\/uploads\/2022\/05\/Viktoria-piskota-21.jpg\" alt=\"\" class=\"wp-image-29870\" width=\"512\" height=\"384\" srcset=\"http:\/\/blog.glutenmenteschef.hu\/wp-content\/uploads\/2022\/05\/Viktoria-piskota-21.jpg 1024w, http:\/\/blog.glutenmenteschef.hu\/wp-content\/uploads\/2022\/05\/Viktoria-piskota-21-300x225.jpg 300w, http:\/\/blog.glutenmenteschef.hu\/wp-content\/uploads\/2022\/05\/Viktoria-piskota-21-768x576.jpg 768w\" sizes=\"auto, (max-width: 512px) 100vw, 512px\" \/><figcaption>Vikt\u00f3ria pisk\u00f3ta eperrel<br><br><\/figcaption><\/figure><\/div>\n\n\n\n<div class=\"wp-block-image\"><figure class=\"aligncenter size-full is-resized\"><img loading=\"lazy\" decoding=\"async\" src=\"https:\/\/blog.glutenmenteschef.hu\/wp-content\/uploads\/2021\/08\/Viktoria-piskota-meggy-4.jpg\" alt=\"\" class=\"wp-image-29180\" width=\"512\" height=\"384\" srcset=\"http:\/\/blog.glutenmenteschef.hu\/wp-content\/uploads\/2021\/08\/Viktoria-piskota-meggy-4.jpg 1024w, http:\/\/blog.glutenmenteschef.hu\/wp-content\/uploads\/2021\/08\/Viktoria-piskota-meggy-4-300x225.jpg 300w, http:\/\/blog.glutenmenteschef.hu\/wp-content\/uploads\/2021\/08\/Viktoria-piskota-meggy-4-768x576.jpg 768w\" sizes=\"auto, (max-width: 512px) 100vw, 512px\" \/><figcaption>Vikt\u00f3ria pisk\u00f3ta meggyel<\/figcaption><\/figure><\/div>\n\n\n\n<p> <\/p>\n","protected":false},"excerpt":{"rendered":"<p>Vikt\u00f3ria pisk\u00f3ta rizslisztb\u0151l, gy\u00fcm\u00f6lccsel glut\u00e9nmentesen A recept k\u00f3kuszzs\u00edrral is m\u0171k\u00f6dik, \u00edgy nem csak glut\u00e9n, de TEJMENTES is lesz! Kb. 10 adag29 x 22 x 5 cm-es tepsi vagy 22 cm-es tortaforma B\u00e1r a t\u00e9szta a nev\u00e9t egy kir\u00e1lyn\u0151r\u0151l kapta, m\u00e9gis nagyon egyszer\u0171 \u00f6ssze\u00e1ll\u00edtani \u00e9s glut\u00e9nmentesen rizslisztb\u0151l is megs\u00fcthet\u0151. &#8211; nem kell sz\u00e9tv\u00e1lasztani a toj\u00e1sokat&#8211; nem <br \/><a class=\"more\" href=\"http:\/\/blog.glutenmenteschef.hu\/index.php\/2019\/05\/18\/viktoria-piskota-rizslisztbol-gyumolccsel-glutenmentesen\/\">Read more&#8230; <\/a><\/p>\n","protected":false},"author":1,"featured_media":29175,"comment_status":"open","ping_status":"open","sticky":false,"template":"","format":"standard","meta":{"footnotes":""},"categories":[27,335],"tags":[496,5,114,497,190,495],"class_list":["post-26654","post","type-post","status-publish","format-standard","has-post-thumbnail","hentry","category-desszert","category-rizslisztbol-keszitettem","tag-egyensuly-teszta","tag-glutenmentes","tag-glutenmentes-piskota","tag-gyumolcsos-piskota","tag-rizsliszt","tag-viktoria-piskota"],"yoast_head":"<!-- This site is optimized with the Yoast SEO plugin v26.5 - https:\/\/yoast.com\/wordpress\/plugins\/seo\/ -->\n<title>VIKT\u00d3RIA PISK\u00d3TA RIZSLISZTB\u0150L, GY\u00dcM\u00d6LCCSEL GLUT\u00c9NMENTESEN &#8211; Glut\u00e9nmentes Chef blog - \u00c1tol Tibor<\/title>\n<meta name=\"description\" content=\"B\u00e1r a t\u00e9szta a nev\u00e9t egy kir\u00e1lyn\u0151r\u0151l kapta, m\u00e9gis nagyon egyszer\u0171 \u00f6ssze\u00e1ll\u00edtani \u00e9s glut\u00e9nmentesen rizslisztb\u0151l is megs\u00fcthet\u0151. - nem kell sz\u00e9tv\u00e1lasztani a toj\u00e1sokat- nem kell habb\u00e1 verni a toj\u00e1sfeh\u00e9rj\u00e9t- csak \u00f6sszekever\u00fcnk mindent \u00e9s m\u00e1r mehetett is a s\u00fct\u0151be. Ez a t\u00e9szta t\u00f6k\u00e9letesen alkalmas arra, hogy gy\u00fcm\u00f6lcs\u00f6t is tegy\u00fcnk bele ( potyogtat\u00f3s s\u00fcti ).\" \/>\n<meta name=\"robots\" content=\"index, follow, max-snippet:-1, max-image-preview:large, max-video-preview:-1\" \/>\n<link rel=\"canonical\" href=\"http:\/\/blog.glutenmenteschef.hu\/index.php\/2019\/05\/18\/viktoria-piskota-rizslisztbol-gyumolccsel-glutenmentesen\/\" \/>\n<meta property=\"og:locale\" content=\"hu_HU\" \/>\n<meta property=\"og:type\" content=\"article\" \/>\n<meta property=\"og:title\" content=\"VIKT\u00d3RIA PISK\u00d3TA RIZSLISZTB\u0150L, GY\u00dcM\u00d6LCCSEL GLUT\u00c9NMENTESEN &#8211; Glut\u00e9nmentes Chef blog - \u00c1tol Tibor\" \/>\n<meta property=\"og:description\" content=\"B\u00e1r a t\u00e9szta a nev\u00e9t egy kir\u00e1lyn\u0151r\u0151l kapta, m\u00e9gis nagyon egyszer\u0171 \u00f6ssze\u00e1ll\u00edtani \u00e9s glut\u00e9nmentesen rizslisztb\u0151l is megs\u00fcthet\u0151. - nem kell sz\u00e9tv\u00e1lasztani a toj\u00e1sokat- nem kell habb\u00e1 verni a toj\u00e1sfeh\u00e9rj\u00e9t- csak \u00f6sszekever\u00fcnk mindent \u00e9s m\u00e1r mehetett is a s\u00fct\u0151be. Ez a t\u00e9szta t\u00f6k\u00e9letesen alkalmas arra, hogy gy\u00fcm\u00f6lcs\u00f6t is tegy\u00fcnk bele ( potyogtat\u00f3s s\u00fcti ).\" \/>\n<meta property=\"og:url\" content=\"http:\/\/blog.glutenmenteschef.hu\/index.php\/2019\/05\/18\/viktoria-piskota-rizslisztbol-gyumolccsel-glutenmentesen\/\" \/>\n<meta property=\"og:site_name\" content=\"Glut\u00e9nmentes Chef blog - \u00c1tol Tibor\" \/>\n<meta property=\"article:publisher\" content=\"https:\/\/www.facebook.com\/aglutenmentessef\" \/>\n<meta property=\"article:author\" content=\"https:\/\/www.facebook.com\/aglutenmentessef\" \/>\n<meta property=\"article:published_time\" content=\"2019-05-18T21:25:03+00:00\" \/>\n<meta property=\"article:modified_time\" content=\"2022-05-28T22:45:28+00:00\" \/>\n<meta property=\"og:image\" content=\"http:\/\/blog.glutenmenteschef.hu\/wp-content\/uploads\/2019\/05\/Viktoria-piskota-26.jpg\" \/>\n\t<meta property=\"og:image:width\" content=\"1024\" \/>\n\t<meta property=\"og:image:height\" content=\"768\" \/>\n\t<meta property=\"og:image:type\" content=\"image\/jpeg\" \/>\n<meta name=\"author\" content=\"gmchef\" \/>\n<meta name=\"twitter:card\" content=\"summary_large_image\" \/>\n<meta name=\"twitter:label1\" content=\"Szerz\u0151:\" \/>\n\t<meta name=\"twitter:data1\" content=\"gmchef\" \/>\n\t<meta name=\"twitter:label2\" content=\"Becs\u00fclt olvas\u00e1si id\u0151\" \/>\n\t<meta name=\"twitter:data2\" content=\"4 perc\" \/>\n<script type=\"application\/ld+json\" class=\"yoast-schema-graph\">{\"@context\":\"https:\/\/schema.org\",\"@graph\":[{\"@type\":\"Article\",\"@id\":\"http:\/\/blog.glutenmenteschef.hu\/index.php\/2019\/05\/18\/viktoria-piskota-rizslisztbol-gyumolccsel-glutenmentesen\/#article\",\"isPartOf\":{\"@id\":\"http:\/\/blog.glutenmenteschef.hu\/index.php\/2019\/05\/18\/viktoria-piskota-rizslisztbol-gyumolccsel-glutenmentesen\/\"},\"author\":{\"name\":\"gmchef\",\"@id\":\"https:\/\/blog.glutenmenteschef.hu\/#\/schema\/person\/c07613f0b6c0f12f90b8cb23cf32754a\"},\"headline\":\"VIKT\u00d3RIA PISK\u00d3TA RIZSLISZTB\u0150L, GY\u00dcM\u00d6LCCSEL GLUT\u00c9NMENTESEN\",\"datePublished\":\"2019-05-18T21:25:03+00:00\",\"dateModified\":\"2022-05-28T22:45:28+00:00\",\"mainEntityOfPage\":{\"@id\":\"http:\/\/blog.glutenmenteschef.hu\/index.php\/2019\/05\/18\/viktoria-piskota-rizslisztbol-gyumolccsel-glutenmentesen\/\"},\"wordCount\":507,\"commentCount\":0,\"publisher\":{\"@id\":\"https:\/\/blog.glutenmenteschef.hu\/#\/schema\/person\/c07613f0b6c0f12f90b8cb23cf32754a\"},\"image\":{\"@id\":\"http:\/\/blog.glutenmenteschef.hu\/index.php\/2019\/05\/18\/viktoria-piskota-rizslisztbol-gyumolccsel-glutenmentesen\/#primaryimage\"},\"thumbnailUrl\":\"http:\/\/blog.glutenmenteschef.hu\/wp-content\/uploads\/2019\/05\/Viktoria-piskota-26.jpg\",\"keywords\":[\"egyens\u00faly t\u00e9szta\",\"glut\u00e9nmentes\",\"glut\u00e9nmentes pisk\u00f3ta\",\"gy\u00fcm\u00f6lcs\u00f6s pisk\u00f3ta\",\"rizsliszt\",\"vikt\u00f3ria pisk\u00f3ta\"],\"articleSection\":[\"Desszert-S\u00fctem\u00e9ny\",\"Rizslisztb\u0151l k\u00e9sz\u00edtettem\"],\"inLanguage\":\"hu\",\"potentialAction\":[{\"@type\":\"CommentAction\",\"name\":\"Comment\",\"target\":[\"http:\/\/blog.glutenmenteschef.hu\/index.php\/2019\/05\/18\/viktoria-piskota-rizslisztbol-gyumolccsel-glutenmentesen\/#respond\"]}]},{\"@type\":\"WebPage\",\"@id\":\"http:\/\/blog.glutenmenteschef.hu\/index.php\/2019\/05\/18\/viktoria-piskota-rizslisztbol-gyumolccsel-glutenmentesen\/\",\"url\":\"http:\/\/blog.glutenmenteschef.hu\/index.php\/2019\/05\/18\/viktoria-piskota-rizslisztbol-gyumolccsel-glutenmentesen\/\",\"name\":\"VIKT\u00d3RIA PISK\u00d3TA RIZSLISZTB\u0150L, GY\u00dcM\u00d6LCCSEL GLUT\u00c9NMENTESEN &#8211; Glut\u00e9nmentes Chef blog - \u00c1tol Tibor\",\"isPartOf\":{\"@id\":\"https:\/\/blog.glutenmenteschef.hu\/#website\"},\"primaryImageOfPage\":{\"@id\":\"http:\/\/blog.glutenmenteschef.hu\/index.php\/2019\/05\/18\/viktoria-piskota-rizslisztbol-gyumolccsel-glutenmentesen\/#primaryimage\"},\"image\":{\"@id\":\"http:\/\/blog.glutenmenteschef.hu\/index.php\/2019\/05\/18\/viktoria-piskota-rizslisztbol-gyumolccsel-glutenmentesen\/#primaryimage\"},\"thumbnailUrl\":\"http:\/\/blog.glutenmenteschef.hu\/wp-content\/uploads\/2019\/05\/Viktoria-piskota-26.jpg\",\"datePublished\":\"2019-05-18T21:25:03+00:00\",\"dateModified\":\"2022-05-28T22:45:28+00:00\",\"description\":\"B\u00e1r a t\u00e9szta a nev\u00e9t egy kir\u00e1lyn\u0151r\u0151l kapta, m\u00e9gis nagyon egyszer\u0171 \u00f6ssze\u00e1ll\u00edtani \u00e9s glut\u00e9nmentesen rizslisztb\u0151l is megs\u00fcthet\u0151. - nem kell sz\u00e9tv\u00e1lasztani a toj\u00e1sokat- nem kell habb\u00e1 verni a toj\u00e1sfeh\u00e9rj\u00e9t- csak \u00f6sszekever\u00fcnk mindent \u00e9s m\u00e1r mehetett is a s\u00fct\u0151be. Ez a t\u00e9szta t\u00f6k\u00e9letesen alkalmas arra, hogy gy\u00fcm\u00f6lcs\u00f6t is tegy\u00fcnk bele ( potyogtat\u00f3s s\u00fcti ).\",\"breadcrumb\":{\"@id\":\"http:\/\/blog.glutenmenteschef.hu\/index.php\/2019\/05\/18\/viktoria-piskota-rizslisztbol-gyumolccsel-glutenmentesen\/#breadcrumb\"},\"inLanguage\":\"hu\",\"potentialAction\":[{\"@type\":\"ReadAction\",\"target\":[\"http:\/\/blog.glutenmenteschef.hu\/index.php\/2019\/05\/18\/viktoria-piskota-rizslisztbol-gyumolccsel-glutenmentesen\/\"]}]},{\"@type\":\"ImageObject\",\"inLanguage\":\"hu\",\"@id\":\"http:\/\/blog.glutenmenteschef.hu\/index.php\/2019\/05\/18\/viktoria-piskota-rizslisztbol-gyumolccsel-glutenmentesen\/#primaryimage\",\"url\":\"http:\/\/blog.glutenmenteschef.hu\/wp-content\/uploads\/2019\/05\/Viktoria-piskota-26.jpg\",\"contentUrl\":\"http:\/\/blog.glutenmenteschef.hu\/wp-content\/uploads\/2019\/05\/Viktoria-piskota-26.jpg\",\"width\":1024,\"height\":768},{\"@type\":\"BreadcrumbList\",\"@id\":\"http:\/\/blog.glutenmenteschef.hu\/index.php\/2019\/05\/18\/viktoria-piskota-rizslisztbol-gyumolccsel-glutenmentesen\/#breadcrumb\",\"itemListElement\":[{\"@type\":\"ListItem\",\"position\":1,\"name\":\"Home\",\"item\":\"https:\/\/blog.glutenmenteschef.hu\/\"},{\"@type\":\"ListItem\",\"position\":2,\"name\":\"VIKT\u00d3RIA PISK\u00d3TA RIZSLISZTB\u0150L, GY\u00dcM\u00d6LCCSEL GLUT\u00c9NMENTESEN\"}]},{\"@type\":\"WebSite\",\"@id\":\"https:\/\/blog.glutenmenteschef.hu\/#website\",\"url\":\"https:\/\/blog.glutenmenteschef.hu\/\",\"name\":\"Glut\u00e9nmentes Chef blog - \u00c1tol Tibor\",\"description\":\"Glut\u00e9nmentes \u00e9telek, glut\u00e9nmentes receptek, glut\u00e9nmentes vide\u00f3k\",\"publisher\":{\"@id\":\"https:\/\/blog.glutenmenteschef.hu\/#\/schema\/person\/c07613f0b6c0f12f90b8cb23cf32754a\"},\"potentialAction\":[{\"@type\":\"SearchAction\",\"target\":{\"@type\":\"EntryPoint\",\"urlTemplate\":\"https:\/\/blog.glutenmenteschef.hu\/?s={search_term_string}\"},\"query-input\":{\"@type\":\"PropertyValueSpecification\",\"valueRequired\":true,\"valueName\":\"search_term_string\"}}],\"inLanguage\":\"hu\"},{\"@type\":[\"Person\",\"Organization\"],\"@id\":\"https:\/\/blog.glutenmenteschef.hu\/#\/schema\/person\/c07613f0b6c0f12f90b8cb23cf32754a\",\"name\":\"gmchef\",\"image\":{\"@type\":\"ImageObject\",\"inLanguage\":\"hu\",\"@id\":\"https:\/\/blog.glutenmenteschef.hu\/#\/schema\/person\/image\/\",\"url\":\"https:\/\/secure.gravatar.com\/avatar\/363a4977321cb6fa3321b7ac93139b68e56af77880ae9fd5a3b2e7a8279f6d74?s=96&d=mm&r=g\",\"contentUrl\":\"https:\/\/secure.gravatar.com\/avatar\/363a4977321cb6fa3321b7ac93139b68e56af77880ae9fd5a3b2e7a8279f6d74?s=96&d=mm&r=g\",\"caption\":\"gmchef\"},\"logo\":{\"@id\":\"https:\/\/blog.glutenmenteschef.hu\/#\/schema\/person\/image\/\"},\"sameAs\":[\"https:\/\/www.facebook.com\/aglutenmentessef\"]}]}<\/script>\n<!-- \/ Yoast SEO plugin. -->","yoast_head_json":{"title":"VIKT\u00d3RIA PISK\u00d3TA RIZSLISZTB\u0150L, GY\u00dcM\u00d6LCCSEL GLUT\u00c9NMENTESEN &#8211; Glut\u00e9nmentes Chef blog - \u00c1tol Tibor","description":"B\u00e1r a t\u00e9szta a nev\u00e9t egy kir\u00e1lyn\u0151r\u0151l kapta, m\u00e9gis nagyon egyszer\u0171 \u00f6ssze\u00e1ll\u00edtani \u00e9s glut\u00e9nmentesen rizslisztb\u0151l is megs\u00fcthet\u0151. - nem kell sz\u00e9tv\u00e1lasztani a toj\u00e1sokat- nem kell habb\u00e1 verni a toj\u00e1sfeh\u00e9rj\u00e9t- csak \u00f6sszekever\u00fcnk mindent \u00e9s m\u00e1r mehetett is a s\u00fct\u0151be. Ez a t\u00e9szta t\u00f6k\u00e9letesen alkalmas arra, hogy gy\u00fcm\u00f6lcs\u00f6t is tegy\u00fcnk bele ( potyogtat\u00f3s s\u00fcti ).","robots":{"index":"index","follow":"follow","max-snippet":"max-snippet:-1","max-image-preview":"max-image-preview:large","max-video-preview":"max-video-preview:-1"},"canonical":"http:\/\/blog.glutenmenteschef.hu\/index.php\/2019\/05\/18\/viktoria-piskota-rizslisztbol-gyumolccsel-glutenmentesen\/","og_locale":"hu_HU","og_type":"article","og_title":"VIKT\u00d3RIA PISK\u00d3TA RIZSLISZTB\u0150L, GY\u00dcM\u00d6LCCSEL GLUT\u00c9NMENTESEN &#8211; Glut\u00e9nmentes Chef blog - \u00c1tol Tibor","og_description":"B\u00e1r a t\u00e9szta a nev\u00e9t egy kir\u00e1lyn\u0151r\u0151l kapta, m\u00e9gis nagyon egyszer\u0171 \u00f6ssze\u00e1ll\u00edtani \u00e9s glut\u00e9nmentesen rizslisztb\u0151l is megs\u00fcthet\u0151. - nem kell sz\u00e9tv\u00e1lasztani a toj\u00e1sokat- nem kell habb\u00e1 verni a toj\u00e1sfeh\u00e9rj\u00e9t- csak \u00f6sszekever\u00fcnk mindent \u00e9s m\u00e1r mehetett is a s\u00fct\u0151be. Ez a t\u00e9szta t\u00f6k\u00e9letesen alkalmas arra, hogy gy\u00fcm\u00f6lcs\u00f6t is tegy\u00fcnk bele ( potyogtat\u00f3s s\u00fcti ).","og_url":"http:\/\/blog.glutenmenteschef.hu\/index.php\/2019\/05\/18\/viktoria-piskota-rizslisztbol-gyumolccsel-glutenmentesen\/","og_site_name":"Glut\u00e9nmentes Chef blog - \u00c1tol Tibor","article_publisher":"https:\/\/www.facebook.com\/aglutenmentessef","article_author":"https:\/\/www.facebook.com\/aglutenmentessef","article_published_time":"2019-05-18T21:25:03+00:00","article_modified_time":"2022-05-28T22:45:28+00:00","og_image":[{"width":1024,"height":768,"url":"http:\/\/blog.glutenmenteschef.hu\/wp-content\/uploads\/2019\/05\/Viktoria-piskota-26.jpg","type":"image\/jpeg"}],"author":"gmchef","twitter_card":"summary_large_image","twitter_misc":{"Szerz\u0151:":"gmchef","Becs\u00fclt olvas\u00e1si id\u0151":"4 perc"},"schema":{"@context":"https:\/\/schema.org","@graph":[{"@type":"Article","@id":"http:\/\/blog.glutenmenteschef.hu\/index.php\/2019\/05\/18\/viktoria-piskota-rizslisztbol-gyumolccsel-glutenmentesen\/#article","isPartOf":{"@id":"http:\/\/blog.glutenmenteschef.hu\/index.php\/2019\/05\/18\/viktoria-piskota-rizslisztbol-gyumolccsel-glutenmentesen\/"},"author":{"name":"gmchef","@id":"https:\/\/blog.glutenmenteschef.hu\/#\/schema\/person\/c07613f0b6c0f12f90b8cb23cf32754a"},"headline":"VIKT\u00d3RIA PISK\u00d3TA RIZSLISZTB\u0150L, GY\u00dcM\u00d6LCCSEL GLUT\u00c9NMENTESEN","datePublished":"2019-05-18T21:25:03+00:00","dateModified":"2022-05-28T22:45:28+00:00","mainEntityOfPage":{"@id":"http:\/\/blog.glutenmenteschef.hu\/index.php\/2019\/05\/18\/viktoria-piskota-rizslisztbol-gyumolccsel-glutenmentesen\/"},"wordCount":507,"commentCount":0,"publisher":{"@id":"https:\/\/blog.glutenmenteschef.hu\/#\/schema\/person\/c07613f0b6c0f12f90b8cb23cf32754a"},"image":{"@id":"http:\/\/blog.glutenmenteschef.hu\/index.php\/2019\/05\/18\/viktoria-piskota-rizslisztbol-gyumolccsel-glutenmentesen\/#primaryimage"},"thumbnailUrl":"http:\/\/blog.glutenmenteschef.hu\/wp-content\/uploads\/2019\/05\/Viktoria-piskota-26.jpg","keywords":["egyens\u00faly t\u00e9szta","glut\u00e9nmentes","glut\u00e9nmentes pisk\u00f3ta","gy\u00fcm\u00f6lcs\u00f6s pisk\u00f3ta","rizsliszt","vikt\u00f3ria pisk\u00f3ta"],"articleSection":["Desszert-S\u00fctem\u00e9ny","Rizslisztb\u0151l k\u00e9sz\u00edtettem"],"inLanguage":"hu","potentialAction":[{"@type":"CommentAction","name":"Comment","target":["http:\/\/blog.glutenmenteschef.hu\/index.php\/2019\/05\/18\/viktoria-piskota-rizslisztbol-gyumolccsel-glutenmentesen\/#respond"]}]},{"@type":"WebPage","@id":"http:\/\/blog.glutenmenteschef.hu\/index.php\/2019\/05\/18\/viktoria-piskota-rizslisztbol-gyumolccsel-glutenmentesen\/","url":"http:\/\/blog.glutenmenteschef.hu\/index.php\/2019\/05\/18\/viktoria-piskota-rizslisztbol-gyumolccsel-glutenmentesen\/","name":"VIKT\u00d3RIA PISK\u00d3TA RIZSLISZTB\u0150L, GY\u00dcM\u00d6LCCSEL GLUT\u00c9NMENTESEN &#8211; Glut\u00e9nmentes Chef blog - \u00c1tol Tibor","isPartOf":{"@id":"https:\/\/blog.glutenmenteschef.hu\/#website"},"primaryImageOfPage":{"@id":"http:\/\/blog.glutenmenteschef.hu\/index.php\/2019\/05\/18\/viktoria-piskota-rizslisztbol-gyumolccsel-glutenmentesen\/#primaryimage"},"image":{"@id":"http:\/\/blog.glutenmenteschef.hu\/index.php\/2019\/05\/18\/viktoria-piskota-rizslisztbol-gyumolccsel-glutenmentesen\/#primaryimage"},"thumbnailUrl":"http:\/\/blog.glutenmenteschef.hu\/wp-content\/uploads\/2019\/05\/Viktoria-piskota-26.jpg","datePublished":"2019-05-18T21:25:03+00:00","dateModified":"2022-05-28T22:45:28+00:00","description":"B\u00e1r a t\u00e9szta a nev\u00e9t egy kir\u00e1lyn\u0151r\u0151l kapta, m\u00e9gis nagyon egyszer\u0171 \u00f6ssze\u00e1ll\u00edtani \u00e9s glut\u00e9nmentesen rizslisztb\u0151l is megs\u00fcthet\u0151. - nem kell sz\u00e9tv\u00e1lasztani a toj\u00e1sokat- nem kell habb\u00e1 verni a toj\u00e1sfeh\u00e9rj\u00e9t- csak \u00f6sszekever\u00fcnk mindent \u00e9s m\u00e1r mehetett is a s\u00fct\u0151be. Ez a t\u00e9szta t\u00f6k\u00e9letesen alkalmas arra, hogy gy\u00fcm\u00f6lcs\u00f6t is tegy\u00fcnk bele ( potyogtat\u00f3s s\u00fcti ).","breadcrumb":{"@id":"http:\/\/blog.glutenmenteschef.hu\/index.php\/2019\/05\/18\/viktoria-piskota-rizslisztbol-gyumolccsel-glutenmentesen\/#breadcrumb"},"inLanguage":"hu","potentialAction":[{"@type":"ReadAction","target":["http:\/\/blog.glutenmenteschef.hu\/index.php\/2019\/05\/18\/viktoria-piskota-rizslisztbol-gyumolccsel-glutenmentesen\/"]}]},{"@type":"ImageObject","inLanguage":"hu","@id":"http:\/\/blog.glutenmenteschef.hu\/index.php\/2019\/05\/18\/viktoria-piskota-rizslisztbol-gyumolccsel-glutenmentesen\/#primaryimage","url":"http:\/\/blog.glutenmenteschef.hu\/wp-content\/uploads\/2019\/05\/Viktoria-piskota-26.jpg","contentUrl":"http:\/\/blog.glutenmenteschef.hu\/wp-content\/uploads\/2019\/05\/Viktoria-piskota-26.jpg","width":1024,"height":768},{"@type":"BreadcrumbList","@id":"http:\/\/blog.glutenmenteschef.hu\/index.php\/2019\/05\/18\/viktoria-piskota-rizslisztbol-gyumolccsel-glutenmentesen\/#breadcrumb","itemListElement":[{"@type":"ListItem","position":1,"name":"Home","item":"https:\/\/blog.glutenmenteschef.hu\/"},{"@type":"ListItem","position":2,"name":"VIKT\u00d3RIA PISK\u00d3TA RIZSLISZTB\u0150L, GY\u00dcM\u00d6LCCSEL GLUT\u00c9NMENTESEN"}]},{"@type":"WebSite","@id":"https:\/\/blog.glutenmenteschef.hu\/#website","url":"https:\/\/blog.glutenmenteschef.hu\/","name":"Glut\u00e9nmentes Chef blog - \u00c1tol Tibor","description":"Glut\u00e9nmentes \u00e9telek, glut\u00e9nmentes receptek, glut\u00e9nmentes vide\u00f3k","publisher":{"@id":"https:\/\/blog.glutenmenteschef.hu\/#\/schema\/person\/c07613f0b6c0f12f90b8cb23cf32754a"},"potentialAction":[{"@type":"SearchAction","target":{"@type":"EntryPoint","urlTemplate":"https:\/\/blog.glutenmenteschef.hu\/?s={search_term_string}"},"query-input":{"@type":"PropertyValueSpecification","valueRequired":true,"valueName":"search_term_string"}}],"inLanguage":"hu"},{"@type":["Person","Organization"],"@id":"https:\/\/blog.glutenmenteschef.hu\/#\/schema\/person\/c07613f0b6c0f12f90b8cb23cf32754a","name":"gmchef","image":{"@type":"ImageObject","inLanguage":"hu","@id":"https:\/\/blog.glutenmenteschef.hu\/#\/schema\/person\/image\/","url":"https:\/\/secure.gravatar.com\/avatar\/363a4977321cb6fa3321b7ac93139b68e56af77880ae9fd5a3b2e7a8279f6d74?s=96&d=mm&r=g","contentUrl":"https:\/\/secure.gravatar.com\/avatar\/363a4977321cb6fa3321b7ac93139b68e56af77880ae9fd5a3b2e7a8279f6d74?s=96&d=mm&r=g","caption":"gmchef"},"logo":{"@id":"https:\/\/blog.glutenmenteschef.hu\/#\/schema\/person\/image\/"},"sameAs":["https:\/\/www.facebook.com\/aglutenmentessef"]}]}},"_links":{"self":[{"href":"http:\/\/blog.glutenmenteschef.hu\/index.php\/wp-json\/wp\/v2\/posts\/26654","targetHints":{"allow":["GET"]}}],"collection":[{"href":"http:\/\/blog.glutenmenteschef.hu\/index.php\/wp-json\/wp\/v2\/posts"}],"about":[{"href":"http:\/\/blog.glutenmenteschef.hu\/index.php\/wp-json\/wp\/v2\/types\/post"}],"author":[{"embeddable":true,"href":"http:\/\/blog.glutenmenteschef.hu\/index.php\/wp-json\/wp\/v2\/users\/1"}],"replies":[{"embeddable":true,"href":"http:\/\/blog.glutenmenteschef.hu\/index.php\/wp-json\/wp\/v2\/comments?post=26654"}],"version-history":[{"count":0,"href":"http:\/\/blog.glutenmenteschef.hu\/index.php\/wp-json\/wp\/v2\/posts\/26654\/revisions"}],"wp:featuredmedia":[{"embeddable":true,"href":"http:\/\/blog.glutenmenteschef.hu\/index.php\/wp-json\/wp\/v2\/media\/29175"}],"wp:attachment":[{"href":"http:\/\/blog.glutenmenteschef.hu\/index.php\/wp-json\/wp\/v2\/media?parent=26654"}],"wp:term":[{"taxonomy":"category","embeddable":true,"href":"http:\/\/blog.glutenmenteschef.hu\/index.php\/wp-json\/wp\/v2\/categories?post=26654"},{"taxonomy":"post_tag","embeddable":true,"href":"http:\/\/blog.glutenmenteschef.hu\/index.php\/wp-json\/wp\/v2\/tags?post=26654"}],"curies":[{"name":"wp","href":"https:\/\/api.w.org\/{rel}","templated":true}]}}