{"id":26209,"date":"2019-01-19T08:25:31","date_gmt":"2019-01-19T08:25:31","guid":{"rendered":"http:\/\/blog.glutenmenteschef.hu\/?p=26209"},"modified":"2020-03-08T10:49:47","modified_gmt":"2020-03-08T10:49:47","slug":"oroszkrem-torta-glutenmentesen","status":"publish","type":"post","link":"http:\/\/blog.glutenmenteschef.hu\/index.php\/2019\/01\/19\/oroszkrem-torta-glutenmentesen\/","title":{"rendered":"OROSZKR\u00c9M TORTA GLUT\u00c9NMENTESEN"},"content":{"rendered":"\n<h2 class=\"wp-block-heading\" style=\"text-align:center\">Oroszkr\u00e9m torta glut\u00e9nmentesen<br><br><\/h2>\n\n\n\n<p style=\"font-size:22px;text-align:center\"><br><strong>A torta kr\u00e9mje a megadott ar\u00e1nyokkal n\u00f6v\u00e9nyi tejjel is elk\u00e9sz\u00edthet\u0151!!<\/strong><\/p>\n\n\n\n<p><br><br><\/p>\n\n\n\n<p><\/p>\n\n\n\n<p><\/p>\n\n\n\n<p><\/p>\n\n\n\n<div class=\"wp-block-image\"><figure class=\"aligncenter\"><img loading=\"lazy\" decoding=\"async\" width=\"300\" height=\"225\" src=\"http:\/\/blog.glutenmenteschef.hu\/wp-content\/uploads\/2019\/01\/Oroszkrem-10-300x225.jpg\" alt=\"\" class=\"wp-image-26232\" srcset=\"http:\/\/blog.glutenmenteschef.hu\/wp-content\/uploads\/2019\/01\/Oroszkrem-10-300x225.jpg 300w, http:\/\/blog.glutenmenteschef.hu\/wp-content\/uploads\/2019\/01\/Oroszkrem-10-768x576.jpg 768w, http:\/\/blog.glutenmenteschef.hu\/wp-content\/uploads\/2019\/01\/Oroszkrem-10.jpg 1024w\" sizes=\"auto, (max-width: 300px) 100vw, 300px\" \/><\/figure><\/div>\n\n\n\n<p style=\"text-align:center\"><strong>Pisk\u00f3ta:<\/strong><br>22 cm-es kapcsos tortaform\u00e1hoz <br><br>6 db L-es m\u00e9ret\u0171 toj\u00e1s<br>( 60-65 g, ha kisebb toj\u00e1sokkal dolgozunk, akkor a 6 x 65 g = 390 g legyen a toj\u00e1sok \u00f6sszs\u00falya!!!)<br>180 g rizsliszt<br>120 g krist\u00e1lycukor<br>30 g olvasztott vaj \/ \u00e9tolaj<\/p>\n\n\n\n<p>Az eg\u00e9sz toj\u00e1sokat a cukorral robotg\u00e9p seg\u00edts\u00e9g\u00e9vel k\u00f6zepes fokozaton kem\u00e9ny habb\u00e1 keverem ( minimum 5 perc ). <br>Fakan\u00e1l vagy szilikonos spatula seg\u00edts\u00e9g\u00e9vel \u00f3vatosan belekeverj\u00fck el\u0151sz\u00f6r a lisztet, majd az olajat ( olvasztott vajat ). <br>Kivajazott \u00e9s lisztezett ( tapad\u00e1smentes ) tortaforma alj\u00e1ba lehet\u0151leg szilikonos s\u00fct\u0151pap\u00edrt tesz\u00fcnk \u00e9s a massz\u00e1t \u00edgy bele\u00f6ntve 140 fokos s\u00fct\u0151ben als\u00f3-fels\u0151 s\u00fct\u00e9si m\u00f3dozaton k\u00e9szre s\u00fctj\u00fck. Nekem 70 perc volt ( t\u0171pr\u00f3ba!! )<\/p>\n\n\n\n<p><br><strong>S\u00c9F TIPP:<\/strong> A t\u0171pr\u00f3b\u00e1t a nev\u00e9vel ellent\u00e9tben hurkap\u00e1lc\u00e1val vagy fogpiszk\u00e1l\u00f3val v\u00e9gezz\u00fck, mert sokkal pontosabban megmutatja, hogy k\u00e9szre s\u00fclt-e m\u00e1r a t\u00e9szta. M\u00edg a f\u00e9mt\u0171re m\u00e1r a 90%-ban megs\u00fclt t\u00e9szta sem ragad r\u00e1 \u00e9s k\u00e9sznek gondolhatjuk, addig a fa alap\u00fa p\u00e1lca \u00e9rdes fel\u00fclete csak akkor marad tiszta, ha val\u00f3ban nem nyers m\u00e1r a pisk\u00f3ta. <\/p>\n\n\n\n<p style=\"text-align:center\"><\/p>\n\n\n\n<p style=\"text-align:center\"><strong>Kr\u00e9m:<\/strong><br>2 db L-es m\u00e9ret\u0171 toj\u00e1s <br>30 g rizsliszt <br>300 ml tej <br>10 g van\u00edli\u00e1s cukor <br>2.5 dl habb\u00e1 vert tejsz\u00edn <br>100 g cukor <br>10 g zselatin<\/p>\n\n\n\n<p style=\"text-align:left\">A toj\u00e1sokat a tejjel, a rizsliszttel, a cukorral, a van\u00edli\u00e1s cukorral \u00e9s a zselatinnal sim\u00e1ra keverj\u00fck. Majd v\u00edzg\u0151z f\u00f6l\u00e9 helyezve a t\u00e1lat 85 fokig meleg\u00edtj\u00fck, habver\u0151vel t\u00f6rt\u00e9n\u0151 folyamatos keverget\u00e9s mellett. Mikor bes\u0171r\u0171s\u00f6d\u00f6tt levessz\u00fck a v\u00edzg\u0151zr\u0151l, szoba h\u0151m\u00e9rs\u00e9klet\u0171re h\u0171tj\u00fck \u00e9s hozz\u00e1keverj\u00fck a felvert tejsz\u00ednhabot.<\/p>\n\n\n\n<p style=\"text-align:center\"><br><strong>Szirup:<\/strong><br> 200 ml v\u00edz <br> 50 g mazsola <br> 50 g kand\u00edrozott gy\u00fcm\u00f6lcs ( legyen benne citrom \u00e9s narancs is ) <br> 10 ml rumaroma<br> 30 g cukor <\/p>\n\n\n\n<p>A 2 dl vizet, a 30 g cukrot, a 10 ml rumot vagy arom\u00e1t 5 perc alatt \u00f6sszef\u0151zz\u00fck, kih\u0171tj\u00fck \u00e9s beletessz\u00fck a kiv\u00e1logatott, megmosott mazsol\u00e1t valamint a kand\u00edrozott gy\u00fcm\u00f6lcs\u00f6ket. Kb. 20 percig \u00e1ztatjuk \u0151ket. Majd sz\u0171r\u0151ben lecs\u00f6p\u00f6gtetj\u00fck, a lev\u00e9t felfogva, hogy k\u00e9s\u0151bb a pisk\u00f3talapokat meglocsolhassuk vele.<\/p>\n\n\n\n<p style=\"text-align:center\"><br><strong>A torta \u00f6ssze\u00e1ll\u00edt\u00e1sa:<\/strong><\/p>\n\n\n\n<p>A kih\u0171lt pisk\u00f3t\u00e1t 3 egyenl\u0151 r\u00e9szre v\u00e1gjuk. Mind a h\u00e1rmat meglocsoljuk a szirup visszamaradt lev\u00e9vel, majd a kapcsos form\u00e1ba visszahelyezve az els\u0151t, egyenletesen r\u00e9tegezz\u00fck egym\u00e1sra a kr\u00e9mmel \u00e9s a kand\u00edrozott gy\u00fcm\u00f6lcs\u00f6kkel a lapokat. <\/p>\n\n\n\n<div class=\"wp-block-image\"><figure class=\"aligncenter\"><img loading=\"lazy\" decoding=\"async\" width=\"300\" height=\"225\" src=\"http:\/\/blog.glutenmenteschef.hu\/wp-content\/uploads\/2019\/01\/Oroszkrem-1-300x225.jpg\" alt=\"\" class=\"wp-image-26219\" srcset=\"http:\/\/blog.glutenmenteschef.hu\/wp-content\/uploads\/2019\/01\/Oroszkrem-1-300x225.jpg 300w, http:\/\/blog.glutenmenteschef.hu\/wp-content\/uploads\/2019\/01\/Oroszkrem-1-768x576.jpg 768w, http:\/\/blog.glutenmenteschef.hu\/wp-content\/uploads\/2019\/01\/Oroszkrem-1.jpg 1024w\" sizes=\"auto, (max-width: 300px) 100vw, 300px\" \/><\/figure><\/div>\n\n\n\n<div class=\"wp-block-image\"><figure class=\"aligncenter\"><img loading=\"lazy\" decoding=\"async\" width=\"300\" height=\"225\" src=\"http:\/\/blog.glutenmenteschef.hu\/wp-content\/uploads\/2019\/01\/Oroszkrem-2-300x225.jpg\" alt=\"\" class=\"wp-image-26220\" srcset=\"http:\/\/blog.glutenmenteschef.hu\/wp-content\/uploads\/2019\/01\/Oroszkrem-2-300x225.jpg 300w, http:\/\/blog.glutenmenteschef.hu\/wp-content\/uploads\/2019\/01\/Oroszkrem-2-768x576.jpg 768w, http:\/\/blog.glutenmenteschef.hu\/wp-content\/uploads\/2019\/01\/Oroszkrem-2.jpg 1024w\" sizes=\"auto, (max-width: 300px) 100vw, 300px\" \/><\/figure><\/div>\n\n\n\n<div class=\"wp-block-image\"><figure class=\"aligncenter\"><img loading=\"lazy\" decoding=\"async\" width=\"300\" height=\"225\" src=\"http:\/\/blog.glutenmenteschef.hu\/wp-content\/uploads\/2019\/01\/Oroszkrem-3-300x225.jpg\" alt=\"\" class=\"wp-image-26221\" srcset=\"http:\/\/blog.glutenmenteschef.hu\/wp-content\/uploads\/2019\/01\/Oroszkrem-3-300x225.jpg 300w, http:\/\/blog.glutenmenteschef.hu\/wp-content\/uploads\/2019\/01\/Oroszkrem-3-768x576.jpg 768w, http:\/\/blog.glutenmenteschef.hu\/wp-content\/uploads\/2019\/01\/Oroszkrem-3.jpg 1024w\" sizes=\"auto, (max-width: 300px) 100vw, 300px\" \/><\/figure><\/div>\n\n\n\n<p>Ha a legfels\u0151 t\u00e9sztalap is felker\u00fclt, folpackkal l\u00e9gmentesen lef\u00f3li\u00e1zva 3-6 \u00f3r\u00e1ra tegy\u00fck a h\u0171t\u0151be, hogy megdermedjen a kr\u00e9m.<\/p>\n\n\n\n<p><\/p>\n\n\n\n<p style=\"text-align:center\"><\/p>\n\n\n\n<p style=\"text-align:center\"><strong>D\u00edsz\u00edt\u00e9shez:<\/strong><br>500 ml habtejsz\u00edn<br>1 zacsk\u00f3 zselatin fix<br>40 g cukor ( elhagyhat\u00f3 )<br><br><br><\/p>\n\n\n\n<p><\/p>\n\n\n\n<div class=\"wp-block-image\"><figure class=\"aligncenter\"><img loading=\"lazy\" decoding=\"async\" width=\"300\" height=\"225\" src=\"http:\/\/blog.glutenmenteschef.hu\/wp-content\/uploads\/2019\/01\/Oroszkrem-diszites-300x225.jpg\" alt=\"\" class=\"wp-image-26223\" srcset=\"http:\/\/blog.glutenmenteschef.hu\/wp-content\/uploads\/2019\/01\/Oroszkrem-diszites-300x225.jpg 300w, http:\/\/blog.glutenmenteschef.hu\/wp-content\/uploads\/2019\/01\/Oroszkrem-diszites-768x576.jpg 768w, http:\/\/blog.glutenmenteschef.hu\/wp-content\/uploads\/2019\/01\/Oroszkrem-diszites.jpg 1024w\" sizes=\"auto, (max-width: 300px) 100vw, 300px\" \/><\/figure><\/div>\n\n\n\n<p><br>A zselatin fixszel habb\u00e1 vert tejsz\u00ednnel, kokt\u00e9l csereszny\u00e9vel, kand\u00edrozott gy\u00fcm\u00f6lcs\u00f6kkel, csokol\u00e1d\u00e9 forg\u00e1ccsal d\u00edsz\u00edthetj\u00fck. <br><br><strong>S\u00c9F TIPP:<\/strong> El\u0151sz\u00f6r alacsony fokozaton keverj\u00fck \u00f6ssze a cukrot a tejsz\u00ednnel \u00e9s a zselatin fix habfix\u00e1l\u00f3val. Majd magas fokozatra kapcsolva verj\u00fck habb\u00e1 a tejsz\u00ednt.<\/p>\n\n\n\n<div class=\"wp-block-image\"><figure class=\"aligncenter\"><img loading=\"lazy\" decoding=\"async\" width=\"300\" height=\"233\" src=\"http:\/\/blog.glutenmenteschef.hu\/wp-content\/uploads\/2019\/01\/Oroszkrem-6-300x233.jpg\" alt=\"\" class=\"wp-image-26224\" srcset=\"http:\/\/blog.glutenmenteschef.hu\/wp-content\/uploads\/2019\/01\/Oroszkrem-6-300x233.jpg 300w, http:\/\/blog.glutenmenteschef.hu\/wp-content\/uploads\/2019\/01\/Oroszkrem-6-768x598.jpg 768w, http:\/\/blog.glutenmenteschef.hu\/wp-content\/uploads\/2019\/01\/Oroszkrem-6.jpg 1024w\" sizes=\"auto, (max-width: 300px) 100vw, 300px\" \/><\/figure><\/div>\n\n\n\n<p><\/p>\n\n\n\n<div class=\"wp-block-image\"><figure class=\"aligncenter\"><img loading=\"lazy\" decoding=\"async\" width=\"300\" height=\"225\" src=\"http:\/\/blog.glutenmenteschef.hu\/wp-content\/uploads\/2019\/01\/Oroszkrem-16-300x225.jpg\" alt=\"\" class=\"wp-image-26236\" srcset=\"http:\/\/blog.glutenmenteschef.hu\/wp-content\/uploads\/2019\/01\/Oroszkrem-16-300x225.jpg 300w, http:\/\/blog.glutenmenteschef.hu\/wp-content\/uploads\/2019\/01\/Oroszkrem-16-768x576.jpg 768w, http:\/\/blog.glutenmenteschef.hu\/wp-content\/uploads\/2019\/01\/Oroszkrem-16.jpg 1024w\" sizes=\"auto, (max-width: 300px) 100vw, 300px\" \/><\/figure><\/div>\n\n\n\n<p><\/p>\n\n\n\n<p style=\"font-size:22px\"><strong>A tejmentes verzi\u00f3n\u00e1l a fent megadott ar\u00e1nyokkal k\u00f3kuszos n\u00f6v\u00e9nyi tejet, valamint habszifonnal felf\u00fajt Cocomast haszn\u00e1ltam a kr\u00e9mhez.<\/strong><\/p>\n\n\n\n<p><br><br><\/p>\n\n\n\n<p><\/p>\n\n\n\n<div class=\"wp-block-image\"><figure class=\"aligncenter\"><img loading=\"lazy\" decoding=\"async\" width=\"300\" height=\"225\" src=\"http:\/\/blog.glutenmenteschef.hu\/wp-content\/uploads\/2019\/01\/Oroszkrem-tejmentes-1-300x225.jpg\" alt=\"\" class=\"wp-image-26228\" srcset=\"http:\/\/blog.glutenmenteschef.hu\/wp-content\/uploads\/2019\/01\/Oroszkrem-tejmentes-1-300x225.jpg 300w, http:\/\/blog.glutenmenteschef.hu\/wp-content\/uploads\/2019\/01\/Oroszkrem-tejmentes-1-768x576.jpg 768w, http:\/\/blog.glutenmenteschef.hu\/wp-content\/uploads\/2019\/01\/Oroszkrem-tejmentes-1.jpg 1024w\" sizes=\"auto, (max-width: 300px) 100vw, 300px\" \/><\/figure><\/div>\n\n\n\n<div class=\"wp-block-image\"><figure class=\"aligncenter\"><img loading=\"lazy\" decoding=\"async\" width=\"300\" height=\"225\" src=\"http:\/\/blog.glutenmenteschef.hu\/wp-content\/uploads\/2019\/01\/Oroszkrem-tejmentes-2-300x225.jpg\" alt=\"\" class=\"wp-image-26229\" srcset=\"http:\/\/blog.glutenmenteschef.hu\/wp-content\/uploads\/2019\/01\/Oroszkrem-tejmentes-2-300x225.jpg 300w, http:\/\/blog.glutenmenteschef.hu\/wp-content\/uploads\/2019\/01\/Oroszkrem-tejmentes-2-768x576.jpg 768w, http:\/\/blog.glutenmenteschef.hu\/wp-content\/uploads\/2019\/01\/Oroszkrem-tejmentes-2.jpg 1024w\" sizes=\"auto, (max-width: 300px) 100vw, 300px\" \/><\/figure><\/div>\n\n\n\n<p><\/p>\n","protected":false},"excerpt":{"rendered":"<p>Oroszkr\u00e9m torta glut\u00e9nmentesen A torta kr\u00e9mje a megadott ar\u00e1nyokkal n\u00f6v\u00e9nyi tejjel is elk\u00e9sz\u00edthet\u0151!! Pisk\u00f3ta:22 cm-es kapcsos tortaform\u00e1hoz 6 db L-es m\u00e9ret\u0171 toj\u00e1s( 60-65 g, ha kisebb toj\u00e1sokkal dolgozunk, akkor a 6 x 65 g = 390 g legyen a toj\u00e1sok \u00f6sszs\u00falya!!!)180 g rizsliszt120 g krist\u00e1lycukor30 g olvasztott vaj \/ \u00e9tolaj Az eg\u00e9sz toj\u00e1sokat a cukorral <br \/><a class=\"more\" href=\"http:\/\/blog.glutenmenteschef.hu\/index.php\/2019\/01\/19\/oroszkrem-torta-glutenmentesen\/\">Read more&#8230; <\/a><\/p>\n","protected":false},"author":1,"featured_media":26217,"comment_status":"open","ping_status":"open","sticky":false,"template":"","format":"standard","meta":{"footnotes":""},"categories":[335,230],"tags":[310,461,156,355],"class_list":["post-26209","post","type-post","status-publish","format-standard","has-post-thumbnail","hentry","category-rizslisztbol-keszitettem","category-torta","tag-glutenmentes-torta","tag-oroszkrem-torta","tag-piskota-glutenmentesen","tag-rizslisztes-piskota"],"yoast_head":"<!-- This site is optimized with the Yoast SEO plugin v26.5 - https:\/\/yoast.com\/wordpress\/plugins\/seo\/ -->\n<title>OROSZKR\u00c9M TORTA GLUT\u00c9NMENTESEN &#8211; Glut\u00e9nmentes Chef blog - \u00c1tol Tibor<\/title>\n<meta name=\"robots\" content=\"index, follow, max-snippet:-1, max-image-preview:large, max-video-preview:-1\" \/>\n<link rel=\"canonical\" href=\"http:\/\/blog.glutenmenteschef.hu\/index.php\/2019\/01\/19\/oroszkrem-torta-glutenmentesen\/\" \/>\n<meta property=\"og:locale\" content=\"hu_HU\" \/>\n<meta property=\"og:type\" content=\"article\" \/>\n<meta property=\"og:title\" content=\"OROSZKR\u00c9M TORTA GLUT\u00c9NMENTESEN &#8211; Glut\u00e9nmentes Chef blog - \u00c1tol Tibor\" \/>\n<meta property=\"og:description\" content=\"Oroszkr\u00e9m torta glut\u00e9nmentesen A torta kr\u00e9mje a megadott ar\u00e1nyokkal n\u00f6v\u00e9nyi tejjel is elk\u00e9sz\u00edthet\u0151!! Pisk\u00f3ta:22 cm-es kapcsos tortaform\u00e1hoz 6 db L-es m\u00e9ret\u0171 toj\u00e1s( 60-65 g, ha kisebb toj\u00e1sokkal dolgozunk, akkor a 6 x 65 g = 390 g legyen a toj\u00e1sok \u00f6sszs\u00falya!!!)180 g rizsliszt120 g krist\u00e1lycukor30 g olvasztott vaj \/ \u00e9tolaj Az eg\u00e9sz toj\u00e1sokat a cukorral Read more...\" \/>\n<meta property=\"og:url\" content=\"http:\/\/blog.glutenmenteschef.hu\/index.php\/2019\/01\/19\/oroszkrem-torta-glutenmentesen\/\" \/>\n<meta property=\"og:site_name\" content=\"Glut\u00e9nmentes Chef blog - \u00c1tol Tibor\" \/>\n<meta property=\"article:publisher\" content=\"https:\/\/www.facebook.com\/aglutenmentessef\" \/>\n<meta property=\"article:author\" content=\"https:\/\/www.facebook.com\/aglutenmentessef\" \/>\n<meta property=\"article:published_time\" content=\"2019-01-19T08:25:31+00:00\" \/>\n<meta property=\"article:modified_time\" content=\"2020-03-08T10:49:47+00:00\" \/>\n<meta property=\"og:image\" content=\"http:\/\/blog.glutenmenteschef.hu\/wp-content\/uploads\/2019\/01\/Oroszkrem-12.jpg\" \/>\n\t<meta property=\"og:image:width\" content=\"1024\" \/>\n\t<meta property=\"og:image:height\" content=\"767\" \/>\n\t<meta property=\"og:image:type\" content=\"image\/jpeg\" \/>\n<meta name=\"author\" content=\"gmchef\" \/>\n<meta name=\"twitter:card\" content=\"summary_large_image\" \/>\n<meta name=\"twitter:label1\" content=\"Szerz\u0151:\" \/>\n\t<meta name=\"twitter:data1\" content=\"gmchef\" \/>\n\t<meta name=\"twitter:label2\" content=\"Becs\u00fclt olvas\u00e1si id\u0151\" \/>\n\t<meta name=\"twitter:data2\" content=\"3 perc\" \/>\n<script type=\"application\/ld+json\" class=\"yoast-schema-graph\">{\"@context\":\"https:\/\/schema.org\",\"@graph\":[{\"@type\":\"Article\",\"@id\":\"http:\/\/blog.glutenmenteschef.hu\/index.php\/2019\/01\/19\/oroszkrem-torta-glutenmentesen\/#article\",\"isPartOf\":{\"@id\":\"http:\/\/blog.glutenmenteschef.hu\/index.php\/2019\/01\/19\/oroszkrem-torta-glutenmentesen\/\"},\"author\":{\"name\":\"gmchef\",\"@id\":\"https:\/\/blog.glutenmenteschef.hu\/#\/schema\/person\/c07613f0b6c0f12f90b8cb23cf32754a\"},\"headline\":\"OROSZKR\u00c9M TORTA GLUT\u00c9NMENTESEN\",\"datePublished\":\"2019-01-19T08:25:31+00:00\",\"dateModified\":\"2020-03-08T10:49:47+00:00\",\"mainEntityOfPage\":{\"@id\":\"http:\/\/blog.glutenmenteschef.hu\/index.php\/2019\/01\/19\/oroszkrem-torta-glutenmentesen\/\"},\"wordCount\":600,\"commentCount\":0,\"publisher\":{\"@id\":\"https:\/\/blog.glutenmenteschef.hu\/#\/schema\/person\/c07613f0b6c0f12f90b8cb23cf32754a\"},\"image\":{\"@id\":\"http:\/\/blog.glutenmenteschef.hu\/index.php\/2019\/01\/19\/oroszkrem-torta-glutenmentesen\/#primaryimage\"},\"thumbnailUrl\":\"http:\/\/blog.glutenmenteschef.hu\/wp-content\/uploads\/2019\/01\/Oroszkrem-12.jpg\",\"keywords\":[\"glut\u00e9nmentes torta\",\"oroszkr\u00e9m torta\",\"pisk\u00f3ta glut\u00e9nmentesen\",\"rizslisztes pisk\u00f3ta\"],\"articleSection\":[\"Rizslisztb\u0151l k\u00e9sz\u00edtettem\",\"Torta\"],\"inLanguage\":\"hu\",\"potentialAction\":[{\"@type\":\"CommentAction\",\"name\":\"Comment\",\"target\":[\"http:\/\/blog.glutenmenteschef.hu\/index.php\/2019\/01\/19\/oroszkrem-torta-glutenmentesen\/#respond\"]}]},{\"@type\":\"WebPage\",\"@id\":\"http:\/\/blog.glutenmenteschef.hu\/index.php\/2019\/01\/19\/oroszkrem-torta-glutenmentesen\/\",\"url\":\"http:\/\/blog.glutenmenteschef.hu\/index.php\/2019\/01\/19\/oroszkrem-torta-glutenmentesen\/\",\"name\":\"OROSZKR\u00c9M TORTA GLUT\u00c9NMENTESEN &#8211; Glut\u00e9nmentes Chef blog - \u00c1tol Tibor\",\"isPartOf\":{\"@id\":\"https:\/\/blog.glutenmenteschef.hu\/#website\"},\"primaryImageOfPage\":{\"@id\":\"http:\/\/blog.glutenmenteschef.hu\/index.php\/2019\/01\/19\/oroszkrem-torta-glutenmentesen\/#primaryimage\"},\"image\":{\"@id\":\"http:\/\/blog.glutenmenteschef.hu\/index.php\/2019\/01\/19\/oroszkrem-torta-glutenmentesen\/#primaryimage\"},\"thumbnailUrl\":\"http:\/\/blog.glutenmenteschef.hu\/wp-content\/uploads\/2019\/01\/Oroszkrem-12.jpg\",\"datePublished\":\"2019-01-19T08:25:31+00:00\",\"dateModified\":\"2020-03-08T10:49:47+00:00\",\"breadcrumb\":{\"@id\":\"http:\/\/blog.glutenmenteschef.hu\/index.php\/2019\/01\/19\/oroszkrem-torta-glutenmentesen\/#breadcrumb\"},\"inLanguage\":\"hu\",\"potentialAction\":[{\"@type\":\"ReadAction\",\"target\":[\"http:\/\/blog.glutenmenteschef.hu\/index.php\/2019\/01\/19\/oroszkrem-torta-glutenmentesen\/\"]}]},{\"@type\":\"ImageObject\",\"inLanguage\":\"hu\",\"@id\":\"http:\/\/blog.glutenmenteschef.hu\/index.php\/2019\/01\/19\/oroszkrem-torta-glutenmentesen\/#primaryimage\",\"url\":\"http:\/\/blog.glutenmenteschef.hu\/wp-content\/uploads\/2019\/01\/Oroszkrem-12.jpg\",\"contentUrl\":\"http:\/\/blog.glutenmenteschef.hu\/wp-content\/uploads\/2019\/01\/Oroszkrem-12.jpg\",\"width\":1024,\"height\":767},{\"@type\":\"BreadcrumbList\",\"@id\":\"http:\/\/blog.glutenmenteschef.hu\/index.php\/2019\/01\/19\/oroszkrem-torta-glutenmentesen\/#breadcrumb\",\"itemListElement\":[{\"@type\":\"ListItem\",\"position\":1,\"name\":\"Home\",\"item\":\"https:\/\/blog.glutenmenteschef.hu\/\"},{\"@type\":\"ListItem\",\"position\":2,\"name\":\"OROSZKR\u00c9M TORTA GLUT\u00c9NMENTESEN\"}]},{\"@type\":\"WebSite\",\"@id\":\"https:\/\/blog.glutenmenteschef.hu\/#website\",\"url\":\"https:\/\/blog.glutenmenteschef.hu\/\",\"name\":\"Glut\u00e9nmentes Chef blog - \u00c1tol Tibor\",\"description\":\"Glut\u00e9nmentes \u00e9telek, glut\u00e9nmentes receptek, glut\u00e9nmentes vide\u00f3k\",\"publisher\":{\"@id\":\"https:\/\/blog.glutenmenteschef.hu\/#\/schema\/person\/c07613f0b6c0f12f90b8cb23cf32754a\"},\"potentialAction\":[{\"@type\":\"SearchAction\",\"target\":{\"@type\":\"EntryPoint\",\"urlTemplate\":\"https:\/\/blog.glutenmenteschef.hu\/?s={search_term_string}\"},\"query-input\":{\"@type\":\"PropertyValueSpecification\",\"valueRequired\":true,\"valueName\":\"search_term_string\"}}],\"inLanguage\":\"hu\"},{\"@type\":[\"Person\",\"Organization\"],\"@id\":\"https:\/\/blog.glutenmenteschef.hu\/#\/schema\/person\/c07613f0b6c0f12f90b8cb23cf32754a\",\"name\":\"gmchef\",\"image\":{\"@type\":\"ImageObject\",\"inLanguage\":\"hu\",\"@id\":\"https:\/\/blog.glutenmenteschef.hu\/#\/schema\/person\/image\/\",\"url\":\"https:\/\/secure.gravatar.com\/avatar\/363a4977321cb6fa3321b7ac93139b68e56af77880ae9fd5a3b2e7a8279f6d74?s=96&d=mm&r=g\",\"contentUrl\":\"https:\/\/secure.gravatar.com\/avatar\/363a4977321cb6fa3321b7ac93139b68e56af77880ae9fd5a3b2e7a8279f6d74?s=96&d=mm&r=g\",\"caption\":\"gmchef\"},\"logo\":{\"@id\":\"https:\/\/blog.glutenmenteschef.hu\/#\/schema\/person\/image\/\"},\"sameAs\":[\"https:\/\/www.facebook.com\/aglutenmentessef\"]}]}<\/script>\n<!-- \/ Yoast SEO plugin. -->","yoast_head_json":{"title":"OROSZKR\u00c9M TORTA GLUT\u00c9NMENTESEN &#8211; Glut\u00e9nmentes Chef blog - \u00c1tol Tibor","robots":{"index":"index","follow":"follow","max-snippet":"max-snippet:-1","max-image-preview":"max-image-preview:large","max-video-preview":"max-video-preview:-1"},"canonical":"http:\/\/blog.glutenmenteschef.hu\/index.php\/2019\/01\/19\/oroszkrem-torta-glutenmentesen\/","og_locale":"hu_HU","og_type":"article","og_title":"OROSZKR\u00c9M TORTA GLUT\u00c9NMENTESEN &#8211; Glut\u00e9nmentes Chef blog - \u00c1tol Tibor","og_description":"Oroszkr\u00e9m torta glut\u00e9nmentesen A torta kr\u00e9mje a megadott ar\u00e1nyokkal n\u00f6v\u00e9nyi tejjel is elk\u00e9sz\u00edthet\u0151!! Pisk\u00f3ta:22 cm-es kapcsos tortaform\u00e1hoz 6 db L-es m\u00e9ret\u0171 toj\u00e1s( 60-65 g, ha kisebb toj\u00e1sokkal dolgozunk, akkor a 6 x 65 g = 390 g legyen a toj\u00e1sok \u00f6sszs\u00falya!!!)180 g rizsliszt120 g krist\u00e1lycukor30 g olvasztott vaj \/ \u00e9tolaj Az eg\u00e9sz toj\u00e1sokat a cukorral Read more...","og_url":"http:\/\/blog.glutenmenteschef.hu\/index.php\/2019\/01\/19\/oroszkrem-torta-glutenmentesen\/","og_site_name":"Glut\u00e9nmentes Chef blog - \u00c1tol Tibor","article_publisher":"https:\/\/www.facebook.com\/aglutenmentessef","article_author":"https:\/\/www.facebook.com\/aglutenmentessef","article_published_time":"2019-01-19T08:25:31+00:00","article_modified_time":"2020-03-08T10:49:47+00:00","og_image":[{"width":1024,"height":767,"url":"http:\/\/blog.glutenmenteschef.hu\/wp-content\/uploads\/2019\/01\/Oroszkrem-12.jpg","type":"image\/jpeg"}],"author":"gmchef","twitter_card":"summary_large_image","twitter_misc":{"Szerz\u0151:":"gmchef","Becs\u00fclt olvas\u00e1si id\u0151":"3 perc"},"schema":{"@context":"https:\/\/schema.org","@graph":[{"@type":"Article","@id":"http:\/\/blog.glutenmenteschef.hu\/index.php\/2019\/01\/19\/oroszkrem-torta-glutenmentesen\/#article","isPartOf":{"@id":"http:\/\/blog.glutenmenteschef.hu\/index.php\/2019\/01\/19\/oroszkrem-torta-glutenmentesen\/"},"author":{"name":"gmchef","@id":"https:\/\/blog.glutenmenteschef.hu\/#\/schema\/person\/c07613f0b6c0f12f90b8cb23cf32754a"},"headline":"OROSZKR\u00c9M TORTA GLUT\u00c9NMENTESEN","datePublished":"2019-01-19T08:25:31+00:00","dateModified":"2020-03-08T10:49:47+00:00","mainEntityOfPage":{"@id":"http:\/\/blog.glutenmenteschef.hu\/index.php\/2019\/01\/19\/oroszkrem-torta-glutenmentesen\/"},"wordCount":600,"commentCount":0,"publisher":{"@id":"https:\/\/blog.glutenmenteschef.hu\/#\/schema\/person\/c07613f0b6c0f12f90b8cb23cf32754a"},"image":{"@id":"http:\/\/blog.glutenmenteschef.hu\/index.php\/2019\/01\/19\/oroszkrem-torta-glutenmentesen\/#primaryimage"},"thumbnailUrl":"http:\/\/blog.glutenmenteschef.hu\/wp-content\/uploads\/2019\/01\/Oroszkrem-12.jpg","keywords":["glut\u00e9nmentes torta","oroszkr\u00e9m torta","pisk\u00f3ta glut\u00e9nmentesen","rizslisztes pisk\u00f3ta"],"articleSection":["Rizslisztb\u0151l k\u00e9sz\u00edtettem","Torta"],"inLanguage":"hu","potentialAction":[{"@type":"CommentAction","name":"Comment","target":["http:\/\/blog.glutenmenteschef.hu\/index.php\/2019\/01\/19\/oroszkrem-torta-glutenmentesen\/#respond"]}]},{"@type":"WebPage","@id":"http:\/\/blog.glutenmenteschef.hu\/index.php\/2019\/01\/19\/oroszkrem-torta-glutenmentesen\/","url":"http:\/\/blog.glutenmenteschef.hu\/index.php\/2019\/01\/19\/oroszkrem-torta-glutenmentesen\/","name":"OROSZKR\u00c9M TORTA GLUT\u00c9NMENTESEN &#8211; Glut\u00e9nmentes Chef blog - \u00c1tol Tibor","isPartOf":{"@id":"https:\/\/blog.glutenmenteschef.hu\/#website"},"primaryImageOfPage":{"@id":"http:\/\/blog.glutenmenteschef.hu\/index.php\/2019\/01\/19\/oroszkrem-torta-glutenmentesen\/#primaryimage"},"image":{"@id":"http:\/\/blog.glutenmenteschef.hu\/index.php\/2019\/01\/19\/oroszkrem-torta-glutenmentesen\/#primaryimage"},"thumbnailUrl":"http:\/\/blog.glutenmenteschef.hu\/wp-content\/uploads\/2019\/01\/Oroszkrem-12.jpg","datePublished":"2019-01-19T08:25:31+00:00","dateModified":"2020-03-08T10:49:47+00:00","breadcrumb":{"@id":"http:\/\/blog.glutenmenteschef.hu\/index.php\/2019\/01\/19\/oroszkrem-torta-glutenmentesen\/#breadcrumb"},"inLanguage":"hu","potentialAction":[{"@type":"ReadAction","target":["http:\/\/blog.glutenmenteschef.hu\/index.php\/2019\/01\/19\/oroszkrem-torta-glutenmentesen\/"]}]},{"@type":"ImageObject","inLanguage":"hu","@id":"http:\/\/blog.glutenmenteschef.hu\/index.php\/2019\/01\/19\/oroszkrem-torta-glutenmentesen\/#primaryimage","url":"http:\/\/blog.glutenmenteschef.hu\/wp-content\/uploads\/2019\/01\/Oroszkrem-12.jpg","contentUrl":"http:\/\/blog.glutenmenteschef.hu\/wp-content\/uploads\/2019\/01\/Oroszkrem-12.jpg","width":1024,"height":767},{"@type":"BreadcrumbList","@id":"http:\/\/blog.glutenmenteschef.hu\/index.php\/2019\/01\/19\/oroszkrem-torta-glutenmentesen\/#breadcrumb","itemListElement":[{"@type":"ListItem","position":1,"name":"Home","item":"https:\/\/blog.glutenmenteschef.hu\/"},{"@type":"ListItem","position":2,"name":"OROSZKR\u00c9M TORTA GLUT\u00c9NMENTESEN"}]},{"@type":"WebSite","@id":"https:\/\/blog.glutenmenteschef.hu\/#website","url":"https:\/\/blog.glutenmenteschef.hu\/","name":"Glut\u00e9nmentes Chef blog - \u00c1tol Tibor","description":"Glut\u00e9nmentes \u00e9telek, glut\u00e9nmentes receptek, glut\u00e9nmentes vide\u00f3k","publisher":{"@id":"https:\/\/blog.glutenmenteschef.hu\/#\/schema\/person\/c07613f0b6c0f12f90b8cb23cf32754a"},"potentialAction":[{"@type":"SearchAction","target":{"@type":"EntryPoint","urlTemplate":"https:\/\/blog.glutenmenteschef.hu\/?s={search_term_string}"},"query-input":{"@type":"PropertyValueSpecification","valueRequired":true,"valueName":"search_term_string"}}],"inLanguage":"hu"},{"@type":["Person","Organization"],"@id":"https:\/\/blog.glutenmenteschef.hu\/#\/schema\/person\/c07613f0b6c0f12f90b8cb23cf32754a","name":"gmchef","image":{"@type":"ImageObject","inLanguage":"hu","@id":"https:\/\/blog.glutenmenteschef.hu\/#\/schema\/person\/image\/","url":"https:\/\/secure.gravatar.com\/avatar\/363a4977321cb6fa3321b7ac93139b68e56af77880ae9fd5a3b2e7a8279f6d74?s=96&d=mm&r=g","contentUrl":"https:\/\/secure.gravatar.com\/avatar\/363a4977321cb6fa3321b7ac93139b68e56af77880ae9fd5a3b2e7a8279f6d74?s=96&d=mm&r=g","caption":"gmchef"},"logo":{"@id":"https:\/\/blog.glutenmenteschef.hu\/#\/schema\/person\/image\/"},"sameAs":["https:\/\/www.facebook.com\/aglutenmentessef"]}]}},"_links":{"self":[{"href":"http:\/\/blog.glutenmenteschef.hu\/index.php\/wp-json\/wp\/v2\/posts\/26209","targetHints":{"allow":["GET"]}}],"collection":[{"href":"http:\/\/blog.glutenmenteschef.hu\/index.php\/wp-json\/wp\/v2\/posts"}],"about":[{"href":"http:\/\/blog.glutenmenteschef.hu\/index.php\/wp-json\/wp\/v2\/types\/post"}],"author":[{"embeddable":true,"href":"http:\/\/blog.glutenmenteschef.hu\/index.php\/wp-json\/wp\/v2\/users\/1"}],"replies":[{"embeddable":true,"href":"http:\/\/blog.glutenmenteschef.hu\/index.php\/wp-json\/wp\/v2\/comments?post=26209"}],"version-history":[{"count":0,"href":"http:\/\/blog.glutenmenteschef.hu\/index.php\/wp-json\/wp\/v2\/posts\/26209\/revisions"}],"wp:featuredmedia":[{"embeddable":true,"href":"http:\/\/blog.glutenmenteschef.hu\/index.php\/wp-json\/wp\/v2\/media\/26217"}],"wp:attachment":[{"href":"http:\/\/blog.glutenmenteschef.hu\/index.php\/wp-json\/wp\/v2\/media?parent=26209"}],"wp:term":[{"taxonomy":"category","embeddable":true,"href":"http:\/\/blog.glutenmenteschef.hu\/index.php\/wp-json\/wp\/v2\/categories?post=26209"},{"taxonomy":"post_tag","embeddable":true,"href":"http:\/\/blog.glutenmenteschef.hu\/index.php\/wp-json\/wp\/v2\/tags?post=26209"}],"curies":[{"name":"wp","href":"https:\/\/api.w.org\/{rel}","templated":true}]}}