{"id":26063,"date":"2019-01-04T15:47:41","date_gmt":"2019-01-04T15:47:41","guid":{"rendered":"http:\/\/blog.glutenmenteschef.hu\/?p=26063"},"modified":"2020-07-02T22:03:38","modified_gmt":"2020-07-02T22:03:38","slug":"diotorta-feher-csokikremmel-glutenmentesen","status":"publish","type":"post","link":"http:\/\/blog.glutenmenteschef.hu\/index.php\/2019\/01\/04\/diotorta-feher-csokikremmel-glutenmentesen\/","title":{"rendered":"DI\u00d3TORTA FEH\u00c9R CSOKIKR\u00c9MMEL GLUT\u00c9NMENTESEN"},"content":{"rendered":"\n<h3 class=\"wp-block-heading\" style=\"text-align:center\">Di\u00f3torta feh\u00e9r csokikr\u00e9mmel glut\u00e9nmentesen<br><br><br><\/h3>\n\n\n\n<div class=\"wp-block-image\"><figure class=\"aligncenter is-resized\"><img loading=\"lazy\" decoding=\"async\" src=\"https:\/\/blog.glutenmenteschef.hu\/wp-content\/uploads\/2020\/07\/Dio-torta-1.jpg\" alt=\"\" class=\"wp-image-28198\" width=\"512\" height=\"384\" srcset=\"http:\/\/blog.glutenmenteschef.hu\/wp-content\/uploads\/2020\/07\/Dio-torta-1.jpg 1024w, http:\/\/blog.glutenmenteschef.hu\/wp-content\/uploads\/2020\/07\/Dio-torta-1-300x225.jpg 300w, http:\/\/blog.glutenmenteschef.hu\/wp-content\/uploads\/2020\/07\/Dio-torta-1-768x576.jpg 768w\" sizes=\"auto, (max-width: 512px) 100vw, 512px\" \/><\/figure><\/div>\n\n\n\n<p style=\"text-align:center\" class=\"has-medium-font-size\"><br><strong><br>A torta elk\u00e9sz\u00edt\u00e9s\u00e9t a kr\u00e9mmel kezdj\u00fck.<\/strong><\/p>\n\n\n\n<p style=\"text-align:center\"><strong>Feh\u00e9r csoki kr\u00e9m<\/strong><br>750 ml habtejsz\u00edn<br>400 g feh\u00e9r csoki<\/p>\n\n\n\n<p style=\"text-align:center\">250 g dar\u00e1lt di\u00f3<br>10 ml van\u00edlia kivonat<\/p>\n\n\n\n<p><br><br>A habtejsz\u00ednt forr\u00e1spontig meleg\u00edtj\u00fck, majd a t\u0171zr\u0151l levessz\u00fck \u00e9s egy t\u00e1lban az apr\u00f3ra t\u00f6rt feh\u00e9r csokol\u00e1d\u00e9ra csorgatjuk folyamatos kever\u00e9s mellett. A csoki felolvad\u00e1sa ut\u00e1n is m\u00e9g 2 percig kevergetj\u00fck. Szoba h\u0151m\u00e9rs\u00e9klet\u0171re h\u0171tj\u00fck, majd folpackkal lez\u00e1rva minimum 12 \u00f3r\u00e1ra a h\u0171t\u0151szekr\u00e9nybe tessz\u00fck.<\/p>\n\n\n\n<h5 class=\"wp-block-heading\" style=\"text-align:center\"><br><strong><br>Di\u00f3s pisk\u00f3ta<br>22 cm \u00e1tm\u00e9r\u0151j\u0171 tortakarik\u00e1hoz<\/strong><\/h5>\n\n\n\n<p style=\"text-align:center\">6 db L-es m\u00e9ret\u0171 ( 60-65 g ) toj\u00e1s<br>120 g cukor<span class=\"text_exposed_show\"><br>120 g rizsliszt<br>30 g finomra dar\u00e1lt di\u00f3<\/span><\/p>\n\n\n\n<p><br><br><br><span class=\"text_exposed_show\">A toj\u00e1sokat kett\u00e9 v\u00e1lasztjuk, a s\u00e1rg\u00e1j\u00e1t habosra keverj\u00fck a cukorral ( am\u00edg a cukor el nem olvad ). A rizslisztet hozz\u00e1szit\u00e1ljuk a di\u00f3hoz \u00e9s hozz\u00e1adjuk a toj\u00e1sos cukorhoz. Csom\u00f3mentesre keverj\u00fck. A toj\u00e1sfeh\u00e9rj\u00e9t kem\u00e9ny habb\u00e1 verj\u00fck, majd laz\u00e1n beleforgatjuk a lisztes massz\u00e1ba, \u00fagy hogy a hab ne t\u00f6rj\u00f6n \u00f6ssze. Magas fal\u00fa tepsit \/ tortakarik\u00e1t kivajazzuk, az alj\u00e1ba s\u00fct\u0151pap\u00edrt ter\u00edt\u00fcnk, majd ezt a pap\u00edrt is megkenj\u00fck vajjal. Bele\u00f6ntj\u00fck a t\u00e9szt\u00e1t \u00e9s 150 fokos el\u0151meleg\u00edtett s\u00fct\u0151ben, als\u00f3-fels\u0151 s\u00fct\u00e9si m\u00f3dozaton k\u00e9szre s\u00fctj\u00fck, kb. 50 perc, de mindenk\u00e9ppen v\u00e9gezz\u00fcnk t\u0171pr\u00f3b\u00e1t. <br><\/span><\/p>\n\n\n\n<p><strong>S\u00c9F TIPP:<\/strong> A t\u0171pr\u00f3b\u00e1t a nev\u00e9vel ellent\u00e9tben hurkap\u00e1lc\u00e1val vagy fogpiszk\u00e1l\u00f3val v\u00e9gezz\u00fck, mert sokkal pontosabban megmutatja, hogy k\u00e9szre s\u00fclt-e m\u00e1r a t\u00e9szta. M\u00edg a f\u00e9mt\u0171re m\u00e1r a 90%-ban megs\u00fclt t\u00e9szta sem ragad r\u00e1 \u00e9s k\u00e9sznek gondolhatjuk, addig a fa alap\u00fa p\u00e1lca \u00e9rdes fel\u00fclete csak akkor marad tiszta, ha val\u00f3ban nem nyers m\u00e1r a pisk\u00f3ta.<br><br><\/p>\n\n\n\n<div class=\"wp-block-image\"><figure class=\"aligncenter is-resized\"><img loading=\"lazy\" decoding=\"async\" src=\"https:\/\/blog.glutenmenteschef.hu\/wp-content\/uploads\/2020\/07\/Dios-piskota-2.jpg\" alt=\"\" class=\"wp-image-28199\" width=\"512\" height=\"384\" srcset=\"http:\/\/blog.glutenmenteschef.hu\/wp-content\/uploads\/2020\/07\/Dios-piskota-2.jpg 1024w, http:\/\/blog.glutenmenteschef.hu\/wp-content\/uploads\/2020\/07\/Dios-piskota-2-300x225.jpg 300w, http:\/\/blog.glutenmenteschef.hu\/wp-content\/uploads\/2020\/07\/Dios-piskota-2-768x576.jpg 768w\" sizes=\"auto, (max-width: 512px) 100vw, 512px\" \/><\/figure><\/div>\n\n\n\n<h5 class=\"wp-block-heading\"><br><br><strong>A torta \u00f6ssze\u00e1ll\u00edt\u00e1sa:<\/strong><\/h5>\n\n\n\n<p>A feh\u00e9r csoki kr\u00e9met g\u00e9p seg\u00edts\u00e9g\u00e9vel habb\u00e1 verj\u00fck. Majd a <span class=\"text_exposed_show\">kr\u00e9mbe 250 g dar\u00e1lt di\u00f3t \u00e9s 10 ml van\u00edlia kivonatot \u00f3vatosan beleforgatunk.<br>A megs\u00fclt \u00e9s kih\u0171lt pisk\u00f3t\u00e1t 3 egyenl\u0151 r\u00e9szre v\u00e1gjuk. A kr\u00e9met 3 r\u00e9szre osztjuk, majd cukr\u00e1sz spakli seg\u00edts\u00e9g\u00e9vel egyenk\u00e9nt megkenj\u00fck \u00e9s egym\u00e1sra r\u00e9tegezz\u00fck a lapokat. Miut\u00e1n a harmadikat t\u00e9sztalapot is r\u00e1helyezt\u00fck, a marad\u00e9k kr\u00e9mmel e felsz\u00edn\u00e9t is sz\u00e9pen egyenletesen bevonjuk.<\/span><\/p>\n\n\n\n<p>\u00cdzl\u00e9s szerint tejsz\u00ednhabbal, csokol\u00e1d\u00e9forg\u00e1ccsal \u00e9s di\u00f3val d\u00edsz\u00edthetj\u00fck.<br><br><br><\/p>\n\n\n\n<p><\/p>\n\n\n\n<div class=\"wp-block-image\"><figure class=\"aligncenter is-resized\"><img loading=\"lazy\" decoding=\"async\" src=\"https:\/\/blog.glutenmenteschef.hu\/wp-content\/uploads\/2020\/07\/Dio-torta-6.jpg\" alt=\"\" class=\"wp-image-28201\" width=\"512\" height=\"384\" srcset=\"http:\/\/blog.glutenmenteschef.hu\/wp-content\/uploads\/2020\/07\/Dio-torta-6.jpg 1024w, http:\/\/blog.glutenmenteschef.hu\/wp-content\/uploads\/2020\/07\/Dio-torta-6-300x225.jpg 300w, http:\/\/blog.glutenmenteschef.hu\/wp-content\/uploads\/2020\/07\/Dio-torta-6-768x576.jpg 768w\" sizes=\"auto, (max-width: 512px) 100vw, 512px\" \/><figcaption><br><br><\/figcaption><\/figure><\/div>\n\n\n\n<div class=\"wp-block-image\"><figure class=\"aligncenter is-resized\"><img loading=\"lazy\" decoding=\"async\" src=\"https:\/\/blog.glutenmenteschef.hu\/wp-content\/uploads\/2020\/07\/Dio-torta-10.jpg\" alt=\"\" class=\"wp-image-28200\" width=\"512\" height=\"681\" srcset=\"http:\/\/blog.glutenmenteschef.hu\/wp-content\/uploads\/2020\/07\/Dio-torta-10.jpg 1024w, http:\/\/blog.glutenmenteschef.hu\/wp-content\/uploads\/2020\/07\/Dio-torta-10-226x300.jpg 226w, http:\/\/blog.glutenmenteschef.hu\/wp-content\/uploads\/2020\/07\/Dio-torta-10-768x1022.jpg 768w\" sizes=\"auto, (max-width: 512px) 100vw, 512px\" \/><\/figure><\/div>\n","protected":false},"excerpt":{"rendered":"<p>Di\u00f3torta feh\u00e9r csokikr\u00e9mmel glut\u00e9nmentesen A torta elk\u00e9sz\u00edt\u00e9s\u00e9t a kr\u00e9mmel kezdj\u00fck. Feh\u00e9r csoki kr\u00e9m750 ml habtejsz\u00edn400 g feh\u00e9r csoki 250 g dar\u00e1lt di\u00f310 ml van\u00edlia kivonat A habtejsz\u00ednt forr\u00e1spontig meleg\u00edtj\u00fck, majd a t\u0171zr\u0151l levessz\u00fck \u00e9s egy t\u00e1lban az apr\u00f3ra t\u00f6rt feh\u00e9r csokol\u00e1d\u00e9ra csorgatjuk folyamatos kever\u00e9s mellett. A csoki felolvad\u00e1sa ut\u00e1n is m\u00e9g 2 percig kevergetj\u00fck. Szoba <br \/><a class=\"more\" href=\"http:\/\/blog.glutenmenteschef.hu\/index.php\/2019\/01\/04\/diotorta-feher-csokikremmel-glutenmentesen\/\">Read more&#8230; <\/a><\/p>\n","protected":false},"author":1,"featured_media":26068,"comment_status":"open","ping_status":"open","sticky":false,"template":"","format":"standard","meta":{"footnotes":""},"categories":[27,335,230],"tags":[455,453,454,5,190],"class_list":["post-26063","post","type-post","status-publish","format-standard","has-post-thumbnail","hentry","category-desszert","category-rizslisztbol-keszitettem","category-torta","tag-csokis-dios-krem","tag-diotorta","tag-diotorta-glutenmentesen","tag-glutenmentes","tag-rizsliszt"],"yoast_head":"<!-- This site is optimized with the Yoast SEO plugin v26.5 - https:\/\/yoast.com\/wordpress\/plugins\/seo\/ -->\n<title>DI\u00d3TORTA FEH\u00c9R CSOKIKR\u00c9MMEL GLUT\u00c9NMENTESEN &#8211; Glut\u00e9nmentes Chef blog - \u00c1tol Tibor<\/title>\n<meta name=\"robots\" content=\"index, follow, max-snippet:-1, max-image-preview:large, max-video-preview:-1\" \/>\n<link rel=\"canonical\" href=\"http:\/\/blog.glutenmenteschef.hu\/index.php\/2019\/01\/04\/diotorta-feher-csokikremmel-glutenmentesen\/\" \/>\n<meta property=\"og:locale\" content=\"hu_HU\" \/>\n<meta property=\"og:type\" content=\"article\" \/>\n<meta property=\"og:title\" content=\"DI\u00d3TORTA FEH\u00c9R CSOKIKR\u00c9MMEL GLUT\u00c9NMENTESEN &#8211; Glut\u00e9nmentes Chef blog - \u00c1tol Tibor\" \/>\n<meta property=\"og:description\" content=\"Di\u00f3torta feh\u00e9r csokikr\u00e9mmel glut\u00e9nmentesen A torta elk\u00e9sz\u00edt\u00e9s\u00e9t a kr\u00e9mmel kezdj\u00fck. Feh\u00e9r csoki kr\u00e9m750 ml habtejsz\u00edn400 g feh\u00e9r csoki 250 g dar\u00e1lt di\u00f310 ml van\u00edlia kivonat A habtejsz\u00ednt forr\u00e1spontig meleg\u00edtj\u00fck, majd a t\u0171zr\u0151l levessz\u00fck \u00e9s egy t\u00e1lban az apr\u00f3ra t\u00f6rt feh\u00e9r csokol\u00e1d\u00e9ra csorgatjuk folyamatos kever\u00e9s mellett. A csoki felolvad\u00e1sa ut\u00e1n is m\u00e9g 2 percig kevergetj\u00fck. Szoba Read more...\" \/>\n<meta property=\"og:url\" content=\"http:\/\/blog.glutenmenteschef.hu\/index.php\/2019\/01\/04\/diotorta-feher-csokikremmel-glutenmentesen\/\" \/>\n<meta property=\"og:site_name\" content=\"Glut\u00e9nmentes Chef blog - \u00c1tol Tibor\" \/>\n<meta property=\"article:publisher\" content=\"https:\/\/www.facebook.com\/aglutenmentessef\" \/>\n<meta property=\"article:author\" content=\"https:\/\/www.facebook.com\/aglutenmentessef\" \/>\n<meta property=\"article:published_time\" content=\"2019-01-04T15:47:41+00:00\" \/>\n<meta property=\"article:modified_time\" content=\"2020-07-02T22:03:38+00:00\" \/>\n<meta property=\"og:image\" content=\"http:\/\/blog.glutenmenteschef.hu\/wp-content\/uploads\/2018\/12\/diotarta3.jpg\" \/>\n\t<meta property=\"og:image:width\" content=\"1024\" \/>\n\t<meta property=\"og:image:height\" content=\"768\" \/>\n\t<meta property=\"og:image:type\" content=\"image\/jpeg\" \/>\n<meta name=\"author\" content=\"gmchef\" \/>\n<meta name=\"twitter:card\" content=\"summary_large_image\" \/>\n<meta name=\"twitter:label1\" content=\"Szerz\u0151:\" \/>\n\t<meta name=\"twitter:data1\" content=\"gmchef\" \/>\n\t<meta name=\"twitter:label2\" content=\"Becs\u00fclt olvas\u00e1si id\u0151\" \/>\n\t<meta name=\"twitter:data2\" content=\"2 perc\" \/>\n<script type=\"application\/ld+json\" class=\"yoast-schema-graph\">{\"@context\":\"https:\/\/schema.org\",\"@graph\":[{\"@type\":\"Article\",\"@id\":\"http:\/\/blog.glutenmenteschef.hu\/index.php\/2019\/01\/04\/diotorta-feher-csokikremmel-glutenmentesen\/#article\",\"isPartOf\":{\"@id\":\"http:\/\/blog.glutenmenteschef.hu\/index.php\/2019\/01\/04\/diotorta-feher-csokikremmel-glutenmentesen\/\"},\"author\":{\"name\":\"gmchef\",\"@id\":\"https:\/\/blog.glutenmenteschef.hu\/#\/schema\/person\/c07613f0b6c0f12f90b8cb23cf32754a\"},\"headline\":\"DI\u00d3TORTA FEH\u00c9R CSOKIKR\u00c9MMEL GLUT\u00c9NMENTESEN\",\"datePublished\":\"2019-01-04T15:47:41+00:00\",\"dateModified\":\"2020-07-02T22:03:38+00:00\",\"mainEntityOfPage\":{\"@id\":\"http:\/\/blog.glutenmenteschef.hu\/index.php\/2019\/01\/04\/diotorta-feher-csokikremmel-glutenmentesen\/\"},\"wordCount\":475,\"commentCount\":0,\"publisher\":{\"@id\":\"https:\/\/blog.glutenmenteschef.hu\/#\/schema\/person\/c07613f0b6c0f12f90b8cb23cf32754a\"},\"image\":{\"@id\":\"http:\/\/blog.glutenmenteschef.hu\/index.php\/2019\/01\/04\/diotorta-feher-csokikremmel-glutenmentesen\/#primaryimage\"},\"thumbnailUrl\":\"http:\/\/blog.glutenmenteschef.hu\/wp-content\/uploads\/2018\/12\/diotarta3.jpg\",\"keywords\":[\"csokis-di\u00f3s kr\u00e9m\",\"di\u00f3torta\",\"di\u00f3torta glut\u00e9nmentesen\",\"glut\u00e9nmentes\",\"rizsliszt\"],\"articleSection\":[\"Desszert-S\u00fctem\u00e9ny\",\"Rizslisztb\u0151l k\u00e9sz\u00edtettem\",\"Torta\"],\"inLanguage\":\"hu\",\"potentialAction\":[{\"@type\":\"CommentAction\",\"name\":\"Comment\",\"target\":[\"http:\/\/blog.glutenmenteschef.hu\/index.php\/2019\/01\/04\/diotorta-feher-csokikremmel-glutenmentesen\/#respond\"]}]},{\"@type\":\"WebPage\",\"@id\":\"http:\/\/blog.glutenmenteschef.hu\/index.php\/2019\/01\/04\/diotorta-feher-csokikremmel-glutenmentesen\/\",\"url\":\"http:\/\/blog.glutenmenteschef.hu\/index.php\/2019\/01\/04\/diotorta-feher-csokikremmel-glutenmentesen\/\",\"name\":\"DI\u00d3TORTA FEH\u00c9R CSOKIKR\u00c9MMEL GLUT\u00c9NMENTESEN &#8211; Glut\u00e9nmentes Chef blog - \u00c1tol Tibor\",\"isPartOf\":{\"@id\":\"https:\/\/blog.glutenmenteschef.hu\/#website\"},\"primaryImageOfPage\":{\"@id\":\"http:\/\/blog.glutenmenteschef.hu\/index.php\/2019\/01\/04\/diotorta-feher-csokikremmel-glutenmentesen\/#primaryimage\"},\"image\":{\"@id\":\"http:\/\/blog.glutenmenteschef.hu\/index.php\/2019\/01\/04\/diotorta-feher-csokikremmel-glutenmentesen\/#primaryimage\"},\"thumbnailUrl\":\"http:\/\/blog.glutenmenteschef.hu\/wp-content\/uploads\/2018\/12\/diotarta3.jpg\",\"datePublished\":\"2019-01-04T15:47:41+00:00\",\"dateModified\":\"2020-07-02T22:03:38+00:00\",\"breadcrumb\":{\"@id\":\"http:\/\/blog.glutenmenteschef.hu\/index.php\/2019\/01\/04\/diotorta-feher-csokikremmel-glutenmentesen\/#breadcrumb\"},\"inLanguage\":\"hu\",\"potentialAction\":[{\"@type\":\"ReadAction\",\"target\":[\"http:\/\/blog.glutenmenteschef.hu\/index.php\/2019\/01\/04\/diotorta-feher-csokikremmel-glutenmentesen\/\"]}]},{\"@type\":\"ImageObject\",\"inLanguage\":\"hu\",\"@id\":\"http:\/\/blog.glutenmenteschef.hu\/index.php\/2019\/01\/04\/diotorta-feher-csokikremmel-glutenmentesen\/#primaryimage\",\"url\":\"http:\/\/blog.glutenmenteschef.hu\/wp-content\/uploads\/2018\/12\/diotarta3.jpg\",\"contentUrl\":\"http:\/\/blog.glutenmenteschef.hu\/wp-content\/uploads\/2018\/12\/diotarta3.jpg\",\"width\":1024,\"height\":768},{\"@type\":\"BreadcrumbList\",\"@id\":\"http:\/\/blog.glutenmenteschef.hu\/index.php\/2019\/01\/04\/diotorta-feher-csokikremmel-glutenmentesen\/#breadcrumb\",\"itemListElement\":[{\"@type\":\"ListItem\",\"position\":1,\"name\":\"Home\",\"item\":\"https:\/\/blog.glutenmenteschef.hu\/\"},{\"@type\":\"ListItem\",\"position\":2,\"name\":\"DI\u00d3TORTA FEH\u00c9R CSOKIKR\u00c9MMEL GLUT\u00c9NMENTESEN\"}]},{\"@type\":\"WebSite\",\"@id\":\"https:\/\/blog.glutenmenteschef.hu\/#website\",\"url\":\"https:\/\/blog.glutenmenteschef.hu\/\",\"name\":\"Glut\u00e9nmentes Chef blog - \u00c1tol Tibor\",\"description\":\"Glut\u00e9nmentes \u00e9telek, glut\u00e9nmentes receptek, glut\u00e9nmentes vide\u00f3k\",\"publisher\":{\"@id\":\"https:\/\/blog.glutenmenteschef.hu\/#\/schema\/person\/c07613f0b6c0f12f90b8cb23cf32754a\"},\"potentialAction\":[{\"@type\":\"SearchAction\",\"target\":{\"@type\":\"EntryPoint\",\"urlTemplate\":\"https:\/\/blog.glutenmenteschef.hu\/?s={search_term_string}\"},\"query-input\":{\"@type\":\"PropertyValueSpecification\",\"valueRequired\":true,\"valueName\":\"search_term_string\"}}],\"inLanguage\":\"hu\"},{\"@type\":[\"Person\",\"Organization\"],\"@id\":\"https:\/\/blog.glutenmenteschef.hu\/#\/schema\/person\/c07613f0b6c0f12f90b8cb23cf32754a\",\"name\":\"gmchef\",\"image\":{\"@type\":\"ImageObject\",\"inLanguage\":\"hu\",\"@id\":\"https:\/\/blog.glutenmenteschef.hu\/#\/schema\/person\/image\/\",\"url\":\"https:\/\/secure.gravatar.com\/avatar\/363a4977321cb6fa3321b7ac93139b68e56af77880ae9fd5a3b2e7a8279f6d74?s=96&d=mm&r=g\",\"contentUrl\":\"https:\/\/secure.gravatar.com\/avatar\/363a4977321cb6fa3321b7ac93139b68e56af77880ae9fd5a3b2e7a8279f6d74?s=96&d=mm&r=g\",\"caption\":\"gmchef\"},\"logo\":{\"@id\":\"https:\/\/blog.glutenmenteschef.hu\/#\/schema\/person\/image\/\"},\"sameAs\":[\"https:\/\/www.facebook.com\/aglutenmentessef\"]}]}<\/script>\n<!-- \/ Yoast SEO plugin. -->","yoast_head_json":{"title":"DI\u00d3TORTA FEH\u00c9R CSOKIKR\u00c9MMEL GLUT\u00c9NMENTESEN &#8211; Glut\u00e9nmentes Chef blog - \u00c1tol Tibor","robots":{"index":"index","follow":"follow","max-snippet":"max-snippet:-1","max-image-preview":"max-image-preview:large","max-video-preview":"max-video-preview:-1"},"canonical":"http:\/\/blog.glutenmenteschef.hu\/index.php\/2019\/01\/04\/diotorta-feher-csokikremmel-glutenmentesen\/","og_locale":"hu_HU","og_type":"article","og_title":"DI\u00d3TORTA FEH\u00c9R CSOKIKR\u00c9MMEL GLUT\u00c9NMENTESEN &#8211; Glut\u00e9nmentes Chef blog - \u00c1tol Tibor","og_description":"Di\u00f3torta feh\u00e9r csokikr\u00e9mmel glut\u00e9nmentesen A torta elk\u00e9sz\u00edt\u00e9s\u00e9t a kr\u00e9mmel kezdj\u00fck. Feh\u00e9r csoki kr\u00e9m750 ml habtejsz\u00edn400 g feh\u00e9r csoki 250 g dar\u00e1lt di\u00f310 ml van\u00edlia kivonat A habtejsz\u00ednt forr\u00e1spontig meleg\u00edtj\u00fck, majd a t\u0171zr\u0151l levessz\u00fck \u00e9s egy t\u00e1lban az apr\u00f3ra t\u00f6rt feh\u00e9r csokol\u00e1d\u00e9ra csorgatjuk folyamatos kever\u00e9s mellett. A csoki felolvad\u00e1sa ut\u00e1n is m\u00e9g 2 percig kevergetj\u00fck. Szoba Read more...","og_url":"http:\/\/blog.glutenmenteschef.hu\/index.php\/2019\/01\/04\/diotorta-feher-csokikremmel-glutenmentesen\/","og_site_name":"Glut\u00e9nmentes Chef blog - \u00c1tol Tibor","article_publisher":"https:\/\/www.facebook.com\/aglutenmentessef","article_author":"https:\/\/www.facebook.com\/aglutenmentessef","article_published_time":"2019-01-04T15:47:41+00:00","article_modified_time":"2020-07-02T22:03:38+00:00","og_image":[{"width":1024,"height":768,"url":"http:\/\/blog.glutenmenteschef.hu\/wp-content\/uploads\/2018\/12\/diotarta3.jpg","type":"image\/jpeg"}],"author":"gmchef","twitter_card":"summary_large_image","twitter_misc":{"Szerz\u0151:":"gmchef","Becs\u00fclt olvas\u00e1si id\u0151":"2 perc"},"schema":{"@context":"https:\/\/schema.org","@graph":[{"@type":"Article","@id":"http:\/\/blog.glutenmenteschef.hu\/index.php\/2019\/01\/04\/diotorta-feher-csokikremmel-glutenmentesen\/#article","isPartOf":{"@id":"http:\/\/blog.glutenmenteschef.hu\/index.php\/2019\/01\/04\/diotorta-feher-csokikremmel-glutenmentesen\/"},"author":{"name":"gmchef","@id":"https:\/\/blog.glutenmenteschef.hu\/#\/schema\/person\/c07613f0b6c0f12f90b8cb23cf32754a"},"headline":"DI\u00d3TORTA FEH\u00c9R CSOKIKR\u00c9MMEL GLUT\u00c9NMENTESEN","datePublished":"2019-01-04T15:47:41+00:00","dateModified":"2020-07-02T22:03:38+00:00","mainEntityOfPage":{"@id":"http:\/\/blog.glutenmenteschef.hu\/index.php\/2019\/01\/04\/diotorta-feher-csokikremmel-glutenmentesen\/"},"wordCount":475,"commentCount":0,"publisher":{"@id":"https:\/\/blog.glutenmenteschef.hu\/#\/schema\/person\/c07613f0b6c0f12f90b8cb23cf32754a"},"image":{"@id":"http:\/\/blog.glutenmenteschef.hu\/index.php\/2019\/01\/04\/diotorta-feher-csokikremmel-glutenmentesen\/#primaryimage"},"thumbnailUrl":"http:\/\/blog.glutenmenteschef.hu\/wp-content\/uploads\/2018\/12\/diotarta3.jpg","keywords":["csokis-di\u00f3s kr\u00e9m","di\u00f3torta","di\u00f3torta glut\u00e9nmentesen","glut\u00e9nmentes","rizsliszt"],"articleSection":["Desszert-S\u00fctem\u00e9ny","Rizslisztb\u0151l k\u00e9sz\u00edtettem","Torta"],"inLanguage":"hu","potentialAction":[{"@type":"CommentAction","name":"Comment","target":["http:\/\/blog.glutenmenteschef.hu\/index.php\/2019\/01\/04\/diotorta-feher-csokikremmel-glutenmentesen\/#respond"]}]},{"@type":"WebPage","@id":"http:\/\/blog.glutenmenteschef.hu\/index.php\/2019\/01\/04\/diotorta-feher-csokikremmel-glutenmentesen\/","url":"http:\/\/blog.glutenmenteschef.hu\/index.php\/2019\/01\/04\/diotorta-feher-csokikremmel-glutenmentesen\/","name":"DI\u00d3TORTA FEH\u00c9R CSOKIKR\u00c9MMEL GLUT\u00c9NMENTESEN &#8211; Glut\u00e9nmentes Chef blog - \u00c1tol Tibor","isPartOf":{"@id":"https:\/\/blog.glutenmenteschef.hu\/#website"},"primaryImageOfPage":{"@id":"http:\/\/blog.glutenmenteschef.hu\/index.php\/2019\/01\/04\/diotorta-feher-csokikremmel-glutenmentesen\/#primaryimage"},"image":{"@id":"http:\/\/blog.glutenmenteschef.hu\/index.php\/2019\/01\/04\/diotorta-feher-csokikremmel-glutenmentesen\/#primaryimage"},"thumbnailUrl":"http:\/\/blog.glutenmenteschef.hu\/wp-content\/uploads\/2018\/12\/diotarta3.jpg","datePublished":"2019-01-04T15:47:41+00:00","dateModified":"2020-07-02T22:03:38+00:00","breadcrumb":{"@id":"http:\/\/blog.glutenmenteschef.hu\/index.php\/2019\/01\/04\/diotorta-feher-csokikremmel-glutenmentesen\/#breadcrumb"},"inLanguage":"hu","potentialAction":[{"@type":"ReadAction","target":["http:\/\/blog.glutenmenteschef.hu\/index.php\/2019\/01\/04\/diotorta-feher-csokikremmel-glutenmentesen\/"]}]},{"@type":"ImageObject","inLanguage":"hu","@id":"http:\/\/blog.glutenmenteschef.hu\/index.php\/2019\/01\/04\/diotorta-feher-csokikremmel-glutenmentesen\/#primaryimage","url":"http:\/\/blog.glutenmenteschef.hu\/wp-content\/uploads\/2018\/12\/diotarta3.jpg","contentUrl":"http:\/\/blog.glutenmenteschef.hu\/wp-content\/uploads\/2018\/12\/diotarta3.jpg","width":1024,"height":768},{"@type":"BreadcrumbList","@id":"http:\/\/blog.glutenmenteschef.hu\/index.php\/2019\/01\/04\/diotorta-feher-csokikremmel-glutenmentesen\/#breadcrumb","itemListElement":[{"@type":"ListItem","position":1,"name":"Home","item":"https:\/\/blog.glutenmenteschef.hu\/"},{"@type":"ListItem","position":2,"name":"DI\u00d3TORTA FEH\u00c9R CSOKIKR\u00c9MMEL GLUT\u00c9NMENTESEN"}]},{"@type":"WebSite","@id":"https:\/\/blog.glutenmenteschef.hu\/#website","url":"https:\/\/blog.glutenmenteschef.hu\/","name":"Glut\u00e9nmentes Chef blog - \u00c1tol Tibor","description":"Glut\u00e9nmentes \u00e9telek, glut\u00e9nmentes receptek, glut\u00e9nmentes vide\u00f3k","publisher":{"@id":"https:\/\/blog.glutenmenteschef.hu\/#\/schema\/person\/c07613f0b6c0f12f90b8cb23cf32754a"},"potentialAction":[{"@type":"SearchAction","target":{"@type":"EntryPoint","urlTemplate":"https:\/\/blog.glutenmenteschef.hu\/?s={search_term_string}"},"query-input":{"@type":"PropertyValueSpecification","valueRequired":true,"valueName":"search_term_string"}}],"inLanguage":"hu"},{"@type":["Person","Organization"],"@id":"https:\/\/blog.glutenmenteschef.hu\/#\/schema\/person\/c07613f0b6c0f12f90b8cb23cf32754a","name":"gmchef","image":{"@type":"ImageObject","inLanguage":"hu","@id":"https:\/\/blog.glutenmenteschef.hu\/#\/schema\/person\/image\/","url":"https:\/\/secure.gravatar.com\/avatar\/363a4977321cb6fa3321b7ac93139b68e56af77880ae9fd5a3b2e7a8279f6d74?s=96&d=mm&r=g","contentUrl":"https:\/\/secure.gravatar.com\/avatar\/363a4977321cb6fa3321b7ac93139b68e56af77880ae9fd5a3b2e7a8279f6d74?s=96&d=mm&r=g","caption":"gmchef"},"logo":{"@id":"https:\/\/blog.glutenmenteschef.hu\/#\/schema\/person\/image\/"},"sameAs":["https:\/\/www.facebook.com\/aglutenmentessef"]}]}},"_links":{"self":[{"href":"http:\/\/blog.glutenmenteschef.hu\/index.php\/wp-json\/wp\/v2\/posts\/26063","targetHints":{"allow":["GET"]}}],"collection":[{"href":"http:\/\/blog.glutenmenteschef.hu\/index.php\/wp-json\/wp\/v2\/posts"}],"about":[{"href":"http:\/\/blog.glutenmenteschef.hu\/index.php\/wp-json\/wp\/v2\/types\/post"}],"author":[{"embeddable":true,"href":"http:\/\/blog.glutenmenteschef.hu\/index.php\/wp-json\/wp\/v2\/users\/1"}],"replies":[{"embeddable":true,"href":"http:\/\/blog.glutenmenteschef.hu\/index.php\/wp-json\/wp\/v2\/comments?post=26063"}],"version-history":[{"count":0,"href":"http:\/\/blog.glutenmenteschef.hu\/index.php\/wp-json\/wp\/v2\/posts\/26063\/revisions"}],"wp:featuredmedia":[{"embeddable":true,"href":"http:\/\/blog.glutenmenteschef.hu\/index.php\/wp-json\/wp\/v2\/media\/26068"}],"wp:attachment":[{"href":"http:\/\/blog.glutenmenteschef.hu\/index.php\/wp-json\/wp\/v2\/media?parent=26063"}],"wp:term":[{"taxonomy":"category","embeddable":true,"href":"http:\/\/blog.glutenmenteschef.hu\/index.php\/wp-json\/wp\/v2\/categories?post=26063"},{"taxonomy":"post_tag","embeddable":true,"href":"http:\/\/blog.glutenmenteschef.hu\/index.php\/wp-json\/wp\/v2\/tags?post=26063"}],"curies":[{"name":"wp","href":"https:\/\/api.w.org\/{rel}","templated":true}]}}