{"id":25902,"date":"2018-10-15T13:16:30","date_gmt":"2018-10-15T13:16:30","guid":{"rendered":"http:\/\/blog.glutenmenteschef.hu\/?p=25902"},"modified":"2022-05-28T22:32:30","modified_gmt":"2022-05-28T22:32:30","slug":"piskotatekercs-rizslisztbol","status":"publish","type":"post","link":"http:\/\/blog.glutenmenteschef.hu\/index.php\/2018\/10\/15\/piskotatekercs-rizslisztbol\/","title":{"rendered":"GLUT\u00c9NMENTES PISK\u00d3TATEKERCS RIZSLISZTB\u0150L"},"content":{"rendered":"\n<h3 class=\"has-text-align-center wp-block-heading\">Glut\u00e9nmentes pisk\u00f3tatekercs rizslisztb\u0151l<br><br><\/h3>\n\n\n\n<p><strong>A poszt alj\u00e1n tal\u00e1lhat\u00f3 egy vide\u00f3 is, hogy m\u00e9g k\u00f6nnyebb, \u00e9rthet\u0151bb legyen a recept le\u00edr\u00e1sa \u00e9s az elk\u00e9sz\u00edt\u00e9se!<\/strong><br><br><br><\/p>\n\n\n\n<div class=\"wp-block-image\"><figure class=\"aligncenter size-full is-resized\"><img loading=\"lazy\" decoding=\"async\" src=\"https:\/\/blog.glutenmenteschef.hu\/wp-content\/uploads\/2018\/10\/Piskotatekercs-19.jpg\" alt=\"\" class=\"wp-image-29867\" width=\"512\" height=\"683\" srcset=\"http:\/\/blog.glutenmenteschef.hu\/wp-content\/uploads\/2018\/10\/Piskotatekercs-19.jpg 1024w, http:\/\/blog.glutenmenteschef.hu\/wp-content\/uploads\/2018\/10\/Piskotatekercs-19-225x300.jpg 225w, http:\/\/blog.glutenmenteschef.hu\/wp-content\/uploads\/2018\/10\/Piskotatekercs-19-768x1024.jpg 768w\" sizes=\"auto, (max-width: 512px) 100vw, 512px\" \/><\/figure><\/div>\n\n\n\n<p><br><br><br>A pisk\u00f3t\u00e1t glut\u00e9nmentesen, rizslisztb\u0151l elk\u00e9sz\u00edteni szinte ugyan\u00fagy kell, mint a b\u00fazalisztest. Csak rizsliszt, toj\u00e1s \u00e9s cukor, semmi m\u00e1sra nincs sz\u00fcks\u00e9ges hozz\u00e1. Az egyetlen elt\u00e9r\u00e9s, hogy alacsonyabb h\u0151fokon s\u00fct\u00f6m. Nagyon puha, nem sz\u00e1raz, nem fojt\u00f3s a v\u00e9geredm\u00e9ny.<\/p>\n\n\n\n<p><br>Sokszor l\u00e1tom nem csak a glut\u00e9nmentes a pisk\u00f3tareceptekn\u00e9l, hogy s\u00fct\u0151port haszn\u00e1lnak hozz\u00e1. Pedig egy technikailag j\u00f3l elk\u00e9sz\u00edtett t\u00e9szt\u00e1n\u00e1l nincs r\u00e1 sz\u00fcks\u00e9g. Ha el\u00e9g kem\u00e9nyre felverj\u00fck a toj\u00e1sfeh\u00e9rj\u00e9t, \u00edgy adjuk a t\u00f6bbi hozz\u00e1val\u00f3hoz, akkor megfelel\u0151en leveg\u0151s lesz a t\u00e9szta \u00e9s s\u00fct\u00e9s k\u00f6zben nem vesz\u00edti el a l\u00e9giess\u00e9g\u00e9t, ak\u00e1r pisk\u00f3tatekercsnek tepsiben elsim\u00edtva, ak\u00e1r tortaform\u00e1ban s\u00fctj\u00fck.<\/p>\n\n\n\n<p>A s\u00fct\u0151por haszn\u00e1lata a nagy\u00fczemi gy\u00e1rt\u00e1sb\u00f3l &#8222;sziv\u00e1rgott \u00e1t&#8221;, ahol csak a munkafolyamatok \u00f6sszevon\u00e1sa-kihagy\u00e1sa miatt volt r\u00e1 sz\u00fcks\u00e9g ( id\u0151sp\u00f3rol\u00e1s ). Az \u00edgy k\u00e9sz\u00fclt t\u00e9szta szerintem, nem veheti fel a versenyt egy mesters\u00e9ges adal\u00e9kokt\u00f3l mentes pisk\u00f3t\u00e1val.<br><br><br><\/p>\n\n\n\n<div class=\"wp-block-image\"><figure class=\"aligncenter is-resized\"><img loading=\"lazy\" decoding=\"async\" src=\"https:\/\/blog.glutenmenteschef.hu\/wp-content\/uploads\/2020\/07\/piskotatekercs-13.jpg\" alt=\"\" class=\"wp-image-28309\" width=\"512\" height=\"384\" srcset=\"http:\/\/blog.glutenmenteschef.hu\/wp-content\/uploads\/2020\/07\/piskotatekercs-13.jpg 1024w, http:\/\/blog.glutenmenteschef.hu\/wp-content\/uploads\/2020\/07\/piskotatekercs-13-300x225.jpg 300w, http:\/\/blog.glutenmenteschef.hu\/wp-content\/uploads\/2020\/07\/piskotatekercs-13-768x576.jpg 768w\" sizes=\"auto, (max-width: 512px) 100vw, 512px\" \/><\/figure><\/div>\n\n\n\n<p><br><br><\/p>\n\n\n\n<p class=\"has-text-align-center\"><strong>Hozz\u00e1val\u00f3k 32 x 42 cm-es tepsihez:<\/strong><\/p>\n\n\n\n<p class=\"has-text-align-center\">4 db toj\u00e1s ( \u201d L\u201d-es m\u00e9ret\u0171 60-65 g-os )<br>80 g krist\u00e1ly cukor<br>100 g rizsliszt<br>( barna vagy sima feh\u00e9r rizsliszttel is m\u0171k\u00f6dik )<\/p>\n\n\n\n<p class=\"has-text-align-center\">T\u00f6ltel\u00e9k: n\u00e1lam most saj\u00e1t k\u00e9sz\u00edt\u00e9s\u0171 s\u00e1rgabarack lekv\u00e1r<br><br><br><\/p>\n\n\n\n<div class=\"wp-block-image\"><figure class=\"aligncenter\"><img loading=\"lazy\" decoding=\"async\" width=\"300\" height=\"225\" src=\"http:\/\/blog.glutenmenteschef.hu\/wp-content\/uploads\/2017\/12\/torta-2-300x225.jpg\" alt=\"\" class=\"wp-image-7194\" srcset=\"http:\/\/blog.glutenmenteschef.hu\/wp-content\/uploads\/2017\/12\/torta-2-300x225.jpg 300w, http:\/\/blog.glutenmenteschef.hu\/wp-content\/uploads\/2017\/12\/torta-2-768x576.jpg 768w\" sizes=\"auto, (max-width: 300px) 100vw, 300px\" \/><\/figure><\/div>\n\n\n\n<h5 class=\"wp-block-heading\"><br><br><strong>A pisk\u00f3tatekercs k\u00e9sz\u00edt\u00e9se:<\/strong><\/h5>\n\n\n\n<p>S\u00fct\u0151t 140 fokra el\u0151meleg\u00edtj\u00fck. A s\u00fct\u0151lemezre szilikonos s\u00fct\u0151pap\u00edrt fektet\u00fcnk.<br>A toj\u00e1sokat sz\u00e9tv\u00e1lasztjuk, a feh\u00e9rj\u00e9t h\u0171t\u0151be tessz\u00fck. <br>A s\u00e1rg\u00e1j\u00e1t a cukorral sim\u00e1ra keverj\u00fck habver\u0151 seg\u00edts\u00e9g\u00e9vel, hozz\u00e1adjuk a rizslisztet \u00e9s teljesen csom\u00f3mentesre keverj\u00fck. <br>A feh\u00e9rj\u00e9b\u0151l kem\u00e9ny habot ver\u00fcnk, majd szilikon spatul\u00e1val \/ fakan\u00e1llal beleforgatjuk a rizslisztes toj\u00e1ss\u00e1rg\u00e1j\u00e1s massz\u00e1ba \u00fagy, hogy a habot min\u00e9l kev\u00e9sb\u00e9 t\u00f6rj\u00fck \u00f6ssze!!<br>A s\u00fct\u0151pap\u00edrral b\u00e9lelt tepsibe \u00f6ntj\u00fck \u00e9s eloszlatjuk, hogy minden\u00fctt egyforma vastag legyen.<br>Az el\u0151meleg\u00edtett s\u00fct\u0151ben 140 fokon 30-35 perc alatt, als\u00f3-fels\u0151 s\u00fct\u00e9si m\u00f3dozaton k\u00e9szre s\u00fctj\u00fck.<\/p>\n\n\n\n<p><strong>S\u00c9F TIPP<\/strong>: <\/p>\n\n\n\n<p>A t\u0171pr\u00f3b\u00e1t a nev\u00e9vel ellent\u00e9tben hurkap\u00e1lc\u00e1val vagy fogpiszk\u00e1l\u00f3val v\u00e9gezz\u00fck, mert sokkal pontosabban megmutatja, hogy k\u00e9szre s\u00fclt-e m\u00e1r a t\u00e9szta. M\u00edg a f\u00e9mt\u0171re m\u00e1r a 90%-ban megs\u00fclt t\u00e9szta sem ragad r\u00e1 \u00e9s k\u00e9sznek gondolhatjuk, addig a fa alap\u00fa p\u00e1lca \u00e9rdes fel\u00fclete csak akkor marad tiszta, ha val\u00f3ban nem nyers m\u00e1r a pisk\u00f3ta.<br><br><\/p>\n\n\n\n<div class=\"wp-block-image\"><figure class=\"aligncenter\"><img loading=\"lazy\" decoding=\"async\" width=\"300\" height=\"225\" src=\"http:\/\/blog.glutenmenteschef.hu\/wp-content\/uploads\/2018\/10\/DSCN1515-300x225.jpg\" alt=\"\" class=\"wp-image-25938\" srcset=\"http:\/\/blog.glutenmenteschef.hu\/wp-content\/uploads\/2018\/10\/DSCN1515-300x225.jpg 300w, http:\/\/blog.glutenmenteschef.hu\/wp-content\/uploads\/2018\/10\/DSCN1515-768x576.jpg 768w\" sizes=\"auto, (max-width: 300px) 100vw, 300px\" \/><\/figure><\/div>\n\n\n\n<p><br><br>Kivessz\u00fck a s\u00fct\u0151b\u0151l \u00e9s a s\u00fct\u0151pap\u00edrral egy\u00fctt szorosan feltekerj\u00fck a pisk\u00f3t\u00e1nkat, majd hagyjuk kih\u0171lni.<\/p>\n\n\n\n<p><br><br><strong>S\u00c9F TIPP:<\/strong> <\/p>\n\n\n\n<p>Ha nem szilikonos a s\u00fct\u0151pap\u00edr, akkor ecsettel hajsz\u00e1l v\u00e9konyan kenj\u00fck \u00e1t olajjal, miel\u0151tt r\u00e1\u00f6ntj\u00fck a nyers t\u00e9szt\u00e1t. \u00cdgy hasonl\u00f3an k\u00f6nnyen elt\u00e1vol\u00edthat\u00f3 lesz, mint a szilikonos t\u00e1rs\u00e1r\u00f3l.<br><br><\/p>\n\n\n\n<div class=\"wp-block-image\"><figure class=\"aligncenter\"><img loading=\"lazy\" decoding=\"async\" width=\"300\" height=\"225\" src=\"http:\/\/blog.glutenmenteschef.hu\/wp-content\/uploads\/2018\/09\/piskotatekercs-1-300x225.jpg\" alt=\"\" class=\"wp-image-25886\" srcset=\"http:\/\/blog.glutenmenteschef.hu\/wp-content\/uploads\/2018\/09\/piskotatekercs-1-300x225.jpg 300w, http:\/\/blog.glutenmenteschef.hu\/wp-content\/uploads\/2018\/09\/piskotatekercs-1-768x576.jpg 768w\" sizes=\"auto, (max-width: 300px) 100vw, 300px\" \/><\/figure><\/div>\n\n\n\n<p><br><br>Kitekerj\u00fck a t\u00e9szt\u00e1t, majd a ny\u00fajt\u00f3deszk\u00e1ra helyezett tiszta s\u00fct\u0151pap\u00edrra r\u00e1ford\u00edtjuk \u00e9s \u00f3vatosan leh\u00fazzuk r\u00f3la a szilikonos pap\u00edrt. Az als\u00f3, tiszta s\u00fct\u0151pap\u00edr seg\u00edts\u00e9g\u00e9vel visszaford\u00edtjuk a m\u00e1r haszn\u00e1lt pap\u00edrra,&nbsp;egyenletesen elter\u00edtj\u00fck rajta a t\u00f6ltel\u00e9ket \u00e9s feltekerj\u00fck. 1-1,5 cm vastag szeletekre v\u00e1gjuk.<br><br><\/p>\n\n\n\n<div class=\"wp-block-image\"><figure class=\"aligncenter size-full is-resized\"><img loading=\"lazy\" decoding=\"async\" src=\"https:\/\/blog.glutenmenteschef.hu\/wp-content\/uploads\/2022\/05\/Piskotatekercs-10.jpg\" alt=\"\" class=\"wp-image-29865\" width=\"512\" height=\"683\" srcset=\"http:\/\/blog.glutenmenteschef.hu\/wp-content\/uploads\/2022\/05\/Piskotatekercs-10.jpg 1024w, http:\/\/blog.glutenmenteschef.hu\/wp-content\/uploads\/2022\/05\/Piskotatekercs-10-225x300.jpg 225w, http:\/\/blog.glutenmenteschef.hu\/wp-content\/uploads\/2022\/05\/Piskotatekercs-10-768x1024.jpg 768w\" sizes=\"auto, (max-width: 512px) 100vw, 512px\" \/><\/figure><\/div>\n\n\n\n<p><br><br><br>T\u00f6lthetj\u00fck lekv\u00e1rral, \u00edzes\u00edtett mascarpone kr\u00e9mmel, de ak\u00e1r m\u00e1kt\u00f6ltel\u00e9kkel is. A blogon mindegyik verzi\u00f3hoz\u00a0 lehet receptet tal\u00e1lni!<br><br><br><\/p>\n\n\n\n<div class=\"wp-block-image\"><figure class=\"aligncenter size-full is-resized\"><img loading=\"lazy\" decoding=\"async\" src=\"https:\/\/blog.glutenmenteschef.hu\/wp-content\/uploads\/2022\/05\/Piskotatekercs-18.jpg\" alt=\"\" class=\"wp-image-29866\" width=\"512\" height=\"384\" srcset=\"http:\/\/blog.glutenmenteschef.hu\/wp-content\/uploads\/2022\/05\/Piskotatekercs-18.jpg 1024w, http:\/\/blog.glutenmenteschef.hu\/wp-content\/uploads\/2022\/05\/Piskotatekercs-18-300x225.jpg 300w, http:\/\/blog.glutenmenteschef.hu\/wp-content\/uploads\/2022\/05\/Piskotatekercs-18-768x576.jpg 768w\" sizes=\"auto, (max-width: 512px) 100vw, 512px\" \/><figcaption><br><br><br><\/figcaption><\/figure><\/div>\n\n\n\n<p><strong>A lenti vide\u00f3ban megn\u00e9zhet\u0151 a t\u00e9szta elk\u00e9sz\u00edt\u00e9s\u00e9nek menete<\/strong> \ud83d\ude42<br><br><br><\/p>\n\n\n\n<figure class=\"wp-block-embed is-type-video is-provider-youtube wp-block-embed-youtube wp-embed-aspect-16-9 wp-has-aspect-ratio\"><div class=\"wp-block-embed__wrapper\">\n<iframe loading=\"lazy\" title=\"Glut\u00e9nmentes pisk\u00f3tatekercs h\u00e1zi baracklekv\u00e1rral \u00e9s mascarpone kr\u00e9mmel\" width=\"900\" height=\"506\" src=\"https:\/\/www.youtube.com\/embed\/6MvFRLwXf9E?feature=oembed\" frameborder=\"0\" allow=\"accelerometer; autoplay; clipboard-write; encrypted-media; gyroscope; picture-in-picture\" allowfullscreen><\/iframe>\n<\/div><\/figure>\n","protected":false},"excerpt":{"rendered":"<p>Glut\u00e9nmentes pisk\u00f3tatekercs rizslisztb\u0151l A poszt alj\u00e1n tal\u00e1lhat\u00f3 egy vide\u00f3 is, hogy m\u00e9g k\u00f6nnyebb, \u00e9rthet\u0151bb legyen a recept le\u00edr\u00e1sa \u00e9s az elk\u00e9sz\u00edt\u00e9se! A pisk\u00f3t\u00e1t glut\u00e9nmentesen, rizslisztb\u0151l elk\u00e9sz\u00edteni szinte ugyan\u00fagy kell, mint a b\u00fazalisztest. Csak rizsliszt, toj\u00e1s \u00e9s cukor, semmi m\u00e1sra nincs sz\u00fcks\u00e9ges hozz\u00e1. Az egyetlen elt\u00e9r\u00e9s, hogy alacsonyabb h\u0151fokon s\u00fct\u00f6m. Nagyon puha, nem sz\u00e1raz, nem fojt\u00f3s <br \/><a class=\"more\" href=\"http:\/\/blog.glutenmenteschef.hu\/index.php\/2018\/10\/15\/piskotatekercs-rizslisztbol\/\">Read more&#8230; <\/a><\/p>\n","protected":false},"author":1,"featured_media":28304,"comment_status":"open","ping_status":"open","sticky":false,"template":"","format":"standard","meta":{"footnotes":""},"categories":[27,335],"tags":[114,575,443,444,190],"class_list":["post-25902","post","type-post","status-publish","format-standard","has-post-thumbnail","hentry","category-desszert","category-rizslisztbol-keszitettem","tag-glutenmentes-piskota","tag-glutenmentes-recept","tag-piskotatekercs","tag-piskotatekercs-rizsliszttel","tag-rizsliszt"],"yoast_head":"<!-- This site is optimized with the Yoast SEO plugin v26.5 - https:\/\/yoast.com\/wordpress\/plugins\/seo\/ -->\n<title>GLUT\u00c9NMENTES PISK\u00d3TATEKERCS RIZSLISZTB\u0150L &#8211; Glut\u00e9nmentes Chef blog - \u00c1tol Tibor<\/title>\n<meta name=\"description\" content=\"A pisk\u00f3t\u00e1t glut\u00e9nmentesen, rizslisztb\u0151l elk\u00e9sz\u00edteni szinte ugyan\u00fagy kell, mint a b\u00fazalisztest. Csak rizsliszt, toj\u00e1s \u00e9s cukor, semmi m\u00e1sra nincs sz\u00fcks\u00e9ges hozz\u00e1. Az egyetlen elt\u00e9r\u00e9s, hogy alacsonyabb h\u0151fokon s\u00fct\u00f6m. Nagyon puha, nem sz\u00e1raz, nem fojt\u00f3s.\" \/>\n<meta name=\"robots\" content=\"index, follow, max-snippet:-1, max-image-preview:large, max-video-preview:-1\" \/>\n<link rel=\"canonical\" href=\"http:\/\/blog.glutenmenteschef.hu\/index.php\/2018\/10\/15\/piskotatekercs-rizslisztbol\/\" \/>\n<meta property=\"og:locale\" content=\"hu_HU\" \/>\n<meta property=\"og:type\" content=\"article\" \/>\n<meta property=\"og:title\" content=\"GLUT\u00c9NMENTES PISK\u00d3TATEKERCS RIZSLISZTB\u0150L &#8211; Glut\u00e9nmentes Chef blog - \u00c1tol Tibor\" \/>\n<meta property=\"og:description\" content=\"A pisk\u00f3t\u00e1t glut\u00e9nmentesen, rizslisztb\u0151l elk\u00e9sz\u00edteni szinte ugyan\u00fagy kell, mint a b\u00fazalisztest. Csak rizsliszt, toj\u00e1s \u00e9s cukor, semmi m\u00e1sra nincs sz\u00fcks\u00e9ges hozz\u00e1. Az egyetlen elt\u00e9r\u00e9s, hogy alacsonyabb h\u0151fokon s\u00fct\u00f6m. Nagyon puha, nem sz\u00e1raz, nem fojt\u00f3s.\" \/>\n<meta property=\"og:url\" content=\"http:\/\/blog.glutenmenteschef.hu\/index.php\/2018\/10\/15\/piskotatekercs-rizslisztbol\/\" \/>\n<meta property=\"og:site_name\" content=\"Glut\u00e9nmentes Chef blog - \u00c1tol Tibor\" \/>\n<meta property=\"article:publisher\" content=\"https:\/\/www.facebook.com\/aglutenmentessef\" \/>\n<meta property=\"article:author\" content=\"https:\/\/www.facebook.com\/aglutenmentessef\" \/>\n<meta property=\"article:published_time\" content=\"2018-10-15T13:16:30+00:00\" \/>\n<meta property=\"article:modified_time\" content=\"2022-05-28T22:32:30+00:00\" \/>\n<meta property=\"og:image\" content=\"http:\/\/blog.glutenmenteschef.hu\/wp-content\/uploads\/2018\/10\/piskotatekercs-24.jpg\" \/>\n\t<meta property=\"og:image:width\" content=\"960\" \/>\n\t<meta property=\"og:image:height\" content=\"867\" \/>\n\t<meta property=\"og:image:type\" content=\"image\/jpeg\" \/>\n<meta name=\"author\" content=\"gmchef\" \/>\n<meta name=\"twitter:card\" content=\"summary_large_image\" \/>\n<meta name=\"twitter:label1\" content=\"Szerz\u0151:\" \/>\n\t<meta name=\"twitter:data1\" content=\"gmchef\" \/>\n\t<meta name=\"twitter:label2\" content=\"Becs\u00fclt olvas\u00e1si id\u0151\" \/>\n\t<meta name=\"twitter:data2\" content=\"4 perc\" \/>\n<script type=\"application\/ld+json\" class=\"yoast-schema-graph\">{\"@context\":\"https:\/\/schema.org\",\"@graph\":[{\"@type\":\"Article\",\"@id\":\"http:\/\/blog.glutenmenteschef.hu\/index.php\/2018\/10\/15\/piskotatekercs-rizslisztbol\/#article\",\"isPartOf\":{\"@id\":\"http:\/\/blog.glutenmenteschef.hu\/index.php\/2018\/10\/15\/piskotatekercs-rizslisztbol\/\"},\"author\":{\"name\":\"gmchef\",\"@id\":\"https:\/\/blog.glutenmenteschef.hu\/#\/schema\/person\/c07613f0b6c0f12f90b8cb23cf32754a\"},\"headline\":\"GLUT\u00c9NMENTES PISK\u00d3TATEKERCS RIZSLISZTB\u0150L\",\"datePublished\":\"2018-10-15T13:16:30+00:00\",\"dateModified\":\"2022-05-28T22:32:30+00:00\",\"mainEntityOfPage\":{\"@id\":\"http:\/\/blog.glutenmenteschef.hu\/index.php\/2018\/10\/15\/piskotatekercs-rizslisztbol\/\"},\"wordCount\":712,\"commentCount\":0,\"publisher\":{\"@id\":\"https:\/\/blog.glutenmenteschef.hu\/#\/schema\/person\/c07613f0b6c0f12f90b8cb23cf32754a\"},\"image\":{\"@id\":\"http:\/\/blog.glutenmenteschef.hu\/index.php\/2018\/10\/15\/piskotatekercs-rizslisztbol\/#primaryimage\"},\"thumbnailUrl\":\"http:\/\/blog.glutenmenteschef.hu\/wp-content\/uploads\/2018\/10\/piskotatekercs-24.jpg\",\"keywords\":[\"glut\u00e9nmentes pisk\u00f3ta\",\"glut\u00e9nmentes recept\",\"pisk\u00f3tatekercs\",\"pisk\u00f3tatekercs rizsliszttel\",\"rizsliszt\"],\"articleSection\":[\"Desszert-S\u00fctem\u00e9ny\",\"Rizslisztb\u0151l k\u00e9sz\u00edtettem\"],\"inLanguage\":\"hu\",\"potentialAction\":[{\"@type\":\"CommentAction\",\"name\":\"Comment\",\"target\":[\"http:\/\/blog.glutenmenteschef.hu\/index.php\/2018\/10\/15\/piskotatekercs-rizslisztbol\/#respond\"]}]},{\"@type\":\"WebPage\",\"@id\":\"http:\/\/blog.glutenmenteschef.hu\/index.php\/2018\/10\/15\/piskotatekercs-rizslisztbol\/\",\"url\":\"http:\/\/blog.glutenmenteschef.hu\/index.php\/2018\/10\/15\/piskotatekercs-rizslisztbol\/\",\"name\":\"GLUT\u00c9NMENTES PISK\u00d3TATEKERCS RIZSLISZTB\u0150L &#8211; Glut\u00e9nmentes Chef blog - \u00c1tol Tibor\",\"isPartOf\":{\"@id\":\"https:\/\/blog.glutenmenteschef.hu\/#website\"},\"primaryImageOfPage\":{\"@id\":\"http:\/\/blog.glutenmenteschef.hu\/index.php\/2018\/10\/15\/piskotatekercs-rizslisztbol\/#primaryimage\"},\"image\":{\"@id\":\"http:\/\/blog.glutenmenteschef.hu\/index.php\/2018\/10\/15\/piskotatekercs-rizslisztbol\/#primaryimage\"},\"thumbnailUrl\":\"http:\/\/blog.glutenmenteschef.hu\/wp-content\/uploads\/2018\/10\/piskotatekercs-24.jpg\",\"datePublished\":\"2018-10-15T13:16:30+00:00\",\"dateModified\":\"2022-05-28T22:32:30+00:00\",\"description\":\"A pisk\u00f3t\u00e1t glut\u00e9nmentesen, rizslisztb\u0151l elk\u00e9sz\u00edteni szinte ugyan\u00fagy kell, mint a b\u00fazalisztest. Csak rizsliszt, toj\u00e1s \u00e9s cukor, semmi m\u00e1sra nincs sz\u00fcks\u00e9ges hozz\u00e1. Az egyetlen elt\u00e9r\u00e9s, hogy alacsonyabb h\u0151fokon s\u00fct\u00f6m. Nagyon puha, nem sz\u00e1raz, nem fojt\u00f3s.\",\"breadcrumb\":{\"@id\":\"http:\/\/blog.glutenmenteschef.hu\/index.php\/2018\/10\/15\/piskotatekercs-rizslisztbol\/#breadcrumb\"},\"inLanguage\":\"hu\",\"potentialAction\":[{\"@type\":\"ReadAction\",\"target\":[\"http:\/\/blog.glutenmenteschef.hu\/index.php\/2018\/10\/15\/piskotatekercs-rizslisztbol\/\"]}]},{\"@type\":\"ImageObject\",\"inLanguage\":\"hu\",\"@id\":\"http:\/\/blog.glutenmenteschef.hu\/index.php\/2018\/10\/15\/piskotatekercs-rizslisztbol\/#primaryimage\",\"url\":\"http:\/\/blog.glutenmenteschef.hu\/wp-content\/uploads\/2018\/10\/piskotatekercs-24.jpg\",\"contentUrl\":\"http:\/\/blog.glutenmenteschef.hu\/wp-content\/uploads\/2018\/10\/piskotatekercs-24.jpg\",\"width\":960,\"height\":867},{\"@type\":\"BreadcrumbList\",\"@id\":\"http:\/\/blog.glutenmenteschef.hu\/index.php\/2018\/10\/15\/piskotatekercs-rizslisztbol\/#breadcrumb\",\"itemListElement\":[{\"@type\":\"ListItem\",\"position\":1,\"name\":\"Home\",\"item\":\"https:\/\/blog.glutenmenteschef.hu\/\"},{\"@type\":\"ListItem\",\"position\":2,\"name\":\"GLUT\u00c9NMENTES PISK\u00d3TATEKERCS RIZSLISZTB\u0150L\"}]},{\"@type\":\"WebSite\",\"@id\":\"https:\/\/blog.glutenmenteschef.hu\/#website\",\"url\":\"https:\/\/blog.glutenmenteschef.hu\/\",\"name\":\"Glut\u00e9nmentes Chef blog - \u00c1tol Tibor\",\"description\":\"Glut\u00e9nmentes \u00e9telek, glut\u00e9nmentes receptek, glut\u00e9nmentes vide\u00f3k\",\"publisher\":{\"@id\":\"https:\/\/blog.glutenmenteschef.hu\/#\/schema\/person\/c07613f0b6c0f12f90b8cb23cf32754a\"},\"potentialAction\":[{\"@type\":\"SearchAction\",\"target\":{\"@type\":\"EntryPoint\",\"urlTemplate\":\"https:\/\/blog.glutenmenteschef.hu\/?s={search_term_string}\"},\"query-input\":{\"@type\":\"PropertyValueSpecification\",\"valueRequired\":true,\"valueName\":\"search_term_string\"}}],\"inLanguage\":\"hu\"},{\"@type\":[\"Person\",\"Organization\"],\"@id\":\"https:\/\/blog.glutenmenteschef.hu\/#\/schema\/person\/c07613f0b6c0f12f90b8cb23cf32754a\",\"name\":\"gmchef\",\"image\":{\"@type\":\"ImageObject\",\"inLanguage\":\"hu\",\"@id\":\"https:\/\/blog.glutenmenteschef.hu\/#\/schema\/person\/image\/\",\"url\":\"https:\/\/secure.gravatar.com\/avatar\/363a4977321cb6fa3321b7ac93139b68e56af77880ae9fd5a3b2e7a8279f6d74?s=96&d=mm&r=g\",\"contentUrl\":\"https:\/\/secure.gravatar.com\/avatar\/363a4977321cb6fa3321b7ac93139b68e56af77880ae9fd5a3b2e7a8279f6d74?s=96&d=mm&r=g\",\"caption\":\"gmchef\"},\"logo\":{\"@id\":\"https:\/\/blog.glutenmenteschef.hu\/#\/schema\/person\/image\/\"},\"sameAs\":[\"https:\/\/www.facebook.com\/aglutenmentessef\"]}]}<\/script>\n<!-- \/ Yoast SEO plugin. -->","yoast_head_json":{"title":"GLUT\u00c9NMENTES PISK\u00d3TATEKERCS RIZSLISZTB\u0150L &#8211; Glut\u00e9nmentes Chef blog - \u00c1tol Tibor","description":"A pisk\u00f3t\u00e1t glut\u00e9nmentesen, rizslisztb\u0151l elk\u00e9sz\u00edteni szinte ugyan\u00fagy kell, mint a b\u00fazalisztest. Csak rizsliszt, toj\u00e1s \u00e9s cukor, semmi m\u00e1sra nincs sz\u00fcks\u00e9ges hozz\u00e1. Az egyetlen elt\u00e9r\u00e9s, hogy alacsonyabb h\u0151fokon s\u00fct\u00f6m. Nagyon puha, nem sz\u00e1raz, nem fojt\u00f3s.","robots":{"index":"index","follow":"follow","max-snippet":"max-snippet:-1","max-image-preview":"max-image-preview:large","max-video-preview":"max-video-preview:-1"},"canonical":"http:\/\/blog.glutenmenteschef.hu\/index.php\/2018\/10\/15\/piskotatekercs-rizslisztbol\/","og_locale":"hu_HU","og_type":"article","og_title":"GLUT\u00c9NMENTES PISK\u00d3TATEKERCS RIZSLISZTB\u0150L &#8211; Glut\u00e9nmentes Chef blog - \u00c1tol Tibor","og_description":"A pisk\u00f3t\u00e1t glut\u00e9nmentesen, rizslisztb\u0151l elk\u00e9sz\u00edteni szinte ugyan\u00fagy kell, mint a b\u00fazalisztest. Csak rizsliszt, toj\u00e1s \u00e9s cukor, semmi m\u00e1sra nincs sz\u00fcks\u00e9ges hozz\u00e1. Az egyetlen elt\u00e9r\u00e9s, hogy alacsonyabb h\u0151fokon s\u00fct\u00f6m. Nagyon puha, nem sz\u00e1raz, nem fojt\u00f3s.","og_url":"http:\/\/blog.glutenmenteschef.hu\/index.php\/2018\/10\/15\/piskotatekercs-rizslisztbol\/","og_site_name":"Glut\u00e9nmentes Chef blog - \u00c1tol Tibor","article_publisher":"https:\/\/www.facebook.com\/aglutenmentessef","article_author":"https:\/\/www.facebook.com\/aglutenmentessef","article_published_time":"2018-10-15T13:16:30+00:00","article_modified_time":"2022-05-28T22:32:30+00:00","og_image":[{"width":960,"height":867,"url":"http:\/\/blog.glutenmenteschef.hu\/wp-content\/uploads\/2018\/10\/piskotatekercs-24.jpg","type":"image\/jpeg"}],"author":"gmchef","twitter_card":"summary_large_image","twitter_misc":{"Szerz\u0151:":"gmchef","Becs\u00fclt olvas\u00e1si id\u0151":"4 perc"},"schema":{"@context":"https:\/\/schema.org","@graph":[{"@type":"Article","@id":"http:\/\/blog.glutenmenteschef.hu\/index.php\/2018\/10\/15\/piskotatekercs-rizslisztbol\/#article","isPartOf":{"@id":"http:\/\/blog.glutenmenteschef.hu\/index.php\/2018\/10\/15\/piskotatekercs-rizslisztbol\/"},"author":{"name":"gmchef","@id":"https:\/\/blog.glutenmenteschef.hu\/#\/schema\/person\/c07613f0b6c0f12f90b8cb23cf32754a"},"headline":"GLUT\u00c9NMENTES PISK\u00d3TATEKERCS RIZSLISZTB\u0150L","datePublished":"2018-10-15T13:16:30+00:00","dateModified":"2022-05-28T22:32:30+00:00","mainEntityOfPage":{"@id":"http:\/\/blog.glutenmenteschef.hu\/index.php\/2018\/10\/15\/piskotatekercs-rizslisztbol\/"},"wordCount":712,"commentCount":0,"publisher":{"@id":"https:\/\/blog.glutenmenteschef.hu\/#\/schema\/person\/c07613f0b6c0f12f90b8cb23cf32754a"},"image":{"@id":"http:\/\/blog.glutenmenteschef.hu\/index.php\/2018\/10\/15\/piskotatekercs-rizslisztbol\/#primaryimage"},"thumbnailUrl":"http:\/\/blog.glutenmenteschef.hu\/wp-content\/uploads\/2018\/10\/piskotatekercs-24.jpg","keywords":["glut\u00e9nmentes pisk\u00f3ta","glut\u00e9nmentes recept","pisk\u00f3tatekercs","pisk\u00f3tatekercs rizsliszttel","rizsliszt"],"articleSection":["Desszert-S\u00fctem\u00e9ny","Rizslisztb\u0151l k\u00e9sz\u00edtettem"],"inLanguage":"hu","potentialAction":[{"@type":"CommentAction","name":"Comment","target":["http:\/\/blog.glutenmenteschef.hu\/index.php\/2018\/10\/15\/piskotatekercs-rizslisztbol\/#respond"]}]},{"@type":"WebPage","@id":"http:\/\/blog.glutenmenteschef.hu\/index.php\/2018\/10\/15\/piskotatekercs-rizslisztbol\/","url":"http:\/\/blog.glutenmenteschef.hu\/index.php\/2018\/10\/15\/piskotatekercs-rizslisztbol\/","name":"GLUT\u00c9NMENTES PISK\u00d3TATEKERCS RIZSLISZTB\u0150L &#8211; Glut\u00e9nmentes Chef blog - \u00c1tol Tibor","isPartOf":{"@id":"https:\/\/blog.glutenmenteschef.hu\/#website"},"primaryImageOfPage":{"@id":"http:\/\/blog.glutenmenteschef.hu\/index.php\/2018\/10\/15\/piskotatekercs-rizslisztbol\/#primaryimage"},"image":{"@id":"http:\/\/blog.glutenmenteschef.hu\/index.php\/2018\/10\/15\/piskotatekercs-rizslisztbol\/#primaryimage"},"thumbnailUrl":"http:\/\/blog.glutenmenteschef.hu\/wp-content\/uploads\/2018\/10\/piskotatekercs-24.jpg","datePublished":"2018-10-15T13:16:30+00:00","dateModified":"2022-05-28T22:32:30+00:00","description":"A pisk\u00f3t\u00e1t glut\u00e9nmentesen, rizslisztb\u0151l elk\u00e9sz\u00edteni szinte ugyan\u00fagy kell, mint a b\u00fazalisztest. Csak rizsliszt, toj\u00e1s \u00e9s cukor, semmi m\u00e1sra nincs sz\u00fcks\u00e9ges hozz\u00e1. Az egyetlen elt\u00e9r\u00e9s, hogy alacsonyabb h\u0151fokon s\u00fct\u00f6m. Nagyon puha, nem sz\u00e1raz, nem fojt\u00f3s.","breadcrumb":{"@id":"http:\/\/blog.glutenmenteschef.hu\/index.php\/2018\/10\/15\/piskotatekercs-rizslisztbol\/#breadcrumb"},"inLanguage":"hu","potentialAction":[{"@type":"ReadAction","target":["http:\/\/blog.glutenmenteschef.hu\/index.php\/2018\/10\/15\/piskotatekercs-rizslisztbol\/"]}]},{"@type":"ImageObject","inLanguage":"hu","@id":"http:\/\/blog.glutenmenteschef.hu\/index.php\/2018\/10\/15\/piskotatekercs-rizslisztbol\/#primaryimage","url":"http:\/\/blog.glutenmenteschef.hu\/wp-content\/uploads\/2018\/10\/piskotatekercs-24.jpg","contentUrl":"http:\/\/blog.glutenmenteschef.hu\/wp-content\/uploads\/2018\/10\/piskotatekercs-24.jpg","width":960,"height":867},{"@type":"BreadcrumbList","@id":"http:\/\/blog.glutenmenteschef.hu\/index.php\/2018\/10\/15\/piskotatekercs-rizslisztbol\/#breadcrumb","itemListElement":[{"@type":"ListItem","position":1,"name":"Home","item":"https:\/\/blog.glutenmenteschef.hu\/"},{"@type":"ListItem","position":2,"name":"GLUT\u00c9NMENTES PISK\u00d3TATEKERCS RIZSLISZTB\u0150L"}]},{"@type":"WebSite","@id":"https:\/\/blog.glutenmenteschef.hu\/#website","url":"https:\/\/blog.glutenmenteschef.hu\/","name":"Glut\u00e9nmentes Chef blog - \u00c1tol Tibor","description":"Glut\u00e9nmentes \u00e9telek, glut\u00e9nmentes receptek, glut\u00e9nmentes vide\u00f3k","publisher":{"@id":"https:\/\/blog.glutenmenteschef.hu\/#\/schema\/person\/c07613f0b6c0f12f90b8cb23cf32754a"},"potentialAction":[{"@type":"SearchAction","target":{"@type":"EntryPoint","urlTemplate":"https:\/\/blog.glutenmenteschef.hu\/?s={search_term_string}"},"query-input":{"@type":"PropertyValueSpecification","valueRequired":true,"valueName":"search_term_string"}}],"inLanguage":"hu"},{"@type":["Person","Organization"],"@id":"https:\/\/blog.glutenmenteschef.hu\/#\/schema\/person\/c07613f0b6c0f12f90b8cb23cf32754a","name":"gmchef","image":{"@type":"ImageObject","inLanguage":"hu","@id":"https:\/\/blog.glutenmenteschef.hu\/#\/schema\/person\/image\/","url":"https:\/\/secure.gravatar.com\/avatar\/363a4977321cb6fa3321b7ac93139b68e56af77880ae9fd5a3b2e7a8279f6d74?s=96&d=mm&r=g","contentUrl":"https:\/\/secure.gravatar.com\/avatar\/363a4977321cb6fa3321b7ac93139b68e56af77880ae9fd5a3b2e7a8279f6d74?s=96&d=mm&r=g","caption":"gmchef"},"logo":{"@id":"https:\/\/blog.glutenmenteschef.hu\/#\/schema\/person\/image\/"},"sameAs":["https:\/\/www.facebook.com\/aglutenmentessef"]}]}},"_links":{"self":[{"href":"http:\/\/blog.glutenmenteschef.hu\/index.php\/wp-json\/wp\/v2\/posts\/25902","targetHints":{"allow":["GET"]}}],"collection":[{"href":"http:\/\/blog.glutenmenteschef.hu\/index.php\/wp-json\/wp\/v2\/posts"}],"about":[{"href":"http:\/\/blog.glutenmenteschef.hu\/index.php\/wp-json\/wp\/v2\/types\/post"}],"author":[{"embeddable":true,"href":"http:\/\/blog.glutenmenteschef.hu\/index.php\/wp-json\/wp\/v2\/users\/1"}],"replies":[{"embeddable":true,"href":"http:\/\/blog.glutenmenteschef.hu\/index.php\/wp-json\/wp\/v2\/comments?post=25902"}],"version-history":[{"count":0,"href":"http:\/\/blog.glutenmenteschef.hu\/index.php\/wp-json\/wp\/v2\/posts\/25902\/revisions"}],"wp:featuredmedia":[{"embeddable":true,"href":"http:\/\/blog.glutenmenteschef.hu\/index.php\/wp-json\/wp\/v2\/media\/28304"}],"wp:attachment":[{"href":"http:\/\/blog.glutenmenteschef.hu\/index.php\/wp-json\/wp\/v2\/media?parent=25902"}],"wp:term":[{"taxonomy":"category","embeddable":true,"href":"http:\/\/blog.glutenmenteschef.hu\/index.php\/wp-json\/wp\/v2\/categories?post=25902"},{"taxonomy":"post_tag","embeddable":true,"href":"http:\/\/blog.glutenmenteschef.hu\/index.php\/wp-json\/wp\/v2\/tags?post=25902"}],"curies":[{"name":"wp","href":"https:\/\/api.w.org\/{rel}","templated":true}]}}