{"id":25882,"date":"2018-09-29T11:41:58","date_gmt":"2018-09-29T11:41:58","guid":{"rendered":"http:\/\/blog.glutenmenteschef.hu\/?p=25882"},"modified":"2024-11-10T22:19:29","modified_gmt":"2024-11-10T22:19:29","slug":"charlotte-gluten-es-tejmentesen","status":"publish","type":"post","link":"http:\/\/blog.glutenmenteschef.hu\/index.php\/2018\/09\/29\/charlotte-gluten-es-tejmentesen\/","title":{"rendered":"CHARLOTTE GLUT\u00c9N \u00c9S TEJMENTESEN"},"content":{"rendered":"\n<h3 class=\"wp-block-heading has-text-align-center\"><strong>Charlotte glut\u00e9n- \u00e9s tejmentesen<\/strong><br><br><br><\/h3>\n\n\n\n<p class=\"has-text-align-center\">A bejegyz\u00e9sben k\u00e9tf\u00e9le kr\u00e9m le\u00edr\u00e1sa szerepel. Az egyik egy Bajor kr\u00e9m, m\u00edg a m\u00e1sik egy tejmentes k\u00f3kusztejes kr\u00e9m.<br><br><br><\/p>\n\n\n<div class=\"wp-block-image\">\n<figure class=\"aligncenter\"><img loading=\"lazy\" decoding=\"async\" width=\"300\" height=\"214\" src=\"http:\/\/blog.glutenmenteschef.hu\/wp-content\/uploads\/2018\/09\/charlotte-5-300x214.jpg\" alt=\"\" class=\"wp-image-25884\"\/><\/figure>\n<\/div>\n\n\n<p><\/p>\n\n\n\n<p class=\"has-text-align-center\">1 db pisk\u00f3tatekercs hozz\u00e1val\u00f3i:<\/p>\n\n\n\n<p class=\"has-text-align-center\">4 db toj\u00e1s ( \u201d L\u201d-es m\u00e9ret\u0171 60-65 g-os )<br>80 g krist\u00e1ly cukor<br>100 g rizsliszt<br>( barna vagy sima feh\u00e9r rizsliszttel is m\u0171k\u00f6dik )<\/p>\n\n\n\n<p class=\"has-text-align-center\">S\u00e1rgabarack lekv\u00e1r<\/p>\n\n\n\n<p>&nbsp;<\/p>\n\n\n\n<p><strong>2 db pisk\u00f3tatekercset s\u00fcss\u00fcnk!<\/strong><\/p>\n\n\n\n<p>S\u00fct\u0151t 140 fokra el\u0151meleg\u00edtj\u00fck. A kb. 30 x 40 cm-es s\u00fct\u0151lemezre szilikonos s\u00fct\u0151pap\u00edrt fektet\u00fcnk.<\/p>\n\n\n\n<p>A s\u00fct\u0151pap\u00edrt ecsettel hajsz\u00e1l v\u00e9konyan kenj\u00fck \u00e1t olajjal, miel\u0151tt r\u00e1\u00f6ntj\u00fck a nyers t\u00e9szt\u00e1t. \u00cdgy k\u00f6nnyen elt\u00e1vol\u00edthat\u00f3 lesz!<\/p>\n\n\n\n<p>A toj\u00e1sokat sz\u00e9tv\u00e1lasztjuk, a feh\u00e9rj\u00e9t h\u0171t\u0151be tessz\u00fck.<br>A s\u00e1rg\u00e1j\u00e1t a cukorral sim\u00e1ra keverj\u00fck habver\u0151 seg\u00edts\u00e9g\u00e9vel!<br>A feh\u00e9rj\u00e9b\u0151l kem\u00e9ny habot ver\u00fcnk, majd szilikon spatul\u00e1val \/ fakan\u00e1llal beleforgatjuk a kikevert s\u00e1rg\u00e1j\u00e1t \u00e9s a rizslisztet \u00fagy, hogy a habot min\u00e9l kev\u00e9sb\u00e9 t\u00f6rj\u00fck \u00f6ssze!!<br>A s\u00fct\u0151pap\u00edrral b\u00e9lelt tepsibe \u00f6ntj\u00fck \u00e9s eloszlatjuk, hogy minden\u00fctt egyforma vastag legyen.<br>Az el\u0151meleg\u00edtett s\u00fct\u0151ben anal\u00f3g s\u00fct\u0151h\u0151m\u00e9r\u0151vel m\u00e9rve 140 fokon 30-35 perc alatt, als\u00f3-fels\u0151 s\u00fct\u00e9si m\u00f3dozaton k\u00e9szre s\u00fctj\u00fck.<\/p>\n\n\n\n<p>Kivessz\u00fck a s\u00fct\u0151b\u0151l \u00e9s a s\u00fct\u0151pap\u00edrral egy\u00fctt szorosan feltekerj\u00fck a pisk\u00f3t\u00e1nkat, majd hagyjuk kih\u0171lni.<br><br><br><\/p>\n\n\n<div class=\"wp-block-image\">\n<figure class=\"aligncenter\"><img loading=\"lazy\" decoding=\"async\" width=\"300\" height=\"225\" src=\"http:\/\/blog.glutenmenteschef.hu\/wp-content\/uploads\/2018\/09\/piskotatekercs-1-300x225.jpg\" alt=\"\" class=\"wp-image-25886\" srcset=\"http:\/\/blog.glutenmenteschef.hu\/wp-content\/uploads\/2018\/09\/piskotatekercs-1-300x225.jpg 300w, http:\/\/blog.glutenmenteschef.hu\/wp-content\/uploads\/2018\/09\/piskotatekercs-1-768x576.jpg 768w\" sizes=\"auto, (max-width: 300px) 100vw, 300px\" \/><\/figure>\n<\/div>\n\n\n<p><\/p>\n\n\n\n<p>Kitekerj\u00fck a t\u00e9szt\u00e1t, kev\u00e9s rizsliszttel meghintj\u00fck, majd a ny\u00fajt\u00f3deszk\u00e1ra ford\u00edtva \u00f3vatosan leh\u00fazzuk r\u00f3la a szilikonos pap\u00edrt. Visszaford\u00edtjuk, egyenletesen elter\u00edtj\u00fck rajta a lekv\u00e1rt, majd ism\u00e9t feltekerj\u00fck \u00e9s 1-1,5 cm vastag szeletekre v\u00e1gjuk.&nbsp;<\/p>\n\n\n\n<p>Kb. 4 literes t\u00e1lat folpackkal kib\u00e9lel\u00fcnk, majd a pisk\u00f3taszeletekkel, egym\u00e1s mell\u00e9 helyezve, k\u00f6rberakjuk. Pr\u00f3b\u00e1ljuk min\u00e9l szorosabban rakni \u0151ket, hogy a kr\u00e9m ne l\u00e1tsz\u00f3djon ki a majd m\u00e1r kiford\u00edtott s\u00fctib\u0151l.<br><\/p>\n\n\n\n<p>&nbsp;<\/p>\n\n\n<div class=\"wp-block-image\">\n<figure class=\"aligncenter\"><img loading=\"lazy\" decoding=\"async\" width=\"300\" height=\"225\" src=\"http:\/\/blog.glutenmenteschef.hu\/wp-content\/uploads\/2018\/09\/charlotte-1-300x225.jpg\" alt=\"\" class=\"wp-image-25885\" srcset=\"http:\/\/blog.glutenmenteschef.hu\/wp-content\/uploads\/2018\/09\/charlotte-1-300x225.jpg 300w, http:\/\/blog.glutenmenteschef.hu\/wp-content\/uploads\/2018\/09\/charlotte-1-768x576.jpg 768w\" sizes=\"auto, (max-width: 300px) 100vw, 300px\" \/><\/figure>\n<\/div>\n\n\n<p><\/p>\n\n\n\n<p>&nbsp;<\/p>\n\n\n\n<p class=\"has-text-align-center\">A Bajor kr\u00e9m hozz\u00e1val\u00f3i:<\/p>\n\n\n\n<p class=\"has-text-align-center\">1000 ml tej<br>6 db L-es m\u00e9ret\u0171 toj\u00e1s<br>240 g krist\u00e1lycukor<br>20 g van\u00edli\u00e1s cukor<br>30 g zselatin<br>500 ml habtejsz\u00edn<br><br><\/p>\n\n\n\n<p>A toj\u00e1sokat a cukorral \u00e9s a van\u00edli\u00e1s cukorral \u00f6sszekeverj\u00fck. A tejet csom\u00f3mentesre keverj\u00fck a zselatinnal \u00e9s forr\u00e1spontig meleg\u00edtj\u00fck. V\u00e9kony sug\u00e1rban r\u00e1\u00f6ntj\u00fck a toj\u00e1sokra, majd k\u00e9zi habver\u0151vel folyamatos keverget\u00e9s mellett 85 fokig meleg\u00edtj\u00fck.<\/p>\n\n\n\n<p>25 fokosra visszah\u0171tj\u00fck \u00e9s beleforgatjuk a habb\u00e1 vert tejsz\u00ednt. <br><br><\/p>\n\n\n\n<p>A kr\u00e9met a pisk\u00f3t\u00e1val kib\u00e9lelt t\u00e1lba \u00f6ntj\u00fck, a marad\u00e9k pisk\u00f3taszeleteket a kr\u00e9m tetej\u00e9re tehetj\u00fck. Folpackkal lefedve minimum 3 \u00f3ra hossz\u00e1t a h\u0171t\u0151ben dermesztj\u00fck. A charlotte-ot kiford\u00edtjuk egy nagym\u00e9ret\u0171 t\u00e1lra, a folpackot \u00f3vatosan levessz\u00fck r\u00f3la.<br><br><\/p>\n\n\n\n<p class=\"has-text-align-center\">Tejmentes k\u00f3kusztejes kr\u00e9m<\/p>\n\n\n\n<p class=\"has-text-align-center\">1000 ml Coconut k\u00f3kusztej<br>8 db L-es m\u00e9ret\u0171 toj\u00e1s<br>80 g rizsliszt<br>50 g kem\u00e9ny\u00edt\u0151<br>240 g krist\u00e1lycukor<br>20 g van\u00edli\u00e1s cukor vagy 1 r\u00fad \u0151r\u00f6lt van\u00edlia<br>20 g porzselatin<\/p>\n\n\n\n<p>&nbsp;<\/p>\n\n\n\n<p>A toj\u00e1sokat kett\u00e9v\u00e1lasztjuk. A s\u00e1rg\u00e1j\u00e1t csom\u00f3mentesre keverj\u00fck a van\u00edli\u00e1s cukorral \u00e9s a kem\u00e9ny\u00edt\u0151vel.<br>Folytonos keverget\u00e9s mellett felv\u00e1ltva \u00f6ntj\u00fck hozz\u00e1 a k\u00f3kusztejet valamint a rizslisztet \u00e9s hozz\u00e1adjuk a zselatint is. Ezut\u00e1n alacsony l\u00e1ngon addig meleg\u00edtj\u00fck folyamatosan kevergetve, m\u00edg puffog\u00f3, s\u0171r\u0171 pudingos \u00e1llag\u00fav\u00e1 s\u0171r\u0171s\u00f6dik.<\/p>\n\n\n\n<p>A krist\u00e1lycukrot 100 g v\u00edzzel 118 fokosra felf\u0151zz\u00fck. Majd az ez id\u0151 alatt f\u00e9lig felvert toj\u00e1sfeh\u00e9rj\u00e9hez csorgatjuk v\u00e9kony sug\u00e1rban, mik\u00f6zben k\u00f6zepes fokozaton keverj\u00fck a g\u00e9pi habver\u0151vel. 2 perc alatt habb\u00e1 verj\u00fck, majd a m\u00e9g forr\u00f3 s\u00e1rga kr\u00e9mbe forgatjuk, am\u00edg egynem\u0171 nem lesz.<br><br><\/p>\n\n\n\n<h5 class=\"wp-block-heading\"><strong>A Charlotte \u00f6ssze\u00e1ll\u00edt\u00e1sa:<\/strong><\/h5>\n\n\n\n<p>A kr\u00e9met a pisk\u00f3t\u00e1val kib\u00e9lelt t\u00e1lba \u00f6ntj\u00fck, ha maradt pisk\u00f3taszelet, a kr\u00e9m tetej\u00e9re tehetj\u00fck. Mikor szoba h\u0151m\u00e9rs\u00e9klet\u0171re h\u0171lt, folpackkal lefedve minimum 3 \u00f3ra hossz\u00e1t a h\u0171t\u0151ben dermesztj\u00fck.<br>A charlotte-ot kiford\u00edtjuk egy nagym\u00e9ret\u0171 t\u00e1lra, a folpackot \u00f3vatosan levessz\u00fck r\u00f3la.<\/p>\n\n\n\n<p><\/p>\n\n\n\n<p>&nbsp;<\/p>\n\n\n<div class=\"wp-block-image\">\n<figure class=\"aligncenter\"><img loading=\"lazy\" decoding=\"async\" width=\"300\" height=\"225\" src=\"http:\/\/blog.glutenmenteschef.hu\/wp-content\/uploads\/2018\/09\/charlotte-2-300x225.jpg\" alt=\"\" class=\"wp-image-25888\" srcset=\"http:\/\/blog.glutenmenteschef.hu\/wp-content\/uploads\/2018\/09\/charlotte-2-300x225.jpg 300w, http:\/\/blog.glutenmenteschef.hu\/wp-content\/uploads\/2018\/09\/charlotte-2-768x576.jpg 768w\" sizes=\"auto, (max-width: 300px) 100vw, 300px\" \/><\/figure>\n<\/div>\n\n\n<p><\/p>\n\n\n\n<p>&nbsp;<\/p>\n\n\n<div class=\"wp-block-image\">\n<figure class=\"aligncenter\"><img loading=\"lazy\" decoding=\"async\" width=\"300\" height=\"225\" src=\"http:\/\/blog.glutenmenteschef.hu\/wp-content\/uploads\/2018\/09\/charlotte-4-300x225.jpg\" alt=\"\" class=\"wp-image-25889\"\/><\/figure>\n<\/div>\n\n\n<p><\/p>\n","protected":false},"excerpt":{"rendered":"<p>Charlotte glut\u00e9n- \u00e9s tejmentesen A bejegyz\u00e9sben k\u00e9tf\u00e9le kr\u00e9m le\u00edr\u00e1sa szerepel. Az egyik egy Bajor kr\u00e9m, m\u00edg a m\u00e1sik egy tejmentes k\u00f3kusztejes kr\u00e9m. 1 db pisk\u00f3tatekercs hozz\u00e1val\u00f3i: 4 db toj\u00e1s ( \u201d L\u201d-es m\u00e9ret\u0171 60-65 g-os )80 g krist\u00e1ly cukor100 g rizsliszt( barna vagy sima feh\u00e9r rizsliszttel is m\u0171k\u00f6dik ) S\u00e1rgabarack lekv\u00e1r &nbsp; 2 db pisk\u00f3tatekercset <br \/><a class=\"more\" href=\"http:\/\/blog.glutenmenteschef.hu\/index.php\/2018\/09\/29\/charlotte-gluten-es-tejmentesen\/\">Read more&#8230; <\/a><\/p>\n","protected":false},"author":1,"featured_media":25884,"comment_status":"open","ping_status":"open","sticky":false,"template":"","format":"standard","meta":{"footnotes":""},"categories":[27,335],"tags":[342,5,158,443,190,326],"class_list":["post-25882","post","type-post","status-publish","format-standard","has-post-thumbnail","hentry","category-desszert","category-rizslisztbol-keszitettem","tag-charlotte","tag-glutenmentes","tag-piskota","tag-piskotatekercs","tag-rizsliszt","tag-tejmentes"],"yoast_head":"<!-- This site is optimized with the Yoast SEO plugin v26.5 - https:\/\/yoast.com\/wordpress\/plugins\/seo\/ -->\n<title>CHARLOTTE GLUT\u00c9N \u00c9S TEJMENTESEN &#8211; Glut\u00e9nmentes Chef blog - \u00c1tol Tibor<\/title>\n<meta name=\"robots\" content=\"index, follow, max-snippet:-1, max-image-preview:large, max-video-preview:-1\" \/>\n<link rel=\"canonical\" href=\"http:\/\/blog.glutenmenteschef.hu\/index.php\/2018\/09\/29\/charlotte-gluten-es-tejmentesen\/\" \/>\n<meta property=\"og:locale\" content=\"hu_HU\" \/>\n<meta property=\"og:type\" content=\"article\" \/>\n<meta property=\"og:title\" content=\"CHARLOTTE GLUT\u00c9N \u00c9S TEJMENTESEN &#8211; Glut\u00e9nmentes Chef blog - \u00c1tol Tibor\" \/>\n<meta property=\"og:description\" content=\"Charlotte glut\u00e9n- \u00e9s tejmentesen A bejegyz\u00e9sben k\u00e9tf\u00e9le kr\u00e9m le\u00edr\u00e1sa szerepel. Az egyik egy Bajor kr\u00e9m, m\u00edg a m\u00e1sik egy tejmentes k\u00f3kusztejes kr\u00e9m. 1 db pisk\u00f3tatekercs hozz\u00e1val\u00f3i: 4 db toj\u00e1s ( \u201d L\u201d-es m\u00e9ret\u0171 60-65 g-os )80 g krist\u00e1ly cukor100 g rizsliszt( barna vagy sima feh\u00e9r rizsliszttel is m\u0171k\u00f6dik ) S\u00e1rgabarack lekv\u00e1r &nbsp; 2 db pisk\u00f3tatekercset Read more...\" \/>\n<meta property=\"og:url\" content=\"http:\/\/blog.glutenmenteschef.hu\/index.php\/2018\/09\/29\/charlotte-gluten-es-tejmentesen\/\" \/>\n<meta property=\"og:site_name\" content=\"Glut\u00e9nmentes Chef blog - \u00c1tol Tibor\" \/>\n<meta property=\"article:publisher\" content=\"https:\/\/www.facebook.com\/aglutenmentessef\" \/>\n<meta property=\"article:author\" content=\"https:\/\/www.facebook.com\/aglutenmentessef\" \/>\n<meta property=\"article:published_time\" content=\"2018-09-29T11:41:58+00:00\" \/>\n<meta property=\"article:modified_time\" content=\"2024-11-10T22:19:29+00:00\" \/>\n<meta property=\"og:image\" content=\"http:\/\/blog.glutenmenteschef.hu\/wp-content\/uploads\/2018\/09\/charlotte-5-e1538213647300.jpg\" \/>\n\t<meta property=\"og:image:width\" content=\"1024\" \/>\n\t<meta property=\"og:image:height\" content=\"730\" \/>\n\t<meta property=\"og:image:type\" content=\"image\/jpeg\" \/>\n<meta name=\"author\" content=\"gmchef\" \/>\n<meta name=\"twitter:card\" content=\"summary_large_image\" \/>\n<meta name=\"twitter:label1\" content=\"Szerz\u0151:\" \/>\n\t<meta name=\"twitter:data1\" content=\"gmchef\" \/>\n\t<meta name=\"twitter:label2\" content=\"Becs\u00fclt olvas\u00e1si id\u0151\" \/>\n\t<meta name=\"twitter:data2\" content=\"4 perc\" \/>\n<script type=\"application\/ld+json\" class=\"yoast-schema-graph\">{\"@context\":\"https:\/\/schema.org\",\"@graph\":[{\"@type\":\"Article\",\"@id\":\"http:\/\/blog.glutenmenteschef.hu\/index.php\/2018\/09\/29\/charlotte-gluten-es-tejmentesen\/#article\",\"isPartOf\":{\"@id\":\"http:\/\/blog.glutenmenteschef.hu\/index.php\/2018\/09\/29\/charlotte-gluten-es-tejmentesen\/\"},\"author\":{\"name\":\"gmchef\",\"@id\":\"https:\/\/blog.glutenmenteschef.hu\/#\/schema\/person\/c07613f0b6c0f12f90b8cb23cf32754a\"},\"headline\":\"CHARLOTTE GLUT\u00c9N \u00c9S TEJMENTESEN\",\"datePublished\":\"2018-09-29T11:41:58+00:00\",\"dateModified\":\"2024-11-10T22:19:29+00:00\",\"mainEntityOfPage\":{\"@id\":\"http:\/\/blog.glutenmenteschef.hu\/index.php\/2018\/09\/29\/charlotte-gluten-es-tejmentesen\/\"},\"wordCount\":756,\"commentCount\":0,\"publisher\":{\"@id\":\"https:\/\/blog.glutenmenteschef.hu\/#\/schema\/person\/c07613f0b6c0f12f90b8cb23cf32754a\"},\"image\":{\"@id\":\"http:\/\/blog.glutenmenteschef.hu\/index.php\/2018\/09\/29\/charlotte-gluten-es-tejmentesen\/#primaryimage\"},\"thumbnailUrl\":\"http:\/\/blog.glutenmenteschef.hu\/wp-content\/uploads\/2018\/09\/charlotte-5-e1538213647300.jpg\",\"keywords\":[\"charlotte\",\"glut\u00e9nmentes\",\"pisk\u00f3ta\",\"pisk\u00f3tatekercs\",\"rizsliszt\",\"tejmentes\"],\"articleSection\":[\"Desszert-S\u00fctem\u00e9ny\",\"Rizslisztb\u0151l k\u00e9sz\u00edtettem\"],\"inLanguage\":\"hu\",\"potentialAction\":[{\"@type\":\"CommentAction\",\"name\":\"Comment\",\"target\":[\"http:\/\/blog.glutenmenteschef.hu\/index.php\/2018\/09\/29\/charlotte-gluten-es-tejmentesen\/#respond\"]}]},{\"@type\":\"WebPage\",\"@id\":\"http:\/\/blog.glutenmenteschef.hu\/index.php\/2018\/09\/29\/charlotte-gluten-es-tejmentesen\/\",\"url\":\"http:\/\/blog.glutenmenteschef.hu\/index.php\/2018\/09\/29\/charlotte-gluten-es-tejmentesen\/\",\"name\":\"CHARLOTTE GLUT\u00c9N \u00c9S TEJMENTESEN &#8211; Glut\u00e9nmentes Chef blog - \u00c1tol Tibor\",\"isPartOf\":{\"@id\":\"https:\/\/blog.glutenmenteschef.hu\/#website\"},\"primaryImageOfPage\":{\"@id\":\"http:\/\/blog.glutenmenteschef.hu\/index.php\/2018\/09\/29\/charlotte-gluten-es-tejmentesen\/#primaryimage\"},\"image\":{\"@id\":\"http:\/\/blog.glutenmenteschef.hu\/index.php\/2018\/09\/29\/charlotte-gluten-es-tejmentesen\/#primaryimage\"},\"thumbnailUrl\":\"http:\/\/blog.glutenmenteschef.hu\/wp-content\/uploads\/2018\/09\/charlotte-5-e1538213647300.jpg\",\"datePublished\":\"2018-09-29T11:41:58+00:00\",\"dateModified\":\"2024-11-10T22:19:29+00:00\",\"breadcrumb\":{\"@id\":\"http:\/\/blog.glutenmenteschef.hu\/index.php\/2018\/09\/29\/charlotte-gluten-es-tejmentesen\/#breadcrumb\"},\"inLanguage\":\"hu\",\"potentialAction\":[{\"@type\":\"ReadAction\",\"target\":[\"http:\/\/blog.glutenmenteschef.hu\/index.php\/2018\/09\/29\/charlotte-gluten-es-tejmentesen\/\"]}]},{\"@type\":\"ImageObject\",\"inLanguage\":\"hu\",\"@id\":\"http:\/\/blog.glutenmenteschef.hu\/index.php\/2018\/09\/29\/charlotte-gluten-es-tejmentesen\/#primaryimage\",\"url\":\"http:\/\/blog.glutenmenteschef.hu\/wp-content\/uploads\/2018\/09\/charlotte-5-e1538213647300.jpg\",\"contentUrl\":\"http:\/\/blog.glutenmenteschef.hu\/wp-content\/uploads\/2018\/09\/charlotte-5-e1538213647300.jpg\",\"width\":1024,\"height\":730},{\"@type\":\"BreadcrumbList\",\"@id\":\"http:\/\/blog.glutenmenteschef.hu\/index.php\/2018\/09\/29\/charlotte-gluten-es-tejmentesen\/#breadcrumb\",\"itemListElement\":[{\"@type\":\"ListItem\",\"position\":1,\"name\":\"Home\",\"item\":\"https:\/\/blog.glutenmenteschef.hu\/\"},{\"@type\":\"ListItem\",\"position\":2,\"name\":\"CHARLOTTE GLUT\u00c9N \u00c9S TEJMENTESEN\"}]},{\"@type\":\"WebSite\",\"@id\":\"https:\/\/blog.glutenmenteschef.hu\/#website\",\"url\":\"https:\/\/blog.glutenmenteschef.hu\/\",\"name\":\"Glut\u00e9nmentes Chef blog - \u00c1tol Tibor\",\"description\":\"Glut\u00e9nmentes \u00e9telek, glut\u00e9nmentes receptek, glut\u00e9nmentes vide\u00f3k\",\"publisher\":{\"@id\":\"https:\/\/blog.glutenmenteschef.hu\/#\/schema\/person\/c07613f0b6c0f12f90b8cb23cf32754a\"},\"potentialAction\":[{\"@type\":\"SearchAction\",\"target\":{\"@type\":\"EntryPoint\",\"urlTemplate\":\"https:\/\/blog.glutenmenteschef.hu\/?s={search_term_string}\"},\"query-input\":{\"@type\":\"PropertyValueSpecification\",\"valueRequired\":true,\"valueName\":\"search_term_string\"}}],\"inLanguage\":\"hu\"},{\"@type\":[\"Person\",\"Organization\"],\"@id\":\"https:\/\/blog.glutenmenteschef.hu\/#\/schema\/person\/c07613f0b6c0f12f90b8cb23cf32754a\",\"name\":\"gmchef\",\"image\":{\"@type\":\"ImageObject\",\"inLanguage\":\"hu\",\"@id\":\"https:\/\/blog.glutenmenteschef.hu\/#\/schema\/person\/image\/\",\"url\":\"https:\/\/secure.gravatar.com\/avatar\/363a4977321cb6fa3321b7ac93139b68e56af77880ae9fd5a3b2e7a8279f6d74?s=96&d=mm&r=g\",\"contentUrl\":\"https:\/\/secure.gravatar.com\/avatar\/363a4977321cb6fa3321b7ac93139b68e56af77880ae9fd5a3b2e7a8279f6d74?s=96&d=mm&r=g\",\"caption\":\"gmchef\"},\"logo\":{\"@id\":\"https:\/\/blog.glutenmenteschef.hu\/#\/schema\/person\/image\/\"},\"sameAs\":[\"https:\/\/www.facebook.com\/aglutenmentessef\"]}]}<\/script>\n<!-- \/ Yoast SEO plugin. -->","yoast_head_json":{"title":"CHARLOTTE GLUT\u00c9N \u00c9S TEJMENTESEN &#8211; Glut\u00e9nmentes Chef blog - \u00c1tol Tibor","robots":{"index":"index","follow":"follow","max-snippet":"max-snippet:-1","max-image-preview":"max-image-preview:large","max-video-preview":"max-video-preview:-1"},"canonical":"http:\/\/blog.glutenmenteschef.hu\/index.php\/2018\/09\/29\/charlotte-gluten-es-tejmentesen\/","og_locale":"hu_HU","og_type":"article","og_title":"CHARLOTTE GLUT\u00c9N \u00c9S TEJMENTESEN &#8211; Glut\u00e9nmentes Chef blog - \u00c1tol Tibor","og_description":"Charlotte glut\u00e9n- \u00e9s tejmentesen A bejegyz\u00e9sben k\u00e9tf\u00e9le kr\u00e9m le\u00edr\u00e1sa szerepel. Az egyik egy Bajor kr\u00e9m, m\u00edg a m\u00e1sik egy tejmentes k\u00f3kusztejes kr\u00e9m. 1 db pisk\u00f3tatekercs hozz\u00e1val\u00f3i: 4 db toj\u00e1s ( \u201d L\u201d-es m\u00e9ret\u0171 60-65 g-os )80 g krist\u00e1ly cukor100 g rizsliszt( barna vagy sima feh\u00e9r rizsliszttel is m\u0171k\u00f6dik ) S\u00e1rgabarack lekv\u00e1r &nbsp; 2 db pisk\u00f3tatekercset Read more...","og_url":"http:\/\/blog.glutenmenteschef.hu\/index.php\/2018\/09\/29\/charlotte-gluten-es-tejmentesen\/","og_site_name":"Glut\u00e9nmentes Chef blog - \u00c1tol Tibor","article_publisher":"https:\/\/www.facebook.com\/aglutenmentessef","article_author":"https:\/\/www.facebook.com\/aglutenmentessef","article_published_time":"2018-09-29T11:41:58+00:00","article_modified_time":"2024-11-10T22:19:29+00:00","og_image":[{"width":1024,"height":730,"url":"http:\/\/blog.glutenmenteschef.hu\/wp-content\/uploads\/2018\/09\/charlotte-5-e1538213647300.jpg","type":"image\/jpeg"}],"author":"gmchef","twitter_card":"summary_large_image","twitter_misc":{"Szerz\u0151:":"gmchef","Becs\u00fclt olvas\u00e1si id\u0151":"4 perc"},"schema":{"@context":"https:\/\/schema.org","@graph":[{"@type":"Article","@id":"http:\/\/blog.glutenmenteschef.hu\/index.php\/2018\/09\/29\/charlotte-gluten-es-tejmentesen\/#article","isPartOf":{"@id":"http:\/\/blog.glutenmenteschef.hu\/index.php\/2018\/09\/29\/charlotte-gluten-es-tejmentesen\/"},"author":{"name":"gmchef","@id":"https:\/\/blog.glutenmenteschef.hu\/#\/schema\/person\/c07613f0b6c0f12f90b8cb23cf32754a"},"headline":"CHARLOTTE GLUT\u00c9N \u00c9S TEJMENTESEN","datePublished":"2018-09-29T11:41:58+00:00","dateModified":"2024-11-10T22:19:29+00:00","mainEntityOfPage":{"@id":"http:\/\/blog.glutenmenteschef.hu\/index.php\/2018\/09\/29\/charlotte-gluten-es-tejmentesen\/"},"wordCount":756,"commentCount":0,"publisher":{"@id":"https:\/\/blog.glutenmenteschef.hu\/#\/schema\/person\/c07613f0b6c0f12f90b8cb23cf32754a"},"image":{"@id":"http:\/\/blog.glutenmenteschef.hu\/index.php\/2018\/09\/29\/charlotte-gluten-es-tejmentesen\/#primaryimage"},"thumbnailUrl":"http:\/\/blog.glutenmenteschef.hu\/wp-content\/uploads\/2018\/09\/charlotte-5-e1538213647300.jpg","keywords":["charlotte","glut\u00e9nmentes","pisk\u00f3ta","pisk\u00f3tatekercs","rizsliszt","tejmentes"],"articleSection":["Desszert-S\u00fctem\u00e9ny","Rizslisztb\u0151l k\u00e9sz\u00edtettem"],"inLanguage":"hu","potentialAction":[{"@type":"CommentAction","name":"Comment","target":["http:\/\/blog.glutenmenteschef.hu\/index.php\/2018\/09\/29\/charlotte-gluten-es-tejmentesen\/#respond"]}]},{"@type":"WebPage","@id":"http:\/\/blog.glutenmenteschef.hu\/index.php\/2018\/09\/29\/charlotte-gluten-es-tejmentesen\/","url":"http:\/\/blog.glutenmenteschef.hu\/index.php\/2018\/09\/29\/charlotte-gluten-es-tejmentesen\/","name":"CHARLOTTE GLUT\u00c9N \u00c9S TEJMENTESEN &#8211; Glut\u00e9nmentes Chef blog - \u00c1tol Tibor","isPartOf":{"@id":"https:\/\/blog.glutenmenteschef.hu\/#website"},"primaryImageOfPage":{"@id":"http:\/\/blog.glutenmenteschef.hu\/index.php\/2018\/09\/29\/charlotte-gluten-es-tejmentesen\/#primaryimage"},"image":{"@id":"http:\/\/blog.glutenmenteschef.hu\/index.php\/2018\/09\/29\/charlotte-gluten-es-tejmentesen\/#primaryimage"},"thumbnailUrl":"http:\/\/blog.glutenmenteschef.hu\/wp-content\/uploads\/2018\/09\/charlotte-5-e1538213647300.jpg","datePublished":"2018-09-29T11:41:58+00:00","dateModified":"2024-11-10T22:19:29+00:00","breadcrumb":{"@id":"http:\/\/blog.glutenmenteschef.hu\/index.php\/2018\/09\/29\/charlotte-gluten-es-tejmentesen\/#breadcrumb"},"inLanguage":"hu","potentialAction":[{"@type":"ReadAction","target":["http:\/\/blog.glutenmenteschef.hu\/index.php\/2018\/09\/29\/charlotte-gluten-es-tejmentesen\/"]}]},{"@type":"ImageObject","inLanguage":"hu","@id":"http:\/\/blog.glutenmenteschef.hu\/index.php\/2018\/09\/29\/charlotte-gluten-es-tejmentesen\/#primaryimage","url":"http:\/\/blog.glutenmenteschef.hu\/wp-content\/uploads\/2018\/09\/charlotte-5-e1538213647300.jpg","contentUrl":"http:\/\/blog.glutenmenteschef.hu\/wp-content\/uploads\/2018\/09\/charlotte-5-e1538213647300.jpg","width":1024,"height":730},{"@type":"BreadcrumbList","@id":"http:\/\/blog.glutenmenteschef.hu\/index.php\/2018\/09\/29\/charlotte-gluten-es-tejmentesen\/#breadcrumb","itemListElement":[{"@type":"ListItem","position":1,"name":"Home","item":"https:\/\/blog.glutenmenteschef.hu\/"},{"@type":"ListItem","position":2,"name":"CHARLOTTE GLUT\u00c9N \u00c9S TEJMENTESEN"}]},{"@type":"WebSite","@id":"https:\/\/blog.glutenmenteschef.hu\/#website","url":"https:\/\/blog.glutenmenteschef.hu\/","name":"Glut\u00e9nmentes Chef blog - \u00c1tol Tibor","description":"Glut\u00e9nmentes \u00e9telek, glut\u00e9nmentes receptek, glut\u00e9nmentes vide\u00f3k","publisher":{"@id":"https:\/\/blog.glutenmenteschef.hu\/#\/schema\/person\/c07613f0b6c0f12f90b8cb23cf32754a"},"potentialAction":[{"@type":"SearchAction","target":{"@type":"EntryPoint","urlTemplate":"https:\/\/blog.glutenmenteschef.hu\/?s={search_term_string}"},"query-input":{"@type":"PropertyValueSpecification","valueRequired":true,"valueName":"search_term_string"}}],"inLanguage":"hu"},{"@type":["Person","Organization"],"@id":"https:\/\/blog.glutenmenteschef.hu\/#\/schema\/person\/c07613f0b6c0f12f90b8cb23cf32754a","name":"gmchef","image":{"@type":"ImageObject","inLanguage":"hu","@id":"https:\/\/blog.glutenmenteschef.hu\/#\/schema\/person\/image\/","url":"https:\/\/secure.gravatar.com\/avatar\/363a4977321cb6fa3321b7ac93139b68e56af77880ae9fd5a3b2e7a8279f6d74?s=96&d=mm&r=g","contentUrl":"https:\/\/secure.gravatar.com\/avatar\/363a4977321cb6fa3321b7ac93139b68e56af77880ae9fd5a3b2e7a8279f6d74?s=96&d=mm&r=g","caption":"gmchef"},"logo":{"@id":"https:\/\/blog.glutenmenteschef.hu\/#\/schema\/person\/image\/"},"sameAs":["https:\/\/www.facebook.com\/aglutenmentessef"]}]}},"_links":{"self":[{"href":"http:\/\/blog.glutenmenteschef.hu\/index.php\/wp-json\/wp\/v2\/posts\/25882","targetHints":{"allow":["GET"]}}],"collection":[{"href":"http:\/\/blog.glutenmenteschef.hu\/index.php\/wp-json\/wp\/v2\/posts"}],"about":[{"href":"http:\/\/blog.glutenmenteschef.hu\/index.php\/wp-json\/wp\/v2\/types\/post"}],"author":[{"embeddable":true,"href":"http:\/\/blog.glutenmenteschef.hu\/index.php\/wp-json\/wp\/v2\/users\/1"}],"replies":[{"embeddable":true,"href":"http:\/\/blog.glutenmenteschef.hu\/index.php\/wp-json\/wp\/v2\/comments?post=25882"}],"version-history":[{"count":0,"href":"http:\/\/blog.glutenmenteschef.hu\/index.php\/wp-json\/wp\/v2\/posts\/25882\/revisions"}],"wp:featuredmedia":[{"embeddable":true,"href":"http:\/\/blog.glutenmenteschef.hu\/index.php\/wp-json\/wp\/v2\/media\/25884"}],"wp:attachment":[{"href":"http:\/\/blog.glutenmenteschef.hu\/index.php\/wp-json\/wp\/v2\/media?parent=25882"}],"wp:term":[{"taxonomy":"category","embeddable":true,"href":"http:\/\/blog.glutenmenteschef.hu\/index.php\/wp-json\/wp\/v2\/categories?post=25882"},{"taxonomy":"post_tag","embeddable":true,"href":"http:\/\/blog.glutenmenteschef.hu\/index.php\/wp-json\/wp\/v2\/tags?post=25882"}],"curies":[{"name":"wp","href":"https:\/\/api.w.org\/{rel}","templated":true}]}}