{"id":25834,"date":"2018-09-15T10:50:07","date_gmt":"2018-09-15T10:50:07","guid":{"rendered":"http:\/\/blog.glutenmenteschef.hu\/?p=25834"},"modified":"2022-04-23T20:59:52","modified_gmt":"2022-04-23T20:59:52","slug":"szort-turos-glutenmentesen-lusta-asszony-retese","status":"publish","type":"post","link":"http:\/\/blog.glutenmenteschef.hu\/index.php\/2018\/09\/15\/szort-turos-glutenmentesen-lusta-asszony-retese\/","title":{"rendered":"SZ\u00d3RT T\u00daR\u00d3S GLUT\u00c9NMENTESEN ( LUSTA ASSZONY R\u00c9TESE )"},"content":{"rendered":"\n<h3 class=\"has-text-align-center wp-block-heading\"><strong>Sz\u00f3rt t\u00far\u00f3s glut\u00e9nmentesen ( Lusta asszony r\u00e9tese )<\/strong><\/h3>\n\n\n\n<p class=\"has-text-align-center\"><strong>A tepsi m\u00e9rete 35 x 26 cm<\/strong><br><br><br><\/p>\n\n\n\n<p>H\u00edvj\u00e1k &#8222;Sz\u00f3rt t\u00far\u00f3snak&#8221;, de van, aki &#8222;lusta asszony r\u00e9tese&#8221; n\u00e9ven ismeri.&nbsp; Pedig semmi k\u00f6ze a r\u00e9teshez. Val\u00f3j\u00e1ban egy elronthatatlan s\u00fctem\u00e9ny, hisz t\u00e9nyleg csak bele kell sz\u00f3rni a hozz\u00e1val\u00f3kat a tepsibe.&nbsp;Lehet, hogy nem a legfotog\u00e9nebb s\u00fcti, de hogy nagyon finom \u00e9s meg\u00e9ri elk\u00e9sz\u00edteni, az biztos.<br>Ez az a s\u00fctem\u00e9ny, amit b\u00e1tran aj\u00e1nlok a kezd\u0151knek is \u00e9s mindenkinek, aki m\u00e9g a konyha k\u00f6rny\u00e9k\u00e9n sem j\u00e1rt. Ez a t\u00far\u00f3s nekik is siker\u00fclni fog.<br><br><br><\/p>\n\n\n\n<div class=\"wp-block-image\"><figure class=\"aligncenter size-medium\"><img loading=\"lazy\" decoding=\"async\" width=\"300\" height=\"225\" src=\"https:\/\/blog.glutenmenteschef.hu\/wp-content\/uploads\/2018\/09\/Szoros-turos-margo-nagykatai-s\u00fctije-8-300x225.jpg\" alt=\"\" class=\"wp-image-25843\" srcset=\"http:\/\/blog.glutenmenteschef.hu\/wp-content\/uploads\/2018\/09\/Szoros-turos-margo-nagykatai-s\u00fctije-8-300x225.jpg 300w, http:\/\/blog.glutenmenteschef.hu\/wp-content\/uploads\/2018\/09\/Szoros-turos-margo-nagykatai-s\u00fctije-8-768x576.jpg 768w\" sizes=\"auto, (max-width: 300px) 100vw, 300px\" \/><figcaption><br><br><\/figcaption><\/figure><\/div>\n\n\n\n<h5 class=\"has-text-align-center wp-block-heading\"><strong>Hozz\u00e1val\u00f3k:<\/strong><\/h5>\n\n\n\n<p class=\"has-text-align-center\">1 kg teh\u00e9n t\u00far\u00f3<br>350 g rizsliszt<br>400 g porcukor<br>1 csomag (12 g) s\u00fct\u0151por<br>40 g van\u00edli\u00e1s cukor<br>150 g vaj<br>500 g tejf\u00f6l<br>2 db toj\u00e1s<br>3 dl tej<\/p>\n\n\n\n<p><\/p>\n\n\n\n<p><strong>A tepsi kiv\u00e1laszt\u00e1s\u00e1n\u00e1l figyelj\u00fcnk arra, hogy a megadott m\u00e9ret\u0171 legyen. Ha m\u00e1s m\u00e9ret\u0171 vagy form\u00e1j\u00fa, akkor a s\u00fcti magass\u00e1ga ne haladja meg a 4-5 cm-t. Ha kisebb, akkor a s\u00fcti t\u00fal magas lesz \u00e9s el\u0151fordulhat, hogy a nedves hozz\u00e1val\u00f3k nem tudj\u00e1k megfelel\u0151en \u00e1tj\u00e1rni a cukros-lisztes kever\u00e9ket.<br><\/strong><br><br><br><\/p>\n\n\n\n<div class=\"wp-block-image\"><figure class=\"aligncenter size-full is-resized\"><img loading=\"lazy\" decoding=\"async\" src=\"https:\/\/blog.glutenmenteschef.hu\/wp-content\/uploads\/2022\/04\/Szort-turos-28.jpg\" alt=\"\" class=\"wp-image-29774\" width=\"512\" height=\"683\" srcset=\"http:\/\/blog.glutenmenteschef.hu\/wp-content\/uploads\/2022\/04\/Szort-turos-28.jpg 1024w, http:\/\/blog.glutenmenteschef.hu\/wp-content\/uploads\/2022\/04\/Szort-turos-28-225x300.jpg 225w, http:\/\/blog.glutenmenteschef.hu\/wp-content\/uploads\/2022\/04\/Szort-turos-28-768x1024.jpg 768w\" sizes=\"auto, (max-width: 512px) 100vw, 512px\" \/><figcaption><br><br><br><\/figcaption><\/figure><\/div>\n\n\n\n<p>A lisztet, a porcukrot \u00e9s a s\u00fct\u0151port \u00f6sszekeverj\u00fck.<br>10 dkg vajat kis darabokban a tepsi alj\u00e1ba vagdalunk, majd a lisztkever\u00e9k fel\u00e9t a vaj tetej\u00e9re sz\u00f3rjuk.<br><br><br><\/p>\n\n\n\n<div class=\"wp-block-image\"><figure class=\"aligncenter\"><img loading=\"lazy\" decoding=\"async\" width=\"300\" height=\"225\" src=\"http:\/\/blog.glutenmenteschef.hu\/wp-content\/uploads\/2018\/09\/Szoros-turos-margo-nagykatai-s\u00fctije-2-300x225.jpg\" alt=\"\" class=\"wp-image-25839\" srcset=\"http:\/\/blog.glutenmenteschef.hu\/wp-content\/uploads\/2018\/09\/Szoros-turos-margo-nagykatai-s\u00fctije-2-300x225.jpg 300w, http:\/\/blog.glutenmenteschef.hu\/wp-content\/uploads\/2018\/09\/Szoros-turos-margo-nagykatai-s\u00fctije-2-768x576.jpg 768w\" sizes=\"auto, (max-width: 300px) 100vw, 300px\" \/><\/figure><\/div>\n\n\n\n<p><br><br><br>A t\u00far\u00f3t egyenletesen r\u00e1sz\u00f3rjuk, majd a tejf\u00f6llel meglocsoljuk.<br><br><br><\/p>\n\n\n\n<div class=\"wp-block-image\"><figure class=\"aligncenter\"><img loading=\"lazy\" decoding=\"async\" width=\"300\" height=\"225\" src=\"http:\/\/blog.glutenmenteschef.hu\/wp-content\/uploads\/2018\/09\/Szoros-turos-margo-nagykatai-s\u00fctije-4-300x225.jpg\" alt=\"\" class=\"wp-image-25840\" srcset=\"http:\/\/blog.glutenmenteschef.hu\/wp-content\/uploads\/2018\/09\/Szoros-turos-margo-nagykatai-s\u00fctije-4-300x225.jpg 300w, http:\/\/blog.glutenmenteschef.hu\/wp-content\/uploads\/2018\/09\/Szoros-turos-margo-nagykatai-s\u00fctije-4-768x576.jpg 768w\" sizes=\"auto, (max-width: 300px) 100vw, 300px\" \/><\/figure><\/div>\n\n\n\n<p><br><br><br>A liszt m\u00e1sik fel\u00e9t r\u00e1sz\u00f3rjuk a t\u00far\u00f3ra. A toj\u00e1st a van\u00edli\u00e1s cukorral \u00e9s a tejjel elkeverj\u00fck, majd a liszt tetej\u00e9re locsoljuk.<br><br><br><\/p>\n\n\n\n<div class=\"wp-block-image\"><figure class=\"aligncenter\"><img loading=\"lazy\" decoding=\"async\" width=\"300\" height=\"225\" src=\"http:\/\/blog.glutenmenteschef.hu\/wp-content\/uploads\/2018\/09\/Szoros-turos-margo-nagykatai-s\u00fctije-5-300x225.jpg\" alt=\"\" class=\"wp-image-25841\" srcset=\"http:\/\/blog.glutenmenteschef.hu\/wp-content\/uploads\/2018\/09\/Szoros-turos-margo-nagykatai-s\u00fctije-5-300x225.jpg 300w, http:\/\/blog.glutenmenteschef.hu\/wp-content\/uploads\/2018\/09\/Szoros-turos-margo-nagykatai-s\u00fctije-5-768x576.jpg 768w\" sizes=\"auto, (max-width: 300px) 100vw, 300px\" \/><\/figure><\/div>\n\n\n\n<p><br><br><br>A vaj m\u00e1sik fel\u00e9t apr\u00f3 darabokra v\u00e1gva szint\u00e9n r\u00e1sz\u00f3rjuk.<br><br><br><\/p>\n\n\n\n<div class=\"wp-block-image\"><figure class=\"aligncenter\"><img loading=\"lazy\" decoding=\"async\" width=\"300\" height=\"225\" src=\"http:\/\/blog.glutenmenteschef.hu\/wp-content\/uploads\/2018\/09\/Szoros-turos-margo-nagykatai-s\u00fctije-6-2-300x225.jpg\" alt=\"\" class=\"wp-image-25842\" srcset=\"http:\/\/blog.glutenmenteschef.hu\/wp-content\/uploads\/2018\/09\/Szoros-turos-margo-nagykatai-s\u00fctije-6-2-300x225.jpg 300w, http:\/\/blog.glutenmenteschef.hu\/wp-content\/uploads\/2018\/09\/Szoros-turos-margo-nagykatai-s\u00fctije-6-2-768x576.jpg 768w\" sizes=\"auto, (max-width: 300px) 100vw, 300px\" \/><\/figure><\/div>\n\n\n\n<p><br><br><br>A s\u00fct\u0151ben 160 fokra el\u0151meleg\u00edtett s\u00fct\u0151ben, als\u00f3-fels\u0151 s\u00fct\u00e9si m\u00f3dozaton kb. 70 &#8211; 75 percig s\u00fctj\u00fck.<br><br><br><\/p>\n\n\n\n<div class=\"wp-block-image\"><figure class=\"aligncenter\"><img loading=\"lazy\" decoding=\"async\" width=\"300\" height=\"225\" src=\"http:\/\/blog.glutenmenteschef.hu\/wp-content\/uploads\/2018\/09\/Szoros-turos-margo-nagykatai-s\u00fctije-9-300x225.jpg\" alt=\"\" class=\"wp-image-25850\" srcset=\"http:\/\/blog.glutenmenteschef.hu\/wp-content\/uploads\/2018\/09\/Szoros-turos-margo-nagykatai-s\u00fctije-9-300x225.jpg 300w, http:\/\/blog.glutenmenteschef.hu\/wp-content\/uploads\/2018\/09\/Szoros-turos-margo-nagykatai-s\u00fctije-9-768x576.jpg 768w\" sizes=\"auto, (max-width: 300px) 100vw, 300px\" \/><\/figure><\/div>\n\n\n\n<p><br><br><br>Megv\u00e1rjuk, hogy kih\u0171lj\u00f6n \u00e9s kisebb kocka vagy t\u00e9glalap alak\u00fara felszeletelve tortalap\u00e1t vagy spakli seg\u00edts\u00e9g\u00e9vel s\u00fctem\u00e9nyes t\u00e1lra rendezhetj\u00fck.<br><br><br><\/p>\n\n\n\n<div class=\"wp-block-image\"><figure class=\"aligncenter size-full is-resized\"><img loading=\"lazy\" decoding=\"async\" src=\"https:\/\/blog.glutenmenteschef.hu\/wp-content\/uploads\/2022\/04\/Szort-turos-9.jpg\" alt=\"\" class=\"wp-image-29771\" width=\"512\" height=\"384\" srcset=\"http:\/\/blog.glutenmenteschef.hu\/wp-content\/uploads\/2022\/04\/Szort-turos-9.jpg 1024w, http:\/\/blog.glutenmenteschef.hu\/wp-content\/uploads\/2022\/04\/Szort-turos-9-300x225.jpg 300w, http:\/\/blog.glutenmenteschef.hu\/wp-content\/uploads\/2022\/04\/Szort-turos-9-768x576.jpg 768w\" sizes=\"auto, (max-width: 512px) 100vw, 512px\" \/><figcaption><br><br><br><\/figcaption><\/figure><\/div>\n\n\n\n<div class=\"wp-block-image\"><figure class=\"aligncenter size-full is-resized\"><img loading=\"lazy\" decoding=\"async\" src=\"https:\/\/blog.glutenmenteschef.hu\/wp-content\/uploads\/2022\/04\/Szort-turos-20.jpg\" alt=\"\" class=\"wp-image-29775\" width=\"512\" height=\"683\" srcset=\"http:\/\/blog.glutenmenteschef.hu\/wp-content\/uploads\/2022\/04\/Szort-turos-20.jpg 1024w, http:\/\/blog.glutenmenteschef.hu\/wp-content\/uploads\/2022\/04\/Szort-turos-20-225x300.jpg 225w, http:\/\/blog.glutenmenteschef.hu\/wp-content\/uploads\/2022\/04\/Szort-turos-20-768x1024.jpg 768w\" sizes=\"auto, (max-width: 512px) 100vw, 512px\" \/><\/figure><\/div>\n","protected":false},"excerpt":{"rendered":"<p>Sz\u00f3rt t\u00far\u00f3s glut\u00e9nmentesen ( Lusta asszony r\u00e9tese ) A tepsi m\u00e9rete 35 x 26 cm H\u00edvj\u00e1k &#8222;Sz\u00f3rt t\u00far\u00f3snak&#8221;, de van, aki &#8222;lusta asszony r\u00e9tese&#8221; n\u00e9ven ismeri.&nbsp; Pedig semmi k\u00f6ze a r\u00e9teshez. Val\u00f3j\u00e1ban egy elronthatatlan s\u00fctem\u00e9ny, hisz t\u00e9nyleg csak bele kell sz\u00f3rni a hozz\u00e1val\u00f3kat a tepsibe.&nbsp;Lehet, hogy nem a legfotog\u00e9nebb s\u00fcti, de hogy nagyon finom \u00e9s <br \/><a class=\"more\" href=\"http:\/\/blog.glutenmenteschef.hu\/index.php\/2018\/09\/15\/szort-turos-glutenmentesen-lusta-asszony-retese\/\">Read more&#8230; <\/a><\/p>\n","protected":false},"author":1,"featured_media":29769,"comment_status":"open","ping_status":"open","sticky":false,"template":"","format":"standard","meta":{"footnotes":""},"categories":[27,335],"tags":[5,439,190,438,440],"class_list":["post-25834","post","type-post","status-publish","format-standard","has-post-thumbnail","hentry","category-desszert","category-rizslisztbol-keszitettem","tag-glutenmentes","tag-lusta-asszony-retese","tag-rizsliszt","tag-szort-turos","tag-turos"],"yoast_head":"<!-- This site is optimized with the Yoast SEO plugin v26.5 - https:\/\/yoast.com\/wordpress\/plugins\/seo\/ -->\n<title>SZ\u00d3RT T\u00daR\u00d3S GLUT\u00c9NMENTESEN ( LUSTA ASSZONY R\u00c9TESE ) &#8211; Glut\u00e9nmentes Chef blog - \u00c1tol Tibor<\/title>\n<meta name=\"description\" content=\"H\u00edvj\u00e1k &quot;Sz\u00f3rt t\u00far\u00f3snak&quot;, de van, aki &quot;lusta asszony r\u00e9tese&quot; n\u00e9ven ismeri.\u00a0 Pedig semmi k\u00f6ze a r\u00e9teshez. Val\u00f3j\u00e1ban egy elronthatatlan s\u00fctem\u00e9ny, hisz t\u00e9nyleg csak bele kell sz\u00f3rni a hozz\u00e1val\u00f3kat a tepsibe.\u00a0Lehet, hogy nem a legfotog\u00e9nebb s\u00fcti, de hogy nagyon finom \u00e9s meg\u00e9ri elk\u00e9sz\u00edteni, az biztos.Ez az a s\u00fctem\u00e9ny, amit b\u00e1tran aj\u00e1nlok a kezd\u0151knek is \u00e9s mindenkinek, aki m\u00e9g a konyha k\u00f6rny\u00e9k\u00e9n sem j\u00e1rt. Ez a t\u00far\u00f3s nekik is siker\u00fclni fog.\" \/>\n<meta name=\"robots\" content=\"index, follow, max-snippet:-1, max-image-preview:large, max-video-preview:-1\" \/>\n<link rel=\"canonical\" href=\"http:\/\/blog.glutenmenteschef.hu\/index.php\/2018\/09\/15\/szort-turos-glutenmentesen-lusta-asszony-retese\/\" \/>\n<meta property=\"og:locale\" content=\"hu_HU\" \/>\n<meta property=\"og:type\" content=\"article\" \/>\n<meta property=\"og:title\" content=\"SZ\u00d3RT T\u00daR\u00d3S GLUT\u00c9NMENTESEN ( LUSTA ASSZONY R\u00c9TESE ) &#8211; Glut\u00e9nmentes Chef blog - \u00c1tol Tibor\" \/>\n<meta property=\"og:description\" content=\"H\u00edvj\u00e1k &quot;Sz\u00f3rt t\u00far\u00f3snak&quot;, de van, aki &quot;lusta asszony r\u00e9tese&quot; n\u00e9ven ismeri.\u00a0 Pedig semmi k\u00f6ze a r\u00e9teshez. Val\u00f3j\u00e1ban egy elronthatatlan s\u00fctem\u00e9ny, hisz t\u00e9nyleg csak bele kell sz\u00f3rni a hozz\u00e1val\u00f3kat a tepsibe.\u00a0Lehet, hogy nem a legfotog\u00e9nebb s\u00fcti, de hogy nagyon finom \u00e9s meg\u00e9ri elk\u00e9sz\u00edteni, az biztos.Ez az a s\u00fctem\u00e9ny, amit b\u00e1tran aj\u00e1nlok a kezd\u0151knek is \u00e9s mindenkinek, aki m\u00e9g a konyha k\u00f6rny\u00e9k\u00e9n sem j\u00e1rt. Ez a t\u00far\u00f3s nekik is siker\u00fclni fog.\" \/>\n<meta property=\"og:url\" content=\"http:\/\/blog.glutenmenteschef.hu\/index.php\/2018\/09\/15\/szort-turos-glutenmentesen-lusta-asszony-retese\/\" \/>\n<meta property=\"og:site_name\" content=\"Glut\u00e9nmentes Chef blog - \u00c1tol Tibor\" \/>\n<meta property=\"article:publisher\" content=\"https:\/\/www.facebook.com\/aglutenmentessef\" \/>\n<meta property=\"article:author\" content=\"https:\/\/www.facebook.com\/aglutenmentessef\" \/>\n<meta property=\"article:published_time\" content=\"2018-09-15T10:50:07+00:00\" \/>\n<meta property=\"article:modified_time\" content=\"2022-04-23T20:59:52+00:00\" \/>\n<meta property=\"og:image\" content=\"http:\/\/blog.glutenmenteschef.hu\/wp-content\/uploads\/2018\/09\/Szort-turos-22.jpg\" \/>\n\t<meta property=\"og:image:width\" content=\"1024\" \/>\n\t<meta property=\"og:image:height\" content=\"768\" \/>\n\t<meta property=\"og:image:type\" content=\"image\/jpeg\" \/>\n<meta name=\"author\" content=\"gmchef\" \/>\n<meta name=\"twitter:card\" content=\"summary_large_image\" \/>\n<meta name=\"twitter:label1\" content=\"Szerz\u0151:\" \/>\n\t<meta name=\"twitter:data1\" content=\"gmchef\" \/>\n\t<meta name=\"twitter:label2\" content=\"Becs\u00fclt olvas\u00e1si id\u0151\" \/>\n\t<meta name=\"twitter:data2\" content=\"4 perc\" \/>\n<script type=\"application\/ld+json\" class=\"yoast-schema-graph\">{\"@context\":\"https:\/\/schema.org\",\"@graph\":[{\"@type\":\"Article\",\"@id\":\"http:\/\/blog.glutenmenteschef.hu\/index.php\/2018\/09\/15\/szort-turos-glutenmentesen-lusta-asszony-retese\/#article\",\"isPartOf\":{\"@id\":\"http:\/\/blog.glutenmenteschef.hu\/index.php\/2018\/09\/15\/szort-turos-glutenmentesen-lusta-asszony-retese\/\"},\"author\":{\"name\":\"gmchef\",\"@id\":\"https:\/\/blog.glutenmenteschef.hu\/#\/schema\/person\/c07613f0b6c0f12f90b8cb23cf32754a\"},\"headline\":\"SZ\u00d3RT T\u00daR\u00d3S GLUT\u00c9NMENTESEN ( LUSTA ASSZONY R\u00c9TESE )\",\"datePublished\":\"2018-09-15T10:50:07+00:00\",\"dateModified\":\"2022-04-23T20:59:52+00:00\",\"mainEntityOfPage\":{\"@id\":\"http:\/\/blog.glutenmenteschef.hu\/index.php\/2018\/09\/15\/szort-turos-glutenmentesen-lusta-asszony-retese\/\"},\"wordCount\":380,\"commentCount\":0,\"publisher\":{\"@id\":\"https:\/\/blog.glutenmenteschef.hu\/#\/schema\/person\/c07613f0b6c0f12f90b8cb23cf32754a\"},\"image\":{\"@id\":\"http:\/\/blog.glutenmenteschef.hu\/index.php\/2018\/09\/15\/szort-turos-glutenmentesen-lusta-asszony-retese\/#primaryimage\"},\"thumbnailUrl\":\"http:\/\/blog.glutenmenteschef.hu\/wp-content\/uploads\/2018\/09\/Szort-turos-22.jpg\",\"keywords\":[\"glut\u00e9nmentes\",\"lusta asszony r\u00e9tese\",\"rizsliszt\",\"sz\u00f3rt t\u00far\u00f3s\",\"t\u00far\u00f3s\"],\"articleSection\":[\"Desszert-S\u00fctem\u00e9ny\",\"Rizslisztb\u0151l k\u00e9sz\u00edtettem\"],\"inLanguage\":\"hu\",\"potentialAction\":[{\"@type\":\"CommentAction\",\"name\":\"Comment\",\"target\":[\"http:\/\/blog.glutenmenteschef.hu\/index.php\/2018\/09\/15\/szort-turos-glutenmentesen-lusta-asszony-retese\/#respond\"]}]},{\"@type\":\"WebPage\",\"@id\":\"http:\/\/blog.glutenmenteschef.hu\/index.php\/2018\/09\/15\/szort-turos-glutenmentesen-lusta-asszony-retese\/\",\"url\":\"http:\/\/blog.glutenmenteschef.hu\/index.php\/2018\/09\/15\/szort-turos-glutenmentesen-lusta-asszony-retese\/\",\"name\":\"SZ\u00d3RT T\u00daR\u00d3S GLUT\u00c9NMENTESEN ( LUSTA ASSZONY R\u00c9TESE ) &#8211; Glut\u00e9nmentes Chef blog - \u00c1tol Tibor\",\"isPartOf\":{\"@id\":\"https:\/\/blog.glutenmenteschef.hu\/#website\"},\"primaryImageOfPage\":{\"@id\":\"http:\/\/blog.glutenmenteschef.hu\/index.php\/2018\/09\/15\/szort-turos-glutenmentesen-lusta-asszony-retese\/#primaryimage\"},\"image\":{\"@id\":\"http:\/\/blog.glutenmenteschef.hu\/index.php\/2018\/09\/15\/szort-turos-glutenmentesen-lusta-asszony-retese\/#primaryimage\"},\"thumbnailUrl\":\"http:\/\/blog.glutenmenteschef.hu\/wp-content\/uploads\/2018\/09\/Szort-turos-22.jpg\",\"datePublished\":\"2018-09-15T10:50:07+00:00\",\"dateModified\":\"2022-04-23T20:59:52+00:00\",\"description\":\"H\u00edvj\u00e1k \\\"Sz\u00f3rt t\u00far\u00f3snak\\\", de van, aki \\\"lusta asszony r\u00e9tese\\\" n\u00e9ven ismeri.\u00a0 Pedig semmi k\u00f6ze a r\u00e9teshez. Val\u00f3j\u00e1ban egy elronthatatlan s\u00fctem\u00e9ny, hisz t\u00e9nyleg csak bele kell sz\u00f3rni a hozz\u00e1val\u00f3kat a tepsibe.\u00a0Lehet, hogy nem a legfotog\u00e9nebb s\u00fcti, de hogy nagyon finom \u00e9s meg\u00e9ri elk\u00e9sz\u00edteni, az biztos.Ez az a s\u00fctem\u00e9ny, amit b\u00e1tran aj\u00e1nlok a kezd\u0151knek is \u00e9s mindenkinek, aki m\u00e9g a konyha k\u00f6rny\u00e9k\u00e9n sem j\u00e1rt. Ez a t\u00far\u00f3s nekik is siker\u00fclni fog.\",\"breadcrumb\":{\"@id\":\"http:\/\/blog.glutenmenteschef.hu\/index.php\/2018\/09\/15\/szort-turos-glutenmentesen-lusta-asszony-retese\/#breadcrumb\"},\"inLanguage\":\"hu\",\"potentialAction\":[{\"@type\":\"ReadAction\",\"target\":[\"http:\/\/blog.glutenmenteschef.hu\/index.php\/2018\/09\/15\/szort-turos-glutenmentesen-lusta-asszony-retese\/\"]}]},{\"@type\":\"ImageObject\",\"inLanguage\":\"hu\",\"@id\":\"http:\/\/blog.glutenmenteschef.hu\/index.php\/2018\/09\/15\/szort-turos-glutenmentesen-lusta-asszony-retese\/#primaryimage\",\"url\":\"http:\/\/blog.glutenmenteschef.hu\/wp-content\/uploads\/2018\/09\/Szort-turos-22.jpg\",\"contentUrl\":\"http:\/\/blog.glutenmenteschef.hu\/wp-content\/uploads\/2018\/09\/Szort-turos-22.jpg\",\"width\":1024,\"height\":768},{\"@type\":\"BreadcrumbList\",\"@id\":\"http:\/\/blog.glutenmenteschef.hu\/index.php\/2018\/09\/15\/szort-turos-glutenmentesen-lusta-asszony-retese\/#breadcrumb\",\"itemListElement\":[{\"@type\":\"ListItem\",\"position\":1,\"name\":\"Home\",\"item\":\"https:\/\/blog.glutenmenteschef.hu\/\"},{\"@type\":\"ListItem\",\"position\":2,\"name\":\"SZ\u00d3RT T\u00daR\u00d3S GLUT\u00c9NMENTESEN ( LUSTA ASSZONY R\u00c9TESE )\"}]},{\"@type\":\"WebSite\",\"@id\":\"https:\/\/blog.glutenmenteschef.hu\/#website\",\"url\":\"https:\/\/blog.glutenmenteschef.hu\/\",\"name\":\"Glut\u00e9nmentes Chef blog - \u00c1tol Tibor\",\"description\":\"Glut\u00e9nmentes \u00e9telek, glut\u00e9nmentes receptek, glut\u00e9nmentes vide\u00f3k\",\"publisher\":{\"@id\":\"https:\/\/blog.glutenmenteschef.hu\/#\/schema\/person\/c07613f0b6c0f12f90b8cb23cf32754a\"},\"potentialAction\":[{\"@type\":\"SearchAction\",\"target\":{\"@type\":\"EntryPoint\",\"urlTemplate\":\"https:\/\/blog.glutenmenteschef.hu\/?s={search_term_string}\"},\"query-input\":{\"@type\":\"PropertyValueSpecification\",\"valueRequired\":true,\"valueName\":\"search_term_string\"}}],\"inLanguage\":\"hu\"},{\"@type\":[\"Person\",\"Organization\"],\"@id\":\"https:\/\/blog.glutenmenteschef.hu\/#\/schema\/person\/c07613f0b6c0f12f90b8cb23cf32754a\",\"name\":\"gmchef\",\"image\":{\"@type\":\"ImageObject\",\"inLanguage\":\"hu\",\"@id\":\"https:\/\/blog.glutenmenteschef.hu\/#\/schema\/person\/image\/\",\"url\":\"https:\/\/secure.gravatar.com\/avatar\/363a4977321cb6fa3321b7ac93139b68e56af77880ae9fd5a3b2e7a8279f6d74?s=96&d=mm&r=g\",\"contentUrl\":\"https:\/\/secure.gravatar.com\/avatar\/363a4977321cb6fa3321b7ac93139b68e56af77880ae9fd5a3b2e7a8279f6d74?s=96&d=mm&r=g\",\"caption\":\"gmchef\"},\"logo\":{\"@id\":\"https:\/\/blog.glutenmenteschef.hu\/#\/schema\/person\/image\/\"},\"sameAs\":[\"https:\/\/www.facebook.com\/aglutenmentessef\"]}]}<\/script>\n<!-- \/ Yoast SEO plugin. -->","yoast_head_json":{"title":"SZ\u00d3RT T\u00daR\u00d3S GLUT\u00c9NMENTESEN ( LUSTA ASSZONY R\u00c9TESE ) &#8211; Glut\u00e9nmentes Chef blog - \u00c1tol Tibor","description":"H\u00edvj\u00e1k \"Sz\u00f3rt t\u00far\u00f3snak\", de van, aki \"lusta asszony r\u00e9tese\" n\u00e9ven ismeri.\u00a0 Pedig semmi k\u00f6ze a r\u00e9teshez. Val\u00f3j\u00e1ban egy elronthatatlan s\u00fctem\u00e9ny, hisz t\u00e9nyleg csak bele kell sz\u00f3rni a hozz\u00e1val\u00f3kat a tepsibe.\u00a0Lehet, hogy nem a legfotog\u00e9nebb s\u00fcti, de hogy nagyon finom \u00e9s meg\u00e9ri elk\u00e9sz\u00edteni, az biztos.Ez az a s\u00fctem\u00e9ny, amit b\u00e1tran aj\u00e1nlok a kezd\u0151knek is \u00e9s mindenkinek, aki m\u00e9g a konyha k\u00f6rny\u00e9k\u00e9n sem j\u00e1rt. Ez a t\u00far\u00f3s nekik is siker\u00fclni fog.","robots":{"index":"index","follow":"follow","max-snippet":"max-snippet:-1","max-image-preview":"max-image-preview:large","max-video-preview":"max-video-preview:-1"},"canonical":"http:\/\/blog.glutenmenteschef.hu\/index.php\/2018\/09\/15\/szort-turos-glutenmentesen-lusta-asszony-retese\/","og_locale":"hu_HU","og_type":"article","og_title":"SZ\u00d3RT T\u00daR\u00d3S GLUT\u00c9NMENTESEN ( LUSTA ASSZONY R\u00c9TESE ) &#8211; Glut\u00e9nmentes Chef blog - \u00c1tol Tibor","og_description":"H\u00edvj\u00e1k \"Sz\u00f3rt t\u00far\u00f3snak\", de van, aki \"lusta asszony r\u00e9tese\" n\u00e9ven ismeri.\u00a0 Pedig semmi k\u00f6ze a r\u00e9teshez. Val\u00f3j\u00e1ban egy elronthatatlan s\u00fctem\u00e9ny, hisz t\u00e9nyleg csak bele kell sz\u00f3rni a hozz\u00e1val\u00f3kat a tepsibe.\u00a0Lehet, hogy nem a legfotog\u00e9nebb s\u00fcti, de hogy nagyon finom \u00e9s meg\u00e9ri elk\u00e9sz\u00edteni, az biztos.Ez az a s\u00fctem\u00e9ny, amit b\u00e1tran aj\u00e1nlok a kezd\u0151knek is \u00e9s mindenkinek, aki m\u00e9g a konyha k\u00f6rny\u00e9k\u00e9n sem j\u00e1rt. Ez a t\u00far\u00f3s nekik is siker\u00fclni fog.","og_url":"http:\/\/blog.glutenmenteschef.hu\/index.php\/2018\/09\/15\/szort-turos-glutenmentesen-lusta-asszony-retese\/","og_site_name":"Glut\u00e9nmentes Chef blog - \u00c1tol Tibor","article_publisher":"https:\/\/www.facebook.com\/aglutenmentessef","article_author":"https:\/\/www.facebook.com\/aglutenmentessef","article_published_time":"2018-09-15T10:50:07+00:00","article_modified_time":"2022-04-23T20:59:52+00:00","og_image":[{"width":1024,"height":768,"url":"http:\/\/blog.glutenmenteschef.hu\/wp-content\/uploads\/2018\/09\/Szort-turos-22.jpg","type":"image\/jpeg"}],"author":"gmchef","twitter_card":"summary_large_image","twitter_misc":{"Szerz\u0151:":"gmchef","Becs\u00fclt olvas\u00e1si id\u0151":"4 perc"},"schema":{"@context":"https:\/\/schema.org","@graph":[{"@type":"Article","@id":"http:\/\/blog.glutenmenteschef.hu\/index.php\/2018\/09\/15\/szort-turos-glutenmentesen-lusta-asszony-retese\/#article","isPartOf":{"@id":"http:\/\/blog.glutenmenteschef.hu\/index.php\/2018\/09\/15\/szort-turos-glutenmentesen-lusta-asszony-retese\/"},"author":{"name":"gmchef","@id":"https:\/\/blog.glutenmenteschef.hu\/#\/schema\/person\/c07613f0b6c0f12f90b8cb23cf32754a"},"headline":"SZ\u00d3RT T\u00daR\u00d3S GLUT\u00c9NMENTESEN ( LUSTA ASSZONY R\u00c9TESE )","datePublished":"2018-09-15T10:50:07+00:00","dateModified":"2022-04-23T20:59:52+00:00","mainEntityOfPage":{"@id":"http:\/\/blog.glutenmenteschef.hu\/index.php\/2018\/09\/15\/szort-turos-glutenmentesen-lusta-asszony-retese\/"},"wordCount":380,"commentCount":0,"publisher":{"@id":"https:\/\/blog.glutenmenteschef.hu\/#\/schema\/person\/c07613f0b6c0f12f90b8cb23cf32754a"},"image":{"@id":"http:\/\/blog.glutenmenteschef.hu\/index.php\/2018\/09\/15\/szort-turos-glutenmentesen-lusta-asszony-retese\/#primaryimage"},"thumbnailUrl":"http:\/\/blog.glutenmenteschef.hu\/wp-content\/uploads\/2018\/09\/Szort-turos-22.jpg","keywords":["glut\u00e9nmentes","lusta asszony r\u00e9tese","rizsliszt","sz\u00f3rt t\u00far\u00f3s","t\u00far\u00f3s"],"articleSection":["Desszert-S\u00fctem\u00e9ny","Rizslisztb\u0151l k\u00e9sz\u00edtettem"],"inLanguage":"hu","potentialAction":[{"@type":"CommentAction","name":"Comment","target":["http:\/\/blog.glutenmenteschef.hu\/index.php\/2018\/09\/15\/szort-turos-glutenmentesen-lusta-asszony-retese\/#respond"]}]},{"@type":"WebPage","@id":"http:\/\/blog.glutenmenteschef.hu\/index.php\/2018\/09\/15\/szort-turos-glutenmentesen-lusta-asszony-retese\/","url":"http:\/\/blog.glutenmenteschef.hu\/index.php\/2018\/09\/15\/szort-turos-glutenmentesen-lusta-asszony-retese\/","name":"SZ\u00d3RT T\u00daR\u00d3S GLUT\u00c9NMENTESEN ( LUSTA ASSZONY R\u00c9TESE ) &#8211; Glut\u00e9nmentes Chef blog - \u00c1tol Tibor","isPartOf":{"@id":"https:\/\/blog.glutenmenteschef.hu\/#website"},"primaryImageOfPage":{"@id":"http:\/\/blog.glutenmenteschef.hu\/index.php\/2018\/09\/15\/szort-turos-glutenmentesen-lusta-asszony-retese\/#primaryimage"},"image":{"@id":"http:\/\/blog.glutenmenteschef.hu\/index.php\/2018\/09\/15\/szort-turos-glutenmentesen-lusta-asszony-retese\/#primaryimage"},"thumbnailUrl":"http:\/\/blog.glutenmenteschef.hu\/wp-content\/uploads\/2018\/09\/Szort-turos-22.jpg","datePublished":"2018-09-15T10:50:07+00:00","dateModified":"2022-04-23T20:59:52+00:00","description":"H\u00edvj\u00e1k \"Sz\u00f3rt t\u00far\u00f3snak\", de van, aki \"lusta asszony r\u00e9tese\" n\u00e9ven ismeri.\u00a0 Pedig semmi k\u00f6ze a r\u00e9teshez. Val\u00f3j\u00e1ban egy elronthatatlan s\u00fctem\u00e9ny, hisz t\u00e9nyleg csak bele kell sz\u00f3rni a hozz\u00e1val\u00f3kat a tepsibe.\u00a0Lehet, hogy nem a legfotog\u00e9nebb s\u00fcti, de hogy nagyon finom \u00e9s meg\u00e9ri elk\u00e9sz\u00edteni, az biztos.Ez az a s\u00fctem\u00e9ny, amit b\u00e1tran aj\u00e1nlok a kezd\u0151knek is \u00e9s mindenkinek, aki m\u00e9g a konyha k\u00f6rny\u00e9k\u00e9n sem j\u00e1rt. Ez a t\u00far\u00f3s nekik is siker\u00fclni fog.","breadcrumb":{"@id":"http:\/\/blog.glutenmenteschef.hu\/index.php\/2018\/09\/15\/szort-turos-glutenmentesen-lusta-asszony-retese\/#breadcrumb"},"inLanguage":"hu","potentialAction":[{"@type":"ReadAction","target":["http:\/\/blog.glutenmenteschef.hu\/index.php\/2018\/09\/15\/szort-turos-glutenmentesen-lusta-asszony-retese\/"]}]},{"@type":"ImageObject","inLanguage":"hu","@id":"http:\/\/blog.glutenmenteschef.hu\/index.php\/2018\/09\/15\/szort-turos-glutenmentesen-lusta-asszony-retese\/#primaryimage","url":"http:\/\/blog.glutenmenteschef.hu\/wp-content\/uploads\/2018\/09\/Szort-turos-22.jpg","contentUrl":"http:\/\/blog.glutenmenteschef.hu\/wp-content\/uploads\/2018\/09\/Szort-turos-22.jpg","width":1024,"height":768},{"@type":"BreadcrumbList","@id":"http:\/\/blog.glutenmenteschef.hu\/index.php\/2018\/09\/15\/szort-turos-glutenmentesen-lusta-asszony-retese\/#breadcrumb","itemListElement":[{"@type":"ListItem","position":1,"name":"Home","item":"https:\/\/blog.glutenmenteschef.hu\/"},{"@type":"ListItem","position":2,"name":"SZ\u00d3RT T\u00daR\u00d3S GLUT\u00c9NMENTESEN ( LUSTA ASSZONY R\u00c9TESE )"}]},{"@type":"WebSite","@id":"https:\/\/blog.glutenmenteschef.hu\/#website","url":"https:\/\/blog.glutenmenteschef.hu\/","name":"Glut\u00e9nmentes Chef blog - \u00c1tol Tibor","description":"Glut\u00e9nmentes \u00e9telek, glut\u00e9nmentes receptek, glut\u00e9nmentes vide\u00f3k","publisher":{"@id":"https:\/\/blog.glutenmenteschef.hu\/#\/schema\/person\/c07613f0b6c0f12f90b8cb23cf32754a"},"potentialAction":[{"@type":"SearchAction","target":{"@type":"EntryPoint","urlTemplate":"https:\/\/blog.glutenmenteschef.hu\/?s={search_term_string}"},"query-input":{"@type":"PropertyValueSpecification","valueRequired":true,"valueName":"search_term_string"}}],"inLanguage":"hu"},{"@type":["Person","Organization"],"@id":"https:\/\/blog.glutenmenteschef.hu\/#\/schema\/person\/c07613f0b6c0f12f90b8cb23cf32754a","name":"gmchef","image":{"@type":"ImageObject","inLanguage":"hu","@id":"https:\/\/blog.glutenmenteschef.hu\/#\/schema\/person\/image\/","url":"https:\/\/secure.gravatar.com\/avatar\/363a4977321cb6fa3321b7ac93139b68e56af77880ae9fd5a3b2e7a8279f6d74?s=96&d=mm&r=g","contentUrl":"https:\/\/secure.gravatar.com\/avatar\/363a4977321cb6fa3321b7ac93139b68e56af77880ae9fd5a3b2e7a8279f6d74?s=96&d=mm&r=g","caption":"gmchef"},"logo":{"@id":"https:\/\/blog.glutenmenteschef.hu\/#\/schema\/person\/image\/"},"sameAs":["https:\/\/www.facebook.com\/aglutenmentessef"]}]}},"_links":{"self":[{"href":"http:\/\/blog.glutenmenteschef.hu\/index.php\/wp-json\/wp\/v2\/posts\/25834","targetHints":{"allow":["GET"]}}],"collection":[{"href":"http:\/\/blog.glutenmenteschef.hu\/index.php\/wp-json\/wp\/v2\/posts"}],"about":[{"href":"http:\/\/blog.glutenmenteschef.hu\/index.php\/wp-json\/wp\/v2\/types\/post"}],"author":[{"embeddable":true,"href":"http:\/\/blog.glutenmenteschef.hu\/index.php\/wp-json\/wp\/v2\/users\/1"}],"replies":[{"embeddable":true,"href":"http:\/\/blog.glutenmenteschef.hu\/index.php\/wp-json\/wp\/v2\/comments?post=25834"}],"version-history":[{"count":0,"href":"http:\/\/blog.glutenmenteschef.hu\/index.php\/wp-json\/wp\/v2\/posts\/25834\/revisions"}],"wp:featuredmedia":[{"embeddable":true,"href":"http:\/\/blog.glutenmenteschef.hu\/index.php\/wp-json\/wp\/v2\/media\/29769"}],"wp:attachment":[{"href":"http:\/\/blog.glutenmenteschef.hu\/index.php\/wp-json\/wp\/v2\/media?parent=25834"}],"wp:term":[{"taxonomy":"category","embeddable":true,"href":"http:\/\/blog.glutenmenteschef.hu\/index.php\/wp-json\/wp\/v2\/categories?post=25834"},{"taxonomy":"post_tag","embeddable":true,"href":"http:\/\/blog.glutenmenteschef.hu\/index.php\/wp-json\/wp\/v2\/tags?post=25834"}],"curies":[{"name":"wp","href":"https:\/\/api.w.org\/{rel}","templated":true}]}}