{"id":25544,"date":"2018-07-09T20:11:41","date_gmt":"2018-07-09T20:11:41","guid":{"rendered":"http:\/\/blog.glutenmenteschef.hu\/?p=25544"},"modified":"2018-07-16T17:59:23","modified_gmt":"2018-07-16T17:59:23","slug":"csokifagyi","status":"publish","type":"post","link":"http:\/\/blog.glutenmenteschef.hu\/index.php\/2018\/07\/09\/csokifagyi\/","title":{"rendered":"CSOKIFAGYI"},"content":{"rendered":"<h2 style=\"text-align: center;\">Csokifagyi<\/h2>\n<p>&nbsp;<\/p>\n<p><img loading=\"lazy\" decoding=\"async\" class=\"aligncenter size-medium wp-image-25590\" src=\"http:\/\/blog.glutenmenteschef.hu\/wp-content\/uploads\/2018\/07\/Csokifagyi-2-300x225.jpg\" alt=\"\" width=\"300\" height=\"225\" \/><\/p>\n<p style=\"text-align: center;\">250 g 70%-os csokol\u00e1d\u00e9<br \/>\n120 g cukor<br \/>\n500 ml tejsz\u00edn<br \/>\n200 ml tej<br \/>\n10 g van\u00edli\u00e1s cukor vagy 1 van\u00edlia r\u00fad kikapart magja<\/p>\n<p>A csokol\u00e1d\u00e9t v\u00edzg\u0151z f\u00f6l\u00f6tt felolvasztjuk \u00e9s hozz\u00e1\u00f6ntj\u00fck a felforralt \u00e9s 40 fokra visszah\u0171t\u00f6tt tejet \u00e9s tejsz\u00ednt. Alaposan elkeverj\u00fck \u00e9s minimum 12 \u00f3r\u00e1ra a h\u0171t\u0151be tessz\u00fck l\u00e9gmentesen lez\u00e1rva. G\u00e9pi habver\u0151vel kihabos\u00edtjuk, majd a fagylaltg\u00e9pbe t\u00f6ltj\u00fck \u00e9s kikevertetj\u00fck-fagyasztatjuk vele.<\/p>\n<p>&nbsp;<\/p>\n<p><img loading=\"lazy\" decoding=\"async\" class=\"aligncenter wp-image-25591\" src=\"http:\/\/blog.glutenmenteschef.hu\/wp-content\/uploads\/2018\/07\/Csokifagyi-1-300x225.jpg\" alt=\"\" width=\"291\" height=\"219\" srcset=\"http:\/\/blog.glutenmenteschef.hu\/wp-content\/uploads\/2018\/07\/Csokifagyi-1-300x225.jpg 300w, http:\/\/blog.glutenmenteschef.hu\/wp-content\/uploads\/2018\/07\/Csokifagyi-1-768x576.jpg 768w\" sizes=\"auto, (max-width: 291px) 100vw, 291px\" \/><\/p>\n<p>&nbsp;<\/p>\n<p>( A mi g\u00e9p\u00fcnkn\u00e9l: A fagyaszt\u00f3b\u00f3l kivett tart\u00e1lyt a g\u00e9pbe helyezz\u00fck, elind\u00edtjuk \u00fcres tart\u00e1llyal a kever\u0151lap\u00e1tot \u00e9s a fagylalt alapanyagot bele\u00f6ntj\u00fck a g\u00e9pbe, ami az 35-40 perc alatt k\u00e9szre keveri. )<br \/>\nA k\u00e9sz fagyit azonnal fogyaszthatjuk vagy szilikon spatula \/ fakan\u00e1l seg\u00edts\u00e9g\u00e9vel egy l\u00e9gmentesen z\u00e1rhat\u00f3, m\u0171anyag dobozba szedj\u00fck \u00e9s a fagyaszt\u00f3ban tessz\u00fck. \u00cdgy k\u00f6nnyen t\u00e1rolhat\u00f3.<br \/>\nFogyaszt\u00e1s el\u0151tt kivessz\u00fck a t\u00e9gelyt a fagyaszt\u00f3b\u00f3l, hagyjuk r\u00f6vid ideig felmelegedni, majd kan\u00e1l vagy gomb\u00f3col\u00f3 seg\u00edts\u00e9g\u00e9vel szerv\u00edrozzuk.<br \/>\nMi az elk\u00e9sz\u00edt\u00e9s ut\u00e1n f\u00e9l-egy \u00f3r\u00e1ra a fagyaszt\u00f3ba tessz\u00fck \u00e9s csak ut\u00e1na fogyasztjuk.<\/p>\n<p><img loading=\"lazy\" decoding=\"async\" class=\"aligncenter size-medium wp-image-25592\" src=\"http:\/\/blog.glutenmenteschef.hu\/wp-content\/uploads\/2018\/07\/Csokifagyi-3-300x225.jpg\" alt=\"\" width=\"300\" height=\"225\" \/><\/p>\n","protected":false},"excerpt":{"rendered":"<p>Csokifagyi &nbsp; 250 g 70%-os csokol\u00e1d\u00e9 120 g cukor 500 ml tejsz\u00edn 200 ml tej 10 g van\u00edli\u00e1s cukor vagy 1 van\u00edlia r\u00fad kikapart magja A csokol\u00e1d\u00e9t v\u00edzg\u0151z f\u00f6l\u00f6tt felolvasztjuk \u00e9s hozz\u00e1\u00f6ntj\u00fck a felforralt \u00e9s 40 fokra visszah\u0171t\u00f6tt tejet \u00e9s tejsz\u00ednt. Alaposan elkeverj\u00fck \u00e9s minimum 12 \u00f3r\u00e1ra a h\u0171t\u0151be tessz\u00fck l\u00e9gmentesen lez\u00e1rva. G\u00e9pi habver\u0151vel kihabos\u00edtjuk, <br \/><a class=\"more\" href=\"http:\/\/blog.glutenmenteschef.hu\/index.php\/2018\/07\/09\/csokifagyi\/\">Read more&#8230; <\/a><\/p>\n","protected":false},"author":1,"featured_media":25592,"comment_status":"open","ping_status":"open","sticky":false,"template":"","format":"standard","meta":{"footnotes":""},"categories":[397,396],"tags":[407,405,31,398,404],"class_list":["post-25544","post","type-post","status-publish","format-standard","has-post-thumbnail","hentry","category-fagylalt","category-tojasmentes-receptek","tag-csokifagyi","tag-fagyi","tag-fagylalt","tag-glutenmentes-fagylalt","tag-tojasmentes-fagylalt"],"yoast_head":"<!-- This site is optimized with the Yoast SEO plugin v26.5 - https:\/\/yoast.com\/wordpress\/plugins\/seo\/ -->\n<title>CSOKIFAGYI &#8211; Glut\u00e9nmentes Chef blog - \u00c1tol Tibor<\/title>\n<meta name=\"robots\" content=\"index, follow, max-snippet:-1, max-image-preview:large, max-video-preview:-1\" \/>\n<link rel=\"canonical\" href=\"http:\/\/blog.glutenmenteschef.hu\/index.php\/2018\/07\/09\/csokifagyi\/\" \/>\n<meta property=\"og:locale\" content=\"hu_HU\" \/>\n<meta property=\"og:type\" content=\"article\" \/>\n<meta property=\"og:title\" content=\"CSOKIFAGYI &#8211; Glut\u00e9nmentes Chef blog - \u00c1tol Tibor\" \/>\n<meta property=\"og:description\" content=\"Csokifagyi &nbsp; 250 g 70%-os csokol\u00e1d\u00e9 120 g cukor 500 ml tejsz\u00edn 200 ml tej 10 g van\u00edli\u00e1s cukor vagy 1 van\u00edlia r\u00fad kikapart magja A csokol\u00e1d\u00e9t v\u00edzg\u0151z f\u00f6l\u00f6tt felolvasztjuk \u00e9s hozz\u00e1\u00f6ntj\u00fck a felforralt \u00e9s 40 fokra visszah\u0171t\u00f6tt tejet \u00e9s tejsz\u00ednt. Alaposan elkeverj\u00fck \u00e9s minimum 12 \u00f3r\u00e1ra a h\u0171t\u0151be tessz\u00fck l\u00e9gmentesen lez\u00e1rva. G\u00e9pi habver\u0151vel kihabos\u00edtjuk, Read more...\" \/>\n<meta property=\"og:url\" content=\"http:\/\/blog.glutenmenteschef.hu\/index.php\/2018\/07\/09\/csokifagyi\/\" \/>\n<meta property=\"og:site_name\" content=\"Glut\u00e9nmentes Chef blog - \u00c1tol Tibor\" \/>\n<meta property=\"article:publisher\" content=\"https:\/\/www.facebook.com\/aglutenmentessef\" \/>\n<meta property=\"article:author\" content=\"https:\/\/www.facebook.com\/aglutenmentessef\" \/>\n<meta property=\"article:published_time\" content=\"2018-07-09T20:11:41+00:00\" \/>\n<meta property=\"article:modified_time\" content=\"2018-07-16T17:59:23+00:00\" \/>\n<meta property=\"og:image\" content=\"http:\/\/blog.glutenmenteschef.hu\/wp-content\/uploads\/2018\/07\/Csokifagyi-3-e1530893221556.jpg\" \/>\n\t<meta property=\"og:image:width\" content=\"1024\" \/>\n\t<meta property=\"og:image:height\" content=\"768\" \/>\n\t<meta property=\"og:image:type\" content=\"image\/jpeg\" \/>\n<meta name=\"author\" content=\"gmchef\" \/>\n<meta name=\"twitter:card\" content=\"summary_large_image\" \/>\n<meta name=\"twitter:label1\" content=\"Szerz\u0151:\" \/>\n\t<meta name=\"twitter:data1\" content=\"gmchef\" \/>\n\t<meta name=\"twitter:label2\" content=\"Becs\u00fclt olvas\u00e1si id\u0151\" \/>\n\t<meta name=\"twitter:data2\" content=\"1 perc\" \/>\n<script type=\"application\/ld+json\" class=\"yoast-schema-graph\">{\"@context\":\"https:\/\/schema.org\",\"@graph\":[{\"@type\":\"Article\",\"@id\":\"http:\/\/blog.glutenmenteschef.hu\/index.php\/2018\/07\/09\/csokifagyi\/#article\",\"isPartOf\":{\"@id\":\"http:\/\/blog.glutenmenteschef.hu\/index.php\/2018\/07\/09\/csokifagyi\/\"},\"author\":{\"name\":\"gmchef\",\"@id\":\"https:\/\/blog.glutenmenteschef.hu\/#\/schema\/person\/c07613f0b6c0f12f90b8cb23cf32754a\"},\"headline\":\"CSOKIFAGYI\",\"datePublished\":\"2018-07-09T20:11:41+00:00\",\"dateModified\":\"2018-07-16T17:59:23+00:00\",\"mainEntityOfPage\":{\"@id\":\"http:\/\/blog.glutenmenteschef.hu\/index.php\/2018\/07\/09\/csokifagyi\/\"},\"wordCount\":221,\"commentCount\":0,\"publisher\":{\"@id\":\"https:\/\/blog.glutenmenteschef.hu\/#\/schema\/person\/c07613f0b6c0f12f90b8cb23cf32754a\"},\"image\":{\"@id\":\"http:\/\/blog.glutenmenteschef.hu\/index.php\/2018\/07\/09\/csokifagyi\/#primaryimage\"},\"thumbnailUrl\":\"http:\/\/blog.glutenmenteschef.hu\/wp-content\/uploads\/2018\/07\/Csokifagyi-3-e1530893221556.jpg\",\"keywords\":[\"csokifagyi\",\"fagyi\",\"fagylalt\",\"glut\u00e9nmentes fagylalt\",\"toj\u00e1smentes fagylalt\"],\"articleSection\":[\"Fagylalt\",\"Toj\u00e1smentes receptek\"],\"inLanguage\":\"hu\",\"potentialAction\":[{\"@type\":\"CommentAction\",\"name\":\"Comment\",\"target\":[\"http:\/\/blog.glutenmenteschef.hu\/index.php\/2018\/07\/09\/csokifagyi\/#respond\"]}]},{\"@type\":\"WebPage\",\"@id\":\"http:\/\/blog.glutenmenteschef.hu\/index.php\/2018\/07\/09\/csokifagyi\/\",\"url\":\"http:\/\/blog.glutenmenteschef.hu\/index.php\/2018\/07\/09\/csokifagyi\/\",\"name\":\"CSOKIFAGYI &#8211; Glut\u00e9nmentes Chef blog - \u00c1tol Tibor\",\"isPartOf\":{\"@id\":\"https:\/\/blog.glutenmenteschef.hu\/#website\"},\"primaryImageOfPage\":{\"@id\":\"http:\/\/blog.glutenmenteschef.hu\/index.php\/2018\/07\/09\/csokifagyi\/#primaryimage\"},\"image\":{\"@id\":\"http:\/\/blog.glutenmenteschef.hu\/index.php\/2018\/07\/09\/csokifagyi\/#primaryimage\"},\"thumbnailUrl\":\"http:\/\/blog.glutenmenteschef.hu\/wp-content\/uploads\/2018\/07\/Csokifagyi-3-e1530893221556.jpg\",\"datePublished\":\"2018-07-09T20:11:41+00:00\",\"dateModified\":\"2018-07-16T17:59:23+00:00\",\"breadcrumb\":{\"@id\":\"http:\/\/blog.glutenmenteschef.hu\/index.php\/2018\/07\/09\/csokifagyi\/#breadcrumb\"},\"inLanguage\":\"hu\",\"potentialAction\":[{\"@type\":\"ReadAction\",\"target\":[\"http:\/\/blog.glutenmenteschef.hu\/index.php\/2018\/07\/09\/csokifagyi\/\"]}]},{\"@type\":\"ImageObject\",\"inLanguage\":\"hu\",\"@id\":\"http:\/\/blog.glutenmenteschef.hu\/index.php\/2018\/07\/09\/csokifagyi\/#primaryimage\",\"url\":\"http:\/\/blog.glutenmenteschef.hu\/wp-content\/uploads\/2018\/07\/Csokifagyi-3-e1530893221556.jpg\",\"contentUrl\":\"http:\/\/blog.glutenmenteschef.hu\/wp-content\/uploads\/2018\/07\/Csokifagyi-3-e1530893221556.jpg\",\"width\":1024,\"height\":768},{\"@type\":\"BreadcrumbList\",\"@id\":\"http:\/\/blog.glutenmenteschef.hu\/index.php\/2018\/07\/09\/csokifagyi\/#breadcrumb\",\"itemListElement\":[{\"@type\":\"ListItem\",\"position\":1,\"name\":\"Home\",\"item\":\"https:\/\/blog.glutenmenteschef.hu\/\"},{\"@type\":\"ListItem\",\"position\":2,\"name\":\"CSOKIFAGYI\"}]},{\"@type\":\"WebSite\",\"@id\":\"https:\/\/blog.glutenmenteschef.hu\/#website\",\"url\":\"https:\/\/blog.glutenmenteschef.hu\/\",\"name\":\"Glut\u00e9nmentes Chef blog - \u00c1tol Tibor\",\"description\":\"Glut\u00e9nmentes \u00e9telek, glut\u00e9nmentes receptek, glut\u00e9nmentes vide\u00f3k\",\"publisher\":{\"@id\":\"https:\/\/blog.glutenmenteschef.hu\/#\/schema\/person\/c07613f0b6c0f12f90b8cb23cf32754a\"},\"potentialAction\":[{\"@type\":\"SearchAction\",\"target\":{\"@type\":\"EntryPoint\",\"urlTemplate\":\"https:\/\/blog.glutenmenteschef.hu\/?s={search_term_string}\"},\"query-input\":{\"@type\":\"PropertyValueSpecification\",\"valueRequired\":true,\"valueName\":\"search_term_string\"}}],\"inLanguage\":\"hu\"},{\"@type\":[\"Person\",\"Organization\"],\"@id\":\"https:\/\/blog.glutenmenteschef.hu\/#\/schema\/person\/c07613f0b6c0f12f90b8cb23cf32754a\",\"name\":\"gmchef\",\"image\":{\"@type\":\"ImageObject\",\"inLanguage\":\"hu\",\"@id\":\"https:\/\/blog.glutenmenteschef.hu\/#\/schema\/person\/image\/\",\"url\":\"https:\/\/secure.gravatar.com\/avatar\/363a4977321cb6fa3321b7ac93139b68e56af77880ae9fd5a3b2e7a8279f6d74?s=96&d=mm&r=g\",\"contentUrl\":\"https:\/\/secure.gravatar.com\/avatar\/363a4977321cb6fa3321b7ac93139b68e56af77880ae9fd5a3b2e7a8279f6d74?s=96&d=mm&r=g\",\"caption\":\"gmchef\"},\"logo\":{\"@id\":\"https:\/\/blog.glutenmenteschef.hu\/#\/schema\/person\/image\/\"},\"sameAs\":[\"https:\/\/www.facebook.com\/aglutenmentessef\"]}]}<\/script>\n<!-- \/ Yoast SEO plugin. -->","yoast_head_json":{"title":"CSOKIFAGYI &#8211; Glut\u00e9nmentes Chef blog - \u00c1tol Tibor","robots":{"index":"index","follow":"follow","max-snippet":"max-snippet:-1","max-image-preview":"max-image-preview:large","max-video-preview":"max-video-preview:-1"},"canonical":"http:\/\/blog.glutenmenteschef.hu\/index.php\/2018\/07\/09\/csokifagyi\/","og_locale":"hu_HU","og_type":"article","og_title":"CSOKIFAGYI &#8211; Glut\u00e9nmentes Chef blog - \u00c1tol Tibor","og_description":"Csokifagyi &nbsp; 250 g 70%-os csokol\u00e1d\u00e9 120 g cukor 500 ml tejsz\u00edn 200 ml tej 10 g van\u00edli\u00e1s cukor vagy 1 van\u00edlia r\u00fad kikapart magja A csokol\u00e1d\u00e9t v\u00edzg\u0151z f\u00f6l\u00f6tt felolvasztjuk \u00e9s hozz\u00e1\u00f6ntj\u00fck a felforralt \u00e9s 40 fokra visszah\u0171t\u00f6tt tejet \u00e9s tejsz\u00ednt. Alaposan elkeverj\u00fck \u00e9s minimum 12 \u00f3r\u00e1ra a h\u0171t\u0151be tessz\u00fck l\u00e9gmentesen lez\u00e1rva. G\u00e9pi habver\u0151vel kihabos\u00edtjuk, Read more...","og_url":"http:\/\/blog.glutenmenteschef.hu\/index.php\/2018\/07\/09\/csokifagyi\/","og_site_name":"Glut\u00e9nmentes Chef blog - \u00c1tol Tibor","article_publisher":"https:\/\/www.facebook.com\/aglutenmentessef","article_author":"https:\/\/www.facebook.com\/aglutenmentessef","article_published_time":"2018-07-09T20:11:41+00:00","article_modified_time":"2018-07-16T17:59:23+00:00","og_image":[{"width":1024,"height":768,"url":"http:\/\/blog.glutenmenteschef.hu\/wp-content\/uploads\/2018\/07\/Csokifagyi-3-e1530893221556.jpg","type":"image\/jpeg"}],"author":"gmchef","twitter_card":"summary_large_image","twitter_misc":{"Szerz\u0151:":"gmchef","Becs\u00fclt olvas\u00e1si id\u0151":"1 perc"},"schema":{"@context":"https:\/\/schema.org","@graph":[{"@type":"Article","@id":"http:\/\/blog.glutenmenteschef.hu\/index.php\/2018\/07\/09\/csokifagyi\/#article","isPartOf":{"@id":"http:\/\/blog.glutenmenteschef.hu\/index.php\/2018\/07\/09\/csokifagyi\/"},"author":{"name":"gmchef","@id":"https:\/\/blog.glutenmenteschef.hu\/#\/schema\/person\/c07613f0b6c0f12f90b8cb23cf32754a"},"headline":"CSOKIFAGYI","datePublished":"2018-07-09T20:11:41+00:00","dateModified":"2018-07-16T17:59:23+00:00","mainEntityOfPage":{"@id":"http:\/\/blog.glutenmenteschef.hu\/index.php\/2018\/07\/09\/csokifagyi\/"},"wordCount":221,"commentCount":0,"publisher":{"@id":"https:\/\/blog.glutenmenteschef.hu\/#\/schema\/person\/c07613f0b6c0f12f90b8cb23cf32754a"},"image":{"@id":"http:\/\/blog.glutenmenteschef.hu\/index.php\/2018\/07\/09\/csokifagyi\/#primaryimage"},"thumbnailUrl":"http:\/\/blog.glutenmenteschef.hu\/wp-content\/uploads\/2018\/07\/Csokifagyi-3-e1530893221556.jpg","keywords":["csokifagyi","fagyi","fagylalt","glut\u00e9nmentes fagylalt","toj\u00e1smentes fagylalt"],"articleSection":["Fagylalt","Toj\u00e1smentes receptek"],"inLanguage":"hu","potentialAction":[{"@type":"CommentAction","name":"Comment","target":["http:\/\/blog.glutenmenteschef.hu\/index.php\/2018\/07\/09\/csokifagyi\/#respond"]}]},{"@type":"WebPage","@id":"http:\/\/blog.glutenmenteschef.hu\/index.php\/2018\/07\/09\/csokifagyi\/","url":"http:\/\/blog.glutenmenteschef.hu\/index.php\/2018\/07\/09\/csokifagyi\/","name":"CSOKIFAGYI &#8211; Glut\u00e9nmentes Chef blog - \u00c1tol Tibor","isPartOf":{"@id":"https:\/\/blog.glutenmenteschef.hu\/#website"},"primaryImageOfPage":{"@id":"http:\/\/blog.glutenmenteschef.hu\/index.php\/2018\/07\/09\/csokifagyi\/#primaryimage"},"image":{"@id":"http:\/\/blog.glutenmenteschef.hu\/index.php\/2018\/07\/09\/csokifagyi\/#primaryimage"},"thumbnailUrl":"http:\/\/blog.glutenmenteschef.hu\/wp-content\/uploads\/2018\/07\/Csokifagyi-3-e1530893221556.jpg","datePublished":"2018-07-09T20:11:41+00:00","dateModified":"2018-07-16T17:59:23+00:00","breadcrumb":{"@id":"http:\/\/blog.glutenmenteschef.hu\/index.php\/2018\/07\/09\/csokifagyi\/#breadcrumb"},"inLanguage":"hu","potentialAction":[{"@type":"ReadAction","target":["http:\/\/blog.glutenmenteschef.hu\/index.php\/2018\/07\/09\/csokifagyi\/"]}]},{"@type":"ImageObject","inLanguage":"hu","@id":"http:\/\/blog.glutenmenteschef.hu\/index.php\/2018\/07\/09\/csokifagyi\/#primaryimage","url":"http:\/\/blog.glutenmenteschef.hu\/wp-content\/uploads\/2018\/07\/Csokifagyi-3-e1530893221556.jpg","contentUrl":"http:\/\/blog.glutenmenteschef.hu\/wp-content\/uploads\/2018\/07\/Csokifagyi-3-e1530893221556.jpg","width":1024,"height":768},{"@type":"BreadcrumbList","@id":"http:\/\/blog.glutenmenteschef.hu\/index.php\/2018\/07\/09\/csokifagyi\/#breadcrumb","itemListElement":[{"@type":"ListItem","position":1,"name":"Home","item":"https:\/\/blog.glutenmenteschef.hu\/"},{"@type":"ListItem","position":2,"name":"CSOKIFAGYI"}]},{"@type":"WebSite","@id":"https:\/\/blog.glutenmenteschef.hu\/#website","url":"https:\/\/blog.glutenmenteschef.hu\/","name":"Glut\u00e9nmentes Chef blog - \u00c1tol Tibor","description":"Glut\u00e9nmentes \u00e9telek, glut\u00e9nmentes receptek, glut\u00e9nmentes vide\u00f3k","publisher":{"@id":"https:\/\/blog.glutenmenteschef.hu\/#\/schema\/person\/c07613f0b6c0f12f90b8cb23cf32754a"},"potentialAction":[{"@type":"SearchAction","target":{"@type":"EntryPoint","urlTemplate":"https:\/\/blog.glutenmenteschef.hu\/?s={search_term_string}"},"query-input":{"@type":"PropertyValueSpecification","valueRequired":true,"valueName":"search_term_string"}}],"inLanguage":"hu"},{"@type":["Person","Organization"],"@id":"https:\/\/blog.glutenmenteschef.hu\/#\/schema\/person\/c07613f0b6c0f12f90b8cb23cf32754a","name":"gmchef","image":{"@type":"ImageObject","inLanguage":"hu","@id":"https:\/\/blog.glutenmenteschef.hu\/#\/schema\/person\/image\/","url":"https:\/\/secure.gravatar.com\/avatar\/363a4977321cb6fa3321b7ac93139b68e56af77880ae9fd5a3b2e7a8279f6d74?s=96&d=mm&r=g","contentUrl":"https:\/\/secure.gravatar.com\/avatar\/363a4977321cb6fa3321b7ac93139b68e56af77880ae9fd5a3b2e7a8279f6d74?s=96&d=mm&r=g","caption":"gmchef"},"logo":{"@id":"https:\/\/blog.glutenmenteschef.hu\/#\/schema\/person\/image\/"},"sameAs":["https:\/\/www.facebook.com\/aglutenmentessef"]}]}},"_links":{"self":[{"href":"http:\/\/blog.glutenmenteschef.hu\/index.php\/wp-json\/wp\/v2\/posts\/25544","targetHints":{"allow":["GET"]}}],"collection":[{"href":"http:\/\/blog.glutenmenteschef.hu\/index.php\/wp-json\/wp\/v2\/posts"}],"about":[{"href":"http:\/\/blog.glutenmenteschef.hu\/index.php\/wp-json\/wp\/v2\/types\/post"}],"author":[{"embeddable":true,"href":"http:\/\/blog.glutenmenteschef.hu\/index.php\/wp-json\/wp\/v2\/users\/1"}],"replies":[{"embeddable":true,"href":"http:\/\/blog.glutenmenteschef.hu\/index.php\/wp-json\/wp\/v2\/comments?post=25544"}],"version-history":[{"count":0,"href":"http:\/\/blog.glutenmenteschef.hu\/index.php\/wp-json\/wp\/v2\/posts\/25544\/revisions"}],"wp:featuredmedia":[{"embeddable":true,"href":"http:\/\/blog.glutenmenteschef.hu\/index.php\/wp-json\/wp\/v2\/media\/25592"}],"wp:attachment":[{"href":"http:\/\/blog.glutenmenteschef.hu\/index.php\/wp-json\/wp\/v2\/media?parent=25544"}],"wp:term":[{"taxonomy":"category","embeddable":true,"href":"http:\/\/blog.glutenmenteschef.hu\/index.php\/wp-json\/wp\/v2\/categories?post=25544"},{"taxonomy":"post_tag","embeddable":true,"href":"http:\/\/blog.glutenmenteschef.hu\/index.php\/wp-json\/wp\/v2\/tags?post=25544"}],"curies":[{"name":"wp","href":"https:\/\/api.w.org\/{rel}","templated":true}]}}