{"id":19594,"date":"2018-05-02T18:58:18","date_gmt":"2018-05-02T18:58:18","guid":{"rendered":"http:\/\/blog.glutenmenteschef.hu\/?p=19594"},"modified":"2020-06-17T19:44:11","modified_gmt":"2020-06-17T19:44:11","slug":"gnocchi-glutenmentesen-tejszines-spenottal","status":"publish","type":"post","link":"http:\/\/blog.glutenmenteschef.hu\/index.php\/2018\/05\/02\/gnocchi-glutenmentesen-tejszines-spenottal\/","title":{"rendered":"GNOCCHI GLUT\u00c9NMENTESEN &#8211; tejsz\u00ednes spen\u00f3ttal"},"content":{"rendered":"\n<h3 class=\"wp-block-heading\" style=\"text-align:center\">Gnocchi glut\u00e9nmentesen<br>tejsz\u00ednes spen\u00f3ttal<br><br><\/h3>\n\n\n\n<div class=\"wp-block-image\"><figure class=\"aligncenter\"><img loading=\"lazy\" decoding=\"async\" width=\"300\" height=\"225\" src=\"http:\/\/blog.glutenmenteschef.hu\/wp-content\/uploads\/2018\/05\/DSCN5383-300x225.jpg\" alt=\"\" class=\"wp-image-27579\" srcset=\"http:\/\/blog.glutenmenteschef.hu\/wp-content\/uploads\/2018\/05\/DSCN5383-300x225.jpg 300w, http:\/\/blog.glutenmenteschef.hu\/wp-content\/uploads\/2018\/05\/DSCN5383-768x576.jpg 768w, http:\/\/blog.glutenmenteschef.hu\/wp-content\/uploads\/2018\/05\/DSCN5383.jpg 1024w\" sizes=\"auto, (max-width: 300px) 100vw, 300px\" \/><\/figure><\/div>\n\n\n\n<p style=\"text-align:center\"><br><br><strong>T\u00e9szta hozz\u00e1val\u00f3i:<\/strong><br>1 kg h\u00e9j\u00e1ban f\u0151tt krumpli<br>25 dkg rizsliszt<br>5 db L-es m\u00e9ret\u0171 toj\u00e1s<br>( ha kisebb a toj\u00e1s, akkor az \u00f6sszs\u00falya legyen 300-320 g)<br>15 dkg burgonya pehely<br>5 dkg rizsliszt a sz\u00f3r\u00e1shoz<br>10 g s\u00f3<br><br><\/p>\n\n\n\n<p>Burgony\u00e1t h\u00e9j\u00e1ban megf\u0151zz\u00fck, kih\u0171tj\u00fck, majd megh\u00e1mozzuk. \u00d6sszet\u00f6rj\u00fck burgonyanyom\u00f3val. Egy t\u00e1lban 5 g s\u00f3val \u00f6sszegy\u00farjuk a t\u00e9szta hozz\u00e1val\u00f3it egynem\u0171 t\u00e9szt\u00e1v\u00e1, majd ujjnyi vastag hengereket sodrunk bel\u0151le. Nagyj\u00e1b\u00f3l a sz\u00e9less\u00e9g\u00e9vel megegyez\u0151 hossz\u00fas\u00e1g\u00fa &#8222;p\u00e1rn\u00e1csk\u00e1kat&#8221; v\u00e1gunk bel\u0151le.<br><br><\/p>\n\n\n\n<div class=\"wp-block-image\"><figure class=\"aligncenter\"><img loading=\"lazy\" decoding=\"async\" width=\"300\" height=\"225\" src=\"http:\/\/blog.glutenmenteschef.hu\/wp-content\/uploads\/2018\/05\/gnocci-2-300x225.jpg\" alt=\"\" class=\"wp-image-19478\" srcset=\"http:\/\/blog.glutenmenteschef.hu\/wp-content\/uploads\/2018\/05\/gnocci-2-300x225.jpg 300w, http:\/\/blog.glutenmenteschef.hu\/wp-content\/uploads\/2018\/05\/gnocci-2-768x576.jpg 768w\" sizes=\"auto, (max-width: 300px) 100vw, 300px\" \/><\/figure><\/div>\n\n\n\n<p><br><br>Vill\u00e1val mint\u00e1zhatjuk a tetej\u00e9t.<br><br><\/p>\n\n\n\n<div class=\"wp-block-image\"><figure class=\"aligncenter\"><img loading=\"lazy\" decoding=\"async\" width=\"300\" height=\"225\" src=\"http:\/\/blog.glutenmenteschef.hu\/wp-content\/uploads\/2018\/05\/gnocci-4-300x225.jpg\" alt=\"\" class=\"wp-image-19480\"\/><\/figure><\/div>\n\n\n\n<p><br><br>Forr\u00e1sban l\u00e9v\u0151 s\u00f3s v\u00edzben kif\u0151zz\u00fck, m\u00e9ret\u00e9t\u0151l f\u00fcgg\u0151en 2-5 perc.<br><br><\/p>\n\n\n\n<div class=\"wp-block-image\"><figure class=\"aligncenter\"><img loading=\"lazy\" decoding=\"async\" width=\"300\" height=\"225\" src=\"http:\/\/blog.glutenmenteschef.hu\/wp-content\/uploads\/2018\/05\/gnocci-5-300x225.jpg\" alt=\"\" class=\"wp-image-19481\" srcset=\"http:\/\/blog.glutenmenteschef.hu\/wp-content\/uploads\/2018\/05\/gnocci-5-300x225.jpg 300w, http:\/\/blog.glutenmenteschef.hu\/wp-content\/uploads\/2018\/05\/gnocci-5-768x576.jpg 768w\" sizes=\"auto, (max-width: 300px) 100vw, 300px\" \/><\/figure><\/div>\n\n\n\n<p><br><br>A k\u00e9sz gnocchit kiszedj\u00fck a f\u0151z\u0151v\u00edzb\u0151l \u00e9s lecs\u00f6p\u00f6gtetj\u00fck.<\/p>\n\n\n\n<p>!!!Ha az elk\u00e9sz\u00edtett mennyis\u00e9g t\u00f6bb, mint amit elfogyasztunk, akkor \u00edgy kif\u0151zve fagyasszuk le.&nbsp; Felhaszn\u00e1l\u00e1skor, kienged\u00e9s ut\u00e1n dolgozhatunk vele tov\u00e1bb. !!!<\/p>\n\n\n\n<p>Ehhez az olasz eredet\u0171 t\u00e9szt\u00e1hoz illenek a tejsz\u00ednes, a paradicsomos, sajttal megsz\u00f3rt m\u00e1rt\u00e1sok. \u00c9n a tejsz\u00ednes spen\u00f3tos m\u00e1rt\u00e1st k\u00e9sz\u00edtettem hozz\u00e1.<br><br><\/p>\n\n\n\n<div class=\"wp-block-image\"><figure class=\"aligncenter\"><img loading=\"lazy\" decoding=\"async\" width=\"300\" height=\"225\" src=\"http:\/\/blog.glutenmenteschef.hu\/wp-content\/uploads\/2018\/05\/DSCN5372-300x225.jpg\" alt=\"\" class=\"wp-image-27583\" srcset=\"http:\/\/blog.glutenmenteschef.hu\/wp-content\/uploads\/2018\/05\/DSCN5372-300x225.jpg 300w, http:\/\/blog.glutenmenteschef.hu\/wp-content\/uploads\/2018\/05\/DSCN5372-768x576.jpg 768w, http:\/\/blog.glutenmenteschef.hu\/wp-content\/uploads\/2018\/05\/DSCN5372.jpg 1024w\" sizes=\"auto, (max-width: 300px) 100vw, 300px\" \/><\/figure><\/div>\n\n\n\n<div class=\"wp-block-image\"><figure class=\"aligncenter\"><img loading=\"lazy\" decoding=\"async\" width=\"300\" height=\"225\" src=\"http:\/\/blog.glutenmenteschef.hu\/wp-content\/uploads\/2018\/05\/gnocci-12-300x225.jpg\" alt=\"\" class=\"wp-image-19477\" srcset=\"http:\/\/blog.glutenmenteschef.hu\/wp-content\/uploads\/2018\/05\/gnocci-12-300x225.jpg 300w, http:\/\/blog.glutenmenteschef.hu\/wp-content\/uploads\/2018\/05\/gnocci-12-768x576.jpg 768w\" sizes=\"auto, (max-width: 300px) 100vw, 300px\" \/><\/figure><\/div>\n\n\n\n<h3 class=\"wp-block-heading\" style=\"text-align:center\">Tejsz\u00ednes spen\u00f3t hozz\u00e1val\u00f3i:<\/h3>\n\n\n\n<p style=\"text-align:center\">500 g friss leveles spen\u00f3t<br>250 ml tejsz\u00edn<br>30 g vaj \/ zs\u00edr vagy olaj<br>100 g v\u00f6r\u00f6shagyma<br>3 g s\u00f3<br>6 g fokhagyma ( kb. 3 gerezd )<br>kev\u00e9s \u0151r\u00f6lt bors<br>reszelt sajt, \u00edzl\u00e9s szerint<\/p>\n\n\n\n<p><br><br>A spen\u00f3tot megmossuk, a sz\u00e1r\u00e1t elt\u00e1vol\u00edtjuk.<br>A v\u00f6r\u00f6shagym\u00e1t a vajban megp\u00e1roljuk, r\u00e1dobjuk a spen\u00f3tot, a s\u00f3t, a borsot \u00e9s az apr\u00f3ra v\u00e1gott fokhagym\u00e1t. Elkeverj\u00fck, ha megfonnyadt r\u00e1\u00f6ntj\u00fck a tejsz\u00ednt \u00e9s forr\u00e1spontig meleg\u00edtj\u00fck. A kif\u0151tt gnocchit ebbe a &#8222;m\u00e1rt\u00e1sba&#8221; forgatjuk bele.<br><br><\/p>\n\n\n\n<div class=\"wp-block-image\"><figure class=\"aligncenter\"><img loading=\"lazy\" decoding=\"async\" width=\"300\" height=\"225\" src=\"http:\/\/blog.glutenmenteschef.hu\/wp-content\/uploads\/2018\/05\/gnocci-7-300x225.jpg\" alt=\"\" class=\"wp-image-19482\" srcset=\"http:\/\/blog.glutenmenteschef.hu\/wp-content\/uploads\/2018\/05\/gnocci-7-300x225.jpg 300w, http:\/\/blog.glutenmenteschef.hu\/wp-content\/uploads\/2018\/05\/gnocci-7-768x576.jpg 768w\" sizes=\"auto, (max-width: 300px) 100vw, 300px\" \/><\/figure><\/div>\n\n\n\n<p><br><br>T\u00e1lal\u00e1skor reszelt sajttal megsz\u00f3rjuk.<br>Fogyaszthatjuk csak \u00edgy &#8222;mag\u00e1ban&#8221;, de lehet h\u00fasok, halak k\u00f6rete is.<br><br><\/p>\n\n\n\n<div class=\"wp-block-image\"><figure class=\"aligncenter\"><img loading=\"lazy\" decoding=\"async\" width=\"300\" height=\"225\" src=\"http:\/\/blog.glutenmenteschef.hu\/wp-content\/uploads\/2018\/05\/gnocci-17-300x225.jpg\" alt=\"\" class=\"wp-image-19476\"\/><\/figure><\/div>\n","protected":false},"excerpt":{"rendered":"<p>Gnocchi glut\u00e9nmentesentejsz\u00ednes spen\u00f3ttal T\u00e9szta hozz\u00e1val\u00f3i:1 kg h\u00e9j\u00e1ban f\u0151tt krumpli25 dkg rizsliszt5 db L-es m\u00e9ret\u0171 toj\u00e1s( ha kisebb a toj\u00e1s, akkor az \u00f6sszs\u00falya legyen 300-320 g)15 dkg burgonya pehely5 dkg rizsliszt a sz\u00f3r\u00e1shoz10 g s\u00f3 Burgony\u00e1t h\u00e9j\u00e1ban megf\u0151zz\u00fck, kih\u0171tj\u00fck, majd megh\u00e1mozzuk. \u00d6sszet\u00f6rj\u00fck burgonyanyom\u00f3val. Egy t\u00e1lban 5 g s\u00f3val \u00f6sszegy\u00farjuk a t\u00e9szta hozz\u00e1val\u00f3it egynem\u0171 t\u00e9szt\u00e1v\u00e1, majd ujjnyi <br \/><a class=\"more\" href=\"http:\/\/blog.glutenmenteschef.hu\/index.php\/2018\/05\/02\/gnocchi-glutenmentesen-tejszines-spenottal\/\">Read more&#8230; <\/a><\/p>\n","protected":false},"author":1,"featured_media":19480,"comment_status":"open","ping_status":"open","sticky":false,"template":"","format":"standard","meta":{"footnotes":""},"categories":[7,335],"tags":[361,362,363,364],"class_list":["post-19594","post","type-post","status-publish","format-standard","has-post-thumbnail","hentry","category-foetelek","category-rizslisztbol-keszitettem","tag-gnocchi","tag-gnocchi-glutenmentesen","tag-spenotos-gnocchi","tag-spenotos-gnocchi-glutenmentesen"],"yoast_head":"<!-- This site is optimized with the Yoast SEO plugin v26.5 - https:\/\/yoast.com\/wordpress\/plugins\/seo\/ -->\n<title>GNOCCHI GLUT\u00c9NMENTESEN - tejsz\u00ednes spen\u00f3ttal &#8211; Glut\u00e9nmentes Chef blog - \u00c1tol Tibor<\/title>\n<meta name=\"robots\" content=\"index, follow, max-snippet:-1, max-image-preview:large, max-video-preview:-1\" \/>\n<link rel=\"canonical\" href=\"http:\/\/blog.glutenmenteschef.hu\/index.php\/2018\/05\/02\/gnocchi-glutenmentesen-tejszines-spenottal\/\" \/>\n<meta property=\"og:locale\" content=\"hu_HU\" \/>\n<meta property=\"og:type\" content=\"article\" \/>\n<meta property=\"og:title\" content=\"GNOCCHI GLUT\u00c9NMENTESEN - tejsz\u00ednes spen\u00f3ttal &#8211; Glut\u00e9nmentes Chef blog - \u00c1tol Tibor\" \/>\n<meta property=\"og:description\" content=\"Gnocchi glut\u00e9nmentesentejsz\u00ednes spen\u00f3ttal T\u00e9szta hozz\u00e1val\u00f3i:1 kg h\u00e9j\u00e1ban f\u0151tt krumpli25 dkg rizsliszt5 db L-es m\u00e9ret\u0171 toj\u00e1s( ha kisebb a toj\u00e1s, akkor az \u00f6sszs\u00falya legyen 300-320 g)15 dkg burgonya pehely5 dkg rizsliszt a sz\u00f3r\u00e1shoz10 g s\u00f3 Burgony\u00e1t h\u00e9j\u00e1ban megf\u0151zz\u00fck, kih\u0171tj\u00fck, majd megh\u00e1mozzuk. \u00d6sszet\u00f6rj\u00fck burgonyanyom\u00f3val. Egy t\u00e1lban 5 g s\u00f3val \u00f6sszegy\u00farjuk a t\u00e9szta hozz\u00e1val\u00f3it egynem\u0171 t\u00e9szt\u00e1v\u00e1, majd ujjnyi Read more...\" \/>\n<meta property=\"og:url\" content=\"http:\/\/blog.glutenmenteschef.hu\/index.php\/2018\/05\/02\/gnocchi-glutenmentesen-tejszines-spenottal\/\" \/>\n<meta property=\"og:site_name\" content=\"Glut\u00e9nmentes Chef blog - \u00c1tol Tibor\" \/>\n<meta property=\"article:publisher\" content=\"https:\/\/www.facebook.com\/aglutenmentessef\" \/>\n<meta property=\"article:author\" content=\"https:\/\/www.facebook.com\/aglutenmentessef\" \/>\n<meta property=\"article:published_time\" content=\"2018-05-02T18:58:18+00:00\" \/>\n<meta property=\"article:modified_time\" content=\"2020-06-17T19:44:11+00:00\" \/>\n<meta property=\"og:image\" content=\"http:\/\/blog.glutenmenteschef.hu\/wp-content\/uploads\/2018\/05\/gnocci-4-e1525205519490.jpg\" \/>\n\t<meta property=\"og:image:width\" content=\"1024\" \/>\n\t<meta property=\"og:image:height\" content=\"768\" \/>\n\t<meta property=\"og:image:type\" content=\"image\/jpeg\" \/>\n<meta name=\"author\" content=\"gmchef\" \/>\n<meta name=\"twitter:card\" content=\"summary_large_image\" \/>\n<meta name=\"twitter:label1\" content=\"Szerz\u0151:\" \/>\n\t<meta name=\"twitter:data1\" content=\"gmchef\" \/>\n\t<meta name=\"twitter:label2\" content=\"Becs\u00fclt olvas\u00e1si id\u0151\" \/>\n\t<meta name=\"twitter:data2\" content=\"2 perc\" \/>\n<script type=\"application\/ld+json\" class=\"yoast-schema-graph\">{\"@context\":\"https:\/\/schema.org\",\"@graph\":[{\"@type\":\"Article\",\"@id\":\"http:\/\/blog.glutenmenteschef.hu\/index.php\/2018\/05\/02\/gnocchi-glutenmentesen-tejszines-spenottal\/#article\",\"isPartOf\":{\"@id\":\"http:\/\/blog.glutenmenteschef.hu\/index.php\/2018\/05\/02\/gnocchi-glutenmentesen-tejszines-spenottal\/\"},\"author\":{\"name\":\"gmchef\",\"@id\":\"https:\/\/blog.glutenmenteschef.hu\/#\/schema\/person\/c07613f0b6c0f12f90b8cb23cf32754a\"},\"headline\":\"GNOCCHI GLUT\u00c9NMENTESEN &#8211; tejsz\u00ednes spen\u00f3ttal\",\"datePublished\":\"2018-05-02T18:58:18+00:00\",\"dateModified\":\"2020-06-17T19:44:11+00:00\",\"mainEntityOfPage\":{\"@id\":\"http:\/\/blog.glutenmenteschef.hu\/index.php\/2018\/05\/02\/gnocchi-glutenmentesen-tejszines-spenottal\/\"},\"wordCount\":352,\"commentCount\":0,\"publisher\":{\"@id\":\"https:\/\/blog.glutenmenteschef.hu\/#\/schema\/person\/c07613f0b6c0f12f90b8cb23cf32754a\"},\"image\":{\"@id\":\"http:\/\/blog.glutenmenteschef.hu\/index.php\/2018\/05\/02\/gnocchi-glutenmentesen-tejszines-spenottal\/#primaryimage\"},\"thumbnailUrl\":\"http:\/\/blog.glutenmenteschef.hu\/wp-content\/uploads\/2018\/05\/gnocci-4-e1525205519490.jpg\",\"keywords\":[\"gnocchi\",\"gnocchi glut\u00e9nmentesen\",\"spen\u00f3tos gnocchi\",\"spen\u00f3tos gnocchi glut\u00e9nmentesen\"],\"articleSection\":[\"F\u0151\u00e9telek\",\"Rizslisztb\u0151l k\u00e9sz\u00edtettem\"],\"inLanguage\":\"hu\",\"potentialAction\":[{\"@type\":\"CommentAction\",\"name\":\"Comment\",\"target\":[\"http:\/\/blog.glutenmenteschef.hu\/index.php\/2018\/05\/02\/gnocchi-glutenmentesen-tejszines-spenottal\/#respond\"]}]},{\"@type\":\"WebPage\",\"@id\":\"http:\/\/blog.glutenmenteschef.hu\/index.php\/2018\/05\/02\/gnocchi-glutenmentesen-tejszines-spenottal\/\",\"url\":\"http:\/\/blog.glutenmenteschef.hu\/index.php\/2018\/05\/02\/gnocchi-glutenmentesen-tejszines-spenottal\/\",\"name\":\"GNOCCHI GLUT\u00c9NMENTESEN - tejsz\u00ednes spen\u00f3ttal &#8211; Glut\u00e9nmentes Chef blog - \u00c1tol Tibor\",\"isPartOf\":{\"@id\":\"https:\/\/blog.glutenmenteschef.hu\/#website\"},\"primaryImageOfPage\":{\"@id\":\"http:\/\/blog.glutenmenteschef.hu\/index.php\/2018\/05\/02\/gnocchi-glutenmentesen-tejszines-spenottal\/#primaryimage\"},\"image\":{\"@id\":\"http:\/\/blog.glutenmenteschef.hu\/index.php\/2018\/05\/02\/gnocchi-glutenmentesen-tejszines-spenottal\/#primaryimage\"},\"thumbnailUrl\":\"http:\/\/blog.glutenmenteschef.hu\/wp-content\/uploads\/2018\/05\/gnocci-4-e1525205519490.jpg\",\"datePublished\":\"2018-05-02T18:58:18+00:00\",\"dateModified\":\"2020-06-17T19:44:11+00:00\",\"breadcrumb\":{\"@id\":\"http:\/\/blog.glutenmenteschef.hu\/index.php\/2018\/05\/02\/gnocchi-glutenmentesen-tejszines-spenottal\/#breadcrumb\"},\"inLanguage\":\"hu\",\"potentialAction\":[{\"@type\":\"ReadAction\",\"target\":[\"http:\/\/blog.glutenmenteschef.hu\/index.php\/2018\/05\/02\/gnocchi-glutenmentesen-tejszines-spenottal\/\"]}]},{\"@type\":\"ImageObject\",\"inLanguage\":\"hu\",\"@id\":\"http:\/\/blog.glutenmenteschef.hu\/index.php\/2018\/05\/02\/gnocchi-glutenmentesen-tejszines-spenottal\/#primaryimage\",\"url\":\"http:\/\/blog.glutenmenteschef.hu\/wp-content\/uploads\/2018\/05\/gnocci-4-e1525205519490.jpg\",\"contentUrl\":\"http:\/\/blog.glutenmenteschef.hu\/wp-content\/uploads\/2018\/05\/gnocci-4-e1525205519490.jpg\",\"width\":1024,\"height\":768},{\"@type\":\"BreadcrumbList\",\"@id\":\"http:\/\/blog.glutenmenteschef.hu\/index.php\/2018\/05\/02\/gnocchi-glutenmentesen-tejszines-spenottal\/#breadcrumb\",\"itemListElement\":[{\"@type\":\"ListItem\",\"position\":1,\"name\":\"Home\",\"item\":\"https:\/\/blog.glutenmenteschef.hu\/\"},{\"@type\":\"ListItem\",\"position\":2,\"name\":\"GNOCCHI GLUT\u00c9NMENTESEN &#8211; tejsz\u00ednes spen\u00f3ttal\"}]},{\"@type\":\"WebSite\",\"@id\":\"https:\/\/blog.glutenmenteschef.hu\/#website\",\"url\":\"https:\/\/blog.glutenmenteschef.hu\/\",\"name\":\"Glut\u00e9nmentes Chef blog - \u00c1tol Tibor\",\"description\":\"Glut\u00e9nmentes \u00e9telek, glut\u00e9nmentes receptek, glut\u00e9nmentes vide\u00f3k\",\"publisher\":{\"@id\":\"https:\/\/blog.glutenmenteschef.hu\/#\/schema\/person\/c07613f0b6c0f12f90b8cb23cf32754a\"},\"potentialAction\":[{\"@type\":\"SearchAction\",\"target\":{\"@type\":\"EntryPoint\",\"urlTemplate\":\"https:\/\/blog.glutenmenteschef.hu\/?s={search_term_string}\"},\"query-input\":{\"@type\":\"PropertyValueSpecification\",\"valueRequired\":true,\"valueName\":\"search_term_string\"}}],\"inLanguage\":\"hu\"},{\"@type\":[\"Person\",\"Organization\"],\"@id\":\"https:\/\/blog.glutenmenteschef.hu\/#\/schema\/person\/c07613f0b6c0f12f90b8cb23cf32754a\",\"name\":\"gmchef\",\"image\":{\"@type\":\"ImageObject\",\"inLanguage\":\"hu\",\"@id\":\"https:\/\/blog.glutenmenteschef.hu\/#\/schema\/person\/image\/\",\"url\":\"https:\/\/secure.gravatar.com\/avatar\/363a4977321cb6fa3321b7ac93139b68e56af77880ae9fd5a3b2e7a8279f6d74?s=96&d=mm&r=g\",\"contentUrl\":\"https:\/\/secure.gravatar.com\/avatar\/363a4977321cb6fa3321b7ac93139b68e56af77880ae9fd5a3b2e7a8279f6d74?s=96&d=mm&r=g\",\"caption\":\"gmchef\"},\"logo\":{\"@id\":\"https:\/\/blog.glutenmenteschef.hu\/#\/schema\/person\/image\/\"},\"sameAs\":[\"https:\/\/www.facebook.com\/aglutenmentessef\"]}]}<\/script>\n<!-- \/ Yoast SEO plugin. -->","yoast_head_json":{"title":"GNOCCHI GLUT\u00c9NMENTESEN - tejsz\u00ednes spen\u00f3ttal &#8211; Glut\u00e9nmentes Chef blog - \u00c1tol Tibor","robots":{"index":"index","follow":"follow","max-snippet":"max-snippet:-1","max-image-preview":"max-image-preview:large","max-video-preview":"max-video-preview:-1"},"canonical":"http:\/\/blog.glutenmenteschef.hu\/index.php\/2018\/05\/02\/gnocchi-glutenmentesen-tejszines-spenottal\/","og_locale":"hu_HU","og_type":"article","og_title":"GNOCCHI GLUT\u00c9NMENTESEN - tejsz\u00ednes spen\u00f3ttal &#8211; Glut\u00e9nmentes Chef blog - \u00c1tol Tibor","og_description":"Gnocchi glut\u00e9nmentesentejsz\u00ednes spen\u00f3ttal T\u00e9szta hozz\u00e1val\u00f3i:1 kg h\u00e9j\u00e1ban f\u0151tt krumpli25 dkg rizsliszt5 db L-es m\u00e9ret\u0171 toj\u00e1s( ha kisebb a toj\u00e1s, akkor az \u00f6sszs\u00falya legyen 300-320 g)15 dkg burgonya pehely5 dkg rizsliszt a sz\u00f3r\u00e1shoz10 g s\u00f3 Burgony\u00e1t h\u00e9j\u00e1ban megf\u0151zz\u00fck, kih\u0171tj\u00fck, majd megh\u00e1mozzuk. \u00d6sszet\u00f6rj\u00fck burgonyanyom\u00f3val. Egy t\u00e1lban 5 g s\u00f3val \u00f6sszegy\u00farjuk a t\u00e9szta hozz\u00e1val\u00f3it egynem\u0171 t\u00e9szt\u00e1v\u00e1, majd ujjnyi Read more...","og_url":"http:\/\/blog.glutenmenteschef.hu\/index.php\/2018\/05\/02\/gnocchi-glutenmentesen-tejszines-spenottal\/","og_site_name":"Glut\u00e9nmentes Chef blog - \u00c1tol Tibor","article_publisher":"https:\/\/www.facebook.com\/aglutenmentessef","article_author":"https:\/\/www.facebook.com\/aglutenmentessef","article_published_time":"2018-05-02T18:58:18+00:00","article_modified_time":"2020-06-17T19:44:11+00:00","og_image":[{"width":1024,"height":768,"url":"http:\/\/blog.glutenmenteschef.hu\/wp-content\/uploads\/2018\/05\/gnocci-4-e1525205519490.jpg","type":"image\/jpeg"}],"author":"gmchef","twitter_card":"summary_large_image","twitter_misc":{"Szerz\u0151:":"gmchef","Becs\u00fclt olvas\u00e1si id\u0151":"2 perc"},"schema":{"@context":"https:\/\/schema.org","@graph":[{"@type":"Article","@id":"http:\/\/blog.glutenmenteschef.hu\/index.php\/2018\/05\/02\/gnocchi-glutenmentesen-tejszines-spenottal\/#article","isPartOf":{"@id":"http:\/\/blog.glutenmenteschef.hu\/index.php\/2018\/05\/02\/gnocchi-glutenmentesen-tejszines-spenottal\/"},"author":{"name":"gmchef","@id":"https:\/\/blog.glutenmenteschef.hu\/#\/schema\/person\/c07613f0b6c0f12f90b8cb23cf32754a"},"headline":"GNOCCHI GLUT\u00c9NMENTESEN &#8211; tejsz\u00ednes spen\u00f3ttal","datePublished":"2018-05-02T18:58:18+00:00","dateModified":"2020-06-17T19:44:11+00:00","mainEntityOfPage":{"@id":"http:\/\/blog.glutenmenteschef.hu\/index.php\/2018\/05\/02\/gnocchi-glutenmentesen-tejszines-spenottal\/"},"wordCount":352,"commentCount":0,"publisher":{"@id":"https:\/\/blog.glutenmenteschef.hu\/#\/schema\/person\/c07613f0b6c0f12f90b8cb23cf32754a"},"image":{"@id":"http:\/\/blog.glutenmenteschef.hu\/index.php\/2018\/05\/02\/gnocchi-glutenmentesen-tejszines-spenottal\/#primaryimage"},"thumbnailUrl":"http:\/\/blog.glutenmenteschef.hu\/wp-content\/uploads\/2018\/05\/gnocci-4-e1525205519490.jpg","keywords":["gnocchi","gnocchi glut\u00e9nmentesen","spen\u00f3tos gnocchi","spen\u00f3tos gnocchi glut\u00e9nmentesen"],"articleSection":["F\u0151\u00e9telek","Rizslisztb\u0151l k\u00e9sz\u00edtettem"],"inLanguage":"hu","potentialAction":[{"@type":"CommentAction","name":"Comment","target":["http:\/\/blog.glutenmenteschef.hu\/index.php\/2018\/05\/02\/gnocchi-glutenmentesen-tejszines-spenottal\/#respond"]}]},{"@type":"WebPage","@id":"http:\/\/blog.glutenmenteschef.hu\/index.php\/2018\/05\/02\/gnocchi-glutenmentesen-tejszines-spenottal\/","url":"http:\/\/blog.glutenmenteschef.hu\/index.php\/2018\/05\/02\/gnocchi-glutenmentesen-tejszines-spenottal\/","name":"GNOCCHI GLUT\u00c9NMENTESEN - tejsz\u00ednes spen\u00f3ttal &#8211; Glut\u00e9nmentes Chef blog - \u00c1tol Tibor","isPartOf":{"@id":"https:\/\/blog.glutenmenteschef.hu\/#website"},"primaryImageOfPage":{"@id":"http:\/\/blog.glutenmenteschef.hu\/index.php\/2018\/05\/02\/gnocchi-glutenmentesen-tejszines-spenottal\/#primaryimage"},"image":{"@id":"http:\/\/blog.glutenmenteschef.hu\/index.php\/2018\/05\/02\/gnocchi-glutenmentesen-tejszines-spenottal\/#primaryimage"},"thumbnailUrl":"http:\/\/blog.glutenmenteschef.hu\/wp-content\/uploads\/2018\/05\/gnocci-4-e1525205519490.jpg","datePublished":"2018-05-02T18:58:18+00:00","dateModified":"2020-06-17T19:44:11+00:00","breadcrumb":{"@id":"http:\/\/blog.glutenmenteschef.hu\/index.php\/2018\/05\/02\/gnocchi-glutenmentesen-tejszines-spenottal\/#breadcrumb"},"inLanguage":"hu","potentialAction":[{"@type":"ReadAction","target":["http:\/\/blog.glutenmenteschef.hu\/index.php\/2018\/05\/02\/gnocchi-glutenmentesen-tejszines-spenottal\/"]}]},{"@type":"ImageObject","inLanguage":"hu","@id":"http:\/\/blog.glutenmenteschef.hu\/index.php\/2018\/05\/02\/gnocchi-glutenmentesen-tejszines-spenottal\/#primaryimage","url":"http:\/\/blog.glutenmenteschef.hu\/wp-content\/uploads\/2018\/05\/gnocci-4-e1525205519490.jpg","contentUrl":"http:\/\/blog.glutenmenteschef.hu\/wp-content\/uploads\/2018\/05\/gnocci-4-e1525205519490.jpg","width":1024,"height":768},{"@type":"BreadcrumbList","@id":"http:\/\/blog.glutenmenteschef.hu\/index.php\/2018\/05\/02\/gnocchi-glutenmentesen-tejszines-spenottal\/#breadcrumb","itemListElement":[{"@type":"ListItem","position":1,"name":"Home","item":"https:\/\/blog.glutenmenteschef.hu\/"},{"@type":"ListItem","position":2,"name":"GNOCCHI GLUT\u00c9NMENTESEN &#8211; tejsz\u00ednes spen\u00f3ttal"}]},{"@type":"WebSite","@id":"https:\/\/blog.glutenmenteschef.hu\/#website","url":"https:\/\/blog.glutenmenteschef.hu\/","name":"Glut\u00e9nmentes Chef blog - \u00c1tol Tibor","description":"Glut\u00e9nmentes \u00e9telek, glut\u00e9nmentes receptek, glut\u00e9nmentes vide\u00f3k","publisher":{"@id":"https:\/\/blog.glutenmenteschef.hu\/#\/schema\/person\/c07613f0b6c0f12f90b8cb23cf32754a"},"potentialAction":[{"@type":"SearchAction","target":{"@type":"EntryPoint","urlTemplate":"https:\/\/blog.glutenmenteschef.hu\/?s={search_term_string}"},"query-input":{"@type":"PropertyValueSpecification","valueRequired":true,"valueName":"search_term_string"}}],"inLanguage":"hu"},{"@type":["Person","Organization"],"@id":"https:\/\/blog.glutenmenteschef.hu\/#\/schema\/person\/c07613f0b6c0f12f90b8cb23cf32754a","name":"gmchef","image":{"@type":"ImageObject","inLanguage":"hu","@id":"https:\/\/blog.glutenmenteschef.hu\/#\/schema\/person\/image\/","url":"https:\/\/secure.gravatar.com\/avatar\/363a4977321cb6fa3321b7ac93139b68e56af77880ae9fd5a3b2e7a8279f6d74?s=96&d=mm&r=g","contentUrl":"https:\/\/secure.gravatar.com\/avatar\/363a4977321cb6fa3321b7ac93139b68e56af77880ae9fd5a3b2e7a8279f6d74?s=96&d=mm&r=g","caption":"gmchef"},"logo":{"@id":"https:\/\/blog.glutenmenteschef.hu\/#\/schema\/person\/image\/"},"sameAs":["https:\/\/www.facebook.com\/aglutenmentessef"]}]}},"_links":{"self":[{"href":"http:\/\/blog.glutenmenteschef.hu\/index.php\/wp-json\/wp\/v2\/posts\/19594","targetHints":{"allow":["GET"]}}],"collection":[{"href":"http:\/\/blog.glutenmenteschef.hu\/index.php\/wp-json\/wp\/v2\/posts"}],"about":[{"href":"http:\/\/blog.glutenmenteschef.hu\/index.php\/wp-json\/wp\/v2\/types\/post"}],"author":[{"embeddable":true,"href":"http:\/\/blog.glutenmenteschef.hu\/index.php\/wp-json\/wp\/v2\/users\/1"}],"replies":[{"embeddable":true,"href":"http:\/\/blog.glutenmenteschef.hu\/index.php\/wp-json\/wp\/v2\/comments?post=19594"}],"version-history":[{"count":0,"href":"http:\/\/blog.glutenmenteschef.hu\/index.php\/wp-json\/wp\/v2\/posts\/19594\/revisions"}],"wp:featuredmedia":[{"embeddable":true,"href":"http:\/\/blog.glutenmenteschef.hu\/index.php\/wp-json\/wp\/v2\/media\/19480"}],"wp:attachment":[{"href":"http:\/\/blog.glutenmenteschef.hu\/index.php\/wp-json\/wp\/v2\/media?parent=19594"}],"wp:term":[{"taxonomy":"category","embeddable":true,"href":"http:\/\/blog.glutenmenteschef.hu\/index.php\/wp-json\/wp\/v2\/categories?post=19594"},{"taxonomy":"post_tag","embeddable":true,"href":"http:\/\/blog.glutenmenteschef.hu\/index.php\/wp-json\/wp\/v2\/tags?post=19594"}],"curies":[{"name":"wp","href":"https:\/\/api.w.org\/{rel}","templated":true}]}}