{"id":19465,"date":"2018-05-04T11:13:45","date_gmt":"2018-05-04T11:13:45","guid":{"rendered":"http:\/\/blog.glutenmenteschef.hu\/?p=19465"},"modified":"2024-10-06T09:24:29","modified_gmt":"2024-10-06T09:24:29","slug":"zsemlegomboc-glutenmentesen","status":"publish","type":"post","link":"http:\/\/blog.glutenmenteschef.hu\/index.php\/2018\/05\/04\/zsemlegomboc-glutenmentesen\/","title":{"rendered":"ZSEMLEGOMB\u00d3C GLUT\u00c9NMENTESEN"},"content":{"rendered":"\n<h3 class=\"wp-block-heading has-text-align-center\">Zsemlegomb\u00f3c glut\u00e9nmentesen<br><br><br><\/h3>\n\n\n<div class=\"wp-block-image\">\n<figure class=\"aligncenter size-full is-resized\"><img loading=\"lazy\" decoding=\"async\" width=\"1024\" height=\"768\" src=\"https:\/\/blog.glutenmenteschef.hu\/wp-content\/uploads\/2022\/06\/Vadas-zsemlegomboccal-5.jpg\" alt=\"\" class=\"wp-image-29918\" style=\"width:512px;height:384px\" srcset=\"http:\/\/blog.glutenmenteschef.hu\/wp-content\/uploads\/2022\/06\/Vadas-zsemlegomboccal-5.jpg 1024w, http:\/\/blog.glutenmenteschef.hu\/wp-content\/uploads\/2022\/06\/Vadas-zsemlegomboccal-5-300x225.jpg 300w, http:\/\/blog.glutenmenteschef.hu\/wp-content\/uploads\/2022\/06\/Vadas-zsemlegomboccal-5-768x576.jpg 768w\" sizes=\"auto, (max-width: 1024px) 100vw, 1024px\" \/><\/figure>\n<\/div>\n\n\n<h5 class=\"wp-block-heading has-text-align-center\"><br><br><br><strong>Hozz\u00e1val\u00f3k:<\/strong><\/h5>\n\n\n\n<p class=\"has-text-align-center\">200 g gm keny\u00e9r<br>50 g kacsazs\u00edr<br>50 g v\u00f6r\u00f6shagyma<br>100 g rizsliszt<br>2 db L-es m\u00e9ret\u0171 toj\u00e1s<br>1 csomag petrezselyemz\u00f6ld<br>1 mokk\u00e1s kan\u00e1l \u0151r\u00f6lt bors<br>3 g s\u00f3<br><br><br><\/p>\n\n\n<div class=\"wp-block-image\">\n<figure class=\"aligncenter size-full is-resized\"><img loading=\"lazy\" decoding=\"async\" width=\"1024\" height=\"768\" src=\"https:\/\/blog.glutenmenteschef.hu\/wp-content\/uploads\/2022\/06\/zsemlegomboc-6.jpg\" alt=\"\" class=\"wp-image-29917\" style=\"width:512px;height:384px\" srcset=\"http:\/\/blog.glutenmenteschef.hu\/wp-content\/uploads\/2022\/06\/zsemlegomboc-6.jpg 1024w, http:\/\/blog.glutenmenteschef.hu\/wp-content\/uploads\/2022\/06\/zsemlegomboc-6-300x225.jpg 300w, http:\/\/blog.glutenmenteschef.hu\/wp-content\/uploads\/2022\/06\/zsemlegomboc-6-768x576.jpg 768w\" sizes=\"auto, (max-width: 1024px) 100vw, 1024px\" \/><figcaption class=\"wp-element-caption\"><br><br><br><\/figcaption><\/figure>\n<\/div>\n\n\n<p>A kenyeret egyforma kis m\u00e9ret\u0171 kock\u00e1kra v\u00e1gjuk ( 1 x 1 cm ) \u00e9s sz\u00e1raz serpeny\u0151ben folyamatos kever\u00e9s mellett ropog\u00f3sra pir\u00edtjuk. A zs\u00edrt egy l\u00e1basban megolvasztjuk, r\u00e1tessz\u00fck a finomra v\u00e1gott v\u00f6r\u00f6shagym\u00e1t \u00e9s \u00fcvegesre fonnyasztjuk. Bele\u00f6ntj\u00fck a 2.5 dl vizet, majd, ha felforrt folyamatos kever\u00e9s mellet hozz\u00e1adjuk a lisztet \u00e9s addig f\u0151zz\u00fck kevergetve, am\u00edg elv\u00e1lik az ed\u00e9ny fal\u00e1t\u00f3l. <br>F\u00e9lre h\u00fazzuk a t\u0171zhelyr\u0151l, 1 percig pihentetj\u00fck, majd egyes\u00e9vel elkeverve hozz\u00e1adjuk a toj\u00e1sokat. \u00cdzes\u00edtj\u00fck s\u00f3val, borssal \u00e9s a v\u00e1gott petrezselyemmel.<br>Minimum 2 literes t\u00e1lba \u00f6ntj\u00fck a zsemlekock\u00e1kat \u00e9s r\u00e1\u00f6ntj\u00fck a hagym\u00e1s-lisztes massz\u00e1t \u00e9s nagyon alaposan elkeverj\u00fck.<\/p>\n\n\n<div class=\"wp-block-image\">\n<figure class=\"aligncenter\"><img loading=\"lazy\" decoding=\"async\" width=\"300\" height=\"225\" src=\"http:\/\/blog.glutenmenteschef.hu\/wp-content\/uploads\/2018\/05\/zsemlegomboc-2-300x225.jpg\" alt=\"\" class=\"wp-image-19495\" srcset=\"http:\/\/blog.glutenmenteschef.hu\/wp-content\/uploads\/2018\/05\/zsemlegomboc-2-300x225.jpg 300w, http:\/\/blog.glutenmenteschef.hu\/wp-content\/uploads\/2018\/05\/zsemlegomboc-2-768x576.jpg 768w\" sizes=\"auto, (max-width: 300px) 100vw, 300px\" \/><\/figure>\n<\/div>\n\n\n<p>10 perc pihentet\u00e9s ut\u00e1n gy\u00f6ngy\u00f6z\u0151 forr\u00e1sban l\u00e9v\u0151, enyh\u00e9n s\u00f3s v\u00edzbe kb. 70 g-os gomb\u00f3cokat szaggatunk-form\u00e1zunk vizes k\u00e9zzel.<\/p>\n\n\n<div class=\"wp-block-image\">\n<figure class=\"aligncenter\"><img loading=\"lazy\" decoding=\"async\" width=\"300\" height=\"225\" src=\"http:\/\/blog.glutenmenteschef.hu\/wp-content\/uploads\/2018\/05\/zsemlegomboc-3-300x225.jpg\" alt=\"\" class=\"wp-image-19496\" srcset=\"http:\/\/blog.glutenmenteschef.hu\/wp-content\/uploads\/2018\/05\/zsemlegomboc-3-300x225.jpg 300w, http:\/\/blog.glutenmenteschef.hu\/wp-content\/uploads\/2018\/05\/zsemlegomboc-3-768x576.jpg 768w\" sizes=\"auto, (max-width: 300px) 100vw, 300px\" \/><\/figure>\n<\/div>\n\n<div class=\"wp-block-image\">\n<figure class=\"aligncenter\"><img loading=\"lazy\" decoding=\"async\" width=\"300\" height=\"225\" src=\"http:\/\/blog.glutenmenteschef.hu\/wp-content\/uploads\/2018\/05\/zsemlegomboc-5-300x225.jpg\" alt=\"\" class=\"wp-image-19497\" srcset=\"http:\/\/blog.glutenmenteschef.hu\/wp-content\/uploads\/2018\/05\/zsemlegomboc-5-300x225.jpg 300w, http:\/\/blog.glutenmenteschef.hu\/wp-content\/uploads\/2018\/05\/zsemlegomboc-5-768x576.jpg 768w\" sizes=\"auto, (max-width: 300px) 100vw, 300px\" \/><\/figure>\n<\/div>\n\n\n<p>Fed\u0151 alatt forr\u00e1spontt\u00f3l sz\u00e1m\u00edtva 5 percig takar\u00e9k l\u00e1ngon gy\u00f6ngy\u00f6z\u0151 v\u00edzben f\u0151zz\u00fck. Majd f\u0151z\u0151lev\u00e9ben hagyjuk 15-20 percig \u00e9s ezut\u00e1n t\u00e1lalhatjuk.<\/p>\n\n\n<div class=\"wp-block-image\">\n<figure class=\"aligncenter size-medium\"><img loading=\"lazy\" decoding=\"async\" width=\"300\" height=\"225\" src=\"https:\/\/blog.glutenmenteschef.hu\/wp-content\/uploads\/2018\/05\/zsemlegomboc-9-300x225.jpg\" alt=\"\" class=\"wp-image-19498\" srcset=\"http:\/\/blog.glutenmenteschef.hu\/wp-content\/uploads\/2018\/05\/zsemlegomboc-9-300x225.jpg 300w, http:\/\/blog.glutenmenteschef.hu\/wp-content\/uploads\/2018\/05\/zsemlegomboc-9-768x576.jpg 768w\" sizes=\"auto, (max-width: 300px) 100vw, 300px\" \/><\/figure>\n<\/div>\n\n<div class=\"wp-block-image\">\n<figure class=\"aligncenter\"><img loading=\"lazy\" decoding=\"async\" width=\"300\" height=\"225\" src=\"http:\/\/blog.glutenmenteschef.hu\/wp-content\/uploads\/2018\/05\/zsemlegomboc-10-300x225.jpg\" alt=\"\" class=\"wp-image-19493\" srcset=\"http:\/\/blog.glutenmenteschef.hu\/wp-content\/uploads\/2018\/05\/zsemlegomboc-10-300x225.jpg 300w, http:\/\/blog.glutenmenteschef.hu\/wp-content\/uploads\/2018\/05\/zsemlegomboc-10-768x576.jpg 768w\" sizes=\"auto, (max-width: 300px) 100vw, 300px\" \/><\/figure>\n<\/div>\n\n<div class=\"wp-block-image\">\n<figure class=\"aligncenter size-full is-resized\"><img loading=\"lazy\" decoding=\"async\" width=\"1024\" height=\"768\" src=\"https:\/\/blog.glutenmenteschef.hu\/wp-content\/uploads\/2022\/06\/zsemlegomboc-7.jpg\" alt=\"\" class=\"wp-image-29920\" style=\"width:512px;height:384px\" srcset=\"http:\/\/blog.glutenmenteschef.hu\/wp-content\/uploads\/2022\/06\/zsemlegomboc-7.jpg 1024w, http:\/\/blog.glutenmenteschef.hu\/wp-content\/uploads\/2022\/06\/zsemlegomboc-7-300x225.jpg 300w, http:\/\/blog.glutenmenteschef.hu\/wp-content\/uploads\/2022\/06\/zsemlegomboc-7-768x576.jpg 768w\" sizes=\"auto, (max-width: 1024px) 100vw, 1024px\" \/><\/figure>\n<\/div>","protected":false},"excerpt":{"rendered":"<p>Zsemlegomb\u00f3c glut\u00e9nmentesen Hozz\u00e1val\u00f3k: 200 g gm keny\u00e9r50 g kacsazs\u00edr50 g v\u00f6r\u00f6shagyma100 g rizsliszt2 db L-es m\u00e9ret\u0171 toj\u00e1s1 csomag petrezselyemz\u00f6ld1 mokk\u00e1s kan\u00e1l \u0151r\u00f6lt bors3 g s\u00f3 A kenyeret egyforma kis m\u00e9ret\u0171 kock\u00e1kra v\u00e1gjuk ( 1 x 1 cm ) \u00e9s sz\u00e1raz serpeny\u0151ben folyamatos kever\u00e9s mellett ropog\u00f3sra pir\u00edtjuk. A zs\u00edrt egy l\u00e1basban megolvasztjuk, r\u00e1tessz\u00fck a finomra v\u00e1gott <br \/><a class=\"more\" href=\"http:\/\/blog.glutenmenteschef.hu\/index.php\/2018\/05\/04\/zsemlegomboc-glutenmentesen\/\">Read more&#8230; <\/a><\/p>\n","protected":false},"author":1,"featured_media":19499,"comment_status":"open","ping_status":"open","sticky":false,"template":"","format":"standard","meta":{"footnotes":""},"categories":[7],"tags":[367,170,368],"class_list":["post-19465","post","type-post","status-publish","format-standard","has-post-thumbnail","hentry","category-foetelek","tag-vadas-marha","tag-zsemle-glutenmentes","tag-zsemlegomboc"],"yoast_head":"<!-- This site is optimized with the Yoast SEO plugin v26.5 - https:\/\/yoast.com\/wordpress\/plugins\/seo\/ -->\n<title>ZSEMLEGOMB\u00d3C GLUT\u00c9NMENTESEN &#8211; Glut\u00e9nmentes Chef blog - \u00c1tol Tibor<\/title>\n<meta name=\"robots\" content=\"index, follow, max-snippet:-1, max-image-preview:large, max-video-preview:-1\" \/>\n<link rel=\"canonical\" href=\"http:\/\/blog.glutenmenteschef.hu\/index.php\/2018\/05\/04\/zsemlegomboc-glutenmentesen\/\" \/>\n<meta property=\"og:locale\" content=\"hu_HU\" \/>\n<meta property=\"og:type\" content=\"article\" \/>\n<meta property=\"og:title\" content=\"ZSEMLEGOMB\u00d3C GLUT\u00c9NMENTESEN &#8211; Glut\u00e9nmentes Chef blog - \u00c1tol Tibor\" \/>\n<meta property=\"og:description\" content=\"Zsemlegomb\u00f3c glut\u00e9nmentesen Hozz\u00e1val\u00f3k: 200 g gm keny\u00e9r50 g kacsazs\u00edr50 g v\u00f6r\u00f6shagyma100 g rizsliszt2 db L-es m\u00e9ret\u0171 toj\u00e1s1 csomag petrezselyemz\u00f6ld1 mokk\u00e1s kan\u00e1l \u0151r\u00f6lt bors3 g s\u00f3 A kenyeret egyforma kis m\u00e9ret\u0171 kock\u00e1kra v\u00e1gjuk ( 1 x 1 cm ) \u00e9s sz\u00e1raz serpeny\u0151ben folyamatos kever\u00e9s mellett ropog\u00f3sra pir\u00edtjuk. A zs\u00edrt egy l\u00e1basban megolvasztjuk, r\u00e1tessz\u00fck a finomra v\u00e1gott Read more...\" \/>\n<meta property=\"og:url\" content=\"http:\/\/blog.glutenmenteschef.hu\/index.php\/2018\/05\/04\/zsemlegomboc-glutenmentesen\/\" \/>\n<meta property=\"og:site_name\" content=\"Glut\u00e9nmentes Chef blog - \u00c1tol Tibor\" \/>\n<meta property=\"article:publisher\" content=\"https:\/\/www.facebook.com\/aglutenmentessef\" \/>\n<meta property=\"article:author\" content=\"https:\/\/www.facebook.com\/aglutenmentessef\" \/>\n<meta property=\"article:published_time\" content=\"2018-05-04T11:13:45+00:00\" \/>\n<meta property=\"article:modified_time\" content=\"2024-10-06T09:24:29+00:00\" \/>\n<meta property=\"og:image\" content=\"http:\/\/blog.glutenmenteschef.hu\/wp-content\/uploads\/2018\/05\/zsemlegomboc-14-e1525206723283.jpg\" \/>\n\t<meta property=\"og:image:width\" content=\"1024\" \/>\n\t<meta property=\"og:image:height\" content=\"768\" \/>\n\t<meta property=\"og:image:type\" content=\"image\/jpeg\" \/>\n<meta name=\"author\" content=\"gmchef\" \/>\n<meta name=\"twitter:card\" content=\"summary_large_image\" \/>\n<meta name=\"twitter:label1\" content=\"Szerz\u0151:\" \/>\n\t<meta name=\"twitter:data1\" content=\"gmchef\" \/>\n\t<meta name=\"twitter:label2\" content=\"Becs\u00fclt olvas\u00e1si id\u0151\" \/>\n\t<meta name=\"twitter:data2\" content=\"3 perc\" \/>\n<script type=\"application\/ld+json\" class=\"yoast-schema-graph\">{\"@context\":\"https:\/\/schema.org\",\"@graph\":[{\"@type\":\"Article\",\"@id\":\"http:\/\/blog.glutenmenteschef.hu\/index.php\/2018\/05\/04\/zsemlegomboc-glutenmentesen\/#article\",\"isPartOf\":{\"@id\":\"http:\/\/blog.glutenmenteschef.hu\/index.php\/2018\/05\/04\/zsemlegomboc-glutenmentesen\/\"},\"author\":{\"name\":\"gmchef\",\"@id\":\"https:\/\/blog.glutenmenteschef.hu\/#\/schema\/person\/c07613f0b6c0f12f90b8cb23cf32754a\"},\"headline\":\"ZSEMLEGOMB\u00d3C GLUT\u00c9NMENTESEN\",\"datePublished\":\"2018-05-04T11:13:45+00:00\",\"dateModified\":\"2024-10-06T09:24:29+00:00\",\"mainEntityOfPage\":{\"@id\":\"http:\/\/blog.glutenmenteschef.hu\/index.php\/2018\/05\/04\/zsemlegomboc-glutenmentesen\/\"},\"wordCount\":236,\"commentCount\":0,\"publisher\":{\"@id\":\"https:\/\/blog.glutenmenteschef.hu\/#\/schema\/person\/c07613f0b6c0f12f90b8cb23cf32754a\"},\"image\":{\"@id\":\"http:\/\/blog.glutenmenteschef.hu\/index.php\/2018\/05\/04\/zsemlegomboc-glutenmentesen\/#primaryimage\"},\"thumbnailUrl\":\"http:\/\/blog.glutenmenteschef.hu\/wp-content\/uploads\/2018\/05\/zsemlegomboc-13-e1525206874926.jpg\",\"keywords\":[\"vadas marha\",\"zsemle glut\u00e9nmentes\",\"zsemlegomb\u00f3c\"],\"articleSection\":[\"F\u0151\u00e9telek\"],\"inLanguage\":\"hu\",\"potentialAction\":[{\"@type\":\"CommentAction\",\"name\":\"Comment\",\"target\":[\"http:\/\/blog.glutenmenteschef.hu\/index.php\/2018\/05\/04\/zsemlegomboc-glutenmentesen\/#respond\"]}]},{\"@type\":\"WebPage\",\"@id\":\"http:\/\/blog.glutenmenteschef.hu\/index.php\/2018\/05\/04\/zsemlegomboc-glutenmentesen\/\",\"url\":\"http:\/\/blog.glutenmenteschef.hu\/index.php\/2018\/05\/04\/zsemlegomboc-glutenmentesen\/\",\"name\":\"ZSEMLEGOMB\u00d3C GLUT\u00c9NMENTESEN &#8211; Glut\u00e9nmentes Chef blog - \u00c1tol Tibor\",\"isPartOf\":{\"@id\":\"https:\/\/blog.glutenmenteschef.hu\/#website\"},\"primaryImageOfPage\":{\"@id\":\"http:\/\/blog.glutenmenteschef.hu\/index.php\/2018\/05\/04\/zsemlegomboc-glutenmentesen\/#primaryimage\"},\"image\":{\"@id\":\"http:\/\/blog.glutenmenteschef.hu\/index.php\/2018\/05\/04\/zsemlegomboc-glutenmentesen\/#primaryimage\"},\"thumbnailUrl\":\"http:\/\/blog.glutenmenteschef.hu\/wp-content\/uploads\/2018\/05\/zsemlegomboc-13-e1525206874926.jpg\",\"datePublished\":\"2018-05-04T11:13:45+00:00\",\"dateModified\":\"2024-10-06T09:24:29+00:00\",\"breadcrumb\":{\"@id\":\"http:\/\/blog.glutenmenteschef.hu\/index.php\/2018\/05\/04\/zsemlegomboc-glutenmentesen\/#breadcrumb\"},\"inLanguage\":\"hu\",\"potentialAction\":[{\"@type\":\"ReadAction\",\"target\":[\"http:\/\/blog.glutenmenteschef.hu\/index.php\/2018\/05\/04\/zsemlegomboc-glutenmentesen\/\"]}]},{\"@type\":\"ImageObject\",\"inLanguage\":\"hu\",\"@id\":\"http:\/\/blog.glutenmenteschef.hu\/index.php\/2018\/05\/04\/zsemlegomboc-glutenmentesen\/#primaryimage\",\"url\":\"http:\/\/blog.glutenmenteschef.hu\/wp-content\/uploads\/2018\/05\/zsemlegomboc-13-e1525206874926.jpg\",\"contentUrl\":\"http:\/\/blog.glutenmenteschef.hu\/wp-content\/uploads\/2018\/05\/zsemlegomboc-13-e1525206874926.jpg\",\"width\":1024,\"height\":768},{\"@type\":\"BreadcrumbList\",\"@id\":\"http:\/\/blog.glutenmenteschef.hu\/index.php\/2018\/05\/04\/zsemlegomboc-glutenmentesen\/#breadcrumb\",\"itemListElement\":[{\"@type\":\"ListItem\",\"position\":1,\"name\":\"Home\",\"item\":\"https:\/\/blog.glutenmenteschef.hu\/\"},{\"@type\":\"ListItem\",\"position\":2,\"name\":\"ZSEMLEGOMB\u00d3C GLUT\u00c9NMENTESEN\"}]},{\"@type\":\"WebSite\",\"@id\":\"https:\/\/blog.glutenmenteschef.hu\/#website\",\"url\":\"https:\/\/blog.glutenmenteschef.hu\/\",\"name\":\"Glut\u00e9nmentes Chef blog - \u00c1tol Tibor\",\"description\":\"Glut\u00e9nmentes \u00e9telek, glut\u00e9nmentes receptek, glut\u00e9nmentes vide\u00f3k\",\"publisher\":{\"@id\":\"https:\/\/blog.glutenmenteschef.hu\/#\/schema\/person\/c07613f0b6c0f12f90b8cb23cf32754a\"},\"potentialAction\":[{\"@type\":\"SearchAction\",\"target\":{\"@type\":\"EntryPoint\",\"urlTemplate\":\"https:\/\/blog.glutenmenteschef.hu\/?s={search_term_string}\"},\"query-input\":{\"@type\":\"PropertyValueSpecification\",\"valueRequired\":true,\"valueName\":\"search_term_string\"}}],\"inLanguage\":\"hu\"},{\"@type\":[\"Person\",\"Organization\"],\"@id\":\"https:\/\/blog.glutenmenteschef.hu\/#\/schema\/person\/c07613f0b6c0f12f90b8cb23cf32754a\",\"name\":\"gmchef\",\"image\":{\"@type\":\"ImageObject\",\"inLanguage\":\"hu\",\"@id\":\"https:\/\/blog.glutenmenteschef.hu\/#\/schema\/person\/image\/\",\"url\":\"https:\/\/secure.gravatar.com\/avatar\/363a4977321cb6fa3321b7ac93139b68e56af77880ae9fd5a3b2e7a8279f6d74?s=96&d=mm&r=g\",\"contentUrl\":\"https:\/\/secure.gravatar.com\/avatar\/363a4977321cb6fa3321b7ac93139b68e56af77880ae9fd5a3b2e7a8279f6d74?s=96&d=mm&r=g\",\"caption\":\"gmchef\"},\"logo\":{\"@id\":\"https:\/\/blog.glutenmenteschef.hu\/#\/schema\/person\/image\/\"},\"sameAs\":[\"https:\/\/www.facebook.com\/aglutenmentessef\"]}]}<\/script>\n<!-- \/ Yoast SEO plugin. -->","yoast_head_json":{"title":"ZSEMLEGOMB\u00d3C GLUT\u00c9NMENTESEN &#8211; Glut\u00e9nmentes Chef blog - \u00c1tol Tibor","robots":{"index":"index","follow":"follow","max-snippet":"max-snippet:-1","max-image-preview":"max-image-preview:large","max-video-preview":"max-video-preview:-1"},"canonical":"http:\/\/blog.glutenmenteschef.hu\/index.php\/2018\/05\/04\/zsemlegomboc-glutenmentesen\/","og_locale":"hu_HU","og_type":"article","og_title":"ZSEMLEGOMB\u00d3C GLUT\u00c9NMENTESEN &#8211; Glut\u00e9nmentes Chef blog - \u00c1tol Tibor","og_description":"Zsemlegomb\u00f3c glut\u00e9nmentesen Hozz\u00e1val\u00f3k: 200 g gm keny\u00e9r50 g kacsazs\u00edr50 g v\u00f6r\u00f6shagyma100 g rizsliszt2 db L-es m\u00e9ret\u0171 toj\u00e1s1 csomag petrezselyemz\u00f6ld1 mokk\u00e1s kan\u00e1l \u0151r\u00f6lt bors3 g s\u00f3 A kenyeret egyforma kis m\u00e9ret\u0171 kock\u00e1kra v\u00e1gjuk ( 1 x 1 cm ) \u00e9s sz\u00e1raz serpeny\u0151ben folyamatos kever\u00e9s mellett ropog\u00f3sra pir\u00edtjuk. A zs\u00edrt egy l\u00e1basban megolvasztjuk, r\u00e1tessz\u00fck a finomra v\u00e1gott Read more...","og_url":"http:\/\/blog.glutenmenteschef.hu\/index.php\/2018\/05\/04\/zsemlegomboc-glutenmentesen\/","og_site_name":"Glut\u00e9nmentes Chef blog - \u00c1tol Tibor","article_publisher":"https:\/\/www.facebook.com\/aglutenmentessef","article_author":"https:\/\/www.facebook.com\/aglutenmentessef","article_published_time":"2018-05-04T11:13:45+00:00","article_modified_time":"2024-10-06T09:24:29+00:00","og_image":[{"width":1024,"height":768,"url":"http:\/\/blog.glutenmenteschef.hu\/wp-content\/uploads\/2018\/05\/zsemlegomboc-14-e1525206723283.jpg","type":"image\/jpeg"}],"author":"gmchef","twitter_card":"summary_large_image","twitter_misc":{"Szerz\u0151:":"gmchef","Becs\u00fclt olvas\u00e1si id\u0151":"3 perc"},"schema":{"@context":"https:\/\/schema.org","@graph":[{"@type":"Article","@id":"http:\/\/blog.glutenmenteschef.hu\/index.php\/2018\/05\/04\/zsemlegomboc-glutenmentesen\/#article","isPartOf":{"@id":"http:\/\/blog.glutenmenteschef.hu\/index.php\/2018\/05\/04\/zsemlegomboc-glutenmentesen\/"},"author":{"name":"gmchef","@id":"https:\/\/blog.glutenmenteschef.hu\/#\/schema\/person\/c07613f0b6c0f12f90b8cb23cf32754a"},"headline":"ZSEMLEGOMB\u00d3C GLUT\u00c9NMENTESEN","datePublished":"2018-05-04T11:13:45+00:00","dateModified":"2024-10-06T09:24:29+00:00","mainEntityOfPage":{"@id":"http:\/\/blog.glutenmenteschef.hu\/index.php\/2018\/05\/04\/zsemlegomboc-glutenmentesen\/"},"wordCount":236,"commentCount":0,"publisher":{"@id":"https:\/\/blog.glutenmenteschef.hu\/#\/schema\/person\/c07613f0b6c0f12f90b8cb23cf32754a"},"image":{"@id":"http:\/\/blog.glutenmenteschef.hu\/index.php\/2018\/05\/04\/zsemlegomboc-glutenmentesen\/#primaryimage"},"thumbnailUrl":"http:\/\/blog.glutenmenteschef.hu\/wp-content\/uploads\/2018\/05\/zsemlegomboc-13-e1525206874926.jpg","keywords":["vadas marha","zsemle glut\u00e9nmentes","zsemlegomb\u00f3c"],"articleSection":["F\u0151\u00e9telek"],"inLanguage":"hu","potentialAction":[{"@type":"CommentAction","name":"Comment","target":["http:\/\/blog.glutenmenteschef.hu\/index.php\/2018\/05\/04\/zsemlegomboc-glutenmentesen\/#respond"]}]},{"@type":"WebPage","@id":"http:\/\/blog.glutenmenteschef.hu\/index.php\/2018\/05\/04\/zsemlegomboc-glutenmentesen\/","url":"http:\/\/blog.glutenmenteschef.hu\/index.php\/2018\/05\/04\/zsemlegomboc-glutenmentesen\/","name":"ZSEMLEGOMB\u00d3C GLUT\u00c9NMENTESEN &#8211; Glut\u00e9nmentes Chef blog - \u00c1tol Tibor","isPartOf":{"@id":"https:\/\/blog.glutenmenteschef.hu\/#website"},"primaryImageOfPage":{"@id":"http:\/\/blog.glutenmenteschef.hu\/index.php\/2018\/05\/04\/zsemlegomboc-glutenmentesen\/#primaryimage"},"image":{"@id":"http:\/\/blog.glutenmenteschef.hu\/index.php\/2018\/05\/04\/zsemlegomboc-glutenmentesen\/#primaryimage"},"thumbnailUrl":"http:\/\/blog.glutenmenteschef.hu\/wp-content\/uploads\/2018\/05\/zsemlegomboc-13-e1525206874926.jpg","datePublished":"2018-05-04T11:13:45+00:00","dateModified":"2024-10-06T09:24:29+00:00","breadcrumb":{"@id":"http:\/\/blog.glutenmenteschef.hu\/index.php\/2018\/05\/04\/zsemlegomboc-glutenmentesen\/#breadcrumb"},"inLanguage":"hu","potentialAction":[{"@type":"ReadAction","target":["http:\/\/blog.glutenmenteschef.hu\/index.php\/2018\/05\/04\/zsemlegomboc-glutenmentesen\/"]}]},{"@type":"ImageObject","inLanguage":"hu","@id":"http:\/\/blog.glutenmenteschef.hu\/index.php\/2018\/05\/04\/zsemlegomboc-glutenmentesen\/#primaryimage","url":"http:\/\/blog.glutenmenteschef.hu\/wp-content\/uploads\/2018\/05\/zsemlegomboc-13-e1525206874926.jpg","contentUrl":"http:\/\/blog.glutenmenteschef.hu\/wp-content\/uploads\/2018\/05\/zsemlegomboc-13-e1525206874926.jpg","width":1024,"height":768},{"@type":"BreadcrumbList","@id":"http:\/\/blog.glutenmenteschef.hu\/index.php\/2018\/05\/04\/zsemlegomboc-glutenmentesen\/#breadcrumb","itemListElement":[{"@type":"ListItem","position":1,"name":"Home","item":"https:\/\/blog.glutenmenteschef.hu\/"},{"@type":"ListItem","position":2,"name":"ZSEMLEGOMB\u00d3C GLUT\u00c9NMENTESEN"}]},{"@type":"WebSite","@id":"https:\/\/blog.glutenmenteschef.hu\/#website","url":"https:\/\/blog.glutenmenteschef.hu\/","name":"Glut\u00e9nmentes Chef blog - \u00c1tol Tibor","description":"Glut\u00e9nmentes \u00e9telek, glut\u00e9nmentes receptek, glut\u00e9nmentes vide\u00f3k","publisher":{"@id":"https:\/\/blog.glutenmenteschef.hu\/#\/schema\/person\/c07613f0b6c0f12f90b8cb23cf32754a"},"potentialAction":[{"@type":"SearchAction","target":{"@type":"EntryPoint","urlTemplate":"https:\/\/blog.glutenmenteschef.hu\/?s={search_term_string}"},"query-input":{"@type":"PropertyValueSpecification","valueRequired":true,"valueName":"search_term_string"}}],"inLanguage":"hu"},{"@type":["Person","Organization"],"@id":"https:\/\/blog.glutenmenteschef.hu\/#\/schema\/person\/c07613f0b6c0f12f90b8cb23cf32754a","name":"gmchef","image":{"@type":"ImageObject","inLanguage":"hu","@id":"https:\/\/blog.glutenmenteschef.hu\/#\/schema\/person\/image\/","url":"https:\/\/secure.gravatar.com\/avatar\/363a4977321cb6fa3321b7ac93139b68e56af77880ae9fd5a3b2e7a8279f6d74?s=96&d=mm&r=g","contentUrl":"https:\/\/secure.gravatar.com\/avatar\/363a4977321cb6fa3321b7ac93139b68e56af77880ae9fd5a3b2e7a8279f6d74?s=96&d=mm&r=g","caption":"gmchef"},"logo":{"@id":"https:\/\/blog.glutenmenteschef.hu\/#\/schema\/person\/image\/"},"sameAs":["https:\/\/www.facebook.com\/aglutenmentessef"]}]}},"_links":{"self":[{"href":"http:\/\/blog.glutenmenteschef.hu\/index.php\/wp-json\/wp\/v2\/posts\/19465","targetHints":{"allow":["GET"]}}],"collection":[{"href":"http:\/\/blog.glutenmenteschef.hu\/index.php\/wp-json\/wp\/v2\/posts"}],"about":[{"href":"http:\/\/blog.glutenmenteschef.hu\/index.php\/wp-json\/wp\/v2\/types\/post"}],"author":[{"embeddable":true,"href":"http:\/\/blog.glutenmenteschef.hu\/index.php\/wp-json\/wp\/v2\/users\/1"}],"replies":[{"embeddable":true,"href":"http:\/\/blog.glutenmenteschef.hu\/index.php\/wp-json\/wp\/v2\/comments?post=19465"}],"version-history":[{"count":0,"href":"http:\/\/blog.glutenmenteschef.hu\/index.php\/wp-json\/wp\/v2\/posts\/19465\/revisions"}],"wp:featuredmedia":[{"embeddable":true,"href":"http:\/\/blog.glutenmenteschef.hu\/index.php\/wp-json\/wp\/v2\/media\/19499"}],"wp:attachment":[{"href":"http:\/\/blog.glutenmenteschef.hu\/index.php\/wp-json\/wp\/v2\/media?parent=19465"}],"wp:term":[{"taxonomy":"category","embeddable":true,"href":"http:\/\/blog.glutenmenteschef.hu\/index.php\/wp-json\/wp\/v2\/categories?post=19465"},{"taxonomy":"post_tag","embeddable":true,"href":"http:\/\/blog.glutenmenteschef.hu\/index.php\/wp-json\/wp\/v2\/tags?post=19465"}],"curies":[{"name":"wp","href":"https:\/\/api.w.org\/{rel}","templated":true}]}}