{"id":18756,"date":"2018-04-24T20:11:48","date_gmt":"2018-04-24T20:11:48","guid":{"rendered":"http:\/\/blog.glutenmenteschef.hu\/?p=18756"},"modified":"2021-11-09T14:52:51","modified_gmt":"2021-11-09T14:52:51","slug":"pizza-glutenmentesen-rizslisztbol","status":"publish","type":"post","link":"http:\/\/blog.glutenmenteschef.hu\/index.php\/2018\/04\/24\/pizza-glutenmentesen-rizslisztbol\/","title":{"rendered":"PIZZA GLUT\u00c9NMENTESEN RIZSLISZTB\u0150L"},"content":{"rendered":"\n<h3 class=\"has-text-align-center wp-block-heading\"><strong>Pizza glut\u00e9nmentesen rizslisztb\u0151l<\/strong><br><br><br><\/h3>\n\n\n\n<div class=\"wp-block-image\"><figure class=\"aligncenter size-full is-resized\"><img loading=\"lazy\" decoding=\"async\" src=\"https:\/\/blog.glutenmenteschef.hu\/wp-content\/uploads\/2018\/04\/pizza-15.jpg\" alt=\"\" class=\"wp-image-26751\" width=\"512\" height=\"384\" srcset=\"http:\/\/blog.glutenmenteschef.hu\/wp-content\/uploads\/2018\/04\/pizza-15.jpg 1024w, http:\/\/blog.glutenmenteschef.hu\/wp-content\/uploads\/2018\/04\/pizza-15-300x225.jpg 300w, http:\/\/blog.glutenmenteschef.hu\/wp-content\/uploads\/2018\/04\/pizza-15-768x576.jpg 768w\" sizes=\"auto, (max-width: 512px) 100vw, 512px\" \/><\/figure><\/div>\n\n\n\n<h5 class=\"has-text-align-center wp-block-heading\"><br><br><br><strong>Pizza t\u00e9szta:<\/strong><\/h5>\n\n\n\n<p class=\"has-text-align-center\">300 g rizsliszt<br>7 g por\u00e9leszt\u0151<br>2 g s\u00f3<br>1 g cukor<br>250 g v\u00edz<br>4 g olaj<br>5 g \u00fatif\u0171 magh\u00e9j<br><br><br><\/p>\n\n\n\n<div class=\"wp-block-image\"><figure class=\"aligncenter\"><img loading=\"lazy\" decoding=\"async\" width=\"300\" height=\"225\" src=\"http:\/\/blog.glutenmenteschef.hu\/wp-content\/uploads\/2018\/04\/pizza-3-300x225.jpg\" alt=\"\" class=\"wp-image-18764\" srcset=\"http:\/\/blog.glutenmenteschef.hu\/wp-content\/uploads\/2018\/04\/pizza-3-300x225.jpg 300w, http:\/\/blog.glutenmenteschef.hu\/wp-content\/uploads\/2018\/04\/pizza-3-768x576.jpg 768w\" sizes=\"auto, (max-width: 300px) 100vw, 300px\" \/><\/figure><\/div>\n\n\n\n<p><br><br><br>A vizet meglangyos\u00edtjuk \u00e9s az \u00f6sszes t\u00f6bbi hozz\u00e1val\u00f3val legal\u00e1bb 10 percig dagasztjuk. Olajozott s\u00fct\u0151pap\u00edron, a pizzas\u00fct\u0151lappal megegyez\u0151 m\u00e9ret\u0171re nyomkodjuk k\u00e9zzel. A k\u00f6zep\u00e9t egy kicsit v\u00e9konyabbra ( 2-3 mm ), a sz\u00e9leit egy kicsit vastagabbra hagyva.<br><br><br><\/p>\n\n\n\n<div class=\"wp-block-image\"><figure class=\"aligncenter\"><img loading=\"lazy\" decoding=\"async\" width=\"300\" height=\"225\" src=\"http:\/\/blog.glutenmenteschef.hu\/wp-content\/uploads\/2018\/04\/pizza-4-1-300x225.jpg\" alt=\"\" class=\"wp-image-26744\" srcset=\"http:\/\/blog.glutenmenteschef.hu\/wp-content\/uploads\/2018\/04\/pizza-4-1-300x225.jpg 300w, http:\/\/blog.glutenmenteschef.hu\/wp-content\/uploads\/2018\/04\/pizza-4-1-768x576.jpg 768w, http:\/\/blog.glutenmenteschef.hu\/wp-content\/uploads\/2018\/04\/pizza-4-1.jpg 1024w\" sizes=\"auto, (max-width: 300px) 100vw, 300px\" \/><\/figure><\/div>\n\n\n\n<p><br><br><br>Ha a sz\u00e9l\u00e9be sajtot szeretn\u00e9nk tenni, lapogassuk a s\u00fct\u0151lap m\u00e9ret\u00e9n\u00e9l nagyobbra. Most, m\u00e9g a keleszt\u00e9s el\u0151tt helyezz\u00fck r\u00e1 a v\u00e9kony cs\u00edkokra v\u00e1gott sajtot, majd a pap\u00edr seg\u00edts\u00e9g\u00e9vel hajtsuk vissza a s\u00fct\u0151lapon t\u00falny\u00fal\u00f3 t\u00e9szt\u00e1t a sajtra.<br><br><br><\/p>\n\n\n\n<div class=\"wp-block-image\"><figure class=\"aligncenter\"><img loading=\"lazy\" decoding=\"async\" width=\"300\" height=\"225\" src=\"http:\/\/blog.glutenmenteschef.hu\/wp-content\/uploads\/2018\/04\/pizza-6-300x225.jpg\" alt=\"\" class=\"wp-image-26745\" srcset=\"http:\/\/blog.glutenmenteschef.hu\/wp-content\/uploads\/2018\/04\/pizza-6-300x225.jpg 300w, http:\/\/blog.glutenmenteschef.hu\/wp-content\/uploads\/2018\/04\/pizza-6-768x576.jpg 768w, http:\/\/blog.glutenmenteschef.hu\/wp-content\/uploads\/2018\/04\/pizza-6.jpg 1024w\" sizes=\"auto, (max-width: 300px) 100vw, 300px\" \/><\/figure><\/div>\n\n\n\n<p><br><br><br>A pap\u00edrral egy\u00fctt helyezz\u00fck a pizzas\u00fct\u0151lapra vagy egy lapos, alacsony fal\u00fa tepsibe, majd als\u00f3-fels\u0151 s\u00fct\u00e9si m\u00f3dozaton a 45-50 fokra el\u0151meleg\u00edtett s\u00fct\u0151ben h\u00f3lyagosra kelesztj\u00fck. ( legal\u00e1bb 40 perc )<\/p>\n\n\n\n<p>S\u00fcss\u00fck el\u0151 a t\u00e9szt\u00e1t. K\u00e9t lehet\u0151s\u00e9g is van erre.<\/p>\n\n\n\n<p>1. A keleszt\u00e9s ut\u00e1n a t\u00e9szt\u00e1t kivessz\u00fck a s\u00fct\u0151b\u0151l, majd feltekerj\u00fck a h\u0151fokot 220-240 fok l\u00e9gkever\u00e9s als\u00f3-fels\u0151 s\u00fct\u00e9si m\u00f3dozatra. Ha el\u00e9rte a megfelel\u0151 h\u0151fokot betessz\u00fck a t\u00e9szt\u00e1t \u00e9s el\u0151s\u00fctj\u00fck, am\u00edg nagyon-nagyon enyhe sz\u00ednt nem kap. Nekem ez 7-8 perc volt 220 fokon h\u0151l\u00e9gkever\u00e9ssel.<br><br><br><\/p>\n\n\n\n<div class=\"wp-block-image\"><figure class=\"aligncenter\"><img loading=\"lazy\" decoding=\"async\" width=\"300\" height=\"225\" src=\"http:\/\/blog.glutenmenteschef.hu\/wp-content\/uploads\/2018\/04\/pizza-7-300x225.jpg\" alt=\"\" class=\"wp-image-26746\" srcset=\"http:\/\/blog.glutenmenteschef.hu\/wp-content\/uploads\/2018\/04\/pizza-7-300x225.jpg 300w, http:\/\/blog.glutenmenteschef.hu\/wp-content\/uploads\/2018\/04\/pizza-7-768x576.jpg 768w, http:\/\/blog.glutenmenteschef.hu\/wp-content\/uploads\/2018\/04\/pizza-7.jpg 1024w\" sizes=\"auto, (max-width: 300px) 100vw, 300px\" \/><\/figure><\/div>\n\n\n\n<p><br><br><br>Ezt k\u00f6vet\u0151en pizza sz\u00f3sszal megkenj\u00fck, a felt\u00e9teket r\u00e1tessz\u00fck,<br><br><br><\/p>\n\n\n\n<div class=\"wp-block-image\"><figure class=\"aligncenter\"><img loading=\"lazy\" decoding=\"async\" width=\"300\" height=\"225\" src=\"http:\/\/blog.glutenmenteschef.hu\/wp-content\/uploads\/2018\/04\/pizza-8-300x225.jpg\" alt=\"\" class=\"wp-image-26747\" srcset=\"http:\/\/blog.glutenmenteschef.hu\/wp-content\/uploads\/2018\/04\/pizza-8-300x225.jpg 300w, http:\/\/blog.glutenmenteschef.hu\/wp-content\/uploads\/2018\/04\/pizza-8-768x576.jpg 768w, http:\/\/blog.glutenmenteschef.hu\/wp-content\/uploads\/2018\/04\/pizza-8.jpg 1024w\" sizes=\"auto, (max-width: 300px) 100vw, 300px\" \/><\/figure><\/div>\n\n\n\n<p><br><br><br>majd a s\u00fct\u0151ben 220-240 fokon h\u0151l\u00e9gkever\u00e9s funkci\u00f3n addig s\u00fctj\u00fck, m\u00edg a sajt r\u00e1olvad.<br><br><br><\/p>\n\n\n\n<div class=\"wp-block-image\"><figure class=\"aligncenter\"><img loading=\"lazy\" decoding=\"async\" width=\"300\" height=\"225\" src=\"http:\/\/blog.glutenmenteschef.hu\/wp-content\/uploads\/2018\/04\/pizza-12-300x225.jpg\" alt=\"\" class=\"wp-image-26748\" srcset=\"http:\/\/blog.glutenmenteschef.hu\/wp-content\/uploads\/2018\/04\/pizza-12-300x225.jpg 300w, http:\/\/blog.glutenmenteschef.hu\/wp-content\/uploads\/2018\/04\/pizza-12-768x576.jpg 768w, http:\/\/blog.glutenmenteschef.hu\/wp-content\/uploads\/2018\/04\/pizza-12.jpg 1024w\" sizes=\"auto, (max-width: 300px) 100vw, 300px\" \/><\/figure><\/div>\n\n\n\n<h5 class=\"wp-block-heading\"><br><br><strong>S\u00c9F TIPP:<\/strong><\/h5>\n\n\n\n<p>Felt\u00e9tnek b\u00e1rmit tehet\u00fcnk, amit szeretn\u00e9nk \u00e9s mozzarella sajttal fedj\u00fck be. A felt\u00e9t ne legyen nyers, mert ennyi id\u0151 alatt nem s\u00fcl meg. Ha gomb\u00e1t, esetleg h\u00fast tenn\u00e9nk r\u00e1, azokat aj\u00e1nlatos el\u0151re megpir\u00edtani. <br><br><\/p>\n\n\n\n<p>2.) A t\u0171zhelyen egy serpeny\u0151ben is el\u0151s\u00fcthetj\u00fck a pizzat\u00e9szt\u00e1t.<br>Mivel itt a pizzakorong m\u00e9ret\u00e9t a serpeny\u0151nk \u00e1tm\u00e9r\u0151je hat\u00e1rozza meg, \u00edgy ak\u00e1r 3-4 kisebb pizza is k\u00e9sz\u00fclhet.<br>A megkelesztett t\u00e9szt\u00e1t s\u00fct\u0151pap\u00edr seg\u00edts\u00e9g\u00e9vel beleford\u00edtjuk a t\u0171zhelyen felforr\u00f3s\u00edtott, sz\u00e1raz, tapad\u00e1smentes serpeny\u0151be, ahol mindk\u00e9t oldal\u00e1t 2-2 percig el\u0151s\u00fctj\u00fck. Ha ezt a verzi\u00f3t v\u00e1lasztjuk, akkor <strong>figyelj\u00fcnk arra, hogy amikor k\u00e9zzel kinyomkodjuk ne legyen nagyobb a t\u00e9sztakorong a serpeny\u0151nkn\u00e9l.<br><\/strong>Ezut\u00e1n kenj\u00fck meg a paradicsom sz\u00f3sszal, tegy\u00fck r\u00e1 a felt\u00e9teket \u00e9s s\u00fct\u0151ben 220-240 fok h\u0151l\u00e9gkever\u00e9sen olvasszuk r\u00e1 a sajtot.<strong><br><\/strong><\/p>\n\n\n\n<div class=\"wp-block-image\"><figure class=\"aligncenter\"><img loading=\"lazy\" decoding=\"async\" width=\"300\" height=\"225\" src=\"http:\/\/blog.glutenmenteschef.hu\/wp-content\/uploads\/2018\/04\/pizza-1-300x225.jpg\" alt=\"\" class=\"wp-image-18772\"\/><\/figure><\/div>\n\n\n\n<p class=\"has-text-align-left\"><br><br><br>Egy j\u00f3 sz\u00f3sz legal\u00e1bb annyira fontos, mint a t\u00e9szta, ez\u00e9rt mindig r\u00e1sz\u00e1nom azt a 10-15 percet. \u00c9n \u00edgy k\u00e9sz\u00edtem:<\/p>\n\n\n\n<h5 class=\"has-text-align-center wp-block-heading\"><br>Pizza sz\u00f3sz:<\/h5>\n\n\n\n<p class=\"has-text-align-center\">25 g oliva olaj<br>50 g v\u00f6r\u00f6shagyma<br>2 g s\u00f3<br>2 g fokhagyma ( 1 gerezd )<br>5 g krist\u00e1lycukor<br>2 csipet oreg\u00e1no<br>1 g bazsalikom<br>250 g paradicsom s\u0171r\u00edtm\u00e9ny ( passata di pomodoro ) vagy 300 g friss, h\u00e1mozott, darabolt paradicsom<\/p>\n\n\n\n<p class=\"has-text-align-left\">A v\u00f6r\u00f6shagym\u00e1t \u00e9s a fokhagym\u00e1t megtiszt\u00edtjuk, apr\u00f3ra v\u00e1gjuk. Az olajat l\u00e1basban felmeleg\u00edtj\u00fck, hozz\u00e1adjuk a v\u00f6r\u00f6shagym\u00e1t \u00e9s \u00fcvegesre p\u00e1roljuk. Beletessz\u00fck a fokhagym\u00e1t, a bazsalikomot, oreganot, s\u00f3t \u00e9s a paradicsom s\u0171r\u00edtm\u00e9nyt \u00e9s a cukrot. \u00d6sszef\u0151zz\u00fck, kb. 5 perc ut\u00e1n elk\u00e9sz\u00fclt.<br><br><br><\/p>\n\n\n\n<div class=\"wp-block-image\"><figure class=\"aligncenter\"><img loading=\"lazy\" decoding=\"async\" width=\"300\" height=\"225\" src=\"http:\/\/blog.glutenmenteschef.hu\/wp-content\/uploads\/2018\/04\/pizza-18-300x225.jpg\" alt=\"\" class=\"wp-image-26750\" srcset=\"http:\/\/blog.glutenmenteschef.hu\/wp-content\/uploads\/2018\/04\/pizza-18-300x225.jpg 300w, http:\/\/blog.glutenmenteschef.hu\/wp-content\/uploads\/2018\/04\/pizza-18-768x576.jpg 768w, http:\/\/blog.glutenmenteschef.hu\/wp-content\/uploads\/2018\/04\/pizza-18.jpg 1024w\" sizes=\"auto, (max-width: 300px) 100vw, 300px\" \/><\/figure><\/div>\n\n\n\n<div class=\"wp-block-image\"><figure class=\"aligncenter\"><img loading=\"lazy\" decoding=\"async\" width=\"300\" height=\"225\" src=\"http:\/\/blog.glutenmenteschef.hu\/wp-content\/uploads\/2018\/04\/pizza-5-300x225.jpg\" alt=\"\" class=\"wp-image-18768\"\/><\/figure><\/div>\n","protected":false},"excerpt":{"rendered":"<p>Pizza glut\u00e9nmentesen rizslisztb\u0151l Pizza t\u00e9szta: 300 g rizsliszt7 g por\u00e9leszt\u01512 g s\u00f31 g cukor250 g v\u00edz4 g olaj5 g \u00fatif\u0171 magh\u00e9j A vizet meglangyos\u00edtjuk \u00e9s az \u00f6sszes t\u00f6bbi hozz\u00e1val\u00f3val legal\u00e1bb 10 percig dagasztjuk. Olajozott s\u00fct\u0151pap\u00edron, a pizzas\u00fct\u0151lappal megegyez\u0151 m\u00e9ret\u0171re nyomkodjuk k\u00e9zzel. A k\u00f6zep\u00e9t egy kicsit v\u00e9konyabbra ( 2-3 mm ), a sz\u00e9leit egy kicsit vastagabbra <br \/><a class=\"more\" href=\"http:\/\/blog.glutenmenteschef.hu\/index.php\/2018\/04\/24\/pizza-glutenmentesen-rizslisztbol\/\">Read more&#8230; <\/a><\/p>\n","protected":false},"author":1,"featured_media":26749,"comment_status":"open","ping_status":"open","sticky":false,"template":"","format":"standard","meta":{"footnotes":""},"categories":[7,335,396],"tags":[5,359,360,190],"class_list":["post-18756","post","type-post","status-publish","format-standard","has-post-thumbnail","hentry","category-foetelek","category-rizslisztbol-keszitettem","category-tojasmentes-receptek","tag-glutenmentes","tag-pizza","tag-pizza-glutenmentesen","tag-rizsliszt"],"yoast_head":"<!-- This site is optimized with the Yoast SEO plugin v26.5 - https:\/\/yoast.com\/wordpress\/plugins\/seo\/ -->\n<title>PIZZA GLUT\u00c9NMENTESEN RIZSLISZTB\u0150L &#8211; Glut\u00e9nmentes Chef blog - \u00c1tol Tibor<\/title>\n<meta name=\"robots\" content=\"index, follow, max-snippet:-1, max-image-preview:large, max-video-preview:-1\" \/>\n<link rel=\"canonical\" href=\"http:\/\/blog.glutenmenteschef.hu\/index.php\/2018\/04\/24\/pizza-glutenmentesen-rizslisztbol\/\" \/>\n<meta property=\"og:locale\" content=\"hu_HU\" \/>\n<meta property=\"og:type\" content=\"article\" \/>\n<meta property=\"og:title\" content=\"PIZZA GLUT\u00c9NMENTESEN RIZSLISZTB\u0150L &#8211; Glut\u00e9nmentes Chef blog - \u00c1tol Tibor\" \/>\n<meta property=\"og:description\" content=\"Pizza glut\u00e9nmentesen rizslisztb\u0151l Pizza t\u00e9szta: 300 g rizsliszt7 g por\u00e9leszt\u01512 g s\u00f31 g cukor250 g v\u00edz4 g olaj5 g \u00fatif\u0171 magh\u00e9j A vizet meglangyos\u00edtjuk \u00e9s az \u00f6sszes t\u00f6bbi hozz\u00e1val\u00f3val legal\u00e1bb 10 percig dagasztjuk. Olajozott s\u00fct\u0151pap\u00edron, a pizzas\u00fct\u0151lappal megegyez\u0151 m\u00e9ret\u0171re nyomkodjuk k\u00e9zzel. A k\u00f6zep\u00e9t egy kicsit v\u00e9konyabbra ( 2-3 mm ), a sz\u00e9leit egy kicsit vastagabbra Read more...\" \/>\n<meta property=\"og:url\" content=\"http:\/\/blog.glutenmenteschef.hu\/index.php\/2018\/04\/24\/pizza-glutenmentesen-rizslisztbol\/\" \/>\n<meta property=\"og:site_name\" content=\"Glut\u00e9nmentes Chef blog - \u00c1tol Tibor\" \/>\n<meta property=\"article:publisher\" content=\"https:\/\/www.facebook.com\/aglutenmentessef\" \/>\n<meta property=\"article:author\" content=\"https:\/\/www.facebook.com\/aglutenmentessef\" \/>\n<meta property=\"article:published_time\" content=\"2018-04-24T20:11:48+00:00\" \/>\n<meta property=\"article:modified_time\" content=\"2021-11-09T14:52:51+00:00\" \/>\n<meta property=\"og:image\" content=\"http:\/\/blog.glutenmenteschef.hu\/wp-content\/uploads\/2018\/04\/pizza-13.jpg\" \/>\n\t<meta property=\"og:image:width\" content=\"1024\" \/>\n\t<meta property=\"og:image:height\" content=\"768\" \/>\n\t<meta property=\"og:image:type\" content=\"image\/jpeg\" \/>\n<meta name=\"author\" content=\"gmchef\" \/>\n<meta name=\"twitter:card\" content=\"summary_large_image\" \/>\n<meta name=\"twitter:label1\" content=\"Szerz\u0151:\" \/>\n\t<meta name=\"twitter:data1\" content=\"gmchef\" \/>\n\t<meta name=\"twitter:label2\" content=\"Becs\u00fclt olvas\u00e1si id\u0151\" \/>\n\t<meta name=\"twitter:data2\" content=\"4 perc\" \/>\n<script type=\"application\/ld+json\" class=\"yoast-schema-graph\">{\"@context\":\"https:\/\/schema.org\",\"@graph\":[{\"@type\":\"Article\",\"@id\":\"http:\/\/blog.glutenmenteschef.hu\/index.php\/2018\/04\/24\/pizza-glutenmentesen-rizslisztbol\/#article\",\"isPartOf\":{\"@id\":\"http:\/\/blog.glutenmenteschef.hu\/index.php\/2018\/04\/24\/pizza-glutenmentesen-rizslisztbol\/\"},\"author\":{\"name\":\"gmchef\",\"@id\":\"https:\/\/blog.glutenmenteschef.hu\/#\/schema\/person\/c07613f0b6c0f12f90b8cb23cf32754a\"},\"headline\":\"PIZZA GLUT\u00c9NMENTESEN RIZSLISZTB\u0150L\",\"datePublished\":\"2018-04-24T20:11:48+00:00\",\"dateModified\":\"2021-11-09T14:52:51+00:00\",\"mainEntityOfPage\":{\"@id\":\"http:\/\/blog.glutenmenteschef.hu\/index.php\/2018\/04\/24\/pizza-glutenmentesen-rizslisztbol\/\"},\"wordCount\":616,\"commentCount\":0,\"publisher\":{\"@id\":\"https:\/\/blog.glutenmenteschef.hu\/#\/schema\/person\/c07613f0b6c0f12f90b8cb23cf32754a\"},\"image\":{\"@id\":\"http:\/\/blog.glutenmenteschef.hu\/index.php\/2018\/04\/24\/pizza-glutenmentesen-rizslisztbol\/#primaryimage\"},\"thumbnailUrl\":\"http:\/\/blog.glutenmenteschef.hu\/wp-content\/uploads\/2018\/04\/pizza-13.jpg\",\"keywords\":[\"glut\u00e9nmentes\",\"pizza\",\"pizza glut\u00e9nmentesen\",\"rizsliszt\"],\"articleSection\":[\"F\u0151\u00e9telek\",\"Rizslisztb\u0151l k\u00e9sz\u00edtettem\",\"Toj\u00e1smentes receptek\"],\"inLanguage\":\"hu\",\"potentialAction\":[{\"@type\":\"CommentAction\",\"name\":\"Comment\",\"target\":[\"http:\/\/blog.glutenmenteschef.hu\/index.php\/2018\/04\/24\/pizza-glutenmentesen-rizslisztbol\/#respond\"]}]},{\"@type\":\"WebPage\",\"@id\":\"http:\/\/blog.glutenmenteschef.hu\/index.php\/2018\/04\/24\/pizza-glutenmentesen-rizslisztbol\/\",\"url\":\"http:\/\/blog.glutenmenteschef.hu\/index.php\/2018\/04\/24\/pizza-glutenmentesen-rizslisztbol\/\",\"name\":\"PIZZA GLUT\u00c9NMENTESEN RIZSLISZTB\u0150L &#8211; Glut\u00e9nmentes Chef blog - \u00c1tol Tibor\",\"isPartOf\":{\"@id\":\"https:\/\/blog.glutenmenteschef.hu\/#website\"},\"primaryImageOfPage\":{\"@id\":\"http:\/\/blog.glutenmenteschef.hu\/index.php\/2018\/04\/24\/pizza-glutenmentesen-rizslisztbol\/#primaryimage\"},\"image\":{\"@id\":\"http:\/\/blog.glutenmenteschef.hu\/index.php\/2018\/04\/24\/pizza-glutenmentesen-rizslisztbol\/#primaryimage\"},\"thumbnailUrl\":\"http:\/\/blog.glutenmenteschef.hu\/wp-content\/uploads\/2018\/04\/pizza-13.jpg\",\"datePublished\":\"2018-04-24T20:11:48+00:00\",\"dateModified\":\"2021-11-09T14:52:51+00:00\",\"breadcrumb\":{\"@id\":\"http:\/\/blog.glutenmenteschef.hu\/index.php\/2018\/04\/24\/pizza-glutenmentesen-rizslisztbol\/#breadcrumb\"},\"inLanguage\":\"hu\",\"potentialAction\":[{\"@type\":\"ReadAction\",\"target\":[\"http:\/\/blog.glutenmenteschef.hu\/index.php\/2018\/04\/24\/pizza-glutenmentesen-rizslisztbol\/\"]}]},{\"@type\":\"ImageObject\",\"inLanguage\":\"hu\",\"@id\":\"http:\/\/blog.glutenmenteschef.hu\/index.php\/2018\/04\/24\/pizza-glutenmentesen-rizslisztbol\/#primaryimage\",\"url\":\"http:\/\/blog.glutenmenteschef.hu\/wp-content\/uploads\/2018\/04\/pizza-13.jpg\",\"contentUrl\":\"http:\/\/blog.glutenmenteschef.hu\/wp-content\/uploads\/2018\/04\/pizza-13.jpg\",\"width\":1024,\"height\":768},{\"@type\":\"BreadcrumbList\",\"@id\":\"http:\/\/blog.glutenmenteschef.hu\/index.php\/2018\/04\/24\/pizza-glutenmentesen-rizslisztbol\/#breadcrumb\",\"itemListElement\":[{\"@type\":\"ListItem\",\"position\":1,\"name\":\"Home\",\"item\":\"https:\/\/blog.glutenmenteschef.hu\/\"},{\"@type\":\"ListItem\",\"position\":2,\"name\":\"PIZZA GLUT\u00c9NMENTESEN RIZSLISZTB\u0150L\"}]},{\"@type\":\"WebSite\",\"@id\":\"https:\/\/blog.glutenmenteschef.hu\/#website\",\"url\":\"https:\/\/blog.glutenmenteschef.hu\/\",\"name\":\"Glut\u00e9nmentes Chef blog - \u00c1tol Tibor\",\"description\":\"Glut\u00e9nmentes \u00e9telek, glut\u00e9nmentes receptek, glut\u00e9nmentes vide\u00f3k\",\"publisher\":{\"@id\":\"https:\/\/blog.glutenmenteschef.hu\/#\/schema\/person\/c07613f0b6c0f12f90b8cb23cf32754a\"},\"potentialAction\":[{\"@type\":\"SearchAction\",\"target\":{\"@type\":\"EntryPoint\",\"urlTemplate\":\"https:\/\/blog.glutenmenteschef.hu\/?s={search_term_string}\"},\"query-input\":{\"@type\":\"PropertyValueSpecification\",\"valueRequired\":true,\"valueName\":\"search_term_string\"}}],\"inLanguage\":\"hu\"},{\"@type\":[\"Person\",\"Organization\"],\"@id\":\"https:\/\/blog.glutenmenteschef.hu\/#\/schema\/person\/c07613f0b6c0f12f90b8cb23cf32754a\",\"name\":\"gmchef\",\"image\":{\"@type\":\"ImageObject\",\"inLanguage\":\"hu\",\"@id\":\"https:\/\/blog.glutenmenteschef.hu\/#\/schema\/person\/image\/\",\"url\":\"https:\/\/secure.gravatar.com\/avatar\/363a4977321cb6fa3321b7ac93139b68e56af77880ae9fd5a3b2e7a8279f6d74?s=96&d=mm&r=g\",\"contentUrl\":\"https:\/\/secure.gravatar.com\/avatar\/363a4977321cb6fa3321b7ac93139b68e56af77880ae9fd5a3b2e7a8279f6d74?s=96&d=mm&r=g\",\"caption\":\"gmchef\"},\"logo\":{\"@id\":\"https:\/\/blog.glutenmenteschef.hu\/#\/schema\/person\/image\/\"},\"sameAs\":[\"https:\/\/www.facebook.com\/aglutenmentessef\"]}]}<\/script>\n<!-- \/ Yoast SEO plugin. -->","yoast_head_json":{"title":"PIZZA GLUT\u00c9NMENTESEN RIZSLISZTB\u0150L &#8211; Glut\u00e9nmentes Chef blog - \u00c1tol Tibor","robots":{"index":"index","follow":"follow","max-snippet":"max-snippet:-1","max-image-preview":"max-image-preview:large","max-video-preview":"max-video-preview:-1"},"canonical":"http:\/\/blog.glutenmenteschef.hu\/index.php\/2018\/04\/24\/pizza-glutenmentesen-rizslisztbol\/","og_locale":"hu_HU","og_type":"article","og_title":"PIZZA GLUT\u00c9NMENTESEN RIZSLISZTB\u0150L &#8211; Glut\u00e9nmentes Chef blog - \u00c1tol Tibor","og_description":"Pizza glut\u00e9nmentesen rizslisztb\u0151l Pizza t\u00e9szta: 300 g rizsliszt7 g por\u00e9leszt\u01512 g s\u00f31 g cukor250 g v\u00edz4 g olaj5 g \u00fatif\u0171 magh\u00e9j A vizet meglangyos\u00edtjuk \u00e9s az \u00f6sszes t\u00f6bbi hozz\u00e1val\u00f3val legal\u00e1bb 10 percig dagasztjuk. Olajozott s\u00fct\u0151pap\u00edron, a pizzas\u00fct\u0151lappal megegyez\u0151 m\u00e9ret\u0171re nyomkodjuk k\u00e9zzel. A k\u00f6zep\u00e9t egy kicsit v\u00e9konyabbra ( 2-3 mm ), a sz\u00e9leit egy kicsit vastagabbra Read more...","og_url":"http:\/\/blog.glutenmenteschef.hu\/index.php\/2018\/04\/24\/pizza-glutenmentesen-rizslisztbol\/","og_site_name":"Glut\u00e9nmentes Chef blog - \u00c1tol Tibor","article_publisher":"https:\/\/www.facebook.com\/aglutenmentessef","article_author":"https:\/\/www.facebook.com\/aglutenmentessef","article_published_time":"2018-04-24T20:11:48+00:00","article_modified_time":"2021-11-09T14:52:51+00:00","og_image":[{"width":1024,"height":768,"url":"http:\/\/blog.glutenmenteschef.hu\/wp-content\/uploads\/2018\/04\/pizza-13.jpg","type":"image\/jpeg"}],"author":"gmchef","twitter_card":"summary_large_image","twitter_misc":{"Szerz\u0151:":"gmchef","Becs\u00fclt olvas\u00e1si id\u0151":"4 perc"},"schema":{"@context":"https:\/\/schema.org","@graph":[{"@type":"Article","@id":"http:\/\/blog.glutenmenteschef.hu\/index.php\/2018\/04\/24\/pizza-glutenmentesen-rizslisztbol\/#article","isPartOf":{"@id":"http:\/\/blog.glutenmenteschef.hu\/index.php\/2018\/04\/24\/pizza-glutenmentesen-rizslisztbol\/"},"author":{"name":"gmchef","@id":"https:\/\/blog.glutenmenteschef.hu\/#\/schema\/person\/c07613f0b6c0f12f90b8cb23cf32754a"},"headline":"PIZZA GLUT\u00c9NMENTESEN RIZSLISZTB\u0150L","datePublished":"2018-04-24T20:11:48+00:00","dateModified":"2021-11-09T14:52:51+00:00","mainEntityOfPage":{"@id":"http:\/\/blog.glutenmenteschef.hu\/index.php\/2018\/04\/24\/pizza-glutenmentesen-rizslisztbol\/"},"wordCount":616,"commentCount":0,"publisher":{"@id":"https:\/\/blog.glutenmenteschef.hu\/#\/schema\/person\/c07613f0b6c0f12f90b8cb23cf32754a"},"image":{"@id":"http:\/\/blog.glutenmenteschef.hu\/index.php\/2018\/04\/24\/pizza-glutenmentesen-rizslisztbol\/#primaryimage"},"thumbnailUrl":"http:\/\/blog.glutenmenteschef.hu\/wp-content\/uploads\/2018\/04\/pizza-13.jpg","keywords":["glut\u00e9nmentes","pizza","pizza glut\u00e9nmentesen","rizsliszt"],"articleSection":["F\u0151\u00e9telek","Rizslisztb\u0151l k\u00e9sz\u00edtettem","Toj\u00e1smentes receptek"],"inLanguage":"hu","potentialAction":[{"@type":"CommentAction","name":"Comment","target":["http:\/\/blog.glutenmenteschef.hu\/index.php\/2018\/04\/24\/pizza-glutenmentesen-rizslisztbol\/#respond"]}]},{"@type":"WebPage","@id":"http:\/\/blog.glutenmenteschef.hu\/index.php\/2018\/04\/24\/pizza-glutenmentesen-rizslisztbol\/","url":"http:\/\/blog.glutenmenteschef.hu\/index.php\/2018\/04\/24\/pizza-glutenmentesen-rizslisztbol\/","name":"PIZZA GLUT\u00c9NMENTESEN RIZSLISZTB\u0150L &#8211; Glut\u00e9nmentes Chef blog - \u00c1tol Tibor","isPartOf":{"@id":"https:\/\/blog.glutenmenteschef.hu\/#website"},"primaryImageOfPage":{"@id":"http:\/\/blog.glutenmenteschef.hu\/index.php\/2018\/04\/24\/pizza-glutenmentesen-rizslisztbol\/#primaryimage"},"image":{"@id":"http:\/\/blog.glutenmenteschef.hu\/index.php\/2018\/04\/24\/pizza-glutenmentesen-rizslisztbol\/#primaryimage"},"thumbnailUrl":"http:\/\/blog.glutenmenteschef.hu\/wp-content\/uploads\/2018\/04\/pizza-13.jpg","datePublished":"2018-04-24T20:11:48+00:00","dateModified":"2021-11-09T14:52:51+00:00","breadcrumb":{"@id":"http:\/\/blog.glutenmenteschef.hu\/index.php\/2018\/04\/24\/pizza-glutenmentesen-rizslisztbol\/#breadcrumb"},"inLanguage":"hu","potentialAction":[{"@type":"ReadAction","target":["http:\/\/blog.glutenmenteschef.hu\/index.php\/2018\/04\/24\/pizza-glutenmentesen-rizslisztbol\/"]}]},{"@type":"ImageObject","inLanguage":"hu","@id":"http:\/\/blog.glutenmenteschef.hu\/index.php\/2018\/04\/24\/pizza-glutenmentesen-rizslisztbol\/#primaryimage","url":"http:\/\/blog.glutenmenteschef.hu\/wp-content\/uploads\/2018\/04\/pizza-13.jpg","contentUrl":"http:\/\/blog.glutenmenteschef.hu\/wp-content\/uploads\/2018\/04\/pizza-13.jpg","width":1024,"height":768},{"@type":"BreadcrumbList","@id":"http:\/\/blog.glutenmenteschef.hu\/index.php\/2018\/04\/24\/pizza-glutenmentesen-rizslisztbol\/#breadcrumb","itemListElement":[{"@type":"ListItem","position":1,"name":"Home","item":"https:\/\/blog.glutenmenteschef.hu\/"},{"@type":"ListItem","position":2,"name":"PIZZA GLUT\u00c9NMENTESEN RIZSLISZTB\u0150L"}]},{"@type":"WebSite","@id":"https:\/\/blog.glutenmenteschef.hu\/#website","url":"https:\/\/blog.glutenmenteschef.hu\/","name":"Glut\u00e9nmentes Chef blog - \u00c1tol Tibor","description":"Glut\u00e9nmentes \u00e9telek, glut\u00e9nmentes receptek, glut\u00e9nmentes vide\u00f3k","publisher":{"@id":"https:\/\/blog.glutenmenteschef.hu\/#\/schema\/person\/c07613f0b6c0f12f90b8cb23cf32754a"},"potentialAction":[{"@type":"SearchAction","target":{"@type":"EntryPoint","urlTemplate":"https:\/\/blog.glutenmenteschef.hu\/?s={search_term_string}"},"query-input":{"@type":"PropertyValueSpecification","valueRequired":true,"valueName":"search_term_string"}}],"inLanguage":"hu"},{"@type":["Person","Organization"],"@id":"https:\/\/blog.glutenmenteschef.hu\/#\/schema\/person\/c07613f0b6c0f12f90b8cb23cf32754a","name":"gmchef","image":{"@type":"ImageObject","inLanguage":"hu","@id":"https:\/\/blog.glutenmenteschef.hu\/#\/schema\/person\/image\/","url":"https:\/\/secure.gravatar.com\/avatar\/363a4977321cb6fa3321b7ac93139b68e56af77880ae9fd5a3b2e7a8279f6d74?s=96&d=mm&r=g","contentUrl":"https:\/\/secure.gravatar.com\/avatar\/363a4977321cb6fa3321b7ac93139b68e56af77880ae9fd5a3b2e7a8279f6d74?s=96&d=mm&r=g","caption":"gmchef"},"logo":{"@id":"https:\/\/blog.glutenmenteschef.hu\/#\/schema\/person\/image\/"},"sameAs":["https:\/\/www.facebook.com\/aglutenmentessef"]}]}},"_links":{"self":[{"href":"http:\/\/blog.glutenmenteschef.hu\/index.php\/wp-json\/wp\/v2\/posts\/18756","targetHints":{"allow":["GET"]}}],"collection":[{"href":"http:\/\/blog.glutenmenteschef.hu\/index.php\/wp-json\/wp\/v2\/posts"}],"about":[{"href":"http:\/\/blog.glutenmenteschef.hu\/index.php\/wp-json\/wp\/v2\/types\/post"}],"author":[{"embeddable":true,"href":"http:\/\/blog.glutenmenteschef.hu\/index.php\/wp-json\/wp\/v2\/users\/1"}],"replies":[{"embeddable":true,"href":"http:\/\/blog.glutenmenteschef.hu\/index.php\/wp-json\/wp\/v2\/comments?post=18756"}],"version-history":[{"count":0,"href":"http:\/\/blog.glutenmenteschef.hu\/index.php\/wp-json\/wp\/v2\/posts\/18756\/revisions"}],"wp:featuredmedia":[{"embeddable":true,"href":"http:\/\/blog.glutenmenteschef.hu\/index.php\/wp-json\/wp\/v2\/media\/26749"}],"wp:attachment":[{"href":"http:\/\/blog.glutenmenteschef.hu\/index.php\/wp-json\/wp\/v2\/media?parent=18756"}],"wp:term":[{"taxonomy":"category","embeddable":true,"href":"http:\/\/blog.glutenmenteschef.hu\/index.php\/wp-json\/wp\/v2\/categories?post=18756"},{"taxonomy":"post_tag","embeddable":true,"href":"http:\/\/blog.glutenmenteschef.hu\/index.php\/wp-json\/wp\/v2\/tags?post=18756"}],"curies":[{"name":"wp","href":"https:\/\/api.w.org\/{rel}","templated":true}]}}