{"id":15853,"date":"2018-03-27T20:22:15","date_gmt":"2018-03-27T20:22:15","guid":{"rendered":"http:\/\/blog.glutenmenteschef.hu\/?p=15853"},"modified":"2018-03-29T08:09:52","modified_gmt":"2018-03-29T08:09:52","slug":"csoki-torta-glutenmentesen","status":"publish","type":"post","link":"http:\/\/blog.glutenmenteschef.hu\/index.php\/2018\/03\/27\/csoki-torta-glutenmentesen\/","title":{"rendered":"CSOKI TORTA GLUT\u00c9NMENTESEN"},"content":{"rendered":"<h2 style=\"text-align: center;\">Csoki torta glut\u00e9nmentesen<\/p>\n<p>23 cm-es tortaform\u00e1hoz<\/h2>\n<p>&nbsp;<\/p>\n<p><img loading=\"lazy\" decoding=\"async\" class=\"size-medium wp-image-15967 aligncenter\" src=\"http:\/\/blog.glutenmenteschef.hu\/wp-content\/uploads\/2018\/03\/csokitortao-7-300x225.jpg\" alt=\"\" width=\"300\" height=\"225\" srcset=\"http:\/\/blog.glutenmenteschef.hu\/wp-content\/uploads\/2018\/03\/csokitortao-7-300x225.jpg 300w, http:\/\/blog.glutenmenteschef.hu\/wp-content\/uploads\/2018\/03\/csokitortao-7-768x576.jpg 768w\" sizes=\"auto, (max-width: 300px) 100vw, 300px\" \/><\/p>\n<p>&nbsp;<\/p>\n<p style=\"text-align: center;\">Kaka\u00f3s pisk\u00f3ta:<br \/>\n6 db L-es m\u00e9ret\u0171 toj\u00e1s<br \/>\n120 g krist\u00e1lycukor<br \/>\n120 g rizsliszt<br \/>\n60 g kaka\u00f3por<br \/>\n5 g vaj a tortaforma kiken\u00e9s\u00e9hez<\/p>\n<p>&nbsp;<\/p>\n<p><img loading=\"lazy\" decoding=\"async\" class=\"size-medium wp-image-15968 aligncenter\" src=\"http:\/\/blog.glutenmenteschef.hu\/wp-content\/uploads\/2018\/03\/csokitortao-13-300x225.jpg\" alt=\"\" width=\"300\" height=\"225\" srcset=\"http:\/\/blog.glutenmenteschef.hu\/wp-content\/uploads\/2018\/03\/csokitortao-13-300x225.jpg 300w, http:\/\/blog.glutenmenteschef.hu\/wp-content\/uploads\/2018\/03\/csokitortao-13-768x576.jpg 768w\" sizes=\"auto, (max-width: 300px) 100vw, 300px\" \/><\/p>\n<p>&nbsp;<\/p>\n<p style=\"text-align: center;\">Csoki kr\u00e9m:<br \/>\n250 g 70%-os \u00e9tcsoki<br \/>\n750 ml habtejsz\u00edn<br \/>\n100 g porcukor<\/p>\n<p>&nbsp;<\/p>\n<p><img loading=\"lazy\" decoding=\"async\" class=\"size-medium wp-image-15971 aligncenter\" src=\"http:\/\/blog.glutenmenteschef.hu\/wp-content\/uploads\/2018\/03\/csokitorta-5-300x225.jpg\" alt=\"\" width=\"300\" height=\"225\" srcset=\"http:\/\/blog.glutenmenteschef.hu\/wp-content\/uploads\/2018\/03\/csokitorta-5-300x225.jpg 300w, http:\/\/blog.glutenmenteschef.hu\/wp-content\/uploads\/2018\/03\/csokitorta-5-768x576.jpg 768w\" sizes=\"auto, (max-width: 300px) 100vw, 300px\" \/><\/p>\n<p>&nbsp;<\/p>\n<p>A kr\u00e9m elk\u00e9sz\u00edt\u00e9se:<br \/>\nA csokol\u00e1d\u00e9t apr\u00f3ra t\u00f6rj\u00fck. A habtejsz\u00ednt a cukorral forr\u00e1spontig kevergetve meleg\u00edtj\u00fck, majd kis adagokban a csokol\u00e1d\u00e9ra \u00f6ntj\u00fck folyamatos keverget\u00e9s mellett. Mikor egynem\u0171 lett, folpackkal lefedve, h\u0171t\u0151szekr\u00e9nyben, legal\u00e1bb 6 \u00f3r\u00e1t pihentetj\u00fck. Pihentet\u00e9s\u00a0ut\u00e1n g\u00e9p seg\u00edts\u00e9g\u00e9vel k\u00f6zepes fokozaton habb\u00e1 verj\u00fck.<br \/>\n!! Ha t\u00falverj\u00fck, kicsap\u00f3dik \u00e9s csokis vaj lesz bel\u0151le !!<\/p>\n<p>A kaka\u00f3s pisk\u00f3ta elk\u00e9sz\u00edt\u00e9se:<br \/>\nA kaka\u00f3port \u00e9s a rizslisztet \u00f6sszekeverj\u00fck, majd \u00e1tszit\u00e1ljuk. A toj\u00e1sokat a cukorral kihabos\u00edtjuk, addig, am\u00edg a habver\u0151t kiemelve cs\u00facsos habot nem kapunk. Majd laza mozdulatokkal beleforgatjuk a r\u00e1szit\u00e1lt kaka\u00f3s lisztet.<br \/>\nA vajjal kikent tortaform\u00e1ba \u00f6ntj\u00fck a massz\u00e1t\u00a0 \u00e9s 140 fokos s\u00fct\u0151ben, als\u00f3-fels\u0151 s\u00fct\u00e9si m\u00f3dozaton k\u00e9szre s\u00fctj\u00fck. ( t\u0171pr\u00f3b\u00e1val ellen\u0151rizz\u00fck )<\/p>\n<p>A torta \u00f6ssze\u00e1ll\u00edt\u00e1sa:<br \/>\n1.) A kih\u0171lt pisk\u00f3t\u00e1t kett\u0151be vagy h\u00e1romba v\u00e1gjuk \u00e9s a lapok k\u00f6zti r\u00e9szt megkenj\u00fck a csokol\u00e1d\u00e9 kr\u00e9m 70 %-val. A marad\u00e9k 30 % kr\u00e9mmel a torta tetej\u00e9t \u00e9s oldal\u00e1t vonjuk be, majd a szilikonos spatula seg\u00edts\u00e9g\u00e9vel rusztikus kin\u00e9zet\u0171re &#8222;paskoljuk&#8221;. Ezut\u00e1n h\u0171t\u0151ben legal\u00e1bb 1 \u00f3ra hossz\u00e1t pihentetj\u00fck.<\/p>\n<p>2.) Belet\u00f6lthetj\u00fck az \u00f6sszes kr\u00e9met is, akkor ezzel a csokim\u00e1zzal vonjuk be. A k\u00e9pen l\u00e9v\u0151 tort\u00e1m is \u00edgy k\u00e9sz\u00fclt.<\/p>\n<p style=\"text-align: center;\">Csokim\u00e1z a tetej\u00e9re:<br \/>\n100 g \u00e9tcsokol\u00e1d\u00e9<br \/>\n60 g porcukor<br \/>\n100 ml v\u00edz<\/p>\n<p>Az \u00e9tcsokol\u00e1d\u00e9t a v\u00edzzel \u00e9s a porcukorral v\u00edzg\u0151z felett megolvasztjuk.<br \/>\nA kr\u00e9mmel bet\u00f6lt\u00f6tt tort\u00e1t r\u00e1csra tessz\u00fck, al\u00e1 egy tepsit \u00e9s a csokol\u00e1d\u00e9m\u00e1zat egyenletesen a tetej\u00e9re csorgatjuk. Ha nem el\u00e9g vastag a r\u00e9teg, a tepsibe folyt csokol\u00e1d\u00e9t<br \/>\n\u00f6sszegy\u0171jtve, azt v\u00edzg\u0151z felett felolvaszthatjuk \u00e9s \u00fajabb r\u00e9teggel vonhatjuk be a tort\u00e1nkat.<br \/>\n!! A csokol\u00e1d\u00e9t, ha 55 fok f\u00f6l\u00e9 meleg\u00edtj\u00fck, kicsap\u00f3dik \u00e9s t\u00f6nkremegy!!<\/p>\n<p>&nbsp;<\/p>\n<p><img loading=\"lazy\" decoding=\"async\" class=\"size-medium wp-image-15970 aligncenter\" src=\"http:\/\/blog.glutenmenteschef.hu\/wp-content\/uploads\/2018\/03\/csokitorta-3-300x225.jpg\" alt=\"\" width=\"300\" height=\"225\" srcset=\"http:\/\/blog.glutenmenteschef.hu\/wp-content\/uploads\/2018\/03\/csokitorta-3-300x225.jpg 300w, http:\/\/blog.glutenmenteschef.hu\/wp-content\/uploads\/2018\/03\/csokitorta-3-768x576.jpg 768w\" sizes=\"auto, (max-width: 300px) 100vw, 300px\" \/><\/p>\n<p>&nbsp;<\/p>\n<p><img loading=\"lazy\" decoding=\"async\" class=\"size-medium wp-image-15972 aligncenter\" src=\"http:\/\/blog.glutenmenteschef.hu\/wp-content\/uploads\/2018\/03\/csokitortao-12-300x225.jpg\" alt=\"\" width=\"300\" height=\"225\" srcset=\"http:\/\/blog.glutenmenteschef.hu\/wp-content\/uploads\/2018\/03\/csokitortao-12-300x225.jpg 300w, http:\/\/blog.glutenmenteschef.hu\/wp-content\/uploads\/2018\/03\/csokitortao-12-768x576.jpg 768w\" sizes=\"auto, (max-width: 300px) 100vw, 300px\" \/><\/p>\n<p>&nbsp;<\/p>\n<p>&nbsp;<\/p>\n<p>&nbsp;<\/p>\n<p>&nbsp;<\/p>\n","protected":false},"excerpt":{"rendered":"<p>Csoki torta glut\u00e9nmentesen 23 cm-es tortaform\u00e1hoz &nbsp; &nbsp; Kaka\u00f3s pisk\u00f3ta: 6 db L-es m\u00e9ret\u0171 toj\u00e1s 120 g krist\u00e1lycukor 120 g rizsliszt 60 g kaka\u00f3por 5 g vaj a tortaforma kiken\u00e9s\u00e9hez &nbsp; &nbsp; Csoki kr\u00e9m: 250 g 70%-os \u00e9tcsoki 750 ml habtejsz\u00edn 100 g porcukor &nbsp; &nbsp; A kr\u00e9m elk\u00e9sz\u00edt\u00e9se: A csokol\u00e1d\u00e9t apr\u00f3ra t\u00f6rj\u00fck. A habtejsz\u00ednt <br \/><a class=\"more\" href=\"http:\/\/blog.glutenmenteschef.hu\/index.php\/2018\/03\/27\/csoki-torta-glutenmentesen\/\">Read more&#8230; <\/a><\/p>\n","protected":false},"author":1,"featured_media":15973,"comment_status":"open","ping_status":"open","sticky":false,"template":"","format":"standard","meta":{"footnotes":""},"categories":[335,230],"tags":[62,5,354,190,355],"class_list":["post-15853","post","type-post","status-publish","format-standard","has-post-thumbnail","hentry","category-rizslisztbol-keszitettem","category-torta","tag-csoki-torta","tag-glutenmentes","tag-kakaos-piskota","tag-rizsliszt","tag-rizslisztes-piskota"],"yoast_head":"<!-- This site is optimized with the Yoast SEO plugin v26.5 - https:\/\/yoast.com\/wordpress\/plugins\/seo\/ -->\n<title>CSOKI TORTA GLUT\u00c9NMENTESEN &#8211; Glut\u00e9nmentes Chef blog - \u00c1tol Tibor<\/title>\n<meta name=\"robots\" content=\"index, follow, max-snippet:-1, max-image-preview:large, max-video-preview:-1\" \/>\n<link rel=\"canonical\" href=\"http:\/\/blog.glutenmenteschef.hu\/index.php\/2018\/03\/27\/csoki-torta-glutenmentesen\/\" \/>\n<meta property=\"og:locale\" content=\"hu_HU\" \/>\n<meta property=\"og:type\" content=\"article\" \/>\n<meta property=\"og:title\" content=\"CSOKI TORTA GLUT\u00c9NMENTESEN &#8211; Glut\u00e9nmentes Chef blog - \u00c1tol Tibor\" \/>\n<meta property=\"og:description\" content=\"Csoki torta glut\u00e9nmentesen 23 cm-es tortaform\u00e1hoz &nbsp; &nbsp; Kaka\u00f3s pisk\u00f3ta: 6 db L-es m\u00e9ret\u0171 toj\u00e1s 120 g krist\u00e1lycukor 120 g rizsliszt 60 g kaka\u00f3por 5 g vaj a tortaforma kiken\u00e9s\u00e9hez &nbsp; &nbsp; Csoki kr\u00e9m: 250 g 70%-os \u00e9tcsoki 750 ml habtejsz\u00edn 100 g porcukor &nbsp; &nbsp; A kr\u00e9m elk\u00e9sz\u00edt\u00e9se: A csokol\u00e1d\u00e9t apr\u00f3ra t\u00f6rj\u00fck. A habtejsz\u00ednt Read more...\" \/>\n<meta property=\"og:url\" content=\"http:\/\/blog.glutenmenteschef.hu\/index.php\/2018\/03\/27\/csoki-torta-glutenmentesen\/\" \/>\n<meta property=\"og:site_name\" content=\"Glut\u00e9nmentes Chef blog - \u00c1tol Tibor\" \/>\n<meta property=\"article:publisher\" content=\"https:\/\/www.facebook.com\/aglutenmentessef\" \/>\n<meta property=\"article:author\" content=\"https:\/\/www.facebook.com\/aglutenmentessef\" \/>\n<meta property=\"article:published_time\" content=\"2018-03-27T20:22:15+00:00\" \/>\n<meta property=\"article:modified_time\" content=\"2018-03-29T08:09:52+00:00\" \/>\n<meta property=\"og:image\" content=\"http:\/\/blog.glutenmenteschef.hu\/wp-content\/uploads\/2018\/03\/csokitortao-11-e1522181793677.jpg\" \/>\n\t<meta property=\"og:image:width\" content=\"1024\" \/>\n\t<meta property=\"og:image:height\" content=\"768\" \/>\n\t<meta property=\"og:image:type\" content=\"image\/jpeg\" \/>\n<meta name=\"author\" content=\"gmchef\" \/>\n<meta name=\"twitter:card\" content=\"summary_large_image\" \/>\n<meta name=\"twitter:label1\" content=\"Szerz\u0151:\" \/>\n\t<meta name=\"twitter:data1\" content=\"gmchef\" \/>\n\t<meta name=\"twitter:label2\" content=\"Becs\u00fclt olvas\u00e1si id\u0151\" \/>\n\t<meta name=\"twitter:data2\" content=\"2 perc\" \/>\n<script type=\"application\/ld+json\" class=\"yoast-schema-graph\">{\"@context\":\"https:\/\/schema.org\",\"@graph\":[{\"@type\":\"Article\",\"@id\":\"http:\/\/blog.glutenmenteschef.hu\/index.php\/2018\/03\/27\/csoki-torta-glutenmentesen\/#article\",\"isPartOf\":{\"@id\":\"http:\/\/blog.glutenmenteschef.hu\/index.php\/2018\/03\/27\/csoki-torta-glutenmentesen\/\"},\"author\":{\"name\":\"gmchef\",\"@id\":\"https:\/\/blog.glutenmenteschef.hu\/#\/schema\/person\/c07613f0b6c0f12f90b8cb23cf32754a\"},\"headline\":\"CSOKI TORTA GLUT\u00c9NMENTESEN\",\"datePublished\":\"2018-03-27T20:22:15+00:00\",\"dateModified\":\"2018-03-29T08:09:52+00:00\",\"mainEntityOfPage\":{\"@id\":\"http:\/\/blog.glutenmenteschef.hu\/index.php\/2018\/03\/27\/csoki-torta-glutenmentesen\/\"},\"wordCount\":427,\"commentCount\":0,\"publisher\":{\"@id\":\"https:\/\/blog.glutenmenteschef.hu\/#\/schema\/person\/c07613f0b6c0f12f90b8cb23cf32754a\"},\"image\":{\"@id\":\"http:\/\/blog.glutenmenteschef.hu\/index.php\/2018\/03\/27\/csoki-torta-glutenmentesen\/#primaryimage\"},\"thumbnailUrl\":\"http:\/\/blog.glutenmenteschef.hu\/wp-content\/uploads\/2018\/03\/csokitortao-11-e1522181793677.jpg\",\"keywords\":[\"csoki torta\",\"glut\u00e9nmentes\",\"kaka\u00f3s pisk\u00f3ta\",\"rizsliszt\",\"rizslisztes pisk\u00f3ta\"],\"articleSection\":[\"Rizslisztb\u0151l k\u00e9sz\u00edtettem\",\"Torta\"],\"inLanguage\":\"hu\",\"potentialAction\":[{\"@type\":\"CommentAction\",\"name\":\"Comment\",\"target\":[\"http:\/\/blog.glutenmenteschef.hu\/index.php\/2018\/03\/27\/csoki-torta-glutenmentesen\/#respond\"]}]},{\"@type\":\"WebPage\",\"@id\":\"http:\/\/blog.glutenmenteschef.hu\/index.php\/2018\/03\/27\/csoki-torta-glutenmentesen\/\",\"url\":\"http:\/\/blog.glutenmenteschef.hu\/index.php\/2018\/03\/27\/csoki-torta-glutenmentesen\/\",\"name\":\"CSOKI TORTA GLUT\u00c9NMENTESEN &#8211; Glut\u00e9nmentes Chef blog - \u00c1tol Tibor\",\"isPartOf\":{\"@id\":\"https:\/\/blog.glutenmenteschef.hu\/#website\"},\"primaryImageOfPage\":{\"@id\":\"http:\/\/blog.glutenmenteschef.hu\/index.php\/2018\/03\/27\/csoki-torta-glutenmentesen\/#primaryimage\"},\"image\":{\"@id\":\"http:\/\/blog.glutenmenteschef.hu\/index.php\/2018\/03\/27\/csoki-torta-glutenmentesen\/#primaryimage\"},\"thumbnailUrl\":\"http:\/\/blog.glutenmenteschef.hu\/wp-content\/uploads\/2018\/03\/csokitortao-11-e1522181793677.jpg\",\"datePublished\":\"2018-03-27T20:22:15+00:00\",\"dateModified\":\"2018-03-29T08:09:52+00:00\",\"breadcrumb\":{\"@id\":\"http:\/\/blog.glutenmenteschef.hu\/index.php\/2018\/03\/27\/csoki-torta-glutenmentesen\/#breadcrumb\"},\"inLanguage\":\"hu\",\"potentialAction\":[{\"@type\":\"ReadAction\",\"target\":[\"http:\/\/blog.glutenmenteschef.hu\/index.php\/2018\/03\/27\/csoki-torta-glutenmentesen\/\"]}]},{\"@type\":\"ImageObject\",\"inLanguage\":\"hu\",\"@id\":\"http:\/\/blog.glutenmenteschef.hu\/index.php\/2018\/03\/27\/csoki-torta-glutenmentesen\/#primaryimage\",\"url\":\"http:\/\/blog.glutenmenteschef.hu\/wp-content\/uploads\/2018\/03\/csokitortao-11-e1522181793677.jpg\",\"contentUrl\":\"http:\/\/blog.glutenmenteschef.hu\/wp-content\/uploads\/2018\/03\/csokitortao-11-e1522181793677.jpg\",\"width\":1024,\"height\":768},{\"@type\":\"BreadcrumbList\",\"@id\":\"http:\/\/blog.glutenmenteschef.hu\/index.php\/2018\/03\/27\/csoki-torta-glutenmentesen\/#breadcrumb\",\"itemListElement\":[{\"@type\":\"ListItem\",\"position\":1,\"name\":\"Home\",\"item\":\"https:\/\/blog.glutenmenteschef.hu\/\"},{\"@type\":\"ListItem\",\"position\":2,\"name\":\"CSOKI TORTA GLUT\u00c9NMENTESEN\"}]},{\"@type\":\"WebSite\",\"@id\":\"https:\/\/blog.glutenmenteschef.hu\/#website\",\"url\":\"https:\/\/blog.glutenmenteschef.hu\/\",\"name\":\"Glut\u00e9nmentes Chef blog - \u00c1tol Tibor\",\"description\":\"Glut\u00e9nmentes \u00e9telek, glut\u00e9nmentes receptek, glut\u00e9nmentes vide\u00f3k\",\"publisher\":{\"@id\":\"https:\/\/blog.glutenmenteschef.hu\/#\/schema\/person\/c07613f0b6c0f12f90b8cb23cf32754a\"},\"potentialAction\":[{\"@type\":\"SearchAction\",\"target\":{\"@type\":\"EntryPoint\",\"urlTemplate\":\"https:\/\/blog.glutenmenteschef.hu\/?s={search_term_string}\"},\"query-input\":{\"@type\":\"PropertyValueSpecification\",\"valueRequired\":true,\"valueName\":\"search_term_string\"}}],\"inLanguage\":\"hu\"},{\"@type\":[\"Person\",\"Organization\"],\"@id\":\"https:\/\/blog.glutenmenteschef.hu\/#\/schema\/person\/c07613f0b6c0f12f90b8cb23cf32754a\",\"name\":\"gmchef\",\"image\":{\"@type\":\"ImageObject\",\"inLanguage\":\"hu\",\"@id\":\"https:\/\/blog.glutenmenteschef.hu\/#\/schema\/person\/image\/\",\"url\":\"https:\/\/secure.gravatar.com\/avatar\/363a4977321cb6fa3321b7ac93139b68e56af77880ae9fd5a3b2e7a8279f6d74?s=96&d=mm&r=g\",\"contentUrl\":\"https:\/\/secure.gravatar.com\/avatar\/363a4977321cb6fa3321b7ac93139b68e56af77880ae9fd5a3b2e7a8279f6d74?s=96&d=mm&r=g\",\"caption\":\"gmchef\"},\"logo\":{\"@id\":\"https:\/\/blog.glutenmenteschef.hu\/#\/schema\/person\/image\/\"},\"sameAs\":[\"https:\/\/www.facebook.com\/aglutenmentessef\"]}]}<\/script>\n<!-- \/ Yoast SEO plugin. -->","yoast_head_json":{"title":"CSOKI TORTA GLUT\u00c9NMENTESEN &#8211; Glut\u00e9nmentes Chef blog - \u00c1tol Tibor","robots":{"index":"index","follow":"follow","max-snippet":"max-snippet:-1","max-image-preview":"max-image-preview:large","max-video-preview":"max-video-preview:-1"},"canonical":"http:\/\/blog.glutenmenteschef.hu\/index.php\/2018\/03\/27\/csoki-torta-glutenmentesen\/","og_locale":"hu_HU","og_type":"article","og_title":"CSOKI TORTA GLUT\u00c9NMENTESEN &#8211; Glut\u00e9nmentes Chef blog - \u00c1tol Tibor","og_description":"Csoki torta glut\u00e9nmentesen 23 cm-es tortaform\u00e1hoz &nbsp; &nbsp; Kaka\u00f3s pisk\u00f3ta: 6 db L-es m\u00e9ret\u0171 toj\u00e1s 120 g krist\u00e1lycukor 120 g rizsliszt 60 g kaka\u00f3por 5 g vaj a tortaforma kiken\u00e9s\u00e9hez &nbsp; &nbsp; Csoki kr\u00e9m: 250 g 70%-os \u00e9tcsoki 750 ml habtejsz\u00edn 100 g porcukor &nbsp; &nbsp; A kr\u00e9m elk\u00e9sz\u00edt\u00e9se: A csokol\u00e1d\u00e9t apr\u00f3ra t\u00f6rj\u00fck. A habtejsz\u00ednt Read more...","og_url":"http:\/\/blog.glutenmenteschef.hu\/index.php\/2018\/03\/27\/csoki-torta-glutenmentesen\/","og_site_name":"Glut\u00e9nmentes Chef blog - \u00c1tol Tibor","article_publisher":"https:\/\/www.facebook.com\/aglutenmentessef","article_author":"https:\/\/www.facebook.com\/aglutenmentessef","article_published_time":"2018-03-27T20:22:15+00:00","article_modified_time":"2018-03-29T08:09:52+00:00","og_image":[{"width":1024,"height":768,"url":"http:\/\/blog.glutenmenteschef.hu\/wp-content\/uploads\/2018\/03\/csokitortao-11-e1522181793677.jpg","type":"image\/jpeg"}],"author":"gmchef","twitter_card":"summary_large_image","twitter_misc":{"Szerz\u0151:":"gmchef","Becs\u00fclt olvas\u00e1si id\u0151":"2 perc"},"schema":{"@context":"https:\/\/schema.org","@graph":[{"@type":"Article","@id":"http:\/\/blog.glutenmenteschef.hu\/index.php\/2018\/03\/27\/csoki-torta-glutenmentesen\/#article","isPartOf":{"@id":"http:\/\/blog.glutenmenteschef.hu\/index.php\/2018\/03\/27\/csoki-torta-glutenmentesen\/"},"author":{"name":"gmchef","@id":"https:\/\/blog.glutenmenteschef.hu\/#\/schema\/person\/c07613f0b6c0f12f90b8cb23cf32754a"},"headline":"CSOKI TORTA GLUT\u00c9NMENTESEN","datePublished":"2018-03-27T20:22:15+00:00","dateModified":"2018-03-29T08:09:52+00:00","mainEntityOfPage":{"@id":"http:\/\/blog.glutenmenteschef.hu\/index.php\/2018\/03\/27\/csoki-torta-glutenmentesen\/"},"wordCount":427,"commentCount":0,"publisher":{"@id":"https:\/\/blog.glutenmenteschef.hu\/#\/schema\/person\/c07613f0b6c0f12f90b8cb23cf32754a"},"image":{"@id":"http:\/\/blog.glutenmenteschef.hu\/index.php\/2018\/03\/27\/csoki-torta-glutenmentesen\/#primaryimage"},"thumbnailUrl":"http:\/\/blog.glutenmenteschef.hu\/wp-content\/uploads\/2018\/03\/csokitortao-11-e1522181793677.jpg","keywords":["csoki torta","glut\u00e9nmentes","kaka\u00f3s pisk\u00f3ta","rizsliszt","rizslisztes pisk\u00f3ta"],"articleSection":["Rizslisztb\u0151l k\u00e9sz\u00edtettem","Torta"],"inLanguage":"hu","potentialAction":[{"@type":"CommentAction","name":"Comment","target":["http:\/\/blog.glutenmenteschef.hu\/index.php\/2018\/03\/27\/csoki-torta-glutenmentesen\/#respond"]}]},{"@type":"WebPage","@id":"http:\/\/blog.glutenmenteschef.hu\/index.php\/2018\/03\/27\/csoki-torta-glutenmentesen\/","url":"http:\/\/blog.glutenmenteschef.hu\/index.php\/2018\/03\/27\/csoki-torta-glutenmentesen\/","name":"CSOKI TORTA GLUT\u00c9NMENTESEN &#8211; Glut\u00e9nmentes Chef blog - \u00c1tol Tibor","isPartOf":{"@id":"https:\/\/blog.glutenmenteschef.hu\/#website"},"primaryImageOfPage":{"@id":"http:\/\/blog.glutenmenteschef.hu\/index.php\/2018\/03\/27\/csoki-torta-glutenmentesen\/#primaryimage"},"image":{"@id":"http:\/\/blog.glutenmenteschef.hu\/index.php\/2018\/03\/27\/csoki-torta-glutenmentesen\/#primaryimage"},"thumbnailUrl":"http:\/\/blog.glutenmenteschef.hu\/wp-content\/uploads\/2018\/03\/csokitortao-11-e1522181793677.jpg","datePublished":"2018-03-27T20:22:15+00:00","dateModified":"2018-03-29T08:09:52+00:00","breadcrumb":{"@id":"http:\/\/blog.glutenmenteschef.hu\/index.php\/2018\/03\/27\/csoki-torta-glutenmentesen\/#breadcrumb"},"inLanguage":"hu","potentialAction":[{"@type":"ReadAction","target":["http:\/\/blog.glutenmenteschef.hu\/index.php\/2018\/03\/27\/csoki-torta-glutenmentesen\/"]}]},{"@type":"ImageObject","inLanguage":"hu","@id":"http:\/\/blog.glutenmenteschef.hu\/index.php\/2018\/03\/27\/csoki-torta-glutenmentesen\/#primaryimage","url":"http:\/\/blog.glutenmenteschef.hu\/wp-content\/uploads\/2018\/03\/csokitortao-11-e1522181793677.jpg","contentUrl":"http:\/\/blog.glutenmenteschef.hu\/wp-content\/uploads\/2018\/03\/csokitortao-11-e1522181793677.jpg","width":1024,"height":768},{"@type":"BreadcrumbList","@id":"http:\/\/blog.glutenmenteschef.hu\/index.php\/2018\/03\/27\/csoki-torta-glutenmentesen\/#breadcrumb","itemListElement":[{"@type":"ListItem","position":1,"name":"Home","item":"https:\/\/blog.glutenmenteschef.hu\/"},{"@type":"ListItem","position":2,"name":"CSOKI TORTA GLUT\u00c9NMENTESEN"}]},{"@type":"WebSite","@id":"https:\/\/blog.glutenmenteschef.hu\/#website","url":"https:\/\/blog.glutenmenteschef.hu\/","name":"Glut\u00e9nmentes Chef blog - \u00c1tol Tibor","description":"Glut\u00e9nmentes \u00e9telek, glut\u00e9nmentes receptek, glut\u00e9nmentes vide\u00f3k","publisher":{"@id":"https:\/\/blog.glutenmenteschef.hu\/#\/schema\/person\/c07613f0b6c0f12f90b8cb23cf32754a"},"potentialAction":[{"@type":"SearchAction","target":{"@type":"EntryPoint","urlTemplate":"https:\/\/blog.glutenmenteschef.hu\/?s={search_term_string}"},"query-input":{"@type":"PropertyValueSpecification","valueRequired":true,"valueName":"search_term_string"}}],"inLanguage":"hu"},{"@type":["Person","Organization"],"@id":"https:\/\/blog.glutenmenteschef.hu\/#\/schema\/person\/c07613f0b6c0f12f90b8cb23cf32754a","name":"gmchef","image":{"@type":"ImageObject","inLanguage":"hu","@id":"https:\/\/blog.glutenmenteschef.hu\/#\/schema\/person\/image\/","url":"https:\/\/secure.gravatar.com\/avatar\/363a4977321cb6fa3321b7ac93139b68e56af77880ae9fd5a3b2e7a8279f6d74?s=96&d=mm&r=g","contentUrl":"https:\/\/secure.gravatar.com\/avatar\/363a4977321cb6fa3321b7ac93139b68e56af77880ae9fd5a3b2e7a8279f6d74?s=96&d=mm&r=g","caption":"gmchef"},"logo":{"@id":"https:\/\/blog.glutenmenteschef.hu\/#\/schema\/person\/image\/"},"sameAs":["https:\/\/www.facebook.com\/aglutenmentessef"]}]}},"_links":{"self":[{"href":"http:\/\/blog.glutenmenteschef.hu\/index.php\/wp-json\/wp\/v2\/posts\/15853","targetHints":{"allow":["GET"]}}],"collection":[{"href":"http:\/\/blog.glutenmenteschef.hu\/index.php\/wp-json\/wp\/v2\/posts"}],"about":[{"href":"http:\/\/blog.glutenmenteschef.hu\/index.php\/wp-json\/wp\/v2\/types\/post"}],"author":[{"embeddable":true,"href":"http:\/\/blog.glutenmenteschef.hu\/index.php\/wp-json\/wp\/v2\/users\/1"}],"replies":[{"embeddable":true,"href":"http:\/\/blog.glutenmenteschef.hu\/index.php\/wp-json\/wp\/v2\/comments?post=15853"}],"version-history":[{"count":0,"href":"http:\/\/blog.glutenmenteschef.hu\/index.php\/wp-json\/wp\/v2\/posts\/15853\/revisions"}],"wp:featuredmedia":[{"embeddable":true,"href":"http:\/\/blog.glutenmenteschef.hu\/index.php\/wp-json\/wp\/v2\/media\/15973"}],"wp:attachment":[{"href":"http:\/\/blog.glutenmenteschef.hu\/index.php\/wp-json\/wp\/v2\/media?parent=15853"}],"wp:term":[{"taxonomy":"category","embeddable":true,"href":"http:\/\/blog.glutenmenteschef.hu\/index.php\/wp-json\/wp\/v2\/categories?post=15853"},{"taxonomy":"post_tag","embeddable":true,"href":"http:\/\/blog.glutenmenteschef.hu\/index.php\/wp-json\/wp\/v2\/tags?post=15853"}],"curies":[{"name":"wp","href":"https:\/\/api.w.org\/{rel}","templated":true}]}}