{"id":154,"date":"2017-03-16T20:44:48","date_gmt":"2017-03-16T20:44:48","guid":{"rendered":"http:\/\/blog.glutenmenteschef.hu\/?p=154"},"modified":"2023-06-15T08:28:07","modified_gmt":"2023-06-15T08:28:07","slug":"linzer-karika-rizslisztbol","status":"publish","type":"post","link":"http:\/\/blog.glutenmenteschef.hu\/index.php\/2017\/03\/16\/linzer-karika-rizslisztbol\/","title":{"rendered":"GLUT\u00c9NMENTES LINZER RIZSLISZTB\u0150L"},"content":{"rendered":"\n<p><span class=\"fbPhotosPhotoCaption\" tabindex=\"0\" data-ft=\"{&quot;tn&quot;:&quot;K&quot;}\"><span class=\"hasCaption\">&nbsp;<\/span><\/span><\/p>\n\n\n\n<h3 class=\"has-text-align-center wp-block-heading\"><strong>Glut\u00e9nmentes linzer rizslisztb\u0151l<\/strong><br><br><br><\/h3>\n\n\n\n<p>Sokszor olvasom, hogy<strong> &#8222;sz\u00e1raz, fojt\u00f3s, porlik&#8221;<\/strong> vagy \u00e9ppen <strong>&#8222;vizes-homokszer\u0171&#8221;<\/strong> a rizslisztb\u0151l k\u00e9sz\u00fclt glut\u00e9nmentes linzer vagy pite. B\u00e1r az alapanyagok ar\u00e1nyai ( 3 r\u00e9sz liszt : 2 r\u00e9sz vaj \/ zsirad\u00e9k : 1 r\u00e9sz cukor ) ugyanazok, mint a b\u00fazalisztes receptben, <strong>DE!<\/strong> ez m\u00e9gis csak rizsliszt, amiben nincs glut\u00e9n \u00e9s sokkal kisebb a nedvess\u00e9gmegtart\u00f3 k\u00e9pess\u00e9ge is. Ez\u00e9rt m\u00e1r 1 perc t\u00fals\u00fct\u00e9st\u0151l is kisz\u00e1radhat \u00e9s sz\u00e1raz, fojt\u00f3s lesz. Ha vizes, homokszer\u0171 a t\u00e9szt\u00e1nk \u00e1llaga, akkor nem s\u00fclt \u00e1t. <br><strong>Teh\u00e1t, sokkal t\u00f6bb odafigyel\u00e9st ig\u00e9nyel a k\u00e9sz\u00edt\u00e9se. <\/strong><br>Ha nem tartjuk be a receptben le\u00edrtakat ( t\u00e9sztavastags\u00e1g, s\u00fct\u00e9si h\u0151fok, id\u0151, m\u00f3dozat ) j\u00f3 es\u00e9llyel a fenti jelz\u0151kkel illethetj\u00fck a v\u00e9geredm\u00e9nyt. Viszont, aki betartja, az \u00edz\u00e9ben, \u00e1llag\u00e1ban \u00e9s kin\u00e9zet\u00e9ben is hib\u00e1tlan linzerre sz\u00e1m\u00edthat. <br><br><br><\/p>\n\n\n\n<div class=\"wp-block-image\"><figure class=\"aligncenter size-full is-resized\"><img loading=\"lazy\" decoding=\"async\" src=\"https:\/\/blog.glutenmenteschef.hu\/wp-content\/uploads\/2022\/09\/Linzer-13.jpg\" alt=\"\" class=\"wp-image-30129\" width=\"512\" height=\"635\" srcset=\"http:\/\/blog.glutenmenteschef.hu\/wp-content\/uploads\/2022\/09\/Linzer-13.jpg 1024w, http:\/\/blog.glutenmenteschef.hu\/wp-content\/uploads\/2022\/09\/Linzer-13-242x300.jpg 242w, http:\/\/blog.glutenmenteschef.hu\/wp-content\/uploads\/2022\/09\/Linzer-13-768x953.jpg 768w\" sizes=\"auto, (max-width: 512px) 100vw, 512px\" \/><figcaption>linzer rizslisztb\u0151l glut\u00e9nmentesen<\/figcaption><\/figure><\/div>\n\n\n\n<h5 class=\"has-text-align-center wp-block-heading\"><br><br><br><strong>Hozz\u00e1val\u00f3k:<\/strong><\/h5>\n\n\n\n<p class=\"has-text-align-center\">30 dkg rizsliszt<br>20 dkg vaj<br>10 dkg krist\u00e1lycukor <span class=\"text_exposed_show\"><br>1 db toj\u00e1s<\/span> <br>( L-es m\u00e9ret, 60-65 g )<\/p>\n\n\n\n<p class=\"has-text-align-center\">\u00d6ssze\u00e1ll\u00edt\u00e1shoz:<br>20 dkg baracklekv\u00e1r<br><br><\/p>\n\n\n\n<div class=\"wp-block-image\"><figure class=\"aligncenter size-full is-resized\"><img loading=\"lazy\" decoding=\"async\" src=\"https:\/\/blog.glutenmenteschef.hu\/wp-content\/uploads\/2022\/09\/Linzer-18.jpg\" alt=\"\" class=\"wp-image-30128\" width=\"512\" height=\"360\" srcset=\"http:\/\/blog.glutenmenteschef.hu\/wp-content\/uploads\/2022\/09\/Linzer-18.jpg 1024w, http:\/\/blog.glutenmenteschef.hu\/wp-content\/uploads\/2022\/09\/Linzer-18-300x211.jpg 300w, http:\/\/blog.glutenmenteschef.hu\/wp-content\/uploads\/2022\/09\/Linzer-18-768x539.jpg 768w\" sizes=\"auto, (max-width: 512px) 100vw, 512px\" \/><figcaption>glut\u00e9nmentes linzer rizslisztb\u0151l<br><br><\/figcaption><\/figure><\/div>\n\n\n\n<p>2 literes t\u00e1lban az alapanyagokat egynem\u0171 t\u00e9szt\u00e1v\u00e1 gy\u00farjuk.<br>H\u0171t\u0151ben 20 percig pihentetj\u00fck f\u00f3li\u00e1val lefedve, majd lisztezett deszk\u00e1n 5 mm vastagra kiny\u00fajtjuk.<br>P\u00e1ros\u00e1val k\u00f6r\u00f6ket v\u00e1gunk ki hull\u00e1mos \u00e9l\u0171 kisz\u00far\u00f3val vagy \u00fcveg poh\u00e1r sz\u00e1j\u00e1val. A lees\u0151 darabokat \u00fajra \u00f6sszegy\u00farjuk, majd kiny\u00fajtjuk \u00e9s \u00fajra karik\u00e1kat sz\u00farunk ki bel\u0151le, ezt addig folytatjuk, am\u00edg teljesen el nem fogy a t\u00e9szta.<br><br><\/p>\n\n\n\n<p><span class=\"text_exposed_show\"><strong>S\u00c9F TIPP<\/strong><\/span>:<\/p>\n\n\n\n<p><span class=\"text_exposed_show\">Pr\u00f3b\u00e1ljunk min\u00e9l gyorsabban dolgozni, mert ahogy a t\u00e9szta \u00e9s benne a vaj melegszik, \u00fagy lesz nehezen kezelhet\u0151. Ilyenkor gy\u00farjuk \u00f6ssze \u00fajb\u00f3l \u00e9s tegy\u00fck vissza a h\u0171t\u0151be, am\u00edg a vaj visszaszil\u00e1rdul a t\u00e9szt\u00e1ban, majd folytassuk a munk\u00e1t.<\/span><\/p>\n\n\n\n<p><br>Minden m\u00e1sodik karika k\u00f6zep\u00e9t egy kisebb kisz\u00far\u00f3 seg\u00edts\u00e9g\u00e9vel elt\u00e1vol\u00edtjuk. A tepsibe s\u00fct\u0151pap\u00edrt tesz\u00fcnk, \u00f3vatosan r\u00e1helyezz\u00fck a t\u00e9szta karik\u00e1kat.<br>180 fokra meleg\u00edtett s\u00fct\u0151ben, als\u00f3-fels\u0151 s\u00fct\u00e9si m\u00f3dozaton 12-15 perc alatt k\u00e9szre s\u00fctj\u00fck.<br><br><\/p>\n\n\n\n<p><strong>Nagyon fontos!:<\/strong><\/p>\n\n\n\n<p>1.) A T\u00c9SZT\u00c1NAK S\u00dcT\u00c9S UT\u00c1N IS VIL\u00c1GOS SZ\u00cdN\u0170NEK KELL MARADNI! HA KEZD &#8222;SZ\u00c9P SZ\u00cdNE&#8221; LENNI, AZONNAL VEGY\u00dcK KI A S\u00dcT\u0150B\u0150L, MERT HA T\u00daLS\u00dcL, AKKOR SZ\u00c1RAZ-PORL\u00d3S LESZ AZ \u00c1LLAGA.<br>2.) HA K\u00c9SZ, HAGYJUK KIH\u0170LNI A T\u00c9SZT\u00c1T A S\u00dcT\u0150LEMEZEN, MERT K\u00dcL\u00d6NBEN T\u00d6RIK.<br><br><\/p>\n\n\n\n<p>Ha kih\u0171lt, t\u00f6k\u00e9letesen kezelhet\u0151 lesz a linzer. Majd a karik\u00e1kat megkenj\u00fck baracklekv\u00e1rral, majd \u00f6sszetapasztjuk az als\u00f3 \u00e9s fels\u0151 darabokat.<\/p>\n\n\n\n<p><br><br><\/p>\n\n\n\n<div class=\"wp-block-image\"><figure class=\"aligncenter size-full is-resized\"><img loading=\"lazy\" decoding=\"async\" src=\"https:\/\/blog.glutenmenteschef.hu\/wp-content\/uploads\/2017\/03\/linzer-5-e1662489560811.jpg\" alt=\"\" class=\"wp-image-4874\" width=\"512\" height=\"403\"\/><figcaption>glut\u00e9nmentes linzer rizslisztb\u0151l<\/figcaption><\/figure><\/div>\n\n\n\n<p><br><br>S\u00fct\u00e9s el\u0151tt megsz\u00f3rhatjuk a t\u00e9szt\u00e1nk tetej\u00e9t durv\u00e1ra dar\u00e1lt di\u00f3val vagy mandul\u00e1val is. Hogy jobban megtapadjon a sz\u00f3r\u00e1s, el\u0151tte toj\u00e1sfeh\u00e9rj\u00e9vel vagy eg\u00e9sz toj\u00e1ssal kenj\u00fck meg \u00e9s \u00edgy sz\u00f3rjuk meg.<br><br><\/p>\n\n\n\n<div class=\"wp-block-image\"><figure class=\"aligncenter\"><img loading=\"lazy\" decoding=\"async\" width=\"300\" height=\"225\" src=\"http:\/\/blog.glutenmenteschef.hu\/wp-content\/uploads\/2017\/03\/linzer-1-1-300x225.jpg\" alt=\"\" class=\"wp-image-4870\" srcset=\"http:\/\/blog.glutenmenteschef.hu\/wp-content\/uploads\/2017\/03\/linzer-1-1-300x225.jpg 300w, http:\/\/blog.glutenmenteschef.hu\/wp-content\/uploads\/2017\/03\/linzer-1-1-768x576.jpg 768w\" sizes=\"auto, (max-width: 300px) 100vw, 300px\" \/><\/figure><\/div>\n\n\n\n<div class=\"wp-block-image\"><figure class=\"aligncenter\"><img loading=\"lazy\" decoding=\"async\" width=\"300\" height=\"225\" src=\"http:\/\/blog.glutenmenteschef.hu\/wp-content\/uploads\/2017\/03\/linzer-2-1-300x225.jpg\" alt=\"\" class=\"wp-image-4871\" srcset=\"http:\/\/blog.glutenmenteschef.hu\/wp-content\/uploads\/2017\/03\/linzer-2-1-300x225.jpg 300w, http:\/\/blog.glutenmenteschef.hu\/wp-content\/uploads\/2017\/03\/linzer-2-1-768x576.jpg 768w\" sizes=\"auto, (max-width: 300px) 100vw, 300px\" \/><\/figure><\/div>\n\n\n\n<p class=\"has-text-align-center\"><br><br>Ha akarjuk s\u00fctipecs\u00e9ttel nyomd\u00e1zhatjuk is a t\u00e9szt\u00e1t.<br><br><\/p>\n\n\n\n<div class=\"wp-block-image\"><figure class=\"aligncenter size-medium\"><img loading=\"lazy\" decoding=\"async\" width=\"300\" height=\"225\" src=\"https:\/\/blog.glutenmenteschef.hu\/wp-content\/uploads\/2017\/03\/linzer-4-1-300x225.jpg\" alt=\"\" class=\"wp-image-4872\" srcset=\"http:\/\/blog.glutenmenteschef.hu\/wp-content\/uploads\/2017\/03\/linzer-4-1-300x225.jpg 300w, http:\/\/blog.glutenmenteschef.hu\/wp-content\/uploads\/2017\/03\/linzer-4-1-768x576.jpg 768w\" sizes=\"auto, (max-width: 300px) 100vw, 300px\" \/><\/figure><\/div>\n\n\n\n<p><br><br>A kerek tall\u00e9rokat \u00f6sszetapasztjuk lekv\u00e1rral \u00e9s csokim\u00e1zzal is beh\u00fazhatjuk. \u00cdgy m\u00e9g sokkal-sokkal finomabb lesz.<br><br><\/p>\n\n\n\n<div class=\"wp-block-image\"><figure class=\"aligncenter\"><img loading=\"lazy\" decoding=\"async\" width=\"300\" height=\"225\" src=\"http:\/\/blog.glutenmenteschef.hu\/wp-content\/uploads\/2017\/03\/linzer-6-300x225.jpg\" alt=\"\" class=\"wp-image-4873\" srcset=\"http:\/\/blog.glutenmenteschef.hu\/wp-content\/uploads\/2017\/03\/linzer-6-300x225.jpg 300w, http:\/\/blog.glutenmenteschef.hu\/wp-content\/uploads\/2017\/03\/linzer-6-768x576.jpg 768w\" sizes=\"auto, (max-width: 300px) 100vw, 300px\" \/><\/figure><\/div>\n\n\n\n<p><br><br>A linzerkarik\u00e1kat 3-4-5 napig min\u0151s\u00e9groml\u00e1s n\u00e9lk\u00fcl t\u00e1rolhatjuk.<br><br><\/p>\n\n\n\n<div class=\"wp-block-image\"><figure class=\"aligncenter size-full is-resized\"><img loading=\"lazy\" decoding=\"async\" src=\"https:\/\/blog.glutenmenteschef.hu\/wp-content\/uploads\/2017\/03\/Linzer-t\u00e1l.jpg\" alt=\"\" class=\"wp-image-2198\" width=\"480\" height=\"360\" srcset=\"http:\/\/blog.glutenmenteschef.hu\/wp-content\/uploads\/2017\/03\/Linzer-t\u00e1l.jpg 1920w, http:\/\/blog.glutenmenteschef.hu\/wp-content\/uploads\/2017\/03\/Linzer-t\u00e1l-300x225.jpg 300w, http:\/\/blog.glutenmenteschef.hu\/wp-content\/uploads\/2017\/03\/Linzer-t\u00e1l-768x576.jpg 768w\" sizes=\"auto, (max-width: 480px) 100vw, 480px\" \/><\/figure><\/div>\n","protected":false},"excerpt":{"rendered":"<p>&nbsp; Glut\u00e9nmentes linzer rizslisztb\u0151l Sokszor olvasom, hogy &#8222;sz\u00e1raz, fojt\u00f3s, porlik&#8221; vagy \u00e9ppen &#8222;vizes-homokszer\u0171&#8221; a rizslisztb\u0151l k\u00e9sz\u00fclt glut\u00e9nmentes linzer vagy pite. B\u00e1r az alapanyagok ar\u00e1nyai ( 3 r\u00e9sz liszt : 2 r\u00e9sz vaj \/ zsirad\u00e9k : 1 r\u00e9sz cukor ) ugyanazok, mint a b\u00fazalisztes receptben, DE! ez m\u00e9gis csak rizsliszt, amiben nincs glut\u00e9n \u00e9s sokkal kisebb <br \/><a class=\"more\" href=\"http:\/\/blog.glutenmenteschef.hu\/index.php\/2017\/03\/16\/linzer-karika-rizslisztbol\/\">Read more&#8230; <\/a><\/p>\n","protected":false},"author":1,"featured_media":30126,"comment_status":"open","ping_status":"open","sticky":false,"template":"","format":"standard","meta":{"footnotes":""},"categories":[27,297,603,335],"tags":[5,100,639,102,101,531],"class_list":["post-154","post","type-post","status-publish","format-standard","has-post-thumbnail","hentry","category-desszert","category-karacsonyi-edessegek","category-keksz","category-rizslisztbol-keszitettem","tag-glutenmentes","tag-glutenmentes-linzer","tag-linzer","tag-linzer-karika","tag-linzer-rizslisztbol","tag-rizslisztes-recept"],"yoast_head":"<!-- This site is optimized with the Yoast SEO plugin v26.5 - https:\/\/yoast.com\/wordpress\/plugins\/seo\/ -->\n<title>GLUT\u00c9NMENTES LINZER RIZSLISZTB\u0150L &#8211; Glut\u00e9nmentes Chef blog - \u00c1tol Tibor<\/title>\n<meta name=\"description\" content=\"Sokszor olvasom, hogy &quot;sz\u00e1raz, fojt\u00f3s, porlik a rizslisztb\u0151l k\u00e9sz\u00fclt glut\u00e9nmentes linzer vagy pite. B\u00e1r az alapanyagok ar\u00e1nyai ( 3 r\u00e9sz liszt : 2 r\u00e9sz vaj \/ zsirad\u00e9k : 1 r\u00e9sz cukor ) ugyanazok, mint a b\u00fazalisztes receptben, DE! ez m\u00e9gis csak rizsliszt, amiben nincs glut\u00e9n \u00e9s sokkal kisebb a nedvess\u00e9gmegtart\u00f3 k\u00e9pess\u00e9ge is. Ez\u00e9rt m\u00e1r 1 perc t\u00fals\u00fct\u00e9st\u0151l is kisz\u00e1radhat. Teh\u00e1t, sokkal t\u00f6bb odafigyel\u00e9st ig\u00e9nyel a k\u00e9sz\u00edt\u00e9se. Ha nem tartjuk be a receptben le\u00edrtakat ( t\u00e9sztavastags\u00e1g, s\u00fct\u00e9si h\u0151fok, id\u0151, m\u00f3dozat ) j\u00f3 es\u00e9llyel a fenti jelz\u0151kkel illethetj\u00fck a v\u00e9geredm\u00e9nyt. Viszont, aki betartja, az \u00edz\u00e9ben, \u00e1llag\u00e1ban \u00e9s kin\u00e9zet\u00e9ben is hib\u00e1tlan linzerre sz\u00e1m\u00edthat.\" \/>\n<meta name=\"robots\" content=\"index, follow, max-snippet:-1, max-image-preview:large, max-video-preview:-1\" \/>\n<link rel=\"canonical\" href=\"http:\/\/blog.glutenmenteschef.hu\/index.php\/2017\/03\/16\/linzer-karika-rizslisztbol\/\" \/>\n<meta property=\"og:locale\" content=\"hu_HU\" \/>\n<meta property=\"og:type\" content=\"article\" \/>\n<meta property=\"og:title\" content=\"GLUT\u00c9NMENTES LINZER RIZSLISZTB\u0150L &#8211; Glut\u00e9nmentes Chef blog - \u00c1tol Tibor\" \/>\n<meta property=\"og:description\" content=\"Sokszor olvasom, hogy &quot;sz\u00e1raz, fojt\u00f3s, porlik a rizslisztb\u0151l k\u00e9sz\u00fclt glut\u00e9nmentes linzer vagy pite. B\u00e1r az alapanyagok ar\u00e1nyai ( 3 r\u00e9sz liszt : 2 r\u00e9sz vaj \/ zsirad\u00e9k : 1 r\u00e9sz cukor ) ugyanazok, mint a b\u00fazalisztes receptben, DE! ez m\u00e9gis csak rizsliszt, amiben nincs glut\u00e9n \u00e9s sokkal kisebb a nedvess\u00e9gmegtart\u00f3 k\u00e9pess\u00e9ge is. Ez\u00e9rt m\u00e1r 1 perc t\u00fals\u00fct\u00e9st\u0151l is kisz\u00e1radhat. Teh\u00e1t, sokkal t\u00f6bb odafigyel\u00e9st ig\u00e9nyel a k\u00e9sz\u00edt\u00e9se. Ha nem tartjuk be a receptben le\u00edrtakat ( t\u00e9sztavastags\u00e1g, s\u00fct\u00e9si h\u0151fok, id\u0151, m\u00f3dozat ) j\u00f3 es\u00e9llyel a fenti jelz\u0151kkel illethetj\u00fck a v\u00e9geredm\u00e9nyt. Viszont, aki betartja, az \u00edz\u00e9ben, \u00e1llag\u00e1ban \u00e9s kin\u00e9zet\u00e9ben is hib\u00e1tlan linzerre sz\u00e1m\u00edthat.\" \/>\n<meta property=\"og:url\" content=\"http:\/\/blog.glutenmenteschef.hu\/index.php\/2017\/03\/16\/linzer-karika-rizslisztbol\/\" \/>\n<meta property=\"og:site_name\" content=\"Glut\u00e9nmentes Chef blog - \u00c1tol Tibor\" \/>\n<meta property=\"article:publisher\" content=\"https:\/\/www.facebook.com\/aglutenmentessef\" \/>\n<meta property=\"article:author\" content=\"https:\/\/www.facebook.com\/aglutenmentessef\" \/>\n<meta property=\"article:published_time\" content=\"2017-03-16T20:44:48+00:00\" \/>\n<meta property=\"article:modified_time\" content=\"2023-06-15T08:28:07+00:00\" \/>\n<meta property=\"og:image\" content=\"http:\/\/blog.glutenmenteschef.hu\/wp-content\/uploads\/2017\/03\/Linzer-17.jpg\" \/>\n\t<meta property=\"og:image:width\" content=\"1024\" \/>\n\t<meta property=\"og:image:height\" content=\"768\" \/>\n\t<meta property=\"og:image:type\" content=\"image\/jpeg\" \/>\n<meta name=\"author\" content=\"gmchef\" \/>\n<meta name=\"twitter:card\" content=\"summary_large_image\" \/>\n<meta name=\"twitter:label1\" content=\"Szerz\u0151:\" \/>\n\t<meta name=\"twitter:data1\" content=\"gmchef\" \/>\n\t<meta name=\"twitter:label2\" content=\"Becs\u00fclt olvas\u00e1si id\u0151\" \/>\n\t<meta name=\"twitter:data2\" content=\"4 perc\" \/>\n<script type=\"application\/ld+json\" class=\"yoast-schema-graph\">{\"@context\":\"https:\/\/schema.org\",\"@graph\":[{\"@type\":\"Article\",\"@id\":\"http:\/\/blog.glutenmenteschef.hu\/index.php\/2017\/03\/16\/linzer-karika-rizslisztbol\/#article\",\"isPartOf\":{\"@id\":\"http:\/\/blog.glutenmenteschef.hu\/index.php\/2017\/03\/16\/linzer-karika-rizslisztbol\/\"},\"author\":{\"name\":\"gmchef\",\"@id\":\"https:\/\/blog.glutenmenteschef.hu\/#\/schema\/person\/c07613f0b6c0f12f90b8cb23cf32754a\"},\"headline\":\"GLUT\u00c9NMENTES LINZER RIZSLISZTB\u0150L\",\"datePublished\":\"2017-03-16T20:44:48+00:00\",\"dateModified\":\"2023-06-15T08:28:07+00:00\",\"mainEntityOfPage\":{\"@id\":\"http:\/\/blog.glutenmenteschef.hu\/index.php\/2017\/03\/16\/linzer-karika-rizslisztbol\/\"},\"wordCount\":590,\"commentCount\":0,\"publisher\":{\"@id\":\"https:\/\/blog.glutenmenteschef.hu\/#\/schema\/person\/c07613f0b6c0f12f90b8cb23cf32754a\"},\"image\":{\"@id\":\"http:\/\/blog.glutenmenteschef.hu\/index.php\/2017\/03\/16\/linzer-karika-rizslisztbol\/#primaryimage\"},\"thumbnailUrl\":\"http:\/\/blog.glutenmenteschef.hu\/wp-content\/uploads\/2017\/03\/Linzer-17.jpg\",\"keywords\":[\"glut\u00e9nmentes\",\"glut\u00e9nmentes linzer\",\"linzer\",\"linzer karika\",\"linzer rizslisztb\u0151l\",\"rizslisztes recept\"],\"articleSection\":[\"Desszert-S\u00fctem\u00e9ny\",\"Kar\u00e1csonyi \u00e9dess\u00e9gek\",\"Kekszek, apr\u00f3s\u00fctem\u00e9nyek\",\"Rizslisztb\u0151l k\u00e9sz\u00edtettem\"],\"inLanguage\":\"hu\",\"potentialAction\":[{\"@type\":\"CommentAction\",\"name\":\"Comment\",\"target\":[\"http:\/\/blog.glutenmenteschef.hu\/index.php\/2017\/03\/16\/linzer-karika-rizslisztbol\/#respond\"]}]},{\"@type\":\"WebPage\",\"@id\":\"http:\/\/blog.glutenmenteschef.hu\/index.php\/2017\/03\/16\/linzer-karika-rizslisztbol\/\",\"url\":\"http:\/\/blog.glutenmenteschef.hu\/index.php\/2017\/03\/16\/linzer-karika-rizslisztbol\/\",\"name\":\"GLUT\u00c9NMENTES LINZER RIZSLISZTB\u0150L &#8211; Glut\u00e9nmentes Chef blog - \u00c1tol Tibor\",\"isPartOf\":{\"@id\":\"https:\/\/blog.glutenmenteschef.hu\/#website\"},\"primaryImageOfPage\":{\"@id\":\"http:\/\/blog.glutenmenteschef.hu\/index.php\/2017\/03\/16\/linzer-karika-rizslisztbol\/#primaryimage\"},\"image\":{\"@id\":\"http:\/\/blog.glutenmenteschef.hu\/index.php\/2017\/03\/16\/linzer-karika-rizslisztbol\/#primaryimage\"},\"thumbnailUrl\":\"http:\/\/blog.glutenmenteschef.hu\/wp-content\/uploads\/2017\/03\/Linzer-17.jpg\",\"datePublished\":\"2017-03-16T20:44:48+00:00\",\"dateModified\":\"2023-06-15T08:28:07+00:00\",\"description\":\"Sokszor olvasom, hogy \\\"sz\u00e1raz, fojt\u00f3s, porlik a rizslisztb\u0151l k\u00e9sz\u00fclt glut\u00e9nmentes linzer vagy pite. B\u00e1r az alapanyagok ar\u00e1nyai ( 3 r\u00e9sz liszt : 2 r\u00e9sz vaj \/ zsirad\u00e9k : 1 r\u00e9sz cukor ) ugyanazok, mint a b\u00fazalisztes receptben, DE! ez m\u00e9gis csak rizsliszt, amiben nincs glut\u00e9n \u00e9s sokkal kisebb a nedvess\u00e9gmegtart\u00f3 k\u00e9pess\u00e9ge is. Ez\u00e9rt m\u00e1r 1 perc t\u00fals\u00fct\u00e9st\u0151l is kisz\u00e1radhat. Teh\u00e1t, sokkal t\u00f6bb odafigyel\u00e9st ig\u00e9nyel a k\u00e9sz\u00edt\u00e9se. Ha nem tartjuk be a receptben le\u00edrtakat ( t\u00e9sztavastags\u00e1g, s\u00fct\u00e9si h\u0151fok, id\u0151, m\u00f3dozat ) j\u00f3 es\u00e9llyel a fenti jelz\u0151kkel illethetj\u00fck a v\u00e9geredm\u00e9nyt. Viszont, aki betartja, az \u00edz\u00e9ben, \u00e1llag\u00e1ban \u00e9s kin\u00e9zet\u00e9ben is hib\u00e1tlan linzerre sz\u00e1m\u00edthat.\",\"breadcrumb\":{\"@id\":\"http:\/\/blog.glutenmenteschef.hu\/index.php\/2017\/03\/16\/linzer-karika-rizslisztbol\/#breadcrumb\"},\"inLanguage\":\"hu\",\"potentialAction\":[{\"@type\":\"ReadAction\",\"target\":[\"http:\/\/blog.glutenmenteschef.hu\/index.php\/2017\/03\/16\/linzer-karika-rizslisztbol\/\"]}]},{\"@type\":\"ImageObject\",\"inLanguage\":\"hu\",\"@id\":\"http:\/\/blog.glutenmenteschef.hu\/index.php\/2017\/03\/16\/linzer-karika-rizslisztbol\/#primaryimage\",\"url\":\"http:\/\/blog.glutenmenteschef.hu\/wp-content\/uploads\/2017\/03\/Linzer-17.jpg\",\"contentUrl\":\"http:\/\/blog.glutenmenteschef.hu\/wp-content\/uploads\/2017\/03\/Linzer-17.jpg\",\"width\":1024,\"height\":768},{\"@type\":\"BreadcrumbList\",\"@id\":\"http:\/\/blog.glutenmenteschef.hu\/index.php\/2017\/03\/16\/linzer-karika-rizslisztbol\/#breadcrumb\",\"itemListElement\":[{\"@type\":\"ListItem\",\"position\":1,\"name\":\"Home\",\"item\":\"https:\/\/blog.glutenmenteschef.hu\/\"},{\"@type\":\"ListItem\",\"position\":2,\"name\":\"GLUT\u00c9NMENTES LINZER RIZSLISZTB\u0150L\"}]},{\"@type\":\"WebSite\",\"@id\":\"https:\/\/blog.glutenmenteschef.hu\/#website\",\"url\":\"https:\/\/blog.glutenmenteschef.hu\/\",\"name\":\"Glut\u00e9nmentes Chef blog - \u00c1tol Tibor\",\"description\":\"Glut\u00e9nmentes \u00e9telek, glut\u00e9nmentes receptek, glut\u00e9nmentes vide\u00f3k\",\"publisher\":{\"@id\":\"https:\/\/blog.glutenmenteschef.hu\/#\/schema\/person\/c07613f0b6c0f12f90b8cb23cf32754a\"},\"potentialAction\":[{\"@type\":\"SearchAction\",\"target\":{\"@type\":\"EntryPoint\",\"urlTemplate\":\"https:\/\/blog.glutenmenteschef.hu\/?s={search_term_string}\"},\"query-input\":{\"@type\":\"PropertyValueSpecification\",\"valueRequired\":true,\"valueName\":\"search_term_string\"}}],\"inLanguage\":\"hu\"},{\"@type\":[\"Person\",\"Organization\"],\"@id\":\"https:\/\/blog.glutenmenteschef.hu\/#\/schema\/person\/c07613f0b6c0f12f90b8cb23cf32754a\",\"name\":\"gmchef\",\"image\":{\"@type\":\"ImageObject\",\"inLanguage\":\"hu\",\"@id\":\"https:\/\/blog.glutenmenteschef.hu\/#\/schema\/person\/image\/\",\"url\":\"https:\/\/secure.gravatar.com\/avatar\/363a4977321cb6fa3321b7ac93139b68e56af77880ae9fd5a3b2e7a8279f6d74?s=96&d=mm&r=g\",\"contentUrl\":\"https:\/\/secure.gravatar.com\/avatar\/363a4977321cb6fa3321b7ac93139b68e56af77880ae9fd5a3b2e7a8279f6d74?s=96&d=mm&r=g\",\"caption\":\"gmchef\"},\"logo\":{\"@id\":\"https:\/\/blog.glutenmenteschef.hu\/#\/schema\/person\/image\/\"},\"sameAs\":[\"https:\/\/www.facebook.com\/aglutenmentessef\"]}]}<\/script>\n<!-- \/ Yoast SEO plugin. -->","yoast_head_json":{"title":"GLUT\u00c9NMENTES LINZER RIZSLISZTB\u0150L &#8211; Glut\u00e9nmentes Chef blog - \u00c1tol Tibor","description":"Sokszor olvasom, hogy \"sz\u00e1raz, fojt\u00f3s, porlik a rizslisztb\u0151l k\u00e9sz\u00fclt glut\u00e9nmentes linzer vagy pite. B\u00e1r az alapanyagok ar\u00e1nyai ( 3 r\u00e9sz liszt : 2 r\u00e9sz vaj \/ zsirad\u00e9k : 1 r\u00e9sz cukor ) ugyanazok, mint a b\u00fazalisztes receptben, DE! ez m\u00e9gis csak rizsliszt, amiben nincs glut\u00e9n \u00e9s sokkal kisebb a nedvess\u00e9gmegtart\u00f3 k\u00e9pess\u00e9ge is. Ez\u00e9rt m\u00e1r 1 perc t\u00fals\u00fct\u00e9st\u0151l is kisz\u00e1radhat. Teh\u00e1t, sokkal t\u00f6bb odafigyel\u00e9st ig\u00e9nyel a k\u00e9sz\u00edt\u00e9se. Ha nem tartjuk be a receptben le\u00edrtakat ( t\u00e9sztavastags\u00e1g, s\u00fct\u00e9si h\u0151fok, id\u0151, m\u00f3dozat ) j\u00f3 es\u00e9llyel a fenti jelz\u0151kkel illethetj\u00fck a v\u00e9geredm\u00e9nyt. Viszont, aki betartja, az \u00edz\u00e9ben, \u00e1llag\u00e1ban \u00e9s kin\u00e9zet\u00e9ben is hib\u00e1tlan linzerre sz\u00e1m\u00edthat.","robots":{"index":"index","follow":"follow","max-snippet":"max-snippet:-1","max-image-preview":"max-image-preview:large","max-video-preview":"max-video-preview:-1"},"canonical":"http:\/\/blog.glutenmenteschef.hu\/index.php\/2017\/03\/16\/linzer-karika-rizslisztbol\/","og_locale":"hu_HU","og_type":"article","og_title":"GLUT\u00c9NMENTES LINZER RIZSLISZTB\u0150L &#8211; Glut\u00e9nmentes Chef blog - \u00c1tol Tibor","og_description":"Sokszor olvasom, hogy \"sz\u00e1raz, fojt\u00f3s, porlik a rizslisztb\u0151l k\u00e9sz\u00fclt glut\u00e9nmentes linzer vagy pite. B\u00e1r az alapanyagok ar\u00e1nyai ( 3 r\u00e9sz liszt : 2 r\u00e9sz vaj \/ zsirad\u00e9k : 1 r\u00e9sz cukor ) ugyanazok, mint a b\u00fazalisztes receptben, DE! ez m\u00e9gis csak rizsliszt, amiben nincs glut\u00e9n \u00e9s sokkal kisebb a nedvess\u00e9gmegtart\u00f3 k\u00e9pess\u00e9ge is. Ez\u00e9rt m\u00e1r 1 perc t\u00fals\u00fct\u00e9st\u0151l is kisz\u00e1radhat. Teh\u00e1t, sokkal t\u00f6bb odafigyel\u00e9st ig\u00e9nyel a k\u00e9sz\u00edt\u00e9se. Ha nem tartjuk be a receptben le\u00edrtakat ( t\u00e9sztavastags\u00e1g, s\u00fct\u00e9si h\u0151fok, id\u0151, m\u00f3dozat ) j\u00f3 es\u00e9llyel a fenti jelz\u0151kkel illethetj\u00fck a v\u00e9geredm\u00e9nyt. Viszont, aki betartja, az \u00edz\u00e9ben, \u00e1llag\u00e1ban \u00e9s kin\u00e9zet\u00e9ben is hib\u00e1tlan linzerre sz\u00e1m\u00edthat.","og_url":"http:\/\/blog.glutenmenteschef.hu\/index.php\/2017\/03\/16\/linzer-karika-rizslisztbol\/","og_site_name":"Glut\u00e9nmentes Chef blog - \u00c1tol Tibor","article_publisher":"https:\/\/www.facebook.com\/aglutenmentessef","article_author":"https:\/\/www.facebook.com\/aglutenmentessef","article_published_time":"2017-03-16T20:44:48+00:00","article_modified_time":"2023-06-15T08:28:07+00:00","og_image":[{"width":1024,"height":768,"url":"http:\/\/blog.glutenmenteschef.hu\/wp-content\/uploads\/2017\/03\/Linzer-17.jpg","type":"image\/jpeg"}],"author":"gmchef","twitter_card":"summary_large_image","twitter_misc":{"Szerz\u0151:":"gmchef","Becs\u00fclt olvas\u00e1si id\u0151":"4 perc"},"schema":{"@context":"https:\/\/schema.org","@graph":[{"@type":"Article","@id":"http:\/\/blog.glutenmenteschef.hu\/index.php\/2017\/03\/16\/linzer-karika-rizslisztbol\/#article","isPartOf":{"@id":"http:\/\/blog.glutenmenteschef.hu\/index.php\/2017\/03\/16\/linzer-karika-rizslisztbol\/"},"author":{"name":"gmchef","@id":"https:\/\/blog.glutenmenteschef.hu\/#\/schema\/person\/c07613f0b6c0f12f90b8cb23cf32754a"},"headline":"GLUT\u00c9NMENTES LINZER RIZSLISZTB\u0150L","datePublished":"2017-03-16T20:44:48+00:00","dateModified":"2023-06-15T08:28:07+00:00","mainEntityOfPage":{"@id":"http:\/\/blog.glutenmenteschef.hu\/index.php\/2017\/03\/16\/linzer-karika-rizslisztbol\/"},"wordCount":590,"commentCount":0,"publisher":{"@id":"https:\/\/blog.glutenmenteschef.hu\/#\/schema\/person\/c07613f0b6c0f12f90b8cb23cf32754a"},"image":{"@id":"http:\/\/blog.glutenmenteschef.hu\/index.php\/2017\/03\/16\/linzer-karika-rizslisztbol\/#primaryimage"},"thumbnailUrl":"http:\/\/blog.glutenmenteschef.hu\/wp-content\/uploads\/2017\/03\/Linzer-17.jpg","keywords":["glut\u00e9nmentes","glut\u00e9nmentes linzer","linzer","linzer karika","linzer rizslisztb\u0151l","rizslisztes recept"],"articleSection":["Desszert-S\u00fctem\u00e9ny","Kar\u00e1csonyi \u00e9dess\u00e9gek","Kekszek, apr\u00f3s\u00fctem\u00e9nyek","Rizslisztb\u0151l k\u00e9sz\u00edtettem"],"inLanguage":"hu","potentialAction":[{"@type":"CommentAction","name":"Comment","target":["http:\/\/blog.glutenmenteschef.hu\/index.php\/2017\/03\/16\/linzer-karika-rizslisztbol\/#respond"]}]},{"@type":"WebPage","@id":"http:\/\/blog.glutenmenteschef.hu\/index.php\/2017\/03\/16\/linzer-karika-rizslisztbol\/","url":"http:\/\/blog.glutenmenteschef.hu\/index.php\/2017\/03\/16\/linzer-karika-rizslisztbol\/","name":"GLUT\u00c9NMENTES LINZER RIZSLISZTB\u0150L &#8211; Glut\u00e9nmentes Chef blog - \u00c1tol Tibor","isPartOf":{"@id":"https:\/\/blog.glutenmenteschef.hu\/#website"},"primaryImageOfPage":{"@id":"http:\/\/blog.glutenmenteschef.hu\/index.php\/2017\/03\/16\/linzer-karika-rizslisztbol\/#primaryimage"},"image":{"@id":"http:\/\/blog.glutenmenteschef.hu\/index.php\/2017\/03\/16\/linzer-karika-rizslisztbol\/#primaryimage"},"thumbnailUrl":"http:\/\/blog.glutenmenteschef.hu\/wp-content\/uploads\/2017\/03\/Linzer-17.jpg","datePublished":"2017-03-16T20:44:48+00:00","dateModified":"2023-06-15T08:28:07+00:00","description":"Sokszor olvasom, hogy \"sz\u00e1raz, fojt\u00f3s, porlik a rizslisztb\u0151l k\u00e9sz\u00fclt glut\u00e9nmentes linzer vagy pite. B\u00e1r az alapanyagok ar\u00e1nyai ( 3 r\u00e9sz liszt : 2 r\u00e9sz vaj \/ zsirad\u00e9k : 1 r\u00e9sz cukor ) ugyanazok, mint a b\u00fazalisztes receptben, DE! ez m\u00e9gis csak rizsliszt, amiben nincs glut\u00e9n \u00e9s sokkal kisebb a nedvess\u00e9gmegtart\u00f3 k\u00e9pess\u00e9ge is. Ez\u00e9rt m\u00e1r 1 perc t\u00fals\u00fct\u00e9st\u0151l is kisz\u00e1radhat. Teh\u00e1t, sokkal t\u00f6bb odafigyel\u00e9st ig\u00e9nyel a k\u00e9sz\u00edt\u00e9se. Ha nem tartjuk be a receptben le\u00edrtakat ( t\u00e9sztavastags\u00e1g, s\u00fct\u00e9si h\u0151fok, id\u0151, m\u00f3dozat ) j\u00f3 es\u00e9llyel a fenti jelz\u0151kkel illethetj\u00fck a v\u00e9geredm\u00e9nyt. Viszont, aki betartja, az \u00edz\u00e9ben, \u00e1llag\u00e1ban \u00e9s kin\u00e9zet\u00e9ben is hib\u00e1tlan linzerre sz\u00e1m\u00edthat.","breadcrumb":{"@id":"http:\/\/blog.glutenmenteschef.hu\/index.php\/2017\/03\/16\/linzer-karika-rizslisztbol\/#breadcrumb"},"inLanguage":"hu","potentialAction":[{"@type":"ReadAction","target":["http:\/\/blog.glutenmenteschef.hu\/index.php\/2017\/03\/16\/linzer-karika-rizslisztbol\/"]}]},{"@type":"ImageObject","inLanguage":"hu","@id":"http:\/\/blog.glutenmenteschef.hu\/index.php\/2017\/03\/16\/linzer-karika-rizslisztbol\/#primaryimage","url":"http:\/\/blog.glutenmenteschef.hu\/wp-content\/uploads\/2017\/03\/Linzer-17.jpg","contentUrl":"http:\/\/blog.glutenmenteschef.hu\/wp-content\/uploads\/2017\/03\/Linzer-17.jpg","width":1024,"height":768},{"@type":"BreadcrumbList","@id":"http:\/\/blog.glutenmenteschef.hu\/index.php\/2017\/03\/16\/linzer-karika-rizslisztbol\/#breadcrumb","itemListElement":[{"@type":"ListItem","position":1,"name":"Home","item":"https:\/\/blog.glutenmenteschef.hu\/"},{"@type":"ListItem","position":2,"name":"GLUT\u00c9NMENTES LINZER RIZSLISZTB\u0150L"}]},{"@type":"WebSite","@id":"https:\/\/blog.glutenmenteschef.hu\/#website","url":"https:\/\/blog.glutenmenteschef.hu\/","name":"Glut\u00e9nmentes Chef blog - \u00c1tol Tibor","description":"Glut\u00e9nmentes \u00e9telek, glut\u00e9nmentes receptek, glut\u00e9nmentes vide\u00f3k","publisher":{"@id":"https:\/\/blog.glutenmenteschef.hu\/#\/schema\/person\/c07613f0b6c0f12f90b8cb23cf32754a"},"potentialAction":[{"@type":"SearchAction","target":{"@type":"EntryPoint","urlTemplate":"https:\/\/blog.glutenmenteschef.hu\/?s={search_term_string}"},"query-input":{"@type":"PropertyValueSpecification","valueRequired":true,"valueName":"search_term_string"}}],"inLanguage":"hu"},{"@type":["Person","Organization"],"@id":"https:\/\/blog.glutenmenteschef.hu\/#\/schema\/person\/c07613f0b6c0f12f90b8cb23cf32754a","name":"gmchef","image":{"@type":"ImageObject","inLanguage":"hu","@id":"https:\/\/blog.glutenmenteschef.hu\/#\/schema\/person\/image\/","url":"https:\/\/secure.gravatar.com\/avatar\/363a4977321cb6fa3321b7ac93139b68e56af77880ae9fd5a3b2e7a8279f6d74?s=96&d=mm&r=g","contentUrl":"https:\/\/secure.gravatar.com\/avatar\/363a4977321cb6fa3321b7ac93139b68e56af77880ae9fd5a3b2e7a8279f6d74?s=96&d=mm&r=g","caption":"gmchef"},"logo":{"@id":"https:\/\/blog.glutenmenteschef.hu\/#\/schema\/person\/image\/"},"sameAs":["https:\/\/www.facebook.com\/aglutenmentessef"]}]}},"_links":{"self":[{"href":"http:\/\/blog.glutenmenteschef.hu\/index.php\/wp-json\/wp\/v2\/posts\/154","targetHints":{"allow":["GET"]}}],"collection":[{"href":"http:\/\/blog.glutenmenteschef.hu\/index.php\/wp-json\/wp\/v2\/posts"}],"about":[{"href":"http:\/\/blog.glutenmenteschef.hu\/index.php\/wp-json\/wp\/v2\/types\/post"}],"author":[{"embeddable":true,"href":"http:\/\/blog.glutenmenteschef.hu\/index.php\/wp-json\/wp\/v2\/users\/1"}],"replies":[{"embeddable":true,"href":"http:\/\/blog.glutenmenteschef.hu\/index.php\/wp-json\/wp\/v2\/comments?post=154"}],"version-history":[{"count":0,"href":"http:\/\/blog.glutenmenteschef.hu\/index.php\/wp-json\/wp\/v2\/posts\/154\/revisions"}],"wp:featuredmedia":[{"embeddable":true,"href":"http:\/\/blog.glutenmenteschef.hu\/index.php\/wp-json\/wp\/v2\/media\/30126"}],"wp:attachment":[{"href":"http:\/\/blog.glutenmenteschef.hu\/index.php\/wp-json\/wp\/v2\/media?parent=154"}],"wp:term":[{"taxonomy":"category","embeddable":true,"href":"http:\/\/blog.glutenmenteschef.hu\/index.php\/wp-json\/wp\/v2\/categories?post=154"},{"taxonomy":"post_tag","embeddable":true,"href":"http:\/\/blog.glutenmenteschef.hu\/index.php\/wp-json\/wp\/v2\/tags?post=154"}],"curies":[{"name":"wp","href":"https:\/\/api.w.org\/{rel}","templated":true}]}}