{"id":13820,"date":"2018-03-07T21:52:40","date_gmt":"2018-03-07T21:52:40","guid":{"rendered":"http:\/\/blog.glutenmenteschef.hu\/?p=13820"},"modified":"2018-09-05T21:03:15","modified_gmt":"2018-09-05T21:03:15","slug":"mak-charlotte-gluten-es-tejmentesen","status":"publish","type":"post","link":"http:\/\/blog.glutenmenteschef.hu\/index.php\/2018\/03\/07\/mak-charlotte-gluten-es-tejmentesen\/","title":{"rendered":"M\u00c1K CHARLOTTE GLUT\u00c9N- \u00c9S TEJMENTESEN"},"content":{"rendered":"<h2 style=\"text-align: center;\">M\u00e1k Charlotte glut\u00e9n- \u00e9s tejmentes<\/h2>\n<p>&nbsp;<\/p>\n<p>&nbsp;<\/p>\n<p><img loading=\"lazy\" decoding=\"async\" class=\"size-medium wp-image-13825 aligncenter\" src=\"http:\/\/blog.glutenmenteschef.hu\/wp-content\/uploads\/2018\/03\/makcharlotte-5-300x225.jpg\" alt=\"\" width=\"300\" height=\"225\" \/><\/p>\n<p style=\"text-align: center;\">M\u00e1kt\u00f6ltel\u00e9k<\/p>\n<p style=\"text-align: center;\">300 g dar\u00e1lt m\u00e1k<br \/>\n180 g cukor<br \/>\n15 ml rumaroma<br \/>\n1 g citromh\u00e9j<br \/>\n1 g narancsh\u00e9j<br \/>\n200 ml v\u00edz<br \/>\n20 g van\u00edli\u00e1s cukor<br \/>\n1 csipet s\u00f3<\/p>\n<p>A cukrot a v\u00edzzel felf\u0151zz\u00fck, beletessz\u00fck a m\u00e1kot, elkeverj\u00fck \u00e9s leh\u00fazzuk a t\u0171zr\u0151l. Ezut\u00e1n hozz\u00e1adjuk az \u00f6sszes t\u00f6bbi hozz\u00e1val\u00f3t, majd \u00edgy is \u00f6sszekeverj\u00fck. Hagyjuk kih\u0171lni.<\/p>\n<p style=\"text-align: center;\">Pisk\u00f3ta<\/p>\n<p style=\"text-align: center;\">4 db toj\u00e1s ( \u201d L\u201d-es m\u00e9ret\u0171 60-65 g-os )<br \/>\n80g krist\u00e1ly cukor<br \/>\n100 g rizsliszt<br \/>\n( barna vagy sima feh\u00e9r rizsliszttel is m\u0171k\u00f6dik )<\/p>\n<p>S\u00fct\u0151t 140 fokra el\u0151meleg\u00edtj\u00fck. A s\u00fct\u0151lemezre szilikonos s\u00fct\u0151pap\u00edrt fektet\u00fcnk.<br \/>\nA toj\u00e1sokat sz\u00e9tv\u00e1lasztjuk, a feh\u00e9rj\u00e9t h\u0171t\u0151be tessz\u00fck. A s\u00e1rg\u00e1j\u00e1t a cukorral sim\u00e1ra keverj\u00fck habver\u0151vel seg\u00edts\u00e9g\u00e9vel, hozz\u00e1adjuk a rizslisztet \u00e9s teljesen csom\u00f3mentesre keverj\u00fck. A feh\u00e9rj\u00e9b\u0151l kem\u00e9ny habot ver\u00fcnk, majd fakan\u00e1llal beleforgatjuk a rizslisztes toj\u00e1ss\u00e1rg\u00e1j\u00e1s massz\u00e1ba.<br \/>\nA s\u00fct\u0151pap\u00edrral b\u00e9lelt tepsibe \u00f6ntj\u00fck \u00e9s eloszlatjuk, hogy minden\u00fctt egyforma vastag legyen.<br \/>\nAz el\u0151meleg\u00edtett s\u00fct\u0151ben 140 fokon 30-35 perc alatt, als\u00f3-fels\u0151 s\u00fct\u00e9si m\u00f3dozaton k\u00e9szre s\u00fctj\u00fck.<br \/>\nKivessz\u00fck a s\u00fct\u0151b\u0151l \u00e9s a s\u00fct\u0151pap\u00edrral egy\u00fctt szorosan feltekerj\u00fck a pisk\u00f3t\u00e1nkat, majd hagyjuk kih\u0171lni.<br \/>\nKitekerj\u00fck a t\u00e9szt\u00e1t, kev\u00e9s rizsliszttel meghintj\u00fck, majd a ny\u00fajt\u00f3deszk\u00e1ra ford\u00edtva \u00f3vatosan leh\u00fazzuk r\u00f3la a szilikonos pap\u00edrt.<br \/>\nVisszaford\u00edtjuk, egyenletesen elter\u00edtj\u00fck rajta a m\u00e1kt\u00f6ltel\u00e9ket, majd ism\u00e9t feltekerj\u00fck \u00e9s 1-1,5 cm vastag szeletekre v\u00e1gjuk.<br \/>\nS\u00c9F TIPP: Mivel a m\u00e1kt\u00f6ltel\u00e9k s\u0171r\u0171, ez\u00e9rt k\u00e9t folpack k\u00f6z\u00f6tt ny\u00fajt\u00f3f\u00e1val alak\u00edtsuk a pisk\u00f3ta m\u00e9ret\u00e9re. A fels\u0151 f\u00f3li\u00e1t vegy\u00fck le r\u00f3la, az als\u00f3 f\u00f3lia hozz\u00e1nk k\u00f6zelebb es\u0151 k\u00e9t sark\u00e1t fogjuk meg \u00e9s \u00edgy \u00f3vatosan felemelve a kiny\u00fajtott m\u00e1kot ford\u00edtsuk a pisk\u00f3t\u00e1ra.<\/p>\n<p>&nbsp;<\/p>\n<p><img loading=\"lazy\" decoding=\"async\" class=\"size-medium wp-image-13826 aligncenter\" src=\"http:\/\/blog.glutenmenteschef.hu\/wp-content\/uploads\/2018\/03\/makcharlotte-1-300x225.jpg\" alt=\"\" width=\"300\" height=\"225\" srcset=\"http:\/\/blog.glutenmenteschef.hu\/wp-content\/uploads\/2018\/03\/makcharlotte-1-300x225.jpg 300w, http:\/\/blog.glutenmenteschef.hu\/wp-content\/uploads\/2018\/03\/makcharlotte-1-768x576.jpg 768w\" sizes=\"auto, (max-width: 300px) 100vw, 300px\" \/><\/p>\n<p>Kb. 4 literes t\u00e1lat folpackkal kib\u00e9lel\u00fcnk, majd a pisk\u00f3taszeletekkel, szorosan egym\u00e1s mell\u00e9 helyezve, k\u00f6rberakjuk.<\/p>\n<p>&nbsp;<\/p>\n<p><img loading=\"lazy\" decoding=\"async\" class=\"size-medium wp-image-13827 aligncenter\" src=\"http:\/\/blog.glutenmenteschef.hu\/wp-content\/uploads\/2018\/03\/makcharlotte-2-300x225.jpg\" alt=\"\" width=\"300\" height=\"225\" srcset=\"http:\/\/blog.glutenmenteschef.hu\/wp-content\/uploads\/2018\/03\/makcharlotte-2-300x225.jpg 300w, http:\/\/blog.glutenmenteschef.hu\/wp-content\/uploads\/2018\/03\/makcharlotte-2-768x576.jpg 768w\" sizes=\"auto, (max-width: 300px) 100vw, 300px\" \/><\/p>\n<p>&nbsp;<\/p>\n<p><img loading=\"lazy\" decoding=\"async\" class=\"size-medium wp-image-13828 aligncenter\" src=\"http:\/\/blog.glutenmenteschef.hu\/wp-content\/uploads\/2018\/03\/makcharlotte-3-300x215.jpg\" alt=\"\" width=\"300\" height=\"215\" srcset=\"http:\/\/blog.glutenmenteschef.hu\/wp-content\/uploads\/2018\/03\/makcharlotte-3-300x215.jpg 300w, http:\/\/blog.glutenmenteschef.hu\/wp-content\/uploads\/2018\/03\/makcharlotte-3-768x550.jpg 768w\" sizes=\"auto, (max-width: 300px) 100vw, 300px\" \/><\/p>\n<p>&nbsp;<\/p>\n<p style=\"text-align: center;\">Tejmentes k\u00f3kusztejes kr\u00e9m<\/p>\n<p style=\"text-align: center;\">1000 ml Coconut k\u00f3kusztej<br \/>\n8 db L-es m\u00e9ret\u0171 toj\u00e1s<br \/>\n80 g rizsliszt<br \/>\n50 g kem\u00e9ny\u00edt\u0151<br \/>\n240 g krist\u00e1lycukor<br \/>\n20 g van\u00edli\u00e1s cukor<br \/>\n20 g porzselatin<\/p>\n<p>A toj\u00e1sokat kett\u00e9v\u00e1lasztjuk. A s\u00e1rg\u00e1j\u00e1t csom\u00f3mentesre keverj\u00fck a van\u00edli\u00e1s cukorral \u00e9s a kem\u00e9ny\u00edt\u0151vel.<br \/>\nFolyamatos keverget\u00e9s mellett felv\u00e1ltva \u00f6ntj\u00fck hozz\u00e1 a k\u00f3kusztejet valamint a rizslisztet \u00e9s hozz\u00e1adjuk a zselatint is. Ezut\u00e1n alacsony l\u00e1ngon addig meleg\u00edtj\u00fck folyamatosan kevergetve, m\u00edg puffog\u00f3, s\u0171r\u0171 pudingos \u00e1llag\u00fav\u00e1 s\u0171r\u0171s\u00f6dik.<\/p>\n<p>A krist\u00e1lycukrot 100 g v\u00edzzel 118 fokosra felf\u0151zz\u00fck. Majd az ez id\u0151 alatt f\u00e9lig felvert toj\u00e1sfeh\u00e9rj\u00e9hez csorgatjuk v\u00e9kony sug\u00e1rban, mik\u00f6zben k\u00f6zepes fokozaton keverj\u00fck a g\u00e9pi habver\u0151vel. 2 perc alatt habb\u00e1 verj\u00fck, majd a m\u00e9g forr\u00f3 s\u00e1rga kr\u00e9mbe forgatjuk, am\u00edg egynem\u0171 nem lesz.<\/p>\n<p>A kr\u00e9met a pisk\u00f3t\u00e1val kib\u00e9lelt t\u00e1lba \u00f6ntj\u00fck, ha maradt pisk\u00f3taszelet a kr\u00e9m tetej\u00e9re tehetj\u00fck. Mikor szoba h\u0151m\u00e9rs\u00e9klet\u0171re h\u0171lt, folpackkal lefedve minimum 3 \u00f3ra hossz\u00e1t a h\u0171t\u0151ben dermesztj\u00fck.<br \/>\nA charlotte-ot kiford\u00edtjuk egy nagym\u00e9ret\u0171 t\u00e1lra, a folpackot \u00f3vatosan levessz\u00fck r\u00f3la.<\/p>\n<p><img loading=\"lazy\" decoding=\"async\" class=\"size-medium wp-image-13829 aligncenter\" src=\"http:\/\/blog.glutenmenteschef.hu\/wp-content\/uploads\/2018\/03\/makcharlotte-4-300x225.jpg\" alt=\"\" width=\"300\" height=\"225\" srcset=\"http:\/\/blog.glutenmenteschef.hu\/wp-content\/uploads\/2018\/03\/makcharlotte-4-300x225.jpg 300w, http:\/\/blog.glutenmenteschef.hu\/wp-content\/uploads\/2018\/03\/makcharlotte-4-768x576.jpg 768w\" sizes=\"auto, (max-width: 300px) 100vw, 300px\" \/><\/p>\n<p style=\"text-align: center;\">Gy\u00fcm\u00f6lccsel d\u00edsz\u00edthetj\u00fck.<\/p>\n<p><img loading=\"lazy\" decoding=\"async\" class=\"size-medium wp-image-13830 aligncenter\" src=\"http:\/\/blog.glutenmenteschef.hu\/wp-content\/uploads\/2018\/03\/makcharlotte-6-300x225.jpg\" alt=\"\" width=\"300\" height=\"225\" srcset=\"http:\/\/blog.glutenmenteschef.hu\/wp-content\/uploads\/2018\/03\/makcharlotte-6-300x225.jpg 300w, http:\/\/blog.glutenmenteschef.hu\/wp-content\/uploads\/2018\/03\/makcharlotte-6-768x576.jpg 768w\" sizes=\"auto, (max-width: 300px) 100vw, 300px\" \/><\/p>\n<p><img loading=\"lazy\" decoding=\"async\" class=\"size-medium wp-image-13838 aligncenter\" src=\"http:\/\/blog.glutenmenteschef.hu\/wp-content\/uploads\/2018\/03\/makcharlotte-9-300x225.jpg\" alt=\"\" width=\"300\" height=\"225\" srcset=\"http:\/\/blog.glutenmenteschef.hu\/wp-content\/uploads\/2018\/03\/makcharlotte-9-300x225.jpg 300w, http:\/\/blog.glutenmenteschef.hu\/wp-content\/uploads\/2018\/03\/makcharlotte-9-768x576.jpg 768w\" sizes=\"auto, (max-width: 300px) 100vw, 300px\" \/><\/p>\n<p><img loading=\"lazy\" decoding=\"async\" class=\"size-medium wp-image-13836 aligncenter\" src=\"http:\/\/blog.glutenmenteschef.hu\/wp-content\/uploads\/2018\/03\/makcharlotte-10-300x225.jpg\" alt=\"\" width=\"300\" height=\"225\" srcset=\"http:\/\/blog.glutenmenteschef.hu\/wp-content\/uploads\/2018\/03\/makcharlotte-10-300x225.jpg 300w, http:\/\/blog.glutenmenteschef.hu\/wp-content\/uploads\/2018\/03\/makcharlotte-10-768x576.jpg 768w\" sizes=\"auto, (max-width: 300px) 100vw, 300px\" \/><\/p>\n","protected":false},"excerpt":{"rendered":"<p>M\u00e1k Charlotte glut\u00e9n- \u00e9s tejmentes &nbsp; &nbsp; M\u00e1kt\u00f6ltel\u00e9k 300 g dar\u00e1lt m\u00e1k 180 g cukor 15 ml rumaroma 1 g citromh\u00e9j 1 g narancsh\u00e9j 200 ml v\u00edz 20 g van\u00edli\u00e1s cukor 1 csipet s\u00f3 A cukrot a v\u00edzzel felf\u0151zz\u00fck, beletessz\u00fck a m\u00e1kot, elkeverj\u00fck \u00e9s leh\u00fazzuk a t\u0171zr\u0151l. Ezut\u00e1n hozz\u00e1adjuk az \u00f6sszes t\u00f6bbi hozz\u00e1val\u00f3t, majd \u00edgy <br \/><a class=\"more\" href=\"http:\/\/blog.glutenmenteschef.hu\/index.php\/2018\/03\/07\/mak-charlotte-gluten-es-tejmentesen\/\">Read more&#8230; <\/a><\/p>\n","protected":false},"author":1,"featured_media":13825,"comment_status":"open","ping_status":"open","sticky":false,"template":"","format":"standard","meta":{"footnotes":""},"categories":[27,335],"tags":[342,5,114,327,286,157,343,326],"class_list":["post-13820","post","type-post","status-publish","format-standard","has-post-thumbnail","hentry","category-desszert","category-rizslisztbol-keszitettem","tag-charlotte","tag-glutenmentes","tag-glutenmentes-piskota","tag-kokusztej","tag-mak","tag-piskota-rizslisztbol","tag-piskotatekercs-glutenmentesen","tag-tejmentes"],"yoast_head":"<!-- This site is optimized with the Yoast SEO plugin v26.5 - https:\/\/yoast.com\/wordpress\/plugins\/seo\/ -->\n<title>M\u00c1K CHARLOTTE GLUT\u00c9N- \u00c9S TEJMENTESEN &#8211; Glut\u00e9nmentes Chef blog - \u00c1tol Tibor<\/title>\n<meta name=\"robots\" content=\"index, follow, max-snippet:-1, max-image-preview:large, max-video-preview:-1\" \/>\n<link rel=\"canonical\" href=\"http:\/\/blog.glutenmenteschef.hu\/index.php\/2018\/03\/07\/mak-charlotte-gluten-es-tejmentesen\/\" \/>\n<meta property=\"og:locale\" content=\"hu_HU\" \/>\n<meta property=\"og:type\" content=\"article\" \/>\n<meta property=\"og:title\" content=\"M\u00c1K CHARLOTTE GLUT\u00c9N- \u00c9S TEJMENTESEN &#8211; Glut\u00e9nmentes Chef blog - \u00c1tol Tibor\" \/>\n<meta property=\"og:description\" content=\"M\u00e1k Charlotte glut\u00e9n- \u00e9s tejmentes &nbsp; &nbsp; M\u00e1kt\u00f6ltel\u00e9k 300 g dar\u00e1lt m\u00e1k 180 g cukor 15 ml rumaroma 1 g citromh\u00e9j 1 g narancsh\u00e9j 200 ml v\u00edz 20 g van\u00edli\u00e1s cukor 1 csipet s\u00f3 A cukrot a v\u00edzzel felf\u0151zz\u00fck, beletessz\u00fck a m\u00e1kot, elkeverj\u00fck \u00e9s leh\u00fazzuk a t\u0171zr\u0151l. Ezut\u00e1n hozz\u00e1adjuk az \u00f6sszes t\u00f6bbi hozz\u00e1val\u00f3t, majd \u00edgy Read more...\" \/>\n<meta property=\"og:url\" content=\"http:\/\/blog.glutenmenteschef.hu\/index.php\/2018\/03\/07\/mak-charlotte-gluten-es-tejmentesen\/\" \/>\n<meta property=\"og:site_name\" content=\"Glut\u00e9nmentes Chef blog - \u00c1tol Tibor\" \/>\n<meta property=\"article:publisher\" content=\"https:\/\/www.facebook.com\/aglutenmentessef\" \/>\n<meta property=\"article:author\" content=\"https:\/\/www.facebook.com\/aglutenmentessef\" \/>\n<meta property=\"article:published_time\" content=\"2018-03-07T21:52:40+00:00\" \/>\n<meta property=\"article:modified_time\" content=\"2018-09-05T21:03:15+00:00\" \/>\n<meta property=\"og:image\" content=\"http:\/\/blog.glutenmenteschef.hu\/wp-content\/uploads\/2018\/03\/makcharlotte-5-e1520370706334.jpg\" \/>\n\t<meta property=\"og:image:width\" content=\"1024\" \/>\n\t<meta property=\"og:image:height\" content=\"768\" \/>\n\t<meta property=\"og:image:type\" content=\"image\/jpeg\" \/>\n<meta name=\"author\" content=\"gmchef\" \/>\n<meta name=\"twitter:card\" content=\"summary_large_image\" \/>\n<meta name=\"twitter:label1\" content=\"Szerz\u0151:\" \/>\n\t<meta name=\"twitter:data1\" content=\"gmchef\" \/>\n\t<meta name=\"twitter:label2\" content=\"Becs\u00fclt olvas\u00e1si id\u0151\" \/>\n\t<meta name=\"twitter:data2\" content=\"3 perc\" \/>\n<script type=\"application\/ld+json\" class=\"yoast-schema-graph\">{\"@context\":\"https:\/\/schema.org\",\"@graph\":[{\"@type\":\"Article\",\"@id\":\"http:\/\/blog.glutenmenteschef.hu\/index.php\/2018\/03\/07\/mak-charlotte-gluten-es-tejmentesen\/#article\",\"isPartOf\":{\"@id\":\"http:\/\/blog.glutenmenteschef.hu\/index.php\/2018\/03\/07\/mak-charlotte-gluten-es-tejmentesen\/\"},\"author\":{\"name\":\"gmchef\",\"@id\":\"https:\/\/blog.glutenmenteschef.hu\/#\/schema\/person\/c07613f0b6c0f12f90b8cb23cf32754a\"},\"headline\":\"M\u00c1K CHARLOTTE GLUT\u00c9N- \u00c9S TEJMENTESEN\",\"datePublished\":\"2018-03-07T21:52:40+00:00\",\"dateModified\":\"2018-09-05T21:03:15+00:00\",\"mainEntityOfPage\":{\"@id\":\"http:\/\/blog.glutenmenteschef.hu\/index.php\/2018\/03\/07\/mak-charlotte-gluten-es-tejmentesen\/\"},\"wordCount\":638,\"commentCount\":0,\"publisher\":{\"@id\":\"https:\/\/blog.glutenmenteschef.hu\/#\/schema\/person\/c07613f0b6c0f12f90b8cb23cf32754a\"},\"image\":{\"@id\":\"http:\/\/blog.glutenmenteschef.hu\/index.php\/2018\/03\/07\/mak-charlotte-gluten-es-tejmentesen\/#primaryimage\"},\"thumbnailUrl\":\"http:\/\/blog.glutenmenteschef.hu\/wp-content\/uploads\/2018\/03\/makcharlotte-5-e1520370706334.jpg\",\"keywords\":[\"charlotte\",\"glut\u00e9nmentes\",\"glut\u00e9nmentes pisk\u00f3ta\",\"k\u00f3kusztej\",\"m\u00e1k\",\"pisk\u00f3ta rizslisztb\u0151l\",\"pisk\u00f3tatekercs glut\u00e9nmentesen\",\"tejmentes\"],\"articleSection\":[\"Desszert-S\u00fctem\u00e9ny\",\"Rizslisztb\u0151l k\u00e9sz\u00edtettem\"],\"inLanguage\":\"hu\",\"potentialAction\":[{\"@type\":\"CommentAction\",\"name\":\"Comment\",\"target\":[\"http:\/\/blog.glutenmenteschef.hu\/index.php\/2018\/03\/07\/mak-charlotte-gluten-es-tejmentesen\/#respond\"]}]},{\"@type\":\"WebPage\",\"@id\":\"http:\/\/blog.glutenmenteschef.hu\/index.php\/2018\/03\/07\/mak-charlotte-gluten-es-tejmentesen\/\",\"url\":\"http:\/\/blog.glutenmenteschef.hu\/index.php\/2018\/03\/07\/mak-charlotte-gluten-es-tejmentesen\/\",\"name\":\"M\u00c1K CHARLOTTE GLUT\u00c9N- \u00c9S TEJMENTESEN &#8211; Glut\u00e9nmentes Chef blog - \u00c1tol Tibor\",\"isPartOf\":{\"@id\":\"https:\/\/blog.glutenmenteschef.hu\/#website\"},\"primaryImageOfPage\":{\"@id\":\"http:\/\/blog.glutenmenteschef.hu\/index.php\/2018\/03\/07\/mak-charlotte-gluten-es-tejmentesen\/#primaryimage\"},\"image\":{\"@id\":\"http:\/\/blog.glutenmenteschef.hu\/index.php\/2018\/03\/07\/mak-charlotte-gluten-es-tejmentesen\/#primaryimage\"},\"thumbnailUrl\":\"http:\/\/blog.glutenmenteschef.hu\/wp-content\/uploads\/2018\/03\/makcharlotte-5-e1520370706334.jpg\",\"datePublished\":\"2018-03-07T21:52:40+00:00\",\"dateModified\":\"2018-09-05T21:03:15+00:00\",\"breadcrumb\":{\"@id\":\"http:\/\/blog.glutenmenteschef.hu\/index.php\/2018\/03\/07\/mak-charlotte-gluten-es-tejmentesen\/#breadcrumb\"},\"inLanguage\":\"hu\",\"potentialAction\":[{\"@type\":\"ReadAction\",\"target\":[\"http:\/\/blog.glutenmenteschef.hu\/index.php\/2018\/03\/07\/mak-charlotte-gluten-es-tejmentesen\/\"]}]},{\"@type\":\"ImageObject\",\"inLanguage\":\"hu\",\"@id\":\"http:\/\/blog.glutenmenteschef.hu\/index.php\/2018\/03\/07\/mak-charlotte-gluten-es-tejmentesen\/#primaryimage\",\"url\":\"http:\/\/blog.glutenmenteschef.hu\/wp-content\/uploads\/2018\/03\/makcharlotte-5-e1520370706334.jpg\",\"contentUrl\":\"http:\/\/blog.glutenmenteschef.hu\/wp-content\/uploads\/2018\/03\/makcharlotte-5-e1520370706334.jpg\",\"width\":1024,\"height\":768},{\"@type\":\"BreadcrumbList\",\"@id\":\"http:\/\/blog.glutenmenteschef.hu\/index.php\/2018\/03\/07\/mak-charlotte-gluten-es-tejmentesen\/#breadcrumb\",\"itemListElement\":[{\"@type\":\"ListItem\",\"position\":1,\"name\":\"Home\",\"item\":\"https:\/\/blog.glutenmenteschef.hu\/\"},{\"@type\":\"ListItem\",\"position\":2,\"name\":\"M\u00c1K CHARLOTTE GLUT\u00c9N- \u00c9S TEJMENTESEN\"}]},{\"@type\":\"WebSite\",\"@id\":\"https:\/\/blog.glutenmenteschef.hu\/#website\",\"url\":\"https:\/\/blog.glutenmenteschef.hu\/\",\"name\":\"Glut\u00e9nmentes Chef blog - \u00c1tol Tibor\",\"description\":\"Glut\u00e9nmentes \u00e9telek, glut\u00e9nmentes receptek, glut\u00e9nmentes vide\u00f3k\",\"publisher\":{\"@id\":\"https:\/\/blog.glutenmenteschef.hu\/#\/schema\/person\/c07613f0b6c0f12f90b8cb23cf32754a\"},\"potentialAction\":[{\"@type\":\"SearchAction\",\"target\":{\"@type\":\"EntryPoint\",\"urlTemplate\":\"https:\/\/blog.glutenmenteschef.hu\/?s={search_term_string}\"},\"query-input\":{\"@type\":\"PropertyValueSpecification\",\"valueRequired\":true,\"valueName\":\"search_term_string\"}}],\"inLanguage\":\"hu\"},{\"@type\":[\"Person\",\"Organization\"],\"@id\":\"https:\/\/blog.glutenmenteschef.hu\/#\/schema\/person\/c07613f0b6c0f12f90b8cb23cf32754a\",\"name\":\"gmchef\",\"image\":{\"@type\":\"ImageObject\",\"inLanguage\":\"hu\",\"@id\":\"https:\/\/blog.glutenmenteschef.hu\/#\/schema\/person\/image\/\",\"url\":\"https:\/\/secure.gravatar.com\/avatar\/363a4977321cb6fa3321b7ac93139b68e56af77880ae9fd5a3b2e7a8279f6d74?s=96&d=mm&r=g\",\"contentUrl\":\"https:\/\/secure.gravatar.com\/avatar\/363a4977321cb6fa3321b7ac93139b68e56af77880ae9fd5a3b2e7a8279f6d74?s=96&d=mm&r=g\",\"caption\":\"gmchef\"},\"logo\":{\"@id\":\"https:\/\/blog.glutenmenteschef.hu\/#\/schema\/person\/image\/\"},\"sameAs\":[\"https:\/\/www.facebook.com\/aglutenmentessef\"]}]}<\/script>\n<!-- \/ Yoast SEO plugin. -->","yoast_head_json":{"title":"M\u00c1K CHARLOTTE GLUT\u00c9N- \u00c9S TEJMENTESEN &#8211; Glut\u00e9nmentes Chef blog - \u00c1tol Tibor","robots":{"index":"index","follow":"follow","max-snippet":"max-snippet:-1","max-image-preview":"max-image-preview:large","max-video-preview":"max-video-preview:-1"},"canonical":"http:\/\/blog.glutenmenteschef.hu\/index.php\/2018\/03\/07\/mak-charlotte-gluten-es-tejmentesen\/","og_locale":"hu_HU","og_type":"article","og_title":"M\u00c1K CHARLOTTE GLUT\u00c9N- \u00c9S TEJMENTESEN &#8211; Glut\u00e9nmentes Chef blog - \u00c1tol Tibor","og_description":"M\u00e1k Charlotte glut\u00e9n- \u00e9s tejmentes &nbsp; &nbsp; M\u00e1kt\u00f6ltel\u00e9k 300 g dar\u00e1lt m\u00e1k 180 g cukor 15 ml rumaroma 1 g citromh\u00e9j 1 g narancsh\u00e9j 200 ml v\u00edz 20 g van\u00edli\u00e1s cukor 1 csipet s\u00f3 A cukrot a v\u00edzzel felf\u0151zz\u00fck, beletessz\u00fck a m\u00e1kot, elkeverj\u00fck \u00e9s leh\u00fazzuk a t\u0171zr\u0151l. Ezut\u00e1n hozz\u00e1adjuk az \u00f6sszes t\u00f6bbi hozz\u00e1val\u00f3t, majd \u00edgy Read more...","og_url":"http:\/\/blog.glutenmenteschef.hu\/index.php\/2018\/03\/07\/mak-charlotte-gluten-es-tejmentesen\/","og_site_name":"Glut\u00e9nmentes Chef blog - \u00c1tol Tibor","article_publisher":"https:\/\/www.facebook.com\/aglutenmentessef","article_author":"https:\/\/www.facebook.com\/aglutenmentessef","article_published_time":"2018-03-07T21:52:40+00:00","article_modified_time":"2018-09-05T21:03:15+00:00","og_image":[{"width":1024,"height":768,"url":"http:\/\/blog.glutenmenteschef.hu\/wp-content\/uploads\/2018\/03\/makcharlotte-5-e1520370706334.jpg","type":"image\/jpeg"}],"author":"gmchef","twitter_card":"summary_large_image","twitter_misc":{"Szerz\u0151:":"gmchef","Becs\u00fclt olvas\u00e1si id\u0151":"3 perc"},"schema":{"@context":"https:\/\/schema.org","@graph":[{"@type":"Article","@id":"http:\/\/blog.glutenmenteschef.hu\/index.php\/2018\/03\/07\/mak-charlotte-gluten-es-tejmentesen\/#article","isPartOf":{"@id":"http:\/\/blog.glutenmenteschef.hu\/index.php\/2018\/03\/07\/mak-charlotte-gluten-es-tejmentesen\/"},"author":{"name":"gmchef","@id":"https:\/\/blog.glutenmenteschef.hu\/#\/schema\/person\/c07613f0b6c0f12f90b8cb23cf32754a"},"headline":"M\u00c1K CHARLOTTE GLUT\u00c9N- \u00c9S TEJMENTESEN","datePublished":"2018-03-07T21:52:40+00:00","dateModified":"2018-09-05T21:03:15+00:00","mainEntityOfPage":{"@id":"http:\/\/blog.glutenmenteschef.hu\/index.php\/2018\/03\/07\/mak-charlotte-gluten-es-tejmentesen\/"},"wordCount":638,"commentCount":0,"publisher":{"@id":"https:\/\/blog.glutenmenteschef.hu\/#\/schema\/person\/c07613f0b6c0f12f90b8cb23cf32754a"},"image":{"@id":"http:\/\/blog.glutenmenteschef.hu\/index.php\/2018\/03\/07\/mak-charlotte-gluten-es-tejmentesen\/#primaryimage"},"thumbnailUrl":"http:\/\/blog.glutenmenteschef.hu\/wp-content\/uploads\/2018\/03\/makcharlotte-5-e1520370706334.jpg","keywords":["charlotte","glut\u00e9nmentes","glut\u00e9nmentes pisk\u00f3ta","k\u00f3kusztej","m\u00e1k","pisk\u00f3ta rizslisztb\u0151l","pisk\u00f3tatekercs glut\u00e9nmentesen","tejmentes"],"articleSection":["Desszert-S\u00fctem\u00e9ny","Rizslisztb\u0151l k\u00e9sz\u00edtettem"],"inLanguage":"hu","potentialAction":[{"@type":"CommentAction","name":"Comment","target":["http:\/\/blog.glutenmenteschef.hu\/index.php\/2018\/03\/07\/mak-charlotte-gluten-es-tejmentesen\/#respond"]}]},{"@type":"WebPage","@id":"http:\/\/blog.glutenmenteschef.hu\/index.php\/2018\/03\/07\/mak-charlotte-gluten-es-tejmentesen\/","url":"http:\/\/blog.glutenmenteschef.hu\/index.php\/2018\/03\/07\/mak-charlotte-gluten-es-tejmentesen\/","name":"M\u00c1K CHARLOTTE GLUT\u00c9N- \u00c9S TEJMENTESEN &#8211; Glut\u00e9nmentes Chef blog - \u00c1tol Tibor","isPartOf":{"@id":"https:\/\/blog.glutenmenteschef.hu\/#website"},"primaryImageOfPage":{"@id":"http:\/\/blog.glutenmenteschef.hu\/index.php\/2018\/03\/07\/mak-charlotte-gluten-es-tejmentesen\/#primaryimage"},"image":{"@id":"http:\/\/blog.glutenmenteschef.hu\/index.php\/2018\/03\/07\/mak-charlotte-gluten-es-tejmentesen\/#primaryimage"},"thumbnailUrl":"http:\/\/blog.glutenmenteschef.hu\/wp-content\/uploads\/2018\/03\/makcharlotte-5-e1520370706334.jpg","datePublished":"2018-03-07T21:52:40+00:00","dateModified":"2018-09-05T21:03:15+00:00","breadcrumb":{"@id":"http:\/\/blog.glutenmenteschef.hu\/index.php\/2018\/03\/07\/mak-charlotte-gluten-es-tejmentesen\/#breadcrumb"},"inLanguage":"hu","potentialAction":[{"@type":"ReadAction","target":["http:\/\/blog.glutenmenteschef.hu\/index.php\/2018\/03\/07\/mak-charlotte-gluten-es-tejmentesen\/"]}]},{"@type":"ImageObject","inLanguage":"hu","@id":"http:\/\/blog.glutenmenteschef.hu\/index.php\/2018\/03\/07\/mak-charlotte-gluten-es-tejmentesen\/#primaryimage","url":"http:\/\/blog.glutenmenteschef.hu\/wp-content\/uploads\/2018\/03\/makcharlotte-5-e1520370706334.jpg","contentUrl":"http:\/\/blog.glutenmenteschef.hu\/wp-content\/uploads\/2018\/03\/makcharlotte-5-e1520370706334.jpg","width":1024,"height":768},{"@type":"BreadcrumbList","@id":"http:\/\/blog.glutenmenteschef.hu\/index.php\/2018\/03\/07\/mak-charlotte-gluten-es-tejmentesen\/#breadcrumb","itemListElement":[{"@type":"ListItem","position":1,"name":"Home","item":"https:\/\/blog.glutenmenteschef.hu\/"},{"@type":"ListItem","position":2,"name":"M\u00c1K CHARLOTTE GLUT\u00c9N- \u00c9S TEJMENTESEN"}]},{"@type":"WebSite","@id":"https:\/\/blog.glutenmenteschef.hu\/#website","url":"https:\/\/blog.glutenmenteschef.hu\/","name":"Glut\u00e9nmentes Chef blog - \u00c1tol Tibor","description":"Glut\u00e9nmentes \u00e9telek, glut\u00e9nmentes receptek, glut\u00e9nmentes vide\u00f3k","publisher":{"@id":"https:\/\/blog.glutenmenteschef.hu\/#\/schema\/person\/c07613f0b6c0f12f90b8cb23cf32754a"},"potentialAction":[{"@type":"SearchAction","target":{"@type":"EntryPoint","urlTemplate":"https:\/\/blog.glutenmenteschef.hu\/?s={search_term_string}"},"query-input":{"@type":"PropertyValueSpecification","valueRequired":true,"valueName":"search_term_string"}}],"inLanguage":"hu"},{"@type":["Person","Organization"],"@id":"https:\/\/blog.glutenmenteschef.hu\/#\/schema\/person\/c07613f0b6c0f12f90b8cb23cf32754a","name":"gmchef","image":{"@type":"ImageObject","inLanguage":"hu","@id":"https:\/\/blog.glutenmenteschef.hu\/#\/schema\/person\/image\/","url":"https:\/\/secure.gravatar.com\/avatar\/363a4977321cb6fa3321b7ac93139b68e56af77880ae9fd5a3b2e7a8279f6d74?s=96&d=mm&r=g","contentUrl":"https:\/\/secure.gravatar.com\/avatar\/363a4977321cb6fa3321b7ac93139b68e56af77880ae9fd5a3b2e7a8279f6d74?s=96&d=mm&r=g","caption":"gmchef"},"logo":{"@id":"https:\/\/blog.glutenmenteschef.hu\/#\/schema\/person\/image\/"},"sameAs":["https:\/\/www.facebook.com\/aglutenmentessef"]}]}},"_links":{"self":[{"href":"http:\/\/blog.glutenmenteschef.hu\/index.php\/wp-json\/wp\/v2\/posts\/13820","targetHints":{"allow":["GET"]}}],"collection":[{"href":"http:\/\/blog.glutenmenteschef.hu\/index.php\/wp-json\/wp\/v2\/posts"}],"about":[{"href":"http:\/\/blog.glutenmenteschef.hu\/index.php\/wp-json\/wp\/v2\/types\/post"}],"author":[{"embeddable":true,"href":"http:\/\/blog.glutenmenteschef.hu\/index.php\/wp-json\/wp\/v2\/users\/1"}],"replies":[{"embeddable":true,"href":"http:\/\/blog.glutenmenteschef.hu\/index.php\/wp-json\/wp\/v2\/comments?post=13820"}],"version-history":[{"count":0,"href":"http:\/\/blog.glutenmenteschef.hu\/index.php\/wp-json\/wp\/v2\/posts\/13820\/revisions"}],"wp:featuredmedia":[{"embeddable":true,"href":"http:\/\/blog.glutenmenteschef.hu\/index.php\/wp-json\/wp\/v2\/media\/13825"}],"wp:attachment":[{"href":"http:\/\/blog.glutenmenteschef.hu\/index.php\/wp-json\/wp\/v2\/media?parent=13820"}],"wp:term":[{"taxonomy":"category","embeddable":true,"href":"http:\/\/blog.glutenmenteschef.hu\/index.php\/wp-json\/wp\/v2\/categories?post=13820"},{"taxonomy":"post_tag","embeddable":true,"href":"http:\/\/blog.glutenmenteschef.hu\/index.php\/wp-json\/wp\/v2\/tags?post=13820"}],"curies":[{"name":"wp","href":"https:\/\/api.w.org\/{rel}","templated":true}]}}