{"id":13217,"date":"2018-03-03T08:24:11","date_gmt":"2018-03-03T08:24:11","guid":{"rendered":"http:\/\/blog.glutenmenteschef.hu\/?p=13217"},"modified":"2023-01-24T09:10:36","modified_gmt":"2023-01-24T09:10:36","slug":"rakoczi-turos","status":"publish","type":"post","link":"http:\/\/blog.glutenmenteschef.hu\/index.php\/2018\/03\/03\/rakoczi-turos\/","title":{"rendered":"R\u00c1K\u00d3CZI T\u00daR\u00d3S GLUT\u00c9NMENTESEN"},"content":{"rendered":"\n<h3 class=\"has-text-align-center wp-block-heading\"><strong>R\u00e1k\u00f3czi t\u00far\u00f3s glut\u00e9nmentesen<\/strong><br><br><br><\/h3>\n\n\n\n<div class=\"wp-block-image\"><figure class=\"aligncenter size-full is-resized\"><img loading=\"lazy\" decoding=\"async\" src=\"https:\/\/blog.glutenmenteschef.hu\/wp-content\/uploads\/2018\/03\/rakoczituros-14.jpg\" alt=\"\" class=\"wp-image-27733\" width=\"485\" height=\"367\" srcset=\"http:\/\/blog.glutenmenteschef.hu\/wp-content\/uploads\/2018\/03\/rakoczituros-14.jpg 969w, http:\/\/blog.glutenmenteschef.hu\/wp-content\/uploads\/2018\/03\/rakoczituros-14-300x227.jpg 300w, http:\/\/blog.glutenmenteschef.hu\/wp-content\/uploads\/2018\/03\/rakoczituros-14-768x582.jpg 768w\" sizes=\"auto, (max-width: 485px) 100vw, 485px\" \/><figcaption><br><br><br><\/figcaption><\/figure><\/div>\n\n\n\n<p class=\"has-text-align-center\"><strong>T\u00e9szta:<\/strong><br>450 g rizsliszt<br>300 g vaj<br>150 g cukor<br>4 db L- es m\u00e9ret\u0171 toj\u00e1s s\u00e1rg\u00e1ja<br>1 g reszelt citromh\u00e9j<br>1 g \u00fatif\u0171magh\u00e9j<br><\/p>\n\n\n\n<p class=\"has-text-align-center\"><strong>T\u00far\u00f3t\u00f6ltel\u00e9k:<\/strong><br>900 g f\u00e9lzs\u00edros teh\u00e9n t\u00far\u00f3 ( NEM r\u00f6g\u00f6s! )<br>250 g cukor<br>20 g van\u00edli\u00e1s cukor<br>1-1 g citrom \u00e9s narancs reszelt h\u00e9ja<br>40 g burgonyapehely<br><\/p>\n\n\n\n<p class=\"has-text-align-center\"><strong>Hab 1:<\/strong><br>4 db L-es toj\u00e1s feh\u00e9rje<br>120 g cukor<br>0.5 dl v\u00edz<br><\/p>\n\n\n\n<p class=\"has-text-align-center\">S\u00e1rgabarack lekv\u00e1r<br><br><br><\/p>\n\n\n\n<div class=\"wp-block-image\"><figure class=\"aligncenter\"><img loading=\"lazy\" decoding=\"async\" width=\"300\" height=\"153\" src=\"http:\/\/blog.glutenmenteschef.hu\/wp-content\/uploads\/2018\/03\/rakoczituros-11a-300x153.jpg\" alt=\"\" class=\"wp-image-27735\" srcset=\"http:\/\/blog.glutenmenteschef.hu\/wp-content\/uploads\/2018\/03\/rakoczituros-11a-300x153.jpg 300w, http:\/\/blog.glutenmenteschef.hu\/wp-content\/uploads\/2018\/03\/rakoczituros-11a-768x391.jpg 768w, http:\/\/blog.glutenmenteschef.hu\/wp-content\/uploads\/2018\/03\/rakoczituros-11a.jpg 1008w\" sizes=\"auto, (max-width: 300px) 100vw, 300px\" \/><\/figure><\/div>\n\n\n\n<p><strong>A t\u00f6ltel\u00e9k elk\u00e9sz\u00edt\u00e9se:<\/strong><br>A t\u00far\u00f3t lecukrozzuk \u00e9s f\u00e9l \u00f3r\u00e1t \u00e1llni hagyjuk, ezut\u00e1n \u00e1tt\u00f6rj\u00fck \u00e9s hozz\u00e1keverj\u00fck a t\u00f6bbi hozz\u00e1val\u00f3t.<\/p>\n\n\n\n<p>A t\u00e9szta hozz\u00e1val\u00f3it \u00f6sszegy\u00farjuk. Folpackkal letakarva 30 percre a h\u0171t\u0151be tessz\u00fck. A s\u00fct\u0151forma m\u00e9ret\u00e9re ny\u00fajtjuk \u00e9s belesim\u00edtjuk.&nbsp; Akkora tepsit v\u00e1lasszunk, hogy a t\u00e9szta kiny\u00fajtva kb. 1 cm vastag legyen.<br>Megszurk\u00e1ljuk \u00e9s 180 fokon als\u00f3-fels\u0151 s\u00fct\u00e9si m\u00f3dozaton 15 percig el\u0151s\u00fctj\u00fck.<br><br><\/p>\n\n\n\n<div class=\"wp-block-image\"><figure class=\"aligncenter\"><img loading=\"lazy\" decoding=\"async\" width=\"300\" height=\"225\" src=\"http:\/\/blog.glutenmenteschef.hu\/wp-content\/uploads\/2018\/02\/rakoczituros-1-300x225.jpg\" alt=\"\" class=\"wp-image-13221\" srcset=\"http:\/\/blog.glutenmenteschef.hu\/wp-content\/uploads\/2018\/02\/rakoczituros-1-300x225.jpg 300w, http:\/\/blog.glutenmenteschef.hu\/wp-content\/uploads\/2018\/02\/rakoczituros-1-768x576.jpg 768w\" sizes=\"auto, (max-width: 300px) 100vw, 300px\" \/><\/figure><\/div>\n\n\n\n<p><br><br>Kih\u0171tj\u00fck, majd \u00f3vatosan eloszlatjuk rajta a t\u00far\u00f3t\u00f6ltel\u00e9ket. <\/p>\n\n\n\n<p>A 120 g cukorb\u00f3l \u00e9s a 0.5 dl v\u00edzb\u0151l szirupot f\u0151z\u00fcnk. Ez azt jelenti, hogy 118 fokig meleg\u00edtj\u00fck. Folyamatos kever\u00e9s mellett v\u00e9kony sug\u00e1rban csorgatva adjuk hozz\u00e1 a f\u00e9lig felvert toj\u00e1sfeh\u00e9rj\u00e9hez, amit ezut\u00e1n addig kever\u00fcnk tov\u00e1bb, am\u00edg s\u0171r\u0171 hab lesz bel\u0151le. Habzs\u00e1k \u00e9s csillagcs\u0151 seg\u00edts\u00e9g\u00e9vel r\u00e9zsutosan egym\u00e1st\u00f3l 5 cm t\u00e1vols\u00e1gban l\u00e9v\u0151 cs\u00edkokat h\u00fazunk a t\u00far\u00f3ra, majd keresztir\u00e1nyban is megd\u00edsz\u00edtj\u00fck a habbal.<\/p>\n\n\n\n<h5 class=\"wp-block-heading\"><br><strong>S\u00c9F TIPP:<\/strong><\/h5>\n\n\n\n<p>Habzs\u00e1kot r\u00f6gt\u00f6n\u00f6zhet\u00fcnk \u00fagy is, hogy tiszta nejlonzacsk\u00f3 cs\u00fccsk\u00e9t lev\u00e1gjuk, a habot belet\u00f6ltj\u00fck \u00e9s ennek seg\u00edts\u00e9g\u00e9vel d\u00edsz\u00edt\u00fcnk.<br><br><br><\/p>\n\n\n\n<div class=\"wp-block-image\"><figure class=\"aligncenter\"><img loading=\"lazy\" decoding=\"async\" width=\"225\" height=\"300\" src=\"http:\/\/blog.glutenmenteschef.hu\/wp-content\/uploads\/2018\/02\/rakoczituros-2-225x300.jpg\" alt=\"\" class=\"wp-image-13222\" srcset=\"http:\/\/blog.glutenmenteschef.hu\/wp-content\/uploads\/2018\/02\/rakoczituros-2-225x300.jpg 225w, http:\/\/blog.glutenmenteschef.hu\/wp-content\/uploads\/2018\/02\/rakoczituros-2-768x1024.jpg 768w\" sizes=\"auto, (max-width: 225px) 100vw, 225px\" \/><\/figure><\/div>\n\n\n\n<p><br><br><br>A s\u00fctem\u00e9nyt 100 fokos s\u00fct\u0151be t\u00e9ve, als\u00f3-fels\u0151 s\u00fct\u00e9si m\u00f3dozaton kb. 40 percig sz\u00e1r\u00edtjuk a toj\u00e1shabot, \u00fcgyelve, hogy ne barnuljon meg a tetej\u00e9n.<br><\/p>\n\n\n\n<div class=\"wp-block-image\"><figure class=\"aligncenter\"><img loading=\"lazy\" decoding=\"async\" width=\"300\" height=\"225\" src=\"http:\/\/blog.glutenmenteschef.hu\/wp-content\/uploads\/2018\/03\/rakoczituros-8-300x225.jpg\" alt=\"\" class=\"wp-image-27738\" srcset=\"http:\/\/blog.glutenmenteschef.hu\/wp-content\/uploads\/2018\/03\/rakoczituros-8-300x225.jpg 300w, http:\/\/blog.glutenmenteschef.hu\/wp-content\/uploads\/2018\/03\/rakoczituros-8-768x576.jpg 768w, http:\/\/blog.glutenmenteschef.hu\/wp-content\/uploads\/2018\/03\/rakoczituros-8.jpg 1024w\" sizes=\"auto, (max-width: 300px) 100vw, 300px\" \/><\/figure><\/div>\n\n\n\n<p><br><br>Ha elk\u00e9sz\u00fclt \u00e9s kih\u0171lt a habcs\u00edkok k\u00f6z\u00f6tti \u00fcres kock\u00e1kat baracklekv\u00e1rral kit\u00f6ltj\u00fck. Kisebb m\u00e9ret\u0171 kock\u00e1kra v\u00e1gva t\u00e1laljuk.<br><br><\/p>\n\n\n\n<div class=\"wp-block-image\"><figure class=\"aligncenter\"><img loading=\"lazy\" decoding=\"async\" width=\"300\" height=\"225\" src=\"http:\/\/blog.glutenmenteschef.hu\/wp-content\/uploads\/2018\/03\/rakoczituros-12-1-300x225.jpg\" alt=\"\" class=\"wp-image-27740\" srcset=\"http:\/\/blog.glutenmenteschef.hu\/wp-content\/uploads\/2018\/03\/rakoczituros-12-1-300x225.jpg 300w, http:\/\/blog.glutenmenteschef.hu\/wp-content\/uploads\/2018\/03\/rakoczituros-12-1-768x576.jpg 768w, http:\/\/blog.glutenmenteschef.hu\/wp-content\/uploads\/2018\/03\/rakoczituros-12-1.jpg 1024w\" sizes=\"auto, (max-width: 300px) 100vw, 300px\" \/><\/figure><\/div>\n\n\n\n<div class=\"wp-block-image\"><figure class=\"aligncenter\"><img loading=\"lazy\" decoding=\"async\" width=\"300\" height=\"225\" src=\"http:\/\/blog.glutenmenteschef.hu\/wp-content\/uploads\/2018\/02\/rakoczituros-6-300x225.jpg\" alt=\"\" class=\"wp-image-13225\" srcset=\"http:\/\/blog.glutenmenteschef.hu\/wp-content\/uploads\/2018\/02\/rakoczituros-6-300x225.jpg 300w, http:\/\/blog.glutenmenteschef.hu\/wp-content\/uploads\/2018\/02\/rakoczituros-6-768x576.jpg 768w\" sizes=\"auto, (max-width: 300px) 100vw, 300px\" \/><\/figure><\/div>\n\n\n\n<div class=\"wp-block-image\"><figure class=\"aligncenter\"><img loading=\"lazy\" decoding=\"async\" width=\"300\" height=\"225\" src=\"http:\/\/blog.glutenmenteschef.hu\/wp-content\/uploads\/2018\/02\/rakoczituros-8-300x225.jpg\" alt=\"\" class=\"wp-image-13235\" srcset=\"http:\/\/blog.glutenmenteschef.hu\/wp-content\/uploads\/2018\/02\/rakoczituros-8-300x225.jpg 300w, http:\/\/blog.glutenmenteschef.hu\/wp-content\/uploads\/2018\/02\/rakoczituros-8-768x576.jpg 768w\" sizes=\"auto, (max-width: 300px) 100vw, 300px\" \/><\/figure><\/div>\n","protected":false},"excerpt":{"rendered":"<p>R\u00e1k\u00f3czi t\u00far\u00f3s glut\u00e9nmentesen T\u00e9szta:450 g rizsliszt300 g vaj150 g cukor4 db L- es m\u00e9ret\u0171 toj\u00e1s s\u00e1rg\u00e1ja1 g reszelt citromh\u00e9j1 g \u00fatif\u0171magh\u00e9j T\u00far\u00f3t\u00f6ltel\u00e9k:900 g f\u00e9lzs\u00edros teh\u00e9n t\u00far\u00f3 ( NEM r\u00f6g\u00f6s! )250 g cukor20 g van\u00edli\u00e1s cukor1-1 g citrom \u00e9s narancs reszelt h\u00e9ja40 g burgonyapehely Hab 1:4 db L-es toj\u00e1s feh\u00e9rje120 g cukor0.5 dl v\u00edz S\u00e1rgabarack lekv\u00e1r <br \/><a class=\"more\" href=\"http:\/\/blog.glutenmenteschef.hu\/index.php\/2018\/03\/03\/rakoczi-turos\/\">Read more&#8230; <\/a><\/p>\n","protected":false},"author":1,"featured_media":13234,"comment_status":"open","ping_status":"open","sticky":false,"template":"","format":"standard","meta":{"footnotes":""},"categories":[27,335],"tags":[5,341,3,162,340,339],"class_list":["post-13217","post","type-post","status-publish","format-standard","has-post-thumbnail","hentry","category-desszert","category-rizslisztbol-keszitettem","tag-glutenmentes","tag-glutenmentes-turos-pite","tag-pite","tag-pite-rizslisztbol","tag-rakoczi-turos","tag-turos-pite"],"yoast_head":"<!-- This site is optimized with the Yoast SEO plugin v26.5 - https:\/\/yoast.com\/wordpress\/plugins\/seo\/ -->\n<title>R\u00c1K\u00d3CZI T\u00daR\u00d3S GLUT\u00c9NMENTESEN &#8211; Glut\u00e9nmentes Chef blog - \u00c1tol Tibor<\/title>\n<meta name=\"robots\" content=\"index, follow, max-snippet:-1, max-image-preview:large, max-video-preview:-1\" \/>\n<link rel=\"canonical\" href=\"http:\/\/blog.glutenmenteschef.hu\/index.php\/2018\/03\/03\/rakoczi-turos\/\" \/>\n<meta property=\"og:locale\" content=\"hu_HU\" \/>\n<meta property=\"og:type\" content=\"article\" \/>\n<meta property=\"og:title\" content=\"R\u00c1K\u00d3CZI T\u00daR\u00d3S GLUT\u00c9NMENTESEN &#8211; Glut\u00e9nmentes Chef blog - \u00c1tol Tibor\" \/>\n<meta property=\"og:description\" content=\"R\u00e1k\u00f3czi t\u00far\u00f3s glut\u00e9nmentesen T\u00e9szta:450 g rizsliszt300 g vaj150 g cukor4 db L- es m\u00e9ret\u0171 toj\u00e1s s\u00e1rg\u00e1ja1 g reszelt citromh\u00e9j1 g \u00fatif\u0171magh\u00e9j T\u00far\u00f3t\u00f6ltel\u00e9k:900 g f\u00e9lzs\u00edros teh\u00e9n t\u00far\u00f3 ( NEM r\u00f6g\u00f6s! )250 g cukor20 g van\u00edli\u00e1s cukor1-1 g citrom \u00e9s narancs reszelt h\u00e9ja40 g burgonyapehely Hab 1:4 db L-es toj\u00e1s feh\u00e9rje120 g cukor0.5 dl v\u00edz S\u00e1rgabarack lekv\u00e1r Read more...\" \/>\n<meta property=\"og:url\" content=\"http:\/\/blog.glutenmenteschef.hu\/index.php\/2018\/03\/03\/rakoczi-turos\/\" \/>\n<meta property=\"og:site_name\" content=\"Glut\u00e9nmentes Chef blog - \u00c1tol Tibor\" \/>\n<meta property=\"article:publisher\" content=\"https:\/\/www.facebook.com\/aglutenmentessef\" \/>\n<meta property=\"article:author\" content=\"https:\/\/www.facebook.com\/aglutenmentessef\" \/>\n<meta property=\"article:published_time\" content=\"2018-03-03T08:24:11+00:00\" \/>\n<meta property=\"article:modified_time\" content=\"2023-01-24T09:10:36+00:00\" \/>\n<meta property=\"og:image\" content=\"http:\/\/blog.glutenmenteschef.hu\/wp-content\/uploads\/2018\/02\/rakoczituros-7-e1519849555281.jpg\" \/>\n\t<meta property=\"og:image:width\" content=\"1024\" \/>\n\t<meta property=\"og:image:height\" content=\"768\" \/>\n\t<meta property=\"og:image:type\" content=\"image\/jpeg\" \/>\n<meta name=\"author\" content=\"gmchef\" \/>\n<meta name=\"twitter:card\" content=\"summary_large_image\" \/>\n<meta name=\"twitter:label1\" content=\"Szerz\u0151:\" \/>\n\t<meta name=\"twitter:data1\" content=\"gmchef\" \/>\n\t<meta name=\"twitter:label2\" content=\"Becs\u00fclt olvas\u00e1si id\u0151\" \/>\n\t<meta name=\"twitter:data2\" content=\"3 perc\" \/>\n<script type=\"application\/ld+json\" class=\"yoast-schema-graph\">{\"@context\":\"https:\/\/schema.org\",\"@graph\":[{\"@type\":\"Article\",\"@id\":\"http:\/\/blog.glutenmenteschef.hu\/index.php\/2018\/03\/03\/rakoczi-turos\/#article\",\"isPartOf\":{\"@id\":\"http:\/\/blog.glutenmenteschef.hu\/index.php\/2018\/03\/03\/rakoczi-turos\/\"},\"author\":{\"name\":\"gmchef\",\"@id\":\"https:\/\/blog.glutenmenteschef.hu\/#\/schema\/person\/c07613f0b6c0f12f90b8cb23cf32754a\"},\"headline\":\"R\u00c1K\u00d3CZI T\u00daR\u00d3S GLUT\u00c9NMENTESEN\",\"datePublished\":\"2018-03-03T08:24:11+00:00\",\"dateModified\":\"2023-01-24T09:10:36+00:00\",\"mainEntityOfPage\":{\"@id\":\"http:\/\/blog.glutenmenteschef.hu\/index.php\/2018\/03\/03\/rakoczi-turos\/\"},\"wordCount\":392,\"commentCount\":0,\"publisher\":{\"@id\":\"https:\/\/blog.glutenmenteschef.hu\/#\/schema\/person\/c07613f0b6c0f12f90b8cb23cf32754a\"},\"image\":{\"@id\":\"http:\/\/blog.glutenmenteschef.hu\/index.php\/2018\/03\/03\/rakoczi-turos\/#primaryimage\"},\"thumbnailUrl\":\"http:\/\/blog.glutenmenteschef.hu\/wp-content\/uploads\/2018\/02\/rakoczituros-9-1-e1519849619472.jpg\",\"keywords\":[\"glut\u00e9nmentes\",\"glut\u00e9nmentes t\u00far\u00f3s pite\",\"pite\",\"pite rizslisztb\u0151l\",\"r\u00e1k\u00f3czi t\u00far\u00f3s\",\"t\u00far\u00f3s pite\"],\"articleSection\":[\"Desszert-S\u00fctem\u00e9ny\",\"Rizslisztb\u0151l k\u00e9sz\u00edtettem\"],\"inLanguage\":\"hu\",\"potentialAction\":[{\"@type\":\"CommentAction\",\"name\":\"Comment\",\"target\":[\"http:\/\/blog.glutenmenteschef.hu\/index.php\/2018\/03\/03\/rakoczi-turos\/#respond\"]}]},{\"@type\":\"WebPage\",\"@id\":\"http:\/\/blog.glutenmenteschef.hu\/index.php\/2018\/03\/03\/rakoczi-turos\/\",\"url\":\"http:\/\/blog.glutenmenteschef.hu\/index.php\/2018\/03\/03\/rakoczi-turos\/\",\"name\":\"R\u00c1K\u00d3CZI T\u00daR\u00d3S GLUT\u00c9NMENTESEN &#8211; Glut\u00e9nmentes Chef blog - \u00c1tol Tibor\",\"isPartOf\":{\"@id\":\"https:\/\/blog.glutenmenteschef.hu\/#website\"},\"primaryImageOfPage\":{\"@id\":\"http:\/\/blog.glutenmenteschef.hu\/index.php\/2018\/03\/03\/rakoczi-turos\/#primaryimage\"},\"image\":{\"@id\":\"http:\/\/blog.glutenmenteschef.hu\/index.php\/2018\/03\/03\/rakoczi-turos\/#primaryimage\"},\"thumbnailUrl\":\"http:\/\/blog.glutenmenteschef.hu\/wp-content\/uploads\/2018\/02\/rakoczituros-9-1-e1519849619472.jpg\",\"datePublished\":\"2018-03-03T08:24:11+00:00\",\"dateModified\":\"2023-01-24T09:10:36+00:00\",\"breadcrumb\":{\"@id\":\"http:\/\/blog.glutenmenteschef.hu\/index.php\/2018\/03\/03\/rakoczi-turos\/#breadcrumb\"},\"inLanguage\":\"hu\",\"potentialAction\":[{\"@type\":\"ReadAction\",\"target\":[\"http:\/\/blog.glutenmenteschef.hu\/index.php\/2018\/03\/03\/rakoczi-turos\/\"]}]},{\"@type\":\"ImageObject\",\"inLanguage\":\"hu\",\"@id\":\"http:\/\/blog.glutenmenteschef.hu\/index.php\/2018\/03\/03\/rakoczi-turos\/#primaryimage\",\"url\":\"http:\/\/blog.glutenmenteschef.hu\/wp-content\/uploads\/2018\/02\/rakoczituros-9-1-e1519849619472.jpg\",\"contentUrl\":\"http:\/\/blog.glutenmenteschef.hu\/wp-content\/uploads\/2018\/02\/rakoczituros-9-1-e1519849619472.jpg\",\"width\":1024,\"height\":768},{\"@type\":\"BreadcrumbList\",\"@id\":\"http:\/\/blog.glutenmenteschef.hu\/index.php\/2018\/03\/03\/rakoczi-turos\/#breadcrumb\",\"itemListElement\":[{\"@type\":\"ListItem\",\"position\":1,\"name\":\"Home\",\"item\":\"https:\/\/blog.glutenmenteschef.hu\/\"},{\"@type\":\"ListItem\",\"position\":2,\"name\":\"R\u00c1K\u00d3CZI T\u00daR\u00d3S GLUT\u00c9NMENTESEN\"}]},{\"@type\":\"WebSite\",\"@id\":\"https:\/\/blog.glutenmenteschef.hu\/#website\",\"url\":\"https:\/\/blog.glutenmenteschef.hu\/\",\"name\":\"Glut\u00e9nmentes Chef blog - \u00c1tol Tibor\",\"description\":\"Glut\u00e9nmentes \u00e9telek, glut\u00e9nmentes receptek, glut\u00e9nmentes vide\u00f3k\",\"publisher\":{\"@id\":\"https:\/\/blog.glutenmenteschef.hu\/#\/schema\/person\/c07613f0b6c0f12f90b8cb23cf32754a\"},\"potentialAction\":[{\"@type\":\"SearchAction\",\"target\":{\"@type\":\"EntryPoint\",\"urlTemplate\":\"https:\/\/blog.glutenmenteschef.hu\/?s={search_term_string}\"},\"query-input\":{\"@type\":\"PropertyValueSpecification\",\"valueRequired\":true,\"valueName\":\"search_term_string\"}}],\"inLanguage\":\"hu\"},{\"@type\":[\"Person\",\"Organization\"],\"@id\":\"https:\/\/blog.glutenmenteschef.hu\/#\/schema\/person\/c07613f0b6c0f12f90b8cb23cf32754a\",\"name\":\"gmchef\",\"image\":{\"@type\":\"ImageObject\",\"inLanguage\":\"hu\",\"@id\":\"https:\/\/blog.glutenmenteschef.hu\/#\/schema\/person\/image\/\",\"url\":\"https:\/\/secure.gravatar.com\/avatar\/363a4977321cb6fa3321b7ac93139b68e56af77880ae9fd5a3b2e7a8279f6d74?s=96&d=mm&r=g\",\"contentUrl\":\"https:\/\/secure.gravatar.com\/avatar\/363a4977321cb6fa3321b7ac93139b68e56af77880ae9fd5a3b2e7a8279f6d74?s=96&d=mm&r=g\",\"caption\":\"gmchef\"},\"logo\":{\"@id\":\"https:\/\/blog.glutenmenteschef.hu\/#\/schema\/person\/image\/\"},\"sameAs\":[\"https:\/\/www.facebook.com\/aglutenmentessef\"]}]}<\/script>\n<!-- \/ Yoast SEO plugin. -->","yoast_head_json":{"title":"R\u00c1K\u00d3CZI T\u00daR\u00d3S GLUT\u00c9NMENTESEN &#8211; Glut\u00e9nmentes Chef blog - \u00c1tol Tibor","robots":{"index":"index","follow":"follow","max-snippet":"max-snippet:-1","max-image-preview":"max-image-preview:large","max-video-preview":"max-video-preview:-1"},"canonical":"http:\/\/blog.glutenmenteschef.hu\/index.php\/2018\/03\/03\/rakoczi-turos\/","og_locale":"hu_HU","og_type":"article","og_title":"R\u00c1K\u00d3CZI T\u00daR\u00d3S GLUT\u00c9NMENTESEN &#8211; Glut\u00e9nmentes Chef blog - \u00c1tol Tibor","og_description":"R\u00e1k\u00f3czi t\u00far\u00f3s glut\u00e9nmentesen T\u00e9szta:450 g rizsliszt300 g vaj150 g cukor4 db L- es m\u00e9ret\u0171 toj\u00e1s s\u00e1rg\u00e1ja1 g reszelt citromh\u00e9j1 g \u00fatif\u0171magh\u00e9j T\u00far\u00f3t\u00f6ltel\u00e9k:900 g f\u00e9lzs\u00edros teh\u00e9n t\u00far\u00f3 ( NEM r\u00f6g\u00f6s! )250 g cukor20 g van\u00edli\u00e1s cukor1-1 g citrom \u00e9s narancs reszelt h\u00e9ja40 g burgonyapehely Hab 1:4 db L-es toj\u00e1s feh\u00e9rje120 g cukor0.5 dl v\u00edz S\u00e1rgabarack lekv\u00e1r Read more...","og_url":"http:\/\/blog.glutenmenteschef.hu\/index.php\/2018\/03\/03\/rakoczi-turos\/","og_site_name":"Glut\u00e9nmentes Chef blog - \u00c1tol Tibor","article_publisher":"https:\/\/www.facebook.com\/aglutenmentessef","article_author":"https:\/\/www.facebook.com\/aglutenmentessef","article_published_time":"2018-03-03T08:24:11+00:00","article_modified_time":"2023-01-24T09:10:36+00:00","og_image":[{"width":1024,"height":768,"url":"http:\/\/blog.glutenmenteschef.hu\/wp-content\/uploads\/2018\/02\/rakoczituros-7-e1519849555281.jpg","type":"image\/jpeg"}],"author":"gmchef","twitter_card":"summary_large_image","twitter_misc":{"Szerz\u0151:":"gmchef","Becs\u00fclt olvas\u00e1si id\u0151":"3 perc"},"schema":{"@context":"https:\/\/schema.org","@graph":[{"@type":"Article","@id":"http:\/\/blog.glutenmenteschef.hu\/index.php\/2018\/03\/03\/rakoczi-turos\/#article","isPartOf":{"@id":"http:\/\/blog.glutenmenteschef.hu\/index.php\/2018\/03\/03\/rakoczi-turos\/"},"author":{"name":"gmchef","@id":"https:\/\/blog.glutenmenteschef.hu\/#\/schema\/person\/c07613f0b6c0f12f90b8cb23cf32754a"},"headline":"R\u00c1K\u00d3CZI T\u00daR\u00d3S GLUT\u00c9NMENTESEN","datePublished":"2018-03-03T08:24:11+00:00","dateModified":"2023-01-24T09:10:36+00:00","mainEntityOfPage":{"@id":"http:\/\/blog.glutenmenteschef.hu\/index.php\/2018\/03\/03\/rakoczi-turos\/"},"wordCount":392,"commentCount":0,"publisher":{"@id":"https:\/\/blog.glutenmenteschef.hu\/#\/schema\/person\/c07613f0b6c0f12f90b8cb23cf32754a"},"image":{"@id":"http:\/\/blog.glutenmenteschef.hu\/index.php\/2018\/03\/03\/rakoczi-turos\/#primaryimage"},"thumbnailUrl":"http:\/\/blog.glutenmenteschef.hu\/wp-content\/uploads\/2018\/02\/rakoczituros-9-1-e1519849619472.jpg","keywords":["glut\u00e9nmentes","glut\u00e9nmentes t\u00far\u00f3s pite","pite","pite rizslisztb\u0151l","r\u00e1k\u00f3czi t\u00far\u00f3s","t\u00far\u00f3s pite"],"articleSection":["Desszert-S\u00fctem\u00e9ny","Rizslisztb\u0151l k\u00e9sz\u00edtettem"],"inLanguage":"hu","potentialAction":[{"@type":"CommentAction","name":"Comment","target":["http:\/\/blog.glutenmenteschef.hu\/index.php\/2018\/03\/03\/rakoczi-turos\/#respond"]}]},{"@type":"WebPage","@id":"http:\/\/blog.glutenmenteschef.hu\/index.php\/2018\/03\/03\/rakoczi-turos\/","url":"http:\/\/blog.glutenmenteschef.hu\/index.php\/2018\/03\/03\/rakoczi-turos\/","name":"R\u00c1K\u00d3CZI T\u00daR\u00d3S GLUT\u00c9NMENTESEN &#8211; Glut\u00e9nmentes Chef blog - \u00c1tol Tibor","isPartOf":{"@id":"https:\/\/blog.glutenmenteschef.hu\/#website"},"primaryImageOfPage":{"@id":"http:\/\/blog.glutenmenteschef.hu\/index.php\/2018\/03\/03\/rakoczi-turos\/#primaryimage"},"image":{"@id":"http:\/\/blog.glutenmenteschef.hu\/index.php\/2018\/03\/03\/rakoczi-turos\/#primaryimage"},"thumbnailUrl":"http:\/\/blog.glutenmenteschef.hu\/wp-content\/uploads\/2018\/02\/rakoczituros-9-1-e1519849619472.jpg","datePublished":"2018-03-03T08:24:11+00:00","dateModified":"2023-01-24T09:10:36+00:00","breadcrumb":{"@id":"http:\/\/blog.glutenmenteschef.hu\/index.php\/2018\/03\/03\/rakoczi-turos\/#breadcrumb"},"inLanguage":"hu","potentialAction":[{"@type":"ReadAction","target":["http:\/\/blog.glutenmenteschef.hu\/index.php\/2018\/03\/03\/rakoczi-turos\/"]}]},{"@type":"ImageObject","inLanguage":"hu","@id":"http:\/\/blog.glutenmenteschef.hu\/index.php\/2018\/03\/03\/rakoczi-turos\/#primaryimage","url":"http:\/\/blog.glutenmenteschef.hu\/wp-content\/uploads\/2018\/02\/rakoczituros-9-1-e1519849619472.jpg","contentUrl":"http:\/\/blog.glutenmenteschef.hu\/wp-content\/uploads\/2018\/02\/rakoczituros-9-1-e1519849619472.jpg","width":1024,"height":768},{"@type":"BreadcrumbList","@id":"http:\/\/blog.glutenmenteschef.hu\/index.php\/2018\/03\/03\/rakoczi-turos\/#breadcrumb","itemListElement":[{"@type":"ListItem","position":1,"name":"Home","item":"https:\/\/blog.glutenmenteschef.hu\/"},{"@type":"ListItem","position":2,"name":"R\u00c1K\u00d3CZI T\u00daR\u00d3S GLUT\u00c9NMENTESEN"}]},{"@type":"WebSite","@id":"https:\/\/blog.glutenmenteschef.hu\/#website","url":"https:\/\/blog.glutenmenteschef.hu\/","name":"Glut\u00e9nmentes Chef blog - \u00c1tol Tibor","description":"Glut\u00e9nmentes \u00e9telek, glut\u00e9nmentes receptek, glut\u00e9nmentes vide\u00f3k","publisher":{"@id":"https:\/\/blog.glutenmenteschef.hu\/#\/schema\/person\/c07613f0b6c0f12f90b8cb23cf32754a"},"potentialAction":[{"@type":"SearchAction","target":{"@type":"EntryPoint","urlTemplate":"https:\/\/blog.glutenmenteschef.hu\/?s={search_term_string}"},"query-input":{"@type":"PropertyValueSpecification","valueRequired":true,"valueName":"search_term_string"}}],"inLanguage":"hu"},{"@type":["Person","Organization"],"@id":"https:\/\/blog.glutenmenteschef.hu\/#\/schema\/person\/c07613f0b6c0f12f90b8cb23cf32754a","name":"gmchef","image":{"@type":"ImageObject","inLanguage":"hu","@id":"https:\/\/blog.glutenmenteschef.hu\/#\/schema\/person\/image\/","url":"https:\/\/secure.gravatar.com\/avatar\/363a4977321cb6fa3321b7ac93139b68e56af77880ae9fd5a3b2e7a8279f6d74?s=96&d=mm&r=g","contentUrl":"https:\/\/secure.gravatar.com\/avatar\/363a4977321cb6fa3321b7ac93139b68e56af77880ae9fd5a3b2e7a8279f6d74?s=96&d=mm&r=g","caption":"gmchef"},"logo":{"@id":"https:\/\/blog.glutenmenteschef.hu\/#\/schema\/person\/image\/"},"sameAs":["https:\/\/www.facebook.com\/aglutenmentessef"]}]}},"_links":{"self":[{"href":"http:\/\/blog.glutenmenteschef.hu\/index.php\/wp-json\/wp\/v2\/posts\/13217","targetHints":{"allow":["GET"]}}],"collection":[{"href":"http:\/\/blog.glutenmenteschef.hu\/index.php\/wp-json\/wp\/v2\/posts"}],"about":[{"href":"http:\/\/blog.glutenmenteschef.hu\/index.php\/wp-json\/wp\/v2\/types\/post"}],"author":[{"embeddable":true,"href":"http:\/\/blog.glutenmenteschef.hu\/index.php\/wp-json\/wp\/v2\/users\/1"}],"replies":[{"embeddable":true,"href":"http:\/\/blog.glutenmenteschef.hu\/index.php\/wp-json\/wp\/v2\/comments?post=13217"}],"version-history":[{"count":0,"href":"http:\/\/blog.glutenmenteschef.hu\/index.php\/wp-json\/wp\/v2\/posts\/13217\/revisions"}],"wp:featuredmedia":[{"embeddable":true,"href":"http:\/\/blog.glutenmenteschef.hu\/index.php\/wp-json\/wp\/v2\/media\/13234"}],"wp:attachment":[{"href":"http:\/\/blog.glutenmenteschef.hu\/index.php\/wp-json\/wp\/v2\/media?parent=13217"}],"wp:term":[{"taxonomy":"category","embeddable":true,"href":"http:\/\/blog.glutenmenteschef.hu\/index.php\/wp-json\/wp\/v2\/categories?post=13217"},{"taxonomy":"post_tag","embeddable":true,"href":"http:\/\/blog.glutenmenteschef.hu\/index.php\/wp-json\/wp\/v2\/tags?post=13217"}],"curies":[{"name":"wp","href":"https:\/\/api.w.org\/{rel}","templated":true}]}}