{"id":12707,"date":"2018-02-23T21:21:55","date_gmt":"2018-02-23T21:21:55","guid":{"rendered":"http:\/\/blog.glutenmenteschef.hu\/?p=12707"},"modified":"2021-03-16T20:09:04","modified_gmt":"2021-03-16T20:09:04","slug":"almas-pite-2","status":"publish","type":"post","link":"http:\/\/blog.glutenmenteschef.hu\/index.php\/2018\/02\/23\/almas-pite-2\/","title":{"rendered":"ALM\u00c1S PITE 2"},"content":{"rendered":"\n<h3 class=\"has-text-align-center wp-block-heading\">Alm\u00e1s pite 2<\/h3>\n\n\n\n<p class=\"has-text-align-center\"><strong> 23 x 23 cm-es kapcsos tepsit haszn\u00e1ltam. <\/strong><br><br><\/p>\n\n\n\n<p>A t\u00f6ltel\u00e9ket \u00e9n egy kicsit m\u00e1sk\u00e9pp k\u00e9sz\u00edtem, mert \u00edgy jobban ki\u00e9rz\u0151dik a pit\u00e9b\u0151l az alma savanyk\u00e1s \u00edze. Mivel nincs el\u0151tte megf\u0151zve, ez\u00e9rt nem is t\u00f6pped \u00f6ssze. \u00cdgy a s\u00fct\u00e9s sor\u00e1n is kevesebb levet ereszt, ez \u00e1ltal &#8222;l\u00e9k\u00f6t\u0151nek&#8221; is kevesebb pehely \/ morzsa sz\u00fcks\u00e9ges.<br><br><\/p>\n\n\n\n<div class=\"wp-block-image\"><figure class=\"aligncenter\"><img loading=\"lazy\" decoding=\"async\" width=\"300\" height=\"225\" src=\"http:\/\/blog.glutenmenteschef.hu\/wp-content\/uploads\/2018\/02\/almaspite1-300x225.jpg\" alt=\"\" class=\"wp-image-12708\" srcset=\"http:\/\/blog.glutenmenteschef.hu\/wp-content\/uploads\/2018\/02\/almaspite1-300x225.jpg 300w, http:\/\/blog.glutenmenteschef.hu\/wp-content\/uploads\/2018\/02\/almaspite1-768x576.jpg 768w\" sizes=\"auto, (max-width: 300px) 100vw, 300px\" \/><\/figure><\/div>\n\n\n\n<div class=\"wp-block-image\"><figure class=\"aligncenter\"><img loading=\"lazy\" decoding=\"async\" width=\"300\" height=\"230\" src=\"http:\/\/blog.glutenmenteschef.hu\/wp-content\/uploads\/2018\/02\/almaspite5-300x230.jpg\" alt=\"\" class=\"wp-image-12710\"\/><\/figure><\/div>\n\n\n\n<p class=\"has-text-align-center\"><br>450 g rizsliszt<br>300 g vaj<br>150 g cukor<br>2 db L-es m\u00e9ret\u0171 toj\u00e1s<br>1 g reszelt citromh\u00e9j<br>1 g \u00fatif\u0171magh\u00e9j ( elhagyhat\u00f3 )<br>10 g s\u00fct\u0151por<\/p>\n\n\n\n<p class=\"has-text-align-center\">+1 db toj\u00e1s a ken\u00e9shez<\/p>\n\n\n\n<p class=\"has-text-align-center\"><strong>T\u00f6ltel\u00e9k:<\/strong><br>2 kg alma<br>150 g porcukor<br>2 g fah\u00e9j<br>30 &#8211; 40 g reggeliz\u0151pehely\/ morzsa\/ burgonyapehely<br><br><\/p>\n\n\n\n<div class=\"wp-block-image\"><figure class=\"aligncenter\"><img loading=\"lazy\" decoding=\"async\" width=\"300\" height=\"225\" src=\"http:\/\/blog.glutenmenteschef.hu\/wp-content\/uploads\/2018\/02\/almaspite2-300x225.jpg\" alt=\"\" class=\"wp-image-12709\" srcset=\"http:\/\/blog.glutenmenteschef.hu\/wp-content\/uploads\/2018\/02\/almaspite2-300x225.jpg 300w, http:\/\/blog.glutenmenteschef.hu\/wp-content\/uploads\/2018\/02\/almaspite2-768x576.jpg 768w\" sizes=\"auto, (max-width: 300px) 100vw, 300px\" \/><\/figure><\/div>\n\n\n\n<p><br><br>A t\u00e9szta hozz\u00e1val\u00f3it alaposan \u00f6sszegy\u00farjuk. Folpackkal letakarva 30 percre a h\u0171t\u0151be tessz\u00fck.<br>Az \u00fatif\u0171magh\u00e9j a receptb\u0151l ak\u00e1r el is hagyhat\u00f3, DE! Ett\u0151l az 1 grammt\u00f3l egy nagyon ruganyos, k\u00f6nnyen kezelhet\u0151 t\u00e9szt\u00e1t kapunk.<\/p>\n\n\n\n<p><br><strong>S\u00c9F TIPP 1:<\/strong><br>Pr\u00f3b\u00e1ljunk viszonylag gyorsan dolgozni, hogy a benne l\u00e9v\u0151 vaj min\u00e9l kev\u00e9sb\u00e9 olvadjon meg. Ha m\u00e9gis nehezen b\u00edrn\u00e1nk a t\u00e9szt\u00e1val, mert t\u00falmelegedett \u00e9s szakad, gy\u00farjuk \u00f6ssze \u00e9s folpackba csomagolva tegy\u00fck vissza a h\u0171t\u0151be, am\u00edg visszadermed. Majd folytassuk a munk\u00e1t tov\u00e1bb.<\/p>\n\n\n\n<p>Kett\u00e9szedj\u00fck a pihentetett t\u00e9szt\u00e1t, az egyik fel\u00e9t visszatessz\u00fck a  h\u0171t\u0151be, m\u00edg a m\u00e1sik fel\u00e9t b\u0151ven lisztezett fel\u00fcleten kiny\u00fajtjuk \u00e9s a tepsibe helyezz\u00fck. A t\u00e9szt\u00e1t vill\u00e1val megszurk\u00e1ljuk, majd a 180 fokra  el\u0151meleg\u00edtett s\u00fct\u0151ben als\u00f3-fels\u0151 s\u00fct\u00e9si \u00e1ll\u00e1son 15-20 perc alatt el\u0151s\u00fctj\u00fck.  Hagyjuk kih\u0171lni.  <\/p>\n\n\n\n<p><br>A t\u00e9szt\u00e1t megsz\u00f3rjuk a pehellyel. A megh\u00e1mozott alm\u00e1t uborkagyaluval v\u00e9konyra szeletelj\u00fck \u00e9s egy sort fektet\u00fcnk a t\u00e9szt\u00e1nkra. V\u00e9konyan meghintj\u00fck a fah\u00e9jjal \u00f6sszekevert cukorral, majd \u00fajabb sor alma \u00e9s fah\u00e9jsz\u00f3r\u00e1s k\u00f6vetkezik, am\u00edg el nem fogy a t\u00f6ltel\u00e9k\u00fcnk.<br>Ha maradt m\u00e9g cukor, azt a tetej\u00e9re sz\u00f3rjuk. <br><br>A t\u00e9szta m\u00e1sik fel\u00e9t is b\u0151ven lisztezett fel\u00fcleten kiny\u00fajtjuk \u00e9s befedj\u00fck vele az alm\u00e1t. A tetej\u00e9t megszurk\u00e1ljuk \u00e9s felvert eg\u00e9sz toj\u00e1ssal lekenj\u00fck.<br><\/p>\n\n\n\n<p>10 percig 180 fokon s\u00fct\u00f6ttem h\u0151l\u00e9gkever\u00e9ssel, majd \u00e1t\u00e1ll\u00edtottam 180  fok als\u00f3-fels\u0151 s\u00fct\u00e9sre \u00e9s \u00edgy m\u00e9g tov\u00e1bbi 30 percig s\u00fctj\u00fck. A s\u00fct\u00e9s elej\u00e9n  teljesen sima volt a pite fel\u00fclete, de a s\u00fct\u0151ben szinte &#8222;felf\u00faj\u00f3dott&#8221;, amit\u0151l m\u00e9g oml\u00f3sabb lett. <br><br><\/p>\n\n\n\n<div class=\"wp-block-image\"><figure class=\"aligncenter\"><img loading=\"lazy\" decoding=\"async\" width=\"300\" height=\"225\" src=\"http:\/\/blog.glutenmenteschef.hu\/wp-content\/uploads\/2018\/02\/almaspite4-300x225.jpg\" alt=\"\" class=\"wp-image-12711\" srcset=\"http:\/\/blog.glutenmenteschef.hu\/wp-content\/uploads\/2018\/02\/almaspite4-300x225.jpg 300w, http:\/\/blog.glutenmenteschef.hu\/wp-content\/uploads\/2018\/02\/almaspite4-768x576.jpg 768w\" sizes=\"auto, (max-width: 300px) 100vw, 300px\" \/><\/figure><\/div>\n","protected":false},"excerpt":{"rendered":"<p>Alm\u00e1s pite 2 23 x 23 cm-es kapcsos tepsit haszn\u00e1ltam. A t\u00f6ltel\u00e9ket \u00e9n egy kicsit m\u00e1sk\u00e9pp k\u00e9sz\u00edtem, mert \u00edgy jobban ki\u00e9rz\u0151dik a pit\u00e9b\u0151l az alma savanyk\u00e1s \u00edze. Mivel nincs el\u0151tte megf\u0151zve, ez\u00e9rt nem is t\u00f6pped \u00f6ssze. \u00cdgy a s\u00fct\u00e9s sor\u00e1n is kevesebb levet ereszt, ez \u00e1ltal &#8222;l\u00e9k\u00f6t\u0151nek&#8221; is kevesebb pehely \/ morzsa sz\u00fcks\u00e9ges. 450 g <br \/><a class=\"more\" href=\"http:\/\/blog.glutenmenteschef.hu\/index.php\/2018\/02\/23\/almas-pite-2\/\">Read more&#8230; <\/a><\/p>\n","protected":false},"author":1,"featured_media":12712,"comment_status":"open","ping_status":"open","sticky":false,"template":"","format":"standard","meta":{"footnotes":""},"categories":[27,335],"tags":[4,6,190],"class_list":["post-12707","post","type-post","status-publish","format-standard","has-post-thumbnail","hentry","category-desszert","category-rizslisztbol-keszitettem","tag-almas-pite","tag-glutenmentes-almas-pite","tag-rizsliszt"],"yoast_head":"<!-- This site is optimized with the Yoast SEO plugin v26.5 - https:\/\/yoast.com\/wordpress\/plugins\/seo\/ -->\n<title>ALM\u00c1S PITE 2 &#8211; Glut\u00e9nmentes Chef blog - \u00c1tol Tibor<\/title>\n<meta name=\"robots\" content=\"index, follow, max-snippet:-1, max-image-preview:large, max-video-preview:-1\" \/>\n<link rel=\"canonical\" href=\"http:\/\/blog.glutenmenteschef.hu\/index.php\/2018\/02\/23\/almas-pite-2\/\" \/>\n<meta property=\"og:locale\" content=\"hu_HU\" \/>\n<meta property=\"og:type\" content=\"article\" \/>\n<meta property=\"og:title\" content=\"ALM\u00c1S PITE 2 &#8211; Glut\u00e9nmentes Chef blog - \u00c1tol Tibor\" \/>\n<meta property=\"og:description\" content=\"Alm\u00e1s pite 2 23 x 23 cm-es kapcsos tepsit haszn\u00e1ltam. A t\u00f6ltel\u00e9ket \u00e9n egy kicsit m\u00e1sk\u00e9pp k\u00e9sz\u00edtem, mert \u00edgy jobban ki\u00e9rz\u0151dik a pit\u00e9b\u0151l az alma savanyk\u00e1s \u00edze. Mivel nincs el\u0151tte megf\u0151zve, ez\u00e9rt nem is t\u00f6pped \u00f6ssze. \u00cdgy a s\u00fct\u00e9s sor\u00e1n is kevesebb levet ereszt, ez \u00e1ltal &#8222;l\u00e9k\u00f6t\u0151nek&#8221; is kevesebb pehely \/ morzsa sz\u00fcks\u00e9ges. 450 g Read more...\" \/>\n<meta property=\"og:url\" content=\"http:\/\/blog.glutenmenteschef.hu\/index.php\/2018\/02\/23\/almas-pite-2\/\" \/>\n<meta property=\"og:site_name\" content=\"Glut\u00e9nmentes Chef blog - \u00c1tol Tibor\" \/>\n<meta property=\"article:publisher\" content=\"https:\/\/www.facebook.com\/aglutenmentessef\" \/>\n<meta property=\"article:author\" content=\"https:\/\/www.facebook.com\/aglutenmentessef\" \/>\n<meta property=\"article:published_time\" content=\"2018-02-23T21:21:55+00:00\" \/>\n<meta property=\"article:modified_time\" content=\"2021-03-16T20:09:04+00:00\" \/>\n<meta name=\"author\" content=\"gmchef\" \/>\n<meta name=\"twitter:card\" content=\"summary_large_image\" \/>\n<meta name=\"twitter:image\" content=\"http:\/\/blog.glutenmenteschef.hu\/wp-content\/uploads\/2018\/02\/almaspite6-e1519419283569.jpg\" \/>\n<meta name=\"twitter:label1\" content=\"Szerz\u0151:\" \/>\n\t<meta name=\"twitter:data1\" content=\"gmchef\" \/>\n\t<meta name=\"twitter:label2\" content=\"Becs\u00fclt olvas\u00e1si id\u0151\" \/>\n\t<meta name=\"twitter:data2\" content=\"3 perc\" \/>\n<script type=\"application\/ld+json\" class=\"yoast-schema-graph\">{\"@context\":\"https:\/\/schema.org\",\"@graph\":[{\"@type\":\"Article\",\"@id\":\"http:\/\/blog.glutenmenteschef.hu\/index.php\/2018\/02\/23\/almas-pite-2\/#article\",\"isPartOf\":{\"@id\":\"http:\/\/blog.glutenmenteschef.hu\/index.php\/2018\/02\/23\/almas-pite-2\/\"},\"author\":{\"name\":\"gmchef\",\"@id\":\"https:\/\/blog.glutenmenteschef.hu\/#\/schema\/person\/c07613f0b6c0f12f90b8cb23cf32754a\"},\"headline\":\"ALM\u00c1S PITE 2\",\"datePublished\":\"2018-02-23T21:21:55+00:00\",\"dateModified\":\"2021-03-16T20:09:04+00:00\",\"mainEntityOfPage\":{\"@id\":\"http:\/\/blog.glutenmenteschef.hu\/index.php\/2018\/02\/23\/almas-pite-2\/\"},\"wordCount\":462,\"commentCount\":0,\"publisher\":{\"@id\":\"https:\/\/blog.glutenmenteschef.hu\/#\/schema\/person\/c07613f0b6c0f12f90b8cb23cf32754a\"},\"image\":{\"@id\":\"http:\/\/blog.glutenmenteschef.hu\/index.php\/2018\/02\/23\/almas-pite-2\/#primaryimage\"},\"thumbnailUrl\":\"http:\/\/blog.glutenmenteschef.hu\/wp-content\/uploads\/2018\/02\/almaspite6-e1519419283569.jpg\",\"keywords\":[\"alm\u00e1s pite\",\"glut\u00e9nmentes alm\u00e1s pite\",\"rizsliszt\"],\"articleSection\":[\"Desszert-S\u00fctem\u00e9ny\",\"Rizslisztb\u0151l k\u00e9sz\u00edtettem\"],\"inLanguage\":\"hu\",\"potentialAction\":[{\"@type\":\"CommentAction\",\"name\":\"Comment\",\"target\":[\"http:\/\/blog.glutenmenteschef.hu\/index.php\/2018\/02\/23\/almas-pite-2\/#respond\"]}]},{\"@type\":\"WebPage\",\"@id\":\"http:\/\/blog.glutenmenteschef.hu\/index.php\/2018\/02\/23\/almas-pite-2\/\",\"url\":\"http:\/\/blog.glutenmenteschef.hu\/index.php\/2018\/02\/23\/almas-pite-2\/\",\"name\":\"ALM\u00c1S PITE 2 &#8211; Glut\u00e9nmentes Chef blog - \u00c1tol Tibor\",\"isPartOf\":{\"@id\":\"https:\/\/blog.glutenmenteschef.hu\/#website\"},\"primaryImageOfPage\":{\"@id\":\"http:\/\/blog.glutenmenteschef.hu\/index.php\/2018\/02\/23\/almas-pite-2\/#primaryimage\"},\"image\":{\"@id\":\"http:\/\/blog.glutenmenteschef.hu\/index.php\/2018\/02\/23\/almas-pite-2\/#primaryimage\"},\"thumbnailUrl\":\"http:\/\/blog.glutenmenteschef.hu\/wp-content\/uploads\/2018\/02\/almaspite6-e1519419283569.jpg\",\"datePublished\":\"2018-02-23T21:21:55+00:00\",\"dateModified\":\"2021-03-16T20:09:04+00:00\",\"breadcrumb\":{\"@id\":\"http:\/\/blog.glutenmenteschef.hu\/index.php\/2018\/02\/23\/almas-pite-2\/#breadcrumb\"},\"inLanguage\":\"hu\",\"potentialAction\":[{\"@type\":\"ReadAction\",\"target\":[\"http:\/\/blog.glutenmenteschef.hu\/index.php\/2018\/02\/23\/almas-pite-2\/\"]}]},{\"@type\":\"ImageObject\",\"inLanguage\":\"hu\",\"@id\":\"http:\/\/blog.glutenmenteschef.hu\/index.php\/2018\/02\/23\/almas-pite-2\/#primaryimage\",\"url\":\"http:\/\/blog.glutenmenteschef.hu\/wp-content\/uploads\/2018\/02\/almaspite6-e1519419283569.jpg\",\"contentUrl\":\"http:\/\/blog.glutenmenteschef.hu\/wp-content\/uploads\/2018\/02\/almaspite6-e1519419283569.jpg\",\"width\":1024,\"height\":768},{\"@type\":\"BreadcrumbList\",\"@id\":\"http:\/\/blog.glutenmenteschef.hu\/index.php\/2018\/02\/23\/almas-pite-2\/#breadcrumb\",\"itemListElement\":[{\"@type\":\"ListItem\",\"position\":1,\"name\":\"Home\",\"item\":\"https:\/\/blog.glutenmenteschef.hu\/\"},{\"@type\":\"ListItem\",\"position\":2,\"name\":\"ALM\u00c1S PITE 2\"}]},{\"@type\":\"WebSite\",\"@id\":\"https:\/\/blog.glutenmenteschef.hu\/#website\",\"url\":\"https:\/\/blog.glutenmenteschef.hu\/\",\"name\":\"Glut\u00e9nmentes Chef blog - \u00c1tol Tibor\",\"description\":\"Glut\u00e9nmentes \u00e9telek, glut\u00e9nmentes receptek, glut\u00e9nmentes vide\u00f3k\",\"publisher\":{\"@id\":\"https:\/\/blog.glutenmenteschef.hu\/#\/schema\/person\/c07613f0b6c0f12f90b8cb23cf32754a\"},\"potentialAction\":[{\"@type\":\"SearchAction\",\"target\":{\"@type\":\"EntryPoint\",\"urlTemplate\":\"https:\/\/blog.glutenmenteschef.hu\/?s={search_term_string}\"},\"query-input\":{\"@type\":\"PropertyValueSpecification\",\"valueRequired\":true,\"valueName\":\"search_term_string\"}}],\"inLanguage\":\"hu\"},{\"@type\":[\"Person\",\"Organization\"],\"@id\":\"https:\/\/blog.glutenmenteschef.hu\/#\/schema\/person\/c07613f0b6c0f12f90b8cb23cf32754a\",\"name\":\"gmchef\",\"image\":{\"@type\":\"ImageObject\",\"inLanguage\":\"hu\",\"@id\":\"https:\/\/blog.glutenmenteschef.hu\/#\/schema\/person\/image\/\",\"url\":\"https:\/\/secure.gravatar.com\/avatar\/363a4977321cb6fa3321b7ac93139b68e56af77880ae9fd5a3b2e7a8279f6d74?s=96&d=mm&r=g\",\"contentUrl\":\"https:\/\/secure.gravatar.com\/avatar\/363a4977321cb6fa3321b7ac93139b68e56af77880ae9fd5a3b2e7a8279f6d74?s=96&d=mm&r=g\",\"caption\":\"gmchef\"},\"logo\":{\"@id\":\"https:\/\/blog.glutenmenteschef.hu\/#\/schema\/person\/image\/\"},\"sameAs\":[\"https:\/\/www.facebook.com\/aglutenmentessef\"]}]}<\/script>\n<!-- \/ Yoast SEO plugin. -->","yoast_head_json":{"title":"ALM\u00c1S PITE 2 &#8211; Glut\u00e9nmentes Chef blog - \u00c1tol Tibor","robots":{"index":"index","follow":"follow","max-snippet":"max-snippet:-1","max-image-preview":"max-image-preview:large","max-video-preview":"max-video-preview:-1"},"canonical":"http:\/\/blog.glutenmenteschef.hu\/index.php\/2018\/02\/23\/almas-pite-2\/","og_locale":"hu_HU","og_type":"article","og_title":"ALM\u00c1S PITE 2 &#8211; Glut\u00e9nmentes Chef blog - \u00c1tol Tibor","og_description":"Alm\u00e1s pite 2 23 x 23 cm-es kapcsos tepsit haszn\u00e1ltam. A t\u00f6ltel\u00e9ket \u00e9n egy kicsit m\u00e1sk\u00e9pp k\u00e9sz\u00edtem, mert \u00edgy jobban ki\u00e9rz\u0151dik a pit\u00e9b\u0151l az alma savanyk\u00e1s \u00edze. Mivel nincs el\u0151tte megf\u0151zve, ez\u00e9rt nem is t\u00f6pped \u00f6ssze. \u00cdgy a s\u00fct\u00e9s sor\u00e1n is kevesebb levet ereszt, ez \u00e1ltal &#8222;l\u00e9k\u00f6t\u0151nek&#8221; is kevesebb pehely \/ morzsa sz\u00fcks\u00e9ges. 450 g Read more...","og_url":"http:\/\/blog.glutenmenteschef.hu\/index.php\/2018\/02\/23\/almas-pite-2\/","og_site_name":"Glut\u00e9nmentes Chef blog - \u00c1tol Tibor","article_publisher":"https:\/\/www.facebook.com\/aglutenmentessef","article_author":"https:\/\/www.facebook.com\/aglutenmentessef","article_published_time":"2018-02-23T21:21:55+00:00","article_modified_time":"2021-03-16T20:09:04+00:00","author":"gmchef","twitter_card":"summary_large_image","twitter_image":"http:\/\/blog.glutenmenteschef.hu\/wp-content\/uploads\/2018\/02\/almaspite6-e1519419283569.jpg","twitter_misc":{"Szerz\u0151:":"gmchef","Becs\u00fclt olvas\u00e1si id\u0151":"3 perc"},"schema":{"@context":"https:\/\/schema.org","@graph":[{"@type":"Article","@id":"http:\/\/blog.glutenmenteschef.hu\/index.php\/2018\/02\/23\/almas-pite-2\/#article","isPartOf":{"@id":"http:\/\/blog.glutenmenteschef.hu\/index.php\/2018\/02\/23\/almas-pite-2\/"},"author":{"name":"gmchef","@id":"https:\/\/blog.glutenmenteschef.hu\/#\/schema\/person\/c07613f0b6c0f12f90b8cb23cf32754a"},"headline":"ALM\u00c1S PITE 2","datePublished":"2018-02-23T21:21:55+00:00","dateModified":"2021-03-16T20:09:04+00:00","mainEntityOfPage":{"@id":"http:\/\/blog.glutenmenteschef.hu\/index.php\/2018\/02\/23\/almas-pite-2\/"},"wordCount":462,"commentCount":0,"publisher":{"@id":"https:\/\/blog.glutenmenteschef.hu\/#\/schema\/person\/c07613f0b6c0f12f90b8cb23cf32754a"},"image":{"@id":"http:\/\/blog.glutenmenteschef.hu\/index.php\/2018\/02\/23\/almas-pite-2\/#primaryimage"},"thumbnailUrl":"http:\/\/blog.glutenmenteschef.hu\/wp-content\/uploads\/2018\/02\/almaspite6-e1519419283569.jpg","keywords":["alm\u00e1s pite","glut\u00e9nmentes alm\u00e1s pite","rizsliszt"],"articleSection":["Desszert-S\u00fctem\u00e9ny","Rizslisztb\u0151l k\u00e9sz\u00edtettem"],"inLanguage":"hu","potentialAction":[{"@type":"CommentAction","name":"Comment","target":["http:\/\/blog.glutenmenteschef.hu\/index.php\/2018\/02\/23\/almas-pite-2\/#respond"]}]},{"@type":"WebPage","@id":"http:\/\/blog.glutenmenteschef.hu\/index.php\/2018\/02\/23\/almas-pite-2\/","url":"http:\/\/blog.glutenmenteschef.hu\/index.php\/2018\/02\/23\/almas-pite-2\/","name":"ALM\u00c1S PITE 2 &#8211; Glut\u00e9nmentes Chef blog - \u00c1tol Tibor","isPartOf":{"@id":"https:\/\/blog.glutenmenteschef.hu\/#website"},"primaryImageOfPage":{"@id":"http:\/\/blog.glutenmenteschef.hu\/index.php\/2018\/02\/23\/almas-pite-2\/#primaryimage"},"image":{"@id":"http:\/\/blog.glutenmenteschef.hu\/index.php\/2018\/02\/23\/almas-pite-2\/#primaryimage"},"thumbnailUrl":"http:\/\/blog.glutenmenteschef.hu\/wp-content\/uploads\/2018\/02\/almaspite6-e1519419283569.jpg","datePublished":"2018-02-23T21:21:55+00:00","dateModified":"2021-03-16T20:09:04+00:00","breadcrumb":{"@id":"http:\/\/blog.glutenmenteschef.hu\/index.php\/2018\/02\/23\/almas-pite-2\/#breadcrumb"},"inLanguage":"hu","potentialAction":[{"@type":"ReadAction","target":["http:\/\/blog.glutenmenteschef.hu\/index.php\/2018\/02\/23\/almas-pite-2\/"]}]},{"@type":"ImageObject","inLanguage":"hu","@id":"http:\/\/blog.glutenmenteschef.hu\/index.php\/2018\/02\/23\/almas-pite-2\/#primaryimage","url":"http:\/\/blog.glutenmenteschef.hu\/wp-content\/uploads\/2018\/02\/almaspite6-e1519419283569.jpg","contentUrl":"http:\/\/blog.glutenmenteschef.hu\/wp-content\/uploads\/2018\/02\/almaspite6-e1519419283569.jpg","width":1024,"height":768},{"@type":"BreadcrumbList","@id":"http:\/\/blog.glutenmenteschef.hu\/index.php\/2018\/02\/23\/almas-pite-2\/#breadcrumb","itemListElement":[{"@type":"ListItem","position":1,"name":"Home","item":"https:\/\/blog.glutenmenteschef.hu\/"},{"@type":"ListItem","position":2,"name":"ALM\u00c1S PITE 2"}]},{"@type":"WebSite","@id":"https:\/\/blog.glutenmenteschef.hu\/#website","url":"https:\/\/blog.glutenmenteschef.hu\/","name":"Glut\u00e9nmentes Chef blog - \u00c1tol Tibor","description":"Glut\u00e9nmentes \u00e9telek, glut\u00e9nmentes receptek, glut\u00e9nmentes vide\u00f3k","publisher":{"@id":"https:\/\/blog.glutenmenteschef.hu\/#\/schema\/person\/c07613f0b6c0f12f90b8cb23cf32754a"},"potentialAction":[{"@type":"SearchAction","target":{"@type":"EntryPoint","urlTemplate":"https:\/\/blog.glutenmenteschef.hu\/?s={search_term_string}"},"query-input":{"@type":"PropertyValueSpecification","valueRequired":true,"valueName":"search_term_string"}}],"inLanguage":"hu"},{"@type":["Person","Organization"],"@id":"https:\/\/blog.glutenmenteschef.hu\/#\/schema\/person\/c07613f0b6c0f12f90b8cb23cf32754a","name":"gmchef","image":{"@type":"ImageObject","inLanguage":"hu","@id":"https:\/\/blog.glutenmenteschef.hu\/#\/schema\/person\/image\/","url":"https:\/\/secure.gravatar.com\/avatar\/363a4977321cb6fa3321b7ac93139b68e56af77880ae9fd5a3b2e7a8279f6d74?s=96&d=mm&r=g","contentUrl":"https:\/\/secure.gravatar.com\/avatar\/363a4977321cb6fa3321b7ac93139b68e56af77880ae9fd5a3b2e7a8279f6d74?s=96&d=mm&r=g","caption":"gmchef"},"logo":{"@id":"https:\/\/blog.glutenmenteschef.hu\/#\/schema\/person\/image\/"},"sameAs":["https:\/\/www.facebook.com\/aglutenmentessef"]}]}},"_links":{"self":[{"href":"http:\/\/blog.glutenmenteschef.hu\/index.php\/wp-json\/wp\/v2\/posts\/12707","targetHints":{"allow":["GET"]}}],"collection":[{"href":"http:\/\/blog.glutenmenteschef.hu\/index.php\/wp-json\/wp\/v2\/posts"}],"about":[{"href":"http:\/\/blog.glutenmenteschef.hu\/index.php\/wp-json\/wp\/v2\/types\/post"}],"author":[{"embeddable":true,"href":"http:\/\/blog.glutenmenteschef.hu\/index.php\/wp-json\/wp\/v2\/users\/1"}],"replies":[{"embeddable":true,"href":"http:\/\/blog.glutenmenteschef.hu\/index.php\/wp-json\/wp\/v2\/comments?post=12707"}],"version-history":[{"count":0,"href":"http:\/\/blog.glutenmenteschef.hu\/index.php\/wp-json\/wp\/v2\/posts\/12707\/revisions"}],"wp:featuredmedia":[{"embeddable":true,"href":"http:\/\/blog.glutenmenteschef.hu\/index.php\/wp-json\/wp\/v2\/media\/12712"}],"wp:attachment":[{"href":"http:\/\/blog.glutenmenteschef.hu\/index.php\/wp-json\/wp\/v2\/media?parent=12707"}],"wp:term":[{"taxonomy":"category","embeddable":true,"href":"http:\/\/blog.glutenmenteschef.hu\/index.php\/wp-json\/wp\/v2\/categories?post=12707"},{"taxonomy":"post_tag","embeddable":true,"href":"http:\/\/blog.glutenmenteschef.hu\/index.php\/wp-json\/wp\/v2\/tags?post=12707"}],"curies":[{"name":"wp","href":"https:\/\/api.w.org\/{rel}","templated":true}]}}